{"id":168759,"date":"2025-09-06T10:42:52","date_gmt":"2025-09-06T13:42:52","guid":{"rendered":"https:\/\/noticiasmercedinas.com\/site\/?p=168759"},"modified":"2025-09-06T10:42:52","modified_gmt":"2025-09-06T13:42:52","slug":"un-viaje-en-el-tiempo-merceditas-1875-abre-sus-puertas-combinando-historia-arte-y-gastronomia","status":"publish","type":"post","link":"https:\/\/noticiasmercedinas.com\/site\/2025\/09\/06\/un-viaje-en-el-tiempo-merceditas-1875-abre-sus-puertas-combinando-historia-arte-y-gastronomia\/","title":{"rendered":"Un viaje en el tiempo: \u00abMerceditas 1875\u00bb abre sus puertas combinando historia, arte y gastronom\u00eda"},"content":{"rendered":"<p><img loading=\"lazy\" decoding=\"async\" class=\"alignnone size-full wp-image-168761\" src=\"https:\/\/noticiasmercedinas.com\/site\/wp-content\/uploads\/2025\/09\/04dda6c6-7b7d-4b3c-b534-17f131786446-e1757165903865.jpg\" alt=\"\" width=\"1200\" height=\"926\" srcset=\"https:\/\/noticiasmercedinas.com\/site\/wp-content\/uploads\/2025\/09\/04dda6c6-7b7d-4b3c-b534-17f131786446-e1757165903865.jpg 1200w, https:\/\/noticiasmercedinas.com\/site\/wp-content\/uploads\/2025\/09\/04dda6c6-7b7d-4b3c-b534-17f131786446-e1757165903865-300x232.jpg 300w, https:\/\/noticiasmercedinas.com\/site\/wp-content\/uploads\/2025\/09\/04dda6c6-7b7d-4b3c-b534-17f131786446-e1757165903865-1024x790.jpg 1024w, https:\/\/noticiasmercedinas.com\/site\/wp-content\/uploads\/2025\/09\/04dda6c6-7b7d-4b3c-b534-17f131786446-e1757165903865-768x593.jpg 768w, https:\/\/noticiasmercedinas.com\/site\/wp-content\/uploads\/2025\/09\/04dda6c6-7b7d-4b3c-b534-17f131786446-e1757165903865-640x494.jpg 640w, https:\/\/noticiasmercedinas.com\/site\/wp-content\/uploads\/2025\/09\/04dda6c6-7b7d-4b3c-b534-17f131786446-e1757165903865-681x526.jpg 681w\" sizes=\"auto, (max-width: 1200px) 100vw, 1200px\" \/><\/p>\n<p><span class=\"citation-175\">Con una propuesta que invita a sumergirse en la historia y la tradici\u00f3n, la casa de t\u00e9 <\/span><b><span class=\"citation-175\">\u00abMerceditas 1875\u00bb<\/span><\/b><span class=\"citation-175 citation-end-175\"> inaugur\u00f3 el pasado viernes en la calle 35 N\u00ba 681<\/span>.<\/p>\n<p><span class=\"citation-174\">El proyecto, liderado por <\/span><b><span class=\"citation-174\">Ra\u00fal Caratini<\/span><\/b><span class=\"citation-174\"> y <\/span><b><span class=\"citation-174\">Daniela L\u00f3pez Van Hemelrijck<\/span><\/b><span class=\"citation-174\">, con la chef pastelera <\/span><b><span class=\"citation-174\">Ximena L\u00f3pez Van Hemelrijck<\/span><\/b><span class=\"citation-174 citation-end-174\"> a cargo de las delicias<\/span>, busca ofrecer un espacio donde la historia, el arte y la buena comida se encuentren.<\/p>\n<p><img loading=\"lazy\" decoding=\"async\" class=\"wp-image-168763 alignright\" src=\"https:\/\/noticiasmercedinas.com\/site\/wp-content\/uploads\/2025\/09\/TELEFONO-e1757165947934.jpg\" alt=\"\" width=\"264\" height=\"419\" \/><\/p>\n<p>El emprendedor, Ra\u00fal Caratini, explic\u00f3 que la idea es que la gente se sienta identificada con una casa tradicional de Mercedes. <span class=\"citation-173 citation-end-173\">Para ello, valoraron la estructura original de la casona, que data del a\u00f1o 1875 <\/span><span class=\"citation-172 citation-end-172\">, y la restauraron con algunos toques modernos y objetos de \u00e9poca, como un tel\u00e9fono antiguo o m\u00e1quinas de coser<\/span>. <span class=\"citation-171 citation-end-171\">El nombre, \u00abMerceditas 1875\u00bb, es un homenaje a Mercedes Tomasa de San Mart\u00edn y Escalada, hija del pr\u00f3cer Jos\u00e9 de San Mart\u00edn<\/span>.<\/p>\n<p><span class=\"citation-170 citation-end-170\">\u00abEs un lugar que da para mucho\u00bb, afirm\u00f3 Caratini, destacando que el servicio ofrece exquisitas tortas y reposter\u00eda casera, con la posibilidad de ir cambiando el men\u00fa con las estaciones<\/span>. <span class=\"citation-169 citation-end-169\">En esta etapa inicial, la casa de t\u00e9 abrir\u00e1 sus puertas los viernes, s\u00e1bados y domingos<\/span>.<\/p>\n<div class=\"source-inline-chip-container ng-star-inserted\">\n<blockquote><p>La nueva casa de t\u00e9, ubicada en una casona hist\u00f3rica, es el proyecto de una pareja de emprendedores que eligi\u00f3 Mercedes por su tranquilidad y cercan\u00eda a la Capital Federal.<\/p><\/blockquote>\n<p><img loading=\"lazy\" decoding=\"async\" class=\"alignnone size-full wp-image-168762\" src=\"https:\/\/noticiasmercedinas.com\/site\/wp-content\/uploads\/2025\/09\/1ac5d66a-5850-487b-8927-603ba4859c3d-e1757165991603.jpg\" alt=\"\" width=\"1485\" height=\"1067\" srcset=\"https:\/\/noticiasmercedinas.com\/site\/wp-content\/uploads\/2025\/09\/1ac5d66a-5850-487b-8927-603ba4859c3d-e1757165991603.jpg 1485w, https:\/\/noticiasmercedinas.com\/site\/wp-content\/uploads\/2025\/09\/1ac5d66a-5850-487b-8927-603ba4859c3d-e1757165991603-300x216.jpg 300w, https:\/\/noticiasmercedinas.com\/site\/wp-content\/uploads\/2025\/09\/1ac5d66a-5850-487b-8927-603ba4859c3d-e1757165991603-1024x736.jpg 1024w, https:\/\/noticiasmercedinas.com\/site\/wp-content\/uploads\/2025\/09\/1ac5d66a-5850-487b-8927-603ba4859c3d-e1757165991603-768x552.jpg 768w, https:\/\/noticiasmercedinas.com\/site\/wp-content\/uploads\/2025\/09\/1ac5d66a-5850-487b-8927-603ba4859c3d-e1757165991603-640x460.jpg 640w, https:\/\/noticiasmercedinas.com\/site\/wp-content\/uploads\/2025\/09\/1ac5d66a-5850-487b-8927-603ba4859c3d-e1757165991603-1280x920.jpg 1280w, https:\/\/noticiasmercedinas.com\/site\/wp-content\/uploads\/2025\/09\/1ac5d66a-5850-487b-8927-603ba4859c3d-e1757165991603-681x489.jpg 681w, https:\/\/noticiasmercedinas.com\/site\/wp-content\/uploads\/2025\/09\/1ac5d66a-5850-487b-8927-603ba4859c3d-e1757165991603-1362x979.jpg 1362w\" sizes=\"auto, (max-width: 1485px) 100vw, 1485px\" \/><\/p>\n<\/div>\n<h3>Un refugio cerca del conurbano<\/h3>\n<p>Los emprendedores eligieron Mercedes para su proyecto y para vivir, atra\u00eddos por sus caracter\u00edsticas. <span class=\"citation-168 citation-end-168\">Caratini la describe como una \u00abciudad muy segura\u00bb y \u00abbien diagramada\u00bb, a solo 100 kil\u00f3metros de Buenos Aires<\/span>.<\/p>\n<p><span class=\"citation-167 citation-end-167\">A su vez, valora que conserve la tradici\u00f3n de la siesta y que combine un esp\u00edritu de pueblo con toques modernos<\/span>.<\/p>\n<p><img loading=\"lazy\" decoding=\"async\" class=\"alignnone size-full wp-image-168760\" src=\"https:\/\/noticiasmercedinas.com\/site\/wp-content\/uploads\/2025\/09\/4293d2b7-a82e-4f20-83ae-4c40a4d1ae3c.jpg\" alt=\"\" width=\"1600\" height=\"1200\" srcset=\"https:\/\/noticiasmercedinas.com\/site\/wp-content\/uploads\/2025\/09\/4293d2b7-a82e-4f20-83ae-4c40a4d1ae3c.jpg 1600w, https:\/\/noticiasmercedinas.com\/site\/wp-content\/uploads\/2025\/09\/4293d2b7-a82e-4f20-83ae-4c40a4d1ae3c-300x225.jpg 300w, https:\/\/noticiasmercedinas.com\/site\/wp-content\/uploads\/2025\/09\/4293d2b7-a82e-4f20-83ae-4c40a4d1ae3c-1024x768.jpg 1024w, https:\/\/noticiasmercedinas.com\/site\/wp-content\/uploads\/2025\/09\/4293d2b7-a82e-4f20-83ae-4c40a4d1ae3c-768x576.jpg 768w, https:\/\/noticiasmercedinas.com\/site\/wp-content\/uploads\/2025\/09\/4293d2b7-a82e-4f20-83ae-4c40a4d1ae3c-1536x1152.jpg 1536w, https:\/\/noticiasmercedinas.com\/site\/wp-content\/uploads\/2025\/09\/4293d2b7-a82e-4f20-83ae-4c40a4d1ae3c-80x60.jpg 80w, https:\/\/noticiasmercedinas.com\/site\/wp-content\/uploads\/2025\/09\/4293d2b7-a82e-4f20-83ae-4c40a4d1ae3c-160x120.jpg 160w, https:\/\/noticiasmercedinas.com\/site\/wp-content\/uploads\/2025\/09\/4293d2b7-a82e-4f20-83ae-4c40a4d1ae3c-100x75.jpg 100w, https:\/\/noticiasmercedinas.com\/site\/wp-content\/uploads\/2025\/09\/4293d2b7-a82e-4f20-83ae-4c40a4d1ae3c-200x150.jpg 200w, https:\/\/noticiasmercedinas.com\/site\/wp-content\/uploads\/2025\/09\/4293d2b7-a82e-4f20-83ae-4c40a4d1ae3c-180x135.jpg 180w, https:\/\/noticiasmercedinas.com\/site\/wp-content\/uploads\/2025\/09\/4293d2b7-a82e-4f20-83ae-4c40a4d1ae3c-360x270.jpg 360w, https:\/\/noticiasmercedinas.com\/site\/wp-content\/uploads\/2025\/09\/4293d2b7-a82e-4f20-83ae-4c40a4d1ae3c-238x178.jpg 238w, https:\/\/noticiasmercedinas.com\/site\/wp-content\/uploads\/2025\/09\/4293d2b7-a82e-4f20-83ae-4c40a4d1ae3c-476x356.jpg 476w, https:\/\/noticiasmercedinas.com\/site\/wp-content\/uploads\/2025\/09\/4293d2b7-a82e-4f20-83ae-4c40a4d1ae3c-640x480.jpg 640w, https:\/\/noticiasmercedinas.com\/site\/wp-content\/uploads\/2025\/09\/4293d2b7-a82e-4f20-83ae-4c40a4d1ae3c-1280x960.jpg 1280w, https:\/\/noticiasmercedinas.com\/site\/wp-content\/uploads\/2025\/09\/4293d2b7-a82e-4f20-83ae-4c40a4d1ae3c-681x511.jpg 681w, https:\/\/noticiasmercedinas.com\/site\/wp-content\/uploads\/2025\/09\/4293d2b7-a82e-4f20-83ae-4c40a4d1ae3c-1362x1022.jpg 1362w\" sizes=\"auto, (max-width: 1600px) 100vw, 1600px\" \/><\/p>\n<p>El lanzamiento de \u00abMerceditas 1875\u00bb se da en un contexto de crecimiento de la oferta gastron\u00f3mica y tur\u00edstica de la ciudad. <span class=\"citation-166 citation-end-166\">Aunque el proyecto naci\u00f3 de una b\u00fasqueda personal de un lugar pintoresco para vivir<\/span>, sus due\u00f1os reconocen que se integran a este fen\u00f3meno de expansi\u00f3n de servicios.<\/p>\n<p><span class=\"citation-165 citation-end-165\">A futuro, Caratini anticip\u00f3 que el lugar tambi\u00e9n se ofrecer\u00e1 para eventos entre semana y que planean habilitar la terraza, con la idea de tener una parrilla al aire libre en la pr\u00f3xima temporada de primavera y verano<\/span>.<\/p>\n<p><strong>MERCEDITAS 1875<\/strong><br \/>\n<strong>Calle 35 N\u00ba 681. Mercedes.<\/strong><br \/>\n<strong>Instagram:\u00a0<\/strong><strong><a href=\"https:\/\/www.instagram.com\/merceditas1875\">@merceditas1875<\/a><\/strong><br \/>\n<strong>Tel\u00e9fonos \/ WhatsApp:\u00a0<\/strong><strong>1160114573 \u2013\u00a0<\/strong><strong>1133636731<br \/>\n<\/strong><br \/>\n<strong>Atelier de Az\u00facar (pasteler\u00eda de la chef Ximena):<\/strong><br \/>\n<strong><a href=\"https:\/\/www.instagram.com\/atelier_de_azucar\">https:\/\/www.instagram.com\/atelier_de_azucar<\/a><\/strong><\/p>\n<p><img loading=\"lazy\" decoding=\"async\" class=\"alignnone size-full wp-image-168764\" src=\"https:\/\/noticiasmercedinas.com\/site\/wp-content\/uploads\/2025\/09\/TORTA.jpg\" alt=\"\" width=\"751\" height=\"699\" srcset=\"https:\/\/noticiasmercedinas.com\/site\/wp-content\/uploads\/2025\/09\/TORTA.jpg 751w, https:\/\/noticiasmercedinas.com\/site\/wp-content\/uploads\/2025\/09\/TORTA-300x279.jpg 300w, https:\/\/noticiasmercedinas.com\/site\/wp-content\/uploads\/2025\/09\/TORTA-640x596.jpg 640w, https:\/\/noticiasmercedinas.com\/site\/wp-content\/uploads\/2025\/09\/TORTA-681x634.jpg 681w\" sizes=\"auto, (max-width: 751px) 100vw, 751px\" \/><\/p>\n","protected":false},"excerpt":{"rendered":"<p>Con una propuesta que invita a sumergirse en la historia y la tradici\u00f3n, la casa de t\u00e9 \u00abMerceditas 1875\u00bb inaugur\u00f3 el pasado viernes en la calle 35 N\u00ba 681. El proyecto, liderado por Ra\u00fal Caratini y Daniela L\u00f3pez Van Hemelrijck, con la chef pastelera Ximena L\u00f3pez Van Hemelrijck a cargo de las delicias, busca ofrecer [&hellip;]<\/p>\n","protected":false},"author":16,"featured_media":168761,"comment_status":"closed","ping_status":"closed","sticky":false,"template":"","format":"standard","meta":{"footnotes":""},"categories":[74],"tags":[20812,20844,20814,3216],"class_list":["post-168759","post","type-post","status-publish","format-standard","has-post-thumbnail","hentry","category-emprendimientos","tag-casa-de-te","tag-casona","tag-raul-caratini","tag-tortas"],"yoast_head":"<!-- This site is optimized with the Yoast SEO plugin v27.5 - https:\/\/yoast.com\/product\/yoast-seo-wordpress\/ -->\n<title>Un viaje en el tiempo: &quot;Merceditas 1875&quot; abre sus puertas combinando historia, arte y gastronom\u00eda<\/title>\n<meta name=\"robots\" content=\"index, follow, max-snippet:-1, max-image-preview:large, max-video-preview:-1\" \/>\n<link rel=\"canonical\" href=\"https:\/\/noticiasmercedinas.com\/site\/2025\/09\/06\/un-viaje-en-el-tiempo-merceditas-1875-abre-sus-puertas-combinando-historia-arte-y-gastronomia\/\" \/>\n<meta property=\"og:locale\" content=\"es_ES\" \/>\n<meta property=\"og:type\" content=\"article\" \/>\n<meta property=\"og:title\" content=\"Un viaje en el tiempo: &quot;Merceditas 1875&quot; abre sus puertas combinando historia, arte y gastronom\u00eda\" \/>\n<meta property=\"og:description\" content=\"Con una propuesta que invita a sumergirse en la historia y la tradici\u00f3n, la casa de t\u00e9 \u00abMerceditas 1875\u00bb inaugur\u00f3 el pasado viernes en la calle 35 N\u00ba 681. El proyecto, liderado por Ra\u00fal Caratini y Daniela L\u00f3pez Van Hemelrijck, con la chef pastelera Ximena L\u00f3pez Van Hemelrijck a cargo de las delicias, busca ofrecer [&hellip;]\" \/>\n<meta property=\"og:url\" content=\"https:\/\/noticiasmercedinas.com\/site\/2025\/09\/06\/un-viaje-en-el-tiempo-merceditas-1875-abre-sus-puertas-combinando-historia-arte-y-gastronomia\/\" \/>\n<meta property=\"og:site_name\" content=\"NOTICIASMERCEDINAS.COM\" \/>\n<meta property=\"article:publisher\" content=\"https:\/\/www.facebook.com\/noticiasmercedinas\/\" \/>\n<meta property=\"article:published_time\" content=\"2025-09-06T13:42:52+00:00\" \/>\n<meta property=\"og:image\" content=\"https:\/\/noticiasmercedinas.com\/site\/wp-content\/uploads\/2025\/09\/04dda6c6-7b7d-4b3c-b534-17f131786446-e1757165903865.jpg\" \/>\n\t<meta property=\"og:image:width\" content=\"1200\" \/>\n\t<meta property=\"og:image:height\" content=\"926\" \/>\n\t<meta property=\"og:image:type\" content=\"image\/jpeg\" \/>\n<meta name=\"author\" content=\"NOTICIASMERCEDINAS.COM\" \/>\n<meta name=\"twitter:card\" content=\"summary_large_image\" \/>\n<meta name=\"twitter:creator\" content=\"@notmercedinas\" \/>\n<meta name=\"twitter:site\" content=\"@notmercedinas\" \/>\n<meta name=\"twitter:label1\" content=\"Escrito por\" \/>\n\t<meta name=\"twitter:data1\" content=\"NOTICIASMERCEDINAS.COM\" \/>\n\t<meta name=\"twitter:label2\" content=\"Tiempo de lectura\" \/>\n\t<meta name=\"twitter:data2\" content=\"3 minutos\" \/>\n<script type=\"application\/ld+json\" class=\"yoast-schema-graph\">{\"@context\":\"https:\\\/\\\/schema.org\",\"@graph\":[{\"@type\":\"Article\",\"@id\":\"https:\\\/\\\/noticiasmercedinas.com\\\/site\\\/2025\\\/09\\\/06\\\/un-viaje-en-el-tiempo-merceditas-1875-abre-sus-puertas-combinando-historia-arte-y-gastronomia\\\/#article\",\"isPartOf\":{\"@id\":\"https:\\\/\\\/noticiasmercedinas.com\\\/site\\\/2025\\\/09\\\/06\\\/un-viaje-en-el-tiempo-merceditas-1875-abre-sus-puertas-combinando-historia-arte-y-gastronomia\\\/\"},\"author\":{\"name\":\"NOTICIASMERCEDINAS.COM\",\"@id\":\"https:\\\/\\\/noticiasmercedinas.com\\\/site\\\/#\\\/schema\\\/person\\\/84b59c099c28ff2e8b77d4ceec5d8063\"},\"headline\":\"Un viaje en el tiempo: \u00abMerceditas 1875\u00bb abre sus puertas combinando historia, arte y gastronom\u00eda\",\"datePublished\":\"2025-09-06T13:42:52+00:00\",\"mainEntityOfPage\":{\"@id\":\"https:\\\/\\\/noticiasmercedinas.com\\\/site\\\/2025\\\/09\\\/06\\\/un-viaje-en-el-tiempo-merceditas-1875-abre-sus-puertas-combinando-historia-arte-y-gastronomia\\\/\"},\"wordCount\":426,\"publisher\":{\"@id\":\"https:\\\/\\\/noticiasmercedinas.com\\\/site\\\/#organization\"},\"image\":{\"@id\":\"https:\\\/\\\/noticiasmercedinas.com\\\/site\\\/2025\\\/09\\\/06\\\/un-viaje-en-el-tiempo-merceditas-1875-abre-sus-puertas-combinando-historia-arte-y-gastronomia\\\/#primaryimage\"},\"thumbnailUrl\":\"https:\\\/\\\/noticiasmercedinas.com\\\/site\\\/wp-content\\\/uploads\\\/2025\\\/09\\\/04dda6c6-7b7d-4b3c-b534-17f131786446-e1757165903865.jpg\",\"keywords\":[\"casa de te\",\"casona\",\"Ra\u00fal Caratini\",\"tortas\"],\"articleSection\":[\"Emprendimientos\"],\"inLanguage\":\"es\"},{\"@type\":\"WebPage\",\"@id\":\"https:\\\/\\\/noticiasmercedinas.com\\\/site\\\/2025\\\/09\\\/06\\\/un-viaje-en-el-tiempo-merceditas-1875-abre-sus-puertas-combinando-historia-arte-y-gastronomia\\\/\",\"url\":\"https:\\\/\\\/noticiasmercedinas.com\\\/site\\\/2025\\\/09\\\/06\\\/un-viaje-en-el-tiempo-merceditas-1875-abre-sus-puertas-combinando-historia-arte-y-gastronomia\\\/\",\"name\":\"Un viaje en el tiempo: \\\"Merceditas 1875\\\" abre sus puertas combinando historia, arte y gastronom\u00eda\",\"isPartOf\":{\"@id\":\"https:\\\/\\\/noticiasmercedinas.com\\\/site\\\/#website\"},\"primaryImageOfPage\":{\"@id\":\"https:\\\/\\\/noticiasmercedinas.com\\\/site\\\/2025\\\/09\\\/06\\\/un-viaje-en-el-tiempo-merceditas-1875-abre-sus-puertas-combinando-historia-arte-y-gastronomia\\\/#primaryimage\"},\"image\":{\"@id\":\"https:\\\/\\\/noticiasmercedinas.com\\\/site\\\/2025\\\/09\\\/06\\\/un-viaje-en-el-tiempo-merceditas-1875-abre-sus-puertas-combinando-historia-arte-y-gastronomia\\\/#primaryimage\"},\"thumbnailUrl\":\"https:\\\/\\\/noticiasmercedinas.com\\\/site\\\/wp-content\\\/uploads\\\/2025\\\/09\\\/04dda6c6-7b7d-4b3c-b534-17f131786446-e1757165903865.jpg\",\"datePublished\":\"2025-09-06T13:42:52+00:00\",\"breadcrumb\":{\"@id\":\"https:\\\/\\\/noticiasmercedinas.com\\\/site\\\/2025\\\/09\\\/06\\\/un-viaje-en-el-tiempo-merceditas-1875-abre-sus-puertas-combinando-historia-arte-y-gastronomia\\\/#breadcrumb\"},\"inLanguage\":\"es\",\"potentialAction\":[{\"@type\":\"ReadAction\",\"target\":[\"https:\\\/\\\/noticiasmercedinas.com\\\/site\\\/2025\\\/09\\\/06\\\/un-viaje-en-el-tiempo-merceditas-1875-abre-sus-puertas-combinando-historia-arte-y-gastronomia\\\/\"]}]},{\"@type\":\"ImageObject\",\"inLanguage\":\"es\",\"@id\":\"https:\\\/\\\/noticiasmercedinas.com\\\/site\\\/2025\\\/09\\\/06\\\/un-viaje-en-el-tiempo-merceditas-1875-abre-sus-puertas-combinando-historia-arte-y-gastronomia\\\/#primaryimage\",\"url\":\"https:\\\/\\\/noticiasmercedinas.com\\\/site\\\/wp-content\\\/uploads\\\/2025\\\/09\\\/04dda6c6-7b7d-4b3c-b534-17f131786446-e1757165903865.jpg\",\"contentUrl\":\"https:\\\/\\\/noticiasmercedinas.com\\\/site\\\/wp-content\\\/uploads\\\/2025\\\/09\\\/04dda6c6-7b7d-4b3c-b534-17f131786446-e1757165903865.jpg\",\"width\":1200,\"height\":926},{\"@type\":\"BreadcrumbList\",\"@id\":\"https:\\\/\\\/noticiasmercedinas.com\\\/site\\\/2025\\\/09\\\/06\\\/un-viaje-en-el-tiempo-merceditas-1875-abre-sus-puertas-combinando-historia-arte-y-gastronomia\\\/#breadcrumb\",\"itemListElement\":[{\"@type\":\"ListItem\",\"position\":1,\"name\":\"Portada\",\"item\":\"https:\\\/\\\/noticiasmercedinas.com\\\/site\\\/\"},{\"@type\":\"ListItem\",\"position\":2,\"name\":\"Un viaje en el tiempo: \u00abMerceditas 1875\u00bb abre sus puertas combinando historia, arte y gastronom\u00eda\"}]},{\"@type\":\"WebSite\",\"@id\":\"https:\\\/\\\/noticiasmercedinas.com\\\/site\\\/#website\",\"url\":\"https:\\\/\\\/noticiasmercedinas.com\\\/site\\\/\",\"name\":\"NOTICIASMERCEDINAS.COM\",\"description\":\"Mercedes, Buenos Aires, Argentina\",\"publisher\":{\"@id\":\"https:\\\/\\\/noticiasmercedinas.com\\\/site\\\/#organization\"},\"potentialAction\":[{\"@type\":\"SearchAction\",\"target\":{\"@type\":\"EntryPoint\",\"urlTemplate\":\"https:\\\/\\\/noticiasmercedinas.com\\\/site\\\/?s={search_term_string}\"},\"query-input\":{\"@type\":\"PropertyValueSpecification\",\"valueRequired\":true,\"valueName\":\"search_term_string\"}}],\"inLanguage\":\"es\"},{\"@type\":\"Organization\",\"@id\":\"https:\\\/\\\/noticiasmercedinas.com\\\/site\\\/#organization\",\"name\":\"NOTICIASMERCEDINAS.COM\",\"url\":\"https:\\\/\\\/noticiasmercedinas.com\\\/site\\\/\",\"logo\":{\"@type\":\"ImageObject\",\"inLanguage\":\"es\",\"@id\":\"https:\\\/\\\/noticiasmercedinas.com\\\/site\\\/#\\\/schema\\\/logo\\\/image\\\/\",\"url\":\"https:\\\/\\\/noticiasmercedinas.com\\\/site\\\/wp-content\\\/uploads\\\/2020\\\/06\\\/LOGO-512.jpg\",\"contentUrl\":\"https:\\\/\\\/noticiasmercedinas.com\\\/site\\\/wp-content\\\/uploads\\\/2020\\\/06\\\/LOGO-512.jpg\",\"width\":512,\"height\":512,\"caption\":\"NOTICIASMERCEDINAS.COM\"},\"image\":{\"@id\":\"https:\\\/\\\/noticiasmercedinas.com\\\/site\\\/#\\\/schema\\\/logo\\\/image\\\/\"},\"sameAs\":[\"https:\\\/\\\/www.facebook.com\\\/noticiasmercedinas\\\/\",\"https:\\\/\\\/x.com\\\/notmercedinas\",\"https:\\\/\\\/www.instagram.com\\\/noticiasmercedinas\\\/\"]},{\"@type\":\"Person\",\"@id\":\"https:\\\/\\\/noticiasmercedinas.com\\\/site\\\/#\\\/schema\\\/person\\\/84b59c099c28ff2e8b77d4ceec5d8063\",\"name\":\"NOTICIASMERCEDINAS.COM\",\"image\":{\"@type\":\"ImageObject\",\"inLanguage\":\"es\",\"@id\":\"https:\\\/\\\/secure.gravatar.com\\\/avatar\\\/4dfbf16b4d17945bfb6341b2d19043457132fcf478a5ee04f42e959fd8f5df0a?s=96&d=mm&r=g\",\"url\":\"https:\\\/\\\/secure.gravatar.com\\\/avatar\\\/4dfbf16b4d17945bfb6341b2d19043457132fcf478a5ee04f42e959fd8f5df0a?s=96&d=mm&r=g\",\"contentUrl\":\"https:\\\/\\\/secure.gravatar.com\\\/avatar\\\/4dfbf16b4d17945bfb6341b2d19043457132fcf478a5ee04f42e959fd8f5df0a?s=96&d=mm&r=g\",\"caption\":\"NOTICIASMERCEDINAS.COM\"},\"url\":\"https:\\\/\\\/noticiasmercedinas.com\\\/site\\\/author\\\/anonimo\\\/\"}]}<\/script>\n<!-- \/ Yoast SEO plugin. -->","yoast_head_json":{"title":"Un viaje en el tiempo: \"Merceditas 1875\" abre sus puertas combinando historia, arte y gastronom\u00eda","robots":{"index":"index","follow":"follow","max-snippet":"max-snippet:-1","max-image-preview":"max-image-preview:large","max-video-preview":"max-video-preview:-1"},"canonical":"https:\/\/noticiasmercedinas.com\/site\/2025\/09\/06\/un-viaje-en-el-tiempo-merceditas-1875-abre-sus-puertas-combinando-historia-arte-y-gastronomia\/","og_locale":"es_ES","og_type":"article","og_title":"Un viaje en el tiempo: \"Merceditas 1875\" abre sus puertas combinando historia, arte y gastronom\u00eda","og_description":"Con una propuesta que invita a sumergirse en la historia y la tradici\u00f3n, la casa de t\u00e9 \u00abMerceditas 1875\u00bb inaugur\u00f3 el pasado viernes en la calle 35 N\u00ba 681. El proyecto, liderado por Ra\u00fal Caratini y Daniela L\u00f3pez Van Hemelrijck, con la chef pastelera Ximena L\u00f3pez Van Hemelrijck a cargo de las delicias, busca ofrecer [&hellip;]","og_url":"https:\/\/noticiasmercedinas.com\/site\/2025\/09\/06\/un-viaje-en-el-tiempo-merceditas-1875-abre-sus-puertas-combinando-historia-arte-y-gastronomia\/","og_site_name":"NOTICIASMERCEDINAS.COM","article_publisher":"https:\/\/www.facebook.com\/noticiasmercedinas\/","article_published_time":"2025-09-06T13:42:52+00:00","og_image":[{"width":1200,"height":926,"url":"https:\/\/noticiasmercedinas.com\/site\/wp-content\/uploads\/2025\/09\/04dda6c6-7b7d-4b3c-b534-17f131786446-e1757165903865.jpg","type":"image\/jpeg"}],"author":"NOTICIASMERCEDINAS.COM","twitter_card":"summary_large_image","twitter_creator":"@notmercedinas","twitter_site":"@notmercedinas","twitter_misc":{"Escrito por":"NOTICIASMERCEDINAS.COM","Tiempo de lectura":"3 minutos"},"schema":{"@context":"https:\/\/schema.org","@graph":[{"@type":"Article","@id":"https:\/\/noticiasmercedinas.com\/site\/2025\/09\/06\/un-viaje-en-el-tiempo-merceditas-1875-abre-sus-puertas-combinando-historia-arte-y-gastronomia\/#article","isPartOf":{"@id":"https:\/\/noticiasmercedinas.com\/site\/2025\/09\/06\/un-viaje-en-el-tiempo-merceditas-1875-abre-sus-puertas-combinando-historia-arte-y-gastronomia\/"},"author":{"name":"NOTICIASMERCEDINAS.COM","@id":"https:\/\/noticiasmercedinas.com\/site\/#\/schema\/person\/84b59c099c28ff2e8b77d4ceec5d8063"},"headline":"Un viaje en el tiempo: \u00abMerceditas 1875\u00bb abre sus puertas combinando historia, arte y gastronom\u00eda","datePublished":"2025-09-06T13:42:52+00:00","mainEntityOfPage":{"@id":"https:\/\/noticiasmercedinas.com\/site\/2025\/09\/06\/un-viaje-en-el-tiempo-merceditas-1875-abre-sus-puertas-combinando-historia-arte-y-gastronomia\/"},"wordCount":426,"publisher":{"@id":"https:\/\/noticiasmercedinas.com\/site\/#organization"},"image":{"@id":"https:\/\/noticiasmercedinas.com\/site\/2025\/09\/06\/un-viaje-en-el-tiempo-merceditas-1875-abre-sus-puertas-combinando-historia-arte-y-gastronomia\/#primaryimage"},"thumbnailUrl":"https:\/\/noticiasmercedinas.com\/site\/wp-content\/uploads\/2025\/09\/04dda6c6-7b7d-4b3c-b534-17f131786446-e1757165903865.jpg","keywords":["casa de te","casona","Ra\u00fal Caratini","tortas"],"articleSection":["Emprendimientos"],"inLanguage":"es"},{"@type":"WebPage","@id":"https:\/\/noticiasmercedinas.com\/site\/2025\/09\/06\/un-viaje-en-el-tiempo-merceditas-1875-abre-sus-puertas-combinando-historia-arte-y-gastronomia\/","url":"https:\/\/noticiasmercedinas.com\/site\/2025\/09\/06\/un-viaje-en-el-tiempo-merceditas-1875-abre-sus-puertas-combinando-historia-arte-y-gastronomia\/","name":"Un viaje en el tiempo: \"Merceditas 1875\" abre sus puertas combinando historia, arte y gastronom\u00eda","isPartOf":{"@id":"https:\/\/noticiasmercedinas.com\/site\/#website"},"primaryImageOfPage":{"@id":"https:\/\/noticiasmercedinas.com\/site\/2025\/09\/06\/un-viaje-en-el-tiempo-merceditas-1875-abre-sus-puertas-combinando-historia-arte-y-gastronomia\/#primaryimage"},"image":{"@id":"https:\/\/noticiasmercedinas.com\/site\/2025\/09\/06\/un-viaje-en-el-tiempo-merceditas-1875-abre-sus-puertas-combinando-historia-arte-y-gastronomia\/#primaryimage"},"thumbnailUrl":"https:\/\/noticiasmercedinas.com\/site\/wp-content\/uploads\/2025\/09\/04dda6c6-7b7d-4b3c-b534-17f131786446-e1757165903865.jpg","datePublished":"2025-09-06T13:42:52+00:00","breadcrumb":{"@id":"https:\/\/noticiasmercedinas.com\/site\/2025\/09\/06\/un-viaje-en-el-tiempo-merceditas-1875-abre-sus-puertas-combinando-historia-arte-y-gastronomia\/#breadcrumb"},"inLanguage":"es","potentialAction":[{"@type":"ReadAction","target":["https:\/\/noticiasmercedinas.com\/site\/2025\/09\/06\/un-viaje-en-el-tiempo-merceditas-1875-abre-sus-puertas-combinando-historia-arte-y-gastronomia\/"]}]},{"@type":"ImageObject","inLanguage":"es","@id":"https:\/\/noticiasmercedinas.com\/site\/2025\/09\/06\/un-viaje-en-el-tiempo-merceditas-1875-abre-sus-puertas-combinando-historia-arte-y-gastronomia\/#primaryimage","url":"https:\/\/noticiasmercedinas.com\/site\/wp-content\/uploads\/2025\/09\/04dda6c6-7b7d-4b3c-b534-17f131786446-e1757165903865.jpg","contentUrl":"https:\/\/noticiasmercedinas.com\/site\/wp-content\/uploads\/2025\/09\/04dda6c6-7b7d-4b3c-b534-17f131786446-e1757165903865.jpg","width":1200,"height":926},{"@type":"BreadcrumbList","@id":"https:\/\/noticiasmercedinas.com\/site\/2025\/09\/06\/un-viaje-en-el-tiempo-merceditas-1875-abre-sus-puertas-combinando-historia-arte-y-gastronomia\/#breadcrumb","itemListElement":[{"@type":"ListItem","position":1,"name":"Portada","item":"https:\/\/noticiasmercedinas.com\/site\/"},{"@type":"ListItem","position":2,"name":"Un viaje en el tiempo: \u00abMerceditas 1875\u00bb abre sus puertas combinando historia, arte y gastronom\u00eda"}]},{"@type":"WebSite","@id":"https:\/\/noticiasmercedinas.com\/site\/#website","url":"https:\/\/noticiasmercedinas.com\/site\/","name":"NOTICIASMERCEDINAS.COM","description":"Mercedes, Buenos Aires, Argentina","publisher":{"@id":"https:\/\/noticiasmercedinas.com\/site\/#organization"},"potentialAction":[{"@type":"SearchAction","target":{"@type":"EntryPoint","urlTemplate":"https:\/\/noticiasmercedinas.com\/site\/?s={search_term_string}"},"query-input":{"@type":"PropertyValueSpecification","valueRequired":true,"valueName":"search_term_string"}}],"inLanguage":"es"},{"@type":"Organization","@id":"https:\/\/noticiasmercedinas.com\/site\/#organization","name":"NOTICIASMERCEDINAS.COM","url":"https:\/\/noticiasmercedinas.com\/site\/","logo":{"@type":"ImageObject","inLanguage":"es","@id":"https:\/\/noticiasmercedinas.com\/site\/#\/schema\/logo\/image\/","url":"https:\/\/noticiasmercedinas.com\/site\/wp-content\/uploads\/2020\/06\/LOGO-512.jpg","contentUrl":"https:\/\/noticiasmercedinas.com\/site\/wp-content\/uploads\/2020\/06\/LOGO-512.jpg","width":512,"height":512,"caption":"NOTICIASMERCEDINAS.COM"},"image":{"@id":"https:\/\/noticiasmercedinas.com\/site\/#\/schema\/logo\/image\/"},"sameAs":["https:\/\/www.facebook.com\/noticiasmercedinas\/","https:\/\/x.com\/notmercedinas","https:\/\/www.instagram.com\/noticiasmercedinas\/"]},{"@type":"Person","@id":"https:\/\/noticiasmercedinas.com\/site\/#\/schema\/person\/84b59c099c28ff2e8b77d4ceec5d8063","name":"NOTICIASMERCEDINAS.COM","image":{"@type":"ImageObject","inLanguage":"es","@id":"https:\/\/secure.gravatar.com\/avatar\/4dfbf16b4d17945bfb6341b2d19043457132fcf478a5ee04f42e959fd8f5df0a?s=96&d=mm&r=g","url":"https:\/\/secure.gravatar.com\/avatar\/4dfbf16b4d17945bfb6341b2d19043457132fcf478a5ee04f42e959fd8f5df0a?s=96&d=mm&r=g","contentUrl":"https:\/\/secure.gravatar.com\/avatar\/4dfbf16b4d17945bfb6341b2d19043457132fcf478a5ee04f42e959fd8f5df0a?s=96&d=mm&r=g","caption":"NOTICIASMERCEDINAS.COM"},"url":"https:\/\/noticiasmercedinas.com\/site\/author\/anonimo\/"}]}},"amp_enabled":true,"_links":{"self":[{"href":"https:\/\/noticiasmercedinas.com\/site\/wp-json\/wp\/v2\/posts\/168759","targetHints":{"allow":["GET"]}}],"collection":[{"href":"https:\/\/noticiasmercedinas.com\/site\/wp-json\/wp\/v2\/posts"}],"about":[{"href":"https:\/\/noticiasmercedinas.com\/site\/wp-json\/wp\/v2\/types\/post"}],"author":[{"embeddable":true,"href":"https:\/\/noticiasmercedinas.com\/site\/wp-json\/wp\/v2\/users\/16"}],"replies":[{"embeddable":true,"href":"https:\/\/noticiasmercedinas.com\/site\/wp-json\/wp\/v2\/comments?post=168759"}],"version-history":[{"count":1,"href":"https:\/\/noticiasmercedinas.com\/site\/wp-json\/wp\/v2\/posts\/168759\/revisions"}],"predecessor-version":[{"id":168765,"href":"https:\/\/noticiasmercedinas.com\/site\/wp-json\/wp\/v2\/posts\/168759\/revisions\/168765"}],"wp:featuredmedia":[{"embeddable":true,"href":"https:\/\/noticiasmercedinas.com\/site\/wp-json\/wp\/v2\/media\/168761"}],"wp:attachment":[{"href":"https:\/\/noticiasmercedinas.com\/site\/wp-json\/wp\/v2\/media?parent=168759"}],"wp:term":[{"taxonomy":"category","embeddable":true,"href":"https:\/\/noticiasmercedinas.com\/site\/wp-json\/wp\/v2\/categories?post=168759"},{"taxonomy":"post_tag","embeddable":true,"href":"https:\/\/noticiasmercedinas.com\/site\/wp-json\/wp\/v2\/tags?post=168759"}],"curies":[{"name":"wp","href":"https:\/\/api.w.org\/{rel}","templated":true}]}}