{"id":168823,"date":"2025-09-07T10:50:25","date_gmt":"2025-09-07T13:50:25","guid":{"rendered":"https:\/\/noticiasmercedinas.com\/site\/?p=168823"},"modified":"2025-09-07T10:52:58","modified_gmt":"2025-09-07T13:52:58","slug":"de-pedro-vota-y-llama-a-reflexionar-sobre-las-propuestas-en-juego-tendremos-que-ver-que-es-lo-que-dice-el-pueblo","status":"publish","type":"post","link":"https:\/\/noticiasmercedinas.com\/site\/2025\/09\/07\/de-pedro-vota-y-llama-a-reflexionar-sobre-las-propuestas-en-juego-tendremos-que-ver-que-es-lo-que-dice-el-pueblo\/","title":{"rendered":"De Pedro vota y llama a reflexionar sobre las propuestas en juego: \u00abTendremos que ver qu\u00e9 es lo que dice el pueblo\u00bb"},"content":{"rendered":"<p><img loading=\"lazy\" decoding=\"async\" class=\"alignnone size-full wp-image-168824\" src=\"https:\/\/noticiasmercedinas.com\/site\/wp-content\/uploads\/2025\/09\/IMG-20250907-WA0014-scaled.jpeg\" alt=\"\" width=\"2560\" height=\"1440\" srcset=\"https:\/\/noticiasmercedinas.com\/site\/wp-content\/uploads\/2025\/09\/IMG-20250907-WA0014-scaled.jpeg 2560w, https:\/\/noticiasmercedinas.com\/site\/wp-content\/uploads\/2025\/09\/IMG-20250907-WA0014-300x169.jpeg 300w, https:\/\/noticiasmercedinas.com\/site\/wp-content\/uploads\/2025\/09\/IMG-20250907-WA0014-1024x576.jpeg 1024w, https:\/\/noticiasmercedinas.com\/site\/wp-content\/uploads\/2025\/09\/IMG-20250907-WA0014-768x432.jpeg 768w, https:\/\/noticiasmercedinas.com\/site\/wp-content\/uploads\/2025\/09\/IMG-20250907-WA0014-1536x864.jpeg 1536w, https:\/\/noticiasmercedinas.com\/site\/wp-content\/uploads\/2025\/09\/IMG-20250907-WA0014-2048x1152.jpeg 2048w, https:\/\/noticiasmercedinas.com\/site\/wp-content\/uploads\/2025\/09\/IMG-20250907-WA0014-640x360.jpeg 640w, https:\/\/noticiasmercedinas.com\/site\/wp-content\/uploads\/2025\/09\/IMG-20250907-WA0014-1280x720.jpeg 1280w, https:\/\/noticiasmercedinas.com\/site\/wp-content\/uploads\/2025\/09\/IMG-20250907-WA0014-681x383.jpeg 681w, https:\/\/noticiasmercedinas.com\/site\/wp-content\/uploads\/2025\/09\/IMG-20250907-WA0014-1362x766.jpeg 1362w\" sizes=\"auto, (max-width: 2560px) 100vw, 2560px\" \/><\/p>\n<p>La ciudad de\u00a0 Mercedes se sumerge en una nueva jornada electoral. Con un total de 179 mesas habilitadas, distribuidas en diferentes centros de votaci\u00f3n, la ciudad se prepara para que sus ciudadanos elijan a sus representantes. El proceso de votaci\u00f3n, que se extender\u00e1 a lo largo del d\u00eda, ya ha comenzado a atraer la atenci\u00f3n de los medios locales y de los candidatos.<\/p>\n<p>Alrededor de las 9:45 a.m., fue el turno del senador nacional Eduardo de Pedro, quien emiti\u00f3 su voto en la Escuela Normal Superior \u00abJos\u00e9 de Urquiza\u00bb. Al salir del establecimiento, el legislador atendi\u00f3 a los medios de comunicaci\u00f3n, destacando el significado de estas elecciones en el contexto de propuestas pol\u00edticas antag\u00f3nicas.<\/p>\n<p>\u00abAnte una propuesta que dice que tenemos &#8216;nunca m\u00e1s&#8217; subsidios a los discapacitados, &#8216;nunca m\u00e1s&#8217; universidades p\u00fablicas, &#8216;nunca m\u00e1s&#8217; industria argentina, &#8216;nunca m\u00e1s&#8217; salud p\u00fablica, Garrahan &#8216;nunca m\u00e1s&#8217;&#8230; digo, tendremos que ver qu\u00e9 es lo que dice el pueblo\u00bb, expres\u00f3 De Pedro, haciendo referencia a los ejes de campa\u00f1a de la oposici\u00f3n y llamando a la ciudadan\u00eda a reflexionar sobre el impacto de cada voto.<\/p>\n<p>Respecto a la presencia del Poder Ejecutivo en las campa\u00f1as de Lomas de Zamora y Moreno, De Pedro consider\u00f3 que es \u00abtotalmente justo\u00bb y que \u00abson las reglas del juego\u00bb, aunque se mostr\u00f3 cauto al se\u00f1alar que se observ\u00f3 \u00abalgo raro\u00bb en la seguridad, algo que, seg\u00fan \u00e9l, nunca hab\u00eda visto antes. No obstante, insisti\u00f3 en que hay que seguir \u00abtrabajando para que en nuestro pa\u00eds cualquier candidato pueda caminar, pueda hacer campa\u00f1a sin tener ning\u00fan tipo de inconveniente\u00bb.<\/p>\n<p>De Pedro confirm\u00f3 que esperar\u00e1 los resultados electorales en el Comando Central del partido, en La Plata, junto a los dem\u00e1s integrantes de la coalici\u00f3n \u00abFuerza Patria\u00bb, a partir de las 19:00 hs. Antes, sin embargo, acompa\u00f1ar\u00e1 a votar a otros candidatos y referentes locales, como el intendente Juan Ignacio Ustarroz y a Santiago Revora, y \u00abdespu\u00e9s a comer unas buenas pastas y a descansar un rato\u00bb.<\/p>\n<p>El senador tambi\u00e9n se refiri\u00f3 a la baja participaci\u00f3n electoral que se ha notado en comicios anteriores, se\u00f1alando que si esta tendencia se repite, \u00abes un mensaje fuerte para todo el sistema pol\u00edtico\u00bb.<\/p>\n<p>El arribo de los dem\u00e1s candidatos a sus respectivos lugares de votaci\u00f3n se espera que se suceda a lo largo de la ma\u00f1ana. Los medios de comunicaci\u00f3n continuar\u00e1n monitoreando la situaci\u00f3n para ofrecer una cobertura detallada y en tiempo real de los resultados que definir\u00e1n el futuro pol\u00edtico de la ciudad.<\/p>\n","protected":false},"excerpt":{"rendered":"<p>\u25a0 El senador nacional de origen mercedino formaliz\u00f3 su voto en la mesa 20 de la Escuela Normal Justo Jos\u00e9 de Urquiza. Asegur\u00f3 que si la baja participaci\u00f3n se repite, \u00abes un mensaje fuerte para todo el sistema pol\u00edtico\u00bb.<\/p>\n","protected":false},"author":2,"featured_media":168824,"comment_status":"closed","ping_status":"closed","sticky":false,"template":"","format":"standard","meta":{"footnotes":""},"categories":[16,20734],"tags":[324,19953],"class_list":["post-168823","post","type-post","status-publish","format-standard","has-post-thumbnail","hentry","category-politica","category-ultimo-momento","tag-eduardo-de-pedro","tag-elecciones-2025"],"yoast_head":"<!-- This site is optimized with the Yoast SEO plugin v27.4 - https:\/\/yoast.com\/product\/yoast-seo-wordpress\/ -->\n<title>De Pedro vota y llama a reflexionar sobre las propuestas en juego: &quot;Tendremos que ver qu\u00e9 es lo que dice el pueblo&quot;<\/title>\n<meta name=\"robots\" content=\"index, follow, max-snippet:-1, max-image-preview:large, max-video-preview:-1\" \/>\n<link rel=\"canonical\" href=\"https:\/\/noticiasmercedinas.com\/site\/2025\/09\/07\/de-pedro-vota-y-llama-a-reflexionar-sobre-las-propuestas-en-juego-tendremos-que-ver-que-es-lo-que-dice-el-pueblo\/\" \/>\n<meta property=\"og:locale\" content=\"es_ES\" \/>\n<meta property=\"og:type\" content=\"article\" \/>\n<meta property=\"og:title\" content=\"De Pedro vota y llama a reflexionar sobre las propuestas en juego: &quot;Tendremos que ver qu\u00e9 es lo que dice el pueblo&quot;\" \/>\n<meta property=\"og:description\" content=\"\u25a0 El senador nacional de origen mercedino formaliz\u00f3 su voto en la mesa 20 de la Escuela Normal Justo Jos\u00e9 de Urquiza. Asegur\u00f3 que si la baja participaci\u00f3n se repite, &quot;es un mensaje fuerte para todo el sistema pol\u00edtico&quot;.\" \/>\n<meta property=\"og:url\" content=\"https:\/\/noticiasmercedinas.com\/site\/2025\/09\/07\/de-pedro-vota-y-llama-a-reflexionar-sobre-las-propuestas-en-juego-tendremos-que-ver-que-es-lo-que-dice-el-pueblo\/\" \/>\n<meta property=\"og:site_name\" content=\"NOTICIASMERCEDINAS.COM\" \/>\n<meta property=\"article:publisher\" content=\"https:\/\/www.facebook.com\/noticiasmercedinas\/\" \/>\n<meta property=\"article:author\" content=\"https:\/\/www.facebook.com\/cristian.falabella\" \/>\n<meta property=\"article:published_time\" content=\"2025-09-07T13:50:25+00:00\" \/>\n<meta property=\"article:modified_time\" content=\"2025-09-07T13:52:58+00:00\" \/>\n<meta property=\"og:image\" content=\"https:\/\/noticiasmercedinas.com\/site\/wp-content\/uploads\/2025\/09\/IMG-20250907-WA0014-scaled.jpeg\" \/>\n\t<meta property=\"og:image:width\" content=\"2560\" \/>\n\t<meta property=\"og:image:height\" content=\"1440\" \/>\n\t<meta property=\"og:image:type\" content=\"image\/jpeg\" \/>\n<meta name=\"author\" content=\"Cristian Falabella NOTICIASMERCEDINAS.COM\" \/>\n<meta name=\"twitter:card\" content=\"summary_large_image\" \/>\n<meta name=\"twitter:creator\" content=\"@https:\/\/twitter.com\/NOTMERCEDINAS\" \/>\n<meta name=\"twitter:site\" content=\"@notmercedinas\" \/>\n<meta name=\"twitter:label1\" content=\"Escrito por\" \/>\n\t<meta name=\"twitter:data1\" content=\"Cristian Falabella NOTICIASMERCEDINAS.COM\" \/>\n\t<meta name=\"twitter:label2\" content=\"Tiempo de lectura\" \/>\n\t<meta name=\"twitter:data2\" content=\"3 minutos\" \/>\n<script type=\"application\/ld+json\" class=\"yoast-schema-graph\">{\"@context\":\"https:\\\/\\\/schema.org\",\"@graph\":[{\"@type\":\"Article\",\"@id\":\"https:\\\/\\\/noticiasmercedinas.com\\\/site\\\/2025\\\/09\\\/07\\\/de-pedro-vota-y-llama-a-reflexionar-sobre-las-propuestas-en-juego-tendremos-que-ver-que-es-lo-que-dice-el-pueblo\\\/#article\",\"isPartOf\":{\"@id\":\"https:\\\/\\\/noticiasmercedinas.com\\\/site\\\/2025\\\/09\\\/07\\\/de-pedro-vota-y-llama-a-reflexionar-sobre-las-propuestas-en-juego-tendremos-que-ver-que-es-lo-que-dice-el-pueblo\\\/\"},\"author\":{\"name\":\"Cristian Falabella NOTICIASMERCEDINAS.COM\",\"@id\":\"https:\\\/\\\/noticiasmercedinas.com\\\/site\\\/#\\\/schema\\\/person\\\/d481a9696a5feaec13a60e2bbd991a6a\"},\"headline\":\"De Pedro vota y llama a reflexionar sobre las propuestas en juego: \u00abTendremos que ver qu\u00e9 es lo que dice el pueblo\u00bb\",\"datePublished\":\"2025-09-07T13:50:25+00:00\",\"dateModified\":\"2025-09-07T13:52:58+00:00\",\"mainEntityOfPage\":{\"@id\":\"https:\\\/\\\/noticiasmercedinas.com\\\/site\\\/2025\\\/09\\\/07\\\/de-pedro-vota-y-llama-a-reflexionar-sobre-las-propuestas-en-juego-tendremos-que-ver-que-es-lo-que-dice-el-pueblo\\\/\"},\"wordCount\":469,\"publisher\":{\"@id\":\"https:\\\/\\\/noticiasmercedinas.com\\\/site\\\/#organization\"},\"image\":{\"@id\":\"https:\\\/\\\/noticiasmercedinas.com\\\/site\\\/2025\\\/09\\\/07\\\/de-pedro-vota-y-llama-a-reflexionar-sobre-las-propuestas-en-juego-tendremos-que-ver-que-es-lo-que-dice-el-pueblo\\\/#primaryimage\"},\"thumbnailUrl\":\"https:\\\/\\\/noticiasmercedinas.com\\\/site\\\/wp-content\\\/uploads\\\/2025\\\/09\\\/IMG-20250907-WA0014-scaled.jpeg\",\"keywords\":[\"eduardo de pedro\",\"elecciones 2025\"],\"articleSection\":[\"Politica\",\"Ultimo momento\"],\"inLanguage\":\"es\"},{\"@type\":\"WebPage\",\"@id\":\"https:\\\/\\\/noticiasmercedinas.com\\\/site\\\/2025\\\/09\\\/07\\\/de-pedro-vota-y-llama-a-reflexionar-sobre-las-propuestas-en-juego-tendremos-que-ver-que-es-lo-que-dice-el-pueblo\\\/\",\"url\":\"https:\\\/\\\/noticiasmercedinas.com\\\/site\\\/2025\\\/09\\\/07\\\/de-pedro-vota-y-llama-a-reflexionar-sobre-las-propuestas-en-juego-tendremos-que-ver-que-es-lo-que-dice-el-pueblo\\\/\",\"name\":\"De Pedro vota y llama a reflexionar sobre las propuestas en juego: \\\"Tendremos que ver qu\u00e9 es lo que dice el pueblo\\\"\",\"isPartOf\":{\"@id\":\"https:\\\/\\\/noticiasmercedinas.com\\\/site\\\/#website\"},\"primaryImageOfPage\":{\"@id\":\"https:\\\/\\\/noticiasmercedinas.com\\\/site\\\/2025\\\/09\\\/07\\\/de-pedro-vota-y-llama-a-reflexionar-sobre-las-propuestas-en-juego-tendremos-que-ver-que-es-lo-que-dice-el-pueblo\\\/#primaryimage\"},\"image\":{\"@id\":\"https:\\\/\\\/noticiasmercedinas.com\\\/site\\\/2025\\\/09\\\/07\\\/de-pedro-vota-y-llama-a-reflexionar-sobre-las-propuestas-en-juego-tendremos-que-ver-que-es-lo-que-dice-el-pueblo\\\/#primaryimage\"},\"thumbnailUrl\":\"https:\\\/\\\/noticiasmercedinas.com\\\/site\\\/wp-content\\\/uploads\\\/2025\\\/09\\\/IMG-20250907-WA0014-scaled.jpeg\",\"datePublished\":\"2025-09-07T13:50:25+00:00\",\"dateModified\":\"2025-09-07T13:52:58+00:00\",\"breadcrumb\":{\"@id\":\"https:\\\/\\\/noticiasmercedinas.com\\\/site\\\/2025\\\/09\\\/07\\\/de-pedro-vota-y-llama-a-reflexionar-sobre-las-propuestas-en-juego-tendremos-que-ver-que-es-lo-que-dice-el-pueblo\\\/#breadcrumb\"},\"inLanguage\":\"es\",\"potentialAction\":[{\"@type\":\"ReadAction\",\"target\":[\"https:\\\/\\\/noticiasmercedinas.com\\\/site\\\/2025\\\/09\\\/07\\\/de-pedro-vota-y-llama-a-reflexionar-sobre-las-propuestas-en-juego-tendremos-que-ver-que-es-lo-que-dice-el-pueblo\\\/\"]}]},{\"@type\":\"ImageObject\",\"inLanguage\":\"es\",\"@id\":\"https:\\\/\\\/noticiasmercedinas.com\\\/site\\\/2025\\\/09\\\/07\\\/de-pedro-vota-y-llama-a-reflexionar-sobre-las-propuestas-en-juego-tendremos-que-ver-que-es-lo-que-dice-el-pueblo\\\/#primaryimage\",\"url\":\"https:\\\/\\\/noticiasmercedinas.com\\\/site\\\/wp-content\\\/uploads\\\/2025\\\/09\\\/IMG-20250907-WA0014-scaled.jpeg\",\"contentUrl\":\"https:\\\/\\\/noticiasmercedinas.com\\\/site\\\/wp-content\\\/uploads\\\/2025\\\/09\\\/IMG-20250907-WA0014-scaled.jpeg\",\"width\":2560,\"height\":1440},{\"@type\":\"BreadcrumbList\",\"@id\":\"https:\\\/\\\/noticiasmercedinas.com\\\/site\\\/2025\\\/09\\\/07\\\/de-pedro-vota-y-llama-a-reflexionar-sobre-las-propuestas-en-juego-tendremos-que-ver-que-es-lo-que-dice-el-pueblo\\\/#breadcrumb\",\"itemListElement\":[{\"@type\":\"ListItem\",\"position\":1,\"name\":\"Portada\",\"item\":\"https:\\\/\\\/noticiasmercedinas.com\\\/site\\\/\"},{\"@type\":\"ListItem\",\"position\":2,\"name\":\"De Pedro vota y llama a reflexionar sobre las propuestas en juego: \u00abTendremos que ver qu\u00e9 es lo que dice el pueblo\u00bb\"}]},{\"@type\":\"WebSite\",\"@id\":\"https:\\\/\\\/noticiasmercedinas.com\\\/site\\\/#website\",\"url\":\"https:\\\/\\\/noticiasmercedinas.com\\\/site\\\/\",\"name\":\"NOTICIASMERCEDINAS.COM\",\"description\":\"Mercedes, Buenos Aires, Argentina\",\"publisher\":{\"@id\":\"https:\\\/\\\/noticiasmercedinas.com\\\/site\\\/#organization\"},\"potentialAction\":[{\"@type\":\"SearchAction\",\"target\":{\"@type\":\"EntryPoint\",\"urlTemplate\":\"https:\\\/\\\/noticiasmercedinas.com\\\/site\\\/?s={search_term_string}\"},\"query-input\":{\"@type\":\"PropertyValueSpecification\",\"valueRequired\":true,\"valueName\":\"search_term_string\"}}],\"inLanguage\":\"es\"},{\"@type\":\"Organization\",\"@id\":\"https:\\\/\\\/noticiasmercedinas.com\\\/site\\\/#organization\",\"name\":\"NOTICIASMERCEDINAS.COM\",\"url\":\"https:\\\/\\\/noticiasmercedinas.com\\\/site\\\/\",\"logo\":{\"@type\":\"ImageObject\",\"inLanguage\":\"es\",\"@id\":\"https:\\\/\\\/noticiasmercedinas.com\\\/site\\\/#\\\/schema\\\/logo\\\/image\\\/\",\"url\":\"https:\\\/\\\/noticiasmercedinas.com\\\/site\\\/wp-content\\\/uploads\\\/2020\\\/06\\\/LOGO-512.jpg\",\"contentUrl\":\"https:\\\/\\\/noticiasmercedinas.com\\\/site\\\/wp-content\\\/uploads\\\/2020\\\/06\\\/LOGO-512.jpg\",\"width\":512,\"height\":512,\"caption\":\"NOTICIASMERCEDINAS.COM\"},\"image\":{\"@id\":\"https:\\\/\\\/noticiasmercedinas.com\\\/site\\\/#\\\/schema\\\/logo\\\/image\\\/\"},\"sameAs\":[\"https:\\\/\\\/www.facebook.com\\\/noticiasmercedinas\\\/\",\"https:\\\/\\\/x.com\\\/notmercedinas\",\"https:\\\/\\\/www.instagram.com\\\/noticiasmercedinas\\\/\"]},{\"@type\":\"Person\",\"@id\":\"https:\\\/\\\/noticiasmercedinas.com\\\/site\\\/#\\\/schema\\\/person\\\/d481a9696a5feaec13a60e2bbd991a6a\",\"name\":\"Cristian Falabella NOTICIASMERCEDINAS.COM\",\"image\":{\"@type\":\"ImageObject\",\"inLanguage\":\"es\",\"@id\":\"https:\\\/\\\/secure.gravatar.com\\\/avatar\\\/0dbbfc45970cc46bcd0e57766228574ff3511d6eed045b182f536f0f478c1f06?s=96&d=mm&r=g\",\"url\":\"https:\\\/\\\/secure.gravatar.com\\\/avatar\\\/0dbbfc45970cc46bcd0e57766228574ff3511d6eed045b182f536f0f478c1f06?s=96&d=mm&r=g\",\"contentUrl\":\"https:\\\/\\\/secure.gravatar.com\\\/avatar\\\/0dbbfc45970cc46bcd0e57766228574ff3511d6eed045b182f536f0f478c1f06?s=96&d=mm&r=g\",\"caption\":\"Cristian Falabella NOTICIASMERCEDINAS.COM\"},\"description\":\"Periodista, editor de Noticias Mercedinas. Pas\u00f3 por varias redacciones y emprendimientos de prensa, en distintos formatos y \u00e9pocas. Se especializ\u00f3 --y sigue haci\u00e9ndolo-- en comunicaci\u00f3n en la web y en junio de 2006 fund\u00f3 este diario digital.\",\"sameAs\":[\"https:\\\/\\\/noticiasmercedinas.com\",\"https:\\\/\\\/www.facebook.com\\\/cristian.falabella\",\"https:\\\/\\\/www.instagram.com\\\/noticiasmercedinas\\\/\",\"https:\\\/\\\/x.com\\\/https:\\\/\\\/twitter.com\\\/NOTMERCEDINAS\"],\"url\":\"https:\\\/\\\/noticiasmercedinas.com\\\/site\\\/author\\\/as000384\\\/\"}]}<\/script>\n<!-- \/ Yoast SEO plugin. -->","yoast_head_json":{"title":"De Pedro vota y llama a reflexionar sobre las propuestas en juego: \"Tendremos que ver qu\u00e9 es lo que dice el pueblo\"","robots":{"index":"index","follow":"follow","max-snippet":"max-snippet:-1","max-image-preview":"max-image-preview:large","max-video-preview":"max-video-preview:-1"},"canonical":"https:\/\/noticiasmercedinas.com\/site\/2025\/09\/07\/de-pedro-vota-y-llama-a-reflexionar-sobre-las-propuestas-en-juego-tendremos-que-ver-que-es-lo-que-dice-el-pueblo\/","og_locale":"es_ES","og_type":"article","og_title":"De Pedro vota y llama a reflexionar sobre las propuestas en juego: \"Tendremos que ver qu\u00e9 es lo que dice el pueblo\"","og_description":"\u25a0 El senador nacional de origen mercedino formaliz\u00f3 su voto en la mesa 20 de la Escuela Normal Justo Jos\u00e9 de Urquiza. Asegur\u00f3 que si la baja participaci\u00f3n se repite, \"es un mensaje fuerte para todo el sistema pol\u00edtico\".","og_url":"https:\/\/noticiasmercedinas.com\/site\/2025\/09\/07\/de-pedro-vota-y-llama-a-reflexionar-sobre-las-propuestas-en-juego-tendremos-que-ver-que-es-lo-que-dice-el-pueblo\/","og_site_name":"NOTICIASMERCEDINAS.COM","article_publisher":"https:\/\/www.facebook.com\/noticiasmercedinas\/","article_author":"https:\/\/www.facebook.com\/cristian.falabella","article_published_time":"2025-09-07T13:50:25+00:00","article_modified_time":"2025-09-07T13:52:58+00:00","og_image":[{"width":2560,"height":1440,"url":"https:\/\/noticiasmercedinas.com\/site\/wp-content\/uploads\/2025\/09\/IMG-20250907-WA0014-scaled.jpeg","type":"image\/jpeg"}],"author":"Cristian Falabella NOTICIASMERCEDINAS.COM","twitter_card":"summary_large_image","twitter_creator":"@https:\/\/twitter.com\/NOTMERCEDINAS","twitter_site":"@notmercedinas","twitter_misc":{"Escrito por":"Cristian Falabella NOTICIASMERCEDINAS.COM","Tiempo de lectura":"3 minutos"},"schema":{"@context":"https:\/\/schema.org","@graph":[{"@type":"Article","@id":"https:\/\/noticiasmercedinas.com\/site\/2025\/09\/07\/de-pedro-vota-y-llama-a-reflexionar-sobre-las-propuestas-en-juego-tendremos-que-ver-que-es-lo-que-dice-el-pueblo\/#article","isPartOf":{"@id":"https:\/\/noticiasmercedinas.com\/site\/2025\/09\/07\/de-pedro-vota-y-llama-a-reflexionar-sobre-las-propuestas-en-juego-tendremos-que-ver-que-es-lo-que-dice-el-pueblo\/"},"author":{"name":"Cristian Falabella NOTICIASMERCEDINAS.COM","@id":"https:\/\/noticiasmercedinas.com\/site\/#\/schema\/person\/d481a9696a5feaec13a60e2bbd991a6a"},"headline":"De Pedro vota y llama a reflexionar sobre las propuestas en juego: \u00abTendremos que ver qu\u00e9 es lo que dice el pueblo\u00bb","datePublished":"2025-09-07T13:50:25+00:00","dateModified":"2025-09-07T13:52:58+00:00","mainEntityOfPage":{"@id":"https:\/\/noticiasmercedinas.com\/site\/2025\/09\/07\/de-pedro-vota-y-llama-a-reflexionar-sobre-las-propuestas-en-juego-tendremos-que-ver-que-es-lo-que-dice-el-pueblo\/"},"wordCount":469,"publisher":{"@id":"https:\/\/noticiasmercedinas.com\/site\/#organization"},"image":{"@id":"https:\/\/noticiasmercedinas.com\/site\/2025\/09\/07\/de-pedro-vota-y-llama-a-reflexionar-sobre-las-propuestas-en-juego-tendremos-que-ver-que-es-lo-que-dice-el-pueblo\/#primaryimage"},"thumbnailUrl":"https:\/\/noticiasmercedinas.com\/site\/wp-content\/uploads\/2025\/09\/IMG-20250907-WA0014-scaled.jpeg","keywords":["eduardo de pedro","elecciones 2025"],"articleSection":["Politica","Ultimo momento"],"inLanguage":"es"},{"@type":"WebPage","@id":"https:\/\/noticiasmercedinas.com\/site\/2025\/09\/07\/de-pedro-vota-y-llama-a-reflexionar-sobre-las-propuestas-en-juego-tendremos-que-ver-que-es-lo-que-dice-el-pueblo\/","url":"https:\/\/noticiasmercedinas.com\/site\/2025\/09\/07\/de-pedro-vota-y-llama-a-reflexionar-sobre-las-propuestas-en-juego-tendremos-que-ver-que-es-lo-que-dice-el-pueblo\/","name":"De Pedro vota y llama a reflexionar sobre las propuestas en juego: \"Tendremos que ver qu\u00e9 es lo que dice el pueblo\"","isPartOf":{"@id":"https:\/\/noticiasmercedinas.com\/site\/#website"},"primaryImageOfPage":{"@id":"https:\/\/noticiasmercedinas.com\/site\/2025\/09\/07\/de-pedro-vota-y-llama-a-reflexionar-sobre-las-propuestas-en-juego-tendremos-que-ver-que-es-lo-que-dice-el-pueblo\/#primaryimage"},"image":{"@id":"https:\/\/noticiasmercedinas.com\/site\/2025\/09\/07\/de-pedro-vota-y-llama-a-reflexionar-sobre-las-propuestas-en-juego-tendremos-que-ver-que-es-lo-que-dice-el-pueblo\/#primaryimage"},"thumbnailUrl":"https:\/\/noticiasmercedinas.com\/site\/wp-content\/uploads\/2025\/09\/IMG-20250907-WA0014-scaled.jpeg","datePublished":"2025-09-07T13:50:25+00:00","dateModified":"2025-09-07T13:52:58+00:00","breadcrumb":{"@id":"https:\/\/noticiasmercedinas.com\/site\/2025\/09\/07\/de-pedro-vota-y-llama-a-reflexionar-sobre-las-propuestas-en-juego-tendremos-que-ver-que-es-lo-que-dice-el-pueblo\/#breadcrumb"},"inLanguage":"es","potentialAction":[{"@type":"ReadAction","target":["https:\/\/noticiasmercedinas.com\/site\/2025\/09\/07\/de-pedro-vota-y-llama-a-reflexionar-sobre-las-propuestas-en-juego-tendremos-que-ver-que-es-lo-que-dice-el-pueblo\/"]}]},{"@type":"ImageObject","inLanguage":"es","@id":"https:\/\/noticiasmercedinas.com\/site\/2025\/09\/07\/de-pedro-vota-y-llama-a-reflexionar-sobre-las-propuestas-en-juego-tendremos-que-ver-que-es-lo-que-dice-el-pueblo\/#primaryimage","url":"https:\/\/noticiasmercedinas.com\/site\/wp-content\/uploads\/2025\/09\/IMG-20250907-WA0014-scaled.jpeg","contentUrl":"https:\/\/noticiasmercedinas.com\/site\/wp-content\/uploads\/2025\/09\/IMG-20250907-WA0014-scaled.jpeg","width":2560,"height":1440},{"@type":"BreadcrumbList","@id":"https:\/\/noticiasmercedinas.com\/site\/2025\/09\/07\/de-pedro-vota-y-llama-a-reflexionar-sobre-las-propuestas-en-juego-tendremos-que-ver-que-es-lo-que-dice-el-pueblo\/#breadcrumb","itemListElement":[{"@type":"ListItem","position":1,"name":"Portada","item":"https:\/\/noticiasmercedinas.com\/site\/"},{"@type":"ListItem","position":2,"name":"De Pedro vota y llama a reflexionar sobre las propuestas en juego: \u00abTendremos que ver qu\u00e9 es lo que dice el pueblo\u00bb"}]},{"@type":"WebSite","@id":"https:\/\/noticiasmercedinas.com\/site\/#website","url":"https:\/\/noticiasmercedinas.com\/site\/","name":"NOTICIASMERCEDINAS.COM","description":"Mercedes, Buenos Aires, Argentina","publisher":{"@id":"https:\/\/noticiasmercedinas.com\/site\/#organization"},"potentialAction":[{"@type":"SearchAction","target":{"@type":"EntryPoint","urlTemplate":"https:\/\/noticiasmercedinas.com\/site\/?s={search_term_string}"},"query-input":{"@type":"PropertyValueSpecification","valueRequired":true,"valueName":"search_term_string"}}],"inLanguage":"es"},{"@type":"Organization","@id":"https:\/\/noticiasmercedinas.com\/site\/#organization","name":"NOTICIASMERCEDINAS.COM","url":"https:\/\/noticiasmercedinas.com\/site\/","logo":{"@type":"ImageObject","inLanguage":"es","@id":"https:\/\/noticiasmercedinas.com\/site\/#\/schema\/logo\/image\/","url":"https:\/\/noticiasmercedinas.com\/site\/wp-content\/uploads\/2020\/06\/LOGO-512.jpg","contentUrl":"https:\/\/noticiasmercedinas.com\/site\/wp-content\/uploads\/2020\/06\/LOGO-512.jpg","width":512,"height":512,"caption":"NOTICIASMERCEDINAS.COM"},"image":{"@id":"https:\/\/noticiasmercedinas.com\/site\/#\/schema\/logo\/image\/"},"sameAs":["https:\/\/www.facebook.com\/noticiasmercedinas\/","https:\/\/x.com\/notmercedinas","https:\/\/www.instagram.com\/noticiasmercedinas\/"]},{"@type":"Person","@id":"https:\/\/noticiasmercedinas.com\/site\/#\/schema\/person\/d481a9696a5feaec13a60e2bbd991a6a","name":"Cristian Falabella NOTICIASMERCEDINAS.COM","image":{"@type":"ImageObject","inLanguage":"es","@id":"https:\/\/secure.gravatar.com\/avatar\/0dbbfc45970cc46bcd0e57766228574ff3511d6eed045b182f536f0f478c1f06?s=96&d=mm&r=g","url":"https:\/\/secure.gravatar.com\/avatar\/0dbbfc45970cc46bcd0e57766228574ff3511d6eed045b182f536f0f478c1f06?s=96&d=mm&r=g","contentUrl":"https:\/\/secure.gravatar.com\/avatar\/0dbbfc45970cc46bcd0e57766228574ff3511d6eed045b182f536f0f478c1f06?s=96&d=mm&r=g","caption":"Cristian Falabella NOTICIASMERCEDINAS.COM"},"description":"Periodista, editor de Noticias Mercedinas. Pas\u00f3 por varias redacciones y emprendimientos de prensa, en distintos formatos y \u00e9pocas. Se especializ\u00f3 --y sigue haci\u00e9ndolo-- en comunicaci\u00f3n en la web y en junio de 2006 fund\u00f3 este diario digital.","sameAs":["https:\/\/noticiasmercedinas.com","https:\/\/www.facebook.com\/cristian.falabella","https:\/\/www.instagram.com\/noticiasmercedinas\/","https:\/\/x.com\/https:\/\/twitter.com\/NOTMERCEDINAS"],"url":"https:\/\/noticiasmercedinas.com\/site\/author\/as000384\/"}]}},"amp_enabled":true,"_links":{"self":[{"href":"https:\/\/noticiasmercedinas.com\/site\/wp-json\/wp\/v2\/posts\/168823","targetHints":{"allow":["GET"]}}],"collection":[{"href":"https:\/\/noticiasmercedinas.com\/site\/wp-json\/wp\/v2\/posts"}],"about":[{"href":"https:\/\/noticiasmercedinas.com\/site\/wp-json\/wp\/v2\/types\/post"}],"author":[{"embeddable":true,"href":"https:\/\/noticiasmercedinas.com\/site\/wp-json\/wp\/v2\/users\/2"}],"replies":[{"embeddable":true,"href":"https:\/\/noticiasmercedinas.com\/site\/wp-json\/wp\/v2\/comments?post=168823"}],"version-history":[{"count":2,"href":"https:\/\/noticiasmercedinas.com\/site\/wp-json\/wp\/v2\/posts\/168823\/revisions"}],"predecessor-version":[{"id":168832,"href":"https:\/\/noticiasmercedinas.com\/site\/wp-json\/wp\/v2\/posts\/168823\/revisions\/168832"}],"wp:featuredmedia":[{"embeddable":true,"href":"https:\/\/noticiasmercedinas.com\/site\/wp-json\/wp\/v2\/media\/168824"}],"wp:attachment":[{"href":"https:\/\/noticiasmercedinas.com\/site\/wp-json\/wp\/v2\/media?parent=168823"}],"wp:term":[{"taxonomy":"category","embeddable":true,"href":"https:\/\/noticiasmercedinas.com\/site\/wp-json\/wp\/v2\/categories?post=168823"},{"taxonomy":"post_tag","embeddable":true,"href":"https:\/\/noticiasmercedinas.com\/site\/wp-json\/wp\/v2\/tags?post=168823"}],"curies":[{"name":"wp","href":"https:\/\/api.w.org\/{rel}","templated":true}]}}