{"id":168840,"date":"2025-09-07T12:12:57","date_gmt":"2025-09-07T15:12:57","guid":{"rendered":"https:\/\/noticiasmercedinas.com\/site\/?p=168840"},"modified":"2025-09-07T13:23:38","modified_gmt":"2025-09-07T16:23:38","slug":"carlos-mosso-emite-su-voto-y-cuestiona-la-llegada-de-fiscales-foraneos","status":"publish","type":"post","link":"https:\/\/noticiasmercedinas.com\/site\/2025\/09\/07\/carlos-mosso-emite-su-voto-y-cuestiona-la-llegada-de-fiscales-foraneos\/","title":{"rendered":"Carlos Mosso emite su voto y cuestiona la llegada de fiscales for\u00e1neos"},"content":{"rendered":"<p><img loading=\"lazy\" decoding=\"async\" class=\"alignnone size-full wp-image-168842 aligncenter\" src=\"https:\/\/noticiasmercedinas.com\/site\/wp-content\/uploads\/2025\/09\/IMG-20250907-WA0016-e1757257943405.jpg\" alt=\"\" width=\"723\" height=\"580\" srcset=\"https:\/\/noticiasmercedinas.com\/site\/wp-content\/uploads\/2025\/09\/IMG-20250907-WA0016-e1757257943405.jpg 723w, https:\/\/noticiasmercedinas.com\/site\/wp-content\/uploads\/2025\/09\/IMG-20250907-WA0016-e1757257943405-300x241.jpg 300w, https:\/\/noticiasmercedinas.com\/site\/wp-content\/uploads\/2025\/09\/IMG-20250907-WA0016-e1757257943405-640x513.jpg 640w, https:\/\/noticiasmercedinas.com\/site\/wp-content\/uploads\/2025\/09\/IMG-20250907-WA0016-e1757257943405-681x546.jpg 681w\" sizes=\"auto, (max-width: 723px) 100vw, 723px\" \/><\/p>\n<p>El candidato de Potencia, <strong>Carlos Mosso<\/strong>, emiti\u00f3 su voto en el Instituto Parroquial de Mercedes y se refiri\u00f3 a las particularidades de la jornada electoral, que se ha desarrollado con tranquilidad, pero no sin algunas tensiones. El dirigente cuestion\u00f3 la presencia de fiscales de otras localidades, que llegaron en micros para trabajar en las mesas de los partidos pol\u00edticos con mayor representaci\u00f3n.<\/p>\n<p>\u00abEstamos viendo hasta ahora que han llegado micros de otras localidades desembarcando fiscales para los partidos mayoritarios\u00bb, se\u00f1al\u00f3 Mosso, quien describi\u00f3 la situaci\u00f3n como generadora de \u00abun descontento y un movimiento\u00bb que no es habitual en este tipo de eventos. El candidato manifest\u00f3 su esperanza de que todo se desarrolle de la mejor manera, a pesar de lo que considera una acci\u00f3n de las fuerzas mayoritarias.<\/p>\n<p>Adem\u00e1s, Mosso tambi\u00e9n se refiri\u00f3 a las dificultades en el inicio de la jornada en algunas escuelas, debido a la ausencia de autoridades de mesa. \u00abTristemente hay muchas mesas que costaron el arranque porque las autoridades de mesas faltaron en diversos colegios\u00bb, explic\u00f3.<\/p>\n<p>A pesar de estas situaciones, el candidato de Potencia calific\u00f3 la jornada como \u00abtranquila\u00bb, aunque destac\u00f3 que en las \u00faltimas horas se ha producido un \u00abpico de gente que masivamente est\u00e1 viniendo a votar\u00bb.<\/p>\n","protected":false},"excerpt":{"rendered":"<p>\u25a0 El candidato de Potencia vot\u00f3 en el Instituto Parroquial de Mercedes y expres\u00f3 su preocupaci\u00f3n por la presencia de micros con fiscales de fuerzas mayoritarias, lo que, seg\u00fan \u00e9l, genera un \u00abdescontento y un movimiento\u00bb inusual en la jornada electoral.<\/p>\n","protected":false},"author":16,"featured_media":168842,"comment_status":"closed","ping_status":"closed","sticky":false,"template":"","format":"standard","meta":{"footnotes":""},"categories":[16],"tags":[668,19953],"class_list":["post-168840","post","type-post","status-publish","format-standard","has-post-thumbnail","hentry","category-politica","tag-carlos-mosso","tag-elecciones-2025"],"yoast_head":"<!-- This site is optimized with the Yoast SEO plugin v27.5 - https:\/\/yoast.com\/product\/yoast-seo-wordpress\/ -->\n<title>Carlos Mosso emite su voto y cuestiona la llegada de fiscales for\u00e1neos<\/title>\n<meta name=\"description\" content=\"El candidato de Potencia vot\u00f3 en el Instituto Parroquial de Mercedes y expres\u00f3 su preocupaci\u00f3n por la presencia de micros con fiscales de fuerzas mayoritarias, lo que, seg\u00fan \u00e9l, genera un &quot;descontento y un movimiento&quot; inusual en la jornada electoral.\" \/>\n<meta name=\"robots\" content=\"index, follow, max-snippet:-1, max-image-preview:large, max-video-preview:-1\" \/>\n<link rel=\"canonical\" href=\"https:\/\/noticiasmercedinas.com\/site\/2025\/09\/07\/carlos-mosso-emite-su-voto-y-cuestiona-la-llegada-de-fiscales-foraneos\/\" \/>\n<meta property=\"og:locale\" content=\"es_ES\" \/>\n<meta property=\"og:type\" content=\"article\" \/>\n<meta property=\"og:title\" content=\"Carlos Mosso emite su voto y cuestiona la llegada de fiscales for\u00e1neos\" \/>\n<meta property=\"og:description\" content=\"El candidato de Potencia vot\u00f3 en el Instituto Parroquial de Mercedes y expres\u00f3 su preocupaci\u00f3n por la presencia de micros con fiscales de fuerzas mayoritarias, lo que, seg\u00fan \u00e9l, genera un &quot;descontento y un movimiento&quot; inusual en la jornada electoral.\" \/>\n<meta property=\"og:url\" content=\"https:\/\/noticiasmercedinas.com\/site\/2025\/09\/07\/carlos-mosso-emite-su-voto-y-cuestiona-la-llegada-de-fiscales-foraneos\/\" \/>\n<meta property=\"og:site_name\" content=\"NOTICIASMERCEDINAS.COM\" \/>\n<meta property=\"article:publisher\" content=\"https:\/\/www.facebook.com\/noticiasmercedinas\/\" \/>\n<meta property=\"article:published_time\" content=\"2025-09-07T15:12:57+00:00\" \/>\n<meta property=\"article:modified_time\" content=\"2025-09-07T16:23:38+00:00\" \/>\n<meta property=\"og:image\" content=\"https:\/\/noticiasmercedinas.com\/site\/wp-content\/uploads\/2025\/09\/IMG-20250907-WA0016-e1757257943405.jpg\" \/>\n\t<meta property=\"og:image:width\" content=\"723\" \/>\n\t<meta property=\"og:image:height\" content=\"580\" \/>\n\t<meta property=\"og:image:type\" content=\"image\/jpeg\" \/>\n<meta name=\"author\" content=\"NOTICIASMERCEDINAS.COM\" \/>\n<meta name=\"twitter:card\" content=\"summary_large_image\" \/>\n<meta name=\"twitter:creator\" content=\"@notmercedinas\" \/>\n<meta name=\"twitter:site\" content=\"@notmercedinas\" \/>\n<meta name=\"twitter:label1\" content=\"Escrito por\" \/>\n\t<meta name=\"twitter:data1\" content=\"NOTICIASMERCEDINAS.COM\" \/>\n\t<meta name=\"twitter:label2\" content=\"Tiempo de lectura\" \/>\n\t<meta name=\"twitter:data2\" content=\"2 minutos\" \/>\n<script type=\"application\/ld+json\" class=\"yoast-schema-graph\">{\"@context\":\"https:\\\/\\\/schema.org\",\"@graph\":[{\"@type\":\"Article\",\"@id\":\"https:\\\/\\\/noticiasmercedinas.com\\\/site\\\/2025\\\/09\\\/07\\\/carlos-mosso-emite-su-voto-y-cuestiona-la-llegada-de-fiscales-foraneos\\\/#article\",\"isPartOf\":{\"@id\":\"https:\\\/\\\/noticiasmercedinas.com\\\/site\\\/2025\\\/09\\\/07\\\/carlos-mosso-emite-su-voto-y-cuestiona-la-llegada-de-fiscales-foraneos\\\/\"},\"author\":{\"name\":\"NOTICIASMERCEDINAS.COM\",\"@id\":\"https:\\\/\\\/noticiasmercedinas.com\\\/site\\\/#\\\/schema\\\/person\\\/84b59c099c28ff2e8b77d4ceec5d8063\"},\"headline\":\"Carlos Mosso emite su voto y cuestiona la llegada de fiscales for\u00e1neos\",\"datePublished\":\"2025-09-07T15:12:57+00:00\",\"dateModified\":\"2025-09-07T16:23:38+00:00\",\"mainEntityOfPage\":{\"@id\":\"https:\\\/\\\/noticiasmercedinas.com\\\/site\\\/2025\\\/09\\\/07\\\/carlos-mosso-emite-su-voto-y-cuestiona-la-llegada-de-fiscales-foraneos\\\/\"},\"wordCount\":225,\"publisher\":{\"@id\":\"https:\\\/\\\/noticiasmercedinas.com\\\/site\\\/#organization\"},\"image\":{\"@id\":\"https:\\\/\\\/noticiasmercedinas.com\\\/site\\\/2025\\\/09\\\/07\\\/carlos-mosso-emite-su-voto-y-cuestiona-la-llegada-de-fiscales-foraneos\\\/#primaryimage\"},\"thumbnailUrl\":\"https:\\\/\\\/noticiasmercedinas.com\\\/site\\\/wp-content\\\/uploads\\\/2025\\\/09\\\/IMG-20250907-WA0016-e1757257943405.jpg\",\"keywords\":[\"carlos mosso\",\"elecciones 2025\"],\"articleSection\":[\"Politica\"],\"inLanguage\":\"es\"},{\"@type\":\"WebPage\",\"@id\":\"https:\\\/\\\/noticiasmercedinas.com\\\/site\\\/2025\\\/09\\\/07\\\/carlos-mosso-emite-su-voto-y-cuestiona-la-llegada-de-fiscales-foraneos\\\/\",\"url\":\"https:\\\/\\\/noticiasmercedinas.com\\\/site\\\/2025\\\/09\\\/07\\\/carlos-mosso-emite-su-voto-y-cuestiona-la-llegada-de-fiscales-foraneos\\\/\",\"name\":\"Carlos Mosso emite su voto y cuestiona la llegada de fiscales for\u00e1neos\",\"isPartOf\":{\"@id\":\"https:\\\/\\\/noticiasmercedinas.com\\\/site\\\/#website\"},\"primaryImageOfPage\":{\"@id\":\"https:\\\/\\\/noticiasmercedinas.com\\\/site\\\/2025\\\/09\\\/07\\\/carlos-mosso-emite-su-voto-y-cuestiona-la-llegada-de-fiscales-foraneos\\\/#primaryimage\"},\"image\":{\"@id\":\"https:\\\/\\\/noticiasmercedinas.com\\\/site\\\/2025\\\/09\\\/07\\\/carlos-mosso-emite-su-voto-y-cuestiona-la-llegada-de-fiscales-foraneos\\\/#primaryimage\"},\"thumbnailUrl\":\"https:\\\/\\\/noticiasmercedinas.com\\\/site\\\/wp-content\\\/uploads\\\/2025\\\/09\\\/IMG-20250907-WA0016-e1757257943405.jpg\",\"datePublished\":\"2025-09-07T15:12:57+00:00\",\"dateModified\":\"2025-09-07T16:23:38+00:00\",\"description\":\"El candidato de Potencia vot\u00f3 en el Instituto Parroquial de Mercedes y expres\u00f3 su preocupaci\u00f3n por la presencia de micros con fiscales de fuerzas mayoritarias, lo que, seg\u00fan \u00e9l, genera un \\\"descontento y un movimiento\\\" inusual en la jornada electoral.\",\"breadcrumb\":{\"@id\":\"https:\\\/\\\/noticiasmercedinas.com\\\/site\\\/2025\\\/09\\\/07\\\/carlos-mosso-emite-su-voto-y-cuestiona-la-llegada-de-fiscales-foraneos\\\/#breadcrumb\"},\"inLanguage\":\"es\",\"potentialAction\":[{\"@type\":\"ReadAction\",\"target\":[\"https:\\\/\\\/noticiasmercedinas.com\\\/site\\\/2025\\\/09\\\/07\\\/carlos-mosso-emite-su-voto-y-cuestiona-la-llegada-de-fiscales-foraneos\\\/\"]}]},{\"@type\":\"ImageObject\",\"inLanguage\":\"es\",\"@id\":\"https:\\\/\\\/noticiasmercedinas.com\\\/site\\\/2025\\\/09\\\/07\\\/carlos-mosso-emite-su-voto-y-cuestiona-la-llegada-de-fiscales-foraneos\\\/#primaryimage\",\"url\":\"https:\\\/\\\/noticiasmercedinas.com\\\/site\\\/wp-content\\\/uploads\\\/2025\\\/09\\\/IMG-20250907-WA0016-e1757257943405.jpg\",\"contentUrl\":\"https:\\\/\\\/noticiasmercedinas.com\\\/site\\\/wp-content\\\/uploads\\\/2025\\\/09\\\/IMG-20250907-WA0016-e1757257943405.jpg\",\"width\":723,\"height\":580},{\"@type\":\"BreadcrumbList\",\"@id\":\"https:\\\/\\\/noticiasmercedinas.com\\\/site\\\/2025\\\/09\\\/07\\\/carlos-mosso-emite-su-voto-y-cuestiona-la-llegada-de-fiscales-foraneos\\\/#breadcrumb\",\"itemListElement\":[{\"@type\":\"ListItem\",\"position\":1,\"name\":\"Portada\",\"item\":\"https:\\\/\\\/noticiasmercedinas.com\\\/site\\\/\"},{\"@type\":\"ListItem\",\"position\":2,\"name\":\"Carlos Mosso emite su voto y cuestiona la llegada de fiscales for\u00e1neos\"}]},{\"@type\":\"WebSite\",\"@id\":\"https:\\\/\\\/noticiasmercedinas.com\\\/site\\\/#website\",\"url\":\"https:\\\/\\\/noticiasmercedinas.com\\\/site\\\/\",\"name\":\"NOTICIASMERCEDINAS.COM\",\"description\":\"Mercedes, Buenos Aires, Argentina\",\"publisher\":{\"@id\":\"https:\\\/\\\/noticiasmercedinas.com\\\/site\\\/#organization\"},\"potentialAction\":[{\"@type\":\"SearchAction\",\"target\":{\"@type\":\"EntryPoint\",\"urlTemplate\":\"https:\\\/\\\/noticiasmercedinas.com\\\/site\\\/?s={search_term_string}\"},\"query-input\":{\"@type\":\"PropertyValueSpecification\",\"valueRequired\":true,\"valueName\":\"search_term_string\"}}],\"inLanguage\":\"es\"},{\"@type\":\"Organization\",\"@id\":\"https:\\\/\\\/noticiasmercedinas.com\\\/site\\\/#organization\",\"name\":\"NOTICIASMERCEDINAS.COM\",\"url\":\"https:\\\/\\\/noticiasmercedinas.com\\\/site\\\/\",\"logo\":{\"@type\":\"ImageObject\",\"inLanguage\":\"es\",\"@id\":\"https:\\\/\\\/noticiasmercedinas.com\\\/site\\\/#\\\/schema\\\/logo\\\/image\\\/\",\"url\":\"https:\\\/\\\/noticiasmercedinas.com\\\/site\\\/wp-content\\\/uploads\\\/2020\\\/06\\\/LOGO-512.jpg\",\"contentUrl\":\"https:\\\/\\\/noticiasmercedinas.com\\\/site\\\/wp-content\\\/uploads\\\/2020\\\/06\\\/LOGO-512.jpg\",\"width\":512,\"height\":512,\"caption\":\"NOTICIASMERCEDINAS.COM\"},\"image\":{\"@id\":\"https:\\\/\\\/noticiasmercedinas.com\\\/site\\\/#\\\/schema\\\/logo\\\/image\\\/\"},\"sameAs\":[\"https:\\\/\\\/www.facebook.com\\\/noticiasmercedinas\\\/\",\"https:\\\/\\\/x.com\\\/notmercedinas\",\"https:\\\/\\\/www.instagram.com\\\/noticiasmercedinas\\\/\"]},{\"@type\":\"Person\",\"@id\":\"https:\\\/\\\/noticiasmercedinas.com\\\/site\\\/#\\\/schema\\\/person\\\/84b59c099c28ff2e8b77d4ceec5d8063\",\"name\":\"NOTICIASMERCEDINAS.COM\",\"image\":{\"@type\":\"ImageObject\",\"inLanguage\":\"es\",\"@id\":\"https:\\\/\\\/secure.gravatar.com\\\/avatar\\\/4dfbf16b4d17945bfb6341b2d19043457132fcf478a5ee04f42e959fd8f5df0a?s=96&d=mm&r=g\",\"url\":\"https:\\\/\\\/secure.gravatar.com\\\/avatar\\\/4dfbf16b4d17945bfb6341b2d19043457132fcf478a5ee04f42e959fd8f5df0a?s=96&d=mm&r=g\",\"contentUrl\":\"https:\\\/\\\/secure.gravatar.com\\\/avatar\\\/4dfbf16b4d17945bfb6341b2d19043457132fcf478a5ee04f42e959fd8f5df0a?s=96&d=mm&r=g\",\"caption\":\"NOTICIASMERCEDINAS.COM\"},\"url\":\"https:\\\/\\\/noticiasmercedinas.com\\\/site\\\/author\\\/anonimo\\\/\"}]}<\/script>\n<!-- \/ Yoast SEO plugin. -->","yoast_head_json":{"title":"Carlos Mosso emite su voto y cuestiona la llegada de fiscales for\u00e1neos","description":"El candidato de Potencia vot\u00f3 en el Instituto Parroquial de Mercedes y expres\u00f3 su preocupaci\u00f3n por la presencia de micros con fiscales de fuerzas mayoritarias, lo que, seg\u00fan \u00e9l, genera un \"descontento y un movimiento\" inusual en la jornada electoral.","robots":{"index":"index","follow":"follow","max-snippet":"max-snippet:-1","max-image-preview":"max-image-preview:large","max-video-preview":"max-video-preview:-1"},"canonical":"https:\/\/noticiasmercedinas.com\/site\/2025\/09\/07\/carlos-mosso-emite-su-voto-y-cuestiona-la-llegada-de-fiscales-foraneos\/","og_locale":"es_ES","og_type":"article","og_title":"Carlos Mosso emite su voto y cuestiona la llegada de fiscales for\u00e1neos","og_description":"El candidato de Potencia vot\u00f3 en el Instituto Parroquial de Mercedes y expres\u00f3 su preocupaci\u00f3n por la presencia de micros con fiscales de fuerzas mayoritarias, lo que, seg\u00fan \u00e9l, genera un \"descontento y un movimiento\" inusual en la jornada electoral.","og_url":"https:\/\/noticiasmercedinas.com\/site\/2025\/09\/07\/carlos-mosso-emite-su-voto-y-cuestiona-la-llegada-de-fiscales-foraneos\/","og_site_name":"NOTICIASMERCEDINAS.COM","article_publisher":"https:\/\/www.facebook.com\/noticiasmercedinas\/","article_published_time":"2025-09-07T15:12:57+00:00","article_modified_time":"2025-09-07T16:23:38+00:00","og_image":[{"width":723,"height":580,"url":"https:\/\/noticiasmercedinas.com\/site\/wp-content\/uploads\/2025\/09\/IMG-20250907-WA0016-e1757257943405.jpg","type":"image\/jpeg"}],"author":"NOTICIASMERCEDINAS.COM","twitter_card":"summary_large_image","twitter_creator":"@notmercedinas","twitter_site":"@notmercedinas","twitter_misc":{"Escrito por":"NOTICIASMERCEDINAS.COM","Tiempo de lectura":"2 minutos"},"schema":{"@context":"https:\/\/schema.org","@graph":[{"@type":"Article","@id":"https:\/\/noticiasmercedinas.com\/site\/2025\/09\/07\/carlos-mosso-emite-su-voto-y-cuestiona-la-llegada-de-fiscales-foraneos\/#article","isPartOf":{"@id":"https:\/\/noticiasmercedinas.com\/site\/2025\/09\/07\/carlos-mosso-emite-su-voto-y-cuestiona-la-llegada-de-fiscales-foraneos\/"},"author":{"name":"NOTICIASMERCEDINAS.COM","@id":"https:\/\/noticiasmercedinas.com\/site\/#\/schema\/person\/84b59c099c28ff2e8b77d4ceec5d8063"},"headline":"Carlos Mosso emite su voto y cuestiona la llegada de fiscales for\u00e1neos","datePublished":"2025-09-07T15:12:57+00:00","dateModified":"2025-09-07T16:23:38+00:00","mainEntityOfPage":{"@id":"https:\/\/noticiasmercedinas.com\/site\/2025\/09\/07\/carlos-mosso-emite-su-voto-y-cuestiona-la-llegada-de-fiscales-foraneos\/"},"wordCount":225,"publisher":{"@id":"https:\/\/noticiasmercedinas.com\/site\/#organization"},"image":{"@id":"https:\/\/noticiasmercedinas.com\/site\/2025\/09\/07\/carlos-mosso-emite-su-voto-y-cuestiona-la-llegada-de-fiscales-foraneos\/#primaryimage"},"thumbnailUrl":"https:\/\/noticiasmercedinas.com\/site\/wp-content\/uploads\/2025\/09\/IMG-20250907-WA0016-e1757257943405.jpg","keywords":["carlos mosso","elecciones 2025"],"articleSection":["Politica"],"inLanguage":"es"},{"@type":"WebPage","@id":"https:\/\/noticiasmercedinas.com\/site\/2025\/09\/07\/carlos-mosso-emite-su-voto-y-cuestiona-la-llegada-de-fiscales-foraneos\/","url":"https:\/\/noticiasmercedinas.com\/site\/2025\/09\/07\/carlos-mosso-emite-su-voto-y-cuestiona-la-llegada-de-fiscales-foraneos\/","name":"Carlos Mosso emite su voto y cuestiona la llegada de fiscales for\u00e1neos","isPartOf":{"@id":"https:\/\/noticiasmercedinas.com\/site\/#website"},"primaryImageOfPage":{"@id":"https:\/\/noticiasmercedinas.com\/site\/2025\/09\/07\/carlos-mosso-emite-su-voto-y-cuestiona-la-llegada-de-fiscales-foraneos\/#primaryimage"},"image":{"@id":"https:\/\/noticiasmercedinas.com\/site\/2025\/09\/07\/carlos-mosso-emite-su-voto-y-cuestiona-la-llegada-de-fiscales-foraneos\/#primaryimage"},"thumbnailUrl":"https:\/\/noticiasmercedinas.com\/site\/wp-content\/uploads\/2025\/09\/IMG-20250907-WA0016-e1757257943405.jpg","datePublished":"2025-09-07T15:12:57+00:00","dateModified":"2025-09-07T16:23:38+00:00","description":"El candidato de Potencia vot\u00f3 en el Instituto Parroquial de Mercedes y expres\u00f3 su preocupaci\u00f3n por la presencia de micros con fiscales de fuerzas mayoritarias, lo que, seg\u00fan \u00e9l, genera un \"descontento y un movimiento\" inusual en la jornada electoral.","breadcrumb":{"@id":"https:\/\/noticiasmercedinas.com\/site\/2025\/09\/07\/carlos-mosso-emite-su-voto-y-cuestiona-la-llegada-de-fiscales-foraneos\/#breadcrumb"},"inLanguage":"es","potentialAction":[{"@type":"ReadAction","target":["https:\/\/noticiasmercedinas.com\/site\/2025\/09\/07\/carlos-mosso-emite-su-voto-y-cuestiona-la-llegada-de-fiscales-foraneos\/"]}]},{"@type":"ImageObject","inLanguage":"es","@id":"https:\/\/noticiasmercedinas.com\/site\/2025\/09\/07\/carlos-mosso-emite-su-voto-y-cuestiona-la-llegada-de-fiscales-foraneos\/#primaryimage","url":"https:\/\/noticiasmercedinas.com\/site\/wp-content\/uploads\/2025\/09\/IMG-20250907-WA0016-e1757257943405.jpg","contentUrl":"https:\/\/noticiasmercedinas.com\/site\/wp-content\/uploads\/2025\/09\/IMG-20250907-WA0016-e1757257943405.jpg","width":723,"height":580},{"@type":"BreadcrumbList","@id":"https:\/\/noticiasmercedinas.com\/site\/2025\/09\/07\/carlos-mosso-emite-su-voto-y-cuestiona-la-llegada-de-fiscales-foraneos\/#breadcrumb","itemListElement":[{"@type":"ListItem","position":1,"name":"Portada","item":"https:\/\/noticiasmercedinas.com\/site\/"},{"@type":"ListItem","position":2,"name":"Carlos Mosso emite su voto y cuestiona la llegada de fiscales for\u00e1neos"}]},{"@type":"WebSite","@id":"https:\/\/noticiasmercedinas.com\/site\/#website","url":"https:\/\/noticiasmercedinas.com\/site\/","name":"NOTICIASMERCEDINAS.COM","description":"Mercedes, Buenos Aires, Argentina","publisher":{"@id":"https:\/\/noticiasmercedinas.com\/site\/#organization"},"potentialAction":[{"@type":"SearchAction","target":{"@type":"EntryPoint","urlTemplate":"https:\/\/noticiasmercedinas.com\/site\/?s={search_term_string}"},"query-input":{"@type":"PropertyValueSpecification","valueRequired":true,"valueName":"search_term_string"}}],"inLanguage":"es"},{"@type":"Organization","@id":"https:\/\/noticiasmercedinas.com\/site\/#organization","name":"NOTICIASMERCEDINAS.COM","url":"https:\/\/noticiasmercedinas.com\/site\/","logo":{"@type":"ImageObject","inLanguage":"es","@id":"https:\/\/noticiasmercedinas.com\/site\/#\/schema\/logo\/image\/","url":"https:\/\/noticiasmercedinas.com\/site\/wp-content\/uploads\/2020\/06\/LOGO-512.jpg","contentUrl":"https:\/\/noticiasmercedinas.com\/site\/wp-content\/uploads\/2020\/06\/LOGO-512.jpg","width":512,"height":512,"caption":"NOTICIASMERCEDINAS.COM"},"image":{"@id":"https:\/\/noticiasmercedinas.com\/site\/#\/schema\/logo\/image\/"},"sameAs":["https:\/\/www.facebook.com\/noticiasmercedinas\/","https:\/\/x.com\/notmercedinas","https:\/\/www.instagram.com\/noticiasmercedinas\/"]},{"@type":"Person","@id":"https:\/\/noticiasmercedinas.com\/site\/#\/schema\/person\/84b59c099c28ff2e8b77d4ceec5d8063","name":"NOTICIASMERCEDINAS.COM","image":{"@type":"ImageObject","inLanguage":"es","@id":"https:\/\/secure.gravatar.com\/avatar\/4dfbf16b4d17945bfb6341b2d19043457132fcf478a5ee04f42e959fd8f5df0a?s=96&d=mm&r=g","url":"https:\/\/secure.gravatar.com\/avatar\/4dfbf16b4d17945bfb6341b2d19043457132fcf478a5ee04f42e959fd8f5df0a?s=96&d=mm&r=g","contentUrl":"https:\/\/secure.gravatar.com\/avatar\/4dfbf16b4d17945bfb6341b2d19043457132fcf478a5ee04f42e959fd8f5df0a?s=96&d=mm&r=g","caption":"NOTICIASMERCEDINAS.COM"},"url":"https:\/\/noticiasmercedinas.com\/site\/author\/anonimo\/"}]}},"amp_enabled":true,"_links":{"self":[{"href":"https:\/\/noticiasmercedinas.com\/site\/wp-json\/wp\/v2\/posts\/168840","targetHints":{"allow":["GET"]}}],"collection":[{"href":"https:\/\/noticiasmercedinas.com\/site\/wp-json\/wp\/v2\/posts"}],"about":[{"href":"https:\/\/noticiasmercedinas.com\/site\/wp-json\/wp\/v2\/types\/post"}],"author":[{"embeddable":true,"href":"https:\/\/noticiasmercedinas.com\/site\/wp-json\/wp\/v2\/users\/16"}],"replies":[{"embeddable":true,"href":"https:\/\/noticiasmercedinas.com\/site\/wp-json\/wp\/v2\/comments?post=168840"}],"version-history":[{"count":5,"href":"https:\/\/noticiasmercedinas.com\/site\/wp-json\/wp\/v2\/posts\/168840\/revisions"}],"predecessor-version":[{"id":168850,"href":"https:\/\/noticiasmercedinas.com\/site\/wp-json\/wp\/v2\/posts\/168840\/revisions\/168850"}],"wp:featuredmedia":[{"embeddable":true,"href":"https:\/\/noticiasmercedinas.com\/site\/wp-json\/wp\/v2\/media\/168842"}],"wp:attachment":[{"href":"https:\/\/noticiasmercedinas.com\/site\/wp-json\/wp\/v2\/media?parent=168840"}],"wp:term":[{"taxonomy":"category","embeddable":true,"href":"https:\/\/noticiasmercedinas.com\/site\/wp-json\/wp\/v2\/categories?post=168840"},{"taxonomy":"post_tag","embeddable":true,"href":"https:\/\/noticiasmercedinas.com\/site\/wp-json\/wp\/v2\/tags?post=168840"}],"curies":[{"name":"wp","href":"https:\/\/api.w.org\/{rel}","templated":true}]}}