{"id":168966,"date":"2025-09-08T08:52:34","date_gmt":"2025-09-08T11:52:34","guid":{"rendered":"https:\/\/noticiasmercedinas.com\/site\/?p=168966"},"modified":"2025-09-08T08:52:34","modified_gmt":"2025-09-08T11:52:34","slug":"principios-y-valores-de-mercedes-celebra-la-victoria-de-fuerza-patria-y-el-triunfo-de-su-consejero-escolar","status":"publish","type":"post","link":"https:\/\/noticiasmercedinas.com\/site\/2025\/09\/08\/principios-y-valores-de-mercedes-celebra-la-victoria-de-fuerza-patria-y-el-triunfo-de-su-consejero-escolar\/","title":{"rendered":"\u201cPrincipios y Valores\u201d de Mercedes celebra la victoria de Fuerza Patria y el triunfo de su consejero escolar"},"content":{"rendered":"<p><img loading=\"lazy\" decoding=\"async\" class=\"alignnone size-full wp-image-168967\" src=\"https:\/\/noticiasmercedinas.com\/site\/wp-content\/uploads\/2025\/09\/PYV.jpg\" alt=\"\" width=\"640\" height=\"463\" srcset=\"https:\/\/noticiasmercedinas.com\/site\/wp-content\/uploads\/2025\/09\/PYV.jpg 640w, https:\/\/noticiasmercedinas.com\/site\/wp-content\/uploads\/2025\/09\/PYV-300x217.jpg 300w\" sizes=\"auto, (max-width: 640px) 100vw, 640px\" \/><\/p>\n<p>El triunfo de la lista de Fuerza Patria en el distrito de Mercedes fue motivo de celebraci\u00f3n para el espacio \u00abPrincipios y Valores\u00bb local. La agrupaci\u00f3n, que se referencia en la figura de Guillermo Moreno a nivel nacional, hizo propia la victoria del peronismo y el campo popular, destacando el logro de su principal referente en la boleta local, Guido Ortubia, electo como primer Consejero Escolar.<\/p>\n<p>A trav\u00e9s de un posteo en sus redes sociales, la cuenta de la agrupaci\u00f3n expres\u00f3 su alegr\u00eda: \u201cGran victoria del peronismo en Mercedes y en la Provincia de Buenos Aires. El proceso de recuperaci\u00f3n y renovaci\u00f3n justicialista est\u00e1 en marcha\u201d.<\/p>\n<p>La publicaci\u00f3n no solo felicit\u00f3 a su militante, Guido Ortubia, por la obtenci\u00f3n de una banca en el Consejo Escolar, sino que tambi\u00e9n extendi\u00f3 sus felicitaciones a los dem\u00e1s integrantes de la lista de Fuerza Patria, encabezada por Santiago Altube. \u00abFelicitaciones a nuestro compa\u00f1ero @guido_ortubia91 por la consejer\u00eda escolar; y felicitaciones a @santiagoaltube, @euge.codega, @picconerama, @sabrinaelianavinales y dem\u00e1s compa\u00f1eros de la lista de @fuerzamercedesok por la gran elecci\u00f3n que han construido\u00bb, reza el mensaje.<\/p>\n<p>El espacio tambi\u00e9n aprovech\u00f3 la oportunidad para agradecer a \u00abtodos los familiares, vecinos y amigos\u00bb que brindaron su apoyo, y concluy\u00f3 la publicaci\u00f3n con un fervoroso grito: \u00ab\u00a1Viva Mercedes, viva la Patria y viva Per\u00f3n!\u00bb.<\/p>\n<p>La celebraci\u00f3n de \u00abPrincipios y Valores\u00bb deja en claro la consolidaci\u00f3n de la unidad en el peronismo local, donde diferentes vertientes confluyeron en una lista de unidad para lograr un triunfo que, seg\u00fan ellos, no solo es una victoria electoral, sino tambi\u00e9n el inicio de un proceso de renovaci\u00f3n dentro del movimiento.<\/p>\n","protected":false},"excerpt":{"rendered":"<p>\u25a0 La agrupaci\u00f3n referenciada en Guillermo Moreno festeja la elecci\u00f3n de su militante, Guido Ortubia, como primer Consejero Escolar, y considera la victoria de Fuerza Patria, \u00abla lista de Juani\u00bb, como el inicio de una \u201crecuperaci\u00f3n y renovaci\u00f3n justicialista\u201d en la ciudad.<\/p>\n","protected":false},"author":16,"featured_media":168967,"comment_status":"closed","ping_status":"closed","sticky":false,"template":"","format":"standard","meta":{"footnotes":""},"categories":[16],"tags":[19953,20494,13133,12780],"class_list":["post-168966","post","type-post","status-publish","format-standard","has-post-thumbnail","hentry","category-politica","tag-elecciones-2025","tag-fuerza-patria","tag-guido-ortubia","tag-principios-y-valores"],"yoast_head":"<!-- This site is optimized with the Yoast SEO plugin v27.5 - https:\/\/yoast.com\/product\/yoast-seo-wordpress\/ -->\n<title>\u201cPrincipios y Valores\u201d de Mercedes celebra la victoria de Fuerza Patria y el triunfo de su consejero escolar<\/title>\n<meta name=\"description\" content=\"\u25a0 La agrupaci\u00f3n referenciada en Guillermo Moreno festeja la elecci\u00f3n de su militante, Guido Ortubia, como primer Consejero Escolar, y considera la victoria de Fuerza Patria, &quot;la lista de Juani&quot;, como el inicio de una \u201crecuperaci\u00f3n y renovaci\u00f3n justicialista\u201d en la ciudad.\" \/>\n<meta name=\"robots\" content=\"index, follow, max-snippet:-1, max-image-preview:large, max-video-preview:-1\" \/>\n<link rel=\"canonical\" href=\"https:\/\/noticiasmercedinas.com\/site\/2025\/09\/08\/principios-y-valores-de-mercedes-celebra-la-victoria-de-fuerza-patria-y-el-triunfo-de-su-consejero-escolar\/\" \/>\n<meta property=\"og:locale\" content=\"es_ES\" \/>\n<meta property=\"og:type\" content=\"article\" \/>\n<meta property=\"og:title\" content=\"\u201cPrincipios y Valores\u201d de Mercedes celebra la victoria de Fuerza Patria y el triunfo de su consejero escolar\" \/>\n<meta property=\"og:description\" content=\"\u25a0 La agrupaci\u00f3n referenciada en Guillermo Moreno festeja la elecci\u00f3n de su militante, Guido Ortubia, como primer Consejero Escolar, y considera la victoria de Fuerza Patria, &quot;la lista de Juani&quot;, como el inicio de una \u201crecuperaci\u00f3n y renovaci\u00f3n justicialista\u201d en la ciudad.\" \/>\n<meta property=\"og:url\" content=\"https:\/\/noticiasmercedinas.com\/site\/2025\/09\/08\/principios-y-valores-de-mercedes-celebra-la-victoria-de-fuerza-patria-y-el-triunfo-de-su-consejero-escolar\/\" \/>\n<meta property=\"og:site_name\" content=\"NOTICIASMERCEDINAS.COM\" \/>\n<meta property=\"article:publisher\" content=\"https:\/\/www.facebook.com\/noticiasmercedinas\/\" \/>\n<meta property=\"article:published_time\" content=\"2025-09-08T11:52:34+00:00\" \/>\n<meta property=\"og:image\" content=\"https:\/\/noticiasmercedinas.com\/site\/wp-content\/uploads\/2025\/09\/PYV.jpg\" \/>\n\t<meta property=\"og:image:width\" content=\"640\" \/>\n\t<meta property=\"og:image:height\" content=\"463\" \/>\n\t<meta property=\"og:image:type\" content=\"image\/jpeg\" \/>\n<meta name=\"author\" content=\"NOTICIASMERCEDINAS.COM\" \/>\n<meta name=\"twitter:card\" content=\"summary_large_image\" \/>\n<meta name=\"twitter:creator\" content=\"@notmercedinas\" \/>\n<meta name=\"twitter:site\" content=\"@notmercedinas\" \/>\n<meta name=\"twitter:label1\" content=\"Escrito por\" \/>\n\t<meta name=\"twitter:data1\" content=\"NOTICIASMERCEDINAS.COM\" \/>\n\t<meta name=\"twitter:label2\" content=\"Tiempo de lectura\" \/>\n\t<meta name=\"twitter:data2\" content=\"2 minutos\" \/>\n<script type=\"application\/ld+json\" class=\"yoast-schema-graph\">{\"@context\":\"https:\\\/\\\/schema.org\",\"@graph\":[{\"@type\":\"Article\",\"@id\":\"https:\\\/\\\/noticiasmercedinas.com\\\/site\\\/2025\\\/09\\\/08\\\/principios-y-valores-de-mercedes-celebra-la-victoria-de-fuerza-patria-y-el-triunfo-de-su-consejero-escolar\\\/#article\",\"isPartOf\":{\"@id\":\"https:\\\/\\\/noticiasmercedinas.com\\\/site\\\/2025\\\/09\\\/08\\\/principios-y-valores-de-mercedes-celebra-la-victoria-de-fuerza-patria-y-el-triunfo-de-su-consejero-escolar\\\/\"},\"author\":{\"name\":\"NOTICIASMERCEDINAS.COM\",\"@id\":\"https:\\\/\\\/noticiasmercedinas.com\\\/site\\\/#\\\/schema\\\/person\\\/84b59c099c28ff2e8b77d4ceec5d8063\"},\"headline\":\"\u201cPrincipios y Valores\u201d de Mercedes celebra la victoria de Fuerza Patria y el triunfo de su consejero escolar\",\"datePublished\":\"2025-09-08T11:52:34+00:00\",\"mainEntityOfPage\":{\"@id\":\"https:\\\/\\\/noticiasmercedinas.com\\\/site\\\/2025\\\/09\\\/08\\\/principios-y-valores-de-mercedes-celebra-la-victoria-de-fuerza-patria-y-el-triunfo-de-su-consejero-escolar\\\/\"},\"wordCount\":311,\"publisher\":{\"@id\":\"https:\\\/\\\/noticiasmercedinas.com\\\/site\\\/#organization\"},\"image\":{\"@id\":\"https:\\\/\\\/noticiasmercedinas.com\\\/site\\\/2025\\\/09\\\/08\\\/principios-y-valores-de-mercedes-celebra-la-victoria-de-fuerza-patria-y-el-triunfo-de-su-consejero-escolar\\\/#primaryimage\"},\"thumbnailUrl\":\"https:\\\/\\\/noticiasmercedinas.com\\\/site\\\/wp-content\\\/uploads\\\/2025\\\/09\\\/PYV.jpg\",\"keywords\":[\"elecciones 2025\",\"fuerza patria\",\"guido ortubia\",\"principios y valores\"],\"articleSection\":[\"Politica\"],\"inLanguage\":\"es\"},{\"@type\":\"WebPage\",\"@id\":\"https:\\\/\\\/noticiasmercedinas.com\\\/site\\\/2025\\\/09\\\/08\\\/principios-y-valores-de-mercedes-celebra-la-victoria-de-fuerza-patria-y-el-triunfo-de-su-consejero-escolar\\\/\",\"url\":\"https:\\\/\\\/noticiasmercedinas.com\\\/site\\\/2025\\\/09\\\/08\\\/principios-y-valores-de-mercedes-celebra-la-victoria-de-fuerza-patria-y-el-triunfo-de-su-consejero-escolar\\\/\",\"name\":\"\u201cPrincipios y Valores\u201d de Mercedes celebra la victoria de Fuerza Patria y el triunfo de su consejero escolar\",\"isPartOf\":{\"@id\":\"https:\\\/\\\/noticiasmercedinas.com\\\/site\\\/#website\"},\"primaryImageOfPage\":{\"@id\":\"https:\\\/\\\/noticiasmercedinas.com\\\/site\\\/2025\\\/09\\\/08\\\/principios-y-valores-de-mercedes-celebra-la-victoria-de-fuerza-patria-y-el-triunfo-de-su-consejero-escolar\\\/#primaryimage\"},\"image\":{\"@id\":\"https:\\\/\\\/noticiasmercedinas.com\\\/site\\\/2025\\\/09\\\/08\\\/principios-y-valores-de-mercedes-celebra-la-victoria-de-fuerza-patria-y-el-triunfo-de-su-consejero-escolar\\\/#primaryimage\"},\"thumbnailUrl\":\"https:\\\/\\\/noticiasmercedinas.com\\\/site\\\/wp-content\\\/uploads\\\/2025\\\/09\\\/PYV.jpg\",\"datePublished\":\"2025-09-08T11:52:34+00:00\",\"description\":\"\u25a0 La agrupaci\u00f3n referenciada en Guillermo Moreno festeja la elecci\u00f3n de su militante, Guido Ortubia, como primer Consejero Escolar, y considera la victoria de Fuerza Patria, \\\"la lista de Juani\\\", como el inicio de una \u201crecuperaci\u00f3n y renovaci\u00f3n justicialista\u201d en la ciudad.\",\"breadcrumb\":{\"@id\":\"https:\\\/\\\/noticiasmercedinas.com\\\/site\\\/2025\\\/09\\\/08\\\/principios-y-valores-de-mercedes-celebra-la-victoria-de-fuerza-patria-y-el-triunfo-de-su-consejero-escolar\\\/#breadcrumb\"},\"inLanguage\":\"es\",\"potentialAction\":[{\"@type\":\"ReadAction\",\"target\":[\"https:\\\/\\\/noticiasmercedinas.com\\\/site\\\/2025\\\/09\\\/08\\\/principios-y-valores-de-mercedes-celebra-la-victoria-de-fuerza-patria-y-el-triunfo-de-su-consejero-escolar\\\/\"]}]},{\"@type\":\"ImageObject\",\"inLanguage\":\"es\",\"@id\":\"https:\\\/\\\/noticiasmercedinas.com\\\/site\\\/2025\\\/09\\\/08\\\/principios-y-valores-de-mercedes-celebra-la-victoria-de-fuerza-patria-y-el-triunfo-de-su-consejero-escolar\\\/#primaryimage\",\"url\":\"https:\\\/\\\/noticiasmercedinas.com\\\/site\\\/wp-content\\\/uploads\\\/2025\\\/09\\\/PYV.jpg\",\"contentUrl\":\"https:\\\/\\\/noticiasmercedinas.com\\\/site\\\/wp-content\\\/uploads\\\/2025\\\/09\\\/PYV.jpg\",\"width\":640,\"height\":463},{\"@type\":\"BreadcrumbList\",\"@id\":\"https:\\\/\\\/noticiasmercedinas.com\\\/site\\\/2025\\\/09\\\/08\\\/principios-y-valores-de-mercedes-celebra-la-victoria-de-fuerza-patria-y-el-triunfo-de-su-consejero-escolar\\\/#breadcrumb\",\"itemListElement\":[{\"@type\":\"ListItem\",\"position\":1,\"name\":\"Portada\",\"item\":\"https:\\\/\\\/noticiasmercedinas.com\\\/site\\\/\"},{\"@type\":\"ListItem\",\"position\":2,\"name\":\"\u201cPrincipios y Valores\u201d de Mercedes celebra la victoria de Fuerza Patria y el triunfo de su consejero escolar\"}]},{\"@type\":\"WebSite\",\"@id\":\"https:\\\/\\\/noticiasmercedinas.com\\\/site\\\/#website\",\"url\":\"https:\\\/\\\/noticiasmercedinas.com\\\/site\\\/\",\"name\":\"NOTICIASMERCEDINAS.COM\",\"description\":\"Mercedes, Buenos Aires, Argentina\",\"publisher\":{\"@id\":\"https:\\\/\\\/noticiasmercedinas.com\\\/site\\\/#organization\"},\"potentialAction\":[{\"@type\":\"SearchAction\",\"target\":{\"@type\":\"EntryPoint\",\"urlTemplate\":\"https:\\\/\\\/noticiasmercedinas.com\\\/site\\\/?s={search_term_string}\"},\"query-input\":{\"@type\":\"PropertyValueSpecification\",\"valueRequired\":true,\"valueName\":\"search_term_string\"}}],\"inLanguage\":\"es\"},{\"@type\":\"Organization\",\"@id\":\"https:\\\/\\\/noticiasmercedinas.com\\\/site\\\/#organization\",\"name\":\"NOTICIASMERCEDINAS.COM\",\"url\":\"https:\\\/\\\/noticiasmercedinas.com\\\/site\\\/\",\"logo\":{\"@type\":\"ImageObject\",\"inLanguage\":\"es\",\"@id\":\"https:\\\/\\\/noticiasmercedinas.com\\\/site\\\/#\\\/schema\\\/logo\\\/image\\\/\",\"url\":\"https:\\\/\\\/noticiasmercedinas.com\\\/site\\\/wp-content\\\/uploads\\\/2020\\\/06\\\/LOGO-512.jpg\",\"contentUrl\":\"https:\\\/\\\/noticiasmercedinas.com\\\/site\\\/wp-content\\\/uploads\\\/2020\\\/06\\\/LOGO-512.jpg\",\"width\":512,\"height\":512,\"caption\":\"NOTICIASMERCEDINAS.COM\"},\"image\":{\"@id\":\"https:\\\/\\\/noticiasmercedinas.com\\\/site\\\/#\\\/schema\\\/logo\\\/image\\\/\"},\"sameAs\":[\"https:\\\/\\\/www.facebook.com\\\/noticiasmercedinas\\\/\",\"https:\\\/\\\/x.com\\\/notmercedinas\",\"https:\\\/\\\/www.instagram.com\\\/noticiasmercedinas\\\/\"]},{\"@type\":\"Person\",\"@id\":\"https:\\\/\\\/noticiasmercedinas.com\\\/site\\\/#\\\/schema\\\/person\\\/84b59c099c28ff2e8b77d4ceec5d8063\",\"name\":\"NOTICIASMERCEDINAS.COM\",\"image\":{\"@type\":\"ImageObject\",\"inLanguage\":\"es\",\"@id\":\"https:\\\/\\\/secure.gravatar.com\\\/avatar\\\/4dfbf16b4d17945bfb6341b2d19043457132fcf478a5ee04f42e959fd8f5df0a?s=96&d=mm&r=g\",\"url\":\"https:\\\/\\\/secure.gravatar.com\\\/avatar\\\/4dfbf16b4d17945bfb6341b2d19043457132fcf478a5ee04f42e959fd8f5df0a?s=96&d=mm&r=g\",\"contentUrl\":\"https:\\\/\\\/secure.gravatar.com\\\/avatar\\\/4dfbf16b4d17945bfb6341b2d19043457132fcf478a5ee04f42e959fd8f5df0a?s=96&d=mm&r=g\",\"caption\":\"NOTICIASMERCEDINAS.COM\"},\"url\":\"https:\\\/\\\/noticiasmercedinas.com\\\/site\\\/author\\\/anonimo\\\/\"}]}<\/script>\n<!-- \/ Yoast SEO plugin. -->","yoast_head_json":{"title":"\u201cPrincipios y Valores\u201d de Mercedes celebra la victoria de Fuerza Patria y el triunfo de su consejero escolar","description":"\u25a0 La agrupaci\u00f3n referenciada en Guillermo Moreno festeja la elecci\u00f3n de su militante, Guido Ortubia, como primer Consejero Escolar, y considera la victoria de Fuerza Patria, \"la lista de Juani\", como el inicio de una \u201crecuperaci\u00f3n y renovaci\u00f3n justicialista\u201d en la ciudad.","robots":{"index":"index","follow":"follow","max-snippet":"max-snippet:-1","max-image-preview":"max-image-preview:large","max-video-preview":"max-video-preview:-1"},"canonical":"https:\/\/noticiasmercedinas.com\/site\/2025\/09\/08\/principios-y-valores-de-mercedes-celebra-la-victoria-de-fuerza-patria-y-el-triunfo-de-su-consejero-escolar\/","og_locale":"es_ES","og_type":"article","og_title":"\u201cPrincipios y Valores\u201d de Mercedes celebra la victoria de Fuerza Patria y el triunfo de su consejero escolar","og_description":"\u25a0 La agrupaci\u00f3n referenciada en Guillermo Moreno festeja la elecci\u00f3n de su militante, Guido Ortubia, como primer Consejero Escolar, y considera la victoria de Fuerza Patria, \"la lista de Juani\", como el inicio de una \u201crecuperaci\u00f3n y renovaci\u00f3n justicialista\u201d en la ciudad.","og_url":"https:\/\/noticiasmercedinas.com\/site\/2025\/09\/08\/principios-y-valores-de-mercedes-celebra-la-victoria-de-fuerza-patria-y-el-triunfo-de-su-consejero-escolar\/","og_site_name":"NOTICIASMERCEDINAS.COM","article_publisher":"https:\/\/www.facebook.com\/noticiasmercedinas\/","article_published_time":"2025-09-08T11:52:34+00:00","og_image":[{"width":640,"height":463,"url":"https:\/\/noticiasmercedinas.com\/site\/wp-content\/uploads\/2025\/09\/PYV.jpg","type":"image\/jpeg"}],"author":"NOTICIASMERCEDINAS.COM","twitter_card":"summary_large_image","twitter_creator":"@notmercedinas","twitter_site":"@notmercedinas","twitter_misc":{"Escrito por":"NOTICIASMERCEDINAS.COM","Tiempo de lectura":"2 minutos"},"schema":{"@context":"https:\/\/schema.org","@graph":[{"@type":"Article","@id":"https:\/\/noticiasmercedinas.com\/site\/2025\/09\/08\/principios-y-valores-de-mercedes-celebra-la-victoria-de-fuerza-patria-y-el-triunfo-de-su-consejero-escolar\/#article","isPartOf":{"@id":"https:\/\/noticiasmercedinas.com\/site\/2025\/09\/08\/principios-y-valores-de-mercedes-celebra-la-victoria-de-fuerza-patria-y-el-triunfo-de-su-consejero-escolar\/"},"author":{"name":"NOTICIASMERCEDINAS.COM","@id":"https:\/\/noticiasmercedinas.com\/site\/#\/schema\/person\/84b59c099c28ff2e8b77d4ceec5d8063"},"headline":"\u201cPrincipios y Valores\u201d de Mercedes celebra la victoria de Fuerza Patria y el triunfo de su consejero escolar","datePublished":"2025-09-08T11:52:34+00:00","mainEntityOfPage":{"@id":"https:\/\/noticiasmercedinas.com\/site\/2025\/09\/08\/principios-y-valores-de-mercedes-celebra-la-victoria-de-fuerza-patria-y-el-triunfo-de-su-consejero-escolar\/"},"wordCount":311,"publisher":{"@id":"https:\/\/noticiasmercedinas.com\/site\/#organization"},"image":{"@id":"https:\/\/noticiasmercedinas.com\/site\/2025\/09\/08\/principios-y-valores-de-mercedes-celebra-la-victoria-de-fuerza-patria-y-el-triunfo-de-su-consejero-escolar\/#primaryimage"},"thumbnailUrl":"https:\/\/noticiasmercedinas.com\/site\/wp-content\/uploads\/2025\/09\/PYV.jpg","keywords":["elecciones 2025","fuerza patria","guido ortubia","principios y valores"],"articleSection":["Politica"],"inLanguage":"es"},{"@type":"WebPage","@id":"https:\/\/noticiasmercedinas.com\/site\/2025\/09\/08\/principios-y-valores-de-mercedes-celebra-la-victoria-de-fuerza-patria-y-el-triunfo-de-su-consejero-escolar\/","url":"https:\/\/noticiasmercedinas.com\/site\/2025\/09\/08\/principios-y-valores-de-mercedes-celebra-la-victoria-de-fuerza-patria-y-el-triunfo-de-su-consejero-escolar\/","name":"\u201cPrincipios y Valores\u201d de Mercedes celebra la victoria de Fuerza Patria y el triunfo de su consejero escolar","isPartOf":{"@id":"https:\/\/noticiasmercedinas.com\/site\/#website"},"primaryImageOfPage":{"@id":"https:\/\/noticiasmercedinas.com\/site\/2025\/09\/08\/principios-y-valores-de-mercedes-celebra-la-victoria-de-fuerza-patria-y-el-triunfo-de-su-consejero-escolar\/#primaryimage"},"image":{"@id":"https:\/\/noticiasmercedinas.com\/site\/2025\/09\/08\/principios-y-valores-de-mercedes-celebra-la-victoria-de-fuerza-patria-y-el-triunfo-de-su-consejero-escolar\/#primaryimage"},"thumbnailUrl":"https:\/\/noticiasmercedinas.com\/site\/wp-content\/uploads\/2025\/09\/PYV.jpg","datePublished":"2025-09-08T11:52:34+00:00","description":"\u25a0 La agrupaci\u00f3n referenciada en Guillermo Moreno festeja la elecci\u00f3n de su militante, Guido Ortubia, como primer Consejero Escolar, y considera la victoria de Fuerza Patria, \"la lista de Juani\", como el inicio de una \u201crecuperaci\u00f3n y renovaci\u00f3n justicialista\u201d en la ciudad.","breadcrumb":{"@id":"https:\/\/noticiasmercedinas.com\/site\/2025\/09\/08\/principios-y-valores-de-mercedes-celebra-la-victoria-de-fuerza-patria-y-el-triunfo-de-su-consejero-escolar\/#breadcrumb"},"inLanguage":"es","potentialAction":[{"@type":"ReadAction","target":["https:\/\/noticiasmercedinas.com\/site\/2025\/09\/08\/principios-y-valores-de-mercedes-celebra-la-victoria-de-fuerza-patria-y-el-triunfo-de-su-consejero-escolar\/"]}]},{"@type":"ImageObject","inLanguage":"es","@id":"https:\/\/noticiasmercedinas.com\/site\/2025\/09\/08\/principios-y-valores-de-mercedes-celebra-la-victoria-de-fuerza-patria-y-el-triunfo-de-su-consejero-escolar\/#primaryimage","url":"https:\/\/noticiasmercedinas.com\/site\/wp-content\/uploads\/2025\/09\/PYV.jpg","contentUrl":"https:\/\/noticiasmercedinas.com\/site\/wp-content\/uploads\/2025\/09\/PYV.jpg","width":640,"height":463},{"@type":"BreadcrumbList","@id":"https:\/\/noticiasmercedinas.com\/site\/2025\/09\/08\/principios-y-valores-de-mercedes-celebra-la-victoria-de-fuerza-patria-y-el-triunfo-de-su-consejero-escolar\/#breadcrumb","itemListElement":[{"@type":"ListItem","position":1,"name":"Portada","item":"https:\/\/noticiasmercedinas.com\/site\/"},{"@type":"ListItem","position":2,"name":"\u201cPrincipios y Valores\u201d de Mercedes celebra la victoria de Fuerza Patria y el triunfo de su consejero escolar"}]},{"@type":"WebSite","@id":"https:\/\/noticiasmercedinas.com\/site\/#website","url":"https:\/\/noticiasmercedinas.com\/site\/","name":"NOTICIASMERCEDINAS.COM","description":"Mercedes, Buenos Aires, Argentina","publisher":{"@id":"https:\/\/noticiasmercedinas.com\/site\/#organization"},"potentialAction":[{"@type":"SearchAction","target":{"@type":"EntryPoint","urlTemplate":"https:\/\/noticiasmercedinas.com\/site\/?s={search_term_string}"},"query-input":{"@type":"PropertyValueSpecification","valueRequired":true,"valueName":"search_term_string"}}],"inLanguage":"es"},{"@type":"Organization","@id":"https:\/\/noticiasmercedinas.com\/site\/#organization","name":"NOTICIASMERCEDINAS.COM","url":"https:\/\/noticiasmercedinas.com\/site\/","logo":{"@type":"ImageObject","inLanguage":"es","@id":"https:\/\/noticiasmercedinas.com\/site\/#\/schema\/logo\/image\/","url":"https:\/\/noticiasmercedinas.com\/site\/wp-content\/uploads\/2020\/06\/LOGO-512.jpg","contentUrl":"https:\/\/noticiasmercedinas.com\/site\/wp-content\/uploads\/2020\/06\/LOGO-512.jpg","width":512,"height":512,"caption":"NOTICIASMERCEDINAS.COM"},"image":{"@id":"https:\/\/noticiasmercedinas.com\/site\/#\/schema\/logo\/image\/"},"sameAs":["https:\/\/www.facebook.com\/noticiasmercedinas\/","https:\/\/x.com\/notmercedinas","https:\/\/www.instagram.com\/noticiasmercedinas\/"]},{"@type":"Person","@id":"https:\/\/noticiasmercedinas.com\/site\/#\/schema\/person\/84b59c099c28ff2e8b77d4ceec5d8063","name":"NOTICIASMERCEDINAS.COM","image":{"@type":"ImageObject","inLanguage":"es","@id":"https:\/\/secure.gravatar.com\/avatar\/4dfbf16b4d17945bfb6341b2d19043457132fcf478a5ee04f42e959fd8f5df0a?s=96&d=mm&r=g","url":"https:\/\/secure.gravatar.com\/avatar\/4dfbf16b4d17945bfb6341b2d19043457132fcf478a5ee04f42e959fd8f5df0a?s=96&d=mm&r=g","contentUrl":"https:\/\/secure.gravatar.com\/avatar\/4dfbf16b4d17945bfb6341b2d19043457132fcf478a5ee04f42e959fd8f5df0a?s=96&d=mm&r=g","caption":"NOTICIASMERCEDINAS.COM"},"url":"https:\/\/noticiasmercedinas.com\/site\/author\/anonimo\/"}]}},"amp_enabled":true,"_links":{"self":[{"href":"https:\/\/noticiasmercedinas.com\/site\/wp-json\/wp\/v2\/posts\/168966","targetHints":{"allow":["GET"]}}],"collection":[{"href":"https:\/\/noticiasmercedinas.com\/site\/wp-json\/wp\/v2\/posts"}],"about":[{"href":"https:\/\/noticiasmercedinas.com\/site\/wp-json\/wp\/v2\/types\/post"}],"author":[{"embeddable":true,"href":"https:\/\/noticiasmercedinas.com\/site\/wp-json\/wp\/v2\/users\/16"}],"replies":[{"embeddable":true,"href":"https:\/\/noticiasmercedinas.com\/site\/wp-json\/wp\/v2\/comments?post=168966"}],"version-history":[{"count":1,"href":"https:\/\/noticiasmercedinas.com\/site\/wp-json\/wp\/v2\/posts\/168966\/revisions"}],"predecessor-version":[{"id":168968,"href":"https:\/\/noticiasmercedinas.com\/site\/wp-json\/wp\/v2\/posts\/168966\/revisions\/168968"}],"wp:featuredmedia":[{"embeddable":true,"href":"https:\/\/noticiasmercedinas.com\/site\/wp-json\/wp\/v2\/media\/168967"}],"wp:attachment":[{"href":"https:\/\/noticiasmercedinas.com\/site\/wp-json\/wp\/v2\/media?parent=168966"}],"wp:term":[{"taxonomy":"category","embeddable":true,"href":"https:\/\/noticiasmercedinas.com\/site\/wp-json\/wp\/v2\/categories?post=168966"},{"taxonomy":"post_tag","embeddable":true,"href":"https:\/\/noticiasmercedinas.com\/site\/wp-json\/wp\/v2\/tags?post=168966"}],"curies":[{"name":"wp","href":"https:\/\/api.w.org\/{rel}","templated":true}]}}