{"id":169012,"date":"2025-09-08T18:56:39","date_gmt":"2025-09-08T21:56:39","guid":{"rendered":"https:\/\/noticiasmercedinas.com\/site\/?p=169012"},"modified":"2025-09-08T18:56:39","modified_gmt":"2025-09-08T21:56:39","slug":"ktm-y-can-am-inauguraron-un-nuevo-concesionario-oficial-en-quilmes-y-refuerza-su-presencia-en-argentina","status":"publish","type":"post","link":"https:\/\/noticiasmercedinas.com\/site\/2025\/09\/08\/ktm-y-can-am-inauguraron-un-nuevo-concesionario-oficial-en-quilmes-y-refuerza-su-presencia-en-argentina\/","title":{"rendered":"KTM y Can-Am inauguraron un nuevo concesionario oficial en Quilmes y refuerza su presencia en Argentina"},"content":{"rendered":"<p><img loading=\"lazy\" decoding=\"async\" class=\"alignnone size-full wp-image-169014\" src=\"https:\/\/noticiasmercedinas.com\/site\/wp-content\/uploads\/2025\/09\/Leandro-Panaggio-de-Grupo-Simpa-y-Claudio-Ferraro-responsable-de-KTM-Quilmes-1-scaled.jpg\" alt=\"\" width=\"2560\" height=\"1706\" srcset=\"https:\/\/noticiasmercedinas.com\/site\/wp-content\/uploads\/2025\/09\/Leandro-Panaggio-de-Grupo-Simpa-y-Claudio-Ferraro-responsable-de-KTM-Quilmes-1-scaled.jpg 2560w, https:\/\/noticiasmercedinas.com\/site\/wp-content\/uploads\/2025\/09\/Leandro-Panaggio-de-Grupo-Simpa-y-Claudio-Ferraro-responsable-de-KTM-Quilmes-1-300x200.jpg 300w, https:\/\/noticiasmercedinas.com\/site\/wp-content\/uploads\/2025\/09\/Leandro-Panaggio-de-Grupo-Simpa-y-Claudio-Ferraro-responsable-de-KTM-Quilmes-1-1024x683.jpg 1024w, https:\/\/noticiasmercedinas.com\/site\/wp-content\/uploads\/2025\/09\/Leandro-Panaggio-de-Grupo-Simpa-y-Claudio-Ferraro-responsable-de-KTM-Quilmes-1-768x512.jpg 768w, https:\/\/noticiasmercedinas.com\/site\/wp-content\/uploads\/2025\/09\/Leandro-Panaggio-de-Grupo-Simpa-y-Claudio-Ferraro-responsable-de-KTM-Quilmes-1-1536x1024.jpg 1536w, https:\/\/noticiasmercedinas.com\/site\/wp-content\/uploads\/2025\/09\/Leandro-Panaggio-de-Grupo-Simpa-y-Claudio-Ferraro-responsable-de-KTM-Quilmes-1-2048x1365.jpg 2048w, https:\/\/noticiasmercedinas.com\/site\/wp-content\/uploads\/2025\/09\/Leandro-Panaggio-de-Grupo-Simpa-y-Claudio-Ferraro-responsable-de-KTM-Quilmes-1-640x427.jpg 640w, https:\/\/noticiasmercedinas.com\/site\/wp-content\/uploads\/2025\/09\/Leandro-Panaggio-de-Grupo-Simpa-y-Claudio-Ferraro-responsable-de-KTM-Quilmes-1-1280x853.jpg 1280w, https:\/\/noticiasmercedinas.com\/site\/wp-content\/uploads\/2025\/09\/Leandro-Panaggio-de-Grupo-Simpa-y-Claudio-Ferraro-responsable-de-KTM-Quilmes-1-681x454.jpg 681w, https:\/\/noticiasmercedinas.com\/site\/wp-content\/uploads\/2025\/09\/Leandro-Panaggio-de-Grupo-Simpa-y-Claudio-Ferraro-responsable-de-KTM-Quilmes-1-1362x908.jpg 1362w\" sizes=\"auto, (max-width: 2560px) 100vw, 2560px\" \/><\/p>\n<p class=\"m_6974670763071343376paragraph\"><b>KTM Can-Am,\u00a0<\/b>marcas integrantes del portfolio del Grupo Simpa S.A.,<b>\u00a0inauguraron un nuevo concesionario oficial en Quilmes, ampliando su red comercial a 24 concesionarios oficiales en el pa\u00eds y apostando al mercado nacional con la apertura de un exclusivo local en esta importante zona con fuerte identidad motera, como es el sur del gran Buenos Aires.<u><\/u><u><\/u><\/b><u><\/u><\/p>\n<p class=\"m_6974670763071343376paragraph\">El nuevo espacio de motos de la marca austr\u00edaca KTM y de los \u201cside by side\u201d ATVs Can-Am, de la empresa canadiense Bombardier Recreational Products (BRP),\u00a0<b>est\u00e1 ubicado en la Avenida 12 de Octubre 898, y cuenta con 800 m2 dedicados a la exhibici\u00f3n de modelos, atenci\u00f3n personalizada, posventa y servicios especializados.<\/b><b><u><\/u><u><\/u><\/b><\/p>\n<p class=\"m_6974670763071343376paragraph\">Desde su apertura, el concesionario ofrecer\u00e1 el line-up completo de KTM, incluyendo modelos de calle, deportivas y de aventura como Duke 200, 250, 390, 390 Spoke y Duke 990; las RC 200 y 390; las Adventure 250, 390, 790, 890 R y 1290 Super Adventure S; adem\u00e1s de las off-road EXC-F 350 y SX-F 450. Tambi\u00e9n incorpora una amplia gama de veh\u00edculos Can-Am como los Defender, Commander, Outlander y Maverick, entre otras.<u><\/u><u><\/u><u><\/u><\/p>\n<p class=\"m_6974670763071343376paragraph\"><i><span lang=\"ES-AR\">\u201cHoy es un d\u00eda de enorme orgullo para nosotros, ya que este nuevo espacio refleja nuestro compromiso de estar cada vez m\u00e1s cerca de quienes comparten la pasi\u00f3n por la innovaci\u00f3n, la aventura y el esp\u00edritu de superaci\u00f3n. Tenemos un profundo agradecimiento a nuestro socio estrat\u00e9gico Claudio Ferraro y a todo su equipo, por el esfuerzo y la dedicaci\u00f3n puestos en este proyecto. Con su compromiso, hoy damos un paso m\u00e1s en nuestra misi\u00f3n de acercar productos y servicios de excelencia a la comunidad de Quilmes y toda la zona sur de Buenos Aires. Esta apertura significa mucho m\u00e1s que un nuevo concesionario: es un punto de encuentro para todos los que vibran el Ready to Race de KTM y toda la potencia y tecnolog\u00eda de Can-Am, dos marcas l\u00edderes que marcan tendencia a nivel mundial en motociclismo y powersports. A nuestros clientes y seguidores, gracias por la confianza y la fidelidad que nos inspiran a seguir creciendo\u201d,<b>\u00a0<\/b><\/span><\/i><b><span lang=\"ES-AR\">se\u00f1al\u00f3 Leandro Panaggio, business manager de KTM Argentina en Grupo Simpa S.A.<u><\/u><u><\/u><\/span><\/b><\/p>\n<p class=\"m_6974670763071343376paragraph\"><i><span lang=\"ES-AR\">\u201cPara m\u00ed es un verdadero orgullo representar a la marca KTM en Quilmes. Poder abrir las puertas de este concesionario y traer la fuerza del color naranja a la zona sur es un sue\u00f1o cumplido. Estoy profundamente agradecido al Grupo Simpa por la confianza, y a todos los que hoy nos acompa\u00f1an en este momento tan especial. Este es solo el comienzo de un camino que vamos a recorrer con pasi\u00f3n y compromiso\u201d,\u00a0<\/span><\/i><b><span lang=\"ES-AR\">destac\u00f3 Claudio Ferraro, socio responsable de KTM Quilmes.<u><\/u><u><\/u><\/span><\/b><u><\/u><\/p>\n<p class=\"m_6974670763071343376paragraph\"><b>El horario de atenci\u00f3n de KTM Can-Am Quilmes ser\u00e1 de lunes a viernes de 09:00 a 12:30 y de 13:30 a 18:30, y los s\u00e1bados de 09:30 a 14:00 hs, con un equipo especializado que acompa\u00f1a al cliente en todo el proceso de compra y post venta.<u><\/u><u><\/u><\/b><b><u><\/u>\u00a0<u><\/u><\/b><\/p>\n<p class=\"m_6974670763071343376paragraph\"><b><span lang=\"ES-AR\">En Argentina, el portfolio de modelos KTM se producen en la Planta Industrial de 10.000 m2 de la localidad de Campana, Buenos Aires, que tiene el Grupo Simpa S.A., empresa de capitales nacionales de m\u00e1s de 60 a\u00f1os de trayectoria en el pa\u00eds.<u><\/u><u><\/u><\/span><\/b><\/p>\n<p class=\"m_6974670763071343376paragraph\"><b><i><span lang=\"ES-AR\"><u><\/u> <img loading=\"lazy\" decoding=\"async\" class=\"alignnone size-full wp-image-169015\" src=\"https:\/\/noticiasmercedinas.com\/site\/wp-content\/uploads\/2025\/09\/Nuevo-concesionario-KTM-en-Quilmes-1-scaled.jpg\" alt=\"\" width=\"2560\" height=\"1706\" srcset=\"https:\/\/noticiasmercedinas.com\/site\/wp-content\/uploads\/2025\/09\/Nuevo-concesionario-KTM-en-Quilmes-1-scaled.jpg 2560w, https:\/\/noticiasmercedinas.com\/site\/wp-content\/uploads\/2025\/09\/Nuevo-concesionario-KTM-en-Quilmes-1-300x200.jpg 300w, https:\/\/noticiasmercedinas.com\/site\/wp-content\/uploads\/2025\/09\/Nuevo-concesionario-KTM-en-Quilmes-1-1024x683.jpg 1024w, https:\/\/noticiasmercedinas.com\/site\/wp-content\/uploads\/2025\/09\/Nuevo-concesionario-KTM-en-Quilmes-1-768x512.jpg 768w, https:\/\/noticiasmercedinas.com\/site\/wp-content\/uploads\/2025\/09\/Nuevo-concesionario-KTM-en-Quilmes-1-1536x1024.jpg 1536w, https:\/\/noticiasmercedinas.com\/site\/wp-content\/uploads\/2025\/09\/Nuevo-concesionario-KTM-en-Quilmes-1-2048x1365.jpg 2048w, https:\/\/noticiasmercedinas.com\/site\/wp-content\/uploads\/2025\/09\/Nuevo-concesionario-KTM-en-Quilmes-1-640x427.jpg 640w, https:\/\/noticiasmercedinas.com\/site\/wp-content\/uploads\/2025\/09\/Nuevo-concesionario-KTM-en-Quilmes-1-1280x853.jpg 1280w, https:\/\/noticiasmercedinas.com\/site\/wp-content\/uploads\/2025\/09\/Nuevo-concesionario-KTM-en-Quilmes-1-681x454.jpg 681w, https:\/\/noticiasmercedinas.com\/site\/wp-content\/uploads\/2025\/09\/Nuevo-concesionario-KTM-en-Quilmes-1-1362x908.jpg 1362w\" sizes=\"auto, (max-width: 2560px) 100vw, 2560px\" \/><u><\/u><\/span><\/i><\/b><i><u><\/u><\/i><\/p>\n<p class=\"m_6974670763071343376paragraph\"><b><i><span lang=\"ES-AR\">Acerca de KTM<u><\/u><u><\/u><\/span><\/i><\/b><\/p>\n<p class=\"m_6974670763071343376paragraph\"><i><span lang=\"ES-AR\">KTM\u00a0es una marca l\u00edder mundial en la fabricaci\u00f3n de motocicletas de alto rendimiento y accesorios relacionados. Fundada en Austria,\u00a0KTM\u00a0ha establecido una reputaci\u00f3n por su innovaci\u00f3n, calidad y pasi\u00f3n por la excelencia en el mundo del motociclismo. Con una amplia gama de modelos para todo tipo de terrenos y estilos de conducci\u00f3n,\u00a0KTM\u00a0contin\u00faa desafiando los l\u00edmites y llevando la emoci\u00f3n de las dos ruedas a nuevos horizontes. Adem\u00e1s de los m\u00faltiples campeonatos obtenidos de las competencias m\u00e1s extremas, los cuales respaldan el performance de sus motocicletas.<u><\/u><u><\/u><\/span><\/i><\/p>\n<p class=\"m_6974670763071343376paragraph\"><b><i><span lang=\"ES-AR\"><u><\/u>\u00a0<u><\/u><\/span><\/i><\/b><\/p>\n<p class=\"m_6974670763071343376paragraph\"><b><i><span lang=\"ES-AR\">Acerca de Grupo Simpa S.A.<u><\/u><u><\/u><\/span><\/i><\/b><\/p>\n<p class=\"m_6974670763071343376paragraph\"><i>Grupo Simpa es una empresa de capitales nacionales con m\u00e1s de 60 a\u00f1os de trayectoria en el desarrollo de actividades productivas y comerciales para sus tres divisiones principales: Rodados, Pl\u00e1sticos y Herramientas. Actualmente, cuenta con alrededor de 300 colaboradores distribuidos en los pa\u00edses en los que opera: Argentina, Brasil, Per\u00fa y M\u00e9xico. Grupo Simpa se destaca como l\u00edder en cada una de sus unidades de negocio, ubic\u00e1ndose como una de las empresas de mayor relevancia y reconocimiento a nivel nacional y regional para sus segmentos. La compa\u00f1\u00eda apuesta a la innovaci\u00f3n, el crecimiento sostenido y la creaci\u00f3n de valor en cada unidad de negocio.<u><\/u><u><\/u><\/i><\/p>\n<p class=\"m_6974670763071343376paragraph\"><u><\/u><\/p>\n","protected":false},"excerpt":{"rendered":"<p>KTM Can-Am,\u00a0marcas integrantes del portfolio del Grupo Simpa S.A.,\u00a0inauguraron un nuevo concesionario oficial en Quilmes, ampliando su red comercial a 24 concesionarios oficiales en el pa\u00eds y apostando al mercado nacional con la apertura de un exclusivo local en esta importante zona con fuerte identidad motera, como es el sur del gran Buenos Aires. El [&hellip;]<\/p>\n","protected":false},"author":16,"featured_media":169014,"comment_status":"closed","ping_status":"closed","sticky":false,"template":"","format":"standard","meta":{"footnotes":""},"categories":[74],"tags":[20854,616],"class_list":["post-169012","post","type-post","status-publish","format-standard","has-post-thumbnail","hentry","category-emprendimientos","tag-can-am","tag-ktm"],"yoast_head":"<!-- This site is optimized with the Yoast SEO plugin v27.5 - https:\/\/yoast.com\/product\/yoast-seo-wordpress\/ -->\n<title>KTM y Can-Am inauguraron un nuevo concesionario oficial en Quilmes y refuerza su presencia en Argentina<\/title>\n<meta name=\"robots\" content=\"index, follow, max-snippet:-1, max-image-preview:large, max-video-preview:-1\" \/>\n<link rel=\"canonical\" href=\"https:\/\/noticiasmercedinas.com\/site\/2025\/09\/08\/ktm-y-can-am-inauguraron-un-nuevo-concesionario-oficial-en-quilmes-y-refuerza-su-presencia-en-argentina\/\" \/>\n<meta property=\"og:locale\" content=\"es_ES\" \/>\n<meta property=\"og:type\" content=\"article\" \/>\n<meta property=\"og:title\" content=\"KTM y Can-Am inauguraron un nuevo concesionario oficial en Quilmes y refuerza su presencia en Argentina\" \/>\n<meta property=\"og:description\" content=\"KTM Can-Am,\u00a0marcas integrantes del portfolio del Grupo Simpa S.A.,\u00a0inauguraron un nuevo concesionario oficial en Quilmes, ampliando su red comercial a 24 concesionarios oficiales en el pa\u00eds y apostando al mercado nacional con la apertura de un exclusivo local en esta importante zona con fuerte identidad motera, como es el sur del gran Buenos Aires. El [&hellip;]\" \/>\n<meta property=\"og:url\" content=\"https:\/\/noticiasmercedinas.com\/site\/2025\/09\/08\/ktm-y-can-am-inauguraron-un-nuevo-concesionario-oficial-en-quilmes-y-refuerza-su-presencia-en-argentina\/\" \/>\n<meta property=\"og:site_name\" content=\"NOTICIASMERCEDINAS.COM\" \/>\n<meta property=\"article:publisher\" content=\"https:\/\/www.facebook.com\/noticiasmercedinas\/\" \/>\n<meta property=\"article:published_time\" content=\"2025-09-08T21:56:39+00:00\" \/>\n<meta property=\"og:image\" content=\"https:\/\/noticiasmercedinas.com\/site\/wp-content\/uploads\/2025\/09\/Leandro-Panaggio-de-Grupo-Simpa-y-Claudio-Ferraro-responsable-de-KTM-Quilmes-1-scaled.jpg\" \/>\n\t<meta property=\"og:image:width\" content=\"2560\" \/>\n\t<meta property=\"og:image:height\" content=\"1706\" \/>\n\t<meta property=\"og:image:type\" content=\"image\/jpeg\" \/>\n<meta name=\"author\" content=\"NOTICIASMERCEDINAS.COM\" \/>\n<meta name=\"twitter:card\" content=\"summary_large_image\" \/>\n<meta name=\"twitter:creator\" content=\"@notmercedinas\" \/>\n<meta name=\"twitter:site\" content=\"@notmercedinas\" \/>\n<meta name=\"twitter:label1\" content=\"Escrito por\" \/>\n\t<meta name=\"twitter:data1\" content=\"NOTICIASMERCEDINAS.COM\" \/>\n\t<meta name=\"twitter:label2\" content=\"Tiempo de lectura\" \/>\n\t<meta name=\"twitter:data2\" content=\"4 minutos\" \/>\n<script type=\"application\/ld+json\" class=\"yoast-schema-graph\">{\"@context\":\"https:\\\/\\\/schema.org\",\"@graph\":[{\"@type\":\"Article\",\"@id\":\"https:\\\/\\\/noticiasmercedinas.com\\\/site\\\/2025\\\/09\\\/08\\\/ktm-y-can-am-inauguraron-un-nuevo-concesionario-oficial-en-quilmes-y-refuerza-su-presencia-en-argentina\\\/#article\",\"isPartOf\":{\"@id\":\"https:\\\/\\\/noticiasmercedinas.com\\\/site\\\/2025\\\/09\\\/08\\\/ktm-y-can-am-inauguraron-un-nuevo-concesionario-oficial-en-quilmes-y-refuerza-su-presencia-en-argentina\\\/\"},\"author\":{\"name\":\"NOTICIASMERCEDINAS.COM\",\"@id\":\"https:\\\/\\\/noticiasmercedinas.com\\\/site\\\/#\\\/schema\\\/person\\\/84b59c099c28ff2e8b77d4ceec5d8063\"},\"headline\":\"KTM y Can-Am inauguraron un nuevo concesionario oficial en Quilmes y refuerza su presencia en Argentina\",\"datePublished\":\"2025-09-08T21:56:39+00:00\",\"mainEntityOfPage\":{\"@id\":\"https:\\\/\\\/noticiasmercedinas.com\\\/site\\\/2025\\\/09\\\/08\\\/ktm-y-can-am-inauguraron-un-nuevo-concesionario-oficial-en-quilmes-y-refuerza-su-presencia-en-argentina\\\/\"},\"wordCount\":766,\"publisher\":{\"@id\":\"https:\\\/\\\/noticiasmercedinas.com\\\/site\\\/#organization\"},\"image\":{\"@id\":\"https:\\\/\\\/noticiasmercedinas.com\\\/site\\\/2025\\\/09\\\/08\\\/ktm-y-can-am-inauguraron-un-nuevo-concesionario-oficial-en-quilmes-y-refuerza-su-presencia-en-argentina\\\/#primaryimage\"},\"thumbnailUrl\":\"https:\\\/\\\/noticiasmercedinas.com\\\/site\\\/wp-content\\\/uploads\\\/2025\\\/09\\\/Leandro-Panaggio-de-Grupo-Simpa-y-Claudio-Ferraro-responsable-de-KTM-Quilmes-1-scaled.jpg\",\"keywords\":[\"can-am\",\"ktm\"],\"articleSection\":[\"Emprendimientos\"],\"inLanguage\":\"es\"},{\"@type\":\"WebPage\",\"@id\":\"https:\\\/\\\/noticiasmercedinas.com\\\/site\\\/2025\\\/09\\\/08\\\/ktm-y-can-am-inauguraron-un-nuevo-concesionario-oficial-en-quilmes-y-refuerza-su-presencia-en-argentina\\\/\",\"url\":\"https:\\\/\\\/noticiasmercedinas.com\\\/site\\\/2025\\\/09\\\/08\\\/ktm-y-can-am-inauguraron-un-nuevo-concesionario-oficial-en-quilmes-y-refuerza-su-presencia-en-argentina\\\/\",\"name\":\"KTM y Can-Am inauguraron un nuevo concesionario oficial en Quilmes y refuerza su presencia en Argentina\",\"isPartOf\":{\"@id\":\"https:\\\/\\\/noticiasmercedinas.com\\\/site\\\/#website\"},\"primaryImageOfPage\":{\"@id\":\"https:\\\/\\\/noticiasmercedinas.com\\\/site\\\/2025\\\/09\\\/08\\\/ktm-y-can-am-inauguraron-un-nuevo-concesionario-oficial-en-quilmes-y-refuerza-su-presencia-en-argentina\\\/#primaryimage\"},\"image\":{\"@id\":\"https:\\\/\\\/noticiasmercedinas.com\\\/site\\\/2025\\\/09\\\/08\\\/ktm-y-can-am-inauguraron-un-nuevo-concesionario-oficial-en-quilmes-y-refuerza-su-presencia-en-argentina\\\/#primaryimage\"},\"thumbnailUrl\":\"https:\\\/\\\/noticiasmercedinas.com\\\/site\\\/wp-content\\\/uploads\\\/2025\\\/09\\\/Leandro-Panaggio-de-Grupo-Simpa-y-Claudio-Ferraro-responsable-de-KTM-Quilmes-1-scaled.jpg\",\"datePublished\":\"2025-09-08T21:56:39+00:00\",\"breadcrumb\":{\"@id\":\"https:\\\/\\\/noticiasmercedinas.com\\\/site\\\/2025\\\/09\\\/08\\\/ktm-y-can-am-inauguraron-un-nuevo-concesionario-oficial-en-quilmes-y-refuerza-su-presencia-en-argentina\\\/#breadcrumb\"},\"inLanguage\":\"es\",\"potentialAction\":[{\"@type\":\"ReadAction\",\"target\":[\"https:\\\/\\\/noticiasmercedinas.com\\\/site\\\/2025\\\/09\\\/08\\\/ktm-y-can-am-inauguraron-un-nuevo-concesionario-oficial-en-quilmes-y-refuerza-su-presencia-en-argentina\\\/\"]}]},{\"@type\":\"ImageObject\",\"inLanguage\":\"es\",\"@id\":\"https:\\\/\\\/noticiasmercedinas.com\\\/site\\\/2025\\\/09\\\/08\\\/ktm-y-can-am-inauguraron-un-nuevo-concesionario-oficial-en-quilmes-y-refuerza-su-presencia-en-argentina\\\/#primaryimage\",\"url\":\"https:\\\/\\\/noticiasmercedinas.com\\\/site\\\/wp-content\\\/uploads\\\/2025\\\/09\\\/Leandro-Panaggio-de-Grupo-Simpa-y-Claudio-Ferraro-responsable-de-KTM-Quilmes-1-scaled.jpg\",\"contentUrl\":\"https:\\\/\\\/noticiasmercedinas.com\\\/site\\\/wp-content\\\/uploads\\\/2025\\\/09\\\/Leandro-Panaggio-de-Grupo-Simpa-y-Claudio-Ferraro-responsable-de-KTM-Quilmes-1-scaled.jpg\",\"width\":2560,\"height\":1706},{\"@type\":\"BreadcrumbList\",\"@id\":\"https:\\\/\\\/noticiasmercedinas.com\\\/site\\\/2025\\\/09\\\/08\\\/ktm-y-can-am-inauguraron-un-nuevo-concesionario-oficial-en-quilmes-y-refuerza-su-presencia-en-argentina\\\/#breadcrumb\",\"itemListElement\":[{\"@type\":\"ListItem\",\"position\":1,\"name\":\"Portada\",\"item\":\"https:\\\/\\\/noticiasmercedinas.com\\\/site\\\/\"},{\"@type\":\"ListItem\",\"position\":2,\"name\":\"KTM y Can-Am inauguraron un nuevo concesionario oficial en Quilmes y refuerza su presencia en Argentina\"}]},{\"@type\":\"WebSite\",\"@id\":\"https:\\\/\\\/noticiasmercedinas.com\\\/site\\\/#website\",\"url\":\"https:\\\/\\\/noticiasmercedinas.com\\\/site\\\/\",\"name\":\"NOTICIASMERCEDINAS.COM\",\"description\":\"Mercedes, Buenos Aires, Argentina\",\"publisher\":{\"@id\":\"https:\\\/\\\/noticiasmercedinas.com\\\/site\\\/#organization\"},\"potentialAction\":[{\"@type\":\"SearchAction\",\"target\":{\"@type\":\"EntryPoint\",\"urlTemplate\":\"https:\\\/\\\/noticiasmercedinas.com\\\/site\\\/?s={search_term_string}\"},\"query-input\":{\"@type\":\"PropertyValueSpecification\",\"valueRequired\":true,\"valueName\":\"search_term_string\"}}],\"inLanguage\":\"es\"},{\"@type\":\"Organization\",\"@id\":\"https:\\\/\\\/noticiasmercedinas.com\\\/site\\\/#organization\",\"name\":\"NOTICIASMERCEDINAS.COM\",\"url\":\"https:\\\/\\\/noticiasmercedinas.com\\\/site\\\/\",\"logo\":{\"@type\":\"ImageObject\",\"inLanguage\":\"es\",\"@id\":\"https:\\\/\\\/noticiasmercedinas.com\\\/site\\\/#\\\/schema\\\/logo\\\/image\\\/\",\"url\":\"https:\\\/\\\/noticiasmercedinas.com\\\/site\\\/wp-content\\\/uploads\\\/2020\\\/06\\\/LOGO-512.jpg\",\"contentUrl\":\"https:\\\/\\\/noticiasmercedinas.com\\\/site\\\/wp-content\\\/uploads\\\/2020\\\/06\\\/LOGO-512.jpg\",\"width\":512,\"height\":512,\"caption\":\"NOTICIASMERCEDINAS.COM\"},\"image\":{\"@id\":\"https:\\\/\\\/noticiasmercedinas.com\\\/site\\\/#\\\/schema\\\/logo\\\/image\\\/\"},\"sameAs\":[\"https:\\\/\\\/www.facebook.com\\\/noticiasmercedinas\\\/\",\"https:\\\/\\\/x.com\\\/notmercedinas\",\"https:\\\/\\\/www.instagram.com\\\/noticiasmercedinas\\\/\"]},{\"@type\":\"Person\",\"@id\":\"https:\\\/\\\/noticiasmercedinas.com\\\/site\\\/#\\\/schema\\\/person\\\/84b59c099c28ff2e8b77d4ceec5d8063\",\"name\":\"NOTICIASMERCEDINAS.COM\",\"image\":{\"@type\":\"ImageObject\",\"inLanguage\":\"es\",\"@id\":\"https:\\\/\\\/secure.gravatar.com\\\/avatar\\\/4dfbf16b4d17945bfb6341b2d19043457132fcf478a5ee04f42e959fd8f5df0a?s=96&d=mm&r=g\",\"url\":\"https:\\\/\\\/secure.gravatar.com\\\/avatar\\\/4dfbf16b4d17945bfb6341b2d19043457132fcf478a5ee04f42e959fd8f5df0a?s=96&d=mm&r=g\",\"contentUrl\":\"https:\\\/\\\/secure.gravatar.com\\\/avatar\\\/4dfbf16b4d17945bfb6341b2d19043457132fcf478a5ee04f42e959fd8f5df0a?s=96&d=mm&r=g\",\"caption\":\"NOTICIASMERCEDINAS.COM\"},\"url\":\"https:\\\/\\\/noticiasmercedinas.com\\\/site\\\/author\\\/anonimo\\\/\"}]}<\/script>\n<!-- \/ Yoast SEO plugin. -->","yoast_head_json":{"title":"KTM y Can-Am inauguraron un nuevo concesionario oficial en Quilmes y refuerza su presencia en Argentina","robots":{"index":"index","follow":"follow","max-snippet":"max-snippet:-1","max-image-preview":"max-image-preview:large","max-video-preview":"max-video-preview:-1"},"canonical":"https:\/\/noticiasmercedinas.com\/site\/2025\/09\/08\/ktm-y-can-am-inauguraron-un-nuevo-concesionario-oficial-en-quilmes-y-refuerza-su-presencia-en-argentina\/","og_locale":"es_ES","og_type":"article","og_title":"KTM y Can-Am inauguraron un nuevo concesionario oficial en Quilmes y refuerza su presencia en Argentina","og_description":"KTM Can-Am,\u00a0marcas integrantes del portfolio del Grupo Simpa S.A.,\u00a0inauguraron un nuevo concesionario oficial en Quilmes, ampliando su red comercial a 24 concesionarios oficiales en el pa\u00eds y apostando al mercado nacional con la apertura de un exclusivo local en esta importante zona con fuerte identidad motera, como es el sur del gran Buenos Aires. El [&hellip;]","og_url":"https:\/\/noticiasmercedinas.com\/site\/2025\/09\/08\/ktm-y-can-am-inauguraron-un-nuevo-concesionario-oficial-en-quilmes-y-refuerza-su-presencia-en-argentina\/","og_site_name":"NOTICIASMERCEDINAS.COM","article_publisher":"https:\/\/www.facebook.com\/noticiasmercedinas\/","article_published_time":"2025-09-08T21:56:39+00:00","og_image":[{"width":2560,"height":1706,"url":"https:\/\/noticiasmercedinas.com\/site\/wp-content\/uploads\/2025\/09\/Leandro-Panaggio-de-Grupo-Simpa-y-Claudio-Ferraro-responsable-de-KTM-Quilmes-1-scaled.jpg","type":"image\/jpeg"}],"author":"NOTICIASMERCEDINAS.COM","twitter_card":"summary_large_image","twitter_creator":"@notmercedinas","twitter_site":"@notmercedinas","twitter_misc":{"Escrito por":"NOTICIASMERCEDINAS.COM","Tiempo de lectura":"4 minutos"},"schema":{"@context":"https:\/\/schema.org","@graph":[{"@type":"Article","@id":"https:\/\/noticiasmercedinas.com\/site\/2025\/09\/08\/ktm-y-can-am-inauguraron-un-nuevo-concesionario-oficial-en-quilmes-y-refuerza-su-presencia-en-argentina\/#article","isPartOf":{"@id":"https:\/\/noticiasmercedinas.com\/site\/2025\/09\/08\/ktm-y-can-am-inauguraron-un-nuevo-concesionario-oficial-en-quilmes-y-refuerza-su-presencia-en-argentina\/"},"author":{"name":"NOTICIASMERCEDINAS.COM","@id":"https:\/\/noticiasmercedinas.com\/site\/#\/schema\/person\/84b59c099c28ff2e8b77d4ceec5d8063"},"headline":"KTM y Can-Am inauguraron un nuevo concesionario oficial en Quilmes y refuerza su presencia en Argentina","datePublished":"2025-09-08T21:56:39+00:00","mainEntityOfPage":{"@id":"https:\/\/noticiasmercedinas.com\/site\/2025\/09\/08\/ktm-y-can-am-inauguraron-un-nuevo-concesionario-oficial-en-quilmes-y-refuerza-su-presencia-en-argentina\/"},"wordCount":766,"publisher":{"@id":"https:\/\/noticiasmercedinas.com\/site\/#organization"},"image":{"@id":"https:\/\/noticiasmercedinas.com\/site\/2025\/09\/08\/ktm-y-can-am-inauguraron-un-nuevo-concesionario-oficial-en-quilmes-y-refuerza-su-presencia-en-argentina\/#primaryimage"},"thumbnailUrl":"https:\/\/noticiasmercedinas.com\/site\/wp-content\/uploads\/2025\/09\/Leandro-Panaggio-de-Grupo-Simpa-y-Claudio-Ferraro-responsable-de-KTM-Quilmes-1-scaled.jpg","keywords":["can-am","ktm"],"articleSection":["Emprendimientos"],"inLanguage":"es"},{"@type":"WebPage","@id":"https:\/\/noticiasmercedinas.com\/site\/2025\/09\/08\/ktm-y-can-am-inauguraron-un-nuevo-concesionario-oficial-en-quilmes-y-refuerza-su-presencia-en-argentina\/","url":"https:\/\/noticiasmercedinas.com\/site\/2025\/09\/08\/ktm-y-can-am-inauguraron-un-nuevo-concesionario-oficial-en-quilmes-y-refuerza-su-presencia-en-argentina\/","name":"KTM y Can-Am inauguraron un nuevo concesionario oficial en Quilmes y refuerza su presencia en Argentina","isPartOf":{"@id":"https:\/\/noticiasmercedinas.com\/site\/#website"},"primaryImageOfPage":{"@id":"https:\/\/noticiasmercedinas.com\/site\/2025\/09\/08\/ktm-y-can-am-inauguraron-un-nuevo-concesionario-oficial-en-quilmes-y-refuerza-su-presencia-en-argentina\/#primaryimage"},"image":{"@id":"https:\/\/noticiasmercedinas.com\/site\/2025\/09\/08\/ktm-y-can-am-inauguraron-un-nuevo-concesionario-oficial-en-quilmes-y-refuerza-su-presencia-en-argentina\/#primaryimage"},"thumbnailUrl":"https:\/\/noticiasmercedinas.com\/site\/wp-content\/uploads\/2025\/09\/Leandro-Panaggio-de-Grupo-Simpa-y-Claudio-Ferraro-responsable-de-KTM-Quilmes-1-scaled.jpg","datePublished":"2025-09-08T21:56:39+00:00","breadcrumb":{"@id":"https:\/\/noticiasmercedinas.com\/site\/2025\/09\/08\/ktm-y-can-am-inauguraron-un-nuevo-concesionario-oficial-en-quilmes-y-refuerza-su-presencia-en-argentina\/#breadcrumb"},"inLanguage":"es","potentialAction":[{"@type":"ReadAction","target":["https:\/\/noticiasmercedinas.com\/site\/2025\/09\/08\/ktm-y-can-am-inauguraron-un-nuevo-concesionario-oficial-en-quilmes-y-refuerza-su-presencia-en-argentina\/"]}]},{"@type":"ImageObject","inLanguage":"es","@id":"https:\/\/noticiasmercedinas.com\/site\/2025\/09\/08\/ktm-y-can-am-inauguraron-un-nuevo-concesionario-oficial-en-quilmes-y-refuerza-su-presencia-en-argentina\/#primaryimage","url":"https:\/\/noticiasmercedinas.com\/site\/wp-content\/uploads\/2025\/09\/Leandro-Panaggio-de-Grupo-Simpa-y-Claudio-Ferraro-responsable-de-KTM-Quilmes-1-scaled.jpg","contentUrl":"https:\/\/noticiasmercedinas.com\/site\/wp-content\/uploads\/2025\/09\/Leandro-Panaggio-de-Grupo-Simpa-y-Claudio-Ferraro-responsable-de-KTM-Quilmes-1-scaled.jpg","width":2560,"height":1706},{"@type":"BreadcrumbList","@id":"https:\/\/noticiasmercedinas.com\/site\/2025\/09\/08\/ktm-y-can-am-inauguraron-un-nuevo-concesionario-oficial-en-quilmes-y-refuerza-su-presencia-en-argentina\/#breadcrumb","itemListElement":[{"@type":"ListItem","position":1,"name":"Portada","item":"https:\/\/noticiasmercedinas.com\/site\/"},{"@type":"ListItem","position":2,"name":"KTM y Can-Am inauguraron un nuevo concesionario oficial en Quilmes y refuerza su presencia en Argentina"}]},{"@type":"WebSite","@id":"https:\/\/noticiasmercedinas.com\/site\/#website","url":"https:\/\/noticiasmercedinas.com\/site\/","name":"NOTICIASMERCEDINAS.COM","description":"Mercedes, Buenos Aires, Argentina","publisher":{"@id":"https:\/\/noticiasmercedinas.com\/site\/#organization"},"potentialAction":[{"@type":"SearchAction","target":{"@type":"EntryPoint","urlTemplate":"https:\/\/noticiasmercedinas.com\/site\/?s={search_term_string}"},"query-input":{"@type":"PropertyValueSpecification","valueRequired":true,"valueName":"search_term_string"}}],"inLanguage":"es"},{"@type":"Organization","@id":"https:\/\/noticiasmercedinas.com\/site\/#organization","name":"NOTICIASMERCEDINAS.COM","url":"https:\/\/noticiasmercedinas.com\/site\/","logo":{"@type":"ImageObject","inLanguage":"es","@id":"https:\/\/noticiasmercedinas.com\/site\/#\/schema\/logo\/image\/","url":"https:\/\/noticiasmercedinas.com\/site\/wp-content\/uploads\/2020\/06\/LOGO-512.jpg","contentUrl":"https:\/\/noticiasmercedinas.com\/site\/wp-content\/uploads\/2020\/06\/LOGO-512.jpg","width":512,"height":512,"caption":"NOTICIASMERCEDINAS.COM"},"image":{"@id":"https:\/\/noticiasmercedinas.com\/site\/#\/schema\/logo\/image\/"},"sameAs":["https:\/\/www.facebook.com\/noticiasmercedinas\/","https:\/\/x.com\/notmercedinas","https:\/\/www.instagram.com\/noticiasmercedinas\/"]},{"@type":"Person","@id":"https:\/\/noticiasmercedinas.com\/site\/#\/schema\/person\/84b59c099c28ff2e8b77d4ceec5d8063","name":"NOTICIASMERCEDINAS.COM","image":{"@type":"ImageObject","inLanguage":"es","@id":"https:\/\/secure.gravatar.com\/avatar\/4dfbf16b4d17945bfb6341b2d19043457132fcf478a5ee04f42e959fd8f5df0a?s=96&d=mm&r=g","url":"https:\/\/secure.gravatar.com\/avatar\/4dfbf16b4d17945bfb6341b2d19043457132fcf478a5ee04f42e959fd8f5df0a?s=96&d=mm&r=g","contentUrl":"https:\/\/secure.gravatar.com\/avatar\/4dfbf16b4d17945bfb6341b2d19043457132fcf478a5ee04f42e959fd8f5df0a?s=96&d=mm&r=g","caption":"NOTICIASMERCEDINAS.COM"},"url":"https:\/\/noticiasmercedinas.com\/site\/author\/anonimo\/"}]}},"amp_enabled":true,"_links":{"self":[{"href":"https:\/\/noticiasmercedinas.com\/site\/wp-json\/wp\/v2\/posts\/169012","targetHints":{"allow":["GET"]}}],"collection":[{"href":"https:\/\/noticiasmercedinas.com\/site\/wp-json\/wp\/v2\/posts"}],"about":[{"href":"https:\/\/noticiasmercedinas.com\/site\/wp-json\/wp\/v2\/types\/post"}],"author":[{"embeddable":true,"href":"https:\/\/noticiasmercedinas.com\/site\/wp-json\/wp\/v2\/users\/16"}],"replies":[{"embeddable":true,"href":"https:\/\/noticiasmercedinas.com\/site\/wp-json\/wp\/v2\/comments?post=169012"}],"version-history":[{"count":1,"href":"https:\/\/noticiasmercedinas.com\/site\/wp-json\/wp\/v2\/posts\/169012\/revisions"}],"predecessor-version":[{"id":169016,"href":"https:\/\/noticiasmercedinas.com\/site\/wp-json\/wp\/v2\/posts\/169012\/revisions\/169016"}],"wp:featuredmedia":[{"embeddable":true,"href":"https:\/\/noticiasmercedinas.com\/site\/wp-json\/wp\/v2\/media\/169014"}],"wp:attachment":[{"href":"https:\/\/noticiasmercedinas.com\/site\/wp-json\/wp\/v2\/media?parent=169012"}],"wp:term":[{"taxonomy":"category","embeddable":true,"href":"https:\/\/noticiasmercedinas.com\/site\/wp-json\/wp\/v2\/categories?post=169012"},{"taxonomy":"post_tag","embeddable":true,"href":"https:\/\/noticiasmercedinas.com\/site\/wp-json\/wp\/v2\/tags?post=169012"}],"curies":[{"name":"wp","href":"https:\/\/api.w.org\/{rel}","templated":true}]}}