{"id":169154,"date":"2025-09-10T16:27:08","date_gmt":"2025-09-10T19:27:08","guid":{"rendered":"https:\/\/noticiasmercedinas.com\/site\/?p=169154"},"modified":"2025-09-10T16:27:08","modified_gmt":"2025-09-10T19:27:08","slug":"lacasa-celebra-final-feliz-para-historia-de-un-cartel-de-hermanamiento-de-la-ciudad-por-sus-raices-italianas","status":"publish","type":"post","link":"https:\/\/noticiasmercedinas.com\/site\/2025\/09\/10\/lacasa-celebra-final-feliz-para-historia-de-un-cartel-de-hermanamiento-de-la-ciudad-por-sus-raices-italianas\/","title":{"rendered":"Lacasa celebra \u00abfinal feliz\u00bb para historia de un cartel de hermanamiento de la ciudad por sus ra\u00edces italianas"},"content":{"rendered":"<p><img loading=\"lazy\" decoding=\"async\" class=\"alignnone size-full wp-image-142275\" src=\"https:\/\/noticiasmercedinas.com\/site\/wp-content\/uploads\/2024\/08\/deboralacasa.jpg\" alt=\"\" width=\"1114\" height=\"703\" srcset=\"https:\/\/noticiasmercedinas.com\/site\/wp-content\/uploads\/2024\/08\/deboralacasa.jpg 1114w, https:\/\/noticiasmercedinas.com\/site\/wp-content\/uploads\/2024\/08\/deboralacasa-300x189.jpg 300w, https:\/\/noticiasmercedinas.com\/site\/wp-content\/uploads\/2024\/08\/deboralacasa-1024x646.jpg 1024w, https:\/\/noticiasmercedinas.com\/site\/wp-content\/uploads\/2024\/08\/deboralacasa-768x485.jpg 768w, https:\/\/noticiasmercedinas.com\/site\/wp-content\/uploads\/2024\/08\/deboralacasa-640x404.jpg 640w, https:\/\/noticiasmercedinas.com\/site\/wp-content\/uploads\/2024\/08\/deboralacasa-681x430.jpg 681w\" sizes=\"auto, (max-width: 1114px) 100vw, 1114px\" \/><\/p>\n<p>La concejala <strong>D\u00e9bora Lacasa<\/strong>, del bloque de la UCR, celebr\u00f3 la reciente colocaci\u00f3n de un cartel en la entrada de la ciudad que materializa el hermanamiento con Montesano Sulla Marcellana, una localidad italiana de donde provienen muchos de los inmigrantes que forjaron la identidad de Mercedes.<\/p>\n<p>La edil destac\u00f3 el \u00abfinal feliz\u00bb de una historia que se remonta a a\u00f1os atr\u00e1s y que <a href=\"https:\/\/noticiasmercedinas.com\/site\/2025\/09\/09\/la-historia-detras-del-cartel-un-acto-de-justicia-a-los-inmigrantes-italianos\/\">fue revitalizada por la iniciativa de un joven mercedino, Pedro Veppo<\/a>.<\/p>\n<p>Lacasa record\u00f3 que el hermanamiento se estableci\u00f3 durante el mandato del ex intendente Carlos Selva y que la ordenanza para la colocaci\u00f3n de un cartel, presentada por el exconcejal Jos\u00e9 Cestari, data del a\u00f1o 2017.<\/p>\n<blockquote><p>\u00abReconocer un hermanamiento con un pueblo, con una ciudad de donde provienen muchas de nuestras familias, la verdad que es un detalle que me parece que es reconocer nuestras tradiciones, nuestras ra\u00edces y nuestra identidad\u00bb<\/p><\/blockquote>\n<p>Sin embargo, no fue hasta que el joven Pedro, a sus 10 a\u00f1os, descubri\u00f3 un cartel similar en Italia y comenz\u00f3 a impulsar la idea en Mercedes, que el proyecto cobr\u00f3 un nuevo sentido.<\/p>\n<p>La concejala destac\u00f3 la importancia simb\u00f3lica del gesto, especialmente a d\u00edas de la Fiesta Nacional del Salame Quintero, un producto que es parte del legado de estos inmigrantes.<\/p>\n<p>\u00abReconocer un hermanamiento con un pueblo, con una ciudad de donde provienen muchas de nuestras familias, la verdad que es un detalle que me parece que es reconocer nuestras tradiciones, nuestras ra\u00edces y nuestra identidad\u00bb, afirm\u00f3 Lacasa.<\/p>\n<p><strong>La historia detr\u00e1s del cartel<br \/>\n<\/strong>La colocaci\u00f3n del cartel es la culminaci\u00f3n de un proceso que se inici\u00f3 en 2009 con el Acuerdo de Hermanamiento. A\u00f1os despu\u00e9s, en 2018, una ordenanza aprobada por el Concejo Deliberante autoriz\u00f3 la instalaci\u00f3n del cartel, pero este no se colocaba. La historia tom\u00f3 un giro inesperado con el joven Pedro Veppo, quien, impresionado por el cartel de hermanamiento que vio en Italia, se propuso que Mercedes tuviera el propio. Su insistencia, a pesar de las demoras, mantuvo vivo el proyecto. Hoy, a sus 17 a\u00f1os, Pedro considera que la ciudad ha hecho un \u00abacto de justicia\u00bb y un \u00abreconocimiento\u00bb a los inmigrantes que contribuyeron a su crecimiento.<\/p>\n","protected":false},"excerpt":{"rendered":"<p>\u25a0 \u00abReconocer un hermanamiento con un pueblo, con una ciudad de donde provienen muchas de nuestras familias, la verdad que es un detalle que me parece que es reconocer nuestras tradiciones, nuestras ra\u00edces y nuestra identidad\u00bb, celebr\u00f3 la concejala de la UCR<\/p>\n","protected":false},"author":16,"featured_media":142275,"comment_status":"closed","ping_status":"closed","sticky":false,"template":"","format":"standard","meta":{"footnotes":""},"categories":[16],"tags":[4900,243,12446,20856],"class_list":["post-169154","post","type-post","status-publish","format-standard","has-post-thumbnail","hentry","category-politica","tag-cartel","tag-concejo-deliberante","tag-debora-lacasa","tag-hermanamiento"],"yoast_head":"<!-- This site is optimized with the Yoast SEO plugin v27.5 - https:\/\/yoast.com\/product\/yoast-seo-wordpress\/ -->\n<title>Lacasa celebra &quot;final feliz&quot; para historia de un cartel de hermanamiento de la ciudad por sus ra\u00edces italianas<\/title>\n<meta name=\"description\" content=\"&quot;Reconocer un hermanamiento con un pueblo, con una ciudad de donde provienen muchas de nuestras familias, la verdad que es un detalle que me parece que es reconocer nuestras tradiciones, nuestras ra\u00edces y nuestra identidad&quot;, celebr\u00f3 la concejala de la UCR\" \/>\n<meta name=\"robots\" content=\"index, follow, max-snippet:-1, max-image-preview:large, max-video-preview:-1\" \/>\n<link rel=\"canonical\" href=\"https:\/\/noticiasmercedinas.com\/site\/2025\/09\/10\/lacasa-celebra-final-feliz-para-historia-de-un-cartel-de-hermanamiento-de-la-ciudad-por-sus-raices-italianas\/\" \/>\n<meta property=\"og:locale\" content=\"es_ES\" \/>\n<meta property=\"og:type\" content=\"article\" \/>\n<meta property=\"og:title\" content=\"Lacasa celebra &quot;final feliz&quot; para historia de un cartel de hermanamiento de la ciudad por sus ra\u00edces italianas\" \/>\n<meta property=\"og:description\" content=\"&quot;Reconocer un hermanamiento con un pueblo, con una ciudad de donde provienen muchas de nuestras familias, la verdad que es un detalle que me parece que es reconocer nuestras tradiciones, nuestras ra\u00edces y nuestra identidad&quot;, celebr\u00f3 la concejala de la UCR\" \/>\n<meta property=\"og:url\" content=\"https:\/\/noticiasmercedinas.com\/site\/2025\/09\/10\/lacasa-celebra-final-feliz-para-historia-de-un-cartel-de-hermanamiento-de-la-ciudad-por-sus-raices-italianas\/\" \/>\n<meta property=\"og:site_name\" content=\"NOTICIASMERCEDINAS.COM\" \/>\n<meta property=\"article:publisher\" content=\"https:\/\/www.facebook.com\/noticiasmercedinas\/\" \/>\n<meta property=\"article:published_time\" content=\"2025-09-10T19:27:08+00:00\" \/>\n<meta property=\"og:image\" content=\"https:\/\/noticiasmercedinas.com\/site\/wp-content\/uploads\/2024\/08\/deboralacasa.jpg\" \/>\n\t<meta property=\"og:image:width\" content=\"1114\" \/>\n\t<meta property=\"og:image:height\" content=\"703\" \/>\n\t<meta property=\"og:image:type\" content=\"image\/jpeg\" \/>\n<meta name=\"author\" content=\"NOTICIASMERCEDINAS.COM\" \/>\n<meta name=\"twitter:card\" content=\"summary_large_image\" \/>\n<meta name=\"twitter:creator\" content=\"@notmercedinas\" \/>\n<meta name=\"twitter:site\" content=\"@notmercedinas\" \/>\n<meta name=\"twitter:label1\" content=\"Escrito por\" \/>\n\t<meta name=\"twitter:data1\" content=\"NOTICIASMERCEDINAS.COM\" \/>\n\t<meta name=\"twitter:label2\" content=\"Tiempo de lectura\" \/>\n\t<meta name=\"twitter:data2\" content=\"2 minutos\" \/>\n<script type=\"application\/ld+json\" class=\"yoast-schema-graph\">{\"@context\":\"https:\\\/\\\/schema.org\",\"@graph\":[{\"@type\":\"Article\",\"@id\":\"https:\\\/\\\/noticiasmercedinas.com\\\/site\\\/2025\\\/09\\\/10\\\/lacasa-celebra-final-feliz-para-historia-de-un-cartel-de-hermanamiento-de-la-ciudad-por-sus-raices-italianas\\\/#article\",\"isPartOf\":{\"@id\":\"https:\\\/\\\/noticiasmercedinas.com\\\/site\\\/2025\\\/09\\\/10\\\/lacasa-celebra-final-feliz-para-historia-de-un-cartel-de-hermanamiento-de-la-ciudad-por-sus-raices-italianas\\\/\"},\"author\":{\"name\":\"NOTICIASMERCEDINAS.COM\",\"@id\":\"https:\\\/\\\/noticiasmercedinas.com\\\/site\\\/#\\\/schema\\\/person\\\/84b59c099c28ff2e8b77d4ceec5d8063\"},\"headline\":\"Lacasa celebra \u00abfinal feliz\u00bb para historia de un cartel de hermanamiento de la ciudad por sus ra\u00edces italianas\",\"datePublished\":\"2025-09-10T19:27:08+00:00\",\"mainEntityOfPage\":{\"@id\":\"https:\\\/\\\/noticiasmercedinas.com\\\/site\\\/2025\\\/09\\\/10\\\/lacasa-celebra-final-feliz-para-historia-de-un-cartel-de-hermanamiento-de-la-ciudad-por-sus-raices-italianas\\\/\"},\"wordCount\":388,\"publisher\":{\"@id\":\"https:\\\/\\\/noticiasmercedinas.com\\\/site\\\/#organization\"},\"image\":{\"@id\":\"https:\\\/\\\/noticiasmercedinas.com\\\/site\\\/2025\\\/09\\\/10\\\/lacasa-celebra-final-feliz-para-historia-de-un-cartel-de-hermanamiento-de-la-ciudad-por-sus-raices-italianas\\\/#primaryimage\"},\"thumbnailUrl\":\"https:\\\/\\\/noticiasmercedinas.com\\\/site\\\/wp-content\\\/uploads\\\/2024\\\/08\\\/deboralacasa.jpg\",\"keywords\":[\"cartel\",\"concejo deliberante\",\"Debora Lacasa\",\"hermanamiento\"],\"articleSection\":[\"Politica\"],\"inLanguage\":\"es\"},{\"@type\":\"WebPage\",\"@id\":\"https:\\\/\\\/noticiasmercedinas.com\\\/site\\\/2025\\\/09\\\/10\\\/lacasa-celebra-final-feliz-para-historia-de-un-cartel-de-hermanamiento-de-la-ciudad-por-sus-raices-italianas\\\/\",\"url\":\"https:\\\/\\\/noticiasmercedinas.com\\\/site\\\/2025\\\/09\\\/10\\\/lacasa-celebra-final-feliz-para-historia-de-un-cartel-de-hermanamiento-de-la-ciudad-por-sus-raices-italianas\\\/\",\"name\":\"Lacasa celebra \\\"final feliz\\\" para historia de un cartel de hermanamiento de la ciudad por sus ra\u00edces italianas\",\"isPartOf\":{\"@id\":\"https:\\\/\\\/noticiasmercedinas.com\\\/site\\\/#website\"},\"primaryImageOfPage\":{\"@id\":\"https:\\\/\\\/noticiasmercedinas.com\\\/site\\\/2025\\\/09\\\/10\\\/lacasa-celebra-final-feliz-para-historia-de-un-cartel-de-hermanamiento-de-la-ciudad-por-sus-raices-italianas\\\/#primaryimage\"},\"image\":{\"@id\":\"https:\\\/\\\/noticiasmercedinas.com\\\/site\\\/2025\\\/09\\\/10\\\/lacasa-celebra-final-feliz-para-historia-de-un-cartel-de-hermanamiento-de-la-ciudad-por-sus-raices-italianas\\\/#primaryimage\"},\"thumbnailUrl\":\"https:\\\/\\\/noticiasmercedinas.com\\\/site\\\/wp-content\\\/uploads\\\/2024\\\/08\\\/deboralacasa.jpg\",\"datePublished\":\"2025-09-10T19:27:08+00:00\",\"description\":\"\\\"Reconocer un hermanamiento con un pueblo, con una ciudad de donde provienen muchas de nuestras familias, la verdad que es un detalle que me parece que es reconocer nuestras tradiciones, nuestras ra\u00edces y nuestra identidad\\\", celebr\u00f3 la concejala de la UCR\",\"breadcrumb\":{\"@id\":\"https:\\\/\\\/noticiasmercedinas.com\\\/site\\\/2025\\\/09\\\/10\\\/lacasa-celebra-final-feliz-para-historia-de-un-cartel-de-hermanamiento-de-la-ciudad-por-sus-raices-italianas\\\/#breadcrumb\"},\"inLanguage\":\"es\",\"potentialAction\":[{\"@type\":\"ReadAction\",\"target\":[\"https:\\\/\\\/noticiasmercedinas.com\\\/site\\\/2025\\\/09\\\/10\\\/lacasa-celebra-final-feliz-para-historia-de-un-cartel-de-hermanamiento-de-la-ciudad-por-sus-raices-italianas\\\/\"]}]},{\"@type\":\"ImageObject\",\"inLanguage\":\"es\",\"@id\":\"https:\\\/\\\/noticiasmercedinas.com\\\/site\\\/2025\\\/09\\\/10\\\/lacasa-celebra-final-feliz-para-historia-de-un-cartel-de-hermanamiento-de-la-ciudad-por-sus-raices-italianas\\\/#primaryimage\",\"url\":\"https:\\\/\\\/noticiasmercedinas.com\\\/site\\\/wp-content\\\/uploads\\\/2024\\\/08\\\/deboralacasa.jpg\",\"contentUrl\":\"https:\\\/\\\/noticiasmercedinas.com\\\/site\\\/wp-content\\\/uploads\\\/2024\\\/08\\\/deboralacasa.jpg\",\"width\":1114,\"height\":703},{\"@type\":\"BreadcrumbList\",\"@id\":\"https:\\\/\\\/noticiasmercedinas.com\\\/site\\\/2025\\\/09\\\/10\\\/lacasa-celebra-final-feliz-para-historia-de-un-cartel-de-hermanamiento-de-la-ciudad-por-sus-raices-italianas\\\/#breadcrumb\",\"itemListElement\":[{\"@type\":\"ListItem\",\"position\":1,\"name\":\"Portada\",\"item\":\"https:\\\/\\\/noticiasmercedinas.com\\\/site\\\/\"},{\"@type\":\"ListItem\",\"position\":2,\"name\":\"Lacasa celebra \u00abfinal feliz\u00bb para historia de un cartel de hermanamiento de la ciudad por sus ra\u00edces italianas\"}]},{\"@type\":\"WebSite\",\"@id\":\"https:\\\/\\\/noticiasmercedinas.com\\\/site\\\/#website\",\"url\":\"https:\\\/\\\/noticiasmercedinas.com\\\/site\\\/\",\"name\":\"NOTICIASMERCEDINAS.COM\",\"description\":\"Mercedes, Buenos Aires, Argentina\",\"publisher\":{\"@id\":\"https:\\\/\\\/noticiasmercedinas.com\\\/site\\\/#organization\"},\"potentialAction\":[{\"@type\":\"SearchAction\",\"target\":{\"@type\":\"EntryPoint\",\"urlTemplate\":\"https:\\\/\\\/noticiasmercedinas.com\\\/site\\\/?s={search_term_string}\"},\"query-input\":{\"@type\":\"PropertyValueSpecification\",\"valueRequired\":true,\"valueName\":\"search_term_string\"}}],\"inLanguage\":\"es\"},{\"@type\":\"Organization\",\"@id\":\"https:\\\/\\\/noticiasmercedinas.com\\\/site\\\/#organization\",\"name\":\"NOTICIASMERCEDINAS.COM\",\"url\":\"https:\\\/\\\/noticiasmercedinas.com\\\/site\\\/\",\"logo\":{\"@type\":\"ImageObject\",\"inLanguage\":\"es\",\"@id\":\"https:\\\/\\\/noticiasmercedinas.com\\\/site\\\/#\\\/schema\\\/logo\\\/image\\\/\",\"url\":\"https:\\\/\\\/noticiasmercedinas.com\\\/site\\\/wp-content\\\/uploads\\\/2020\\\/06\\\/LOGO-512.jpg\",\"contentUrl\":\"https:\\\/\\\/noticiasmercedinas.com\\\/site\\\/wp-content\\\/uploads\\\/2020\\\/06\\\/LOGO-512.jpg\",\"width\":512,\"height\":512,\"caption\":\"NOTICIASMERCEDINAS.COM\"},\"image\":{\"@id\":\"https:\\\/\\\/noticiasmercedinas.com\\\/site\\\/#\\\/schema\\\/logo\\\/image\\\/\"},\"sameAs\":[\"https:\\\/\\\/www.facebook.com\\\/noticiasmercedinas\\\/\",\"https:\\\/\\\/x.com\\\/notmercedinas\",\"https:\\\/\\\/www.instagram.com\\\/noticiasmercedinas\\\/\"]},{\"@type\":\"Person\",\"@id\":\"https:\\\/\\\/noticiasmercedinas.com\\\/site\\\/#\\\/schema\\\/person\\\/84b59c099c28ff2e8b77d4ceec5d8063\",\"name\":\"NOTICIASMERCEDINAS.COM\",\"image\":{\"@type\":\"ImageObject\",\"inLanguage\":\"es\",\"@id\":\"https:\\\/\\\/secure.gravatar.com\\\/avatar\\\/4dfbf16b4d17945bfb6341b2d19043457132fcf478a5ee04f42e959fd8f5df0a?s=96&d=mm&r=g\",\"url\":\"https:\\\/\\\/secure.gravatar.com\\\/avatar\\\/4dfbf16b4d17945bfb6341b2d19043457132fcf478a5ee04f42e959fd8f5df0a?s=96&d=mm&r=g\",\"contentUrl\":\"https:\\\/\\\/secure.gravatar.com\\\/avatar\\\/4dfbf16b4d17945bfb6341b2d19043457132fcf478a5ee04f42e959fd8f5df0a?s=96&d=mm&r=g\",\"caption\":\"NOTICIASMERCEDINAS.COM\"},\"url\":\"https:\\\/\\\/noticiasmercedinas.com\\\/site\\\/author\\\/anonimo\\\/\"}]}<\/script>\n<!-- \/ Yoast SEO plugin. -->","yoast_head_json":{"title":"Lacasa celebra \"final feliz\" para historia de un cartel de hermanamiento de la ciudad por sus ra\u00edces italianas","description":"\"Reconocer un hermanamiento con un pueblo, con una ciudad de donde provienen muchas de nuestras familias, la verdad que es un detalle que me parece que es reconocer nuestras tradiciones, nuestras ra\u00edces y nuestra identidad\", celebr\u00f3 la concejala de la UCR","robots":{"index":"index","follow":"follow","max-snippet":"max-snippet:-1","max-image-preview":"max-image-preview:large","max-video-preview":"max-video-preview:-1"},"canonical":"https:\/\/noticiasmercedinas.com\/site\/2025\/09\/10\/lacasa-celebra-final-feliz-para-historia-de-un-cartel-de-hermanamiento-de-la-ciudad-por-sus-raices-italianas\/","og_locale":"es_ES","og_type":"article","og_title":"Lacasa celebra \"final feliz\" para historia de un cartel de hermanamiento de la ciudad por sus ra\u00edces italianas","og_description":"\"Reconocer un hermanamiento con un pueblo, con una ciudad de donde provienen muchas de nuestras familias, la verdad que es un detalle que me parece que es reconocer nuestras tradiciones, nuestras ra\u00edces y nuestra identidad\", celebr\u00f3 la concejala de la UCR","og_url":"https:\/\/noticiasmercedinas.com\/site\/2025\/09\/10\/lacasa-celebra-final-feliz-para-historia-de-un-cartel-de-hermanamiento-de-la-ciudad-por-sus-raices-italianas\/","og_site_name":"NOTICIASMERCEDINAS.COM","article_publisher":"https:\/\/www.facebook.com\/noticiasmercedinas\/","article_published_time":"2025-09-10T19:27:08+00:00","og_image":[{"width":1114,"height":703,"url":"https:\/\/noticiasmercedinas.com\/site\/wp-content\/uploads\/2024\/08\/deboralacasa.jpg","type":"image\/jpeg"}],"author":"NOTICIASMERCEDINAS.COM","twitter_card":"summary_large_image","twitter_creator":"@notmercedinas","twitter_site":"@notmercedinas","twitter_misc":{"Escrito por":"NOTICIASMERCEDINAS.COM","Tiempo de lectura":"2 minutos"},"schema":{"@context":"https:\/\/schema.org","@graph":[{"@type":"Article","@id":"https:\/\/noticiasmercedinas.com\/site\/2025\/09\/10\/lacasa-celebra-final-feliz-para-historia-de-un-cartel-de-hermanamiento-de-la-ciudad-por-sus-raices-italianas\/#article","isPartOf":{"@id":"https:\/\/noticiasmercedinas.com\/site\/2025\/09\/10\/lacasa-celebra-final-feliz-para-historia-de-un-cartel-de-hermanamiento-de-la-ciudad-por-sus-raices-italianas\/"},"author":{"name":"NOTICIASMERCEDINAS.COM","@id":"https:\/\/noticiasmercedinas.com\/site\/#\/schema\/person\/84b59c099c28ff2e8b77d4ceec5d8063"},"headline":"Lacasa celebra \u00abfinal feliz\u00bb para historia de un cartel de hermanamiento de la ciudad por sus ra\u00edces italianas","datePublished":"2025-09-10T19:27:08+00:00","mainEntityOfPage":{"@id":"https:\/\/noticiasmercedinas.com\/site\/2025\/09\/10\/lacasa-celebra-final-feliz-para-historia-de-un-cartel-de-hermanamiento-de-la-ciudad-por-sus-raices-italianas\/"},"wordCount":388,"publisher":{"@id":"https:\/\/noticiasmercedinas.com\/site\/#organization"},"image":{"@id":"https:\/\/noticiasmercedinas.com\/site\/2025\/09\/10\/lacasa-celebra-final-feliz-para-historia-de-un-cartel-de-hermanamiento-de-la-ciudad-por-sus-raices-italianas\/#primaryimage"},"thumbnailUrl":"https:\/\/noticiasmercedinas.com\/site\/wp-content\/uploads\/2024\/08\/deboralacasa.jpg","keywords":["cartel","concejo deliberante","Debora Lacasa","hermanamiento"],"articleSection":["Politica"],"inLanguage":"es"},{"@type":"WebPage","@id":"https:\/\/noticiasmercedinas.com\/site\/2025\/09\/10\/lacasa-celebra-final-feliz-para-historia-de-un-cartel-de-hermanamiento-de-la-ciudad-por-sus-raices-italianas\/","url":"https:\/\/noticiasmercedinas.com\/site\/2025\/09\/10\/lacasa-celebra-final-feliz-para-historia-de-un-cartel-de-hermanamiento-de-la-ciudad-por-sus-raices-italianas\/","name":"Lacasa celebra \"final feliz\" para historia de un cartel de hermanamiento de la ciudad por sus ra\u00edces italianas","isPartOf":{"@id":"https:\/\/noticiasmercedinas.com\/site\/#website"},"primaryImageOfPage":{"@id":"https:\/\/noticiasmercedinas.com\/site\/2025\/09\/10\/lacasa-celebra-final-feliz-para-historia-de-un-cartel-de-hermanamiento-de-la-ciudad-por-sus-raices-italianas\/#primaryimage"},"image":{"@id":"https:\/\/noticiasmercedinas.com\/site\/2025\/09\/10\/lacasa-celebra-final-feliz-para-historia-de-un-cartel-de-hermanamiento-de-la-ciudad-por-sus-raices-italianas\/#primaryimage"},"thumbnailUrl":"https:\/\/noticiasmercedinas.com\/site\/wp-content\/uploads\/2024\/08\/deboralacasa.jpg","datePublished":"2025-09-10T19:27:08+00:00","description":"\"Reconocer un hermanamiento con un pueblo, con una ciudad de donde provienen muchas de nuestras familias, la verdad que es un detalle que me parece que es reconocer nuestras tradiciones, nuestras ra\u00edces y nuestra identidad\", celebr\u00f3 la concejala de la UCR","breadcrumb":{"@id":"https:\/\/noticiasmercedinas.com\/site\/2025\/09\/10\/lacasa-celebra-final-feliz-para-historia-de-un-cartel-de-hermanamiento-de-la-ciudad-por-sus-raices-italianas\/#breadcrumb"},"inLanguage":"es","potentialAction":[{"@type":"ReadAction","target":["https:\/\/noticiasmercedinas.com\/site\/2025\/09\/10\/lacasa-celebra-final-feliz-para-historia-de-un-cartel-de-hermanamiento-de-la-ciudad-por-sus-raices-italianas\/"]}]},{"@type":"ImageObject","inLanguage":"es","@id":"https:\/\/noticiasmercedinas.com\/site\/2025\/09\/10\/lacasa-celebra-final-feliz-para-historia-de-un-cartel-de-hermanamiento-de-la-ciudad-por-sus-raices-italianas\/#primaryimage","url":"https:\/\/noticiasmercedinas.com\/site\/wp-content\/uploads\/2024\/08\/deboralacasa.jpg","contentUrl":"https:\/\/noticiasmercedinas.com\/site\/wp-content\/uploads\/2024\/08\/deboralacasa.jpg","width":1114,"height":703},{"@type":"BreadcrumbList","@id":"https:\/\/noticiasmercedinas.com\/site\/2025\/09\/10\/lacasa-celebra-final-feliz-para-historia-de-un-cartel-de-hermanamiento-de-la-ciudad-por-sus-raices-italianas\/#breadcrumb","itemListElement":[{"@type":"ListItem","position":1,"name":"Portada","item":"https:\/\/noticiasmercedinas.com\/site\/"},{"@type":"ListItem","position":2,"name":"Lacasa celebra \u00abfinal feliz\u00bb para historia de un cartel de hermanamiento de la ciudad por sus ra\u00edces italianas"}]},{"@type":"WebSite","@id":"https:\/\/noticiasmercedinas.com\/site\/#website","url":"https:\/\/noticiasmercedinas.com\/site\/","name":"NOTICIASMERCEDINAS.COM","description":"Mercedes, Buenos Aires, Argentina","publisher":{"@id":"https:\/\/noticiasmercedinas.com\/site\/#organization"},"potentialAction":[{"@type":"SearchAction","target":{"@type":"EntryPoint","urlTemplate":"https:\/\/noticiasmercedinas.com\/site\/?s={search_term_string}"},"query-input":{"@type":"PropertyValueSpecification","valueRequired":true,"valueName":"search_term_string"}}],"inLanguage":"es"},{"@type":"Organization","@id":"https:\/\/noticiasmercedinas.com\/site\/#organization","name":"NOTICIASMERCEDINAS.COM","url":"https:\/\/noticiasmercedinas.com\/site\/","logo":{"@type":"ImageObject","inLanguage":"es","@id":"https:\/\/noticiasmercedinas.com\/site\/#\/schema\/logo\/image\/","url":"https:\/\/noticiasmercedinas.com\/site\/wp-content\/uploads\/2020\/06\/LOGO-512.jpg","contentUrl":"https:\/\/noticiasmercedinas.com\/site\/wp-content\/uploads\/2020\/06\/LOGO-512.jpg","width":512,"height":512,"caption":"NOTICIASMERCEDINAS.COM"},"image":{"@id":"https:\/\/noticiasmercedinas.com\/site\/#\/schema\/logo\/image\/"},"sameAs":["https:\/\/www.facebook.com\/noticiasmercedinas\/","https:\/\/x.com\/notmercedinas","https:\/\/www.instagram.com\/noticiasmercedinas\/"]},{"@type":"Person","@id":"https:\/\/noticiasmercedinas.com\/site\/#\/schema\/person\/84b59c099c28ff2e8b77d4ceec5d8063","name":"NOTICIASMERCEDINAS.COM","image":{"@type":"ImageObject","inLanguage":"es","@id":"https:\/\/secure.gravatar.com\/avatar\/4dfbf16b4d17945bfb6341b2d19043457132fcf478a5ee04f42e959fd8f5df0a?s=96&d=mm&r=g","url":"https:\/\/secure.gravatar.com\/avatar\/4dfbf16b4d17945bfb6341b2d19043457132fcf478a5ee04f42e959fd8f5df0a?s=96&d=mm&r=g","contentUrl":"https:\/\/secure.gravatar.com\/avatar\/4dfbf16b4d17945bfb6341b2d19043457132fcf478a5ee04f42e959fd8f5df0a?s=96&d=mm&r=g","caption":"NOTICIASMERCEDINAS.COM"},"url":"https:\/\/noticiasmercedinas.com\/site\/author\/anonimo\/"}]}},"amp_enabled":true,"_links":{"self":[{"href":"https:\/\/noticiasmercedinas.com\/site\/wp-json\/wp\/v2\/posts\/169154","targetHints":{"allow":["GET"]}}],"collection":[{"href":"https:\/\/noticiasmercedinas.com\/site\/wp-json\/wp\/v2\/posts"}],"about":[{"href":"https:\/\/noticiasmercedinas.com\/site\/wp-json\/wp\/v2\/types\/post"}],"author":[{"embeddable":true,"href":"https:\/\/noticiasmercedinas.com\/site\/wp-json\/wp\/v2\/users\/16"}],"replies":[{"embeddable":true,"href":"https:\/\/noticiasmercedinas.com\/site\/wp-json\/wp\/v2\/comments?post=169154"}],"version-history":[{"count":1,"href":"https:\/\/noticiasmercedinas.com\/site\/wp-json\/wp\/v2\/posts\/169154\/revisions"}],"predecessor-version":[{"id":169155,"href":"https:\/\/noticiasmercedinas.com\/site\/wp-json\/wp\/v2\/posts\/169154\/revisions\/169155"}],"wp:featuredmedia":[{"embeddable":true,"href":"https:\/\/noticiasmercedinas.com\/site\/wp-json\/wp\/v2\/media\/142275"}],"wp:attachment":[{"href":"https:\/\/noticiasmercedinas.com\/site\/wp-json\/wp\/v2\/media?parent=169154"}],"wp:term":[{"taxonomy":"category","embeddable":true,"href":"https:\/\/noticiasmercedinas.com\/site\/wp-json\/wp\/v2\/categories?post=169154"},{"taxonomy":"post_tag","embeddable":true,"href":"https:\/\/noticiasmercedinas.com\/site\/wp-json\/wp\/v2\/tags?post=169154"}],"curies":[{"name":"wp","href":"https:\/\/api.w.org\/{rel}","templated":true}]}}