{"id":169199,"date":"2025-09-11T09:40:53","date_gmt":"2025-09-11T12:40:53","guid":{"rendered":"https:\/\/noticiasmercedinas.com\/site\/?p=169199"},"modified":"2025-09-11T09:46:52","modified_gmt":"2025-09-11T12:46:52","slug":"merceditas-1875-invita-a-celebrar-el-dia-del-maestro-y-mas-con-ofertas-especiales-y-un-viaje-en-el-tiempo","status":"publish","type":"post","link":"https:\/\/noticiasmercedinas.com\/site\/2025\/09\/11\/merceditas-1875-invita-a-celebrar-el-dia-del-maestro-y-mas-con-ofertas-especiales-y-un-viaje-en-el-tiempo\/","title":{"rendered":"Merceditas 1875 invita a su espacio con ofertas especiales y un viaje en el tiempo"},"content":{"rendered":"<p><img loading=\"lazy\" decoding=\"async\" class=\"alignnone size-full wp-image-169202\" src=\"https:\/\/noticiasmercedinas.com\/site\/wp-content\/uploads\/2025\/09\/IMG-20250906-WA0092-e1757594318396.jpg\" alt=\"\" width=\"1188\" height=\"1008\" srcset=\"https:\/\/noticiasmercedinas.com\/site\/wp-content\/uploads\/2025\/09\/IMG-20250906-WA0092-e1757594318396.jpg 1188w, https:\/\/noticiasmercedinas.com\/site\/wp-content\/uploads\/2025\/09\/IMG-20250906-WA0092-e1757594318396-300x255.jpg 300w, https:\/\/noticiasmercedinas.com\/site\/wp-content\/uploads\/2025\/09\/IMG-20250906-WA0092-e1757594318396-1024x869.jpg 1024w, https:\/\/noticiasmercedinas.com\/site\/wp-content\/uploads\/2025\/09\/IMG-20250906-WA0092-e1757594318396-768x652.jpg 768w, https:\/\/noticiasmercedinas.com\/site\/wp-content\/uploads\/2025\/09\/IMG-20250906-WA0092-e1757594318396-640x543.jpg 640w, https:\/\/noticiasmercedinas.com\/site\/wp-content\/uploads\/2025\/09\/IMG-20250906-WA0092-e1757594318396-681x578.jpg 681w\" sizes=\"auto, (max-width: 1188px) 100vw, 1188px\" \/><\/p>\n<p>Merceditas 1875, la nueva casa de t\u00e9 de la ciudad, se prepara para su segundo fin de semana de actividad con una propuesta atractiva para los mercedinos.<\/p>\n<p>Ubicada en la calle 35 N\u00ba 681, el espacio ofrece una combinaci\u00f3n de gastronom\u00eda de calidad y un ambiente hist\u00f3rico y acogedor. Abierto de viernes a domingo, el local invita a la comunidad a disfrutar de sus delicias y celebrar ocasiones especiales.<\/p>\n<p><img loading=\"lazy\" decoding=\"async\" class=\"alignnone size-full wp-image-169208\" src=\"https:\/\/noticiasmercedinas.com\/site\/wp-content\/uploads\/2025\/09\/IMG-20250910-WA0093.jpg\" alt=\"\" width=\"1280\" height=\"960\" srcset=\"https:\/\/noticiasmercedinas.com\/site\/wp-content\/uploads\/2025\/09\/IMG-20250910-WA0093.jpg 1280w, https:\/\/noticiasmercedinas.com\/site\/wp-content\/uploads\/2025\/09\/IMG-20250910-WA0093-300x225.jpg 300w, https:\/\/noticiasmercedinas.com\/site\/wp-content\/uploads\/2025\/09\/IMG-20250910-WA0093-1024x768.jpg 1024w, https:\/\/noticiasmercedinas.com\/site\/wp-content\/uploads\/2025\/09\/IMG-20250910-WA0093-768x576.jpg 768w, https:\/\/noticiasmercedinas.com\/site\/wp-content\/uploads\/2025\/09\/IMG-20250910-WA0093-80x60.jpg 80w, https:\/\/noticiasmercedinas.com\/site\/wp-content\/uploads\/2025\/09\/IMG-20250910-WA0093-160x120.jpg 160w, https:\/\/noticiasmercedinas.com\/site\/wp-content\/uploads\/2025\/09\/IMG-20250910-WA0093-100x75.jpg 100w, https:\/\/noticiasmercedinas.com\/site\/wp-content\/uploads\/2025\/09\/IMG-20250910-WA0093-200x150.jpg 200w, https:\/\/noticiasmercedinas.com\/site\/wp-content\/uploads\/2025\/09\/IMG-20250910-WA0093-180x135.jpg 180w, https:\/\/noticiasmercedinas.com\/site\/wp-content\/uploads\/2025\/09\/IMG-20250910-WA0093-360x270.jpg 360w, https:\/\/noticiasmercedinas.com\/site\/wp-content\/uploads\/2025\/09\/IMG-20250910-WA0093-238x178.jpg 238w, https:\/\/noticiasmercedinas.com\/site\/wp-content\/uploads\/2025\/09\/IMG-20250910-WA0093-476x356.jpg 476w, https:\/\/noticiasmercedinas.com\/site\/wp-content\/uploads\/2025\/09\/IMG-20250910-WA0093-640x480.jpg 640w, https:\/\/noticiasmercedinas.com\/site\/wp-content\/uploads\/2025\/09\/IMG-20250910-WA0093-681x511.jpg 681w\" sizes=\"auto, (max-width: 1280px) 100vw, 1280px\" \/><\/p>\n<p>La casa de t\u00e9, que abri\u00f3 sus puertas la primera semana de septiembre, es un proyecto liderado por la pareja de emprendedores Ra\u00fal Caratini y Daniela L\u00f3pez Van Hemelrijck, con la chef pastelera Ximena L\u00f3pez Van Hemelrijck a cargo de las creaciones dulces.<\/p>\n<p><img loading=\"lazy\" decoding=\"async\" class=\"alignnone size-full wp-image-169203\" src=\"https:\/\/noticiasmercedinas.com\/site\/wp-content\/uploads\/2025\/09\/IMG-20250906-WA0093-e1757594387336.jpg\" alt=\"\" width=\"1195\" height=\"933\" srcset=\"https:\/\/noticiasmercedinas.com\/site\/wp-content\/uploads\/2025\/09\/IMG-20250906-WA0093-e1757594387336.jpg 1195w, https:\/\/noticiasmercedinas.com\/site\/wp-content\/uploads\/2025\/09\/IMG-20250906-WA0093-e1757594387336-300x234.jpg 300w, https:\/\/noticiasmercedinas.com\/site\/wp-content\/uploads\/2025\/09\/IMG-20250906-WA0093-e1757594387336-1024x799.jpg 1024w, https:\/\/noticiasmercedinas.com\/site\/wp-content\/uploads\/2025\/09\/IMG-20250906-WA0093-e1757594387336-768x600.jpg 768w, https:\/\/noticiasmercedinas.com\/site\/wp-content\/uploads\/2025\/09\/IMG-20250906-WA0093-e1757594387336-640x500.jpg 640w, https:\/\/noticiasmercedinas.com\/site\/wp-content\/uploads\/2025\/09\/IMG-20250906-WA0093-e1757594387336-681x532.jpg 681w\" sizes=\"auto, (max-width: 1195px) 100vw, 1195px\" \/><\/p>\n<p>La joya de la propuesta es la casona en s\u00ed, que data de 1875 y ha sido restaurada para conservar su estructura original.<\/p>\n<p>El nombre rinde homenaje a Mercedes Tomasa de San Mart\u00edn y Escalada, hija del pr\u00f3cer, y la decoraci\u00f3n incluye objetos de \u00e9poca que transportan a los visitantes a otra era.<\/p>\n<p>Adem\u00e1s de su propuesta permanente, la casa de t\u00e9 tiene una oferta especial para este domingo 14 de septiembre: un 20% de descuento en todas las tortas entre las 19 y las 20 hs. Esta promoci\u00f3n busca incentivar a los clientes a disfrutar de su reposter\u00eda casera, que es el sello distintivo del lugar.<\/p>\n<p>En el futuro, los due\u00f1os planean habilitar la terraza y ofrecer el espacio para eventos privados, diversificando as\u00ed la oferta en un contexto de crecimiento del turismo y la gastronom\u00eda en Mercedes.<\/p>\n<p><img loading=\"lazy\" decoding=\"async\" class=\"alignnone size-full wp-image-169204\" src=\"https:\/\/noticiasmercedinas.com\/site\/wp-content\/uploads\/2025\/09\/IMG-20250906-WA0094.jpg\" alt=\"\" width=\"960\" height=\"1280\" srcset=\"https:\/\/noticiasmercedinas.com\/site\/wp-content\/uploads\/2025\/09\/IMG-20250906-WA0094.jpg 960w, https:\/\/noticiasmercedinas.com\/site\/wp-content\/uploads\/2025\/09\/IMG-20250906-WA0094-225x300.jpg 225w, https:\/\/noticiasmercedinas.com\/site\/wp-content\/uploads\/2025\/09\/IMG-20250906-WA0094-768x1024.jpg 768w, https:\/\/noticiasmercedinas.com\/site\/wp-content\/uploads\/2025\/09\/IMG-20250906-WA0094-640x853.jpg 640w, https:\/\/noticiasmercedinas.com\/site\/wp-content\/uploads\/2025\/09\/IMG-20250906-WA0094-681x908.jpg 681w\" sizes=\"auto, (max-width: 960px) 100vw, 960px\" \/><\/p>\n<p><img loading=\"lazy\" decoding=\"async\" class=\"alignnone size-full wp-image-169207\" src=\"https:\/\/noticiasmercedinas.com\/site\/wp-content\/uploads\/2025\/09\/IMG-20250910-WA0094.jpg\" alt=\"\" width=\"1280\" height=\"960\" srcset=\"https:\/\/noticiasmercedinas.com\/site\/wp-content\/uploads\/2025\/09\/IMG-20250910-WA0094.jpg 1280w, https:\/\/noticiasmercedinas.com\/site\/wp-content\/uploads\/2025\/09\/IMG-20250910-WA0094-300x225.jpg 300w, https:\/\/noticiasmercedinas.com\/site\/wp-content\/uploads\/2025\/09\/IMG-20250910-WA0094-1024x768.jpg 1024w, https:\/\/noticiasmercedinas.com\/site\/wp-content\/uploads\/2025\/09\/IMG-20250910-WA0094-768x576.jpg 768w, https:\/\/noticiasmercedinas.com\/site\/wp-content\/uploads\/2025\/09\/IMG-20250910-WA0094-80x60.jpg 80w, https:\/\/noticiasmercedinas.com\/site\/wp-content\/uploads\/2025\/09\/IMG-20250910-WA0094-160x120.jpg 160w, https:\/\/noticiasmercedinas.com\/site\/wp-content\/uploads\/2025\/09\/IMG-20250910-WA0094-100x75.jpg 100w, https:\/\/noticiasmercedinas.com\/site\/wp-content\/uploads\/2025\/09\/IMG-20250910-WA0094-200x150.jpg 200w, https:\/\/noticiasmercedinas.com\/site\/wp-content\/uploads\/2025\/09\/IMG-20250910-WA0094-180x135.jpg 180w, https:\/\/noticiasmercedinas.com\/site\/wp-content\/uploads\/2025\/09\/IMG-20250910-WA0094-360x270.jpg 360w, https:\/\/noticiasmercedinas.com\/site\/wp-content\/uploads\/2025\/09\/IMG-20250910-WA0094-238x178.jpg 238w, https:\/\/noticiasmercedinas.com\/site\/wp-content\/uploads\/2025\/09\/IMG-20250910-WA0094-476x356.jpg 476w, https:\/\/noticiasmercedinas.com\/site\/wp-content\/uploads\/2025\/09\/IMG-20250910-WA0094-640x480.jpg 640w, https:\/\/noticiasmercedinas.com\/site\/wp-content\/uploads\/2025\/09\/IMG-20250910-WA0094-681x511.jpg 681w\" sizes=\"auto, (max-width: 1280px) 100vw, 1280px\" \/><\/p>\n","protected":false},"excerpt":{"rendered":"<p>La casa de t\u00e9, que va por su segundo fin de semana activa en la ciudad, ofrece un 20% de descuento en tortas este domingo, y se posiciona como un espacio ideal para disfrutar de una propuesta gastron\u00f3mica \u00fanica, combinando historia, arte y sabor en una casona hist\u00f3rica de 1875.<\/p>\n","protected":false},"author":16,"featured_media":169202,"comment_status":"closed","ping_status":"closed","sticky":false,"template":"","format":"standard","meta":{"footnotes":""},"categories":[74],"tags":[20812,6363,20813,1376],"class_list":["post-169199","post","type-post","status-publish","format-standard","has-post-thumbnail","hentry","category-emprendimientos","tag-casa-de-te","tag-dia-del-maestro","tag-merceditas-1875","tag-ofertas"],"yoast_head":"<!-- This site is optimized with the Yoast SEO plugin v27.4 - https:\/\/yoast.com\/product\/yoast-seo-wordpress\/ -->\n<title>Merceditas 1875 invita a su espacio con ofertas especiales y un viaje en el tiempo<\/title>\n<meta name=\"description\" content=\"La casa de t\u00e9, que va por su segundo fin de semana activa en la ciudad, ofrece un 20% de descuento en tortas este domingo, y se posiciona como un espacio ideal para disfrutar de una propuesta gastron\u00f3mica \u00fanica, combinando historia, arte y sabor en una casona hist\u00f3rica de 1875.\" \/>\n<meta name=\"robots\" content=\"index, follow, max-snippet:-1, max-image-preview:large, max-video-preview:-1\" \/>\n<link rel=\"canonical\" href=\"https:\/\/noticiasmercedinas.com\/site\/2025\/09\/11\/merceditas-1875-invita-a-celebrar-el-dia-del-maestro-y-mas-con-ofertas-especiales-y-un-viaje-en-el-tiempo\/\" \/>\n<meta property=\"og:locale\" content=\"es_ES\" \/>\n<meta property=\"og:type\" content=\"article\" \/>\n<meta property=\"og:title\" content=\"Merceditas 1875 invita a su espacio con ofertas especiales y un viaje en el tiempo\" \/>\n<meta property=\"og:description\" content=\"La casa de t\u00e9, que va por su segundo fin de semana activa en la ciudad, ofrece un 20% de descuento en tortas este domingo, y se posiciona como un espacio ideal para disfrutar de una propuesta gastron\u00f3mica \u00fanica, combinando historia, arte y sabor en una casona hist\u00f3rica de 1875.\" \/>\n<meta property=\"og:url\" content=\"https:\/\/noticiasmercedinas.com\/site\/2025\/09\/11\/merceditas-1875-invita-a-celebrar-el-dia-del-maestro-y-mas-con-ofertas-especiales-y-un-viaje-en-el-tiempo\/\" \/>\n<meta property=\"og:site_name\" content=\"NOTICIASMERCEDINAS.COM\" \/>\n<meta property=\"article:publisher\" content=\"https:\/\/www.facebook.com\/noticiasmercedinas\/\" \/>\n<meta property=\"article:published_time\" content=\"2025-09-11T12:40:53+00:00\" \/>\n<meta property=\"article:modified_time\" content=\"2025-09-11T12:46:52+00:00\" \/>\n<meta property=\"og:image\" content=\"https:\/\/noticiasmercedinas.com\/site\/wp-content\/uploads\/2025\/09\/IMG-20250906-WA0092-e1757594318396.jpg\" \/>\n\t<meta property=\"og:image:width\" content=\"1188\" \/>\n\t<meta property=\"og:image:height\" content=\"1008\" \/>\n\t<meta property=\"og:image:type\" content=\"image\/jpeg\" \/>\n<meta name=\"author\" content=\"NOTICIASMERCEDINAS.COM\" \/>\n<meta name=\"twitter:card\" content=\"summary_large_image\" \/>\n<meta name=\"twitter:creator\" content=\"@notmercedinas\" \/>\n<meta name=\"twitter:site\" content=\"@notmercedinas\" \/>\n<meta name=\"twitter:label1\" content=\"Escrito por\" \/>\n\t<meta name=\"twitter:data1\" content=\"NOTICIASMERCEDINAS.COM\" \/>\n\t<meta name=\"twitter:label2\" content=\"Tiempo de lectura\" \/>\n\t<meta name=\"twitter:data2\" content=\"3 minutos\" \/>\n<script type=\"application\/ld+json\" class=\"yoast-schema-graph\">{\"@context\":\"https:\\\/\\\/schema.org\",\"@graph\":[{\"@type\":\"Article\",\"@id\":\"https:\\\/\\\/noticiasmercedinas.com\\\/site\\\/2025\\\/09\\\/11\\\/merceditas-1875-invita-a-celebrar-el-dia-del-maestro-y-mas-con-ofertas-especiales-y-un-viaje-en-el-tiempo\\\/#article\",\"isPartOf\":{\"@id\":\"https:\\\/\\\/noticiasmercedinas.com\\\/site\\\/2025\\\/09\\\/11\\\/merceditas-1875-invita-a-celebrar-el-dia-del-maestro-y-mas-con-ofertas-especiales-y-un-viaje-en-el-tiempo\\\/\"},\"author\":{\"name\":\"NOTICIASMERCEDINAS.COM\",\"@id\":\"https:\\\/\\\/noticiasmercedinas.com\\\/site\\\/#\\\/schema\\\/person\\\/84b59c099c28ff2e8b77d4ceec5d8063\"},\"headline\":\"Merceditas 1875 invita a su espacio con ofertas especiales y un viaje en el tiempo\",\"datePublished\":\"2025-09-11T12:40:53+00:00\",\"dateModified\":\"2025-09-11T12:46:52+00:00\",\"mainEntityOfPage\":{\"@id\":\"https:\\\/\\\/noticiasmercedinas.com\\\/site\\\/2025\\\/09\\\/11\\\/merceditas-1875-invita-a-celebrar-el-dia-del-maestro-y-mas-con-ofertas-especiales-y-un-viaje-en-el-tiempo\\\/\"},\"wordCount\":271,\"publisher\":{\"@id\":\"https:\\\/\\\/noticiasmercedinas.com\\\/site\\\/#organization\"},\"image\":{\"@id\":\"https:\\\/\\\/noticiasmercedinas.com\\\/site\\\/2025\\\/09\\\/11\\\/merceditas-1875-invita-a-celebrar-el-dia-del-maestro-y-mas-con-ofertas-especiales-y-un-viaje-en-el-tiempo\\\/#primaryimage\"},\"thumbnailUrl\":\"https:\\\/\\\/noticiasmercedinas.com\\\/site\\\/wp-content\\\/uploads\\\/2025\\\/09\\\/IMG-20250906-WA0092-e1757594318396.jpg\",\"keywords\":[\"casa de te\",\"dia del maestro\",\"merceditas 1875\",\"ofertas\"],\"articleSection\":[\"Emprendimientos\"],\"inLanguage\":\"es\"},{\"@type\":\"WebPage\",\"@id\":\"https:\\\/\\\/noticiasmercedinas.com\\\/site\\\/2025\\\/09\\\/11\\\/merceditas-1875-invita-a-celebrar-el-dia-del-maestro-y-mas-con-ofertas-especiales-y-un-viaje-en-el-tiempo\\\/\",\"url\":\"https:\\\/\\\/noticiasmercedinas.com\\\/site\\\/2025\\\/09\\\/11\\\/merceditas-1875-invita-a-celebrar-el-dia-del-maestro-y-mas-con-ofertas-especiales-y-un-viaje-en-el-tiempo\\\/\",\"name\":\"Merceditas 1875 invita a su espacio con ofertas especiales y un viaje en el tiempo\",\"isPartOf\":{\"@id\":\"https:\\\/\\\/noticiasmercedinas.com\\\/site\\\/#website\"},\"primaryImageOfPage\":{\"@id\":\"https:\\\/\\\/noticiasmercedinas.com\\\/site\\\/2025\\\/09\\\/11\\\/merceditas-1875-invita-a-celebrar-el-dia-del-maestro-y-mas-con-ofertas-especiales-y-un-viaje-en-el-tiempo\\\/#primaryimage\"},\"image\":{\"@id\":\"https:\\\/\\\/noticiasmercedinas.com\\\/site\\\/2025\\\/09\\\/11\\\/merceditas-1875-invita-a-celebrar-el-dia-del-maestro-y-mas-con-ofertas-especiales-y-un-viaje-en-el-tiempo\\\/#primaryimage\"},\"thumbnailUrl\":\"https:\\\/\\\/noticiasmercedinas.com\\\/site\\\/wp-content\\\/uploads\\\/2025\\\/09\\\/IMG-20250906-WA0092-e1757594318396.jpg\",\"datePublished\":\"2025-09-11T12:40:53+00:00\",\"dateModified\":\"2025-09-11T12:46:52+00:00\",\"description\":\"La casa de t\u00e9, que va por su segundo fin de semana activa en la ciudad, ofrece un 20% de descuento en tortas este domingo, y se posiciona como un espacio ideal para disfrutar de una propuesta gastron\u00f3mica \u00fanica, combinando historia, arte y sabor en una casona hist\u00f3rica de 1875.\",\"breadcrumb\":{\"@id\":\"https:\\\/\\\/noticiasmercedinas.com\\\/site\\\/2025\\\/09\\\/11\\\/merceditas-1875-invita-a-celebrar-el-dia-del-maestro-y-mas-con-ofertas-especiales-y-un-viaje-en-el-tiempo\\\/#breadcrumb\"},\"inLanguage\":\"es\",\"potentialAction\":[{\"@type\":\"ReadAction\",\"target\":[\"https:\\\/\\\/noticiasmercedinas.com\\\/site\\\/2025\\\/09\\\/11\\\/merceditas-1875-invita-a-celebrar-el-dia-del-maestro-y-mas-con-ofertas-especiales-y-un-viaje-en-el-tiempo\\\/\"]}]},{\"@type\":\"ImageObject\",\"inLanguage\":\"es\",\"@id\":\"https:\\\/\\\/noticiasmercedinas.com\\\/site\\\/2025\\\/09\\\/11\\\/merceditas-1875-invita-a-celebrar-el-dia-del-maestro-y-mas-con-ofertas-especiales-y-un-viaje-en-el-tiempo\\\/#primaryimage\",\"url\":\"https:\\\/\\\/noticiasmercedinas.com\\\/site\\\/wp-content\\\/uploads\\\/2025\\\/09\\\/IMG-20250906-WA0092-e1757594318396.jpg\",\"contentUrl\":\"https:\\\/\\\/noticiasmercedinas.com\\\/site\\\/wp-content\\\/uploads\\\/2025\\\/09\\\/IMG-20250906-WA0092-e1757594318396.jpg\",\"width\":1188,\"height\":1008},{\"@type\":\"BreadcrumbList\",\"@id\":\"https:\\\/\\\/noticiasmercedinas.com\\\/site\\\/2025\\\/09\\\/11\\\/merceditas-1875-invita-a-celebrar-el-dia-del-maestro-y-mas-con-ofertas-especiales-y-un-viaje-en-el-tiempo\\\/#breadcrumb\",\"itemListElement\":[{\"@type\":\"ListItem\",\"position\":1,\"name\":\"Portada\",\"item\":\"https:\\\/\\\/noticiasmercedinas.com\\\/site\\\/\"},{\"@type\":\"ListItem\",\"position\":2,\"name\":\"Merceditas 1875 invita a su espacio con ofertas especiales y un viaje en el tiempo\"}]},{\"@type\":\"WebSite\",\"@id\":\"https:\\\/\\\/noticiasmercedinas.com\\\/site\\\/#website\",\"url\":\"https:\\\/\\\/noticiasmercedinas.com\\\/site\\\/\",\"name\":\"NOTICIASMERCEDINAS.COM\",\"description\":\"Mercedes, Buenos Aires, Argentina\",\"publisher\":{\"@id\":\"https:\\\/\\\/noticiasmercedinas.com\\\/site\\\/#organization\"},\"potentialAction\":[{\"@type\":\"SearchAction\",\"target\":{\"@type\":\"EntryPoint\",\"urlTemplate\":\"https:\\\/\\\/noticiasmercedinas.com\\\/site\\\/?s={search_term_string}\"},\"query-input\":{\"@type\":\"PropertyValueSpecification\",\"valueRequired\":true,\"valueName\":\"search_term_string\"}}],\"inLanguage\":\"es\"},{\"@type\":\"Organization\",\"@id\":\"https:\\\/\\\/noticiasmercedinas.com\\\/site\\\/#organization\",\"name\":\"NOTICIASMERCEDINAS.COM\",\"url\":\"https:\\\/\\\/noticiasmercedinas.com\\\/site\\\/\",\"logo\":{\"@type\":\"ImageObject\",\"inLanguage\":\"es\",\"@id\":\"https:\\\/\\\/noticiasmercedinas.com\\\/site\\\/#\\\/schema\\\/logo\\\/image\\\/\",\"url\":\"https:\\\/\\\/noticiasmercedinas.com\\\/site\\\/wp-content\\\/uploads\\\/2020\\\/06\\\/LOGO-512.jpg\",\"contentUrl\":\"https:\\\/\\\/noticiasmercedinas.com\\\/site\\\/wp-content\\\/uploads\\\/2020\\\/06\\\/LOGO-512.jpg\",\"width\":512,\"height\":512,\"caption\":\"NOTICIASMERCEDINAS.COM\"},\"image\":{\"@id\":\"https:\\\/\\\/noticiasmercedinas.com\\\/site\\\/#\\\/schema\\\/logo\\\/image\\\/\"},\"sameAs\":[\"https:\\\/\\\/www.facebook.com\\\/noticiasmercedinas\\\/\",\"https:\\\/\\\/x.com\\\/notmercedinas\",\"https:\\\/\\\/www.instagram.com\\\/noticiasmercedinas\\\/\"]},{\"@type\":\"Person\",\"@id\":\"https:\\\/\\\/noticiasmercedinas.com\\\/site\\\/#\\\/schema\\\/person\\\/84b59c099c28ff2e8b77d4ceec5d8063\",\"name\":\"NOTICIASMERCEDINAS.COM\",\"image\":{\"@type\":\"ImageObject\",\"inLanguage\":\"es\",\"@id\":\"https:\\\/\\\/secure.gravatar.com\\\/avatar\\\/4dfbf16b4d17945bfb6341b2d19043457132fcf478a5ee04f42e959fd8f5df0a?s=96&d=mm&r=g\",\"url\":\"https:\\\/\\\/secure.gravatar.com\\\/avatar\\\/4dfbf16b4d17945bfb6341b2d19043457132fcf478a5ee04f42e959fd8f5df0a?s=96&d=mm&r=g\",\"contentUrl\":\"https:\\\/\\\/secure.gravatar.com\\\/avatar\\\/4dfbf16b4d17945bfb6341b2d19043457132fcf478a5ee04f42e959fd8f5df0a?s=96&d=mm&r=g\",\"caption\":\"NOTICIASMERCEDINAS.COM\"},\"url\":\"https:\\\/\\\/noticiasmercedinas.com\\\/site\\\/author\\\/anonimo\\\/\"}]}<\/script>\n<!-- \/ Yoast SEO plugin. -->","yoast_head_json":{"title":"Merceditas 1875 invita a su espacio con ofertas especiales y un viaje en el tiempo","description":"La casa de t\u00e9, que va por su segundo fin de semana activa en la ciudad, ofrece un 20% de descuento en tortas este domingo, y se posiciona como un espacio ideal para disfrutar de una propuesta gastron\u00f3mica \u00fanica, combinando historia, arte y sabor en una casona hist\u00f3rica de 1875.","robots":{"index":"index","follow":"follow","max-snippet":"max-snippet:-1","max-image-preview":"max-image-preview:large","max-video-preview":"max-video-preview:-1"},"canonical":"https:\/\/noticiasmercedinas.com\/site\/2025\/09\/11\/merceditas-1875-invita-a-celebrar-el-dia-del-maestro-y-mas-con-ofertas-especiales-y-un-viaje-en-el-tiempo\/","og_locale":"es_ES","og_type":"article","og_title":"Merceditas 1875 invita a su espacio con ofertas especiales y un viaje en el tiempo","og_description":"La casa de t\u00e9, que va por su segundo fin de semana activa en la ciudad, ofrece un 20% de descuento en tortas este domingo, y se posiciona como un espacio ideal para disfrutar de una propuesta gastron\u00f3mica \u00fanica, combinando historia, arte y sabor en una casona hist\u00f3rica de 1875.","og_url":"https:\/\/noticiasmercedinas.com\/site\/2025\/09\/11\/merceditas-1875-invita-a-celebrar-el-dia-del-maestro-y-mas-con-ofertas-especiales-y-un-viaje-en-el-tiempo\/","og_site_name":"NOTICIASMERCEDINAS.COM","article_publisher":"https:\/\/www.facebook.com\/noticiasmercedinas\/","article_published_time":"2025-09-11T12:40:53+00:00","article_modified_time":"2025-09-11T12:46:52+00:00","og_image":[{"width":1188,"height":1008,"url":"https:\/\/noticiasmercedinas.com\/site\/wp-content\/uploads\/2025\/09\/IMG-20250906-WA0092-e1757594318396.jpg","type":"image\/jpeg"}],"author":"NOTICIASMERCEDINAS.COM","twitter_card":"summary_large_image","twitter_creator":"@notmercedinas","twitter_site":"@notmercedinas","twitter_misc":{"Escrito por":"NOTICIASMERCEDINAS.COM","Tiempo de lectura":"3 minutos"},"schema":{"@context":"https:\/\/schema.org","@graph":[{"@type":"Article","@id":"https:\/\/noticiasmercedinas.com\/site\/2025\/09\/11\/merceditas-1875-invita-a-celebrar-el-dia-del-maestro-y-mas-con-ofertas-especiales-y-un-viaje-en-el-tiempo\/#article","isPartOf":{"@id":"https:\/\/noticiasmercedinas.com\/site\/2025\/09\/11\/merceditas-1875-invita-a-celebrar-el-dia-del-maestro-y-mas-con-ofertas-especiales-y-un-viaje-en-el-tiempo\/"},"author":{"name":"NOTICIASMERCEDINAS.COM","@id":"https:\/\/noticiasmercedinas.com\/site\/#\/schema\/person\/84b59c099c28ff2e8b77d4ceec5d8063"},"headline":"Merceditas 1875 invita a su espacio con ofertas especiales y un viaje en el tiempo","datePublished":"2025-09-11T12:40:53+00:00","dateModified":"2025-09-11T12:46:52+00:00","mainEntityOfPage":{"@id":"https:\/\/noticiasmercedinas.com\/site\/2025\/09\/11\/merceditas-1875-invita-a-celebrar-el-dia-del-maestro-y-mas-con-ofertas-especiales-y-un-viaje-en-el-tiempo\/"},"wordCount":271,"publisher":{"@id":"https:\/\/noticiasmercedinas.com\/site\/#organization"},"image":{"@id":"https:\/\/noticiasmercedinas.com\/site\/2025\/09\/11\/merceditas-1875-invita-a-celebrar-el-dia-del-maestro-y-mas-con-ofertas-especiales-y-un-viaje-en-el-tiempo\/#primaryimage"},"thumbnailUrl":"https:\/\/noticiasmercedinas.com\/site\/wp-content\/uploads\/2025\/09\/IMG-20250906-WA0092-e1757594318396.jpg","keywords":["casa de te","dia del maestro","merceditas 1875","ofertas"],"articleSection":["Emprendimientos"],"inLanguage":"es"},{"@type":"WebPage","@id":"https:\/\/noticiasmercedinas.com\/site\/2025\/09\/11\/merceditas-1875-invita-a-celebrar-el-dia-del-maestro-y-mas-con-ofertas-especiales-y-un-viaje-en-el-tiempo\/","url":"https:\/\/noticiasmercedinas.com\/site\/2025\/09\/11\/merceditas-1875-invita-a-celebrar-el-dia-del-maestro-y-mas-con-ofertas-especiales-y-un-viaje-en-el-tiempo\/","name":"Merceditas 1875 invita a su espacio con ofertas especiales y un viaje en el tiempo","isPartOf":{"@id":"https:\/\/noticiasmercedinas.com\/site\/#website"},"primaryImageOfPage":{"@id":"https:\/\/noticiasmercedinas.com\/site\/2025\/09\/11\/merceditas-1875-invita-a-celebrar-el-dia-del-maestro-y-mas-con-ofertas-especiales-y-un-viaje-en-el-tiempo\/#primaryimage"},"image":{"@id":"https:\/\/noticiasmercedinas.com\/site\/2025\/09\/11\/merceditas-1875-invita-a-celebrar-el-dia-del-maestro-y-mas-con-ofertas-especiales-y-un-viaje-en-el-tiempo\/#primaryimage"},"thumbnailUrl":"https:\/\/noticiasmercedinas.com\/site\/wp-content\/uploads\/2025\/09\/IMG-20250906-WA0092-e1757594318396.jpg","datePublished":"2025-09-11T12:40:53+00:00","dateModified":"2025-09-11T12:46:52+00:00","description":"La casa de t\u00e9, que va por su segundo fin de semana activa en la ciudad, ofrece un 20% de descuento en tortas este domingo, y se posiciona como un espacio ideal para disfrutar de una propuesta gastron\u00f3mica \u00fanica, combinando historia, arte y sabor en una casona hist\u00f3rica de 1875.","breadcrumb":{"@id":"https:\/\/noticiasmercedinas.com\/site\/2025\/09\/11\/merceditas-1875-invita-a-celebrar-el-dia-del-maestro-y-mas-con-ofertas-especiales-y-un-viaje-en-el-tiempo\/#breadcrumb"},"inLanguage":"es","potentialAction":[{"@type":"ReadAction","target":["https:\/\/noticiasmercedinas.com\/site\/2025\/09\/11\/merceditas-1875-invita-a-celebrar-el-dia-del-maestro-y-mas-con-ofertas-especiales-y-un-viaje-en-el-tiempo\/"]}]},{"@type":"ImageObject","inLanguage":"es","@id":"https:\/\/noticiasmercedinas.com\/site\/2025\/09\/11\/merceditas-1875-invita-a-celebrar-el-dia-del-maestro-y-mas-con-ofertas-especiales-y-un-viaje-en-el-tiempo\/#primaryimage","url":"https:\/\/noticiasmercedinas.com\/site\/wp-content\/uploads\/2025\/09\/IMG-20250906-WA0092-e1757594318396.jpg","contentUrl":"https:\/\/noticiasmercedinas.com\/site\/wp-content\/uploads\/2025\/09\/IMG-20250906-WA0092-e1757594318396.jpg","width":1188,"height":1008},{"@type":"BreadcrumbList","@id":"https:\/\/noticiasmercedinas.com\/site\/2025\/09\/11\/merceditas-1875-invita-a-celebrar-el-dia-del-maestro-y-mas-con-ofertas-especiales-y-un-viaje-en-el-tiempo\/#breadcrumb","itemListElement":[{"@type":"ListItem","position":1,"name":"Portada","item":"https:\/\/noticiasmercedinas.com\/site\/"},{"@type":"ListItem","position":2,"name":"Merceditas 1875 invita a su espacio con ofertas especiales y un viaje en el tiempo"}]},{"@type":"WebSite","@id":"https:\/\/noticiasmercedinas.com\/site\/#website","url":"https:\/\/noticiasmercedinas.com\/site\/","name":"NOTICIASMERCEDINAS.COM","description":"Mercedes, Buenos Aires, Argentina","publisher":{"@id":"https:\/\/noticiasmercedinas.com\/site\/#organization"},"potentialAction":[{"@type":"SearchAction","target":{"@type":"EntryPoint","urlTemplate":"https:\/\/noticiasmercedinas.com\/site\/?s={search_term_string}"},"query-input":{"@type":"PropertyValueSpecification","valueRequired":true,"valueName":"search_term_string"}}],"inLanguage":"es"},{"@type":"Organization","@id":"https:\/\/noticiasmercedinas.com\/site\/#organization","name":"NOTICIASMERCEDINAS.COM","url":"https:\/\/noticiasmercedinas.com\/site\/","logo":{"@type":"ImageObject","inLanguage":"es","@id":"https:\/\/noticiasmercedinas.com\/site\/#\/schema\/logo\/image\/","url":"https:\/\/noticiasmercedinas.com\/site\/wp-content\/uploads\/2020\/06\/LOGO-512.jpg","contentUrl":"https:\/\/noticiasmercedinas.com\/site\/wp-content\/uploads\/2020\/06\/LOGO-512.jpg","width":512,"height":512,"caption":"NOTICIASMERCEDINAS.COM"},"image":{"@id":"https:\/\/noticiasmercedinas.com\/site\/#\/schema\/logo\/image\/"},"sameAs":["https:\/\/www.facebook.com\/noticiasmercedinas\/","https:\/\/x.com\/notmercedinas","https:\/\/www.instagram.com\/noticiasmercedinas\/"]},{"@type":"Person","@id":"https:\/\/noticiasmercedinas.com\/site\/#\/schema\/person\/84b59c099c28ff2e8b77d4ceec5d8063","name":"NOTICIASMERCEDINAS.COM","image":{"@type":"ImageObject","inLanguage":"es","@id":"https:\/\/secure.gravatar.com\/avatar\/4dfbf16b4d17945bfb6341b2d19043457132fcf478a5ee04f42e959fd8f5df0a?s=96&d=mm&r=g","url":"https:\/\/secure.gravatar.com\/avatar\/4dfbf16b4d17945bfb6341b2d19043457132fcf478a5ee04f42e959fd8f5df0a?s=96&d=mm&r=g","contentUrl":"https:\/\/secure.gravatar.com\/avatar\/4dfbf16b4d17945bfb6341b2d19043457132fcf478a5ee04f42e959fd8f5df0a?s=96&d=mm&r=g","caption":"NOTICIASMERCEDINAS.COM"},"url":"https:\/\/noticiasmercedinas.com\/site\/author\/anonimo\/"}]}},"amp_enabled":true,"_links":{"self":[{"href":"https:\/\/noticiasmercedinas.com\/site\/wp-json\/wp\/v2\/posts\/169199","targetHints":{"allow":["GET"]}}],"collection":[{"href":"https:\/\/noticiasmercedinas.com\/site\/wp-json\/wp\/v2\/posts"}],"about":[{"href":"https:\/\/noticiasmercedinas.com\/site\/wp-json\/wp\/v2\/types\/post"}],"author":[{"embeddable":true,"href":"https:\/\/noticiasmercedinas.com\/site\/wp-json\/wp\/v2\/users\/16"}],"replies":[{"embeddable":true,"href":"https:\/\/noticiasmercedinas.com\/site\/wp-json\/wp\/v2\/comments?post=169199"}],"version-history":[{"count":4,"href":"https:\/\/noticiasmercedinas.com\/site\/wp-json\/wp\/v2\/posts\/169199\/revisions"}],"predecessor-version":[{"id":169210,"href":"https:\/\/noticiasmercedinas.com\/site\/wp-json\/wp\/v2\/posts\/169199\/revisions\/169210"}],"wp:featuredmedia":[{"embeddable":true,"href":"https:\/\/noticiasmercedinas.com\/site\/wp-json\/wp\/v2\/media\/169202"}],"wp:attachment":[{"href":"https:\/\/noticiasmercedinas.com\/site\/wp-json\/wp\/v2\/media?parent=169199"}],"wp:term":[{"taxonomy":"category","embeddable":true,"href":"https:\/\/noticiasmercedinas.com\/site\/wp-json\/wp\/v2\/categories?post=169199"},{"taxonomy":"post_tag","embeddable":true,"href":"https:\/\/noticiasmercedinas.com\/site\/wp-json\/wp\/v2\/tags?post=169199"}],"curies":[{"name":"wp","href":"https:\/\/api.w.org\/{rel}","templated":true}]}}