{"id":169323,"date":"2025-09-12T19:21:34","date_gmt":"2025-09-12T22:21:34","guid":{"rendered":"https:\/\/noticiasmercedinas.com\/site\/?p=169323"},"modified":"2025-09-12T20:08:49","modified_gmt":"2025-09-12T23:08:49","slug":"productores-artesanales-de-salame-son-la-esencia-de-los-50-anos-de-la-fiesta-nacional-del-salame-quintero","status":"publish","type":"post","link":"https:\/\/noticiasmercedinas.com\/site\/2025\/09\/12\/productores-artesanales-de-salame-son-la-esencia-de-los-50-anos-de-la-fiesta-nacional-del-salame-quintero\/","title":{"rendered":"Productores artesanales de salame son la esencia de los 50 a\u00f1os de la Fiesta Nacional del Salame Quintero"},"content":{"rendered":"<p><img loading=\"lazy\" decoding=\"async\" class=\"alignnone size-full wp-image-169324\" src=\"https:\/\/noticiasmercedinas.com\/site\/wp-content\/uploads\/2025\/09\/SALAMES1.jpg\" alt=\"\" width=\"1599\" height=\"899\" srcset=\"https:\/\/noticiasmercedinas.com\/site\/wp-content\/uploads\/2025\/09\/SALAMES1.jpg 1599w, https:\/\/noticiasmercedinas.com\/site\/wp-content\/uploads\/2025\/09\/SALAMES1-300x169.jpg 300w, https:\/\/noticiasmercedinas.com\/site\/wp-content\/uploads\/2025\/09\/SALAMES1-1024x576.jpg 1024w, https:\/\/noticiasmercedinas.com\/site\/wp-content\/uploads\/2025\/09\/SALAMES1-768x432.jpg 768w, https:\/\/noticiasmercedinas.com\/site\/wp-content\/uploads\/2025\/09\/SALAMES1-1536x864.jpg 1536w, https:\/\/noticiasmercedinas.com\/site\/wp-content\/uploads\/2025\/09\/SALAMES1-640x360.jpg 640w, https:\/\/noticiasmercedinas.com\/site\/wp-content\/uploads\/2025\/09\/SALAMES1-1280x720.jpg 1280w, https:\/\/noticiasmercedinas.com\/site\/wp-content\/uploads\/2025\/09\/SALAMES1-681x383.jpg 681w, https:\/\/noticiasmercedinas.com\/site\/wp-content\/uploads\/2025\/09\/SALAMES1-1362x766.jpg 1362w\" sizes=\"auto, (max-width: 1599px) 100vw, 1599px\" \/><\/p>\n<p>En el marco de la 50\u00aa edici\u00f3n de la <b>Fiesta Nacional del Salame Quintero<\/b>, siete productores artesanales de la ciudad se unieron en una carpa especial en el Parque Municipal Independencia para ofrecer lo mejor de su producci\u00f3n.<\/p>\n<p>Con sus stands uno al lado del otro, firmas como <b>Chacinados Losinno, Sabores Mercedinos, Don Quico, La Trocha, El Mercedino sucesores de Carlos Berro, Canesa de Viejas Quintas y Dipieri<\/b> se preparan para competir por el reconocimiento del p\u00fablico y del jurado, al tiempo que refuerzan la camarader\u00eda que los caracteriza.<\/p>\n<p><img loading=\"lazy\" decoding=\"async\" class=\"alignnone size-full wp-image-169327\" src=\"https:\/\/noticiasmercedinas.com\/site\/wp-content\/uploads\/2025\/09\/MERCEDINo.jpg\" alt=\"\" width=\"1599\" height=\"899\" srcset=\"https:\/\/noticiasmercedinas.com\/site\/wp-content\/uploads\/2025\/09\/MERCEDINo.jpg 1599w, https:\/\/noticiasmercedinas.com\/site\/wp-content\/uploads\/2025\/09\/MERCEDINo-300x169.jpg 300w, https:\/\/noticiasmercedinas.com\/site\/wp-content\/uploads\/2025\/09\/MERCEDINo-1024x576.jpg 1024w, https:\/\/noticiasmercedinas.com\/site\/wp-content\/uploads\/2025\/09\/MERCEDINo-768x432.jpg 768w, https:\/\/noticiasmercedinas.com\/site\/wp-content\/uploads\/2025\/09\/MERCEDINo-1536x864.jpg 1536w, https:\/\/noticiasmercedinas.com\/site\/wp-content\/uploads\/2025\/09\/MERCEDINo-640x360.jpg 640w, https:\/\/noticiasmercedinas.com\/site\/wp-content\/uploads\/2025\/09\/MERCEDINo-1280x720.jpg 1280w, https:\/\/noticiasmercedinas.com\/site\/wp-content\/uploads\/2025\/09\/MERCEDINo-681x383.jpg 681w, https:\/\/noticiasmercedinas.com\/site\/wp-content\/uploads\/2025\/09\/MERCEDINo-1362x766.jpg 1362w\" sizes=\"auto, (max-width: 1599px) 100vw, 1599px\" \/><\/p>\n<h3><b>Una propuesta que revive la tradici\u00f3n del salame quintero<\/b><\/h3>\n<p>Los productores celebran las nuevas instalaciones, que recuerdan a las ic\u00f3nicas carpas del evento cuando se realizaba en el Parque Municipal Mart\u00edn Rodr\u00edguez. <b>Paola<\/b>, de la firma <b>Don Quico<\/b>, coment\u00f3 que est\u00e1n en un \u00ablugar nuevo, s\u00faper amplio\u00bb que cuenta con mesas y un espacio para que la gente \u00abpueda venir y degustar los salames\u00bb.<\/p>\n<p>La firma, que representa a la cuarta generaci\u00f3n de un legado familiar, ofrece una amplia variedad de chacinados, desde salame y longaniza hasta chorizo seco y fresco, adem\u00e1s de s\u00e1ndwiches y picadas.<\/p>\n<p><img loading=\"lazy\" decoding=\"async\" class=\"alignnone size-full wp-image-169328\" src=\"https:\/\/noticiasmercedinas.com\/site\/wp-content\/uploads\/2025\/09\/PAOLA.jpg\" alt=\"\" width=\"1599\" height=\"899\" srcset=\"https:\/\/noticiasmercedinas.com\/site\/wp-content\/uploads\/2025\/09\/PAOLA.jpg 1599w, https:\/\/noticiasmercedinas.com\/site\/wp-content\/uploads\/2025\/09\/PAOLA-300x169.jpg 300w, https:\/\/noticiasmercedinas.com\/site\/wp-content\/uploads\/2025\/09\/PAOLA-1024x576.jpg 1024w, https:\/\/noticiasmercedinas.com\/site\/wp-content\/uploads\/2025\/09\/PAOLA-768x432.jpg 768w, https:\/\/noticiasmercedinas.com\/site\/wp-content\/uploads\/2025\/09\/PAOLA-1536x864.jpg 1536w, https:\/\/noticiasmercedinas.com\/site\/wp-content\/uploads\/2025\/09\/PAOLA-640x360.jpg 640w, https:\/\/noticiasmercedinas.com\/site\/wp-content\/uploads\/2025\/09\/PAOLA-1280x720.jpg 1280w, https:\/\/noticiasmercedinas.com\/site\/wp-content\/uploads\/2025\/09\/PAOLA-681x383.jpg 681w, https:\/\/noticiasmercedinas.com\/site\/wp-content\/uploads\/2025\/09\/PAOLA-1362x766.jpg 1362w\" sizes=\"auto, (max-width: 1599px) 100vw, 1599px\" \/><\/p>\n<p>Por su parte, <b>Amanda<\/b>, de <b>El Mercedino sucesores de Carlos Berro<\/b>, destac\u00f3 que han trabajado arduamente para esta edici\u00f3n tan especial, que marca los 50 a\u00f1os de la fiesta. La empresa, que se origin\u00f3 en 1969, presenta una completa oferta que incluye salame quintero, chorizo seco, bondiola, lomitos de cerdo, jam\u00f3n y morcilla, tanto para llevar como para consumir en el predio en forma de s\u00e1ndwiches y picadas.<\/p>\n<p>Amanda remarc\u00f3 la calidad de su producto, explicando que su salame es una mezcla de 70% de carne porcina y 30% de vacuna, con un curado de 50 a 60 d\u00edas.<\/p>\n<p><img loading=\"lazy\" decoding=\"async\" class=\"alignnone size-full wp-image-169329\" src=\"https:\/\/noticiasmercedinas.com\/site\/wp-content\/uploads\/2025\/09\/LARROCHA.jpg\" alt=\"\" width=\"1599\" height=\"899\" srcset=\"https:\/\/noticiasmercedinas.com\/site\/wp-content\/uploads\/2025\/09\/LARROCHA.jpg 1599w, https:\/\/noticiasmercedinas.com\/site\/wp-content\/uploads\/2025\/09\/LARROCHA-300x169.jpg 300w, https:\/\/noticiasmercedinas.com\/site\/wp-content\/uploads\/2025\/09\/LARROCHA-1024x576.jpg 1024w, https:\/\/noticiasmercedinas.com\/site\/wp-content\/uploads\/2025\/09\/LARROCHA-768x432.jpg 768w, https:\/\/noticiasmercedinas.com\/site\/wp-content\/uploads\/2025\/09\/LARROCHA-1536x864.jpg 1536w, https:\/\/noticiasmercedinas.com\/site\/wp-content\/uploads\/2025\/09\/LARROCHA-640x360.jpg 640w, https:\/\/noticiasmercedinas.com\/site\/wp-content\/uploads\/2025\/09\/LARROCHA-1280x720.jpg 1280w, https:\/\/noticiasmercedinas.com\/site\/wp-content\/uploads\/2025\/09\/LARROCHA-681x383.jpg 681w, https:\/\/noticiasmercedinas.com\/site\/wp-content\/uploads\/2025\/09\/LARROCHA-1362x766.jpg 1362w\" sizes=\"auto, (max-width: 1599px) 100vw, 1599px\" \/><\/p>\n<p>El reci\u00e9n llegado, <b>Pablo<\/b>, de <b>Chacinados La Trocha<\/b>, celebra su primera participaci\u00f3n en la fiesta. El emprendimiento, que cuenta con una importante factor\u00eda en la Avenida 47, se uni\u00f3 al evento con grandes expectativas.<\/p>\n<p>\u00abEs un honor\u00bb, afirm\u00f3. La firma, que complementa su oferta con productos de la regi\u00f3n como galletas de campo de la Espiga de Oro y quesos de Tom\u00e1s Jofr\u00e9, tambi\u00e9n ofrece picadas completas con salame, bondiola y panceta, entre otros.<\/p>\n<p><img loading=\"lazy\" decoding=\"async\" class=\"alignnone size-full wp-image-169325\" src=\"https:\/\/noticiasmercedinas.com\/site\/wp-content\/uploads\/2025\/09\/d3dece8d-735a-411d-a0d9-083344ac4945.jpg\" alt=\"\" width=\"1599\" height=\"899\" srcset=\"https:\/\/noticiasmercedinas.com\/site\/wp-content\/uploads\/2025\/09\/d3dece8d-735a-411d-a0d9-083344ac4945.jpg 1599w, https:\/\/noticiasmercedinas.com\/site\/wp-content\/uploads\/2025\/09\/d3dece8d-735a-411d-a0d9-083344ac4945-300x169.jpg 300w, https:\/\/noticiasmercedinas.com\/site\/wp-content\/uploads\/2025\/09\/d3dece8d-735a-411d-a0d9-083344ac4945-1024x576.jpg 1024w, https:\/\/noticiasmercedinas.com\/site\/wp-content\/uploads\/2025\/09\/d3dece8d-735a-411d-a0d9-083344ac4945-768x432.jpg 768w, https:\/\/noticiasmercedinas.com\/site\/wp-content\/uploads\/2025\/09\/d3dece8d-735a-411d-a0d9-083344ac4945-1536x864.jpg 1536w, https:\/\/noticiasmercedinas.com\/site\/wp-content\/uploads\/2025\/09\/d3dece8d-735a-411d-a0d9-083344ac4945-640x360.jpg 640w, https:\/\/noticiasmercedinas.com\/site\/wp-content\/uploads\/2025\/09\/d3dece8d-735a-411d-a0d9-083344ac4945-1280x720.jpg 1280w, https:\/\/noticiasmercedinas.com\/site\/wp-content\/uploads\/2025\/09\/d3dece8d-735a-411d-a0d9-083344ac4945-681x383.jpg 681w, https:\/\/noticiasmercedinas.com\/site\/wp-content\/uploads\/2025\/09\/d3dece8d-735a-411d-a0d9-083344ac4945-1362x766.jpg 1362w\" sizes=\"auto, (max-width: 1599px) 100vw, 1599px\" \/><\/p>\n<p><b>Mart\u00edn<\/b>, de <b>Sabores Mercedinos<\/b>, se mostr\u00f3 entusiasmado con la nueva disposici\u00f3n del predio y el marco de la fiesta, que a su entender, \u00abenaltece\u00bb la celebraci\u00f3n. \u00abVolvemos por ah\u00ed a tener esa carpa de grande&#8230; lo cual le da un marco claramente de grandeza a la fiesta\u00bb, se\u00f1al\u00f3.<\/p>\n<p>Su firma ofrece una amplia variedad de opciones, desde s\u00e1ndwiches de salame y bondiola hasta picadas especiales con salame quintero y queso de vaca, y las picadas surtidas que este a\u00f1o incluyen longaniza, bondiola, jam\u00f3n crudo y lomito ahumado. Para el pago, destaca la promoci\u00f3n con Cuenta DNI con un 40% de descuento.<\/p>\n<p><img loading=\"lazy\" decoding=\"async\" class=\"alignnone size-full wp-image-169326\" src=\"https:\/\/noticiasmercedinas.com\/site\/wp-content\/uploads\/2025\/09\/6d6cbf37-100d-425d-9d9c-240bfd905a0d.jpg\" alt=\"\" width=\"1599\" height=\"899\" srcset=\"https:\/\/noticiasmercedinas.com\/site\/wp-content\/uploads\/2025\/09\/6d6cbf37-100d-425d-9d9c-240bfd905a0d.jpg 1599w, https:\/\/noticiasmercedinas.com\/site\/wp-content\/uploads\/2025\/09\/6d6cbf37-100d-425d-9d9c-240bfd905a0d-300x169.jpg 300w, https:\/\/noticiasmercedinas.com\/site\/wp-content\/uploads\/2025\/09\/6d6cbf37-100d-425d-9d9c-240bfd905a0d-1024x576.jpg 1024w, https:\/\/noticiasmercedinas.com\/site\/wp-content\/uploads\/2025\/09\/6d6cbf37-100d-425d-9d9c-240bfd905a0d-768x432.jpg 768w, https:\/\/noticiasmercedinas.com\/site\/wp-content\/uploads\/2025\/09\/6d6cbf37-100d-425d-9d9c-240bfd905a0d-1536x864.jpg 1536w, https:\/\/noticiasmercedinas.com\/site\/wp-content\/uploads\/2025\/09\/6d6cbf37-100d-425d-9d9c-240bfd905a0d-640x360.jpg 640w, https:\/\/noticiasmercedinas.com\/site\/wp-content\/uploads\/2025\/09\/6d6cbf37-100d-425d-9d9c-240bfd905a0d-1280x720.jpg 1280w, https:\/\/noticiasmercedinas.com\/site\/wp-content\/uploads\/2025\/09\/6d6cbf37-100d-425d-9d9c-240bfd905a0d-681x383.jpg 681w, https:\/\/noticiasmercedinas.com\/site\/wp-content\/uploads\/2025\/09\/6d6cbf37-100d-425d-9d9c-240bfd905a0d-1362x766.jpg 1362w\" sizes=\"auto, (max-width: 1599px) 100vw, 1599px\" \/><\/p>\n<h3><b>Trabajo en equipo y sana competencia<\/b><\/h3>\n<p>Todos los productores coinciden en que la competencia es leal y que existe una gran camarader\u00eda entre ellos. Mart\u00edn, de Sabores Mercedinos, revel\u00f3 que los productores est\u00e1n \u00abmuy unidos y hermanados\u00bb, y que han creado una subcomisi\u00f3n bajo la tutela de la C\u00e1mara Econ\u00f3mica para asegurar que todos los que participan sean productores habilitados. \u00abSomos un grupo muy hermanado y creo que nuestro lema siempre desde entonces es somos una competencia leal\u00bb, concluy\u00f3.<\/p>\n<p>La uni\u00f3n entre los productores de salame, al igual que la de los cerveceros locales, demuestra que la Fiesta del Salame Quintero es mucho m\u00e1s que un evento gastron\u00f3mico: es un motor econ\u00f3mico para la ciudad que genera una gran cantidad de trabajo y refuerza la identidad local.<\/p>\n<p>&nbsp;<\/p>\n<h3><b>La Fiesta en N\u00fameros<\/b><\/h3>\n<div class=\"horizontal-scroll-wrapper\">\n<div class=\"table-block-component\">\n<div class=\"table-block has-export-button\">\n<div class=\"table-content not-end-of-paragraph\" data-hveid=\"0\" data-ved=\"0CAAQ3ecQahgKEwijmvfgg9OPAxUAAAAAHQAAAAAQmwE\">\n<table>\n<thead>\n<tr>\n<td><\/td>\n<td><\/td>\n<\/tr>\n<\/thead>\n<tbody>\n<tr>\n<td><b>Productores artesanales<\/b><\/td>\n<td>7 (Losinno, Sabores Mercedinos, Don Quico, La Trocha, El Mercedino, Dipieri)<\/td>\n<\/tr>\n<tr>\n<td><b>Generaciones en el rubro<\/b><\/td>\n<td>Hasta la 4\u00aa generaci\u00f3n (Don Quico, El Mercedino)<\/td>\n<\/tr>\n<tr>\n<td><b>Tiempo de secado<br \/>\ndel salame<\/b><\/td>\n<td>50 a 60 d\u00edas<\/td>\n<\/tr>\n<tr>\n<td><b>Composici\u00f3n del salame<\/b><\/td>\n<td>70% carne porcina, 30% carne vacuna<\/td>\n<\/tr>\n<tr>\n<td><b>Dimensi\u00f3n de la<br \/>\ncarpa productores<\/b><\/td>\n<td>Doble carpa de 84 metros<\/td>\n<\/tr>\n<tr>\n<td><b>Personal<\/b><\/td>\n<td>M\u00e1s de 25 personas por stand en momentos pico<\/td>\n<\/tr>\n<tr>\n<td><b>D\u00edas de la Fiesta<\/b><\/td>\n<td>3: Viernes, S\u00e1bado y Domingo, en el Parque Municipal<\/td>\n<\/tr>\n<tr>\n<td><b>Entradas vendidas<\/b><\/td>\n<td>Se esperan miles de visitantes<\/td>\n<\/tr>\n<tr>\n<td><\/td>\n<td><\/td>\n<\/tr>\n<\/tbody>\n<\/table>\n<\/div>\n<\/div>\n<\/div>\n<\/div>\n","protected":false},"excerpt":{"rendered":"<p>\u25a0\u00a0Siete firmas emblem\u00e1ticas se han instalado en una carpa gigante en el Parque Municipal, listas para recibir a miles de visitantes con una propuesta que celebra la tradici\u00f3n familiar y la calidad de sus chacinados.<\/p>\n","protected":false},"author":16,"featured_media":169324,"comment_status":"closed","ping_status":"closed","sticky":false,"template":"","format":"standard","meta":{"footnotes":""},"categories":[74,3,20734],"tags":[20862],"class_list":["post-169323","post","type-post","status-publish","format-standard","has-post-thumbnail","hentry","category-emprendimientos","category-sociedad","category-ultimo-momento","tag-fiesta-nacional-del-salame-quintero"],"yoast_head":"<!-- This site is optimized with the Yoast SEO plugin v27.5 - https:\/\/yoast.com\/product\/yoast-seo-wordpress\/ -->\n<title>Productores artesanales de salame son la esencia de los 50 a\u00f1os de la Fiesta Nacional del Salame Quintero<\/title>\n<meta name=\"description\" content=\"\u25a0\u00a0Siete firmas emblem\u00e1ticas se han instalado en una carpa gigante en el Parque Municipal, listas para recibir a miles de visitantes con una propuesta que celebra la tradici\u00f3n familiar y la calidad de sus chacinados.\" \/>\n<meta name=\"robots\" content=\"index, follow, max-snippet:-1, max-image-preview:large, max-video-preview:-1\" \/>\n<link rel=\"canonical\" href=\"https:\/\/noticiasmercedinas.com\/site\/2025\/09\/12\/productores-artesanales-de-salame-son-la-esencia-de-los-50-anos-de-la-fiesta-nacional-del-salame-quintero\/\" \/>\n<meta property=\"og:locale\" content=\"es_ES\" \/>\n<meta property=\"og:type\" content=\"article\" \/>\n<meta property=\"og:title\" content=\"Productores artesanales de salame son la esencia de los 50 a\u00f1os de la Fiesta Nacional del Salame Quintero\" \/>\n<meta property=\"og:description\" content=\"\u25a0\u00a0Siete firmas emblem\u00e1ticas se han instalado en una carpa gigante en el Parque Municipal, listas para recibir a miles de visitantes con una propuesta que celebra la tradici\u00f3n familiar y la calidad de sus chacinados.\" \/>\n<meta property=\"og:url\" content=\"https:\/\/noticiasmercedinas.com\/site\/2025\/09\/12\/productores-artesanales-de-salame-son-la-esencia-de-los-50-anos-de-la-fiesta-nacional-del-salame-quintero\/\" \/>\n<meta property=\"og:site_name\" content=\"NOTICIASMERCEDINAS.COM\" \/>\n<meta property=\"article:publisher\" content=\"https:\/\/www.facebook.com\/noticiasmercedinas\/\" \/>\n<meta property=\"article:published_time\" content=\"2025-09-12T22:21:34+00:00\" \/>\n<meta property=\"article:modified_time\" content=\"2025-09-12T23:08:49+00:00\" \/>\n<meta property=\"og:image\" content=\"https:\/\/noticiasmercedinas.com\/site\/wp-content\/uploads\/2025\/09\/SALAMES1.jpg\" \/>\n\t<meta property=\"og:image:width\" content=\"1599\" \/>\n\t<meta property=\"og:image:height\" content=\"899\" \/>\n\t<meta property=\"og:image:type\" content=\"image\/jpeg\" \/>\n<meta name=\"author\" content=\"NOTICIASMERCEDINAS.COM\" \/>\n<meta name=\"twitter:card\" content=\"summary_large_image\" \/>\n<meta name=\"twitter:creator\" content=\"@notmercedinas\" \/>\n<meta name=\"twitter:site\" content=\"@notmercedinas\" \/>\n<meta name=\"twitter:label1\" content=\"Escrito por\" \/>\n\t<meta name=\"twitter:data1\" content=\"NOTICIASMERCEDINAS.COM\" \/>\n\t<meta name=\"twitter:label2\" content=\"Tiempo de lectura\" \/>\n\t<meta name=\"twitter:data2\" content=\"5 minutos\" \/>\n<script type=\"application\/ld+json\" class=\"yoast-schema-graph\">{\"@context\":\"https:\\\/\\\/schema.org\",\"@graph\":[{\"@type\":\"Article\",\"@id\":\"https:\\\/\\\/noticiasmercedinas.com\\\/site\\\/2025\\\/09\\\/12\\\/productores-artesanales-de-salame-son-la-esencia-de-los-50-anos-de-la-fiesta-nacional-del-salame-quintero\\\/#article\",\"isPartOf\":{\"@id\":\"https:\\\/\\\/noticiasmercedinas.com\\\/site\\\/2025\\\/09\\\/12\\\/productores-artesanales-de-salame-son-la-esencia-de-los-50-anos-de-la-fiesta-nacional-del-salame-quintero\\\/\"},\"author\":{\"name\":\"NOTICIASMERCEDINAS.COM\",\"@id\":\"https:\\\/\\\/noticiasmercedinas.com\\\/site\\\/#\\\/schema\\\/person\\\/84b59c099c28ff2e8b77d4ceec5d8063\"},\"headline\":\"Productores artesanales de salame son la esencia de los 50 a\u00f1os de la Fiesta Nacional del Salame Quintero\",\"datePublished\":\"2025-09-12T22:21:34+00:00\",\"dateModified\":\"2025-09-12T23:08:49+00:00\",\"mainEntityOfPage\":{\"@id\":\"https:\\\/\\\/noticiasmercedinas.com\\\/site\\\/2025\\\/09\\\/12\\\/productores-artesanales-de-salame-son-la-esencia-de-los-50-anos-de-la-fiesta-nacional-del-salame-quintero\\\/\"},\"wordCount\":724,\"publisher\":{\"@id\":\"https:\\\/\\\/noticiasmercedinas.com\\\/site\\\/#organization\"},\"image\":{\"@id\":\"https:\\\/\\\/noticiasmercedinas.com\\\/site\\\/2025\\\/09\\\/12\\\/productores-artesanales-de-salame-son-la-esencia-de-los-50-anos-de-la-fiesta-nacional-del-salame-quintero\\\/#primaryimage\"},\"thumbnailUrl\":\"https:\\\/\\\/noticiasmercedinas.com\\\/site\\\/wp-content\\\/uploads\\\/2025\\\/09\\\/SALAMES1.jpg\",\"keywords\":[\"fiesta nacional del salame quintero\"],\"articleSection\":[\"Emprendimientos\",\"Sociedad\",\"Ultimo momento\"],\"inLanguage\":\"es\"},{\"@type\":\"WebPage\",\"@id\":\"https:\\\/\\\/noticiasmercedinas.com\\\/site\\\/2025\\\/09\\\/12\\\/productores-artesanales-de-salame-son-la-esencia-de-los-50-anos-de-la-fiesta-nacional-del-salame-quintero\\\/\",\"url\":\"https:\\\/\\\/noticiasmercedinas.com\\\/site\\\/2025\\\/09\\\/12\\\/productores-artesanales-de-salame-son-la-esencia-de-los-50-anos-de-la-fiesta-nacional-del-salame-quintero\\\/\",\"name\":\"Productores artesanales de salame son la esencia de los 50 a\u00f1os de la Fiesta Nacional del Salame Quintero\",\"isPartOf\":{\"@id\":\"https:\\\/\\\/noticiasmercedinas.com\\\/site\\\/#website\"},\"primaryImageOfPage\":{\"@id\":\"https:\\\/\\\/noticiasmercedinas.com\\\/site\\\/2025\\\/09\\\/12\\\/productores-artesanales-de-salame-son-la-esencia-de-los-50-anos-de-la-fiesta-nacional-del-salame-quintero\\\/#primaryimage\"},\"image\":{\"@id\":\"https:\\\/\\\/noticiasmercedinas.com\\\/site\\\/2025\\\/09\\\/12\\\/productores-artesanales-de-salame-son-la-esencia-de-los-50-anos-de-la-fiesta-nacional-del-salame-quintero\\\/#primaryimage\"},\"thumbnailUrl\":\"https:\\\/\\\/noticiasmercedinas.com\\\/site\\\/wp-content\\\/uploads\\\/2025\\\/09\\\/SALAMES1.jpg\",\"datePublished\":\"2025-09-12T22:21:34+00:00\",\"dateModified\":\"2025-09-12T23:08:49+00:00\",\"description\":\"\u25a0\u00a0Siete firmas emblem\u00e1ticas se han instalado en una carpa gigante en el Parque Municipal, listas para recibir a miles de visitantes con una propuesta que celebra la tradici\u00f3n familiar y la calidad de sus chacinados.\",\"breadcrumb\":{\"@id\":\"https:\\\/\\\/noticiasmercedinas.com\\\/site\\\/2025\\\/09\\\/12\\\/productores-artesanales-de-salame-son-la-esencia-de-los-50-anos-de-la-fiesta-nacional-del-salame-quintero\\\/#breadcrumb\"},\"inLanguage\":\"es\",\"potentialAction\":[{\"@type\":\"ReadAction\",\"target\":[\"https:\\\/\\\/noticiasmercedinas.com\\\/site\\\/2025\\\/09\\\/12\\\/productores-artesanales-de-salame-son-la-esencia-de-los-50-anos-de-la-fiesta-nacional-del-salame-quintero\\\/\"]}]},{\"@type\":\"ImageObject\",\"inLanguage\":\"es\",\"@id\":\"https:\\\/\\\/noticiasmercedinas.com\\\/site\\\/2025\\\/09\\\/12\\\/productores-artesanales-de-salame-son-la-esencia-de-los-50-anos-de-la-fiesta-nacional-del-salame-quintero\\\/#primaryimage\",\"url\":\"https:\\\/\\\/noticiasmercedinas.com\\\/site\\\/wp-content\\\/uploads\\\/2025\\\/09\\\/SALAMES1.jpg\",\"contentUrl\":\"https:\\\/\\\/noticiasmercedinas.com\\\/site\\\/wp-content\\\/uploads\\\/2025\\\/09\\\/SALAMES1.jpg\",\"width\":1599,\"height\":899},{\"@type\":\"BreadcrumbList\",\"@id\":\"https:\\\/\\\/noticiasmercedinas.com\\\/site\\\/2025\\\/09\\\/12\\\/productores-artesanales-de-salame-son-la-esencia-de-los-50-anos-de-la-fiesta-nacional-del-salame-quintero\\\/#breadcrumb\",\"itemListElement\":[{\"@type\":\"ListItem\",\"position\":1,\"name\":\"Portada\",\"item\":\"https:\\\/\\\/noticiasmercedinas.com\\\/site\\\/\"},{\"@type\":\"ListItem\",\"position\":2,\"name\":\"Productores artesanales de salame son la esencia de los 50 a\u00f1os de la Fiesta Nacional del Salame Quintero\"}]},{\"@type\":\"WebSite\",\"@id\":\"https:\\\/\\\/noticiasmercedinas.com\\\/site\\\/#website\",\"url\":\"https:\\\/\\\/noticiasmercedinas.com\\\/site\\\/\",\"name\":\"NOTICIASMERCEDINAS.COM\",\"description\":\"Mercedes, Buenos Aires, Argentina\",\"publisher\":{\"@id\":\"https:\\\/\\\/noticiasmercedinas.com\\\/site\\\/#organization\"},\"potentialAction\":[{\"@type\":\"SearchAction\",\"target\":{\"@type\":\"EntryPoint\",\"urlTemplate\":\"https:\\\/\\\/noticiasmercedinas.com\\\/site\\\/?s={search_term_string}\"},\"query-input\":{\"@type\":\"PropertyValueSpecification\",\"valueRequired\":true,\"valueName\":\"search_term_string\"}}],\"inLanguage\":\"es\"},{\"@type\":\"Organization\",\"@id\":\"https:\\\/\\\/noticiasmercedinas.com\\\/site\\\/#organization\",\"name\":\"NOTICIASMERCEDINAS.COM\",\"url\":\"https:\\\/\\\/noticiasmercedinas.com\\\/site\\\/\",\"logo\":{\"@type\":\"ImageObject\",\"inLanguage\":\"es\",\"@id\":\"https:\\\/\\\/noticiasmercedinas.com\\\/site\\\/#\\\/schema\\\/logo\\\/image\\\/\",\"url\":\"https:\\\/\\\/noticiasmercedinas.com\\\/site\\\/wp-content\\\/uploads\\\/2020\\\/06\\\/LOGO-512.jpg\",\"contentUrl\":\"https:\\\/\\\/noticiasmercedinas.com\\\/site\\\/wp-content\\\/uploads\\\/2020\\\/06\\\/LOGO-512.jpg\",\"width\":512,\"height\":512,\"caption\":\"NOTICIASMERCEDINAS.COM\"},\"image\":{\"@id\":\"https:\\\/\\\/noticiasmercedinas.com\\\/site\\\/#\\\/schema\\\/logo\\\/image\\\/\"},\"sameAs\":[\"https:\\\/\\\/www.facebook.com\\\/noticiasmercedinas\\\/\",\"https:\\\/\\\/x.com\\\/notmercedinas\",\"https:\\\/\\\/www.instagram.com\\\/noticiasmercedinas\\\/\"]},{\"@type\":\"Person\",\"@id\":\"https:\\\/\\\/noticiasmercedinas.com\\\/site\\\/#\\\/schema\\\/person\\\/84b59c099c28ff2e8b77d4ceec5d8063\",\"name\":\"NOTICIASMERCEDINAS.COM\",\"image\":{\"@type\":\"ImageObject\",\"inLanguage\":\"es\",\"@id\":\"https:\\\/\\\/secure.gravatar.com\\\/avatar\\\/4dfbf16b4d17945bfb6341b2d19043457132fcf478a5ee04f42e959fd8f5df0a?s=96&d=mm&r=g\",\"url\":\"https:\\\/\\\/secure.gravatar.com\\\/avatar\\\/4dfbf16b4d17945bfb6341b2d19043457132fcf478a5ee04f42e959fd8f5df0a?s=96&d=mm&r=g\",\"contentUrl\":\"https:\\\/\\\/secure.gravatar.com\\\/avatar\\\/4dfbf16b4d17945bfb6341b2d19043457132fcf478a5ee04f42e959fd8f5df0a?s=96&d=mm&r=g\",\"caption\":\"NOTICIASMERCEDINAS.COM\"},\"url\":\"https:\\\/\\\/noticiasmercedinas.com\\\/site\\\/author\\\/anonimo\\\/\"}]}<\/script>\n<!-- \/ Yoast SEO plugin. -->","yoast_head_json":{"title":"Productores artesanales de salame son la esencia de los 50 a\u00f1os de la Fiesta Nacional del Salame Quintero","description":"\u25a0\u00a0Siete firmas emblem\u00e1ticas se han instalado en una carpa gigante en el Parque Municipal, listas para recibir a miles de visitantes con una propuesta que celebra la tradici\u00f3n familiar y la calidad de sus chacinados.","robots":{"index":"index","follow":"follow","max-snippet":"max-snippet:-1","max-image-preview":"max-image-preview:large","max-video-preview":"max-video-preview:-1"},"canonical":"https:\/\/noticiasmercedinas.com\/site\/2025\/09\/12\/productores-artesanales-de-salame-son-la-esencia-de-los-50-anos-de-la-fiesta-nacional-del-salame-quintero\/","og_locale":"es_ES","og_type":"article","og_title":"Productores artesanales de salame son la esencia de los 50 a\u00f1os de la Fiesta Nacional del Salame Quintero","og_description":"\u25a0\u00a0Siete firmas emblem\u00e1ticas se han instalado en una carpa gigante en el Parque Municipal, listas para recibir a miles de visitantes con una propuesta que celebra la tradici\u00f3n familiar y la calidad de sus chacinados.","og_url":"https:\/\/noticiasmercedinas.com\/site\/2025\/09\/12\/productores-artesanales-de-salame-son-la-esencia-de-los-50-anos-de-la-fiesta-nacional-del-salame-quintero\/","og_site_name":"NOTICIASMERCEDINAS.COM","article_publisher":"https:\/\/www.facebook.com\/noticiasmercedinas\/","article_published_time":"2025-09-12T22:21:34+00:00","article_modified_time":"2025-09-12T23:08:49+00:00","og_image":[{"width":1599,"height":899,"url":"https:\/\/noticiasmercedinas.com\/site\/wp-content\/uploads\/2025\/09\/SALAMES1.jpg","type":"image\/jpeg"}],"author":"NOTICIASMERCEDINAS.COM","twitter_card":"summary_large_image","twitter_creator":"@notmercedinas","twitter_site":"@notmercedinas","twitter_misc":{"Escrito por":"NOTICIASMERCEDINAS.COM","Tiempo de lectura":"5 minutos"},"schema":{"@context":"https:\/\/schema.org","@graph":[{"@type":"Article","@id":"https:\/\/noticiasmercedinas.com\/site\/2025\/09\/12\/productores-artesanales-de-salame-son-la-esencia-de-los-50-anos-de-la-fiesta-nacional-del-salame-quintero\/#article","isPartOf":{"@id":"https:\/\/noticiasmercedinas.com\/site\/2025\/09\/12\/productores-artesanales-de-salame-son-la-esencia-de-los-50-anos-de-la-fiesta-nacional-del-salame-quintero\/"},"author":{"name":"NOTICIASMERCEDINAS.COM","@id":"https:\/\/noticiasmercedinas.com\/site\/#\/schema\/person\/84b59c099c28ff2e8b77d4ceec5d8063"},"headline":"Productores artesanales de salame son la esencia de los 50 a\u00f1os de la Fiesta Nacional del Salame Quintero","datePublished":"2025-09-12T22:21:34+00:00","dateModified":"2025-09-12T23:08:49+00:00","mainEntityOfPage":{"@id":"https:\/\/noticiasmercedinas.com\/site\/2025\/09\/12\/productores-artesanales-de-salame-son-la-esencia-de-los-50-anos-de-la-fiesta-nacional-del-salame-quintero\/"},"wordCount":724,"publisher":{"@id":"https:\/\/noticiasmercedinas.com\/site\/#organization"},"image":{"@id":"https:\/\/noticiasmercedinas.com\/site\/2025\/09\/12\/productores-artesanales-de-salame-son-la-esencia-de-los-50-anos-de-la-fiesta-nacional-del-salame-quintero\/#primaryimage"},"thumbnailUrl":"https:\/\/noticiasmercedinas.com\/site\/wp-content\/uploads\/2025\/09\/SALAMES1.jpg","keywords":["fiesta nacional del salame quintero"],"articleSection":["Emprendimientos","Sociedad","Ultimo momento"],"inLanguage":"es"},{"@type":"WebPage","@id":"https:\/\/noticiasmercedinas.com\/site\/2025\/09\/12\/productores-artesanales-de-salame-son-la-esencia-de-los-50-anos-de-la-fiesta-nacional-del-salame-quintero\/","url":"https:\/\/noticiasmercedinas.com\/site\/2025\/09\/12\/productores-artesanales-de-salame-son-la-esencia-de-los-50-anos-de-la-fiesta-nacional-del-salame-quintero\/","name":"Productores artesanales de salame son la esencia de los 50 a\u00f1os de la Fiesta Nacional del Salame Quintero","isPartOf":{"@id":"https:\/\/noticiasmercedinas.com\/site\/#website"},"primaryImageOfPage":{"@id":"https:\/\/noticiasmercedinas.com\/site\/2025\/09\/12\/productores-artesanales-de-salame-son-la-esencia-de-los-50-anos-de-la-fiesta-nacional-del-salame-quintero\/#primaryimage"},"image":{"@id":"https:\/\/noticiasmercedinas.com\/site\/2025\/09\/12\/productores-artesanales-de-salame-son-la-esencia-de-los-50-anos-de-la-fiesta-nacional-del-salame-quintero\/#primaryimage"},"thumbnailUrl":"https:\/\/noticiasmercedinas.com\/site\/wp-content\/uploads\/2025\/09\/SALAMES1.jpg","datePublished":"2025-09-12T22:21:34+00:00","dateModified":"2025-09-12T23:08:49+00:00","description":"\u25a0\u00a0Siete firmas emblem\u00e1ticas se han instalado en una carpa gigante en el Parque Municipal, listas para recibir a miles de visitantes con una propuesta que celebra la tradici\u00f3n familiar y la calidad de sus chacinados.","breadcrumb":{"@id":"https:\/\/noticiasmercedinas.com\/site\/2025\/09\/12\/productores-artesanales-de-salame-son-la-esencia-de-los-50-anos-de-la-fiesta-nacional-del-salame-quintero\/#breadcrumb"},"inLanguage":"es","potentialAction":[{"@type":"ReadAction","target":["https:\/\/noticiasmercedinas.com\/site\/2025\/09\/12\/productores-artesanales-de-salame-son-la-esencia-de-los-50-anos-de-la-fiesta-nacional-del-salame-quintero\/"]}]},{"@type":"ImageObject","inLanguage":"es","@id":"https:\/\/noticiasmercedinas.com\/site\/2025\/09\/12\/productores-artesanales-de-salame-son-la-esencia-de-los-50-anos-de-la-fiesta-nacional-del-salame-quintero\/#primaryimage","url":"https:\/\/noticiasmercedinas.com\/site\/wp-content\/uploads\/2025\/09\/SALAMES1.jpg","contentUrl":"https:\/\/noticiasmercedinas.com\/site\/wp-content\/uploads\/2025\/09\/SALAMES1.jpg","width":1599,"height":899},{"@type":"BreadcrumbList","@id":"https:\/\/noticiasmercedinas.com\/site\/2025\/09\/12\/productores-artesanales-de-salame-son-la-esencia-de-los-50-anos-de-la-fiesta-nacional-del-salame-quintero\/#breadcrumb","itemListElement":[{"@type":"ListItem","position":1,"name":"Portada","item":"https:\/\/noticiasmercedinas.com\/site\/"},{"@type":"ListItem","position":2,"name":"Productores artesanales de salame son la esencia de los 50 a\u00f1os de la Fiesta Nacional del Salame Quintero"}]},{"@type":"WebSite","@id":"https:\/\/noticiasmercedinas.com\/site\/#website","url":"https:\/\/noticiasmercedinas.com\/site\/","name":"NOTICIASMERCEDINAS.COM","description":"Mercedes, Buenos Aires, Argentina","publisher":{"@id":"https:\/\/noticiasmercedinas.com\/site\/#organization"},"potentialAction":[{"@type":"SearchAction","target":{"@type":"EntryPoint","urlTemplate":"https:\/\/noticiasmercedinas.com\/site\/?s={search_term_string}"},"query-input":{"@type":"PropertyValueSpecification","valueRequired":true,"valueName":"search_term_string"}}],"inLanguage":"es"},{"@type":"Organization","@id":"https:\/\/noticiasmercedinas.com\/site\/#organization","name":"NOTICIASMERCEDINAS.COM","url":"https:\/\/noticiasmercedinas.com\/site\/","logo":{"@type":"ImageObject","inLanguage":"es","@id":"https:\/\/noticiasmercedinas.com\/site\/#\/schema\/logo\/image\/","url":"https:\/\/noticiasmercedinas.com\/site\/wp-content\/uploads\/2020\/06\/LOGO-512.jpg","contentUrl":"https:\/\/noticiasmercedinas.com\/site\/wp-content\/uploads\/2020\/06\/LOGO-512.jpg","width":512,"height":512,"caption":"NOTICIASMERCEDINAS.COM"},"image":{"@id":"https:\/\/noticiasmercedinas.com\/site\/#\/schema\/logo\/image\/"},"sameAs":["https:\/\/www.facebook.com\/noticiasmercedinas\/","https:\/\/x.com\/notmercedinas","https:\/\/www.instagram.com\/noticiasmercedinas\/"]},{"@type":"Person","@id":"https:\/\/noticiasmercedinas.com\/site\/#\/schema\/person\/84b59c099c28ff2e8b77d4ceec5d8063","name":"NOTICIASMERCEDINAS.COM","image":{"@type":"ImageObject","inLanguage":"es","@id":"https:\/\/secure.gravatar.com\/avatar\/4dfbf16b4d17945bfb6341b2d19043457132fcf478a5ee04f42e959fd8f5df0a?s=96&d=mm&r=g","url":"https:\/\/secure.gravatar.com\/avatar\/4dfbf16b4d17945bfb6341b2d19043457132fcf478a5ee04f42e959fd8f5df0a?s=96&d=mm&r=g","contentUrl":"https:\/\/secure.gravatar.com\/avatar\/4dfbf16b4d17945bfb6341b2d19043457132fcf478a5ee04f42e959fd8f5df0a?s=96&d=mm&r=g","caption":"NOTICIASMERCEDINAS.COM"},"url":"https:\/\/noticiasmercedinas.com\/site\/author\/anonimo\/"}]}},"amp_enabled":true,"_links":{"self":[{"href":"https:\/\/noticiasmercedinas.com\/site\/wp-json\/wp\/v2\/posts\/169323","targetHints":{"allow":["GET"]}}],"collection":[{"href":"https:\/\/noticiasmercedinas.com\/site\/wp-json\/wp\/v2\/posts"}],"about":[{"href":"https:\/\/noticiasmercedinas.com\/site\/wp-json\/wp\/v2\/types\/post"}],"author":[{"embeddable":true,"href":"https:\/\/noticiasmercedinas.com\/site\/wp-json\/wp\/v2\/users\/16"}],"replies":[{"embeddable":true,"href":"https:\/\/noticiasmercedinas.com\/site\/wp-json\/wp\/v2\/comments?post=169323"}],"version-history":[{"count":2,"href":"https:\/\/noticiasmercedinas.com\/site\/wp-json\/wp\/v2\/posts\/169323\/revisions"}],"predecessor-version":[{"id":169337,"href":"https:\/\/noticiasmercedinas.com\/site\/wp-json\/wp\/v2\/posts\/169323\/revisions\/169337"}],"wp:featuredmedia":[{"embeddable":true,"href":"https:\/\/noticiasmercedinas.com\/site\/wp-json\/wp\/v2\/media\/169324"}],"wp:attachment":[{"href":"https:\/\/noticiasmercedinas.com\/site\/wp-json\/wp\/v2\/media?parent=169323"}],"wp:term":[{"taxonomy":"category","embeddable":true,"href":"https:\/\/noticiasmercedinas.com\/site\/wp-json\/wp\/v2\/categories?post=169323"},{"taxonomy":"post_tag","embeddable":true,"href":"https:\/\/noticiasmercedinas.com\/site\/wp-json\/wp\/v2\/tags?post=169323"}],"curies":[{"name":"wp","href":"https:\/\/api.w.org\/{rel}","templated":true}]}}