{"id":169347,"date":"2025-09-12T23:40:45","date_gmt":"2025-09-13T02:40:45","guid":{"rendered":"https:\/\/noticiasmercedinas.com\/site\/?p=169347"},"modified":"2025-09-13T08:31:16","modified_gmt":"2025-09-13T11:31:16","slug":"quesos-artesanales-tomas-jofre-el-complemento-perfecto-del-salame-quintero","status":"publish","type":"post","link":"https:\/\/noticiasmercedinas.com\/site\/2025\/09\/12\/quesos-artesanales-tomas-jofre-el-complemento-perfecto-del-salame-quintero\/","title":{"rendered":"Quesos artesanales Tom\u00e1s Jofr\u00e9, el complemento perfecto del salame quintero"},"content":{"rendered":"<div class=\"bot-name gds-title-s ng-tns-c1099563461-99 ng-star-inserted\"><img loading=\"lazy\" decoding=\"async\" class=\"alignnone size-full wp-image-169348\" src=\"https:\/\/noticiasmercedinas.com\/site\/wp-content\/uploads\/2025\/09\/quesos.jpg\" alt=\"\" width=\"805\" height=\"645\" srcset=\"https:\/\/noticiasmercedinas.com\/site\/wp-content\/uploads\/2025\/09\/quesos.jpg 805w, https:\/\/noticiasmercedinas.com\/site\/wp-content\/uploads\/2025\/09\/quesos-300x240.jpg 300w, https:\/\/noticiasmercedinas.com\/site\/wp-content\/uploads\/2025\/09\/quesos-768x615.jpg 768w, https:\/\/noticiasmercedinas.com\/site\/wp-content\/uploads\/2025\/09\/quesos-640x513.jpg 640w, https:\/\/noticiasmercedinas.com\/site\/wp-content\/uploads\/2025\/09\/quesos-681x546.jpg 681w\" sizes=\"auto, (max-width: 805px) 100vw, 805px\" \/><\/div>\n<div class=\"response-content ng-tns-c1099563461-99\">\n<div id=\"model-response-message-contentr_52dd09ac6cde8a81\" class=\"markdown markdown-main-panel enable-updated-hr-color\" dir=\"ltr\">\n<p>En el marco de la Fiesta Nacional del Salame Quintero, los visitantes no solo podr\u00e1n disfrutar del producto estrella, sino que tambi\u00e9n tendr\u00e1n la oportunidad de degustar los <b>Quesos Artesanales Tom\u00e1s Jofr\u00e9<\/b>.<\/p>\n<p><b>Enzo Battoia<\/b>, encargado de ventas de la marca, confirm\u00f3 que los quesos se est\u00e1n distribuyendo en los stands de varios productores de chacinados para complementar su oferta. La marca no tiene un stand propio en el evento, pero sus productos se pueden encontrar en <b>Viejas Quintas, Don Quico, Sabores Mercedinos, Chacinados La Trocha, La Pulper\u00eda y en Resler<\/b>.<\/p>\n<p>Por su parte, <strong>Jos\u00e9 Arriola<\/strong> y <strong>Gustavo Pagliasso<\/strong>, responsables de la firma destacaron que la diferencia de estos quesos radica en su producci\u00f3n <b>100% artesanal<\/b>, sin conservantes ni aditivos. \u00abCon la leche del tambo se hace el queso y va derecho a la mesa de cada familia\u00bb, afirmaron. El objetivo es ofrecer un producto lo m\u00e1s parecido posible a los quesos que se consum\u00edan antiguamente.<\/p>\n<p>La marca, que se especializa en una variedad de quesos como el <b>saborizado, gouda, sardo, reggianito, romanito, provolleta, cremoso y ricota<\/b>, ofrece env\u00edos en Mercedes y en CABA. Battoia agradeci\u00f3 a los productores de chacinados por abrirles las puertas para comercializar sus productos durante la fiesta.<\/p>\n<p>Para quienes no puedan asistir a la fiesta, los quesos Tom\u00e1s Jofr\u00e9 pueden adquirirse a trav\u00e9s de las redes sociales de la marca,<a href=\"https:\/\/www.instagram.com\/quesos.tomasjofre\"> <b>@quesos.tomasjofre<\/b><\/a>, o en distintas carnicer\u00edas de la ciudad. Tambi\u00e9n es posible contactarse directamente con Battoia al tel\u00e9fono 2324 583737.<\/p>\n<\/div>\n<\/div>\n","protected":false},"excerpt":{"rendered":"<p>\u25a0 La marca local se une a la Fiesta Nacional del Salame, distribuyendo sus quesos 100% artesanales en los stands de los principales productores.<\/p>\n","protected":false},"author":16,"featured_media":169348,"comment_status":"closed","ping_status":"closed","sticky":false,"template":"","format":"standard","meta":{"footnotes":""},"categories":[74],"tags":[20862,19197],"class_list":["post-169347","post","type-post","status-publish","format-standard","has-post-thumbnail","hentry","category-emprendimientos","tag-fiesta-nacional-del-salame-quintero","tag-quesos-artesanales"],"yoast_head":"<!-- This site is optimized with the Yoast SEO plugin v27.4 - https:\/\/yoast.com\/product\/yoast-seo-wordpress\/ -->\n<title>Quesos artesanales Tom\u00e1s Jofr\u00e9, el complemento perfecto del salame quintero<\/title>\n<meta name=\"description\" content=\"\u25a0 La marca local se une a la Fiesta Nacional del Salame, distribuyendo sus quesos 100% artesanales en los stands de los principales productores.\" \/>\n<meta name=\"robots\" content=\"index, follow, max-snippet:-1, max-image-preview:large, max-video-preview:-1\" \/>\n<link rel=\"canonical\" href=\"https:\/\/noticiasmercedinas.com\/site\/2025\/09\/12\/quesos-artesanales-tomas-jofre-el-complemento-perfecto-del-salame-quintero\/\" \/>\n<meta property=\"og:locale\" content=\"es_ES\" \/>\n<meta property=\"og:type\" content=\"article\" \/>\n<meta property=\"og:title\" content=\"Quesos artesanales Tom\u00e1s Jofr\u00e9, el complemento perfecto del salame quintero\" \/>\n<meta property=\"og:description\" content=\"\u25a0 La marca local se une a la Fiesta Nacional del Salame, distribuyendo sus quesos 100% artesanales en los stands de los principales productores.\" \/>\n<meta property=\"og:url\" content=\"https:\/\/noticiasmercedinas.com\/site\/2025\/09\/12\/quesos-artesanales-tomas-jofre-el-complemento-perfecto-del-salame-quintero\/\" \/>\n<meta property=\"og:site_name\" content=\"NOTICIASMERCEDINAS.COM\" \/>\n<meta property=\"article:publisher\" content=\"https:\/\/www.facebook.com\/noticiasmercedinas\/\" \/>\n<meta property=\"article:published_time\" content=\"2025-09-13T02:40:45+00:00\" \/>\n<meta property=\"article:modified_time\" content=\"2025-09-13T11:31:16+00:00\" \/>\n<meta property=\"og:image\" content=\"https:\/\/noticiasmercedinas.com\/site\/wp-content\/uploads\/2025\/09\/quesos.jpg\" \/>\n\t<meta property=\"og:image:width\" content=\"805\" \/>\n\t<meta property=\"og:image:height\" content=\"645\" \/>\n\t<meta property=\"og:image:type\" content=\"image\/jpeg\" \/>\n<meta name=\"author\" content=\"NOTICIASMERCEDINAS.COM\" \/>\n<meta name=\"twitter:card\" content=\"summary_large_image\" \/>\n<meta name=\"twitter:creator\" content=\"@notmercedinas\" \/>\n<meta name=\"twitter:site\" content=\"@notmercedinas\" \/>\n<meta name=\"twitter:label1\" content=\"Escrito por\" \/>\n\t<meta name=\"twitter:data1\" content=\"NOTICIASMERCEDINAS.COM\" \/>\n\t<meta name=\"twitter:label2\" content=\"Tiempo de lectura\" \/>\n\t<meta name=\"twitter:data2\" content=\"2 minutos\" \/>\n<script type=\"application\/ld+json\" class=\"yoast-schema-graph\">{\"@context\":\"https:\\\/\\\/schema.org\",\"@graph\":[{\"@type\":\"Article\",\"@id\":\"https:\\\/\\\/noticiasmercedinas.com\\\/site\\\/2025\\\/09\\\/12\\\/quesos-artesanales-tomas-jofre-el-complemento-perfecto-del-salame-quintero\\\/#article\",\"isPartOf\":{\"@id\":\"https:\\\/\\\/noticiasmercedinas.com\\\/site\\\/2025\\\/09\\\/12\\\/quesos-artesanales-tomas-jofre-el-complemento-perfecto-del-salame-quintero\\\/\"},\"author\":{\"name\":\"NOTICIASMERCEDINAS.COM\",\"@id\":\"https:\\\/\\\/noticiasmercedinas.com\\\/site\\\/#\\\/schema\\\/person\\\/84b59c099c28ff2e8b77d4ceec5d8063\"},\"headline\":\"Quesos artesanales Tom\u00e1s Jofr\u00e9, el complemento perfecto del salame quintero\",\"datePublished\":\"2025-09-13T02:40:45+00:00\",\"dateModified\":\"2025-09-13T11:31:16+00:00\",\"mainEntityOfPage\":{\"@id\":\"https:\\\/\\\/noticiasmercedinas.com\\\/site\\\/2025\\\/09\\\/12\\\/quesos-artesanales-tomas-jofre-el-complemento-perfecto-del-salame-quintero\\\/\"},\"wordCount\":267,\"publisher\":{\"@id\":\"https:\\\/\\\/noticiasmercedinas.com\\\/site\\\/#organization\"},\"image\":{\"@id\":\"https:\\\/\\\/noticiasmercedinas.com\\\/site\\\/2025\\\/09\\\/12\\\/quesos-artesanales-tomas-jofre-el-complemento-perfecto-del-salame-quintero\\\/#primaryimage\"},\"thumbnailUrl\":\"https:\\\/\\\/noticiasmercedinas.com\\\/site\\\/wp-content\\\/uploads\\\/2025\\\/09\\\/quesos.jpg\",\"keywords\":[\"fiesta nacional del salame quintero\",\"quesos artesanales\"],\"articleSection\":[\"Emprendimientos\"],\"inLanguage\":\"es\"},{\"@type\":\"WebPage\",\"@id\":\"https:\\\/\\\/noticiasmercedinas.com\\\/site\\\/2025\\\/09\\\/12\\\/quesos-artesanales-tomas-jofre-el-complemento-perfecto-del-salame-quintero\\\/\",\"url\":\"https:\\\/\\\/noticiasmercedinas.com\\\/site\\\/2025\\\/09\\\/12\\\/quesos-artesanales-tomas-jofre-el-complemento-perfecto-del-salame-quintero\\\/\",\"name\":\"Quesos artesanales Tom\u00e1s Jofr\u00e9, el complemento perfecto del salame quintero\",\"isPartOf\":{\"@id\":\"https:\\\/\\\/noticiasmercedinas.com\\\/site\\\/#website\"},\"primaryImageOfPage\":{\"@id\":\"https:\\\/\\\/noticiasmercedinas.com\\\/site\\\/2025\\\/09\\\/12\\\/quesos-artesanales-tomas-jofre-el-complemento-perfecto-del-salame-quintero\\\/#primaryimage\"},\"image\":{\"@id\":\"https:\\\/\\\/noticiasmercedinas.com\\\/site\\\/2025\\\/09\\\/12\\\/quesos-artesanales-tomas-jofre-el-complemento-perfecto-del-salame-quintero\\\/#primaryimage\"},\"thumbnailUrl\":\"https:\\\/\\\/noticiasmercedinas.com\\\/site\\\/wp-content\\\/uploads\\\/2025\\\/09\\\/quesos.jpg\",\"datePublished\":\"2025-09-13T02:40:45+00:00\",\"dateModified\":\"2025-09-13T11:31:16+00:00\",\"description\":\"\u25a0 La marca local se une a la Fiesta Nacional del Salame, distribuyendo sus quesos 100% artesanales en los stands de los principales productores.\",\"breadcrumb\":{\"@id\":\"https:\\\/\\\/noticiasmercedinas.com\\\/site\\\/2025\\\/09\\\/12\\\/quesos-artesanales-tomas-jofre-el-complemento-perfecto-del-salame-quintero\\\/#breadcrumb\"},\"inLanguage\":\"es\",\"potentialAction\":[{\"@type\":\"ReadAction\",\"target\":[\"https:\\\/\\\/noticiasmercedinas.com\\\/site\\\/2025\\\/09\\\/12\\\/quesos-artesanales-tomas-jofre-el-complemento-perfecto-del-salame-quintero\\\/\"]}]},{\"@type\":\"ImageObject\",\"inLanguage\":\"es\",\"@id\":\"https:\\\/\\\/noticiasmercedinas.com\\\/site\\\/2025\\\/09\\\/12\\\/quesos-artesanales-tomas-jofre-el-complemento-perfecto-del-salame-quintero\\\/#primaryimage\",\"url\":\"https:\\\/\\\/noticiasmercedinas.com\\\/site\\\/wp-content\\\/uploads\\\/2025\\\/09\\\/quesos.jpg\",\"contentUrl\":\"https:\\\/\\\/noticiasmercedinas.com\\\/site\\\/wp-content\\\/uploads\\\/2025\\\/09\\\/quesos.jpg\",\"width\":805,\"height\":645},{\"@type\":\"BreadcrumbList\",\"@id\":\"https:\\\/\\\/noticiasmercedinas.com\\\/site\\\/2025\\\/09\\\/12\\\/quesos-artesanales-tomas-jofre-el-complemento-perfecto-del-salame-quintero\\\/#breadcrumb\",\"itemListElement\":[{\"@type\":\"ListItem\",\"position\":1,\"name\":\"Portada\",\"item\":\"https:\\\/\\\/noticiasmercedinas.com\\\/site\\\/\"},{\"@type\":\"ListItem\",\"position\":2,\"name\":\"Quesos artesanales Tom\u00e1s Jofr\u00e9, el complemento perfecto del salame quintero\"}]},{\"@type\":\"WebSite\",\"@id\":\"https:\\\/\\\/noticiasmercedinas.com\\\/site\\\/#website\",\"url\":\"https:\\\/\\\/noticiasmercedinas.com\\\/site\\\/\",\"name\":\"NOTICIASMERCEDINAS.COM\",\"description\":\"Mercedes, Buenos Aires, Argentina\",\"publisher\":{\"@id\":\"https:\\\/\\\/noticiasmercedinas.com\\\/site\\\/#organization\"},\"potentialAction\":[{\"@type\":\"SearchAction\",\"target\":{\"@type\":\"EntryPoint\",\"urlTemplate\":\"https:\\\/\\\/noticiasmercedinas.com\\\/site\\\/?s={search_term_string}\"},\"query-input\":{\"@type\":\"PropertyValueSpecification\",\"valueRequired\":true,\"valueName\":\"search_term_string\"}}],\"inLanguage\":\"es\"},{\"@type\":\"Organization\",\"@id\":\"https:\\\/\\\/noticiasmercedinas.com\\\/site\\\/#organization\",\"name\":\"NOTICIASMERCEDINAS.COM\",\"url\":\"https:\\\/\\\/noticiasmercedinas.com\\\/site\\\/\",\"logo\":{\"@type\":\"ImageObject\",\"inLanguage\":\"es\",\"@id\":\"https:\\\/\\\/noticiasmercedinas.com\\\/site\\\/#\\\/schema\\\/logo\\\/image\\\/\",\"url\":\"https:\\\/\\\/noticiasmercedinas.com\\\/site\\\/wp-content\\\/uploads\\\/2020\\\/06\\\/LOGO-512.jpg\",\"contentUrl\":\"https:\\\/\\\/noticiasmercedinas.com\\\/site\\\/wp-content\\\/uploads\\\/2020\\\/06\\\/LOGO-512.jpg\",\"width\":512,\"height\":512,\"caption\":\"NOTICIASMERCEDINAS.COM\"},\"image\":{\"@id\":\"https:\\\/\\\/noticiasmercedinas.com\\\/site\\\/#\\\/schema\\\/logo\\\/image\\\/\"},\"sameAs\":[\"https:\\\/\\\/www.facebook.com\\\/noticiasmercedinas\\\/\",\"https:\\\/\\\/x.com\\\/notmercedinas\",\"https:\\\/\\\/www.instagram.com\\\/noticiasmercedinas\\\/\"]},{\"@type\":\"Person\",\"@id\":\"https:\\\/\\\/noticiasmercedinas.com\\\/site\\\/#\\\/schema\\\/person\\\/84b59c099c28ff2e8b77d4ceec5d8063\",\"name\":\"NOTICIASMERCEDINAS.COM\",\"image\":{\"@type\":\"ImageObject\",\"inLanguage\":\"es\",\"@id\":\"https:\\\/\\\/secure.gravatar.com\\\/avatar\\\/4dfbf16b4d17945bfb6341b2d19043457132fcf478a5ee04f42e959fd8f5df0a?s=96&d=mm&r=g\",\"url\":\"https:\\\/\\\/secure.gravatar.com\\\/avatar\\\/4dfbf16b4d17945bfb6341b2d19043457132fcf478a5ee04f42e959fd8f5df0a?s=96&d=mm&r=g\",\"contentUrl\":\"https:\\\/\\\/secure.gravatar.com\\\/avatar\\\/4dfbf16b4d17945bfb6341b2d19043457132fcf478a5ee04f42e959fd8f5df0a?s=96&d=mm&r=g\",\"caption\":\"NOTICIASMERCEDINAS.COM\"},\"url\":\"https:\\\/\\\/noticiasmercedinas.com\\\/site\\\/author\\\/anonimo\\\/\"}]}<\/script>\n<!-- \/ Yoast SEO plugin. -->","yoast_head_json":{"title":"Quesos artesanales Tom\u00e1s Jofr\u00e9, el complemento perfecto del salame quintero","description":"\u25a0 La marca local se une a la Fiesta Nacional del Salame, distribuyendo sus quesos 100% artesanales en los stands de los principales productores.","robots":{"index":"index","follow":"follow","max-snippet":"max-snippet:-1","max-image-preview":"max-image-preview:large","max-video-preview":"max-video-preview:-1"},"canonical":"https:\/\/noticiasmercedinas.com\/site\/2025\/09\/12\/quesos-artesanales-tomas-jofre-el-complemento-perfecto-del-salame-quintero\/","og_locale":"es_ES","og_type":"article","og_title":"Quesos artesanales Tom\u00e1s Jofr\u00e9, el complemento perfecto del salame quintero","og_description":"\u25a0 La marca local se une a la Fiesta Nacional del Salame, distribuyendo sus quesos 100% artesanales en los stands de los principales productores.","og_url":"https:\/\/noticiasmercedinas.com\/site\/2025\/09\/12\/quesos-artesanales-tomas-jofre-el-complemento-perfecto-del-salame-quintero\/","og_site_name":"NOTICIASMERCEDINAS.COM","article_publisher":"https:\/\/www.facebook.com\/noticiasmercedinas\/","article_published_time":"2025-09-13T02:40:45+00:00","article_modified_time":"2025-09-13T11:31:16+00:00","og_image":[{"width":805,"height":645,"url":"https:\/\/noticiasmercedinas.com\/site\/wp-content\/uploads\/2025\/09\/quesos.jpg","type":"image\/jpeg"}],"author":"NOTICIASMERCEDINAS.COM","twitter_card":"summary_large_image","twitter_creator":"@notmercedinas","twitter_site":"@notmercedinas","twitter_misc":{"Escrito por":"NOTICIASMERCEDINAS.COM","Tiempo de lectura":"2 minutos"},"schema":{"@context":"https:\/\/schema.org","@graph":[{"@type":"Article","@id":"https:\/\/noticiasmercedinas.com\/site\/2025\/09\/12\/quesos-artesanales-tomas-jofre-el-complemento-perfecto-del-salame-quintero\/#article","isPartOf":{"@id":"https:\/\/noticiasmercedinas.com\/site\/2025\/09\/12\/quesos-artesanales-tomas-jofre-el-complemento-perfecto-del-salame-quintero\/"},"author":{"name":"NOTICIASMERCEDINAS.COM","@id":"https:\/\/noticiasmercedinas.com\/site\/#\/schema\/person\/84b59c099c28ff2e8b77d4ceec5d8063"},"headline":"Quesos artesanales Tom\u00e1s Jofr\u00e9, el complemento perfecto del salame quintero","datePublished":"2025-09-13T02:40:45+00:00","dateModified":"2025-09-13T11:31:16+00:00","mainEntityOfPage":{"@id":"https:\/\/noticiasmercedinas.com\/site\/2025\/09\/12\/quesos-artesanales-tomas-jofre-el-complemento-perfecto-del-salame-quintero\/"},"wordCount":267,"publisher":{"@id":"https:\/\/noticiasmercedinas.com\/site\/#organization"},"image":{"@id":"https:\/\/noticiasmercedinas.com\/site\/2025\/09\/12\/quesos-artesanales-tomas-jofre-el-complemento-perfecto-del-salame-quintero\/#primaryimage"},"thumbnailUrl":"https:\/\/noticiasmercedinas.com\/site\/wp-content\/uploads\/2025\/09\/quesos.jpg","keywords":["fiesta nacional del salame quintero","quesos artesanales"],"articleSection":["Emprendimientos"],"inLanguage":"es"},{"@type":"WebPage","@id":"https:\/\/noticiasmercedinas.com\/site\/2025\/09\/12\/quesos-artesanales-tomas-jofre-el-complemento-perfecto-del-salame-quintero\/","url":"https:\/\/noticiasmercedinas.com\/site\/2025\/09\/12\/quesos-artesanales-tomas-jofre-el-complemento-perfecto-del-salame-quintero\/","name":"Quesos artesanales Tom\u00e1s Jofr\u00e9, el complemento perfecto del salame quintero","isPartOf":{"@id":"https:\/\/noticiasmercedinas.com\/site\/#website"},"primaryImageOfPage":{"@id":"https:\/\/noticiasmercedinas.com\/site\/2025\/09\/12\/quesos-artesanales-tomas-jofre-el-complemento-perfecto-del-salame-quintero\/#primaryimage"},"image":{"@id":"https:\/\/noticiasmercedinas.com\/site\/2025\/09\/12\/quesos-artesanales-tomas-jofre-el-complemento-perfecto-del-salame-quintero\/#primaryimage"},"thumbnailUrl":"https:\/\/noticiasmercedinas.com\/site\/wp-content\/uploads\/2025\/09\/quesos.jpg","datePublished":"2025-09-13T02:40:45+00:00","dateModified":"2025-09-13T11:31:16+00:00","description":"\u25a0 La marca local se une a la Fiesta Nacional del Salame, distribuyendo sus quesos 100% artesanales en los stands de los principales productores.","breadcrumb":{"@id":"https:\/\/noticiasmercedinas.com\/site\/2025\/09\/12\/quesos-artesanales-tomas-jofre-el-complemento-perfecto-del-salame-quintero\/#breadcrumb"},"inLanguage":"es","potentialAction":[{"@type":"ReadAction","target":["https:\/\/noticiasmercedinas.com\/site\/2025\/09\/12\/quesos-artesanales-tomas-jofre-el-complemento-perfecto-del-salame-quintero\/"]}]},{"@type":"ImageObject","inLanguage":"es","@id":"https:\/\/noticiasmercedinas.com\/site\/2025\/09\/12\/quesos-artesanales-tomas-jofre-el-complemento-perfecto-del-salame-quintero\/#primaryimage","url":"https:\/\/noticiasmercedinas.com\/site\/wp-content\/uploads\/2025\/09\/quesos.jpg","contentUrl":"https:\/\/noticiasmercedinas.com\/site\/wp-content\/uploads\/2025\/09\/quesos.jpg","width":805,"height":645},{"@type":"BreadcrumbList","@id":"https:\/\/noticiasmercedinas.com\/site\/2025\/09\/12\/quesos-artesanales-tomas-jofre-el-complemento-perfecto-del-salame-quintero\/#breadcrumb","itemListElement":[{"@type":"ListItem","position":1,"name":"Portada","item":"https:\/\/noticiasmercedinas.com\/site\/"},{"@type":"ListItem","position":2,"name":"Quesos artesanales Tom\u00e1s Jofr\u00e9, el complemento perfecto del salame quintero"}]},{"@type":"WebSite","@id":"https:\/\/noticiasmercedinas.com\/site\/#website","url":"https:\/\/noticiasmercedinas.com\/site\/","name":"NOTICIASMERCEDINAS.COM","description":"Mercedes, Buenos Aires, Argentina","publisher":{"@id":"https:\/\/noticiasmercedinas.com\/site\/#organization"},"potentialAction":[{"@type":"SearchAction","target":{"@type":"EntryPoint","urlTemplate":"https:\/\/noticiasmercedinas.com\/site\/?s={search_term_string}"},"query-input":{"@type":"PropertyValueSpecification","valueRequired":true,"valueName":"search_term_string"}}],"inLanguage":"es"},{"@type":"Organization","@id":"https:\/\/noticiasmercedinas.com\/site\/#organization","name":"NOTICIASMERCEDINAS.COM","url":"https:\/\/noticiasmercedinas.com\/site\/","logo":{"@type":"ImageObject","inLanguage":"es","@id":"https:\/\/noticiasmercedinas.com\/site\/#\/schema\/logo\/image\/","url":"https:\/\/noticiasmercedinas.com\/site\/wp-content\/uploads\/2020\/06\/LOGO-512.jpg","contentUrl":"https:\/\/noticiasmercedinas.com\/site\/wp-content\/uploads\/2020\/06\/LOGO-512.jpg","width":512,"height":512,"caption":"NOTICIASMERCEDINAS.COM"},"image":{"@id":"https:\/\/noticiasmercedinas.com\/site\/#\/schema\/logo\/image\/"},"sameAs":["https:\/\/www.facebook.com\/noticiasmercedinas\/","https:\/\/x.com\/notmercedinas","https:\/\/www.instagram.com\/noticiasmercedinas\/"]},{"@type":"Person","@id":"https:\/\/noticiasmercedinas.com\/site\/#\/schema\/person\/84b59c099c28ff2e8b77d4ceec5d8063","name":"NOTICIASMERCEDINAS.COM","image":{"@type":"ImageObject","inLanguage":"es","@id":"https:\/\/secure.gravatar.com\/avatar\/4dfbf16b4d17945bfb6341b2d19043457132fcf478a5ee04f42e959fd8f5df0a?s=96&d=mm&r=g","url":"https:\/\/secure.gravatar.com\/avatar\/4dfbf16b4d17945bfb6341b2d19043457132fcf478a5ee04f42e959fd8f5df0a?s=96&d=mm&r=g","contentUrl":"https:\/\/secure.gravatar.com\/avatar\/4dfbf16b4d17945bfb6341b2d19043457132fcf478a5ee04f42e959fd8f5df0a?s=96&d=mm&r=g","caption":"NOTICIASMERCEDINAS.COM"},"url":"https:\/\/noticiasmercedinas.com\/site\/author\/anonimo\/"}]}},"amp_enabled":true,"_links":{"self":[{"href":"https:\/\/noticiasmercedinas.com\/site\/wp-json\/wp\/v2\/posts\/169347","targetHints":{"allow":["GET"]}}],"collection":[{"href":"https:\/\/noticiasmercedinas.com\/site\/wp-json\/wp\/v2\/posts"}],"about":[{"href":"https:\/\/noticiasmercedinas.com\/site\/wp-json\/wp\/v2\/types\/post"}],"author":[{"embeddable":true,"href":"https:\/\/noticiasmercedinas.com\/site\/wp-json\/wp\/v2\/users\/16"}],"replies":[{"embeddable":true,"href":"https:\/\/noticiasmercedinas.com\/site\/wp-json\/wp\/v2\/comments?post=169347"}],"version-history":[{"count":6,"href":"https:\/\/noticiasmercedinas.com\/site\/wp-json\/wp\/v2\/posts\/169347\/revisions"}],"predecessor-version":[{"id":169357,"href":"https:\/\/noticiasmercedinas.com\/site\/wp-json\/wp\/v2\/posts\/169347\/revisions\/169357"}],"wp:featuredmedia":[{"embeddable":true,"href":"https:\/\/noticiasmercedinas.com\/site\/wp-json\/wp\/v2\/media\/169348"}],"wp:attachment":[{"href":"https:\/\/noticiasmercedinas.com\/site\/wp-json\/wp\/v2\/media?parent=169347"}],"wp:term":[{"taxonomy":"category","embeddable":true,"href":"https:\/\/noticiasmercedinas.com\/site\/wp-json\/wp\/v2\/categories?post=169347"},{"taxonomy":"post_tag","embeddable":true,"href":"https:\/\/noticiasmercedinas.com\/site\/wp-json\/wp\/v2\/tags?post=169347"}],"curies":[{"name":"wp","href":"https:\/\/api.w.org\/{rel}","templated":true}]}}