{"id":169358,"date":"2025-09-13T09:07:51","date_gmt":"2025-09-13T12:07:51","guid":{"rendered":"https:\/\/noticiasmercedinas.com\/site\/?p=169358"},"modified":"2025-09-13T09:11:33","modified_gmt":"2025-09-13T12:11:33","slug":"arranco-la-50a-fiesta-nacional-del-salame-quintero-y-se-espera-un-exito-rotundo","status":"publish","type":"post","link":"https:\/\/noticiasmercedinas.com\/site\/2025\/09\/13\/arranco-la-50a-fiesta-nacional-del-salame-quintero-y-se-espera-un-exito-rotundo\/","title":{"rendered":"Arranc\u00f3 la 50\u00aa Fiesta Nacional del Salame Quintero y se espera un \u00e9xito rotundo"},"content":{"rendered":"<p><img loading=\"lazy\" decoding=\"async\" class=\"alignnone size-full wp-image-169361\" src=\"https:\/\/noticiasmercedinas.com\/site\/wp-content\/uploads\/2025\/09\/FB_IMG_1757763782377.jpg\" alt=\"\" width=\"2048\" height=\"1153\" srcset=\"https:\/\/noticiasmercedinas.com\/site\/wp-content\/uploads\/2025\/09\/FB_IMG_1757763782377.jpg 2048w, https:\/\/noticiasmercedinas.com\/site\/wp-content\/uploads\/2025\/09\/FB_IMG_1757763782377-300x169.jpg 300w, https:\/\/noticiasmercedinas.com\/site\/wp-content\/uploads\/2025\/09\/FB_IMG_1757763782377-1024x577.jpg 1024w, https:\/\/noticiasmercedinas.com\/site\/wp-content\/uploads\/2025\/09\/FB_IMG_1757763782377-768x432.jpg 768w, https:\/\/noticiasmercedinas.com\/site\/wp-content\/uploads\/2025\/09\/FB_IMG_1757763782377-1536x865.jpg 1536w, https:\/\/noticiasmercedinas.com\/site\/wp-content\/uploads\/2025\/09\/FB_IMG_1757763782377-640x360.jpg 640w, https:\/\/noticiasmercedinas.com\/site\/wp-content\/uploads\/2025\/09\/FB_IMG_1757763782377-1280x721.jpg 1280w, https:\/\/noticiasmercedinas.com\/site\/wp-content\/uploads\/2025\/09\/FB_IMG_1757763782377-681x383.jpg 681w, https:\/\/noticiasmercedinas.com\/site\/wp-content\/uploads\/2025\/09\/FB_IMG_1757763782377-1362x767.jpg 1362w\" sizes=\"auto, (max-width: 2048px) 100vw, 2048px\" \/><\/p>\n<p>La 50\u00aa edici\u00f3n de la Fiesta Nacional del Salame Quintero se puso en marcha con un acto de apertura oficial que reuni\u00f3 a productores, autoridades y a un p\u00fablico ansioso por disfrutar de una de las celebraciones m\u00e1s emblem\u00e1ticas de la regi\u00f3n.<\/p>\n<p>La ceremonia de inicio, encabezada por el intendente Juan Ignacio Ustarroz, dio el puntapi\u00e9 inicial a un fin de semana que, seg\u00fan lo anticipado por la masiva concurrencia y la alta demanda de alojamiento, ser\u00e1 un hito en la historia del evento.<\/p>\n<p><img loading=\"lazy\" decoding=\"async\" class=\"alignnone wp-image-169363 size-full\" src=\"https:\/\/noticiasmercedinas.com\/site\/wp-content\/uploads\/2025\/09\/FB_IMG_1757763695594-e1757765169471.jpg\" alt=\"\" width=\"1420\" height=\"1044\" srcset=\"https:\/\/noticiasmercedinas.com\/site\/wp-content\/uploads\/2025\/09\/FB_IMG_1757763695594-e1757765169471.jpg 1420w, https:\/\/noticiasmercedinas.com\/site\/wp-content\/uploads\/2025\/09\/FB_IMG_1757763695594-e1757765169471-300x221.jpg 300w, https:\/\/noticiasmercedinas.com\/site\/wp-content\/uploads\/2025\/09\/FB_IMG_1757763695594-e1757765169471-1024x753.jpg 1024w, https:\/\/noticiasmercedinas.com\/site\/wp-content\/uploads\/2025\/09\/FB_IMG_1757763695594-e1757765169471-768x565.jpg 768w, https:\/\/noticiasmercedinas.com\/site\/wp-content\/uploads\/2025\/09\/FB_IMG_1757763695594-e1757765169471-80x60.jpg 80w, https:\/\/noticiasmercedinas.com\/site\/wp-content\/uploads\/2025\/09\/FB_IMG_1757763695594-e1757765169471-100x75.jpg 100w, https:\/\/noticiasmercedinas.com\/site\/wp-content\/uploads\/2025\/09\/FB_IMG_1757763695594-e1757765169471-640x471.jpg 640w, https:\/\/noticiasmercedinas.com\/site\/wp-content\/uploads\/2025\/09\/FB_IMG_1757763695594-e1757765169471-1280x941.jpg 1280w, https:\/\/noticiasmercedinas.com\/site\/wp-content\/uploads\/2025\/09\/FB_IMG_1757763695594-e1757765169471-681x501.jpg 681w, https:\/\/noticiasmercedinas.com\/site\/wp-content\/uploads\/2025\/09\/FB_IMG_1757763695594-e1757765169471-1362x1001.jpg 1362w\" sizes=\"auto, (max-width: 1420px) 100vw, 1420px\" \/><\/p>\n<p>El intendente Ustarroz, al tomar la palabra, destac\u00f3 la profunda conexi\u00f3n de la fiesta con la esencia productiva y familiar de Mercedes. Hizo hincapi\u00e9 en el legado de los inmigrantes italianos que, a finales del siglo XIX y principios del XX, arribaron a estas tierras y trajeron consigo las tradiciones culinarias que hoy son motivo de celebraci\u00f3n popular.<\/p>\n<p>\u00abEsta fiesta nos une, nos identifica y, sobre todo, es un motor enorme para la econom\u00eda local, mostrando lo mejor de nuestra ciudad al pa\u00eds entero\u00bb, expres\u00f3 el jefe comunal, visiblemente orgulloso.<\/p>\n<p>Desde el municipio, se inform\u00f3 que la capacidad hotelera y gran parte de la oferta de alojamiento en quintas y casas de alquiler por d\u00eda se encuentra completamente agotada. Este dato subraya el poder de convocatoria del evento, que atrae a miles de turistas y genera un impacto econ\u00f3mico significativo en la ciudad.<\/p>\n<p>La jornada inaugural, con entrada libre y gratuita, ofreci\u00f3 una atractiva grilla de espect\u00e1culos que incluy\u00f3 el Ballet de Folclore Municipal Estrella del Sur, La Ezze Band, Fernanda Ottolini y la Banda, culminando con el esperado show de Grupo Sombras.<\/p>\n<p>La fiesta continuar\u00e1 durante todo el fin de semana con una amplia variedad de propuestas para todas las familias que la elijan como destino.<\/p>\n<p><img loading=\"lazy\" decoding=\"async\" class=\"alignnone size-full wp-image-169364\" src=\"https:\/\/noticiasmercedinas.com\/site\/wp-content\/uploads\/2025\/09\/FB_IMG_1757763691667.jpg\" alt=\"\" width=\"1440\" height=\"1080\" srcset=\"https:\/\/noticiasmercedinas.com\/site\/wp-content\/uploads\/2025\/09\/FB_IMG_1757763691667.jpg 1440w, https:\/\/noticiasmercedinas.com\/site\/wp-content\/uploads\/2025\/09\/FB_IMG_1757763691667-300x225.jpg 300w, https:\/\/noticiasmercedinas.com\/site\/wp-content\/uploads\/2025\/09\/FB_IMG_1757763691667-1024x768.jpg 1024w, https:\/\/noticiasmercedinas.com\/site\/wp-content\/uploads\/2025\/09\/FB_IMG_1757763691667-768x576.jpg 768w, https:\/\/noticiasmercedinas.com\/site\/wp-content\/uploads\/2025\/09\/FB_IMG_1757763691667-80x60.jpg 80w, https:\/\/noticiasmercedinas.com\/site\/wp-content\/uploads\/2025\/09\/FB_IMG_1757763691667-160x120.jpg 160w, https:\/\/noticiasmercedinas.com\/site\/wp-content\/uploads\/2025\/09\/FB_IMG_1757763691667-100x75.jpg 100w, https:\/\/noticiasmercedinas.com\/site\/wp-content\/uploads\/2025\/09\/FB_IMG_1757763691667-200x150.jpg 200w, https:\/\/noticiasmercedinas.com\/site\/wp-content\/uploads\/2025\/09\/FB_IMG_1757763691667-180x135.jpg 180w, https:\/\/noticiasmercedinas.com\/site\/wp-content\/uploads\/2025\/09\/FB_IMG_1757763691667-360x270.jpg 360w, https:\/\/noticiasmercedinas.com\/site\/wp-content\/uploads\/2025\/09\/FB_IMG_1757763691667-238x178.jpg 238w, https:\/\/noticiasmercedinas.com\/site\/wp-content\/uploads\/2025\/09\/FB_IMG_1757763691667-476x356.jpg 476w, https:\/\/noticiasmercedinas.com\/site\/wp-content\/uploads\/2025\/09\/FB_IMG_1757763691667-640x480.jpg 640w, https:\/\/noticiasmercedinas.com\/site\/wp-content\/uploads\/2025\/09\/FB_IMG_1757763691667-1280x960.jpg 1280w, https:\/\/noticiasmercedinas.com\/site\/wp-content\/uploads\/2025\/09\/FB_IMG_1757763691667-681x511.jpg 681w, https:\/\/noticiasmercedinas.com\/site\/wp-content\/uploads\/2025\/09\/FB_IMG_1757763691667-1362x1022.jpg 1362w\" sizes=\"auto, (max-width: 1440px) 100vw, 1440px\" \/><\/p>\n","protected":false},"excerpt":{"rendered":"<p>\u25a0 Con la presencia de autoridades municipales y un gran marco de p\u00fablico, la tradicional celebraci\u00f3n mercedina dio inicio a un fin de semana que promete ser multitudinario, con la capacidad hotelera agotada y miles de turistas en la ciudad.<\/p>\n","protected":false},"author":16,"featured_media":169361,"comment_status":"closed","ping_status":"closed","sticky":false,"template":"","format":"standard","meta":{"footnotes":""},"categories":[3,20734],"tags":[20862,23,5453,33],"class_list":["post-169358","post","type-post","status-publish","format-standard","has-post-thumbnail","hentry","category-sociedad","category-ultimo-momento","tag-fiesta-nacional-del-salame-quintero","tag-mercedes","tag-salame-quintero","tag-turismo"],"yoast_head":"<!-- This site is optimized with the Yoast SEO plugin v27.4 - https:\/\/yoast.com\/product\/yoast-seo-wordpress\/ -->\n<title>Arranc\u00f3 la 50\u00aa Fiesta Nacional del Salame Quintero y se espera un \u00e9xito rotundo<\/title>\n<meta name=\"description\" content=\"Con la presencia de autoridades municipales y un gran marco de p\u00fablico, la tradicional celebraci\u00f3n mercedina dio inicio a un fin de semana que promete ser multitudinario, con la capacidad hotelera agotada y miles de turistas en la ciudad.\" \/>\n<meta name=\"robots\" content=\"index, follow, max-snippet:-1, max-image-preview:large, max-video-preview:-1\" \/>\n<link rel=\"canonical\" href=\"https:\/\/noticiasmercedinas.com\/site\/2025\/09\/13\/arranco-la-50a-fiesta-nacional-del-salame-quintero-y-se-espera-un-exito-rotundo\/\" \/>\n<meta property=\"og:locale\" content=\"es_ES\" \/>\n<meta property=\"og:type\" content=\"article\" \/>\n<meta property=\"og:title\" content=\"Arranc\u00f3 la 50\u00aa Fiesta Nacional del Salame Quintero y se espera un \u00e9xito rotundo\" \/>\n<meta property=\"og:description\" content=\"Con la presencia de autoridades municipales y un gran marco de p\u00fablico, la tradicional celebraci\u00f3n mercedina dio inicio a un fin de semana que promete ser multitudinario, con la capacidad hotelera agotada y miles de turistas en la ciudad.\" \/>\n<meta property=\"og:url\" content=\"https:\/\/noticiasmercedinas.com\/site\/2025\/09\/13\/arranco-la-50a-fiesta-nacional-del-salame-quintero-y-se-espera-un-exito-rotundo\/\" \/>\n<meta property=\"og:site_name\" content=\"NOTICIASMERCEDINAS.COM\" \/>\n<meta property=\"article:publisher\" content=\"https:\/\/www.facebook.com\/noticiasmercedinas\/\" \/>\n<meta property=\"article:published_time\" content=\"2025-09-13T12:07:51+00:00\" \/>\n<meta property=\"article:modified_time\" content=\"2025-09-13T12:11:33+00:00\" \/>\n<meta property=\"og:image\" content=\"https:\/\/noticiasmercedinas.com\/site\/wp-content\/uploads\/2025\/09\/FB_IMG_1757763782377.jpg\" \/>\n\t<meta property=\"og:image:width\" content=\"2048\" \/>\n\t<meta property=\"og:image:height\" content=\"1153\" \/>\n\t<meta property=\"og:image:type\" content=\"image\/jpeg\" \/>\n<meta name=\"author\" content=\"NOTICIASMERCEDINAS.COM\" \/>\n<meta name=\"twitter:card\" content=\"summary_large_image\" \/>\n<meta name=\"twitter:creator\" content=\"@notmercedinas\" \/>\n<meta name=\"twitter:site\" content=\"@notmercedinas\" \/>\n<meta name=\"twitter:label1\" content=\"Escrito por\" \/>\n\t<meta name=\"twitter:data1\" content=\"NOTICIASMERCEDINAS.COM\" \/>\n\t<meta name=\"twitter:label2\" content=\"Tiempo de lectura\" \/>\n\t<meta name=\"twitter:data2\" content=\"3 minutos\" \/>\n<script type=\"application\/ld+json\" class=\"yoast-schema-graph\">{\"@context\":\"https:\\\/\\\/schema.org\",\"@graph\":[{\"@type\":\"Article\",\"@id\":\"https:\\\/\\\/noticiasmercedinas.com\\\/site\\\/2025\\\/09\\\/13\\\/arranco-la-50a-fiesta-nacional-del-salame-quintero-y-se-espera-un-exito-rotundo\\\/#article\",\"isPartOf\":{\"@id\":\"https:\\\/\\\/noticiasmercedinas.com\\\/site\\\/2025\\\/09\\\/13\\\/arranco-la-50a-fiesta-nacional-del-salame-quintero-y-se-espera-un-exito-rotundo\\\/\"},\"author\":{\"name\":\"NOTICIASMERCEDINAS.COM\",\"@id\":\"https:\\\/\\\/noticiasmercedinas.com\\\/site\\\/#\\\/schema\\\/person\\\/84b59c099c28ff2e8b77d4ceec5d8063\"},\"headline\":\"Arranc\u00f3 la 50\u00aa Fiesta Nacional del Salame Quintero y se espera un \u00e9xito rotundo\",\"datePublished\":\"2025-09-13T12:07:51+00:00\",\"dateModified\":\"2025-09-13T12:11:33+00:00\",\"mainEntityOfPage\":{\"@id\":\"https:\\\/\\\/noticiasmercedinas.com\\\/site\\\/2025\\\/09\\\/13\\\/arranco-la-50a-fiesta-nacional-del-salame-quintero-y-se-espera-un-exito-rotundo\\\/\"},\"wordCount\":316,\"publisher\":{\"@id\":\"https:\\\/\\\/noticiasmercedinas.com\\\/site\\\/#organization\"},\"image\":{\"@id\":\"https:\\\/\\\/noticiasmercedinas.com\\\/site\\\/2025\\\/09\\\/13\\\/arranco-la-50a-fiesta-nacional-del-salame-quintero-y-se-espera-un-exito-rotundo\\\/#primaryimage\"},\"thumbnailUrl\":\"https:\\\/\\\/noticiasmercedinas.com\\\/site\\\/wp-content\\\/uploads\\\/2025\\\/09\\\/FB_IMG_1757763782377.jpg\",\"keywords\":[\"fiesta nacional del salame quintero\",\"mercedes\",\"salame quintero\",\"turismo\"],\"articleSection\":[\"Sociedad\",\"Ultimo momento\"],\"inLanguage\":\"es\"},{\"@type\":\"WebPage\",\"@id\":\"https:\\\/\\\/noticiasmercedinas.com\\\/site\\\/2025\\\/09\\\/13\\\/arranco-la-50a-fiesta-nacional-del-salame-quintero-y-se-espera-un-exito-rotundo\\\/\",\"url\":\"https:\\\/\\\/noticiasmercedinas.com\\\/site\\\/2025\\\/09\\\/13\\\/arranco-la-50a-fiesta-nacional-del-salame-quintero-y-se-espera-un-exito-rotundo\\\/\",\"name\":\"Arranc\u00f3 la 50\u00aa Fiesta Nacional del Salame Quintero y se espera un \u00e9xito rotundo\",\"isPartOf\":{\"@id\":\"https:\\\/\\\/noticiasmercedinas.com\\\/site\\\/#website\"},\"primaryImageOfPage\":{\"@id\":\"https:\\\/\\\/noticiasmercedinas.com\\\/site\\\/2025\\\/09\\\/13\\\/arranco-la-50a-fiesta-nacional-del-salame-quintero-y-se-espera-un-exito-rotundo\\\/#primaryimage\"},\"image\":{\"@id\":\"https:\\\/\\\/noticiasmercedinas.com\\\/site\\\/2025\\\/09\\\/13\\\/arranco-la-50a-fiesta-nacional-del-salame-quintero-y-se-espera-un-exito-rotundo\\\/#primaryimage\"},\"thumbnailUrl\":\"https:\\\/\\\/noticiasmercedinas.com\\\/site\\\/wp-content\\\/uploads\\\/2025\\\/09\\\/FB_IMG_1757763782377.jpg\",\"datePublished\":\"2025-09-13T12:07:51+00:00\",\"dateModified\":\"2025-09-13T12:11:33+00:00\",\"description\":\"Con la presencia de autoridades municipales y un gran marco de p\u00fablico, la tradicional celebraci\u00f3n mercedina dio inicio a un fin de semana que promete ser multitudinario, con la capacidad hotelera agotada y miles de turistas en la ciudad.\",\"breadcrumb\":{\"@id\":\"https:\\\/\\\/noticiasmercedinas.com\\\/site\\\/2025\\\/09\\\/13\\\/arranco-la-50a-fiesta-nacional-del-salame-quintero-y-se-espera-un-exito-rotundo\\\/#breadcrumb\"},\"inLanguage\":\"es\",\"potentialAction\":[{\"@type\":\"ReadAction\",\"target\":[\"https:\\\/\\\/noticiasmercedinas.com\\\/site\\\/2025\\\/09\\\/13\\\/arranco-la-50a-fiesta-nacional-del-salame-quintero-y-se-espera-un-exito-rotundo\\\/\"]}]},{\"@type\":\"ImageObject\",\"inLanguage\":\"es\",\"@id\":\"https:\\\/\\\/noticiasmercedinas.com\\\/site\\\/2025\\\/09\\\/13\\\/arranco-la-50a-fiesta-nacional-del-salame-quintero-y-se-espera-un-exito-rotundo\\\/#primaryimage\",\"url\":\"https:\\\/\\\/noticiasmercedinas.com\\\/site\\\/wp-content\\\/uploads\\\/2025\\\/09\\\/FB_IMG_1757763782377.jpg\",\"contentUrl\":\"https:\\\/\\\/noticiasmercedinas.com\\\/site\\\/wp-content\\\/uploads\\\/2025\\\/09\\\/FB_IMG_1757763782377.jpg\",\"width\":2048,\"height\":1153},{\"@type\":\"BreadcrumbList\",\"@id\":\"https:\\\/\\\/noticiasmercedinas.com\\\/site\\\/2025\\\/09\\\/13\\\/arranco-la-50a-fiesta-nacional-del-salame-quintero-y-se-espera-un-exito-rotundo\\\/#breadcrumb\",\"itemListElement\":[{\"@type\":\"ListItem\",\"position\":1,\"name\":\"Portada\",\"item\":\"https:\\\/\\\/noticiasmercedinas.com\\\/site\\\/\"},{\"@type\":\"ListItem\",\"position\":2,\"name\":\"Arranc\u00f3 la 50\u00aa Fiesta Nacional del Salame Quintero y se espera un \u00e9xito rotundo\"}]},{\"@type\":\"WebSite\",\"@id\":\"https:\\\/\\\/noticiasmercedinas.com\\\/site\\\/#website\",\"url\":\"https:\\\/\\\/noticiasmercedinas.com\\\/site\\\/\",\"name\":\"NOTICIASMERCEDINAS.COM\",\"description\":\"Mercedes, Buenos Aires, Argentina\",\"publisher\":{\"@id\":\"https:\\\/\\\/noticiasmercedinas.com\\\/site\\\/#organization\"},\"potentialAction\":[{\"@type\":\"SearchAction\",\"target\":{\"@type\":\"EntryPoint\",\"urlTemplate\":\"https:\\\/\\\/noticiasmercedinas.com\\\/site\\\/?s={search_term_string}\"},\"query-input\":{\"@type\":\"PropertyValueSpecification\",\"valueRequired\":true,\"valueName\":\"search_term_string\"}}],\"inLanguage\":\"es\"},{\"@type\":\"Organization\",\"@id\":\"https:\\\/\\\/noticiasmercedinas.com\\\/site\\\/#organization\",\"name\":\"NOTICIASMERCEDINAS.COM\",\"url\":\"https:\\\/\\\/noticiasmercedinas.com\\\/site\\\/\",\"logo\":{\"@type\":\"ImageObject\",\"inLanguage\":\"es\",\"@id\":\"https:\\\/\\\/noticiasmercedinas.com\\\/site\\\/#\\\/schema\\\/logo\\\/image\\\/\",\"url\":\"https:\\\/\\\/noticiasmercedinas.com\\\/site\\\/wp-content\\\/uploads\\\/2020\\\/06\\\/LOGO-512.jpg\",\"contentUrl\":\"https:\\\/\\\/noticiasmercedinas.com\\\/site\\\/wp-content\\\/uploads\\\/2020\\\/06\\\/LOGO-512.jpg\",\"width\":512,\"height\":512,\"caption\":\"NOTICIASMERCEDINAS.COM\"},\"image\":{\"@id\":\"https:\\\/\\\/noticiasmercedinas.com\\\/site\\\/#\\\/schema\\\/logo\\\/image\\\/\"},\"sameAs\":[\"https:\\\/\\\/www.facebook.com\\\/noticiasmercedinas\\\/\",\"https:\\\/\\\/x.com\\\/notmercedinas\",\"https:\\\/\\\/www.instagram.com\\\/noticiasmercedinas\\\/\"]},{\"@type\":\"Person\",\"@id\":\"https:\\\/\\\/noticiasmercedinas.com\\\/site\\\/#\\\/schema\\\/person\\\/84b59c099c28ff2e8b77d4ceec5d8063\",\"name\":\"NOTICIASMERCEDINAS.COM\",\"image\":{\"@type\":\"ImageObject\",\"inLanguage\":\"es\",\"@id\":\"https:\\\/\\\/secure.gravatar.com\\\/avatar\\\/4dfbf16b4d17945bfb6341b2d19043457132fcf478a5ee04f42e959fd8f5df0a?s=96&d=mm&r=g\",\"url\":\"https:\\\/\\\/secure.gravatar.com\\\/avatar\\\/4dfbf16b4d17945bfb6341b2d19043457132fcf478a5ee04f42e959fd8f5df0a?s=96&d=mm&r=g\",\"contentUrl\":\"https:\\\/\\\/secure.gravatar.com\\\/avatar\\\/4dfbf16b4d17945bfb6341b2d19043457132fcf478a5ee04f42e959fd8f5df0a?s=96&d=mm&r=g\",\"caption\":\"NOTICIASMERCEDINAS.COM\"},\"url\":\"https:\\\/\\\/noticiasmercedinas.com\\\/site\\\/author\\\/anonimo\\\/\"}]}<\/script>\n<!-- \/ Yoast SEO plugin. -->","yoast_head_json":{"title":"Arranc\u00f3 la 50\u00aa Fiesta Nacional del Salame Quintero y se espera un \u00e9xito rotundo","description":"Con la presencia de autoridades municipales y un gran marco de p\u00fablico, la tradicional celebraci\u00f3n mercedina dio inicio a un fin de semana que promete ser multitudinario, con la capacidad hotelera agotada y miles de turistas en la ciudad.","robots":{"index":"index","follow":"follow","max-snippet":"max-snippet:-1","max-image-preview":"max-image-preview:large","max-video-preview":"max-video-preview:-1"},"canonical":"https:\/\/noticiasmercedinas.com\/site\/2025\/09\/13\/arranco-la-50a-fiesta-nacional-del-salame-quintero-y-se-espera-un-exito-rotundo\/","og_locale":"es_ES","og_type":"article","og_title":"Arranc\u00f3 la 50\u00aa Fiesta Nacional del Salame Quintero y se espera un \u00e9xito rotundo","og_description":"Con la presencia de autoridades municipales y un gran marco de p\u00fablico, la tradicional celebraci\u00f3n mercedina dio inicio a un fin de semana que promete ser multitudinario, con la capacidad hotelera agotada y miles de turistas en la ciudad.","og_url":"https:\/\/noticiasmercedinas.com\/site\/2025\/09\/13\/arranco-la-50a-fiesta-nacional-del-salame-quintero-y-se-espera-un-exito-rotundo\/","og_site_name":"NOTICIASMERCEDINAS.COM","article_publisher":"https:\/\/www.facebook.com\/noticiasmercedinas\/","article_published_time":"2025-09-13T12:07:51+00:00","article_modified_time":"2025-09-13T12:11:33+00:00","og_image":[{"width":2048,"height":1153,"url":"https:\/\/noticiasmercedinas.com\/site\/wp-content\/uploads\/2025\/09\/FB_IMG_1757763782377.jpg","type":"image\/jpeg"}],"author":"NOTICIASMERCEDINAS.COM","twitter_card":"summary_large_image","twitter_creator":"@notmercedinas","twitter_site":"@notmercedinas","twitter_misc":{"Escrito por":"NOTICIASMERCEDINAS.COM","Tiempo de lectura":"3 minutos"},"schema":{"@context":"https:\/\/schema.org","@graph":[{"@type":"Article","@id":"https:\/\/noticiasmercedinas.com\/site\/2025\/09\/13\/arranco-la-50a-fiesta-nacional-del-salame-quintero-y-se-espera-un-exito-rotundo\/#article","isPartOf":{"@id":"https:\/\/noticiasmercedinas.com\/site\/2025\/09\/13\/arranco-la-50a-fiesta-nacional-del-salame-quintero-y-se-espera-un-exito-rotundo\/"},"author":{"name":"NOTICIASMERCEDINAS.COM","@id":"https:\/\/noticiasmercedinas.com\/site\/#\/schema\/person\/84b59c099c28ff2e8b77d4ceec5d8063"},"headline":"Arranc\u00f3 la 50\u00aa Fiesta Nacional del Salame Quintero y se espera un \u00e9xito rotundo","datePublished":"2025-09-13T12:07:51+00:00","dateModified":"2025-09-13T12:11:33+00:00","mainEntityOfPage":{"@id":"https:\/\/noticiasmercedinas.com\/site\/2025\/09\/13\/arranco-la-50a-fiesta-nacional-del-salame-quintero-y-se-espera-un-exito-rotundo\/"},"wordCount":316,"publisher":{"@id":"https:\/\/noticiasmercedinas.com\/site\/#organization"},"image":{"@id":"https:\/\/noticiasmercedinas.com\/site\/2025\/09\/13\/arranco-la-50a-fiesta-nacional-del-salame-quintero-y-se-espera-un-exito-rotundo\/#primaryimage"},"thumbnailUrl":"https:\/\/noticiasmercedinas.com\/site\/wp-content\/uploads\/2025\/09\/FB_IMG_1757763782377.jpg","keywords":["fiesta nacional del salame quintero","mercedes","salame quintero","turismo"],"articleSection":["Sociedad","Ultimo momento"],"inLanguage":"es"},{"@type":"WebPage","@id":"https:\/\/noticiasmercedinas.com\/site\/2025\/09\/13\/arranco-la-50a-fiesta-nacional-del-salame-quintero-y-se-espera-un-exito-rotundo\/","url":"https:\/\/noticiasmercedinas.com\/site\/2025\/09\/13\/arranco-la-50a-fiesta-nacional-del-salame-quintero-y-se-espera-un-exito-rotundo\/","name":"Arranc\u00f3 la 50\u00aa Fiesta Nacional del Salame Quintero y se espera un \u00e9xito rotundo","isPartOf":{"@id":"https:\/\/noticiasmercedinas.com\/site\/#website"},"primaryImageOfPage":{"@id":"https:\/\/noticiasmercedinas.com\/site\/2025\/09\/13\/arranco-la-50a-fiesta-nacional-del-salame-quintero-y-se-espera-un-exito-rotundo\/#primaryimage"},"image":{"@id":"https:\/\/noticiasmercedinas.com\/site\/2025\/09\/13\/arranco-la-50a-fiesta-nacional-del-salame-quintero-y-se-espera-un-exito-rotundo\/#primaryimage"},"thumbnailUrl":"https:\/\/noticiasmercedinas.com\/site\/wp-content\/uploads\/2025\/09\/FB_IMG_1757763782377.jpg","datePublished":"2025-09-13T12:07:51+00:00","dateModified":"2025-09-13T12:11:33+00:00","description":"Con la presencia de autoridades municipales y un gran marco de p\u00fablico, la tradicional celebraci\u00f3n mercedina dio inicio a un fin de semana que promete ser multitudinario, con la capacidad hotelera agotada y miles de turistas en la ciudad.","breadcrumb":{"@id":"https:\/\/noticiasmercedinas.com\/site\/2025\/09\/13\/arranco-la-50a-fiesta-nacional-del-salame-quintero-y-se-espera-un-exito-rotundo\/#breadcrumb"},"inLanguage":"es","potentialAction":[{"@type":"ReadAction","target":["https:\/\/noticiasmercedinas.com\/site\/2025\/09\/13\/arranco-la-50a-fiesta-nacional-del-salame-quintero-y-se-espera-un-exito-rotundo\/"]}]},{"@type":"ImageObject","inLanguage":"es","@id":"https:\/\/noticiasmercedinas.com\/site\/2025\/09\/13\/arranco-la-50a-fiesta-nacional-del-salame-quintero-y-se-espera-un-exito-rotundo\/#primaryimage","url":"https:\/\/noticiasmercedinas.com\/site\/wp-content\/uploads\/2025\/09\/FB_IMG_1757763782377.jpg","contentUrl":"https:\/\/noticiasmercedinas.com\/site\/wp-content\/uploads\/2025\/09\/FB_IMG_1757763782377.jpg","width":2048,"height":1153},{"@type":"BreadcrumbList","@id":"https:\/\/noticiasmercedinas.com\/site\/2025\/09\/13\/arranco-la-50a-fiesta-nacional-del-salame-quintero-y-se-espera-un-exito-rotundo\/#breadcrumb","itemListElement":[{"@type":"ListItem","position":1,"name":"Portada","item":"https:\/\/noticiasmercedinas.com\/site\/"},{"@type":"ListItem","position":2,"name":"Arranc\u00f3 la 50\u00aa Fiesta Nacional del Salame Quintero y se espera un \u00e9xito rotundo"}]},{"@type":"WebSite","@id":"https:\/\/noticiasmercedinas.com\/site\/#website","url":"https:\/\/noticiasmercedinas.com\/site\/","name":"NOTICIASMERCEDINAS.COM","description":"Mercedes, Buenos Aires, Argentina","publisher":{"@id":"https:\/\/noticiasmercedinas.com\/site\/#organization"},"potentialAction":[{"@type":"SearchAction","target":{"@type":"EntryPoint","urlTemplate":"https:\/\/noticiasmercedinas.com\/site\/?s={search_term_string}"},"query-input":{"@type":"PropertyValueSpecification","valueRequired":true,"valueName":"search_term_string"}}],"inLanguage":"es"},{"@type":"Organization","@id":"https:\/\/noticiasmercedinas.com\/site\/#organization","name":"NOTICIASMERCEDINAS.COM","url":"https:\/\/noticiasmercedinas.com\/site\/","logo":{"@type":"ImageObject","inLanguage":"es","@id":"https:\/\/noticiasmercedinas.com\/site\/#\/schema\/logo\/image\/","url":"https:\/\/noticiasmercedinas.com\/site\/wp-content\/uploads\/2020\/06\/LOGO-512.jpg","contentUrl":"https:\/\/noticiasmercedinas.com\/site\/wp-content\/uploads\/2020\/06\/LOGO-512.jpg","width":512,"height":512,"caption":"NOTICIASMERCEDINAS.COM"},"image":{"@id":"https:\/\/noticiasmercedinas.com\/site\/#\/schema\/logo\/image\/"},"sameAs":["https:\/\/www.facebook.com\/noticiasmercedinas\/","https:\/\/x.com\/notmercedinas","https:\/\/www.instagram.com\/noticiasmercedinas\/"]},{"@type":"Person","@id":"https:\/\/noticiasmercedinas.com\/site\/#\/schema\/person\/84b59c099c28ff2e8b77d4ceec5d8063","name":"NOTICIASMERCEDINAS.COM","image":{"@type":"ImageObject","inLanguage":"es","@id":"https:\/\/secure.gravatar.com\/avatar\/4dfbf16b4d17945bfb6341b2d19043457132fcf478a5ee04f42e959fd8f5df0a?s=96&d=mm&r=g","url":"https:\/\/secure.gravatar.com\/avatar\/4dfbf16b4d17945bfb6341b2d19043457132fcf478a5ee04f42e959fd8f5df0a?s=96&d=mm&r=g","contentUrl":"https:\/\/secure.gravatar.com\/avatar\/4dfbf16b4d17945bfb6341b2d19043457132fcf478a5ee04f42e959fd8f5df0a?s=96&d=mm&r=g","caption":"NOTICIASMERCEDINAS.COM"},"url":"https:\/\/noticiasmercedinas.com\/site\/author\/anonimo\/"}]}},"amp_enabled":true,"_links":{"self":[{"href":"https:\/\/noticiasmercedinas.com\/site\/wp-json\/wp\/v2\/posts\/169358","targetHints":{"allow":["GET"]}}],"collection":[{"href":"https:\/\/noticiasmercedinas.com\/site\/wp-json\/wp\/v2\/posts"}],"about":[{"href":"https:\/\/noticiasmercedinas.com\/site\/wp-json\/wp\/v2\/types\/post"}],"author":[{"embeddable":true,"href":"https:\/\/noticiasmercedinas.com\/site\/wp-json\/wp\/v2\/users\/16"}],"replies":[{"embeddable":true,"href":"https:\/\/noticiasmercedinas.com\/site\/wp-json\/wp\/v2\/comments?post=169358"}],"version-history":[{"count":5,"href":"https:\/\/noticiasmercedinas.com\/site\/wp-json\/wp\/v2\/posts\/169358\/revisions"}],"predecessor-version":[{"id":169367,"href":"https:\/\/noticiasmercedinas.com\/site\/wp-json\/wp\/v2\/posts\/169358\/revisions\/169367"}],"wp:featuredmedia":[{"embeddable":true,"href":"https:\/\/noticiasmercedinas.com\/site\/wp-json\/wp\/v2\/media\/169361"}],"wp:attachment":[{"href":"https:\/\/noticiasmercedinas.com\/site\/wp-json\/wp\/v2\/media?parent=169358"}],"wp:term":[{"taxonomy":"category","embeddable":true,"href":"https:\/\/noticiasmercedinas.com\/site\/wp-json\/wp\/v2\/categories?post=169358"},{"taxonomy":"post_tag","embeddable":true,"href":"https:\/\/noticiasmercedinas.com\/site\/wp-json\/wp\/v2\/tags?post=169358"}],"curies":[{"name":"wp","href":"https:\/\/api.w.org\/{rel}","templated":true}]}}