{"id":169380,"date":"2025-09-13T14:35:20","date_gmt":"2025-09-13T17:35:20","guid":{"rendered":"https:\/\/noticiasmercedinas.com\/site\/?p=169380"},"modified":"2025-09-13T14:53:39","modified_gmt":"2025-09-13T17:53:39","slug":"concejal-mauricio-pollacchi-analiza-el-resultado-de-las-elecciones-legislativas-en-mercedes","status":"publish","type":"post","link":"https:\/\/noticiasmercedinas.com\/site\/2025\/09\/13\/concejal-mauricio-pollacchi-analiza-el-resultado-de-las-elecciones-legislativas-en-mercedes\/","title":{"rendered":"Concejal Mauricio Pollacchi analiza el resultado de las elecciones legislativas en Mercedes"},"content":{"rendered":"<p><img loading=\"lazy\" decoding=\"async\" class=\"alignnone size-full wp-image-119278\" src=\"https:\/\/noticiasmercedinas.com\/site\/wp-content\/uploads\/2023\/07\/mauricio_pollacchi.jpg\" alt=\"\" width=\"640\" height=\"430\" srcset=\"https:\/\/noticiasmercedinas.com\/site\/wp-content\/uploads\/2023\/07\/mauricio_pollacchi.jpg 640w, https:\/\/noticiasmercedinas.com\/site\/wp-content\/uploads\/2023\/07\/mauricio_pollacchi-300x202.jpg 300w, https:\/\/noticiasmercedinas.com\/site\/wp-content\/uploads\/2023\/07\/mauricio_pollacchi-537x360.jpg 537w\" sizes=\"auto, (max-width: 640px) 100vw, 640px\" \/><\/p>\n<p>A pocos d\u00edas de las elecciones legislativas, el concejal <b>Mauricio Pollacchi<\/b>, del bloque original y electo en 2023 de La Libertad Avanza, realiz\u00f3 un profundo an\u00e1lisis de los resultados en Mercedes. Seg\u00fan Pollacchi, el panorama electoral local se vio afectado por una falta de coordinaci\u00f3n que, a su entender, impidi\u00f3 un mejor desempe\u00f1o de los espacios liberales en la ciudad.<\/p>\n<p>\u00abSi miramos los resultados del domingo y los comparamos con 2023, queda claro algo muy importante: en 2023 nuestra coordinaci\u00f3n no dej\u00f3 a ning\u00fan espacio liberal afuera\u00bb, dijo Pollacchi. \u00abSi hubiese pasado lo mismo ahora, podr\u00edamos haber sumado los 1.223 votos que fueron a otras listas liberales, parte de los 1.773 votos en blanco y tambi\u00e9n a muchos vecinos que decidieron no votar porque sab\u00edan que no nos hab\u00edan dejado participar (con una abstenci\u00f3n del 35%)\u00bb, agreg\u00f3.<\/p>\n<blockquote><p>\u00abEl espacio del intendente viene cayendo en cantidad de votos elecci\u00f3n tras elecci\u00f3n desde 2021, y el 60% de los vecinos decidi\u00f3 no acompa\u00f1arlo\u00bb<\/p><\/blockquote>\n<p>\u00abLa diferencia en la categor\u00eda senadores en Mercedes fue de apenas 200 votos\u00bb, remarc\u00f3 luego. \u00abEl espacio del intendente viene cayendo en cantidad de votos elecci\u00f3n tras elecci\u00f3n desde 2021, y el 60% de los vecinos decidi\u00f3 no acompa\u00f1arlo\u00bb, agreg\u00f3.<\/p>\n<p>Tal cual apunt\u00f3 Pollacchi, en Mercedes, La Libertad Avanza super\u00f3 el promedio provincial: \u00abEstoy convencido de que eso tiene mucho que ver con el trabajo de Silvia Di Leo y el m\u00edo en el Concejo Deliberante: nunca paramos de presentar proyectos, propuestas e ideas que nuestra ciudad necesita. Mientras tanto, los candidatos de LLA no fueron a debates, no presentaron proyectos ni defendieron ideas; la fiscalizaci\u00f3n fue floja, en varias escuelas faltaron boletas y hasta tuvieron que traer fiscales de otras ciudades. Nada de eso pas\u00f3 en 2023\u00bb, opin\u00f3.<\/p>\n<p>\u00abEl armado provincial se equivoc\u00f3 al corrernos. Hubo un fuerte corte de boleta a nivel local (1536 votos): en 2023, Juntos con LLA alcanzamos el 47% de los votos. Si le restamos el 6% que sac\u00f3 la UCR, se perdieron 7 puntos clave que nos hubieran dado la victoria en Mercedes. A nivel legislativo, la situaci\u00f3n qued\u00f3 igual: el PRO renovaba 3 bancas y logramos mantener 3 (2 del PRO y 1 de LLA). Ahora, de ac\u00e1 a octubre, tenemos que salir a convencer a los que no fueron a votar y a los que votaron otros espacios. Estoy seguro de que en octubre vamos a ganar\u00bb, complet\u00f3.<\/p>\n","protected":false},"excerpt":{"rendered":"<p>\u25a0\u00a0El edil de La Libertad Avanza celebra que su fuerza super\u00f3 el promedio provincial y asegura que su espacio se vio perjudicado por la falta de unificaci\u00f3n del voto liberal.<\/p>\n","protected":false},"author":16,"featured_media":119278,"comment_status":"closed","ping_status":"closed","sticky":false,"template":"","format":"standard","meta":{"footnotes":""},"categories":[16],"tags":[19953,8739],"class_list":["post-169380","post","type-post","status-publish","format-standard","has-post-thumbnail","hentry","category-politica","tag-elecciones-2025","tag-mauricio-pollacchi"],"yoast_head":"<!-- This site is optimized with the Yoast SEO plugin v27.4 - https:\/\/yoast.com\/product\/yoast-seo-wordpress\/ -->\n<title>Concejal Mauricio Pollacchi analiza el resultado de las elecciones legislativas en Mercedes<\/title>\n<meta name=\"description\" content=\"\u25a0\u00a0El edil de La Libertad Avanza celebra que su fuerza super\u00f3 el promedio provincial y asegura que su espacio se vio perjudicado por la falta de unificaci\u00f3n del voto liberal.\" \/>\n<meta name=\"robots\" content=\"index, follow, max-snippet:-1, max-image-preview:large, max-video-preview:-1\" \/>\n<link rel=\"canonical\" href=\"https:\/\/noticiasmercedinas.com\/site\/2025\/09\/13\/concejal-mauricio-pollacchi-analiza-el-resultado-de-las-elecciones-legislativas-en-mercedes\/\" \/>\n<meta property=\"og:locale\" content=\"es_ES\" \/>\n<meta property=\"og:type\" content=\"article\" \/>\n<meta property=\"og:title\" content=\"Concejal Mauricio Pollacchi analiza el resultado de las elecciones legislativas en Mercedes\" \/>\n<meta property=\"og:description\" content=\"\u25a0\u00a0El edil de La Libertad Avanza celebra que su fuerza super\u00f3 el promedio provincial y asegura que su espacio se vio perjudicado por la falta de unificaci\u00f3n del voto liberal.\" \/>\n<meta property=\"og:url\" content=\"https:\/\/noticiasmercedinas.com\/site\/2025\/09\/13\/concejal-mauricio-pollacchi-analiza-el-resultado-de-las-elecciones-legislativas-en-mercedes\/\" \/>\n<meta property=\"og:site_name\" content=\"NOTICIASMERCEDINAS.COM\" \/>\n<meta property=\"article:publisher\" content=\"https:\/\/www.facebook.com\/noticiasmercedinas\/\" \/>\n<meta property=\"article:published_time\" content=\"2025-09-13T17:35:20+00:00\" \/>\n<meta property=\"article:modified_time\" content=\"2025-09-13T17:53:39+00:00\" \/>\n<meta property=\"og:image\" content=\"https:\/\/noticiasmercedinas.com\/site\/wp-content\/uploads\/2023\/07\/mauricio_pollacchi.jpg\" \/>\n\t<meta property=\"og:image:width\" content=\"640\" \/>\n\t<meta property=\"og:image:height\" content=\"430\" \/>\n\t<meta property=\"og:image:type\" content=\"image\/jpeg\" \/>\n<meta name=\"author\" content=\"NOTICIASMERCEDINAS.COM\" \/>\n<meta name=\"twitter:card\" content=\"summary_large_image\" \/>\n<meta name=\"twitter:creator\" content=\"@notmercedinas\" \/>\n<meta name=\"twitter:site\" content=\"@notmercedinas\" \/>\n<meta name=\"twitter:label1\" content=\"Escrito por\" \/>\n\t<meta name=\"twitter:data1\" content=\"NOTICIASMERCEDINAS.COM\" \/>\n\t<meta name=\"twitter:label2\" content=\"Tiempo de lectura\" \/>\n\t<meta name=\"twitter:data2\" content=\"3 minutos\" \/>\n<script type=\"application\/ld+json\" class=\"yoast-schema-graph\">{\"@context\":\"https:\\\/\\\/schema.org\",\"@graph\":[{\"@type\":\"Article\",\"@id\":\"https:\\\/\\\/noticiasmercedinas.com\\\/site\\\/2025\\\/09\\\/13\\\/concejal-mauricio-pollacchi-analiza-el-resultado-de-las-elecciones-legislativas-en-mercedes\\\/#article\",\"isPartOf\":{\"@id\":\"https:\\\/\\\/noticiasmercedinas.com\\\/site\\\/2025\\\/09\\\/13\\\/concejal-mauricio-pollacchi-analiza-el-resultado-de-las-elecciones-legislativas-en-mercedes\\\/\"},\"author\":{\"name\":\"NOTICIASMERCEDINAS.COM\",\"@id\":\"https:\\\/\\\/noticiasmercedinas.com\\\/site\\\/#\\\/schema\\\/person\\\/84b59c099c28ff2e8b77d4ceec5d8063\"},\"headline\":\"Concejal Mauricio Pollacchi analiza el resultado de las elecciones legislativas en Mercedes\",\"datePublished\":\"2025-09-13T17:35:20+00:00\",\"dateModified\":\"2025-09-13T17:53:39+00:00\",\"mainEntityOfPage\":{\"@id\":\"https:\\\/\\\/noticiasmercedinas.com\\\/site\\\/2025\\\/09\\\/13\\\/concejal-mauricio-pollacchi-analiza-el-resultado-de-las-elecciones-legislativas-en-mercedes\\\/\"},\"wordCount\":411,\"publisher\":{\"@id\":\"https:\\\/\\\/noticiasmercedinas.com\\\/site\\\/#organization\"},\"image\":{\"@id\":\"https:\\\/\\\/noticiasmercedinas.com\\\/site\\\/2025\\\/09\\\/13\\\/concejal-mauricio-pollacchi-analiza-el-resultado-de-las-elecciones-legislativas-en-mercedes\\\/#primaryimage\"},\"thumbnailUrl\":\"https:\\\/\\\/noticiasmercedinas.com\\\/site\\\/wp-content\\\/uploads\\\/2023\\\/07\\\/mauricio_pollacchi.jpg\",\"keywords\":[\"elecciones 2025\",\"mauricio pollacchi\"],\"articleSection\":[\"Politica\"],\"inLanguage\":\"es\"},{\"@type\":\"WebPage\",\"@id\":\"https:\\\/\\\/noticiasmercedinas.com\\\/site\\\/2025\\\/09\\\/13\\\/concejal-mauricio-pollacchi-analiza-el-resultado-de-las-elecciones-legislativas-en-mercedes\\\/\",\"url\":\"https:\\\/\\\/noticiasmercedinas.com\\\/site\\\/2025\\\/09\\\/13\\\/concejal-mauricio-pollacchi-analiza-el-resultado-de-las-elecciones-legislativas-en-mercedes\\\/\",\"name\":\"Concejal Mauricio Pollacchi analiza el resultado de las elecciones legislativas en Mercedes\",\"isPartOf\":{\"@id\":\"https:\\\/\\\/noticiasmercedinas.com\\\/site\\\/#website\"},\"primaryImageOfPage\":{\"@id\":\"https:\\\/\\\/noticiasmercedinas.com\\\/site\\\/2025\\\/09\\\/13\\\/concejal-mauricio-pollacchi-analiza-el-resultado-de-las-elecciones-legislativas-en-mercedes\\\/#primaryimage\"},\"image\":{\"@id\":\"https:\\\/\\\/noticiasmercedinas.com\\\/site\\\/2025\\\/09\\\/13\\\/concejal-mauricio-pollacchi-analiza-el-resultado-de-las-elecciones-legislativas-en-mercedes\\\/#primaryimage\"},\"thumbnailUrl\":\"https:\\\/\\\/noticiasmercedinas.com\\\/site\\\/wp-content\\\/uploads\\\/2023\\\/07\\\/mauricio_pollacchi.jpg\",\"datePublished\":\"2025-09-13T17:35:20+00:00\",\"dateModified\":\"2025-09-13T17:53:39+00:00\",\"description\":\"\u25a0\u00a0El edil de La Libertad Avanza celebra que su fuerza super\u00f3 el promedio provincial y asegura que su espacio se vio perjudicado por la falta de unificaci\u00f3n del voto liberal.\",\"breadcrumb\":{\"@id\":\"https:\\\/\\\/noticiasmercedinas.com\\\/site\\\/2025\\\/09\\\/13\\\/concejal-mauricio-pollacchi-analiza-el-resultado-de-las-elecciones-legislativas-en-mercedes\\\/#breadcrumb\"},\"inLanguage\":\"es\",\"potentialAction\":[{\"@type\":\"ReadAction\",\"target\":[\"https:\\\/\\\/noticiasmercedinas.com\\\/site\\\/2025\\\/09\\\/13\\\/concejal-mauricio-pollacchi-analiza-el-resultado-de-las-elecciones-legislativas-en-mercedes\\\/\"]}]},{\"@type\":\"ImageObject\",\"inLanguage\":\"es\",\"@id\":\"https:\\\/\\\/noticiasmercedinas.com\\\/site\\\/2025\\\/09\\\/13\\\/concejal-mauricio-pollacchi-analiza-el-resultado-de-las-elecciones-legislativas-en-mercedes\\\/#primaryimage\",\"url\":\"https:\\\/\\\/noticiasmercedinas.com\\\/site\\\/wp-content\\\/uploads\\\/2023\\\/07\\\/mauricio_pollacchi.jpg\",\"contentUrl\":\"https:\\\/\\\/noticiasmercedinas.com\\\/site\\\/wp-content\\\/uploads\\\/2023\\\/07\\\/mauricio_pollacchi.jpg\",\"width\":640,\"height\":430},{\"@type\":\"BreadcrumbList\",\"@id\":\"https:\\\/\\\/noticiasmercedinas.com\\\/site\\\/2025\\\/09\\\/13\\\/concejal-mauricio-pollacchi-analiza-el-resultado-de-las-elecciones-legislativas-en-mercedes\\\/#breadcrumb\",\"itemListElement\":[{\"@type\":\"ListItem\",\"position\":1,\"name\":\"Portada\",\"item\":\"https:\\\/\\\/noticiasmercedinas.com\\\/site\\\/\"},{\"@type\":\"ListItem\",\"position\":2,\"name\":\"Concejal Mauricio Pollacchi analiza el resultado de las elecciones legislativas en Mercedes\"}]},{\"@type\":\"WebSite\",\"@id\":\"https:\\\/\\\/noticiasmercedinas.com\\\/site\\\/#website\",\"url\":\"https:\\\/\\\/noticiasmercedinas.com\\\/site\\\/\",\"name\":\"NOTICIASMERCEDINAS.COM\",\"description\":\"Mercedes, Buenos Aires, Argentina\",\"publisher\":{\"@id\":\"https:\\\/\\\/noticiasmercedinas.com\\\/site\\\/#organization\"},\"potentialAction\":[{\"@type\":\"SearchAction\",\"target\":{\"@type\":\"EntryPoint\",\"urlTemplate\":\"https:\\\/\\\/noticiasmercedinas.com\\\/site\\\/?s={search_term_string}\"},\"query-input\":{\"@type\":\"PropertyValueSpecification\",\"valueRequired\":true,\"valueName\":\"search_term_string\"}}],\"inLanguage\":\"es\"},{\"@type\":\"Organization\",\"@id\":\"https:\\\/\\\/noticiasmercedinas.com\\\/site\\\/#organization\",\"name\":\"NOTICIASMERCEDINAS.COM\",\"url\":\"https:\\\/\\\/noticiasmercedinas.com\\\/site\\\/\",\"logo\":{\"@type\":\"ImageObject\",\"inLanguage\":\"es\",\"@id\":\"https:\\\/\\\/noticiasmercedinas.com\\\/site\\\/#\\\/schema\\\/logo\\\/image\\\/\",\"url\":\"https:\\\/\\\/noticiasmercedinas.com\\\/site\\\/wp-content\\\/uploads\\\/2020\\\/06\\\/LOGO-512.jpg\",\"contentUrl\":\"https:\\\/\\\/noticiasmercedinas.com\\\/site\\\/wp-content\\\/uploads\\\/2020\\\/06\\\/LOGO-512.jpg\",\"width\":512,\"height\":512,\"caption\":\"NOTICIASMERCEDINAS.COM\"},\"image\":{\"@id\":\"https:\\\/\\\/noticiasmercedinas.com\\\/site\\\/#\\\/schema\\\/logo\\\/image\\\/\"},\"sameAs\":[\"https:\\\/\\\/www.facebook.com\\\/noticiasmercedinas\\\/\",\"https:\\\/\\\/x.com\\\/notmercedinas\",\"https:\\\/\\\/www.instagram.com\\\/noticiasmercedinas\\\/\"]},{\"@type\":\"Person\",\"@id\":\"https:\\\/\\\/noticiasmercedinas.com\\\/site\\\/#\\\/schema\\\/person\\\/84b59c099c28ff2e8b77d4ceec5d8063\",\"name\":\"NOTICIASMERCEDINAS.COM\",\"image\":{\"@type\":\"ImageObject\",\"inLanguage\":\"es\",\"@id\":\"https:\\\/\\\/secure.gravatar.com\\\/avatar\\\/4dfbf16b4d17945bfb6341b2d19043457132fcf478a5ee04f42e959fd8f5df0a?s=96&d=mm&r=g\",\"url\":\"https:\\\/\\\/secure.gravatar.com\\\/avatar\\\/4dfbf16b4d17945bfb6341b2d19043457132fcf478a5ee04f42e959fd8f5df0a?s=96&d=mm&r=g\",\"contentUrl\":\"https:\\\/\\\/secure.gravatar.com\\\/avatar\\\/4dfbf16b4d17945bfb6341b2d19043457132fcf478a5ee04f42e959fd8f5df0a?s=96&d=mm&r=g\",\"caption\":\"NOTICIASMERCEDINAS.COM\"},\"url\":\"https:\\\/\\\/noticiasmercedinas.com\\\/site\\\/author\\\/anonimo\\\/\"}]}<\/script>\n<!-- \/ Yoast SEO plugin. -->","yoast_head_json":{"title":"Concejal Mauricio Pollacchi analiza el resultado de las elecciones legislativas en Mercedes","description":"\u25a0\u00a0El edil de La Libertad Avanza celebra que su fuerza super\u00f3 el promedio provincial y asegura que su espacio se vio perjudicado por la falta de unificaci\u00f3n del voto liberal.","robots":{"index":"index","follow":"follow","max-snippet":"max-snippet:-1","max-image-preview":"max-image-preview:large","max-video-preview":"max-video-preview:-1"},"canonical":"https:\/\/noticiasmercedinas.com\/site\/2025\/09\/13\/concejal-mauricio-pollacchi-analiza-el-resultado-de-las-elecciones-legislativas-en-mercedes\/","og_locale":"es_ES","og_type":"article","og_title":"Concejal Mauricio Pollacchi analiza el resultado de las elecciones legislativas en Mercedes","og_description":"\u25a0\u00a0El edil de La Libertad Avanza celebra que su fuerza super\u00f3 el promedio provincial y asegura que su espacio se vio perjudicado por la falta de unificaci\u00f3n del voto liberal.","og_url":"https:\/\/noticiasmercedinas.com\/site\/2025\/09\/13\/concejal-mauricio-pollacchi-analiza-el-resultado-de-las-elecciones-legislativas-en-mercedes\/","og_site_name":"NOTICIASMERCEDINAS.COM","article_publisher":"https:\/\/www.facebook.com\/noticiasmercedinas\/","article_published_time":"2025-09-13T17:35:20+00:00","article_modified_time":"2025-09-13T17:53:39+00:00","og_image":[{"width":640,"height":430,"url":"https:\/\/noticiasmercedinas.com\/site\/wp-content\/uploads\/2023\/07\/mauricio_pollacchi.jpg","type":"image\/jpeg"}],"author":"NOTICIASMERCEDINAS.COM","twitter_card":"summary_large_image","twitter_creator":"@notmercedinas","twitter_site":"@notmercedinas","twitter_misc":{"Escrito por":"NOTICIASMERCEDINAS.COM","Tiempo de lectura":"3 minutos"},"schema":{"@context":"https:\/\/schema.org","@graph":[{"@type":"Article","@id":"https:\/\/noticiasmercedinas.com\/site\/2025\/09\/13\/concejal-mauricio-pollacchi-analiza-el-resultado-de-las-elecciones-legislativas-en-mercedes\/#article","isPartOf":{"@id":"https:\/\/noticiasmercedinas.com\/site\/2025\/09\/13\/concejal-mauricio-pollacchi-analiza-el-resultado-de-las-elecciones-legislativas-en-mercedes\/"},"author":{"name":"NOTICIASMERCEDINAS.COM","@id":"https:\/\/noticiasmercedinas.com\/site\/#\/schema\/person\/84b59c099c28ff2e8b77d4ceec5d8063"},"headline":"Concejal Mauricio Pollacchi analiza el resultado de las elecciones legislativas en Mercedes","datePublished":"2025-09-13T17:35:20+00:00","dateModified":"2025-09-13T17:53:39+00:00","mainEntityOfPage":{"@id":"https:\/\/noticiasmercedinas.com\/site\/2025\/09\/13\/concejal-mauricio-pollacchi-analiza-el-resultado-de-las-elecciones-legislativas-en-mercedes\/"},"wordCount":411,"publisher":{"@id":"https:\/\/noticiasmercedinas.com\/site\/#organization"},"image":{"@id":"https:\/\/noticiasmercedinas.com\/site\/2025\/09\/13\/concejal-mauricio-pollacchi-analiza-el-resultado-de-las-elecciones-legislativas-en-mercedes\/#primaryimage"},"thumbnailUrl":"https:\/\/noticiasmercedinas.com\/site\/wp-content\/uploads\/2023\/07\/mauricio_pollacchi.jpg","keywords":["elecciones 2025","mauricio pollacchi"],"articleSection":["Politica"],"inLanguage":"es"},{"@type":"WebPage","@id":"https:\/\/noticiasmercedinas.com\/site\/2025\/09\/13\/concejal-mauricio-pollacchi-analiza-el-resultado-de-las-elecciones-legislativas-en-mercedes\/","url":"https:\/\/noticiasmercedinas.com\/site\/2025\/09\/13\/concejal-mauricio-pollacchi-analiza-el-resultado-de-las-elecciones-legislativas-en-mercedes\/","name":"Concejal Mauricio Pollacchi analiza el resultado de las elecciones legislativas en Mercedes","isPartOf":{"@id":"https:\/\/noticiasmercedinas.com\/site\/#website"},"primaryImageOfPage":{"@id":"https:\/\/noticiasmercedinas.com\/site\/2025\/09\/13\/concejal-mauricio-pollacchi-analiza-el-resultado-de-las-elecciones-legislativas-en-mercedes\/#primaryimage"},"image":{"@id":"https:\/\/noticiasmercedinas.com\/site\/2025\/09\/13\/concejal-mauricio-pollacchi-analiza-el-resultado-de-las-elecciones-legislativas-en-mercedes\/#primaryimage"},"thumbnailUrl":"https:\/\/noticiasmercedinas.com\/site\/wp-content\/uploads\/2023\/07\/mauricio_pollacchi.jpg","datePublished":"2025-09-13T17:35:20+00:00","dateModified":"2025-09-13T17:53:39+00:00","description":"\u25a0\u00a0El edil de La Libertad Avanza celebra que su fuerza super\u00f3 el promedio provincial y asegura que su espacio se vio perjudicado por la falta de unificaci\u00f3n del voto liberal.","breadcrumb":{"@id":"https:\/\/noticiasmercedinas.com\/site\/2025\/09\/13\/concejal-mauricio-pollacchi-analiza-el-resultado-de-las-elecciones-legislativas-en-mercedes\/#breadcrumb"},"inLanguage":"es","potentialAction":[{"@type":"ReadAction","target":["https:\/\/noticiasmercedinas.com\/site\/2025\/09\/13\/concejal-mauricio-pollacchi-analiza-el-resultado-de-las-elecciones-legislativas-en-mercedes\/"]}]},{"@type":"ImageObject","inLanguage":"es","@id":"https:\/\/noticiasmercedinas.com\/site\/2025\/09\/13\/concejal-mauricio-pollacchi-analiza-el-resultado-de-las-elecciones-legislativas-en-mercedes\/#primaryimage","url":"https:\/\/noticiasmercedinas.com\/site\/wp-content\/uploads\/2023\/07\/mauricio_pollacchi.jpg","contentUrl":"https:\/\/noticiasmercedinas.com\/site\/wp-content\/uploads\/2023\/07\/mauricio_pollacchi.jpg","width":640,"height":430},{"@type":"BreadcrumbList","@id":"https:\/\/noticiasmercedinas.com\/site\/2025\/09\/13\/concejal-mauricio-pollacchi-analiza-el-resultado-de-las-elecciones-legislativas-en-mercedes\/#breadcrumb","itemListElement":[{"@type":"ListItem","position":1,"name":"Portada","item":"https:\/\/noticiasmercedinas.com\/site\/"},{"@type":"ListItem","position":2,"name":"Concejal Mauricio Pollacchi analiza el resultado de las elecciones legislativas en Mercedes"}]},{"@type":"WebSite","@id":"https:\/\/noticiasmercedinas.com\/site\/#website","url":"https:\/\/noticiasmercedinas.com\/site\/","name":"NOTICIASMERCEDINAS.COM","description":"Mercedes, Buenos Aires, Argentina","publisher":{"@id":"https:\/\/noticiasmercedinas.com\/site\/#organization"},"potentialAction":[{"@type":"SearchAction","target":{"@type":"EntryPoint","urlTemplate":"https:\/\/noticiasmercedinas.com\/site\/?s={search_term_string}"},"query-input":{"@type":"PropertyValueSpecification","valueRequired":true,"valueName":"search_term_string"}}],"inLanguage":"es"},{"@type":"Organization","@id":"https:\/\/noticiasmercedinas.com\/site\/#organization","name":"NOTICIASMERCEDINAS.COM","url":"https:\/\/noticiasmercedinas.com\/site\/","logo":{"@type":"ImageObject","inLanguage":"es","@id":"https:\/\/noticiasmercedinas.com\/site\/#\/schema\/logo\/image\/","url":"https:\/\/noticiasmercedinas.com\/site\/wp-content\/uploads\/2020\/06\/LOGO-512.jpg","contentUrl":"https:\/\/noticiasmercedinas.com\/site\/wp-content\/uploads\/2020\/06\/LOGO-512.jpg","width":512,"height":512,"caption":"NOTICIASMERCEDINAS.COM"},"image":{"@id":"https:\/\/noticiasmercedinas.com\/site\/#\/schema\/logo\/image\/"},"sameAs":["https:\/\/www.facebook.com\/noticiasmercedinas\/","https:\/\/x.com\/notmercedinas","https:\/\/www.instagram.com\/noticiasmercedinas\/"]},{"@type":"Person","@id":"https:\/\/noticiasmercedinas.com\/site\/#\/schema\/person\/84b59c099c28ff2e8b77d4ceec5d8063","name":"NOTICIASMERCEDINAS.COM","image":{"@type":"ImageObject","inLanguage":"es","@id":"https:\/\/secure.gravatar.com\/avatar\/4dfbf16b4d17945bfb6341b2d19043457132fcf478a5ee04f42e959fd8f5df0a?s=96&d=mm&r=g","url":"https:\/\/secure.gravatar.com\/avatar\/4dfbf16b4d17945bfb6341b2d19043457132fcf478a5ee04f42e959fd8f5df0a?s=96&d=mm&r=g","contentUrl":"https:\/\/secure.gravatar.com\/avatar\/4dfbf16b4d17945bfb6341b2d19043457132fcf478a5ee04f42e959fd8f5df0a?s=96&d=mm&r=g","caption":"NOTICIASMERCEDINAS.COM"},"url":"https:\/\/noticiasmercedinas.com\/site\/author\/anonimo\/"}]}},"amp_enabled":true,"_links":{"self":[{"href":"https:\/\/noticiasmercedinas.com\/site\/wp-json\/wp\/v2\/posts\/169380","targetHints":{"allow":["GET"]}}],"collection":[{"href":"https:\/\/noticiasmercedinas.com\/site\/wp-json\/wp\/v2\/posts"}],"about":[{"href":"https:\/\/noticiasmercedinas.com\/site\/wp-json\/wp\/v2\/types\/post"}],"author":[{"embeddable":true,"href":"https:\/\/noticiasmercedinas.com\/site\/wp-json\/wp\/v2\/users\/16"}],"replies":[{"embeddable":true,"href":"https:\/\/noticiasmercedinas.com\/site\/wp-json\/wp\/v2\/comments?post=169380"}],"version-history":[{"count":3,"href":"https:\/\/noticiasmercedinas.com\/site\/wp-json\/wp\/v2\/posts\/169380\/revisions"}],"predecessor-version":[{"id":169384,"href":"https:\/\/noticiasmercedinas.com\/site\/wp-json\/wp\/v2\/posts\/169380\/revisions\/169384"}],"wp:featuredmedia":[{"embeddable":true,"href":"https:\/\/noticiasmercedinas.com\/site\/wp-json\/wp\/v2\/media\/119278"}],"wp:attachment":[{"href":"https:\/\/noticiasmercedinas.com\/site\/wp-json\/wp\/v2\/media?parent=169380"}],"wp:term":[{"taxonomy":"category","embeddable":true,"href":"https:\/\/noticiasmercedinas.com\/site\/wp-json\/wp\/v2\/categories?post=169380"},{"taxonomy":"post_tag","embeddable":true,"href":"https:\/\/noticiasmercedinas.com\/site\/wp-json\/wp\/v2\/tags?post=169380"}],"curies":[{"name":"wp","href":"https:\/\/api.w.org\/{rel}","templated":true}]}}