{"id":169392,"date":"2025-09-13T17:41:18","date_gmt":"2025-09-13T20:41:18","guid":{"rendered":"https:\/\/noticiasmercedinas.com\/site\/?p=169392"},"modified":"2025-09-13T21:31:03","modified_gmt":"2025-09-14T00:31:03","slug":"son-un-ejemplo-de-unidad-le-dijo-ustarroz-a-los-productores","status":"publish","type":"post","link":"https:\/\/noticiasmercedinas.com\/site\/2025\/09\/13\/son-un-ejemplo-de-unidad-le-dijo-ustarroz-a-los-productores\/","title":{"rendered":"\u00abSon un ejemplo de unidad\u00bb, le dijo Ustarroz a los productores"},"content":{"rendered":"<p><img loading=\"lazy\" decoding=\"async\" class=\"alignnone size-full wp-image-169393\" src=\"https:\/\/noticiasmercedinas.com\/site\/wp-content\/uploads\/2025\/09\/DSC02595.jpg\" alt=\"\" width=\"1561\" height=\"879\" srcset=\"https:\/\/noticiasmercedinas.com\/site\/wp-content\/uploads\/2025\/09\/DSC02595.jpg 1561w, https:\/\/noticiasmercedinas.com\/site\/wp-content\/uploads\/2025\/09\/DSC02595-300x169.jpg 300w, https:\/\/noticiasmercedinas.com\/site\/wp-content\/uploads\/2025\/09\/DSC02595-1024x577.jpg 1024w, https:\/\/noticiasmercedinas.com\/site\/wp-content\/uploads\/2025\/09\/DSC02595-768x432.jpg 768w, https:\/\/noticiasmercedinas.com\/site\/wp-content\/uploads\/2025\/09\/DSC02595-1536x865.jpg 1536w, https:\/\/noticiasmercedinas.com\/site\/wp-content\/uploads\/2025\/09\/DSC02595-640x360.jpg 640w, https:\/\/noticiasmercedinas.com\/site\/wp-content\/uploads\/2025\/09\/DSC02595-1280x721.jpg 1280w, https:\/\/noticiasmercedinas.com\/site\/wp-content\/uploads\/2025\/09\/DSC02595-681x383.jpg 681w, https:\/\/noticiasmercedinas.com\/site\/wp-content\/uploads\/2025\/09\/DSC02595-1362x767.jpg 1362w\" sizes=\"auto, (max-width: 1561px) 100vw, 1561px\" \/><\/p>\n<p>Con la presencia de autoridades y un multitudinario p\u00fablico, la 50\u00aa edici\u00f3n del evento homenaje\u00f3 a las familias productoras, pilar de esta tradici\u00f3n, y destac\u00f3 el valor del trabajo y la identidad local.<\/p>\n<p>El intendente Juan Ignacio Ustarroz presidi\u00f3 la ceremonia y, visiblemente conmovido, destac\u00f3 el orgullo y la felicidad que le genera este evento.<\/p>\n<p><img loading=\"lazy\" decoding=\"async\" class=\"alignnone size-full wp-image-169395\" src=\"https:\/\/noticiasmercedinas.com\/site\/wp-content\/uploads\/2025\/09\/DSC02699.jpg\" alt=\"\" width=\"1561\" height=\"879\" srcset=\"https:\/\/noticiasmercedinas.com\/site\/wp-content\/uploads\/2025\/09\/DSC02699.jpg 1561w, https:\/\/noticiasmercedinas.com\/site\/wp-content\/uploads\/2025\/09\/DSC02699-300x169.jpg 300w, https:\/\/noticiasmercedinas.com\/site\/wp-content\/uploads\/2025\/09\/DSC02699-1024x577.jpg 1024w, https:\/\/noticiasmercedinas.com\/site\/wp-content\/uploads\/2025\/09\/DSC02699-768x432.jpg 768w, https:\/\/noticiasmercedinas.com\/site\/wp-content\/uploads\/2025\/09\/DSC02699-1536x865.jpg 1536w, https:\/\/noticiasmercedinas.com\/site\/wp-content\/uploads\/2025\/09\/DSC02699-640x360.jpg 640w, https:\/\/noticiasmercedinas.com\/site\/wp-content\/uploads\/2025\/09\/DSC02699-1280x721.jpg 1280w, https:\/\/noticiasmercedinas.com\/site\/wp-content\/uploads\/2025\/09\/DSC02699-681x383.jpg 681w, https:\/\/noticiasmercedinas.com\/site\/wp-content\/uploads\/2025\/09\/DSC02699-1362x767.jpg 1362w\" sizes=\"auto, (max-width: 1561px) 100vw, 1561px\" \/><\/p>\n<p>\u201cSon un ejemplo de comunidad, de organizaci\u00f3n y unidad\u201d, expres\u00f3 el jefe comunal dirigi\u00e9ndose a los productores, a quienes agradeci\u00f3 por su esfuerzo y por \u201cpasar su secreto de generaci\u00f3n en generaci\u00f3n\u201d. En su discurso, Ustarroz tambi\u00e9n valor\u00f3 el arduo trabajo del personal municipal, cuya labor fue fundamental para la exitosa realizaci\u00f3n de la fiesta.<\/p>\n<p>La ceremonia, que cont\u00f3 con las bendiciones ecum\u00e9nicas de los referentes de las iglesias evang\u00e9lica y cat\u00f3lica, fue un espacio para reafirmar el concepto de comunidad. Francisco Dinova dio la bienvenida, resaltando la importancia del evento para el turismo y la econom\u00eda local. Por su parte, el ministro de Agricultura de la Provincia de Buenos Aires, Javier Rodr\u00edguez, subray\u00f3 el apoyo provincial a la fiesta, destac\u00e1ndola como un ejemplo de c\u00f3mo \u00abse construye una sociedad mejor, reconociendo el esfuerzo de cada uno\u00bb.<\/p>\n<p>El momento m\u00e1s emotivo de la noche fue la entrega de reconocimientos a las familias productoras m\u00e1s destacadas, con la participaci\u00f3n de diversas autoridades, incluyendo al senador Eduardo de Pedro y las diputadas nacionales Vanesa Siley y Sabrina Selva.<\/p>\n<p>Se homenaje\u00f3 a las familias Di Piere, Sirello, Bongioanni, Piccone, Grasso, Racchi y Grosso, entre otras. Adem\u00e1s, se rindi\u00f3 un sentido tributo a la memoria de Carlos Berro y Ulises D\u2019Andrea, figuras emblem\u00e1ticas de la producci\u00f3n local. La empresa Agrale tambi\u00e9n se sum\u00f3 a los reconocimientos, entregando una distinci\u00f3n a la ciudad y a la fiesta.<\/p>\n<p><img loading=\"lazy\" decoding=\"async\" class=\"alignnone size-full wp-image-169397\" src=\"https:\/\/noticiasmercedinas.com\/site\/wp-content\/uploads\/2025\/09\/DSC02645.jpg\" alt=\"\" width=\"1561\" height=\"879\" srcset=\"https:\/\/noticiasmercedinas.com\/site\/wp-content\/uploads\/2025\/09\/DSC02645.jpg 1561w, https:\/\/noticiasmercedinas.com\/site\/wp-content\/uploads\/2025\/09\/DSC02645-300x169.jpg 300w, https:\/\/noticiasmercedinas.com\/site\/wp-content\/uploads\/2025\/09\/DSC02645-1024x577.jpg 1024w, https:\/\/noticiasmercedinas.com\/site\/wp-content\/uploads\/2025\/09\/DSC02645-768x432.jpg 768w, https:\/\/noticiasmercedinas.com\/site\/wp-content\/uploads\/2025\/09\/DSC02645-1536x865.jpg 1536w, https:\/\/noticiasmercedinas.com\/site\/wp-content\/uploads\/2025\/09\/DSC02645-640x360.jpg 640w, https:\/\/noticiasmercedinas.com\/site\/wp-content\/uploads\/2025\/09\/DSC02645-1280x721.jpg 1280w, https:\/\/noticiasmercedinas.com\/site\/wp-content\/uploads\/2025\/09\/DSC02645-681x383.jpg 681w, https:\/\/noticiasmercedinas.com\/site\/wp-content\/uploads\/2025\/09\/DSC02645-1362x767.jpg 1362w\" sizes=\"auto, (max-width: 1561px) 100vw, 1561px\" \/><\/p>\n","protected":false},"excerpt":{"rendered":"<p>\u25a0 Hubo reconocimiento y emoci\u00f3n en la apertura de la Fiesta Nacional del Salame. El intendente Juan Ignacio Ustarroz  fue acompa\u00f1ado por diversas autoridades, incluyendo al senador Eduardo de Pedro y las diputadas nacionales Vanesa Siley y Sabrina Selva<\/p>\n","protected":false},"author":16,"featured_media":169393,"comment_status":"closed","ping_status":"closed","sticky":false,"template":"","format":"standard","meta":{"footnotes":""},"categories":[3],"tags":[20862],"class_list":["post-169392","post","type-post","status-publish","format-standard","has-post-thumbnail","hentry","category-sociedad","tag-fiesta-nacional-del-salame-quintero"],"yoast_head":"<!-- This site is optimized with the Yoast SEO plugin v27.4 - https:\/\/yoast.com\/product\/yoast-seo-wordpress\/ -->\n<title>&quot;Son un ejemplo de unidad&quot;, le dijo Ustarroz a los productores<\/title>\n<meta name=\"description\" content=\"Hubo reconocimiento y emoci\u00f3n en la apertura de la Fiesta Nacional del Salame. El intendente Juan Ignacio Ustarroz fue acompa\u00f1ado por diversas autoridades, incluyendo al senador Eduardo de Pedro y las diputadas nacionales Vanesa Siley y Sabrina Selva.\" \/>\n<meta name=\"robots\" content=\"index, follow, max-snippet:-1, max-image-preview:large, max-video-preview:-1\" \/>\n<link rel=\"canonical\" href=\"https:\/\/noticiasmercedinas.com\/site\/2025\/09\/13\/son-un-ejemplo-de-unidad-le-dijo-ustarroz-a-los-productores\/\" \/>\n<meta property=\"og:locale\" content=\"es_ES\" \/>\n<meta property=\"og:type\" content=\"article\" \/>\n<meta property=\"og:title\" content=\"&quot;Son un ejemplo de unidad&quot;, le dijo Ustarroz a los productores\" \/>\n<meta property=\"og:description\" content=\"Hubo reconocimiento y emoci\u00f3n en la apertura de la Fiesta Nacional del Salame. El intendente Juan Ignacio Ustarroz fue acompa\u00f1ado por diversas autoridades, incluyendo al senador Eduardo de Pedro y las diputadas nacionales Vanesa Siley y Sabrina Selva.\" \/>\n<meta property=\"og:url\" content=\"https:\/\/noticiasmercedinas.com\/site\/2025\/09\/13\/son-un-ejemplo-de-unidad-le-dijo-ustarroz-a-los-productores\/\" \/>\n<meta property=\"og:site_name\" content=\"NOTICIASMERCEDINAS.COM\" \/>\n<meta property=\"article:publisher\" content=\"https:\/\/www.facebook.com\/noticiasmercedinas\/\" \/>\n<meta property=\"article:published_time\" content=\"2025-09-13T20:41:18+00:00\" \/>\n<meta property=\"article:modified_time\" content=\"2025-09-14T00:31:03+00:00\" \/>\n<meta property=\"og:image\" content=\"https:\/\/noticiasmercedinas.com\/site\/wp-content\/uploads\/2025\/09\/DSC02595.jpg\" \/>\n\t<meta property=\"og:image:width\" content=\"1561\" \/>\n\t<meta property=\"og:image:height\" content=\"879\" \/>\n\t<meta property=\"og:image:type\" content=\"image\/jpeg\" \/>\n<meta name=\"author\" content=\"NOTICIASMERCEDINAS.COM\" \/>\n<meta name=\"twitter:card\" content=\"summary_large_image\" \/>\n<meta name=\"twitter:creator\" content=\"@notmercedinas\" \/>\n<meta name=\"twitter:site\" content=\"@notmercedinas\" \/>\n<meta name=\"twitter:label1\" content=\"Escrito por\" \/>\n\t<meta name=\"twitter:data1\" content=\"NOTICIASMERCEDINAS.COM\" \/>\n\t<meta name=\"twitter:label2\" content=\"Tiempo de lectura\" \/>\n\t<meta name=\"twitter:data2\" content=\"3 minutos\" \/>\n<script type=\"application\/ld+json\" class=\"yoast-schema-graph\">{\"@context\":\"https:\\\/\\\/schema.org\",\"@graph\":[{\"@type\":\"Article\",\"@id\":\"https:\\\/\\\/noticiasmercedinas.com\\\/site\\\/2025\\\/09\\\/13\\\/son-un-ejemplo-de-unidad-le-dijo-ustarroz-a-los-productores\\\/#article\",\"isPartOf\":{\"@id\":\"https:\\\/\\\/noticiasmercedinas.com\\\/site\\\/2025\\\/09\\\/13\\\/son-un-ejemplo-de-unidad-le-dijo-ustarroz-a-los-productores\\\/\"},\"author\":{\"name\":\"NOTICIASMERCEDINAS.COM\",\"@id\":\"https:\\\/\\\/noticiasmercedinas.com\\\/site\\\/#\\\/schema\\\/person\\\/84b59c099c28ff2e8b77d4ceec5d8063\"},\"headline\":\"\u00abSon un ejemplo de unidad\u00bb, le dijo Ustarroz a los productores\",\"datePublished\":\"2025-09-13T20:41:18+00:00\",\"dateModified\":\"2025-09-14T00:31:03+00:00\",\"mainEntityOfPage\":{\"@id\":\"https:\\\/\\\/noticiasmercedinas.com\\\/site\\\/2025\\\/09\\\/13\\\/son-un-ejemplo-de-unidad-le-dijo-ustarroz-a-los-productores\\\/\"},\"wordCount\":322,\"publisher\":{\"@id\":\"https:\\\/\\\/noticiasmercedinas.com\\\/site\\\/#organization\"},\"image\":{\"@id\":\"https:\\\/\\\/noticiasmercedinas.com\\\/site\\\/2025\\\/09\\\/13\\\/son-un-ejemplo-de-unidad-le-dijo-ustarroz-a-los-productores\\\/#primaryimage\"},\"thumbnailUrl\":\"https:\\\/\\\/noticiasmercedinas.com\\\/site\\\/wp-content\\\/uploads\\\/2025\\\/09\\\/DSC02595.jpg\",\"keywords\":[\"fiesta nacional del salame quintero\"],\"articleSection\":[\"Sociedad\"],\"inLanguage\":\"es\"},{\"@type\":\"WebPage\",\"@id\":\"https:\\\/\\\/noticiasmercedinas.com\\\/site\\\/2025\\\/09\\\/13\\\/son-un-ejemplo-de-unidad-le-dijo-ustarroz-a-los-productores\\\/\",\"url\":\"https:\\\/\\\/noticiasmercedinas.com\\\/site\\\/2025\\\/09\\\/13\\\/son-un-ejemplo-de-unidad-le-dijo-ustarroz-a-los-productores\\\/\",\"name\":\"\\\"Son un ejemplo de unidad\\\", le dijo Ustarroz a los productores\",\"isPartOf\":{\"@id\":\"https:\\\/\\\/noticiasmercedinas.com\\\/site\\\/#website\"},\"primaryImageOfPage\":{\"@id\":\"https:\\\/\\\/noticiasmercedinas.com\\\/site\\\/2025\\\/09\\\/13\\\/son-un-ejemplo-de-unidad-le-dijo-ustarroz-a-los-productores\\\/#primaryimage\"},\"image\":{\"@id\":\"https:\\\/\\\/noticiasmercedinas.com\\\/site\\\/2025\\\/09\\\/13\\\/son-un-ejemplo-de-unidad-le-dijo-ustarroz-a-los-productores\\\/#primaryimage\"},\"thumbnailUrl\":\"https:\\\/\\\/noticiasmercedinas.com\\\/site\\\/wp-content\\\/uploads\\\/2025\\\/09\\\/DSC02595.jpg\",\"datePublished\":\"2025-09-13T20:41:18+00:00\",\"dateModified\":\"2025-09-14T00:31:03+00:00\",\"description\":\"Hubo reconocimiento y emoci\u00f3n en la apertura de la Fiesta Nacional del Salame. El intendente Juan Ignacio Ustarroz fue acompa\u00f1ado por diversas autoridades, incluyendo al senador Eduardo de Pedro y las diputadas nacionales Vanesa Siley y Sabrina Selva.\",\"breadcrumb\":{\"@id\":\"https:\\\/\\\/noticiasmercedinas.com\\\/site\\\/2025\\\/09\\\/13\\\/son-un-ejemplo-de-unidad-le-dijo-ustarroz-a-los-productores\\\/#breadcrumb\"},\"inLanguage\":\"es\",\"potentialAction\":[{\"@type\":\"ReadAction\",\"target\":[\"https:\\\/\\\/noticiasmercedinas.com\\\/site\\\/2025\\\/09\\\/13\\\/son-un-ejemplo-de-unidad-le-dijo-ustarroz-a-los-productores\\\/\"]}]},{\"@type\":\"ImageObject\",\"inLanguage\":\"es\",\"@id\":\"https:\\\/\\\/noticiasmercedinas.com\\\/site\\\/2025\\\/09\\\/13\\\/son-un-ejemplo-de-unidad-le-dijo-ustarroz-a-los-productores\\\/#primaryimage\",\"url\":\"https:\\\/\\\/noticiasmercedinas.com\\\/site\\\/wp-content\\\/uploads\\\/2025\\\/09\\\/DSC02595.jpg\",\"contentUrl\":\"https:\\\/\\\/noticiasmercedinas.com\\\/site\\\/wp-content\\\/uploads\\\/2025\\\/09\\\/DSC02595.jpg\",\"width\":1561,\"height\":879},{\"@type\":\"BreadcrumbList\",\"@id\":\"https:\\\/\\\/noticiasmercedinas.com\\\/site\\\/2025\\\/09\\\/13\\\/son-un-ejemplo-de-unidad-le-dijo-ustarroz-a-los-productores\\\/#breadcrumb\",\"itemListElement\":[{\"@type\":\"ListItem\",\"position\":1,\"name\":\"Portada\",\"item\":\"https:\\\/\\\/noticiasmercedinas.com\\\/site\\\/\"},{\"@type\":\"ListItem\",\"position\":2,\"name\":\"\u00abSon un ejemplo de unidad\u00bb, le dijo Ustarroz a los productores\"}]},{\"@type\":\"WebSite\",\"@id\":\"https:\\\/\\\/noticiasmercedinas.com\\\/site\\\/#website\",\"url\":\"https:\\\/\\\/noticiasmercedinas.com\\\/site\\\/\",\"name\":\"NOTICIASMERCEDINAS.COM\",\"description\":\"Mercedes, Buenos Aires, Argentina\",\"publisher\":{\"@id\":\"https:\\\/\\\/noticiasmercedinas.com\\\/site\\\/#organization\"},\"potentialAction\":[{\"@type\":\"SearchAction\",\"target\":{\"@type\":\"EntryPoint\",\"urlTemplate\":\"https:\\\/\\\/noticiasmercedinas.com\\\/site\\\/?s={search_term_string}\"},\"query-input\":{\"@type\":\"PropertyValueSpecification\",\"valueRequired\":true,\"valueName\":\"search_term_string\"}}],\"inLanguage\":\"es\"},{\"@type\":\"Organization\",\"@id\":\"https:\\\/\\\/noticiasmercedinas.com\\\/site\\\/#organization\",\"name\":\"NOTICIASMERCEDINAS.COM\",\"url\":\"https:\\\/\\\/noticiasmercedinas.com\\\/site\\\/\",\"logo\":{\"@type\":\"ImageObject\",\"inLanguage\":\"es\",\"@id\":\"https:\\\/\\\/noticiasmercedinas.com\\\/site\\\/#\\\/schema\\\/logo\\\/image\\\/\",\"url\":\"https:\\\/\\\/noticiasmercedinas.com\\\/site\\\/wp-content\\\/uploads\\\/2020\\\/06\\\/LOGO-512.jpg\",\"contentUrl\":\"https:\\\/\\\/noticiasmercedinas.com\\\/site\\\/wp-content\\\/uploads\\\/2020\\\/06\\\/LOGO-512.jpg\",\"width\":512,\"height\":512,\"caption\":\"NOTICIASMERCEDINAS.COM\"},\"image\":{\"@id\":\"https:\\\/\\\/noticiasmercedinas.com\\\/site\\\/#\\\/schema\\\/logo\\\/image\\\/\"},\"sameAs\":[\"https:\\\/\\\/www.facebook.com\\\/noticiasmercedinas\\\/\",\"https:\\\/\\\/x.com\\\/notmercedinas\",\"https:\\\/\\\/www.instagram.com\\\/noticiasmercedinas\\\/\"]},{\"@type\":\"Person\",\"@id\":\"https:\\\/\\\/noticiasmercedinas.com\\\/site\\\/#\\\/schema\\\/person\\\/84b59c099c28ff2e8b77d4ceec5d8063\",\"name\":\"NOTICIASMERCEDINAS.COM\",\"image\":{\"@type\":\"ImageObject\",\"inLanguage\":\"es\",\"@id\":\"https:\\\/\\\/secure.gravatar.com\\\/avatar\\\/4dfbf16b4d17945bfb6341b2d19043457132fcf478a5ee04f42e959fd8f5df0a?s=96&d=mm&r=g\",\"url\":\"https:\\\/\\\/secure.gravatar.com\\\/avatar\\\/4dfbf16b4d17945bfb6341b2d19043457132fcf478a5ee04f42e959fd8f5df0a?s=96&d=mm&r=g\",\"contentUrl\":\"https:\\\/\\\/secure.gravatar.com\\\/avatar\\\/4dfbf16b4d17945bfb6341b2d19043457132fcf478a5ee04f42e959fd8f5df0a?s=96&d=mm&r=g\",\"caption\":\"NOTICIASMERCEDINAS.COM\"},\"url\":\"https:\\\/\\\/noticiasmercedinas.com\\\/site\\\/author\\\/anonimo\\\/\"}]}<\/script>\n<!-- \/ Yoast SEO plugin. -->","yoast_head_json":{"title":"\"Son un ejemplo de unidad\", le dijo Ustarroz a los productores","description":"Hubo reconocimiento y emoci\u00f3n en la apertura de la Fiesta Nacional del Salame. El intendente Juan Ignacio Ustarroz fue acompa\u00f1ado por diversas autoridades, incluyendo al senador Eduardo de Pedro y las diputadas nacionales Vanesa Siley y Sabrina Selva.","robots":{"index":"index","follow":"follow","max-snippet":"max-snippet:-1","max-image-preview":"max-image-preview:large","max-video-preview":"max-video-preview:-1"},"canonical":"https:\/\/noticiasmercedinas.com\/site\/2025\/09\/13\/son-un-ejemplo-de-unidad-le-dijo-ustarroz-a-los-productores\/","og_locale":"es_ES","og_type":"article","og_title":"\"Son un ejemplo de unidad\", le dijo Ustarroz a los productores","og_description":"Hubo reconocimiento y emoci\u00f3n en la apertura de la Fiesta Nacional del Salame. El intendente Juan Ignacio Ustarroz fue acompa\u00f1ado por diversas autoridades, incluyendo al senador Eduardo de Pedro y las diputadas nacionales Vanesa Siley y Sabrina Selva.","og_url":"https:\/\/noticiasmercedinas.com\/site\/2025\/09\/13\/son-un-ejemplo-de-unidad-le-dijo-ustarroz-a-los-productores\/","og_site_name":"NOTICIASMERCEDINAS.COM","article_publisher":"https:\/\/www.facebook.com\/noticiasmercedinas\/","article_published_time":"2025-09-13T20:41:18+00:00","article_modified_time":"2025-09-14T00:31:03+00:00","og_image":[{"width":1561,"height":879,"url":"https:\/\/noticiasmercedinas.com\/site\/wp-content\/uploads\/2025\/09\/DSC02595.jpg","type":"image\/jpeg"}],"author":"NOTICIASMERCEDINAS.COM","twitter_card":"summary_large_image","twitter_creator":"@notmercedinas","twitter_site":"@notmercedinas","twitter_misc":{"Escrito por":"NOTICIASMERCEDINAS.COM","Tiempo de lectura":"3 minutos"},"schema":{"@context":"https:\/\/schema.org","@graph":[{"@type":"Article","@id":"https:\/\/noticiasmercedinas.com\/site\/2025\/09\/13\/son-un-ejemplo-de-unidad-le-dijo-ustarroz-a-los-productores\/#article","isPartOf":{"@id":"https:\/\/noticiasmercedinas.com\/site\/2025\/09\/13\/son-un-ejemplo-de-unidad-le-dijo-ustarroz-a-los-productores\/"},"author":{"name":"NOTICIASMERCEDINAS.COM","@id":"https:\/\/noticiasmercedinas.com\/site\/#\/schema\/person\/84b59c099c28ff2e8b77d4ceec5d8063"},"headline":"\u00abSon un ejemplo de unidad\u00bb, le dijo Ustarroz a los productores","datePublished":"2025-09-13T20:41:18+00:00","dateModified":"2025-09-14T00:31:03+00:00","mainEntityOfPage":{"@id":"https:\/\/noticiasmercedinas.com\/site\/2025\/09\/13\/son-un-ejemplo-de-unidad-le-dijo-ustarroz-a-los-productores\/"},"wordCount":322,"publisher":{"@id":"https:\/\/noticiasmercedinas.com\/site\/#organization"},"image":{"@id":"https:\/\/noticiasmercedinas.com\/site\/2025\/09\/13\/son-un-ejemplo-de-unidad-le-dijo-ustarroz-a-los-productores\/#primaryimage"},"thumbnailUrl":"https:\/\/noticiasmercedinas.com\/site\/wp-content\/uploads\/2025\/09\/DSC02595.jpg","keywords":["fiesta nacional del salame quintero"],"articleSection":["Sociedad"],"inLanguage":"es"},{"@type":"WebPage","@id":"https:\/\/noticiasmercedinas.com\/site\/2025\/09\/13\/son-un-ejemplo-de-unidad-le-dijo-ustarroz-a-los-productores\/","url":"https:\/\/noticiasmercedinas.com\/site\/2025\/09\/13\/son-un-ejemplo-de-unidad-le-dijo-ustarroz-a-los-productores\/","name":"\"Son un ejemplo de unidad\", le dijo Ustarroz a los productores","isPartOf":{"@id":"https:\/\/noticiasmercedinas.com\/site\/#website"},"primaryImageOfPage":{"@id":"https:\/\/noticiasmercedinas.com\/site\/2025\/09\/13\/son-un-ejemplo-de-unidad-le-dijo-ustarroz-a-los-productores\/#primaryimage"},"image":{"@id":"https:\/\/noticiasmercedinas.com\/site\/2025\/09\/13\/son-un-ejemplo-de-unidad-le-dijo-ustarroz-a-los-productores\/#primaryimage"},"thumbnailUrl":"https:\/\/noticiasmercedinas.com\/site\/wp-content\/uploads\/2025\/09\/DSC02595.jpg","datePublished":"2025-09-13T20:41:18+00:00","dateModified":"2025-09-14T00:31:03+00:00","description":"Hubo reconocimiento y emoci\u00f3n en la apertura de la Fiesta Nacional del Salame. El intendente Juan Ignacio Ustarroz fue acompa\u00f1ado por diversas autoridades, incluyendo al senador Eduardo de Pedro y las diputadas nacionales Vanesa Siley y Sabrina Selva.","breadcrumb":{"@id":"https:\/\/noticiasmercedinas.com\/site\/2025\/09\/13\/son-un-ejemplo-de-unidad-le-dijo-ustarroz-a-los-productores\/#breadcrumb"},"inLanguage":"es","potentialAction":[{"@type":"ReadAction","target":["https:\/\/noticiasmercedinas.com\/site\/2025\/09\/13\/son-un-ejemplo-de-unidad-le-dijo-ustarroz-a-los-productores\/"]}]},{"@type":"ImageObject","inLanguage":"es","@id":"https:\/\/noticiasmercedinas.com\/site\/2025\/09\/13\/son-un-ejemplo-de-unidad-le-dijo-ustarroz-a-los-productores\/#primaryimage","url":"https:\/\/noticiasmercedinas.com\/site\/wp-content\/uploads\/2025\/09\/DSC02595.jpg","contentUrl":"https:\/\/noticiasmercedinas.com\/site\/wp-content\/uploads\/2025\/09\/DSC02595.jpg","width":1561,"height":879},{"@type":"BreadcrumbList","@id":"https:\/\/noticiasmercedinas.com\/site\/2025\/09\/13\/son-un-ejemplo-de-unidad-le-dijo-ustarroz-a-los-productores\/#breadcrumb","itemListElement":[{"@type":"ListItem","position":1,"name":"Portada","item":"https:\/\/noticiasmercedinas.com\/site\/"},{"@type":"ListItem","position":2,"name":"\u00abSon un ejemplo de unidad\u00bb, le dijo Ustarroz a los productores"}]},{"@type":"WebSite","@id":"https:\/\/noticiasmercedinas.com\/site\/#website","url":"https:\/\/noticiasmercedinas.com\/site\/","name":"NOTICIASMERCEDINAS.COM","description":"Mercedes, Buenos Aires, Argentina","publisher":{"@id":"https:\/\/noticiasmercedinas.com\/site\/#organization"},"potentialAction":[{"@type":"SearchAction","target":{"@type":"EntryPoint","urlTemplate":"https:\/\/noticiasmercedinas.com\/site\/?s={search_term_string}"},"query-input":{"@type":"PropertyValueSpecification","valueRequired":true,"valueName":"search_term_string"}}],"inLanguage":"es"},{"@type":"Organization","@id":"https:\/\/noticiasmercedinas.com\/site\/#organization","name":"NOTICIASMERCEDINAS.COM","url":"https:\/\/noticiasmercedinas.com\/site\/","logo":{"@type":"ImageObject","inLanguage":"es","@id":"https:\/\/noticiasmercedinas.com\/site\/#\/schema\/logo\/image\/","url":"https:\/\/noticiasmercedinas.com\/site\/wp-content\/uploads\/2020\/06\/LOGO-512.jpg","contentUrl":"https:\/\/noticiasmercedinas.com\/site\/wp-content\/uploads\/2020\/06\/LOGO-512.jpg","width":512,"height":512,"caption":"NOTICIASMERCEDINAS.COM"},"image":{"@id":"https:\/\/noticiasmercedinas.com\/site\/#\/schema\/logo\/image\/"},"sameAs":["https:\/\/www.facebook.com\/noticiasmercedinas\/","https:\/\/x.com\/notmercedinas","https:\/\/www.instagram.com\/noticiasmercedinas\/"]},{"@type":"Person","@id":"https:\/\/noticiasmercedinas.com\/site\/#\/schema\/person\/84b59c099c28ff2e8b77d4ceec5d8063","name":"NOTICIASMERCEDINAS.COM","image":{"@type":"ImageObject","inLanguage":"es","@id":"https:\/\/secure.gravatar.com\/avatar\/4dfbf16b4d17945bfb6341b2d19043457132fcf478a5ee04f42e959fd8f5df0a?s=96&d=mm&r=g","url":"https:\/\/secure.gravatar.com\/avatar\/4dfbf16b4d17945bfb6341b2d19043457132fcf478a5ee04f42e959fd8f5df0a?s=96&d=mm&r=g","contentUrl":"https:\/\/secure.gravatar.com\/avatar\/4dfbf16b4d17945bfb6341b2d19043457132fcf478a5ee04f42e959fd8f5df0a?s=96&d=mm&r=g","caption":"NOTICIASMERCEDINAS.COM"},"url":"https:\/\/noticiasmercedinas.com\/site\/author\/anonimo\/"}]}},"amp_enabled":true,"_links":{"self":[{"href":"https:\/\/noticiasmercedinas.com\/site\/wp-json\/wp\/v2\/posts\/169392","targetHints":{"allow":["GET"]}}],"collection":[{"href":"https:\/\/noticiasmercedinas.com\/site\/wp-json\/wp\/v2\/posts"}],"about":[{"href":"https:\/\/noticiasmercedinas.com\/site\/wp-json\/wp\/v2\/types\/post"}],"author":[{"embeddable":true,"href":"https:\/\/noticiasmercedinas.com\/site\/wp-json\/wp\/v2\/users\/16"}],"replies":[{"embeddable":true,"href":"https:\/\/noticiasmercedinas.com\/site\/wp-json\/wp\/v2\/comments?post=169392"}],"version-history":[{"count":4,"href":"https:\/\/noticiasmercedinas.com\/site\/wp-json\/wp\/v2\/posts\/169392\/revisions"}],"predecessor-version":[{"id":169411,"href":"https:\/\/noticiasmercedinas.com\/site\/wp-json\/wp\/v2\/posts\/169392\/revisions\/169411"}],"wp:featuredmedia":[{"embeddable":true,"href":"https:\/\/noticiasmercedinas.com\/site\/wp-json\/wp\/v2\/media\/169393"}],"wp:attachment":[{"href":"https:\/\/noticiasmercedinas.com\/site\/wp-json\/wp\/v2\/media?parent=169392"}],"wp:term":[{"taxonomy":"category","embeddable":true,"href":"https:\/\/noticiasmercedinas.com\/site\/wp-json\/wp\/v2\/categories?post=169392"},{"taxonomy":"post_tag","embeddable":true,"href":"https:\/\/noticiasmercedinas.com\/site\/wp-json\/wp\/v2\/tags?post=169392"}],"curies":[{"name":"wp","href":"https:\/\/api.w.org\/{rel}","templated":true}]}}