{"id":169413,"date":"2025-09-13T21:41:26","date_gmt":"2025-09-14T00:41:26","guid":{"rendered":"https:\/\/noticiasmercedinas.com\/site\/?p=169413"},"modified":"2025-09-13T21:41:26","modified_gmt":"2025-09-14T00:41:26","slug":"amanda-el-corazon-de-el-mercedino-la-fiesta-es-hoy-muy-productiva-hay-trabajo-para-todos","status":"publish","type":"post","link":"https:\/\/noticiasmercedinas.com\/site\/2025\/09\/13\/amanda-el-corazon-de-el-mercedino-la-fiesta-es-hoy-muy-productiva-hay-trabajo-para-todos\/","title":{"rendered":"Amanda, el coraz\u00f3n de El Mercedino: \u00abLa fiesta es hoy muy productiva, hay trabajo para todos\u00bb"},"content":{"rendered":"<p><img loading=\"lazy\" decoding=\"async\" class=\"alignnone size-full wp-image-169414\" src=\"https:\/\/noticiasmercedinas.com\/site\/wp-content\/uploads\/2025\/09\/AMANDA.jpg\" alt=\"\" width=\"1280\" height=\"720\" srcset=\"https:\/\/noticiasmercedinas.com\/site\/wp-content\/uploads\/2025\/09\/AMANDA.jpg 1280w, https:\/\/noticiasmercedinas.com\/site\/wp-content\/uploads\/2025\/09\/AMANDA-300x169.jpg 300w, https:\/\/noticiasmercedinas.com\/site\/wp-content\/uploads\/2025\/09\/AMANDA-1024x576.jpg 1024w, https:\/\/noticiasmercedinas.com\/site\/wp-content\/uploads\/2025\/09\/AMANDA-768x432.jpg 768w, https:\/\/noticiasmercedinas.com\/site\/wp-content\/uploads\/2025\/09\/AMANDA-640x360.jpg 640w, https:\/\/noticiasmercedinas.com\/site\/wp-content\/uploads\/2025\/09\/AMANDA-681x383.jpg 681w\" sizes=\"auto, (max-width: 1280px) 100vw, 1280px\" \/><\/p>\n<p>A lo largo de la historia de la <b>Fiesta Nacional del Salame Quintero<\/b>, una de las figuras m\u00e1s emblem\u00e1ticas ha sido <b>Juan Carlos Berro<\/b>, un pilar en la tradici\u00f3n de este producto. En la 50\u00aa edici\u00f3n de la fiesta, su legado contin\u00faa vivo a trav\u00e9s de su esposa, <b>Amanda<\/b>, y la familia, que llevan adelante la firma <b>Chacinados El Mercedino<\/b>. Desde su stand en la carpa de productores, este s\u00e1bado Amanda dijo que se preparan para una jornada de cierre el domingo que se espera multitudinaria en el Parque Municipal.<\/p>\n<p>\u00abHemos trabajado mucho\u00bb, asegura Amanda, refiri\u00e9ndose a la producci\u00f3n para este evento tan especial. Con orgullo, cuenta que su familia se encamina hacia la cuarta generaci\u00f3n en el rubro, un legado que comenz\u00f3 con sus abuelos, <b>Edelfor Nicol\u00e1s<\/b> y <b>Esther T\u00e1rtaro<\/b>, en 1969.<\/p>\n<blockquote><p>M\u00e1s all\u00e1 de su propio negocio, Amanda valora el impacto de la fiesta en la econom\u00eda local. \u00abEsta fiesta es hoy muy productiva, hay trabajo para todos\u00bb, afirma<\/p><\/blockquote>\n<p>Juan Carlos, que de joven dej\u00f3 la secundaria, se sum\u00f3 al emprendimiento familiar, que en un principio era una carnicer\u00eda. \u00abCarneaban su propio cerdo en la quinta\u00bb, recuerda Amanda, y cuenta que con el tiempo la empresa se especializ\u00f3 en chacinados.<\/p>\n<p>Para Amanda, el salame quintero es la \u00abvedette de la fiesta\u00bb, un producto \u00abmuy buscado por toda la provincia y por la gente de CABA\u00bb. La clave de su calidad reside en la receta familiar y en el proceso artesanal.<\/p>\n<p>\u00abEl salame lleva unos 50 o 60 d\u00edas de secado\u00bb, explica, y revela su composici\u00f3n: \u00abEs 70, 30: 70 de carne porcina y 30 de carne vacuna, lleva los condimentos y pimienta en grano\u00bb.<\/p>\n<p><img loading=\"lazy\" decoding=\"async\" class=\"alignnone size-full wp-image-169415\" src=\"https:\/\/noticiasmercedinas.com\/site\/wp-content\/uploads\/2025\/09\/bf8b89a8-bb2c-423f-b1eb-8dde142ba3b9.jpg\" alt=\"\" width=\"1600\" height=\"1204\" srcset=\"https:\/\/noticiasmercedinas.com\/site\/wp-content\/uploads\/2025\/09\/bf8b89a8-bb2c-423f-b1eb-8dde142ba3b9.jpg 1600w, https:\/\/noticiasmercedinas.com\/site\/wp-content\/uploads\/2025\/09\/bf8b89a8-bb2c-423f-b1eb-8dde142ba3b9-300x226.jpg 300w, https:\/\/noticiasmercedinas.com\/site\/wp-content\/uploads\/2025\/09\/bf8b89a8-bb2c-423f-b1eb-8dde142ba3b9-1024x771.jpg 1024w, https:\/\/noticiasmercedinas.com\/site\/wp-content\/uploads\/2025\/09\/bf8b89a8-bb2c-423f-b1eb-8dde142ba3b9-768x578.jpg 768w, https:\/\/noticiasmercedinas.com\/site\/wp-content\/uploads\/2025\/09\/bf8b89a8-bb2c-423f-b1eb-8dde142ba3b9-1536x1156.jpg 1536w, https:\/\/noticiasmercedinas.com\/site\/wp-content\/uploads\/2025\/09\/bf8b89a8-bb2c-423f-b1eb-8dde142ba3b9-80x60.jpg 80w, https:\/\/noticiasmercedinas.com\/site\/wp-content\/uploads\/2025\/09\/bf8b89a8-bb2c-423f-b1eb-8dde142ba3b9-160x120.jpg 160w, https:\/\/noticiasmercedinas.com\/site\/wp-content\/uploads\/2025\/09\/bf8b89a8-bb2c-423f-b1eb-8dde142ba3b9-100x75.jpg 100w, https:\/\/noticiasmercedinas.com\/site\/wp-content\/uploads\/2025\/09\/bf8b89a8-bb2c-423f-b1eb-8dde142ba3b9-200x150.jpg 200w, https:\/\/noticiasmercedinas.com\/site\/wp-content\/uploads\/2025\/09\/bf8b89a8-bb2c-423f-b1eb-8dde142ba3b9-180x135.jpg 180w, https:\/\/noticiasmercedinas.com\/site\/wp-content\/uploads\/2025\/09\/bf8b89a8-bb2c-423f-b1eb-8dde142ba3b9-360x270.jpg 360w, https:\/\/noticiasmercedinas.com\/site\/wp-content\/uploads\/2025\/09\/bf8b89a8-bb2c-423f-b1eb-8dde142ba3b9-238x178.jpg 238w, https:\/\/noticiasmercedinas.com\/site\/wp-content\/uploads\/2025\/09\/bf8b89a8-bb2c-423f-b1eb-8dde142ba3b9-640x482.jpg 640w, https:\/\/noticiasmercedinas.com\/site\/wp-content\/uploads\/2025\/09\/bf8b89a8-bb2c-423f-b1eb-8dde142ba3b9-1280x963.jpg 1280w, https:\/\/noticiasmercedinas.com\/site\/wp-content\/uploads\/2025\/09\/bf8b89a8-bb2c-423f-b1eb-8dde142ba3b9-681x512.jpg 681w, https:\/\/noticiasmercedinas.com\/site\/wp-content\/uploads\/2025\/09\/bf8b89a8-bb2c-423f-b1eb-8dde142ba3b9-1362x1025.jpg 1362w\" sizes=\"auto, (max-width: 1600px) 100vw, 1600px\" \/><\/p>\n<p>Un detalle que no se negocia es el corte. \u00abSe corta seseado a 45 grados para que se pueda apreciar bien la pimienta y el tocino\u00bb, explica.<\/p>\n<p>La propuesta de El Mercedino es variada y abundante, tanto para consumir en el predio como para llevar. \u00abHay s\u00e1ndwich, picadas chicas, picadas grandes que llevan jam\u00f3n, salame y queso\u00bb, detalla. Adem\u00e1s del salame quintero, ofrecen chorizo seco, longaniza, bondiola, lomitos de cerdo, jam\u00f3n y morcilla, una amplia oferta para complacer a todos los paladares.<\/p>\n<p>M\u00e1s all\u00e1 de su propio negocio, Amanda valora el impacto de la fiesta en la econom\u00eda local. \u00abEsta fiesta es hoy muy productiva, hay trabajo para todos\u00bb, afirma. No solo para los productores de salame y cerveza, sino para \u00abtodo\u00bb el comercio local. La afluencia de miles de turistas genera una fuente de trabajo que se refleja en todos los rubros de la ciudad.<\/p>\n<p>El \u00e9xito de la firma durante la fiesta es tal que, en los momentos de mayor afluencia, \u00abtenemos m\u00e1s de 25 personas trabajando para vender\u00bb, revela Amanda. La expectativa es recibir a \u00abmucha audiencia de Mercedes, de nuestra ciudad, y tambi\u00e9n p\u00fablico que viene de afuera\u00bb, demostrando que la tradici\u00f3n del salame quintero es un im\u00e1n que atrae a visitantes de todas partes.<\/p>\n","protected":false},"excerpt":{"rendered":"<p>\u25a0\u00a0La viuda y sucesora de Juan Carlos Berro se prepara para la edici\u00f3n 50 de la Fiesta Nacional del Salame, manteniendo vivo el legado de su familia en la elaboraci\u00f3n artesanal de chacinados.<\/p>\n","protected":false},"author":16,"featured_media":169414,"comment_status":"closed","ping_status":"closed","sticky":false,"template":"","format":"standard","meta":{"footnotes":""},"categories":[74,20734],"tags":[3429,20862],"class_list":["post-169413","post","type-post","status-publish","format-standard","has-post-thumbnail","hentry","category-emprendimientos","category-ultimo-momento","tag-el-mercedino","tag-fiesta-nacional-del-salame-quintero"],"yoast_head":"<!-- This site is optimized with the Yoast SEO plugin v27.4 - https:\/\/yoast.com\/product\/yoast-seo-wordpress\/ -->\n<title>Amanda, el coraz\u00f3n de El Mercedino: &quot;La fiesta es hoy muy productiva, hay trabajo para todos&quot;<\/title>\n<meta name=\"description\" content=\"\u25a0\u00a0La viuda y sucesora de Juan Carlos Berro se prepara para la edici\u00f3n 50 de la Fiesta Nacional del Salame, manteniendo vivo el legado de su familia en la elaboraci\u00f3n artesanal de chacinados.\" \/>\n<meta name=\"robots\" content=\"index, follow, max-snippet:-1, max-image-preview:large, max-video-preview:-1\" \/>\n<link rel=\"canonical\" href=\"https:\/\/noticiasmercedinas.com\/site\/2025\/09\/13\/amanda-el-corazon-de-el-mercedino-la-fiesta-es-hoy-muy-productiva-hay-trabajo-para-todos\/\" \/>\n<meta property=\"og:locale\" content=\"es_ES\" \/>\n<meta property=\"og:type\" content=\"article\" \/>\n<meta property=\"og:title\" content=\"Amanda, el coraz\u00f3n de El Mercedino: &quot;La fiesta es hoy muy productiva, hay trabajo para todos&quot;\" \/>\n<meta property=\"og:description\" content=\"\u25a0\u00a0La viuda y sucesora de Juan Carlos Berro se prepara para la edici\u00f3n 50 de la Fiesta Nacional del Salame, manteniendo vivo el legado de su familia en la elaboraci\u00f3n artesanal de chacinados.\" \/>\n<meta property=\"og:url\" content=\"https:\/\/noticiasmercedinas.com\/site\/2025\/09\/13\/amanda-el-corazon-de-el-mercedino-la-fiesta-es-hoy-muy-productiva-hay-trabajo-para-todos\/\" \/>\n<meta property=\"og:site_name\" content=\"NOTICIASMERCEDINAS.COM\" \/>\n<meta property=\"article:publisher\" content=\"https:\/\/www.facebook.com\/noticiasmercedinas\/\" \/>\n<meta property=\"article:published_time\" content=\"2025-09-14T00:41:26+00:00\" \/>\n<meta property=\"og:image\" content=\"https:\/\/noticiasmercedinas.com\/site\/wp-content\/uploads\/2025\/09\/AMANDA.jpg\" \/>\n\t<meta property=\"og:image:width\" content=\"1280\" \/>\n\t<meta property=\"og:image:height\" content=\"720\" \/>\n\t<meta property=\"og:image:type\" content=\"image\/jpeg\" \/>\n<meta name=\"author\" content=\"NOTICIASMERCEDINAS.COM\" \/>\n<meta name=\"twitter:card\" content=\"summary_large_image\" \/>\n<meta name=\"twitter:creator\" content=\"@notmercedinas\" \/>\n<meta name=\"twitter:site\" content=\"@notmercedinas\" \/>\n<meta name=\"twitter:label1\" content=\"Escrito por\" \/>\n\t<meta name=\"twitter:data1\" content=\"NOTICIASMERCEDINAS.COM\" \/>\n\t<meta name=\"twitter:label2\" content=\"Tiempo de lectura\" \/>\n\t<meta name=\"twitter:data2\" content=\"3 minutos\" \/>\n<script type=\"application\/ld+json\" class=\"yoast-schema-graph\">{\"@context\":\"https:\\\/\\\/schema.org\",\"@graph\":[{\"@type\":\"Article\",\"@id\":\"https:\\\/\\\/noticiasmercedinas.com\\\/site\\\/2025\\\/09\\\/13\\\/amanda-el-corazon-de-el-mercedino-la-fiesta-es-hoy-muy-productiva-hay-trabajo-para-todos\\\/#article\",\"isPartOf\":{\"@id\":\"https:\\\/\\\/noticiasmercedinas.com\\\/site\\\/2025\\\/09\\\/13\\\/amanda-el-corazon-de-el-mercedino-la-fiesta-es-hoy-muy-productiva-hay-trabajo-para-todos\\\/\"},\"author\":{\"name\":\"NOTICIASMERCEDINAS.COM\",\"@id\":\"https:\\\/\\\/noticiasmercedinas.com\\\/site\\\/#\\\/schema\\\/person\\\/84b59c099c28ff2e8b77d4ceec5d8063\"},\"headline\":\"Amanda, el coraz\u00f3n de El Mercedino: \u00abLa fiesta es hoy muy productiva, hay trabajo para todos\u00bb\",\"datePublished\":\"2025-09-14T00:41:26+00:00\",\"mainEntityOfPage\":{\"@id\":\"https:\\\/\\\/noticiasmercedinas.com\\\/site\\\/2025\\\/09\\\/13\\\/amanda-el-corazon-de-el-mercedino-la-fiesta-es-hoy-muy-productiva-hay-trabajo-para-todos\\\/\"},\"wordCount\":520,\"publisher\":{\"@id\":\"https:\\\/\\\/noticiasmercedinas.com\\\/site\\\/#organization\"},\"image\":{\"@id\":\"https:\\\/\\\/noticiasmercedinas.com\\\/site\\\/2025\\\/09\\\/13\\\/amanda-el-corazon-de-el-mercedino-la-fiesta-es-hoy-muy-productiva-hay-trabajo-para-todos\\\/#primaryimage\"},\"thumbnailUrl\":\"https:\\\/\\\/noticiasmercedinas.com\\\/site\\\/wp-content\\\/uploads\\\/2025\\\/09\\\/AMANDA.jpg\",\"keywords\":[\"el mercedino\",\"fiesta nacional del salame quintero\"],\"articleSection\":[\"Emprendimientos\",\"Ultimo momento\"],\"inLanguage\":\"es\"},{\"@type\":\"WebPage\",\"@id\":\"https:\\\/\\\/noticiasmercedinas.com\\\/site\\\/2025\\\/09\\\/13\\\/amanda-el-corazon-de-el-mercedino-la-fiesta-es-hoy-muy-productiva-hay-trabajo-para-todos\\\/\",\"url\":\"https:\\\/\\\/noticiasmercedinas.com\\\/site\\\/2025\\\/09\\\/13\\\/amanda-el-corazon-de-el-mercedino-la-fiesta-es-hoy-muy-productiva-hay-trabajo-para-todos\\\/\",\"name\":\"Amanda, el coraz\u00f3n de El Mercedino: \\\"La fiesta es hoy muy productiva, hay trabajo para todos\\\"\",\"isPartOf\":{\"@id\":\"https:\\\/\\\/noticiasmercedinas.com\\\/site\\\/#website\"},\"primaryImageOfPage\":{\"@id\":\"https:\\\/\\\/noticiasmercedinas.com\\\/site\\\/2025\\\/09\\\/13\\\/amanda-el-corazon-de-el-mercedino-la-fiesta-es-hoy-muy-productiva-hay-trabajo-para-todos\\\/#primaryimage\"},\"image\":{\"@id\":\"https:\\\/\\\/noticiasmercedinas.com\\\/site\\\/2025\\\/09\\\/13\\\/amanda-el-corazon-de-el-mercedino-la-fiesta-es-hoy-muy-productiva-hay-trabajo-para-todos\\\/#primaryimage\"},\"thumbnailUrl\":\"https:\\\/\\\/noticiasmercedinas.com\\\/site\\\/wp-content\\\/uploads\\\/2025\\\/09\\\/AMANDA.jpg\",\"datePublished\":\"2025-09-14T00:41:26+00:00\",\"description\":\"\u25a0\u00a0La viuda y sucesora de Juan Carlos Berro se prepara para la edici\u00f3n 50 de la Fiesta Nacional del Salame, manteniendo vivo el legado de su familia en la elaboraci\u00f3n artesanal de chacinados.\",\"breadcrumb\":{\"@id\":\"https:\\\/\\\/noticiasmercedinas.com\\\/site\\\/2025\\\/09\\\/13\\\/amanda-el-corazon-de-el-mercedino-la-fiesta-es-hoy-muy-productiva-hay-trabajo-para-todos\\\/#breadcrumb\"},\"inLanguage\":\"es\",\"potentialAction\":[{\"@type\":\"ReadAction\",\"target\":[\"https:\\\/\\\/noticiasmercedinas.com\\\/site\\\/2025\\\/09\\\/13\\\/amanda-el-corazon-de-el-mercedino-la-fiesta-es-hoy-muy-productiva-hay-trabajo-para-todos\\\/\"]}]},{\"@type\":\"ImageObject\",\"inLanguage\":\"es\",\"@id\":\"https:\\\/\\\/noticiasmercedinas.com\\\/site\\\/2025\\\/09\\\/13\\\/amanda-el-corazon-de-el-mercedino-la-fiesta-es-hoy-muy-productiva-hay-trabajo-para-todos\\\/#primaryimage\",\"url\":\"https:\\\/\\\/noticiasmercedinas.com\\\/site\\\/wp-content\\\/uploads\\\/2025\\\/09\\\/AMANDA.jpg\",\"contentUrl\":\"https:\\\/\\\/noticiasmercedinas.com\\\/site\\\/wp-content\\\/uploads\\\/2025\\\/09\\\/AMANDA.jpg\",\"width\":1280,\"height\":720},{\"@type\":\"BreadcrumbList\",\"@id\":\"https:\\\/\\\/noticiasmercedinas.com\\\/site\\\/2025\\\/09\\\/13\\\/amanda-el-corazon-de-el-mercedino-la-fiesta-es-hoy-muy-productiva-hay-trabajo-para-todos\\\/#breadcrumb\",\"itemListElement\":[{\"@type\":\"ListItem\",\"position\":1,\"name\":\"Portada\",\"item\":\"https:\\\/\\\/noticiasmercedinas.com\\\/site\\\/\"},{\"@type\":\"ListItem\",\"position\":2,\"name\":\"Amanda, el coraz\u00f3n de El Mercedino: \u00abLa fiesta es hoy muy productiva, hay trabajo para todos\u00bb\"}]},{\"@type\":\"WebSite\",\"@id\":\"https:\\\/\\\/noticiasmercedinas.com\\\/site\\\/#website\",\"url\":\"https:\\\/\\\/noticiasmercedinas.com\\\/site\\\/\",\"name\":\"NOTICIASMERCEDINAS.COM\",\"description\":\"Mercedes, Buenos Aires, Argentina\",\"publisher\":{\"@id\":\"https:\\\/\\\/noticiasmercedinas.com\\\/site\\\/#organization\"},\"potentialAction\":[{\"@type\":\"SearchAction\",\"target\":{\"@type\":\"EntryPoint\",\"urlTemplate\":\"https:\\\/\\\/noticiasmercedinas.com\\\/site\\\/?s={search_term_string}\"},\"query-input\":{\"@type\":\"PropertyValueSpecification\",\"valueRequired\":true,\"valueName\":\"search_term_string\"}}],\"inLanguage\":\"es\"},{\"@type\":\"Organization\",\"@id\":\"https:\\\/\\\/noticiasmercedinas.com\\\/site\\\/#organization\",\"name\":\"NOTICIASMERCEDINAS.COM\",\"url\":\"https:\\\/\\\/noticiasmercedinas.com\\\/site\\\/\",\"logo\":{\"@type\":\"ImageObject\",\"inLanguage\":\"es\",\"@id\":\"https:\\\/\\\/noticiasmercedinas.com\\\/site\\\/#\\\/schema\\\/logo\\\/image\\\/\",\"url\":\"https:\\\/\\\/noticiasmercedinas.com\\\/site\\\/wp-content\\\/uploads\\\/2020\\\/06\\\/LOGO-512.jpg\",\"contentUrl\":\"https:\\\/\\\/noticiasmercedinas.com\\\/site\\\/wp-content\\\/uploads\\\/2020\\\/06\\\/LOGO-512.jpg\",\"width\":512,\"height\":512,\"caption\":\"NOTICIASMERCEDINAS.COM\"},\"image\":{\"@id\":\"https:\\\/\\\/noticiasmercedinas.com\\\/site\\\/#\\\/schema\\\/logo\\\/image\\\/\"},\"sameAs\":[\"https:\\\/\\\/www.facebook.com\\\/noticiasmercedinas\\\/\",\"https:\\\/\\\/x.com\\\/notmercedinas\",\"https:\\\/\\\/www.instagram.com\\\/noticiasmercedinas\\\/\"]},{\"@type\":\"Person\",\"@id\":\"https:\\\/\\\/noticiasmercedinas.com\\\/site\\\/#\\\/schema\\\/person\\\/84b59c099c28ff2e8b77d4ceec5d8063\",\"name\":\"NOTICIASMERCEDINAS.COM\",\"image\":{\"@type\":\"ImageObject\",\"inLanguage\":\"es\",\"@id\":\"https:\\\/\\\/secure.gravatar.com\\\/avatar\\\/4dfbf16b4d17945bfb6341b2d19043457132fcf478a5ee04f42e959fd8f5df0a?s=96&d=mm&r=g\",\"url\":\"https:\\\/\\\/secure.gravatar.com\\\/avatar\\\/4dfbf16b4d17945bfb6341b2d19043457132fcf478a5ee04f42e959fd8f5df0a?s=96&d=mm&r=g\",\"contentUrl\":\"https:\\\/\\\/secure.gravatar.com\\\/avatar\\\/4dfbf16b4d17945bfb6341b2d19043457132fcf478a5ee04f42e959fd8f5df0a?s=96&d=mm&r=g\",\"caption\":\"NOTICIASMERCEDINAS.COM\"},\"url\":\"https:\\\/\\\/noticiasmercedinas.com\\\/site\\\/author\\\/anonimo\\\/\"}]}<\/script>\n<!-- \/ Yoast SEO plugin. -->","yoast_head_json":{"title":"Amanda, el coraz\u00f3n de El Mercedino: \"La fiesta es hoy muy productiva, hay trabajo para todos\"","description":"\u25a0\u00a0La viuda y sucesora de Juan Carlos Berro se prepara para la edici\u00f3n 50 de la Fiesta Nacional del Salame, manteniendo vivo el legado de su familia en la elaboraci\u00f3n artesanal de chacinados.","robots":{"index":"index","follow":"follow","max-snippet":"max-snippet:-1","max-image-preview":"max-image-preview:large","max-video-preview":"max-video-preview:-1"},"canonical":"https:\/\/noticiasmercedinas.com\/site\/2025\/09\/13\/amanda-el-corazon-de-el-mercedino-la-fiesta-es-hoy-muy-productiva-hay-trabajo-para-todos\/","og_locale":"es_ES","og_type":"article","og_title":"Amanda, el coraz\u00f3n de El Mercedino: \"La fiesta es hoy muy productiva, hay trabajo para todos\"","og_description":"\u25a0\u00a0La viuda y sucesora de Juan Carlos Berro se prepara para la edici\u00f3n 50 de la Fiesta Nacional del Salame, manteniendo vivo el legado de su familia en la elaboraci\u00f3n artesanal de chacinados.","og_url":"https:\/\/noticiasmercedinas.com\/site\/2025\/09\/13\/amanda-el-corazon-de-el-mercedino-la-fiesta-es-hoy-muy-productiva-hay-trabajo-para-todos\/","og_site_name":"NOTICIASMERCEDINAS.COM","article_publisher":"https:\/\/www.facebook.com\/noticiasmercedinas\/","article_published_time":"2025-09-14T00:41:26+00:00","og_image":[{"width":1280,"height":720,"url":"https:\/\/noticiasmercedinas.com\/site\/wp-content\/uploads\/2025\/09\/AMANDA.jpg","type":"image\/jpeg"}],"author":"NOTICIASMERCEDINAS.COM","twitter_card":"summary_large_image","twitter_creator":"@notmercedinas","twitter_site":"@notmercedinas","twitter_misc":{"Escrito por":"NOTICIASMERCEDINAS.COM","Tiempo de lectura":"3 minutos"},"schema":{"@context":"https:\/\/schema.org","@graph":[{"@type":"Article","@id":"https:\/\/noticiasmercedinas.com\/site\/2025\/09\/13\/amanda-el-corazon-de-el-mercedino-la-fiesta-es-hoy-muy-productiva-hay-trabajo-para-todos\/#article","isPartOf":{"@id":"https:\/\/noticiasmercedinas.com\/site\/2025\/09\/13\/amanda-el-corazon-de-el-mercedino-la-fiesta-es-hoy-muy-productiva-hay-trabajo-para-todos\/"},"author":{"name":"NOTICIASMERCEDINAS.COM","@id":"https:\/\/noticiasmercedinas.com\/site\/#\/schema\/person\/84b59c099c28ff2e8b77d4ceec5d8063"},"headline":"Amanda, el coraz\u00f3n de El Mercedino: \u00abLa fiesta es hoy muy productiva, hay trabajo para todos\u00bb","datePublished":"2025-09-14T00:41:26+00:00","mainEntityOfPage":{"@id":"https:\/\/noticiasmercedinas.com\/site\/2025\/09\/13\/amanda-el-corazon-de-el-mercedino-la-fiesta-es-hoy-muy-productiva-hay-trabajo-para-todos\/"},"wordCount":520,"publisher":{"@id":"https:\/\/noticiasmercedinas.com\/site\/#organization"},"image":{"@id":"https:\/\/noticiasmercedinas.com\/site\/2025\/09\/13\/amanda-el-corazon-de-el-mercedino-la-fiesta-es-hoy-muy-productiva-hay-trabajo-para-todos\/#primaryimage"},"thumbnailUrl":"https:\/\/noticiasmercedinas.com\/site\/wp-content\/uploads\/2025\/09\/AMANDA.jpg","keywords":["el mercedino","fiesta nacional del salame quintero"],"articleSection":["Emprendimientos","Ultimo momento"],"inLanguage":"es"},{"@type":"WebPage","@id":"https:\/\/noticiasmercedinas.com\/site\/2025\/09\/13\/amanda-el-corazon-de-el-mercedino-la-fiesta-es-hoy-muy-productiva-hay-trabajo-para-todos\/","url":"https:\/\/noticiasmercedinas.com\/site\/2025\/09\/13\/amanda-el-corazon-de-el-mercedino-la-fiesta-es-hoy-muy-productiva-hay-trabajo-para-todos\/","name":"Amanda, el coraz\u00f3n de El Mercedino: \"La fiesta es hoy muy productiva, hay trabajo para todos\"","isPartOf":{"@id":"https:\/\/noticiasmercedinas.com\/site\/#website"},"primaryImageOfPage":{"@id":"https:\/\/noticiasmercedinas.com\/site\/2025\/09\/13\/amanda-el-corazon-de-el-mercedino-la-fiesta-es-hoy-muy-productiva-hay-trabajo-para-todos\/#primaryimage"},"image":{"@id":"https:\/\/noticiasmercedinas.com\/site\/2025\/09\/13\/amanda-el-corazon-de-el-mercedino-la-fiesta-es-hoy-muy-productiva-hay-trabajo-para-todos\/#primaryimage"},"thumbnailUrl":"https:\/\/noticiasmercedinas.com\/site\/wp-content\/uploads\/2025\/09\/AMANDA.jpg","datePublished":"2025-09-14T00:41:26+00:00","description":"\u25a0\u00a0La viuda y sucesora de Juan Carlos Berro se prepara para la edici\u00f3n 50 de la Fiesta Nacional del Salame, manteniendo vivo el legado de su familia en la elaboraci\u00f3n artesanal de chacinados.","breadcrumb":{"@id":"https:\/\/noticiasmercedinas.com\/site\/2025\/09\/13\/amanda-el-corazon-de-el-mercedino-la-fiesta-es-hoy-muy-productiva-hay-trabajo-para-todos\/#breadcrumb"},"inLanguage":"es","potentialAction":[{"@type":"ReadAction","target":["https:\/\/noticiasmercedinas.com\/site\/2025\/09\/13\/amanda-el-corazon-de-el-mercedino-la-fiesta-es-hoy-muy-productiva-hay-trabajo-para-todos\/"]}]},{"@type":"ImageObject","inLanguage":"es","@id":"https:\/\/noticiasmercedinas.com\/site\/2025\/09\/13\/amanda-el-corazon-de-el-mercedino-la-fiesta-es-hoy-muy-productiva-hay-trabajo-para-todos\/#primaryimage","url":"https:\/\/noticiasmercedinas.com\/site\/wp-content\/uploads\/2025\/09\/AMANDA.jpg","contentUrl":"https:\/\/noticiasmercedinas.com\/site\/wp-content\/uploads\/2025\/09\/AMANDA.jpg","width":1280,"height":720},{"@type":"BreadcrumbList","@id":"https:\/\/noticiasmercedinas.com\/site\/2025\/09\/13\/amanda-el-corazon-de-el-mercedino-la-fiesta-es-hoy-muy-productiva-hay-trabajo-para-todos\/#breadcrumb","itemListElement":[{"@type":"ListItem","position":1,"name":"Portada","item":"https:\/\/noticiasmercedinas.com\/site\/"},{"@type":"ListItem","position":2,"name":"Amanda, el coraz\u00f3n de El Mercedino: \u00abLa fiesta es hoy muy productiva, hay trabajo para todos\u00bb"}]},{"@type":"WebSite","@id":"https:\/\/noticiasmercedinas.com\/site\/#website","url":"https:\/\/noticiasmercedinas.com\/site\/","name":"NOTICIASMERCEDINAS.COM","description":"Mercedes, Buenos Aires, Argentina","publisher":{"@id":"https:\/\/noticiasmercedinas.com\/site\/#organization"},"potentialAction":[{"@type":"SearchAction","target":{"@type":"EntryPoint","urlTemplate":"https:\/\/noticiasmercedinas.com\/site\/?s={search_term_string}"},"query-input":{"@type":"PropertyValueSpecification","valueRequired":true,"valueName":"search_term_string"}}],"inLanguage":"es"},{"@type":"Organization","@id":"https:\/\/noticiasmercedinas.com\/site\/#organization","name":"NOTICIASMERCEDINAS.COM","url":"https:\/\/noticiasmercedinas.com\/site\/","logo":{"@type":"ImageObject","inLanguage":"es","@id":"https:\/\/noticiasmercedinas.com\/site\/#\/schema\/logo\/image\/","url":"https:\/\/noticiasmercedinas.com\/site\/wp-content\/uploads\/2020\/06\/LOGO-512.jpg","contentUrl":"https:\/\/noticiasmercedinas.com\/site\/wp-content\/uploads\/2020\/06\/LOGO-512.jpg","width":512,"height":512,"caption":"NOTICIASMERCEDINAS.COM"},"image":{"@id":"https:\/\/noticiasmercedinas.com\/site\/#\/schema\/logo\/image\/"},"sameAs":["https:\/\/www.facebook.com\/noticiasmercedinas\/","https:\/\/x.com\/notmercedinas","https:\/\/www.instagram.com\/noticiasmercedinas\/"]},{"@type":"Person","@id":"https:\/\/noticiasmercedinas.com\/site\/#\/schema\/person\/84b59c099c28ff2e8b77d4ceec5d8063","name":"NOTICIASMERCEDINAS.COM","image":{"@type":"ImageObject","inLanguage":"es","@id":"https:\/\/secure.gravatar.com\/avatar\/4dfbf16b4d17945bfb6341b2d19043457132fcf478a5ee04f42e959fd8f5df0a?s=96&d=mm&r=g","url":"https:\/\/secure.gravatar.com\/avatar\/4dfbf16b4d17945bfb6341b2d19043457132fcf478a5ee04f42e959fd8f5df0a?s=96&d=mm&r=g","contentUrl":"https:\/\/secure.gravatar.com\/avatar\/4dfbf16b4d17945bfb6341b2d19043457132fcf478a5ee04f42e959fd8f5df0a?s=96&d=mm&r=g","caption":"NOTICIASMERCEDINAS.COM"},"url":"https:\/\/noticiasmercedinas.com\/site\/author\/anonimo\/"}]}},"amp_enabled":true,"_links":{"self":[{"href":"https:\/\/noticiasmercedinas.com\/site\/wp-json\/wp\/v2\/posts\/169413","targetHints":{"allow":["GET"]}}],"collection":[{"href":"https:\/\/noticiasmercedinas.com\/site\/wp-json\/wp\/v2\/posts"}],"about":[{"href":"https:\/\/noticiasmercedinas.com\/site\/wp-json\/wp\/v2\/types\/post"}],"author":[{"embeddable":true,"href":"https:\/\/noticiasmercedinas.com\/site\/wp-json\/wp\/v2\/users\/16"}],"replies":[{"embeddable":true,"href":"https:\/\/noticiasmercedinas.com\/site\/wp-json\/wp\/v2\/comments?post=169413"}],"version-history":[{"count":1,"href":"https:\/\/noticiasmercedinas.com\/site\/wp-json\/wp\/v2\/posts\/169413\/revisions"}],"predecessor-version":[{"id":169416,"href":"https:\/\/noticiasmercedinas.com\/site\/wp-json\/wp\/v2\/posts\/169413\/revisions\/169416"}],"wp:featuredmedia":[{"embeddable":true,"href":"https:\/\/noticiasmercedinas.com\/site\/wp-json\/wp\/v2\/media\/169414"}],"wp:attachment":[{"href":"https:\/\/noticiasmercedinas.com\/site\/wp-json\/wp\/v2\/media?parent=169413"}],"wp:term":[{"taxonomy":"category","embeddable":true,"href":"https:\/\/noticiasmercedinas.com\/site\/wp-json\/wp\/v2\/categories?post=169413"},{"taxonomy":"post_tag","embeddable":true,"href":"https:\/\/noticiasmercedinas.com\/site\/wp-json\/wp\/v2\/tags?post=169413"}],"curies":[{"name":"wp","href":"https:\/\/api.w.org\/{rel}","templated":true}]}}