{"id":169447,"date":"2025-09-14T00:11:52","date_gmt":"2025-09-14T03:11:52","guid":{"rendered":"https:\/\/noticiasmercedinas.com\/site\/?p=169447"},"modified":"2025-09-14T00:11:52","modified_gmt":"2025-09-14T03:11:52","slug":"en-la-pulperia-de-cacho-el-blues-de-chicago-se-encontro-con-la-payada-del-campo","status":"publish","type":"post","link":"https:\/\/noticiasmercedinas.com\/site\/2025\/09\/14\/en-la-pulperia-de-cacho-el-blues-de-chicago-se-encontro-con-la-payada-del-campo\/","title":{"rendered":"En la Pulper\u00eda de Cacho el blues de Chicago se encontr\u00f3 con la payada del campo"},"content":{"rendered":"<p><img loading=\"lazy\" decoding=\"async\" class=\"alignnone size-full wp-image-169449\" src=\"https:\/\/noticiasmercedinas.com\/site\/wp-content\/uploads\/2025\/09\/encuentro.jpg\" alt=\"\" width=\"1600\" height=\"900\" srcset=\"https:\/\/noticiasmercedinas.com\/site\/wp-content\/uploads\/2025\/09\/encuentro.jpg 1600w, https:\/\/noticiasmercedinas.com\/site\/wp-content\/uploads\/2025\/09\/encuentro-300x169.jpg 300w, https:\/\/noticiasmercedinas.com\/site\/wp-content\/uploads\/2025\/09\/encuentro-1024x576.jpg 1024w, https:\/\/noticiasmercedinas.com\/site\/wp-content\/uploads\/2025\/09\/encuentro-768x432.jpg 768w, https:\/\/noticiasmercedinas.com\/site\/wp-content\/uploads\/2025\/09\/encuentro-1536x864.jpg 1536w, https:\/\/noticiasmercedinas.com\/site\/wp-content\/uploads\/2025\/09\/encuentro-640x360.jpg 640w, https:\/\/noticiasmercedinas.com\/site\/wp-content\/uploads\/2025\/09\/encuentro-1280x720.jpg 1280w, https:\/\/noticiasmercedinas.com\/site\/wp-content\/uploads\/2025\/09\/encuentro-681x383.jpg 681w, https:\/\/noticiasmercedinas.com\/site\/wp-content\/uploads\/2025\/09\/encuentro-1362x766.jpg 1362w\" sizes=\"auto, (max-width: 1600px) 100vw, 1600px\" \/><\/p>\n<p><span style=\"font-weight: 400;\">El m\u00fasico Javier Goffman quiso visitar la Fiesta del Salame Quintero pero no lleg\u00f3. Antes del r\u00edo se encontr\u00f3 con una escena que lo dej\u00f3 sin palabras: la bohemia y el arte m\u00e1s puro en un rinc\u00f3n tradicional junto a Zoco Larralde.<\/span><\/p>\n<p><span style=\"font-weight: 400;\">La Fiesta Nacional del Salame Quintero es un evento que celebra las tradiciones del campo, pero este fin de semana, un m\u00fasico de blues de la gran ciudad descubri\u00f3 que la esencia del arte no tiene fronteras.\u00a0<\/span><\/p>\n<p><span style=\"font-weight: 400;\">Javier Goffman, visit\u00f3 Mercedes y tras participar en el programa radial \u00abLlegaron los blues\u00bb, se top\u00f3 con un \u00abencuentro cercano de tercer tipo\u00bb que le impidi\u00f3 llegar a la fiesta principal: la escena que se viv\u00eda dentro de la Pulper\u00eda de Cacho Di Catarina.<\/span><\/p>\n<p><span style=\"font-weight: 400;\">Goffman describe lo que vivi\u00f3 en La Pulper\u00eda como algo \u00fanico dentro de \u00abun basti\u00f3n cultural que mantiene una tradici\u00f3n que quiz\u00e1 ya no existe en otros lugares\u00bb. Para \u00e9l, el ambiente de este s\u00e1bado era comparable a las escenas m\u00e1s genuinas del blues de los Estados Unidos. \u00abEs ir y ver un hombre en una mesa sentado que agarra la guitarra, se pone a tocar con el ping\u00fcino lleno de vino ah\u00ed a mano y que pasa la guitarra para otro que viene, con otro que vino de Corrientes y que empez\u00f3 a cantar y que la romp\u00eda\u00bb, narra.<\/span><\/p>\n<p><b>Zoco Larralde, el \u00abMuddy Waters\u00bb del folklore<\/b><\/p>\n<p><span style=\"font-weight: 400;\">Goffman se encontr\u00f3 cara a cara con el talentoso folklorista local, Zoco Larralde. El m\u00fasico no dud\u00f3 en trazar una analog\u00eda que resonar\u00eda en cualquier amante del blues: \u00abEste se\u00f1or Larralde es como Muddy Waters, como Buddy Guy, como todos esos bluseros que tambi\u00e9n estaban sentados en la entrada de una casa, se pon\u00edan a tocar con el gorrito con un copet\u00edn\u00bb.<\/span><\/p>\n<p><span style=\"font-weight: 400;\">Para Goffman, tanto el blues como el folklore tienen una esencia en com\u00fan. \u00abHay algo que nos viene de anterior a ellos que los personifica tambi\u00e9n\u00bb, reflexiona, intentando describir una sensaci\u00f3n que no logra encajar en una sola palabra.<\/span><\/p>\n<p><span style=\"font-weight: 400;\">El artista cont\u00f3 a <em>Noticias Mercedinas<\/em> que se sinti\u00f3 \u00abun pichi\u00bb al ver tanta autenticidad y talento. Y pudo valorar la posibilidad de presenciar algo \u00abgenuino, aut\u00e9ntico, casi en su origen\u00bb. El encuentro, que ocurri\u00f3 en una suerte de \u00abpe\u00f1a sat\u00e9lite\u00bb a la fiesta, lo afect\u00f3 profundamente. \u00abMe puso muy contento\u00bb, afirm\u00f3 Goffman, que incluso se anim\u00f3 a tocar \u00abalgunos temitas modestamente\u00bb en el lugar.<\/span><\/p>\n<p><span style=\"font-weight: 400;\">Goffman se refiri\u00f3 a Hern\u00e1n Rivero, el conductor de \u00abLlegaron los blues\u00bb, como quien maneja un \u00abpunto de conexi\u00f3n entre distintas dimensiones\u00bb. A trav\u00e9s de las experiencias que surgen en el marco de las convocatorias a su programa, Rivero logr\u00f3 unir g\u00e9neros aparentemente opuestos, como el blues y el folklore, en un acto que solo puede describirse como una \u00ablibertad de acci\u00f3n que se practica\u00bb.<\/span><\/p>\n<p><span style=\"font-weight: 400;\">La experiencia fue tan impactante que el m\u00fasico, quien se describe como un \u00abcitadino de Buenos Aires\u00bb, no dud\u00f3 en elogiar a la peque\u00f1a ciudad a 100 kil\u00f3metros de la urbe. \u00abMercedes me parece grande, pero sigue teniendo un encanto as\u00ed pueblerino, es agradable, muy agradable\u00bb, concluy\u00f3.<\/span><\/p>\n<p><iframe loading=\"lazy\" title=\"Goffman junto a Larralde en La Pulper\u00eda de Cacho\" width=\"640\" height=\"360\" src=\"https:\/\/www.youtube.com\/embed\/VP4VJlW3qcA?feature=oembed\" frameborder=\"0\" allow=\"accelerometer; autoplay; clipboard-write; encrypted-media; gyroscope; picture-in-picture; web-share\" referrerpolicy=\"strict-origin-when-cross-origin\" allowfullscreen><\/iframe><\/p>\n","protected":false},"excerpt":{"rendered":"<p>\u25a0 El artista Javier Goffman cont\u00f3 a Noticias Mercedinas que se sinti\u00f3 \u00abun pichi\u00bb al ver tanta autenticidad y talento. Y pudo valorar la posibilidad de presenciar algo \u00abgenuino, aut\u00e9ntico, casi en su origen\u00bb<\/p>\n","protected":false},"author":16,"featured_media":169449,"comment_status":"closed","ping_status":"closed","sticky":false,"template":"","format":"standard","meta":{"footnotes":""},"categories":[4],"tags":[20862,20875,6533,2439],"class_list":["post-169447","post","type-post","status-publish","format-standard","has-post-thumbnail","hentry","category-cultura","tag-fiesta-nacional-del-salame-quintero","tag-javier-goffman","tag-pulperia-de-cacho","tag-zoco-larralde"],"yoast_head":"<!-- This site is optimized with the Yoast SEO plugin v27.4 - https:\/\/yoast.com\/product\/yoast-seo-wordpress\/ -->\n<title>En la Pulper\u00eda de Cacho el blues de Chicago se encontr\u00f3 con la payada del campo<\/title>\n<meta name=\"description\" content=\"El artista cont\u00f3 a Noticias Mercedinas que se sinti\u00f3 &quot;un pichi&quot; al ver tanta autenticidad y talento. Y pudo valorar la posibilidad de presenciar algo &quot;genuino, aut\u00e9ntico, casi en su origen&quot;\" \/>\n<meta name=\"robots\" content=\"index, follow, max-snippet:-1, max-image-preview:large, max-video-preview:-1\" \/>\n<link rel=\"canonical\" href=\"https:\/\/noticiasmercedinas.com\/site\/2025\/09\/14\/en-la-pulperia-de-cacho-el-blues-de-chicago-se-encontro-con-la-payada-del-campo\/\" \/>\n<meta property=\"og:locale\" content=\"es_ES\" \/>\n<meta property=\"og:type\" content=\"article\" \/>\n<meta property=\"og:title\" content=\"En la Pulper\u00eda de Cacho el blues de Chicago se encontr\u00f3 con la payada del campo\" \/>\n<meta property=\"og:description\" content=\"El artista cont\u00f3 a Noticias Mercedinas que se sinti\u00f3 &quot;un pichi&quot; al ver tanta autenticidad y talento. Y pudo valorar la posibilidad de presenciar algo &quot;genuino, aut\u00e9ntico, casi en su origen&quot;\" \/>\n<meta property=\"og:url\" content=\"https:\/\/noticiasmercedinas.com\/site\/2025\/09\/14\/en-la-pulperia-de-cacho-el-blues-de-chicago-se-encontro-con-la-payada-del-campo\/\" \/>\n<meta property=\"og:site_name\" content=\"NOTICIASMERCEDINAS.COM\" \/>\n<meta property=\"article:publisher\" content=\"https:\/\/www.facebook.com\/noticiasmercedinas\/\" \/>\n<meta property=\"article:published_time\" content=\"2025-09-14T03:11:52+00:00\" \/>\n<meta property=\"og:image\" content=\"https:\/\/noticiasmercedinas.com\/site\/wp-content\/uploads\/2025\/09\/encuentro.jpg\" \/>\n\t<meta property=\"og:image:width\" content=\"1600\" \/>\n\t<meta property=\"og:image:height\" content=\"900\" \/>\n\t<meta property=\"og:image:type\" content=\"image\/jpeg\" \/>\n<meta name=\"author\" content=\"NOTICIASMERCEDINAS.COM\" \/>\n<meta name=\"twitter:card\" content=\"summary_large_image\" \/>\n<meta name=\"twitter:creator\" content=\"@notmercedinas\" \/>\n<meta name=\"twitter:site\" content=\"@notmercedinas\" \/>\n<meta name=\"twitter:label1\" content=\"Escrito por\" \/>\n\t<meta name=\"twitter:data1\" content=\"NOTICIASMERCEDINAS.COM\" \/>\n\t<meta name=\"twitter:label2\" content=\"Tiempo de lectura\" \/>\n\t<meta name=\"twitter:data2\" content=\"3 minutos\" \/>\n<script type=\"application\/ld+json\" class=\"yoast-schema-graph\">{\"@context\":\"https:\\\/\\\/schema.org\",\"@graph\":[{\"@type\":\"Article\",\"@id\":\"https:\\\/\\\/noticiasmercedinas.com\\\/site\\\/2025\\\/09\\\/14\\\/en-la-pulperia-de-cacho-el-blues-de-chicago-se-encontro-con-la-payada-del-campo\\\/#article\",\"isPartOf\":{\"@id\":\"https:\\\/\\\/noticiasmercedinas.com\\\/site\\\/2025\\\/09\\\/14\\\/en-la-pulperia-de-cacho-el-blues-de-chicago-se-encontro-con-la-payada-del-campo\\\/\"},\"author\":{\"name\":\"NOTICIASMERCEDINAS.COM\",\"@id\":\"https:\\\/\\\/noticiasmercedinas.com\\\/site\\\/#\\\/schema\\\/person\\\/84b59c099c28ff2e8b77d4ceec5d8063\"},\"headline\":\"En la Pulper\u00eda de Cacho el blues de Chicago se encontr\u00f3 con la payada del campo\",\"datePublished\":\"2025-09-14T03:11:52+00:00\",\"mainEntityOfPage\":{\"@id\":\"https:\\\/\\\/noticiasmercedinas.com\\\/site\\\/2025\\\/09\\\/14\\\/en-la-pulperia-de-cacho-el-blues-de-chicago-se-encontro-con-la-payada-del-campo\\\/\"},\"wordCount\":565,\"publisher\":{\"@id\":\"https:\\\/\\\/noticiasmercedinas.com\\\/site\\\/#organization\"},\"image\":{\"@id\":\"https:\\\/\\\/noticiasmercedinas.com\\\/site\\\/2025\\\/09\\\/14\\\/en-la-pulperia-de-cacho-el-blues-de-chicago-se-encontro-con-la-payada-del-campo\\\/#primaryimage\"},\"thumbnailUrl\":\"https:\\\/\\\/noticiasmercedinas.com\\\/site\\\/wp-content\\\/uploads\\\/2025\\\/09\\\/encuentro.jpg\",\"keywords\":[\"fiesta nacional del salame quintero\",\"javier goffman\",\"pulper\u00eda de cacho\",\"Zoco Larralde\"],\"articleSection\":[\"Cultura\"],\"inLanguage\":\"es\"},{\"@type\":\"WebPage\",\"@id\":\"https:\\\/\\\/noticiasmercedinas.com\\\/site\\\/2025\\\/09\\\/14\\\/en-la-pulperia-de-cacho-el-blues-de-chicago-se-encontro-con-la-payada-del-campo\\\/\",\"url\":\"https:\\\/\\\/noticiasmercedinas.com\\\/site\\\/2025\\\/09\\\/14\\\/en-la-pulperia-de-cacho-el-blues-de-chicago-se-encontro-con-la-payada-del-campo\\\/\",\"name\":\"En la Pulper\u00eda de Cacho el blues de Chicago se encontr\u00f3 con la payada del campo\",\"isPartOf\":{\"@id\":\"https:\\\/\\\/noticiasmercedinas.com\\\/site\\\/#website\"},\"primaryImageOfPage\":{\"@id\":\"https:\\\/\\\/noticiasmercedinas.com\\\/site\\\/2025\\\/09\\\/14\\\/en-la-pulperia-de-cacho-el-blues-de-chicago-se-encontro-con-la-payada-del-campo\\\/#primaryimage\"},\"image\":{\"@id\":\"https:\\\/\\\/noticiasmercedinas.com\\\/site\\\/2025\\\/09\\\/14\\\/en-la-pulperia-de-cacho-el-blues-de-chicago-se-encontro-con-la-payada-del-campo\\\/#primaryimage\"},\"thumbnailUrl\":\"https:\\\/\\\/noticiasmercedinas.com\\\/site\\\/wp-content\\\/uploads\\\/2025\\\/09\\\/encuentro.jpg\",\"datePublished\":\"2025-09-14T03:11:52+00:00\",\"description\":\"El artista cont\u00f3 a Noticias Mercedinas que se sinti\u00f3 \\\"un pichi\\\" al ver tanta autenticidad y talento. Y pudo valorar la posibilidad de presenciar algo \\\"genuino, aut\u00e9ntico, casi en su origen\\\"\",\"breadcrumb\":{\"@id\":\"https:\\\/\\\/noticiasmercedinas.com\\\/site\\\/2025\\\/09\\\/14\\\/en-la-pulperia-de-cacho-el-blues-de-chicago-se-encontro-con-la-payada-del-campo\\\/#breadcrumb\"},\"inLanguage\":\"es\",\"potentialAction\":[{\"@type\":\"ReadAction\",\"target\":[\"https:\\\/\\\/noticiasmercedinas.com\\\/site\\\/2025\\\/09\\\/14\\\/en-la-pulperia-de-cacho-el-blues-de-chicago-se-encontro-con-la-payada-del-campo\\\/\"]}]},{\"@type\":\"ImageObject\",\"inLanguage\":\"es\",\"@id\":\"https:\\\/\\\/noticiasmercedinas.com\\\/site\\\/2025\\\/09\\\/14\\\/en-la-pulperia-de-cacho-el-blues-de-chicago-se-encontro-con-la-payada-del-campo\\\/#primaryimage\",\"url\":\"https:\\\/\\\/noticiasmercedinas.com\\\/site\\\/wp-content\\\/uploads\\\/2025\\\/09\\\/encuentro.jpg\",\"contentUrl\":\"https:\\\/\\\/noticiasmercedinas.com\\\/site\\\/wp-content\\\/uploads\\\/2025\\\/09\\\/encuentro.jpg\",\"width\":1600,\"height\":900},{\"@type\":\"BreadcrumbList\",\"@id\":\"https:\\\/\\\/noticiasmercedinas.com\\\/site\\\/2025\\\/09\\\/14\\\/en-la-pulperia-de-cacho-el-blues-de-chicago-se-encontro-con-la-payada-del-campo\\\/#breadcrumb\",\"itemListElement\":[{\"@type\":\"ListItem\",\"position\":1,\"name\":\"Portada\",\"item\":\"https:\\\/\\\/noticiasmercedinas.com\\\/site\\\/\"},{\"@type\":\"ListItem\",\"position\":2,\"name\":\"En la Pulper\u00eda de Cacho el blues de Chicago se encontr\u00f3 con la payada del campo\"}]},{\"@type\":\"WebSite\",\"@id\":\"https:\\\/\\\/noticiasmercedinas.com\\\/site\\\/#website\",\"url\":\"https:\\\/\\\/noticiasmercedinas.com\\\/site\\\/\",\"name\":\"NOTICIASMERCEDINAS.COM\",\"description\":\"Mercedes, Buenos Aires, Argentina\",\"publisher\":{\"@id\":\"https:\\\/\\\/noticiasmercedinas.com\\\/site\\\/#organization\"},\"potentialAction\":[{\"@type\":\"SearchAction\",\"target\":{\"@type\":\"EntryPoint\",\"urlTemplate\":\"https:\\\/\\\/noticiasmercedinas.com\\\/site\\\/?s={search_term_string}\"},\"query-input\":{\"@type\":\"PropertyValueSpecification\",\"valueRequired\":true,\"valueName\":\"search_term_string\"}}],\"inLanguage\":\"es\"},{\"@type\":\"Organization\",\"@id\":\"https:\\\/\\\/noticiasmercedinas.com\\\/site\\\/#organization\",\"name\":\"NOTICIASMERCEDINAS.COM\",\"url\":\"https:\\\/\\\/noticiasmercedinas.com\\\/site\\\/\",\"logo\":{\"@type\":\"ImageObject\",\"inLanguage\":\"es\",\"@id\":\"https:\\\/\\\/noticiasmercedinas.com\\\/site\\\/#\\\/schema\\\/logo\\\/image\\\/\",\"url\":\"https:\\\/\\\/noticiasmercedinas.com\\\/site\\\/wp-content\\\/uploads\\\/2020\\\/06\\\/LOGO-512.jpg\",\"contentUrl\":\"https:\\\/\\\/noticiasmercedinas.com\\\/site\\\/wp-content\\\/uploads\\\/2020\\\/06\\\/LOGO-512.jpg\",\"width\":512,\"height\":512,\"caption\":\"NOTICIASMERCEDINAS.COM\"},\"image\":{\"@id\":\"https:\\\/\\\/noticiasmercedinas.com\\\/site\\\/#\\\/schema\\\/logo\\\/image\\\/\"},\"sameAs\":[\"https:\\\/\\\/www.facebook.com\\\/noticiasmercedinas\\\/\",\"https:\\\/\\\/x.com\\\/notmercedinas\",\"https:\\\/\\\/www.instagram.com\\\/noticiasmercedinas\\\/\"]},{\"@type\":\"Person\",\"@id\":\"https:\\\/\\\/noticiasmercedinas.com\\\/site\\\/#\\\/schema\\\/person\\\/84b59c099c28ff2e8b77d4ceec5d8063\",\"name\":\"NOTICIASMERCEDINAS.COM\",\"image\":{\"@type\":\"ImageObject\",\"inLanguage\":\"es\",\"@id\":\"https:\\\/\\\/secure.gravatar.com\\\/avatar\\\/4dfbf16b4d17945bfb6341b2d19043457132fcf478a5ee04f42e959fd8f5df0a?s=96&d=mm&r=g\",\"url\":\"https:\\\/\\\/secure.gravatar.com\\\/avatar\\\/4dfbf16b4d17945bfb6341b2d19043457132fcf478a5ee04f42e959fd8f5df0a?s=96&d=mm&r=g\",\"contentUrl\":\"https:\\\/\\\/secure.gravatar.com\\\/avatar\\\/4dfbf16b4d17945bfb6341b2d19043457132fcf478a5ee04f42e959fd8f5df0a?s=96&d=mm&r=g\",\"caption\":\"NOTICIASMERCEDINAS.COM\"},\"url\":\"https:\\\/\\\/noticiasmercedinas.com\\\/site\\\/author\\\/anonimo\\\/\"}]}<\/script>\n<!-- \/ Yoast SEO plugin. -->","yoast_head_json":{"title":"En la Pulper\u00eda de Cacho el blues de Chicago se encontr\u00f3 con la payada del campo","description":"El artista cont\u00f3 a Noticias Mercedinas que se sinti\u00f3 \"un pichi\" al ver tanta autenticidad y talento. Y pudo valorar la posibilidad de presenciar algo \"genuino, aut\u00e9ntico, casi en su origen\"","robots":{"index":"index","follow":"follow","max-snippet":"max-snippet:-1","max-image-preview":"max-image-preview:large","max-video-preview":"max-video-preview:-1"},"canonical":"https:\/\/noticiasmercedinas.com\/site\/2025\/09\/14\/en-la-pulperia-de-cacho-el-blues-de-chicago-se-encontro-con-la-payada-del-campo\/","og_locale":"es_ES","og_type":"article","og_title":"En la Pulper\u00eda de Cacho el blues de Chicago se encontr\u00f3 con la payada del campo","og_description":"El artista cont\u00f3 a Noticias Mercedinas que se sinti\u00f3 \"un pichi\" al ver tanta autenticidad y talento. Y pudo valorar la posibilidad de presenciar algo \"genuino, aut\u00e9ntico, casi en su origen\"","og_url":"https:\/\/noticiasmercedinas.com\/site\/2025\/09\/14\/en-la-pulperia-de-cacho-el-blues-de-chicago-se-encontro-con-la-payada-del-campo\/","og_site_name":"NOTICIASMERCEDINAS.COM","article_publisher":"https:\/\/www.facebook.com\/noticiasmercedinas\/","article_published_time":"2025-09-14T03:11:52+00:00","og_image":[{"width":1600,"height":900,"url":"https:\/\/noticiasmercedinas.com\/site\/wp-content\/uploads\/2025\/09\/encuentro.jpg","type":"image\/jpeg"}],"author":"NOTICIASMERCEDINAS.COM","twitter_card":"summary_large_image","twitter_creator":"@notmercedinas","twitter_site":"@notmercedinas","twitter_misc":{"Escrito por":"NOTICIASMERCEDINAS.COM","Tiempo de lectura":"3 minutos"},"schema":{"@context":"https:\/\/schema.org","@graph":[{"@type":"Article","@id":"https:\/\/noticiasmercedinas.com\/site\/2025\/09\/14\/en-la-pulperia-de-cacho-el-blues-de-chicago-se-encontro-con-la-payada-del-campo\/#article","isPartOf":{"@id":"https:\/\/noticiasmercedinas.com\/site\/2025\/09\/14\/en-la-pulperia-de-cacho-el-blues-de-chicago-se-encontro-con-la-payada-del-campo\/"},"author":{"name":"NOTICIASMERCEDINAS.COM","@id":"https:\/\/noticiasmercedinas.com\/site\/#\/schema\/person\/84b59c099c28ff2e8b77d4ceec5d8063"},"headline":"En la Pulper\u00eda de Cacho el blues de Chicago se encontr\u00f3 con la payada del campo","datePublished":"2025-09-14T03:11:52+00:00","mainEntityOfPage":{"@id":"https:\/\/noticiasmercedinas.com\/site\/2025\/09\/14\/en-la-pulperia-de-cacho-el-blues-de-chicago-se-encontro-con-la-payada-del-campo\/"},"wordCount":565,"publisher":{"@id":"https:\/\/noticiasmercedinas.com\/site\/#organization"},"image":{"@id":"https:\/\/noticiasmercedinas.com\/site\/2025\/09\/14\/en-la-pulperia-de-cacho-el-blues-de-chicago-se-encontro-con-la-payada-del-campo\/#primaryimage"},"thumbnailUrl":"https:\/\/noticiasmercedinas.com\/site\/wp-content\/uploads\/2025\/09\/encuentro.jpg","keywords":["fiesta nacional del salame quintero","javier goffman","pulper\u00eda de cacho","Zoco Larralde"],"articleSection":["Cultura"],"inLanguage":"es"},{"@type":"WebPage","@id":"https:\/\/noticiasmercedinas.com\/site\/2025\/09\/14\/en-la-pulperia-de-cacho-el-blues-de-chicago-se-encontro-con-la-payada-del-campo\/","url":"https:\/\/noticiasmercedinas.com\/site\/2025\/09\/14\/en-la-pulperia-de-cacho-el-blues-de-chicago-se-encontro-con-la-payada-del-campo\/","name":"En la Pulper\u00eda de Cacho el blues de Chicago se encontr\u00f3 con la payada del campo","isPartOf":{"@id":"https:\/\/noticiasmercedinas.com\/site\/#website"},"primaryImageOfPage":{"@id":"https:\/\/noticiasmercedinas.com\/site\/2025\/09\/14\/en-la-pulperia-de-cacho-el-blues-de-chicago-se-encontro-con-la-payada-del-campo\/#primaryimage"},"image":{"@id":"https:\/\/noticiasmercedinas.com\/site\/2025\/09\/14\/en-la-pulperia-de-cacho-el-blues-de-chicago-se-encontro-con-la-payada-del-campo\/#primaryimage"},"thumbnailUrl":"https:\/\/noticiasmercedinas.com\/site\/wp-content\/uploads\/2025\/09\/encuentro.jpg","datePublished":"2025-09-14T03:11:52+00:00","description":"El artista cont\u00f3 a Noticias Mercedinas que se sinti\u00f3 \"un pichi\" al ver tanta autenticidad y talento. Y pudo valorar la posibilidad de presenciar algo \"genuino, aut\u00e9ntico, casi en su origen\"","breadcrumb":{"@id":"https:\/\/noticiasmercedinas.com\/site\/2025\/09\/14\/en-la-pulperia-de-cacho-el-blues-de-chicago-se-encontro-con-la-payada-del-campo\/#breadcrumb"},"inLanguage":"es","potentialAction":[{"@type":"ReadAction","target":["https:\/\/noticiasmercedinas.com\/site\/2025\/09\/14\/en-la-pulperia-de-cacho-el-blues-de-chicago-se-encontro-con-la-payada-del-campo\/"]}]},{"@type":"ImageObject","inLanguage":"es","@id":"https:\/\/noticiasmercedinas.com\/site\/2025\/09\/14\/en-la-pulperia-de-cacho-el-blues-de-chicago-se-encontro-con-la-payada-del-campo\/#primaryimage","url":"https:\/\/noticiasmercedinas.com\/site\/wp-content\/uploads\/2025\/09\/encuentro.jpg","contentUrl":"https:\/\/noticiasmercedinas.com\/site\/wp-content\/uploads\/2025\/09\/encuentro.jpg","width":1600,"height":900},{"@type":"BreadcrumbList","@id":"https:\/\/noticiasmercedinas.com\/site\/2025\/09\/14\/en-la-pulperia-de-cacho-el-blues-de-chicago-se-encontro-con-la-payada-del-campo\/#breadcrumb","itemListElement":[{"@type":"ListItem","position":1,"name":"Portada","item":"https:\/\/noticiasmercedinas.com\/site\/"},{"@type":"ListItem","position":2,"name":"En la Pulper\u00eda de Cacho el blues de Chicago se encontr\u00f3 con la payada del campo"}]},{"@type":"WebSite","@id":"https:\/\/noticiasmercedinas.com\/site\/#website","url":"https:\/\/noticiasmercedinas.com\/site\/","name":"NOTICIASMERCEDINAS.COM","description":"Mercedes, Buenos Aires, Argentina","publisher":{"@id":"https:\/\/noticiasmercedinas.com\/site\/#organization"},"potentialAction":[{"@type":"SearchAction","target":{"@type":"EntryPoint","urlTemplate":"https:\/\/noticiasmercedinas.com\/site\/?s={search_term_string}"},"query-input":{"@type":"PropertyValueSpecification","valueRequired":true,"valueName":"search_term_string"}}],"inLanguage":"es"},{"@type":"Organization","@id":"https:\/\/noticiasmercedinas.com\/site\/#organization","name":"NOTICIASMERCEDINAS.COM","url":"https:\/\/noticiasmercedinas.com\/site\/","logo":{"@type":"ImageObject","inLanguage":"es","@id":"https:\/\/noticiasmercedinas.com\/site\/#\/schema\/logo\/image\/","url":"https:\/\/noticiasmercedinas.com\/site\/wp-content\/uploads\/2020\/06\/LOGO-512.jpg","contentUrl":"https:\/\/noticiasmercedinas.com\/site\/wp-content\/uploads\/2020\/06\/LOGO-512.jpg","width":512,"height":512,"caption":"NOTICIASMERCEDINAS.COM"},"image":{"@id":"https:\/\/noticiasmercedinas.com\/site\/#\/schema\/logo\/image\/"},"sameAs":["https:\/\/www.facebook.com\/noticiasmercedinas\/","https:\/\/x.com\/notmercedinas","https:\/\/www.instagram.com\/noticiasmercedinas\/"]},{"@type":"Person","@id":"https:\/\/noticiasmercedinas.com\/site\/#\/schema\/person\/84b59c099c28ff2e8b77d4ceec5d8063","name":"NOTICIASMERCEDINAS.COM","image":{"@type":"ImageObject","inLanguage":"es","@id":"https:\/\/secure.gravatar.com\/avatar\/4dfbf16b4d17945bfb6341b2d19043457132fcf478a5ee04f42e959fd8f5df0a?s=96&d=mm&r=g","url":"https:\/\/secure.gravatar.com\/avatar\/4dfbf16b4d17945bfb6341b2d19043457132fcf478a5ee04f42e959fd8f5df0a?s=96&d=mm&r=g","contentUrl":"https:\/\/secure.gravatar.com\/avatar\/4dfbf16b4d17945bfb6341b2d19043457132fcf478a5ee04f42e959fd8f5df0a?s=96&d=mm&r=g","caption":"NOTICIASMERCEDINAS.COM"},"url":"https:\/\/noticiasmercedinas.com\/site\/author\/anonimo\/"}]}},"amp_enabled":true,"_links":{"self":[{"href":"https:\/\/noticiasmercedinas.com\/site\/wp-json\/wp\/v2\/posts\/169447","targetHints":{"allow":["GET"]}}],"collection":[{"href":"https:\/\/noticiasmercedinas.com\/site\/wp-json\/wp\/v2\/posts"}],"about":[{"href":"https:\/\/noticiasmercedinas.com\/site\/wp-json\/wp\/v2\/types\/post"}],"author":[{"embeddable":true,"href":"https:\/\/noticiasmercedinas.com\/site\/wp-json\/wp\/v2\/users\/16"}],"replies":[{"embeddable":true,"href":"https:\/\/noticiasmercedinas.com\/site\/wp-json\/wp\/v2\/comments?post=169447"}],"version-history":[{"count":1,"href":"https:\/\/noticiasmercedinas.com\/site\/wp-json\/wp\/v2\/posts\/169447\/revisions"}],"predecessor-version":[{"id":169450,"href":"https:\/\/noticiasmercedinas.com\/site\/wp-json\/wp\/v2\/posts\/169447\/revisions\/169450"}],"wp:featuredmedia":[{"embeddable":true,"href":"https:\/\/noticiasmercedinas.com\/site\/wp-json\/wp\/v2\/media\/169449"}],"wp:attachment":[{"href":"https:\/\/noticiasmercedinas.com\/site\/wp-json\/wp\/v2\/media?parent=169447"}],"wp:term":[{"taxonomy":"category","embeddable":true,"href":"https:\/\/noticiasmercedinas.com\/site\/wp-json\/wp\/v2\/categories?post=169447"},{"taxonomy":"post_tag","embeddable":true,"href":"https:\/\/noticiasmercedinas.com\/site\/wp-json\/wp\/v2\/tags?post=169447"}],"curies":[{"name":"wp","href":"https:\/\/api.w.org\/{rel}","templated":true}]}}