{"id":169490,"date":"2025-09-14T19:41:58","date_gmt":"2025-09-14T22:41:58","guid":{"rendered":"https:\/\/noticiasmercedinas.com\/site\/?p=169490"},"modified":"2025-09-15T10:14:14","modified_gmt":"2025-09-15T13:14:14","slug":"teresa-parodi-en-el-cierre-de-la-fiesta-del-salame-hay-tanta-patria-guardada-en-el-arte","status":"publish","type":"post","link":"https:\/\/noticiasmercedinas.com\/site\/2025\/09\/14\/teresa-parodi-en-el-cierre-de-la-fiesta-del-salame-hay-tanta-patria-guardada-en-el-arte\/","title":{"rendered":"Teresa Parodi, en el cierre de la Fiesta del Salame: \u201cHay tanta patria guardada en el arte\u201d"},"content":{"rendered":"<p><img loading=\"lazy\" decoding=\"async\" class=\"alignnone size-full wp-image-169491\" src=\"https:\/\/noticiasmercedinas.com\/site\/wp-content\/uploads\/2025\/09\/PARODI.jpg\" alt=\"\" width=\"1280\" height=\"720\" srcset=\"https:\/\/noticiasmercedinas.com\/site\/wp-content\/uploads\/2025\/09\/PARODI.jpg 1280w, https:\/\/noticiasmercedinas.com\/site\/wp-content\/uploads\/2025\/09\/PARODI-300x169.jpg 300w, https:\/\/noticiasmercedinas.com\/site\/wp-content\/uploads\/2025\/09\/PARODI-1024x576.jpg 1024w, https:\/\/noticiasmercedinas.com\/site\/wp-content\/uploads\/2025\/09\/PARODI-768x432.jpg 768w, https:\/\/noticiasmercedinas.com\/site\/wp-content\/uploads\/2025\/09\/PARODI-640x360.jpg 640w, https:\/\/noticiasmercedinas.com\/site\/wp-content\/uploads\/2025\/09\/PARODI-681x383.jpg 681w\" sizes=\"auto, (max-width: 1280px) 100vw, 1280px\" \/><\/p>\n<p>El tel\u00f3n de la <b>50\u00aa Fiesta Nacional del Salame Quintero<\/b> comenz\u00f3 a bajarse este domingo con una de las presentaciones m\u00e1s esperadas y emotivas: el show de <b>Teresa Parodi<\/b>.<\/p>\n<p>La artista correntina, acompa\u00f1ada por dos de sus nietos en guitarra y teclados y por el percusionista <b>Facundo Guevara<\/b>, se par\u00f3 frente al p\u00fablico mercedino para ofrecer un recital \u00edntimo y profundo, donde la m\u00fasica fue el veh\u00edculo de un poderoso mensaje.<\/p>\n<p>Parodi, visiblemente emocionada, recorri\u00f3 su vasto cancionero y conmovi\u00f3 al p\u00fablico hasta las l\u00e1grimas con su interpretaci\u00f3n de cl\u00e1sicos de la m\u00fasica popular argentina. Hizo vibrar el predio con la emotiva <b>\u00abYo vengo a ofrecer mi coraz\u00f3n\u00bb<\/b> de Fito P\u00e1ez, <b>\u00abEl \u00c1ngel de la Bicicleta\u00bb<\/b> de Le\u00f3n Gieco, y el ic\u00f3nico <b>\u00abCuando tenga la tierra\u00bb<\/b>, popularizado por Mercedes Sosa. Su presentaci\u00f3n culmin\u00f3 con un ida y vuelta con el p\u00fablico que no la dejaba bajar del escenario, interpretando incluso canciones a capela y cerrando con el emblem\u00e1tico <b>\u00abEsa musiquita\u00bb<\/b>.<\/p>\n<blockquote><p>La artista correntina, acompa\u00f1ada por dos de sus nietos en guitarra y teclados y por el percusionista Facundo Guevara, se par\u00f3 frente al p\u00fablico mercedino para ofrecer un recital \u00edntimo y profundo, donde la m\u00fasica fue el veh\u00edculo de un poderoso mensaje.<\/p><\/blockquote>\n<h3><img loading=\"lazy\" decoding=\"async\" class=\"alignnone size-full wp-image-169553\" src=\"https:\/\/noticiasmercedinas.com\/site\/wp-content\/uploads\/2025\/09\/TP.jpg\" alt=\"\" width=\"717\" height=\"889\" srcset=\"https:\/\/noticiasmercedinas.com\/site\/wp-content\/uploads\/2025\/09\/TP.jpg 717w, https:\/\/noticiasmercedinas.com\/site\/wp-content\/uploads\/2025\/09\/TP-242x300.jpg 242w, https:\/\/noticiasmercedinas.com\/site\/wp-content\/uploads\/2025\/09\/TP-640x794.jpg 640w, https:\/\/noticiasmercedinas.com\/site\/wp-content\/uploads\/2025\/09\/TP-681x844.jpg 681w\" sizes=\"auto, (max-width: 717px) 100vw, 717px\" \/><\/h3>\n<h3><b>El arte como proyecto cultural y pol\u00edtico<\/b><\/h3>\n<p>Al finalizar el show, y tras posar con el joven ballet de Mercedes, que le pidi\u00f3 una foto junto al r\u00edo, Teresa Parodi dialog\u00f3 en la carpa de artistas con la prensa y reflexion\u00f3 sobre la estrecha relaci\u00f3n entre la m\u00fasica, la cultura y la pol\u00edtica. \u00abLo que pasa es que hay tanta patria guardada en el arte. Es imposible que no sea pol\u00edtica\u00bb, afirm\u00f3.<\/p>\n<p>Para la cantautora, un pa\u00eds es un \u00abproyecto cultural fundamentalmente\u00bb donde se encuentran los valores de lo que queremos ser como sociedad. \u00abNosotros, los argentinos, nos queremos con la cultura del amor, de mirar al otro como semejante\u00bb, subray\u00f3, dejando claro que su m\u00fasica es una herramienta para construir esa identidad.<\/p>\n<p>La artista tambi\u00e9n se refiri\u00f3 al privilegio de compartir el escenario con sus nietos. \u00abEs lo m\u00e1s lindo que me pas\u00f3 en la vida\u00bb, confes\u00f3 con orgullo. Destac\u00f3 que no los eligi\u00f3 solo por el v\u00ednculo familiar, sino porque son \u00abmuy buenos m\u00fasicos, estudiosos, serios\u00bb. Para ella, el hecho de que las nuevas generaciones contin\u00faen el legado familiar es motivo de una inmensa satisfacci\u00f3n.<\/p>\n<h3><b>Mendoza, Mercedes y el llamado a las nuevas generaciones<\/b><\/h3>\n<p>Parodi, que lleg\u00f3 a Mercedes tras una intensa agenda de shows en Mendoza, comparti\u00f3 su asombro por la energ\u00eda del p\u00fablico mercedino. \u00abYo sent\u00eda la energ\u00eda que me ven\u00eda de la gente. Es impresionante\u00bb, expres\u00f3, y a\u00f1adi\u00f3 que se sinti\u00f3 \u00abcomo en mi casa\u00bb.<\/p>\n<p>La cantautora tambi\u00e9n tuvo palabras de elogio para <b>Milo<\/b>, un joven cantor local, por quien le dedic\u00f3 un consejo a los periodistas: \u00abHay que cuidar esas flores que aparecen. Hay que hacerlos tocar, hay que hacerles notas, a hacerlos crecer para que su propio pueblo lo conozca\u00bb.<\/p>\n<p>Con un mensaje cargado de esperanza, Teresa Parodi hizo un llamado a no olvidar la historia. \u00abNo nos creamos que ya est\u00e1 todo dicho, no est\u00e1 todo dicho. Siempre hay que recalcar los lugares de donde vinimos, lo que nos pas\u00f3 como pa\u00eds, la sangre derramada\u00bb, afirm\u00f3. Para ella, esa es la \u00fanica manera de mantener la memoria y hacer que las nuevas generaciones \u00abcomprendan que tienen que cuidar eso que logramos con tanta lucha que fue justamente la democracia\u00bb.<\/p>\n<p>Finalmente, al ser consultada sobre la inteligencia artificial en el arte, Parodi la calific\u00f3 como una \u00abherramienta peligrosa, pero tambi\u00e9n muy \u00fatil\u00bb. Destac\u00f3 la importancia de usarla \u00abpara el bien\u00bb y no para generar mentiras o para suplantar la creaci\u00f3n humana.<\/p>\n","protected":false},"excerpt":{"rendered":"<p>\u25a0 La reconocida cantautora, artista de mayor trayectoria en la grilla del evento, brind\u00f3 un show conmovedor y cargado de un profundo mensaje pol\u00edtico-cultural, celebrando la m\u00fasica como una herramienta de memoria y esperanza.<\/p>\n","protected":false},"author":2,"featured_media":169491,"comment_status":"closed","ping_status":"closed","sticky":false,"template":"","format":"standard","meta":{"footnotes":""},"categories":[4,20734],"tags":[20862,1939],"class_list":["post-169490","post","type-post","status-publish","format-standard","has-post-thumbnail","hentry","category-cultura","category-ultimo-momento","tag-fiesta-nacional-del-salame-quintero","tag-teresa-parodi"],"yoast_head":"<!-- This site is optimized with the Yoast SEO plugin v27.4 - https:\/\/yoast.com\/product\/yoast-seo-wordpress\/ -->\n<title>Teresa Parodi, en el cierre de la Fiesta del Salame: \u201cHay tanta patria guardada en el arte\u201d<\/title>\n<meta name=\"description\" content=\"\u25a0 La reconocida cantautora, artista de mayor trayectoria en la grilla del evento, brind\u00f3 un show conmovedor y cargado de un profundo mensaje pol\u00edtico-cultural, celebrando la m\u00fasica como una herramienta de memoria y esperanza.\" \/>\n<meta name=\"robots\" content=\"index, follow, max-snippet:-1, max-image-preview:large, max-video-preview:-1\" \/>\n<link rel=\"canonical\" href=\"https:\/\/noticiasmercedinas.com\/site\/2025\/09\/14\/teresa-parodi-en-el-cierre-de-la-fiesta-del-salame-hay-tanta-patria-guardada-en-el-arte\/\" \/>\n<meta property=\"og:locale\" content=\"es_ES\" \/>\n<meta property=\"og:type\" content=\"article\" \/>\n<meta property=\"og:title\" content=\"Teresa Parodi, en el cierre de la Fiesta del Salame: \u201cHay tanta patria guardada en el arte\u201d\" \/>\n<meta property=\"og:description\" content=\"\u25a0 La reconocida cantautora, artista de mayor trayectoria en la grilla del evento, brind\u00f3 un show conmovedor y cargado de un profundo mensaje pol\u00edtico-cultural, celebrando la m\u00fasica como una herramienta de memoria y esperanza.\" \/>\n<meta property=\"og:url\" content=\"https:\/\/noticiasmercedinas.com\/site\/2025\/09\/14\/teresa-parodi-en-el-cierre-de-la-fiesta-del-salame-hay-tanta-patria-guardada-en-el-arte\/\" \/>\n<meta property=\"og:site_name\" content=\"NOTICIASMERCEDINAS.COM\" \/>\n<meta property=\"article:publisher\" content=\"https:\/\/www.facebook.com\/noticiasmercedinas\/\" \/>\n<meta property=\"article:author\" content=\"https:\/\/www.facebook.com\/cristian.falabella\" \/>\n<meta property=\"article:published_time\" content=\"2025-09-14T22:41:58+00:00\" \/>\n<meta property=\"article:modified_time\" content=\"2025-09-15T13:14:14+00:00\" \/>\n<meta property=\"og:image\" content=\"https:\/\/noticiasmercedinas.com\/site\/wp-content\/uploads\/2025\/09\/PARODI.jpg\" \/>\n\t<meta property=\"og:image:width\" content=\"1280\" \/>\n\t<meta property=\"og:image:height\" content=\"720\" \/>\n\t<meta property=\"og:image:type\" content=\"image\/jpeg\" \/>\n<meta name=\"author\" content=\"Cristian Falabella NOTICIASMERCEDINAS.COM\" \/>\n<meta name=\"twitter:card\" content=\"summary_large_image\" \/>\n<meta name=\"twitter:creator\" content=\"@https:\/\/twitter.com\/NOTMERCEDINAS\" \/>\n<meta name=\"twitter:site\" content=\"@notmercedinas\" \/>\n<meta name=\"twitter:label1\" content=\"Escrito por\" \/>\n\t<meta name=\"twitter:data1\" content=\"Cristian Falabella NOTICIASMERCEDINAS.COM\" \/>\n\t<meta name=\"twitter:label2\" content=\"Tiempo de lectura\" \/>\n\t<meta name=\"twitter:data2\" content=\"4 minutos\" \/>\n<script type=\"application\/ld+json\" class=\"yoast-schema-graph\">{\"@context\":\"https:\\\/\\\/schema.org\",\"@graph\":[{\"@type\":\"Article\",\"@id\":\"https:\\\/\\\/noticiasmercedinas.com\\\/site\\\/2025\\\/09\\\/14\\\/teresa-parodi-en-el-cierre-de-la-fiesta-del-salame-hay-tanta-patria-guardada-en-el-arte\\\/#article\",\"isPartOf\":{\"@id\":\"https:\\\/\\\/noticiasmercedinas.com\\\/site\\\/2025\\\/09\\\/14\\\/teresa-parodi-en-el-cierre-de-la-fiesta-del-salame-hay-tanta-patria-guardada-en-el-arte\\\/\"},\"author\":{\"name\":\"Cristian Falabella NOTICIASMERCEDINAS.COM\",\"@id\":\"https:\\\/\\\/noticiasmercedinas.com\\\/site\\\/#\\\/schema\\\/person\\\/d481a9696a5feaec13a60e2bbd991a6a\"},\"headline\":\"Teresa Parodi, en el cierre de la Fiesta del Salame: \u201cHay tanta patria guardada en el arte\u201d\",\"datePublished\":\"2025-09-14T22:41:58+00:00\",\"dateModified\":\"2025-09-15T13:14:14+00:00\",\"mainEntityOfPage\":{\"@id\":\"https:\\\/\\\/noticiasmercedinas.com\\\/site\\\/2025\\\/09\\\/14\\\/teresa-parodi-en-el-cierre-de-la-fiesta-del-salame-hay-tanta-patria-guardada-en-el-arte\\\/\"},\"wordCount\":672,\"publisher\":{\"@id\":\"https:\\\/\\\/noticiasmercedinas.com\\\/site\\\/#organization\"},\"image\":{\"@id\":\"https:\\\/\\\/noticiasmercedinas.com\\\/site\\\/2025\\\/09\\\/14\\\/teresa-parodi-en-el-cierre-de-la-fiesta-del-salame-hay-tanta-patria-guardada-en-el-arte\\\/#primaryimage\"},\"thumbnailUrl\":\"https:\\\/\\\/noticiasmercedinas.com\\\/site\\\/wp-content\\\/uploads\\\/2025\\\/09\\\/PARODI.jpg\",\"keywords\":[\"fiesta nacional del salame quintero\",\"Teresa Parodi\"],\"articleSection\":[\"Cultura\",\"Ultimo momento\"],\"inLanguage\":\"es\"},{\"@type\":\"WebPage\",\"@id\":\"https:\\\/\\\/noticiasmercedinas.com\\\/site\\\/2025\\\/09\\\/14\\\/teresa-parodi-en-el-cierre-de-la-fiesta-del-salame-hay-tanta-patria-guardada-en-el-arte\\\/\",\"url\":\"https:\\\/\\\/noticiasmercedinas.com\\\/site\\\/2025\\\/09\\\/14\\\/teresa-parodi-en-el-cierre-de-la-fiesta-del-salame-hay-tanta-patria-guardada-en-el-arte\\\/\",\"name\":\"Teresa Parodi, en el cierre de la Fiesta del Salame: \u201cHay tanta patria guardada en el arte\u201d\",\"isPartOf\":{\"@id\":\"https:\\\/\\\/noticiasmercedinas.com\\\/site\\\/#website\"},\"primaryImageOfPage\":{\"@id\":\"https:\\\/\\\/noticiasmercedinas.com\\\/site\\\/2025\\\/09\\\/14\\\/teresa-parodi-en-el-cierre-de-la-fiesta-del-salame-hay-tanta-patria-guardada-en-el-arte\\\/#primaryimage\"},\"image\":{\"@id\":\"https:\\\/\\\/noticiasmercedinas.com\\\/site\\\/2025\\\/09\\\/14\\\/teresa-parodi-en-el-cierre-de-la-fiesta-del-salame-hay-tanta-patria-guardada-en-el-arte\\\/#primaryimage\"},\"thumbnailUrl\":\"https:\\\/\\\/noticiasmercedinas.com\\\/site\\\/wp-content\\\/uploads\\\/2025\\\/09\\\/PARODI.jpg\",\"datePublished\":\"2025-09-14T22:41:58+00:00\",\"dateModified\":\"2025-09-15T13:14:14+00:00\",\"description\":\"\u25a0 La reconocida cantautora, artista de mayor trayectoria en la grilla del evento, brind\u00f3 un show conmovedor y cargado de un profundo mensaje pol\u00edtico-cultural, celebrando la m\u00fasica como una herramienta de memoria y esperanza.\",\"breadcrumb\":{\"@id\":\"https:\\\/\\\/noticiasmercedinas.com\\\/site\\\/2025\\\/09\\\/14\\\/teresa-parodi-en-el-cierre-de-la-fiesta-del-salame-hay-tanta-patria-guardada-en-el-arte\\\/#breadcrumb\"},\"inLanguage\":\"es\",\"potentialAction\":[{\"@type\":\"ReadAction\",\"target\":[\"https:\\\/\\\/noticiasmercedinas.com\\\/site\\\/2025\\\/09\\\/14\\\/teresa-parodi-en-el-cierre-de-la-fiesta-del-salame-hay-tanta-patria-guardada-en-el-arte\\\/\"]}]},{\"@type\":\"ImageObject\",\"inLanguage\":\"es\",\"@id\":\"https:\\\/\\\/noticiasmercedinas.com\\\/site\\\/2025\\\/09\\\/14\\\/teresa-parodi-en-el-cierre-de-la-fiesta-del-salame-hay-tanta-patria-guardada-en-el-arte\\\/#primaryimage\",\"url\":\"https:\\\/\\\/noticiasmercedinas.com\\\/site\\\/wp-content\\\/uploads\\\/2025\\\/09\\\/PARODI.jpg\",\"contentUrl\":\"https:\\\/\\\/noticiasmercedinas.com\\\/site\\\/wp-content\\\/uploads\\\/2025\\\/09\\\/PARODI.jpg\",\"width\":1280,\"height\":720},{\"@type\":\"BreadcrumbList\",\"@id\":\"https:\\\/\\\/noticiasmercedinas.com\\\/site\\\/2025\\\/09\\\/14\\\/teresa-parodi-en-el-cierre-de-la-fiesta-del-salame-hay-tanta-patria-guardada-en-el-arte\\\/#breadcrumb\",\"itemListElement\":[{\"@type\":\"ListItem\",\"position\":1,\"name\":\"Portada\",\"item\":\"https:\\\/\\\/noticiasmercedinas.com\\\/site\\\/\"},{\"@type\":\"ListItem\",\"position\":2,\"name\":\"Teresa Parodi, en el cierre de la Fiesta del Salame: \u201cHay tanta patria guardada en el arte\u201d\"}]},{\"@type\":\"WebSite\",\"@id\":\"https:\\\/\\\/noticiasmercedinas.com\\\/site\\\/#website\",\"url\":\"https:\\\/\\\/noticiasmercedinas.com\\\/site\\\/\",\"name\":\"NOTICIASMERCEDINAS.COM\",\"description\":\"Mercedes, Buenos Aires, Argentina\",\"publisher\":{\"@id\":\"https:\\\/\\\/noticiasmercedinas.com\\\/site\\\/#organization\"},\"potentialAction\":[{\"@type\":\"SearchAction\",\"target\":{\"@type\":\"EntryPoint\",\"urlTemplate\":\"https:\\\/\\\/noticiasmercedinas.com\\\/site\\\/?s={search_term_string}\"},\"query-input\":{\"@type\":\"PropertyValueSpecification\",\"valueRequired\":true,\"valueName\":\"search_term_string\"}}],\"inLanguage\":\"es\"},{\"@type\":\"Organization\",\"@id\":\"https:\\\/\\\/noticiasmercedinas.com\\\/site\\\/#organization\",\"name\":\"NOTICIASMERCEDINAS.COM\",\"url\":\"https:\\\/\\\/noticiasmercedinas.com\\\/site\\\/\",\"logo\":{\"@type\":\"ImageObject\",\"inLanguage\":\"es\",\"@id\":\"https:\\\/\\\/noticiasmercedinas.com\\\/site\\\/#\\\/schema\\\/logo\\\/image\\\/\",\"url\":\"https:\\\/\\\/noticiasmercedinas.com\\\/site\\\/wp-content\\\/uploads\\\/2020\\\/06\\\/LOGO-512.jpg\",\"contentUrl\":\"https:\\\/\\\/noticiasmercedinas.com\\\/site\\\/wp-content\\\/uploads\\\/2020\\\/06\\\/LOGO-512.jpg\",\"width\":512,\"height\":512,\"caption\":\"NOTICIASMERCEDINAS.COM\"},\"image\":{\"@id\":\"https:\\\/\\\/noticiasmercedinas.com\\\/site\\\/#\\\/schema\\\/logo\\\/image\\\/\"},\"sameAs\":[\"https:\\\/\\\/www.facebook.com\\\/noticiasmercedinas\\\/\",\"https:\\\/\\\/x.com\\\/notmercedinas\",\"https:\\\/\\\/www.instagram.com\\\/noticiasmercedinas\\\/\"]},{\"@type\":\"Person\",\"@id\":\"https:\\\/\\\/noticiasmercedinas.com\\\/site\\\/#\\\/schema\\\/person\\\/d481a9696a5feaec13a60e2bbd991a6a\",\"name\":\"Cristian Falabella NOTICIASMERCEDINAS.COM\",\"image\":{\"@type\":\"ImageObject\",\"inLanguage\":\"es\",\"@id\":\"https:\\\/\\\/secure.gravatar.com\\\/avatar\\\/0dbbfc45970cc46bcd0e57766228574ff3511d6eed045b182f536f0f478c1f06?s=96&d=mm&r=g\",\"url\":\"https:\\\/\\\/secure.gravatar.com\\\/avatar\\\/0dbbfc45970cc46bcd0e57766228574ff3511d6eed045b182f536f0f478c1f06?s=96&d=mm&r=g\",\"contentUrl\":\"https:\\\/\\\/secure.gravatar.com\\\/avatar\\\/0dbbfc45970cc46bcd0e57766228574ff3511d6eed045b182f536f0f478c1f06?s=96&d=mm&r=g\",\"caption\":\"Cristian Falabella NOTICIASMERCEDINAS.COM\"},\"description\":\"Periodista, editor de Noticias Mercedinas. Pas\u00f3 por varias redacciones y emprendimientos de prensa, en distintos formatos y \u00e9pocas. Se especializ\u00f3 --y sigue haci\u00e9ndolo-- en comunicaci\u00f3n en la web y en junio de 2006 fund\u00f3 este diario digital.\",\"sameAs\":[\"https:\\\/\\\/noticiasmercedinas.com\",\"https:\\\/\\\/www.facebook.com\\\/cristian.falabella\",\"https:\\\/\\\/www.instagram.com\\\/noticiasmercedinas\\\/\",\"https:\\\/\\\/x.com\\\/https:\\\/\\\/twitter.com\\\/NOTMERCEDINAS\"],\"url\":\"https:\\\/\\\/noticiasmercedinas.com\\\/site\\\/author\\\/as000384\\\/\"}]}<\/script>\n<!-- \/ Yoast SEO plugin. -->","yoast_head_json":{"title":"Teresa Parodi, en el cierre de la Fiesta del Salame: \u201cHay tanta patria guardada en el arte\u201d","description":"\u25a0 La reconocida cantautora, artista de mayor trayectoria en la grilla del evento, brind\u00f3 un show conmovedor y cargado de un profundo mensaje pol\u00edtico-cultural, celebrando la m\u00fasica como una herramienta de memoria y esperanza.","robots":{"index":"index","follow":"follow","max-snippet":"max-snippet:-1","max-image-preview":"max-image-preview:large","max-video-preview":"max-video-preview:-1"},"canonical":"https:\/\/noticiasmercedinas.com\/site\/2025\/09\/14\/teresa-parodi-en-el-cierre-de-la-fiesta-del-salame-hay-tanta-patria-guardada-en-el-arte\/","og_locale":"es_ES","og_type":"article","og_title":"Teresa Parodi, en el cierre de la Fiesta del Salame: \u201cHay tanta patria guardada en el arte\u201d","og_description":"\u25a0 La reconocida cantautora, artista de mayor trayectoria en la grilla del evento, brind\u00f3 un show conmovedor y cargado de un profundo mensaje pol\u00edtico-cultural, celebrando la m\u00fasica como una herramienta de memoria y esperanza.","og_url":"https:\/\/noticiasmercedinas.com\/site\/2025\/09\/14\/teresa-parodi-en-el-cierre-de-la-fiesta-del-salame-hay-tanta-patria-guardada-en-el-arte\/","og_site_name":"NOTICIASMERCEDINAS.COM","article_publisher":"https:\/\/www.facebook.com\/noticiasmercedinas\/","article_author":"https:\/\/www.facebook.com\/cristian.falabella","article_published_time":"2025-09-14T22:41:58+00:00","article_modified_time":"2025-09-15T13:14:14+00:00","og_image":[{"width":1280,"height":720,"url":"https:\/\/noticiasmercedinas.com\/site\/wp-content\/uploads\/2025\/09\/PARODI.jpg","type":"image\/jpeg"}],"author":"Cristian Falabella NOTICIASMERCEDINAS.COM","twitter_card":"summary_large_image","twitter_creator":"@https:\/\/twitter.com\/NOTMERCEDINAS","twitter_site":"@notmercedinas","twitter_misc":{"Escrito por":"Cristian Falabella NOTICIASMERCEDINAS.COM","Tiempo de lectura":"4 minutos"},"schema":{"@context":"https:\/\/schema.org","@graph":[{"@type":"Article","@id":"https:\/\/noticiasmercedinas.com\/site\/2025\/09\/14\/teresa-parodi-en-el-cierre-de-la-fiesta-del-salame-hay-tanta-patria-guardada-en-el-arte\/#article","isPartOf":{"@id":"https:\/\/noticiasmercedinas.com\/site\/2025\/09\/14\/teresa-parodi-en-el-cierre-de-la-fiesta-del-salame-hay-tanta-patria-guardada-en-el-arte\/"},"author":{"name":"Cristian Falabella NOTICIASMERCEDINAS.COM","@id":"https:\/\/noticiasmercedinas.com\/site\/#\/schema\/person\/d481a9696a5feaec13a60e2bbd991a6a"},"headline":"Teresa Parodi, en el cierre de la Fiesta del Salame: \u201cHay tanta patria guardada en el arte\u201d","datePublished":"2025-09-14T22:41:58+00:00","dateModified":"2025-09-15T13:14:14+00:00","mainEntityOfPage":{"@id":"https:\/\/noticiasmercedinas.com\/site\/2025\/09\/14\/teresa-parodi-en-el-cierre-de-la-fiesta-del-salame-hay-tanta-patria-guardada-en-el-arte\/"},"wordCount":672,"publisher":{"@id":"https:\/\/noticiasmercedinas.com\/site\/#organization"},"image":{"@id":"https:\/\/noticiasmercedinas.com\/site\/2025\/09\/14\/teresa-parodi-en-el-cierre-de-la-fiesta-del-salame-hay-tanta-patria-guardada-en-el-arte\/#primaryimage"},"thumbnailUrl":"https:\/\/noticiasmercedinas.com\/site\/wp-content\/uploads\/2025\/09\/PARODI.jpg","keywords":["fiesta nacional del salame quintero","Teresa Parodi"],"articleSection":["Cultura","Ultimo momento"],"inLanguage":"es"},{"@type":"WebPage","@id":"https:\/\/noticiasmercedinas.com\/site\/2025\/09\/14\/teresa-parodi-en-el-cierre-de-la-fiesta-del-salame-hay-tanta-patria-guardada-en-el-arte\/","url":"https:\/\/noticiasmercedinas.com\/site\/2025\/09\/14\/teresa-parodi-en-el-cierre-de-la-fiesta-del-salame-hay-tanta-patria-guardada-en-el-arte\/","name":"Teresa Parodi, en el cierre de la Fiesta del Salame: \u201cHay tanta patria guardada en el arte\u201d","isPartOf":{"@id":"https:\/\/noticiasmercedinas.com\/site\/#website"},"primaryImageOfPage":{"@id":"https:\/\/noticiasmercedinas.com\/site\/2025\/09\/14\/teresa-parodi-en-el-cierre-de-la-fiesta-del-salame-hay-tanta-patria-guardada-en-el-arte\/#primaryimage"},"image":{"@id":"https:\/\/noticiasmercedinas.com\/site\/2025\/09\/14\/teresa-parodi-en-el-cierre-de-la-fiesta-del-salame-hay-tanta-patria-guardada-en-el-arte\/#primaryimage"},"thumbnailUrl":"https:\/\/noticiasmercedinas.com\/site\/wp-content\/uploads\/2025\/09\/PARODI.jpg","datePublished":"2025-09-14T22:41:58+00:00","dateModified":"2025-09-15T13:14:14+00:00","description":"\u25a0 La reconocida cantautora, artista de mayor trayectoria en la grilla del evento, brind\u00f3 un show conmovedor y cargado de un profundo mensaje pol\u00edtico-cultural, celebrando la m\u00fasica como una herramienta de memoria y esperanza.","breadcrumb":{"@id":"https:\/\/noticiasmercedinas.com\/site\/2025\/09\/14\/teresa-parodi-en-el-cierre-de-la-fiesta-del-salame-hay-tanta-patria-guardada-en-el-arte\/#breadcrumb"},"inLanguage":"es","potentialAction":[{"@type":"ReadAction","target":["https:\/\/noticiasmercedinas.com\/site\/2025\/09\/14\/teresa-parodi-en-el-cierre-de-la-fiesta-del-salame-hay-tanta-patria-guardada-en-el-arte\/"]}]},{"@type":"ImageObject","inLanguage":"es","@id":"https:\/\/noticiasmercedinas.com\/site\/2025\/09\/14\/teresa-parodi-en-el-cierre-de-la-fiesta-del-salame-hay-tanta-patria-guardada-en-el-arte\/#primaryimage","url":"https:\/\/noticiasmercedinas.com\/site\/wp-content\/uploads\/2025\/09\/PARODI.jpg","contentUrl":"https:\/\/noticiasmercedinas.com\/site\/wp-content\/uploads\/2025\/09\/PARODI.jpg","width":1280,"height":720},{"@type":"BreadcrumbList","@id":"https:\/\/noticiasmercedinas.com\/site\/2025\/09\/14\/teresa-parodi-en-el-cierre-de-la-fiesta-del-salame-hay-tanta-patria-guardada-en-el-arte\/#breadcrumb","itemListElement":[{"@type":"ListItem","position":1,"name":"Portada","item":"https:\/\/noticiasmercedinas.com\/site\/"},{"@type":"ListItem","position":2,"name":"Teresa Parodi, en el cierre de la Fiesta del Salame: \u201cHay tanta patria guardada en el arte\u201d"}]},{"@type":"WebSite","@id":"https:\/\/noticiasmercedinas.com\/site\/#website","url":"https:\/\/noticiasmercedinas.com\/site\/","name":"NOTICIASMERCEDINAS.COM","description":"Mercedes, Buenos Aires, Argentina","publisher":{"@id":"https:\/\/noticiasmercedinas.com\/site\/#organization"},"potentialAction":[{"@type":"SearchAction","target":{"@type":"EntryPoint","urlTemplate":"https:\/\/noticiasmercedinas.com\/site\/?s={search_term_string}"},"query-input":{"@type":"PropertyValueSpecification","valueRequired":true,"valueName":"search_term_string"}}],"inLanguage":"es"},{"@type":"Organization","@id":"https:\/\/noticiasmercedinas.com\/site\/#organization","name":"NOTICIASMERCEDINAS.COM","url":"https:\/\/noticiasmercedinas.com\/site\/","logo":{"@type":"ImageObject","inLanguage":"es","@id":"https:\/\/noticiasmercedinas.com\/site\/#\/schema\/logo\/image\/","url":"https:\/\/noticiasmercedinas.com\/site\/wp-content\/uploads\/2020\/06\/LOGO-512.jpg","contentUrl":"https:\/\/noticiasmercedinas.com\/site\/wp-content\/uploads\/2020\/06\/LOGO-512.jpg","width":512,"height":512,"caption":"NOTICIASMERCEDINAS.COM"},"image":{"@id":"https:\/\/noticiasmercedinas.com\/site\/#\/schema\/logo\/image\/"},"sameAs":["https:\/\/www.facebook.com\/noticiasmercedinas\/","https:\/\/x.com\/notmercedinas","https:\/\/www.instagram.com\/noticiasmercedinas\/"]},{"@type":"Person","@id":"https:\/\/noticiasmercedinas.com\/site\/#\/schema\/person\/d481a9696a5feaec13a60e2bbd991a6a","name":"Cristian Falabella NOTICIASMERCEDINAS.COM","image":{"@type":"ImageObject","inLanguage":"es","@id":"https:\/\/secure.gravatar.com\/avatar\/0dbbfc45970cc46bcd0e57766228574ff3511d6eed045b182f536f0f478c1f06?s=96&d=mm&r=g","url":"https:\/\/secure.gravatar.com\/avatar\/0dbbfc45970cc46bcd0e57766228574ff3511d6eed045b182f536f0f478c1f06?s=96&d=mm&r=g","contentUrl":"https:\/\/secure.gravatar.com\/avatar\/0dbbfc45970cc46bcd0e57766228574ff3511d6eed045b182f536f0f478c1f06?s=96&d=mm&r=g","caption":"Cristian Falabella NOTICIASMERCEDINAS.COM"},"description":"Periodista, editor de Noticias Mercedinas. Pas\u00f3 por varias redacciones y emprendimientos de prensa, en distintos formatos y \u00e9pocas. Se especializ\u00f3 --y sigue haci\u00e9ndolo-- en comunicaci\u00f3n en la web y en junio de 2006 fund\u00f3 este diario digital.","sameAs":["https:\/\/noticiasmercedinas.com","https:\/\/www.facebook.com\/cristian.falabella","https:\/\/www.instagram.com\/noticiasmercedinas\/","https:\/\/x.com\/https:\/\/twitter.com\/NOTMERCEDINAS"],"url":"https:\/\/noticiasmercedinas.com\/site\/author\/as000384\/"}]}},"amp_enabled":true,"_links":{"self":[{"href":"https:\/\/noticiasmercedinas.com\/site\/wp-json\/wp\/v2\/posts\/169490","targetHints":{"allow":["GET"]}}],"collection":[{"href":"https:\/\/noticiasmercedinas.com\/site\/wp-json\/wp\/v2\/posts"}],"about":[{"href":"https:\/\/noticiasmercedinas.com\/site\/wp-json\/wp\/v2\/types\/post"}],"author":[{"embeddable":true,"href":"https:\/\/noticiasmercedinas.com\/site\/wp-json\/wp\/v2\/users\/2"}],"replies":[{"embeddable":true,"href":"https:\/\/noticiasmercedinas.com\/site\/wp-json\/wp\/v2\/comments?post=169490"}],"version-history":[{"count":3,"href":"https:\/\/noticiasmercedinas.com\/site\/wp-json\/wp\/v2\/posts\/169490\/revisions"}],"predecessor-version":[{"id":169554,"href":"https:\/\/noticiasmercedinas.com\/site\/wp-json\/wp\/v2\/posts\/169490\/revisions\/169554"}],"wp:featuredmedia":[{"embeddable":true,"href":"https:\/\/noticiasmercedinas.com\/site\/wp-json\/wp\/v2\/media\/169491"}],"wp:attachment":[{"href":"https:\/\/noticiasmercedinas.com\/site\/wp-json\/wp\/v2\/media?parent=169490"}],"wp:term":[{"taxonomy":"category","embeddable":true,"href":"https:\/\/noticiasmercedinas.com\/site\/wp-json\/wp\/v2\/categories?post=169490"},{"taxonomy":"post_tag","embeddable":true,"href":"https:\/\/noticiasmercedinas.com\/site\/wp-json\/wp\/v2\/tags?post=169490"}],"curies":[{"name":"wp","href":"https:\/\/api.w.org\/{rel}","templated":true}]}}