{"id":169495,"date":"2025-09-14T16:59:09","date_gmt":"2025-09-14T19:59:09","guid":{"rendered":"https:\/\/noticiasmercedinas.com\/site\/?p=169495"},"modified":"2025-09-14T20:06:17","modified_gmt":"2025-09-14T23:06:17","slug":"juan-manuel-lopez-candidato-de-la-coalicion-civica-paso-por-la-ciudad-y-visito-la-fiesta-del-salame","status":"publish","type":"post","link":"https:\/\/noticiasmercedinas.com\/site\/2025\/09\/14\/juan-manuel-lopez-candidato-de-la-coalicion-civica-paso-por-la-ciudad-y-visito-la-fiesta-del-salame\/","title":{"rendered":"Juan Manuel L\u00f3pez, candidato de la Coalici\u00f3n C\u00edvica, pas\u00f3 por la ciudad y visit\u00f3 la Fiesta del Salame"},"content":{"rendered":"<p><img loading=\"lazy\" decoding=\"async\" class=\"alignnone size-full wp-image-169496\" src=\"https:\/\/noticiasmercedinas.com\/site\/wp-content\/uploads\/2025\/09\/c1b350cd-5de4-4582-bd03-2c6850afd794-scaled-e1757890955631.jpg\" alt=\"\" width=\"1920\" height=\"1212\" srcset=\"https:\/\/noticiasmercedinas.com\/site\/wp-content\/uploads\/2025\/09\/c1b350cd-5de4-4582-bd03-2c6850afd794-scaled-e1757890955631.jpg 1920w, https:\/\/noticiasmercedinas.com\/site\/wp-content\/uploads\/2025\/09\/c1b350cd-5de4-4582-bd03-2c6850afd794-scaled-e1757890955631-300x189.jpg 300w, https:\/\/noticiasmercedinas.com\/site\/wp-content\/uploads\/2025\/09\/c1b350cd-5de4-4582-bd03-2c6850afd794-scaled-e1757890955631-1024x646.jpg 1024w, https:\/\/noticiasmercedinas.com\/site\/wp-content\/uploads\/2025\/09\/c1b350cd-5de4-4582-bd03-2c6850afd794-scaled-e1757890955631-768x485.jpg 768w, https:\/\/noticiasmercedinas.com\/site\/wp-content\/uploads\/2025\/09\/c1b350cd-5de4-4582-bd03-2c6850afd794-scaled-e1757890955631-1536x970.jpg 1536w, https:\/\/noticiasmercedinas.com\/site\/wp-content\/uploads\/2025\/09\/c1b350cd-5de4-4582-bd03-2c6850afd794-scaled-e1757890955631-640x404.jpg 640w, https:\/\/noticiasmercedinas.com\/site\/wp-content\/uploads\/2025\/09\/c1b350cd-5de4-4582-bd03-2c6850afd794-scaled-e1757890955631-1280x808.jpg 1280w, https:\/\/noticiasmercedinas.com\/site\/wp-content\/uploads\/2025\/09\/c1b350cd-5de4-4582-bd03-2c6850afd794-scaled-e1757890955631-681x430.jpg 681w, https:\/\/noticiasmercedinas.com\/site\/wp-content\/uploads\/2025\/09\/c1b350cd-5de4-4582-bd03-2c6850afd794-scaled-e1757890955631-1362x860.jpg 1362w\" sizes=\"auto, (max-width: 1920px) 100vw, 1920px\" \/><\/p>\n<p>El candidato a diputado nacional de la Coalici\u00f3n C\u00edvica, <strong>Juan Manuel L\u00f3pez<\/strong>, visit\u00f3 este s\u00e1bado la 50\u00aa Fiesta Nacional del Salame Quintero de Mercedes. Acompa\u00f1ado por el referente local <strong>Daniel Alonso<\/strong>, el dirigente aprovech\u00f3 la ocasi\u00f3n para recorrer el evento, escuchar a los vecinos y productores, y reflexionar sobre la importancia de las fiestas populares para comprender la diversidad y la realidad de la provincia de Buenos Aires.<\/p>\n<p>\u00abLas fiestas populares son una buena oportunidad\u00bb, afirm\u00f3 L\u00f3pez, quien destac\u00f3 que estos eventos permiten ver el trabajo de los mercedinos y conocer m\u00e1s sobre la cultura de cada pueblo en una provincia tan extensa.<\/p>\n<p><strong>El desaf\u00edo electoral y la experiencia en el Congreso<\/strong><\/p>\n<p>De cara al pr\u00f3ximo compromiso electoral del <strong>26 de octubre<\/strong>, L\u00f3pez explic\u00f3 que el objetivo de su fuerza es ofrecer una \u00abalternativa seria al papel\u00f3n que se ve en el Congreso\u00bb.<\/p>\n<p>El candidato, que encabeza la lista de la Coalici\u00f3n C\u00edvica, enfatiz\u00f3 que su espacio cuenta con el respaldo de \u00abradicales que gestionan municipios de manera eficiente y comprenden a fondo la realidad de los vecinos\u00bb. Para L\u00f3pez, esta experiencia de gesti\u00f3n es una ventaja que su lista tiene sobre otras opciones, sumado a la trayectoria de los diputados de la Coalici\u00f3n C\u00edvica en el \u00e1mbito legislativo. \u00abYo me form\u00e9 al lado de Lilita Carri\u00f3, primero como asesor y luego como diputado\u00bb, asegur\u00f3.<\/p>\n<p><strong>An\u00e1lisis de los resultados y el camino a octubre<\/strong><\/p>\n<p>Al analizar los resultados de las elecciones, el candidato reconoci\u00f3 que el desempe\u00f1o del frente \u00abSomos Buenos Aires\u00bb fue \u00abmuy desparejo\u00bb en las distintas ciudades de la provincia. Destac\u00f3 los buenos resultados obtenidos en la Cuarta y Sexta Secci\u00f3n Electoral, donde la lista estuvo encabezada por referentes del PRO, la Coalici\u00f3n C\u00edvica y el radicalismo. L\u00f3pez se\u00f1al\u00f3 que la performance fue mejor en los lugares donde el frente se pareci\u00f3 m\u00e1s a lo que fue Juntos por el Cambio. Sin embargo, reconoci\u00f3 que en todas las elecciones el \u00abpoder de los intendentes\u00bb fue un factor movilizador.<\/p>\n<p>De cara a las elecciones de octubre, L\u00f3pez se muestra optimista: \u00abTengo la expectativa de que la lista de la Coalici\u00f3n C\u00edvica pueda convocar a los votantes que no fueron a votar y que hasta el 2023 votaban a Juntos por el Cambio\u00bb.<\/p>\n","protected":false},"excerpt":{"rendered":"<p>\u25a0 El referente pol\u00edtico recorri\u00f3 el predio y se refiri\u00f3 al desaf\u00edo de representar a la provincia en el Congreso, al trabajo de su fuerza y a la importancia de las fiestas populares como espacio de encuentro con los bonaerenses.<\/p>\n","protected":false},"author":16,"featured_media":169496,"comment_status":"closed","ping_status":"closed","sticky":false,"template":"","format":"standard","meta":{"footnotes":""},"categories":[16],"tags":[15744,20862,20877,20510],"class_list":["post-169495","post","type-post","status-publish","format-standard","has-post-thumbnail","hentry","category-politica","tag-daniel-alonso","tag-fiesta-nacional-del-salame-quintero","tag-juan-manuel-lopez","tag-somos-buenos-aires"],"yoast_head":"<!-- This site is optimized with the Yoast SEO plugin v27.4 - https:\/\/yoast.com\/product\/yoast-seo-wordpress\/ -->\n<title>Juan Manuel L\u00f3pez, candidato de la Coalici\u00f3n C\u00edvica, pas\u00f3 por la ciudad y visit\u00f3 la Fiesta del Salame<\/title>\n<meta name=\"description\" content=\"\u25a0 El referente pol\u00edtico recorri\u00f3 el predio y se refiri\u00f3 al desaf\u00edo de representar a la provincia en el Congreso, al trabajo de su fuerza y a la importancia de las fiestas populares como espacio de encuentro con los bonaerenses.\" \/>\n<meta name=\"robots\" content=\"index, follow, max-snippet:-1, max-image-preview:large, max-video-preview:-1\" \/>\n<link rel=\"canonical\" href=\"https:\/\/noticiasmercedinas.com\/site\/2025\/09\/14\/juan-manuel-lopez-candidato-de-la-coalicion-civica-paso-por-la-ciudad-y-visito-la-fiesta-del-salame\/\" \/>\n<meta property=\"og:locale\" content=\"es_ES\" \/>\n<meta property=\"og:type\" content=\"article\" \/>\n<meta property=\"og:title\" content=\"Juan Manuel L\u00f3pez, candidato de la Coalici\u00f3n C\u00edvica, pas\u00f3 por la ciudad y visit\u00f3 la Fiesta del Salame\" \/>\n<meta property=\"og:description\" content=\"\u25a0 El referente pol\u00edtico recorri\u00f3 el predio y se refiri\u00f3 al desaf\u00edo de representar a la provincia en el Congreso, al trabajo de su fuerza y a la importancia de las fiestas populares como espacio de encuentro con los bonaerenses.\" \/>\n<meta property=\"og:url\" content=\"https:\/\/noticiasmercedinas.com\/site\/2025\/09\/14\/juan-manuel-lopez-candidato-de-la-coalicion-civica-paso-por-la-ciudad-y-visito-la-fiesta-del-salame\/\" \/>\n<meta property=\"og:site_name\" content=\"NOTICIASMERCEDINAS.COM\" \/>\n<meta property=\"article:publisher\" content=\"https:\/\/www.facebook.com\/noticiasmercedinas\/\" \/>\n<meta property=\"article:published_time\" content=\"2025-09-14T19:59:09+00:00\" \/>\n<meta property=\"article:modified_time\" content=\"2025-09-14T23:06:17+00:00\" \/>\n<meta property=\"og:image\" content=\"https:\/\/noticiasmercedinas.com\/site\/wp-content\/uploads\/2025\/09\/c1b350cd-5de4-4582-bd03-2c6850afd794-scaled-e1757890955631.jpg\" \/>\n\t<meta property=\"og:image:width\" content=\"1920\" \/>\n\t<meta property=\"og:image:height\" content=\"1212\" \/>\n\t<meta property=\"og:image:type\" content=\"image\/jpeg\" \/>\n<meta name=\"author\" content=\"NOTICIASMERCEDINAS.COM\" \/>\n<meta name=\"twitter:card\" content=\"summary_large_image\" \/>\n<meta name=\"twitter:creator\" content=\"@notmercedinas\" \/>\n<meta name=\"twitter:site\" content=\"@notmercedinas\" \/>\n<meta name=\"twitter:label1\" content=\"Escrito por\" \/>\n\t<meta name=\"twitter:data1\" content=\"NOTICIASMERCEDINAS.COM\" \/>\n\t<meta name=\"twitter:label2\" content=\"Tiempo de lectura\" \/>\n\t<meta name=\"twitter:data2\" content=\"3 minutos\" \/>\n<script type=\"application\/ld+json\" class=\"yoast-schema-graph\">{\"@context\":\"https:\\\/\\\/schema.org\",\"@graph\":[{\"@type\":\"Article\",\"@id\":\"https:\\\/\\\/noticiasmercedinas.com\\\/site\\\/2025\\\/09\\\/14\\\/juan-manuel-lopez-candidato-de-la-coalicion-civica-paso-por-la-ciudad-y-visito-la-fiesta-del-salame\\\/#article\",\"isPartOf\":{\"@id\":\"https:\\\/\\\/noticiasmercedinas.com\\\/site\\\/2025\\\/09\\\/14\\\/juan-manuel-lopez-candidato-de-la-coalicion-civica-paso-por-la-ciudad-y-visito-la-fiesta-del-salame\\\/\"},\"author\":{\"name\":\"NOTICIASMERCEDINAS.COM\",\"@id\":\"https:\\\/\\\/noticiasmercedinas.com\\\/site\\\/#\\\/schema\\\/person\\\/84b59c099c28ff2e8b77d4ceec5d8063\"},\"headline\":\"Juan Manuel L\u00f3pez, candidato de la Coalici\u00f3n C\u00edvica, pas\u00f3 por la ciudad y visit\u00f3 la Fiesta del Salame\",\"datePublished\":\"2025-09-14T19:59:09+00:00\",\"dateModified\":\"2025-09-14T23:06:17+00:00\",\"mainEntityOfPage\":{\"@id\":\"https:\\\/\\\/noticiasmercedinas.com\\\/site\\\/2025\\\/09\\\/14\\\/juan-manuel-lopez-candidato-de-la-coalicion-civica-paso-por-la-ciudad-y-visito-la-fiesta-del-salame\\\/\"},\"wordCount\":420,\"publisher\":{\"@id\":\"https:\\\/\\\/noticiasmercedinas.com\\\/site\\\/#organization\"},\"image\":{\"@id\":\"https:\\\/\\\/noticiasmercedinas.com\\\/site\\\/2025\\\/09\\\/14\\\/juan-manuel-lopez-candidato-de-la-coalicion-civica-paso-por-la-ciudad-y-visito-la-fiesta-del-salame\\\/#primaryimage\"},\"thumbnailUrl\":\"https:\\\/\\\/noticiasmercedinas.com\\\/site\\\/wp-content\\\/uploads\\\/2025\\\/09\\\/c1b350cd-5de4-4582-bd03-2c6850afd794-scaled-e1757890955631.jpg\",\"keywords\":[\"Daniel Alonso\",\"fiesta nacional del salame quintero\",\"juan manuel lopez\",\"somos buenos aires\"],\"articleSection\":[\"Politica\"],\"inLanguage\":\"es\"},{\"@type\":\"WebPage\",\"@id\":\"https:\\\/\\\/noticiasmercedinas.com\\\/site\\\/2025\\\/09\\\/14\\\/juan-manuel-lopez-candidato-de-la-coalicion-civica-paso-por-la-ciudad-y-visito-la-fiesta-del-salame\\\/\",\"url\":\"https:\\\/\\\/noticiasmercedinas.com\\\/site\\\/2025\\\/09\\\/14\\\/juan-manuel-lopez-candidato-de-la-coalicion-civica-paso-por-la-ciudad-y-visito-la-fiesta-del-salame\\\/\",\"name\":\"Juan Manuel L\u00f3pez, candidato de la Coalici\u00f3n C\u00edvica, pas\u00f3 por la ciudad y visit\u00f3 la Fiesta del Salame\",\"isPartOf\":{\"@id\":\"https:\\\/\\\/noticiasmercedinas.com\\\/site\\\/#website\"},\"primaryImageOfPage\":{\"@id\":\"https:\\\/\\\/noticiasmercedinas.com\\\/site\\\/2025\\\/09\\\/14\\\/juan-manuel-lopez-candidato-de-la-coalicion-civica-paso-por-la-ciudad-y-visito-la-fiesta-del-salame\\\/#primaryimage\"},\"image\":{\"@id\":\"https:\\\/\\\/noticiasmercedinas.com\\\/site\\\/2025\\\/09\\\/14\\\/juan-manuel-lopez-candidato-de-la-coalicion-civica-paso-por-la-ciudad-y-visito-la-fiesta-del-salame\\\/#primaryimage\"},\"thumbnailUrl\":\"https:\\\/\\\/noticiasmercedinas.com\\\/site\\\/wp-content\\\/uploads\\\/2025\\\/09\\\/c1b350cd-5de4-4582-bd03-2c6850afd794-scaled-e1757890955631.jpg\",\"datePublished\":\"2025-09-14T19:59:09+00:00\",\"dateModified\":\"2025-09-14T23:06:17+00:00\",\"description\":\"\u25a0 El referente pol\u00edtico recorri\u00f3 el predio y se refiri\u00f3 al desaf\u00edo de representar a la provincia en el Congreso, al trabajo de su fuerza y a la importancia de las fiestas populares como espacio de encuentro con los bonaerenses.\",\"breadcrumb\":{\"@id\":\"https:\\\/\\\/noticiasmercedinas.com\\\/site\\\/2025\\\/09\\\/14\\\/juan-manuel-lopez-candidato-de-la-coalicion-civica-paso-por-la-ciudad-y-visito-la-fiesta-del-salame\\\/#breadcrumb\"},\"inLanguage\":\"es\",\"potentialAction\":[{\"@type\":\"ReadAction\",\"target\":[\"https:\\\/\\\/noticiasmercedinas.com\\\/site\\\/2025\\\/09\\\/14\\\/juan-manuel-lopez-candidato-de-la-coalicion-civica-paso-por-la-ciudad-y-visito-la-fiesta-del-salame\\\/\"]}]},{\"@type\":\"ImageObject\",\"inLanguage\":\"es\",\"@id\":\"https:\\\/\\\/noticiasmercedinas.com\\\/site\\\/2025\\\/09\\\/14\\\/juan-manuel-lopez-candidato-de-la-coalicion-civica-paso-por-la-ciudad-y-visito-la-fiesta-del-salame\\\/#primaryimage\",\"url\":\"https:\\\/\\\/noticiasmercedinas.com\\\/site\\\/wp-content\\\/uploads\\\/2025\\\/09\\\/c1b350cd-5de4-4582-bd03-2c6850afd794-scaled-e1757890955631.jpg\",\"contentUrl\":\"https:\\\/\\\/noticiasmercedinas.com\\\/site\\\/wp-content\\\/uploads\\\/2025\\\/09\\\/c1b350cd-5de4-4582-bd03-2c6850afd794-scaled-e1757890955631.jpg\",\"width\":1920,\"height\":1212},{\"@type\":\"BreadcrumbList\",\"@id\":\"https:\\\/\\\/noticiasmercedinas.com\\\/site\\\/2025\\\/09\\\/14\\\/juan-manuel-lopez-candidato-de-la-coalicion-civica-paso-por-la-ciudad-y-visito-la-fiesta-del-salame\\\/#breadcrumb\",\"itemListElement\":[{\"@type\":\"ListItem\",\"position\":1,\"name\":\"Portada\",\"item\":\"https:\\\/\\\/noticiasmercedinas.com\\\/site\\\/\"},{\"@type\":\"ListItem\",\"position\":2,\"name\":\"Juan Manuel L\u00f3pez, candidato de la Coalici\u00f3n C\u00edvica, pas\u00f3 por la ciudad y visit\u00f3 la Fiesta del Salame\"}]},{\"@type\":\"WebSite\",\"@id\":\"https:\\\/\\\/noticiasmercedinas.com\\\/site\\\/#website\",\"url\":\"https:\\\/\\\/noticiasmercedinas.com\\\/site\\\/\",\"name\":\"NOTICIASMERCEDINAS.COM\",\"description\":\"Mercedes, Buenos Aires, Argentina\",\"publisher\":{\"@id\":\"https:\\\/\\\/noticiasmercedinas.com\\\/site\\\/#organization\"},\"potentialAction\":[{\"@type\":\"SearchAction\",\"target\":{\"@type\":\"EntryPoint\",\"urlTemplate\":\"https:\\\/\\\/noticiasmercedinas.com\\\/site\\\/?s={search_term_string}\"},\"query-input\":{\"@type\":\"PropertyValueSpecification\",\"valueRequired\":true,\"valueName\":\"search_term_string\"}}],\"inLanguage\":\"es\"},{\"@type\":\"Organization\",\"@id\":\"https:\\\/\\\/noticiasmercedinas.com\\\/site\\\/#organization\",\"name\":\"NOTICIASMERCEDINAS.COM\",\"url\":\"https:\\\/\\\/noticiasmercedinas.com\\\/site\\\/\",\"logo\":{\"@type\":\"ImageObject\",\"inLanguage\":\"es\",\"@id\":\"https:\\\/\\\/noticiasmercedinas.com\\\/site\\\/#\\\/schema\\\/logo\\\/image\\\/\",\"url\":\"https:\\\/\\\/noticiasmercedinas.com\\\/site\\\/wp-content\\\/uploads\\\/2020\\\/06\\\/LOGO-512.jpg\",\"contentUrl\":\"https:\\\/\\\/noticiasmercedinas.com\\\/site\\\/wp-content\\\/uploads\\\/2020\\\/06\\\/LOGO-512.jpg\",\"width\":512,\"height\":512,\"caption\":\"NOTICIASMERCEDINAS.COM\"},\"image\":{\"@id\":\"https:\\\/\\\/noticiasmercedinas.com\\\/site\\\/#\\\/schema\\\/logo\\\/image\\\/\"},\"sameAs\":[\"https:\\\/\\\/www.facebook.com\\\/noticiasmercedinas\\\/\",\"https:\\\/\\\/x.com\\\/notmercedinas\",\"https:\\\/\\\/www.instagram.com\\\/noticiasmercedinas\\\/\"]},{\"@type\":\"Person\",\"@id\":\"https:\\\/\\\/noticiasmercedinas.com\\\/site\\\/#\\\/schema\\\/person\\\/84b59c099c28ff2e8b77d4ceec5d8063\",\"name\":\"NOTICIASMERCEDINAS.COM\",\"image\":{\"@type\":\"ImageObject\",\"inLanguage\":\"es\",\"@id\":\"https:\\\/\\\/secure.gravatar.com\\\/avatar\\\/4dfbf16b4d17945bfb6341b2d19043457132fcf478a5ee04f42e959fd8f5df0a?s=96&d=mm&r=g\",\"url\":\"https:\\\/\\\/secure.gravatar.com\\\/avatar\\\/4dfbf16b4d17945bfb6341b2d19043457132fcf478a5ee04f42e959fd8f5df0a?s=96&d=mm&r=g\",\"contentUrl\":\"https:\\\/\\\/secure.gravatar.com\\\/avatar\\\/4dfbf16b4d17945bfb6341b2d19043457132fcf478a5ee04f42e959fd8f5df0a?s=96&d=mm&r=g\",\"caption\":\"NOTICIASMERCEDINAS.COM\"},\"url\":\"https:\\\/\\\/noticiasmercedinas.com\\\/site\\\/author\\\/anonimo\\\/\"}]}<\/script>\n<!-- \/ Yoast SEO plugin. -->","yoast_head_json":{"title":"Juan Manuel L\u00f3pez, candidato de la Coalici\u00f3n C\u00edvica, pas\u00f3 por la ciudad y visit\u00f3 la Fiesta del Salame","description":"\u25a0 El referente pol\u00edtico recorri\u00f3 el predio y se refiri\u00f3 al desaf\u00edo de representar a la provincia en el Congreso, al trabajo de su fuerza y a la importancia de las fiestas populares como espacio de encuentro con los bonaerenses.","robots":{"index":"index","follow":"follow","max-snippet":"max-snippet:-1","max-image-preview":"max-image-preview:large","max-video-preview":"max-video-preview:-1"},"canonical":"https:\/\/noticiasmercedinas.com\/site\/2025\/09\/14\/juan-manuel-lopez-candidato-de-la-coalicion-civica-paso-por-la-ciudad-y-visito-la-fiesta-del-salame\/","og_locale":"es_ES","og_type":"article","og_title":"Juan Manuel L\u00f3pez, candidato de la Coalici\u00f3n C\u00edvica, pas\u00f3 por la ciudad y visit\u00f3 la Fiesta del Salame","og_description":"\u25a0 El referente pol\u00edtico recorri\u00f3 el predio y se refiri\u00f3 al desaf\u00edo de representar a la provincia en el Congreso, al trabajo de su fuerza y a la importancia de las fiestas populares como espacio de encuentro con los bonaerenses.","og_url":"https:\/\/noticiasmercedinas.com\/site\/2025\/09\/14\/juan-manuel-lopez-candidato-de-la-coalicion-civica-paso-por-la-ciudad-y-visito-la-fiesta-del-salame\/","og_site_name":"NOTICIASMERCEDINAS.COM","article_publisher":"https:\/\/www.facebook.com\/noticiasmercedinas\/","article_published_time":"2025-09-14T19:59:09+00:00","article_modified_time":"2025-09-14T23:06:17+00:00","og_image":[{"width":1920,"height":1212,"url":"https:\/\/noticiasmercedinas.com\/site\/wp-content\/uploads\/2025\/09\/c1b350cd-5de4-4582-bd03-2c6850afd794-scaled-e1757890955631.jpg","type":"image\/jpeg"}],"author":"NOTICIASMERCEDINAS.COM","twitter_card":"summary_large_image","twitter_creator":"@notmercedinas","twitter_site":"@notmercedinas","twitter_misc":{"Escrito por":"NOTICIASMERCEDINAS.COM","Tiempo de lectura":"3 minutos"},"schema":{"@context":"https:\/\/schema.org","@graph":[{"@type":"Article","@id":"https:\/\/noticiasmercedinas.com\/site\/2025\/09\/14\/juan-manuel-lopez-candidato-de-la-coalicion-civica-paso-por-la-ciudad-y-visito-la-fiesta-del-salame\/#article","isPartOf":{"@id":"https:\/\/noticiasmercedinas.com\/site\/2025\/09\/14\/juan-manuel-lopez-candidato-de-la-coalicion-civica-paso-por-la-ciudad-y-visito-la-fiesta-del-salame\/"},"author":{"name":"NOTICIASMERCEDINAS.COM","@id":"https:\/\/noticiasmercedinas.com\/site\/#\/schema\/person\/84b59c099c28ff2e8b77d4ceec5d8063"},"headline":"Juan Manuel L\u00f3pez, candidato de la Coalici\u00f3n C\u00edvica, pas\u00f3 por la ciudad y visit\u00f3 la Fiesta del Salame","datePublished":"2025-09-14T19:59:09+00:00","dateModified":"2025-09-14T23:06:17+00:00","mainEntityOfPage":{"@id":"https:\/\/noticiasmercedinas.com\/site\/2025\/09\/14\/juan-manuel-lopez-candidato-de-la-coalicion-civica-paso-por-la-ciudad-y-visito-la-fiesta-del-salame\/"},"wordCount":420,"publisher":{"@id":"https:\/\/noticiasmercedinas.com\/site\/#organization"},"image":{"@id":"https:\/\/noticiasmercedinas.com\/site\/2025\/09\/14\/juan-manuel-lopez-candidato-de-la-coalicion-civica-paso-por-la-ciudad-y-visito-la-fiesta-del-salame\/#primaryimage"},"thumbnailUrl":"https:\/\/noticiasmercedinas.com\/site\/wp-content\/uploads\/2025\/09\/c1b350cd-5de4-4582-bd03-2c6850afd794-scaled-e1757890955631.jpg","keywords":["Daniel Alonso","fiesta nacional del salame quintero","juan manuel lopez","somos buenos aires"],"articleSection":["Politica"],"inLanguage":"es"},{"@type":"WebPage","@id":"https:\/\/noticiasmercedinas.com\/site\/2025\/09\/14\/juan-manuel-lopez-candidato-de-la-coalicion-civica-paso-por-la-ciudad-y-visito-la-fiesta-del-salame\/","url":"https:\/\/noticiasmercedinas.com\/site\/2025\/09\/14\/juan-manuel-lopez-candidato-de-la-coalicion-civica-paso-por-la-ciudad-y-visito-la-fiesta-del-salame\/","name":"Juan Manuel L\u00f3pez, candidato de la Coalici\u00f3n C\u00edvica, pas\u00f3 por la ciudad y visit\u00f3 la Fiesta del Salame","isPartOf":{"@id":"https:\/\/noticiasmercedinas.com\/site\/#website"},"primaryImageOfPage":{"@id":"https:\/\/noticiasmercedinas.com\/site\/2025\/09\/14\/juan-manuel-lopez-candidato-de-la-coalicion-civica-paso-por-la-ciudad-y-visito-la-fiesta-del-salame\/#primaryimage"},"image":{"@id":"https:\/\/noticiasmercedinas.com\/site\/2025\/09\/14\/juan-manuel-lopez-candidato-de-la-coalicion-civica-paso-por-la-ciudad-y-visito-la-fiesta-del-salame\/#primaryimage"},"thumbnailUrl":"https:\/\/noticiasmercedinas.com\/site\/wp-content\/uploads\/2025\/09\/c1b350cd-5de4-4582-bd03-2c6850afd794-scaled-e1757890955631.jpg","datePublished":"2025-09-14T19:59:09+00:00","dateModified":"2025-09-14T23:06:17+00:00","description":"\u25a0 El referente pol\u00edtico recorri\u00f3 el predio y se refiri\u00f3 al desaf\u00edo de representar a la provincia en el Congreso, al trabajo de su fuerza y a la importancia de las fiestas populares como espacio de encuentro con los bonaerenses.","breadcrumb":{"@id":"https:\/\/noticiasmercedinas.com\/site\/2025\/09\/14\/juan-manuel-lopez-candidato-de-la-coalicion-civica-paso-por-la-ciudad-y-visito-la-fiesta-del-salame\/#breadcrumb"},"inLanguage":"es","potentialAction":[{"@type":"ReadAction","target":["https:\/\/noticiasmercedinas.com\/site\/2025\/09\/14\/juan-manuel-lopez-candidato-de-la-coalicion-civica-paso-por-la-ciudad-y-visito-la-fiesta-del-salame\/"]}]},{"@type":"ImageObject","inLanguage":"es","@id":"https:\/\/noticiasmercedinas.com\/site\/2025\/09\/14\/juan-manuel-lopez-candidato-de-la-coalicion-civica-paso-por-la-ciudad-y-visito-la-fiesta-del-salame\/#primaryimage","url":"https:\/\/noticiasmercedinas.com\/site\/wp-content\/uploads\/2025\/09\/c1b350cd-5de4-4582-bd03-2c6850afd794-scaled-e1757890955631.jpg","contentUrl":"https:\/\/noticiasmercedinas.com\/site\/wp-content\/uploads\/2025\/09\/c1b350cd-5de4-4582-bd03-2c6850afd794-scaled-e1757890955631.jpg","width":1920,"height":1212},{"@type":"BreadcrumbList","@id":"https:\/\/noticiasmercedinas.com\/site\/2025\/09\/14\/juan-manuel-lopez-candidato-de-la-coalicion-civica-paso-por-la-ciudad-y-visito-la-fiesta-del-salame\/#breadcrumb","itemListElement":[{"@type":"ListItem","position":1,"name":"Portada","item":"https:\/\/noticiasmercedinas.com\/site\/"},{"@type":"ListItem","position":2,"name":"Juan Manuel L\u00f3pez, candidato de la Coalici\u00f3n C\u00edvica, pas\u00f3 por la ciudad y visit\u00f3 la Fiesta del Salame"}]},{"@type":"WebSite","@id":"https:\/\/noticiasmercedinas.com\/site\/#website","url":"https:\/\/noticiasmercedinas.com\/site\/","name":"NOTICIASMERCEDINAS.COM","description":"Mercedes, Buenos Aires, Argentina","publisher":{"@id":"https:\/\/noticiasmercedinas.com\/site\/#organization"},"potentialAction":[{"@type":"SearchAction","target":{"@type":"EntryPoint","urlTemplate":"https:\/\/noticiasmercedinas.com\/site\/?s={search_term_string}"},"query-input":{"@type":"PropertyValueSpecification","valueRequired":true,"valueName":"search_term_string"}}],"inLanguage":"es"},{"@type":"Organization","@id":"https:\/\/noticiasmercedinas.com\/site\/#organization","name":"NOTICIASMERCEDINAS.COM","url":"https:\/\/noticiasmercedinas.com\/site\/","logo":{"@type":"ImageObject","inLanguage":"es","@id":"https:\/\/noticiasmercedinas.com\/site\/#\/schema\/logo\/image\/","url":"https:\/\/noticiasmercedinas.com\/site\/wp-content\/uploads\/2020\/06\/LOGO-512.jpg","contentUrl":"https:\/\/noticiasmercedinas.com\/site\/wp-content\/uploads\/2020\/06\/LOGO-512.jpg","width":512,"height":512,"caption":"NOTICIASMERCEDINAS.COM"},"image":{"@id":"https:\/\/noticiasmercedinas.com\/site\/#\/schema\/logo\/image\/"},"sameAs":["https:\/\/www.facebook.com\/noticiasmercedinas\/","https:\/\/x.com\/notmercedinas","https:\/\/www.instagram.com\/noticiasmercedinas\/"]},{"@type":"Person","@id":"https:\/\/noticiasmercedinas.com\/site\/#\/schema\/person\/84b59c099c28ff2e8b77d4ceec5d8063","name":"NOTICIASMERCEDINAS.COM","image":{"@type":"ImageObject","inLanguage":"es","@id":"https:\/\/secure.gravatar.com\/avatar\/4dfbf16b4d17945bfb6341b2d19043457132fcf478a5ee04f42e959fd8f5df0a?s=96&d=mm&r=g","url":"https:\/\/secure.gravatar.com\/avatar\/4dfbf16b4d17945bfb6341b2d19043457132fcf478a5ee04f42e959fd8f5df0a?s=96&d=mm&r=g","contentUrl":"https:\/\/secure.gravatar.com\/avatar\/4dfbf16b4d17945bfb6341b2d19043457132fcf478a5ee04f42e959fd8f5df0a?s=96&d=mm&r=g","caption":"NOTICIASMERCEDINAS.COM"},"url":"https:\/\/noticiasmercedinas.com\/site\/author\/anonimo\/"}]}},"amp_enabled":true,"_links":{"self":[{"href":"https:\/\/noticiasmercedinas.com\/site\/wp-json\/wp\/v2\/posts\/169495","targetHints":{"allow":["GET"]}}],"collection":[{"href":"https:\/\/noticiasmercedinas.com\/site\/wp-json\/wp\/v2\/posts"}],"about":[{"href":"https:\/\/noticiasmercedinas.com\/site\/wp-json\/wp\/v2\/types\/post"}],"author":[{"embeddable":true,"href":"https:\/\/noticiasmercedinas.com\/site\/wp-json\/wp\/v2\/users\/16"}],"replies":[{"embeddable":true,"href":"https:\/\/noticiasmercedinas.com\/site\/wp-json\/wp\/v2\/comments?post=169495"}],"version-history":[{"count":1,"href":"https:\/\/noticiasmercedinas.com\/site\/wp-json\/wp\/v2\/posts\/169495\/revisions"}],"predecessor-version":[{"id":169497,"href":"https:\/\/noticiasmercedinas.com\/site\/wp-json\/wp\/v2\/posts\/169495\/revisions\/169497"}],"wp:featuredmedia":[{"embeddable":true,"href":"https:\/\/noticiasmercedinas.com\/site\/wp-json\/wp\/v2\/media\/169496"}],"wp:attachment":[{"href":"https:\/\/noticiasmercedinas.com\/site\/wp-json\/wp\/v2\/media?parent=169495"}],"wp:term":[{"taxonomy":"category","embeddable":true,"href":"https:\/\/noticiasmercedinas.com\/site\/wp-json\/wp\/v2\/categories?post=169495"},{"taxonomy":"post_tag","embeddable":true,"href":"https:\/\/noticiasmercedinas.com\/site\/wp-json\/wp\/v2\/tags?post=169495"}],"curies":[{"name":"wp","href":"https:\/\/api.w.org\/{rel}","templated":true}]}}