{"id":169566,"date":"2025-09-15T11:25:57","date_gmt":"2025-09-15T14:25:57","guid":{"rendered":"https:\/\/noticiasmercedinas.com\/site\/?p=169566"},"modified":"2025-09-15T11:29:00","modified_gmt":"2025-09-15T14:29:00","slug":"wado-y-amanda-embajadores-de-la-50-fiesta-nacional-del-salame-quintero","status":"publish","type":"post","link":"https:\/\/noticiasmercedinas.com\/site\/2025\/09\/15\/wado-y-amanda-embajadores-de-la-50-fiesta-nacional-del-salame-quintero\/","title":{"rendered":"Wado y Amanda, embajadores de la 50\u00b0 Fiesta Nacional del Salame"},"content":{"rendered":"<p><img loading=\"lazy\" decoding=\"async\" class=\"alignnone size-full wp-image-169569\" src=\"https:\/\/noticiasmercedinas.com\/site\/wp-content\/uploads\/2025\/09\/Salame-QuinteroDSC04745.jpg\" alt=\"\" width=\"1100\" height=\"619\" srcset=\"https:\/\/noticiasmercedinas.com\/site\/wp-content\/uploads\/2025\/09\/Salame-QuinteroDSC04745.jpg 1100w, https:\/\/noticiasmercedinas.com\/site\/wp-content\/uploads\/2025\/09\/Salame-QuinteroDSC04745-300x169.jpg 300w, https:\/\/noticiasmercedinas.com\/site\/wp-content\/uploads\/2025\/09\/Salame-QuinteroDSC04745-1024x576.jpg 1024w, https:\/\/noticiasmercedinas.com\/site\/wp-content\/uploads\/2025\/09\/Salame-QuinteroDSC04745-768x432.jpg 768w, https:\/\/noticiasmercedinas.com\/site\/wp-content\/uploads\/2025\/09\/Salame-QuinteroDSC04745-640x360.jpg 640w, https:\/\/noticiasmercedinas.com\/site\/wp-content\/uploads\/2025\/09\/Salame-QuinteroDSC04745-681x383.jpg 681w\" sizes=\"auto, (max-width: 1100px) 100vw, 1100px\" \/><\/p>\n<p><b>La Fiesta Nacional del Salame Quintero<\/b> de Mercedes cerr\u00f3 su edici\u00f3n del <b>cincuentenario<\/b> con un \u00e9xito sin precedentes, consagr\u00e1ndose como la m\u00e1s concurrida en la historia de la ciudad.<\/p>\n<p>El evento, que se llev\u00f3 a cabo durante tres d\u00edas y tuvo una <em>cobertura especial y exclusiva de este medio<\/em>, no solo super\u00f3 las expectativas de asistencia y ventas, sino que tambi\u00e9n design\u00f3 a nuevos embajadores: el exministro <b>Eduardo \u00abWado\u00bb de Pedro<\/b> y <b>Amanda Godoy<\/b>, la viuda del fallecido productor <b>Carlos Berro<\/b>.<\/p>\n<p><img loading=\"lazy\" decoding=\"async\" class=\"alignnone size-full wp-image-169568\" src=\"https:\/\/noticiasmercedinas.com\/site\/wp-content\/uploads\/2025\/09\/Salame-QuinteroDSC08724.jpg\" alt=\"\" width=\"1100\" height=\"619\" srcset=\"https:\/\/noticiasmercedinas.com\/site\/wp-content\/uploads\/2025\/09\/Salame-QuinteroDSC08724.jpg 1100w, https:\/\/noticiasmercedinas.com\/site\/wp-content\/uploads\/2025\/09\/Salame-QuinteroDSC08724-300x169.jpg 300w, https:\/\/noticiasmercedinas.com\/site\/wp-content\/uploads\/2025\/09\/Salame-QuinteroDSC08724-1024x576.jpg 1024w, https:\/\/noticiasmercedinas.com\/site\/wp-content\/uploads\/2025\/09\/Salame-QuinteroDSC08724-768x432.jpg 768w, https:\/\/noticiasmercedinas.com\/site\/wp-content\/uploads\/2025\/09\/Salame-QuinteroDSC08724-640x360.jpg 640w, https:\/\/noticiasmercedinas.com\/site\/wp-content\/uploads\/2025\/09\/Salame-QuinteroDSC08724-681x383.jpg 681w\" sizes=\"auto, (max-width: 1100px) 100vw, 1100px\" \/><\/p>\n<p>La multitudinaria afluencia de p\u00fablico colm\u00f3 el predio, que este a\u00f1o se ampli\u00f3 casi un <b>20%<\/b> para ofrecer mayor comodidad a los visitantes. El ingreso, organizado de manera eficiente con tickets online, facilit\u00f3 la fluidez y demostr\u00f3 la alta demanda del evento. El director de Turismo, <b>Francisco Dinova<\/b>, destac\u00f3 el \u00abmarco espectacular\u00bb y las \u00abexcelentes ventas\u00bb, mientras que el intendente <b>Juan Ignacio Ustarroz<\/b> afirm\u00f3 que fue \u00absin duda la fiesta con mayor presencia de la historia de nuestra ciudad\u00bb.<\/p>\n<p><b>Jos\u00e9 Daniel Piccone<\/b>, con 460 puntos, se alz\u00f3 con el primer puesto del tradicional concurso de salames quinteros, seguido por <b>Carlos E. Bezzola<\/b> y el <b>CEPT N\u00b04<\/b>. El jurado, compuesto por expertos, evalu\u00f3 los lotes de los productores en una carpa especial, permitiendo al p\u00fablico observar y degustar los productos.<\/p>\n<p><img loading=\"lazy\" decoding=\"async\" class=\"alignnone size-full wp-image-169570\" src=\"https:\/\/noticiasmercedinas.com\/site\/wp-content\/uploads\/2025\/09\/Salame-QuinteroMHM_4335.jpg\" alt=\"\" width=\"1100\" height=\"735\" srcset=\"https:\/\/noticiasmercedinas.com\/site\/wp-content\/uploads\/2025\/09\/Salame-QuinteroMHM_4335.jpg 1100w, https:\/\/noticiasmercedinas.com\/site\/wp-content\/uploads\/2025\/09\/Salame-QuinteroMHM_4335-300x200.jpg 300w, https:\/\/noticiasmercedinas.com\/site\/wp-content\/uploads\/2025\/09\/Salame-QuinteroMHM_4335-1024x684.jpg 1024w, https:\/\/noticiasmercedinas.com\/site\/wp-content\/uploads\/2025\/09\/Salame-QuinteroMHM_4335-768x513.jpg 768w, https:\/\/noticiasmercedinas.com\/site\/wp-content\/uploads\/2025\/09\/Salame-QuinteroMHM_4335-537x360.jpg 537w, https:\/\/noticiasmercedinas.com\/site\/wp-content\/uploads\/2025\/09\/Salame-QuinteroMHM_4335-640x428.jpg 640w, https:\/\/noticiasmercedinas.com\/site\/wp-content\/uploads\/2025\/09\/Salame-QuinteroMHM_4335-681x455.jpg 681w\" sizes=\"auto, (max-width: 1100px) 100vw, 1100px\" \/><\/p>\n<p>Adem\u00e1s de la premiaci\u00f3n, la fiesta cont\u00f3 con un variado programa de shows en vivo, que incluy\u00f3 a artistas como <b>Grupo Sombras, Teresa Parodi y La Nueva Luna<\/b>, as\u00ed como pe\u00f1as folcl\u00f3ricas y espacios culturales. La solidaridad tambi\u00e9n fue protagonista, con la colaboraci\u00f3n de clubes e instituciones locales que gestionaron estacionamientos y cantinas, un s\u00edmbolo del compromiso comunitario de la fiesta.<\/p>\n<p>La novedad de esta edici\u00f3n fue el nombramiento de los nuevos embajadores. La Comisi\u00f3n de Productores, en agradecimiento por su \u00abesfuerzo y compromiso\u00bb, design\u00f3 a <b>Wado de Pedro<\/b> y a <b>Amanda Godoy<\/b>, en homenaje a la labor de su esposo, Carlos Berro. Juntos, esta pareja de embajadores representar\u00e1 la tradici\u00f3n y el futuro de la Fiesta Nacional del Salame Quintero.<\/p>\n<p><img loading=\"lazy\" decoding=\"async\" class=\"alignnone size-full wp-image-169567\" src=\"https:\/\/noticiasmercedinas.com\/site\/wp-content\/uploads\/2025\/09\/Salame-QuinteroSecuencia-05.00_03_55_01.Imagen-fija004.jpg\" alt=\"\" width=\"1100\" height=\"619\" srcset=\"https:\/\/noticiasmercedinas.com\/site\/wp-content\/uploads\/2025\/09\/Salame-QuinteroSecuencia-05.00_03_55_01.Imagen-fija004.jpg 1100w, https:\/\/noticiasmercedinas.com\/site\/wp-content\/uploads\/2025\/09\/Salame-QuinteroSecuencia-05.00_03_55_01.Imagen-fija004-300x169.jpg 300w, https:\/\/noticiasmercedinas.com\/site\/wp-content\/uploads\/2025\/09\/Salame-QuinteroSecuencia-05.00_03_55_01.Imagen-fija004-1024x576.jpg 1024w, https:\/\/noticiasmercedinas.com\/site\/wp-content\/uploads\/2025\/09\/Salame-QuinteroSecuencia-05.00_03_55_01.Imagen-fija004-768x432.jpg 768w, https:\/\/noticiasmercedinas.com\/site\/wp-content\/uploads\/2025\/09\/Salame-QuinteroSecuencia-05.00_03_55_01.Imagen-fija004-640x360.jpg 640w, https:\/\/noticiasmercedinas.com\/site\/wp-content\/uploads\/2025\/09\/Salame-QuinteroSecuencia-05.00_03_55_01.Imagen-fija004-681x383.jpg 681w\" sizes=\"auto, (max-width: 1100px) 100vw, 1100px\" \/><\/p>\n","protected":false},"excerpt":{"rendered":"<p>\u25a0 Juntos, el senador nacional y la viuda del productor m\u00e1s reconocido de salames artesanales, arman una pareja de embajadores que representar\u00e1 la tradici\u00f3n y el futuro de la Fiesta Nacional del Salame Quintero. Fueron electos por la Comisi\u00f3n de Productores, en agradecimiento por su \u00abesfuerzo y compromiso\u00bb<\/p>\n","protected":false},"author":16,"featured_media":169569,"comment_status":"closed","ping_status":"closed","sticky":false,"template":"","format":"standard","meta":{"footnotes":""},"categories":[3,20734],"tags":[20881,20882,20862,5453,4963],"class_list":["post-169566","post","type-post","status-publish","format-standard","has-post-thumbnail","hentry","category-sociedad","category-ultimo-momento","tag-amanda-berro","tag-amanda-godoy","tag-fiesta-nacional-del-salame-quintero","tag-salame-quintero","tag-wado-de-pedro"],"yoast_head":"<!-- This site is optimized with the Yoast SEO plugin v27.4 - https:\/\/yoast.com\/product\/yoast-seo-wordpress\/ -->\n<title>Wado y Amanda, embajadores de la 50\u00b0 Fiesta Nacional del Salame<\/title>\n<meta name=\"description\" content=\"Juntos, el senador nacional y la viuda del productor m\u00e1s reconocido de salames artesanales, arman una pareja de embajadores que representar\u00e1 la tradici\u00f3n y el futuro de la Fiesta Nacional del Salame Quintero. Fueron electos por la Comisi\u00f3n de Productores, en agradecimiento por su &quot;esfuerzo y compromiso&quot;\" \/>\n<meta name=\"robots\" content=\"index, follow, max-snippet:-1, max-image-preview:large, max-video-preview:-1\" \/>\n<link rel=\"canonical\" href=\"https:\/\/noticiasmercedinas.com\/site\/2025\/09\/15\/wado-y-amanda-embajadores-de-la-50-fiesta-nacional-del-salame-quintero\/\" \/>\n<meta property=\"og:locale\" content=\"es_ES\" \/>\n<meta property=\"og:type\" content=\"article\" \/>\n<meta property=\"og:title\" content=\"Wado y Amanda, embajadores de la 50\u00b0 Fiesta Nacional del Salame\" \/>\n<meta property=\"og:description\" content=\"Juntos, el senador nacional y la viuda del productor m\u00e1s reconocido de salames artesanales, arman una pareja de embajadores que representar\u00e1 la tradici\u00f3n y el futuro de la Fiesta Nacional del Salame Quintero. Fueron electos por la Comisi\u00f3n de Productores, en agradecimiento por su &quot;esfuerzo y compromiso&quot;\" \/>\n<meta property=\"og:url\" content=\"https:\/\/noticiasmercedinas.com\/site\/2025\/09\/15\/wado-y-amanda-embajadores-de-la-50-fiesta-nacional-del-salame-quintero\/\" \/>\n<meta property=\"og:site_name\" content=\"NOTICIASMERCEDINAS.COM\" \/>\n<meta property=\"article:publisher\" content=\"https:\/\/www.facebook.com\/noticiasmercedinas\/\" \/>\n<meta property=\"article:published_time\" content=\"2025-09-15T14:25:57+00:00\" \/>\n<meta property=\"article:modified_time\" content=\"2025-09-15T14:29:00+00:00\" \/>\n<meta property=\"og:image\" content=\"https:\/\/noticiasmercedinas.com\/site\/wp-content\/uploads\/2025\/09\/Salame-QuinteroDSC04745.jpg\" \/>\n\t<meta property=\"og:image:width\" content=\"1100\" \/>\n\t<meta property=\"og:image:height\" content=\"619\" \/>\n\t<meta property=\"og:image:type\" content=\"image\/jpeg\" \/>\n<meta name=\"author\" content=\"NOTICIASMERCEDINAS.COM\" \/>\n<meta name=\"twitter:card\" content=\"summary_large_image\" \/>\n<meta name=\"twitter:creator\" content=\"@notmercedinas\" \/>\n<meta name=\"twitter:site\" content=\"@notmercedinas\" \/>\n<meta name=\"twitter:label1\" content=\"Escrito por\" \/>\n\t<meta name=\"twitter:data1\" content=\"NOTICIASMERCEDINAS.COM\" \/>\n\t<meta name=\"twitter:label2\" content=\"Tiempo de lectura\" \/>\n\t<meta name=\"twitter:data2\" content=\"3 minutos\" \/>\n<script type=\"application\/ld+json\" class=\"yoast-schema-graph\">{\"@context\":\"https:\\\/\\\/schema.org\",\"@graph\":[{\"@type\":\"Article\",\"@id\":\"https:\\\/\\\/noticiasmercedinas.com\\\/site\\\/2025\\\/09\\\/15\\\/wado-y-amanda-embajadores-de-la-50-fiesta-nacional-del-salame-quintero\\\/#article\",\"isPartOf\":{\"@id\":\"https:\\\/\\\/noticiasmercedinas.com\\\/site\\\/2025\\\/09\\\/15\\\/wado-y-amanda-embajadores-de-la-50-fiesta-nacional-del-salame-quintero\\\/\"},\"author\":{\"name\":\"NOTICIASMERCEDINAS.COM\",\"@id\":\"https:\\\/\\\/noticiasmercedinas.com\\\/site\\\/#\\\/schema\\\/person\\\/84b59c099c28ff2e8b77d4ceec5d8063\"},\"headline\":\"Wado y Amanda, embajadores de la 50\u00b0 Fiesta Nacional del Salame\",\"datePublished\":\"2025-09-15T14:25:57+00:00\",\"dateModified\":\"2025-09-15T14:29:00+00:00\",\"mainEntityOfPage\":{\"@id\":\"https:\\\/\\\/noticiasmercedinas.com\\\/site\\\/2025\\\/09\\\/15\\\/wado-y-amanda-embajadores-de-la-50-fiesta-nacional-del-salame-quintero\\\/\"},\"wordCount\":357,\"publisher\":{\"@id\":\"https:\\\/\\\/noticiasmercedinas.com\\\/site\\\/#organization\"},\"image\":{\"@id\":\"https:\\\/\\\/noticiasmercedinas.com\\\/site\\\/2025\\\/09\\\/15\\\/wado-y-amanda-embajadores-de-la-50-fiesta-nacional-del-salame-quintero\\\/#primaryimage\"},\"thumbnailUrl\":\"https:\\\/\\\/noticiasmercedinas.com\\\/site\\\/wp-content\\\/uploads\\\/2025\\\/09\\\/Salame-QuinteroDSC04745.jpg\",\"keywords\":[\"amanda berro\",\"amanda godoy\",\"fiesta nacional del salame quintero\",\"salame quintero\",\"wado de pedro\"],\"articleSection\":[\"Sociedad\",\"Ultimo momento\"],\"inLanguage\":\"es\"},{\"@type\":\"WebPage\",\"@id\":\"https:\\\/\\\/noticiasmercedinas.com\\\/site\\\/2025\\\/09\\\/15\\\/wado-y-amanda-embajadores-de-la-50-fiesta-nacional-del-salame-quintero\\\/\",\"url\":\"https:\\\/\\\/noticiasmercedinas.com\\\/site\\\/2025\\\/09\\\/15\\\/wado-y-amanda-embajadores-de-la-50-fiesta-nacional-del-salame-quintero\\\/\",\"name\":\"Wado y Amanda, embajadores de la 50\u00b0 Fiesta Nacional del Salame\",\"isPartOf\":{\"@id\":\"https:\\\/\\\/noticiasmercedinas.com\\\/site\\\/#website\"},\"primaryImageOfPage\":{\"@id\":\"https:\\\/\\\/noticiasmercedinas.com\\\/site\\\/2025\\\/09\\\/15\\\/wado-y-amanda-embajadores-de-la-50-fiesta-nacional-del-salame-quintero\\\/#primaryimage\"},\"image\":{\"@id\":\"https:\\\/\\\/noticiasmercedinas.com\\\/site\\\/2025\\\/09\\\/15\\\/wado-y-amanda-embajadores-de-la-50-fiesta-nacional-del-salame-quintero\\\/#primaryimage\"},\"thumbnailUrl\":\"https:\\\/\\\/noticiasmercedinas.com\\\/site\\\/wp-content\\\/uploads\\\/2025\\\/09\\\/Salame-QuinteroDSC04745.jpg\",\"datePublished\":\"2025-09-15T14:25:57+00:00\",\"dateModified\":\"2025-09-15T14:29:00+00:00\",\"description\":\"Juntos, el senador nacional y la viuda del productor m\u00e1s reconocido de salames artesanales, arman una pareja de embajadores que representar\u00e1 la tradici\u00f3n y el futuro de la Fiesta Nacional del Salame Quintero. Fueron electos por la Comisi\u00f3n de Productores, en agradecimiento por su \\\"esfuerzo y compromiso\\\"\",\"breadcrumb\":{\"@id\":\"https:\\\/\\\/noticiasmercedinas.com\\\/site\\\/2025\\\/09\\\/15\\\/wado-y-amanda-embajadores-de-la-50-fiesta-nacional-del-salame-quintero\\\/#breadcrumb\"},\"inLanguage\":\"es\",\"potentialAction\":[{\"@type\":\"ReadAction\",\"target\":[\"https:\\\/\\\/noticiasmercedinas.com\\\/site\\\/2025\\\/09\\\/15\\\/wado-y-amanda-embajadores-de-la-50-fiesta-nacional-del-salame-quintero\\\/\"]}]},{\"@type\":\"ImageObject\",\"inLanguage\":\"es\",\"@id\":\"https:\\\/\\\/noticiasmercedinas.com\\\/site\\\/2025\\\/09\\\/15\\\/wado-y-amanda-embajadores-de-la-50-fiesta-nacional-del-salame-quintero\\\/#primaryimage\",\"url\":\"https:\\\/\\\/noticiasmercedinas.com\\\/site\\\/wp-content\\\/uploads\\\/2025\\\/09\\\/Salame-QuinteroDSC04745.jpg\",\"contentUrl\":\"https:\\\/\\\/noticiasmercedinas.com\\\/site\\\/wp-content\\\/uploads\\\/2025\\\/09\\\/Salame-QuinteroDSC04745.jpg\",\"width\":1100,\"height\":619},{\"@type\":\"BreadcrumbList\",\"@id\":\"https:\\\/\\\/noticiasmercedinas.com\\\/site\\\/2025\\\/09\\\/15\\\/wado-y-amanda-embajadores-de-la-50-fiesta-nacional-del-salame-quintero\\\/#breadcrumb\",\"itemListElement\":[{\"@type\":\"ListItem\",\"position\":1,\"name\":\"Portada\",\"item\":\"https:\\\/\\\/noticiasmercedinas.com\\\/site\\\/\"},{\"@type\":\"ListItem\",\"position\":2,\"name\":\"Wado y Amanda, embajadores de la 50\u00b0 Fiesta Nacional del Salame\"}]},{\"@type\":\"WebSite\",\"@id\":\"https:\\\/\\\/noticiasmercedinas.com\\\/site\\\/#website\",\"url\":\"https:\\\/\\\/noticiasmercedinas.com\\\/site\\\/\",\"name\":\"NOTICIASMERCEDINAS.COM\",\"description\":\"Mercedes, Buenos Aires, Argentina\",\"publisher\":{\"@id\":\"https:\\\/\\\/noticiasmercedinas.com\\\/site\\\/#organization\"},\"potentialAction\":[{\"@type\":\"SearchAction\",\"target\":{\"@type\":\"EntryPoint\",\"urlTemplate\":\"https:\\\/\\\/noticiasmercedinas.com\\\/site\\\/?s={search_term_string}\"},\"query-input\":{\"@type\":\"PropertyValueSpecification\",\"valueRequired\":true,\"valueName\":\"search_term_string\"}}],\"inLanguage\":\"es\"},{\"@type\":\"Organization\",\"@id\":\"https:\\\/\\\/noticiasmercedinas.com\\\/site\\\/#organization\",\"name\":\"NOTICIASMERCEDINAS.COM\",\"url\":\"https:\\\/\\\/noticiasmercedinas.com\\\/site\\\/\",\"logo\":{\"@type\":\"ImageObject\",\"inLanguage\":\"es\",\"@id\":\"https:\\\/\\\/noticiasmercedinas.com\\\/site\\\/#\\\/schema\\\/logo\\\/image\\\/\",\"url\":\"https:\\\/\\\/noticiasmercedinas.com\\\/site\\\/wp-content\\\/uploads\\\/2020\\\/06\\\/LOGO-512.jpg\",\"contentUrl\":\"https:\\\/\\\/noticiasmercedinas.com\\\/site\\\/wp-content\\\/uploads\\\/2020\\\/06\\\/LOGO-512.jpg\",\"width\":512,\"height\":512,\"caption\":\"NOTICIASMERCEDINAS.COM\"},\"image\":{\"@id\":\"https:\\\/\\\/noticiasmercedinas.com\\\/site\\\/#\\\/schema\\\/logo\\\/image\\\/\"},\"sameAs\":[\"https:\\\/\\\/www.facebook.com\\\/noticiasmercedinas\\\/\",\"https:\\\/\\\/x.com\\\/notmercedinas\",\"https:\\\/\\\/www.instagram.com\\\/noticiasmercedinas\\\/\"]},{\"@type\":\"Person\",\"@id\":\"https:\\\/\\\/noticiasmercedinas.com\\\/site\\\/#\\\/schema\\\/person\\\/84b59c099c28ff2e8b77d4ceec5d8063\",\"name\":\"NOTICIASMERCEDINAS.COM\",\"image\":{\"@type\":\"ImageObject\",\"inLanguage\":\"es\",\"@id\":\"https:\\\/\\\/secure.gravatar.com\\\/avatar\\\/4dfbf16b4d17945bfb6341b2d19043457132fcf478a5ee04f42e959fd8f5df0a?s=96&d=mm&r=g\",\"url\":\"https:\\\/\\\/secure.gravatar.com\\\/avatar\\\/4dfbf16b4d17945bfb6341b2d19043457132fcf478a5ee04f42e959fd8f5df0a?s=96&d=mm&r=g\",\"contentUrl\":\"https:\\\/\\\/secure.gravatar.com\\\/avatar\\\/4dfbf16b4d17945bfb6341b2d19043457132fcf478a5ee04f42e959fd8f5df0a?s=96&d=mm&r=g\",\"caption\":\"NOTICIASMERCEDINAS.COM\"},\"url\":\"https:\\\/\\\/noticiasmercedinas.com\\\/site\\\/author\\\/anonimo\\\/\"}]}<\/script>\n<!-- \/ Yoast SEO plugin. -->","yoast_head_json":{"title":"Wado y Amanda, embajadores de la 50\u00b0 Fiesta Nacional del Salame","description":"Juntos, el senador nacional y la viuda del productor m\u00e1s reconocido de salames artesanales, arman una pareja de embajadores que representar\u00e1 la tradici\u00f3n y el futuro de la Fiesta Nacional del Salame Quintero. Fueron electos por la Comisi\u00f3n de Productores, en agradecimiento por su \"esfuerzo y compromiso\"","robots":{"index":"index","follow":"follow","max-snippet":"max-snippet:-1","max-image-preview":"max-image-preview:large","max-video-preview":"max-video-preview:-1"},"canonical":"https:\/\/noticiasmercedinas.com\/site\/2025\/09\/15\/wado-y-amanda-embajadores-de-la-50-fiesta-nacional-del-salame-quintero\/","og_locale":"es_ES","og_type":"article","og_title":"Wado y Amanda, embajadores de la 50\u00b0 Fiesta Nacional del Salame","og_description":"Juntos, el senador nacional y la viuda del productor m\u00e1s reconocido de salames artesanales, arman una pareja de embajadores que representar\u00e1 la tradici\u00f3n y el futuro de la Fiesta Nacional del Salame Quintero. Fueron electos por la Comisi\u00f3n de Productores, en agradecimiento por su \"esfuerzo y compromiso\"","og_url":"https:\/\/noticiasmercedinas.com\/site\/2025\/09\/15\/wado-y-amanda-embajadores-de-la-50-fiesta-nacional-del-salame-quintero\/","og_site_name":"NOTICIASMERCEDINAS.COM","article_publisher":"https:\/\/www.facebook.com\/noticiasmercedinas\/","article_published_time":"2025-09-15T14:25:57+00:00","article_modified_time":"2025-09-15T14:29:00+00:00","og_image":[{"width":1100,"height":619,"url":"https:\/\/noticiasmercedinas.com\/site\/wp-content\/uploads\/2025\/09\/Salame-QuinteroDSC04745.jpg","type":"image\/jpeg"}],"author":"NOTICIASMERCEDINAS.COM","twitter_card":"summary_large_image","twitter_creator":"@notmercedinas","twitter_site":"@notmercedinas","twitter_misc":{"Escrito por":"NOTICIASMERCEDINAS.COM","Tiempo de lectura":"3 minutos"},"schema":{"@context":"https:\/\/schema.org","@graph":[{"@type":"Article","@id":"https:\/\/noticiasmercedinas.com\/site\/2025\/09\/15\/wado-y-amanda-embajadores-de-la-50-fiesta-nacional-del-salame-quintero\/#article","isPartOf":{"@id":"https:\/\/noticiasmercedinas.com\/site\/2025\/09\/15\/wado-y-amanda-embajadores-de-la-50-fiesta-nacional-del-salame-quintero\/"},"author":{"name":"NOTICIASMERCEDINAS.COM","@id":"https:\/\/noticiasmercedinas.com\/site\/#\/schema\/person\/84b59c099c28ff2e8b77d4ceec5d8063"},"headline":"Wado y Amanda, embajadores de la 50\u00b0 Fiesta Nacional del Salame","datePublished":"2025-09-15T14:25:57+00:00","dateModified":"2025-09-15T14:29:00+00:00","mainEntityOfPage":{"@id":"https:\/\/noticiasmercedinas.com\/site\/2025\/09\/15\/wado-y-amanda-embajadores-de-la-50-fiesta-nacional-del-salame-quintero\/"},"wordCount":357,"publisher":{"@id":"https:\/\/noticiasmercedinas.com\/site\/#organization"},"image":{"@id":"https:\/\/noticiasmercedinas.com\/site\/2025\/09\/15\/wado-y-amanda-embajadores-de-la-50-fiesta-nacional-del-salame-quintero\/#primaryimage"},"thumbnailUrl":"https:\/\/noticiasmercedinas.com\/site\/wp-content\/uploads\/2025\/09\/Salame-QuinteroDSC04745.jpg","keywords":["amanda berro","amanda godoy","fiesta nacional del salame quintero","salame quintero","wado de pedro"],"articleSection":["Sociedad","Ultimo momento"],"inLanguage":"es"},{"@type":"WebPage","@id":"https:\/\/noticiasmercedinas.com\/site\/2025\/09\/15\/wado-y-amanda-embajadores-de-la-50-fiesta-nacional-del-salame-quintero\/","url":"https:\/\/noticiasmercedinas.com\/site\/2025\/09\/15\/wado-y-amanda-embajadores-de-la-50-fiesta-nacional-del-salame-quintero\/","name":"Wado y Amanda, embajadores de la 50\u00b0 Fiesta Nacional del Salame","isPartOf":{"@id":"https:\/\/noticiasmercedinas.com\/site\/#website"},"primaryImageOfPage":{"@id":"https:\/\/noticiasmercedinas.com\/site\/2025\/09\/15\/wado-y-amanda-embajadores-de-la-50-fiesta-nacional-del-salame-quintero\/#primaryimage"},"image":{"@id":"https:\/\/noticiasmercedinas.com\/site\/2025\/09\/15\/wado-y-amanda-embajadores-de-la-50-fiesta-nacional-del-salame-quintero\/#primaryimage"},"thumbnailUrl":"https:\/\/noticiasmercedinas.com\/site\/wp-content\/uploads\/2025\/09\/Salame-QuinteroDSC04745.jpg","datePublished":"2025-09-15T14:25:57+00:00","dateModified":"2025-09-15T14:29:00+00:00","description":"Juntos, el senador nacional y la viuda del productor m\u00e1s reconocido de salames artesanales, arman una pareja de embajadores que representar\u00e1 la tradici\u00f3n y el futuro de la Fiesta Nacional del Salame Quintero. Fueron electos por la Comisi\u00f3n de Productores, en agradecimiento por su \"esfuerzo y compromiso\"","breadcrumb":{"@id":"https:\/\/noticiasmercedinas.com\/site\/2025\/09\/15\/wado-y-amanda-embajadores-de-la-50-fiesta-nacional-del-salame-quintero\/#breadcrumb"},"inLanguage":"es","potentialAction":[{"@type":"ReadAction","target":["https:\/\/noticiasmercedinas.com\/site\/2025\/09\/15\/wado-y-amanda-embajadores-de-la-50-fiesta-nacional-del-salame-quintero\/"]}]},{"@type":"ImageObject","inLanguage":"es","@id":"https:\/\/noticiasmercedinas.com\/site\/2025\/09\/15\/wado-y-amanda-embajadores-de-la-50-fiesta-nacional-del-salame-quintero\/#primaryimage","url":"https:\/\/noticiasmercedinas.com\/site\/wp-content\/uploads\/2025\/09\/Salame-QuinteroDSC04745.jpg","contentUrl":"https:\/\/noticiasmercedinas.com\/site\/wp-content\/uploads\/2025\/09\/Salame-QuinteroDSC04745.jpg","width":1100,"height":619},{"@type":"BreadcrumbList","@id":"https:\/\/noticiasmercedinas.com\/site\/2025\/09\/15\/wado-y-amanda-embajadores-de-la-50-fiesta-nacional-del-salame-quintero\/#breadcrumb","itemListElement":[{"@type":"ListItem","position":1,"name":"Portada","item":"https:\/\/noticiasmercedinas.com\/site\/"},{"@type":"ListItem","position":2,"name":"Wado y Amanda, embajadores de la 50\u00b0 Fiesta Nacional del Salame"}]},{"@type":"WebSite","@id":"https:\/\/noticiasmercedinas.com\/site\/#website","url":"https:\/\/noticiasmercedinas.com\/site\/","name":"NOTICIASMERCEDINAS.COM","description":"Mercedes, Buenos Aires, Argentina","publisher":{"@id":"https:\/\/noticiasmercedinas.com\/site\/#organization"},"potentialAction":[{"@type":"SearchAction","target":{"@type":"EntryPoint","urlTemplate":"https:\/\/noticiasmercedinas.com\/site\/?s={search_term_string}"},"query-input":{"@type":"PropertyValueSpecification","valueRequired":true,"valueName":"search_term_string"}}],"inLanguage":"es"},{"@type":"Organization","@id":"https:\/\/noticiasmercedinas.com\/site\/#organization","name":"NOTICIASMERCEDINAS.COM","url":"https:\/\/noticiasmercedinas.com\/site\/","logo":{"@type":"ImageObject","inLanguage":"es","@id":"https:\/\/noticiasmercedinas.com\/site\/#\/schema\/logo\/image\/","url":"https:\/\/noticiasmercedinas.com\/site\/wp-content\/uploads\/2020\/06\/LOGO-512.jpg","contentUrl":"https:\/\/noticiasmercedinas.com\/site\/wp-content\/uploads\/2020\/06\/LOGO-512.jpg","width":512,"height":512,"caption":"NOTICIASMERCEDINAS.COM"},"image":{"@id":"https:\/\/noticiasmercedinas.com\/site\/#\/schema\/logo\/image\/"},"sameAs":["https:\/\/www.facebook.com\/noticiasmercedinas\/","https:\/\/x.com\/notmercedinas","https:\/\/www.instagram.com\/noticiasmercedinas\/"]},{"@type":"Person","@id":"https:\/\/noticiasmercedinas.com\/site\/#\/schema\/person\/84b59c099c28ff2e8b77d4ceec5d8063","name":"NOTICIASMERCEDINAS.COM","image":{"@type":"ImageObject","inLanguage":"es","@id":"https:\/\/secure.gravatar.com\/avatar\/4dfbf16b4d17945bfb6341b2d19043457132fcf478a5ee04f42e959fd8f5df0a?s=96&d=mm&r=g","url":"https:\/\/secure.gravatar.com\/avatar\/4dfbf16b4d17945bfb6341b2d19043457132fcf478a5ee04f42e959fd8f5df0a?s=96&d=mm&r=g","contentUrl":"https:\/\/secure.gravatar.com\/avatar\/4dfbf16b4d17945bfb6341b2d19043457132fcf478a5ee04f42e959fd8f5df0a?s=96&d=mm&r=g","caption":"NOTICIASMERCEDINAS.COM"},"url":"https:\/\/noticiasmercedinas.com\/site\/author\/anonimo\/"}]}},"amp_enabled":true,"_links":{"self":[{"href":"https:\/\/noticiasmercedinas.com\/site\/wp-json\/wp\/v2\/posts\/169566","targetHints":{"allow":["GET"]}}],"collection":[{"href":"https:\/\/noticiasmercedinas.com\/site\/wp-json\/wp\/v2\/posts"}],"about":[{"href":"https:\/\/noticiasmercedinas.com\/site\/wp-json\/wp\/v2\/types\/post"}],"author":[{"embeddable":true,"href":"https:\/\/noticiasmercedinas.com\/site\/wp-json\/wp\/v2\/users\/16"}],"replies":[{"embeddable":true,"href":"https:\/\/noticiasmercedinas.com\/site\/wp-json\/wp\/v2\/comments?post=169566"}],"version-history":[{"count":3,"href":"https:\/\/noticiasmercedinas.com\/site\/wp-json\/wp\/v2\/posts\/169566\/revisions"}],"predecessor-version":[{"id":169573,"href":"https:\/\/noticiasmercedinas.com\/site\/wp-json\/wp\/v2\/posts\/169566\/revisions\/169573"}],"wp:featuredmedia":[{"embeddable":true,"href":"https:\/\/noticiasmercedinas.com\/site\/wp-json\/wp\/v2\/media\/169569"}],"wp:attachment":[{"href":"https:\/\/noticiasmercedinas.com\/site\/wp-json\/wp\/v2\/media?parent=169566"}],"wp:term":[{"taxonomy":"category","embeddable":true,"href":"https:\/\/noticiasmercedinas.com\/site\/wp-json\/wp\/v2\/categories?post=169566"},{"taxonomy":"post_tag","embeddable":true,"href":"https:\/\/noticiasmercedinas.com\/site\/wp-json\/wp\/v2\/tags?post=169566"}],"curies":[{"name":"wp","href":"https:\/\/api.w.org\/{rel}","templated":true}]}}