{"id":169746,"date":"2025-09-17T18:54:59","date_gmt":"2025-09-17T21:54:59","guid":{"rendered":"https:\/\/noticiasmercedinas.com\/site\/?p=169746"},"modified":"2025-09-17T18:56:04","modified_gmt":"2025-09-17T21:56:04","slug":"corte-de-transito-servicios-publicos-inicia-una-obra-de-bacheo-en-avenida-17","status":"publish","type":"post","link":"https:\/\/noticiasmercedinas.com\/site\/2025\/09\/17\/corte-de-transito-servicios-publicos-inicia-una-obra-de-bacheo-en-avenida-17\/","title":{"rendered":"Corte de tr\u00e1nsito: Servicios P\u00fablicos inicia una obra de bacheo en Avenida 17"},"content":{"rendered":"<p><img loading=\"lazy\" decoding=\"async\" class=\"alignnone size-full wp-image-169747\" src=\"https:\/\/noticiasmercedinas.com\/site\/wp-content\/uploads\/2025\/09\/099a99d3-2cd1-483f-92f3-cd2141f106e2.jpg\" alt=\"\" width=\"1319\" height=\"879\" srcset=\"https:\/\/noticiasmercedinas.com\/site\/wp-content\/uploads\/2025\/09\/099a99d3-2cd1-483f-92f3-cd2141f106e2.jpg 1319w, https:\/\/noticiasmercedinas.com\/site\/wp-content\/uploads\/2025\/09\/099a99d3-2cd1-483f-92f3-cd2141f106e2-300x200.jpg 300w, https:\/\/noticiasmercedinas.com\/site\/wp-content\/uploads\/2025\/09\/099a99d3-2cd1-483f-92f3-cd2141f106e2-1024x682.jpg 1024w, https:\/\/noticiasmercedinas.com\/site\/wp-content\/uploads\/2025\/09\/099a99d3-2cd1-483f-92f3-cd2141f106e2-768x512.jpg 768w, https:\/\/noticiasmercedinas.com\/site\/wp-content\/uploads\/2025\/09\/099a99d3-2cd1-483f-92f3-cd2141f106e2-640x427.jpg 640w, https:\/\/noticiasmercedinas.com\/site\/wp-content\/uploads\/2025\/09\/099a99d3-2cd1-483f-92f3-cd2141f106e2-1280x853.jpg 1280w, https:\/\/noticiasmercedinas.com\/site\/wp-content\/uploads\/2025\/09\/099a99d3-2cd1-483f-92f3-cd2141f106e2-681x454.jpg 681w\" sizes=\"auto, (max-width: 1319px) 100vw, 1319px\" \/><\/p>\n<p>La Subsecretar\u00eda de Servicios P\u00fablicos, a cargo de <b>Luis Ponce<\/b>, comenz\u00f3 una obra de reparaci\u00f3n vial en la <b>Avenida 17 entre las calles 2 y 4<\/b>.<\/p>\n<p>Desde este mi\u00e9rcoles, la cuadrilla de bacheo y las m\u00e1quinas del corral\u00f3n municipal trabajan en la zona, lo que ha obligado a realizar un corte de tr\u00e1nsito en la calzada.<\/p>\n<p>Esta intervenci\u00f3n forma parte del \u00abplan integral de cuidado de la v\u00eda p\u00fablica\u00bb, seg\u00fan explic\u00f3 Ponce. El funcionario destac\u00f3 la necesidad de la obra, ya que se trata de una avenida muy utilizada que requer\u00eda mejoras.<\/p>\n<p>Se estima que los trabajos, a cargo de <b>Carlos Romero<\/b>, tendr\u00e1n una duraci\u00f3n de al menos diez d\u00edas.<\/p>\n<p>Ponce agradeci\u00f3 la \u00abpaciencia y comprensi\u00f3n\u00bb de los vecinos, se\u00f1alando que los trabajos se realizan en beneficio de toda la comunidad<\/p>\n","protected":false},"excerpt":{"rendered":"<p>\u25a0 Entre 2 y 4 la calzada est\u00e1 bloqueada por obras. Se estima que los trabajos, a cargo de Carlos Romero, tendr\u00e1n una duraci\u00f3n de al menos diez d\u00edas. Luis Ponce agradeci\u00f3 la \u00abpaciencia y comprensi\u00f3n\u00bb de los vecinos<\/p>\n","protected":false},"author":16,"featured_media":169747,"comment_status":"closed","ping_status":"closed","sticky":false,"template":"","format":"standard","meta":{"footnotes":""},"categories":[3],"tags":[10299,20891,390,1670],"class_list":["post-169746","post","type-post","status-publish","format-standard","has-post-thumbnail","hentry","category-sociedad","tag-avenida-17","tag-corte-de-calle","tag-obra","tag-servicios-publicos"],"yoast_head":"<!-- This site is optimized with the Yoast SEO plugin v28.3 - https:\/\/yoast.com\/product\/yoast-seo-wordpress\/ -->\n<title>Corte de tr\u00e1nsito: Servicios P\u00fablicos inicia una obra de bacheo en Avenida 17<\/title>\n<meta name=\"description\" content=\"\u25a0 Entre 2 y 4 la calzada est\u00e1 bloqueada por obras. Se estima que los trabajos, a cargo de Carlos Romero, tendr\u00e1n una duraci\u00f3n de al menos diez d\u00edas. Luis Ponce agradeci\u00f3 la &quot;paciencia y comprensi\u00f3n&quot; de los vecinos\" \/>\n<meta name=\"robots\" content=\"index, follow, max-snippet:-1, max-image-preview:large, max-video-preview:-1\" \/>\n<link rel=\"canonical\" href=\"https:\/\/noticiasmercedinas.com\/site\/2025\/09\/17\/corte-de-transito-servicios-publicos-inicia-una-obra-de-bacheo-en-avenida-17\/\" \/>\n<meta property=\"og:locale\" content=\"es_ES\" \/>\n<meta property=\"og:type\" content=\"article\" \/>\n<meta property=\"og:title\" content=\"Corte de tr\u00e1nsito: Servicios P\u00fablicos inicia una obra de bacheo en Avenida 17\" \/>\n<meta property=\"og:description\" content=\"\u25a0 Entre 2 y 4 la calzada est\u00e1 bloqueada por obras. Se estima que los trabajos, a cargo de Carlos Romero, tendr\u00e1n una duraci\u00f3n de al menos diez d\u00edas. Luis Ponce agradeci\u00f3 la &quot;paciencia y comprensi\u00f3n&quot; de los vecinos\" \/>\n<meta property=\"og:url\" content=\"https:\/\/noticiasmercedinas.com\/site\/2025\/09\/17\/corte-de-transito-servicios-publicos-inicia-una-obra-de-bacheo-en-avenida-17\/\" \/>\n<meta property=\"og:site_name\" content=\"NOTICIASMERCEDINAS.COM\" \/>\n<meta property=\"article:publisher\" content=\"https:\/\/www.facebook.com\/noticiasmercedinas\/\" \/>\n<meta property=\"article:published_time\" content=\"2025-09-17T21:54:59+00:00\" \/>\n<meta property=\"article:modified_time\" content=\"2025-09-17T21:56:04+00:00\" \/>\n<meta property=\"og:image\" content=\"https:\/\/noticiasmercedinas.com\/site\/wp-content\/uploads\/2025\/09\/099a99d3-2cd1-483f-92f3-cd2141f106e2.jpg\" \/>\n\t<meta property=\"og:image:width\" content=\"1319\" \/>\n\t<meta property=\"og:image:height\" content=\"879\" \/>\n\t<meta property=\"og:image:type\" content=\"image\/jpeg\" \/>\n<meta name=\"author\" content=\"NOTICIASMERCEDINAS.COM\" \/>\n<meta name=\"twitter:card\" content=\"summary_large_image\" \/>\n<meta name=\"twitter:creator\" content=\"@notmercedinas\" \/>\n<meta name=\"twitter:site\" content=\"@notmercedinas\" \/>\n<meta name=\"twitter:label1\" content=\"Escrito por\" \/>\n\t<meta name=\"twitter:data1\" content=\"NOTICIASMERCEDINAS.COM\" \/>\n\t<meta name=\"twitter:label2\" content=\"Tiempo de lectura\" \/>\n\t<meta name=\"twitter:data2\" content=\"2 minutos\" \/>\n<script type=\"application\/ld+json\" class=\"yoast-schema-graph\">{\"@context\":\"https:\\\/\\\/schema.org\",\"@graph\":[{\"@type\":\"Article\",\"@id\":\"https:\\\/\\\/noticiasmercedinas.com\\\/site\\\/2025\\\/09\\\/17\\\/corte-de-transito-servicios-publicos-inicia-una-obra-de-bacheo-en-avenida-17\\\/#article\",\"isPartOf\":{\"@id\":\"https:\\\/\\\/noticiasmercedinas.com\\\/site\\\/2025\\\/09\\\/17\\\/corte-de-transito-servicios-publicos-inicia-una-obra-de-bacheo-en-avenida-17\\\/\"},\"author\":{\"name\":\"NOTICIASMERCEDINAS.COM\",\"@id\":\"https:\\\/\\\/noticiasmercedinas.com\\\/site\\\/#\\\/schema\\\/person\\\/84b59c099c28ff2e8b77d4ceec5d8063\"},\"headline\":\"Corte de tr\u00e1nsito: Servicios P\u00fablicos inicia una obra de bacheo en Avenida 17\",\"datePublished\":\"2025-09-17T21:54:59+00:00\",\"dateModified\":\"2025-09-17T21:56:04+00:00\",\"mainEntityOfPage\":{\"@id\":\"https:\\\/\\\/noticiasmercedinas.com\\\/site\\\/2025\\\/09\\\/17\\\/corte-de-transito-servicios-publicos-inicia-una-obra-de-bacheo-en-avenida-17\\\/\"},\"wordCount\":159,\"publisher\":{\"@id\":\"https:\\\/\\\/noticiasmercedinas.com\\\/site\\\/#organization\"},\"image\":{\"@id\":\"https:\\\/\\\/noticiasmercedinas.com\\\/site\\\/2025\\\/09\\\/17\\\/corte-de-transito-servicios-publicos-inicia-una-obra-de-bacheo-en-avenida-17\\\/#primaryimage\"},\"thumbnailUrl\":\"https:\\\/\\\/noticiasmercedinas.com\\\/site\\\/wp-content\\\/uploads\\\/2025\\\/09\\\/099a99d3-2cd1-483f-92f3-cd2141f106e2.jpg\",\"keywords\":[\"avenida 17\",\"corte de calle\",\"obra\",\"servicios publicos\"],\"articleSection\":[\"Sociedad\"],\"inLanguage\":\"es\"},{\"@type\":\"WebPage\",\"@id\":\"https:\\\/\\\/noticiasmercedinas.com\\\/site\\\/2025\\\/09\\\/17\\\/corte-de-transito-servicios-publicos-inicia-una-obra-de-bacheo-en-avenida-17\\\/\",\"url\":\"https:\\\/\\\/noticiasmercedinas.com\\\/site\\\/2025\\\/09\\\/17\\\/corte-de-transito-servicios-publicos-inicia-una-obra-de-bacheo-en-avenida-17\\\/\",\"name\":\"Corte de tr\u00e1nsito: Servicios P\u00fablicos inicia una obra de bacheo en Avenida 17\",\"isPartOf\":{\"@id\":\"https:\\\/\\\/noticiasmercedinas.com\\\/site\\\/#website\"},\"primaryImageOfPage\":{\"@id\":\"https:\\\/\\\/noticiasmercedinas.com\\\/site\\\/2025\\\/09\\\/17\\\/corte-de-transito-servicios-publicos-inicia-una-obra-de-bacheo-en-avenida-17\\\/#primaryimage\"},\"image\":{\"@id\":\"https:\\\/\\\/noticiasmercedinas.com\\\/site\\\/2025\\\/09\\\/17\\\/corte-de-transito-servicios-publicos-inicia-una-obra-de-bacheo-en-avenida-17\\\/#primaryimage\"},\"thumbnailUrl\":\"https:\\\/\\\/noticiasmercedinas.com\\\/site\\\/wp-content\\\/uploads\\\/2025\\\/09\\\/099a99d3-2cd1-483f-92f3-cd2141f106e2.jpg\",\"datePublished\":\"2025-09-17T21:54:59+00:00\",\"dateModified\":\"2025-09-17T21:56:04+00:00\",\"description\":\"\u25a0 Entre 2 y 4 la calzada est\u00e1 bloqueada por obras. Se estima que los trabajos, a cargo de Carlos Romero, tendr\u00e1n una duraci\u00f3n de al menos diez d\u00edas. Luis Ponce agradeci\u00f3 la \\\"paciencia y comprensi\u00f3n\\\" de los vecinos\",\"breadcrumb\":{\"@id\":\"https:\\\/\\\/noticiasmercedinas.com\\\/site\\\/2025\\\/09\\\/17\\\/corte-de-transito-servicios-publicos-inicia-una-obra-de-bacheo-en-avenida-17\\\/#breadcrumb\"},\"inLanguage\":\"es\",\"potentialAction\":[{\"@type\":\"ReadAction\",\"target\":[\"https:\\\/\\\/noticiasmercedinas.com\\\/site\\\/2025\\\/09\\\/17\\\/corte-de-transito-servicios-publicos-inicia-una-obra-de-bacheo-en-avenida-17\\\/\"]}]},{\"@type\":\"ImageObject\",\"inLanguage\":\"es\",\"@id\":\"https:\\\/\\\/noticiasmercedinas.com\\\/site\\\/2025\\\/09\\\/17\\\/corte-de-transito-servicios-publicos-inicia-una-obra-de-bacheo-en-avenida-17\\\/#primaryimage\",\"url\":\"https:\\\/\\\/noticiasmercedinas.com\\\/site\\\/wp-content\\\/uploads\\\/2025\\\/09\\\/099a99d3-2cd1-483f-92f3-cd2141f106e2.jpg\",\"contentUrl\":\"https:\\\/\\\/noticiasmercedinas.com\\\/site\\\/wp-content\\\/uploads\\\/2025\\\/09\\\/099a99d3-2cd1-483f-92f3-cd2141f106e2.jpg\",\"width\":1319,\"height\":879},{\"@type\":\"BreadcrumbList\",\"@id\":\"https:\\\/\\\/noticiasmercedinas.com\\\/site\\\/2025\\\/09\\\/17\\\/corte-de-transito-servicios-publicos-inicia-una-obra-de-bacheo-en-avenida-17\\\/#breadcrumb\",\"itemListElement\":[{\"@type\":\"ListItem\",\"position\":1,\"name\":\"Portada\",\"item\":\"https:\\\/\\\/noticiasmercedinas.com\\\/site\\\/\"},{\"@type\":\"ListItem\",\"position\":2,\"name\":\"Corte de tr\u00e1nsito: Servicios P\u00fablicos inicia una obra de bacheo en Avenida 17\"}]},{\"@type\":\"WebSite\",\"@id\":\"https:\\\/\\\/noticiasmercedinas.com\\\/site\\\/#website\",\"url\":\"https:\\\/\\\/noticiasmercedinas.com\\\/site\\\/\",\"name\":\"NOTICIASMERCEDINAS.COM\",\"description\":\"Mercedes, Buenos Aires, Argentina\",\"publisher\":{\"@id\":\"https:\\\/\\\/noticiasmercedinas.com\\\/site\\\/#organization\"},\"potentialAction\":[{\"@type\":\"SearchAction\",\"target\":{\"@type\":\"EntryPoint\",\"urlTemplate\":\"https:\\\/\\\/noticiasmercedinas.com\\\/site\\\/?s={search_term_string}\"},\"query-input\":{\"@type\":\"PropertyValueSpecification\",\"valueRequired\":true,\"valueName\":\"search_term_string\"}}],\"inLanguage\":\"es\"},{\"@type\":\"Organization\",\"@id\":\"https:\\\/\\\/noticiasmercedinas.com\\\/site\\\/#organization\",\"name\":\"NOTICIASMERCEDINAS.COM\",\"url\":\"https:\\\/\\\/noticiasmercedinas.com\\\/site\\\/\",\"logo\":{\"@type\":\"ImageObject\",\"inLanguage\":\"es\",\"@id\":\"https:\\\/\\\/noticiasmercedinas.com\\\/site\\\/#\\\/schema\\\/logo\\\/image\\\/\",\"url\":\"https:\\\/\\\/noticiasmercedinas.com\\\/site\\\/wp-content\\\/uploads\\\/2020\\\/06\\\/LOGO-512.jpg\",\"contentUrl\":\"https:\\\/\\\/noticiasmercedinas.com\\\/site\\\/wp-content\\\/uploads\\\/2020\\\/06\\\/LOGO-512.jpg\",\"width\":512,\"height\":512,\"caption\":\"NOTICIASMERCEDINAS.COM\"},\"image\":{\"@id\":\"https:\\\/\\\/noticiasmercedinas.com\\\/site\\\/#\\\/schema\\\/logo\\\/image\\\/\"},\"sameAs\":[\"https:\\\/\\\/www.facebook.com\\\/noticiasmercedinas\\\/\",\"https:\\\/\\\/x.com\\\/notmercedinas\",\"https:\\\/\\\/www.instagram.com\\\/noticiasmercedinas\\\/\"]},{\"@type\":\"Person\",\"@id\":\"https:\\\/\\\/noticiasmercedinas.com\\\/site\\\/#\\\/schema\\\/person\\\/84b59c099c28ff2e8b77d4ceec5d8063\",\"name\":\"NOTICIASMERCEDINAS.COM\",\"image\":{\"@type\":\"ImageObject\",\"inLanguage\":\"es\",\"@id\":\"https:\\\/\\\/secure.gravatar.com\\\/avatar\\\/4dfbf16b4d17945bfb6341b2d19043457132fcf478a5ee04f42e959fd8f5df0a?s=96&d=mm&r=g\",\"url\":\"https:\\\/\\\/secure.gravatar.com\\\/avatar\\\/4dfbf16b4d17945bfb6341b2d19043457132fcf478a5ee04f42e959fd8f5df0a?s=96&d=mm&r=g\",\"contentUrl\":\"https:\\\/\\\/secure.gravatar.com\\\/avatar\\\/4dfbf16b4d17945bfb6341b2d19043457132fcf478a5ee04f42e959fd8f5df0a?s=96&d=mm&r=g\",\"caption\":\"NOTICIASMERCEDINAS.COM\"},\"url\":\"https:\\\/\\\/noticiasmercedinas.com\\\/site\\\/author\\\/anonimo\\\/\"}]}<\/script>\n<!-- \/ Yoast SEO plugin. -->","yoast_head_json":{"title":"Corte de tr\u00e1nsito: Servicios P\u00fablicos inicia una obra de bacheo en Avenida 17","description":"\u25a0 Entre 2 y 4 la calzada est\u00e1 bloqueada por obras. Se estima que los trabajos, a cargo de Carlos Romero, tendr\u00e1n una duraci\u00f3n de al menos diez d\u00edas. Luis Ponce agradeci\u00f3 la \"paciencia y comprensi\u00f3n\" de los vecinos","robots":{"index":"index","follow":"follow","max-snippet":"max-snippet:-1","max-image-preview":"max-image-preview:large","max-video-preview":"max-video-preview:-1"},"canonical":"https:\/\/noticiasmercedinas.com\/site\/2025\/09\/17\/corte-de-transito-servicios-publicos-inicia-una-obra-de-bacheo-en-avenida-17\/","og_locale":"es_ES","og_type":"article","og_title":"Corte de tr\u00e1nsito: Servicios P\u00fablicos inicia una obra de bacheo en Avenida 17","og_description":"\u25a0 Entre 2 y 4 la calzada est\u00e1 bloqueada por obras. Se estima que los trabajos, a cargo de Carlos Romero, tendr\u00e1n una duraci\u00f3n de al menos diez d\u00edas. Luis Ponce agradeci\u00f3 la \"paciencia y comprensi\u00f3n\" de los vecinos","og_url":"https:\/\/noticiasmercedinas.com\/site\/2025\/09\/17\/corte-de-transito-servicios-publicos-inicia-una-obra-de-bacheo-en-avenida-17\/","og_site_name":"NOTICIASMERCEDINAS.COM","article_publisher":"https:\/\/www.facebook.com\/noticiasmercedinas\/","article_published_time":"2025-09-17T21:54:59+00:00","article_modified_time":"2025-09-17T21:56:04+00:00","og_image":[{"width":1319,"height":879,"url":"https:\/\/noticiasmercedinas.com\/site\/wp-content\/uploads\/2025\/09\/099a99d3-2cd1-483f-92f3-cd2141f106e2.jpg","type":"image\/jpeg"}],"author":"NOTICIASMERCEDINAS.COM","twitter_card":"summary_large_image","twitter_creator":"@notmercedinas","twitter_site":"@notmercedinas","twitter_misc":{"Escrito por":"NOTICIASMERCEDINAS.COM","Tiempo de lectura":"2 minutos"},"schema":{"@context":"https:\/\/schema.org","@graph":[{"@type":"Article","@id":"https:\/\/noticiasmercedinas.com\/site\/2025\/09\/17\/corte-de-transito-servicios-publicos-inicia-una-obra-de-bacheo-en-avenida-17\/#article","isPartOf":{"@id":"https:\/\/noticiasmercedinas.com\/site\/2025\/09\/17\/corte-de-transito-servicios-publicos-inicia-una-obra-de-bacheo-en-avenida-17\/"},"author":{"name":"NOTICIASMERCEDINAS.COM","@id":"https:\/\/noticiasmercedinas.com\/site\/#\/schema\/person\/84b59c099c28ff2e8b77d4ceec5d8063"},"headline":"Corte de tr\u00e1nsito: Servicios P\u00fablicos inicia una obra de bacheo en Avenida 17","datePublished":"2025-09-17T21:54:59+00:00","dateModified":"2025-09-17T21:56:04+00:00","mainEntityOfPage":{"@id":"https:\/\/noticiasmercedinas.com\/site\/2025\/09\/17\/corte-de-transito-servicios-publicos-inicia-una-obra-de-bacheo-en-avenida-17\/"},"wordCount":159,"publisher":{"@id":"https:\/\/noticiasmercedinas.com\/site\/#organization"},"image":{"@id":"https:\/\/noticiasmercedinas.com\/site\/2025\/09\/17\/corte-de-transito-servicios-publicos-inicia-una-obra-de-bacheo-en-avenida-17\/#primaryimage"},"thumbnailUrl":"https:\/\/noticiasmercedinas.com\/site\/wp-content\/uploads\/2025\/09\/099a99d3-2cd1-483f-92f3-cd2141f106e2.jpg","keywords":["avenida 17","corte de calle","obra","servicios publicos"],"articleSection":["Sociedad"],"inLanguage":"es"},{"@type":"WebPage","@id":"https:\/\/noticiasmercedinas.com\/site\/2025\/09\/17\/corte-de-transito-servicios-publicos-inicia-una-obra-de-bacheo-en-avenida-17\/","url":"https:\/\/noticiasmercedinas.com\/site\/2025\/09\/17\/corte-de-transito-servicios-publicos-inicia-una-obra-de-bacheo-en-avenida-17\/","name":"Corte de tr\u00e1nsito: Servicios P\u00fablicos inicia una obra de bacheo en Avenida 17","isPartOf":{"@id":"https:\/\/noticiasmercedinas.com\/site\/#website"},"primaryImageOfPage":{"@id":"https:\/\/noticiasmercedinas.com\/site\/2025\/09\/17\/corte-de-transito-servicios-publicos-inicia-una-obra-de-bacheo-en-avenida-17\/#primaryimage"},"image":{"@id":"https:\/\/noticiasmercedinas.com\/site\/2025\/09\/17\/corte-de-transito-servicios-publicos-inicia-una-obra-de-bacheo-en-avenida-17\/#primaryimage"},"thumbnailUrl":"https:\/\/noticiasmercedinas.com\/site\/wp-content\/uploads\/2025\/09\/099a99d3-2cd1-483f-92f3-cd2141f106e2.jpg","datePublished":"2025-09-17T21:54:59+00:00","dateModified":"2025-09-17T21:56:04+00:00","description":"\u25a0 Entre 2 y 4 la calzada est\u00e1 bloqueada por obras. Se estima que los trabajos, a cargo de Carlos Romero, tendr\u00e1n una duraci\u00f3n de al menos diez d\u00edas. Luis Ponce agradeci\u00f3 la \"paciencia y comprensi\u00f3n\" de los vecinos","breadcrumb":{"@id":"https:\/\/noticiasmercedinas.com\/site\/2025\/09\/17\/corte-de-transito-servicios-publicos-inicia-una-obra-de-bacheo-en-avenida-17\/#breadcrumb"},"inLanguage":"es","potentialAction":[{"@type":"ReadAction","target":["https:\/\/noticiasmercedinas.com\/site\/2025\/09\/17\/corte-de-transito-servicios-publicos-inicia-una-obra-de-bacheo-en-avenida-17\/"]}]},{"@type":"ImageObject","inLanguage":"es","@id":"https:\/\/noticiasmercedinas.com\/site\/2025\/09\/17\/corte-de-transito-servicios-publicos-inicia-una-obra-de-bacheo-en-avenida-17\/#primaryimage","url":"https:\/\/noticiasmercedinas.com\/site\/wp-content\/uploads\/2025\/09\/099a99d3-2cd1-483f-92f3-cd2141f106e2.jpg","contentUrl":"https:\/\/noticiasmercedinas.com\/site\/wp-content\/uploads\/2025\/09\/099a99d3-2cd1-483f-92f3-cd2141f106e2.jpg","width":1319,"height":879},{"@type":"BreadcrumbList","@id":"https:\/\/noticiasmercedinas.com\/site\/2025\/09\/17\/corte-de-transito-servicios-publicos-inicia-una-obra-de-bacheo-en-avenida-17\/#breadcrumb","itemListElement":[{"@type":"ListItem","position":1,"name":"Portada","item":"https:\/\/noticiasmercedinas.com\/site\/"},{"@type":"ListItem","position":2,"name":"Corte de tr\u00e1nsito: Servicios P\u00fablicos inicia una obra de bacheo en Avenida 17"}]},{"@type":"WebSite","@id":"https:\/\/noticiasmercedinas.com\/site\/#website","url":"https:\/\/noticiasmercedinas.com\/site\/","name":"NOTICIASMERCEDINAS.COM","description":"Mercedes, Buenos Aires, Argentina","publisher":{"@id":"https:\/\/noticiasmercedinas.com\/site\/#organization"},"potentialAction":[{"@type":"SearchAction","target":{"@type":"EntryPoint","urlTemplate":"https:\/\/noticiasmercedinas.com\/site\/?s={search_term_string}"},"query-input":{"@type":"PropertyValueSpecification","valueRequired":true,"valueName":"search_term_string"}}],"inLanguage":"es"},{"@type":"Organization","@id":"https:\/\/noticiasmercedinas.com\/site\/#organization","name":"NOTICIASMERCEDINAS.COM","url":"https:\/\/noticiasmercedinas.com\/site\/","logo":{"@type":"ImageObject","inLanguage":"es","@id":"https:\/\/noticiasmercedinas.com\/site\/#\/schema\/logo\/image\/","url":"https:\/\/noticiasmercedinas.com\/site\/wp-content\/uploads\/2020\/06\/LOGO-512.jpg","contentUrl":"https:\/\/noticiasmercedinas.com\/site\/wp-content\/uploads\/2020\/06\/LOGO-512.jpg","width":512,"height":512,"caption":"NOTICIASMERCEDINAS.COM"},"image":{"@id":"https:\/\/noticiasmercedinas.com\/site\/#\/schema\/logo\/image\/"},"sameAs":["https:\/\/www.facebook.com\/noticiasmercedinas\/","https:\/\/x.com\/notmercedinas","https:\/\/www.instagram.com\/noticiasmercedinas\/"]},{"@type":"Person","@id":"https:\/\/noticiasmercedinas.com\/site\/#\/schema\/person\/84b59c099c28ff2e8b77d4ceec5d8063","name":"NOTICIASMERCEDINAS.COM","image":{"@type":"ImageObject","inLanguage":"es","@id":"https:\/\/secure.gravatar.com\/avatar\/4dfbf16b4d17945bfb6341b2d19043457132fcf478a5ee04f42e959fd8f5df0a?s=96&d=mm&r=g","url":"https:\/\/secure.gravatar.com\/avatar\/4dfbf16b4d17945bfb6341b2d19043457132fcf478a5ee04f42e959fd8f5df0a?s=96&d=mm&r=g","contentUrl":"https:\/\/secure.gravatar.com\/avatar\/4dfbf16b4d17945bfb6341b2d19043457132fcf478a5ee04f42e959fd8f5df0a?s=96&d=mm&r=g","caption":"NOTICIASMERCEDINAS.COM"},"url":"https:\/\/noticiasmercedinas.com\/site\/author\/anonimo\/"}]}},"amp_enabled":true,"_links":{"self":[{"href":"https:\/\/noticiasmercedinas.com\/site\/wp-json\/wp\/v2\/posts\/169746","targetHints":{"allow":["GET"]}}],"collection":[{"href":"https:\/\/noticiasmercedinas.com\/site\/wp-json\/wp\/v2\/posts"}],"about":[{"href":"https:\/\/noticiasmercedinas.com\/site\/wp-json\/wp\/v2\/types\/post"}],"author":[{"embeddable":true,"href":"https:\/\/noticiasmercedinas.com\/site\/wp-json\/wp\/v2\/users\/16"}],"replies":[{"embeddable":true,"href":"https:\/\/noticiasmercedinas.com\/site\/wp-json\/wp\/v2\/comments?post=169746"}],"version-history":[{"count":2,"href":"https:\/\/noticiasmercedinas.com\/site\/wp-json\/wp\/v2\/posts\/169746\/revisions"}],"predecessor-version":[{"id":169749,"href":"https:\/\/noticiasmercedinas.com\/site\/wp-json\/wp\/v2\/posts\/169746\/revisions\/169749"}],"wp:featuredmedia":[{"embeddable":true,"href":"https:\/\/noticiasmercedinas.com\/site\/wp-json\/wp\/v2\/media\/169747"}],"wp:attachment":[{"href":"https:\/\/noticiasmercedinas.com\/site\/wp-json\/wp\/v2\/media?parent=169746"}],"wp:term":[{"taxonomy":"category","embeddable":true,"href":"https:\/\/noticiasmercedinas.com\/site\/wp-json\/wp\/v2\/categories?post=169746"},{"taxonomy":"post_tag","embeddable":true,"href":"https:\/\/noticiasmercedinas.com\/site\/wp-json\/wp\/v2\/tags?post=169746"}],"curies":[{"name":"wp","href":"https:\/\/api.w.org\/{rel}","templated":true}]}}