{"id":169767,"date":"2025-09-17T22:37:16","date_gmt":"2025-09-18T01:37:16","guid":{"rendered":"https:\/\/noticiasmercedinas.com\/site\/?p=169767"},"modified":"2025-09-17T22:37:16","modified_gmt":"2025-09-18T01:37:16","slug":"historica-eleccion-en-la-fesimubo-doval-nuevo-secretario-general-artaza-reelecta","status":"publish","type":"post","link":"https:\/\/noticiasmercedinas.com\/site\/2025\/09\/17\/historica-eleccion-en-la-fesimubo-doval-nuevo-secretario-general-artaza-reelecta\/","title":{"rendered":"Hist\u00f3rica elecci\u00f3n en la FESIMUBO: Doval nuevo secretario general, Artaza reelecta"},"content":{"rendered":"<p><img loading=\"lazy\" decoding=\"async\" class=\"alignnone size-full wp-image-169769\" src=\"https:\/\/noticiasmercedinas.com\/site\/wp-content\/uploads\/2025\/09\/IMG-20250915-WA0083.jpg\" alt=\"\" width=\"703\" height=\"414\" srcset=\"https:\/\/noticiasmercedinas.com\/site\/wp-content\/uploads\/2025\/09\/IMG-20250915-WA0083.jpg 703w, https:\/\/noticiasmercedinas.com\/site\/wp-content\/uploads\/2025\/09\/IMG-20250915-WA0083-300x177.jpg 300w, https:\/\/noticiasmercedinas.com\/site\/wp-content\/uploads\/2025\/09\/IMG-20250915-WA0083-640x377.jpg 640w, https:\/\/noticiasmercedinas.com\/site\/wp-content\/uploads\/2025\/09\/IMG-20250915-WA0083-681x401.jpg 681w\" sizes=\"auto, (max-width: 703px) 100vw, 703px\" \/><\/p>\n<p>Hern\u00e1n Doval ha sido electo como el nuevo Secretario General de la Federaci\u00f3n de Sindicatos Municipales Bonaerenses (FESIMUBO), tras una jornada electoral sin precedentes el pasado 12 de septiembre en el \u00e1mbito provincial. Con un total de 43.983 votos, Doval se impuso en una elecci\u00f3n que moviliz\u00f3 a m\u00e1s del 40% del padr\u00f3n, de un total de 105.000 afiliados habilitados para votar en 80 municipios de la provincia.<\/p>\n<p>Esta elecci\u00f3n es considerada un momento crucial para la FESIMUBO, que representa a m\u00e1s de 300.000 trabajadores municipales. La masiva participaci\u00f3n, con 44.398 votantes, super\u00f3 ampliamente las expectativas y consolida el liderazgo de la nueva dirigencia, marcando un claro recambio generacional en la entidad. La legitimidad de la nueva conducci\u00f3n queda reforzada por el voto directo y democr\u00e1tico de sus bases.<\/p>\n<p>La jornada electoral tuvo un elemento innovador: por primera vez, la votaci\u00f3n fue transmitida en vivo a trav\u00e9s de Radio CETEME, la radio streaming de la Confederaci\u00f3n de Trabajadores Municipales (CTM). La cobertura incluy\u00f3 m\u00f3viles en las m\u00e1s de 210 mesas de votaci\u00f3n habilitadas y entrevistas a los protagonistas, lo que permiti\u00f3 a los trabajadores de toda la provincia seguir de cerca el desarrollo de un proceso hist\u00f3rico.<\/p>\n<p>A nivel local, en Mercedes, tambi\u00e9n se vivi\u00f3 una jornada de renovaci\u00f3n y respaldo a la dirigencia. La participaci\u00f3n del 54% del padr\u00f3n local super\u00f3 las estimaciones, lo que fue recibido con gran emoci\u00f3n.<\/p>\n<p>\u00abVer la participaci\u00f3n de los trabajadores nos reconforta el alma, nos confirma que venimos por buen camino\u00bb, expres\u00f3 Evangelina Artaza, quien asumir\u00e1 el cargo de Secretaria de Cultura en la nueva Comisi\u00f3n Directiva. La toma de posesi\u00f3n de la nueva Comisi\u00f3n Directiva, tanto a nivel local como de la Federaci\u00f3n, est\u00e1 programada para el 14 de febrero de 2026.<\/p>\n","protected":false},"excerpt":{"rendered":"<p>La votaci\u00f3n, con una participaci\u00f3n masiva de m\u00e1s de 44.000 afiliados, marc\u00f3 un hito en la vida institucional de la Federaci\u00f3n de Sindicatos Municipales. En Mercedes hubo un respaldo a la actual dirigencia<\/p>\n","protected":false},"author":16,"featured_media":169769,"comment_status":"closed","ping_status":"closed","sticky":false,"template":"","format":"standard","meta":{"footnotes":""},"categories":[3],"tags":[7349,4557,546],"class_list":["post-169767","post","type-post","status-publish","format-standard","has-post-thumbnail","hentry","category-sociedad","tag-evangelina-artaza","tag-fesimubo","tag-municipales"],"yoast_head":"<!-- This site is optimized with the Yoast SEO plugin v27.5 - https:\/\/yoast.com\/product\/yoast-seo-wordpress\/ -->\n<title>Hist\u00f3rica elecci\u00f3n en la FESIMUBO: Doval nuevo secretario general, Artaza reelecta<\/title>\n<meta name=\"description\" content=\"La votaci\u00f3n, con una participaci\u00f3n masiva de m\u00e1s de 44.000 afiliados, marc\u00f3 un hito en la vida institucional de la Federaci\u00f3n de Sindicatos Municipales. En Mercedes hubo un respaldo a la actual dirigencia\" \/>\n<meta name=\"robots\" content=\"index, follow, max-snippet:-1, max-image-preview:large, max-video-preview:-1\" \/>\n<link rel=\"canonical\" href=\"https:\/\/noticiasmercedinas.com\/site\/2025\/09\/17\/historica-eleccion-en-la-fesimubo-doval-nuevo-secretario-general-artaza-reelecta\/\" \/>\n<meta property=\"og:locale\" content=\"es_ES\" \/>\n<meta property=\"og:type\" content=\"article\" \/>\n<meta property=\"og:title\" content=\"Hist\u00f3rica elecci\u00f3n en la FESIMUBO: Doval nuevo secretario general, Artaza reelecta\" \/>\n<meta property=\"og:description\" content=\"La votaci\u00f3n, con una participaci\u00f3n masiva de m\u00e1s de 44.000 afiliados, marc\u00f3 un hito en la vida institucional de la Federaci\u00f3n de Sindicatos Municipales. En Mercedes hubo un respaldo a la actual dirigencia\" \/>\n<meta property=\"og:url\" content=\"https:\/\/noticiasmercedinas.com\/site\/2025\/09\/17\/historica-eleccion-en-la-fesimubo-doval-nuevo-secretario-general-artaza-reelecta\/\" \/>\n<meta property=\"og:site_name\" content=\"NOTICIASMERCEDINAS.COM\" \/>\n<meta property=\"article:publisher\" content=\"https:\/\/www.facebook.com\/noticiasmercedinas\/\" \/>\n<meta property=\"article:published_time\" content=\"2025-09-18T01:37:16+00:00\" \/>\n<meta property=\"og:image\" content=\"https:\/\/noticiasmercedinas.com\/site\/wp-content\/uploads\/2025\/09\/IMG-20250915-WA0083.jpg\" \/>\n\t<meta property=\"og:image:width\" content=\"703\" \/>\n\t<meta property=\"og:image:height\" content=\"414\" \/>\n\t<meta property=\"og:image:type\" content=\"image\/jpeg\" \/>\n<meta name=\"author\" content=\"NOTICIASMERCEDINAS.COM\" \/>\n<meta name=\"twitter:card\" content=\"summary_large_image\" \/>\n<meta name=\"twitter:creator\" content=\"@notmercedinas\" \/>\n<meta name=\"twitter:site\" content=\"@notmercedinas\" \/>\n<meta name=\"twitter:label1\" content=\"Escrito por\" \/>\n\t<meta name=\"twitter:data1\" content=\"NOTICIASMERCEDINAS.COM\" \/>\n\t<meta name=\"twitter:label2\" content=\"Tiempo de lectura\" \/>\n\t<meta name=\"twitter:data2\" content=\"2 minutos\" \/>\n<script type=\"application\/ld+json\" class=\"yoast-schema-graph\">{\"@context\":\"https:\\\/\\\/schema.org\",\"@graph\":[{\"@type\":\"Article\",\"@id\":\"https:\\\/\\\/noticiasmercedinas.com\\\/site\\\/2025\\\/09\\\/17\\\/historica-eleccion-en-la-fesimubo-doval-nuevo-secretario-general-artaza-reelecta\\\/#article\",\"isPartOf\":{\"@id\":\"https:\\\/\\\/noticiasmercedinas.com\\\/site\\\/2025\\\/09\\\/17\\\/historica-eleccion-en-la-fesimubo-doval-nuevo-secretario-general-artaza-reelecta\\\/\"},\"author\":{\"name\":\"NOTICIASMERCEDINAS.COM\",\"@id\":\"https:\\\/\\\/noticiasmercedinas.com\\\/site\\\/#\\\/schema\\\/person\\\/84b59c099c28ff2e8b77d4ceec5d8063\"},\"headline\":\"Hist\u00f3rica elecci\u00f3n en la FESIMUBO: Doval nuevo secretario general, Artaza reelecta\",\"datePublished\":\"2025-09-18T01:37:16+00:00\",\"mainEntityOfPage\":{\"@id\":\"https:\\\/\\\/noticiasmercedinas.com\\\/site\\\/2025\\\/09\\\/17\\\/historica-eleccion-en-la-fesimubo-doval-nuevo-secretario-general-artaza-reelecta\\\/\"},\"wordCount\":319,\"publisher\":{\"@id\":\"https:\\\/\\\/noticiasmercedinas.com\\\/site\\\/#organization\"},\"image\":{\"@id\":\"https:\\\/\\\/noticiasmercedinas.com\\\/site\\\/2025\\\/09\\\/17\\\/historica-eleccion-en-la-fesimubo-doval-nuevo-secretario-general-artaza-reelecta\\\/#primaryimage\"},\"thumbnailUrl\":\"https:\\\/\\\/noticiasmercedinas.com\\\/site\\\/wp-content\\\/uploads\\\/2025\\\/09\\\/IMG-20250915-WA0083.jpg\",\"keywords\":[\"Evangelina Artaza\",\"fesimubo\",\"municipales\"],\"articleSection\":[\"Sociedad\"],\"inLanguage\":\"es\"},{\"@type\":\"WebPage\",\"@id\":\"https:\\\/\\\/noticiasmercedinas.com\\\/site\\\/2025\\\/09\\\/17\\\/historica-eleccion-en-la-fesimubo-doval-nuevo-secretario-general-artaza-reelecta\\\/\",\"url\":\"https:\\\/\\\/noticiasmercedinas.com\\\/site\\\/2025\\\/09\\\/17\\\/historica-eleccion-en-la-fesimubo-doval-nuevo-secretario-general-artaza-reelecta\\\/\",\"name\":\"Hist\u00f3rica elecci\u00f3n en la FESIMUBO: Doval nuevo secretario general, Artaza reelecta\",\"isPartOf\":{\"@id\":\"https:\\\/\\\/noticiasmercedinas.com\\\/site\\\/#website\"},\"primaryImageOfPage\":{\"@id\":\"https:\\\/\\\/noticiasmercedinas.com\\\/site\\\/2025\\\/09\\\/17\\\/historica-eleccion-en-la-fesimubo-doval-nuevo-secretario-general-artaza-reelecta\\\/#primaryimage\"},\"image\":{\"@id\":\"https:\\\/\\\/noticiasmercedinas.com\\\/site\\\/2025\\\/09\\\/17\\\/historica-eleccion-en-la-fesimubo-doval-nuevo-secretario-general-artaza-reelecta\\\/#primaryimage\"},\"thumbnailUrl\":\"https:\\\/\\\/noticiasmercedinas.com\\\/site\\\/wp-content\\\/uploads\\\/2025\\\/09\\\/IMG-20250915-WA0083.jpg\",\"datePublished\":\"2025-09-18T01:37:16+00:00\",\"description\":\"La votaci\u00f3n, con una participaci\u00f3n masiva de m\u00e1s de 44.000 afiliados, marc\u00f3 un hito en la vida institucional de la Federaci\u00f3n de Sindicatos Municipales. En Mercedes hubo un respaldo a la actual dirigencia\",\"breadcrumb\":{\"@id\":\"https:\\\/\\\/noticiasmercedinas.com\\\/site\\\/2025\\\/09\\\/17\\\/historica-eleccion-en-la-fesimubo-doval-nuevo-secretario-general-artaza-reelecta\\\/#breadcrumb\"},\"inLanguage\":\"es\",\"potentialAction\":[{\"@type\":\"ReadAction\",\"target\":[\"https:\\\/\\\/noticiasmercedinas.com\\\/site\\\/2025\\\/09\\\/17\\\/historica-eleccion-en-la-fesimubo-doval-nuevo-secretario-general-artaza-reelecta\\\/\"]}]},{\"@type\":\"ImageObject\",\"inLanguage\":\"es\",\"@id\":\"https:\\\/\\\/noticiasmercedinas.com\\\/site\\\/2025\\\/09\\\/17\\\/historica-eleccion-en-la-fesimubo-doval-nuevo-secretario-general-artaza-reelecta\\\/#primaryimage\",\"url\":\"https:\\\/\\\/noticiasmercedinas.com\\\/site\\\/wp-content\\\/uploads\\\/2025\\\/09\\\/IMG-20250915-WA0083.jpg\",\"contentUrl\":\"https:\\\/\\\/noticiasmercedinas.com\\\/site\\\/wp-content\\\/uploads\\\/2025\\\/09\\\/IMG-20250915-WA0083.jpg\",\"width\":703,\"height\":414},{\"@type\":\"BreadcrumbList\",\"@id\":\"https:\\\/\\\/noticiasmercedinas.com\\\/site\\\/2025\\\/09\\\/17\\\/historica-eleccion-en-la-fesimubo-doval-nuevo-secretario-general-artaza-reelecta\\\/#breadcrumb\",\"itemListElement\":[{\"@type\":\"ListItem\",\"position\":1,\"name\":\"Portada\",\"item\":\"https:\\\/\\\/noticiasmercedinas.com\\\/site\\\/\"},{\"@type\":\"ListItem\",\"position\":2,\"name\":\"Hist\u00f3rica elecci\u00f3n en la FESIMUBO: Doval nuevo secretario general, Artaza reelecta\"}]},{\"@type\":\"WebSite\",\"@id\":\"https:\\\/\\\/noticiasmercedinas.com\\\/site\\\/#website\",\"url\":\"https:\\\/\\\/noticiasmercedinas.com\\\/site\\\/\",\"name\":\"NOTICIASMERCEDINAS.COM\",\"description\":\"Mercedes, Buenos Aires, Argentina\",\"publisher\":{\"@id\":\"https:\\\/\\\/noticiasmercedinas.com\\\/site\\\/#organization\"},\"potentialAction\":[{\"@type\":\"SearchAction\",\"target\":{\"@type\":\"EntryPoint\",\"urlTemplate\":\"https:\\\/\\\/noticiasmercedinas.com\\\/site\\\/?s={search_term_string}\"},\"query-input\":{\"@type\":\"PropertyValueSpecification\",\"valueRequired\":true,\"valueName\":\"search_term_string\"}}],\"inLanguage\":\"es\"},{\"@type\":\"Organization\",\"@id\":\"https:\\\/\\\/noticiasmercedinas.com\\\/site\\\/#organization\",\"name\":\"NOTICIASMERCEDINAS.COM\",\"url\":\"https:\\\/\\\/noticiasmercedinas.com\\\/site\\\/\",\"logo\":{\"@type\":\"ImageObject\",\"inLanguage\":\"es\",\"@id\":\"https:\\\/\\\/noticiasmercedinas.com\\\/site\\\/#\\\/schema\\\/logo\\\/image\\\/\",\"url\":\"https:\\\/\\\/noticiasmercedinas.com\\\/site\\\/wp-content\\\/uploads\\\/2020\\\/06\\\/LOGO-512.jpg\",\"contentUrl\":\"https:\\\/\\\/noticiasmercedinas.com\\\/site\\\/wp-content\\\/uploads\\\/2020\\\/06\\\/LOGO-512.jpg\",\"width\":512,\"height\":512,\"caption\":\"NOTICIASMERCEDINAS.COM\"},\"image\":{\"@id\":\"https:\\\/\\\/noticiasmercedinas.com\\\/site\\\/#\\\/schema\\\/logo\\\/image\\\/\"},\"sameAs\":[\"https:\\\/\\\/www.facebook.com\\\/noticiasmercedinas\\\/\",\"https:\\\/\\\/x.com\\\/notmercedinas\",\"https:\\\/\\\/www.instagram.com\\\/noticiasmercedinas\\\/\"]},{\"@type\":\"Person\",\"@id\":\"https:\\\/\\\/noticiasmercedinas.com\\\/site\\\/#\\\/schema\\\/person\\\/84b59c099c28ff2e8b77d4ceec5d8063\",\"name\":\"NOTICIASMERCEDINAS.COM\",\"image\":{\"@type\":\"ImageObject\",\"inLanguage\":\"es\",\"@id\":\"https:\\\/\\\/secure.gravatar.com\\\/avatar\\\/4dfbf16b4d17945bfb6341b2d19043457132fcf478a5ee04f42e959fd8f5df0a?s=96&d=mm&r=g\",\"url\":\"https:\\\/\\\/secure.gravatar.com\\\/avatar\\\/4dfbf16b4d17945bfb6341b2d19043457132fcf478a5ee04f42e959fd8f5df0a?s=96&d=mm&r=g\",\"contentUrl\":\"https:\\\/\\\/secure.gravatar.com\\\/avatar\\\/4dfbf16b4d17945bfb6341b2d19043457132fcf478a5ee04f42e959fd8f5df0a?s=96&d=mm&r=g\",\"caption\":\"NOTICIASMERCEDINAS.COM\"},\"url\":\"https:\\\/\\\/noticiasmercedinas.com\\\/site\\\/author\\\/anonimo\\\/\"}]}<\/script>\n<!-- \/ Yoast SEO plugin. -->","yoast_head_json":{"title":"Hist\u00f3rica elecci\u00f3n en la FESIMUBO: Doval nuevo secretario general, Artaza reelecta","description":"La votaci\u00f3n, con una participaci\u00f3n masiva de m\u00e1s de 44.000 afiliados, marc\u00f3 un hito en la vida institucional de la Federaci\u00f3n de Sindicatos Municipales. En Mercedes hubo un respaldo a la actual dirigencia","robots":{"index":"index","follow":"follow","max-snippet":"max-snippet:-1","max-image-preview":"max-image-preview:large","max-video-preview":"max-video-preview:-1"},"canonical":"https:\/\/noticiasmercedinas.com\/site\/2025\/09\/17\/historica-eleccion-en-la-fesimubo-doval-nuevo-secretario-general-artaza-reelecta\/","og_locale":"es_ES","og_type":"article","og_title":"Hist\u00f3rica elecci\u00f3n en la FESIMUBO: Doval nuevo secretario general, Artaza reelecta","og_description":"La votaci\u00f3n, con una participaci\u00f3n masiva de m\u00e1s de 44.000 afiliados, marc\u00f3 un hito en la vida institucional de la Federaci\u00f3n de Sindicatos Municipales. En Mercedes hubo un respaldo a la actual dirigencia","og_url":"https:\/\/noticiasmercedinas.com\/site\/2025\/09\/17\/historica-eleccion-en-la-fesimubo-doval-nuevo-secretario-general-artaza-reelecta\/","og_site_name":"NOTICIASMERCEDINAS.COM","article_publisher":"https:\/\/www.facebook.com\/noticiasmercedinas\/","article_published_time":"2025-09-18T01:37:16+00:00","og_image":[{"width":703,"height":414,"url":"https:\/\/noticiasmercedinas.com\/site\/wp-content\/uploads\/2025\/09\/IMG-20250915-WA0083.jpg","type":"image\/jpeg"}],"author":"NOTICIASMERCEDINAS.COM","twitter_card":"summary_large_image","twitter_creator":"@notmercedinas","twitter_site":"@notmercedinas","twitter_misc":{"Escrito por":"NOTICIASMERCEDINAS.COM","Tiempo de lectura":"2 minutos"},"schema":{"@context":"https:\/\/schema.org","@graph":[{"@type":"Article","@id":"https:\/\/noticiasmercedinas.com\/site\/2025\/09\/17\/historica-eleccion-en-la-fesimubo-doval-nuevo-secretario-general-artaza-reelecta\/#article","isPartOf":{"@id":"https:\/\/noticiasmercedinas.com\/site\/2025\/09\/17\/historica-eleccion-en-la-fesimubo-doval-nuevo-secretario-general-artaza-reelecta\/"},"author":{"name":"NOTICIASMERCEDINAS.COM","@id":"https:\/\/noticiasmercedinas.com\/site\/#\/schema\/person\/84b59c099c28ff2e8b77d4ceec5d8063"},"headline":"Hist\u00f3rica elecci\u00f3n en la FESIMUBO: Doval nuevo secretario general, Artaza reelecta","datePublished":"2025-09-18T01:37:16+00:00","mainEntityOfPage":{"@id":"https:\/\/noticiasmercedinas.com\/site\/2025\/09\/17\/historica-eleccion-en-la-fesimubo-doval-nuevo-secretario-general-artaza-reelecta\/"},"wordCount":319,"publisher":{"@id":"https:\/\/noticiasmercedinas.com\/site\/#organization"},"image":{"@id":"https:\/\/noticiasmercedinas.com\/site\/2025\/09\/17\/historica-eleccion-en-la-fesimubo-doval-nuevo-secretario-general-artaza-reelecta\/#primaryimage"},"thumbnailUrl":"https:\/\/noticiasmercedinas.com\/site\/wp-content\/uploads\/2025\/09\/IMG-20250915-WA0083.jpg","keywords":["Evangelina Artaza","fesimubo","municipales"],"articleSection":["Sociedad"],"inLanguage":"es"},{"@type":"WebPage","@id":"https:\/\/noticiasmercedinas.com\/site\/2025\/09\/17\/historica-eleccion-en-la-fesimubo-doval-nuevo-secretario-general-artaza-reelecta\/","url":"https:\/\/noticiasmercedinas.com\/site\/2025\/09\/17\/historica-eleccion-en-la-fesimubo-doval-nuevo-secretario-general-artaza-reelecta\/","name":"Hist\u00f3rica elecci\u00f3n en la FESIMUBO: Doval nuevo secretario general, Artaza reelecta","isPartOf":{"@id":"https:\/\/noticiasmercedinas.com\/site\/#website"},"primaryImageOfPage":{"@id":"https:\/\/noticiasmercedinas.com\/site\/2025\/09\/17\/historica-eleccion-en-la-fesimubo-doval-nuevo-secretario-general-artaza-reelecta\/#primaryimage"},"image":{"@id":"https:\/\/noticiasmercedinas.com\/site\/2025\/09\/17\/historica-eleccion-en-la-fesimubo-doval-nuevo-secretario-general-artaza-reelecta\/#primaryimage"},"thumbnailUrl":"https:\/\/noticiasmercedinas.com\/site\/wp-content\/uploads\/2025\/09\/IMG-20250915-WA0083.jpg","datePublished":"2025-09-18T01:37:16+00:00","description":"La votaci\u00f3n, con una participaci\u00f3n masiva de m\u00e1s de 44.000 afiliados, marc\u00f3 un hito en la vida institucional de la Federaci\u00f3n de Sindicatos Municipales. En Mercedes hubo un respaldo a la actual dirigencia","breadcrumb":{"@id":"https:\/\/noticiasmercedinas.com\/site\/2025\/09\/17\/historica-eleccion-en-la-fesimubo-doval-nuevo-secretario-general-artaza-reelecta\/#breadcrumb"},"inLanguage":"es","potentialAction":[{"@type":"ReadAction","target":["https:\/\/noticiasmercedinas.com\/site\/2025\/09\/17\/historica-eleccion-en-la-fesimubo-doval-nuevo-secretario-general-artaza-reelecta\/"]}]},{"@type":"ImageObject","inLanguage":"es","@id":"https:\/\/noticiasmercedinas.com\/site\/2025\/09\/17\/historica-eleccion-en-la-fesimubo-doval-nuevo-secretario-general-artaza-reelecta\/#primaryimage","url":"https:\/\/noticiasmercedinas.com\/site\/wp-content\/uploads\/2025\/09\/IMG-20250915-WA0083.jpg","contentUrl":"https:\/\/noticiasmercedinas.com\/site\/wp-content\/uploads\/2025\/09\/IMG-20250915-WA0083.jpg","width":703,"height":414},{"@type":"BreadcrumbList","@id":"https:\/\/noticiasmercedinas.com\/site\/2025\/09\/17\/historica-eleccion-en-la-fesimubo-doval-nuevo-secretario-general-artaza-reelecta\/#breadcrumb","itemListElement":[{"@type":"ListItem","position":1,"name":"Portada","item":"https:\/\/noticiasmercedinas.com\/site\/"},{"@type":"ListItem","position":2,"name":"Hist\u00f3rica elecci\u00f3n en la FESIMUBO: Doval nuevo secretario general, Artaza reelecta"}]},{"@type":"WebSite","@id":"https:\/\/noticiasmercedinas.com\/site\/#website","url":"https:\/\/noticiasmercedinas.com\/site\/","name":"NOTICIASMERCEDINAS.COM","description":"Mercedes, Buenos Aires, Argentina","publisher":{"@id":"https:\/\/noticiasmercedinas.com\/site\/#organization"},"potentialAction":[{"@type":"SearchAction","target":{"@type":"EntryPoint","urlTemplate":"https:\/\/noticiasmercedinas.com\/site\/?s={search_term_string}"},"query-input":{"@type":"PropertyValueSpecification","valueRequired":true,"valueName":"search_term_string"}}],"inLanguage":"es"},{"@type":"Organization","@id":"https:\/\/noticiasmercedinas.com\/site\/#organization","name":"NOTICIASMERCEDINAS.COM","url":"https:\/\/noticiasmercedinas.com\/site\/","logo":{"@type":"ImageObject","inLanguage":"es","@id":"https:\/\/noticiasmercedinas.com\/site\/#\/schema\/logo\/image\/","url":"https:\/\/noticiasmercedinas.com\/site\/wp-content\/uploads\/2020\/06\/LOGO-512.jpg","contentUrl":"https:\/\/noticiasmercedinas.com\/site\/wp-content\/uploads\/2020\/06\/LOGO-512.jpg","width":512,"height":512,"caption":"NOTICIASMERCEDINAS.COM"},"image":{"@id":"https:\/\/noticiasmercedinas.com\/site\/#\/schema\/logo\/image\/"},"sameAs":["https:\/\/www.facebook.com\/noticiasmercedinas\/","https:\/\/x.com\/notmercedinas","https:\/\/www.instagram.com\/noticiasmercedinas\/"]},{"@type":"Person","@id":"https:\/\/noticiasmercedinas.com\/site\/#\/schema\/person\/84b59c099c28ff2e8b77d4ceec5d8063","name":"NOTICIASMERCEDINAS.COM","image":{"@type":"ImageObject","inLanguage":"es","@id":"https:\/\/secure.gravatar.com\/avatar\/4dfbf16b4d17945bfb6341b2d19043457132fcf478a5ee04f42e959fd8f5df0a?s=96&d=mm&r=g","url":"https:\/\/secure.gravatar.com\/avatar\/4dfbf16b4d17945bfb6341b2d19043457132fcf478a5ee04f42e959fd8f5df0a?s=96&d=mm&r=g","contentUrl":"https:\/\/secure.gravatar.com\/avatar\/4dfbf16b4d17945bfb6341b2d19043457132fcf478a5ee04f42e959fd8f5df0a?s=96&d=mm&r=g","caption":"NOTICIASMERCEDINAS.COM"},"url":"https:\/\/noticiasmercedinas.com\/site\/author\/anonimo\/"}]}},"amp_enabled":true,"_links":{"self":[{"href":"https:\/\/noticiasmercedinas.com\/site\/wp-json\/wp\/v2\/posts\/169767","targetHints":{"allow":["GET"]}}],"collection":[{"href":"https:\/\/noticiasmercedinas.com\/site\/wp-json\/wp\/v2\/posts"}],"about":[{"href":"https:\/\/noticiasmercedinas.com\/site\/wp-json\/wp\/v2\/types\/post"}],"author":[{"embeddable":true,"href":"https:\/\/noticiasmercedinas.com\/site\/wp-json\/wp\/v2\/users\/16"}],"replies":[{"embeddable":true,"href":"https:\/\/noticiasmercedinas.com\/site\/wp-json\/wp\/v2\/comments?post=169767"}],"version-history":[{"count":3,"href":"https:\/\/noticiasmercedinas.com\/site\/wp-json\/wp\/v2\/posts\/169767\/revisions"}],"predecessor-version":[{"id":169771,"href":"https:\/\/noticiasmercedinas.com\/site\/wp-json\/wp\/v2\/posts\/169767\/revisions\/169771"}],"wp:featuredmedia":[{"embeddable":true,"href":"https:\/\/noticiasmercedinas.com\/site\/wp-json\/wp\/v2\/media\/169769"}],"wp:attachment":[{"href":"https:\/\/noticiasmercedinas.com\/site\/wp-json\/wp\/v2\/media?parent=169767"}],"wp:term":[{"taxonomy":"category","embeddable":true,"href":"https:\/\/noticiasmercedinas.com\/site\/wp-json\/wp\/v2\/categories?post=169767"},{"taxonomy":"post_tag","embeddable":true,"href":"https:\/\/noticiasmercedinas.com\/site\/wp-json\/wp\/v2\/tags?post=169767"}],"curies":[{"name":"wp","href":"https:\/\/api.w.org\/{rel}","templated":true}]}}