{"id":169816,"date":"2025-09-18T15:02:29","date_gmt":"2025-09-18T18:02:29","guid":{"rendered":"https:\/\/noticiasmercedinas.com\/site\/?p=169816"},"modified":"2025-09-18T15:02:29","modified_gmt":"2025-09-18T18:02:29","slug":"el-colegio-de-abogados-de-mercedes-suma-ocho-nuevos-matriculados","status":"publish","type":"post","link":"https:\/\/noticiasmercedinas.com\/site\/2025\/09\/18\/el-colegio-de-abogados-de-mercedes-suma-ocho-nuevos-matriculados\/","title":{"rendered":"El Colegio de Abogados de Mercedes suma ocho nuevos matriculados"},"content":{"rendered":"<p><img loading=\"lazy\" decoding=\"async\" class=\"alignnone size-full wp-image-169817\" src=\"https:\/\/noticiasmercedinas.com\/site\/wp-content\/uploads\/2025\/09\/Matriculados-en-ejercicio-scaled.jpg\" alt=\"\" width=\"2560\" height=\"1124\" srcset=\"https:\/\/noticiasmercedinas.com\/site\/wp-content\/uploads\/2025\/09\/Matriculados-en-ejercicio-scaled.jpg 2560w, https:\/\/noticiasmercedinas.com\/site\/wp-content\/uploads\/2025\/09\/Matriculados-en-ejercicio-300x132.jpg 300w, https:\/\/noticiasmercedinas.com\/site\/wp-content\/uploads\/2025\/09\/Matriculados-en-ejercicio-1024x449.jpg 1024w, https:\/\/noticiasmercedinas.com\/site\/wp-content\/uploads\/2025\/09\/Matriculados-en-ejercicio-768x337.jpg 768w, https:\/\/noticiasmercedinas.com\/site\/wp-content\/uploads\/2025\/09\/Matriculados-en-ejercicio-1536x674.jpg 1536w, https:\/\/noticiasmercedinas.com\/site\/wp-content\/uploads\/2025\/09\/Matriculados-en-ejercicio-2048x899.jpg 2048w, https:\/\/noticiasmercedinas.com\/site\/wp-content\/uploads\/2025\/09\/Matriculados-en-ejercicio-640x281.jpg 640w, https:\/\/noticiasmercedinas.com\/site\/wp-content\/uploads\/2025\/09\/Matriculados-en-ejercicio-1280x562.jpg 1280w, https:\/\/noticiasmercedinas.com\/site\/wp-content\/uploads\/2025\/09\/Matriculados-en-ejercicio-681x299.jpg 681w, https:\/\/noticiasmercedinas.com\/site\/wp-content\/uploads\/2025\/09\/Matriculados-en-ejercicio-1362x598.jpg 1362w\" sizes=\"auto, (max-width: 2560px) 100vw, 2560px\" \/><\/p>\n<p>El <b>Colegio de Abogados del Departamento Judicial de Mercedes (CADJ)<\/b> ha incorporado a ocho nuevos profesionales a su matr\u00edcula, a trav\u00e9s de dos ceremonias de jura celebradas la semana pasada.<\/p>\n<p>La primera ceremonia se llev\u00f3 a cabo el <b>lunes 15 de septiembre<\/b>, donde el Dr. <b>Fabi\u00e1n Alejandro Navarrete<\/b> jur\u00f3 en condici\u00f3n de incompatibilidad. El acto fue presidido por el Dr. Enrique Omar S\u00e1nchez, vicepresidente del Colegio, quien le dio la bienvenida ante sus familiares y amigos.<\/p>\n<p>Posteriormente, el <b>mi\u00e9rcoles 17 de septiembre<\/b>, se realiz\u00f3 la jura de siete nuevos matriculados en ejercicio activo. En la ceremonia, presidida por el Dr. Daniel Germ\u00e1n Giuliano, vicepresidente 2\u00b0, se dio la bienvenida a los doctores y doctoras <b>Franco Andr\u00e9s Aguirre, Ger\u00f3nimo Cerdeira, Bautista Montes, Florencia Trinidad Panessi, Tatiana Ver\u00f3nica Skokonski, Mar\u00eda Cecilia Gardon y Ver\u00f3nica Sol Saravia Patr\u00f3n<\/b>.<\/p>\n<p>Con estas incorporaciones, el Colegio de Abogados de Mercedes renueva su compromiso con el ejercicio de la abogac\u00eda en la ciudad, acompa\u00f1ando a quienes inician su carrera profesional y fortaleciendo la instituci\u00f3n.<\/p>\n<p><img loading=\"lazy\" decoding=\"async\" class=\"alignnone size-full wp-image-169818\" src=\"https:\/\/noticiasmercedinas.com\/site\/wp-content\/uploads\/2025\/09\/Fabian-Alejandro-Navarrete-scaled.jpg\" alt=\"\" width=\"1918\" height=\"2560\" srcset=\"https:\/\/noticiasmercedinas.com\/site\/wp-content\/uploads\/2025\/09\/Fabian-Alejandro-Navarrete-scaled.jpg 1918w, https:\/\/noticiasmercedinas.com\/site\/wp-content\/uploads\/2025\/09\/Fabian-Alejandro-Navarrete-225x300.jpg 225w, https:\/\/noticiasmercedinas.com\/site\/wp-content\/uploads\/2025\/09\/Fabian-Alejandro-Navarrete-767x1024.jpg 767w, https:\/\/noticiasmercedinas.com\/site\/wp-content\/uploads\/2025\/09\/Fabian-Alejandro-Navarrete-768x1025.jpg 768w, https:\/\/noticiasmercedinas.com\/site\/wp-content\/uploads\/2025\/09\/Fabian-Alejandro-Navarrete-1151x1536.jpg 1151w, https:\/\/noticiasmercedinas.com\/site\/wp-content\/uploads\/2025\/09\/Fabian-Alejandro-Navarrete-1535x2048.jpg 1535w, https:\/\/noticiasmercedinas.com\/site\/wp-content\/uploads\/2025\/09\/Fabian-Alejandro-Navarrete-640x854.jpg 640w, https:\/\/noticiasmercedinas.com\/site\/wp-content\/uploads\/2025\/09\/Fabian-Alejandro-Navarrete-1280x1708.jpg 1280w, https:\/\/noticiasmercedinas.com\/site\/wp-content\/uploads\/2025\/09\/Fabian-Alejandro-Navarrete-681x909.jpg 681w, https:\/\/noticiasmercedinas.com\/site\/wp-content\/uploads\/2025\/09\/Fabian-Alejandro-Navarrete-1362x1818.jpg 1362w\" sizes=\"auto, (max-width: 1918px) 100vw, 1918px\" \/><\/p>\n","protected":false},"excerpt":{"rendered":"<p>\u25a0 El Dr. Fabi\u00e1n Alejandro Navarrete jur\u00f3 en condici\u00f3n de incompatibilidad. Y tambi\u00e9n lo hicieron Franco Andr\u00e9s Aguirre, Ger\u00f3nimo Cerdeira, Bautista Montes, Florencia Trinidad Panessi, Tatiana Ver\u00f3nica Skokonski, Mar\u00eda Cecilia Gardon y Ver\u00f3nica Sol Saravia Patr\u00f3n.<\/p>\n","protected":false},"author":16,"featured_media":169817,"comment_status":"closed","ping_status":"closed","sticky":false,"template":"","format":"standard","meta":{"footnotes":""},"categories":[3,20734],"tags":[560,5329],"class_list":["post-169816","post","type-post","status-publish","format-standard","has-post-thumbnail","hentry","category-sociedad","category-ultimo-momento","tag-colegio-de-abogados","tag-jura"],"yoast_head":"<!-- This site is optimized with the Yoast SEO plugin v27.4 - https:\/\/yoast.com\/product\/yoast-seo-wordpress\/ -->\n<title>El Colegio de Abogados de Mercedes suma ocho nuevos matriculados<\/title>\n<meta name=\"description\" content=\"El Dr. Fabi\u00e1n Alejandro Navarrete jur\u00f3 en condici\u00f3n de incompatibilidad. Y tambi\u00e9n lo hicieron Franco Andr\u00e9s Aguirre, Ger\u00f3nimo Cerdeira, Bautista Montes, Florencia Trinidad Panessi, Tatiana Ver\u00f3nica Skokonski, Mar\u00eda Cecilia Gardon y Ver\u00f3nica Sol Saravia Patr\u00f3n.\" \/>\n<meta name=\"robots\" content=\"index, follow, max-snippet:-1, max-image-preview:large, max-video-preview:-1\" \/>\n<link rel=\"canonical\" href=\"https:\/\/noticiasmercedinas.com\/site\/2025\/09\/18\/el-colegio-de-abogados-de-mercedes-suma-ocho-nuevos-matriculados\/\" \/>\n<meta property=\"og:locale\" content=\"es_ES\" \/>\n<meta property=\"og:type\" content=\"article\" \/>\n<meta property=\"og:title\" content=\"El Colegio de Abogados de Mercedes suma ocho nuevos matriculados\" \/>\n<meta property=\"og:description\" content=\"El Dr. Fabi\u00e1n Alejandro Navarrete jur\u00f3 en condici\u00f3n de incompatibilidad. Y tambi\u00e9n lo hicieron Franco Andr\u00e9s Aguirre, Ger\u00f3nimo Cerdeira, Bautista Montes, Florencia Trinidad Panessi, Tatiana Ver\u00f3nica Skokonski, Mar\u00eda Cecilia Gardon y Ver\u00f3nica Sol Saravia Patr\u00f3n.\" \/>\n<meta property=\"og:url\" content=\"https:\/\/noticiasmercedinas.com\/site\/2025\/09\/18\/el-colegio-de-abogados-de-mercedes-suma-ocho-nuevos-matriculados\/\" \/>\n<meta property=\"og:site_name\" content=\"NOTICIASMERCEDINAS.COM\" \/>\n<meta property=\"article:publisher\" content=\"https:\/\/www.facebook.com\/noticiasmercedinas\/\" \/>\n<meta property=\"article:published_time\" content=\"2025-09-18T18:02:29+00:00\" \/>\n<meta property=\"og:image\" content=\"https:\/\/noticiasmercedinas.com\/site\/wp-content\/uploads\/2025\/09\/Matriculados-en-ejercicio-scaled.jpg\" \/>\n\t<meta property=\"og:image:width\" content=\"2560\" \/>\n\t<meta property=\"og:image:height\" content=\"1124\" \/>\n\t<meta property=\"og:image:type\" content=\"image\/jpeg\" \/>\n<meta name=\"author\" content=\"NOTICIASMERCEDINAS.COM\" \/>\n<meta name=\"twitter:card\" content=\"summary_large_image\" \/>\n<meta name=\"twitter:creator\" content=\"@notmercedinas\" \/>\n<meta name=\"twitter:site\" content=\"@notmercedinas\" \/>\n<meta name=\"twitter:label1\" content=\"Escrito por\" \/>\n\t<meta name=\"twitter:data1\" content=\"NOTICIASMERCEDINAS.COM\" \/>\n\t<meta name=\"twitter:label2\" content=\"Tiempo de lectura\" \/>\n\t<meta name=\"twitter:data2\" content=\"2 minutos\" \/>\n<script type=\"application\/ld+json\" class=\"yoast-schema-graph\">{\"@context\":\"https:\\\/\\\/schema.org\",\"@graph\":[{\"@type\":\"Article\",\"@id\":\"https:\\\/\\\/noticiasmercedinas.com\\\/site\\\/2025\\\/09\\\/18\\\/el-colegio-de-abogados-de-mercedes-suma-ocho-nuevos-matriculados\\\/#article\",\"isPartOf\":{\"@id\":\"https:\\\/\\\/noticiasmercedinas.com\\\/site\\\/2025\\\/09\\\/18\\\/el-colegio-de-abogados-de-mercedes-suma-ocho-nuevos-matriculados\\\/\"},\"author\":{\"name\":\"NOTICIASMERCEDINAS.COM\",\"@id\":\"https:\\\/\\\/noticiasmercedinas.com\\\/site\\\/#\\\/schema\\\/person\\\/84b59c099c28ff2e8b77d4ceec5d8063\"},\"headline\":\"El Colegio de Abogados de Mercedes suma ocho nuevos matriculados\",\"datePublished\":\"2025-09-18T18:02:29+00:00\",\"mainEntityOfPage\":{\"@id\":\"https:\\\/\\\/noticiasmercedinas.com\\\/site\\\/2025\\\/09\\\/18\\\/el-colegio-de-abogados-de-mercedes-suma-ocho-nuevos-matriculados\\\/\"},\"wordCount\":190,\"publisher\":{\"@id\":\"https:\\\/\\\/noticiasmercedinas.com\\\/site\\\/#organization\"},\"image\":{\"@id\":\"https:\\\/\\\/noticiasmercedinas.com\\\/site\\\/2025\\\/09\\\/18\\\/el-colegio-de-abogados-de-mercedes-suma-ocho-nuevos-matriculados\\\/#primaryimage\"},\"thumbnailUrl\":\"https:\\\/\\\/noticiasmercedinas.com\\\/site\\\/wp-content\\\/uploads\\\/2025\\\/09\\\/Matriculados-en-ejercicio-scaled.jpg\",\"keywords\":[\"colegio de abogados\",\"jura\"],\"articleSection\":[\"Sociedad\",\"Ultimo momento\"],\"inLanguage\":\"es\"},{\"@type\":\"WebPage\",\"@id\":\"https:\\\/\\\/noticiasmercedinas.com\\\/site\\\/2025\\\/09\\\/18\\\/el-colegio-de-abogados-de-mercedes-suma-ocho-nuevos-matriculados\\\/\",\"url\":\"https:\\\/\\\/noticiasmercedinas.com\\\/site\\\/2025\\\/09\\\/18\\\/el-colegio-de-abogados-de-mercedes-suma-ocho-nuevos-matriculados\\\/\",\"name\":\"El Colegio de Abogados de Mercedes suma ocho nuevos matriculados\",\"isPartOf\":{\"@id\":\"https:\\\/\\\/noticiasmercedinas.com\\\/site\\\/#website\"},\"primaryImageOfPage\":{\"@id\":\"https:\\\/\\\/noticiasmercedinas.com\\\/site\\\/2025\\\/09\\\/18\\\/el-colegio-de-abogados-de-mercedes-suma-ocho-nuevos-matriculados\\\/#primaryimage\"},\"image\":{\"@id\":\"https:\\\/\\\/noticiasmercedinas.com\\\/site\\\/2025\\\/09\\\/18\\\/el-colegio-de-abogados-de-mercedes-suma-ocho-nuevos-matriculados\\\/#primaryimage\"},\"thumbnailUrl\":\"https:\\\/\\\/noticiasmercedinas.com\\\/site\\\/wp-content\\\/uploads\\\/2025\\\/09\\\/Matriculados-en-ejercicio-scaled.jpg\",\"datePublished\":\"2025-09-18T18:02:29+00:00\",\"description\":\"El Dr. Fabi\u00e1n Alejandro Navarrete jur\u00f3 en condici\u00f3n de incompatibilidad. Y tambi\u00e9n lo hicieron Franco Andr\u00e9s Aguirre, Ger\u00f3nimo Cerdeira, Bautista Montes, Florencia Trinidad Panessi, Tatiana Ver\u00f3nica Skokonski, Mar\u00eda Cecilia Gardon y Ver\u00f3nica Sol Saravia Patr\u00f3n.\",\"breadcrumb\":{\"@id\":\"https:\\\/\\\/noticiasmercedinas.com\\\/site\\\/2025\\\/09\\\/18\\\/el-colegio-de-abogados-de-mercedes-suma-ocho-nuevos-matriculados\\\/#breadcrumb\"},\"inLanguage\":\"es\",\"potentialAction\":[{\"@type\":\"ReadAction\",\"target\":[\"https:\\\/\\\/noticiasmercedinas.com\\\/site\\\/2025\\\/09\\\/18\\\/el-colegio-de-abogados-de-mercedes-suma-ocho-nuevos-matriculados\\\/\"]}]},{\"@type\":\"ImageObject\",\"inLanguage\":\"es\",\"@id\":\"https:\\\/\\\/noticiasmercedinas.com\\\/site\\\/2025\\\/09\\\/18\\\/el-colegio-de-abogados-de-mercedes-suma-ocho-nuevos-matriculados\\\/#primaryimage\",\"url\":\"https:\\\/\\\/noticiasmercedinas.com\\\/site\\\/wp-content\\\/uploads\\\/2025\\\/09\\\/Matriculados-en-ejercicio-scaled.jpg\",\"contentUrl\":\"https:\\\/\\\/noticiasmercedinas.com\\\/site\\\/wp-content\\\/uploads\\\/2025\\\/09\\\/Matriculados-en-ejercicio-scaled.jpg\",\"width\":2560,\"height\":1124},{\"@type\":\"BreadcrumbList\",\"@id\":\"https:\\\/\\\/noticiasmercedinas.com\\\/site\\\/2025\\\/09\\\/18\\\/el-colegio-de-abogados-de-mercedes-suma-ocho-nuevos-matriculados\\\/#breadcrumb\",\"itemListElement\":[{\"@type\":\"ListItem\",\"position\":1,\"name\":\"Portada\",\"item\":\"https:\\\/\\\/noticiasmercedinas.com\\\/site\\\/\"},{\"@type\":\"ListItem\",\"position\":2,\"name\":\"El Colegio de Abogados de Mercedes suma ocho nuevos matriculados\"}]},{\"@type\":\"WebSite\",\"@id\":\"https:\\\/\\\/noticiasmercedinas.com\\\/site\\\/#website\",\"url\":\"https:\\\/\\\/noticiasmercedinas.com\\\/site\\\/\",\"name\":\"NOTICIASMERCEDINAS.COM\",\"description\":\"Mercedes, Buenos Aires, Argentina\",\"publisher\":{\"@id\":\"https:\\\/\\\/noticiasmercedinas.com\\\/site\\\/#organization\"},\"potentialAction\":[{\"@type\":\"SearchAction\",\"target\":{\"@type\":\"EntryPoint\",\"urlTemplate\":\"https:\\\/\\\/noticiasmercedinas.com\\\/site\\\/?s={search_term_string}\"},\"query-input\":{\"@type\":\"PropertyValueSpecification\",\"valueRequired\":true,\"valueName\":\"search_term_string\"}}],\"inLanguage\":\"es\"},{\"@type\":\"Organization\",\"@id\":\"https:\\\/\\\/noticiasmercedinas.com\\\/site\\\/#organization\",\"name\":\"NOTICIASMERCEDINAS.COM\",\"url\":\"https:\\\/\\\/noticiasmercedinas.com\\\/site\\\/\",\"logo\":{\"@type\":\"ImageObject\",\"inLanguage\":\"es\",\"@id\":\"https:\\\/\\\/noticiasmercedinas.com\\\/site\\\/#\\\/schema\\\/logo\\\/image\\\/\",\"url\":\"https:\\\/\\\/noticiasmercedinas.com\\\/site\\\/wp-content\\\/uploads\\\/2020\\\/06\\\/LOGO-512.jpg\",\"contentUrl\":\"https:\\\/\\\/noticiasmercedinas.com\\\/site\\\/wp-content\\\/uploads\\\/2020\\\/06\\\/LOGO-512.jpg\",\"width\":512,\"height\":512,\"caption\":\"NOTICIASMERCEDINAS.COM\"},\"image\":{\"@id\":\"https:\\\/\\\/noticiasmercedinas.com\\\/site\\\/#\\\/schema\\\/logo\\\/image\\\/\"},\"sameAs\":[\"https:\\\/\\\/www.facebook.com\\\/noticiasmercedinas\\\/\",\"https:\\\/\\\/x.com\\\/notmercedinas\",\"https:\\\/\\\/www.instagram.com\\\/noticiasmercedinas\\\/\"]},{\"@type\":\"Person\",\"@id\":\"https:\\\/\\\/noticiasmercedinas.com\\\/site\\\/#\\\/schema\\\/person\\\/84b59c099c28ff2e8b77d4ceec5d8063\",\"name\":\"NOTICIASMERCEDINAS.COM\",\"image\":{\"@type\":\"ImageObject\",\"inLanguage\":\"es\",\"@id\":\"https:\\\/\\\/secure.gravatar.com\\\/avatar\\\/4dfbf16b4d17945bfb6341b2d19043457132fcf478a5ee04f42e959fd8f5df0a?s=96&d=mm&r=g\",\"url\":\"https:\\\/\\\/secure.gravatar.com\\\/avatar\\\/4dfbf16b4d17945bfb6341b2d19043457132fcf478a5ee04f42e959fd8f5df0a?s=96&d=mm&r=g\",\"contentUrl\":\"https:\\\/\\\/secure.gravatar.com\\\/avatar\\\/4dfbf16b4d17945bfb6341b2d19043457132fcf478a5ee04f42e959fd8f5df0a?s=96&d=mm&r=g\",\"caption\":\"NOTICIASMERCEDINAS.COM\"},\"url\":\"https:\\\/\\\/noticiasmercedinas.com\\\/site\\\/author\\\/anonimo\\\/\"}]}<\/script>\n<!-- \/ Yoast SEO plugin. -->","yoast_head_json":{"title":"El Colegio de Abogados de Mercedes suma ocho nuevos matriculados","description":"El Dr. Fabi\u00e1n Alejandro Navarrete jur\u00f3 en condici\u00f3n de incompatibilidad. Y tambi\u00e9n lo hicieron Franco Andr\u00e9s Aguirre, Ger\u00f3nimo Cerdeira, Bautista Montes, Florencia Trinidad Panessi, Tatiana Ver\u00f3nica Skokonski, Mar\u00eda Cecilia Gardon y Ver\u00f3nica Sol Saravia Patr\u00f3n.","robots":{"index":"index","follow":"follow","max-snippet":"max-snippet:-1","max-image-preview":"max-image-preview:large","max-video-preview":"max-video-preview:-1"},"canonical":"https:\/\/noticiasmercedinas.com\/site\/2025\/09\/18\/el-colegio-de-abogados-de-mercedes-suma-ocho-nuevos-matriculados\/","og_locale":"es_ES","og_type":"article","og_title":"El Colegio de Abogados de Mercedes suma ocho nuevos matriculados","og_description":"El Dr. Fabi\u00e1n Alejandro Navarrete jur\u00f3 en condici\u00f3n de incompatibilidad. Y tambi\u00e9n lo hicieron Franco Andr\u00e9s Aguirre, Ger\u00f3nimo Cerdeira, Bautista Montes, Florencia Trinidad Panessi, Tatiana Ver\u00f3nica Skokonski, Mar\u00eda Cecilia Gardon y Ver\u00f3nica Sol Saravia Patr\u00f3n.","og_url":"https:\/\/noticiasmercedinas.com\/site\/2025\/09\/18\/el-colegio-de-abogados-de-mercedes-suma-ocho-nuevos-matriculados\/","og_site_name":"NOTICIASMERCEDINAS.COM","article_publisher":"https:\/\/www.facebook.com\/noticiasmercedinas\/","article_published_time":"2025-09-18T18:02:29+00:00","og_image":[{"width":2560,"height":1124,"url":"https:\/\/noticiasmercedinas.com\/site\/wp-content\/uploads\/2025\/09\/Matriculados-en-ejercicio-scaled.jpg","type":"image\/jpeg"}],"author":"NOTICIASMERCEDINAS.COM","twitter_card":"summary_large_image","twitter_creator":"@notmercedinas","twitter_site":"@notmercedinas","twitter_misc":{"Escrito por":"NOTICIASMERCEDINAS.COM","Tiempo de lectura":"2 minutos"},"schema":{"@context":"https:\/\/schema.org","@graph":[{"@type":"Article","@id":"https:\/\/noticiasmercedinas.com\/site\/2025\/09\/18\/el-colegio-de-abogados-de-mercedes-suma-ocho-nuevos-matriculados\/#article","isPartOf":{"@id":"https:\/\/noticiasmercedinas.com\/site\/2025\/09\/18\/el-colegio-de-abogados-de-mercedes-suma-ocho-nuevos-matriculados\/"},"author":{"name":"NOTICIASMERCEDINAS.COM","@id":"https:\/\/noticiasmercedinas.com\/site\/#\/schema\/person\/84b59c099c28ff2e8b77d4ceec5d8063"},"headline":"El Colegio de Abogados de Mercedes suma ocho nuevos matriculados","datePublished":"2025-09-18T18:02:29+00:00","mainEntityOfPage":{"@id":"https:\/\/noticiasmercedinas.com\/site\/2025\/09\/18\/el-colegio-de-abogados-de-mercedes-suma-ocho-nuevos-matriculados\/"},"wordCount":190,"publisher":{"@id":"https:\/\/noticiasmercedinas.com\/site\/#organization"},"image":{"@id":"https:\/\/noticiasmercedinas.com\/site\/2025\/09\/18\/el-colegio-de-abogados-de-mercedes-suma-ocho-nuevos-matriculados\/#primaryimage"},"thumbnailUrl":"https:\/\/noticiasmercedinas.com\/site\/wp-content\/uploads\/2025\/09\/Matriculados-en-ejercicio-scaled.jpg","keywords":["colegio de abogados","jura"],"articleSection":["Sociedad","Ultimo momento"],"inLanguage":"es"},{"@type":"WebPage","@id":"https:\/\/noticiasmercedinas.com\/site\/2025\/09\/18\/el-colegio-de-abogados-de-mercedes-suma-ocho-nuevos-matriculados\/","url":"https:\/\/noticiasmercedinas.com\/site\/2025\/09\/18\/el-colegio-de-abogados-de-mercedes-suma-ocho-nuevos-matriculados\/","name":"El Colegio de Abogados de Mercedes suma ocho nuevos matriculados","isPartOf":{"@id":"https:\/\/noticiasmercedinas.com\/site\/#website"},"primaryImageOfPage":{"@id":"https:\/\/noticiasmercedinas.com\/site\/2025\/09\/18\/el-colegio-de-abogados-de-mercedes-suma-ocho-nuevos-matriculados\/#primaryimage"},"image":{"@id":"https:\/\/noticiasmercedinas.com\/site\/2025\/09\/18\/el-colegio-de-abogados-de-mercedes-suma-ocho-nuevos-matriculados\/#primaryimage"},"thumbnailUrl":"https:\/\/noticiasmercedinas.com\/site\/wp-content\/uploads\/2025\/09\/Matriculados-en-ejercicio-scaled.jpg","datePublished":"2025-09-18T18:02:29+00:00","description":"El Dr. Fabi\u00e1n Alejandro Navarrete jur\u00f3 en condici\u00f3n de incompatibilidad. Y tambi\u00e9n lo hicieron Franco Andr\u00e9s Aguirre, Ger\u00f3nimo Cerdeira, Bautista Montes, Florencia Trinidad Panessi, Tatiana Ver\u00f3nica Skokonski, Mar\u00eda Cecilia Gardon y Ver\u00f3nica Sol Saravia Patr\u00f3n.","breadcrumb":{"@id":"https:\/\/noticiasmercedinas.com\/site\/2025\/09\/18\/el-colegio-de-abogados-de-mercedes-suma-ocho-nuevos-matriculados\/#breadcrumb"},"inLanguage":"es","potentialAction":[{"@type":"ReadAction","target":["https:\/\/noticiasmercedinas.com\/site\/2025\/09\/18\/el-colegio-de-abogados-de-mercedes-suma-ocho-nuevos-matriculados\/"]}]},{"@type":"ImageObject","inLanguage":"es","@id":"https:\/\/noticiasmercedinas.com\/site\/2025\/09\/18\/el-colegio-de-abogados-de-mercedes-suma-ocho-nuevos-matriculados\/#primaryimage","url":"https:\/\/noticiasmercedinas.com\/site\/wp-content\/uploads\/2025\/09\/Matriculados-en-ejercicio-scaled.jpg","contentUrl":"https:\/\/noticiasmercedinas.com\/site\/wp-content\/uploads\/2025\/09\/Matriculados-en-ejercicio-scaled.jpg","width":2560,"height":1124},{"@type":"BreadcrumbList","@id":"https:\/\/noticiasmercedinas.com\/site\/2025\/09\/18\/el-colegio-de-abogados-de-mercedes-suma-ocho-nuevos-matriculados\/#breadcrumb","itemListElement":[{"@type":"ListItem","position":1,"name":"Portada","item":"https:\/\/noticiasmercedinas.com\/site\/"},{"@type":"ListItem","position":2,"name":"El Colegio de Abogados de Mercedes suma ocho nuevos matriculados"}]},{"@type":"WebSite","@id":"https:\/\/noticiasmercedinas.com\/site\/#website","url":"https:\/\/noticiasmercedinas.com\/site\/","name":"NOTICIASMERCEDINAS.COM","description":"Mercedes, Buenos Aires, Argentina","publisher":{"@id":"https:\/\/noticiasmercedinas.com\/site\/#organization"},"potentialAction":[{"@type":"SearchAction","target":{"@type":"EntryPoint","urlTemplate":"https:\/\/noticiasmercedinas.com\/site\/?s={search_term_string}"},"query-input":{"@type":"PropertyValueSpecification","valueRequired":true,"valueName":"search_term_string"}}],"inLanguage":"es"},{"@type":"Organization","@id":"https:\/\/noticiasmercedinas.com\/site\/#organization","name":"NOTICIASMERCEDINAS.COM","url":"https:\/\/noticiasmercedinas.com\/site\/","logo":{"@type":"ImageObject","inLanguage":"es","@id":"https:\/\/noticiasmercedinas.com\/site\/#\/schema\/logo\/image\/","url":"https:\/\/noticiasmercedinas.com\/site\/wp-content\/uploads\/2020\/06\/LOGO-512.jpg","contentUrl":"https:\/\/noticiasmercedinas.com\/site\/wp-content\/uploads\/2020\/06\/LOGO-512.jpg","width":512,"height":512,"caption":"NOTICIASMERCEDINAS.COM"},"image":{"@id":"https:\/\/noticiasmercedinas.com\/site\/#\/schema\/logo\/image\/"},"sameAs":["https:\/\/www.facebook.com\/noticiasmercedinas\/","https:\/\/x.com\/notmercedinas","https:\/\/www.instagram.com\/noticiasmercedinas\/"]},{"@type":"Person","@id":"https:\/\/noticiasmercedinas.com\/site\/#\/schema\/person\/84b59c099c28ff2e8b77d4ceec5d8063","name":"NOTICIASMERCEDINAS.COM","image":{"@type":"ImageObject","inLanguage":"es","@id":"https:\/\/secure.gravatar.com\/avatar\/4dfbf16b4d17945bfb6341b2d19043457132fcf478a5ee04f42e959fd8f5df0a?s=96&d=mm&r=g","url":"https:\/\/secure.gravatar.com\/avatar\/4dfbf16b4d17945bfb6341b2d19043457132fcf478a5ee04f42e959fd8f5df0a?s=96&d=mm&r=g","contentUrl":"https:\/\/secure.gravatar.com\/avatar\/4dfbf16b4d17945bfb6341b2d19043457132fcf478a5ee04f42e959fd8f5df0a?s=96&d=mm&r=g","caption":"NOTICIASMERCEDINAS.COM"},"url":"https:\/\/noticiasmercedinas.com\/site\/author\/anonimo\/"}]}},"amp_enabled":true,"_links":{"self":[{"href":"https:\/\/noticiasmercedinas.com\/site\/wp-json\/wp\/v2\/posts\/169816","targetHints":{"allow":["GET"]}}],"collection":[{"href":"https:\/\/noticiasmercedinas.com\/site\/wp-json\/wp\/v2\/posts"}],"about":[{"href":"https:\/\/noticiasmercedinas.com\/site\/wp-json\/wp\/v2\/types\/post"}],"author":[{"embeddable":true,"href":"https:\/\/noticiasmercedinas.com\/site\/wp-json\/wp\/v2\/users\/16"}],"replies":[{"embeddable":true,"href":"https:\/\/noticiasmercedinas.com\/site\/wp-json\/wp\/v2\/comments?post=169816"}],"version-history":[{"count":1,"href":"https:\/\/noticiasmercedinas.com\/site\/wp-json\/wp\/v2\/posts\/169816\/revisions"}],"predecessor-version":[{"id":169819,"href":"https:\/\/noticiasmercedinas.com\/site\/wp-json\/wp\/v2\/posts\/169816\/revisions\/169819"}],"wp:featuredmedia":[{"embeddable":true,"href":"https:\/\/noticiasmercedinas.com\/site\/wp-json\/wp\/v2\/media\/169817"}],"wp:attachment":[{"href":"https:\/\/noticiasmercedinas.com\/site\/wp-json\/wp\/v2\/media?parent=169816"}],"wp:term":[{"taxonomy":"category","embeddable":true,"href":"https:\/\/noticiasmercedinas.com\/site\/wp-json\/wp\/v2\/categories?post=169816"},{"taxonomy":"post_tag","embeddable":true,"href":"https:\/\/noticiasmercedinas.com\/site\/wp-json\/wp\/v2\/tags?post=169816"}],"curies":[{"name":"wp","href":"https:\/\/api.w.org\/{rel}","templated":true}]}}