{"id":169870,"date":"2025-09-19T10:54:02","date_gmt":"2025-09-19T13:54:02","guid":{"rendered":"https:\/\/noticiasmercedinas.com\/site\/?p=169870"},"modified":"2025-09-19T12:58:01","modified_gmt":"2025-09-19T15:58:01","slug":"merceditas-1875-viaje-al-pasado-en-forma-de-casa-de-te-y-un-fin-de-semana-ideal-para-disfrutarla","status":"publish","type":"post","link":"https:\/\/noticiasmercedinas.com\/site\/2025\/09\/19\/merceditas-1875-viaje-al-pasado-en-forma-de-casa-de-te-y-un-fin-de-semana-ideal-para-disfrutarla\/","title":{"rendered":"\u201cMerceditas 1875\u201d, viaje al pasado en forma de casa de t\u00e9, y un fin de semana ideal para disfrutarla"},"content":{"rendered":"<p><img loading=\"lazy\" decoding=\"async\" class=\"alignnone size-full wp-image-169873\" src=\"https:\/\/noticiasmercedinas.com\/site\/wp-content\/uploads\/2025\/09\/fd516651-7151-4948-8b2b-b19a3cccd645-e1758289907875.jpg\" alt=\"\" width=\"1203\" height=\"826\" srcset=\"https:\/\/noticiasmercedinas.com\/site\/wp-content\/uploads\/2025\/09\/fd516651-7151-4948-8b2b-b19a3cccd645-e1758289907875.jpg 1203w, https:\/\/noticiasmercedinas.com\/site\/wp-content\/uploads\/2025\/09\/fd516651-7151-4948-8b2b-b19a3cccd645-e1758289907875-300x206.jpg 300w, https:\/\/noticiasmercedinas.com\/site\/wp-content\/uploads\/2025\/09\/fd516651-7151-4948-8b2b-b19a3cccd645-e1758289907875-1024x703.jpg 1024w, https:\/\/noticiasmercedinas.com\/site\/wp-content\/uploads\/2025\/09\/fd516651-7151-4948-8b2b-b19a3cccd645-e1758289907875-768x527.jpg 768w, https:\/\/noticiasmercedinas.com\/site\/wp-content\/uploads\/2025\/09\/fd516651-7151-4948-8b2b-b19a3cccd645-e1758289907875-640x439.jpg 640w, https:\/\/noticiasmercedinas.com\/site\/wp-content\/uploads\/2025\/09\/fd516651-7151-4948-8b2b-b19a3cccd645-e1758289907875-681x468.jpg 681w\" sizes=\"auto, (max-width: 1203px) 100vw, 1203px\" \/><\/p>\n<p>Con lluvia o con sol, este fin de semana es ideal para conocer \u00abMerceditas 1875\u00bb una nueva propuesta en una casa hist\u00f3rica que tiene mucho por descubrir y disfrutar.<\/p>\n<p><b>Desde hace unas semanas, <\/b>un espacio m\u00e1gico que combina historia y gastronom\u00eda abri\u00f3 sus puertas en Mercedes. <b>\u201cMerceditas 1875\u201d<\/b>, una nueva casa de t\u00e9, se instal\u00f3 en una antigua casona del siglo XIX y se ha convertido en un nuevo punto de encuentro para los vecinos. Con su propuesta \u00fanica, invita a locales y visitantes a viajar en el tiempo mientras disfrutan de delicias caseras.<\/p>\n<p><img loading=\"lazy\" decoding=\"async\" class=\"alignnone size-full wp-image-169872\" src=\"https:\/\/noticiasmercedinas.com\/site\/wp-content\/uploads\/2025\/09\/721b11d3-200e-41ae-9cf7-cc183307c09e-e1758289940439.jpg\" alt=\"\" width=\"950\" height=\"883\" srcset=\"https:\/\/noticiasmercedinas.com\/site\/wp-content\/uploads\/2025\/09\/721b11d3-200e-41ae-9cf7-cc183307c09e-e1758289940439.jpg 950w, https:\/\/noticiasmercedinas.com\/site\/wp-content\/uploads\/2025\/09\/721b11d3-200e-41ae-9cf7-cc183307c09e-e1758289940439-300x279.jpg 300w, https:\/\/noticiasmercedinas.com\/site\/wp-content\/uploads\/2025\/09\/721b11d3-200e-41ae-9cf7-cc183307c09e-e1758289940439-768x714.jpg 768w, https:\/\/noticiasmercedinas.com\/site\/wp-content\/uploads\/2025\/09\/721b11d3-200e-41ae-9cf7-cc183307c09e-e1758289940439-640x595.jpg 640w, https:\/\/noticiasmercedinas.com\/site\/wp-content\/uploads\/2025\/09\/721b11d3-200e-41ae-9cf7-cc183307c09e-e1758289940439-681x633.jpg 681w\" sizes=\"auto, (max-width: 950px) 100vw, 950px\" \/><\/p>\n<p>Ubicada en la calle 35 N\u00b0 681, la casa de t\u00e9 es un proyecto liderado por <b>Ra\u00fal Caratini y Daniela L\u00f3pez Van Hemelrijck<\/b>, con la chef pastelera <b>Ximena L\u00f3pez Van Hemelrijck<\/b> a cargo del men\u00fa. El emprendimiento rinde homenaje a la historia local, conservando la estructura original de la casona, que data de 1875, y decor\u00e1ndola con toques modernos y objetos de \u00e9poca. El nombre es un tributo a Merceditas de San Mart\u00edn, la hija del pr\u00f3cer.<\/p>\n<p>\u00abEs un lugar que da para mucho\u00bb, asegur\u00f3 Caratini, quien destac\u00f3 la exquisitez de las tortas y la reposter\u00eda casera. En su etapa inicial, \u00abMerceditas 1875\u00bb abre sus puertas los <b>viernes, s\u00e1bados y domingos<\/b>.<\/p>\n<p><img loading=\"lazy\" decoding=\"async\" class=\"alignnone size-full wp-image-169871\" src=\"https:\/\/noticiasmercedinas.com\/site\/wp-content\/uploads\/2025\/09\/ecf8202e-ce02-40e4-b675-2be072f5acfc-e1758289975575.jpg\" alt=\"\" width=\"960\" height=\"745\" srcset=\"https:\/\/noticiasmercedinas.com\/site\/wp-content\/uploads\/2025\/09\/ecf8202e-ce02-40e4-b675-2be072f5acfc-e1758289975575.jpg 960w, https:\/\/noticiasmercedinas.com\/site\/wp-content\/uploads\/2025\/09\/ecf8202e-ce02-40e4-b675-2be072f5acfc-e1758289975575-300x233.jpg 300w, https:\/\/noticiasmercedinas.com\/site\/wp-content\/uploads\/2025\/09\/ecf8202e-ce02-40e4-b675-2be072f5acfc-e1758289975575-768x596.jpg 768w, https:\/\/noticiasmercedinas.com\/site\/wp-content\/uploads\/2025\/09\/ecf8202e-ce02-40e4-b675-2be072f5acfc-e1758289975575-640x497.jpg 640w, https:\/\/noticiasmercedinas.com\/site\/wp-content\/uploads\/2025\/09\/ecf8202e-ce02-40e4-b675-2be072f5acfc-e1758289975575-681x528.jpg 681w\" sizes=\"auto, (max-width: 960px) 100vw, 960px\" \/><\/p>\n<p>Sus due\u00f1os eligieron Mercedes para vivir y emprender, atra\u00eddos por la tranquilidad y la seguridad de la ciudad, que, seg\u00fan ellos, combina el esp\u00edritu de pueblo con toques modernos.<\/p>\n<p>El proyecto se suma a la creciente oferta gastron\u00f3mica y tur\u00edstica de Mercedes. Con planes a futuro de ofrecer el espacio para eventos y habilitar una terraza con parrilla, \u00abMerceditas 1875\u00bb se perfila como un lugar clave para la vida social de la ciudad.<\/p>\n<p>\u00ab\u00a1Bienvenida Primavera! Con sol o sin \u00e9l, los esperamos este fin de semana largo para saborear nuestras deliciosas tortas\u00bb, invitaron sus due\u00f1os, celebrando el reciente cambio de estaci\u00f3n.<\/p>\n<p>Vale decir adem\u00e1s que este fin de semana es especial ya que el lunes es feriado y tambi\u00e9n estar\u00e1 abierto ese d\u00eda.<\/p>\n<p><strong>MERCEDITAS 1875<\/strong><br \/>\n<strong>Calle 35 N\u00ba 681. Mercedes.<\/strong><br \/>\n<strong>Instagram:\u00a0<\/strong><strong><a href=\"https:\/\/www.instagram.com\/merceditas1875\">@merceditas1875<\/a><\/strong><br \/>\n<strong>Tel\u00e9fonos \/ WhatsApp:\u00a0<\/strong><strong>1160114573 \u2013\u00a0<\/strong><strong>1133636731<br \/>\n<\/strong><br \/>\n<strong>Atelier de Az\u00facar (pasteler\u00eda de la chef Ximena):<\/strong><br \/>\n<strong><a href=\"https:\/\/www.instagram.com\/atelier_de_azucar\">https:\/\/www.instagram.com\/atelier_de_azucar<\/a><\/strong><\/p>\n<p><img loading=\"lazy\" decoding=\"async\" class=\"alignnone size-full wp-image-169875\" src=\"https:\/\/noticiasmercedinas.com\/site\/wp-content\/uploads\/2025\/09\/417bbac8-1a32-4bcd-8721-dbe7af70fbde.jpg\" alt=\"\" width=\"1280\" height=\"960\" srcset=\"https:\/\/noticiasmercedinas.com\/site\/wp-content\/uploads\/2025\/09\/417bbac8-1a32-4bcd-8721-dbe7af70fbde.jpg 1280w, https:\/\/noticiasmercedinas.com\/site\/wp-content\/uploads\/2025\/09\/417bbac8-1a32-4bcd-8721-dbe7af70fbde-300x225.jpg 300w, https:\/\/noticiasmercedinas.com\/site\/wp-content\/uploads\/2025\/09\/417bbac8-1a32-4bcd-8721-dbe7af70fbde-1024x768.jpg 1024w, https:\/\/noticiasmercedinas.com\/site\/wp-content\/uploads\/2025\/09\/417bbac8-1a32-4bcd-8721-dbe7af70fbde-768x576.jpg 768w, https:\/\/noticiasmercedinas.com\/site\/wp-content\/uploads\/2025\/09\/417bbac8-1a32-4bcd-8721-dbe7af70fbde-80x60.jpg 80w, https:\/\/noticiasmercedinas.com\/site\/wp-content\/uploads\/2025\/09\/417bbac8-1a32-4bcd-8721-dbe7af70fbde-160x120.jpg 160w, https:\/\/noticiasmercedinas.com\/site\/wp-content\/uploads\/2025\/09\/417bbac8-1a32-4bcd-8721-dbe7af70fbde-100x75.jpg 100w, https:\/\/noticiasmercedinas.com\/site\/wp-content\/uploads\/2025\/09\/417bbac8-1a32-4bcd-8721-dbe7af70fbde-200x150.jpg 200w, https:\/\/noticiasmercedinas.com\/site\/wp-content\/uploads\/2025\/09\/417bbac8-1a32-4bcd-8721-dbe7af70fbde-180x135.jpg 180w, https:\/\/noticiasmercedinas.com\/site\/wp-content\/uploads\/2025\/09\/417bbac8-1a32-4bcd-8721-dbe7af70fbde-360x270.jpg 360w, https:\/\/noticiasmercedinas.com\/site\/wp-content\/uploads\/2025\/09\/417bbac8-1a32-4bcd-8721-dbe7af70fbde-238x178.jpg 238w, https:\/\/noticiasmercedinas.com\/site\/wp-content\/uploads\/2025\/09\/417bbac8-1a32-4bcd-8721-dbe7af70fbde-476x356.jpg 476w, https:\/\/noticiasmercedinas.com\/site\/wp-content\/uploads\/2025\/09\/417bbac8-1a32-4bcd-8721-dbe7af70fbde-640x480.jpg 640w, https:\/\/noticiasmercedinas.com\/site\/wp-content\/uploads\/2025\/09\/417bbac8-1a32-4bcd-8721-dbe7af70fbde-681x511.jpg 681w\" sizes=\"auto, (max-width: 1280px) 100vw, 1280px\" \/> <img loading=\"lazy\" decoding=\"async\" class=\"alignnone size-full wp-image-169874\" src=\"https:\/\/noticiasmercedinas.com\/site\/wp-content\/uploads\/2025\/09\/8b512088-7fbb-460a-8b60-6e2f02a43037.jpg\" alt=\"\" width=\"1280\" height=\"960\" srcset=\"https:\/\/noticiasmercedinas.com\/site\/wp-content\/uploads\/2025\/09\/8b512088-7fbb-460a-8b60-6e2f02a43037.jpg 1280w, https:\/\/noticiasmercedinas.com\/site\/wp-content\/uploads\/2025\/09\/8b512088-7fbb-460a-8b60-6e2f02a43037-300x225.jpg 300w, https:\/\/noticiasmercedinas.com\/site\/wp-content\/uploads\/2025\/09\/8b512088-7fbb-460a-8b60-6e2f02a43037-1024x768.jpg 1024w, https:\/\/noticiasmercedinas.com\/site\/wp-content\/uploads\/2025\/09\/8b512088-7fbb-460a-8b60-6e2f02a43037-768x576.jpg 768w, https:\/\/noticiasmercedinas.com\/site\/wp-content\/uploads\/2025\/09\/8b512088-7fbb-460a-8b60-6e2f02a43037-80x60.jpg 80w, https:\/\/noticiasmercedinas.com\/site\/wp-content\/uploads\/2025\/09\/8b512088-7fbb-460a-8b60-6e2f02a43037-160x120.jpg 160w, https:\/\/noticiasmercedinas.com\/site\/wp-content\/uploads\/2025\/09\/8b512088-7fbb-460a-8b60-6e2f02a43037-100x75.jpg 100w, https:\/\/noticiasmercedinas.com\/site\/wp-content\/uploads\/2025\/09\/8b512088-7fbb-460a-8b60-6e2f02a43037-200x150.jpg 200w, https:\/\/noticiasmercedinas.com\/site\/wp-content\/uploads\/2025\/09\/8b512088-7fbb-460a-8b60-6e2f02a43037-180x135.jpg 180w, https:\/\/noticiasmercedinas.com\/site\/wp-content\/uploads\/2025\/09\/8b512088-7fbb-460a-8b60-6e2f02a43037-360x270.jpg 360w, https:\/\/noticiasmercedinas.com\/site\/wp-content\/uploads\/2025\/09\/8b512088-7fbb-460a-8b60-6e2f02a43037-238x178.jpg 238w, https:\/\/noticiasmercedinas.com\/site\/wp-content\/uploads\/2025\/09\/8b512088-7fbb-460a-8b60-6e2f02a43037-476x356.jpg 476w, https:\/\/noticiasmercedinas.com\/site\/wp-content\/uploads\/2025\/09\/8b512088-7fbb-460a-8b60-6e2f02a43037-640x480.jpg 640w, https:\/\/noticiasmercedinas.com\/site\/wp-content\/uploads\/2025\/09\/8b512088-7fbb-460a-8b60-6e2f02a43037-681x511.jpg 681w\" sizes=\"auto, (max-width: 1280px) 100vw, 1280px\" \/><\/p>\n","protected":false},"excerpt":{"rendered":"<p>Con lluvia o con sol, este fin de semana es ideal para conocer \u00abMerceditas 1875\u00bb una nueva propuesta en una casa hist\u00f3rica que tiene mucho por descubrir y disfrutar. Desde hace unas semanas, un espacio m\u00e1gico que combina historia y gastronom\u00eda abri\u00f3 sus puertas en Mercedes. \u201cMerceditas 1875\u201d, una nueva casa de t\u00e9, se instal\u00f3 [&hellip;]<\/p>\n","protected":false},"author":16,"featured_media":169873,"comment_status":"closed","ping_status":"closed","sticky":false,"template":"","format":"standard","meta":{"footnotes":""},"categories":[74],"tags":[3217,20812,20813,3216],"class_list":["post-169870","post","type-post","status-publish","format-standard","has-post-thumbnail","hentry","category-emprendimientos","tag-cafe","tag-casa-de-te","tag-merceditas-1875","tag-tortas"],"yoast_head":"<!-- This site is optimized with the Yoast SEO plugin v27.5 - https:\/\/yoast.com\/product\/yoast-seo-wordpress\/ -->\n<title>\u201cMerceditas 1875\u201d, viaje al pasado en forma de casa de t\u00e9, y un fin de semana ideal para disfrutarla<\/title>\n<meta name=\"robots\" content=\"index, follow, max-snippet:-1, max-image-preview:large, max-video-preview:-1\" \/>\n<link rel=\"canonical\" href=\"https:\/\/noticiasmercedinas.com\/site\/2025\/09\/19\/merceditas-1875-viaje-al-pasado-en-forma-de-casa-de-te-y-un-fin-de-semana-ideal-para-disfrutarla\/\" \/>\n<meta property=\"og:locale\" content=\"es_ES\" \/>\n<meta property=\"og:type\" content=\"article\" \/>\n<meta property=\"og:title\" content=\"\u201cMerceditas 1875\u201d, viaje al pasado en forma de casa de t\u00e9, y un fin de semana ideal para disfrutarla\" \/>\n<meta property=\"og:description\" content=\"Con lluvia o con sol, este fin de semana es ideal para conocer \u00abMerceditas 1875\u00bb una nueva propuesta en una casa hist\u00f3rica que tiene mucho por descubrir y disfrutar. Desde hace unas semanas, un espacio m\u00e1gico que combina historia y gastronom\u00eda abri\u00f3 sus puertas en Mercedes. \u201cMerceditas 1875\u201d, una nueva casa de t\u00e9, se instal\u00f3 [&hellip;]\" \/>\n<meta property=\"og:url\" content=\"https:\/\/noticiasmercedinas.com\/site\/2025\/09\/19\/merceditas-1875-viaje-al-pasado-en-forma-de-casa-de-te-y-un-fin-de-semana-ideal-para-disfrutarla\/\" \/>\n<meta property=\"og:site_name\" content=\"NOTICIASMERCEDINAS.COM\" \/>\n<meta property=\"article:publisher\" content=\"https:\/\/www.facebook.com\/noticiasmercedinas\/\" \/>\n<meta property=\"article:published_time\" content=\"2025-09-19T13:54:02+00:00\" \/>\n<meta property=\"article:modified_time\" content=\"2025-09-19T15:58:01+00:00\" \/>\n<meta property=\"og:image\" content=\"https:\/\/noticiasmercedinas.com\/site\/wp-content\/uploads\/2025\/09\/fd516651-7151-4948-8b2b-b19a3cccd645-e1758289907875.jpg\" \/>\n\t<meta property=\"og:image:width\" content=\"1203\" \/>\n\t<meta property=\"og:image:height\" content=\"826\" \/>\n\t<meta property=\"og:image:type\" content=\"image\/jpeg\" \/>\n<meta name=\"author\" content=\"NOTICIASMERCEDINAS.COM\" \/>\n<meta name=\"twitter:card\" content=\"summary_large_image\" \/>\n<meta name=\"twitter:creator\" content=\"@notmercedinas\" \/>\n<meta name=\"twitter:site\" content=\"@notmercedinas\" \/>\n<meta name=\"twitter:label1\" content=\"Escrito por\" \/>\n\t<meta name=\"twitter:data1\" content=\"NOTICIASMERCEDINAS.COM\" \/>\n\t<meta name=\"twitter:label2\" content=\"Tiempo de lectura\" \/>\n\t<meta name=\"twitter:data2\" content=\"3 minutos\" \/>\n<script type=\"application\/ld+json\" class=\"yoast-schema-graph\">{\"@context\":\"https:\\\/\\\/schema.org\",\"@graph\":[{\"@type\":\"Article\",\"@id\":\"https:\\\/\\\/noticiasmercedinas.com\\\/site\\\/2025\\\/09\\\/19\\\/merceditas-1875-viaje-al-pasado-en-forma-de-casa-de-te-y-un-fin-de-semana-ideal-para-disfrutarla\\\/#article\",\"isPartOf\":{\"@id\":\"https:\\\/\\\/noticiasmercedinas.com\\\/site\\\/2025\\\/09\\\/19\\\/merceditas-1875-viaje-al-pasado-en-forma-de-casa-de-te-y-un-fin-de-semana-ideal-para-disfrutarla\\\/\"},\"author\":{\"name\":\"NOTICIASMERCEDINAS.COM\",\"@id\":\"https:\\\/\\\/noticiasmercedinas.com\\\/site\\\/#\\\/schema\\\/person\\\/84b59c099c28ff2e8b77d4ceec5d8063\"},\"headline\":\"\u201cMerceditas 1875\u201d, viaje al pasado en forma de casa de t\u00e9, y un fin de semana ideal para disfrutarla\",\"datePublished\":\"2025-09-19T13:54:02+00:00\",\"dateModified\":\"2025-09-19T15:58:01+00:00\",\"mainEntityOfPage\":{\"@id\":\"https:\\\/\\\/noticiasmercedinas.com\\\/site\\\/2025\\\/09\\\/19\\\/merceditas-1875-viaje-al-pasado-en-forma-de-casa-de-te-y-un-fin-de-semana-ideal-para-disfrutarla\\\/\"},\"wordCount\":387,\"publisher\":{\"@id\":\"https:\\\/\\\/noticiasmercedinas.com\\\/site\\\/#organization\"},\"image\":{\"@id\":\"https:\\\/\\\/noticiasmercedinas.com\\\/site\\\/2025\\\/09\\\/19\\\/merceditas-1875-viaje-al-pasado-en-forma-de-casa-de-te-y-un-fin-de-semana-ideal-para-disfrutarla\\\/#primaryimage\"},\"thumbnailUrl\":\"https:\\\/\\\/noticiasmercedinas.com\\\/site\\\/wp-content\\\/uploads\\\/2025\\\/09\\\/fd516651-7151-4948-8b2b-b19a3cccd645-e1758289907875.jpg\",\"keywords\":[\"cafe\",\"casa de te\",\"merceditas 1875\",\"tortas\"],\"articleSection\":[\"Emprendimientos\"],\"inLanguage\":\"es\"},{\"@type\":\"WebPage\",\"@id\":\"https:\\\/\\\/noticiasmercedinas.com\\\/site\\\/2025\\\/09\\\/19\\\/merceditas-1875-viaje-al-pasado-en-forma-de-casa-de-te-y-un-fin-de-semana-ideal-para-disfrutarla\\\/\",\"url\":\"https:\\\/\\\/noticiasmercedinas.com\\\/site\\\/2025\\\/09\\\/19\\\/merceditas-1875-viaje-al-pasado-en-forma-de-casa-de-te-y-un-fin-de-semana-ideal-para-disfrutarla\\\/\",\"name\":\"\u201cMerceditas 1875\u201d, viaje al pasado en forma de casa de t\u00e9, y un fin de semana ideal para disfrutarla\",\"isPartOf\":{\"@id\":\"https:\\\/\\\/noticiasmercedinas.com\\\/site\\\/#website\"},\"primaryImageOfPage\":{\"@id\":\"https:\\\/\\\/noticiasmercedinas.com\\\/site\\\/2025\\\/09\\\/19\\\/merceditas-1875-viaje-al-pasado-en-forma-de-casa-de-te-y-un-fin-de-semana-ideal-para-disfrutarla\\\/#primaryimage\"},\"image\":{\"@id\":\"https:\\\/\\\/noticiasmercedinas.com\\\/site\\\/2025\\\/09\\\/19\\\/merceditas-1875-viaje-al-pasado-en-forma-de-casa-de-te-y-un-fin-de-semana-ideal-para-disfrutarla\\\/#primaryimage\"},\"thumbnailUrl\":\"https:\\\/\\\/noticiasmercedinas.com\\\/site\\\/wp-content\\\/uploads\\\/2025\\\/09\\\/fd516651-7151-4948-8b2b-b19a3cccd645-e1758289907875.jpg\",\"datePublished\":\"2025-09-19T13:54:02+00:00\",\"dateModified\":\"2025-09-19T15:58:01+00:00\",\"breadcrumb\":{\"@id\":\"https:\\\/\\\/noticiasmercedinas.com\\\/site\\\/2025\\\/09\\\/19\\\/merceditas-1875-viaje-al-pasado-en-forma-de-casa-de-te-y-un-fin-de-semana-ideal-para-disfrutarla\\\/#breadcrumb\"},\"inLanguage\":\"es\",\"potentialAction\":[{\"@type\":\"ReadAction\",\"target\":[\"https:\\\/\\\/noticiasmercedinas.com\\\/site\\\/2025\\\/09\\\/19\\\/merceditas-1875-viaje-al-pasado-en-forma-de-casa-de-te-y-un-fin-de-semana-ideal-para-disfrutarla\\\/\"]}]},{\"@type\":\"ImageObject\",\"inLanguage\":\"es\",\"@id\":\"https:\\\/\\\/noticiasmercedinas.com\\\/site\\\/2025\\\/09\\\/19\\\/merceditas-1875-viaje-al-pasado-en-forma-de-casa-de-te-y-un-fin-de-semana-ideal-para-disfrutarla\\\/#primaryimage\",\"url\":\"https:\\\/\\\/noticiasmercedinas.com\\\/site\\\/wp-content\\\/uploads\\\/2025\\\/09\\\/fd516651-7151-4948-8b2b-b19a3cccd645-e1758289907875.jpg\",\"contentUrl\":\"https:\\\/\\\/noticiasmercedinas.com\\\/site\\\/wp-content\\\/uploads\\\/2025\\\/09\\\/fd516651-7151-4948-8b2b-b19a3cccd645-e1758289907875.jpg\",\"width\":1203,\"height\":826},{\"@type\":\"BreadcrumbList\",\"@id\":\"https:\\\/\\\/noticiasmercedinas.com\\\/site\\\/2025\\\/09\\\/19\\\/merceditas-1875-viaje-al-pasado-en-forma-de-casa-de-te-y-un-fin-de-semana-ideal-para-disfrutarla\\\/#breadcrumb\",\"itemListElement\":[{\"@type\":\"ListItem\",\"position\":1,\"name\":\"Portada\",\"item\":\"https:\\\/\\\/noticiasmercedinas.com\\\/site\\\/\"},{\"@type\":\"ListItem\",\"position\":2,\"name\":\"\u201cMerceditas 1875\u201d, viaje al pasado en forma de casa de t\u00e9, y un fin de semana ideal para disfrutarla\"}]},{\"@type\":\"WebSite\",\"@id\":\"https:\\\/\\\/noticiasmercedinas.com\\\/site\\\/#website\",\"url\":\"https:\\\/\\\/noticiasmercedinas.com\\\/site\\\/\",\"name\":\"NOTICIASMERCEDINAS.COM\",\"description\":\"Mercedes, Buenos Aires, Argentina\",\"publisher\":{\"@id\":\"https:\\\/\\\/noticiasmercedinas.com\\\/site\\\/#organization\"},\"potentialAction\":[{\"@type\":\"SearchAction\",\"target\":{\"@type\":\"EntryPoint\",\"urlTemplate\":\"https:\\\/\\\/noticiasmercedinas.com\\\/site\\\/?s={search_term_string}\"},\"query-input\":{\"@type\":\"PropertyValueSpecification\",\"valueRequired\":true,\"valueName\":\"search_term_string\"}}],\"inLanguage\":\"es\"},{\"@type\":\"Organization\",\"@id\":\"https:\\\/\\\/noticiasmercedinas.com\\\/site\\\/#organization\",\"name\":\"NOTICIASMERCEDINAS.COM\",\"url\":\"https:\\\/\\\/noticiasmercedinas.com\\\/site\\\/\",\"logo\":{\"@type\":\"ImageObject\",\"inLanguage\":\"es\",\"@id\":\"https:\\\/\\\/noticiasmercedinas.com\\\/site\\\/#\\\/schema\\\/logo\\\/image\\\/\",\"url\":\"https:\\\/\\\/noticiasmercedinas.com\\\/site\\\/wp-content\\\/uploads\\\/2020\\\/06\\\/LOGO-512.jpg\",\"contentUrl\":\"https:\\\/\\\/noticiasmercedinas.com\\\/site\\\/wp-content\\\/uploads\\\/2020\\\/06\\\/LOGO-512.jpg\",\"width\":512,\"height\":512,\"caption\":\"NOTICIASMERCEDINAS.COM\"},\"image\":{\"@id\":\"https:\\\/\\\/noticiasmercedinas.com\\\/site\\\/#\\\/schema\\\/logo\\\/image\\\/\"},\"sameAs\":[\"https:\\\/\\\/www.facebook.com\\\/noticiasmercedinas\\\/\",\"https:\\\/\\\/x.com\\\/notmercedinas\",\"https:\\\/\\\/www.instagram.com\\\/noticiasmercedinas\\\/\"]},{\"@type\":\"Person\",\"@id\":\"https:\\\/\\\/noticiasmercedinas.com\\\/site\\\/#\\\/schema\\\/person\\\/84b59c099c28ff2e8b77d4ceec5d8063\",\"name\":\"NOTICIASMERCEDINAS.COM\",\"image\":{\"@type\":\"ImageObject\",\"inLanguage\":\"es\",\"@id\":\"https:\\\/\\\/secure.gravatar.com\\\/avatar\\\/4dfbf16b4d17945bfb6341b2d19043457132fcf478a5ee04f42e959fd8f5df0a?s=96&d=mm&r=g\",\"url\":\"https:\\\/\\\/secure.gravatar.com\\\/avatar\\\/4dfbf16b4d17945bfb6341b2d19043457132fcf478a5ee04f42e959fd8f5df0a?s=96&d=mm&r=g\",\"contentUrl\":\"https:\\\/\\\/secure.gravatar.com\\\/avatar\\\/4dfbf16b4d17945bfb6341b2d19043457132fcf478a5ee04f42e959fd8f5df0a?s=96&d=mm&r=g\",\"caption\":\"NOTICIASMERCEDINAS.COM\"},\"url\":\"https:\\\/\\\/noticiasmercedinas.com\\\/site\\\/author\\\/anonimo\\\/\"}]}<\/script>\n<!-- \/ Yoast SEO plugin. -->","yoast_head_json":{"title":"\u201cMerceditas 1875\u201d, viaje al pasado en forma de casa de t\u00e9, y un fin de semana ideal para disfrutarla","robots":{"index":"index","follow":"follow","max-snippet":"max-snippet:-1","max-image-preview":"max-image-preview:large","max-video-preview":"max-video-preview:-1"},"canonical":"https:\/\/noticiasmercedinas.com\/site\/2025\/09\/19\/merceditas-1875-viaje-al-pasado-en-forma-de-casa-de-te-y-un-fin-de-semana-ideal-para-disfrutarla\/","og_locale":"es_ES","og_type":"article","og_title":"\u201cMerceditas 1875\u201d, viaje al pasado en forma de casa de t\u00e9, y un fin de semana ideal para disfrutarla","og_description":"Con lluvia o con sol, este fin de semana es ideal para conocer \u00abMerceditas 1875\u00bb una nueva propuesta en una casa hist\u00f3rica que tiene mucho por descubrir y disfrutar. Desde hace unas semanas, un espacio m\u00e1gico que combina historia y gastronom\u00eda abri\u00f3 sus puertas en Mercedes. \u201cMerceditas 1875\u201d, una nueva casa de t\u00e9, se instal\u00f3 [&hellip;]","og_url":"https:\/\/noticiasmercedinas.com\/site\/2025\/09\/19\/merceditas-1875-viaje-al-pasado-en-forma-de-casa-de-te-y-un-fin-de-semana-ideal-para-disfrutarla\/","og_site_name":"NOTICIASMERCEDINAS.COM","article_publisher":"https:\/\/www.facebook.com\/noticiasmercedinas\/","article_published_time":"2025-09-19T13:54:02+00:00","article_modified_time":"2025-09-19T15:58:01+00:00","og_image":[{"width":1203,"height":826,"url":"https:\/\/noticiasmercedinas.com\/site\/wp-content\/uploads\/2025\/09\/fd516651-7151-4948-8b2b-b19a3cccd645-e1758289907875.jpg","type":"image\/jpeg"}],"author":"NOTICIASMERCEDINAS.COM","twitter_card":"summary_large_image","twitter_creator":"@notmercedinas","twitter_site":"@notmercedinas","twitter_misc":{"Escrito por":"NOTICIASMERCEDINAS.COM","Tiempo de lectura":"3 minutos"},"schema":{"@context":"https:\/\/schema.org","@graph":[{"@type":"Article","@id":"https:\/\/noticiasmercedinas.com\/site\/2025\/09\/19\/merceditas-1875-viaje-al-pasado-en-forma-de-casa-de-te-y-un-fin-de-semana-ideal-para-disfrutarla\/#article","isPartOf":{"@id":"https:\/\/noticiasmercedinas.com\/site\/2025\/09\/19\/merceditas-1875-viaje-al-pasado-en-forma-de-casa-de-te-y-un-fin-de-semana-ideal-para-disfrutarla\/"},"author":{"name":"NOTICIASMERCEDINAS.COM","@id":"https:\/\/noticiasmercedinas.com\/site\/#\/schema\/person\/84b59c099c28ff2e8b77d4ceec5d8063"},"headline":"\u201cMerceditas 1875\u201d, viaje al pasado en forma de casa de t\u00e9, y un fin de semana ideal para disfrutarla","datePublished":"2025-09-19T13:54:02+00:00","dateModified":"2025-09-19T15:58:01+00:00","mainEntityOfPage":{"@id":"https:\/\/noticiasmercedinas.com\/site\/2025\/09\/19\/merceditas-1875-viaje-al-pasado-en-forma-de-casa-de-te-y-un-fin-de-semana-ideal-para-disfrutarla\/"},"wordCount":387,"publisher":{"@id":"https:\/\/noticiasmercedinas.com\/site\/#organization"},"image":{"@id":"https:\/\/noticiasmercedinas.com\/site\/2025\/09\/19\/merceditas-1875-viaje-al-pasado-en-forma-de-casa-de-te-y-un-fin-de-semana-ideal-para-disfrutarla\/#primaryimage"},"thumbnailUrl":"https:\/\/noticiasmercedinas.com\/site\/wp-content\/uploads\/2025\/09\/fd516651-7151-4948-8b2b-b19a3cccd645-e1758289907875.jpg","keywords":["cafe","casa de te","merceditas 1875","tortas"],"articleSection":["Emprendimientos"],"inLanguage":"es"},{"@type":"WebPage","@id":"https:\/\/noticiasmercedinas.com\/site\/2025\/09\/19\/merceditas-1875-viaje-al-pasado-en-forma-de-casa-de-te-y-un-fin-de-semana-ideal-para-disfrutarla\/","url":"https:\/\/noticiasmercedinas.com\/site\/2025\/09\/19\/merceditas-1875-viaje-al-pasado-en-forma-de-casa-de-te-y-un-fin-de-semana-ideal-para-disfrutarla\/","name":"\u201cMerceditas 1875\u201d, viaje al pasado en forma de casa de t\u00e9, y un fin de semana ideal para disfrutarla","isPartOf":{"@id":"https:\/\/noticiasmercedinas.com\/site\/#website"},"primaryImageOfPage":{"@id":"https:\/\/noticiasmercedinas.com\/site\/2025\/09\/19\/merceditas-1875-viaje-al-pasado-en-forma-de-casa-de-te-y-un-fin-de-semana-ideal-para-disfrutarla\/#primaryimage"},"image":{"@id":"https:\/\/noticiasmercedinas.com\/site\/2025\/09\/19\/merceditas-1875-viaje-al-pasado-en-forma-de-casa-de-te-y-un-fin-de-semana-ideal-para-disfrutarla\/#primaryimage"},"thumbnailUrl":"https:\/\/noticiasmercedinas.com\/site\/wp-content\/uploads\/2025\/09\/fd516651-7151-4948-8b2b-b19a3cccd645-e1758289907875.jpg","datePublished":"2025-09-19T13:54:02+00:00","dateModified":"2025-09-19T15:58:01+00:00","breadcrumb":{"@id":"https:\/\/noticiasmercedinas.com\/site\/2025\/09\/19\/merceditas-1875-viaje-al-pasado-en-forma-de-casa-de-te-y-un-fin-de-semana-ideal-para-disfrutarla\/#breadcrumb"},"inLanguage":"es","potentialAction":[{"@type":"ReadAction","target":["https:\/\/noticiasmercedinas.com\/site\/2025\/09\/19\/merceditas-1875-viaje-al-pasado-en-forma-de-casa-de-te-y-un-fin-de-semana-ideal-para-disfrutarla\/"]}]},{"@type":"ImageObject","inLanguage":"es","@id":"https:\/\/noticiasmercedinas.com\/site\/2025\/09\/19\/merceditas-1875-viaje-al-pasado-en-forma-de-casa-de-te-y-un-fin-de-semana-ideal-para-disfrutarla\/#primaryimage","url":"https:\/\/noticiasmercedinas.com\/site\/wp-content\/uploads\/2025\/09\/fd516651-7151-4948-8b2b-b19a3cccd645-e1758289907875.jpg","contentUrl":"https:\/\/noticiasmercedinas.com\/site\/wp-content\/uploads\/2025\/09\/fd516651-7151-4948-8b2b-b19a3cccd645-e1758289907875.jpg","width":1203,"height":826},{"@type":"BreadcrumbList","@id":"https:\/\/noticiasmercedinas.com\/site\/2025\/09\/19\/merceditas-1875-viaje-al-pasado-en-forma-de-casa-de-te-y-un-fin-de-semana-ideal-para-disfrutarla\/#breadcrumb","itemListElement":[{"@type":"ListItem","position":1,"name":"Portada","item":"https:\/\/noticiasmercedinas.com\/site\/"},{"@type":"ListItem","position":2,"name":"\u201cMerceditas 1875\u201d, viaje al pasado en forma de casa de t\u00e9, y un fin de semana ideal para disfrutarla"}]},{"@type":"WebSite","@id":"https:\/\/noticiasmercedinas.com\/site\/#website","url":"https:\/\/noticiasmercedinas.com\/site\/","name":"NOTICIASMERCEDINAS.COM","description":"Mercedes, Buenos Aires, Argentina","publisher":{"@id":"https:\/\/noticiasmercedinas.com\/site\/#organization"},"potentialAction":[{"@type":"SearchAction","target":{"@type":"EntryPoint","urlTemplate":"https:\/\/noticiasmercedinas.com\/site\/?s={search_term_string}"},"query-input":{"@type":"PropertyValueSpecification","valueRequired":true,"valueName":"search_term_string"}}],"inLanguage":"es"},{"@type":"Organization","@id":"https:\/\/noticiasmercedinas.com\/site\/#organization","name":"NOTICIASMERCEDINAS.COM","url":"https:\/\/noticiasmercedinas.com\/site\/","logo":{"@type":"ImageObject","inLanguage":"es","@id":"https:\/\/noticiasmercedinas.com\/site\/#\/schema\/logo\/image\/","url":"https:\/\/noticiasmercedinas.com\/site\/wp-content\/uploads\/2020\/06\/LOGO-512.jpg","contentUrl":"https:\/\/noticiasmercedinas.com\/site\/wp-content\/uploads\/2020\/06\/LOGO-512.jpg","width":512,"height":512,"caption":"NOTICIASMERCEDINAS.COM"},"image":{"@id":"https:\/\/noticiasmercedinas.com\/site\/#\/schema\/logo\/image\/"},"sameAs":["https:\/\/www.facebook.com\/noticiasmercedinas\/","https:\/\/x.com\/notmercedinas","https:\/\/www.instagram.com\/noticiasmercedinas\/"]},{"@type":"Person","@id":"https:\/\/noticiasmercedinas.com\/site\/#\/schema\/person\/84b59c099c28ff2e8b77d4ceec5d8063","name":"NOTICIASMERCEDINAS.COM","image":{"@type":"ImageObject","inLanguage":"es","@id":"https:\/\/secure.gravatar.com\/avatar\/4dfbf16b4d17945bfb6341b2d19043457132fcf478a5ee04f42e959fd8f5df0a?s=96&d=mm&r=g","url":"https:\/\/secure.gravatar.com\/avatar\/4dfbf16b4d17945bfb6341b2d19043457132fcf478a5ee04f42e959fd8f5df0a?s=96&d=mm&r=g","contentUrl":"https:\/\/secure.gravatar.com\/avatar\/4dfbf16b4d17945bfb6341b2d19043457132fcf478a5ee04f42e959fd8f5df0a?s=96&d=mm&r=g","caption":"NOTICIASMERCEDINAS.COM"},"url":"https:\/\/noticiasmercedinas.com\/site\/author\/anonimo\/"}]}},"amp_enabled":true,"_links":{"self":[{"href":"https:\/\/noticiasmercedinas.com\/site\/wp-json\/wp\/v2\/posts\/169870","targetHints":{"allow":["GET"]}}],"collection":[{"href":"https:\/\/noticiasmercedinas.com\/site\/wp-json\/wp\/v2\/posts"}],"about":[{"href":"https:\/\/noticiasmercedinas.com\/site\/wp-json\/wp\/v2\/types\/post"}],"author":[{"embeddable":true,"href":"https:\/\/noticiasmercedinas.com\/site\/wp-json\/wp\/v2\/users\/16"}],"replies":[{"embeddable":true,"href":"https:\/\/noticiasmercedinas.com\/site\/wp-json\/wp\/v2\/comments?post=169870"}],"version-history":[{"count":3,"href":"https:\/\/noticiasmercedinas.com\/site\/wp-json\/wp\/v2\/posts\/169870\/revisions"}],"predecessor-version":[{"id":169894,"href":"https:\/\/noticiasmercedinas.com\/site\/wp-json\/wp\/v2\/posts\/169870\/revisions\/169894"}],"wp:featuredmedia":[{"embeddable":true,"href":"https:\/\/noticiasmercedinas.com\/site\/wp-json\/wp\/v2\/media\/169873"}],"wp:attachment":[{"href":"https:\/\/noticiasmercedinas.com\/site\/wp-json\/wp\/v2\/media?parent=169870"}],"wp:term":[{"taxonomy":"category","embeddable":true,"href":"https:\/\/noticiasmercedinas.com\/site\/wp-json\/wp\/v2\/categories?post=169870"},{"taxonomy":"post_tag","embeddable":true,"href":"https:\/\/noticiasmercedinas.com\/site\/wp-json\/wp\/v2\/tags?post=169870"}],"curies":[{"name":"wp","href":"https:\/\/api.w.org\/{rel}","templated":true}]}}