{"id":169963,"date":"2025-09-20T12:06:55","date_gmt":"2025-09-20T15:06:55","guid":{"rendered":"https:\/\/noticiasmercedinas.com\/site\/?p=169963"},"modified":"2025-09-20T12:09:44","modified_gmt":"2025-09-20T15:09:44","slug":"jorge-chielli-el-guardian-de-la-cultura-en-el-kiosco-de-la-plaza-san-martin","status":"publish","type":"post","link":"https:\/\/noticiasmercedinas.com\/site\/2025\/09\/20\/jorge-chielli-el-guardian-de-la-cultura-en-el-kiosco-de-la-plaza-san-martin\/","title":{"rendered":"Jorge Chielli, el guardi\u00e1n de la cultura en el kiosco de la Plaza San Mart\u00edn"},"content":{"rendered":"<p><img loading=\"lazy\" decoding=\"async\" class=\"alignnone size-full wp-image-169969\" src=\"https:\/\/noticiasmercedinas.com\/site\/wp-content\/uploads\/2025\/09\/CHIELLi01.jpg\" alt=\"\" width=\"1600\" height=\"1204\" srcset=\"https:\/\/noticiasmercedinas.com\/site\/wp-content\/uploads\/2025\/09\/CHIELLi01.jpg 1600w, https:\/\/noticiasmercedinas.com\/site\/wp-content\/uploads\/2025\/09\/CHIELLi01-300x226.jpg 300w, https:\/\/noticiasmercedinas.com\/site\/wp-content\/uploads\/2025\/09\/CHIELLi01-1024x771.jpg 1024w, https:\/\/noticiasmercedinas.com\/site\/wp-content\/uploads\/2025\/09\/CHIELLi01-768x578.jpg 768w, https:\/\/noticiasmercedinas.com\/site\/wp-content\/uploads\/2025\/09\/CHIELLi01-1536x1156.jpg 1536w, https:\/\/noticiasmercedinas.com\/site\/wp-content\/uploads\/2025\/09\/CHIELLi01-80x60.jpg 80w, https:\/\/noticiasmercedinas.com\/site\/wp-content\/uploads\/2025\/09\/CHIELLi01-160x120.jpg 160w, https:\/\/noticiasmercedinas.com\/site\/wp-content\/uploads\/2025\/09\/CHIELLi01-100x75.jpg 100w, https:\/\/noticiasmercedinas.com\/site\/wp-content\/uploads\/2025\/09\/CHIELLi01-200x150.jpg 200w, https:\/\/noticiasmercedinas.com\/site\/wp-content\/uploads\/2025\/09\/CHIELLi01-180x135.jpg 180w, https:\/\/noticiasmercedinas.com\/site\/wp-content\/uploads\/2025\/09\/CHIELLi01-360x270.jpg 360w, https:\/\/noticiasmercedinas.com\/site\/wp-content\/uploads\/2025\/09\/CHIELLi01-238x178.jpg 238w, https:\/\/noticiasmercedinas.com\/site\/wp-content\/uploads\/2025\/09\/CHIELLi01-640x482.jpg 640w, https:\/\/noticiasmercedinas.com\/site\/wp-content\/uploads\/2025\/09\/CHIELLi01-1280x963.jpg 1280w, https:\/\/noticiasmercedinas.com\/site\/wp-content\/uploads\/2025\/09\/CHIELLi01-681x512.jpg 681w, https:\/\/noticiasmercedinas.com\/site\/wp-content\/uploads\/2025\/09\/CHIELLi01-1362x1025.jpg 1362w\" sizes=\"auto, (max-width: 1600px) 100vw, 1600px\" \/><\/p>\n<p><b>Por \u00e9l y su actividad, el abogado Juanjo Accqua &#8212;<\/b>quiz\u00e1 en el af\u00e1n de retratar un lugar y encontrarle una m\u00edstica coherente y merecida<b>&#8212; acun\u00f3 la definici\u00f3n \u00abCentro Cultural Chielli\u00bb<\/b> para su espacio.<\/p>\n<p>Es que en el coraz\u00f3n de la ciudad, en la Plaza San Mart\u00edn, existe un lugar que es mucho m\u00e1s que un simple kiosco de diarios. <b>Jorge Chieli<\/b>, a sus 66 a\u00f1os, ha convertido su puesto en una verdadera instituci\u00f3n local, un punto de encuentro que, como brome\u00f3 en una ocasi\u00f3n Accqua pero dio en la tecla, es el \u00abCentro Cultural Chieli\u00bb. Con <b>43 a\u00f1os de actividad<\/b>, su kiosco \u00abLa Plaza\u00bb ha sido reconocido por el Honorable Concejo Deliberante (HCD) durante la gesti\u00f3n de Evangelina Cabral hace tres a\u00f1os.<\/p>\n<p><img loading=\"lazy\" decoding=\"async\" class=\"alignnone size-full wp-image-169967\" src=\"https:\/\/noticiasmercedinas.com\/site\/wp-content\/uploads\/2025\/09\/CHIELLi03-e1758379929613.jpg\" alt=\"\" width=\"1600\" height=\"1120\" srcset=\"https:\/\/noticiasmercedinas.com\/site\/wp-content\/uploads\/2025\/09\/CHIELLi03-e1758379929613.jpg 1600w, https:\/\/noticiasmercedinas.com\/site\/wp-content\/uploads\/2025\/09\/CHIELLi03-e1758379929613-300x210.jpg 300w, https:\/\/noticiasmercedinas.com\/site\/wp-content\/uploads\/2025\/09\/CHIELLi03-e1758379929613-1024x717.jpg 1024w, https:\/\/noticiasmercedinas.com\/site\/wp-content\/uploads\/2025\/09\/CHIELLi03-e1758379929613-768x538.jpg 768w, https:\/\/noticiasmercedinas.com\/site\/wp-content\/uploads\/2025\/09\/CHIELLi03-e1758379929613-1536x1075.jpg 1536w, https:\/\/noticiasmercedinas.com\/site\/wp-content\/uploads\/2025\/09\/CHIELLi03-e1758379929613-640x448.jpg 640w, https:\/\/noticiasmercedinas.com\/site\/wp-content\/uploads\/2025\/09\/CHIELLi03-e1758379929613-1280x896.jpg 1280w, https:\/\/noticiasmercedinas.com\/site\/wp-content\/uploads\/2025\/09\/CHIELLi03-e1758379929613-681x477.jpg 681w, https:\/\/noticiasmercedinas.com\/site\/wp-content\/uploads\/2025\/09\/CHIELLi03-e1758379929613-1362x953.jpg 1362w\" sizes=\"auto, (max-width: 1600px) 100vw, 1600px\" \/><\/p>\n<p>Desde 1982, y cuando la dictadura a\u00fan estaba en el pa\u00eds como gobierno, Jorge ha visto cambiar la fisonom\u00eda de la plaza central de la ciudad. En un rubro que se ha transformado dr\u00e1sticamente, \u00e9l se mantiene firme. \u00abLas colecciones es lo que m\u00e1s nos est\u00e1 defendiendo\u00bb, confiesa, mientras la venta de diarios de papel disminuye.<\/p>\n<p>Sin embargo, destaca la persistencia de los lectores que, a diferencia de las nuevas generaciones, siguen prefiriendo el contacto f\u00edsico con el papel. \u00abYo sigo sosteniendo que un libro, un diario, una revista, no es lo mismo tenerla presente que verla por un celular\u00bb, afirma, coincidiendo con la visi\u00f3n de reconocidos escritores y editores como Hern\u00e1n Casciari.<\/p>\n<p><img loading=\"lazy\" decoding=\"async\" class=\"alignnone size-full wp-image-169970\" src=\"https:\/\/noticiasmercedinas.com\/site\/wp-content\/uploads\/2025\/09\/ESCENA1.jpg\" alt=\"\" width=\"640\" height=\"348\" srcset=\"https:\/\/noticiasmercedinas.com\/site\/wp-content\/uploads\/2025\/09\/ESCENA1.jpg 640w, https:\/\/noticiasmercedinas.com\/site\/wp-content\/uploads\/2025\/09\/ESCENA1-300x163.jpg 300w\" sizes=\"auto, (max-width: 640px) 100vw, 640px\" \/><\/p>\n<h4>Un actor de cine y encuentros inesperados<\/h4>\n<p>La ubicaci\u00f3n privilegiada de su kiosco, frente a la Iglesia Catedral y el Teatro Argentino, lo ha convertido en un punto de referencia para artistas, pol\u00edticos y personalidades. Una de sus an\u00e9cdotas m\u00e1s incre\u00edbles es su participaci\u00f3n <a href=\"http:\/\/ok.ru\/video\/8433434364658\">en la pel\u00edcula <b>\u00abEl Campo\u00bb<\/b>, protagonizada por <b>Leonardo Sbaraglia<\/b> y <b>Dolores Fonzi<\/b><\/a>. \u00abEl director se antoj\u00f3 de hacer una escena en su kiosco\u00bb, le dijeron un d\u00eda, y en cuesti\u00f3n de minutos, su puesto se transform\u00f3 en un set de filmaci\u00f3n. Jorge, emocionado, tuvo un breve papel en la pel\u00edcula, entreg\u00e1ndole una revista a Fonzi.<\/p>\n<p>Pero el momento que m\u00e1s lo marc\u00f3, por su devoci\u00f3n de fan\u00e1tico, fue el encuentro con su \u00eddolo, <b>Diego Armando Maradona<\/b>. \u00abNo sab\u00e9s lo que fue la entrada, se rompieron vidrios por la cantidad de gente que quer\u00eda tocarlo\u00bb, recuerda sobre la visita de Diego a la C\u00e1mara de Apelaciones. \u00abMe llev\u00f3 un empleado de la C\u00e1mara y te lo juro que no me sal\u00eda palabra, me temblaba todo, estaba frente a \u00e9l\u00bb. Adem\u00e1s de Diego recuerda Chielli estaban ah\u00ed sus m\u00e1ximos afectos de entonces, su esposa Claudia y sus pap\u00e1s, don Diego y Do\u00f1a Tota.<\/p>\n<p><img loading=\"lazy\" decoding=\"async\" class=\"alignnone size-full wp-image-169968\" src=\"https:\/\/noticiasmercedinas.com\/site\/wp-content\/uploads\/2025\/09\/CHIELLi02-e1758380130399.jpg\" alt=\"\" width=\"1600\" height=\"563\" srcset=\"https:\/\/noticiasmercedinas.com\/site\/wp-content\/uploads\/2025\/09\/CHIELLi02-e1758380130399.jpg 1600w, https:\/\/noticiasmercedinas.com\/site\/wp-content\/uploads\/2025\/09\/CHIELLi02-e1758380130399-300x106.jpg 300w, https:\/\/noticiasmercedinas.com\/site\/wp-content\/uploads\/2025\/09\/CHIELLi02-e1758380130399-1024x360.jpg 1024w, https:\/\/noticiasmercedinas.com\/site\/wp-content\/uploads\/2025\/09\/CHIELLi02-e1758380130399-768x270.jpg 768w, https:\/\/noticiasmercedinas.com\/site\/wp-content\/uploads\/2025\/09\/CHIELLi02-e1758380130399-1536x540.jpg 1536w, https:\/\/noticiasmercedinas.com\/site\/wp-content\/uploads\/2025\/09\/CHIELLi02-e1758380130399-640x225.jpg 640w, https:\/\/noticiasmercedinas.com\/site\/wp-content\/uploads\/2025\/09\/CHIELLi02-e1758380130399-1280x450.jpg 1280w, https:\/\/noticiasmercedinas.com\/site\/wp-content\/uploads\/2025\/09\/CHIELLi02-e1758380130399-681x240.jpg 681w, https:\/\/noticiasmercedinas.com\/site\/wp-content\/uploads\/2025\/09\/CHIELLi02-e1758380130399-1362x479.jpg 1362w\" sizes=\"auto, (max-width: 1600px) 100vw, 1600px\" \/><\/p>\n<h4>Los desaf\u00edos de una vida en la plaza<\/h4>\n<p>Jorge no solo ha sido testigo de momentos de gloria y celebridad, sino tambi\u00e9n de los hechos m\u00e1s oscuros de la historia reciente de la ciudad, como los saqueos de 2001. \u00abEmpezaron los saqueos, con gases lacrim\u00f3genos\u2026 ac\u00e1 en Mercedes\u00bb, relata, recordando la angustia de ese momento, que lo vivi\u00f3 con temor e incertidumbre junto a su esposa en el escenario de los hechos. Tambi\u00e9n rememora la toma de la alcald\u00eda por tres presos en la d\u00e9cada del &#8217;80, un revuelo que dur\u00f3 tres d\u00edas en la plaza central junto a los Tribunales.<\/p>\n<blockquote><p>Su puesto, que estuvo a punto de desaparecer por una orden judicial, cuando estaba en la vereda de enfrente a donde ahora se ubica, en dependencias del Juzgado, fue salvado por la intervenci\u00f3n del entonces intendente Carlos Selva<\/p><\/blockquote>\n<p>A pesar de los desaf\u00edos del pasado y superados, su gratitud es inmensa. Jorge valora la amistad con sus clientes, muchos de ellos de toda la vida, y se emociona al recordar a aquellos que ya no est\u00e1n, como el c\u00e9lebre Roberto Lorusso. Su puesto, <a href=\"https:\/\/noticiasmercedinas.com\/060803kiosco.htm\">que estuvo a punto de desaparecer por una orden judicial<\/a>, cuando estaba en la vereda de enfrente a donde ahora se ubica, en dependencias del Juzgado, fue salvado por la intervenci\u00f3n del entonces intendente <b>Carlos Selva<\/b>, a quien le guarda un gran cari\u00f1o. \u00abMe hizo todo para ayudarme a mudarme ac\u00e1 e incluso lo refrend\u00f3 por decreto\u00bb, cuenta, valorando la visi\u00f3n de haber permitido que su kiosco se mantuviera sin mayores problemas hasta la actualidad.<\/p>\n<p>Hoy, Jorge Chielli sigue siendo uno de los pocos guardianes de los kioscos tradicionales de papel que quedan en Mercedes, un lugar donde, como dice, \u00abla diversidad es mucha\u00bb y las historias se cuentan, se leen y se viven.<\/p>\n<p>Quienes deseen encargarle alg\u00fan pedido, pueden comunicarse al <b>2324-502003<\/b>. Su espacio es tan emblem\u00e1tico que ha sido retratado en una pintura de <strong>Jorge<\/strong> <b>Swinnen<\/b>, capturando para la posteridad a este hombre que es parte fundamental del paisaje y el alma de Mercedes.<\/p>\n<p><img loading=\"lazy\" decoding=\"async\" class=\"alignnone size-full wp-image-169971\" src=\"https:\/\/noticiasmercedinas.com\/site\/wp-content\/uploads\/2025\/09\/slide01.jpg\" alt=\"\" width=\"640\" height=\"440\" srcset=\"https:\/\/noticiasmercedinas.com\/site\/wp-content\/uploads\/2025\/09\/slide01.jpg 640w, https:\/\/noticiasmercedinas.com\/site\/wp-content\/uploads\/2025\/09\/slide01-300x206.jpg 300w\" sizes=\"auto, (max-width: 640px) 100vw, 640px\" \/><\/p>\n<h3>\u00abEl d\u00eda que Lorusso fue a la AFA\u00bb<\/h3>\n<p>\u00abRoberto ven\u00eda todos los d\u00edas, era mi amigo. Te voy a contar una an\u00e9cdota hermosa que me pas\u00f3 con \u00e9l. Corr\u00edan los `80, a\u00f1o 85, y quer\u00edamos ir a ver el \u00faltimo partido de la eliminatoria para el Mundial, contra Per\u00fa. Hab\u00eda pocas entradas y la cola se hac\u00eda desde la noche anterior en la sede de la AFA. Justo en ese momento, Roberto la estaba pasando mal, porque le hab\u00edan parado una rifa, que era su sustento. A mi se\u00f1ora se le ocurri\u00f3 prepararle una vianda, y entre los dos le dimos la plata para las entradas y para que se manejara\u00bb, recuerda Chielli citando al famoso \u00edcono local.<\/p>\n<p>\u00abEl tipo se fue, y la verdad, confiamos en \u00e9l a ojos cerrados. Pasaron las horas y despu\u00e9s nos enteramos, por otras personas de Mercedes que tambi\u00e9n estaban en la cola, que Roberto se llev\u00f3 la pelota, el bombo y el silbato, y se puso a entretener a toda la gente. Hizo una fiesta, \u00a1y \u00e9l necesitaba ir a conseguir las entradas para nosotros!\u00bb, agrega y explica que al final consigui\u00f3 las entradas, pero no fue con ellos al partido de la Selecci\u00f3n.<\/p>\n<p><img loading=\"lazy\" decoding=\"async\" class=\"alignnone size-full wp-image-169965\" src=\"https:\/\/noticiasmercedinas.com\/site\/wp-content\/uploads\/2025\/09\/CHIELLi05.jpg\" alt=\"\" width=\"1600\" height=\"1204\" srcset=\"https:\/\/noticiasmercedinas.com\/site\/wp-content\/uploads\/2025\/09\/CHIELLi05.jpg 1600w, https:\/\/noticiasmercedinas.com\/site\/wp-content\/uploads\/2025\/09\/CHIELLi05-300x226.jpg 300w, https:\/\/noticiasmercedinas.com\/site\/wp-content\/uploads\/2025\/09\/CHIELLi05-1024x771.jpg 1024w, https:\/\/noticiasmercedinas.com\/site\/wp-content\/uploads\/2025\/09\/CHIELLi05-768x578.jpg 768w, https:\/\/noticiasmercedinas.com\/site\/wp-content\/uploads\/2025\/09\/CHIELLi05-1536x1156.jpg 1536w, https:\/\/noticiasmercedinas.com\/site\/wp-content\/uploads\/2025\/09\/CHIELLi05-80x60.jpg 80w, https:\/\/noticiasmercedinas.com\/site\/wp-content\/uploads\/2025\/09\/CHIELLi05-160x120.jpg 160w, https:\/\/noticiasmercedinas.com\/site\/wp-content\/uploads\/2025\/09\/CHIELLi05-100x75.jpg 100w, https:\/\/noticiasmercedinas.com\/site\/wp-content\/uploads\/2025\/09\/CHIELLi05-200x150.jpg 200w, https:\/\/noticiasmercedinas.com\/site\/wp-content\/uploads\/2025\/09\/CHIELLi05-180x135.jpg 180w, https:\/\/noticiasmercedinas.com\/site\/wp-content\/uploads\/2025\/09\/CHIELLi05-360x270.jpg 360w, https:\/\/noticiasmercedinas.com\/site\/wp-content\/uploads\/2025\/09\/CHIELLi05-238x178.jpg 238w, https:\/\/noticiasmercedinas.com\/site\/wp-content\/uploads\/2025\/09\/CHIELLi05-640x482.jpg 640w, https:\/\/noticiasmercedinas.com\/site\/wp-content\/uploads\/2025\/09\/CHIELLi05-1280x963.jpg 1280w, https:\/\/noticiasmercedinas.com\/site\/wp-content\/uploads\/2025\/09\/CHIELLi05-681x512.jpg 681w, https:\/\/noticiasmercedinas.com\/site\/wp-content\/uploads\/2025\/09\/CHIELLi05-1362x1025.jpg 1362w\" sizes=\"auto, (max-width: 1600px) 100vw, 1600px\" \/><\/p>\n<p>&nbsp;<\/p>\n","protected":false},"excerpt":{"rendered":"<p>A sus 66 a\u00f1os, con 43 al frente de su hist\u00f3rico kiosco, es m\u00e1s que un vendedor de diarios; es un testigo de la historia de Mercedes. Desde ser actor de cine junto a Leonardo Sbaraglia hasta ver los momentos m\u00e1s oscuros de la ciudad, su puesto es un espacio donde la gente se encuentra, la historia se revive y las an\u00e9cdotas nunca se acaban.<\/p>\n","protected":false},"author":2,"featured_media":169969,"comment_status":"closed","ping_status":"closed","sticky":false,"template":"","format":"standard","meta":{"footnotes":""},"categories":[9,20734],"tags":[20899,20900],"class_list":["post-169963","post","type-post","status-publish","format-standard","has-post-thumbnail","hentry","category-entrevistas","category-ultimo-momento","tag-jorge-chielli","tag-kiosco-la-plaza"],"yoast_head":"<!-- This site is optimized with the Yoast SEO plugin v27.4 - https:\/\/yoast.com\/product\/yoast-seo-wordpress\/ -->\n<title>Jorge Chielli, el guardi\u00e1n de la cultura en el kiosco de la Plaza San Mart\u00edn<\/title>\n<meta name=\"description\" content=\"A sus 66 a\u00f1os, con 43 al frente de su hist\u00f3rico kiosco, es m\u00e1s que un vendedor de diarios; es un testigo de la historia de Mercedes. Desde ser actor de cine junto a Leonardo Sbaraglia hasta ver los momentos m\u00e1s oscuros de la ciudad, su puesto es un espacio donde la gente se encuentra, la historia se revive y las an\u00e9cdotas nunca se acaban.\" \/>\n<meta name=\"robots\" content=\"index, follow, max-snippet:-1, max-image-preview:large, max-video-preview:-1\" \/>\n<link rel=\"canonical\" href=\"https:\/\/noticiasmercedinas.com\/site\/2025\/09\/20\/jorge-chielli-el-guardian-de-la-cultura-en-el-kiosco-de-la-plaza-san-martin\/\" \/>\n<meta property=\"og:locale\" content=\"es_ES\" \/>\n<meta property=\"og:type\" content=\"article\" \/>\n<meta property=\"og:title\" content=\"Jorge Chielli, el guardi\u00e1n de la cultura en el kiosco de la Plaza San Mart\u00edn\" \/>\n<meta property=\"og:description\" content=\"A sus 66 a\u00f1os, con 43 al frente de su hist\u00f3rico kiosco, es m\u00e1s que un vendedor de diarios; es un testigo de la historia de Mercedes. Desde ser actor de cine junto a Leonardo Sbaraglia hasta ver los momentos m\u00e1s oscuros de la ciudad, su puesto es un espacio donde la gente se encuentra, la historia se revive y las an\u00e9cdotas nunca se acaban.\" \/>\n<meta property=\"og:url\" content=\"https:\/\/noticiasmercedinas.com\/site\/2025\/09\/20\/jorge-chielli-el-guardian-de-la-cultura-en-el-kiosco-de-la-plaza-san-martin\/\" \/>\n<meta property=\"og:site_name\" content=\"NOTICIASMERCEDINAS.COM\" \/>\n<meta property=\"article:publisher\" content=\"https:\/\/www.facebook.com\/noticiasmercedinas\/\" \/>\n<meta property=\"article:author\" content=\"https:\/\/www.facebook.com\/cristian.falabella\" \/>\n<meta property=\"article:published_time\" content=\"2025-09-20T15:06:55+00:00\" \/>\n<meta property=\"article:modified_time\" content=\"2025-09-20T15:09:44+00:00\" \/>\n<meta property=\"og:image\" content=\"https:\/\/noticiasmercedinas.com\/site\/wp-content\/uploads\/2025\/09\/CHIELLi01.jpg\" \/>\n\t<meta property=\"og:image:width\" content=\"1600\" \/>\n\t<meta property=\"og:image:height\" content=\"1204\" \/>\n\t<meta property=\"og:image:type\" content=\"image\/jpeg\" \/>\n<meta name=\"author\" content=\"Cristian Falabella NOTICIASMERCEDINAS.COM\" \/>\n<meta name=\"twitter:card\" content=\"summary_large_image\" \/>\n<meta name=\"twitter:creator\" content=\"@https:\/\/twitter.com\/NOTMERCEDINAS\" \/>\n<meta name=\"twitter:site\" content=\"@notmercedinas\" \/>\n<meta name=\"twitter:label1\" content=\"Escrito por\" \/>\n\t<meta name=\"twitter:data1\" content=\"Cristian Falabella NOTICIASMERCEDINAS.COM\" \/>\n\t<meta name=\"twitter:label2\" content=\"Tiempo de lectura\" \/>\n\t<meta name=\"twitter:data2\" content=\"6 minutos\" \/>\n<script type=\"application\/ld+json\" class=\"yoast-schema-graph\">{\"@context\":\"https:\\\/\\\/schema.org\",\"@graph\":[{\"@type\":\"Article\",\"@id\":\"https:\\\/\\\/noticiasmercedinas.com\\\/site\\\/2025\\\/09\\\/20\\\/jorge-chielli-el-guardian-de-la-cultura-en-el-kiosco-de-la-plaza-san-martin\\\/#article\",\"isPartOf\":{\"@id\":\"https:\\\/\\\/noticiasmercedinas.com\\\/site\\\/2025\\\/09\\\/20\\\/jorge-chielli-el-guardian-de-la-cultura-en-el-kiosco-de-la-plaza-san-martin\\\/\"},\"author\":{\"name\":\"Cristian Falabella NOTICIASMERCEDINAS.COM\",\"@id\":\"https:\\\/\\\/noticiasmercedinas.com\\\/site\\\/#\\\/schema\\\/person\\\/d481a9696a5feaec13a60e2bbd991a6a\"},\"headline\":\"Jorge Chielli, el guardi\u00e1n de la cultura en el kiosco de la Plaza San Mart\u00edn\",\"datePublished\":\"2025-09-20T15:06:55+00:00\",\"dateModified\":\"2025-09-20T15:09:44+00:00\",\"mainEntityOfPage\":{\"@id\":\"https:\\\/\\\/noticiasmercedinas.com\\\/site\\\/2025\\\/09\\\/20\\\/jorge-chielli-el-guardian-de-la-cultura-en-el-kiosco-de-la-plaza-san-martin\\\/\"},\"wordCount\":1057,\"publisher\":{\"@id\":\"https:\\\/\\\/noticiasmercedinas.com\\\/site\\\/#organization\"},\"image\":{\"@id\":\"https:\\\/\\\/noticiasmercedinas.com\\\/site\\\/2025\\\/09\\\/20\\\/jorge-chielli-el-guardian-de-la-cultura-en-el-kiosco-de-la-plaza-san-martin\\\/#primaryimage\"},\"thumbnailUrl\":\"https:\\\/\\\/noticiasmercedinas.com\\\/site\\\/wp-content\\\/uploads\\\/2025\\\/09\\\/CHIELLi01.jpg\",\"keywords\":[\"jorge chielli\",\"kiosco la plaza\"],\"articleSection\":[\"Entrevistas\",\"Ultimo momento\"],\"inLanguage\":\"es\"},{\"@type\":\"WebPage\",\"@id\":\"https:\\\/\\\/noticiasmercedinas.com\\\/site\\\/2025\\\/09\\\/20\\\/jorge-chielli-el-guardian-de-la-cultura-en-el-kiosco-de-la-plaza-san-martin\\\/\",\"url\":\"https:\\\/\\\/noticiasmercedinas.com\\\/site\\\/2025\\\/09\\\/20\\\/jorge-chielli-el-guardian-de-la-cultura-en-el-kiosco-de-la-plaza-san-martin\\\/\",\"name\":\"Jorge Chielli, el guardi\u00e1n de la cultura en el kiosco de la Plaza San Mart\u00edn\",\"isPartOf\":{\"@id\":\"https:\\\/\\\/noticiasmercedinas.com\\\/site\\\/#website\"},\"primaryImageOfPage\":{\"@id\":\"https:\\\/\\\/noticiasmercedinas.com\\\/site\\\/2025\\\/09\\\/20\\\/jorge-chielli-el-guardian-de-la-cultura-en-el-kiosco-de-la-plaza-san-martin\\\/#primaryimage\"},\"image\":{\"@id\":\"https:\\\/\\\/noticiasmercedinas.com\\\/site\\\/2025\\\/09\\\/20\\\/jorge-chielli-el-guardian-de-la-cultura-en-el-kiosco-de-la-plaza-san-martin\\\/#primaryimage\"},\"thumbnailUrl\":\"https:\\\/\\\/noticiasmercedinas.com\\\/site\\\/wp-content\\\/uploads\\\/2025\\\/09\\\/CHIELLi01.jpg\",\"datePublished\":\"2025-09-20T15:06:55+00:00\",\"dateModified\":\"2025-09-20T15:09:44+00:00\",\"description\":\"A sus 66 a\u00f1os, con 43 al frente de su hist\u00f3rico kiosco, es m\u00e1s que un vendedor de diarios; es un testigo de la historia de Mercedes. Desde ser actor de cine junto a Leonardo Sbaraglia hasta ver los momentos m\u00e1s oscuros de la ciudad, su puesto es un espacio donde la gente se encuentra, la historia se revive y las an\u00e9cdotas nunca se acaban.\",\"breadcrumb\":{\"@id\":\"https:\\\/\\\/noticiasmercedinas.com\\\/site\\\/2025\\\/09\\\/20\\\/jorge-chielli-el-guardian-de-la-cultura-en-el-kiosco-de-la-plaza-san-martin\\\/#breadcrumb\"},\"inLanguage\":\"es\",\"potentialAction\":[{\"@type\":\"ReadAction\",\"target\":[\"https:\\\/\\\/noticiasmercedinas.com\\\/site\\\/2025\\\/09\\\/20\\\/jorge-chielli-el-guardian-de-la-cultura-en-el-kiosco-de-la-plaza-san-martin\\\/\"]}]},{\"@type\":\"ImageObject\",\"inLanguage\":\"es\",\"@id\":\"https:\\\/\\\/noticiasmercedinas.com\\\/site\\\/2025\\\/09\\\/20\\\/jorge-chielli-el-guardian-de-la-cultura-en-el-kiosco-de-la-plaza-san-martin\\\/#primaryimage\",\"url\":\"https:\\\/\\\/noticiasmercedinas.com\\\/site\\\/wp-content\\\/uploads\\\/2025\\\/09\\\/CHIELLi01.jpg\",\"contentUrl\":\"https:\\\/\\\/noticiasmercedinas.com\\\/site\\\/wp-content\\\/uploads\\\/2025\\\/09\\\/CHIELLi01.jpg\",\"width\":1600,\"height\":1204},{\"@type\":\"BreadcrumbList\",\"@id\":\"https:\\\/\\\/noticiasmercedinas.com\\\/site\\\/2025\\\/09\\\/20\\\/jorge-chielli-el-guardian-de-la-cultura-en-el-kiosco-de-la-plaza-san-martin\\\/#breadcrumb\",\"itemListElement\":[{\"@type\":\"ListItem\",\"position\":1,\"name\":\"Portada\",\"item\":\"https:\\\/\\\/noticiasmercedinas.com\\\/site\\\/\"},{\"@type\":\"ListItem\",\"position\":2,\"name\":\"Jorge Chielli, el guardi\u00e1n de la cultura en el kiosco de la Plaza San Mart\u00edn\"}]},{\"@type\":\"WebSite\",\"@id\":\"https:\\\/\\\/noticiasmercedinas.com\\\/site\\\/#website\",\"url\":\"https:\\\/\\\/noticiasmercedinas.com\\\/site\\\/\",\"name\":\"NOTICIASMERCEDINAS.COM\",\"description\":\"Mercedes, Buenos Aires, Argentina\",\"publisher\":{\"@id\":\"https:\\\/\\\/noticiasmercedinas.com\\\/site\\\/#organization\"},\"potentialAction\":[{\"@type\":\"SearchAction\",\"target\":{\"@type\":\"EntryPoint\",\"urlTemplate\":\"https:\\\/\\\/noticiasmercedinas.com\\\/site\\\/?s={search_term_string}\"},\"query-input\":{\"@type\":\"PropertyValueSpecification\",\"valueRequired\":true,\"valueName\":\"search_term_string\"}}],\"inLanguage\":\"es\"},{\"@type\":\"Organization\",\"@id\":\"https:\\\/\\\/noticiasmercedinas.com\\\/site\\\/#organization\",\"name\":\"NOTICIASMERCEDINAS.COM\",\"url\":\"https:\\\/\\\/noticiasmercedinas.com\\\/site\\\/\",\"logo\":{\"@type\":\"ImageObject\",\"inLanguage\":\"es\",\"@id\":\"https:\\\/\\\/noticiasmercedinas.com\\\/site\\\/#\\\/schema\\\/logo\\\/image\\\/\",\"url\":\"https:\\\/\\\/noticiasmercedinas.com\\\/site\\\/wp-content\\\/uploads\\\/2020\\\/06\\\/LOGO-512.jpg\",\"contentUrl\":\"https:\\\/\\\/noticiasmercedinas.com\\\/site\\\/wp-content\\\/uploads\\\/2020\\\/06\\\/LOGO-512.jpg\",\"width\":512,\"height\":512,\"caption\":\"NOTICIASMERCEDINAS.COM\"},\"image\":{\"@id\":\"https:\\\/\\\/noticiasmercedinas.com\\\/site\\\/#\\\/schema\\\/logo\\\/image\\\/\"},\"sameAs\":[\"https:\\\/\\\/www.facebook.com\\\/noticiasmercedinas\\\/\",\"https:\\\/\\\/x.com\\\/notmercedinas\",\"https:\\\/\\\/www.instagram.com\\\/noticiasmercedinas\\\/\"]},{\"@type\":\"Person\",\"@id\":\"https:\\\/\\\/noticiasmercedinas.com\\\/site\\\/#\\\/schema\\\/person\\\/d481a9696a5feaec13a60e2bbd991a6a\",\"name\":\"Cristian Falabella NOTICIASMERCEDINAS.COM\",\"image\":{\"@type\":\"ImageObject\",\"inLanguage\":\"es\",\"@id\":\"https:\\\/\\\/secure.gravatar.com\\\/avatar\\\/0dbbfc45970cc46bcd0e57766228574ff3511d6eed045b182f536f0f478c1f06?s=96&d=mm&r=g\",\"url\":\"https:\\\/\\\/secure.gravatar.com\\\/avatar\\\/0dbbfc45970cc46bcd0e57766228574ff3511d6eed045b182f536f0f478c1f06?s=96&d=mm&r=g\",\"contentUrl\":\"https:\\\/\\\/secure.gravatar.com\\\/avatar\\\/0dbbfc45970cc46bcd0e57766228574ff3511d6eed045b182f536f0f478c1f06?s=96&d=mm&r=g\",\"caption\":\"Cristian Falabella NOTICIASMERCEDINAS.COM\"},\"description\":\"Periodista, editor de Noticias Mercedinas. Pas\u00f3 por varias redacciones y emprendimientos de prensa, en distintos formatos y \u00e9pocas. Se especializ\u00f3 --y sigue haci\u00e9ndolo-- en comunicaci\u00f3n en la web y en junio de 2006 fund\u00f3 este diario digital.\",\"sameAs\":[\"https:\\\/\\\/noticiasmercedinas.com\",\"https:\\\/\\\/www.facebook.com\\\/cristian.falabella\",\"https:\\\/\\\/www.instagram.com\\\/noticiasmercedinas\\\/\",\"https:\\\/\\\/x.com\\\/https:\\\/\\\/twitter.com\\\/NOTMERCEDINAS\"],\"url\":\"https:\\\/\\\/noticiasmercedinas.com\\\/site\\\/author\\\/as000384\\\/\"}]}<\/script>\n<!-- \/ Yoast SEO plugin. -->","yoast_head_json":{"title":"Jorge Chielli, el guardi\u00e1n de la cultura en el kiosco de la Plaza San Mart\u00edn","description":"A sus 66 a\u00f1os, con 43 al frente de su hist\u00f3rico kiosco, es m\u00e1s que un vendedor de diarios; es un testigo de la historia de Mercedes. Desde ser actor de cine junto a Leonardo Sbaraglia hasta ver los momentos m\u00e1s oscuros de la ciudad, su puesto es un espacio donde la gente se encuentra, la historia se revive y las an\u00e9cdotas nunca se acaban.","robots":{"index":"index","follow":"follow","max-snippet":"max-snippet:-1","max-image-preview":"max-image-preview:large","max-video-preview":"max-video-preview:-1"},"canonical":"https:\/\/noticiasmercedinas.com\/site\/2025\/09\/20\/jorge-chielli-el-guardian-de-la-cultura-en-el-kiosco-de-la-plaza-san-martin\/","og_locale":"es_ES","og_type":"article","og_title":"Jorge Chielli, el guardi\u00e1n de la cultura en el kiosco de la Plaza San Mart\u00edn","og_description":"A sus 66 a\u00f1os, con 43 al frente de su hist\u00f3rico kiosco, es m\u00e1s que un vendedor de diarios; es un testigo de la historia de Mercedes. Desde ser actor de cine junto a Leonardo Sbaraglia hasta ver los momentos m\u00e1s oscuros de la ciudad, su puesto es un espacio donde la gente se encuentra, la historia se revive y las an\u00e9cdotas nunca se acaban.","og_url":"https:\/\/noticiasmercedinas.com\/site\/2025\/09\/20\/jorge-chielli-el-guardian-de-la-cultura-en-el-kiosco-de-la-plaza-san-martin\/","og_site_name":"NOTICIASMERCEDINAS.COM","article_publisher":"https:\/\/www.facebook.com\/noticiasmercedinas\/","article_author":"https:\/\/www.facebook.com\/cristian.falabella","article_published_time":"2025-09-20T15:06:55+00:00","article_modified_time":"2025-09-20T15:09:44+00:00","og_image":[{"width":1600,"height":1204,"url":"https:\/\/noticiasmercedinas.com\/site\/wp-content\/uploads\/2025\/09\/CHIELLi01.jpg","type":"image\/jpeg"}],"author":"Cristian Falabella NOTICIASMERCEDINAS.COM","twitter_card":"summary_large_image","twitter_creator":"@https:\/\/twitter.com\/NOTMERCEDINAS","twitter_site":"@notmercedinas","twitter_misc":{"Escrito por":"Cristian Falabella NOTICIASMERCEDINAS.COM","Tiempo de lectura":"6 minutos"},"schema":{"@context":"https:\/\/schema.org","@graph":[{"@type":"Article","@id":"https:\/\/noticiasmercedinas.com\/site\/2025\/09\/20\/jorge-chielli-el-guardian-de-la-cultura-en-el-kiosco-de-la-plaza-san-martin\/#article","isPartOf":{"@id":"https:\/\/noticiasmercedinas.com\/site\/2025\/09\/20\/jorge-chielli-el-guardian-de-la-cultura-en-el-kiosco-de-la-plaza-san-martin\/"},"author":{"name":"Cristian Falabella NOTICIASMERCEDINAS.COM","@id":"https:\/\/noticiasmercedinas.com\/site\/#\/schema\/person\/d481a9696a5feaec13a60e2bbd991a6a"},"headline":"Jorge Chielli, el guardi\u00e1n de la cultura en el kiosco de la Plaza San Mart\u00edn","datePublished":"2025-09-20T15:06:55+00:00","dateModified":"2025-09-20T15:09:44+00:00","mainEntityOfPage":{"@id":"https:\/\/noticiasmercedinas.com\/site\/2025\/09\/20\/jorge-chielli-el-guardian-de-la-cultura-en-el-kiosco-de-la-plaza-san-martin\/"},"wordCount":1057,"publisher":{"@id":"https:\/\/noticiasmercedinas.com\/site\/#organization"},"image":{"@id":"https:\/\/noticiasmercedinas.com\/site\/2025\/09\/20\/jorge-chielli-el-guardian-de-la-cultura-en-el-kiosco-de-la-plaza-san-martin\/#primaryimage"},"thumbnailUrl":"https:\/\/noticiasmercedinas.com\/site\/wp-content\/uploads\/2025\/09\/CHIELLi01.jpg","keywords":["jorge chielli","kiosco la plaza"],"articleSection":["Entrevistas","Ultimo momento"],"inLanguage":"es"},{"@type":"WebPage","@id":"https:\/\/noticiasmercedinas.com\/site\/2025\/09\/20\/jorge-chielli-el-guardian-de-la-cultura-en-el-kiosco-de-la-plaza-san-martin\/","url":"https:\/\/noticiasmercedinas.com\/site\/2025\/09\/20\/jorge-chielli-el-guardian-de-la-cultura-en-el-kiosco-de-la-plaza-san-martin\/","name":"Jorge Chielli, el guardi\u00e1n de la cultura en el kiosco de la Plaza San Mart\u00edn","isPartOf":{"@id":"https:\/\/noticiasmercedinas.com\/site\/#website"},"primaryImageOfPage":{"@id":"https:\/\/noticiasmercedinas.com\/site\/2025\/09\/20\/jorge-chielli-el-guardian-de-la-cultura-en-el-kiosco-de-la-plaza-san-martin\/#primaryimage"},"image":{"@id":"https:\/\/noticiasmercedinas.com\/site\/2025\/09\/20\/jorge-chielli-el-guardian-de-la-cultura-en-el-kiosco-de-la-plaza-san-martin\/#primaryimage"},"thumbnailUrl":"https:\/\/noticiasmercedinas.com\/site\/wp-content\/uploads\/2025\/09\/CHIELLi01.jpg","datePublished":"2025-09-20T15:06:55+00:00","dateModified":"2025-09-20T15:09:44+00:00","description":"A sus 66 a\u00f1os, con 43 al frente de su hist\u00f3rico kiosco, es m\u00e1s que un vendedor de diarios; es un testigo de la historia de Mercedes. Desde ser actor de cine junto a Leonardo Sbaraglia hasta ver los momentos m\u00e1s oscuros de la ciudad, su puesto es un espacio donde la gente se encuentra, la historia se revive y las an\u00e9cdotas nunca se acaban.","breadcrumb":{"@id":"https:\/\/noticiasmercedinas.com\/site\/2025\/09\/20\/jorge-chielli-el-guardian-de-la-cultura-en-el-kiosco-de-la-plaza-san-martin\/#breadcrumb"},"inLanguage":"es","potentialAction":[{"@type":"ReadAction","target":["https:\/\/noticiasmercedinas.com\/site\/2025\/09\/20\/jorge-chielli-el-guardian-de-la-cultura-en-el-kiosco-de-la-plaza-san-martin\/"]}]},{"@type":"ImageObject","inLanguage":"es","@id":"https:\/\/noticiasmercedinas.com\/site\/2025\/09\/20\/jorge-chielli-el-guardian-de-la-cultura-en-el-kiosco-de-la-plaza-san-martin\/#primaryimage","url":"https:\/\/noticiasmercedinas.com\/site\/wp-content\/uploads\/2025\/09\/CHIELLi01.jpg","contentUrl":"https:\/\/noticiasmercedinas.com\/site\/wp-content\/uploads\/2025\/09\/CHIELLi01.jpg","width":1600,"height":1204},{"@type":"BreadcrumbList","@id":"https:\/\/noticiasmercedinas.com\/site\/2025\/09\/20\/jorge-chielli-el-guardian-de-la-cultura-en-el-kiosco-de-la-plaza-san-martin\/#breadcrumb","itemListElement":[{"@type":"ListItem","position":1,"name":"Portada","item":"https:\/\/noticiasmercedinas.com\/site\/"},{"@type":"ListItem","position":2,"name":"Jorge Chielli, el guardi\u00e1n de la cultura en el kiosco de la Plaza San Mart\u00edn"}]},{"@type":"WebSite","@id":"https:\/\/noticiasmercedinas.com\/site\/#website","url":"https:\/\/noticiasmercedinas.com\/site\/","name":"NOTICIASMERCEDINAS.COM","description":"Mercedes, Buenos Aires, Argentina","publisher":{"@id":"https:\/\/noticiasmercedinas.com\/site\/#organization"},"potentialAction":[{"@type":"SearchAction","target":{"@type":"EntryPoint","urlTemplate":"https:\/\/noticiasmercedinas.com\/site\/?s={search_term_string}"},"query-input":{"@type":"PropertyValueSpecification","valueRequired":true,"valueName":"search_term_string"}}],"inLanguage":"es"},{"@type":"Organization","@id":"https:\/\/noticiasmercedinas.com\/site\/#organization","name":"NOTICIASMERCEDINAS.COM","url":"https:\/\/noticiasmercedinas.com\/site\/","logo":{"@type":"ImageObject","inLanguage":"es","@id":"https:\/\/noticiasmercedinas.com\/site\/#\/schema\/logo\/image\/","url":"https:\/\/noticiasmercedinas.com\/site\/wp-content\/uploads\/2020\/06\/LOGO-512.jpg","contentUrl":"https:\/\/noticiasmercedinas.com\/site\/wp-content\/uploads\/2020\/06\/LOGO-512.jpg","width":512,"height":512,"caption":"NOTICIASMERCEDINAS.COM"},"image":{"@id":"https:\/\/noticiasmercedinas.com\/site\/#\/schema\/logo\/image\/"},"sameAs":["https:\/\/www.facebook.com\/noticiasmercedinas\/","https:\/\/x.com\/notmercedinas","https:\/\/www.instagram.com\/noticiasmercedinas\/"]},{"@type":"Person","@id":"https:\/\/noticiasmercedinas.com\/site\/#\/schema\/person\/d481a9696a5feaec13a60e2bbd991a6a","name":"Cristian Falabella NOTICIASMERCEDINAS.COM","image":{"@type":"ImageObject","inLanguage":"es","@id":"https:\/\/secure.gravatar.com\/avatar\/0dbbfc45970cc46bcd0e57766228574ff3511d6eed045b182f536f0f478c1f06?s=96&d=mm&r=g","url":"https:\/\/secure.gravatar.com\/avatar\/0dbbfc45970cc46bcd0e57766228574ff3511d6eed045b182f536f0f478c1f06?s=96&d=mm&r=g","contentUrl":"https:\/\/secure.gravatar.com\/avatar\/0dbbfc45970cc46bcd0e57766228574ff3511d6eed045b182f536f0f478c1f06?s=96&d=mm&r=g","caption":"Cristian Falabella NOTICIASMERCEDINAS.COM"},"description":"Periodista, editor de Noticias Mercedinas. Pas\u00f3 por varias redacciones y emprendimientos de prensa, en distintos formatos y \u00e9pocas. Se especializ\u00f3 --y sigue haci\u00e9ndolo-- en comunicaci\u00f3n en la web y en junio de 2006 fund\u00f3 este diario digital.","sameAs":["https:\/\/noticiasmercedinas.com","https:\/\/www.facebook.com\/cristian.falabella","https:\/\/www.instagram.com\/noticiasmercedinas\/","https:\/\/x.com\/https:\/\/twitter.com\/NOTMERCEDINAS"],"url":"https:\/\/noticiasmercedinas.com\/site\/author\/as000384\/"}]}},"amp_enabled":true,"_links":{"self":[{"href":"https:\/\/noticiasmercedinas.com\/site\/wp-json\/wp\/v2\/posts\/169963","targetHints":{"allow":["GET"]}}],"collection":[{"href":"https:\/\/noticiasmercedinas.com\/site\/wp-json\/wp\/v2\/posts"}],"about":[{"href":"https:\/\/noticiasmercedinas.com\/site\/wp-json\/wp\/v2\/types\/post"}],"author":[{"embeddable":true,"href":"https:\/\/noticiasmercedinas.com\/site\/wp-json\/wp\/v2\/users\/2"}],"replies":[{"embeddable":true,"href":"https:\/\/noticiasmercedinas.com\/site\/wp-json\/wp\/v2\/comments?post=169963"}],"version-history":[{"count":2,"href":"https:\/\/noticiasmercedinas.com\/site\/wp-json\/wp\/v2\/posts\/169963\/revisions"}],"predecessor-version":[{"id":169973,"href":"https:\/\/noticiasmercedinas.com\/site\/wp-json\/wp\/v2\/posts\/169963\/revisions\/169973"}],"wp:featuredmedia":[{"embeddable":true,"href":"https:\/\/noticiasmercedinas.com\/site\/wp-json\/wp\/v2\/media\/169969"}],"wp:attachment":[{"href":"https:\/\/noticiasmercedinas.com\/site\/wp-json\/wp\/v2\/media?parent=169963"}],"wp:term":[{"taxonomy":"category","embeddable":true,"href":"https:\/\/noticiasmercedinas.com\/site\/wp-json\/wp\/v2\/categories?post=169963"},{"taxonomy":"post_tag","embeddable":true,"href":"https:\/\/noticiasmercedinas.com\/site\/wp-json\/wp\/v2\/tags?post=169963"}],"curies":[{"name":"wp","href":"https:\/\/api.w.org\/{rel}","templated":true}]}}