{"id":170031,"date":"2025-09-21T12:17:21","date_gmt":"2025-09-21T15:17:21","guid":{"rendered":"https:\/\/noticiasmercedinas.com\/site\/?p=170031"},"modified":"2025-09-21T12:27:31","modified_gmt":"2025-09-21T15:27:31","slug":"las-pistolas-de-warhol-se-prepara-para-un-homenaje-mundial-a-heroes-del-silencio","status":"publish","type":"post","link":"https:\/\/noticiasmercedinas.com\/site\/2025\/09\/21\/las-pistolas-de-warhol-se-prepara-para-un-homenaje-mundial-a-heroes-del-silencio\/","title":{"rendered":"\u201cLas Pistolas de Warhol\u201d se prepara para un homenaje mundial a H\u00e9roes del Silencio"},"content":{"rendered":"<p><img loading=\"lazy\" decoding=\"async\" class=\"alignnone size-full wp-image-170032\" src=\"https:\/\/noticiasmercedinas.com\/site\/wp-content\/uploads\/2025\/09\/PDH1.jpg\" alt=\"\" width=\"640\" height=\"461\" srcset=\"https:\/\/noticiasmercedinas.com\/site\/wp-content\/uploads\/2025\/09\/PDH1.jpg 640w, https:\/\/noticiasmercedinas.com\/site\/wp-content\/uploads\/2025\/09\/PDH1-300x216.jpg 300w\" sizes=\"auto, (max-width: 640px) 100vw, 640px\" \/><\/p>\n<p>El doctor <b>Santiago Riolfo<\/b>, bajista de la banda tributo a H\u00e9roes del Silencio, <b>\u201cLas Pistolas de Warhol\u201d<\/b>, anunci\u00f3 que la agrupaci\u00f3n participar\u00e1 en la decimoctava edici\u00f3n del <b>\u00abHomenaje Mundial a H\u00e9roes del Silencio\u00bb<\/b>.<\/p>\n<p>El show se llevar\u00e1 a cabo el pr\u00f3ximo <b>s\u00e1bado 18 de octubre<\/b> en el reconocido The Roxy Live, en Palermo.<\/p>\n<p><img loading=\"lazy\" decoding=\"async\" class=\"alignnone size-full wp-image-170033\" src=\"https:\/\/noticiasmercedinas.com\/site\/wp-content\/uploads\/2025\/09\/PDH.jpg\" alt=\"\" width=\"640\" height=\"382\" srcset=\"https:\/\/noticiasmercedinas.com\/site\/wp-content\/uploads\/2025\/09\/PDH.jpg 640w, https:\/\/noticiasmercedinas.com\/site\/wp-content\/uploads\/2025\/09\/PDH-300x179.jpg 300w\" sizes=\"auto, (max-width: 640px) 100vw, 640px\" \/><\/p>\n<p>Este evento es un tributo a la banda espa\u00f1ola que se celebra de manera simult\u00e1nea en diferentes pa\u00edses alrededor del mundo.<\/p>\n<p>Adem\u00e1s de Riolfo, \u00abLas Pistolas de Warhol\u00bb est\u00e1 integrada por <b>Gast\u00f3n Sorof<\/b> en voz y guitarras, los guitarristas <b>Tom\u00e1s Costa Paz<\/b> e <b>Iv\u00e1n Sorof, <\/b>y <strong>Octavio M\u00f3naco<\/strong>\u00a0en bater\u00eda.<\/p>\n<p>El propio Riolfo comparti\u00f3 con orgullo el \u00e9xito de la agrupaci\u00f3n en los \u00faltimos a\u00f1os en un evento similar llamado \u201cEl Cover de Oro\u201d, donde los m\u00fasicos son premiados individualmente: el baterista <strong>Octavio M\u00f3naco<\/strong>\u00a0gan\u00f3 en 2023, <b>Gast\u00f3n Sorof<\/b>\u00a0recibi\u00f3 la distinci\u00f3n a la mejor voz en 2024, y los guitarristas <b>Tom\u00e1s Costa Paz<\/b> e <b>Iv\u00e1n Sorof<\/b> fueron seleccionados como los mejores en su categor\u00eda este a\u00f1o.<\/p>\n<p>El show contar\u00e1 con la participaci\u00f3n de otras bandas tributo: \u00abMagia cham\u00e1n\u00bb, \u00abCharly Quiroga\u00bb y \u00abEntre dos tierras\u00bb. Cada una de ellas interpretar\u00e1 un disco completo de la discograf\u00eda de H\u00e9roes del Silencio, lo que permitir\u00e1 a los fan\u00e1ticos disfrutar de la obra completa de la m\u00edtica banda espa\u00f1ola.<\/p>\n<p><img loading=\"lazy\" decoding=\"async\" class=\"alignnone size-full wp-image-170034\" src=\"https:\/\/noticiasmercedinas.com\/site\/wp-content\/uploads\/2025\/09\/WARHOL.jpg\" alt=\"\" width=\"750\" height=\"480\" srcset=\"https:\/\/noticiasmercedinas.com\/site\/wp-content\/uploads\/2025\/09\/WARHOL.jpg 750w, https:\/\/noticiasmercedinas.com\/site\/wp-content\/uploads\/2025\/09\/WARHOL-300x192.jpg 300w, https:\/\/noticiasmercedinas.com\/site\/wp-content\/uploads\/2025\/09\/WARHOL-640x410.jpg 640w, https:\/\/noticiasmercedinas.com\/site\/wp-content\/uploads\/2025\/09\/WARHOL-681x436.jpg 681w\" sizes=\"auto, (max-width: 750px) 100vw, 750px\" \/><\/p>\n","protected":false},"excerpt":{"rendered":"<p>\u25a0 Se llevar\u00e1 a cabo el pr\u00f3ximo s\u00e1bado 18 de octubre en el reconocido The Roxy Live, en Palermo, y contar\u00e1 con tres bandas. Este evento es un tributo a la banda espa\u00f1ola que se celebra de manera simult\u00e1nea en diferentes pa\u00edses<\/p>\n","protected":false},"author":16,"featured_media":170032,"comment_status":"closed","ping_status":"closed","sticky":false,"template":"","format":"standard","meta":{"footnotes":""},"categories":[4],"tags":[20904,18579,20903,20905,5795],"class_list":["post-170031","post","type-post","status-publish","format-standard","has-post-thumbnail","hentry","category-cultura","tag-heroes-del-silencio","tag-las-pistolas-de-warhol","tag-santiago-riolfo","tag-the-roxy","tag-tributo"],"yoast_head":"<!-- This site is optimized with the Yoast SEO plugin v27.4 - https:\/\/yoast.com\/product\/yoast-seo-wordpress\/ -->\n<title>\u201cLas Pistolas de Warhol\u201d se prepara para un homenaje mundial a H\u00e9roes del Silencio<\/title>\n<meta name=\"robots\" content=\"index, follow, max-snippet:-1, max-image-preview:large, max-video-preview:-1\" \/>\n<link rel=\"canonical\" href=\"https:\/\/noticiasmercedinas.com\/site\/2025\/09\/21\/las-pistolas-de-warhol-se-prepara-para-un-homenaje-mundial-a-heroes-del-silencio\/\" \/>\n<meta property=\"og:locale\" content=\"es_ES\" \/>\n<meta property=\"og:type\" content=\"article\" \/>\n<meta property=\"og:title\" content=\"\u201cLas Pistolas de Warhol\u201d se prepara para un homenaje mundial a H\u00e9roes del Silencio\" \/>\n<meta property=\"og:description\" content=\"\u25a0 Se llevar\u00e1 a cabo el pr\u00f3ximo s\u00e1bado 18 de octubre en el reconocido The Roxy Live, en Palermo, y contar\u00e1 con tres bandas. Este evento es un tributo a la banda espa\u00f1ola que se celebra de manera simult\u00e1nea en diferentes pa\u00edses\" \/>\n<meta property=\"og:url\" content=\"https:\/\/noticiasmercedinas.com\/site\/2025\/09\/21\/las-pistolas-de-warhol-se-prepara-para-un-homenaje-mundial-a-heroes-del-silencio\/\" \/>\n<meta property=\"og:site_name\" content=\"NOTICIASMERCEDINAS.COM\" \/>\n<meta property=\"article:publisher\" content=\"https:\/\/www.facebook.com\/noticiasmercedinas\/\" \/>\n<meta property=\"article:published_time\" content=\"2025-09-21T15:17:21+00:00\" \/>\n<meta property=\"article:modified_time\" content=\"2025-09-21T15:27:31+00:00\" \/>\n<meta property=\"og:image\" content=\"https:\/\/noticiasmercedinas.com\/site\/wp-content\/uploads\/2025\/09\/PDH1.jpg\" \/>\n\t<meta property=\"og:image:width\" content=\"640\" \/>\n\t<meta property=\"og:image:height\" content=\"461\" \/>\n\t<meta property=\"og:image:type\" content=\"image\/jpeg\" \/>\n<meta name=\"author\" content=\"NOTICIASMERCEDINAS.COM\" \/>\n<meta name=\"twitter:card\" content=\"summary_large_image\" \/>\n<meta name=\"twitter:creator\" content=\"@notmercedinas\" \/>\n<meta name=\"twitter:site\" content=\"@notmercedinas\" \/>\n<meta name=\"twitter:label1\" content=\"Escrito por\" \/>\n\t<meta name=\"twitter:data1\" content=\"NOTICIASMERCEDINAS.COM\" \/>\n\t<meta name=\"twitter:label2\" content=\"Tiempo de lectura\" \/>\n\t<meta name=\"twitter:data2\" content=\"2 minutos\" \/>\n<script type=\"application\/ld+json\" class=\"yoast-schema-graph\">{\"@context\":\"https:\\\/\\\/schema.org\",\"@graph\":[{\"@type\":\"Article\",\"@id\":\"https:\\\/\\\/noticiasmercedinas.com\\\/site\\\/2025\\\/09\\\/21\\\/las-pistolas-de-warhol-se-prepara-para-un-homenaje-mundial-a-heroes-del-silencio\\\/#article\",\"isPartOf\":{\"@id\":\"https:\\\/\\\/noticiasmercedinas.com\\\/site\\\/2025\\\/09\\\/21\\\/las-pistolas-de-warhol-se-prepara-para-un-homenaje-mundial-a-heroes-del-silencio\\\/\"},\"author\":{\"name\":\"NOTICIASMERCEDINAS.COM\",\"@id\":\"https:\\\/\\\/noticiasmercedinas.com\\\/site\\\/#\\\/schema\\\/person\\\/84b59c099c28ff2e8b77d4ceec5d8063\"},\"headline\":\"\u201cLas Pistolas de Warhol\u201d se prepara para un homenaje mundial a H\u00e9roes del Silencio\",\"datePublished\":\"2025-09-21T15:17:21+00:00\",\"dateModified\":\"2025-09-21T15:27:31+00:00\",\"mainEntityOfPage\":{\"@id\":\"https:\\\/\\\/noticiasmercedinas.com\\\/site\\\/2025\\\/09\\\/21\\\/las-pistolas-de-warhol-se-prepara-para-un-homenaje-mundial-a-heroes-del-silencio\\\/\"},\"wordCount\":263,\"publisher\":{\"@id\":\"https:\\\/\\\/noticiasmercedinas.com\\\/site\\\/#organization\"},\"image\":{\"@id\":\"https:\\\/\\\/noticiasmercedinas.com\\\/site\\\/2025\\\/09\\\/21\\\/las-pistolas-de-warhol-se-prepara-para-un-homenaje-mundial-a-heroes-del-silencio\\\/#primaryimage\"},\"thumbnailUrl\":\"https:\\\/\\\/noticiasmercedinas.com\\\/site\\\/wp-content\\\/uploads\\\/2025\\\/09\\\/PDH1.jpg\",\"keywords\":[\"heroes del silencio\",\"las pistolas de warhol\",\"santiago riolfo\",\"the roxy\",\"tributo\"],\"articleSection\":[\"Cultura\"],\"inLanguage\":\"es\"},{\"@type\":\"WebPage\",\"@id\":\"https:\\\/\\\/noticiasmercedinas.com\\\/site\\\/2025\\\/09\\\/21\\\/las-pistolas-de-warhol-se-prepara-para-un-homenaje-mundial-a-heroes-del-silencio\\\/\",\"url\":\"https:\\\/\\\/noticiasmercedinas.com\\\/site\\\/2025\\\/09\\\/21\\\/las-pistolas-de-warhol-se-prepara-para-un-homenaje-mundial-a-heroes-del-silencio\\\/\",\"name\":\"\u201cLas Pistolas de Warhol\u201d se prepara para un homenaje mundial a H\u00e9roes del Silencio\",\"isPartOf\":{\"@id\":\"https:\\\/\\\/noticiasmercedinas.com\\\/site\\\/#website\"},\"primaryImageOfPage\":{\"@id\":\"https:\\\/\\\/noticiasmercedinas.com\\\/site\\\/2025\\\/09\\\/21\\\/las-pistolas-de-warhol-se-prepara-para-un-homenaje-mundial-a-heroes-del-silencio\\\/#primaryimage\"},\"image\":{\"@id\":\"https:\\\/\\\/noticiasmercedinas.com\\\/site\\\/2025\\\/09\\\/21\\\/las-pistolas-de-warhol-se-prepara-para-un-homenaje-mundial-a-heroes-del-silencio\\\/#primaryimage\"},\"thumbnailUrl\":\"https:\\\/\\\/noticiasmercedinas.com\\\/site\\\/wp-content\\\/uploads\\\/2025\\\/09\\\/PDH1.jpg\",\"datePublished\":\"2025-09-21T15:17:21+00:00\",\"dateModified\":\"2025-09-21T15:27:31+00:00\",\"breadcrumb\":{\"@id\":\"https:\\\/\\\/noticiasmercedinas.com\\\/site\\\/2025\\\/09\\\/21\\\/las-pistolas-de-warhol-se-prepara-para-un-homenaje-mundial-a-heroes-del-silencio\\\/#breadcrumb\"},\"inLanguage\":\"es\",\"potentialAction\":[{\"@type\":\"ReadAction\",\"target\":[\"https:\\\/\\\/noticiasmercedinas.com\\\/site\\\/2025\\\/09\\\/21\\\/las-pistolas-de-warhol-se-prepara-para-un-homenaje-mundial-a-heroes-del-silencio\\\/\"]}]},{\"@type\":\"ImageObject\",\"inLanguage\":\"es\",\"@id\":\"https:\\\/\\\/noticiasmercedinas.com\\\/site\\\/2025\\\/09\\\/21\\\/las-pistolas-de-warhol-se-prepara-para-un-homenaje-mundial-a-heroes-del-silencio\\\/#primaryimage\",\"url\":\"https:\\\/\\\/noticiasmercedinas.com\\\/site\\\/wp-content\\\/uploads\\\/2025\\\/09\\\/PDH1.jpg\",\"contentUrl\":\"https:\\\/\\\/noticiasmercedinas.com\\\/site\\\/wp-content\\\/uploads\\\/2025\\\/09\\\/PDH1.jpg\",\"width\":640,\"height\":461},{\"@type\":\"BreadcrumbList\",\"@id\":\"https:\\\/\\\/noticiasmercedinas.com\\\/site\\\/2025\\\/09\\\/21\\\/las-pistolas-de-warhol-se-prepara-para-un-homenaje-mundial-a-heroes-del-silencio\\\/#breadcrumb\",\"itemListElement\":[{\"@type\":\"ListItem\",\"position\":1,\"name\":\"Portada\",\"item\":\"https:\\\/\\\/noticiasmercedinas.com\\\/site\\\/\"},{\"@type\":\"ListItem\",\"position\":2,\"name\":\"\u201cLas Pistolas de Warhol\u201d se prepara para un homenaje mundial a H\u00e9roes del Silencio\"}]},{\"@type\":\"WebSite\",\"@id\":\"https:\\\/\\\/noticiasmercedinas.com\\\/site\\\/#website\",\"url\":\"https:\\\/\\\/noticiasmercedinas.com\\\/site\\\/\",\"name\":\"NOTICIASMERCEDINAS.COM\",\"description\":\"Mercedes, Buenos Aires, Argentina\",\"publisher\":{\"@id\":\"https:\\\/\\\/noticiasmercedinas.com\\\/site\\\/#organization\"},\"potentialAction\":[{\"@type\":\"SearchAction\",\"target\":{\"@type\":\"EntryPoint\",\"urlTemplate\":\"https:\\\/\\\/noticiasmercedinas.com\\\/site\\\/?s={search_term_string}\"},\"query-input\":{\"@type\":\"PropertyValueSpecification\",\"valueRequired\":true,\"valueName\":\"search_term_string\"}}],\"inLanguage\":\"es\"},{\"@type\":\"Organization\",\"@id\":\"https:\\\/\\\/noticiasmercedinas.com\\\/site\\\/#organization\",\"name\":\"NOTICIASMERCEDINAS.COM\",\"url\":\"https:\\\/\\\/noticiasmercedinas.com\\\/site\\\/\",\"logo\":{\"@type\":\"ImageObject\",\"inLanguage\":\"es\",\"@id\":\"https:\\\/\\\/noticiasmercedinas.com\\\/site\\\/#\\\/schema\\\/logo\\\/image\\\/\",\"url\":\"https:\\\/\\\/noticiasmercedinas.com\\\/site\\\/wp-content\\\/uploads\\\/2020\\\/06\\\/LOGO-512.jpg\",\"contentUrl\":\"https:\\\/\\\/noticiasmercedinas.com\\\/site\\\/wp-content\\\/uploads\\\/2020\\\/06\\\/LOGO-512.jpg\",\"width\":512,\"height\":512,\"caption\":\"NOTICIASMERCEDINAS.COM\"},\"image\":{\"@id\":\"https:\\\/\\\/noticiasmercedinas.com\\\/site\\\/#\\\/schema\\\/logo\\\/image\\\/\"},\"sameAs\":[\"https:\\\/\\\/www.facebook.com\\\/noticiasmercedinas\\\/\",\"https:\\\/\\\/x.com\\\/notmercedinas\",\"https:\\\/\\\/www.instagram.com\\\/noticiasmercedinas\\\/\"]},{\"@type\":\"Person\",\"@id\":\"https:\\\/\\\/noticiasmercedinas.com\\\/site\\\/#\\\/schema\\\/person\\\/84b59c099c28ff2e8b77d4ceec5d8063\",\"name\":\"NOTICIASMERCEDINAS.COM\",\"image\":{\"@type\":\"ImageObject\",\"inLanguage\":\"es\",\"@id\":\"https:\\\/\\\/secure.gravatar.com\\\/avatar\\\/4dfbf16b4d17945bfb6341b2d19043457132fcf478a5ee04f42e959fd8f5df0a?s=96&d=mm&r=g\",\"url\":\"https:\\\/\\\/secure.gravatar.com\\\/avatar\\\/4dfbf16b4d17945bfb6341b2d19043457132fcf478a5ee04f42e959fd8f5df0a?s=96&d=mm&r=g\",\"contentUrl\":\"https:\\\/\\\/secure.gravatar.com\\\/avatar\\\/4dfbf16b4d17945bfb6341b2d19043457132fcf478a5ee04f42e959fd8f5df0a?s=96&d=mm&r=g\",\"caption\":\"NOTICIASMERCEDINAS.COM\"},\"url\":\"https:\\\/\\\/noticiasmercedinas.com\\\/site\\\/author\\\/anonimo\\\/\"}]}<\/script>\n<!-- \/ Yoast SEO plugin. -->","yoast_head_json":{"title":"\u201cLas Pistolas de Warhol\u201d se prepara para un homenaje mundial a H\u00e9roes del Silencio","robots":{"index":"index","follow":"follow","max-snippet":"max-snippet:-1","max-image-preview":"max-image-preview:large","max-video-preview":"max-video-preview:-1"},"canonical":"https:\/\/noticiasmercedinas.com\/site\/2025\/09\/21\/las-pistolas-de-warhol-se-prepara-para-un-homenaje-mundial-a-heroes-del-silencio\/","og_locale":"es_ES","og_type":"article","og_title":"\u201cLas Pistolas de Warhol\u201d se prepara para un homenaje mundial a H\u00e9roes del Silencio","og_description":"\u25a0 Se llevar\u00e1 a cabo el pr\u00f3ximo s\u00e1bado 18 de octubre en el reconocido The Roxy Live, en Palermo, y contar\u00e1 con tres bandas. Este evento es un tributo a la banda espa\u00f1ola que se celebra de manera simult\u00e1nea en diferentes pa\u00edses","og_url":"https:\/\/noticiasmercedinas.com\/site\/2025\/09\/21\/las-pistolas-de-warhol-se-prepara-para-un-homenaje-mundial-a-heroes-del-silencio\/","og_site_name":"NOTICIASMERCEDINAS.COM","article_publisher":"https:\/\/www.facebook.com\/noticiasmercedinas\/","article_published_time":"2025-09-21T15:17:21+00:00","article_modified_time":"2025-09-21T15:27:31+00:00","og_image":[{"width":640,"height":461,"url":"https:\/\/noticiasmercedinas.com\/site\/wp-content\/uploads\/2025\/09\/PDH1.jpg","type":"image\/jpeg"}],"author":"NOTICIASMERCEDINAS.COM","twitter_card":"summary_large_image","twitter_creator":"@notmercedinas","twitter_site":"@notmercedinas","twitter_misc":{"Escrito por":"NOTICIASMERCEDINAS.COM","Tiempo de lectura":"2 minutos"},"schema":{"@context":"https:\/\/schema.org","@graph":[{"@type":"Article","@id":"https:\/\/noticiasmercedinas.com\/site\/2025\/09\/21\/las-pistolas-de-warhol-se-prepara-para-un-homenaje-mundial-a-heroes-del-silencio\/#article","isPartOf":{"@id":"https:\/\/noticiasmercedinas.com\/site\/2025\/09\/21\/las-pistolas-de-warhol-se-prepara-para-un-homenaje-mundial-a-heroes-del-silencio\/"},"author":{"name":"NOTICIASMERCEDINAS.COM","@id":"https:\/\/noticiasmercedinas.com\/site\/#\/schema\/person\/84b59c099c28ff2e8b77d4ceec5d8063"},"headline":"\u201cLas Pistolas de Warhol\u201d se prepara para un homenaje mundial a H\u00e9roes del Silencio","datePublished":"2025-09-21T15:17:21+00:00","dateModified":"2025-09-21T15:27:31+00:00","mainEntityOfPage":{"@id":"https:\/\/noticiasmercedinas.com\/site\/2025\/09\/21\/las-pistolas-de-warhol-se-prepara-para-un-homenaje-mundial-a-heroes-del-silencio\/"},"wordCount":263,"publisher":{"@id":"https:\/\/noticiasmercedinas.com\/site\/#organization"},"image":{"@id":"https:\/\/noticiasmercedinas.com\/site\/2025\/09\/21\/las-pistolas-de-warhol-se-prepara-para-un-homenaje-mundial-a-heroes-del-silencio\/#primaryimage"},"thumbnailUrl":"https:\/\/noticiasmercedinas.com\/site\/wp-content\/uploads\/2025\/09\/PDH1.jpg","keywords":["heroes del silencio","las pistolas de warhol","santiago riolfo","the roxy","tributo"],"articleSection":["Cultura"],"inLanguage":"es"},{"@type":"WebPage","@id":"https:\/\/noticiasmercedinas.com\/site\/2025\/09\/21\/las-pistolas-de-warhol-se-prepara-para-un-homenaje-mundial-a-heroes-del-silencio\/","url":"https:\/\/noticiasmercedinas.com\/site\/2025\/09\/21\/las-pistolas-de-warhol-se-prepara-para-un-homenaje-mundial-a-heroes-del-silencio\/","name":"\u201cLas Pistolas de Warhol\u201d se prepara para un homenaje mundial a H\u00e9roes del Silencio","isPartOf":{"@id":"https:\/\/noticiasmercedinas.com\/site\/#website"},"primaryImageOfPage":{"@id":"https:\/\/noticiasmercedinas.com\/site\/2025\/09\/21\/las-pistolas-de-warhol-se-prepara-para-un-homenaje-mundial-a-heroes-del-silencio\/#primaryimage"},"image":{"@id":"https:\/\/noticiasmercedinas.com\/site\/2025\/09\/21\/las-pistolas-de-warhol-se-prepara-para-un-homenaje-mundial-a-heroes-del-silencio\/#primaryimage"},"thumbnailUrl":"https:\/\/noticiasmercedinas.com\/site\/wp-content\/uploads\/2025\/09\/PDH1.jpg","datePublished":"2025-09-21T15:17:21+00:00","dateModified":"2025-09-21T15:27:31+00:00","breadcrumb":{"@id":"https:\/\/noticiasmercedinas.com\/site\/2025\/09\/21\/las-pistolas-de-warhol-se-prepara-para-un-homenaje-mundial-a-heroes-del-silencio\/#breadcrumb"},"inLanguage":"es","potentialAction":[{"@type":"ReadAction","target":["https:\/\/noticiasmercedinas.com\/site\/2025\/09\/21\/las-pistolas-de-warhol-se-prepara-para-un-homenaje-mundial-a-heroes-del-silencio\/"]}]},{"@type":"ImageObject","inLanguage":"es","@id":"https:\/\/noticiasmercedinas.com\/site\/2025\/09\/21\/las-pistolas-de-warhol-se-prepara-para-un-homenaje-mundial-a-heroes-del-silencio\/#primaryimage","url":"https:\/\/noticiasmercedinas.com\/site\/wp-content\/uploads\/2025\/09\/PDH1.jpg","contentUrl":"https:\/\/noticiasmercedinas.com\/site\/wp-content\/uploads\/2025\/09\/PDH1.jpg","width":640,"height":461},{"@type":"BreadcrumbList","@id":"https:\/\/noticiasmercedinas.com\/site\/2025\/09\/21\/las-pistolas-de-warhol-se-prepara-para-un-homenaje-mundial-a-heroes-del-silencio\/#breadcrumb","itemListElement":[{"@type":"ListItem","position":1,"name":"Portada","item":"https:\/\/noticiasmercedinas.com\/site\/"},{"@type":"ListItem","position":2,"name":"\u201cLas Pistolas de Warhol\u201d se prepara para un homenaje mundial a H\u00e9roes del Silencio"}]},{"@type":"WebSite","@id":"https:\/\/noticiasmercedinas.com\/site\/#website","url":"https:\/\/noticiasmercedinas.com\/site\/","name":"NOTICIASMERCEDINAS.COM","description":"Mercedes, Buenos Aires, Argentina","publisher":{"@id":"https:\/\/noticiasmercedinas.com\/site\/#organization"},"potentialAction":[{"@type":"SearchAction","target":{"@type":"EntryPoint","urlTemplate":"https:\/\/noticiasmercedinas.com\/site\/?s={search_term_string}"},"query-input":{"@type":"PropertyValueSpecification","valueRequired":true,"valueName":"search_term_string"}}],"inLanguage":"es"},{"@type":"Organization","@id":"https:\/\/noticiasmercedinas.com\/site\/#organization","name":"NOTICIASMERCEDINAS.COM","url":"https:\/\/noticiasmercedinas.com\/site\/","logo":{"@type":"ImageObject","inLanguage":"es","@id":"https:\/\/noticiasmercedinas.com\/site\/#\/schema\/logo\/image\/","url":"https:\/\/noticiasmercedinas.com\/site\/wp-content\/uploads\/2020\/06\/LOGO-512.jpg","contentUrl":"https:\/\/noticiasmercedinas.com\/site\/wp-content\/uploads\/2020\/06\/LOGO-512.jpg","width":512,"height":512,"caption":"NOTICIASMERCEDINAS.COM"},"image":{"@id":"https:\/\/noticiasmercedinas.com\/site\/#\/schema\/logo\/image\/"},"sameAs":["https:\/\/www.facebook.com\/noticiasmercedinas\/","https:\/\/x.com\/notmercedinas","https:\/\/www.instagram.com\/noticiasmercedinas\/"]},{"@type":"Person","@id":"https:\/\/noticiasmercedinas.com\/site\/#\/schema\/person\/84b59c099c28ff2e8b77d4ceec5d8063","name":"NOTICIASMERCEDINAS.COM","image":{"@type":"ImageObject","inLanguage":"es","@id":"https:\/\/secure.gravatar.com\/avatar\/4dfbf16b4d17945bfb6341b2d19043457132fcf478a5ee04f42e959fd8f5df0a?s=96&d=mm&r=g","url":"https:\/\/secure.gravatar.com\/avatar\/4dfbf16b4d17945bfb6341b2d19043457132fcf478a5ee04f42e959fd8f5df0a?s=96&d=mm&r=g","contentUrl":"https:\/\/secure.gravatar.com\/avatar\/4dfbf16b4d17945bfb6341b2d19043457132fcf478a5ee04f42e959fd8f5df0a?s=96&d=mm&r=g","caption":"NOTICIASMERCEDINAS.COM"},"url":"https:\/\/noticiasmercedinas.com\/site\/author\/anonimo\/"}]}},"amp_enabled":true,"_links":{"self":[{"href":"https:\/\/noticiasmercedinas.com\/site\/wp-json\/wp\/v2\/posts\/170031","targetHints":{"allow":["GET"]}}],"collection":[{"href":"https:\/\/noticiasmercedinas.com\/site\/wp-json\/wp\/v2\/posts"}],"about":[{"href":"https:\/\/noticiasmercedinas.com\/site\/wp-json\/wp\/v2\/types\/post"}],"author":[{"embeddable":true,"href":"https:\/\/noticiasmercedinas.com\/site\/wp-json\/wp\/v2\/users\/16"}],"replies":[{"embeddable":true,"href":"https:\/\/noticiasmercedinas.com\/site\/wp-json\/wp\/v2\/comments?post=170031"}],"version-history":[{"count":3,"href":"https:\/\/noticiasmercedinas.com\/site\/wp-json\/wp\/v2\/posts\/170031\/revisions"}],"predecessor-version":[{"id":170037,"href":"https:\/\/noticiasmercedinas.com\/site\/wp-json\/wp\/v2\/posts\/170031\/revisions\/170037"}],"wp:featuredmedia":[{"embeddable":true,"href":"https:\/\/noticiasmercedinas.com\/site\/wp-json\/wp\/v2\/media\/170032"}],"wp:attachment":[{"href":"https:\/\/noticiasmercedinas.com\/site\/wp-json\/wp\/v2\/media?parent=170031"}],"wp:term":[{"taxonomy":"category","embeddable":true,"href":"https:\/\/noticiasmercedinas.com\/site\/wp-json\/wp\/v2\/categories?post=170031"},{"taxonomy":"post_tag","embeddable":true,"href":"https:\/\/noticiasmercedinas.com\/site\/wp-json\/wp\/v2\/tags?post=170031"}],"curies":[{"name":"wp","href":"https:\/\/api.w.org\/{rel}","templated":true}]}}