{"id":170156,"date":"2025-09-23T09:46:06","date_gmt":"2025-09-23T12:46:06","guid":{"rendered":"https:\/\/noticiasmercedinas.com\/site\/?p=170156"},"modified":"2025-09-23T09:46:06","modified_gmt":"2025-09-23T12:46:06","slug":"la-ciudad-de-mercedes-se-prepara-para-el-paseo-de-autores-y-autoras-este-fin-de-semana","status":"publish","type":"post","link":"https:\/\/noticiasmercedinas.com\/site\/2025\/09\/23\/la-ciudad-de-mercedes-se-prepara-para-el-paseo-de-autores-y-autoras-este-fin-de-semana\/","title":{"rendered":"La ciudad de Mercedes se prepara para el Paseo de Autores y Autoras, este fin de semana"},"content":{"rendered":"<p><img loading=\"lazy\" decoding=\"async\" class=\"alignnone size-full wp-image-170157\" src=\"https:\/\/noticiasmercedinas.com\/site\/wp-content\/uploads\/2025\/09\/aa3568a6-df72-425b-8c69-464407092f50.jpg\" alt=\"\" width=\"1200\" height=\"801\" srcset=\"https:\/\/noticiasmercedinas.com\/site\/wp-content\/uploads\/2025\/09\/aa3568a6-df72-425b-8c69-464407092f50.jpg 1200w, https:\/\/noticiasmercedinas.com\/site\/wp-content\/uploads\/2025\/09\/aa3568a6-df72-425b-8c69-464407092f50-300x200.jpg 300w, https:\/\/noticiasmercedinas.com\/site\/wp-content\/uploads\/2025\/09\/aa3568a6-df72-425b-8c69-464407092f50-1024x684.jpg 1024w, https:\/\/noticiasmercedinas.com\/site\/wp-content\/uploads\/2025\/09\/aa3568a6-df72-425b-8c69-464407092f50-768x513.jpg 768w, https:\/\/noticiasmercedinas.com\/site\/wp-content\/uploads\/2025\/09\/aa3568a6-df72-425b-8c69-464407092f50-640x427.jpg 640w, https:\/\/noticiasmercedinas.com\/site\/wp-content\/uploads\/2025\/09\/aa3568a6-df72-425b-8c69-464407092f50-681x455.jpg 681w\" sizes=\"auto, (max-width: 1200px) 100vw, 1200px\" \/><\/p>\n<p>El pr\u00f3ximo fin de semana Mercedes ser\u00e1 escenario del Paseo de Autores y Autoras, una propuesta cultural impulsada por la Direcci\u00f3n de Cultura.<\/p>\n<p>La iniciativa surge de una convocatoria abierta realizada en agosto para artistas visuales de la ciudad y busca brindarles mayor visibilidad, ofreciendo al p\u00fablico la posibilidad de encontrarse con sus obras y trayectorias desde una nueva perspectiva.<\/p>\n<blockquote><p>El s\u00e1bado 27 y el domingo 28 de septiembre, m\u00e1s de 40 artistas visuales locales abrir\u00e1n la puerta de sus espacios para compartir sus obras en el \u00abPaseo de autores y autoras\u00bb<\/p><\/blockquote>\n<p>El recorrido fue dise\u00f1ado a partir de la experiencia del exitoso Paseo de los Talleres realizado este a\u00f1o.<\/p>\n<p>La entrada es libre y gratuita, y se organizaron dos itinerarios sugeridos: uno para el s\u00e1bado y otro para el domingo, disponibles en el mapa interactivo: <a href=\"http:\/\/www.elestudio.com.ar\/mapa\">www.elestudio.com.ar\/mapa<\/a><\/p>\n<p>Los artistas participantes son: Anabella Coluccio, Cesar Lalla, Clara Abril Villa, Daira de Gruttola, Daniela Celoto, Daniela Espina, Eliana Ramponi, Elisabet Moleres, Emiliana Scaramella, Esteban R\u00e9vora, Eugenia Scioli, Fabiana Cucut, F\u00e1tima Quevedo, Felix Caceres, Ignacio Giraudi, Jesica G\u00f3mez, Jimena C\u00e1rdenas, Laura Gianfrini, Luciana Acu\u00f1a, Manuela Aparicio, Marcela Cueto, M. Cristina Fern\u00e1ndez, M. Eugenia Gait\u00e1n, Mariano Fuaz, Marina V. L\u00f3pez, Melina Guevara, Mercedes Guti\u00e9rrez, Mirta Leyes, Natalia Ochoa, Pablo Blasberg, Pablo Russo, Paloma Fiorelli, Paula F\u00edgoli, Paula Giorgi, Paula Tabossi, Ramiro L\u00f3pez, Roc\u00edo Og\u00f1enovich, Ruth Rojas Jalley, Santiago S\u00e1nchez, Stella Maris Paoletta, M. P\u00eda Traverso, Ver\u00f3nica Durand y Yanina Rodr\u00edguez.<\/p>\n<p>El Paseo de Autores y Autoras invita a descubrir el talento local y fortalecer el v\u00ednculo entre la comunidad y sus artistas.<\/p>\n","protected":false},"excerpt":{"rendered":"<p>\u25a0 La iniciativa surge de una convocatoria abierta realizada en agosto para artistas visuales de la ciudad y busca brindarles mayor visibilidad, ofreciendo al p\u00fablico la posibilidad de encontrarse con sus obras y trayectorias desde una nueva perspectiva.<\/p>\n","protected":false},"author":16,"featured_media":170157,"comment_status":"closed","ping_status":"closed","sticky":false,"template":"","format":"standard","meta":{"footnotes":""},"categories":[4,20734],"tags":[190,20922],"class_list":["post-170156","post","type-post","status-publish","format-standard","has-post-thumbnail","hentry","category-cultura","category-ultimo-momento","tag-arte","tag-paseo-de-autores"],"yoast_head":"<!-- This site is optimized with the Yoast SEO plugin v27.5 - https:\/\/yoast.com\/product\/yoast-seo-wordpress\/ -->\n<title>La ciudad de Mercedes se prepara para el Paseo de Autores y Autoras, este fin de semana<\/title>\n<meta name=\"description\" content=\"La iniciativa surge de una convocatoria abierta realizada en agosto para artistas visuales de la ciudad y busca brindarles mayor visibilidad, ofreciendo al p\u00fablico la posibilidad de encontrarse con sus obras y trayectorias desde una nueva perspectiva.\" \/>\n<meta name=\"robots\" content=\"index, follow, max-snippet:-1, max-image-preview:large, max-video-preview:-1\" \/>\n<link rel=\"canonical\" href=\"https:\/\/noticiasmercedinas.com\/site\/2025\/09\/23\/la-ciudad-de-mercedes-se-prepara-para-el-paseo-de-autores-y-autoras-este-fin-de-semana\/\" \/>\n<meta property=\"og:locale\" content=\"es_ES\" \/>\n<meta property=\"og:type\" content=\"article\" \/>\n<meta property=\"og:title\" content=\"La ciudad de Mercedes se prepara para el Paseo de Autores y Autoras, este fin de semana\" \/>\n<meta property=\"og:description\" content=\"La iniciativa surge de una convocatoria abierta realizada en agosto para artistas visuales de la ciudad y busca brindarles mayor visibilidad, ofreciendo al p\u00fablico la posibilidad de encontrarse con sus obras y trayectorias desde una nueva perspectiva.\" \/>\n<meta property=\"og:url\" content=\"https:\/\/noticiasmercedinas.com\/site\/2025\/09\/23\/la-ciudad-de-mercedes-se-prepara-para-el-paseo-de-autores-y-autoras-este-fin-de-semana\/\" \/>\n<meta property=\"og:site_name\" content=\"NOTICIASMERCEDINAS.COM\" \/>\n<meta property=\"article:publisher\" content=\"https:\/\/www.facebook.com\/noticiasmercedinas\/\" \/>\n<meta property=\"article:published_time\" content=\"2025-09-23T12:46:06+00:00\" \/>\n<meta property=\"og:image\" content=\"https:\/\/noticiasmercedinas.com\/site\/wp-content\/uploads\/2025\/09\/aa3568a6-df72-425b-8c69-464407092f50.jpg\" \/>\n\t<meta property=\"og:image:width\" content=\"1200\" \/>\n\t<meta property=\"og:image:height\" content=\"801\" \/>\n\t<meta property=\"og:image:type\" content=\"image\/jpeg\" \/>\n<meta name=\"author\" content=\"NOTICIASMERCEDINAS.COM\" \/>\n<meta name=\"twitter:card\" content=\"summary_large_image\" \/>\n<meta name=\"twitter:creator\" content=\"@notmercedinas\" \/>\n<meta name=\"twitter:site\" content=\"@notmercedinas\" \/>\n<meta name=\"twitter:label1\" content=\"Escrito por\" \/>\n\t<meta name=\"twitter:data1\" content=\"NOTICIASMERCEDINAS.COM\" \/>\n\t<meta name=\"twitter:label2\" content=\"Tiempo de lectura\" \/>\n\t<meta name=\"twitter:data2\" content=\"2 minutos\" \/>\n<script type=\"application\/ld+json\" class=\"yoast-schema-graph\">{\"@context\":\"https:\\\/\\\/schema.org\",\"@graph\":[{\"@type\":\"Article\",\"@id\":\"https:\\\/\\\/noticiasmercedinas.com\\\/site\\\/2025\\\/09\\\/23\\\/la-ciudad-de-mercedes-se-prepara-para-el-paseo-de-autores-y-autoras-este-fin-de-semana\\\/#article\",\"isPartOf\":{\"@id\":\"https:\\\/\\\/noticiasmercedinas.com\\\/site\\\/2025\\\/09\\\/23\\\/la-ciudad-de-mercedes-se-prepara-para-el-paseo-de-autores-y-autoras-este-fin-de-semana\\\/\"},\"author\":{\"name\":\"NOTICIASMERCEDINAS.COM\",\"@id\":\"https:\\\/\\\/noticiasmercedinas.com\\\/site\\\/#\\\/schema\\\/person\\\/84b59c099c28ff2e8b77d4ceec5d8063\"},\"headline\":\"La ciudad de Mercedes se prepara para el Paseo de Autores y Autoras, este fin de semana\",\"datePublished\":\"2025-09-23T12:46:06+00:00\",\"mainEntityOfPage\":{\"@id\":\"https:\\\/\\\/noticiasmercedinas.com\\\/site\\\/2025\\\/09\\\/23\\\/la-ciudad-de-mercedes-se-prepara-para-el-paseo-de-autores-y-autoras-este-fin-de-semana\\\/\"},\"wordCount\":303,\"publisher\":{\"@id\":\"https:\\\/\\\/noticiasmercedinas.com\\\/site\\\/#organization\"},\"image\":{\"@id\":\"https:\\\/\\\/noticiasmercedinas.com\\\/site\\\/2025\\\/09\\\/23\\\/la-ciudad-de-mercedes-se-prepara-para-el-paseo-de-autores-y-autoras-este-fin-de-semana\\\/#primaryimage\"},\"thumbnailUrl\":\"https:\\\/\\\/noticiasmercedinas.com\\\/site\\\/wp-content\\\/uploads\\\/2025\\\/09\\\/aa3568a6-df72-425b-8c69-464407092f50.jpg\",\"keywords\":[\"arte\",\"paseo de autores\"],\"articleSection\":[\"Cultura\",\"Ultimo momento\"],\"inLanguage\":\"es\"},{\"@type\":\"WebPage\",\"@id\":\"https:\\\/\\\/noticiasmercedinas.com\\\/site\\\/2025\\\/09\\\/23\\\/la-ciudad-de-mercedes-se-prepara-para-el-paseo-de-autores-y-autoras-este-fin-de-semana\\\/\",\"url\":\"https:\\\/\\\/noticiasmercedinas.com\\\/site\\\/2025\\\/09\\\/23\\\/la-ciudad-de-mercedes-se-prepara-para-el-paseo-de-autores-y-autoras-este-fin-de-semana\\\/\",\"name\":\"La ciudad de Mercedes se prepara para el Paseo de Autores y Autoras, este fin de semana\",\"isPartOf\":{\"@id\":\"https:\\\/\\\/noticiasmercedinas.com\\\/site\\\/#website\"},\"primaryImageOfPage\":{\"@id\":\"https:\\\/\\\/noticiasmercedinas.com\\\/site\\\/2025\\\/09\\\/23\\\/la-ciudad-de-mercedes-se-prepara-para-el-paseo-de-autores-y-autoras-este-fin-de-semana\\\/#primaryimage\"},\"image\":{\"@id\":\"https:\\\/\\\/noticiasmercedinas.com\\\/site\\\/2025\\\/09\\\/23\\\/la-ciudad-de-mercedes-se-prepara-para-el-paseo-de-autores-y-autoras-este-fin-de-semana\\\/#primaryimage\"},\"thumbnailUrl\":\"https:\\\/\\\/noticiasmercedinas.com\\\/site\\\/wp-content\\\/uploads\\\/2025\\\/09\\\/aa3568a6-df72-425b-8c69-464407092f50.jpg\",\"datePublished\":\"2025-09-23T12:46:06+00:00\",\"description\":\"La iniciativa surge de una convocatoria abierta realizada en agosto para artistas visuales de la ciudad y busca brindarles mayor visibilidad, ofreciendo al p\u00fablico la posibilidad de encontrarse con sus obras y trayectorias desde una nueva perspectiva.\",\"breadcrumb\":{\"@id\":\"https:\\\/\\\/noticiasmercedinas.com\\\/site\\\/2025\\\/09\\\/23\\\/la-ciudad-de-mercedes-se-prepara-para-el-paseo-de-autores-y-autoras-este-fin-de-semana\\\/#breadcrumb\"},\"inLanguage\":\"es\",\"potentialAction\":[{\"@type\":\"ReadAction\",\"target\":[\"https:\\\/\\\/noticiasmercedinas.com\\\/site\\\/2025\\\/09\\\/23\\\/la-ciudad-de-mercedes-se-prepara-para-el-paseo-de-autores-y-autoras-este-fin-de-semana\\\/\"]}]},{\"@type\":\"ImageObject\",\"inLanguage\":\"es\",\"@id\":\"https:\\\/\\\/noticiasmercedinas.com\\\/site\\\/2025\\\/09\\\/23\\\/la-ciudad-de-mercedes-se-prepara-para-el-paseo-de-autores-y-autoras-este-fin-de-semana\\\/#primaryimage\",\"url\":\"https:\\\/\\\/noticiasmercedinas.com\\\/site\\\/wp-content\\\/uploads\\\/2025\\\/09\\\/aa3568a6-df72-425b-8c69-464407092f50.jpg\",\"contentUrl\":\"https:\\\/\\\/noticiasmercedinas.com\\\/site\\\/wp-content\\\/uploads\\\/2025\\\/09\\\/aa3568a6-df72-425b-8c69-464407092f50.jpg\",\"width\":1200,\"height\":801},{\"@type\":\"BreadcrumbList\",\"@id\":\"https:\\\/\\\/noticiasmercedinas.com\\\/site\\\/2025\\\/09\\\/23\\\/la-ciudad-de-mercedes-se-prepara-para-el-paseo-de-autores-y-autoras-este-fin-de-semana\\\/#breadcrumb\",\"itemListElement\":[{\"@type\":\"ListItem\",\"position\":1,\"name\":\"Portada\",\"item\":\"https:\\\/\\\/noticiasmercedinas.com\\\/site\\\/\"},{\"@type\":\"ListItem\",\"position\":2,\"name\":\"La ciudad de Mercedes se prepara para el Paseo de Autores y Autoras, este fin de semana\"}]},{\"@type\":\"WebSite\",\"@id\":\"https:\\\/\\\/noticiasmercedinas.com\\\/site\\\/#website\",\"url\":\"https:\\\/\\\/noticiasmercedinas.com\\\/site\\\/\",\"name\":\"NOTICIASMERCEDINAS.COM\",\"description\":\"Mercedes, Buenos Aires, Argentina\",\"publisher\":{\"@id\":\"https:\\\/\\\/noticiasmercedinas.com\\\/site\\\/#organization\"},\"potentialAction\":[{\"@type\":\"SearchAction\",\"target\":{\"@type\":\"EntryPoint\",\"urlTemplate\":\"https:\\\/\\\/noticiasmercedinas.com\\\/site\\\/?s={search_term_string}\"},\"query-input\":{\"@type\":\"PropertyValueSpecification\",\"valueRequired\":true,\"valueName\":\"search_term_string\"}}],\"inLanguage\":\"es\"},{\"@type\":\"Organization\",\"@id\":\"https:\\\/\\\/noticiasmercedinas.com\\\/site\\\/#organization\",\"name\":\"NOTICIASMERCEDINAS.COM\",\"url\":\"https:\\\/\\\/noticiasmercedinas.com\\\/site\\\/\",\"logo\":{\"@type\":\"ImageObject\",\"inLanguage\":\"es\",\"@id\":\"https:\\\/\\\/noticiasmercedinas.com\\\/site\\\/#\\\/schema\\\/logo\\\/image\\\/\",\"url\":\"https:\\\/\\\/noticiasmercedinas.com\\\/site\\\/wp-content\\\/uploads\\\/2020\\\/06\\\/LOGO-512.jpg\",\"contentUrl\":\"https:\\\/\\\/noticiasmercedinas.com\\\/site\\\/wp-content\\\/uploads\\\/2020\\\/06\\\/LOGO-512.jpg\",\"width\":512,\"height\":512,\"caption\":\"NOTICIASMERCEDINAS.COM\"},\"image\":{\"@id\":\"https:\\\/\\\/noticiasmercedinas.com\\\/site\\\/#\\\/schema\\\/logo\\\/image\\\/\"},\"sameAs\":[\"https:\\\/\\\/www.facebook.com\\\/noticiasmercedinas\\\/\",\"https:\\\/\\\/x.com\\\/notmercedinas\",\"https:\\\/\\\/www.instagram.com\\\/noticiasmercedinas\\\/\"]},{\"@type\":\"Person\",\"@id\":\"https:\\\/\\\/noticiasmercedinas.com\\\/site\\\/#\\\/schema\\\/person\\\/84b59c099c28ff2e8b77d4ceec5d8063\",\"name\":\"NOTICIASMERCEDINAS.COM\",\"image\":{\"@type\":\"ImageObject\",\"inLanguage\":\"es\",\"@id\":\"https:\\\/\\\/secure.gravatar.com\\\/avatar\\\/4dfbf16b4d17945bfb6341b2d19043457132fcf478a5ee04f42e959fd8f5df0a?s=96&d=mm&r=g\",\"url\":\"https:\\\/\\\/secure.gravatar.com\\\/avatar\\\/4dfbf16b4d17945bfb6341b2d19043457132fcf478a5ee04f42e959fd8f5df0a?s=96&d=mm&r=g\",\"contentUrl\":\"https:\\\/\\\/secure.gravatar.com\\\/avatar\\\/4dfbf16b4d17945bfb6341b2d19043457132fcf478a5ee04f42e959fd8f5df0a?s=96&d=mm&r=g\",\"caption\":\"NOTICIASMERCEDINAS.COM\"},\"url\":\"https:\\\/\\\/noticiasmercedinas.com\\\/site\\\/author\\\/anonimo\\\/\"}]}<\/script>\n<!-- \/ Yoast SEO plugin. -->","yoast_head_json":{"title":"La ciudad de Mercedes se prepara para el Paseo de Autores y Autoras, este fin de semana","description":"La iniciativa surge de una convocatoria abierta realizada en agosto para artistas visuales de la ciudad y busca brindarles mayor visibilidad, ofreciendo al p\u00fablico la posibilidad de encontrarse con sus obras y trayectorias desde una nueva perspectiva.","robots":{"index":"index","follow":"follow","max-snippet":"max-snippet:-1","max-image-preview":"max-image-preview:large","max-video-preview":"max-video-preview:-1"},"canonical":"https:\/\/noticiasmercedinas.com\/site\/2025\/09\/23\/la-ciudad-de-mercedes-se-prepara-para-el-paseo-de-autores-y-autoras-este-fin-de-semana\/","og_locale":"es_ES","og_type":"article","og_title":"La ciudad de Mercedes se prepara para el Paseo de Autores y Autoras, este fin de semana","og_description":"La iniciativa surge de una convocatoria abierta realizada en agosto para artistas visuales de la ciudad y busca brindarles mayor visibilidad, ofreciendo al p\u00fablico la posibilidad de encontrarse con sus obras y trayectorias desde una nueva perspectiva.","og_url":"https:\/\/noticiasmercedinas.com\/site\/2025\/09\/23\/la-ciudad-de-mercedes-se-prepara-para-el-paseo-de-autores-y-autoras-este-fin-de-semana\/","og_site_name":"NOTICIASMERCEDINAS.COM","article_publisher":"https:\/\/www.facebook.com\/noticiasmercedinas\/","article_published_time":"2025-09-23T12:46:06+00:00","og_image":[{"width":1200,"height":801,"url":"https:\/\/noticiasmercedinas.com\/site\/wp-content\/uploads\/2025\/09\/aa3568a6-df72-425b-8c69-464407092f50.jpg","type":"image\/jpeg"}],"author":"NOTICIASMERCEDINAS.COM","twitter_card":"summary_large_image","twitter_creator":"@notmercedinas","twitter_site":"@notmercedinas","twitter_misc":{"Escrito por":"NOTICIASMERCEDINAS.COM","Tiempo de lectura":"2 minutos"},"schema":{"@context":"https:\/\/schema.org","@graph":[{"@type":"Article","@id":"https:\/\/noticiasmercedinas.com\/site\/2025\/09\/23\/la-ciudad-de-mercedes-se-prepara-para-el-paseo-de-autores-y-autoras-este-fin-de-semana\/#article","isPartOf":{"@id":"https:\/\/noticiasmercedinas.com\/site\/2025\/09\/23\/la-ciudad-de-mercedes-se-prepara-para-el-paseo-de-autores-y-autoras-este-fin-de-semana\/"},"author":{"name":"NOTICIASMERCEDINAS.COM","@id":"https:\/\/noticiasmercedinas.com\/site\/#\/schema\/person\/84b59c099c28ff2e8b77d4ceec5d8063"},"headline":"La ciudad de Mercedes se prepara para el Paseo de Autores y Autoras, este fin de semana","datePublished":"2025-09-23T12:46:06+00:00","mainEntityOfPage":{"@id":"https:\/\/noticiasmercedinas.com\/site\/2025\/09\/23\/la-ciudad-de-mercedes-se-prepara-para-el-paseo-de-autores-y-autoras-este-fin-de-semana\/"},"wordCount":303,"publisher":{"@id":"https:\/\/noticiasmercedinas.com\/site\/#organization"},"image":{"@id":"https:\/\/noticiasmercedinas.com\/site\/2025\/09\/23\/la-ciudad-de-mercedes-se-prepara-para-el-paseo-de-autores-y-autoras-este-fin-de-semana\/#primaryimage"},"thumbnailUrl":"https:\/\/noticiasmercedinas.com\/site\/wp-content\/uploads\/2025\/09\/aa3568a6-df72-425b-8c69-464407092f50.jpg","keywords":["arte","paseo de autores"],"articleSection":["Cultura","Ultimo momento"],"inLanguage":"es"},{"@type":"WebPage","@id":"https:\/\/noticiasmercedinas.com\/site\/2025\/09\/23\/la-ciudad-de-mercedes-se-prepara-para-el-paseo-de-autores-y-autoras-este-fin-de-semana\/","url":"https:\/\/noticiasmercedinas.com\/site\/2025\/09\/23\/la-ciudad-de-mercedes-se-prepara-para-el-paseo-de-autores-y-autoras-este-fin-de-semana\/","name":"La ciudad de Mercedes se prepara para el Paseo de Autores y Autoras, este fin de semana","isPartOf":{"@id":"https:\/\/noticiasmercedinas.com\/site\/#website"},"primaryImageOfPage":{"@id":"https:\/\/noticiasmercedinas.com\/site\/2025\/09\/23\/la-ciudad-de-mercedes-se-prepara-para-el-paseo-de-autores-y-autoras-este-fin-de-semana\/#primaryimage"},"image":{"@id":"https:\/\/noticiasmercedinas.com\/site\/2025\/09\/23\/la-ciudad-de-mercedes-se-prepara-para-el-paseo-de-autores-y-autoras-este-fin-de-semana\/#primaryimage"},"thumbnailUrl":"https:\/\/noticiasmercedinas.com\/site\/wp-content\/uploads\/2025\/09\/aa3568a6-df72-425b-8c69-464407092f50.jpg","datePublished":"2025-09-23T12:46:06+00:00","description":"La iniciativa surge de una convocatoria abierta realizada en agosto para artistas visuales de la ciudad y busca brindarles mayor visibilidad, ofreciendo al p\u00fablico la posibilidad de encontrarse con sus obras y trayectorias desde una nueva perspectiva.","breadcrumb":{"@id":"https:\/\/noticiasmercedinas.com\/site\/2025\/09\/23\/la-ciudad-de-mercedes-se-prepara-para-el-paseo-de-autores-y-autoras-este-fin-de-semana\/#breadcrumb"},"inLanguage":"es","potentialAction":[{"@type":"ReadAction","target":["https:\/\/noticiasmercedinas.com\/site\/2025\/09\/23\/la-ciudad-de-mercedes-se-prepara-para-el-paseo-de-autores-y-autoras-este-fin-de-semana\/"]}]},{"@type":"ImageObject","inLanguage":"es","@id":"https:\/\/noticiasmercedinas.com\/site\/2025\/09\/23\/la-ciudad-de-mercedes-se-prepara-para-el-paseo-de-autores-y-autoras-este-fin-de-semana\/#primaryimage","url":"https:\/\/noticiasmercedinas.com\/site\/wp-content\/uploads\/2025\/09\/aa3568a6-df72-425b-8c69-464407092f50.jpg","contentUrl":"https:\/\/noticiasmercedinas.com\/site\/wp-content\/uploads\/2025\/09\/aa3568a6-df72-425b-8c69-464407092f50.jpg","width":1200,"height":801},{"@type":"BreadcrumbList","@id":"https:\/\/noticiasmercedinas.com\/site\/2025\/09\/23\/la-ciudad-de-mercedes-se-prepara-para-el-paseo-de-autores-y-autoras-este-fin-de-semana\/#breadcrumb","itemListElement":[{"@type":"ListItem","position":1,"name":"Portada","item":"https:\/\/noticiasmercedinas.com\/site\/"},{"@type":"ListItem","position":2,"name":"La ciudad de Mercedes se prepara para el Paseo de Autores y Autoras, este fin de semana"}]},{"@type":"WebSite","@id":"https:\/\/noticiasmercedinas.com\/site\/#website","url":"https:\/\/noticiasmercedinas.com\/site\/","name":"NOTICIASMERCEDINAS.COM","description":"Mercedes, Buenos Aires, Argentina","publisher":{"@id":"https:\/\/noticiasmercedinas.com\/site\/#organization"},"potentialAction":[{"@type":"SearchAction","target":{"@type":"EntryPoint","urlTemplate":"https:\/\/noticiasmercedinas.com\/site\/?s={search_term_string}"},"query-input":{"@type":"PropertyValueSpecification","valueRequired":true,"valueName":"search_term_string"}}],"inLanguage":"es"},{"@type":"Organization","@id":"https:\/\/noticiasmercedinas.com\/site\/#organization","name":"NOTICIASMERCEDINAS.COM","url":"https:\/\/noticiasmercedinas.com\/site\/","logo":{"@type":"ImageObject","inLanguage":"es","@id":"https:\/\/noticiasmercedinas.com\/site\/#\/schema\/logo\/image\/","url":"https:\/\/noticiasmercedinas.com\/site\/wp-content\/uploads\/2020\/06\/LOGO-512.jpg","contentUrl":"https:\/\/noticiasmercedinas.com\/site\/wp-content\/uploads\/2020\/06\/LOGO-512.jpg","width":512,"height":512,"caption":"NOTICIASMERCEDINAS.COM"},"image":{"@id":"https:\/\/noticiasmercedinas.com\/site\/#\/schema\/logo\/image\/"},"sameAs":["https:\/\/www.facebook.com\/noticiasmercedinas\/","https:\/\/x.com\/notmercedinas","https:\/\/www.instagram.com\/noticiasmercedinas\/"]},{"@type":"Person","@id":"https:\/\/noticiasmercedinas.com\/site\/#\/schema\/person\/84b59c099c28ff2e8b77d4ceec5d8063","name":"NOTICIASMERCEDINAS.COM","image":{"@type":"ImageObject","inLanguage":"es","@id":"https:\/\/secure.gravatar.com\/avatar\/4dfbf16b4d17945bfb6341b2d19043457132fcf478a5ee04f42e959fd8f5df0a?s=96&d=mm&r=g","url":"https:\/\/secure.gravatar.com\/avatar\/4dfbf16b4d17945bfb6341b2d19043457132fcf478a5ee04f42e959fd8f5df0a?s=96&d=mm&r=g","contentUrl":"https:\/\/secure.gravatar.com\/avatar\/4dfbf16b4d17945bfb6341b2d19043457132fcf478a5ee04f42e959fd8f5df0a?s=96&d=mm&r=g","caption":"NOTICIASMERCEDINAS.COM"},"url":"https:\/\/noticiasmercedinas.com\/site\/author\/anonimo\/"}]}},"amp_enabled":true,"_links":{"self":[{"href":"https:\/\/noticiasmercedinas.com\/site\/wp-json\/wp\/v2\/posts\/170156","targetHints":{"allow":["GET"]}}],"collection":[{"href":"https:\/\/noticiasmercedinas.com\/site\/wp-json\/wp\/v2\/posts"}],"about":[{"href":"https:\/\/noticiasmercedinas.com\/site\/wp-json\/wp\/v2\/types\/post"}],"author":[{"embeddable":true,"href":"https:\/\/noticiasmercedinas.com\/site\/wp-json\/wp\/v2\/users\/16"}],"replies":[{"embeddable":true,"href":"https:\/\/noticiasmercedinas.com\/site\/wp-json\/wp\/v2\/comments?post=170156"}],"version-history":[{"count":1,"href":"https:\/\/noticiasmercedinas.com\/site\/wp-json\/wp\/v2\/posts\/170156\/revisions"}],"predecessor-version":[{"id":170158,"href":"https:\/\/noticiasmercedinas.com\/site\/wp-json\/wp\/v2\/posts\/170156\/revisions\/170158"}],"wp:featuredmedia":[{"embeddable":true,"href":"https:\/\/noticiasmercedinas.com\/site\/wp-json\/wp\/v2\/media\/170157"}],"wp:attachment":[{"href":"https:\/\/noticiasmercedinas.com\/site\/wp-json\/wp\/v2\/media?parent=170156"}],"wp:term":[{"taxonomy":"category","embeddable":true,"href":"https:\/\/noticiasmercedinas.com\/site\/wp-json\/wp\/v2\/categories?post=170156"},{"taxonomy":"post_tag","embeddable":true,"href":"https:\/\/noticiasmercedinas.com\/site\/wp-json\/wp\/v2\/tags?post=170156"}],"curies":[{"name":"wp","href":"https:\/\/api.w.org\/{rel}","templated":true}]}}