{"id":170224,"date":"2025-09-24T15:42:50","date_gmt":"2025-09-24T18:42:50","guid":{"rendered":"https:\/\/noticiasmercedinas.com\/site\/?p=170224"},"modified":"2025-09-24T15:42:50","modified_gmt":"2025-09-24T18:42:50","slug":"musico-y-compositor-mercedino-invita-a-un-viaje-musical-al-universo-de-spinetta","status":"publish","type":"post","link":"https:\/\/noticiasmercedinas.com\/site\/2025\/09\/24\/musico-y-compositor-mercedino-invita-a-un-viaje-musical-al-universo-de-spinetta\/","title":{"rendered":"M\u00fasico y compositor mercedino invita a un viaje musical al universo de Spinetta"},"content":{"rendered":"<p><img loading=\"lazy\" decoding=\"async\" class=\"alignnone size-full wp-image-170225\" src=\"https:\/\/noticiasmercedinas.com\/site\/wp-content\/uploads\/2025\/09\/LUCASGUINOT.jpg\" alt=\"\" width=\"640\" height=\"436\" srcset=\"https:\/\/noticiasmercedinas.com\/site\/wp-content\/uploads\/2025\/09\/LUCASGUINOT.jpg 640w, https:\/\/noticiasmercedinas.com\/site\/wp-content\/uploads\/2025\/09\/LUCASGUINOT-300x204.jpg 300w\" sizes=\"auto, (max-width: 640px) 100vw, 640px\" \/><\/p>\n<p>El compositor y m\u00fasico mercedino <b>Lucas Guinot<\/b> dictar\u00e1 un taller virtual de apreciaci\u00f3n y an\u00e1lisis de la obra de <b>Luis Alberto Spinetta<\/b>. El curso, que busca ofrecer \u00abdiferentes acercamientos para ensanchar las interpretaciones\u00bb de las canciones del \u00abFlaco\u00bb, estar\u00e1 disponible a partir de octubre para todos los interesados.<\/p>\n<p>Guinot, quien es un reconocido compositor egresado de la Facultad de Bellas Artes de La Plata, record\u00f3 su primer acercamiento a la m\u00fasica de Spinetta. Entrevistado por este medio, cont\u00f3 que junto a sus hermanos compraron el disco <b>\u201cLa La La\u201d<\/b> en 1986 en la m\u00edtica disquer\u00eda local \u00abCasa Libra\u00bb y, al principio, no entend\u00edan lo que sonaba.<\/p>\n<blockquote><p>\u00abSu m\u00fasica sigue ense\u00f1ando, inclasificable, insondable, indomable\u00bb<\/p><\/blockquote>\n<p>\u201cPor suerte, pasados casi 40 a\u00f1os, lo conservo y lo sigo escuchando. Su m\u00fasica sigue ense\u00f1ando, inclasificable, insondable, indomable\u201d, expres\u00f3 Guinot, resaltando la profundidad de la obra del artista.<\/p>\n<p>El taller est\u00e1 dirigido a aquellos que deseen profundizar en el conocimiento de la m\u00fasica de Spinetta. Lucas Guinot, quien ha grabado y editado cuatro discos con sus obras y ha recibido premios por sus composiciones, es un profesional con una vasta trayectoria en el mundo musical. Actualmente, produce m\u00fasica para cine y teatro, y dicta clases en la Facultad de Bellas Artes de La Plata y en la Universidad de Palermo.<\/p>\n<p>Los interesados en participar del taller pueden solicitar m\u00e1s informaci\u00f3n escribiendo a <a href=\"mailto:lucasguinot@gmail.com\"><b>lucasguinot@gmail.com<\/b><\/a>.<\/p>\n<p><img loading=\"lazy\" decoding=\"async\" class=\"alignnone wp-image-170226\" src=\"https:\/\/noticiasmercedinas.com\/site\/wp-content\/uploads\/2025\/09\/552578461_25174161848854976_3232951393089746281_n.jpg\" alt=\"\" width=\"640\" height=\"640\" srcset=\"https:\/\/noticiasmercedinas.com\/site\/wp-content\/uploads\/2025\/09\/552578461_25174161848854976_3232951393089746281_n.jpg 500w, https:\/\/noticiasmercedinas.com\/site\/wp-content\/uploads\/2025\/09\/552578461_25174161848854976_3232951393089746281_n-300x300.jpg 300w, https:\/\/noticiasmercedinas.com\/site\/wp-content\/uploads\/2025\/09\/552578461_25174161848854976_3232951393089746281_n-150x150.jpg 150w\" sizes=\"auto, (max-width: 640px) 100vw, 640px\" \/><\/p>\n","protected":false},"excerpt":{"rendered":"<p>\u25a0 Lucas Guinot ofrecer\u00e1 un taller virtual para explorar la obra del \u00abFlaco\u00bb Luis Alberto Spinetta desde una perspectiva de apreciaci\u00f3n y an\u00e1lisis, bas\u00e1ndose en la inclasificable m\u00fasica del \u00edcono del rock nacional.<\/p>\n","protected":false},"author":16,"featured_media":170225,"comment_status":"closed","ping_status":"closed","sticky":false,"template":"","format":"standard","meta":{"footnotes":""},"categories":[4],"tags":[497,20932],"class_list":["post-170224","post","type-post","status-publish","format-standard","has-post-thumbnail","hentry","category-cultura","tag-lucas-guinot","tag-luis-alberto-spinetta"],"yoast_head":"<!-- This site is optimized with the Yoast SEO plugin v27.5 - https:\/\/yoast.com\/product\/yoast-seo-wordpress\/ -->\n<title>M\u00fasico y compositor mercedino invita a un viaje musical al universo de Spinetta<\/title>\n<meta name=\"description\" content=\"Lucas Guinot ofrecer\u00e1 un taller virtual para explorar la obra del &quot;Flaco&quot; Luis Alberto Spinetta desde una perspectiva de apreciaci\u00f3n y an\u00e1lisis, bas\u00e1ndose en la inclasificable m\u00fasica del \u00edcono del rock nacional.\" \/>\n<meta name=\"robots\" content=\"index, follow, max-snippet:-1, max-image-preview:large, max-video-preview:-1\" \/>\n<link rel=\"canonical\" href=\"https:\/\/noticiasmercedinas.com\/site\/2025\/09\/24\/musico-y-compositor-mercedino-invita-a-un-viaje-musical-al-universo-de-spinetta\/\" \/>\n<meta property=\"og:locale\" content=\"es_ES\" \/>\n<meta property=\"og:type\" content=\"article\" \/>\n<meta property=\"og:title\" content=\"M\u00fasico y compositor mercedino invita a un viaje musical al universo de Spinetta\" \/>\n<meta property=\"og:description\" content=\"Lucas Guinot ofrecer\u00e1 un taller virtual para explorar la obra del &quot;Flaco&quot; Luis Alberto Spinetta desde una perspectiva de apreciaci\u00f3n y an\u00e1lisis, bas\u00e1ndose en la inclasificable m\u00fasica del \u00edcono del rock nacional.\" \/>\n<meta property=\"og:url\" content=\"https:\/\/noticiasmercedinas.com\/site\/2025\/09\/24\/musico-y-compositor-mercedino-invita-a-un-viaje-musical-al-universo-de-spinetta\/\" \/>\n<meta property=\"og:site_name\" content=\"NOTICIASMERCEDINAS.COM\" \/>\n<meta property=\"article:publisher\" content=\"https:\/\/www.facebook.com\/noticiasmercedinas\/\" \/>\n<meta property=\"article:published_time\" content=\"2025-09-24T18:42:50+00:00\" \/>\n<meta property=\"og:image\" content=\"https:\/\/noticiasmercedinas.com\/site\/wp-content\/uploads\/2025\/09\/LUCASGUINOT.jpg\" \/>\n\t<meta property=\"og:image:width\" content=\"640\" \/>\n\t<meta property=\"og:image:height\" content=\"436\" \/>\n\t<meta property=\"og:image:type\" content=\"image\/jpeg\" \/>\n<meta name=\"author\" content=\"NOTICIASMERCEDINAS.COM\" \/>\n<meta name=\"twitter:card\" content=\"summary_large_image\" \/>\n<meta name=\"twitter:creator\" content=\"@notmercedinas\" \/>\n<meta name=\"twitter:site\" content=\"@notmercedinas\" \/>\n<meta name=\"twitter:label1\" content=\"Escrito por\" \/>\n\t<meta name=\"twitter:data1\" content=\"NOTICIASMERCEDINAS.COM\" \/>\n\t<meta name=\"twitter:label2\" content=\"Tiempo de lectura\" \/>\n\t<meta name=\"twitter:data2\" content=\"2 minutos\" \/>\n<script type=\"application\/ld+json\" class=\"yoast-schema-graph\">{\"@context\":\"https:\\\/\\\/schema.org\",\"@graph\":[{\"@type\":\"Article\",\"@id\":\"https:\\\/\\\/noticiasmercedinas.com\\\/site\\\/2025\\\/09\\\/24\\\/musico-y-compositor-mercedino-invita-a-un-viaje-musical-al-universo-de-spinetta\\\/#article\",\"isPartOf\":{\"@id\":\"https:\\\/\\\/noticiasmercedinas.com\\\/site\\\/2025\\\/09\\\/24\\\/musico-y-compositor-mercedino-invita-a-un-viaje-musical-al-universo-de-spinetta\\\/\"},\"author\":{\"name\":\"NOTICIASMERCEDINAS.COM\",\"@id\":\"https:\\\/\\\/noticiasmercedinas.com\\\/site\\\/#\\\/schema\\\/person\\\/84b59c099c28ff2e8b77d4ceec5d8063\"},\"headline\":\"M\u00fasico y compositor mercedino invita a un viaje musical al universo de Spinetta\",\"datePublished\":\"2025-09-24T18:42:50+00:00\",\"mainEntityOfPage\":{\"@id\":\"https:\\\/\\\/noticiasmercedinas.com\\\/site\\\/2025\\\/09\\\/24\\\/musico-y-compositor-mercedino-invita-a-un-viaje-musical-al-universo-de-spinetta\\\/\"},\"wordCount\":257,\"publisher\":{\"@id\":\"https:\\\/\\\/noticiasmercedinas.com\\\/site\\\/#organization\"},\"image\":{\"@id\":\"https:\\\/\\\/noticiasmercedinas.com\\\/site\\\/2025\\\/09\\\/24\\\/musico-y-compositor-mercedino-invita-a-un-viaje-musical-al-universo-de-spinetta\\\/#primaryimage\"},\"thumbnailUrl\":\"https:\\\/\\\/noticiasmercedinas.com\\\/site\\\/wp-content\\\/uploads\\\/2025\\\/09\\\/LUCASGUINOT.jpg\",\"keywords\":[\"Lucas Guinot\",\"luis alberto spinetta\"],\"articleSection\":[\"Cultura\"],\"inLanguage\":\"es\"},{\"@type\":\"WebPage\",\"@id\":\"https:\\\/\\\/noticiasmercedinas.com\\\/site\\\/2025\\\/09\\\/24\\\/musico-y-compositor-mercedino-invita-a-un-viaje-musical-al-universo-de-spinetta\\\/\",\"url\":\"https:\\\/\\\/noticiasmercedinas.com\\\/site\\\/2025\\\/09\\\/24\\\/musico-y-compositor-mercedino-invita-a-un-viaje-musical-al-universo-de-spinetta\\\/\",\"name\":\"M\u00fasico y compositor mercedino invita a un viaje musical al universo de Spinetta\",\"isPartOf\":{\"@id\":\"https:\\\/\\\/noticiasmercedinas.com\\\/site\\\/#website\"},\"primaryImageOfPage\":{\"@id\":\"https:\\\/\\\/noticiasmercedinas.com\\\/site\\\/2025\\\/09\\\/24\\\/musico-y-compositor-mercedino-invita-a-un-viaje-musical-al-universo-de-spinetta\\\/#primaryimage\"},\"image\":{\"@id\":\"https:\\\/\\\/noticiasmercedinas.com\\\/site\\\/2025\\\/09\\\/24\\\/musico-y-compositor-mercedino-invita-a-un-viaje-musical-al-universo-de-spinetta\\\/#primaryimage\"},\"thumbnailUrl\":\"https:\\\/\\\/noticiasmercedinas.com\\\/site\\\/wp-content\\\/uploads\\\/2025\\\/09\\\/LUCASGUINOT.jpg\",\"datePublished\":\"2025-09-24T18:42:50+00:00\",\"description\":\"Lucas Guinot ofrecer\u00e1 un taller virtual para explorar la obra del \\\"Flaco\\\" Luis Alberto Spinetta desde una perspectiva de apreciaci\u00f3n y an\u00e1lisis, bas\u00e1ndose en la inclasificable m\u00fasica del \u00edcono del rock nacional.\",\"breadcrumb\":{\"@id\":\"https:\\\/\\\/noticiasmercedinas.com\\\/site\\\/2025\\\/09\\\/24\\\/musico-y-compositor-mercedino-invita-a-un-viaje-musical-al-universo-de-spinetta\\\/#breadcrumb\"},\"inLanguage\":\"es\",\"potentialAction\":[{\"@type\":\"ReadAction\",\"target\":[\"https:\\\/\\\/noticiasmercedinas.com\\\/site\\\/2025\\\/09\\\/24\\\/musico-y-compositor-mercedino-invita-a-un-viaje-musical-al-universo-de-spinetta\\\/\"]}]},{\"@type\":\"ImageObject\",\"inLanguage\":\"es\",\"@id\":\"https:\\\/\\\/noticiasmercedinas.com\\\/site\\\/2025\\\/09\\\/24\\\/musico-y-compositor-mercedino-invita-a-un-viaje-musical-al-universo-de-spinetta\\\/#primaryimage\",\"url\":\"https:\\\/\\\/noticiasmercedinas.com\\\/site\\\/wp-content\\\/uploads\\\/2025\\\/09\\\/LUCASGUINOT.jpg\",\"contentUrl\":\"https:\\\/\\\/noticiasmercedinas.com\\\/site\\\/wp-content\\\/uploads\\\/2025\\\/09\\\/LUCASGUINOT.jpg\",\"width\":640,\"height\":436},{\"@type\":\"BreadcrumbList\",\"@id\":\"https:\\\/\\\/noticiasmercedinas.com\\\/site\\\/2025\\\/09\\\/24\\\/musico-y-compositor-mercedino-invita-a-un-viaje-musical-al-universo-de-spinetta\\\/#breadcrumb\",\"itemListElement\":[{\"@type\":\"ListItem\",\"position\":1,\"name\":\"Portada\",\"item\":\"https:\\\/\\\/noticiasmercedinas.com\\\/site\\\/\"},{\"@type\":\"ListItem\",\"position\":2,\"name\":\"M\u00fasico y compositor mercedino invita a un viaje musical al universo de Spinetta\"}]},{\"@type\":\"WebSite\",\"@id\":\"https:\\\/\\\/noticiasmercedinas.com\\\/site\\\/#website\",\"url\":\"https:\\\/\\\/noticiasmercedinas.com\\\/site\\\/\",\"name\":\"NOTICIASMERCEDINAS.COM\",\"description\":\"Mercedes, Buenos Aires, Argentina\",\"publisher\":{\"@id\":\"https:\\\/\\\/noticiasmercedinas.com\\\/site\\\/#organization\"},\"potentialAction\":[{\"@type\":\"SearchAction\",\"target\":{\"@type\":\"EntryPoint\",\"urlTemplate\":\"https:\\\/\\\/noticiasmercedinas.com\\\/site\\\/?s={search_term_string}\"},\"query-input\":{\"@type\":\"PropertyValueSpecification\",\"valueRequired\":true,\"valueName\":\"search_term_string\"}}],\"inLanguage\":\"es\"},{\"@type\":\"Organization\",\"@id\":\"https:\\\/\\\/noticiasmercedinas.com\\\/site\\\/#organization\",\"name\":\"NOTICIASMERCEDINAS.COM\",\"url\":\"https:\\\/\\\/noticiasmercedinas.com\\\/site\\\/\",\"logo\":{\"@type\":\"ImageObject\",\"inLanguage\":\"es\",\"@id\":\"https:\\\/\\\/noticiasmercedinas.com\\\/site\\\/#\\\/schema\\\/logo\\\/image\\\/\",\"url\":\"https:\\\/\\\/noticiasmercedinas.com\\\/site\\\/wp-content\\\/uploads\\\/2020\\\/06\\\/LOGO-512.jpg\",\"contentUrl\":\"https:\\\/\\\/noticiasmercedinas.com\\\/site\\\/wp-content\\\/uploads\\\/2020\\\/06\\\/LOGO-512.jpg\",\"width\":512,\"height\":512,\"caption\":\"NOTICIASMERCEDINAS.COM\"},\"image\":{\"@id\":\"https:\\\/\\\/noticiasmercedinas.com\\\/site\\\/#\\\/schema\\\/logo\\\/image\\\/\"},\"sameAs\":[\"https:\\\/\\\/www.facebook.com\\\/noticiasmercedinas\\\/\",\"https:\\\/\\\/x.com\\\/notmercedinas\",\"https:\\\/\\\/www.instagram.com\\\/noticiasmercedinas\\\/\"]},{\"@type\":\"Person\",\"@id\":\"https:\\\/\\\/noticiasmercedinas.com\\\/site\\\/#\\\/schema\\\/person\\\/84b59c099c28ff2e8b77d4ceec5d8063\",\"name\":\"NOTICIASMERCEDINAS.COM\",\"image\":{\"@type\":\"ImageObject\",\"inLanguage\":\"es\",\"@id\":\"https:\\\/\\\/secure.gravatar.com\\\/avatar\\\/4dfbf16b4d17945bfb6341b2d19043457132fcf478a5ee04f42e959fd8f5df0a?s=96&d=mm&r=g\",\"url\":\"https:\\\/\\\/secure.gravatar.com\\\/avatar\\\/4dfbf16b4d17945bfb6341b2d19043457132fcf478a5ee04f42e959fd8f5df0a?s=96&d=mm&r=g\",\"contentUrl\":\"https:\\\/\\\/secure.gravatar.com\\\/avatar\\\/4dfbf16b4d17945bfb6341b2d19043457132fcf478a5ee04f42e959fd8f5df0a?s=96&d=mm&r=g\",\"caption\":\"NOTICIASMERCEDINAS.COM\"},\"url\":\"https:\\\/\\\/noticiasmercedinas.com\\\/site\\\/author\\\/anonimo\\\/\"}]}<\/script>\n<!-- \/ Yoast SEO plugin. -->","yoast_head_json":{"title":"M\u00fasico y compositor mercedino invita a un viaje musical al universo de Spinetta","description":"Lucas Guinot ofrecer\u00e1 un taller virtual para explorar la obra del \"Flaco\" Luis Alberto Spinetta desde una perspectiva de apreciaci\u00f3n y an\u00e1lisis, bas\u00e1ndose en la inclasificable m\u00fasica del \u00edcono del rock nacional.","robots":{"index":"index","follow":"follow","max-snippet":"max-snippet:-1","max-image-preview":"max-image-preview:large","max-video-preview":"max-video-preview:-1"},"canonical":"https:\/\/noticiasmercedinas.com\/site\/2025\/09\/24\/musico-y-compositor-mercedino-invita-a-un-viaje-musical-al-universo-de-spinetta\/","og_locale":"es_ES","og_type":"article","og_title":"M\u00fasico y compositor mercedino invita a un viaje musical al universo de Spinetta","og_description":"Lucas Guinot ofrecer\u00e1 un taller virtual para explorar la obra del \"Flaco\" Luis Alberto Spinetta desde una perspectiva de apreciaci\u00f3n y an\u00e1lisis, bas\u00e1ndose en la inclasificable m\u00fasica del \u00edcono del rock nacional.","og_url":"https:\/\/noticiasmercedinas.com\/site\/2025\/09\/24\/musico-y-compositor-mercedino-invita-a-un-viaje-musical-al-universo-de-spinetta\/","og_site_name":"NOTICIASMERCEDINAS.COM","article_publisher":"https:\/\/www.facebook.com\/noticiasmercedinas\/","article_published_time":"2025-09-24T18:42:50+00:00","og_image":[{"width":640,"height":436,"url":"https:\/\/noticiasmercedinas.com\/site\/wp-content\/uploads\/2025\/09\/LUCASGUINOT.jpg","type":"image\/jpeg"}],"author":"NOTICIASMERCEDINAS.COM","twitter_card":"summary_large_image","twitter_creator":"@notmercedinas","twitter_site":"@notmercedinas","twitter_misc":{"Escrito por":"NOTICIASMERCEDINAS.COM","Tiempo de lectura":"2 minutos"},"schema":{"@context":"https:\/\/schema.org","@graph":[{"@type":"Article","@id":"https:\/\/noticiasmercedinas.com\/site\/2025\/09\/24\/musico-y-compositor-mercedino-invita-a-un-viaje-musical-al-universo-de-spinetta\/#article","isPartOf":{"@id":"https:\/\/noticiasmercedinas.com\/site\/2025\/09\/24\/musico-y-compositor-mercedino-invita-a-un-viaje-musical-al-universo-de-spinetta\/"},"author":{"name":"NOTICIASMERCEDINAS.COM","@id":"https:\/\/noticiasmercedinas.com\/site\/#\/schema\/person\/84b59c099c28ff2e8b77d4ceec5d8063"},"headline":"M\u00fasico y compositor mercedino invita a un viaje musical al universo de Spinetta","datePublished":"2025-09-24T18:42:50+00:00","mainEntityOfPage":{"@id":"https:\/\/noticiasmercedinas.com\/site\/2025\/09\/24\/musico-y-compositor-mercedino-invita-a-un-viaje-musical-al-universo-de-spinetta\/"},"wordCount":257,"publisher":{"@id":"https:\/\/noticiasmercedinas.com\/site\/#organization"},"image":{"@id":"https:\/\/noticiasmercedinas.com\/site\/2025\/09\/24\/musico-y-compositor-mercedino-invita-a-un-viaje-musical-al-universo-de-spinetta\/#primaryimage"},"thumbnailUrl":"https:\/\/noticiasmercedinas.com\/site\/wp-content\/uploads\/2025\/09\/LUCASGUINOT.jpg","keywords":["Lucas Guinot","luis alberto spinetta"],"articleSection":["Cultura"],"inLanguage":"es"},{"@type":"WebPage","@id":"https:\/\/noticiasmercedinas.com\/site\/2025\/09\/24\/musico-y-compositor-mercedino-invita-a-un-viaje-musical-al-universo-de-spinetta\/","url":"https:\/\/noticiasmercedinas.com\/site\/2025\/09\/24\/musico-y-compositor-mercedino-invita-a-un-viaje-musical-al-universo-de-spinetta\/","name":"M\u00fasico y compositor mercedino invita a un viaje musical al universo de Spinetta","isPartOf":{"@id":"https:\/\/noticiasmercedinas.com\/site\/#website"},"primaryImageOfPage":{"@id":"https:\/\/noticiasmercedinas.com\/site\/2025\/09\/24\/musico-y-compositor-mercedino-invita-a-un-viaje-musical-al-universo-de-spinetta\/#primaryimage"},"image":{"@id":"https:\/\/noticiasmercedinas.com\/site\/2025\/09\/24\/musico-y-compositor-mercedino-invita-a-un-viaje-musical-al-universo-de-spinetta\/#primaryimage"},"thumbnailUrl":"https:\/\/noticiasmercedinas.com\/site\/wp-content\/uploads\/2025\/09\/LUCASGUINOT.jpg","datePublished":"2025-09-24T18:42:50+00:00","description":"Lucas Guinot ofrecer\u00e1 un taller virtual para explorar la obra del \"Flaco\" Luis Alberto Spinetta desde una perspectiva de apreciaci\u00f3n y an\u00e1lisis, bas\u00e1ndose en la inclasificable m\u00fasica del \u00edcono del rock nacional.","breadcrumb":{"@id":"https:\/\/noticiasmercedinas.com\/site\/2025\/09\/24\/musico-y-compositor-mercedino-invita-a-un-viaje-musical-al-universo-de-spinetta\/#breadcrumb"},"inLanguage":"es","potentialAction":[{"@type":"ReadAction","target":["https:\/\/noticiasmercedinas.com\/site\/2025\/09\/24\/musico-y-compositor-mercedino-invita-a-un-viaje-musical-al-universo-de-spinetta\/"]}]},{"@type":"ImageObject","inLanguage":"es","@id":"https:\/\/noticiasmercedinas.com\/site\/2025\/09\/24\/musico-y-compositor-mercedino-invita-a-un-viaje-musical-al-universo-de-spinetta\/#primaryimage","url":"https:\/\/noticiasmercedinas.com\/site\/wp-content\/uploads\/2025\/09\/LUCASGUINOT.jpg","contentUrl":"https:\/\/noticiasmercedinas.com\/site\/wp-content\/uploads\/2025\/09\/LUCASGUINOT.jpg","width":640,"height":436},{"@type":"BreadcrumbList","@id":"https:\/\/noticiasmercedinas.com\/site\/2025\/09\/24\/musico-y-compositor-mercedino-invita-a-un-viaje-musical-al-universo-de-spinetta\/#breadcrumb","itemListElement":[{"@type":"ListItem","position":1,"name":"Portada","item":"https:\/\/noticiasmercedinas.com\/site\/"},{"@type":"ListItem","position":2,"name":"M\u00fasico y compositor mercedino invita a un viaje musical al universo de Spinetta"}]},{"@type":"WebSite","@id":"https:\/\/noticiasmercedinas.com\/site\/#website","url":"https:\/\/noticiasmercedinas.com\/site\/","name":"NOTICIASMERCEDINAS.COM","description":"Mercedes, Buenos Aires, Argentina","publisher":{"@id":"https:\/\/noticiasmercedinas.com\/site\/#organization"},"potentialAction":[{"@type":"SearchAction","target":{"@type":"EntryPoint","urlTemplate":"https:\/\/noticiasmercedinas.com\/site\/?s={search_term_string}"},"query-input":{"@type":"PropertyValueSpecification","valueRequired":true,"valueName":"search_term_string"}}],"inLanguage":"es"},{"@type":"Organization","@id":"https:\/\/noticiasmercedinas.com\/site\/#organization","name":"NOTICIASMERCEDINAS.COM","url":"https:\/\/noticiasmercedinas.com\/site\/","logo":{"@type":"ImageObject","inLanguage":"es","@id":"https:\/\/noticiasmercedinas.com\/site\/#\/schema\/logo\/image\/","url":"https:\/\/noticiasmercedinas.com\/site\/wp-content\/uploads\/2020\/06\/LOGO-512.jpg","contentUrl":"https:\/\/noticiasmercedinas.com\/site\/wp-content\/uploads\/2020\/06\/LOGO-512.jpg","width":512,"height":512,"caption":"NOTICIASMERCEDINAS.COM"},"image":{"@id":"https:\/\/noticiasmercedinas.com\/site\/#\/schema\/logo\/image\/"},"sameAs":["https:\/\/www.facebook.com\/noticiasmercedinas\/","https:\/\/x.com\/notmercedinas","https:\/\/www.instagram.com\/noticiasmercedinas\/"]},{"@type":"Person","@id":"https:\/\/noticiasmercedinas.com\/site\/#\/schema\/person\/84b59c099c28ff2e8b77d4ceec5d8063","name":"NOTICIASMERCEDINAS.COM","image":{"@type":"ImageObject","inLanguage":"es","@id":"https:\/\/secure.gravatar.com\/avatar\/4dfbf16b4d17945bfb6341b2d19043457132fcf478a5ee04f42e959fd8f5df0a?s=96&d=mm&r=g","url":"https:\/\/secure.gravatar.com\/avatar\/4dfbf16b4d17945bfb6341b2d19043457132fcf478a5ee04f42e959fd8f5df0a?s=96&d=mm&r=g","contentUrl":"https:\/\/secure.gravatar.com\/avatar\/4dfbf16b4d17945bfb6341b2d19043457132fcf478a5ee04f42e959fd8f5df0a?s=96&d=mm&r=g","caption":"NOTICIASMERCEDINAS.COM"},"url":"https:\/\/noticiasmercedinas.com\/site\/author\/anonimo\/"}]}},"amp_enabled":true,"_links":{"self":[{"href":"https:\/\/noticiasmercedinas.com\/site\/wp-json\/wp\/v2\/posts\/170224","targetHints":{"allow":["GET"]}}],"collection":[{"href":"https:\/\/noticiasmercedinas.com\/site\/wp-json\/wp\/v2\/posts"}],"about":[{"href":"https:\/\/noticiasmercedinas.com\/site\/wp-json\/wp\/v2\/types\/post"}],"author":[{"embeddable":true,"href":"https:\/\/noticiasmercedinas.com\/site\/wp-json\/wp\/v2\/users\/16"}],"replies":[{"embeddable":true,"href":"https:\/\/noticiasmercedinas.com\/site\/wp-json\/wp\/v2\/comments?post=170224"}],"version-history":[{"count":1,"href":"https:\/\/noticiasmercedinas.com\/site\/wp-json\/wp\/v2\/posts\/170224\/revisions"}],"predecessor-version":[{"id":170227,"href":"https:\/\/noticiasmercedinas.com\/site\/wp-json\/wp\/v2\/posts\/170224\/revisions\/170227"}],"wp:featuredmedia":[{"embeddable":true,"href":"https:\/\/noticiasmercedinas.com\/site\/wp-json\/wp\/v2\/media\/170225"}],"wp:attachment":[{"href":"https:\/\/noticiasmercedinas.com\/site\/wp-json\/wp\/v2\/media?parent=170224"}],"wp:term":[{"taxonomy":"category","embeddable":true,"href":"https:\/\/noticiasmercedinas.com\/site\/wp-json\/wp\/v2\/categories?post=170224"},{"taxonomy":"post_tag","embeddable":true,"href":"https:\/\/noticiasmercedinas.com\/site\/wp-json\/wp\/v2\/tags?post=170224"}],"curies":[{"name":"wp","href":"https:\/\/api.w.org\/{rel}","templated":true}]}}