{"id":170238,"date":"2025-09-24T17:12:01","date_gmt":"2025-09-24T20:12:01","guid":{"rendered":"https:\/\/noticiasmercedinas.com\/site\/?p=170238"},"modified":"2025-09-24T17:12:01","modified_gmt":"2025-09-24T20:12:01","slug":"cerveceria-6600-se-prepara-para-la-septima-edicion-del-festival-de-cerveceros-en-mercedes","status":"publish","type":"post","link":"https:\/\/noticiasmercedinas.com\/site\/2025\/09\/24\/cerveceria-6600-se-prepara-para-la-septima-edicion-del-festival-de-cerveceros-en-mercedes\/","title":{"rendered":"Cervecer\u00eda 6600 se prepara para la s\u00e9ptima edici\u00f3n del Festival de Cerveceros en Mercedes"},"content":{"rendered":"<p><img loading=\"lazy\" decoding=\"async\" class=\"alignnone size-full wp-image-170241\" src=\"https:\/\/noticiasmercedinas.com\/site\/wp-content\/uploads\/2025\/09\/6600.jpg\" alt=\"\" width=\"963\" height=\"786\" srcset=\"https:\/\/noticiasmercedinas.com\/site\/wp-content\/uploads\/2025\/09\/6600.jpg 963w, https:\/\/noticiasmercedinas.com\/site\/wp-content\/uploads\/2025\/09\/6600-300x245.jpg 300w, https:\/\/noticiasmercedinas.com\/site\/wp-content\/uploads\/2025\/09\/6600-768x627.jpg 768w, https:\/\/noticiasmercedinas.com\/site\/wp-content\/uploads\/2025\/09\/6600-640x522.jpg 640w, https:\/\/noticiasmercedinas.com\/site\/wp-content\/uploads\/2025\/09\/6600-681x556.jpg 681w\" sizes=\"auto, (max-width: 963px) 100vw, 963px\" \/><\/p>\n<p>La ciudad de Mercedes se prepara para celebrar la s\u00e9ptima edici\u00f3n del <b>Festival de Cerveceros Mercedinos<\/b>, un evento que se ha consolidado como un gran impulsor de la econom\u00eda local.<\/p>\n<p><b>Arturo Puga<\/b>, productor de la <b>Microcervecer\u00eda 6600<\/b>, confirm\u00f3 que el festival se llevar\u00e1 a cabo el pr\u00f3ximo <b>s\u00e1bado 4 y domingo 5 de octubre<\/b> en el sector de la pista de ciclismo del Parque Nuevo, un lugar alternativo que ya ha albergado otros eventos como el Festival Mastai.<\/p>\n<blockquote><p>El productor Arturo Puga de Microcervecer\u00eda 6600, anunci\u00f3 que el evento se realizar\u00e1 el 4 y 5 de octubre en el Parque Nuevo y contar\u00e1 con la participaci\u00f3n de 10 productores locales, shows en vivo y food trucks.<\/p><\/blockquote>\n<p>Seg\u00fan Puga, este a\u00f1o participar\u00e1n 10 productores de cerveza de la ciudad, incluyendo a un nuevo emprendedor que se suma a la propuesta.<\/p>\n<p>Aunque no se ha difundido la grilla completa, el festival contar\u00e1 con dos escenarios, uno principal y otro alternativo, donde se presentar\u00e1n artistas y actores culturales locales, fortaleciendo as\u00ed la escena cultural de Mercedes.<\/p>\n<p>El evento no solo ofrece un espacio para degustar cervezas artesanales, sino que tambi\u00e9n contar\u00e1 con food trucks y cantinas solidarias de los clubes, que se encargar\u00e1n del estacionamiento.<\/p>\n<p>Puga destac\u00f3 la importancia del festival para la econom\u00eda local, ya que su preparaci\u00f3n y realizaci\u00f3n benefician a diversos comercios, desde ferreter\u00edas hasta otros proveedores, generando un \u00abgran impulso\u00bb para la ciudad.<\/p>\n<p>El festival se realizar\u00e1 los dos d\u00edas, desde el mediod\u00eda hasta la medianoche.<\/p>\n<div class=\"html-div xdj266r x14z9mp xat24cr x1lziwak xexx8yu xyri2b x18d9i69 x1c1uobl x9f619 xjbqb8w x15mokao x1ga7v0g x16uus16 xbiv7yw x1uhb9sk x1plvlek xryxfnj x1c4vz4f x2lah0s x1q0g3np xqjyukv x1oa3qoh x6s0dn4 x1amjocr x78zum5 xl56j7k\"><strong><span class=\"x1lliihq x1plvlek xryxfnj x1n2onr6 xyejjpt x15dsfln x193iq5w xeuugli x1fj9vlw x13faqbe x1vvkbs x1s928wv xhkezso x1gmr53x x1cpjm7i x1fgarty x1943h6x x1i0vuye xvs91rp x1s688f x5n08af x10wh9bi xpm28yp x8viiok x1o7cslx\" dir=\"auto\">6600 Microcervecer\u00eda<\/span><\/strong><\/div>\n<div><strong>IG: <a href=\"https:\/\/www.instagram.com\/6600microcerveceria\">https:\/\/www.instagram.com\/6600microcerveceria<\/a><\/strong><\/div>\n<div tabindex=\"0\" role=\"button\" aria-disabled=\"false\"><strong><span class=\"_ap3a _aaco _aacu _aacx _aad7 _aade\" dir=\"auto\">&#x1f37a; F\u00e1brica de Cerveza Artesanal \/ Bar \/ Morfi<br \/>\n&#x1faa7; Abierto de Jueves a Domingo<br \/>\n&#x1f4cd; Alquiler de Choperas.<br \/>\n&#x260e; 2324 50 6600<\/span><\/strong><\/div>\n<p class=\"_ap3a _aaco _aacu _aacy _aad6 _aade\" dir=\"auto\"><strong>Colectora ruta 5 km 95 y calle 600, Mercedes, Buenos Aires. CP 6600<\/strong><\/p>\n<p dir=\"auto\"><img loading=\"lazy\" decoding=\"async\" class=\"alignnone size-full wp-image-170242\" src=\"https:\/\/noticiasmercedinas.com\/site\/wp-content\/uploads\/2025\/09\/66001.jpg\" alt=\"\" width=\"688\" height=\"864\" srcset=\"https:\/\/noticiasmercedinas.com\/site\/wp-content\/uploads\/2025\/09\/66001.jpg 688w, https:\/\/noticiasmercedinas.com\/site\/wp-content\/uploads\/2025\/09\/66001-239x300.jpg 239w, https:\/\/noticiasmercedinas.com\/site\/wp-content\/uploads\/2025\/09\/66001-640x804.jpg 640w, https:\/\/noticiasmercedinas.com\/site\/wp-content\/uploads\/2025\/09\/66001-681x855.jpg 681w\" sizes=\"auto, (max-width: 688px) 100vw, 688px\" \/><\/p>\n<div class=\"x3nfvp2 x193iq5w\"><\/div>\n<div class=\"html-div xdj266r x14z9mp xat24cr x1lziwak xexx8yu xyri2b x18d9i69 x1c1uobl x9f619 xjbqb8w x78zum5 x15mokao x1ga7v0g x16uus16 xbiv7yw x1uhb9sk x1plvlek xryxfnj x1c4vz4f x2lah0s x1q0g3np xqjyukv x6s0dn4 x1oa3qoh x1nhvcw1\"><\/div>\n","protected":false},"excerpt":{"rendered":"<p>La ciudad de Mercedes se prepara para celebrar la s\u00e9ptima edici\u00f3n del Festival de Cerveceros Mercedinos, un evento que se ha consolidado como un gran impulsor de la econom\u00eda local. Arturo Puga, productor de la Microcervecer\u00eda 6600, confirm\u00f3 que el festival se llevar\u00e1 a cabo el pr\u00f3ximo s\u00e1bado 4 y domingo 5 de octubre en [&hellip;]<\/p>\n","protected":false},"author":16,"featured_media":170241,"comment_status":"closed","ping_status":"closed","sticky":false,"template":"","format":"standard","meta":{"footnotes":""},"categories":[74],"tags":[10853,6339,6671],"class_list":["post-170238","post","type-post","status-publish","format-standard","has-post-thumbnail","hentry","category-emprendimientos","tag-6600-microcerveceria","tag-arturo-puga","tag-festival-de-cerveceros"],"yoast_head":"<!-- This site is optimized with the Yoast SEO plugin v27.5 - https:\/\/yoast.com\/product\/yoast-seo-wordpress\/ -->\n<title>Cervecer\u00eda 6600 se prepara para la s\u00e9ptima edici\u00f3n del Festival de Cerveceros en Mercedes<\/title>\n<meta name=\"robots\" content=\"index, follow, max-snippet:-1, max-image-preview:large, max-video-preview:-1\" \/>\n<link rel=\"canonical\" href=\"https:\/\/noticiasmercedinas.com\/site\/2025\/09\/24\/cerveceria-6600-se-prepara-para-la-septima-edicion-del-festival-de-cerveceros-en-mercedes\/\" \/>\n<meta property=\"og:locale\" content=\"es_ES\" \/>\n<meta property=\"og:type\" content=\"article\" \/>\n<meta property=\"og:title\" content=\"Cervecer\u00eda 6600 se prepara para la s\u00e9ptima edici\u00f3n del Festival de Cerveceros en Mercedes\" \/>\n<meta property=\"og:description\" content=\"La ciudad de Mercedes se prepara para celebrar la s\u00e9ptima edici\u00f3n del Festival de Cerveceros Mercedinos, un evento que se ha consolidado como un gran impulsor de la econom\u00eda local. Arturo Puga, productor de la Microcervecer\u00eda 6600, confirm\u00f3 que el festival se llevar\u00e1 a cabo el pr\u00f3ximo s\u00e1bado 4 y domingo 5 de octubre en [&hellip;]\" \/>\n<meta property=\"og:url\" content=\"https:\/\/noticiasmercedinas.com\/site\/2025\/09\/24\/cerveceria-6600-se-prepara-para-la-septima-edicion-del-festival-de-cerveceros-en-mercedes\/\" \/>\n<meta property=\"og:site_name\" content=\"NOTICIASMERCEDINAS.COM\" \/>\n<meta property=\"article:publisher\" content=\"https:\/\/www.facebook.com\/noticiasmercedinas\/\" \/>\n<meta property=\"article:published_time\" content=\"2025-09-24T20:12:01+00:00\" \/>\n<meta property=\"og:image\" content=\"https:\/\/noticiasmercedinas.com\/site\/wp-content\/uploads\/2025\/09\/6600.jpg\" \/>\n\t<meta property=\"og:image:width\" content=\"963\" \/>\n\t<meta property=\"og:image:height\" content=\"786\" \/>\n\t<meta property=\"og:image:type\" content=\"image\/jpeg\" \/>\n<meta name=\"author\" content=\"NOTICIASMERCEDINAS.COM\" \/>\n<meta name=\"twitter:card\" content=\"summary_large_image\" \/>\n<meta name=\"twitter:creator\" content=\"@notmercedinas\" \/>\n<meta name=\"twitter:site\" content=\"@notmercedinas\" \/>\n<meta name=\"twitter:label1\" content=\"Escrito por\" \/>\n\t<meta name=\"twitter:data1\" content=\"NOTICIASMERCEDINAS.COM\" \/>\n\t<meta name=\"twitter:label2\" content=\"Tiempo de lectura\" \/>\n\t<meta name=\"twitter:data2\" content=\"2 minutos\" \/>\n<script type=\"application\/ld+json\" class=\"yoast-schema-graph\">{\"@context\":\"https:\\\/\\\/schema.org\",\"@graph\":[{\"@type\":\"Article\",\"@id\":\"https:\\\/\\\/noticiasmercedinas.com\\\/site\\\/2025\\\/09\\\/24\\\/cerveceria-6600-se-prepara-para-la-septima-edicion-del-festival-de-cerveceros-en-mercedes\\\/#article\",\"isPartOf\":{\"@id\":\"https:\\\/\\\/noticiasmercedinas.com\\\/site\\\/2025\\\/09\\\/24\\\/cerveceria-6600-se-prepara-para-la-septima-edicion-del-festival-de-cerveceros-en-mercedes\\\/\"},\"author\":{\"name\":\"NOTICIASMERCEDINAS.COM\",\"@id\":\"https:\\\/\\\/noticiasmercedinas.com\\\/site\\\/#\\\/schema\\\/person\\\/84b59c099c28ff2e8b77d4ceec5d8063\"},\"headline\":\"Cervecer\u00eda 6600 se prepara para la s\u00e9ptima edici\u00f3n del Festival de Cerveceros en Mercedes\",\"datePublished\":\"2025-09-24T20:12:01+00:00\",\"mainEntityOfPage\":{\"@id\":\"https:\\\/\\\/noticiasmercedinas.com\\\/site\\\/2025\\\/09\\\/24\\\/cerveceria-6600-se-prepara-para-la-septima-edicion-del-festival-de-cerveceros-en-mercedes\\\/\"},\"wordCount\":317,\"publisher\":{\"@id\":\"https:\\\/\\\/noticiasmercedinas.com\\\/site\\\/#organization\"},\"image\":{\"@id\":\"https:\\\/\\\/noticiasmercedinas.com\\\/site\\\/2025\\\/09\\\/24\\\/cerveceria-6600-se-prepara-para-la-septima-edicion-del-festival-de-cerveceros-en-mercedes\\\/#primaryimage\"},\"thumbnailUrl\":\"https:\\\/\\\/noticiasmercedinas.com\\\/site\\\/wp-content\\\/uploads\\\/2025\\\/09\\\/6600.jpg\",\"keywords\":[\"6600 Microcerveceria\",\"arturo puga\",\"festival de Cerveceros\"],\"articleSection\":[\"Emprendimientos\"],\"inLanguage\":\"es\"},{\"@type\":\"WebPage\",\"@id\":\"https:\\\/\\\/noticiasmercedinas.com\\\/site\\\/2025\\\/09\\\/24\\\/cerveceria-6600-se-prepara-para-la-septima-edicion-del-festival-de-cerveceros-en-mercedes\\\/\",\"url\":\"https:\\\/\\\/noticiasmercedinas.com\\\/site\\\/2025\\\/09\\\/24\\\/cerveceria-6600-se-prepara-para-la-septima-edicion-del-festival-de-cerveceros-en-mercedes\\\/\",\"name\":\"Cervecer\u00eda 6600 se prepara para la s\u00e9ptima edici\u00f3n del Festival de Cerveceros en Mercedes\",\"isPartOf\":{\"@id\":\"https:\\\/\\\/noticiasmercedinas.com\\\/site\\\/#website\"},\"primaryImageOfPage\":{\"@id\":\"https:\\\/\\\/noticiasmercedinas.com\\\/site\\\/2025\\\/09\\\/24\\\/cerveceria-6600-se-prepara-para-la-septima-edicion-del-festival-de-cerveceros-en-mercedes\\\/#primaryimage\"},\"image\":{\"@id\":\"https:\\\/\\\/noticiasmercedinas.com\\\/site\\\/2025\\\/09\\\/24\\\/cerveceria-6600-se-prepara-para-la-septima-edicion-del-festival-de-cerveceros-en-mercedes\\\/#primaryimage\"},\"thumbnailUrl\":\"https:\\\/\\\/noticiasmercedinas.com\\\/site\\\/wp-content\\\/uploads\\\/2025\\\/09\\\/6600.jpg\",\"datePublished\":\"2025-09-24T20:12:01+00:00\",\"breadcrumb\":{\"@id\":\"https:\\\/\\\/noticiasmercedinas.com\\\/site\\\/2025\\\/09\\\/24\\\/cerveceria-6600-se-prepara-para-la-septima-edicion-del-festival-de-cerveceros-en-mercedes\\\/#breadcrumb\"},\"inLanguage\":\"es\",\"potentialAction\":[{\"@type\":\"ReadAction\",\"target\":[\"https:\\\/\\\/noticiasmercedinas.com\\\/site\\\/2025\\\/09\\\/24\\\/cerveceria-6600-se-prepara-para-la-septima-edicion-del-festival-de-cerveceros-en-mercedes\\\/\"]}]},{\"@type\":\"ImageObject\",\"inLanguage\":\"es\",\"@id\":\"https:\\\/\\\/noticiasmercedinas.com\\\/site\\\/2025\\\/09\\\/24\\\/cerveceria-6600-se-prepara-para-la-septima-edicion-del-festival-de-cerveceros-en-mercedes\\\/#primaryimage\",\"url\":\"https:\\\/\\\/noticiasmercedinas.com\\\/site\\\/wp-content\\\/uploads\\\/2025\\\/09\\\/6600.jpg\",\"contentUrl\":\"https:\\\/\\\/noticiasmercedinas.com\\\/site\\\/wp-content\\\/uploads\\\/2025\\\/09\\\/6600.jpg\",\"width\":963,\"height\":786},{\"@type\":\"BreadcrumbList\",\"@id\":\"https:\\\/\\\/noticiasmercedinas.com\\\/site\\\/2025\\\/09\\\/24\\\/cerveceria-6600-se-prepara-para-la-septima-edicion-del-festival-de-cerveceros-en-mercedes\\\/#breadcrumb\",\"itemListElement\":[{\"@type\":\"ListItem\",\"position\":1,\"name\":\"Portada\",\"item\":\"https:\\\/\\\/noticiasmercedinas.com\\\/site\\\/\"},{\"@type\":\"ListItem\",\"position\":2,\"name\":\"Cervecer\u00eda 6600 se prepara para la s\u00e9ptima edici\u00f3n del Festival de Cerveceros en Mercedes\"}]},{\"@type\":\"WebSite\",\"@id\":\"https:\\\/\\\/noticiasmercedinas.com\\\/site\\\/#website\",\"url\":\"https:\\\/\\\/noticiasmercedinas.com\\\/site\\\/\",\"name\":\"NOTICIASMERCEDINAS.COM\",\"description\":\"Mercedes, Buenos Aires, Argentina\",\"publisher\":{\"@id\":\"https:\\\/\\\/noticiasmercedinas.com\\\/site\\\/#organization\"},\"potentialAction\":[{\"@type\":\"SearchAction\",\"target\":{\"@type\":\"EntryPoint\",\"urlTemplate\":\"https:\\\/\\\/noticiasmercedinas.com\\\/site\\\/?s={search_term_string}\"},\"query-input\":{\"@type\":\"PropertyValueSpecification\",\"valueRequired\":true,\"valueName\":\"search_term_string\"}}],\"inLanguage\":\"es\"},{\"@type\":\"Organization\",\"@id\":\"https:\\\/\\\/noticiasmercedinas.com\\\/site\\\/#organization\",\"name\":\"NOTICIASMERCEDINAS.COM\",\"url\":\"https:\\\/\\\/noticiasmercedinas.com\\\/site\\\/\",\"logo\":{\"@type\":\"ImageObject\",\"inLanguage\":\"es\",\"@id\":\"https:\\\/\\\/noticiasmercedinas.com\\\/site\\\/#\\\/schema\\\/logo\\\/image\\\/\",\"url\":\"https:\\\/\\\/noticiasmercedinas.com\\\/site\\\/wp-content\\\/uploads\\\/2020\\\/06\\\/LOGO-512.jpg\",\"contentUrl\":\"https:\\\/\\\/noticiasmercedinas.com\\\/site\\\/wp-content\\\/uploads\\\/2020\\\/06\\\/LOGO-512.jpg\",\"width\":512,\"height\":512,\"caption\":\"NOTICIASMERCEDINAS.COM\"},\"image\":{\"@id\":\"https:\\\/\\\/noticiasmercedinas.com\\\/site\\\/#\\\/schema\\\/logo\\\/image\\\/\"},\"sameAs\":[\"https:\\\/\\\/www.facebook.com\\\/noticiasmercedinas\\\/\",\"https:\\\/\\\/x.com\\\/notmercedinas\",\"https:\\\/\\\/www.instagram.com\\\/noticiasmercedinas\\\/\"]},{\"@type\":\"Person\",\"@id\":\"https:\\\/\\\/noticiasmercedinas.com\\\/site\\\/#\\\/schema\\\/person\\\/84b59c099c28ff2e8b77d4ceec5d8063\",\"name\":\"NOTICIASMERCEDINAS.COM\",\"image\":{\"@type\":\"ImageObject\",\"inLanguage\":\"es\",\"@id\":\"https:\\\/\\\/secure.gravatar.com\\\/avatar\\\/4dfbf16b4d17945bfb6341b2d19043457132fcf478a5ee04f42e959fd8f5df0a?s=96&d=mm&r=g\",\"url\":\"https:\\\/\\\/secure.gravatar.com\\\/avatar\\\/4dfbf16b4d17945bfb6341b2d19043457132fcf478a5ee04f42e959fd8f5df0a?s=96&d=mm&r=g\",\"contentUrl\":\"https:\\\/\\\/secure.gravatar.com\\\/avatar\\\/4dfbf16b4d17945bfb6341b2d19043457132fcf478a5ee04f42e959fd8f5df0a?s=96&d=mm&r=g\",\"caption\":\"NOTICIASMERCEDINAS.COM\"},\"url\":\"https:\\\/\\\/noticiasmercedinas.com\\\/site\\\/author\\\/anonimo\\\/\"}]}<\/script>\n<!-- \/ Yoast SEO plugin. -->","yoast_head_json":{"title":"Cervecer\u00eda 6600 se prepara para la s\u00e9ptima edici\u00f3n del Festival de Cerveceros en Mercedes","robots":{"index":"index","follow":"follow","max-snippet":"max-snippet:-1","max-image-preview":"max-image-preview:large","max-video-preview":"max-video-preview:-1"},"canonical":"https:\/\/noticiasmercedinas.com\/site\/2025\/09\/24\/cerveceria-6600-se-prepara-para-la-septima-edicion-del-festival-de-cerveceros-en-mercedes\/","og_locale":"es_ES","og_type":"article","og_title":"Cervecer\u00eda 6600 se prepara para la s\u00e9ptima edici\u00f3n del Festival de Cerveceros en Mercedes","og_description":"La ciudad de Mercedes se prepara para celebrar la s\u00e9ptima edici\u00f3n del Festival de Cerveceros Mercedinos, un evento que se ha consolidado como un gran impulsor de la econom\u00eda local. Arturo Puga, productor de la Microcervecer\u00eda 6600, confirm\u00f3 que el festival se llevar\u00e1 a cabo el pr\u00f3ximo s\u00e1bado 4 y domingo 5 de octubre en [&hellip;]","og_url":"https:\/\/noticiasmercedinas.com\/site\/2025\/09\/24\/cerveceria-6600-se-prepara-para-la-septima-edicion-del-festival-de-cerveceros-en-mercedes\/","og_site_name":"NOTICIASMERCEDINAS.COM","article_publisher":"https:\/\/www.facebook.com\/noticiasmercedinas\/","article_published_time":"2025-09-24T20:12:01+00:00","og_image":[{"width":963,"height":786,"url":"https:\/\/noticiasmercedinas.com\/site\/wp-content\/uploads\/2025\/09\/6600.jpg","type":"image\/jpeg"}],"author":"NOTICIASMERCEDINAS.COM","twitter_card":"summary_large_image","twitter_creator":"@notmercedinas","twitter_site":"@notmercedinas","twitter_misc":{"Escrito por":"NOTICIASMERCEDINAS.COM","Tiempo de lectura":"2 minutos"},"schema":{"@context":"https:\/\/schema.org","@graph":[{"@type":"Article","@id":"https:\/\/noticiasmercedinas.com\/site\/2025\/09\/24\/cerveceria-6600-se-prepara-para-la-septima-edicion-del-festival-de-cerveceros-en-mercedes\/#article","isPartOf":{"@id":"https:\/\/noticiasmercedinas.com\/site\/2025\/09\/24\/cerveceria-6600-se-prepara-para-la-septima-edicion-del-festival-de-cerveceros-en-mercedes\/"},"author":{"name":"NOTICIASMERCEDINAS.COM","@id":"https:\/\/noticiasmercedinas.com\/site\/#\/schema\/person\/84b59c099c28ff2e8b77d4ceec5d8063"},"headline":"Cervecer\u00eda 6600 se prepara para la s\u00e9ptima edici\u00f3n del Festival de Cerveceros en Mercedes","datePublished":"2025-09-24T20:12:01+00:00","mainEntityOfPage":{"@id":"https:\/\/noticiasmercedinas.com\/site\/2025\/09\/24\/cerveceria-6600-se-prepara-para-la-septima-edicion-del-festival-de-cerveceros-en-mercedes\/"},"wordCount":317,"publisher":{"@id":"https:\/\/noticiasmercedinas.com\/site\/#organization"},"image":{"@id":"https:\/\/noticiasmercedinas.com\/site\/2025\/09\/24\/cerveceria-6600-se-prepara-para-la-septima-edicion-del-festival-de-cerveceros-en-mercedes\/#primaryimage"},"thumbnailUrl":"https:\/\/noticiasmercedinas.com\/site\/wp-content\/uploads\/2025\/09\/6600.jpg","keywords":["6600 Microcerveceria","arturo puga","festival de Cerveceros"],"articleSection":["Emprendimientos"],"inLanguage":"es"},{"@type":"WebPage","@id":"https:\/\/noticiasmercedinas.com\/site\/2025\/09\/24\/cerveceria-6600-se-prepara-para-la-septima-edicion-del-festival-de-cerveceros-en-mercedes\/","url":"https:\/\/noticiasmercedinas.com\/site\/2025\/09\/24\/cerveceria-6600-se-prepara-para-la-septima-edicion-del-festival-de-cerveceros-en-mercedes\/","name":"Cervecer\u00eda 6600 se prepara para la s\u00e9ptima edici\u00f3n del Festival de Cerveceros en Mercedes","isPartOf":{"@id":"https:\/\/noticiasmercedinas.com\/site\/#website"},"primaryImageOfPage":{"@id":"https:\/\/noticiasmercedinas.com\/site\/2025\/09\/24\/cerveceria-6600-se-prepara-para-la-septima-edicion-del-festival-de-cerveceros-en-mercedes\/#primaryimage"},"image":{"@id":"https:\/\/noticiasmercedinas.com\/site\/2025\/09\/24\/cerveceria-6600-se-prepara-para-la-septima-edicion-del-festival-de-cerveceros-en-mercedes\/#primaryimage"},"thumbnailUrl":"https:\/\/noticiasmercedinas.com\/site\/wp-content\/uploads\/2025\/09\/6600.jpg","datePublished":"2025-09-24T20:12:01+00:00","breadcrumb":{"@id":"https:\/\/noticiasmercedinas.com\/site\/2025\/09\/24\/cerveceria-6600-se-prepara-para-la-septima-edicion-del-festival-de-cerveceros-en-mercedes\/#breadcrumb"},"inLanguage":"es","potentialAction":[{"@type":"ReadAction","target":["https:\/\/noticiasmercedinas.com\/site\/2025\/09\/24\/cerveceria-6600-se-prepara-para-la-septima-edicion-del-festival-de-cerveceros-en-mercedes\/"]}]},{"@type":"ImageObject","inLanguage":"es","@id":"https:\/\/noticiasmercedinas.com\/site\/2025\/09\/24\/cerveceria-6600-se-prepara-para-la-septima-edicion-del-festival-de-cerveceros-en-mercedes\/#primaryimage","url":"https:\/\/noticiasmercedinas.com\/site\/wp-content\/uploads\/2025\/09\/6600.jpg","contentUrl":"https:\/\/noticiasmercedinas.com\/site\/wp-content\/uploads\/2025\/09\/6600.jpg","width":963,"height":786},{"@type":"BreadcrumbList","@id":"https:\/\/noticiasmercedinas.com\/site\/2025\/09\/24\/cerveceria-6600-se-prepara-para-la-septima-edicion-del-festival-de-cerveceros-en-mercedes\/#breadcrumb","itemListElement":[{"@type":"ListItem","position":1,"name":"Portada","item":"https:\/\/noticiasmercedinas.com\/site\/"},{"@type":"ListItem","position":2,"name":"Cervecer\u00eda 6600 se prepara para la s\u00e9ptima edici\u00f3n del Festival de Cerveceros en Mercedes"}]},{"@type":"WebSite","@id":"https:\/\/noticiasmercedinas.com\/site\/#website","url":"https:\/\/noticiasmercedinas.com\/site\/","name":"NOTICIASMERCEDINAS.COM","description":"Mercedes, Buenos Aires, Argentina","publisher":{"@id":"https:\/\/noticiasmercedinas.com\/site\/#organization"},"potentialAction":[{"@type":"SearchAction","target":{"@type":"EntryPoint","urlTemplate":"https:\/\/noticiasmercedinas.com\/site\/?s={search_term_string}"},"query-input":{"@type":"PropertyValueSpecification","valueRequired":true,"valueName":"search_term_string"}}],"inLanguage":"es"},{"@type":"Organization","@id":"https:\/\/noticiasmercedinas.com\/site\/#organization","name":"NOTICIASMERCEDINAS.COM","url":"https:\/\/noticiasmercedinas.com\/site\/","logo":{"@type":"ImageObject","inLanguage":"es","@id":"https:\/\/noticiasmercedinas.com\/site\/#\/schema\/logo\/image\/","url":"https:\/\/noticiasmercedinas.com\/site\/wp-content\/uploads\/2020\/06\/LOGO-512.jpg","contentUrl":"https:\/\/noticiasmercedinas.com\/site\/wp-content\/uploads\/2020\/06\/LOGO-512.jpg","width":512,"height":512,"caption":"NOTICIASMERCEDINAS.COM"},"image":{"@id":"https:\/\/noticiasmercedinas.com\/site\/#\/schema\/logo\/image\/"},"sameAs":["https:\/\/www.facebook.com\/noticiasmercedinas\/","https:\/\/x.com\/notmercedinas","https:\/\/www.instagram.com\/noticiasmercedinas\/"]},{"@type":"Person","@id":"https:\/\/noticiasmercedinas.com\/site\/#\/schema\/person\/84b59c099c28ff2e8b77d4ceec5d8063","name":"NOTICIASMERCEDINAS.COM","image":{"@type":"ImageObject","inLanguage":"es","@id":"https:\/\/secure.gravatar.com\/avatar\/4dfbf16b4d17945bfb6341b2d19043457132fcf478a5ee04f42e959fd8f5df0a?s=96&d=mm&r=g","url":"https:\/\/secure.gravatar.com\/avatar\/4dfbf16b4d17945bfb6341b2d19043457132fcf478a5ee04f42e959fd8f5df0a?s=96&d=mm&r=g","contentUrl":"https:\/\/secure.gravatar.com\/avatar\/4dfbf16b4d17945bfb6341b2d19043457132fcf478a5ee04f42e959fd8f5df0a?s=96&d=mm&r=g","caption":"NOTICIASMERCEDINAS.COM"},"url":"https:\/\/noticiasmercedinas.com\/site\/author\/anonimo\/"}]}},"amp_enabled":true,"_links":{"self":[{"href":"https:\/\/noticiasmercedinas.com\/site\/wp-json\/wp\/v2\/posts\/170238","targetHints":{"allow":["GET"]}}],"collection":[{"href":"https:\/\/noticiasmercedinas.com\/site\/wp-json\/wp\/v2\/posts"}],"about":[{"href":"https:\/\/noticiasmercedinas.com\/site\/wp-json\/wp\/v2\/types\/post"}],"author":[{"embeddable":true,"href":"https:\/\/noticiasmercedinas.com\/site\/wp-json\/wp\/v2\/users\/16"}],"replies":[{"embeddable":true,"href":"https:\/\/noticiasmercedinas.com\/site\/wp-json\/wp\/v2\/comments?post=170238"}],"version-history":[{"count":1,"href":"https:\/\/noticiasmercedinas.com\/site\/wp-json\/wp\/v2\/posts\/170238\/revisions"}],"predecessor-version":[{"id":170243,"href":"https:\/\/noticiasmercedinas.com\/site\/wp-json\/wp\/v2\/posts\/170238\/revisions\/170243"}],"wp:featuredmedia":[{"embeddable":true,"href":"https:\/\/noticiasmercedinas.com\/site\/wp-json\/wp\/v2\/media\/170241"}],"wp:attachment":[{"href":"https:\/\/noticiasmercedinas.com\/site\/wp-json\/wp\/v2\/media?parent=170238"}],"wp:term":[{"taxonomy":"category","embeddable":true,"href":"https:\/\/noticiasmercedinas.com\/site\/wp-json\/wp\/v2\/categories?post=170238"},{"taxonomy":"post_tag","embeddable":true,"href":"https:\/\/noticiasmercedinas.com\/site\/wp-json\/wp\/v2\/tags?post=170238"}],"curies":[{"name":"wp","href":"https:\/\/api.w.org\/{rel}","templated":true}]}}