{"id":170263,"date":"2025-09-24T20:22:17","date_gmt":"2025-09-24T23:22:17","guid":{"rendered":"https:\/\/noticiasmercedinas.com\/site\/?p=170263"},"modified":"2025-09-24T20:22:17","modified_gmt":"2025-09-24T23:22:17","slug":"habra-una-degustacion-de-salame-quintero-en-la-feria-internacional-de-turismo","status":"publish","type":"post","link":"https:\/\/noticiasmercedinas.com\/site\/2025\/09\/24\/habra-una-degustacion-de-salame-quintero-en-la-feria-internacional-de-turismo\/","title":{"rendered":"Habr\u00e1 una degustaci\u00f3n de Salame Quintero en la Feria Internacional de Turismo"},"content":{"rendered":"<p><img loading=\"lazy\" decoding=\"async\" class=\"alignnone size-full wp-image-167822\" src=\"https:\/\/noticiasmercedinas.com\/site\/wp-content\/uploads\/2025\/08\/salame2.jpg\" alt=\"\" width=\"1319\" height=\"879\" srcset=\"https:\/\/noticiasmercedinas.com\/site\/wp-content\/uploads\/2025\/08\/salame2.jpg 1319w, https:\/\/noticiasmercedinas.com\/site\/wp-content\/uploads\/2025\/08\/salame2-300x200.jpg 300w, https:\/\/noticiasmercedinas.com\/site\/wp-content\/uploads\/2025\/08\/salame2-1024x682.jpg 1024w, https:\/\/noticiasmercedinas.com\/site\/wp-content\/uploads\/2025\/08\/salame2-768x512.jpg 768w, https:\/\/noticiasmercedinas.com\/site\/wp-content\/uploads\/2025\/08\/salame2-640x427.jpg 640w, https:\/\/noticiasmercedinas.com\/site\/wp-content\/uploads\/2025\/08\/salame2-1280x853.jpg 1280w, https:\/\/noticiasmercedinas.com\/site\/wp-content\/uploads\/2025\/08\/salame2-681x454.jpg 681w\" sizes=\"auto, (max-width: 1319px) 100vw, 1319px\" \/><\/p>\n<p>El municipio de Mercedes tendr\u00e1 una destacada participaci\u00f3n en la 29\u00b0 Feria Internacional de Turismo (FIT) en la Ciudad Aut\u00f3noma de Buenos Aires, a trav\u00e9s de una degustaci\u00f3n de sus productos m\u00e1s ic\u00f3nicos.<\/p>\n<p>El pr\u00f3ximo s\u00e1bado 27 de septiembre, a las 17:00 horas, los asistentes al evento podr\u00e1n degustar Salame Quintero, quesos y vinos en el stand de la provincia de Buenos Aires, que se ha propuesto promocionar el turismo durante todo el a\u00f1o.<\/p>\n<p>El Ministerio de Producci\u00f3n, Ciencia e Innovaci\u00f3n Tecnol\u00f3gica de la provincia de Buenos Aires, a trav\u00e9s de la Subsecretar\u00eda de Turismo, presentar\u00e1 un stand de 840 metros cuadrados ambientado con la diversidad de paisajes bonaerenses, desde las sierras y playas hasta los campos y r\u00edos.<\/p>\n<blockquote><p>El espacio, llamado \u00abProvincia Bonita Argentina\u00bb, ofrecer\u00e1 m\u00e1s de 60 degustaciones de productos locales, incluyendo embutidos y quesos de la sierra, alfajores de la costa, y dulces de diferentes regiones<\/p><\/blockquote>\n<p>El espacio, llamado \u00abProvincia Bonita Argentina\u00bb, ofrecer\u00e1 m\u00e1s de 60 degustaciones de productos locales, incluyendo embutidos y quesos de la sierra, alfajores de la costa, y dulces de diferentes regiones. Tambi\u00e9n habr\u00e1 espect\u00e1culos de fiestas populares, juegos, y stands de termas, vinos y otros atractivos tur\u00edsticos.<\/p>\n<p>El evento, que se realizar\u00e1 del 27 al 30 de septiembre en La Rural, contar\u00e1 con la participaci\u00f3n de 63 destinos tur\u00edsticos bonaerenses y m\u00e1s de 50 prestadores de servicios que mostrar\u00e1n la calidad de su oferta. El ministro Augusto Costa destac\u00f3 que el turismo es una \u00abindustria clave\u00bb para la provincia y que el gobierno de Axel Kicillof trabaja para sostener esta actividad, a pesar de las pol\u00edticas econ\u00f3micas a nivel nacional.<\/p>\n<p>La feria estar\u00e1 abierta al p\u00fablico general el s\u00e1bado y domingo de 14:00 a 21:00 horas, y los d\u00edas lunes y martes estar\u00e1 reservada para profesionales del sector.<\/p>\n","protected":false},"excerpt":{"rendered":"<p>\u25a0 La ciudad de Mercedes ser\u00e1 protagonista en el evento m\u00e1s importante del sector en Latinoam\u00e9rica, presentando sus productos emblem\u00e1ticos para promocionar el turismo en la Provincia de Buenos Aires.<\/p>\n","protected":false},"author":16,"featured_media":167822,"comment_status":"closed","ping_status":"closed","sticky":false,"template":"","format":"standard","meta":{"footnotes":""},"categories":[3],"tags":[20935,20862,5453,33],"class_list":["post-170263","post","type-post","status-publish","format-standard","has-post-thumbnail","hentry","category-sociedad","tag-feria-de-turismo","tag-fiesta-nacional-del-salame-quintero","tag-salame-quintero","tag-turismo"],"yoast_head":"<!-- This site is optimized with the Yoast SEO plugin v27.4 - https:\/\/yoast.com\/product\/yoast-seo-wordpress\/ -->\n<title>Habr\u00e1 una degustaci\u00f3n de Salame Quintero en la Feria Internacional de Turismo<\/title>\n<meta name=\"description\" content=\"la ciudad de Mercedes ser\u00e1 protagonista en el evento m\u00e1s importante del sector en Latinoam\u00e9rica, presentando sus productos emblem\u00e1ticos para promocionar el turismo en la Provincia de Buenos Aires.\" \/>\n<meta name=\"robots\" content=\"index, follow, max-snippet:-1, max-image-preview:large, max-video-preview:-1\" \/>\n<link rel=\"canonical\" href=\"https:\/\/noticiasmercedinas.com\/site\/2025\/09\/24\/habra-una-degustacion-de-salame-quintero-en-la-feria-internacional-de-turismo\/\" \/>\n<meta property=\"og:locale\" content=\"es_ES\" \/>\n<meta property=\"og:type\" content=\"article\" \/>\n<meta property=\"og:title\" content=\"Habr\u00e1 una degustaci\u00f3n de Salame Quintero en la Feria Internacional de Turismo\" \/>\n<meta property=\"og:description\" content=\"la ciudad de Mercedes ser\u00e1 protagonista en el evento m\u00e1s importante del sector en Latinoam\u00e9rica, presentando sus productos emblem\u00e1ticos para promocionar el turismo en la Provincia de Buenos Aires.\" \/>\n<meta property=\"og:url\" content=\"https:\/\/noticiasmercedinas.com\/site\/2025\/09\/24\/habra-una-degustacion-de-salame-quintero-en-la-feria-internacional-de-turismo\/\" \/>\n<meta property=\"og:site_name\" content=\"NOTICIASMERCEDINAS.COM\" \/>\n<meta property=\"article:publisher\" content=\"https:\/\/www.facebook.com\/noticiasmercedinas\/\" \/>\n<meta property=\"article:published_time\" content=\"2025-09-24T23:22:17+00:00\" \/>\n<meta property=\"og:image\" content=\"https:\/\/noticiasmercedinas.com\/site\/wp-content\/uploads\/2025\/08\/salame2.jpg\" \/>\n\t<meta property=\"og:image:width\" content=\"1319\" \/>\n\t<meta property=\"og:image:height\" content=\"879\" \/>\n\t<meta property=\"og:image:type\" content=\"image\/jpeg\" \/>\n<meta name=\"author\" content=\"NOTICIASMERCEDINAS.COM\" \/>\n<meta name=\"twitter:card\" content=\"summary_large_image\" \/>\n<meta name=\"twitter:creator\" content=\"@notmercedinas\" \/>\n<meta name=\"twitter:site\" content=\"@notmercedinas\" \/>\n<meta name=\"twitter:label1\" content=\"Escrito por\" \/>\n\t<meta name=\"twitter:data1\" content=\"NOTICIASMERCEDINAS.COM\" \/>\n\t<meta name=\"twitter:label2\" content=\"Tiempo de lectura\" \/>\n\t<meta name=\"twitter:data2\" content=\"2 minutos\" \/>\n<script type=\"application\/ld+json\" class=\"yoast-schema-graph\">{\"@context\":\"https:\\\/\\\/schema.org\",\"@graph\":[{\"@type\":\"Article\",\"@id\":\"https:\\\/\\\/noticiasmercedinas.com\\\/site\\\/2025\\\/09\\\/24\\\/habra-una-degustacion-de-salame-quintero-en-la-feria-internacional-de-turismo\\\/#article\",\"isPartOf\":{\"@id\":\"https:\\\/\\\/noticiasmercedinas.com\\\/site\\\/2025\\\/09\\\/24\\\/habra-una-degustacion-de-salame-quintero-en-la-feria-internacional-de-turismo\\\/\"},\"author\":{\"name\":\"NOTICIASMERCEDINAS.COM\",\"@id\":\"https:\\\/\\\/noticiasmercedinas.com\\\/site\\\/#\\\/schema\\\/person\\\/84b59c099c28ff2e8b77d4ceec5d8063\"},\"headline\":\"Habr\u00e1 una degustaci\u00f3n de Salame Quintero en la Feria Internacional de Turismo\",\"datePublished\":\"2025-09-24T23:22:17+00:00\",\"mainEntityOfPage\":{\"@id\":\"https:\\\/\\\/noticiasmercedinas.com\\\/site\\\/2025\\\/09\\\/24\\\/habra-una-degustacion-de-salame-quintero-en-la-feria-internacional-de-turismo\\\/\"},\"wordCount\":327,\"publisher\":{\"@id\":\"https:\\\/\\\/noticiasmercedinas.com\\\/site\\\/#organization\"},\"image\":{\"@id\":\"https:\\\/\\\/noticiasmercedinas.com\\\/site\\\/2025\\\/09\\\/24\\\/habra-una-degustacion-de-salame-quintero-en-la-feria-internacional-de-turismo\\\/#primaryimage\"},\"thumbnailUrl\":\"https:\\\/\\\/noticiasmercedinas.com\\\/site\\\/wp-content\\\/uploads\\\/2025\\\/08\\\/salame2.jpg\",\"keywords\":[\"feria de turismo\",\"fiesta nacional del salame quintero\",\"salame quintero\",\"turismo\"],\"articleSection\":[\"Sociedad\"],\"inLanguage\":\"es\"},{\"@type\":\"WebPage\",\"@id\":\"https:\\\/\\\/noticiasmercedinas.com\\\/site\\\/2025\\\/09\\\/24\\\/habra-una-degustacion-de-salame-quintero-en-la-feria-internacional-de-turismo\\\/\",\"url\":\"https:\\\/\\\/noticiasmercedinas.com\\\/site\\\/2025\\\/09\\\/24\\\/habra-una-degustacion-de-salame-quintero-en-la-feria-internacional-de-turismo\\\/\",\"name\":\"Habr\u00e1 una degustaci\u00f3n de Salame Quintero en la Feria Internacional de Turismo\",\"isPartOf\":{\"@id\":\"https:\\\/\\\/noticiasmercedinas.com\\\/site\\\/#website\"},\"primaryImageOfPage\":{\"@id\":\"https:\\\/\\\/noticiasmercedinas.com\\\/site\\\/2025\\\/09\\\/24\\\/habra-una-degustacion-de-salame-quintero-en-la-feria-internacional-de-turismo\\\/#primaryimage\"},\"image\":{\"@id\":\"https:\\\/\\\/noticiasmercedinas.com\\\/site\\\/2025\\\/09\\\/24\\\/habra-una-degustacion-de-salame-quintero-en-la-feria-internacional-de-turismo\\\/#primaryimage\"},\"thumbnailUrl\":\"https:\\\/\\\/noticiasmercedinas.com\\\/site\\\/wp-content\\\/uploads\\\/2025\\\/08\\\/salame2.jpg\",\"datePublished\":\"2025-09-24T23:22:17+00:00\",\"description\":\"la ciudad de Mercedes ser\u00e1 protagonista en el evento m\u00e1s importante del sector en Latinoam\u00e9rica, presentando sus productos emblem\u00e1ticos para promocionar el turismo en la Provincia de Buenos Aires.\",\"breadcrumb\":{\"@id\":\"https:\\\/\\\/noticiasmercedinas.com\\\/site\\\/2025\\\/09\\\/24\\\/habra-una-degustacion-de-salame-quintero-en-la-feria-internacional-de-turismo\\\/#breadcrumb\"},\"inLanguage\":\"es\",\"potentialAction\":[{\"@type\":\"ReadAction\",\"target\":[\"https:\\\/\\\/noticiasmercedinas.com\\\/site\\\/2025\\\/09\\\/24\\\/habra-una-degustacion-de-salame-quintero-en-la-feria-internacional-de-turismo\\\/\"]}]},{\"@type\":\"ImageObject\",\"inLanguage\":\"es\",\"@id\":\"https:\\\/\\\/noticiasmercedinas.com\\\/site\\\/2025\\\/09\\\/24\\\/habra-una-degustacion-de-salame-quintero-en-la-feria-internacional-de-turismo\\\/#primaryimage\",\"url\":\"https:\\\/\\\/noticiasmercedinas.com\\\/site\\\/wp-content\\\/uploads\\\/2025\\\/08\\\/salame2.jpg\",\"contentUrl\":\"https:\\\/\\\/noticiasmercedinas.com\\\/site\\\/wp-content\\\/uploads\\\/2025\\\/08\\\/salame2.jpg\",\"width\":1319,\"height\":879},{\"@type\":\"BreadcrumbList\",\"@id\":\"https:\\\/\\\/noticiasmercedinas.com\\\/site\\\/2025\\\/09\\\/24\\\/habra-una-degustacion-de-salame-quintero-en-la-feria-internacional-de-turismo\\\/#breadcrumb\",\"itemListElement\":[{\"@type\":\"ListItem\",\"position\":1,\"name\":\"Portada\",\"item\":\"https:\\\/\\\/noticiasmercedinas.com\\\/site\\\/\"},{\"@type\":\"ListItem\",\"position\":2,\"name\":\"Habr\u00e1 una degustaci\u00f3n de Salame Quintero en la Feria Internacional de Turismo\"}]},{\"@type\":\"WebSite\",\"@id\":\"https:\\\/\\\/noticiasmercedinas.com\\\/site\\\/#website\",\"url\":\"https:\\\/\\\/noticiasmercedinas.com\\\/site\\\/\",\"name\":\"NOTICIASMERCEDINAS.COM\",\"description\":\"Mercedes, Buenos Aires, Argentina\",\"publisher\":{\"@id\":\"https:\\\/\\\/noticiasmercedinas.com\\\/site\\\/#organization\"},\"potentialAction\":[{\"@type\":\"SearchAction\",\"target\":{\"@type\":\"EntryPoint\",\"urlTemplate\":\"https:\\\/\\\/noticiasmercedinas.com\\\/site\\\/?s={search_term_string}\"},\"query-input\":{\"@type\":\"PropertyValueSpecification\",\"valueRequired\":true,\"valueName\":\"search_term_string\"}}],\"inLanguage\":\"es\"},{\"@type\":\"Organization\",\"@id\":\"https:\\\/\\\/noticiasmercedinas.com\\\/site\\\/#organization\",\"name\":\"NOTICIASMERCEDINAS.COM\",\"url\":\"https:\\\/\\\/noticiasmercedinas.com\\\/site\\\/\",\"logo\":{\"@type\":\"ImageObject\",\"inLanguage\":\"es\",\"@id\":\"https:\\\/\\\/noticiasmercedinas.com\\\/site\\\/#\\\/schema\\\/logo\\\/image\\\/\",\"url\":\"https:\\\/\\\/noticiasmercedinas.com\\\/site\\\/wp-content\\\/uploads\\\/2020\\\/06\\\/LOGO-512.jpg\",\"contentUrl\":\"https:\\\/\\\/noticiasmercedinas.com\\\/site\\\/wp-content\\\/uploads\\\/2020\\\/06\\\/LOGO-512.jpg\",\"width\":512,\"height\":512,\"caption\":\"NOTICIASMERCEDINAS.COM\"},\"image\":{\"@id\":\"https:\\\/\\\/noticiasmercedinas.com\\\/site\\\/#\\\/schema\\\/logo\\\/image\\\/\"},\"sameAs\":[\"https:\\\/\\\/www.facebook.com\\\/noticiasmercedinas\\\/\",\"https:\\\/\\\/x.com\\\/notmercedinas\",\"https:\\\/\\\/www.instagram.com\\\/noticiasmercedinas\\\/\"]},{\"@type\":\"Person\",\"@id\":\"https:\\\/\\\/noticiasmercedinas.com\\\/site\\\/#\\\/schema\\\/person\\\/84b59c099c28ff2e8b77d4ceec5d8063\",\"name\":\"NOTICIASMERCEDINAS.COM\",\"image\":{\"@type\":\"ImageObject\",\"inLanguage\":\"es\",\"@id\":\"https:\\\/\\\/secure.gravatar.com\\\/avatar\\\/4dfbf16b4d17945bfb6341b2d19043457132fcf478a5ee04f42e959fd8f5df0a?s=96&d=mm&r=g\",\"url\":\"https:\\\/\\\/secure.gravatar.com\\\/avatar\\\/4dfbf16b4d17945bfb6341b2d19043457132fcf478a5ee04f42e959fd8f5df0a?s=96&d=mm&r=g\",\"contentUrl\":\"https:\\\/\\\/secure.gravatar.com\\\/avatar\\\/4dfbf16b4d17945bfb6341b2d19043457132fcf478a5ee04f42e959fd8f5df0a?s=96&d=mm&r=g\",\"caption\":\"NOTICIASMERCEDINAS.COM\"},\"url\":\"https:\\\/\\\/noticiasmercedinas.com\\\/site\\\/author\\\/anonimo\\\/\"}]}<\/script>\n<!-- \/ Yoast SEO plugin. -->","yoast_head_json":{"title":"Habr\u00e1 una degustaci\u00f3n de Salame Quintero en la Feria Internacional de Turismo","description":"la ciudad de Mercedes ser\u00e1 protagonista en el evento m\u00e1s importante del sector en Latinoam\u00e9rica, presentando sus productos emblem\u00e1ticos para promocionar el turismo en la Provincia de Buenos Aires.","robots":{"index":"index","follow":"follow","max-snippet":"max-snippet:-1","max-image-preview":"max-image-preview:large","max-video-preview":"max-video-preview:-1"},"canonical":"https:\/\/noticiasmercedinas.com\/site\/2025\/09\/24\/habra-una-degustacion-de-salame-quintero-en-la-feria-internacional-de-turismo\/","og_locale":"es_ES","og_type":"article","og_title":"Habr\u00e1 una degustaci\u00f3n de Salame Quintero en la Feria Internacional de Turismo","og_description":"la ciudad de Mercedes ser\u00e1 protagonista en el evento m\u00e1s importante del sector en Latinoam\u00e9rica, presentando sus productos emblem\u00e1ticos para promocionar el turismo en la Provincia de Buenos Aires.","og_url":"https:\/\/noticiasmercedinas.com\/site\/2025\/09\/24\/habra-una-degustacion-de-salame-quintero-en-la-feria-internacional-de-turismo\/","og_site_name":"NOTICIASMERCEDINAS.COM","article_publisher":"https:\/\/www.facebook.com\/noticiasmercedinas\/","article_published_time":"2025-09-24T23:22:17+00:00","og_image":[{"width":1319,"height":879,"url":"https:\/\/noticiasmercedinas.com\/site\/wp-content\/uploads\/2025\/08\/salame2.jpg","type":"image\/jpeg"}],"author":"NOTICIASMERCEDINAS.COM","twitter_card":"summary_large_image","twitter_creator":"@notmercedinas","twitter_site":"@notmercedinas","twitter_misc":{"Escrito por":"NOTICIASMERCEDINAS.COM","Tiempo de lectura":"2 minutos"},"schema":{"@context":"https:\/\/schema.org","@graph":[{"@type":"Article","@id":"https:\/\/noticiasmercedinas.com\/site\/2025\/09\/24\/habra-una-degustacion-de-salame-quintero-en-la-feria-internacional-de-turismo\/#article","isPartOf":{"@id":"https:\/\/noticiasmercedinas.com\/site\/2025\/09\/24\/habra-una-degustacion-de-salame-quintero-en-la-feria-internacional-de-turismo\/"},"author":{"name":"NOTICIASMERCEDINAS.COM","@id":"https:\/\/noticiasmercedinas.com\/site\/#\/schema\/person\/84b59c099c28ff2e8b77d4ceec5d8063"},"headline":"Habr\u00e1 una degustaci\u00f3n de Salame Quintero en la Feria Internacional de Turismo","datePublished":"2025-09-24T23:22:17+00:00","mainEntityOfPage":{"@id":"https:\/\/noticiasmercedinas.com\/site\/2025\/09\/24\/habra-una-degustacion-de-salame-quintero-en-la-feria-internacional-de-turismo\/"},"wordCount":327,"publisher":{"@id":"https:\/\/noticiasmercedinas.com\/site\/#organization"},"image":{"@id":"https:\/\/noticiasmercedinas.com\/site\/2025\/09\/24\/habra-una-degustacion-de-salame-quintero-en-la-feria-internacional-de-turismo\/#primaryimage"},"thumbnailUrl":"https:\/\/noticiasmercedinas.com\/site\/wp-content\/uploads\/2025\/08\/salame2.jpg","keywords":["feria de turismo","fiesta nacional del salame quintero","salame quintero","turismo"],"articleSection":["Sociedad"],"inLanguage":"es"},{"@type":"WebPage","@id":"https:\/\/noticiasmercedinas.com\/site\/2025\/09\/24\/habra-una-degustacion-de-salame-quintero-en-la-feria-internacional-de-turismo\/","url":"https:\/\/noticiasmercedinas.com\/site\/2025\/09\/24\/habra-una-degustacion-de-salame-quintero-en-la-feria-internacional-de-turismo\/","name":"Habr\u00e1 una degustaci\u00f3n de Salame Quintero en la Feria Internacional de Turismo","isPartOf":{"@id":"https:\/\/noticiasmercedinas.com\/site\/#website"},"primaryImageOfPage":{"@id":"https:\/\/noticiasmercedinas.com\/site\/2025\/09\/24\/habra-una-degustacion-de-salame-quintero-en-la-feria-internacional-de-turismo\/#primaryimage"},"image":{"@id":"https:\/\/noticiasmercedinas.com\/site\/2025\/09\/24\/habra-una-degustacion-de-salame-quintero-en-la-feria-internacional-de-turismo\/#primaryimage"},"thumbnailUrl":"https:\/\/noticiasmercedinas.com\/site\/wp-content\/uploads\/2025\/08\/salame2.jpg","datePublished":"2025-09-24T23:22:17+00:00","description":"la ciudad de Mercedes ser\u00e1 protagonista en el evento m\u00e1s importante del sector en Latinoam\u00e9rica, presentando sus productos emblem\u00e1ticos para promocionar el turismo en la Provincia de Buenos Aires.","breadcrumb":{"@id":"https:\/\/noticiasmercedinas.com\/site\/2025\/09\/24\/habra-una-degustacion-de-salame-quintero-en-la-feria-internacional-de-turismo\/#breadcrumb"},"inLanguage":"es","potentialAction":[{"@type":"ReadAction","target":["https:\/\/noticiasmercedinas.com\/site\/2025\/09\/24\/habra-una-degustacion-de-salame-quintero-en-la-feria-internacional-de-turismo\/"]}]},{"@type":"ImageObject","inLanguage":"es","@id":"https:\/\/noticiasmercedinas.com\/site\/2025\/09\/24\/habra-una-degustacion-de-salame-quintero-en-la-feria-internacional-de-turismo\/#primaryimage","url":"https:\/\/noticiasmercedinas.com\/site\/wp-content\/uploads\/2025\/08\/salame2.jpg","contentUrl":"https:\/\/noticiasmercedinas.com\/site\/wp-content\/uploads\/2025\/08\/salame2.jpg","width":1319,"height":879},{"@type":"BreadcrumbList","@id":"https:\/\/noticiasmercedinas.com\/site\/2025\/09\/24\/habra-una-degustacion-de-salame-quintero-en-la-feria-internacional-de-turismo\/#breadcrumb","itemListElement":[{"@type":"ListItem","position":1,"name":"Portada","item":"https:\/\/noticiasmercedinas.com\/site\/"},{"@type":"ListItem","position":2,"name":"Habr\u00e1 una degustaci\u00f3n de Salame Quintero en la Feria Internacional de Turismo"}]},{"@type":"WebSite","@id":"https:\/\/noticiasmercedinas.com\/site\/#website","url":"https:\/\/noticiasmercedinas.com\/site\/","name":"NOTICIASMERCEDINAS.COM","description":"Mercedes, Buenos Aires, Argentina","publisher":{"@id":"https:\/\/noticiasmercedinas.com\/site\/#organization"},"potentialAction":[{"@type":"SearchAction","target":{"@type":"EntryPoint","urlTemplate":"https:\/\/noticiasmercedinas.com\/site\/?s={search_term_string}"},"query-input":{"@type":"PropertyValueSpecification","valueRequired":true,"valueName":"search_term_string"}}],"inLanguage":"es"},{"@type":"Organization","@id":"https:\/\/noticiasmercedinas.com\/site\/#organization","name":"NOTICIASMERCEDINAS.COM","url":"https:\/\/noticiasmercedinas.com\/site\/","logo":{"@type":"ImageObject","inLanguage":"es","@id":"https:\/\/noticiasmercedinas.com\/site\/#\/schema\/logo\/image\/","url":"https:\/\/noticiasmercedinas.com\/site\/wp-content\/uploads\/2020\/06\/LOGO-512.jpg","contentUrl":"https:\/\/noticiasmercedinas.com\/site\/wp-content\/uploads\/2020\/06\/LOGO-512.jpg","width":512,"height":512,"caption":"NOTICIASMERCEDINAS.COM"},"image":{"@id":"https:\/\/noticiasmercedinas.com\/site\/#\/schema\/logo\/image\/"},"sameAs":["https:\/\/www.facebook.com\/noticiasmercedinas\/","https:\/\/x.com\/notmercedinas","https:\/\/www.instagram.com\/noticiasmercedinas\/"]},{"@type":"Person","@id":"https:\/\/noticiasmercedinas.com\/site\/#\/schema\/person\/84b59c099c28ff2e8b77d4ceec5d8063","name":"NOTICIASMERCEDINAS.COM","image":{"@type":"ImageObject","inLanguage":"es","@id":"https:\/\/secure.gravatar.com\/avatar\/4dfbf16b4d17945bfb6341b2d19043457132fcf478a5ee04f42e959fd8f5df0a?s=96&d=mm&r=g","url":"https:\/\/secure.gravatar.com\/avatar\/4dfbf16b4d17945bfb6341b2d19043457132fcf478a5ee04f42e959fd8f5df0a?s=96&d=mm&r=g","contentUrl":"https:\/\/secure.gravatar.com\/avatar\/4dfbf16b4d17945bfb6341b2d19043457132fcf478a5ee04f42e959fd8f5df0a?s=96&d=mm&r=g","caption":"NOTICIASMERCEDINAS.COM"},"url":"https:\/\/noticiasmercedinas.com\/site\/author\/anonimo\/"}]}},"amp_enabled":true,"_links":{"self":[{"href":"https:\/\/noticiasmercedinas.com\/site\/wp-json\/wp\/v2\/posts\/170263","targetHints":{"allow":["GET"]}}],"collection":[{"href":"https:\/\/noticiasmercedinas.com\/site\/wp-json\/wp\/v2\/posts"}],"about":[{"href":"https:\/\/noticiasmercedinas.com\/site\/wp-json\/wp\/v2\/types\/post"}],"author":[{"embeddable":true,"href":"https:\/\/noticiasmercedinas.com\/site\/wp-json\/wp\/v2\/users\/16"}],"replies":[{"embeddable":true,"href":"https:\/\/noticiasmercedinas.com\/site\/wp-json\/wp\/v2\/comments?post=170263"}],"version-history":[{"count":1,"href":"https:\/\/noticiasmercedinas.com\/site\/wp-json\/wp\/v2\/posts\/170263\/revisions"}],"predecessor-version":[{"id":170264,"href":"https:\/\/noticiasmercedinas.com\/site\/wp-json\/wp\/v2\/posts\/170263\/revisions\/170264"}],"wp:featuredmedia":[{"embeddable":true,"href":"https:\/\/noticiasmercedinas.com\/site\/wp-json\/wp\/v2\/media\/167822"}],"wp:attachment":[{"href":"https:\/\/noticiasmercedinas.com\/site\/wp-json\/wp\/v2\/media?parent=170263"}],"wp:term":[{"taxonomy":"category","embeddable":true,"href":"https:\/\/noticiasmercedinas.com\/site\/wp-json\/wp\/v2\/categories?post=170263"},{"taxonomy":"post_tag","embeddable":true,"href":"https:\/\/noticiasmercedinas.com\/site\/wp-json\/wp\/v2\/tags?post=170263"}],"curies":[{"name":"wp","href":"https:\/\/api.w.org\/{rel}","templated":true}]}}