{"id":170360,"date":"2025-09-26T00:59:37","date_gmt":"2025-09-26T03:59:37","guid":{"rendered":"https:\/\/noticiasmercedinas.com\/site\/?p=170360"},"modified":"2025-09-26T00:59:37","modified_gmt":"2025-09-26T03:59:37","slug":"club-mercedes-inicia-una-nueva-instancia-en-la-primera-c","status":"publish","type":"post","link":"https:\/\/noticiasmercedinas.com\/site\/2025\/09\/26\/club-mercedes-inicia-una-nueva-instancia-en-la-primera-c\/","title":{"rendered":"Club Mercedes inicia una nueva instancia en la Primera C"},"content":{"rendered":"<figure id=\"attachment_170361\" aria-describedby=\"caption-attachment-170361\" style=\"width: 640px\" class=\"wp-caption alignnone\"><img loading=\"lazy\" decoding=\"async\" class=\"wp-image-170361 size-full\" src=\"https:\/\/noticiasmercedinas.com\/site\/wp-content\/uploads\/2025\/09\/IMG_0803.jpg\" alt=\"\" width=\"640\" height=\"418\" srcset=\"https:\/\/noticiasmercedinas.com\/site\/wp-content\/uploads\/2025\/09\/IMG_0803.jpg 640w, https:\/\/noticiasmercedinas.com\/site\/wp-content\/uploads\/2025\/09\/IMG_0803-300x196.jpg 300w\" sizes=\"auto, (max-width: 640px) 100vw, 640px\" \/><figcaption id=\"caption-attachment-170361\" class=\"wp-caption-text\">Entrenamiento de Club Mercedes previo a visitar a Paraguayo.<\/figcaption><\/figure>\n<p>Este viernes 26 se iniciar\u00e1 al Reducido de la Primera C por el cuarto cupo a la Copa Argentina, visitando Club Mercedes al Deportivo Paraguayo por el encuentro de ida. Partido que se disputar\u00e1 en la propia cancha del \u201cGuarn\u00ed\u201d, que fue inaugurada meses atr\u00e1s, a partir de la hora 15.30. En lo que va del 2025 no se han enfrentado al estar en distintas zonas, d\u00e1ndose una deslucida campa\u00f1a de Paraguayo donde pudo escapar a la posici\u00f3n de p\u00e9rdida de categor\u00eda.<\/p>\n<p>En la \u00faltima fecha le gan\u00f3 en Villa Scasso (La Matanza) a General Lamadrid, aunque antes sufri\u00f3 cinco derrotas consecutivas, yendo m\u00e1s atr\u00e1s en el tiempo altern\u00f3 en tres empates, alg\u00fan triunfo y derrotas con cambio de entrenadores y salida de futbolistas. El panorama de Mercedes es otro, si bien viene de perder ante Alem y Central C\u00f3rdoba supo hacerse de resultados y con ello luch\u00f3 por la clasificaci\u00f3n por el segundo ascenso. Ya desde el s\u00e1bado y hasta el martes se jugar\u00e1n los dem\u00e1s cruces por ambos reducidos y la final.<\/p>\n<p><img loading=\"lazy\" decoding=\"async\" class=\"alignnone size-full wp-image-170362\" src=\"https:\/\/noticiasmercedinas.com\/site\/wp-content\/uploads\/2025\/09\/IMG_0797.jpg\" alt=\"\" width=\"640\" height=\"427\" srcset=\"https:\/\/noticiasmercedinas.com\/site\/wp-content\/uploads\/2025\/09\/IMG_0797.jpg 640w, https:\/\/noticiasmercedinas.com\/site\/wp-content\/uploads\/2025\/09\/IMG_0797-300x200.jpg 300w\" sizes=\"auto, (max-width: 640px) 100vw, 640px\" \/><\/p>\n<p>Los convocados para este viernes son: Mat\u00edas Caputo y Sebasti\u00e1n Brand\u00e1n (arqueros), Juan Bouquaux, Thom\u00e1s Bentancor, Franco Cruz, Mart\u00edn Zuccaro, Tomas V\u00e1zquez, Hern\u00e1n Pineda y Facundo Alani (defensores), Juan Manuel Culio, Maximiliano Pigh\u00edn, Joaqu\u00edn P\u00e9rez, Alan Maimo, Juan Rom\u00e1n L\u00f3pez, Franco Ortigosa y Tomas Chaparro (volantes), Sim\u00f3n Mart\u00ednez, Agust\u00edn Anacaratti, Leandro Amado y Augusto Ghiglione (delanteros).<\/p>\n<p><strong>Viernes 26<\/strong><br \/>\nA las 15.30 Deportivo Paraguayo vs. Club Mercedes.<br \/>\n<strong>\u00c1rbitro:<\/strong> Dami\u00e1n Rubino.<br \/>\n<strong>Asistente 1:<\/strong> Jonathan Florent\u00edn.<br \/>\n<strong>Asistente 2:<\/strong> Fabrizio Osorio.<br \/>\n<strong>Cuarto \u00e1rbitro:<\/strong> Gabriela Coronel.<br \/>\n<strong><br \/>\nTorneo Reducido segundo ascenso<\/strong><br \/>\n<strong>S\u00e1bado 27<br \/>\n<\/strong>A las 13 El Porvenir va. Luj\u00e1n.<br \/>\nArbitro: Guido Mascheroni.<\/p>\n<p><strong>Domingo 28<br \/>\n<\/strong>A las 15.30 General Lamadrid vs. Berazategui.<br \/>\nArbitro: Ramiro Maglio.<br \/>\nA las 15.30 horas Juventud Unida vs. Central C\u00f3rdoba (Rosario).<br \/>\nArbitro: Rodrigo Villalba.<\/p>\n<p><strong>Lunes 29<br \/>\n<\/strong>A las 15.30 Sportivo Barracas vs. JJ de Urquiza (en Almagro).<br \/>\nArbitro: Valent\u00edn Bocaccia.<br \/>\nA las 15.30 Leandro N. Alem vs. Argentino (Rosario).<br \/>\nArbitro: Gonzalo Correa.<\/p>\n<p><strong>Martes 30<\/strong><br \/>\nA las 15.30 Deportivo Espa\u00f1ol vs. Estrella del Sur.<br \/>\nArbitro: Gonzalo Creimermann.<\/p>\n<p><strong>Torneo Reducido 4\u00b0 Cupo Copa Argentina<br \/>\n<\/strong>Se juegan los cruces de ida, sum\u00e1ndose Ballester tras ganarle por la Permanencia a Puesto Nuevo. De esta manera surge el rival de Claypole y jugar\u00e1n entre s\u00ed Arenas y Centro Espa\u00f1ol. En cuanto al equipo de Campana espera por rival que saldr\u00e1 del Promocional Amateur, all\u00ed se podr\u00e1 celebrar el cruce de Promoci\u00f3n.<strong><br \/>\n<\/strong><br \/>\n<strong>S\u00e1bado 27<\/strong><br \/>\nA las 15.30 Lugano vs. Ca\u00f1uelas FC.<br \/>\nArbitro: Ulises L\u00f3pez.<\/p>\n<p><strong>Domingo 28<\/strong><br \/>\nA las 15.30 Defensores de Cambaceres vs. Atlas.<br \/>\nArbitro: Mateo Bocaccia.<br \/>\nA las 15.30 Yupanqui vs. Mu\u00f1iz.<br \/>\nArbitro: Iv\u00e1n Castelu Coca.<\/p>\n<p><strong>Lunes 29<\/strong><br \/>\nA las 15.30 Central Ballester vs. Claypole (en Puerto Nuevo).<br \/>\nArbitro: Agust\u00edn Panizza.<br \/>\nA las 15.30 Victoriano Arenas vs. Centro Espa\u00f1ol.<br \/>\nArbitro: Manuel Girett.<\/p>\n<p><strong>Primera ascenso<\/strong><br \/>\nLa ida dej\u00f3 el 2-1 de Ituzaing\u00f3 sobre Camioneros, este s\u00e1bado ser\u00e1 tiempo de revancha y conocer el primer ascendido a la Primera B Metropolitana. En caso de darse un empate en el global todo se resolver\u00e1 en los penales.<\/p>\n<p><strong>Final de vuelta<br \/>\nCancha:<\/strong> Camioneros.<br \/>\nA las 15.05 Camioneros vs. Ituzaing\u00f3.<br \/>\nArbitro: David Cornejo.<\/p>\n","protected":false},"excerpt":{"rendered":"<p>\u25a0 Por el Reducido que dar\u00e1 un lugar en la Copa Argentina jugar\u00e1 este viernes. Deportivo Paraguayo lo recibe en su cancha desde las 15.30. Todos los dem\u00e1s cruces van de s\u00e1bado a martes pr\u00f3ximo.<\/p>\n","protected":false},"author":6,"featured_media":170361,"comment_status":"closed","ping_status":"closed","sticky":false,"template":"","format":"standard","meta":{"footnotes":""},"categories":[5],"tags":[6424,135,13508,6434,347],"class_list":["post-170360","post","type-post","status-publish","format-standard","has-post-thumbnail","hentry","category-deportes","tag-afa","tag-club-mercedes","tag-copa-argentina","tag-primera-c","tag-reducido"],"yoast_head":"<!-- This site is optimized with the Yoast SEO plugin v27.4 - https:\/\/yoast.com\/product\/yoast-seo-wordpress\/ -->\n<title>Club Mercedes inicia una nueva instancia en la Primera C<\/title>\n<meta name=\"robots\" content=\"index, follow, max-snippet:-1, max-image-preview:large, max-video-preview:-1\" \/>\n<link rel=\"canonical\" href=\"https:\/\/noticiasmercedinas.com\/site\/2025\/09\/26\/club-mercedes-inicia-una-nueva-instancia-en-la-primera-c\/\" \/>\n<meta property=\"og:locale\" content=\"es_ES\" \/>\n<meta property=\"og:type\" content=\"article\" \/>\n<meta property=\"og:title\" content=\"Club Mercedes inicia una nueva instancia en la Primera C\" \/>\n<meta property=\"og:description\" content=\"\u25a0 Por el Reducido que dar\u00e1 un lugar en la Copa Argentina jugar\u00e1 este viernes. Deportivo Paraguayo lo recibe en su cancha desde las 15.30. Todos los dem\u00e1s cruces van de s\u00e1bado a martes pr\u00f3ximo.\" \/>\n<meta property=\"og:url\" content=\"https:\/\/noticiasmercedinas.com\/site\/2025\/09\/26\/club-mercedes-inicia-una-nueva-instancia-en-la-primera-c\/\" \/>\n<meta property=\"og:site_name\" content=\"NOTICIASMERCEDINAS.COM\" \/>\n<meta property=\"article:publisher\" content=\"https:\/\/www.facebook.com\/noticiasmercedinas\/\" \/>\n<meta property=\"article:published_time\" content=\"2025-09-26T03:59:37+00:00\" \/>\n<meta property=\"og:image\" content=\"https:\/\/noticiasmercedinas.com\/site\/wp-content\/uploads\/2025\/09\/IMG_0803.jpg\" \/>\n\t<meta property=\"og:image:width\" content=\"640\" \/>\n\t<meta property=\"og:image:height\" content=\"418\" \/>\n\t<meta property=\"og:image:type\" content=\"image\/jpeg\" \/>\n<meta name=\"author\" content=\"Juan Dagnino NOTICIASMERCEDINAS.COM\" \/>\n<meta name=\"twitter:card\" content=\"summary_large_image\" \/>\n<meta name=\"twitter:creator\" content=\"@notmercedinas\" \/>\n<meta name=\"twitter:site\" content=\"@notmercedinas\" \/>\n<meta name=\"twitter:label1\" content=\"Escrito por\" \/>\n\t<meta name=\"twitter:data1\" content=\"Juan Dagnino NOTICIASMERCEDINAS.COM\" \/>\n\t<meta name=\"twitter:label2\" content=\"Tiempo de lectura\" \/>\n\t<meta name=\"twitter:data2\" content=\"4 minutos\" \/>\n<script type=\"application\/ld+json\" class=\"yoast-schema-graph\">{\"@context\":\"https:\\\/\\\/schema.org\",\"@graph\":[{\"@type\":\"Article\",\"@id\":\"https:\\\/\\\/noticiasmercedinas.com\\\/site\\\/2025\\\/09\\\/26\\\/club-mercedes-inicia-una-nueva-instancia-en-la-primera-c\\\/#article\",\"isPartOf\":{\"@id\":\"https:\\\/\\\/noticiasmercedinas.com\\\/site\\\/2025\\\/09\\\/26\\\/club-mercedes-inicia-una-nueva-instancia-en-la-primera-c\\\/\"},\"author\":{\"name\":\"Juan Dagnino NOTICIASMERCEDINAS.COM\",\"@id\":\"https:\\\/\\\/noticiasmercedinas.com\\\/site\\\/#\\\/schema\\\/person\\\/8f2f09d666ef40986eba4a5e6f2a06f9\"},\"headline\":\"Club Mercedes inicia una nueva instancia en la Primera C\",\"datePublished\":\"2025-09-26T03:59:37+00:00\",\"mainEntityOfPage\":{\"@id\":\"https:\\\/\\\/noticiasmercedinas.com\\\/site\\\/2025\\\/09\\\/26\\\/club-mercedes-inicia-una-nueva-instancia-en-la-primera-c\\\/\"},\"wordCount\":562,\"publisher\":{\"@id\":\"https:\\\/\\\/noticiasmercedinas.com\\\/site\\\/#organization\"},\"image\":{\"@id\":\"https:\\\/\\\/noticiasmercedinas.com\\\/site\\\/2025\\\/09\\\/26\\\/club-mercedes-inicia-una-nueva-instancia-en-la-primera-c\\\/#primaryimage\"},\"thumbnailUrl\":\"https:\\\/\\\/noticiasmercedinas.com\\\/site\\\/wp-content\\\/uploads\\\/2025\\\/09\\\/IMG_0803.jpg\",\"keywords\":[\"AFA\",\"club mercedes\",\"copa argentina\",\"Primera C\",\"reducido\"],\"articleSection\":[\"Deportes\"],\"inLanguage\":\"es\"},{\"@type\":\"WebPage\",\"@id\":\"https:\\\/\\\/noticiasmercedinas.com\\\/site\\\/2025\\\/09\\\/26\\\/club-mercedes-inicia-una-nueva-instancia-en-la-primera-c\\\/\",\"url\":\"https:\\\/\\\/noticiasmercedinas.com\\\/site\\\/2025\\\/09\\\/26\\\/club-mercedes-inicia-una-nueva-instancia-en-la-primera-c\\\/\",\"name\":\"Club Mercedes inicia una nueva instancia en la Primera C\",\"isPartOf\":{\"@id\":\"https:\\\/\\\/noticiasmercedinas.com\\\/site\\\/#website\"},\"primaryImageOfPage\":{\"@id\":\"https:\\\/\\\/noticiasmercedinas.com\\\/site\\\/2025\\\/09\\\/26\\\/club-mercedes-inicia-una-nueva-instancia-en-la-primera-c\\\/#primaryimage\"},\"image\":{\"@id\":\"https:\\\/\\\/noticiasmercedinas.com\\\/site\\\/2025\\\/09\\\/26\\\/club-mercedes-inicia-una-nueva-instancia-en-la-primera-c\\\/#primaryimage\"},\"thumbnailUrl\":\"https:\\\/\\\/noticiasmercedinas.com\\\/site\\\/wp-content\\\/uploads\\\/2025\\\/09\\\/IMG_0803.jpg\",\"datePublished\":\"2025-09-26T03:59:37+00:00\",\"breadcrumb\":{\"@id\":\"https:\\\/\\\/noticiasmercedinas.com\\\/site\\\/2025\\\/09\\\/26\\\/club-mercedes-inicia-una-nueva-instancia-en-la-primera-c\\\/#breadcrumb\"},\"inLanguage\":\"es\",\"potentialAction\":[{\"@type\":\"ReadAction\",\"target\":[\"https:\\\/\\\/noticiasmercedinas.com\\\/site\\\/2025\\\/09\\\/26\\\/club-mercedes-inicia-una-nueva-instancia-en-la-primera-c\\\/\"]}]},{\"@type\":\"ImageObject\",\"inLanguage\":\"es\",\"@id\":\"https:\\\/\\\/noticiasmercedinas.com\\\/site\\\/2025\\\/09\\\/26\\\/club-mercedes-inicia-una-nueva-instancia-en-la-primera-c\\\/#primaryimage\",\"url\":\"https:\\\/\\\/noticiasmercedinas.com\\\/site\\\/wp-content\\\/uploads\\\/2025\\\/09\\\/IMG_0803.jpg\",\"contentUrl\":\"https:\\\/\\\/noticiasmercedinas.com\\\/site\\\/wp-content\\\/uploads\\\/2025\\\/09\\\/IMG_0803.jpg\",\"width\":640,\"height\":418},{\"@type\":\"BreadcrumbList\",\"@id\":\"https:\\\/\\\/noticiasmercedinas.com\\\/site\\\/2025\\\/09\\\/26\\\/club-mercedes-inicia-una-nueva-instancia-en-la-primera-c\\\/#breadcrumb\",\"itemListElement\":[{\"@type\":\"ListItem\",\"position\":1,\"name\":\"Portada\",\"item\":\"https:\\\/\\\/noticiasmercedinas.com\\\/site\\\/\"},{\"@type\":\"ListItem\",\"position\":2,\"name\":\"Club Mercedes inicia una nueva instancia en la Primera C\"}]},{\"@type\":\"WebSite\",\"@id\":\"https:\\\/\\\/noticiasmercedinas.com\\\/site\\\/#website\",\"url\":\"https:\\\/\\\/noticiasmercedinas.com\\\/site\\\/\",\"name\":\"NOTICIASMERCEDINAS.COM\",\"description\":\"Mercedes, Buenos Aires, Argentina\",\"publisher\":{\"@id\":\"https:\\\/\\\/noticiasmercedinas.com\\\/site\\\/#organization\"},\"potentialAction\":[{\"@type\":\"SearchAction\",\"target\":{\"@type\":\"EntryPoint\",\"urlTemplate\":\"https:\\\/\\\/noticiasmercedinas.com\\\/site\\\/?s={search_term_string}\"},\"query-input\":{\"@type\":\"PropertyValueSpecification\",\"valueRequired\":true,\"valueName\":\"search_term_string\"}}],\"inLanguage\":\"es\"},{\"@type\":\"Organization\",\"@id\":\"https:\\\/\\\/noticiasmercedinas.com\\\/site\\\/#organization\",\"name\":\"NOTICIASMERCEDINAS.COM\",\"url\":\"https:\\\/\\\/noticiasmercedinas.com\\\/site\\\/\",\"logo\":{\"@type\":\"ImageObject\",\"inLanguage\":\"es\",\"@id\":\"https:\\\/\\\/noticiasmercedinas.com\\\/site\\\/#\\\/schema\\\/logo\\\/image\\\/\",\"url\":\"https:\\\/\\\/noticiasmercedinas.com\\\/site\\\/wp-content\\\/uploads\\\/2020\\\/06\\\/LOGO-512.jpg\",\"contentUrl\":\"https:\\\/\\\/noticiasmercedinas.com\\\/site\\\/wp-content\\\/uploads\\\/2020\\\/06\\\/LOGO-512.jpg\",\"width\":512,\"height\":512,\"caption\":\"NOTICIASMERCEDINAS.COM\"},\"image\":{\"@id\":\"https:\\\/\\\/noticiasmercedinas.com\\\/site\\\/#\\\/schema\\\/logo\\\/image\\\/\"},\"sameAs\":[\"https:\\\/\\\/www.facebook.com\\\/noticiasmercedinas\\\/\",\"https:\\\/\\\/x.com\\\/notmercedinas\",\"https:\\\/\\\/www.instagram.com\\\/noticiasmercedinas\\\/\"]},{\"@type\":\"Person\",\"@id\":\"https:\\\/\\\/noticiasmercedinas.com\\\/site\\\/#\\\/schema\\\/person\\\/8f2f09d666ef40986eba4a5e6f2a06f9\",\"name\":\"Juan Dagnino NOTICIASMERCEDINAS.COM\",\"image\":{\"@type\":\"ImageObject\",\"inLanguage\":\"es\",\"@id\":\"https:\\\/\\\/secure.gravatar.com\\\/avatar\\\/fc7059a769f5a3cae65fadb228a3e4accf3a64b4b2305020d0a27e6d5333c91b?s=96&d=mm&r=g\",\"url\":\"https:\\\/\\\/secure.gravatar.com\\\/avatar\\\/fc7059a769f5a3cae65fadb228a3e4accf3a64b4b2305020d0a27e6d5333c91b?s=96&d=mm&r=g\",\"contentUrl\":\"https:\\\/\\\/secure.gravatar.com\\\/avatar\\\/fc7059a769f5a3cae65fadb228a3e4accf3a64b4b2305020d0a27e6d5333c91b?s=96&d=mm&r=g\",\"caption\":\"Juan Dagnino NOTICIASMERCEDINAS.COM\"},\"url\":\"https:\\\/\\\/noticiasmercedinas.com\\\/site\\\/author\\\/juandagnino\\\/\"}]}<\/script>\n<!-- \/ Yoast SEO plugin. -->","yoast_head_json":{"title":"Club Mercedes inicia una nueva instancia en la Primera C","robots":{"index":"index","follow":"follow","max-snippet":"max-snippet:-1","max-image-preview":"max-image-preview:large","max-video-preview":"max-video-preview:-1"},"canonical":"https:\/\/noticiasmercedinas.com\/site\/2025\/09\/26\/club-mercedes-inicia-una-nueva-instancia-en-la-primera-c\/","og_locale":"es_ES","og_type":"article","og_title":"Club Mercedes inicia una nueva instancia en la Primera C","og_description":"\u25a0 Por el Reducido que dar\u00e1 un lugar en la Copa Argentina jugar\u00e1 este viernes. Deportivo Paraguayo lo recibe en su cancha desde las 15.30. Todos los dem\u00e1s cruces van de s\u00e1bado a martes pr\u00f3ximo.","og_url":"https:\/\/noticiasmercedinas.com\/site\/2025\/09\/26\/club-mercedes-inicia-una-nueva-instancia-en-la-primera-c\/","og_site_name":"NOTICIASMERCEDINAS.COM","article_publisher":"https:\/\/www.facebook.com\/noticiasmercedinas\/","article_published_time":"2025-09-26T03:59:37+00:00","og_image":[{"width":640,"height":418,"url":"https:\/\/noticiasmercedinas.com\/site\/wp-content\/uploads\/2025\/09\/IMG_0803.jpg","type":"image\/jpeg"}],"author":"Juan Dagnino NOTICIASMERCEDINAS.COM","twitter_card":"summary_large_image","twitter_creator":"@notmercedinas","twitter_site":"@notmercedinas","twitter_misc":{"Escrito por":"Juan Dagnino NOTICIASMERCEDINAS.COM","Tiempo de lectura":"4 minutos"},"schema":{"@context":"https:\/\/schema.org","@graph":[{"@type":"Article","@id":"https:\/\/noticiasmercedinas.com\/site\/2025\/09\/26\/club-mercedes-inicia-una-nueva-instancia-en-la-primera-c\/#article","isPartOf":{"@id":"https:\/\/noticiasmercedinas.com\/site\/2025\/09\/26\/club-mercedes-inicia-una-nueva-instancia-en-la-primera-c\/"},"author":{"name":"Juan Dagnino NOTICIASMERCEDINAS.COM","@id":"https:\/\/noticiasmercedinas.com\/site\/#\/schema\/person\/8f2f09d666ef40986eba4a5e6f2a06f9"},"headline":"Club Mercedes inicia una nueva instancia en la Primera C","datePublished":"2025-09-26T03:59:37+00:00","mainEntityOfPage":{"@id":"https:\/\/noticiasmercedinas.com\/site\/2025\/09\/26\/club-mercedes-inicia-una-nueva-instancia-en-la-primera-c\/"},"wordCount":562,"publisher":{"@id":"https:\/\/noticiasmercedinas.com\/site\/#organization"},"image":{"@id":"https:\/\/noticiasmercedinas.com\/site\/2025\/09\/26\/club-mercedes-inicia-una-nueva-instancia-en-la-primera-c\/#primaryimage"},"thumbnailUrl":"https:\/\/noticiasmercedinas.com\/site\/wp-content\/uploads\/2025\/09\/IMG_0803.jpg","keywords":["AFA","club mercedes","copa argentina","Primera C","reducido"],"articleSection":["Deportes"],"inLanguage":"es"},{"@type":"WebPage","@id":"https:\/\/noticiasmercedinas.com\/site\/2025\/09\/26\/club-mercedes-inicia-una-nueva-instancia-en-la-primera-c\/","url":"https:\/\/noticiasmercedinas.com\/site\/2025\/09\/26\/club-mercedes-inicia-una-nueva-instancia-en-la-primera-c\/","name":"Club Mercedes inicia una nueva instancia en la Primera C","isPartOf":{"@id":"https:\/\/noticiasmercedinas.com\/site\/#website"},"primaryImageOfPage":{"@id":"https:\/\/noticiasmercedinas.com\/site\/2025\/09\/26\/club-mercedes-inicia-una-nueva-instancia-en-la-primera-c\/#primaryimage"},"image":{"@id":"https:\/\/noticiasmercedinas.com\/site\/2025\/09\/26\/club-mercedes-inicia-una-nueva-instancia-en-la-primera-c\/#primaryimage"},"thumbnailUrl":"https:\/\/noticiasmercedinas.com\/site\/wp-content\/uploads\/2025\/09\/IMG_0803.jpg","datePublished":"2025-09-26T03:59:37+00:00","breadcrumb":{"@id":"https:\/\/noticiasmercedinas.com\/site\/2025\/09\/26\/club-mercedes-inicia-una-nueva-instancia-en-la-primera-c\/#breadcrumb"},"inLanguage":"es","potentialAction":[{"@type":"ReadAction","target":["https:\/\/noticiasmercedinas.com\/site\/2025\/09\/26\/club-mercedes-inicia-una-nueva-instancia-en-la-primera-c\/"]}]},{"@type":"ImageObject","inLanguage":"es","@id":"https:\/\/noticiasmercedinas.com\/site\/2025\/09\/26\/club-mercedes-inicia-una-nueva-instancia-en-la-primera-c\/#primaryimage","url":"https:\/\/noticiasmercedinas.com\/site\/wp-content\/uploads\/2025\/09\/IMG_0803.jpg","contentUrl":"https:\/\/noticiasmercedinas.com\/site\/wp-content\/uploads\/2025\/09\/IMG_0803.jpg","width":640,"height":418},{"@type":"BreadcrumbList","@id":"https:\/\/noticiasmercedinas.com\/site\/2025\/09\/26\/club-mercedes-inicia-una-nueva-instancia-en-la-primera-c\/#breadcrumb","itemListElement":[{"@type":"ListItem","position":1,"name":"Portada","item":"https:\/\/noticiasmercedinas.com\/site\/"},{"@type":"ListItem","position":2,"name":"Club Mercedes inicia una nueva instancia en la Primera C"}]},{"@type":"WebSite","@id":"https:\/\/noticiasmercedinas.com\/site\/#website","url":"https:\/\/noticiasmercedinas.com\/site\/","name":"NOTICIASMERCEDINAS.COM","description":"Mercedes, Buenos Aires, Argentina","publisher":{"@id":"https:\/\/noticiasmercedinas.com\/site\/#organization"},"potentialAction":[{"@type":"SearchAction","target":{"@type":"EntryPoint","urlTemplate":"https:\/\/noticiasmercedinas.com\/site\/?s={search_term_string}"},"query-input":{"@type":"PropertyValueSpecification","valueRequired":true,"valueName":"search_term_string"}}],"inLanguage":"es"},{"@type":"Organization","@id":"https:\/\/noticiasmercedinas.com\/site\/#organization","name":"NOTICIASMERCEDINAS.COM","url":"https:\/\/noticiasmercedinas.com\/site\/","logo":{"@type":"ImageObject","inLanguage":"es","@id":"https:\/\/noticiasmercedinas.com\/site\/#\/schema\/logo\/image\/","url":"https:\/\/noticiasmercedinas.com\/site\/wp-content\/uploads\/2020\/06\/LOGO-512.jpg","contentUrl":"https:\/\/noticiasmercedinas.com\/site\/wp-content\/uploads\/2020\/06\/LOGO-512.jpg","width":512,"height":512,"caption":"NOTICIASMERCEDINAS.COM"},"image":{"@id":"https:\/\/noticiasmercedinas.com\/site\/#\/schema\/logo\/image\/"},"sameAs":["https:\/\/www.facebook.com\/noticiasmercedinas\/","https:\/\/x.com\/notmercedinas","https:\/\/www.instagram.com\/noticiasmercedinas\/"]},{"@type":"Person","@id":"https:\/\/noticiasmercedinas.com\/site\/#\/schema\/person\/8f2f09d666ef40986eba4a5e6f2a06f9","name":"Juan Dagnino NOTICIASMERCEDINAS.COM","image":{"@type":"ImageObject","inLanguage":"es","@id":"https:\/\/secure.gravatar.com\/avatar\/fc7059a769f5a3cae65fadb228a3e4accf3a64b4b2305020d0a27e6d5333c91b?s=96&d=mm&r=g","url":"https:\/\/secure.gravatar.com\/avatar\/fc7059a769f5a3cae65fadb228a3e4accf3a64b4b2305020d0a27e6d5333c91b?s=96&d=mm&r=g","contentUrl":"https:\/\/secure.gravatar.com\/avatar\/fc7059a769f5a3cae65fadb228a3e4accf3a64b4b2305020d0a27e6d5333c91b?s=96&d=mm&r=g","caption":"Juan Dagnino NOTICIASMERCEDINAS.COM"},"url":"https:\/\/noticiasmercedinas.com\/site\/author\/juandagnino\/"}]}},"amp_enabled":true,"_links":{"self":[{"href":"https:\/\/noticiasmercedinas.com\/site\/wp-json\/wp\/v2\/posts\/170360","targetHints":{"allow":["GET"]}}],"collection":[{"href":"https:\/\/noticiasmercedinas.com\/site\/wp-json\/wp\/v2\/posts"}],"about":[{"href":"https:\/\/noticiasmercedinas.com\/site\/wp-json\/wp\/v2\/types\/post"}],"author":[{"embeddable":true,"href":"https:\/\/noticiasmercedinas.com\/site\/wp-json\/wp\/v2\/users\/6"}],"replies":[{"embeddable":true,"href":"https:\/\/noticiasmercedinas.com\/site\/wp-json\/wp\/v2\/comments?post=170360"}],"version-history":[{"count":1,"href":"https:\/\/noticiasmercedinas.com\/site\/wp-json\/wp\/v2\/posts\/170360\/revisions"}],"predecessor-version":[{"id":170363,"href":"https:\/\/noticiasmercedinas.com\/site\/wp-json\/wp\/v2\/posts\/170360\/revisions\/170363"}],"wp:featuredmedia":[{"embeddable":true,"href":"https:\/\/noticiasmercedinas.com\/site\/wp-json\/wp\/v2\/media\/170361"}],"wp:attachment":[{"href":"https:\/\/noticiasmercedinas.com\/site\/wp-json\/wp\/v2\/media?parent=170360"}],"wp:term":[{"taxonomy":"category","embeddable":true,"href":"https:\/\/noticiasmercedinas.com\/site\/wp-json\/wp\/v2\/categories?post=170360"},{"taxonomy":"post_tag","embeddable":true,"href":"https:\/\/noticiasmercedinas.com\/site\/wp-json\/wp\/v2\/tags?post=170360"}],"curies":[{"name":"wp","href":"https:\/\/api.w.org\/{rel}","templated":true}]}}