{"id":170462,"date":"2025-09-27T08:44:02","date_gmt":"2025-09-27T11:44:02","guid":{"rendered":"https:\/\/noticiasmercedinas.com\/site\/?p=170462"},"modified":"2025-09-27T08:44:02","modified_gmt":"2025-09-27T11:44:02","slug":"arte-de-autor-este-fin-de-semana-con-un-paseo-por-los-espacios-culturales","status":"publish","type":"post","link":"https:\/\/noticiasmercedinas.com\/site\/2025\/09\/27\/arte-de-autor-este-fin-de-semana-con-un-paseo-por-los-espacios-culturales\/","title":{"rendered":"Arte de autor este fin de semana con un paseo por los espacios culturales"},"content":{"rendered":"<p>Una suerte de <em>via crucis<\/em> placentero y para disfrute de los sentidos por terrenos del arte se vivir\u00e1 este fin de semana en la ciudad. La escena cultural de Mercedes se prepara para vivir una iniciativa diferente que busca celebrar y acercar al p\u00fablico el talento local: el \u00abPaseo de Autores y Autoras Mercedinas\u00bb.<\/p>\n<p>Organizado por las y los propios creadores con el apoyo de la Direcci\u00f3n de Cultura, este evento se configura como un verdadero \u00abcamino del arte de autor\u00bb donde la ciudad se convierte en un escenario de arte a cielo abierto, permitiendo la inmersi\u00f3n total en los universos de sus protagonistas.<\/p>\n<p>Es una oportunidad excelente para re-descubrir el arte local, que abarca una diversidad tan amplia de disciplinas visuales, incluyendo ceramistas, ilustradores, dibujantes, fot\u00f3grafos, pintores, escultores, textiles y creadores digitales.<\/p>\n<p><strong>Autores en primer plano: agenda detallada<\/strong><\/p>\n<p>El recorrido art\u00edstico ha sido organizado para vivirse durante todo el fin de semana, con todos los talleres manteniendo sus puertas abiertas una hora antes y despu\u00e9s de los horarios sugeridos para el recorrido oficial.<\/p>\n<p><strong>S\u00c1BADO 27 DE SEPTIEMBRE<\/strong><\/p>\n<p>La jornada sabatina comienza a las 15:00 hs en el Centro de Arte y Escultura Encuentro (Calle 58 N\u00ba 3388) con la exhibici\u00f3n de Felix Caceres Pages. La actividad contin\u00faa de la siguiente manera:<\/p>\n<p>* 16:00 hs: Taller de Arte Marina V. L\u00f3pez<\/p>\n<p>* 17:00 hs: Taller del Sol<\/p>\n<p>* 18:00 hs: Volc\u00e1n Tienda Taller<\/p>\n<p>* 19:00 hs: Movimiento Cultural El Limonero<\/p>\n<p>* 20:00 hs: Espacio Taller Moleres<\/p>\n<p>* 21:00 hs: El Estudio (Dise\u00f1o, Arte y Fotograf\u00eda), donde se presentar\u00e1n artistas destacados como Ma. Eugenia Gait\u00e1n, Santiago S\u00e1nchez y Pablo Blasberg, entre otros.<\/p>\n<p><strong>DOMINGO 28 DE SEPTIEMBRE<\/strong><\/p>\n<p>La actividad dominical arranca m\u00e1s temprano, a las 14:30 hs, en Ser Manta y Barro (Calle 30 bis S\/N), con exhibiciones de Mar\u00eda Cristina Fern\u00e1ndez y Cesar Lalla. La tarde continuar\u00e1 de la siguiente forma:<\/p>\n<p>* 15:30 hs: Taller de Arte Yaguaret\u00e9<\/p>\n<p>* 16:30 hs: Espacio de Arte Natalia Ochoa<\/p>\n<p>* 17:30 hs: Estudio de Arte Cueto, destacando la participaci\u00f3n de Paula Giorgi, Eliana Ramponi y Eugenia Scioli.<\/p>\n<p>* 18:30 hs: La Violetera Taller<\/p>\n<p>* 19:30 hs: OK Taller<\/p>\n<p>* 20:30 hs: ArtEmisia (cierre del circuito), presentando a Daniela Espina y Melina Guevara.<\/p>\n<p><img loading=\"lazy\" decoding=\"async\" class=\"alignnone size-full wp-image-170465\" src=\"https:\/\/noticiasmercedinas.com\/site\/wp-content\/uploads\/2025\/09\/Arte-A.jpg\" alt=\"\" width=\"1319\" height=\"879\" srcset=\"https:\/\/noticiasmercedinas.com\/site\/wp-content\/uploads\/2025\/09\/Arte-A.jpg 1319w, https:\/\/noticiasmercedinas.com\/site\/wp-content\/uploads\/2025\/09\/Arte-A-300x200.jpg 300w, https:\/\/noticiasmercedinas.com\/site\/wp-content\/uploads\/2025\/09\/Arte-A-1024x682.jpg 1024w, https:\/\/noticiasmercedinas.com\/site\/wp-content\/uploads\/2025\/09\/Arte-A-768x512.jpg 768w, https:\/\/noticiasmercedinas.com\/site\/wp-content\/uploads\/2025\/09\/Arte-A-640x427.jpg 640w, https:\/\/noticiasmercedinas.com\/site\/wp-content\/uploads\/2025\/09\/Arte-A-1280x853.jpg 1280w, https:\/\/noticiasmercedinas.com\/site\/wp-content\/uploads\/2025\/09\/Arte-A-681x454.jpg 681w\" sizes=\"auto, (max-width: 1319px) 100vw, 1319px\" \/><\/p>\n","protected":false},"excerpt":{"rendered":"<p>Este s\u00e1bado 27 y domingo 28 de septiembre, el in\u00e9dito \u00abPaseo de Autores y Autoras Mercedinas\u00bb invita al p\u00fablico a recorrer los espacios creativos y dialogar de forma directa con sus talentosos creadores.<\/p>\n","protected":false},"author":16,"featured_media":170467,"comment_status":"closed","ping_status":"closed","sticky":false,"template":"","format":"video","meta":{"footnotes":""},"categories":[4],"tags":[190,20922],"class_list":["post-170462","post","type-post","status-publish","format-video","has-post-thumbnail","hentry","category-cultura","tag-arte","tag-paseo-de-autores","post_format-post-format-video"],"yoast_head":"<!-- This site is optimized with the Yoast SEO plugin v27.5 - https:\/\/yoast.com\/product\/yoast-seo-wordpress\/ -->\n<title>Arte de autor este fin de semana con un paseo por los espacios culturales<\/title>\n<meta name=\"description\" content=\"Este s\u00e1bado 27 y domingo 28 de septiembre, el in\u00e9dito &quot;Paseo de Autores y Autoras Mercedinas&quot; invita al p\u00fablico a recorrer los espacios creativos y dialogar de forma directa con sus talentosos creadores.\" \/>\n<meta name=\"robots\" content=\"index, follow, max-snippet:-1, max-image-preview:large, max-video-preview:-1\" \/>\n<link rel=\"canonical\" href=\"https:\/\/noticiasmercedinas.com\/site\/2025\/09\/27\/arte-de-autor-este-fin-de-semana-con-un-paseo-por-los-espacios-culturales\/\" \/>\n<meta property=\"og:locale\" content=\"es_ES\" \/>\n<meta property=\"og:type\" content=\"article\" \/>\n<meta property=\"og:title\" content=\"Arte de autor este fin de semana con un paseo por los espacios culturales\" \/>\n<meta property=\"og:description\" content=\"Este s\u00e1bado 27 y domingo 28 de septiembre, el in\u00e9dito &quot;Paseo de Autores y Autoras Mercedinas&quot; invita al p\u00fablico a recorrer los espacios creativos y dialogar de forma directa con sus talentosos creadores.\" \/>\n<meta property=\"og:url\" content=\"https:\/\/noticiasmercedinas.com\/site\/2025\/09\/27\/arte-de-autor-este-fin-de-semana-con-un-paseo-por-los-espacios-culturales\/\" \/>\n<meta property=\"og:site_name\" content=\"NOTICIASMERCEDINAS.COM\" \/>\n<meta property=\"article:publisher\" content=\"https:\/\/www.facebook.com\/noticiasmercedinas\/\" \/>\n<meta property=\"article:published_time\" content=\"2025-09-27T11:44:02+00:00\" \/>\n<meta property=\"og:image\" content=\"https:\/\/noticiasmercedinas.com\/site\/wp-content\/uploads\/2025\/09\/maxresdefault.jpg\" \/>\n\t<meta property=\"og:image:width\" content=\"1280\" \/>\n\t<meta property=\"og:image:height\" content=\"720\" \/>\n\t<meta property=\"og:image:type\" content=\"image\/jpeg\" \/>\n<meta name=\"author\" content=\"NOTICIASMERCEDINAS.COM\" \/>\n<meta name=\"twitter:card\" content=\"summary_large_image\" \/>\n<meta name=\"twitter:creator\" content=\"@notmercedinas\" \/>\n<meta name=\"twitter:site\" content=\"@notmercedinas\" \/>\n<meta name=\"twitter:label1\" content=\"Escrito por\" \/>\n\t<meta name=\"twitter:data1\" content=\"NOTICIASMERCEDINAS.COM\" \/>\n\t<meta name=\"twitter:label2\" content=\"Tiempo de lectura\" \/>\n\t<meta name=\"twitter:data2\" content=\"3 minutos\" \/>\n<script type=\"application\/ld+json\" class=\"yoast-schema-graph\">{\"@context\":\"https:\\\/\\\/schema.org\",\"@graph\":[{\"@type\":\"Article\",\"@id\":\"https:\\\/\\\/noticiasmercedinas.com\\\/site\\\/2025\\\/09\\\/27\\\/arte-de-autor-este-fin-de-semana-con-un-paseo-por-los-espacios-culturales\\\/#article\",\"isPartOf\":{\"@id\":\"https:\\\/\\\/noticiasmercedinas.com\\\/site\\\/2025\\\/09\\\/27\\\/arte-de-autor-este-fin-de-semana-con-un-paseo-por-los-espacios-culturales\\\/\"},\"author\":{\"name\":\"NOTICIASMERCEDINAS.COM\",\"@id\":\"https:\\\/\\\/noticiasmercedinas.com\\\/site\\\/#\\\/schema\\\/person\\\/84b59c099c28ff2e8b77d4ceec5d8063\"},\"headline\":\"Arte de autor este fin de semana con un paseo por los espacios culturales\",\"datePublished\":\"2025-09-27T11:44:02+00:00\",\"mainEntityOfPage\":{\"@id\":\"https:\\\/\\\/noticiasmercedinas.com\\\/site\\\/2025\\\/09\\\/27\\\/arte-de-autor-este-fin-de-semana-con-un-paseo-por-los-espacios-culturales\\\/\"},\"wordCount\":372,\"publisher\":{\"@id\":\"https:\\\/\\\/noticiasmercedinas.com\\\/site\\\/#organization\"},\"image\":{\"@id\":\"https:\\\/\\\/noticiasmercedinas.com\\\/site\\\/2025\\\/09\\\/27\\\/arte-de-autor-este-fin-de-semana-con-un-paseo-por-los-espacios-culturales\\\/#primaryimage\"},\"thumbnailUrl\":\"https:\\\/\\\/noticiasmercedinas.com\\\/site\\\/wp-content\\\/uploads\\\/2025\\\/09\\\/maxresdefault.jpg\",\"keywords\":[\"arte\",\"paseo de autores\"],\"articleSection\":[\"Cultura\"],\"inLanguage\":\"es\"},{\"@type\":\"WebPage\",\"@id\":\"https:\\\/\\\/noticiasmercedinas.com\\\/site\\\/2025\\\/09\\\/27\\\/arte-de-autor-este-fin-de-semana-con-un-paseo-por-los-espacios-culturales\\\/\",\"url\":\"https:\\\/\\\/noticiasmercedinas.com\\\/site\\\/2025\\\/09\\\/27\\\/arte-de-autor-este-fin-de-semana-con-un-paseo-por-los-espacios-culturales\\\/\",\"name\":\"Arte de autor este fin de semana con un paseo por los espacios culturales\",\"isPartOf\":{\"@id\":\"https:\\\/\\\/noticiasmercedinas.com\\\/site\\\/#website\"},\"primaryImageOfPage\":{\"@id\":\"https:\\\/\\\/noticiasmercedinas.com\\\/site\\\/2025\\\/09\\\/27\\\/arte-de-autor-este-fin-de-semana-con-un-paseo-por-los-espacios-culturales\\\/#primaryimage\"},\"image\":{\"@id\":\"https:\\\/\\\/noticiasmercedinas.com\\\/site\\\/2025\\\/09\\\/27\\\/arte-de-autor-este-fin-de-semana-con-un-paseo-por-los-espacios-culturales\\\/#primaryimage\"},\"thumbnailUrl\":\"https:\\\/\\\/noticiasmercedinas.com\\\/site\\\/wp-content\\\/uploads\\\/2025\\\/09\\\/maxresdefault.jpg\",\"datePublished\":\"2025-09-27T11:44:02+00:00\",\"description\":\"Este s\u00e1bado 27 y domingo 28 de septiembre, el in\u00e9dito \\\"Paseo de Autores y Autoras Mercedinas\\\" invita al p\u00fablico a recorrer los espacios creativos y dialogar de forma directa con sus talentosos creadores.\",\"breadcrumb\":{\"@id\":\"https:\\\/\\\/noticiasmercedinas.com\\\/site\\\/2025\\\/09\\\/27\\\/arte-de-autor-este-fin-de-semana-con-un-paseo-por-los-espacios-culturales\\\/#breadcrumb\"},\"inLanguage\":\"es\",\"potentialAction\":[{\"@type\":\"ReadAction\",\"target\":[\"https:\\\/\\\/noticiasmercedinas.com\\\/site\\\/2025\\\/09\\\/27\\\/arte-de-autor-este-fin-de-semana-con-un-paseo-por-los-espacios-culturales\\\/\"]}]},{\"@type\":\"ImageObject\",\"inLanguage\":\"es\",\"@id\":\"https:\\\/\\\/noticiasmercedinas.com\\\/site\\\/2025\\\/09\\\/27\\\/arte-de-autor-este-fin-de-semana-con-un-paseo-por-los-espacios-culturales\\\/#primaryimage\",\"url\":\"https:\\\/\\\/noticiasmercedinas.com\\\/site\\\/wp-content\\\/uploads\\\/2025\\\/09\\\/maxresdefault.jpg\",\"contentUrl\":\"https:\\\/\\\/noticiasmercedinas.com\\\/site\\\/wp-content\\\/uploads\\\/2025\\\/09\\\/maxresdefault.jpg\",\"width\":1280,\"height\":720},{\"@type\":\"BreadcrumbList\",\"@id\":\"https:\\\/\\\/noticiasmercedinas.com\\\/site\\\/2025\\\/09\\\/27\\\/arte-de-autor-este-fin-de-semana-con-un-paseo-por-los-espacios-culturales\\\/#breadcrumb\",\"itemListElement\":[{\"@type\":\"ListItem\",\"position\":1,\"name\":\"Portada\",\"item\":\"https:\\\/\\\/noticiasmercedinas.com\\\/site\\\/\"},{\"@type\":\"ListItem\",\"position\":2,\"name\":\"Arte de autor este fin de semana con un paseo por los espacios culturales\"}]},{\"@type\":\"WebSite\",\"@id\":\"https:\\\/\\\/noticiasmercedinas.com\\\/site\\\/#website\",\"url\":\"https:\\\/\\\/noticiasmercedinas.com\\\/site\\\/\",\"name\":\"NOTICIASMERCEDINAS.COM\",\"description\":\"Mercedes, Buenos Aires, Argentina\",\"publisher\":{\"@id\":\"https:\\\/\\\/noticiasmercedinas.com\\\/site\\\/#organization\"},\"potentialAction\":[{\"@type\":\"SearchAction\",\"target\":{\"@type\":\"EntryPoint\",\"urlTemplate\":\"https:\\\/\\\/noticiasmercedinas.com\\\/site\\\/?s={search_term_string}\"},\"query-input\":{\"@type\":\"PropertyValueSpecification\",\"valueRequired\":true,\"valueName\":\"search_term_string\"}}],\"inLanguage\":\"es\"},{\"@type\":\"Organization\",\"@id\":\"https:\\\/\\\/noticiasmercedinas.com\\\/site\\\/#organization\",\"name\":\"NOTICIASMERCEDINAS.COM\",\"url\":\"https:\\\/\\\/noticiasmercedinas.com\\\/site\\\/\",\"logo\":{\"@type\":\"ImageObject\",\"inLanguage\":\"es\",\"@id\":\"https:\\\/\\\/noticiasmercedinas.com\\\/site\\\/#\\\/schema\\\/logo\\\/image\\\/\",\"url\":\"https:\\\/\\\/noticiasmercedinas.com\\\/site\\\/wp-content\\\/uploads\\\/2020\\\/06\\\/LOGO-512.jpg\",\"contentUrl\":\"https:\\\/\\\/noticiasmercedinas.com\\\/site\\\/wp-content\\\/uploads\\\/2020\\\/06\\\/LOGO-512.jpg\",\"width\":512,\"height\":512,\"caption\":\"NOTICIASMERCEDINAS.COM\"},\"image\":{\"@id\":\"https:\\\/\\\/noticiasmercedinas.com\\\/site\\\/#\\\/schema\\\/logo\\\/image\\\/\"},\"sameAs\":[\"https:\\\/\\\/www.facebook.com\\\/noticiasmercedinas\\\/\",\"https:\\\/\\\/x.com\\\/notmercedinas\",\"https:\\\/\\\/www.instagram.com\\\/noticiasmercedinas\\\/\"]},{\"@type\":\"Person\",\"@id\":\"https:\\\/\\\/noticiasmercedinas.com\\\/site\\\/#\\\/schema\\\/person\\\/84b59c099c28ff2e8b77d4ceec5d8063\",\"name\":\"NOTICIASMERCEDINAS.COM\",\"image\":{\"@type\":\"ImageObject\",\"inLanguage\":\"es\",\"@id\":\"https:\\\/\\\/secure.gravatar.com\\\/avatar\\\/4dfbf16b4d17945bfb6341b2d19043457132fcf478a5ee04f42e959fd8f5df0a?s=96&d=mm&r=g\",\"url\":\"https:\\\/\\\/secure.gravatar.com\\\/avatar\\\/4dfbf16b4d17945bfb6341b2d19043457132fcf478a5ee04f42e959fd8f5df0a?s=96&d=mm&r=g\",\"contentUrl\":\"https:\\\/\\\/secure.gravatar.com\\\/avatar\\\/4dfbf16b4d17945bfb6341b2d19043457132fcf478a5ee04f42e959fd8f5df0a?s=96&d=mm&r=g\",\"caption\":\"NOTICIASMERCEDINAS.COM\"},\"url\":\"https:\\\/\\\/noticiasmercedinas.com\\\/site\\\/author\\\/anonimo\\\/\"}]}<\/script>\n<!-- \/ Yoast SEO plugin. -->","yoast_head_json":{"title":"Arte de autor este fin de semana con un paseo por los espacios culturales","description":"Este s\u00e1bado 27 y domingo 28 de septiembre, el in\u00e9dito \"Paseo de Autores y Autoras Mercedinas\" invita al p\u00fablico a recorrer los espacios creativos y dialogar de forma directa con sus talentosos creadores.","robots":{"index":"index","follow":"follow","max-snippet":"max-snippet:-1","max-image-preview":"max-image-preview:large","max-video-preview":"max-video-preview:-1"},"canonical":"https:\/\/noticiasmercedinas.com\/site\/2025\/09\/27\/arte-de-autor-este-fin-de-semana-con-un-paseo-por-los-espacios-culturales\/","og_locale":"es_ES","og_type":"article","og_title":"Arte de autor este fin de semana con un paseo por los espacios culturales","og_description":"Este s\u00e1bado 27 y domingo 28 de septiembre, el in\u00e9dito \"Paseo de Autores y Autoras Mercedinas\" invita al p\u00fablico a recorrer los espacios creativos y dialogar de forma directa con sus talentosos creadores.","og_url":"https:\/\/noticiasmercedinas.com\/site\/2025\/09\/27\/arte-de-autor-este-fin-de-semana-con-un-paseo-por-los-espacios-culturales\/","og_site_name":"NOTICIASMERCEDINAS.COM","article_publisher":"https:\/\/www.facebook.com\/noticiasmercedinas\/","article_published_time":"2025-09-27T11:44:02+00:00","og_image":[{"width":1280,"height":720,"url":"https:\/\/noticiasmercedinas.com\/site\/wp-content\/uploads\/2025\/09\/maxresdefault.jpg","type":"image\/jpeg"}],"author":"NOTICIASMERCEDINAS.COM","twitter_card":"summary_large_image","twitter_creator":"@notmercedinas","twitter_site":"@notmercedinas","twitter_misc":{"Escrito por":"NOTICIASMERCEDINAS.COM","Tiempo de lectura":"3 minutos"},"schema":{"@context":"https:\/\/schema.org","@graph":[{"@type":"Article","@id":"https:\/\/noticiasmercedinas.com\/site\/2025\/09\/27\/arte-de-autor-este-fin-de-semana-con-un-paseo-por-los-espacios-culturales\/#article","isPartOf":{"@id":"https:\/\/noticiasmercedinas.com\/site\/2025\/09\/27\/arte-de-autor-este-fin-de-semana-con-un-paseo-por-los-espacios-culturales\/"},"author":{"name":"NOTICIASMERCEDINAS.COM","@id":"https:\/\/noticiasmercedinas.com\/site\/#\/schema\/person\/84b59c099c28ff2e8b77d4ceec5d8063"},"headline":"Arte de autor este fin de semana con un paseo por los espacios culturales","datePublished":"2025-09-27T11:44:02+00:00","mainEntityOfPage":{"@id":"https:\/\/noticiasmercedinas.com\/site\/2025\/09\/27\/arte-de-autor-este-fin-de-semana-con-un-paseo-por-los-espacios-culturales\/"},"wordCount":372,"publisher":{"@id":"https:\/\/noticiasmercedinas.com\/site\/#organization"},"image":{"@id":"https:\/\/noticiasmercedinas.com\/site\/2025\/09\/27\/arte-de-autor-este-fin-de-semana-con-un-paseo-por-los-espacios-culturales\/#primaryimage"},"thumbnailUrl":"https:\/\/noticiasmercedinas.com\/site\/wp-content\/uploads\/2025\/09\/maxresdefault.jpg","keywords":["arte","paseo de autores"],"articleSection":["Cultura"],"inLanguage":"es"},{"@type":"WebPage","@id":"https:\/\/noticiasmercedinas.com\/site\/2025\/09\/27\/arte-de-autor-este-fin-de-semana-con-un-paseo-por-los-espacios-culturales\/","url":"https:\/\/noticiasmercedinas.com\/site\/2025\/09\/27\/arte-de-autor-este-fin-de-semana-con-un-paseo-por-los-espacios-culturales\/","name":"Arte de autor este fin de semana con un paseo por los espacios culturales","isPartOf":{"@id":"https:\/\/noticiasmercedinas.com\/site\/#website"},"primaryImageOfPage":{"@id":"https:\/\/noticiasmercedinas.com\/site\/2025\/09\/27\/arte-de-autor-este-fin-de-semana-con-un-paseo-por-los-espacios-culturales\/#primaryimage"},"image":{"@id":"https:\/\/noticiasmercedinas.com\/site\/2025\/09\/27\/arte-de-autor-este-fin-de-semana-con-un-paseo-por-los-espacios-culturales\/#primaryimage"},"thumbnailUrl":"https:\/\/noticiasmercedinas.com\/site\/wp-content\/uploads\/2025\/09\/maxresdefault.jpg","datePublished":"2025-09-27T11:44:02+00:00","description":"Este s\u00e1bado 27 y domingo 28 de septiembre, el in\u00e9dito \"Paseo de Autores y Autoras Mercedinas\" invita al p\u00fablico a recorrer los espacios creativos y dialogar de forma directa con sus talentosos creadores.","breadcrumb":{"@id":"https:\/\/noticiasmercedinas.com\/site\/2025\/09\/27\/arte-de-autor-este-fin-de-semana-con-un-paseo-por-los-espacios-culturales\/#breadcrumb"},"inLanguage":"es","potentialAction":[{"@type":"ReadAction","target":["https:\/\/noticiasmercedinas.com\/site\/2025\/09\/27\/arte-de-autor-este-fin-de-semana-con-un-paseo-por-los-espacios-culturales\/"]}]},{"@type":"ImageObject","inLanguage":"es","@id":"https:\/\/noticiasmercedinas.com\/site\/2025\/09\/27\/arte-de-autor-este-fin-de-semana-con-un-paseo-por-los-espacios-culturales\/#primaryimage","url":"https:\/\/noticiasmercedinas.com\/site\/wp-content\/uploads\/2025\/09\/maxresdefault.jpg","contentUrl":"https:\/\/noticiasmercedinas.com\/site\/wp-content\/uploads\/2025\/09\/maxresdefault.jpg","width":1280,"height":720},{"@type":"BreadcrumbList","@id":"https:\/\/noticiasmercedinas.com\/site\/2025\/09\/27\/arte-de-autor-este-fin-de-semana-con-un-paseo-por-los-espacios-culturales\/#breadcrumb","itemListElement":[{"@type":"ListItem","position":1,"name":"Portada","item":"https:\/\/noticiasmercedinas.com\/site\/"},{"@type":"ListItem","position":2,"name":"Arte de autor este fin de semana con un paseo por los espacios culturales"}]},{"@type":"WebSite","@id":"https:\/\/noticiasmercedinas.com\/site\/#website","url":"https:\/\/noticiasmercedinas.com\/site\/","name":"NOTICIASMERCEDINAS.COM","description":"Mercedes, Buenos Aires, Argentina","publisher":{"@id":"https:\/\/noticiasmercedinas.com\/site\/#organization"},"potentialAction":[{"@type":"SearchAction","target":{"@type":"EntryPoint","urlTemplate":"https:\/\/noticiasmercedinas.com\/site\/?s={search_term_string}"},"query-input":{"@type":"PropertyValueSpecification","valueRequired":true,"valueName":"search_term_string"}}],"inLanguage":"es"},{"@type":"Organization","@id":"https:\/\/noticiasmercedinas.com\/site\/#organization","name":"NOTICIASMERCEDINAS.COM","url":"https:\/\/noticiasmercedinas.com\/site\/","logo":{"@type":"ImageObject","inLanguage":"es","@id":"https:\/\/noticiasmercedinas.com\/site\/#\/schema\/logo\/image\/","url":"https:\/\/noticiasmercedinas.com\/site\/wp-content\/uploads\/2020\/06\/LOGO-512.jpg","contentUrl":"https:\/\/noticiasmercedinas.com\/site\/wp-content\/uploads\/2020\/06\/LOGO-512.jpg","width":512,"height":512,"caption":"NOTICIASMERCEDINAS.COM"},"image":{"@id":"https:\/\/noticiasmercedinas.com\/site\/#\/schema\/logo\/image\/"},"sameAs":["https:\/\/www.facebook.com\/noticiasmercedinas\/","https:\/\/x.com\/notmercedinas","https:\/\/www.instagram.com\/noticiasmercedinas\/"]},{"@type":"Person","@id":"https:\/\/noticiasmercedinas.com\/site\/#\/schema\/person\/84b59c099c28ff2e8b77d4ceec5d8063","name":"NOTICIASMERCEDINAS.COM","image":{"@type":"ImageObject","inLanguage":"es","@id":"https:\/\/secure.gravatar.com\/avatar\/4dfbf16b4d17945bfb6341b2d19043457132fcf478a5ee04f42e959fd8f5df0a?s=96&d=mm&r=g","url":"https:\/\/secure.gravatar.com\/avatar\/4dfbf16b4d17945bfb6341b2d19043457132fcf478a5ee04f42e959fd8f5df0a?s=96&d=mm&r=g","contentUrl":"https:\/\/secure.gravatar.com\/avatar\/4dfbf16b4d17945bfb6341b2d19043457132fcf478a5ee04f42e959fd8f5df0a?s=96&d=mm&r=g","caption":"NOTICIASMERCEDINAS.COM"},"url":"https:\/\/noticiasmercedinas.com\/site\/author\/anonimo\/"}]}},"amp_enabled":true,"_links":{"self":[{"href":"https:\/\/noticiasmercedinas.com\/site\/wp-json\/wp\/v2\/posts\/170462","targetHints":{"allow":["GET"]}}],"collection":[{"href":"https:\/\/noticiasmercedinas.com\/site\/wp-json\/wp\/v2\/posts"}],"about":[{"href":"https:\/\/noticiasmercedinas.com\/site\/wp-json\/wp\/v2\/types\/post"}],"author":[{"embeddable":true,"href":"https:\/\/noticiasmercedinas.com\/site\/wp-json\/wp\/v2\/users\/16"}],"replies":[{"embeddable":true,"href":"https:\/\/noticiasmercedinas.com\/site\/wp-json\/wp\/v2\/comments?post=170462"}],"version-history":[{"count":5,"href":"https:\/\/noticiasmercedinas.com\/site\/wp-json\/wp\/v2\/posts\/170462\/revisions"}],"predecessor-version":[{"id":170469,"href":"https:\/\/noticiasmercedinas.com\/site\/wp-json\/wp\/v2\/posts\/170462\/revisions\/170469"}],"wp:featuredmedia":[{"embeddable":true,"href":"https:\/\/noticiasmercedinas.com\/site\/wp-json\/wp\/v2\/media\/170467"}],"wp:attachment":[{"href":"https:\/\/noticiasmercedinas.com\/site\/wp-json\/wp\/v2\/media?parent=170462"}],"wp:term":[{"taxonomy":"category","embeddable":true,"href":"https:\/\/noticiasmercedinas.com\/site\/wp-json\/wp\/v2\/categories?post=170462"},{"taxonomy":"post_tag","embeddable":true,"href":"https:\/\/noticiasmercedinas.com\/site\/wp-json\/wp\/v2\/tags?post=170462"}],"curies":[{"name":"wp","href":"https:\/\/api.w.org\/{rel}","templated":true}]}}