{"id":170501,"date":"2025-09-27T16:37:40","date_gmt":"2025-09-27T19:37:40","guid":{"rendered":"https:\/\/noticiasmercedinas.com\/site\/?p=170501"},"modified":"2025-09-27T16:37:40","modified_gmt":"2025-09-27T19:37:40","slug":"sabrina-selva-activa-en-la-comision-investigadora-libra-asegura-que-estan-ejerciendo-su-deber-de-contralor","status":"publish","type":"post","link":"https:\/\/noticiasmercedinas.com\/site\/2025\/09\/27\/sabrina-selva-activa-en-la-comision-investigadora-libra-asegura-que-estan-ejerciendo-su-deber-de-contralor\/","title":{"rendered":"Sabrina Selva, activa en la comisi\u00f3n investigadora $Libra, asegura que est\u00e1n ejerciendo su \u00abdeber de contralor\u00bb"},"content":{"rendered":"<p><img loading=\"lazy\" decoding=\"async\" class=\"alignnone size-full wp-image-170502\" src=\"https:\/\/noticiasmercedinas.com\/site\/wp-content\/uploads\/2025\/09\/sabrina_selva.jpg\" alt=\"\" width=\"1440\" height=\"960\" srcset=\"https:\/\/noticiasmercedinas.com\/site\/wp-content\/uploads\/2025\/09\/sabrina_selva.jpg 1440w, https:\/\/noticiasmercedinas.com\/site\/wp-content\/uploads\/2025\/09\/sabrina_selva-300x200.jpg 300w, https:\/\/noticiasmercedinas.com\/site\/wp-content\/uploads\/2025\/09\/sabrina_selva-1024x683.jpg 1024w, https:\/\/noticiasmercedinas.com\/site\/wp-content\/uploads\/2025\/09\/sabrina_selva-768x512.jpg 768w, https:\/\/noticiasmercedinas.com\/site\/wp-content\/uploads\/2025\/09\/sabrina_selva-640x427.jpg 640w, https:\/\/noticiasmercedinas.com\/site\/wp-content\/uploads\/2025\/09\/sabrina_selva-1280x853.jpg 1280w, https:\/\/noticiasmercedinas.com\/site\/wp-content\/uploads\/2025\/09\/sabrina_selva-681x454.jpg 681w, https:\/\/noticiasmercedinas.com\/site\/wp-content\/uploads\/2025\/09\/sabrina_selva-1362x908.jpg 1362w\" sizes=\"auto, (max-width: 1440px) 100vw, 1440px\" \/><\/p>\n<p>La <b>Comisi\u00f3n Investigadora sobre el caso $LIBRA<\/b> en el Congreso Nacional ha dado un giro en\u00e9rgico a sus procedimientos, ante la persistente negativa de funcionarios del gobierno de <b>Javier Milei<\/b> de brindar informaci\u00f3n y comparecer.<\/p>\n<p>La diputada <b>Sabrina Selva<\/b>, integrante de la comisi\u00f3n, detall\u00f3 una serie de <b>nuevas medidas de prueba<\/b> que apuntan directamente al Poder Ejecutivo y sus organismos de control.<\/p>\n<p>La comisi\u00f3n ha tomado la decisi\u00f3n m\u00e1s contundente en su historia al <b>reiterar la citaci\u00f3n a la Secretaria General de la Presidencia, Karina Milei<\/b>, estableciendo un plazo definitivo hasta el <b>30 de septiembre<\/b>. Se ha notificado que, si persiste la negativa a comparecer, los legisladores <b>solicitar\u00e1n auxilio al Poder Judicial para que sea obligada a presentarse por la fuerza p\u00fablica<\/b>.<\/p>\n<p>De igual forma, se ha <b>reiterado la requisitoria al Presidente Javier Milei<\/b> para que responda a preguntas consideradas \u00abclave\u00bb, principalmente sobre <b>qui\u00e9n le suministr\u00f3 el n\u00famero de contrato de $LIBRA<\/b>.<\/p>\n<p>Adem\u00e1s, la comisi\u00f3n solicit\u00f3 directamente el <b>auxilio de la Fuerza P\u00fablica<\/b> para asegurar la presencia del titular de la Oficina Anticorrupci\u00f3n, <b>Alejandro Melik<\/b>, y de la ex titular de la Unidad de Tareas de Investigaci\u00f3n de Libra, <b>Florencia Zicavo<\/b>. La comisi\u00f3n destaca que Zicavo intent\u00f3 sin \u00e9xito una medida cautelar para evitar la citaci\u00f3n.<\/p>\n<p>El trabajo de contralor incluye tambi\u00e9n un fuerte avance sobre el sistema de justicia y regulatorio:<\/p>\n<ul>\n<li>Se pidi\u00f3 una <b>audiencia con el Procurador General de la Naci\u00f3n, Eduardo Casal.<\/b><\/li>\n<li>Se <b>cit\u00f3 al Ministro de Justicia, Mariano C\u00faneo Libarona<\/b>, y se le dio un plazo de <b>72 horas<\/b> para que remita informes de la Oficina Anticorrupci\u00f3n (OA) y la Unidad de Tareas de Investigaci\u00f3n (UTI) que, seg\u00fan la comisi\u00f3n, se niegan a brindar.<\/li>\n<li>Se <b>reiter\u00f3 la citaci\u00f3n<\/b> a los titulares de la <b>Comisi\u00f3n Nacional de Valores (CNV)<\/b> y de la <b>Unidad de Informaci\u00f3n Financiera (UIF)<\/b> para el 30 de septiembre, luego de que se ausentaran en la fecha anterior excus\u00e1ndose por estar fuera del pa\u00eds.<\/li>\n<li>Se <b>ofici\u00f3 a la CNV<\/b> para que identifique los datos de registro de los proveedores de servicios de activos virtuales vinculados a billeteras y operaciones sospechosas de $LIBRA.<\/li>\n<\/ul>\n<p>La diputada Selva defendi\u00f3 las acciones de la comisi\u00f3n, asegurando que est\u00e1n ejerciendo su <b>\u00abdeber de contralor del Poder Ejecutivo Nacional\u00bb<\/b> en un marco de equilibrio de poderes. \u00abLos que intentan argumentar lo contrario, son los que est\u00e1n obstruyendo desde el principio la investigaci\u00f3n\u00bb, afirm\u00f3.<\/p>\n<p>El 30 de septiembre ser\u00e1 una jornada clave, ya que est\u00e1n citados formalmente <b>Mauricio Novelli, Manuel Terrones Godoy y Sergio Morales<\/b>, adem\u00e1s de los titulares de la CNV y la UIF.<\/p>\n<p>La comisi\u00f3n parlamentaria contin\u00faa con el seguimiento de los movimientos financieros del caso $LIBRA y la colaboraci\u00f3n con el Poder Judicial en su rol de investigaci\u00f3n.<\/p>\n","protected":false},"excerpt":{"rendered":"<p>\u25a0 Legisladores que investigan la presunta operatoria irregular intensifican el cerco sobre funcionarios del Ejecutivo Nacional, reiterando citaciones al Presidente Javier Milei y a la Secretaria General de la Presidencia, Karina Milei, bajo apercibimiento de solicitar la intervenci\u00f3n judicial.<\/p>\n","protected":false},"author":16,"featured_media":170502,"comment_status":"closed","ping_status":"closed","sticky":false,"template":"","format":"standard","meta":{"footnotes":""},"categories":[16],"tags":[700,174,19875,4259],"class_list":["post-170501","post","type-post","status-publish","format-standard","has-post-thumbnail","hentry","category-politica","tag-comision","tag-diputados","tag-libra","tag-sabrina-selva"],"yoast_head":"<!-- This site is optimized with the Yoast SEO plugin v27.4 - https:\/\/yoast.com\/product\/yoast-seo-wordpress\/ -->\n<title>Sabrina Selva, activa en la comisi\u00f3n investigadora $Libra, asegura que est\u00e1n ejerciendo su &quot;deber de contralor&quot;<\/title>\n<meta name=\"description\" content=\"Legisladores que investigan la presunta operatoria irregular intensifican el cerco sobre funcionarios del Ejecutivo Nacional, reiterando citaciones al Presidente Javier Milei y a la Secretaria General de la Presidencia, Karina Milei, bajo apercibimiento de solicitar la intervenci\u00f3n judicial.\" \/>\n<meta name=\"robots\" content=\"index, follow, max-snippet:-1, max-image-preview:large, max-video-preview:-1\" \/>\n<link rel=\"canonical\" href=\"https:\/\/noticiasmercedinas.com\/site\/2025\/09\/27\/sabrina-selva-activa-en-la-comision-investigadora-libra-asegura-que-estan-ejerciendo-su-deber-de-contralor\/\" \/>\n<meta property=\"og:locale\" content=\"es_ES\" \/>\n<meta property=\"og:type\" content=\"article\" \/>\n<meta property=\"og:title\" content=\"Sabrina Selva, activa en la comisi\u00f3n investigadora $Libra, asegura que est\u00e1n ejerciendo su &quot;deber de contralor&quot;\" \/>\n<meta property=\"og:description\" content=\"Legisladores que investigan la presunta operatoria irregular intensifican el cerco sobre funcionarios del Ejecutivo Nacional, reiterando citaciones al Presidente Javier Milei y a la Secretaria General de la Presidencia, Karina Milei, bajo apercibimiento de solicitar la intervenci\u00f3n judicial.\" \/>\n<meta property=\"og:url\" content=\"https:\/\/noticiasmercedinas.com\/site\/2025\/09\/27\/sabrina-selva-activa-en-la-comision-investigadora-libra-asegura-que-estan-ejerciendo-su-deber-de-contralor\/\" \/>\n<meta property=\"og:site_name\" content=\"NOTICIASMERCEDINAS.COM\" \/>\n<meta property=\"article:publisher\" content=\"https:\/\/www.facebook.com\/noticiasmercedinas\/\" \/>\n<meta property=\"article:published_time\" content=\"2025-09-27T19:37:40+00:00\" \/>\n<meta property=\"og:image\" content=\"https:\/\/noticiasmercedinas.com\/site\/wp-content\/uploads\/2025\/09\/sabrina_selva.jpg\" \/>\n\t<meta property=\"og:image:width\" content=\"1440\" \/>\n\t<meta property=\"og:image:height\" content=\"960\" \/>\n\t<meta property=\"og:image:type\" content=\"image\/jpeg\" \/>\n<meta name=\"author\" content=\"NOTICIASMERCEDINAS.COM\" \/>\n<meta name=\"twitter:card\" content=\"summary_large_image\" \/>\n<meta name=\"twitter:creator\" content=\"@notmercedinas\" \/>\n<meta name=\"twitter:site\" content=\"@notmercedinas\" \/>\n<meta name=\"twitter:label1\" content=\"Escrito por\" \/>\n\t<meta name=\"twitter:data1\" content=\"NOTICIASMERCEDINAS.COM\" \/>\n\t<meta name=\"twitter:label2\" content=\"Tiempo de lectura\" \/>\n\t<meta name=\"twitter:data2\" content=\"3 minutos\" \/>\n<script type=\"application\/ld+json\" class=\"yoast-schema-graph\">{\"@context\":\"https:\\\/\\\/schema.org\",\"@graph\":[{\"@type\":\"Article\",\"@id\":\"https:\\\/\\\/noticiasmercedinas.com\\\/site\\\/2025\\\/09\\\/27\\\/sabrina-selva-activa-en-la-comision-investigadora-libra-asegura-que-estan-ejerciendo-su-deber-de-contralor\\\/#article\",\"isPartOf\":{\"@id\":\"https:\\\/\\\/noticiasmercedinas.com\\\/site\\\/2025\\\/09\\\/27\\\/sabrina-selva-activa-en-la-comision-investigadora-libra-asegura-que-estan-ejerciendo-su-deber-de-contralor\\\/\"},\"author\":{\"name\":\"NOTICIASMERCEDINAS.COM\",\"@id\":\"https:\\\/\\\/noticiasmercedinas.com\\\/site\\\/#\\\/schema\\\/person\\\/84b59c099c28ff2e8b77d4ceec5d8063\"},\"headline\":\"Sabrina Selva, activa en la comisi\u00f3n investigadora $Libra, asegura que est\u00e1n ejerciendo su \u00abdeber de contralor\u00bb\",\"datePublished\":\"2025-09-27T19:37:40+00:00\",\"mainEntityOfPage\":{\"@id\":\"https:\\\/\\\/noticiasmercedinas.com\\\/site\\\/2025\\\/09\\\/27\\\/sabrina-selva-activa-en-la-comision-investigadora-libra-asegura-que-estan-ejerciendo-su-deber-de-contralor\\\/\"},\"wordCount\":505,\"publisher\":{\"@id\":\"https:\\\/\\\/noticiasmercedinas.com\\\/site\\\/#organization\"},\"image\":{\"@id\":\"https:\\\/\\\/noticiasmercedinas.com\\\/site\\\/2025\\\/09\\\/27\\\/sabrina-selva-activa-en-la-comision-investigadora-libra-asegura-que-estan-ejerciendo-su-deber-de-contralor\\\/#primaryimage\"},\"thumbnailUrl\":\"https:\\\/\\\/noticiasmercedinas.com\\\/site\\\/wp-content\\\/uploads\\\/2025\\\/09\\\/sabrina_selva.jpg\",\"keywords\":[\"comision\",\"diputados\",\"libra\",\"sabrina selva\"],\"articleSection\":[\"Politica\"],\"inLanguage\":\"es\"},{\"@type\":\"WebPage\",\"@id\":\"https:\\\/\\\/noticiasmercedinas.com\\\/site\\\/2025\\\/09\\\/27\\\/sabrina-selva-activa-en-la-comision-investigadora-libra-asegura-que-estan-ejerciendo-su-deber-de-contralor\\\/\",\"url\":\"https:\\\/\\\/noticiasmercedinas.com\\\/site\\\/2025\\\/09\\\/27\\\/sabrina-selva-activa-en-la-comision-investigadora-libra-asegura-que-estan-ejerciendo-su-deber-de-contralor\\\/\",\"name\":\"Sabrina Selva, activa en la comisi\u00f3n investigadora $Libra, asegura que est\u00e1n ejerciendo su \\\"deber de contralor\\\"\",\"isPartOf\":{\"@id\":\"https:\\\/\\\/noticiasmercedinas.com\\\/site\\\/#website\"},\"primaryImageOfPage\":{\"@id\":\"https:\\\/\\\/noticiasmercedinas.com\\\/site\\\/2025\\\/09\\\/27\\\/sabrina-selva-activa-en-la-comision-investigadora-libra-asegura-que-estan-ejerciendo-su-deber-de-contralor\\\/#primaryimage\"},\"image\":{\"@id\":\"https:\\\/\\\/noticiasmercedinas.com\\\/site\\\/2025\\\/09\\\/27\\\/sabrina-selva-activa-en-la-comision-investigadora-libra-asegura-que-estan-ejerciendo-su-deber-de-contralor\\\/#primaryimage\"},\"thumbnailUrl\":\"https:\\\/\\\/noticiasmercedinas.com\\\/site\\\/wp-content\\\/uploads\\\/2025\\\/09\\\/sabrina_selva.jpg\",\"datePublished\":\"2025-09-27T19:37:40+00:00\",\"description\":\"Legisladores que investigan la presunta operatoria irregular intensifican el cerco sobre funcionarios del Ejecutivo Nacional, reiterando citaciones al Presidente Javier Milei y a la Secretaria General de la Presidencia, Karina Milei, bajo apercibimiento de solicitar la intervenci\u00f3n judicial.\",\"breadcrumb\":{\"@id\":\"https:\\\/\\\/noticiasmercedinas.com\\\/site\\\/2025\\\/09\\\/27\\\/sabrina-selva-activa-en-la-comision-investigadora-libra-asegura-que-estan-ejerciendo-su-deber-de-contralor\\\/#breadcrumb\"},\"inLanguage\":\"es\",\"potentialAction\":[{\"@type\":\"ReadAction\",\"target\":[\"https:\\\/\\\/noticiasmercedinas.com\\\/site\\\/2025\\\/09\\\/27\\\/sabrina-selva-activa-en-la-comision-investigadora-libra-asegura-que-estan-ejerciendo-su-deber-de-contralor\\\/\"]}]},{\"@type\":\"ImageObject\",\"inLanguage\":\"es\",\"@id\":\"https:\\\/\\\/noticiasmercedinas.com\\\/site\\\/2025\\\/09\\\/27\\\/sabrina-selva-activa-en-la-comision-investigadora-libra-asegura-que-estan-ejerciendo-su-deber-de-contralor\\\/#primaryimage\",\"url\":\"https:\\\/\\\/noticiasmercedinas.com\\\/site\\\/wp-content\\\/uploads\\\/2025\\\/09\\\/sabrina_selva.jpg\",\"contentUrl\":\"https:\\\/\\\/noticiasmercedinas.com\\\/site\\\/wp-content\\\/uploads\\\/2025\\\/09\\\/sabrina_selva.jpg\",\"width\":1440,\"height\":960},{\"@type\":\"BreadcrumbList\",\"@id\":\"https:\\\/\\\/noticiasmercedinas.com\\\/site\\\/2025\\\/09\\\/27\\\/sabrina-selva-activa-en-la-comision-investigadora-libra-asegura-que-estan-ejerciendo-su-deber-de-contralor\\\/#breadcrumb\",\"itemListElement\":[{\"@type\":\"ListItem\",\"position\":1,\"name\":\"Portada\",\"item\":\"https:\\\/\\\/noticiasmercedinas.com\\\/site\\\/\"},{\"@type\":\"ListItem\",\"position\":2,\"name\":\"Sabrina Selva, activa en la comisi\u00f3n investigadora $Libra, asegura que est\u00e1n ejerciendo su \u00abdeber de contralor\u00bb\"}]},{\"@type\":\"WebSite\",\"@id\":\"https:\\\/\\\/noticiasmercedinas.com\\\/site\\\/#website\",\"url\":\"https:\\\/\\\/noticiasmercedinas.com\\\/site\\\/\",\"name\":\"NOTICIASMERCEDINAS.COM\",\"description\":\"Mercedes, Buenos Aires, Argentina\",\"publisher\":{\"@id\":\"https:\\\/\\\/noticiasmercedinas.com\\\/site\\\/#organization\"},\"potentialAction\":[{\"@type\":\"SearchAction\",\"target\":{\"@type\":\"EntryPoint\",\"urlTemplate\":\"https:\\\/\\\/noticiasmercedinas.com\\\/site\\\/?s={search_term_string}\"},\"query-input\":{\"@type\":\"PropertyValueSpecification\",\"valueRequired\":true,\"valueName\":\"search_term_string\"}}],\"inLanguage\":\"es\"},{\"@type\":\"Organization\",\"@id\":\"https:\\\/\\\/noticiasmercedinas.com\\\/site\\\/#organization\",\"name\":\"NOTICIASMERCEDINAS.COM\",\"url\":\"https:\\\/\\\/noticiasmercedinas.com\\\/site\\\/\",\"logo\":{\"@type\":\"ImageObject\",\"inLanguage\":\"es\",\"@id\":\"https:\\\/\\\/noticiasmercedinas.com\\\/site\\\/#\\\/schema\\\/logo\\\/image\\\/\",\"url\":\"https:\\\/\\\/noticiasmercedinas.com\\\/site\\\/wp-content\\\/uploads\\\/2020\\\/06\\\/LOGO-512.jpg\",\"contentUrl\":\"https:\\\/\\\/noticiasmercedinas.com\\\/site\\\/wp-content\\\/uploads\\\/2020\\\/06\\\/LOGO-512.jpg\",\"width\":512,\"height\":512,\"caption\":\"NOTICIASMERCEDINAS.COM\"},\"image\":{\"@id\":\"https:\\\/\\\/noticiasmercedinas.com\\\/site\\\/#\\\/schema\\\/logo\\\/image\\\/\"},\"sameAs\":[\"https:\\\/\\\/www.facebook.com\\\/noticiasmercedinas\\\/\",\"https:\\\/\\\/x.com\\\/notmercedinas\",\"https:\\\/\\\/www.instagram.com\\\/noticiasmercedinas\\\/\"]},{\"@type\":\"Person\",\"@id\":\"https:\\\/\\\/noticiasmercedinas.com\\\/site\\\/#\\\/schema\\\/person\\\/84b59c099c28ff2e8b77d4ceec5d8063\",\"name\":\"NOTICIASMERCEDINAS.COM\",\"image\":{\"@type\":\"ImageObject\",\"inLanguage\":\"es\",\"@id\":\"https:\\\/\\\/secure.gravatar.com\\\/avatar\\\/4dfbf16b4d17945bfb6341b2d19043457132fcf478a5ee04f42e959fd8f5df0a?s=96&d=mm&r=g\",\"url\":\"https:\\\/\\\/secure.gravatar.com\\\/avatar\\\/4dfbf16b4d17945bfb6341b2d19043457132fcf478a5ee04f42e959fd8f5df0a?s=96&d=mm&r=g\",\"contentUrl\":\"https:\\\/\\\/secure.gravatar.com\\\/avatar\\\/4dfbf16b4d17945bfb6341b2d19043457132fcf478a5ee04f42e959fd8f5df0a?s=96&d=mm&r=g\",\"caption\":\"NOTICIASMERCEDINAS.COM\"},\"url\":\"https:\\\/\\\/noticiasmercedinas.com\\\/site\\\/author\\\/anonimo\\\/\"}]}<\/script>\n<!-- \/ Yoast SEO plugin. -->","yoast_head_json":{"title":"Sabrina Selva, activa en la comisi\u00f3n investigadora $Libra, asegura que est\u00e1n ejerciendo su \"deber de contralor\"","description":"Legisladores que investigan la presunta operatoria irregular intensifican el cerco sobre funcionarios del Ejecutivo Nacional, reiterando citaciones al Presidente Javier Milei y a la Secretaria General de la Presidencia, Karina Milei, bajo apercibimiento de solicitar la intervenci\u00f3n judicial.","robots":{"index":"index","follow":"follow","max-snippet":"max-snippet:-1","max-image-preview":"max-image-preview:large","max-video-preview":"max-video-preview:-1"},"canonical":"https:\/\/noticiasmercedinas.com\/site\/2025\/09\/27\/sabrina-selva-activa-en-la-comision-investigadora-libra-asegura-que-estan-ejerciendo-su-deber-de-contralor\/","og_locale":"es_ES","og_type":"article","og_title":"Sabrina Selva, activa en la comisi\u00f3n investigadora $Libra, asegura que est\u00e1n ejerciendo su \"deber de contralor\"","og_description":"Legisladores que investigan la presunta operatoria irregular intensifican el cerco sobre funcionarios del Ejecutivo Nacional, reiterando citaciones al Presidente Javier Milei y a la Secretaria General de la Presidencia, Karina Milei, bajo apercibimiento de solicitar la intervenci\u00f3n judicial.","og_url":"https:\/\/noticiasmercedinas.com\/site\/2025\/09\/27\/sabrina-selva-activa-en-la-comision-investigadora-libra-asegura-que-estan-ejerciendo-su-deber-de-contralor\/","og_site_name":"NOTICIASMERCEDINAS.COM","article_publisher":"https:\/\/www.facebook.com\/noticiasmercedinas\/","article_published_time":"2025-09-27T19:37:40+00:00","og_image":[{"width":1440,"height":960,"url":"https:\/\/noticiasmercedinas.com\/site\/wp-content\/uploads\/2025\/09\/sabrina_selva.jpg","type":"image\/jpeg"}],"author":"NOTICIASMERCEDINAS.COM","twitter_card":"summary_large_image","twitter_creator":"@notmercedinas","twitter_site":"@notmercedinas","twitter_misc":{"Escrito por":"NOTICIASMERCEDINAS.COM","Tiempo de lectura":"3 minutos"},"schema":{"@context":"https:\/\/schema.org","@graph":[{"@type":"Article","@id":"https:\/\/noticiasmercedinas.com\/site\/2025\/09\/27\/sabrina-selva-activa-en-la-comision-investigadora-libra-asegura-que-estan-ejerciendo-su-deber-de-contralor\/#article","isPartOf":{"@id":"https:\/\/noticiasmercedinas.com\/site\/2025\/09\/27\/sabrina-selva-activa-en-la-comision-investigadora-libra-asegura-que-estan-ejerciendo-su-deber-de-contralor\/"},"author":{"name":"NOTICIASMERCEDINAS.COM","@id":"https:\/\/noticiasmercedinas.com\/site\/#\/schema\/person\/84b59c099c28ff2e8b77d4ceec5d8063"},"headline":"Sabrina Selva, activa en la comisi\u00f3n investigadora $Libra, asegura que est\u00e1n ejerciendo su \u00abdeber de contralor\u00bb","datePublished":"2025-09-27T19:37:40+00:00","mainEntityOfPage":{"@id":"https:\/\/noticiasmercedinas.com\/site\/2025\/09\/27\/sabrina-selva-activa-en-la-comision-investigadora-libra-asegura-que-estan-ejerciendo-su-deber-de-contralor\/"},"wordCount":505,"publisher":{"@id":"https:\/\/noticiasmercedinas.com\/site\/#organization"},"image":{"@id":"https:\/\/noticiasmercedinas.com\/site\/2025\/09\/27\/sabrina-selva-activa-en-la-comision-investigadora-libra-asegura-que-estan-ejerciendo-su-deber-de-contralor\/#primaryimage"},"thumbnailUrl":"https:\/\/noticiasmercedinas.com\/site\/wp-content\/uploads\/2025\/09\/sabrina_selva.jpg","keywords":["comision","diputados","libra","sabrina selva"],"articleSection":["Politica"],"inLanguage":"es"},{"@type":"WebPage","@id":"https:\/\/noticiasmercedinas.com\/site\/2025\/09\/27\/sabrina-selva-activa-en-la-comision-investigadora-libra-asegura-que-estan-ejerciendo-su-deber-de-contralor\/","url":"https:\/\/noticiasmercedinas.com\/site\/2025\/09\/27\/sabrina-selva-activa-en-la-comision-investigadora-libra-asegura-que-estan-ejerciendo-su-deber-de-contralor\/","name":"Sabrina Selva, activa en la comisi\u00f3n investigadora $Libra, asegura que est\u00e1n ejerciendo su \"deber de contralor\"","isPartOf":{"@id":"https:\/\/noticiasmercedinas.com\/site\/#website"},"primaryImageOfPage":{"@id":"https:\/\/noticiasmercedinas.com\/site\/2025\/09\/27\/sabrina-selva-activa-en-la-comision-investigadora-libra-asegura-que-estan-ejerciendo-su-deber-de-contralor\/#primaryimage"},"image":{"@id":"https:\/\/noticiasmercedinas.com\/site\/2025\/09\/27\/sabrina-selva-activa-en-la-comision-investigadora-libra-asegura-que-estan-ejerciendo-su-deber-de-contralor\/#primaryimage"},"thumbnailUrl":"https:\/\/noticiasmercedinas.com\/site\/wp-content\/uploads\/2025\/09\/sabrina_selva.jpg","datePublished":"2025-09-27T19:37:40+00:00","description":"Legisladores que investigan la presunta operatoria irregular intensifican el cerco sobre funcionarios del Ejecutivo Nacional, reiterando citaciones al Presidente Javier Milei y a la Secretaria General de la Presidencia, Karina Milei, bajo apercibimiento de solicitar la intervenci\u00f3n judicial.","breadcrumb":{"@id":"https:\/\/noticiasmercedinas.com\/site\/2025\/09\/27\/sabrina-selva-activa-en-la-comision-investigadora-libra-asegura-que-estan-ejerciendo-su-deber-de-contralor\/#breadcrumb"},"inLanguage":"es","potentialAction":[{"@type":"ReadAction","target":["https:\/\/noticiasmercedinas.com\/site\/2025\/09\/27\/sabrina-selva-activa-en-la-comision-investigadora-libra-asegura-que-estan-ejerciendo-su-deber-de-contralor\/"]}]},{"@type":"ImageObject","inLanguage":"es","@id":"https:\/\/noticiasmercedinas.com\/site\/2025\/09\/27\/sabrina-selva-activa-en-la-comision-investigadora-libra-asegura-que-estan-ejerciendo-su-deber-de-contralor\/#primaryimage","url":"https:\/\/noticiasmercedinas.com\/site\/wp-content\/uploads\/2025\/09\/sabrina_selva.jpg","contentUrl":"https:\/\/noticiasmercedinas.com\/site\/wp-content\/uploads\/2025\/09\/sabrina_selva.jpg","width":1440,"height":960},{"@type":"BreadcrumbList","@id":"https:\/\/noticiasmercedinas.com\/site\/2025\/09\/27\/sabrina-selva-activa-en-la-comision-investigadora-libra-asegura-que-estan-ejerciendo-su-deber-de-contralor\/#breadcrumb","itemListElement":[{"@type":"ListItem","position":1,"name":"Portada","item":"https:\/\/noticiasmercedinas.com\/site\/"},{"@type":"ListItem","position":2,"name":"Sabrina Selva, activa en la comisi\u00f3n investigadora $Libra, asegura que est\u00e1n ejerciendo su \u00abdeber de contralor\u00bb"}]},{"@type":"WebSite","@id":"https:\/\/noticiasmercedinas.com\/site\/#website","url":"https:\/\/noticiasmercedinas.com\/site\/","name":"NOTICIASMERCEDINAS.COM","description":"Mercedes, Buenos Aires, Argentina","publisher":{"@id":"https:\/\/noticiasmercedinas.com\/site\/#organization"},"potentialAction":[{"@type":"SearchAction","target":{"@type":"EntryPoint","urlTemplate":"https:\/\/noticiasmercedinas.com\/site\/?s={search_term_string}"},"query-input":{"@type":"PropertyValueSpecification","valueRequired":true,"valueName":"search_term_string"}}],"inLanguage":"es"},{"@type":"Organization","@id":"https:\/\/noticiasmercedinas.com\/site\/#organization","name":"NOTICIASMERCEDINAS.COM","url":"https:\/\/noticiasmercedinas.com\/site\/","logo":{"@type":"ImageObject","inLanguage":"es","@id":"https:\/\/noticiasmercedinas.com\/site\/#\/schema\/logo\/image\/","url":"https:\/\/noticiasmercedinas.com\/site\/wp-content\/uploads\/2020\/06\/LOGO-512.jpg","contentUrl":"https:\/\/noticiasmercedinas.com\/site\/wp-content\/uploads\/2020\/06\/LOGO-512.jpg","width":512,"height":512,"caption":"NOTICIASMERCEDINAS.COM"},"image":{"@id":"https:\/\/noticiasmercedinas.com\/site\/#\/schema\/logo\/image\/"},"sameAs":["https:\/\/www.facebook.com\/noticiasmercedinas\/","https:\/\/x.com\/notmercedinas","https:\/\/www.instagram.com\/noticiasmercedinas\/"]},{"@type":"Person","@id":"https:\/\/noticiasmercedinas.com\/site\/#\/schema\/person\/84b59c099c28ff2e8b77d4ceec5d8063","name":"NOTICIASMERCEDINAS.COM","image":{"@type":"ImageObject","inLanguage":"es","@id":"https:\/\/secure.gravatar.com\/avatar\/4dfbf16b4d17945bfb6341b2d19043457132fcf478a5ee04f42e959fd8f5df0a?s=96&d=mm&r=g","url":"https:\/\/secure.gravatar.com\/avatar\/4dfbf16b4d17945bfb6341b2d19043457132fcf478a5ee04f42e959fd8f5df0a?s=96&d=mm&r=g","contentUrl":"https:\/\/secure.gravatar.com\/avatar\/4dfbf16b4d17945bfb6341b2d19043457132fcf478a5ee04f42e959fd8f5df0a?s=96&d=mm&r=g","caption":"NOTICIASMERCEDINAS.COM"},"url":"https:\/\/noticiasmercedinas.com\/site\/author\/anonimo\/"}]}},"amp_enabled":true,"_links":{"self":[{"href":"https:\/\/noticiasmercedinas.com\/site\/wp-json\/wp\/v2\/posts\/170501","targetHints":{"allow":["GET"]}}],"collection":[{"href":"https:\/\/noticiasmercedinas.com\/site\/wp-json\/wp\/v2\/posts"}],"about":[{"href":"https:\/\/noticiasmercedinas.com\/site\/wp-json\/wp\/v2\/types\/post"}],"author":[{"embeddable":true,"href":"https:\/\/noticiasmercedinas.com\/site\/wp-json\/wp\/v2\/users\/16"}],"replies":[{"embeddable":true,"href":"https:\/\/noticiasmercedinas.com\/site\/wp-json\/wp\/v2\/comments?post=170501"}],"version-history":[{"count":1,"href":"https:\/\/noticiasmercedinas.com\/site\/wp-json\/wp\/v2\/posts\/170501\/revisions"}],"predecessor-version":[{"id":170503,"href":"https:\/\/noticiasmercedinas.com\/site\/wp-json\/wp\/v2\/posts\/170501\/revisions\/170503"}],"wp:featuredmedia":[{"embeddable":true,"href":"https:\/\/noticiasmercedinas.com\/site\/wp-json\/wp\/v2\/media\/170502"}],"wp:attachment":[{"href":"https:\/\/noticiasmercedinas.com\/site\/wp-json\/wp\/v2\/media?parent=170501"}],"wp:term":[{"taxonomy":"category","embeddable":true,"href":"https:\/\/noticiasmercedinas.com\/site\/wp-json\/wp\/v2\/categories?post=170501"},{"taxonomy":"post_tag","embeddable":true,"href":"https:\/\/noticiasmercedinas.com\/site\/wp-json\/wp\/v2\/tags?post=170501"}],"curies":[{"name":"wp","href":"https:\/\/api.w.org\/{rel}","templated":true}]}}