{"id":170522,"date":"2025-09-27T23:08:59","date_gmt":"2025-09-28T02:08:59","guid":{"rendered":"https:\/\/noticiasmercedinas.com\/site\/?p=170522"},"modified":"2025-09-28T12:06:32","modified_gmt":"2025-09-28T15:06:32","slug":"patrimonio-e-historia-abren-puertas-al-arte-la-casa-de-landi-uno-de-los-ejes-del-inedito-paseo-de-autores","status":"publish","type":"post","link":"https:\/\/noticiasmercedinas.com\/site\/2025\/09\/27\/patrimonio-e-historia-abren-puertas-al-arte-la-casa-de-landi-uno-de-los-ejes-del-inedito-paseo-de-autores\/","title":{"rendered":"Patrimonio e historia abren puertas al arte: la Casa de Landi, uno de los ejes del in\u00e9dito \u201cPaseo de Autores\u201d"},"content":{"rendered":"<p><img loading=\"lazy\" decoding=\"async\" class=\"alignnone size-full wp-image-170523\" src=\"https:\/\/noticiasmercedinas.com\/site\/wp-content\/uploads\/2025\/09\/LISIMOLERES1.jpg\" alt=\"\" width=\"640\" height=\"425\" srcset=\"https:\/\/noticiasmercedinas.com\/site\/wp-content\/uploads\/2025\/09\/LISIMOLERES1.jpg 640w, https:\/\/noticiasmercedinas.com\/site\/wp-content\/uploads\/2025\/09\/LISIMOLERES1-300x199.jpg 300w\" sizes=\"auto, (max-width: 640px) 100vw, 640px\" \/><\/p>\n<p>Una de las paradas m\u00e1s significativas del <b>Paseo de Autores y Autoras de Mercedes<\/b>, que reuni\u00f3 a casi 50 artistas locales, en distintos escenarios y espacios culturales, tuvo lugar este s\u00e1bado en la casa de la psic\u00f3loga y artista visual <b>Lisi Moleres<\/b>. El inmueble, que es <b>Patrimonio Cultural<\/b> de la ciudad, no solo se abri\u00f3 a la comunidad por m\u00e1s de una hora, sino que funcion\u00f3 como un nexo entre la historia, la paleontolog\u00eda y las nuevas expresiones art\u00edsticas.<\/p>\n<p>El valor patrimonial de la vivienda se debe a que fue el <b>primer espacio que alberg\u00f3 al Museo de Ciencias Naturales \u00abCarlos Ameghino\u00bb<\/b>, un sitio donde, seg\u00fan la historia, figuras como <b>Octimio Landi<\/b> y <b>Carlos Ameghino<\/b> compartieron trabajo, limpiando y preparando las piezas halladas en el R\u00edo Luj\u00e1n.<\/p>\n<p>En di\u00e1logo con este medio, Moleres expres\u00f3 \u00abmucha alegr\u00eda\u00bb por la apertura y destac\u00f3 la energ\u00eda del lugar: \u201cSiempre es como la necesidad de agasajarlo a <b>Octimio<\/b> porque creo que la casa tiene algo del esp\u00edritu de \u00e9l y siempre tira para la cuesti\u00f3n del arte\u201d.<\/p>\n<p>La casa exhibi\u00f3 hoy, adem\u00e1s de la obra de varios artistas, piezas singulares del propio Landi, que la due\u00f1a rescat\u00f3 en un \u00abtrabajo arqueol\u00f3gico\u00bb del s\u00f3tano, y que son un testimonio de la historia cultural de Mercedes.<\/p>\n<p><img loading=\"lazy\" decoding=\"async\" class=\"alignnone size-full wp-image-170525\" src=\"https:\/\/noticiasmercedinas.com\/site\/wp-content\/uploads\/2025\/09\/LISIUNO.jpg\" alt=\"\" width=\"640\" height=\"396\" srcset=\"https:\/\/noticiasmercedinas.com\/site\/wp-content\/uploads\/2025\/09\/LISIUNO.jpg 640w, https:\/\/noticiasmercedinas.com\/site\/wp-content\/uploads\/2025\/09\/LISIUNO-300x186.jpg 300w\" sizes=\"auto, (max-width: 640px) 100vw, 640px\" \/><\/p>\n<p>Moleres comparti\u00f3 an\u00e9cdotas sorprendentes que le dan un peso hist\u00f3rico adicional a la casa: el caballo de la estatua de San Mart\u00edn que se encuentra en la plaza local fue moldeado all\u00ed, tomando como modelo al caballo del lechero, y la Estatua de la Libertad de Mercedes tambi\u00e9n se gest\u00f3 en el mismo lugar, en un ejemplo de la creatividad e imaginaci\u00f3n de la \u00e9poca.<\/p>\n<p>El Paseo permiti\u00f3 a los visitantes ver la mezcla de historia y modernidad. Al ingresar, se apreciaron las obras recuperadas de Landi, mientras que el taller de Moleres exhibi\u00f3 su producci\u00f3n reciente, enfocada en el <b>arte textil<\/b>. Adem\u00e1s hubo otros trabajos: \u00abTengo la enorme alegr\u00eda de recibir y compartir con Lxs Visuales, un grupo de artistas j\u00f3venes que de manera perform\u00e1tica, toman el espacio y plantean sus denuncias\u00bb, dijo.<\/p>\n<p>La artista est\u00e1 desarrollando actualmente una serie de trabajos y joyer\u00edas con materiales reutilizados y t\u00e9cnicas de te\u00f1ido natural, utilizando elementos cotidianos como:<\/p>\n<ul>\n<li><b>Chala de choclo<\/b> y <b>telas reutilizadas<\/b>.<\/li>\n<li><b>Tintes naturales<\/b> a partir de yerba, palta, cebolla, repollo rojo y vino tinto.<\/li>\n<\/ul>\n<p><img loading=\"lazy\" decoding=\"async\" class=\"alignnone size-full wp-image-170534\" src=\"https:\/\/noticiasmercedinas.com\/site\/wp-content\/uploads\/2025\/09\/IMG-20250928-WA0008.jpg\" alt=\"\" width=\"1600\" height=\"900\" srcset=\"https:\/\/noticiasmercedinas.com\/site\/wp-content\/uploads\/2025\/09\/IMG-20250928-WA0008.jpg 1600w, https:\/\/noticiasmercedinas.com\/site\/wp-content\/uploads\/2025\/09\/IMG-20250928-WA0008-300x169.jpg 300w, https:\/\/noticiasmercedinas.com\/site\/wp-content\/uploads\/2025\/09\/IMG-20250928-WA0008-1024x576.jpg 1024w, https:\/\/noticiasmercedinas.com\/site\/wp-content\/uploads\/2025\/09\/IMG-20250928-WA0008-768x432.jpg 768w, https:\/\/noticiasmercedinas.com\/site\/wp-content\/uploads\/2025\/09\/IMG-20250928-WA0008-1536x864.jpg 1536w, https:\/\/noticiasmercedinas.com\/site\/wp-content\/uploads\/2025\/09\/IMG-20250928-WA0008-640x360.jpg 640w, https:\/\/noticiasmercedinas.com\/site\/wp-content\/uploads\/2025\/09\/IMG-20250928-WA0008-1280x720.jpg 1280w, https:\/\/noticiasmercedinas.com\/site\/wp-content\/uploads\/2025\/09\/IMG-20250928-WA0008-681x383.jpg 681w, https:\/\/noticiasmercedinas.com\/site\/wp-content\/uploads\/2025\/09\/IMG-20250928-WA0008-1362x766.jpg 1362w\" sizes=\"auto, (max-width: 1600px) 100vw, 1600px\" \/><\/p>\n<p>Moleres elogi\u00f3 la iniciativa del Paseo de Autores y Autoras, que permite que cerca de <b>50 artistas<\/b> muestren su obra con <b>entrada libre y gratuita<\/b>.<\/p>\n<p>\u00abMe parece maravilloso porque es un trabajo entre todes. Y nos vamos encontrando y viendo qu\u00e9 hace el otro\u2026 Para alguien que le gusta [el arte], se encuentra visitando muchos espacios, conociendo diferentes artistas y se pasa una tarde maravillosa\u201d, concluy\u00f3.<\/p>\n<p>El Paseo de Autores y Autoras contin\u00faa ma\u00f1ana domingo, ofreciendo al p\u00fablico una oportunidad \u00fanica de acercarse al trabajo de los creadores locales.<\/p>\n<p><strong>SABADO &#x1f552; 20 a 20.45 h<\/strong><br \/>\n<strong>Espacio Taller Moleres \u2013 Calle 21 N\u00ba 785<\/strong><br \/>\n<strong>&#x1f449; Elisabet Moleres<\/strong><br \/>\n<strong>&#x1f449; Lxs Visuales<\/strong><\/p>\n<p><img loading=\"lazy\" decoding=\"async\" class=\"alignnone size-full wp-image-170524\" src=\"https:\/\/noticiasmercedinas.com\/site\/wp-content\/uploads\/2025\/09\/TEJIDOS1.jpg\" alt=\"\" width=\"640\" height=\"425\" srcset=\"https:\/\/noticiasmercedinas.com\/site\/wp-content\/uploads\/2025\/09\/TEJIDOS1.jpg 640w, https:\/\/noticiasmercedinas.com\/site\/wp-content\/uploads\/2025\/09\/TEJIDOS1-300x199.jpg 300w\" sizes=\"auto, (max-width: 640px) 100vw, 640px\" \/><\/p>\n","protected":false},"excerpt":{"rendered":"<p>\u25a0\u00a0Este s\u00e1bado la residencia de la psic\u00f3loga y artista Lisi Moleres, declarada Patrimonio Cultural por haber albergado el primer Museo \u201cCarlos Ameghino\u201d, se convirti\u00f3 en un punto central del circuito art\u00edstico local, exhibiendo obras contempor\u00e1neas junto a piezas recuperadas de Octimio Landi.<\/p>\n","protected":false},"author":2,"featured_media":170523,"comment_status":"closed","ping_status":"closed","sticky":false,"template":"","format":"standard","meta":{"footnotes":""},"categories":[4,20734],"tags":[190,3002,790,20922],"class_list":["post-170522","post","type-post","status-publish","format-standard","has-post-thumbnail","hentry","category-cultura","category-ultimo-momento","tag-arte","tag-lisi-moleres","tag-octimio-landi","tag-paseo-de-autores"],"yoast_head":"<!-- This site is optimized with the Yoast SEO plugin v27.5 - https:\/\/yoast.com\/product\/yoast-seo-wordpress\/ -->\n<title>Patrimonio e historia abren puertas al arte: la Casa de Landi, uno de los ejes del in\u00e9dito \u201cPaseo de Autores\u201d<\/title>\n<meta name=\"description\" content=\"\u25a0\u00a0Este s\u00e1bado la residencia de la artista Lisi Moleres, declarada Patrimonio Cultural por haber albergado el primer Museo \u201cCarlos Ameghino\u201d, se convirti\u00f3 en un punto central del circuito art\u00edstico local, exhibiendo obras contempor\u00e1neas junto a piezas recuperadas de Octimio Landi.\" \/>\n<meta name=\"robots\" content=\"index, follow, max-snippet:-1, max-image-preview:large, max-video-preview:-1\" \/>\n<link rel=\"canonical\" href=\"https:\/\/noticiasmercedinas.com\/site\/2025\/09\/27\/patrimonio-e-historia-abren-puertas-al-arte-la-casa-de-landi-uno-de-los-ejes-del-inedito-paseo-de-autores\/\" \/>\n<meta property=\"og:locale\" content=\"es_ES\" \/>\n<meta property=\"og:type\" content=\"article\" \/>\n<meta property=\"og:title\" content=\"Patrimonio e historia abren puertas al arte: la Casa de Landi, uno de los ejes del in\u00e9dito \u201cPaseo de Autores\u201d\" \/>\n<meta property=\"og:description\" content=\"\u25a0\u00a0Este s\u00e1bado la residencia de la artista Lisi Moleres, declarada Patrimonio Cultural por haber albergado el primer Museo \u201cCarlos Ameghino\u201d, se convirti\u00f3 en un punto central del circuito art\u00edstico local, exhibiendo obras contempor\u00e1neas junto a piezas recuperadas de Octimio Landi.\" \/>\n<meta property=\"og:url\" content=\"https:\/\/noticiasmercedinas.com\/site\/2025\/09\/27\/patrimonio-e-historia-abren-puertas-al-arte-la-casa-de-landi-uno-de-los-ejes-del-inedito-paseo-de-autores\/\" \/>\n<meta property=\"og:site_name\" content=\"NOTICIASMERCEDINAS.COM\" \/>\n<meta property=\"article:publisher\" content=\"https:\/\/www.facebook.com\/noticiasmercedinas\/\" \/>\n<meta property=\"article:author\" content=\"https:\/\/www.facebook.com\/cristian.falabella\" \/>\n<meta property=\"article:published_time\" content=\"2025-09-28T02:08:59+00:00\" \/>\n<meta property=\"article:modified_time\" content=\"2025-09-28T15:06:32+00:00\" \/>\n<meta property=\"og:image\" content=\"https:\/\/noticiasmercedinas.com\/site\/wp-content\/uploads\/2025\/09\/LISIMOLERES1.jpg\" \/>\n\t<meta property=\"og:image:width\" content=\"640\" \/>\n\t<meta property=\"og:image:height\" content=\"425\" \/>\n\t<meta property=\"og:image:type\" content=\"image\/jpeg\" \/>\n<meta name=\"author\" content=\"Cristian Falabella NOTICIASMERCEDINAS.COM\" \/>\n<meta name=\"twitter:card\" content=\"summary_large_image\" \/>\n<meta name=\"twitter:creator\" content=\"@https:\/\/twitter.com\/NOTMERCEDINAS\" \/>\n<meta name=\"twitter:site\" content=\"@notmercedinas\" \/>\n<meta name=\"twitter:label1\" content=\"Escrito por\" \/>\n\t<meta name=\"twitter:data1\" content=\"Cristian Falabella NOTICIASMERCEDINAS.COM\" \/>\n\t<meta name=\"twitter:label2\" content=\"Tiempo de lectura\" \/>\n\t<meta name=\"twitter:data2\" content=\"4 minutos\" \/>\n<script type=\"application\/ld+json\" class=\"yoast-schema-graph\">{\"@context\":\"https:\\\/\\\/schema.org\",\"@graph\":[{\"@type\":\"Article\",\"@id\":\"https:\\\/\\\/noticiasmercedinas.com\\\/site\\\/2025\\\/09\\\/27\\\/patrimonio-e-historia-abren-puertas-al-arte-la-casa-de-landi-uno-de-los-ejes-del-inedito-paseo-de-autores\\\/#article\",\"isPartOf\":{\"@id\":\"https:\\\/\\\/noticiasmercedinas.com\\\/site\\\/2025\\\/09\\\/27\\\/patrimonio-e-historia-abren-puertas-al-arte-la-casa-de-landi-uno-de-los-ejes-del-inedito-paseo-de-autores\\\/\"},\"author\":{\"name\":\"Cristian Falabella NOTICIASMERCEDINAS.COM\",\"@id\":\"https:\\\/\\\/noticiasmercedinas.com\\\/site\\\/#\\\/schema\\\/person\\\/d481a9696a5feaec13a60e2bbd991a6a\"},\"headline\":\"Patrimonio e historia abren puertas al arte: la Casa de Landi, uno de los ejes del in\u00e9dito \u201cPaseo de Autores\u201d\",\"datePublished\":\"2025-09-28T02:08:59+00:00\",\"dateModified\":\"2025-09-28T15:06:32+00:00\",\"mainEntityOfPage\":{\"@id\":\"https:\\\/\\\/noticiasmercedinas.com\\\/site\\\/2025\\\/09\\\/27\\\/patrimonio-e-historia-abren-puertas-al-arte-la-casa-de-landi-uno-de-los-ejes-del-inedito-paseo-de-autores\\\/\"},\"wordCount\":546,\"publisher\":{\"@id\":\"https:\\\/\\\/noticiasmercedinas.com\\\/site\\\/#organization\"},\"image\":{\"@id\":\"https:\\\/\\\/noticiasmercedinas.com\\\/site\\\/2025\\\/09\\\/27\\\/patrimonio-e-historia-abren-puertas-al-arte-la-casa-de-landi-uno-de-los-ejes-del-inedito-paseo-de-autores\\\/#primaryimage\"},\"thumbnailUrl\":\"https:\\\/\\\/noticiasmercedinas.com\\\/site\\\/wp-content\\\/uploads\\\/2025\\\/09\\\/LISIMOLERES1.jpg\",\"keywords\":[\"arte\",\"lisi moleres\",\"octimio landi\",\"paseo de autores\"],\"articleSection\":[\"Cultura\",\"Ultimo momento\"],\"inLanguage\":\"es\"},{\"@type\":\"WebPage\",\"@id\":\"https:\\\/\\\/noticiasmercedinas.com\\\/site\\\/2025\\\/09\\\/27\\\/patrimonio-e-historia-abren-puertas-al-arte-la-casa-de-landi-uno-de-los-ejes-del-inedito-paseo-de-autores\\\/\",\"url\":\"https:\\\/\\\/noticiasmercedinas.com\\\/site\\\/2025\\\/09\\\/27\\\/patrimonio-e-historia-abren-puertas-al-arte-la-casa-de-landi-uno-de-los-ejes-del-inedito-paseo-de-autores\\\/\",\"name\":\"Patrimonio e historia abren puertas al arte: la Casa de Landi, uno de los ejes del in\u00e9dito \u201cPaseo de Autores\u201d\",\"isPartOf\":{\"@id\":\"https:\\\/\\\/noticiasmercedinas.com\\\/site\\\/#website\"},\"primaryImageOfPage\":{\"@id\":\"https:\\\/\\\/noticiasmercedinas.com\\\/site\\\/2025\\\/09\\\/27\\\/patrimonio-e-historia-abren-puertas-al-arte-la-casa-de-landi-uno-de-los-ejes-del-inedito-paseo-de-autores\\\/#primaryimage\"},\"image\":{\"@id\":\"https:\\\/\\\/noticiasmercedinas.com\\\/site\\\/2025\\\/09\\\/27\\\/patrimonio-e-historia-abren-puertas-al-arte-la-casa-de-landi-uno-de-los-ejes-del-inedito-paseo-de-autores\\\/#primaryimage\"},\"thumbnailUrl\":\"https:\\\/\\\/noticiasmercedinas.com\\\/site\\\/wp-content\\\/uploads\\\/2025\\\/09\\\/LISIMOLERES1.jpg\",\"datePublished\":\"2025-09-28T02:08:59+00:00\",\"dateModified\":\"2025-09-28T15:06:32+00:00\",\"description\":\"\u25a0\u00a0Este s\u00e1bado la residencia de la artista Lisi Moleres, declarada Patrimonio Cultural por haber albergado el primer Museo \u201cCarlos Ameghino\u201d, se convirti\u00f3 en un punto central del circuito art\u00edstico local, exhibiendo obras contempor\u00e1neas junto a piezas recuperadas de Octimio Landi.\",\"breadcrumb\":{\"@id\":\"https:\\\/\\\/noticiasmercedinas.com\\\/site\\\/2025\\\/09\\\/27\\\/patrimonio-e-historia-abren-puertas-al-arte-la-casa-de-landi-uno-de-los-ejes-del-inedito-paseo-de-autores\\\/#breadcrumb\"},\"inLanguage\":\"es\",\"potentialAction\":[{\"@type\":\"ReadAction\",\"target\":[\"https:\\\/\\\/noticiasmercedinas.com\\\/site\\\/2025\\\/09\\\/27\\\/patrimonio-e-historia-abren-puertas-al-arte-la-casa-de-landi-uno-de-los-ejes-del-inedito-paseo-de-autores\\\/\"]}]},{\"@type\":\"ImageObject\",\"inLanguage\":\"es\",\"@id\":\"https:\\\/\\\/noticiasmercedinas.com\\\/site\\\/2025\\\/09\\\/27\\\/patrimonio-e-historia-abren-puertas-al-arte-la-casa-de-landi-uno-de-los-ejes-del-inedito-paseo-de-autores\\\/#primaryimage\",\"url\":\"https:\\\/\\\/noticiasmercedinas.com\\\/site\\\/wp-content\\\/uploads\\\/2025\\\/09\\\/LISIMOLERES1.jpg\",\"contentUrl\":\"https:\\\/\\\/noticiasmercedinas.com\\\/site\\\/wp-content\\\/uploads\\\/2025\\\/09\\\/LISIMOLERES1.jpg\",\"width\":640,\"height\":425},{\"@type\":\"BreadcrumbList\",\"@id\":\"https:\\\/\\\/noticiasmercedinas.com\\\/site\\\/2025\\\/09\\\/27\\\/patrimonio-e-historia-abren-puertas-al-arte-la-casa-de-landi-uno-de-los-ejes-del-inedito-paseo-de-autores\\\/#breadcrumb\",\"itemListElement\":[{\"@type\":\"ListItem\",\"position\":1,\"name\":\"Portada\",\"item\":\"https:\\\/\\\/noticiasmercedinas.com\\\/site\\\/\"},{\"@type\":\"ListItem\",\"position\":2,\"name\":\"Patrimonio e historia abren puertas al arte: la Casa de Landi, uno de los ejes del in\u00e9dito \u201cPaseo de Autores\u201d\"}]},{\"@type\":\"WebSite\",\"@id\":\"https:\\\/\\\/noticiasmercedinas.com\\\/site\\\/#website\",\"url\":\"https:\\\/\\\/noticiasmercedinas.com\\\/site\\\/\",\"name\":\"NOTICIASMERCEDINAS.COM\",\"description\":\"Mercedes, Buenos Aires, Argentina\",\"publisher\":{\"@id\":\"https:\\\/\\\/noticiasmercedinas.com\\\/site\\\/#organization\"},\"potentialAction\":[{\"@type\":\"SearchAction\",\"target\":{\"@type\":\"EntryPoint\",\"urlTemplate\":\"https:\\\/\\\/noticiasmercedinas.com\\\/site\\\/?s={search_term_string}\"},\"query-input\":{\"@type\":\"PropertyValueSpecification\",\"valueRequired\":true,\"valueName\":\"search_term_string\"}}],\"inLanguage\":\"es\"},{\"@type\":\"Organization\",\"@id\":\"https:\\\/\\\/noticiasmercedinas.com\\\/site\\\/#organization\",\"name\":\"NOTICIASMERCEDINAS.COM\",\"url\":\"https:\\\/\\\/noticiasmercedinas.com\\\/site\\\/\",\"logo\":{\"@type\":\"ImageObject\",\"inLanguage\":\"es\",\"@id\":\"https:\\\/\\\/noticiasmercedinas.com\\\/site\\\/#\\\/schema\\\/logo\\\/image\\\/\",\"url\":\"https:\\\/\\\/noticiasmercedinas.com\\\/site\\\/wp-content\\\/uploads\\\/2020\\\/06\\\/LOGO-512.jpg\",\"contentUrl\":\"https:\\\/\\\/noticiasmercedinas.com\\\/site\\\/wp-content\\\/uploads\\\/2020\\\/06\\\/LOGO-512.jpg\",\"width\":512,\"height\":512,\"caption\":\"NOTICIASMERCEDINAS.COM\"},\"image\":{\"@id\":\"https:\\\/\\\/noticiasmercedinas.com\\\/site\\\/#\\\/schema\\\/logo\\\/image\\\/\"},\"sameAs\":[\"https:\\\/\\\/www.facebook.com\\\/noticiasmercedinas\\\/\",\"https:\\\/\\\/x.com\\\/notmercedinas\",\"https:\\\/\\\/www.instagram.com\\\/noticiasmercedinas\\\/\"]},{\"@type\":\"Person\",\"@id\":\"https:\\\/\\\/noticiasmercedinas.com\\\/site\\\/#\\\/schema\\\/person\\\/d481a9696a5feaec13a60e2bbd991a6a\",\"name\":\"Cristian Falabella NOTICIASMERCEDINAS.COM\",\"image\":{\"@type\":\"ImageObject\",\"inLanguage\":\"es\",\"@id\":\"https:\\\/\\\/secure.gravatar.com\\\/avatar\\\/0dbbfc45970cc46bcd0e57766228574ff3511d6eed045b182f536f0f478c1f06?s=96&d=mm&r=g\",\"url\":\"https:\\\/\\\/secure.gravatar.com\\\/avatar\\\/0dbbfc45970cc46bcd0e57766228574ff3511d6eed045b182f536f0f478c1f06?s=96&d=mm&r=g\",\"contentUrl\":\"https:\\\/\\\/secure.gravatar.com\\\/avatar\\\/0dbbfc45970cc46bcd0e57766228574ff3511d6eed045b182f536f0f478c1f06?s=96&d=mm&r=g\",\"caption\":\"Cristian Falabella NOTICIASMERCEDINAS.COM\"},\"description\":\"Periodista, editor de Noticias Mercedinas. Pas\u00f3 por varias redacciones y emprendimientos de prensa, en distintos formatos y \u00e9pocas. Se especializ\u00f3 --y sigue haci\u00e9ndolo-- en comunicaci\u00f3n en la web y en junio de 2006 fund\u00f3 este diario digital.\",\"sameAs\":[\"https:\\\/\\\/noticiasmercedinas.com\",\"https:\\\/\\\/www.facebook.com\\\/cristian.falabella\",\"https:\\\/\\\/www.instagram.com\\\/noticiasmercedinas\\\/\",\"https:\\\/\\\/x.com\\\/https:\\\/\\\/twitter.com\\\/NOTMERCEDINAS\"],\"url\":\"https:\\\/\\\/noticiasmercedinas.com\\\/site\\\/author\\\/as000384\\\/\"}]}<\/script>\n<!-- \/ Yoast SEO plugin. -->","yoast_head_json":{"title":"Patrimonio e historia abren puertas al arte: la Casa de Landi, uno de los ejes del in\u00e9dito \u201cPaseo de Autores\u201d","description":"\u25a0\u00a0Este s\u00e1bado la residencia de la artista Lisi Moleres, declarada Patrimonio Cultural por haber albergado el primer Museo \u201cCarlos Ameghino\u201d, se convirti\u00f3 en un punto central del circuito art\u00edstico local, exhibiendo obras contempor\u00e1neas junto a piezas recuperadas de Octimio Landi.","robots":{"index":"index","follow":"follow","max-snippet":"max-snippet:-1","max-image-preview":"max-image-preview:large","max-video-preview":"max-video-preview:-1"},"canonical":"https:\/\/noticiasmercedinas.com\/site\/2025\/09\/27\/patrimonio-e-historia-abren-puertas-al-arte-la-casa-de-landi-uno-de-los-ejes-del-inedito-paseo-de-autores\/","og_locale":"es_ES","og_type":"article","og_title":"Patrimonio e historia abren puertas al arte: la Casa de Landi, uno de los ejes del in\u00e9dito \u201cPaseo de Autores\u201d","og_description":"\u25a0\u00a0Este s\u00e1bado la residencia de la artista Lisi Moleres, declarada Patrimonio Cultural por haber albergado el primer Museo \u201cCarlos Ameghino\u201d, se convirti\u00f3 en un punto central del circuito art\u00edstico local, exhibiendo obras contempor\u00e1neas junto a piezas recuperadas de Octimio Landi.","og_url":"https:\/\/noticiasmercedinas.com\/site\/2025\/09\/27\/patrimonio-e-historia-abren-puertas-al-arte-la-casa-de-landi-uno-de-los-ejes-del-inedito-paseo-de-autores\/","og_site_name":"NOTICIASMERCEDINAS.COM","article_publisher":"https:\/\/www.facebook.com\/noticiasmercedinas\/","article_author":"https:\/\/www.facebook.com\/cristian.falabella","article_published_time":"2025-09-28T02:08:59+00:00","article_modified_time":"2025-09-28T15:06:32+00:00","og_image":[{"width":640,"height":425,"url":"https:\/\/noticiasmercedinas.com\/site\/wp-content\/uploads\/2025\/09\/LISIMOLERES1.jpg","type":"image\/jpeg"}],"author":"Cristian Falabella NOTICIASMERCEDINAS.COM","twitter_card":"summary_large_image","twitter_creator":"@https:\/\/twitter.com\/NOTMERCEDINAS","twitter_site":"@notmercedinas","twitter_misc":{"Escrito por":"Cristian Falabella NOTICIASMERCEDINAS.COM","Tiempo de lectura":"4 minutos"},"schema":{"@context":"https:\/\/schema.org","@graph":[{"@type":"Article","@id":"https:\/\/noticiasmercedinas.com\/site\/2025\/09\/27\/patrimonio-e-historia-abren-puertas-al-arte-la-casa-de-landi-uno-de-los-ejes-del-inedito-paseo-de-autores\/#article","isPartOf":{"@id":"https:\/\/noticiasmercedinas.com\/site\/2025\/09\/27\/patrimonio-e-historia-abren-puertas-al-arte-la-casa-de-landi-uno-de-los-ejes-del-inedito-paseo-de-autores\/"},"author":{"name":"Cristian Falabella NOTICIASMERCEDINAS.COM","@id":"https:\/\/noticiasmercedinas.com\/site\/#\/schema\/person\/d481a9696a5feaec13a60e2bbd991a6a"},"headline":"Patrimonio e historia abren puertas al arte: la Casa de Landi, uno de los ejes del in\u00e9dito \u201cPaseo de Autores\u201d","datePublished":"2025-09-28T02:08:59+00:00","dateModified":"2025-09-28T15:06:32+00:00","mainEntityOfPage":{"@id":"https:\/\/noticiasmercedinas.com\/site\/2025\/09\/27\/patrimonio-e-historia-abren-puertas-al-arte-la-casa-de-landi-uno-de-los-ejes-del-inedito-paseo-de-autores\/"},"wordCount":546,"publisher":{"@id":"https:\/\/noticiasmercedinas.com\/site\/#organization"},"image":{"@id":"https:\/\/noticiasmercedinas.com\/site\/2025\/09\/27\/patrimonio-e-historia-abren-puertas-al-arte-la-casa-de-landi-uno-de-los-ejes-del-inedito-paseo-de-autores\/#primaryimage"},"thumbnailUrl":"https:\/\/noticiasmercedinas.com\/site\/wp-content\/uploads\/2025\/09\/LISIMOLERES1.jpg","keywords":["arte","lisi moleres","octimio landi","paseo de autores"],"articleSection":["Cultura","Ultimo momento"],"inLanguage":"es"},{"@type":"WebPage","@id":"https:\/\/noticiasmercedinas.com\/site\/2025\/09\/27\/patrimonio-e-historia-abren-puertas-al-arte-la-casa-de-landi-uno-de-los-ejes-del-inedito-paseo-de-autores\/","url":"https:\/\/noticiasmercedinas.com\/site\/2025\/09\/27\/patrimonio-e-historia-abren-puertas-al-arte-la-casa-de-landi-uno-de-los-ejes-del-inedito-paseo-de-autores\/","name":"Patrimonio e historia abren puertas al arte: la Casa de Landi, uno de los ejes del in\u00e9dito \u201cPaseo de Autores\u201d","isPartOf":{"@id":"https:\/\/noticiasmercedinas.com\/site\/#website"},"primaryImageOfPage":{"@id":"https:\/\/noticiasmercedinas.com\/site\/2025\/09\/27\/patrimonio-e-historia-abren-puertas-al-arte-la-casa-de-landi-uno-de-los-ejes-del-inedito-paseo-de-autores\/#primaryimage"},"image":{"@id":"https:\/\/noticiasmercedinas.com\/site\/2025\/09\/27\/patrimonio-e-historia-abren-puertas-al-arte-la-casa-de-landi-uno-de-los-ejes-del-inedito-paseo-de-autores\/#primaryimage"},"thumbnailUrl":"https:\/\/noticiasmercedinas.com\/site\/wp-content\/uploads\/2025\/09\/LISIMOLERES1.jpg","datePublished":"2025-09-28T02:08:59+00:00","dateModified":"2025-09-28T15:06:32+00:00","description":"\u25a0\u00a0Este s\u00e1bado la residencia de la artista Lisi Moleres, declarada Patrimonio Cultural por haber albergado el primer Museo \u201cCarlos Ameghino\u201d, se convirti\u00f3 en un punto central del circuito art\u00edstico local, exhibiendo obras contempor\u00e1neas junto a piezas recuperadas de Octimio Landi.","breadcrumb":{"@id":"https:\/\/noticiasmercedinas.com\/site\/2025\/09\/27\/patrimonio-e-historia-abren-puertas-al-arte-la-casa-de-landi-uno-de-los-ejes-del-inedito-paseo-de-autores\/#breadcrumb"},"inLanguage":"es","potentialAction":[{"@type":"ReadAction","target":["https:\/\/noticiasmercedinas.com\/site\/2025\/09\/27\/patrimonio-e-historia-abren-puertas-al-arte-la-casa-de-landi-uno-de-los-ejes-del-inedito-paseo-de-autores\/"]}]},{"@type":"ImageObject","inLanguage":"es","@id":"https:\/\/noticiasmercedinas.com\/site\/2025\/09\/27\/patrimonio-e-historia-abren-puertas-al-arte-la-casa-de-landi-uno-de-los-ejes-del-inedito-paseo-de-autores\/#primaryimage","url":"https:\/\/noticiasmercedinas.com\/site\/wp-content\/uploads\/2025\/09\/LISIMOLERES1.jpg","contentUrl":"https:\/\/noticiasmercedinas.com\/site\/wp-content\/uploads\/2025\/09\/LISIMOLERES1.jpg","width":640,"height":425},{"@type":"BreadcrumbList","@id":"https:\/\/noticiasmercedinas.com\/site\/2025\/09\/27\/patrimonio-e-historia-abren-puertas-al-arte-la-casa-de-landi-uno-de-los-ejes-del-inedito-paseo-de-autores\/#breadcrumb","itemListElement":[{"@type":"ListItem","position":1,"name":"Portada","item":"https:\/\/noticiasmercedinas.com\/site\/"},{"@type":"ListItem","position":2,"name":"Patrimonio e historia abren puertas al arte: la Casa de Landi, uno de los ejes del in\u00e9dito \u201cPaseo de Autores\u201d"}]},{"@type":"WebSite","@id":"https:\/\/noticiasmercedinas.com\/site\/#website","url":"https:\/\/noticiasmercedinas.com\/site\/","name":"NOTICIASMERCEDINAS.COM","description":"Mercedes, Buenos Aires, Argentina","publisher":{"@id":"https:\/\/noticiasmercedinas.com\/site\/#organization"},"potentialAction":[{"@type":"SearchAction","target":{"@type":"EntryPoint","urlTemplate":"https:\/\/noticiasmercedinas.com\/site\/?s={search_term_string}"},"query-input":{"@type":"PropertyValueSpecification","valueRequired":true,"valueName":"search_term_string"}}],"inLanguage":"es"},{"@type":"Organization","@id":"https:\/\/noticiasmercedinas.com\/site\/#organization","name":"NOTICIASMERCEDINAS.COM","url":"https:\/\/noticiasmercedinas.com\/site\/","logo":{"@type":"ImageObject","inLanguage":"es","@id":"https:\/\/noticiasmercedinas.com\/site\/#\/schema\/logo\/image\/","url":"https:\/\/noticiasmercedinas.com\/site\/wp-content\/uploads\/2020\/06\/LOGO-512.jpg","contentUrl":"https:\/\/noticiasmercedinas.com\/site\/wp-content\/uploads\/2020\/06\/LOGO-512.jpg","width":512,"height":512,"caption":"NOTICIASMERCEDINAS.COM"},"image":{"@id":"https:\/\/noticiasmercedinas.com\/site\/#\/schema\/logo\/image\/"},"sameAs":["https:\/\/www.facebook.com\/noticiasmercedinas\/","https:\/\/x.com\/notmercedinas","https:\/\/www.instagram.com\/noticiasmercedinas\/"]},{"@type":"Person","@id":"https:\/\/noticiasmercedinas.com\/site\/#\/schema\/person\/d481a9696a5feaec13a60e2bbd991a6a","name":"Cristian Falabella NOTICIASMERCEDINAS.COM","image":{"@type":"ImageObject","inLanguage":"es","@id":"https:\/\/secure.gravatar.com\/avatar\/0dbbfc45970cc46bcd0e57766228574ff3511d6eed045b182f536f0f478c1f06?s=96&d=mm&r=g","url":"https:\/\/secure.gravatar.com\/avatar\/0dbbfc45970cc46bcd0e57766228574ff3511d6eed045b182f536f0f478c1f06?s=96&d=mm&r=g","contentUrl":"https:\/\/secure.gravatar.com\/avatar\/0dbbfc45970cc46bcd0e57766228574ff3511d6eed045b182f536f0f478c1f06?s=96&d=mm&r=g","caption":"Cristian Falabella NOTICIASMERCEDINAS.COM"},"description":"Periodista, editor de Noticias Mercedinas. Pas\u00f3 por varias redacciones y emprendimientos de prensa, en distintos formatos y \u00e9pocas. Se especializ\u00f3 --y sigue haci\u00e9ndolo-- en comunicaci\u00f3n en la web y en junio de 2006 fund\u00f3 este diario digital.","sameAs":["https:\/\/noticiasmercedinas.com","https:\/\/www.facebook.com\/cristian.falabella","https:\/\/www.instagram.com\/noticiasmercedinas\/","https:\/\/x.com\/https:\/\/twitter.com\/NOTMERCEDINAS"],"url":"https:\/\/noticiasmercedinas.com\/site\/author\/as000384\/"}]}},"amp_enabled":true,"_links":{"self":[{"href":"https:\/\/noticiasmercedinas.com\/site\/wp-json\/wp\/v2\/posts\/170522","targetHints":{"allow":["GET"]}}],"collection":[{"href":"https:\/\/noticiasmercedinas.com\/site\/wp-json\/wp\/v2\/posts"}],"about":[{"href":"https:\/\/noticiasmercedinas.com\/site\/wp-json\/wp\/v2\/types\/post"}],"author":[{"embeddable":true,"href":"https:\/\/noticiasmercedinas.com\/site\/wp-json\/wp\/v2\/users\/2"}],"replies":[{"embeddable":true,"href":"https:\/\/noticiasmercedinas.com\/site\/wp-json\/wp\/v2\/comments?post=170522"}],"version-history":[{"count":5,"href":"https:\/\/noticiasmercedinas.com\/site\/wp-json\/wp\/v2\/posts\/170522\/revisions"}],"predecessor-version":[{"id":170558,"href":"https:\/\/noticiasmercedinas.com\/site\/wp-json\/wp\/v2\/posts\/170522\/revisions\/170558"}],"wp:featuredmedia":[{"embeddable":true,"href":"https:\/\/noticiasmercedinas.com\/site\/wp-json\/wp\/v2\/media\/170523"}],"wp:attachment":[{"href":"https:\/\/noticiasmercedinas.com\/site\/wp-json\/wp\/v2\/media?parent=170522"}],"wp:term":[{"taxonomy":"category","embeddable":true,"href":"https:\/\/noticiasmercedinas.com\/site\/wp-json\/wp\/v2\/categories?post=170522"},{"taxonomy":"post_tag","embeddable":true,"href":"https:\/\/noticiasmercedinas.com\/site\/wp-json\/wp\/v2\/tags?post=170522"}],"curies":[{"name":"wp","href":"https:\/\/api.w.org\/{rel}","templated":true}]}}