{"id":170536,"date":"2025-09-28T11:01:19","date_gmt":"2025-09-28T14:01:19","guid":{"rendered":"https:\/\/noticiasmercedinas.com\/site\/?p=170536"},"modified":"2025-09-28T11:01:19","modified_gmt":"2025-09-28T14:01:19","slug":"la-lluvia-fue-bendicion-para-ateneo-ante-san-carlos","status":"publish","type":"post","link":"https:\/\/noticiasmercedinas.com\/site\/2025\/09\/28\/la-lluvia-fue-bendicion-para-ateneo-ante-san-carlos\/","title":{"rendered":"La lluvia fue bendici\u00f3n para Ateneo ante San Carlos"},"content":{"rendered":"<p><img loading=\"lazy\" decoding=\"async\" class=\"alignnone size-full wp-image-170537\" src=\"https:\/\/noticiasmercedinas.com\/site\/wp-content\/uploads\/2025\/09\/555982428_1346724593918056_258532934554086967_n.jpg\" alt=\"\" width=\"640\" height=\"407\" srcset=\"https:\/\/noticiasmercedinas.com\/site\/wp-content\/uploads\/2025\/09\/555982428_1346724593918056_258532934554086967_n.jpg 640w, https:\/\/noticiasmercedinas.com\/site\/wp-content\/uploads\/2025\/09\/555982428_1346724593918056_258532934554086967_n-300x191.jpg 300w\" sizes=\"auto, (max-width: 640px) 100vw, 640px\" \/>(Por Iv\u00e1n Alday \u2013 Todo El Deporte Est\u00e1 Ac\u00e1) En el marco de la fecha 22\u00b0 del certamen F3 por el torneo Metropolitano de hockey femenino, la formaci\u00f3n dirigida por Lucas Polifeme comenz\u00f3 la acci\u00f3n desde las categor\u00edas puntuables sin oportunidad para las formativas en virtud de los 50 mil\u00edmetros y fuertes vientos que azotaron a la ciudad en la noche del viernes, a\u00fan con los resabios de la lluvia ca\u00edda.<\/p>\n<p>El primero en saltar a la cancha fue S\u00e9ptima, con un contundente 8-0, tomando la precauci\u00f3n desde lo f\u00edsico a ra\u00edz del factor meteorol\u00f3gico qu\u00e9 jug\u00f3 a su favor en el recorrido de la bocha. Se destacaron el gol de Ana Pisoni de push elevado y el despliegue de Julia Decicco autora de tres tantos, Felicitas Rebagliatti por duplicado, Martina Negri y Renata Arenas completaron la primera alegr\u00eda de la ma\u00f1ana.<\/p>\n<p>Continuando la contundencia Sexta, que se llev\u00f3 el partido por 2-0, tambi\u00e9n recuperando tras varias fechas a Bernardita Bernasconi por un inconveniente lumbar, con el sint\u00e9tico patinoso los goles llegaron por desv\u00edo de cortos de Lola Ledesma Patrone y Catalina Iglesias qui\u00e9nes convirtieron.<\/p>\n<p><img loading=\"lazy\" decoding=\"async\" class=\"alignnone size-full wp-image-170538\" src=\"https:\/\/noticiasmercedinas.com\/site\/wp-content\/uploads\/2025\/09\/556577609_1346724560584726_5869910637870193842_n.jpg\" alt=\"\" width=\"640\" height=\"433\" srcset=\"https:\/\/noticiasmercedinas.com\/site\/wp-content\/uploads\/2025\/09\/556577609_1346724560584726_5869910637870193842_n.jpg 640w, https:\/\/noticiasmercedinas.com\/site\/wp-content\/uploads\/2025\/09\/556577609_1346724560584726_5869910637870193842_n-300x203.jpg 300w\" sizes=\"auto, (max-width: 640px) 100vw, 640px\" \/><\/p>\n<p>M\u00e1s all\u00e1 del fuerte chaparr\u00f3n qu\u00e9 volvi\u00f3 a visitar Mercedes pasada la hora 13, el acompa\u00f1amiento de la hinchada del \u201cAte\u201d e integrantes de la subcomisi\u00f3n de hockey iba creciendo, fue 2-1 para la \u00faltima formativa que nutre a la Primera Divisi\u00f3n e Intermedia en los planteles superiores, Lola Ledesma Patrone sigui\u00f3 gestando goles, tras asistencia de Elena Pont\u00f3n.<\/p>\n<p>A ella se sum\u00f3 Renata Acenso qui\u00e9n tuvo su regalo de cumplea\u00f1os en la red, la n\u00famero 41 con 17 a\u00f1os reci\u00e9n cumplidos pudo festejar c\u00f3mo puntal de la defensa. La Intermedia tuvo una notable recuperaci\u00f3n de un 0-2 con una sola abanderada del gol, Pilar Grosso para encontrar el 2-2 antes que suene la bocina del final, hubo que pasar un momento de sosobra en el tercer cuarto la fricci\u00f3n de juego hizo que un empuj\u00f3n a Victoria Ledesma le cayera todo el peso de su cuerpo en el anular de la mano derecha.<\/p>\n<p>Si bien recibi\u00f3 las primeras atenciones en el club, fue derivada al hospital Blas Dubarry para completar el diagn\u00f3stico por im\u00e1genes arroj\u00f3 una fractura, a priori es muy dif\u00edcil que pueda completar el torneo. El arma principal de Ateneo en todos los encuentros de plantel superior fue el corto con los nombres de Pilar Grosso y Julia Boragno por la misma v\u00eda para sellar el 2-0 final de Primera, en un torneo que demuestra absoluta paridad la formaci\u00f3n local no puede permitirse entregar puntos en el camino.<\/p>\n<p>Vendr\u00e1n encuentros de visitante para recuperar la fecha pendiente por lluvia ante Pucar\u00e1, posteriormente otra visita ante la Sociedad Alemana de Gimnasia para reencontrarse c\u00f3mo local del Municipio de Lomas de Zamora el pr\u00f3ximo 18 de octubre en cancha de Liga de Padres de Familia.<\/p>\n","protected":false},"excerpt":{"rendered":"<p>\u25a0 En medio de un s\u00e1bado desapacible tras la lluvia la madrugada hubo hockey en la cancha municipal. Los equipos locales del \u201cCeleste y Blanco\u201d se hicieron de la jornada. Se viene una bater\u00eda de partidos.<\/p>\n","protected":false},"author":6,"featured_media":170537,"comment_status":"closed","ping_status":"closed","sticky":false,"template":"","format":"standard","meta":{"footnotes":""},"categories":[5],"tags":[17625,2321,7237],"class_list":["post-170536","post","type-post","status-publish","format-standard","has-post-thumbnail","hentry","category-deportes","tag-aahba","tag-ateneo","tag-hockey-femenino"],"yoast_head":"<!-- This site is optimized with the Yoast SEO plugin v27.5 - https:\/\/yoast.com\/product\/yoast-seo-wordpress\/ -->\n<title>La lluvia fue bendici\u00f3n para Ateneo ante San Carlos<\/title>\n<meta name=\"robots\" content=\"index, follow, max-snippet:-1, max-image-preview:large, max-video-preview:-1\" \/>\n<link rel=\"canonical\" href=\"https:\/\/noticiasmercedinas.com\/site\/2025\/09\/28\/la-lluvia-fue-bendicion-para-ateneo-ante-san-carlos\/\" \/>\n<meta property=\"og:locale\" content=\"es_ES\" \/>\n<meta property=\"og:type\" content=\"article\" \/>\n<meta property=\"og:title\" content=\"La lluvia fue bendici\u00f3n para Ateneo ante San Carlos\" \/>\n<meta property=\"og:description\" content=\"\u25a0 En medio de un s\u00e1bado desapacible tras la lluvia la madrugada hubo hockey en la cancha municipal. Los equipos locales del \u201cCeleste y Blanco\u201d se hicieron de la jornada. Se viene una bater\u00eda de partidos.\" \/>\n<meta property=\"og:url\" content=\"https:\/\/noticiasmercedinas.com\/site\/2025\/09\/28\/la-lluvia-fue-bendicion-para-ateneo-ante-san-carlos\/\" \/>\n<meta property=\"og:site_name\" content=\"NOTICIASMERCEDINAS.COM\" \/>\n<meta property=\"article:publisher\" content=\"https:\/\/www.facebook.com\/noticiasmercedinas\/\" \/>\n<meta property=\"article:published_time\" content=\"2025-09-28T14:01:19+00:00\" \/>\n<meta property=\"og:image\" content=\"https:\/\/noticiasmercedinas.com\/site\/wp-content\/uploads\/2025\/09\/555982428_1346724593918056_258532934554086967_n.jpg\" \/>\n\t<meta property=\"og:image:width\" content=\"640\" \/>\n\t<meta property=\"og:image:height\" content=\"407\" \/>\n\t<meta property=\"og:image:type\" content=\"image\/jpeg\" \/>\n<meta name=\"author\" content=\"Juan Dagnino NOTICIASMERCEDINAS.COM\" \/>\n<meta name=\"twitter:card\" content=\"summary_large_image\" \/>\n<meta name=\"twitter:creator\" content=\"@notmercedinas\" \/>\n<meta name=\"twitter:site\" content=\"@notmercedinas\" \/>\n<meta name=\"twitter:label1\" content=\"Escrito por\" \/>\n\t<meta name=\"twitter:data1\" content=\"Juan Dagnino NOTICIASMERCEDINAS.COM\" \/>\n\t<meta name=\"twitter:label2\" content=\"Tiempo de lectura\" \/>\n\t<meta name=\"twitter:data2\" content=\"3 minutos\" \/>\n<script type=\"application\/ld+json\" class=\"yoast-schema-graph\">{\"@context\":\"https:\\\/\\\/schema.org\",\"@graph\":[{\"@type\":\"Article\",\"@id\":\"https:\\\/\\\/noticiasmercedinas.com\\\/site\\\/2025\\\/09\\\/28\\\/la-lluvia-fue-bendicion-para-ateneo-ante-san-carlos\\\/#article\",\"isPartOf\":{\"@id\":\"https:\\\/\\\/noticiasmercedinas.com\\\/site\\\/2025\\\/09\\\/28\\\/la-lluvia-fue-bendicion-para-ateneo-ante-san-carlos\\\/\"},\"author\":{\"name\":\"Juan Dagnino NOTICIASMERCEDINAS.COM\",\"@id\":\"https:\\\/\\\/noticiasmercedinas.com\\\/site\\\/#\\\/schema\\\/person\\\/8f2f09d666ef40986eba4a5e6f2a06f9\"},\"headline\":\"La lluvia fue bendici\u00f3n para Ateneo ante San Carlos\",\"datePublished\":\"2025-09-28T14:01:19+00:00\",\"mainEntityOfPage\":{\"@id\":\"https:\\\/\\\/noticiasmercedinas.com\\\/site\\\/2025\\\/09\\\/28\\\/la-lluvia-fue-bendicion-para-ateneo-ante-san-carlos\\\/\"},\"wordCount\":515,\"publisher\":{\"@id\":\"https:\\\/\\\/noticiasmercedinas.com\\\/site\\\/#organization\"},\"image\":{\"@id\":\"https:\\\/\\\/noticiasmercedinas.com\\\/site\\\/2025\\\/09\\\/28\\\/la-lluvia-fue-bendicion-para-ateneo-ante-san-carlos\\\/#primaryimage\"},\"thumbnailUrl\":\"https:\\\/\\\/noticiasmercedinas.com\\\/site\\\/wp-content\\\/uploads\\\/2025\\\/09\\\/555982428_1346724593918056_258532934554086967_n.jpg\",\"keywords\":[\"AAHBA\",\"Ateneo\",\"hockey femenino\"],\"articleSection\":[\"Deportes\"],\"inLanguage\":\"es\"},{\"@type\":\"WebPage\",\"@id\":\"https:\\\/\\\/noticiasmercedinas.com\\\/site\\\/2025\\\/09\\\/28\\\/la-lluvia-fue-bendicion-para-ateneo-ante-san-carlos\\\/\",\"url\":\"https:\\\/\\\/noticiasmercedinas.com\\\/site\\\/2025\\\/09\\\/28\\\/la-lluvia-fue-bendicion-para-ateneo-ante-san-carlos\\\/\",\"name\":\"La lluvia fue bendici\u00f3n para Ateneo ante San Carlos\",\"isPartOf\":{\"@id\":\"https:\\\/\\\/noticiasmercedinas.com\\\/site\\\/#website\"},\"primaryImageOfPage\":{\"@id\":\"https:\\\/\\\/noticiasmercedinas.com\\\/site\\\/2025\\\/09\\\/28\\\/la-lluvia-fue-bendicion-para-ateneo-ante-san-carlos\\\/#primaryimage\"},\"image\":{\"@id\":\"https:\\\/\\\/noticiasmercedinas.com\\\/site\\\/2025\\\/09\\\/28\\\/la-lluvia-fue-bendicion-para-ateneo-ante-san-carlos\\\/#primaryimage\"},\"thumbnailUrl\":\"https:\\\/\\\/noticiasmercedinas.com\\\/site\\\/wp-content\\\/uploads\\\/2025\\\/09\\\/555982428_1346724593918056_258532934554086967_n.jpg\",\"datePublished\":\"2025-09-28T14:01:19+00:00\",\"breadcrumb\":{\"@id\":\"https:\\\/\\\/noticiasmercedinas.com\\\/site\\\/2025\\\/09\\\/28\\\/la-lluvia-fue-bendicion-para-ateneo-ante-san-carlos\\\/#breadcrumb\"},\"inLanguage\":\"es\",\"potentialAction\":[{\"@type\":\"ReadAction\",\"target\":[\"https:\\\/\\\/noticiasmercedinas.com\\\/site\\\/2025\\\/09\\\/28\\\/la-lluvia-fue-bendicion-para-ateneo-ante-san-carlos\\\/\"]}]},{\"@type\":\"ImageObject\",\"inLanguage\":\"es\",\"@id\":\"https:\\\/\\\/noticiasmercedinas.com\\\/site\\\/2025\\\/09\\\/28\\\/la-lluvia-fue-bendicion-para-ateneo-ante-san-carlos\\\/#primaryimage\",\"url\":\"https:\\\/\\\/noticiasmercedinas.com\\\/site\\\/wp-content\\\/uploads\\\/2025\\\/09\\\/555982428_1346724593918056_258532934554086967_n.jpg\",\"contentUrl\":\"https:\\\/\\\/noticiasmercedinas.com\\\/site\\\/wp-content\\\/uploads\\\/2025\\\/09\\\/555982428_1346724593918056_258532934554086967_n.jpg\",\"width\":640,\"height\":407},{\"@type\":\"BreadcrumbList\",\"@id\":\"https:\\\/\\\/noticiasmercedinas.com\\\/site\\\/2025\\\/09\\\/28\\\/la-lluvia-fue-bendicion-para-ateneo-ante-san-carlos\\\/#breadcrumb\",\"itemListElement\":[{\"@type\":\"ListItem\",\"position\":1,\"name\":\"Portada\",\"item\":\"https:\\\/\\\/noticiasmercedinas.com\\\/site\\\/\"},{\"@type\":\"ListItem\",\"position\":2,\"name\":\"La lluvia fue bendici\u00f3n para Ateneo ante San Carlos\"}]},{\"@type\":\"WebSite\",\"@id\":\"https:\\\/\\\/noticiasmercedinas.com\\\/site\\\/#website\",\"url\":\"https:\\\/\\\/noticiasmercedinas.com\\\/site\\\/\",\"name\":\"NOTICIASMERCEDINAS.COM\",\"description\":\"Mercedes, Buenos Aires, Argentina\",\"publisher\":{\"@id\":\"https:\\\/\\\/noticiasmercedinas.com\\\/site\\\/#organization\"},\"potentialAction\":[{\"@type\":\"SearchAction\",\"target\":{\"@type\":\"EntryPoint\",\"urlTemplate\":\"https:\\\/\\\/noticiasmercedinas.com\\\/site\\\/?s={search_term_string}\"},\"query-input\":{\"@type\":\"PropertyValueSpecification\",\"valueRequired\":true,\"valueName\":\"search_term_string\"}}],\"inLanguage\":\"es\"},{\"@type\":\"Organization\",\"@id\":\"https:\\\/\\\/noticiasmercedinas.com\\\/site\\\/#organization\",\"name\":\"NOTICIASMERCEDINAS.COM\",\"url\":\"https:\\\/\\\/noticiasmercedinas.com\\\/site\\\/\",\"logo\":{\"@type\":\"ImageObject\",\"inLanguage\":\"es\",\"@id\":\"https:\\\/\\\/noticiasmercedinas.com\\\/site\\\/#\\\/schema\\\/logo\\\/image\\\/\",\"url\":\"https:\\\/\\\/noticiasmercedinas.com\\\/site\\\/wp-content\\\/uploads\\\/2020\\\/06\\\/LOGO-512.jpg\",\"contentUrl\":\"https:\\\/\\\/noticiasmercedinas.com\\\/site\\\/wp-content\\\/uploads\\\/2020\\\/06\\\/LOGO-512.jpg\",\"width\":512,\"height\":512,\"caption\":\"NOTICIASMERCEDINAS.COM\"},\"image\":{\"@id\":\"https:\\\/\\\/noticiasmercedinas.com\\\/site\\\/#\\\/schema\\\/logo\\\/image\\\/\"},\"sameAs\":[\"https:\\\/\\\/www.facebook.com\\\/noticiasmercedinas\\\/\",\"https:\\\/\\\/x.com\\\/notmercedinas\",\"https:\\\/\\\/www.instagram.com\\\/noticiasmercedinas\\\/\"]},{\"@type\":\"Person\",\"@id\":\"https:\\\/\\\/noticiasmercedinas.com\\\/site\\\/#\\\/schema\\\/person\\\/8f2f09d666ef40986eba4a5e6f2a06f9\",\"name\":\"Juan Dagnino NOTICIASMERCEDINAS.COM\",\"image\":{\"@type\":\"ImageObject\",\"inLanguage\":\"es\",\"@id\":\"https:\\\/\\\/secure.gravatar.com\\\/avatar\\\/fc7059a769f5a3cae65fadb228a3e4accf3a64b4b2305020d0a27e6d5333c91b?s=96&d=mm&r=g\",\"url\":\"https:\\\/\\\/secure.gravatar.com\\\/avatar\\\/fc7059a769f5a3cae65fadb228a3e4accf3a64b4b2305020d0a27e6d5333c91b?s=96&d=mm&r=g\",\"contentUrl\":\"https:\\\/\\\/secure.gravatar.com\\\/avatar\\\/fc7059a769f5a3cae65fadb228a3e4accf3a64b4b2305020d0a27e6d5333c91b?s=96&d=mm&r=g\",\"caption\":\"Juan Dagnino NOTICIASMERCEDINAS.COM\"},\"url\":\"https:\\\/\\\/noticiasmercedinas.com\\\/site\\\/author\\\/juandagnino\\\/\"}]}<\/script>\n<!-- \/ Yoast SEO plugin. -->","yoast_head_json":{"title":"La lluvia fue bendici\u00f3n para Ateneo ante San Carlos","robots":{"index":"index","follow":"follow","max-snippet":"max-snippet:-1","max-image-preview":"max-image-preview:large","max-video-preview":"max-video-preview:-1"},"canonical":"https:\/\/noticiasmercedinas.com\/site\/2025\/09\/28\/la-lluvia-fue-bendicion-para-ateneo-ante-san-carlos\/","og_locale":"es_ES","og_type":"article","og_title":"La lluvia fue bendici\u00f3n para Ateneo ante San Carlos","og_description":"\u25a0 En medio de un s\u00e1bado desapacible tras la lluvia la madrugada hubo hockey en la cancha municipal. Los equipos locales del \u201cCeleste y Blanco\u201d se hicieron de la jornada. Se viene una bater\u00eda de partidos.","og_url":"https:\/\/noticiasmercedinas.com\/site\/2025\/09\/28\/la-lluvia-fue-bendicion-para-ateneo-ante-san-carlos\/","og_site_name":"NOTICIASMERCEDINAS.COM","article_publisher":"https:\/\/www.facebook.com\/noticiasmercedinas\/","article_published_time":"2025-09-28T14:01:19+00:00","og_image":[{"width":640,"height":407,"url":"https:\/\/noticiasmercedinas.com\/site\/wp-content\/uploads\/2025\/09\/555982428_1346724593918056_258532934554086967_n.jpg","type":"image\/jpeg"}],"author":"Juan Dagnino NOTICIASMERCEDINAS.COM","twitter_card":"summary_large_image","twitter_creator":"@notmercedinas","twitter_site":"@notmercedinas","twitter_misc":{"Escrito por":"Juan Dagnino NOTICIASMERCEDINAS.COM","Tiempo de lectura":"3 minutos"},"schema":{"@context":"https:\/\/schema.org","@graph":[{"@type":"Article","@id":"https:\/\/noticiasmercedinas.com\/site\/2025\/09\/28\/la-lluvia-fue-bendicion-para-ateneo-ante-san-carlos\/#article","isPartOf":{"@id":"https:\/\/noticiasmercedinas.com\/site\/2025\/09\/28\/la-lluvia-fue-bendicion-para-ateneo-ante-san-carlos\/"},"author":{"name":"Juan Dagnino NOTICIASMERCEDINAS.COM","@id":"https:\/\/noticiasmercedinas.com\/site\/#\/schema\/person\/8f2f09d666ef40986eba4a5e6f2a06f9"},"headline":"La lluvia fue bendici\u00f3n para Ateneo ante San Carlos","datePublished":"2025-09-28T14:01:19+00:00","mainEntityOfPage":{"@id":"https:\/\/noticiasmercedinas.com\/site\/2025\/09\/28\/la-lluvia-fue-bendicion-para-ateneo-ante-san-carlos\/"},"wordCount":515,"publisher":{"@id":"https:\/\/noticiasmercedinas.com\/site\/#organization"},"image":{"@id":"https:\/\/noticiasmercedinas.com\/site\/2025\/09\/28\/la-lluvia-fue-bendicion-para-ateneo-ante-san-carlos\/#primaryimage"},"thumbnailUrl":"https:\/\/noticiasmercedinas.com\/site\/wp-content\/uploads\/2025\/09\/555982428_1346724593918056_258532934554086967_n.jpg","keywords":["AAHBA","Ateneo","hockey femenino"],"articleSection":["Deportes"],"inLanguage":"es"},{"@type":"WebPage","@id":"https:\/\/noticiasmercedinas.com\/site\/2025\/09\/28\/la-lluvia-fue-bendicion-para-ateneo-ante-san-carlos\/","url":"https:\/\/noticiasmercedinas.com\/site\/2025\/09\/28\/la-lluvia-fue-bendicion-para-ateneo-ante-san-carlos\/","name":"La lluvia fue bendici\u00f3n para Ateneo ante San Carlos","isPartOf":{"@id":"https:\/\/noticiasmercedinas.com\/site\/#website"},"primaryImageOfPage":{"@id":"https:\/\/noticiasmercedinas.com\/site\/2025\/09\/28\/la-lluvia-fue-bendicion-para-ateneo-ante-san-carlos\/#primaryimage"},"image":{"@id":"https:\/\/noticiasmercedinas.com\/site\/2025\/09\/28\/la-lluvia-fue-bendicion-para-ateneo-ante-san-carlos\/#primaryimage"},"thumbnailUrl":"https:\/\/noticiasmercedinas.com\/site\/wp-content\/uploads\/2025\/09\/555982428_1346724593918056_258532934554086967_n.jpg","datePublished":"2025-09-28T14:01:19+00:00","breadcrumb":{"@id":"https:\/\/noticiasmercedinas.com\/site\/2025\/09\/28\/la-lluvia-fue-bendicion-para-ateneo-ante-san-carlos\/#breadcrumb"},"inLanguage":"es","potentialAction":[{"@type":"ReadAction","target":["https:\/\/noticiasmercedinas.com\/site\/2025\/09\/28\/la-lluvia-fue-bendicion-para-ateneo-ante-san-carlos\/"]}]},{"@type":"ImageObject","inLanguage":"es","@id":"https:\/\/noticiasmercedinas.com\/site\/2025\/09\/28\/la-lluvia-fue-bendicion-para-ateneo-ante-san-carlos\/#primaryimage","url":"https:\/\/noticiasmercedinas.com\/site\/wp-content\/uploads\/2025\/09\/555982428_1346724593918056_258532934554086967_n.jpg","contentUrl":"https:\/\/noticiasmercedinas.com\/site\/wp-content\/uploads\/2025\/09\/555982428_1346724593918056_258532934554086967_n.jpg","width":640,"height":407},{"@type":"BreadcrumbList","@id":"https:\/\/noticiasmercedinas.com\/site\/2025\/09\/28\/la-lluvia-fue-bendicion-para-ateneo-ante-san-carlos\/#breadcrumb","itemListElement":[{"@type":"ListItem","position":1,"name":"Portada","item":"https:\/\/noticiasmercedinas.com\/site\/"},{"@type":"ListItem","position":2,"name":"La lluvia fue bendici\u00f3n para Ateneo ante San Carlos"}]},{"@type":"WebSite","@id":"https:\/\/noticiasmercedinas.com\/site\/#website","url":"https:\/\/noticiasmercedinas.com\/site\/","name":"NOTICIASMERCEDINAS.COM","description":"Mercedes, Buenos Aires, Argentina","publisher":{"@id":"https:\/\/noticiasmercedinas.com\/site\/#organization"},"potentialAction":[{"@type":"SearchAction","target":{"@type":"EntryPoint","urlTemplate":"https:\/\/noticiasmercedinas.com\/site\/?s={search_term_string}"},"query-input":{"@type":"PropertyValueSpecification","valueRequired":true,"valueName":"search_term_string"}}],"inLanguage":"es"},{"@type":"Organization","@id":"https:\/\/noticiasmercedinas.com\/site\/#organization","name":"NOTICIASMERCEDINAS.COM","url":"https:\/\/noticiasmercedinas.com\/site\/","logo":{"@type":"ImageObject","inLanguage":"es","@id":"https:\/\/noticiasmercedinas.com\/site\/#\/schema\/logo\/image\/","url":"https:\/\/noticiasmercedinas.com\/site\/wp-content\/uploads\/2020\/06\/LOGO-512.jpg","contentUrl":"https:\/\/noticiasmercedinas.com\/site\/wp-content\/uploads\/2020\/06\/LOGO-512.jpg","width":512,"height":512,"caption":"NOTICIASMERCEDINAS.COM"},"image":{"@id":"https:\/\/noticiasmercedinas.com\/site\/#\/schema\/logo\/image\/"},"sameAs":["https:\/\/www.facebook.com\/noticiasmercedinas\/","https:\/\/x.com\/notmercedinas","https:\/\/www.instagram.com\/noticiasmercedinas\/"]},{"@type":"Person","@id":"https:\/\/noticiasmercedinas.com\/site\/#\/schema\/person\/8f2f09d666ef40986eba4a5e6f2a06f9","name":"Juan Dagnino NOTICIASMERCEDINAS.COM","image":{"@type":"ImageObject","inLanguage":"es","@id":"https:\/\/secure.gravatar.com\/avatar\/fc7059a769f5a3cae65fadb228a3e4accf3a64b4b2305020d0a27e6d5333c91b?s=96&d=mm&r=g","url":"https:\/\/secure.gravatar.com\/avatar\/fc7059a769f5a3cae65fadb228a3e4accf3a64b4b2305020d0a27e6d5333c91b?s=96&d=mm&r=g","contentUrl":"https:\/\/secure.gravatar.com\/avatar\/fc7059a769f5a3cae65fadb228a3e4accf3a64b4b2305020d0a27e6d5333c91b?s=96&d=mm&r=g","caption":"Juan Dagnino NOTICIASMERCEDINAS.COM"},"url":"https:\/\/noticiasmercedinas.com\/site\/author\/juandagnino\/"}]}},"amp_enabled":true,"_links":{"self":[{"href":"https:\/\/noticiasmercedinas.com\/site\/wp-json\/wp\/v2\/posts\/170536","targetHints":{"allow":["GET"]}}],"collection":[{"href":"https:\/\/noticiasmercedinas.com\/site\/wp-json\/wp\/v2\/posts"}],"about":[{"href":"https:\/\/noticiasmercedinas.com\/site\/wp-json\/wp\/v2\/types\/post"}],"author":[{"embeddable":true,"href":"https:\/\/noticiasmercedinas.com\/site\/wp-json\/wp\/v2\/users\/6"}],"replies":[{"embeddable":true,"href":"https:\/\/noticiasmercedinas.com\/site\/wp-json\/wp\/v2\/comments?post=170536"}],"version-history":[{"count":1,"href":"https:\/\/noticiasmercedinas.com\/site\/wp-json\/wp\/v2\/posts\/170536\/revisions"}],"predecessor-version":[{"id":170540,"href":"https:\/\/noticiasmercedinas.com\/site\/wp-json\/wp\/v2\/posts\/170536\/revisions\/170540"}],"wp:featuredmedia":[{"embeddable":true,"href":"https:\/\/noticiasmercedinas.com\/site\/wp-json\/wp\/v2\/media\/170537"}],"wp:attachment":[{"href":"https:\/\/noticiasmercedinas.com\/site\/wp-json\/wp\/v2\/media?parent=170536"}],"wp:term":[{"taxonomy":"category","embeddable":true,"href":"https:\/\/noticiasmercedinas.com\/site\/wp-json\/wp\/v2\/categories?post=170536"},{"taxonomy":"post_tag","embeddable":true,"href":"https:\/\/noticiasmercedinas.com\/site\/wp-json\/wp\/v2\/tags?post=170536"}],"curies":[{"name":"wp","href":"https:\/\/api.w.org\/{rel}","templated":true}]}}