{"id":170630,"date":"2025-09-29T10:34:26","date_gmt":"2025-09-29T13:34:26","guid":{"rendered":"https:\/\/noticiasmercedinas.com\/site\/?p=170630"},"modified":"2025-09-29T10:34:26","modified_gmt":"2025-09-29T13:34:26","slug":"promocion-bancaria-de-alimentos-suma-los-sabados-a-sus-dias-de-descuento","status":"publish","type":"post","link":"https:\/\/noticiasmercedinas.com\/site\/2025\/09\/29\/promocion-bancaria-de-alimentos-suma-los-sabados-a-sus-dias-de-descuento\/","title":{"rendered":"Promoci\u00f3n bancaria de alimentos suma los s\u00e1bados a sus d\u00edas de descuento"},"content":{"rendered":"<p><img loading=\"lazy\" decoding=\"async\" class=\"alignnone size-full wp-image-170634\" src=\"https:\/\/noticiasmercedinas.com\/site\/wp-content\/uploads\/2025\/09\/PAMPA1.jpg\" alt=\"\" width=\"726\" height=\"585\" srcset=\"https:\/\/noticiasmercedinas.com\/site\/wp-content\/uploads\/2025\/09\/PAMPA1.jpg 726w, https:\/\/noticiasmercedinas.com\/site\/wp-content\/uploads\/2025\/09\/PAMPA1-300x242.jpg 300w, https:\/\/noticiasmercedinas.com\/site\/wp-content\/uploads\/2025\/09\/PAMPA1-640x516.jpg 640w, https:\/\/noticiasmercedinas.com\/site\/wp-content\/uploads\/2025\/09\/PAMPA1-681x549.jpg 681w\" sizes=\"auto, (max-width: 726px) 100vw, 726px\" \/><\/p>\n<p>Una buena noticia para el bolsillo de los consumidores: las promociones bancarias para la compra de alimentos, ofrecidas por el <b>Banco de La Pampa<\/b>, han ampliado su cobertura horaria, incluyendo ahora los d\u00edas <b>s\u00e1bado<\/b> en su calendario semanal de descuentos.<\/p>\n<p>La promoci\u00f3n, v\u00e1lida hasta el <b>31 de diciembre de 2025<\/b>, otorga un <b>25% de reintegro<\/b> en compras realizadas en comercios adheridos del rubro \u00abAlimentos\u00bb. Inicialmente activa los lunes, mi\u00e9rcoles y viernes, la extensi\u00f3n a los s\u00e1bados da un mayor margen para que los clientes puedan aprovechar el beneficio durante el fin de semana.<\/p>\n<blockquote><p>El Banco de La Pampa extiende el beneficio de 25% de reintegro en el rubro \u00abAlimentos\u00bb a los d\u00edas s\u00e1bado, ampliando las oportunidades para que los clientes con Paquete Pampa obtengan hasta $25.000 de ahorro semanal por cuenta de cr\u00e9dito.<\/p><\/blockquote>\n<p>Esta promoci\u00f3n est\u00e1 dirigida exclusivamente a los clientes que posean un <b>Paquete Pampa<\/b> y realicen sus compras con las tarjetas de cr\u00e9dito <b>Cald\u00e9n MasterCard y\/o Cald\u00e9n Visa<\/b> emitidas por el Banco de La Pampa.<\/p>\n<p>El esquema de reintegro opera bajo las siguientes condiciones:<\/p>\n<ul>\n<li><b>D\u00edas de Vigencia:<\/b> Lunes, mi\u00e9rcoles, viernes y <b>s\u00e1bados<\/b> (del 15\/09\/2025 al 31\/12\/2025).<\/li>\n<li><b>Monto del Reintegro:<\/b> <b>25%<\/b> sobre el total de la compra realizada en un solo pago.<\/li>\n<li><b>Tope Unificado:<\/b> El reintegro tiene un l\u00edmite unificado de <b>$25.000 por semana<\/b> (de lunes a domingo), por marca y por cuenta de tarjeta de cr\u00e9dito. Esto significa que el tope aplica a la suma de todas las compras realizadas en los comercios adheridos durante la semana.<\/li>\n<li><b>Medios de Pago:<\/b> Aplica para compras presenciales o a trav\u00e9s de <b>Link de Pago Fiserv y Bot\u00f3n de Pago Payway<\/b>.<\/li>\n<li><b>Exclusiones:<\/b> Quedan fuera de la promoci\u00f3n las Tarjetas Empresas, Prepagas o Agro, y los consumos realizados mediante plataformas de pago como <b>Mercado Pago o Todo Pago<\/b>.<\/li>\n<\/ul>\n<p>El reintegro se aplicar\u00e1 directamente en el resumen de cuenta del mes en que se efectu\u00f3 el consumo o en el siguiente.<\/p>\n<p>La entidad financiera recomienda a quienes a\u00fan no tengan su Paquete Pampa consultar condiciones y adherirse para acceder a este beneficio, que busca acompa\u00f1ar el bolsillo de los usuarios en una temporada de alto consumo en productos farmac\u00e9uticos.<\/p>\n<p data-start=\"1225\" data-end=\"1400\">Para conocer los comercios adheridos y m\u00e1s detalles de las promociones, se puede consultar el sitio web oficial:\u00a0<a class=\"\" href=\"http:\/\/www.bancodelapampa.com.ar\/\" target=\"_new\" rel=\"noopener\" data-start=\"1338\" data-end=\"1399\">www.bancodelapampa.com.ar<\/a>.<\/p>\n<p><strong>Beneficios de ser cliente<\/strong><br \/>\nLos clientes que poseen un Paquete Pampa disfrutan de un trato preferencial y servicios personalizados, consolidando al Banco de La Pampa como l\u00edder en sectores como comercio, agro e industria en las provincias de Buenos Aires y La Pampa.<\/p>\n<p>La sucursal de Mercedes, ubicada en calle 27 entre 24 y 22, destaca por ofrecer servicios de alta calidad a residentes locales y de localidades vecinas como San Andr\u00e9s de Giles, Navarro y San Antonio de Areco.<\/p>\n<p>&nbsp;<\/p>\n","protected":false},"excerpt":{"rendered":"<p>Una buena noticia para el bolsillo de los consumidores: las promociones bancarias para la compra de alimentos, ofrecidas por el Banco de La Pampa, han ampliado su cobertura horaria, incluyendo ahora los d\u00edas s\u00e1bado en su calendario semanal de descuentos. La promoci\u00f3n, v\u00e1lida hasta el 31 de diciembre de 2025, otorga un 25% de reintegro [&hellip;]<\/p>\n","protected":false},"author":16,"featured_media":170634,"comment_status":"closed","ping_status":"closed","sticky":false,"template":"","format":"standard","meta":{"footnotes":""},"categories":[74],"tags":[3213,5270,1377,2947],"class_list":["post-170630","post","type-post","status-publish","format-standard","has-post-thumbnail","hentry","category-emprendimientos","tag-alimentos","tag-banco-de-la-pampa","tag-promociones","tag-tarjetas"],"yoast_head":"<!-- This site is optimized with the Yoast SEO plugin v27.5 - https:\/\/yoast.com\/product\/yoast-seo-wordpress\/ -->\n<title>Promoci\u00f3n bancaria de alimentos suma los s\u00e1bados a sus d\u00edas de descuento<\/title>\n<meta name=\"robots\" content=\"index, follow, max-snippet:-1, max-image-preview:large, max-video-preview:-1\" \/>\n<link rel=\"canonical\" href=\"https:\/\/noticiasmercedinas.com\/site\/2025\/09\/29\/promocion-bancaria-de-alimentos-suma-los-sabados-a-sus-dias-de-descuento\/\" \/>\n<meta property=\"og:locale\" content=\"es_ES\" \/>\n<meta property=\"og:type\" content=\"article\" \/>\n<meta property=\"og:title\" content=\"Promoci\u00f3n bancaria de alimentos suma los s\u00e1bados a sus d\u00edas de descuento\" \/>\n<meta property=\"og:description\" content=\"Una buena noticia para el bolsillo de los consumidores: las promociones bancarias para la compra de alimentos, ofrecidas por el Banco de La Pampa, han ampliado su cobertura horaria, incluyendo ahora los d\u00edas s\u00e1bado en su calendario semanal de descuentos. La promoci\u00f3n, v\u00e1lida hasta el 31 de diciembre de 2025, otorga un 25% de reintegro [&hellip;]\" \/>\n<meta property=\"og:url\" content=\"https:\/\/noticiasmercedinas.com\/site\/2025\/09\/29\/promocion-bancaria-de-alimentos-suma-los-sabados-a-sus-dias-de-descuento\/\" \/>\n<meta property=\"og:site_name\" content=\"NOTICIASMERCEDINAS.COM\" \/>\n<meta property=\"article:publisher\" content=\"https:\/\/www.facebook.com\/noticiasmercedinas\/\" \/>\n<meta property=\"article:published_time\" content=\"2025-09-29T13:34:26+00:00\" \/>\n<meta property=\"og:image\" content=\"https:\/\/noticiasmercedinas.com\/site\/wp-content\/uploads\/2025\/09\/PAMPA1.jpg\" \/>\n\t<meta property=\"og:image:width\" content=\"726\" \/>\n\t<meta property=\"og:image:height\" content=\"585\" \/>\n\t<meta property=\"og:image:type\" content=\"image\/jpeg\" \/>\n<meta name=\"author\" content=\"NOTICIASMERCEDINAS.COM\" \/>\n<meta name=\"twitter:card\" content=\"summary_large_image\" \/>\n<meta name=\"twitter:creator\" content=\"@notmercedinas\" \/>\n<meta name=\"twitter:site\" content=\"@notmercedinas\" \/>\n<meta name=\"twitter:label1\" content=\"Escrito por\" \/>\n\t<meta name=\"twitter:data1\" content=\"NOTICIASMERCEDINAS.COM\" \/>\n\t<meta name=\"twitter:label2\" content=\"Tiempo de lectura\" \/>\n\t<meta name=\"twitter:data2\" content=\"3 minutos\" \/>\n<script type=\"application\/ld+json\" class=\"yoast-schema-graph\">{\"@context\":\"https:\\\/\\\/schema.org\",\"@graph\":[{\"@type\":\"Article\",\"@id\":\"https:\\\/\\\/noticiasmercedinas.com\\\/site\\\/2025\\\/09\\\/29\\\/promocion-bancaria-de-alimentos-suma-los-sabados-a-sus-dias-de-descuento\\\/#article\",\"isPartOf\":{\"@id\":\"https:\\\/\\\/noticiasmercedinas.com\\\/site\\\/2025\\\/09\\\/29\\\/promocion-bancaria-de-alimentos-suma-los-sabados-a-sus-dias-de-descuento\\\/\"},\"author\":{\"name\":\"NOTICIASMERCEDINAS.COM\",\"@id\":\"https:\\\/\\\/noticiasmercedinas.com\\\/site\\\/#\\\/schema\\\/person\\\/84b59c099c28ff2e8b77d4ceec5d8063\"},\"headline\":\"Promoci\u00f3n bancaria de alimentos suma los s\u00e1bados a sus d\u00edas de descuento\",\"datePublished\":\"2025-09-29T13:34:26+00:00\",\"mainEntityOfPage\":{\"@id\":\"https:\\\/\\\/noticiasmercedinas.com\\\/site\\\/2025\\\/09\\\/29\\\/promocion-bancaria-de-alimentos-suma-los-sabados-a-sus-dias-de-descuento\\\/\"},\"wordCount\":490,\"publisher\":{\"@id\":\"https:\\\/\\\/noticiasmercedinas.com\\\/site\\\/#organization\"},\"image\":{\"@id\":\"https:\\\/\\\/noticiasmercedinas.com\\\/site\\\/2025\\\/09\\\/29\\\/promocion-bancaria-de-alimentos-suma-los-sabados-a-sus-dias-de-descuento\\\/#primaryimage\"},\"thumbnailUrl\":\"https:\\\/\\\/noticiasmercedinas.com\\\/site\\\/wp-content\\\/uploads\\\/2025\\\/09\\\/PAMPA1.jpg\",\"keywords\":[\"alimentos\",\"banco de la pampa\",\"promociones\",\"tarjetas\"],\"articleSection\":[\"Emprendimientos\"],\"inLanguage\":\"es\"},{\"@type\":\"WebPage\",\"@id\":\"https:\\\/\\\/noticiasmercedinas.com\\\/site\\\/2025\\\/09\\\/29\\\/promocion-bancaria-de-alimentos-suma-los-sabados-a-sus-dias-de-descuento\\\/\",\"url\":\"https:\\\/\\\/noticiasmercedinas.com\\\/site\\\/2025\\\/09\\\/29\\\/promocion-bancaria-de-alimentos-suma-los-sabados-a-sus-dias-de-descuento\\\/\",\"name\":\"Promoci\u00f3n bancaria de alimentos suma los s\u00e1bados a sus d\u00edas de descuento\",\"isPartOf\":{\"@id\":\"https:\\\/\\\/noticiasmercedinas.com\\\/site\\\/#website\"},\"primaryImageOfPage\":{\"@id\":\"https:\\\/\\\/noticiasmercedinas.com\\\/site\\\/2025\\\/09\\\/29\\\/promocion-bancaria-de-alimentos-suma-los-sabados-a-sus-dias-de-descuento\\\/#primaryimage\"},\"image\":{\"@id\":\"https:\\\/\\\/noticiasmercedinas.com\\\/site\\\/2025\\\/09\\\/29\\\/promocion-bancaria-de-alimentos-suma-los-sabados-a-sus-dias-de-descuento\\\/#primaryimage\"},\"thumbnailUrl\":\"https:\\\/\\\/noticiasmercedinas.com\\\/site\\\/wp-content\\\/uploads\\\/2025\\\/09\\\/PAMPA1.jpg\",\"datePublished\":\"2025-09-29T13:34:26+00:00\",\"breadcrumb\":{\"@id\":\"https:\\\/\\\/noticiasmercedinas.com\\\/site\\\/2025\\\/09\\\/29\\\/promocion-bancaria-de-alimentos-suma-los-sabados-a-sus-dias-de-descuento\\\/#breadcrumb\"},\"inLanguage\":\"es\",\"potentialAction\":[{\"@type\":\"ReadAction\",\"target\":[\"https:\\\/\\\/noticiasmercedinas.com\\\/site\\\/2025\\\/09\\\/29\\\/promocion-bancaria-de-alimentos-suma-los-sabados-a-sus-dias-de-descuento\\\/\"]}]},{\"@type\":\"ImageObject\",\"inLanguage\":\"es\",\"@id\":\"https:\\\/\\\/noticiasmercedinas.com\\\/site\\\/2025\\\/09\\\/29\\\/promocion-bancaria-de-alimentos-suma-los-sabados-a-sus-dias-de-descuento\\\/#primaryimage\",\"url\":\"https:\\\/\\\/noticiasmercedinas.com\\\/site\\\/wp-content\\\/uploads\\\/2025\\\/09\\\/PAMPA1.jpg\",\"contentUrl\":\"https:\\\/\\\/noticiasmercedinas.com\\\/site\\\/wp-content\\\/uploads\\\/2025\\\/09\\\/PAMPA1.jpg\",\"width\":726,\"height\":585},{\"@type\":\"BreadcrumbList\",\"@id\":\"https:\\\/\\\/noticiasmercedinas.com\\\/site\\\/2025\\\/09\\\/29\\\/promocion-bancaria-de-alimentos-suma-los-sabados-a-sus-dias-de-descuento\\\/#breadcrumb\",\"itemListElement\":[{\"@type\":\"ListItem\",\"position\":1,\"name\":\"Portada\",\"item\":\"https:\\\/\\\/noticiasmercedinas.com\\\/site\\\/\"},{\"@type\":\"ListItem\",\"position\":2,\"name\":\"Promoci\u00f3n bancaria de alimentos suma los s\u00e1bados a sus d\u00edas de descuento\"}]},{\"@type\":\"WebSite\",\"@id\":\"https:\\\/\\\/noticiasmercedinas.com\\\/site\\\/#website\",\"url\":\"https:\\\/\\\/noticiasmercedinas.com\\\/site\\\/\",\"name\":\"NOTICIASMERCEDINAS.COM\",\"description\":\"Mercedes, Buenos Aires, Argentina\",\"publisher\":{\"@id\":\"https:\\\/\\\/noticiasmercedinas.com\\\/site\\\/#organization\"},\"potentialAction\":[{\"@type\":\"SearchAction\",\"target\":{\"@type\":\"EntryPoint\",\"urlTemplate\":\"https:\\\/\\\/noticiasmercedinas.com\\\/site\\\/?s={search_term_string}\"},\"query-input\":{\"@type\":\"PropertyValueSpecification\",\"valueRequired\":true,\"valueName\":\"search_term_string\"}}],\"inLanguage\":\"es\"},{\"@type\":\"Organization\",\"@id\":\"https:\\\/\\\/noticiasmercedinas.com\\\/site\\\/#organization\",\"name\":\"NOTICIASMERCEDINAS.COM\",\"url\":\"https:\\\/\\\/noticiasmercedinas.com\\\/site\\\/\",\"logo\":{\"@type\":\"ImageObject\",\"inLanguage\":\"es\",\"@id\":\"https:\\\/\\\/noticiasmercedinas.com\\\/site\\\/#\\\/schema\\\/logo\\\/image\\\/\",\"url\":\"https:\\\/\\\/noticiasmercedinas.com\\\/site\\\/wp-content\\\/uploads\\\/2020\\\/06\\\/LOGO-512.jpg\",\"contentUrl\":\"https:\\\/\\\/noticiasmercedinas.com\\\/site\\\/wp-content\\\/uploads\\\/2020\\\/06\\\/LOGO-512.jpg\",\"width\":512,\"height\":512,\"caption\":\"NOTICIASMERCEDINAS.COM\"},\"image\":{\"@id\":\"https:\\\/\\\/noticiasmercedinas.com\\\/site\\\/#\\\/schema\\\/logo\\\/image\\\/\"},\"sameAs\":[\"https:\\\/\\\/www.facebook.com\\\/noticiasmercedinas\\\/\",\"https:\\\/\\\/x.com\\\/notmercedinas\",\"https:\\\/\\\/www.instagram.com\\\/noticiasmercedinas\\\/\"]},{\"@type\":\"Person\",\"@id\":\"https:\\\/\\\/noticiasmercedinas.com\\\/site\\\/#\\\/schema\\\/person\\\/84b59c099c28ff2e8b77d4ceec5d8063\",\"name\":\"NOTICIASMERCEDINAS.COM\",\"image\":{\"@type\":\"ImageObject\",\"inLanguage\":\"es\",\"@id\":\"https:\\\/\\\/secure.gravatar.com\\\/avatar\\\/4dfbf16b4d17945bfb6341b2d19043457132fcf478a5ee04f42e959fd8f5df0a?s=96&d=mm&r=g\",\"url\":\"https:\\\/\\\/secure.gravatar.com\\\/avatar\\\/4dfbf16b4d17945bfb6341b2d19043457132fcf478a5ee04f42e959fd8f5df0a?s=96&d=mm&r=g\",\"contentUrl\":\"https:\\\/\\\/secure.gravatar.com\\\/avatar\\\/4dfbf16b4d17945bfb6341b2d19043457132fcf478a5ee04f42e959fd8f5df0a?s=96&d=mm&r=g\",\"caption\":\"NOTICIASMERCEDINAS.COM\"},\"url\":\"https:\\\/\\\/noticiasmercedinas.com\\\/site\\\/author\\\/anonimo\\\/\"}]}<\/script>\n<!-- \/ Yoast SEO plugin. -->","yoast_head_json":{"title":"Promoci\u00f3n bancaria de alimentos suma los s\u00e1bados a sus d\u00edas de descuento","robots":{"index":"index","follow":"follow","max-snippet":"max-snippet:-1","max-image-preview":"max-image-preview:large","max-video-preview":"max-video-preview:-1"},"canonical":"https:\/\/noticiasmercedinas.com\/site\/2025\/09\/29\/promocion-bancaria-de-alimentos-suma-los-sabados-a-sus-dias-de-descuento\/","og_locale":"es_ES","og_type":"article","og_title":"Promoci\u00f3n bancaria de alimentos suma los s\u00e1bados a sus d\u00edas de descuento","og_description":"Una buena noticia para el bolsillo de los consumidores: las promociones bancarias para la compra de alimentos, ofrecidas por el Banco de La Pampa, han ampliado su cobertura horaria, incluyendo ahora los d\u00edas s\u00e1bado en su calendario semanal de descuentos. La promoci\u00f3n, v\u00e1lida hasta el 31 de diciembre de 2025, otorga un 25% de reintegro [&hellip;]","og_url":"https:\/\/noticiasmercedinas.com\/site\/2025\/09\/29\/promocion-bancaria-de-alimentos-suma-los-sabados-a-sus-dias-de-descuento\/","og_site_name":"NOTICIASMERCEDINAS.COM","article_publisher":"https:\/\/www.facebook.com\/noticiasmercedinas\/","article_published_time":"2025-09-29T13:34:26+00:00","og_image":[{"width":726,"height":585,"url":"https:\/\/noticiasmercedinas.com\/site\/wp-content\/uploads\/2025\/09\/PAMPA1.jpg","type":"image\/jpeg"}],"author":"NOTICIASMERCEDINAS.COM","twitter_card":"summary_large_image","twitter_creator":"@notmercedinas","twitter_site":"@notmercedinas","twitter_misc":{"Escrito por":"NOTICIASMERCEDINAS.COM","Tiempo de lectura":"3 minutos"},"schema":{"@context":"https:\/\/schema.org","@graph":[{"@type":"Article","@id":"https:\/\/noticiasmercedinas.com\/site\/2025\/09\/29\/promocion-bancaria-de-alimentos-suma-los-sabados-a-sus-dias-de-descuento\/#article","isPartOf":{"@id":"https:\/\/noticiasmercedinas.com\/site\/2025\/09\/29\/promocion-bancaria-de-alimentos-suma-los-sabados-a-sus-dias-de-descuento\/"},"author":{"name":"NOTICIASMERCEDINAS.COM","@id":"https:\/\/noticiasmercedinas.com\/site\/#\/schema\/person\/84b59c099c28ff2e8b77d4ceec5d8063"},"headline":"Promoci\u00f3n bancaria de alimentos suma los s\u00e1bados a sus d\u00edas de descuento","datePublished":"2025-09-29T13:34:26+00:00","mainEntityOfPage":{"@id":"https:\/\/noticiasmercedinas.com\/site\/2025\/09\/29\/promocion-bancaria-de-alimentos-suma-los-sabados-a-sus-dias-de-descuento\/"},"wordCount":490,"publisher":{"@id":"https:\/\/noticiasmercedinas.com\/site\/#organization"},"image":{"@id":"https:\/\/noticiasmercedinas.com\/site\/2025\/09\/29\/promocion-bancaria-de-alimentos-suma-los-sabados-a-sus-dias-de-descuento\/#primaryimage"},"thumbnailUrl":"https:\/\/noticiasmercedinas.com\/site\/wp-content\/uploads\/2025\/09\/PAMPA1.jpg","keywords":["alimentos","banco de la pampa","promociones","tarjetas"],"articleSection":["Emprendimientos"],"inLanguage":"es"},{"@type":"WebPage","@id":"https:\/\/noticiasmercedinas.com\/site\/2025\/09\/29\/promocion-bancaria-de-alimentos-suma-los-sabados-a-sus-dias-de-descuento\/","url":"https:\/\/noticiasmercedinas.com\/site\/2025\/09\/29\/promocion-bancaria-de-alimentos-suma-los-sabados-a-sus-dias-de-descuento\/","name":"Promoci\u00f3n bancaria de alimentos suma los s\u00e1bados a sus d\u00edas de descuento","isPartOf":{"@id":"https:\/\/noticiasmercedinas.com\/site\/#website"},"primaryImageOfPage":{"@id":"https:\/\/noticiasmercedinas.com\/site\/2025\/09\/29\/promocion-bancaria-de-alimentos-suma-los-sabados-a-sus-dias-de-descuento\/#primaryimage"},"image":{"@id":"https:\/\/noticiasmercedinas.com\/site\/2025\/09\/29\/promocion-bancaria-de-alimentos-suma-los-sabados-a-sus-dias-de-descuento\/#primaryimage"},"thumbnailUrl":"https:\/\/noticiasmercedinas.com\/site\/wp-content\/uploads\/2025\/09\/PAMPA1.jpg","datePublished":"2025-09-29T13:34:26+00:00","breadcrumb":{"@id":"https:\/\/noticiasmercedinas.com\/site\/2025\/09\/29\/promocion-bancaria-de-alimentos-suma-los-sabados-a-sus-dias-de-descuento\/#breadcrumb"},"inLanguage":"es","potentialAction":[{"@type":"ReadAction","target":["https:\/\/noticiasmercedinas.com\/site\/2025\/09\/29\/promocion-bancaria-de-alimentos-suma-los-sabados-a-sus-dias-de-descuento\/"]}]},{"@type":"ImageObject","inLanguage":"es","@id":"https:\/\/noticiasmercedinas.com\/site\/2025\/09\/29\/promocion-bancaria-de-alimentos-suma-los-sabados-a-sus-dias-de-descuento\/#primaryimage","url":"https:\/\/noticiasmercedinas.com\/site\/wp-content\/uploads\/2025\/09\/PAMPA1.jpg","contentUrl":"https:\/\/noticiasmercedinas.com\/site\/wp-content\/uploads\/2025\/09\/PAMPA1.jpg","width":726,"height":585},{"@type":"BreadcrumbList","@id":"https:\/\/noticiasmercedinas.com\/site\/2025\/09\/29\/promocion-bancaria-de-alimentos-suma-los-sabados-a-sus-dias-de-descuento\/#breadcrumb","itemListElement":[{"@type":"ListItem","position":1,"name":"Portada","item":"https:\/\/noticiasmercedinas.com\/site\/"},{"@type":"ListItem","position":2,"name":"Promoci\u00f3n bancaria de alimentos suma los s\u00e1bados a sus d\u00edas de descuento"}]},{"@type":"WebSite","@id":"https:\/\/noticiasmercedinas.com\/site\/#website","url":"https:\/\/noticiasmercedinas.com\/site\/","name":"NOTICIASMERCEDINAS.COM","description":"Mercedes, Buenos Aires, Argentina","publisher":{"@id":"https:\/\/noticiasmercedinas.com\/site\/#organization"},"potentialAction":[{"@type":"SearchAction","target":{"@type":"EntryPoint","urlTemplate":"https:\/\/noticiasmercedinas.com\/site\/?s={search_term_string}"},"query-input":{"@type":"PropertyValueSpecification","valueRequired":true,"valueName":"search_term_string"}}],"inLanguage":"es"},{"@type":"Organization","@id":"https:\/\/noticiasmercedinas.com\/site\/#organization","name":"NOTICIASMERCEDINAS.COM","url":"https:\/\/noticiasmercedinas.com\/site\/","logo":{"@type":"ImageObject","inLanguage":"es","@id":"https:\/\/noticiasmercedinas.com\/site\/#\/schema\/logo\/image\/","url":"https:\/\/noticiasmercedinas.com\/site\/wp-content\/uploads\/2020\/06\/LOGO-512.jpg","contentUrl":"https:\/\/noticiasmercedinas.com\/site\/wp-content\/uploads\/2020\/06\/LOGO-512.jpg","width":512,"height":512,"caption":"NOTICIASMERCEDINAS.COM"},"image":{"@id":"https:\/\/noticiasmercedinas.com\/site\/#\/schema\/logo\/image\/"},"sameAs":["https:\/\/www.facebook.com\/noticiasmercedinas\/","https:\/\/x.com\/notmercedinas","https:\/\/www.instagram.com\/noticiasmercedinas\/"]},{"@type":"Person","@id":"https:\/\/noticiasmercedinas.com\/site\/#\/schema\/person\/84b59c099c28ff2e8b77d4ceec5d8063","name":"NOTICIASMERCEDINAS.COM","image":{"@type":"ImageObject","inLanguage":"es","@id":"https:\/\/secure.gravatar.com\/avatar\/4dfbf16b4d17945bfb6341b2d19043457132fcf478a5ee04f42e959fd8f5df0a?s=96&d=mm&r=g","url":"https:\/\/secure.gravatar.com\/avatar\/4dfbf16b4d17945bfb6341b2d19043457132fcf478a5ee04f42e959fd8f5df0a?s=96&d=mm&r=g","contentUrl":"https:\/\/secure.gravatar.com\/avatar\/4dfbf16b4d17945bfb6341b2d19043457132fcf478a5ee04f42e959fd8f5df0a?s=96&d=mm&r=g","caption":"NOTICIASMERCEDINAS.COM"},"url":"https:\/\/noticiasmercedinas.com\/site\/author\/anonimo\/"}]}},"amp_enabled":true,"_links":{"self":[{"href":"https:\/\/noticiasmercedinas.com\/site\/wp-json\/wp\/v2\/posts\/170630","targetHints":{"allow":["GET"]}}],"collection":[{"href":"https:\/\/noticiasmercedinas.com\/site\/wp-json\/wp\/v2\/posts"}],"about":[{"href":"https:\/\/noticiasmercedinas.com\/site\/wp-json\/wp\/v2\/types\/post"}],"author":[{"embeddable":true,"href":"https:\/\/noticiasmercedinas.com\/site\/wp-json\/wp\/v2\/users\/16"}],"replies":[{"embeddable":true,"href":"https:\/\/noticiasmercedinas.com\/site\/wp-json\/wp\/v2\/comments?post=170630"}],"version-history":[{"count":1,"href":"https:\/\/noticiasmercedinas.com\/site\/wp-json\/wp\/v2\/posts\/170630\/revisions"}],"predecessor-version":[{"id":170635,"href":"https:\/\/noticiasmercedinas.com\/site\/wp-json\/wp\/v2\/posts\/170630\/revisions\/170635"}],"wp:featuredmedia":[{"embeddable":true,"href":"https:\/\/noticiasmercedinas.com\/site\/wp-json\/wp\/v2\/media\/170634"}],"wp:attachment":[{"href":"https:\/\/noticiasmercedinas.com\/site\/wp-json\/wp\/v2\/media?parent=170630"}],"wp:term":[{"taxonomy":"category","embeddable":true,"href":"https:\/\/noticiasmercedinas.com\/site\/wp-json\/wp\/v2\/categories?post=170630"},{"taxonomy":"post_tag","embeddable":true,"href":"https:\/\/noticiasmercedinas.com\/site\/wp-json\/wp\/v2\/tags?post=170630"}],"curies":[{"name":"wp","href":"https:\/\/api.w.org\/{rel}","templated":true}]}}