{"id":170641,"date":"2025-09-29T11:26:04","date_gmt":"2025-09-29T14:26:04","guid":{"rendered":"https:\/\/noticiasmercedinas.com\/site\/?p=170641"},"modified":"2025-09-29T11:33:56","modified_gmt":"2025-09-29T14:33:56","slug":"begonia-el-sabor-femenino-de-tomas-jofre-ofrece-cafeteria-restaurant-espacio-para-eventos-y-catas","status":"publish","type":"post","link":"https:\/\/noticiasmercedinas.com\/site\/2025\/09\/29\/begonia-el-sabor-femenino-de-tomas-jofre-ofrece-cafeteria-restaurant-espacio-para-eventos-y-catas\/","title":{"rendered":"Bego\u00f1a, el sabor femenino de Tom\u00e1s Jofr\u00e9, ofrece cafeter\u00eda, restaurant, espacio para eventos y catas"},"content":{"rendered":"<div>\n<p><img loading=\"lazy\" decoding=\"async\" class=\"alignnone size-full wp-image-170643\" src=\"https:\/\/noticiasmercedinas.com\/site\/wp-content\/uploads\/2025\/09\/BEGONIA00-scaled.jpg\" alt=\"\" width=\"2560\" height=\"1920\" srcset=\"https:\/\/noticiasmercedinas.com\/site\/wp-content\/uploads\/2025\/09\/BEGONIA00-scaled.jpg 2560w, https:\/\/noticiasmercedinas.com\/site\/wp-content\/uploads\/2025\/09\/BEGONIA00-300x225.jpg 300w, https:\/\/noticiasmercedinas.com\/site\/wp-content\/uploads\/2025\/09\/BEGONIA00-1024x768.jpg 1024w, https:\/\/noticiasmercedinas.com\/site\/wp-content\/uploads\/2025\/09\/BEGONIA00-768x576.jpg 768w, https:\/\/noticiasmercedinas.com\/site\/wp-content\/uploads\/2025\/09\/BEGONIA00-1536x1152.jpg 1536w, https:\/\/noticiasmercedinas.com\/site\/wp-content\/uploads\/2025\/09\/BEGONIA00-2048x1536.jpg 2048w, https:\/\/noticiasmercedinas.com\/site\/wp-content\/uploads\/2025\/09\/BEGONIA00-80x60.jpg 80w, https:\/\/noticiasmercedinas.com\/site\/wp-content\/uploads\/2025\/09\/BEGONIA00-160x120.jpg 160w, https:\/\/noticiasmercedinas.com\/site\/wp-content\/uploads\/2025\/09\/BEGONIA00-100x75.jpg 100w, https:\/\/noticiasmercedinas.com\/site\/wp-content\/uploads\/2025\/09\/BEGONIA00-200x150.jpg 200w, https:\/\/noticiasmercedinas.com\/site\/wp-content\/uploads\/2025\/09\/BEGONIA00-180x135.jpg 180w, https:\/\/noticiasmercedinas.com\/site\/wp-content\/uploads\/2025\/09\/BEGONIA00-360x270.jpg 360w, https:\/\/noticiasmercedinas.com\/site\/wp-content\/uploads\/2025\/09\/BEGONIA00-238x178.jpg 238w, https:\/\/noticiasmercedinas.com\/site\/wp-content\/uploads\/2025\/09\/BEGONIA00-476x356.jpg 476w, https:\/\/noticiasmercedinas.com\/site\/wp-content\/uploads\/2025\/09\/BEGONIA00-640x480.jpg 640w, https:\/\/noticiasmercedinas.com\/site\/wp-content\/uploads\/2025\/09\/BEGONIA00-1280x960.jpg 1280w, https:\/\/noticiasmercedinas.com\/site\/wp-content\/uploads\/2025\/09\/BEGONIA00-681x511.jpg 681w, https:\/\/noticiasmercedinas.com\/site\/wp-content\/uploads\/2025\/09\/BEGONIA00-1362x1022.jpg 1362w\" sizes=\"auto, (max-width: 2560px) 100vw, 2560px\" \/><\/p>\n<p>Todo est\u00e1 en su lugar, en orden y armon\u00eda, y el toque femenino se nota en cada detalle, desde la decoraci\u00f3n, ambientaci\u00f3n hasta el men\u00fa lo tienen y distingue al emprendimiento que se hizo espacio con mucha personalidad entre las propuestas del polo gastron\u00f3mico de Tom\u00e1s Jofr\u00e9.<\/p>\n<p><b>Bego\u00f1a <\/b>es una destacada cafeter\u00eda y emprendimiento gastron\u00f3mico ubicado frente a la plaza, y se consolida en esta primavera de 2025, en su tercera temporada, transformando la oferta culinaria del popular polo tur\u00edstico.<\/p>\n<p>El proyecto, que inici\u00f3 con la remodelaci\u00f3n completa de una antigua casa en julio de 2020 y abri\u00f3 sus puertas de la mano de dos socias emprendedoras en el mes de abril de 2023, y ha evolucionado de ser una coqueta cafeter\u00eda a incluir un servicio integral de restaurant y centro de eventos.<\/p>\n<p><img loading=\"lazy\" decoding=\"async\" class=\"alignnone size-full wp-image-170642\" src=\"https:\/\/noticiasmercedinas.com\/site\/wp-content\/uploads\/2025\/09\/BEGO8.jpg\" alt=\"\" width=\"625\" height=\"400\" srcset=\"https:\/\/noticiasmercedinas.com\/site\/wp-content\/uploads\/2025\/09\/BEGO8.jpg 625w, https:\/\/noticiasmercedinas.com\/site\/wp-content\/uploads\/2025\/09\/BEGO8-300x192.jpg 300w\" sizes=\"auto, (max-width: 625px) 100vw, 625px\" \/><\/p>\n<p>La identidad de <b>Bego\u00f1a<\/b> se distingue por un \u00abtoque femenino\u00bb y una propuesta vers\u00e1til que incluye <b>cafeter\u00eda, picadas, pastas<\/b> y, como novedad de esta temporada, la incorporaci\u00f3n de <b>platos de carne<\/b> a su men\u00fa. Este desarrollo busca satisfacer la creciente demanda de los visitantes que llegan a Tom\u00e1s Jofr\u00e9 los fines de semana.<\/p>\n<blockquote><p>El espacio gastron\u00f3mico que abri\u00f3 en 2023 se consolida en su tercera temporada como una parada obligada en el pueblo rural, ofreciendo una carta ampliada con carnes y un servicio integral para eventos, con la mira puesta en un evento internacional de mujeres.<\/p><\/blockquote>\n<p>Adem\u00e1s de su servicio de cafeter\u00eda y restaurant, que opera los <b>s\u00e1bados y domingos<\/b>, Begonia se ha posicionado como un lugar ideal para la realizaci\u00f3n de <b>eventos privados<\/b>, ofreciendo su espacio para <b>casamientos, cumplea\u00f1os, brindis de fin de a\u00f1o y d\u00edas de campo para empresas<\/b>.<\/p>\n<p>La relevancia del espacio quedar\u00e1 de manifiesto el pr\u00f3ximo <b>18 de octubre<\/b>, cuando Bego\u00f1a sea sede de un evento de alcance global. El lugar acoger\u00e1 una <b>cata de vinos en colaboraci\u00f3n con la Bodega Roca<\/b>, en el marco del <b>WEF 2025 (Foro Econ\u00f3mico de Mujeres)<\/b>. Este foro internacional, que re\u00fane a mujeres de todo el mundo, tendr\u00e1 una extensi\u00f3n abierta al p\u00fablico en Tom\u00e1s Jofr\u00e9, destacando a Begonia como un punto de encuentro y promoci\u00f3n para el emprendimiento femenino.<\/p>\n<p>Bego\u00f1a se afianza as\u00ed no solo como un \u00abstop\u00bb de disfrute gastron\u00f3mico, sino como un motor de desarrollo cultural y de eventos de alta relevancia en el circuito rural.<\/p>\n<\/div>\n<p><strong>Begon\u0303a \u2013 Tom\u00e1s Jofr\u00e9<\/strong><br \/>\nCafeter\u00eda de campo, restaurante, eventos, encuentros empresariales<br \/>\nUn stop en tu paseo por Tom\u00e1s Jofr\u00e9<br \/>\nCaf\u00e9, cositas dulces y encanto rural<br \/>\nFrente a la plaza<br \/>\nS\u00e1bados, domingos y feriados<br \/>\n<a href=\"https:\/\/www.instagram.com\/begona.tomasjofre\/\">https:\/\/www.instagram.com\/begona.tomasjofre\/<\/a><\/p>\n<p><img loading=\"lazy\" decoding=\"async\" class=\"alignnone size-full wp-image-170644\" src=\"https:\/\/noticiasmercedinas.com\/site\/wp-content\/uploads\/2025\/09\/BEGONIA01.jpg\" alt=\"\" width=\"640\" height=\"717\" srcset=\"https:\/\/noticiasmercedinas.com\/site\/wp-content\/uploads\/2025\/09\/BEGONIA01.jpg 640w, https:\/\/noticiasmercedinas.com\/site\/wp-content\/uploads\/2025\/09\/BEGONIA01-268x300.jpg 268w\" sizes=\"auto, (max-width: 640px) 100vw, 640px\" \/><\/p>\n","protected":false},"excerpt":{"rendered":"<p>Todo est\u00e1 en su lugar, en orden y armon\u00eda, y el toque femenino se nota en cada detalle, desde la decoraci\u00f3n, ambientaci\u00f3n hasta el men\u00fa lo tienen y distingue al emprendimiento que se hizo espacio con mucha personalidad entre las propuestas del polo gastron\u00f3mico de Tom\u00e1s Jofr\u00e9. Bego\u00f1a es una destacada cafeter\u00eda y emprendimiento gastron\u00f3mico [&hellip;]<\/p>\n","protected":false},"author":16,"featured_media":170643,"comment_status":"closed","ping_status":"closed","sticky":false,"template":"","format":"standard","meta":{"footnotes":""},"categories":[74],"tags":[15810,3220,5067,199],"class_list":["post-170641","post","type-post","status-publish","format-standard","has-post-thumbnail","hentry","category-emprendimientos","tag-begona","tag-cafeteria","tag-restaurante","tag-tomas-jofre"],"yoast_head":"<!-- This site is optimized with the Yoast SEO plugin v27.4 - https:\/\/yoast.com\/product\/yoast-seo-wordpress\/ -->\n<title>Bego\u00f1a, el sabor femenino de Tom\u00e1s Jofr\u00e9, ofrece cafeter\u00eda, restaurant, espacio para eventos y catas<\/title>\n<meta name=\"robots\" content=\"index, follow, max-snippet:-1, max-image-preview:large, max-video-preview:-1\" \/>\n<link rel=\"canonical\" href=\"https:\/\/noticiasmercedinas.com\/site\/2025\/09\/29\/begonia-el-sabor-femenino-de-tomas-jofre-ofrece-cafeteria-restaurant-espacio-para-eventos-y-catas\/\" \/>\n<meta property=\"og:locale\" content=\"es_ES\" \/>\n<meta property=\"og:type\" content=\"article\" \/>\n<meta property=\"og:title\" content=\"Bego\u00f1a, el sabor femenino de Tom\u00e1s Jofr\u00e9, ofrece cafeter\u00eda, restaurant, espacio para eventos y catas\" \/>\n<meta property=\"og:description\" content=\"Todo est\u00e1 en su lugar, en orden y armon\u00eda, y el toque femenino se nota en cada detalle, desde la decoraci\u00f3n, ambientaci\u00f3n hasta el men\u00fa lo tienen y distingue al emprendimiento que se hizo espacio con mucha personalidad entre las propuestas del polo gastron\u00f3mico de Tom\u00e1s Jofr\u00e9. Bego\u00f1a es una destacada cafeter\u00eda y emprendimiento gastron\u00f3mico [&hellip;]\" \/>\n<meta property=\"og:url\" content=\"https:\/\/noticiasmercedinas.com\/site\/2025\/09\/29\/begonia-el-sabor-femenino-de-tomas-jofre-ofrece-cafeteria-restaurant-espacio-para-eventos-y-catas\/\" \/>\n<meta property=\"og:site_name\" content=\"NOTICIASMERCEDINAS.COM\" \/>\n<meta property=\"article:publisher\" content=\"https:\/\/www.facebook.com\/noticiasmercedinas\/\" \/>\n<meta property=\"article:published_time\" content=\"2025-09-29T14:26:04+00:00\" \/>\n<meta property=\"article:modified_time\" content=\"2025-09-29T14:33:56+00:00\" \/>\n<meta property=\"og:image\" content=\"https:\/\/noticiasmercedinas.com\/site\/wp-content\/uploads\/2025\/09\/BEGONIA00-scaled.jpg\" \/>\n\t<meta property=\"og:image:width\" content=\"2560\" \/>\n\t<meta property=\"og:image:height\" content=\"1920\" \/>\n\t<meta property=\"og:image:type\" content=\"image\/jpeg\" \/>\n<meta name=\"author\" content=\"NOTICIASMERCEDINAS.COM\" \/>\n<meta name=\"twitter:card\" content=\"summary_large_image\" \/>\n<meta name=\"twitter:creator\" content=\"@notmercedinas\" \/>\n<meta name=\"twitter:site\" content=\"@notmercedinas\" \/>\n<meta name=\"twitter:label1\" content=\"Escrito por\" \/>\n\t<meta name=\"twitter:data1\" content=\"NOTICIASMERCEDINAS.COM\" \/>\n\t<meta name=\"twitter:label2\" content=\"Tiempo de lectura\" \/>\n\t<meta name=\"twitter:data2\" content=\"3 minutos\" \/>\n<script type=\"application\/ld+json\" class=\"yoast-schema-graph\">{\"@context\":\"https:\\\/\\\/schema.org\",\"@graph\":[{\"@type\":\"Article\",\"@id\":\"https:\\\/\\\/noticiasmercedinas.com\\\/site\\\/2025\\\/09\\\/29\\\/begonia-el-sabor-femenino-de-tomas-jofre-ofrece-cafeteria-restaurant-espacio-para-eventos-y-catas\\\/#article\",\"isPartOf\":{\"@id\":\"https:\\\/\\\/noticiasmercedinas.com\\\/site\\\/2025\\\/09\\\/29\\\/begonia-el-sabor-femenino-de-tomas-jofre-ofrece-cafeteria-restaurant-espacio-para-eventos-y-catas\\\/\"},\"author\":{\"name\":\"NOTICIASMERCEDINAS.COM\",\"@id\":\"https:\\\/\\\/noticiasmercedinas.com\\\/site\\\/#\\\/schema\\\/person\\\/84b59c099c28ff2e8b77d4ceec5d8063\"},\"headline\":\"Bego\u00f1a, el sabor femenino de Tom\u00e1s Jofr\u00e9, ofrece cafeter\u00eda, restaurant, espacio para eventos y catas\",\"datePublished\":\"2025-09-29T14:26:04+00:00\",\"dateModified\":\"2025-09-29T14:33:56+00:00\",\"mainEntityOfPage\":{\"@id\":\"https:\\\/\\\/noticiasmercedinas.com\\\/site\\\/2025\\\/09\\\/29\\\/begonia-el-sabor-femenino-de-tomas-jofre-ofrece-cafeteria-restaurant-espacio-para-eventos-y-catas\\\/\"},\"wordCount\":472,\"publisher\":{\"@id\":\"https:\\\/\\\/noticiasmercedinas.com\\\/site\\\/#organization\"},\"image\":{\"@id\":\"https:\\\/\\\/noticiasmercedinas.com\\\/site\\\/2025\\\/09\\\/29\\\/begonia-el-sabor-femenino-de-tomas-jofre-ofrece-cafeteria-restaurant-espacio-para-eventos-y-catas\\\/#primaryimage\"},\"thumbnailUrl\":\"https:\\\/\\\/noticiasmercedinas.com\\\/site\\\/wp-content\\\/uploads\\\/2025\\\/09\\\/BEGONIA00-scaled.jpg\",\"keywords\":[\"bego\u00f1a\",\"cafeteria\",\"restaurante\",\"tomas jofre\"],\"articleSection\":[\"Emprendimientos\"],\"inLanguage\":\"es\"},{\"@type\":\"WebPage\",\"@id\":\"https:\\\/\\\/noticiasmercedinas.com\\\/site\\\/2025\\\/09\\\/29\\\/begonia-el-sabor-femenino-de-tomas-jofre-ofrece-cafeteria-restaurant-espacio-para-eventos-y-catas\\\/\",\"url\":\"https:\\\/\\\/noticiasmercedinas.com\\\/site\\\/2025\\\/09\\\/29\\\/begonia-el-sabor-femenino-de-tomas-jofre-ofrece-cafeteria-restaurant-espacio-para-eventos-y-catas\\\/\",\"name\":\"Bego\u00f1a, el sabor femenino de Tom\u00e1s Jofr\u00e9, ofrece cafeter\u00eda, restaurant, espacio para eventos y catas\",\"isPartOf\":{\"@id\":\"https:\\\/\\\/noticiasmercedinas.com\\\/site\\\/#website\"},\"primaryImageOfPage\":{\"@id\":\"https:\\\/\\\/noticiasmercedinas.com\\\/site\\\/2025\\\/09\\\/29\\\/begonia-el-sabor-femenino-de-tomas-jofre-ofrece-cafeteria-restaurant-espacio-para-eventos-y-catas\\\/#primaryimage\"},\"image\":{\"@id\":\"https:\\\/\\\/noticiasmercedinas.com\\\/site\\\/2025\\\/09\\\/29\\\/begonia-el-sabor-femenino-de-tomas-jofre-ofrece-cafeteria-restaurant-espacio-para-eventos-y-catas\\\/#primaryimage\"},\"thumbnailUrl\":\"https:\\\/\\\/noticiasmercedinas.com\\\/site\\\/wp-content\\\/uploads\\\/2025\\\/09\\\/BEGONIA00-scaled.jpg\",\"datePublished\":\"2025-09-29T14:26:04+00:00\",\"dateModified\":\"2025-09-29T14:33:56+00:00\",\"breadcrumb\":{\"@id\":\"https:\\\/\\\/noticiasmercedinas.com\\\/site\\\/2025\\\/09\\\/29\\\/begonia-el-sabor-femenino-de-tomas-jofre-ofrece-cafeteria-restaurant-espacio-para-eventos-y-catas\\\/#breadcrumb\"},\"inLanguage\":\"es\",\"potentialAction\":[{\"@type\":\"ReadAction\",\"target\":[\"https:\\\/\\\/noticiasmercedinas.com\\\/site\\\/2025\\\/09\\\/29\\\/begonia-el-sabor-femenino-de-tomas-jofre-ofrece-cafeteria-restaurant-espacio-para-eventos-y-catas\\\/\"]}]},{\"@type\":\"ImageObject\",\"inLanguage\":\"es\",\"@id\":\"https:\\\/\\\/noticiasmercedinas.com\\\/site\\\/2025\\\/09\\\/29\\\/begonia-el-sabor-femenino-de-tomas-jofre-ofrece-cafeteria-restaurant-espacio-para-eventos-y-catas\\\/#primaryimage\",\"url\":\"https:\\\/\\\/noticiasmercedinas.com\\\/site\\\/wp-content\\\/uploads\\\/2025\\\/09\\\/BEGONIA00-scaled.jpg\",\"contentUrl\":\"https:\\\/\\\/noticiasmercedinas.com\\\/site\\\/wp-content\\\/uploads\\\/2025\\\/09\\\/BEGONIA00-scaled.jpg\",\"width\":2560,\"height\":1920},{\"@type\":\"BreadcrumbList\",\"@id\":\"https:\\\/\\\/noticiasmercedinas.com\\\/site\\\/2025\\\/09\\\/29\\\/begonia-el-sabor-femenino-de-tomas-jofre-ofrece-cafeteria-restaurant-espacio-para-eventos-y-catas\\\/#breadcrumb\",\"itemListElement\":[{\"@type\":\"ListItem\",\"position\":1,\"name\":\"Portada\",\"item\":\"https:\\\/\\\/noticiasmercedinas.com\\\/site\\\/\"},{\"@type\":\"ListItem\",\"position\":2,\"name\":\"Bego\u00f1a, el sabor femenino de Tom\u00e1s Jofr\u00e9, ofrece cafeter\u00eda, restaurant, espacio para eventos y catas\"}]},{\"@type\":\"WebSite\",\"@id\":\"https:\\\/\\\/noticiasmercedinas.com\\\/site\\\/#website\",\"url\":\"https:\\\/\\\/noticiasmercedinas.com\\\/site\\\/\",\"name\":\"NOTICIASMERCEDINAS.COM\",\"description\":\"Mercedes, Buenos Aires, Argentina\",\"publisher\":{\"@id\":\"https:\\\/\\\/noticiasmercedinas.com\\\/site\\\/#organization\"},\"potentialAction\":[{\"@type\":\"SearchAction\",\"target\":{\"@type\":\"EntryPoint\",\"urlTemplate\":\"https:\\\/\\\/noticiasmercedinas.com\\\/site\\\/?s={search_term_string}\"},\"query-input\":{\"@type\":\"PropertyValueSpecification\",\"valueRequired\":true,\"valueName\":\"search_term_string\"}}],\"inLanguage\":\"es\"},{\"@type\":\"Organization\",\"@id\":\"https:\\\/\\\/noticiasmercedinas.com\\\/site\\\/#organization\",\"name\":\"NOTICIASMERCEDINAS.COM\",\"url\":\"https:\\\/\\\/noticiasmercedinas.com\\\/site\\\/\",\"logo\":{\"@type\":\"ImageObject\",\"inLanguage\":\"es\",\"@id\":\"https:\\\/\\\/noticiasmercedinas.com\\\/site\\\/#\\\/schema\\\/logo\\\/image\\\/\",\"url\":\"https:\\\/\\\/noticiasmercedinas.com\\\/site\\\/wp-content\\\/uploads\\\/2020\\\/06\\\/LOGO-512.jpg\",\"contentUrl\":\"https:\\\/\\\/noticiasmercedinas.com\\\/site\\\/wp-content\\\/uploads\\\/2020\\\/06\\\/LOGO-512.jpg\",\"width\":512,\"height\":512,\"caption\":\"NOTICIASMERCEDINAS.COM\"},\"image\":{\"@id\":\"https:\\\/\\\/noticiasmercedinas.com\\\/site\\\/#\\\/schema\\\/logo\\\/image\\\/\"},\"sameAs\":[\"https:\\\/\\\/www.facebook.com\\\/noticiasmercedinas\\\/\",\"https:\\\/\\\/x.com\\\/notmercedinas\",\"https:\\\/\\\/www.instagram.com\\\/noticiasmercedinas\\\/\"]},{\"@type\":\"Person\",\"@id\":\"https:\\\/\\\/noticiasmercedinas.com\\\/site\\\/#\\\/schema\\\/person\\\/84b59c099c28ff2e8b77d4ceec5d8063\",\"name\":\"NOTICIASMERCEDINAS.COM\",\"image\":{\"@type\":\"ImageObject\",\"inLanguage\":\"es\",\"@id\":\"https:\\\/\\\/secure.gravatar.com\\\/avatar\\\/4dfbf16b4d17945bfb6341b2d19043457132fcf478a5ee04f42e959fd8f5df0a?s=96&d=mm&r=g\",\"url\":\"https:\\\/\\\/secure.gravatar.com\\\/avatar\\\/4dfbf16b4d17945bfb6341b2d19043457132fcf478a5ee04f42e959fd8f5df0a?s=96&d=mm&r=g\",\"contentUrl\":\"https:\\\/\\\/secure.gravatar.com\\\/avatar\\\/4dfbf16b4d17945bfb6341b2d19043457132fcf478a5ee04f42e959fd8f5df0a?s=96&d=mm&r=g\",\"caption\":\"NOTICIASMERCEDINAS.COM\"},\"url\":\"https:\\\/\\\/noticiasmercedinas.com\\\/site\\\/author\\\/anonimo\\\/\"}]}<\/script>\n<!-- \/ Yoast SEO plugin. -->","yoast_head_json":{"title":"Bego\u00f1a, el sabor femenino de Tom\u00e1s Jofr\u00e9, ofrece cafeter\u00eda, restaurant, espacio para eventos y catas","robots":{"index":"index","follow":"follow","max-snippet":"max-snippet:-1","max-image-preview":"max-image-preview:large","max-video-preview":"max-video-preview:-1"},"canonical":"https:\/\/noticiasmercedinas.com\/site\/2025\/09\/29\/begonia-el-sabor-femenino-de-tomas-jofre-ofrece-cafeteria-restaurant-espacio-para-eventos-y-catas\/","og_locale":"es_ES","og_type":"article","og_title":"Bego\u00f1a, el sabor femenino de Tom\u00e1s Jofr\u00e9, ofrece cafeter\u00eda, restaurant, espacio para eventos y catas","og_description":"Todo est\u00e1 en su lugar, en orden y armon\u00eda, y el toque femenino se nota en cada detalle, desde la decoraci\u00f3n, ambientaci\u00f3n hasta el men\u00fa lo tienen y distingue al emprendimiento que se hizo espacio con mucha personalidad entre las propuestas del polo gastron\u00f3mico de Tom\u00e1s Jofr\u00e9. Bego\u00f1a es una destacada cafeter\u00eda y emprendimiento gastron\u00f3mico [&hellip;]","og_url":"https:\/\/noticiasmercedinas.com\/site\/2025\/09\/29\/begonia-el-sabor-femenino-de-tomas-jofre-ofrece-cafeteria-restaurant-espacio-para-eventos-y-catas\/","og_site_name":"NOTICIASMERCEDINAS.COM","article_publisher":"https:\/\/www.facebook.com\/noticiasmercedinas\/","article_published_time":"2025-09-29T14:26:04+00:00","article_modified_time":"2025-09-29T14:33:56+00:00","og_image":[{"width":2560,"height":1920,"url":"https:\/\/noticiasmercedinas.com\/site\/wp-content\/uploads\/2025\/09\/BEGONIA00-scaled.jpg","type":"image\/jpeg"}],"author":"NOTICIASMERCEDINAS.COM","twitter_card":"summary_large_image","twitter_creator":"@notmercedinas","twitter_site":"@notmercedinas","twitter_misc":{"Escrito por":"NOTICIASMERCEDINAS.COM","Tiempo de lectura":"3 minutos"},"schema":{"@context":"https:\/\/schema.org","@graph":[{"@type":"Article","@id":"https:\/\/noticiasmercedinas.com\/site\/2025\/09\/29\/begonia-el-sabor-femenino-de-tomas-jofre-ofrece-cafeteria-restaurant-espacio-para-eventos-y-catas\/#article","isPartOf":{"@id":"https:\/\/noticiasmercedinas.com\/site\/2025\/09\/29\/begonia-el-sabor-femenino-de-tomas-jofre-ofrece-cafeteria-restaurant-espacio-para-eventos-y-catas\/"},"author":{"name":"NOTICIASMERCEDINAS.COM","@id":"https:\/\/noticiasmercedinas.com\/site\/#\/schema\/person\/84b59c099c28ff2e8b77d4ceec5d8063"},"headline":"Bego\u00f1a, el sabor femenino de Tom\u00e1s Jofr\u00e9, ofrece cafeter\u00eda, restaurant, espacio para eventos y catas","datePublished":"2025-09-29T14:26:04+00:00","dateModified":"2025-09-29T14:33:56+00:00","mainEntityOfPage":{"@id":"https:\/\/noticiasmercedinas.com\/site\/2025\/09\/29\/begonia-el-sabor-femenino-de-tomas-jofre-ofrece-cafeteria-restaurant-espacio-para-eventos-y-catas\/"},"wordCount":472,"publisher":{"@id":"https:\/\/noticiasmercedinas.com\/site\/#organization"},"image":{"@id":"https:\/\/noticiasmercedinas.com\/site\/2025\/09\/29\/begonia-el-sabor-femenino-de-tomas-jofre-ofrece-cafeteria-restaurant-espacio-para-eventos-y-catas\/#primaryimage"},"thumbnailUrl":"https:\/\/noticiasmercedinas.com\/site\/wp-content\/uploads\/2025\/09\/BEGONIA00-scaled.jpg","keywords":["bego\u00f1a","cafeteria","restaurante","tomas jofre"],"articleSection":["Emprendimientos"],"inLanguage":"es"},{"@type":"WebPage","@id":"https:\/\/noticiasmercedinas.com\/site\/2025\/09\/29\/begonia-el-sabor-femenino-de-tomas-jofre-ofrece-cafeteria-restaurant-espacio-para-eventos-y-catas\/","url":"https:\/\/noticiasmercedinas.com\/site\/2025\/09\/29\/begonia-el-sabor-femenino-de-tomas-jofre-ofrece-cafeteria-restaurant-espacio-para-eventos-y-catas\/","name":"Bego\u00f1a, el sabor femenino de Tom\u00e1s Jofr\u00e9, ofrece cafeter\u00eda, restaurant, espacio para eventos y catas","isPartOf":{"@id":"https:\/\/noticiasmercedinas.com\/site\/#website"},"primaryImageOfPage":{"@id":"https:\/\/noticiasmercedinas.com\/site\/2025\/09\/29\/begonia-el-sabor-femenino-de-tomas-jofre-ofrece-cafeteria-restaurant-espacio-para-eventos-y-catas\/#primaryimage"},"image":{"@id":"https:\/\/noticiasmercedinas.com\/site\/2025\/09\/29\/begonia-el-sabor-femenino-de-tomas-jofre-ofrece-cafeteria-restaurant-espacio-para-eventos-y-catas\/#primaryimage"},"thumbnailUrl":"https:\/\/noticiasmercedinas.com\/site\/wp-content\/uploads\/2025\/09\/BEGONIA00-scaled.jpg","datePublished":"2025-09-29T14:26:04+00:00","dateModified":"2025-09-29T14:33:56+00:00","breadcrumb":{"@id":"https:\/\/noticiasmercedinas.com\/site\/2025\/09\/29\/begonia-el-sabor-femenino-de-tomas-jofre-ofrece-cafeteria-restaurant-espacio-para-eventos-y-catas\/#breadcrumb"},"inLanguage":"es","potentialAction":[{"@type":"ReadAction","target":["https:\/\/noticiasmercedinas.com\/site\/2025\/09\/29\/begonia-el-sabor-femenino-de-tomas-jofre-ofrece-cafeteria-restaurant-espacio-para-eventos-y-catas\/"]}]},{"@type":"ImageObject","inLanguage":"es","@id":"https:\/\/noticiasmercedinas.com\/site\/2025\/09\/29\/begonia-el-sabor-femenino-de-tomas-jofre-ofrece-cafeteria-restaurant-espacio-para-eventos-y-catas\/#primaryimage","url":"https:\/\/noticiasmercedinas.com\/site\/wp-content\/uploads\/2025\/09\/BEGONIA00-scaled.jpg","contentUrl":"https:\/\/noticiasmercedinas.com\/site\/wp-content\/uploads\/2025\/09\/BEGONIA00-scaled.jpg","width":2560,"height":1920},{"@type":"BreadcrumbList","@id":"https:\/\/noticiasmercedinas.com\/site\/2025\/09\/29\/begonia-el-sabor-femenino-de-tomas-jofre-ofrece-cafeteria-restaurant-espacio-para-eventos-y-catas\/#breadcrumb","itemListElement":[{"@type":"ListItem","position":1,"name":"Portada","item":"https:\/\/noticiasmercedinas.com\/site\/"},{"@type":"ListItem","position":2,"name":"Bego\u00f1a, el sabor femenino de Tom\u00e1s Jofr\u00e9, ofrece cafeter\u00eda, restaurant, espacio para eventos y catas"}]},{"@type":"WebSite","@id":"https:\/\/noticiasmercedinas.com\/site\/#website","url":"https:\/\/noticiasmercedinas.com\/site\/","name":"NOTICIASMERCEDINAS.COM","description":"Mercedes, Buenos Aires, Argentina","publisher":{"@id":"https:\/\/noticiasmercedinas.com\/site\/#organization"},"potentialAction":[{"@type":"SearchAction","target":{"@type":"EntryPoint","urlTemplate":"https:\/\/noticiasmercedinas.com\/site\/?s={search_term_string}"},"query-input":{"@type":"PropertyValueSpecification","valueRequired":true,"valueName":"search_term_string"}}],"inLanguage":"es"},{"@type":"Organization","@id":"https:\/\/noticiasmercedinas.com\/site\/#organization","name":"NOTICIASMERCEDINAS.COM","url":"https:\/\/noticiasmercedinas.com\/site\/","logo":{"@type":"ImageObject","inLanguage":"es","@id":"https:\/\/noticiasmercedinas.com\/site\/#\/schema\/logo\/image\/","url":"https:\/\/noticiasmercedinas.com\/site\/wp-content\/uploads\/2020\/06\/LOGO-512.jpg","contentUrl":"https:\/\/noticiasmercedinas.com\/site\/wp-content\/uploads\/2020\/06\/LOGO-512.jpg","width":512,"height":512,"caption":"NOTICIASMERCEDINAS.COM"},"image":{"@id":"https:\/\/noticiasmercedinas.com\/site\/#\/schema\/logo\/image\/"},"sameAs":["https:\/\/www.facebook.com\/noticiasmercedinas\/","https:\/\/x.com\/notmercedinas","https:\/\/www.instagram.com\/noticiasmercedinas\/"]},{"@type":"Person","@id":"https:\/\/noticiasmercedinas.com\/site\/#\/schema\/person\/84b59c099c28ff2e8b77d4ceec5d8063","name":"NOTICIASMERCEDINAS.COM","image":{"@type":"ImageObject","inLanguage":"es","@id":"https:\/\/secure.gravatar.com\/avatar\/4dfbf16b4d17945bfb6341b2d19043457132fcf478a5ee04f42e959fd8f5df0a?s=96&d=mm&r=g","url":"https:\/\/secure.gravatar.com\/avatar\/4dfbf16b4d17945bfb6341b2d19043457132fcf478a5ee04f42e959fd8f5df0a?s=96&d=mm&r=g","contentUrl":"https:\/\/secure.gravatar.com\/avatar\/4dfbf16b4d17945bfb6341b2d19043457132fcf478a5ee04f42e959fd8f5df0a?s=96&d=mm&r=g","caption":"NOTICIASMERCEDINAS.COM"},"url":"https:\/\/noticiasmercedinas.com\/site\/author\/anonimo\/"}]}},"amp_enabled":true,"_links":{"self":[{"href":"https:\/\/noticiasmercedinas.com\/site\/wp-json\/wp\/v2\/posts\/170641","targetHints":{"allow":["GET"]}}],"collection":[{"href":"https:\/\/noticiasmercedinas.com\/site\/wp-json\/wp\/v2\/posts"}],"about":[{"href":"https:\/\/noticiasmercedinas.com\/site\/wp-json\/wp\/v2\/types\/post"}],"author":[{"embeddable":true,"href":"https:\/\/noticiasmercedinas.com\/site\/wp-json\/wp\/v2\/users\/16"}],"replies":[{"embeddable":true,"href":"https:\/\/noticiasmercedinas.com\/site\/wp-json\/wp\/v2\/comments?post=170641"}],"version-history":[{"count":4,"href":"https:\/\/noticiasmercedinas.com\/site\/wp-json\/wp\/v2\/posts\/170641\/revisions"}],"predecessor-version":[{"id":170648,"href":"https:\/\/noticiasmercedinas.com\/site\/wp-json\/wp\/v2\/posts\/170641\/revisions\/170648"}],"wp:featuredmedia":[{"embeddable":true,"href":"https:\/\/noticiasmercedinas.com\/site\/wp-json\/wp\/v2\/media\/170643"}],"wp:attachment":[{"href":"https:\/\/noticiasmercedinas.com\/site\/wp-json\/wp\/v2\/media?parent=170641"}],"wp:term":[{"taxonomy":"category","embeddable":true,"href":"https:\/\/noticiasmercedinas.com\/site\/wp-json\/wp\/v2\/categories?post=170641"},{"taxonomy":"post_tag","embeddable":true,"href":"https:\/\/noticiasmercedinas.com\/site\/wp-json\/wp\/v2\/tags?post=170641"}],"curies":[{"name":"wp","href":"https:\/\/api.w.org\/{rel}","templated":true}]}}