{"id":170685,"date":"2025-09-29T18:38:17","date_gmt":"2025-09-29T21:38:17","guid":{"rendered":"https:\/\/noticiasmercedinas.com\/site\/?p=170685"},"modified":"2025-09-29T18:38:17","modified_gmt":"2025-09-29T21:38:17","slug":"fotografia-y-conciencia-muestra-parkinson-al-desnudo-abrio-en-el-limonero-y-llega-al-hospital-dubarry","status":"publish","type":"post","link":"https:\/\/noticiasmercedinas.com\/site\/2025\/09\/29\/fotografia-y-conciencia-muestra-parkinson-al-desnudo-abrio-en-el-limonero-y-llega-al-hospital-dubarry\/","title":{"rendered":"Fotograf\u00eda y conciencia: muestra \u201cP\u00e1rkinson al Desnudo\u201d abri\u00f3 en El Limonero y llega al Hospital Dubarry"},"content":{"rendered":"<p><img loading=\"lazy\" decoding=\"async\" class=\"alignnone size-full wp-image-170686\" src=\"https:\/\/noticiasmercedinas.com\/site\/wp-content\/uploads\/2025\/09\/5c418650-6276-4a72-add5-6575d35dff9a.jpg\" alt=\"\" width=\"1600\" height=\"1204\" srcset=\"https:\/\/noticiasmercedinas.com\/site\/wp-content\/uploads\/2025\/09\/5c418650-6276-4a72-add5-6575d35dff9a.jpg 1600w, https:\/\/noticiasmercedinas.com\/site\/wp-content\/uploads\/2025\/09\/5c418650-6276-4a72-add5-6575d35dff9a-300x226.jpg 300w, https:\/\/noticiasmercedinas.com\/site\/wp-content\/uploads\/2025\/09\/5c418650-6276-4a72-add5-6575d35dff9a-1024x771.jpg 1024w, https:\/\/noticiasmercedinas.com\/site\/wp-content\/uploads\/2025\/09\/5c418650-6276-4a72-add5-6575d35dff9a-768x578.jpg 768w, https:\/\/noticiasmercedinas.com\/site\/wp-content\/uploads\/2025\/09\/5c418650-6276-4a72-add5-6575d35dff9a-1536x1156.jpg 1536w, https:\/\/noticiasmercedinas.com\/site\/wp-content\/uploads\/2025\/09\/5c418650-6276-4a72-add5-6575d35dff9a-80x60.jpg 80w, https:\/\/noticiasmercedinas.com\/site\/wp-content\/uploads\/2025\/09\/5c418650-6276-4a72-add5-6575d35dff9a-160x120.jpg 160w, https:\/\/noticiasmercedinas.com\/site\/wp-content\/uploads\/2025\/09\/5c418650-6276-4a72-add5-6575d35dff9a-100x75.jpg 100w, https:\/\/noticiasmercedinas.com\/site\/wp-content\/uploads\/2025\/09\/5c418650-6276-4a72-add5-6575d35dff9a-200x150.jpg 200w, https:\/\/noticiasmercedinas.com\/site\/wp-content\/uploads\/2025\/09\/5c418650-6276-4a72-add5-6575d35dff9a-180x135.jpg 180w, https:\/\/noticiasmercedinas.com\/site\/wp-content\/uploads\/2025\/09\/5c418650-6276-4a72-add5-6575d35dff9a-360x270.jpg 360w, https:\/\/noticiasmercedinas.com\/site\/wp-content\/uploads\/2025\/09\/5c418650-6276-4a72-add5-6575d35dff9a-238x178.jpg 238w, https:\/\/noticiasmercedinas.com\/site\/wp-content\/uploads\/2025\/09\/5c418650-6276-4a72-add5-6575d35dff9a-640x482.jpg 640w, https:\/\/noticiasmercedinas.com\/site\/wp-content\/uploads\/2025\/09\/5c418650-6276-4a72-add5-6575d35dff9a-1280x963.jpg 1280w, https:\/\/noticiasmercedinas.com\/site\/wp-content\/uploads\/2025\/09\/5c418650-6276-4a72-add5-6575d35dff9a-681x512.jpg 681w, https:\/\/noticiasmercedinas.com\/site\/wp-content\/uploads\/2025\/09\/5c418650-6276-4a72-add5-6575d35dff9a-1362x1025.jpg 1362w\" sizes=\"auto, (max-width: 1600px) 100vw, 1600px\" \/><\/p>\n<p>La exposici\u00f3n fotogr\u00e1fica \u00abGestos en Pausa\u00bb, que este domingo se present\u00f3 en el Movimiento Cultural El Limonero, se trasladar\u00e1 al Hospital Zonal de Agudos Blas L. Dubarry para una jornada clave sobre la salud y la concientizaci\u00f3n. Bajo el t\u00edtulo \u201cP\u00e1rkinson al desnudo\u201d, la muestra de la fot\u00f3grafa Miriam Rubio llegar\u00e1 al centro de salud este martes 1\u00b0 de octubre con el objetivo de humanizar y repensar la enfermedad.<\/p>\n<p>El proyecto se centra en la vida de personas con P\u00e1rkinson de inicio temprano, proponiendo una reflexi\u00f3n que invita a repensar los gestos y a visibilizar lo cotidiano \u00abm\u00e1s all\u00e1 del temblor y la rigidez\u00bb.<\/p>\n<p>Complementando la exposici\u00f3n, el mismo d\u00eda se realizar\u00e1 el conversatorio \u201cDiagn\u00f3stico o sentencia\u201d, dirigido a equipos de salud, con la intenci\u00f3n de abrir la mirada y el di\u00e1logo sobre la enfermedad de Parkinson de inicio temprano.<\/p>\n<p>El debate se llevar\u00e1 a cabo el 1\u00b0 de octubre a las 10:30 hs en el Hospital y contar\u00e1 con la participaci\u00f3n de dos perspectivas fundamentales:<\/p>\n<ul>\n<li>Andrea Bozzini: Aportar\u00e1 la mirada de la persona que recibe el diagn\u00f3stico.<\/li>\n<li>Dra. Victoria Aldinio: Ofrecer\u00e1 la visi\u00f3n de quien comunica el diagn\u00f3stico.<\/li>\n<\/ul>\n<p>El encuentro ser\u00e1 moderado por el licenciado \u00c1ngel Rutigliano, consolid\u00e1ndose como una oportunidad de formaci\u00f3n y sensibilizaci\u00f3n sobre un tema que trasciende lo cl\u00ednico.<\/p>\n","protected":false},"excerpt":{"rendered":"<p>\u25a0 El proyecto fotogr\u00e1fico de Miriam Rubio, que visibiliza la cotidianidad de personas con P\u00e1rkinson de inicio temprano, se instala este 1\u00b0 de octubre en el Hospital Dubarry, acompa\u00f1ado de un conversatorio para equipos de salud sobre la comunicaci\u00f3n del diagn\u00f3stico.<\/p>\n","protected":false},"author":16,"featured_media":170686,"comment_status":"closed","ping_status":"closed","sticky":false,"template":"","format":"standard","meta":{"footnotes":""},"categories":[4],"tags":[17255,4431,558,18153],"class_list":["post-170685","post","type-post","status-publish","format-standard","has-post-thumbnail","hentry","category-cultura","tag-andra-bozzini","tag-angel-rutigliano","tag-fotografia","tag-parkinson"],"yoast_head":"<!-- This site is optimized with the Yoast SEO plugin v27.5 - https:\/\/yoast.com\/product\/yoast-seo-wordpress\/ -->\n<title>Fotograf\u00eda y conciencia: muestra \u201cP\u00e1rkinson al Desnudo\u201d abri\u00f3 en El Limonero y llega al Hospital Dubarry<\/title>\n<meta name=\"description\" content=\"El proyecto fotogr\u00e1fico de Miriam Rubio, que visibiliza la cotidianidad de personas con P\u00e1rkinson de inicio temprano, se instala este 1\u00b0 de octubre en el Hospital Dubarry, acompa\u00f1ado de un conversatorio para equipos de salud sobre la comunicaci\u00f3n del diagn\u00f3stico.\" \/>\n<meta name=\"robots\" content=\"index, follow, max-snippet:-1, max-image-preview:large, max-video-preview:-1\" \/>\n<link rel=\"canonical\" href=\"https:\/\/noticiasmercedinas.com\/site\/2025\/09\/29\/fotografia-y-conciencia-muestra-parkinson-al-desnudo-abrio-en-el-limonero-y-llega-al-hospital-dubarry\/\" \/>\n<meta property=\"og:locale\" content=\"es_ES\" \/>\n<meta property=\"og:type\" content=\"article\" \/>\n<meta property=\"og:title\" content=\"Fotograf\u00eda y conciencia: muestra \u201cP\u00e1rkinson al Desnudo\u201d abri\u00f3 en El Limonero y llega al Hospital Dubarry\" \/>\n<meta property=\"og:description\" content=\"El proyecto fotogr\u00e1fico de Miriam Rubio, que visibiliza la cotidianidad de personas con P\u00e1rkinson de inicio temprano, se instala este 1\u00b0 de octubre en el Hospital Dubarry, acompa\u00f1ado de un conversatorio para equipos de salud sobre la comunicaci\u00f3n del diagn\u00f3stico.\" \/>\n<meta property=\"og:url\" content=\"https:\/\/noticiasmercedinas.com\/site\/2025\/09\/29\/fotografia-y-conciencia-muestra-parkinson-al-desnudo-abrio-en-el-limonero-y-llega-al-hospital-dubarry\/\" \/>\n<meta property=\"og:site_name\" content=\"NOTICIASMERCEDINAS.COM\" \/>\n<meta property=\"article:publisher\" content=\"https:\/\/www.facebook.com\/noticiasmercedinas\/\" \/>\n<meta property=\"article:published_time\" content=\"2025-09-29T21:38:17+00:00\" \/>\n<meta property=\"og:image\" content=\"https:\/\/noticiasmercedinas.com\/site\/wp-content\/uploads\/2025\/09\/5c418650-6276-4a72-add5-6575d35dff9a.jpg\" \/>\n\t<meta property=\"og:image:width\" content=\"1600\" \/>\n\t<meta property=\"og:image:height\" content=\"1204\" \/>\n\t<meta property=\"og:image:type\" content=\"image\/jpeg\" \/>\n<meta name=\"author\" content=\"NOTICIASMERCEDINAS.COM\" \/>\n<meta name=\"twitter:card\" content=\"summary_large_image\" \/>\n<meta name=\"twitter:creator\" content=\"@notmercedinas\" \/>\n<meta name=\"twitter:site\" content=\"@notmercedinas\" \/>\n<meta name=\"twitter:label1\" content=\"Escrito por\" \/>\n\t<meta name=\"twitter:data1\" content=\"NOTICIASMERCEDINAS.COM\" \/>\n\t<meta name=\"twitter:label2\" content=\"Tiempo de lectura\" \/>\n\t<meta name=\"twitter:data2\" content=\"2 minutos\" \/>\n<script type=\"application\/ld+json\" class=\"yoast-schema-graph\">{\"@context\":\"https:\\\/\\\/schema.org\",\"@graph\":[{\"@type\":\"Article\",\"@id\":\"https:\\\/\\\/noticiasmercedinas.com\\\/site\\\/2025\\\/09\\\/29\\\/fotografia-y-conciencia-muestra-parkinson-al-desnudo-abrio-en-el-limonero-y-llega-al-hospital-dubarry\\\/#article\",\"isPartOf\":{\"@id\":\"https:\\\/\\\/noticiasmercedinas.com\\\/site\\\/2025\\\/09\\\/29\\\/fotografia-y-conciencia-muestra-parkinson-al-desnudo-abrio-en-el-limonero-y-llega-al-hospital-dubarry\\\/\"},\"author\":{\"name\":\"NOTICIASMERCEDINAS.COM\",\"@id\":\"https:\\\/\\\/noticiasmercedinas.com\\\/site\\\/#\\\/schema\\\/person\\\/84b59c099c28ff2e8b77d4ceec5d8063\"},\"headline\":\"Fotograf\u00eda y conciencia: muestra \u201cP\u00e1rkinson al Desnudo\u201d abri\u00f3 en El Limonero y llega al Hospital Dubarry\",\"datePublished\":\"2025-09-29T21:38:17+00:00\",\"mainEntityOfPage\":{\"@id\":\"https:\\\/\\\/noticiasmercedinas.com\\\/site\\\/2025\\\/09\\\/29\\\/fotografia-y-conciencia-muestra-parkinson-al-desnudo-abrio-en-el-limonero-y-llega-al-hospital-dubarry\\\/\"},\"wordCount\":250,\"publisher\":{\"@id\":\"https:\\\/\\\/noticiasmercedinas.com\\\/site\\\/#organization\"},\"image\":{\"@id\":\"https:\\\/\\\/noticiasmercedinas.com\\\/site\\\/2025\\\/09\\\/29\\\/fotografia-y-conciencia-muestra-parkinson-al-desnudo-abrio-en-el-limonero-y-llega-al-hospital-dubarry\\\/#primaryimage\"},\"thumbnailUrl\":\"https:\\\/\\\/noticiasmercedinas.com\\\/site\\\/wp-content\\\/uploads\\\/2025\\\/09\\\/5c418650-6276-4a72-add5-6575d35dff9a.jpg\",\"keywords\":[\"andra bozzini\",\"angel rutigliano\",\"fotografia\",\"parkinson\"],\"articleSection\":[\"Cultura\"],\"inLanguage\":\"es\"},{\"@type\":\"WebPage\",\"@id\":\"https:\\\/\\\/noticiasmercedinas.com\\\/site\\\/2025\\\/09\\\/29\\\/fotografia-y-conciencia-muestra-parkinson-al-desnudo-abrio-en-el-limonero-y-llega-al-hospital-dubarry\\\/\",\"url\":\"https:\\\/\\\/noticiasmercedinas.com\\\/site\\\/2025\\\/09\\\/29\\\/fotografia-y-conciencia-muestra-parkinson-al-desnudo-abrio-en-el-limonero-y-llega-al-hospital-dubarry\\\/\",\"name\":\"Fotograf\u00eda y conciencia: muestra \u201cP\u00e1rkinson al Desnudo\u201d abri\u00f3 en El Limonero y llega al Hospital Dubarry\",\"isPartOf\":{\"@id\":\"https:\\\/\\\/noticiasmercedinas.com\\\/site\\\/#website\"},\"primaryImageOfPage\":{\"@id\":\"https:\\\/\\\/noticiasmercedinas.com\\\/site\\\/2025\\\/09\\\/29\\\/fotografia-y-conciencia-muestra-parkinson-al-desnudo-abrio-en-el-limonero-y-llega-al-hospital-dubarry\\\/#primaryimage\"},\"image\":{\"@id\":\"https:\\\/\\\/noticiasmercedinas.com\\\/site\\\/2025\\\/09\\\/29\\\/fotografia-y-conciencia-muestra-parkinson-al-desnudo-abrio-en-el-limonero-y-llega-al-hospital-dubarry\\\/#primaryimage\"},\"thumbnailUrl\":\"https:\\\/\\\/noticiasmercedinas.com\\\/site\\\/wp-content\\\/uploads\\\/2025\\\/09\\\/5c418650-6276-4a72-add5-6575d35dff9a.jpg\",\"datePublished\":\"2025-09-29T21:38:17+00:00\",\"description\":\"El proyecto fotogr\u00e1fico de Miriam Rubio, que visibiliza la cotidianidad de personas con P\u00e1rkinson de inicio temprano, se instala este 1\u00b0 de octubre en el Hospital Dubarry, acompa\u00f1ado de un conversatorio para equipos de salud sobre la comunicaci\u00f3n del diagn\u00f3stico.\",\"breadcrumb\":{\"@id\":\"https:\\\/\\\/noticiasmercedinas.com\\\/site\\\/2025\\\/09\\\/29\\\/fotografia-y-conciencia-muestra-parkinson-al-desnudo-abrio-en-el-limonero-y-llega-al-hospital-dubarry\\\/#breadcrumb\"},\"inLanguage\":\"es\",\"potentialAction\":[{\"@type\":\"ReadAction\",\"target\":[\"https:\\\/\\\/noticiasmercedinas.com\\\/site\\\/2025\\\/09\\\/29\\\/fotografia-y-conciencia-muestra-parkinson-al-desnudo-abrio-en-el-limonero-y-llega-al-hospital-dubarry\\\/\"]}]},{\"@type\":\"ImageObject\",\"inLanguage\":\"es\",\"@id\":\"https:\\\/\\\/noticiasmercedinas.com\\\/site\\\/2025\\\/09\\\/29\\\/fotografia-y-conciencia-muestra-parkinson-al-desnudo-abrio-en-el-limonero-y-llega-al-hospital-dubarry\\\/#primaryimage\",\"url\":\"https:\\\/\\\/noticiasmercedinas.com\\\/site\\\/wp-content\\\/uploads\\\/2025\\\/09\\\/5c418650-6276-4a72-add5-6575d35dff9a.jpg\",\"contentUrl\":\"https:\\\/\\\/noticiasmercedinas.com\\\/site\\\/wp-content\\\/uploads\\\/2025\\\/09\\\/5c418650-6276-4a72-add5-6575d35dff9a.jpg\",\"width\":1600,\"height\":1204},{\"@type\":\"BreadcrumbList\",\"@id\":\"https:\\\/\\\/noticiasmercedinas.com\\\/site\\\/2025\\\/09\\\/29\\\/fotografia-y-conciencia-muestra-parkinson-al-desnudo-abrio-en-el-limonero-y-llega-al-hospital-dubarry\\\/#breadcrumb\",\"itemListElement\":[{\"@type\":\"ListItem\",\"position\":1,\"name\":\"Portada\",\"item\":\"https:\\\/\\\/noticiasmercedinas.com\\\/site\\\/\"},{\"@type\":\"ListItem\",\"position\":2,\"name\":\"Fotograf\u00eda y conciencia: muestra \u201cP\u00e1rkinson al Desnudo\u201d abri\u00f3 en El Limonero y llega al Hospital Dubarry\"}]},{\"@type\":\"WebSite\",\"@id\":\"https:\\\/\\\/noticiasmercedinas.com\\\/site\\\/#website\",\"url\":\"https:\\\/\\\/noticiasmercedinas.com\\\/site\\\/\",\"name\":\"NOTICIASMERCEDINAS.COM\",\"description\":\"Mercedes, Buenos Aires, Argentina\",\"publisher\":{\"@id\":\"https:\\\/\\\/noticiasmercedinas.com\\\/site\\\/#organization\"},\"potentialAction\":[{\"@type\":\"SearchAction\",\"target\":{\"@type\":\"EntryPoint\",\"urlTemplate\":\"https:\\\/\\\/noticiasmercedinas.com\\\/site\\\/?s={search_term_string}\"},\"query-input\":{\"@type\":\"PropertyValueSpecification\",\"valueRequired\":true,\"valueName\":\"search_term_string\"}}],\"inLanguage\":\"es\"},{\"@type\":\"Organization\",\"@id\":\"https:\\\/\\\/noticiasmercedinas.com\\\/site\\\/#organization\",\"name\":\"NOTICIASMERCEDINAS.COM\",\"url\":\"https:\\\/\\\/noticiasmercedinas.com\\\/site\\\/\",\"logo\":{\"@type\":\"ImageObject\",\"inLanguage\":\"es\",\"@id\":\"https:\\\/\\\/noticiasmercedinas.com\\\/site\\\/#\\\/schema\\\/logo\\\/image\\\/\",\"url\":\"https:\\\/\\\/noticiasmercedinas.com\\\/site\\\/wp-content\\\/uploads\\\/2020\\\/06\\\/LOGO-512.jpg\",\"contentUrl\":\"https:\\\/\\\/noticiasmercedinas.com\\\/site\\\/wp-content\\\/uploads\\\/2020\\\/06\\\/LOGO-512.jpg\",\"width\":512,\"height\":512,\"caption\":\"NOTICIASMERCEDINAS.COM\"},\"image\":{\"@id\":\"https:\\\/\\\/noticiasmercedinas.com\\\/site\\\/#\\\/schema\\\/logo\\\/image\\\/\"},\"sameAs\":[\"https:\\\/\\\/www.facebook.com\\\/noticiasmercedinas\\\/\",\"https:\\\/\\\/x.com\\\/notmercedinas\",\"https:\\\/\\\/www.instagram.com\\\/noticiasmercedinas\\\/\"]},{\"@type\":\"Person\",\"@id\":\"https:\\\/\\\/noticiasmercedinas.com\\\/site\\\/#\\\/schema\\\/person\\\/84b59c099c28ff2e8b77d4ceec5d8063\",\"name\":\"NOTICIASMERCEDINAS.COM\",\"image\":{\"@type\":\"ImageObject\",\"inLanguage\":\"es\",\"@id\":\"https:\\\/\\\/secure.gravatar.com\\\/avatar\\\/4dfbf16b4d17945bfb6341b2d19043457132fcf478a5ee04f42e959fd8f5df0a?s=96&d=mm&r=g\",\"url\":\"https:\\\/\\\/secure.gravatar.com\\\/avatar\\\/4dfbf16b4d17945bfb6341b2d19043457132fcf478a5ee04f42e959fd8f5df0a?s=96&d=mm&r=g\",\"contentUrl\":\"https:\\\/\\\/secure.gravatar.com\\\/avatar\\\/4dfbf16b4d17945bfb6341b2d19043457132fcf478a5ee04f42e959fd8f5df0a?s=96&d=mm&r=g\",\"caption\":\"NOTICIASMERCEDINAS.COM\"},\"url\":\"https:\\\/\\\/noticiasmercedinas.com\\\/site\\\/author\\\/anonimo\\\/\"}]}<\/script>\n<!-- \/ Yoast SEO plugin. -->","yoast_head_json":{"title":"Fotograf\u00eda y conciencia: muestra \u201cP\u00e1rkinson al Desnudo\u201d abri\u00f3 en El Limonero y llega al Hospital Dubarry","description":"El proyecto fotogr\u00e1fico de Miriam Rubio, que visibiliza la cotidianidad de personas con P\u00e1rkinson de inicio temprano, se instala este 1\u00b0 de octubre en el Hospital Dubarry, acompa\u00f1ado de un conversatorio para equipos de salud sobre la comunicaci\u00f3n del diagn\u00f3stico.","robots":{"index":"index","follow":"follow","max-snippet":"max-snippet:-1","max-image-preview":"max-image-preview:large","max-video-preview":"max-video-preview:-1"},"canonical":"https:\/\/noticiasmercedinas.com\/site\/2025\/09\/29\/fotografia-y-conciencia-muestra-parkinson-al-desnudo-abrio-en-el-limonero-y-llega-al-hospital-dubarry\/","og_locale":"es_ES","og_type":"article","og_title":"Fotograf\u00eda y conciencia: muestra \u201cP\u00e1rkinson al Desnudo\u201d abri\u00f3 en El Limonero y llega al Hospital Dubarry","og_description":"El proyecto fotogr\u00e1fico de Miriam Rubio, que visibiliza la cotidianidad de personas con P\u00e1rkinson de inicio temprano, se instala este 1\u00b0 de octubre en el Hospital Dubarry, acompa\u00f1ado de un conversatorio para equipos de salud sobre la comunicaci\u00f3n del diagn\u00f3stico.","og_url":"https:\/\/noticiasmercedinas.com\/site\/2025\/09\/29\/fotografia-y-conciencia-muestra-parkinson-al-desnudo-abrio-en-el-limonero-y-llega-al-hospital-dubarry\/","og_site_name":"NOTICIASMERCEDINAS.COM","article_publisher":"https:\/\/www.facebook.com\/noticiasmercedinas\/","article_published_time":"2025-09-29T21:38:17+00:00","og_image":[{"width":1600,"height":1204,"url":"https:\/\/noticiasmercedinas.com\/site\/wp-content\/uploads\/2025\/09\/5c418650-6276-4a72-add5-6575d35dff9a.jpg","type":"image\/jpeg"}],"author":"NOTICIASMERCEDINAS.COM","twitter_card":"summary_large_image","twitter_creator":"@notmercedinas","twitter_site":"@notmercedinas","twitter_misc":{"Escrito por":"NOTICIASMERCEDINAS.COM","Tiempo de lectura":"2 minutos"},"schema":{"@context":"https:\/\/schema.org","@graph":[{"@type":"Article","@id":"https:\/\/noticiasmercedinas.com\/site\/2025\/09\/29\/fotografia-y-conciencia-muestra-parkinson-al-desnudo-abrio-en-el-limonero-y-llega-al-hospital-dubarry\/#article","isPartOf":{"@id":"https:\/\/noticiasmercedinas.com\/site\/2025\/09\/29\/fotografia-y-conciencia-muestra-parkinson-al-desnudo-abrio-en-el-limonero-y-llega-al-hospital-dubarry\/"},"author":{"name":"NOTICIASMERCEDINAS.COM","@id":"https:\/\/noticiasmercedinas.com\/site\/#\/schema\/person\/84b59c099c28ff2e8b77d4ceec5d8063"},"headline":"Fotograf\u00eda y conciencia: muestra \u201cP\u00e1rkinson al Desnudo\u201d abri\u00f3 en El Limonero y llega al Hospital Dubarry","datePublished":"2025-09-29T21:38:17+00:00","mainEntityOfPage":{"@id":"https:\/\/noticiasmercedinas.com\/site\/2025\/09\/29\/fotografia-y-conciencia-muestra-parkinson-al-desnudo-abrio-en-el-limonero-y-llega-al-hospital-dubarry\/"},"wordCount":250,"publisher":{"@id":"https:\/\/noticiasmercedinas.com\/site\/#organization"},"image":{"@id":"https:\/\/noticiasmercedinas.com\/site\/2025\/09\/29\/fotografia-y-conciencia-muestra-parkinson-al-desnudo-abrio-en-el-limonero-y-llega-al-hospital-dubarry\/#primaryimage"},"thumbnailUrl":"https:\/\/noticiasmercedinas.com\/site\/wp-content\/uploads\/2025\/09\/5c418650-6276-4a72-add5-6575d35dff9a.jpg","keywords":["andra bozzini","angel rutigliano","fotografia","parkinson"],"articleSection":["Cultura"],"inLanguage":"es"},{"@type":"WebPage","@id":"https:\/\/noticiasmercedinas.com\/site\/2025\/09\/29\/fotografia-y-conciencia-muestra-parkinson-al-desnudo-abrio-en-el-limonero-y-llega-al-hospital-dubarry\/","url":"https:\/\/noticiasmercedinas.com\/site\/2025\/09\/29\/fotografia-y-conciencia-muestra-parkinson-al-desnudo-abrio-en-el-limonero-y-llega-al-hospital-dubarry\/","name":"Fotograf\u00eda y conciencia: muestra \u201cP\u00e1rkinson al Desnudo\u201d abri\u00f3 en El Limonero y llega al Hospital Dubarry","isPartOf":{"@id":"https:\/\/noticiasmercedinas.com\/site\/#website"},"primaryImageOfPage":{"@id":"https:\/\/noticiasmercedinas.com\/site\/2025\/09\/29\/fotografia-y-conciencia-muestra-parkinson-al-desnudo-abrio-en-el-limonero-y-llega-al-hospital-dubarry\/#primaryimage"},"image":{"@id":"https:\/\/noticiasmercedinas.com\/site\/2025\/09\/29\/fotografia-y-conciencia-muestra-parkinson-al-desnudo-abrio-en-el-limonero-y-llega-al-hospital-dubarry\/#primaryimage"},"thumbnailUrl":"https:\/\/noticiasmercedinas.com\/site\/wp-content\/uploads\/2025\/09\/5c418650-6276-4a72-add5-6575d35dff9a.jpg","datePublished":"2025-09-29T21:38:17+00:00","description":"El proyecto fotogr\u00e1fico de Miriam Rubio, que visibiliza la cotidianidad de personas con P\u00e1rkinson de inicio temprano, se instala este 1\u00b0 de octubre en el Hospital Dubarry, acompa\u00f1ado de un conversatorio para equipos de salud sobre la comunicaci\u00f3n del diagn\u00f3stico.","breadcrumb":{"@id":"https:\/\/noticiasmercedinas.com\/site\/2025\/09\/29\/fotografia-y-conciencia-muestra-parkinson-al-desnudo-abrio-en-el-limonero-y-llega-al-hospital-dubarry\/#breadcrumb"},"inLanguage":"es","potentialAction":[{"@type":"ReadAction","target":["https:\/\/noticiasmercedinas.com\/site\/2025\/09\/29\/fotografia-y-conciencia-muestra-parkinson-al-desnudo-abrio-en-el-limonero-y-llega-al-hospital-dubarry\/"]}]},{"@type":"ImageObject","inLanguage":"es","@id":"https:\/\/noticiasmercedinas.com\/site\/2025\/09\/29\/fotografia-y-conciencia-muestra-parkinson-al-desnudo-abrio-en-el-limonero-y-llega-al-hospital-dubarry\/#primaryimage","url":"https:\/\/noticiasmercedinas.com\/site\/wp-content\/uploads\/2025\/09\/5c418650-6276-4a72-add5-6575d35dff9a.jpg","contentUrl":"https:\/\/noticiasmercedinas.com\/site\/wp-content\/uploads\/2025\/09\/5c418650-6276-4a72-add5-6575d35dff9a.jpg","width":1600,"height":1204},{"@type":"BreadcrumbList","@id":"https:\/\/noticiasmercedinas.com\/site\/2025\/09\/29\/fotografia-y-conciencia-muestra-parkinson-al-desnudo-abrio-en-el-limonero-y-llega-al-hospital-dubarry\/#breadcrumb","itemListElement":[{"@type":"ListItem","position":1,"name":"Portada","item":"https:\/\/noticiasmercedinas.com\/site\/"},{"@type":"ListItem","position":2,"name":"Fotograf\u00eda y conciencia: muestra \u201cP\u00e1rkinson al Desnudo\u201d abri\u00f3 en El Limonero y llega al Hospital Dubarry"}]},{"@type":"WebSite","@id":"https:\/\/noticiasmercedinas.com\/site\/#website","url":"https:\/\/noticiasmercedinas.com\/site\/","name":"NOTICIASMERCEDINAS.COM","description":"Mercedes, Buenos Aires, Argentina","publisher":{"@id":"https:\/\/noticiasmercedinas.com\/site\/#organization"},"potentialAction":[{"@type":"SearchAction","target":{"@type":"EntryPoint","urlTemplate":"https:\/\/noticiasmercedinas.com\/site\/?s={search_term_string}"},"query-input":{"@type":"PropertyValueSpecification","valueRequired":true,"valueName":"search_term_string"}}],"inLanguage":"es"},{"@type":"Organization","@id":"https:\/\/noticiasmercedinas.com\/site\/#organization","name":"NOTICIASMERCEDINAS.COM","url":"https:\/\/noticiasmercedinas.com\/site\/","logo":{"@type":"ImageObject","inLanguage":"es","@id":"https:\/\/noticiasmercedinas.com\/site\/#\/schema\/logo\/image\/","url":"https:\/\/noticiasmercedinas.com\/site\/wp-content\/uploads\/2020\/06\/LOGO-512.jpg","contentUrl":"https:\/\/noticiasmercedinas.com\/site\/wp-content\/uploads\/2020\/06\/LOGO-512.jpg","width":512,"height":512,"caption":"NOTICIASMERCEDINAS.COM"},"image":{"@id":"https:\/\/noticiasmercedinas.com\/site\/#\/schema\/logo\/image\/"},"sameAs":["https:\/\/www.facebook.com\/noticiasmercedinas\/","https:\/\/x.com\/notmercedinas","https:\/\/www.instagram.com\/noticiasmercedinas\/"]},{"@type":"Person","@id":"https:\/\/noticiasmercedinas.com\/site\/#\/schema\/person\/84b59c099c28ff2e8b77d4ceec5d8063","name":"NOTICIASMERCEDINAS.COM","image":{"@type":"ImageObject","inLanguage":"es","@id":"https:\/\/secure.gravatar.com\/avatar\/4dfbf16b4d17945bfb6341b2d19043457132fcf478a5ee04f42e959fd8f5df0a?s=96&d=mm&r=g","url":"https:\/\/secure.gravatar.com\/avatar\/4dfbf16b4d17945bfb6341b2d19043457132fcf478a5ee04f42e959fd8f5df0a?s=96&d=mm&r=g","contentUrl":"https:\/\/secure.gravatar.com\/avatar\/4dfbf16b4d17945bfb6341b2d19043457132fcf478a5ee04f42e959fd8f5df0a?s=96&d=mm&r=g","caption":"NOTICIASMERCEDINAS.COM"},"url":"https:\/\/noticiasmercedinas.com\/site\/author\/anonimo\/"}]}},"amp_enabled":true,"_links":{"self":[{"href":"https:\/\/noticiasmercedinas.com\/site\/wp-json\/wp\/v2\/posts\/170685","targetHints":{"allow":["GET"]}}],"collection":[{"href":"https:\/\/noticiasmercedinas.com\/site\/wp-json\/wp\/v2\/posts"}],"about":[{"href":"https:\/\/noticiasmercedinas.com\/site\/wp-json\/wp\/v2\/types\/post"}],"author":[{"embeddable":true,"href":"https:\/\/noticiasmercedinas.com\/site\/wp-json\/wp\/v2\/users\/16"}],"replies":[{"embeddable":true,"href":"https:\/\/noticiasmercedinas.com\/site\/wp-json\/wp\/v2\/comments?post=170685"}],"version-history":[{"count":1,"href":"https:\/\/noticiasmercedinas.com\/site\/wp-json\/wp\/v2\/posts\/170685\/revisions"}],"predecessor-version":[{"id":170687,"href":"https:\/\/noticiasmercedinas.com\/site\/wp-json\/wp\/v2\/posts\/170685\/revisions\/170687"}],"wp:featuredmedia":[{"embeddable":true,"href":"https:\/\/noticiasmercedinas.com\/site\/wp-json\/wp\/v2\/media\/170686"}],"wp:attachment":[{"href":"https:\/\/noticiasmercedinas.com\/site\/wp-json\/wp\/v2\/media?parent=170685"}],"wp:term":[{"taxonomy":"category","embeddable":true,"href":"https:\/\/noticiasmercedinas.com\/site\/wp-json\/wp\/v2\/categories?post=170685"},{"taxonomy":"post_tag","embeddable":true,"href":"https:\/\/noticiasmercedinas.com\/site\/wp-json\/wp\/v2\/tags?post=170685"}],"curies":[{"name":"wp","href":"https:\/\/api.w.org\/{rel}","templated":true}]}}