{"id":170760,"date":"2025-10-01T08:17:25","date_gmt":"2025-10-01T11:17:25","guid":{"rendered":"https:\/\/noticiasmercedinas.com\/site\/?p=170760"},"modified":"2025-10-03T07:49:01","modified_gmt":"2025-10-03T10:49:01","slug":"buenos-habitos-de-consumo-una-necesidad-creciente","status":"publish","type":"post","link":"https:\/\/noticiasmercedinas.com\/site\/2025\/10\/01\/buenos-habitos-de-consumo-una-necesidad-creciente\/","title":{"rendered":"Buenos h\u00e1bitos de consumo en el hogar: una necesidad global"},"content":{"rendered":"<p><img loading=\"lazy\" decoding=\"async\" class=\"alignnone size-full wp-image-170761\" src=\"https:\/\/noticiasmercedinas.com\/site\/wp-content\/uploads\/2025\/10\/REFRI.jpg\" alt=\"\" width=\"640\" height=\"427\" srcset=\"https:\/\/noticiasmercedinas.com\/site\/wp-content\/uploads\/2025\/10\/REFRI.jpg 640w, https:\/\/noticiasmercedinas.com\/site\/wp-content\/uploads\/2025\/10\/REFRI-300x200.jpg 300w\" sizes=\"auto, (max-width: 640px) 100vw, 640px\" \/><\/p>\n<p data-start=\"316\" data-end=\"794\">En un mundo atravesado por la incertidumbre econ\u00f3mica, la inflaci\u00f3n en diferentes pa\u00edses y la creciente preocupaci\u00f3n por la sostenibilidad, los buenos h\u00e1bitos de consumo en el hogar se han convertido en una herramienta esencial para mejorar la calidad de vida de las familias. La forma en que organizamos nuestras compras, gestionamos los recursos y elegimos los productos impacta directamente en nuestra econom\u00eda dom\u00e9stica, en nuestra salud y en el cuidado del medioambiente.<\/p>\n<p data-start=\"796\" data-end=\"1361\"><span style=\"font-weight: 400;\">En este sentido, la planificaci\u00f3n y la b\u00fasqueda de productos duraderos son claves. Por ejemplo, al momento de elegir un <\/span><a href=\"https:\/\/www.promart.pe\/electrohogar\/refrigeracion\/refrigeradoras\"><span style=\"font-weight: 400;\">refrigerador<\/span><\/a><span style=\"font-weight: 400;\"> confiable, no solo se trata de conservar los alimentos en buen estado, sino tambi\u00e9n de reducir el desperdicio y garantizar una alimentaci\u00f3n m\u00e1s segura. De igual modo, al optar por una <\/span><a href=\"https:\/\/www.promart.pe\/bano\/rapiduchas-y-duchas-electricas\/rapiduchas\"><span style=\"font-weight: 400;\">rapiducha<\/span><\/a><span style=\"font-weight: 400;\">, se promueve un uso m\u00e1s eficiente del agua y la energ\u00eda, favoreciendo el ahorro y el cuidado de los recursos.<\/span><\/p>\n<h3 data-start=\"1363\" data-end=\"1419\">Beneficios de incorporar buenos h\u00e1bitos de consumo<\/h3>\n<ul>\n<li data-start=\"1423\" data-end=\"1467\">Aprovechar mejor los recursos disponibles.<\/li>\n<li data-start=\"1470\" data-end=\"1515\">Reducir gastos superfluos y ahorrar dinero.<\/li>\n<li data-start=\"1518\" data-end=\"1582\">Favorecer una alimentaci\u00f3n y un estilo de vida m\u00e1s saludables.<\/li>\n<li data-start=\"1585\" data-end=\"1627\">Contribuir al cuidado del medioambiente.<\/li>\n<li data-start=\"1630\" data-end=\"1702\">Disminuir los niveles de estr\u00e9s financiero y promover mayor bienestar.<\/li>\n<\/ul>\n<h3 data-start=\"1704\" data-end=\"1753\">H\u00e1bitos cotidianos que marcan la diferencia<\/h3>\n<p data-start=\"1755\" data-end=\"2053\"><strong data-start=\"1755\" data-end=\"1783\">Planificaci\u00f3n de compras<\/strong><br data-start=\"1783\" data-end=\"1786\" \/>Elaborar una lista antes de salir al supermercado ayuda a evitar compras impulsivas, organiza mejor las comidas y reduce el desperdicio de alimentos. Una buena planificaci\u00f3n tambi\u00e9n permite aprovechar al m\u00e1ximo la capacidad de conservaci\u00f3n de los electrodom\u00e9sticos.<\/p>\n<p data-start=\"2055\" data-end=\"2324\"><strong data-start=\"2055\" data-end=\"2092\">Eficiencia energ\u00e9tica en el hogar<\/strong><br data-start=\"2092\" data-end=\"2095\" \/>El uso racional de la energ\u00eda el\u00e9ctrica es fundamental. Regular la temperatura de la calefacci\u00f3n, elegir bombillas LED o adquirir electrodom\u00e9sticos de bajo consumo son peque\u00f1as decisiones que, sumadas, producen un gran impacto.<\/p>\n<p data-start=\"2326\" data-end=\"2596\"><strong data-start=\"2326\" data-end=\"2357\">Consumo de agua responsable<\/strong><br data-start=\"2357\" data-end=\"2360\" \/>En muchas regiones del planeta el agua es un recurso limitado. Acortar el tiempo en la ducha, utilizar sistemas de bajo consumo y atender p\u00e9rdidas en las ca\u00f1er\u00edas son medidas que permiten ahorrar miles de litros por a\u00f1o en cada hogar.<\/p>\n<h3 data-start=\"2598\" data-end=\"2645\">Consumo y bienestar: una relaci\u00f3n directa<\/h3>\n<p data-start=\"2647\" data-end=\"3111\">El consumo responsable no se limita a la idea de gastar menos: se trata de vivir mejor. Una alimentaci\u00f3n equilibrada, un hogar eficiente en su consumo energ\u00e9tico y una conciencia activa sobre el uso de los recursos repercuten en la salud f\u00edsica, emocional y financiera de las familias. Estudios recientes demuestran que quienes planifican sus gastos y adoptan h\u00e1bitos de consumo conscientes disfrutan de mayor tranquilidad y reducen su nivel de estr\u00e9s econ\u00f3mico.<\/p>\n<p data-start=\"3113\" data-end=\"3384\">La educaci\u00f3n desempe\u00f1a un rol fundamental. Incluir contenidos relacionados con el consumo responsable en las escuelas y promoverlos desde los medios de comunicaci\u00f3n ayuda a formar ciudadanos m\u00e1s conscientes, capaces de generar cambios positivos desde su vida cotidiana.<\/p>\n<h3 data-start=\"3386\" data-end=\"3428\">Peque\u00f1os cambios, grandes resultados<\/h3>\n<p data-start=\"3430\" data-end=\"3697\">La adopci\u00f3n de buenos h\u00e1bitos de consumo comienza en cada hogar, pero sus efectos trascienden a nivel global. Una familia que organiza sus compras, ahorra energ\u00eda y evita desperdicios no solo mejora su bienestar, sino que contribuye a la sostenibilidad del planeta.<\/p>\n<p data-start=\"3699\" data-end=\"3859\">En definitiva, consumir mejor significa vivir con m\u00e1s equilibrio, gastar con inteligencia y dejar un legado de responsabilidad hacia las generaciones futuras.<\/p>\n<p><span style=\"font-weight: 400;\">En tiempos de inflaci\u00f3n y cambios constantes en los precios, los buenos h\u00e1bitos de consumo se han convertido en un tema central para la vida cotidiana de las familias argentinas. Desde la elecci\u00f3n de los alimentos hasta la compra de electrodom\u00e9sticos, la manera en que organizamos nuestras compras impacta no solo en nuestra econom\u00eda dom\u00e9stica, sino tambi\u00e9n en nuestra salud y bienestar.<\/span><\/p>\n<p>&nbsp;<\/p>\n","protected":false},"excerpt":{"rendered":"<p>En un mundo atravesado por la incertidumbre econ\u00f3mica, la inflaci\u00f3n en diferentes pa\u00edses y la creciente preocupaci\u00f3n por la sostenibilidad, los buenos h\u00e1bitos de consumo en el hogar se han convertido en una herramienta esencial para mejorar la calidad de vida de las familias. La forma en que organizamos nuestras compras, gestionamos los recursos y [&hellip;]<\/p>\n","protected":false},"author":16,"featured_media":170761,"comment_status":"closed","ping_status":"closed","sticky":false,"template":"","format":"standard","meta":{"footnotes":""},"categories":[8992],"tags":[4792,1634,9032],"class_list":["post-170760","post","type-post","status-publish","format-standard","has-post-thumbnail","hentry","category-bienestar","tag-compra","tag-consumo","tag-electrodomesticos"],"yoast_head":"<!-- This site is optimized with the Yoast SEO plugin v27.5 - https:\/\/yoast.com\/product\/yoast-seo-wordpress\/ -->\n<title>Buenos h\u00e1bitos de consumo en el hogar: una necesidad global<\/title>\n<meta name=\"description\" content=\"Desde la elecci\u00f3n de los alimentos hasta la compra de electrodom\u00e9sticos, la manera en que organizamos nuestras compras impacta no solo en nuestra econom\u00eda dom\u00e9stica, sino tambi\u00e9n en nuestra salud y bienestar.\" \/>\n<meta name=\"robots\" content=\"index, follow, max-snippet:-1, max-image-preview:large, max-video-preview:-1\" \/>\n<link rel=\"canonical\" href=\"https:\/\/noticiasmercedinas.com\/site\/2025\/10\/01\/buenos-habitos-de-consumo-una-necesidad-creciente\/\" \/>\n<meta property=\"og:locale\" content=\"es_ES\" \/>\n<meta property=\"og:type\" content=\"article\" \/>\n<meta property=\"og:title\" content=\"Buenos h\u00e1bitos de consumo en el hogar: una necesidad global\" \/>\n<meta property=\"og:description\" content=\"Desde la elecci\u00f3n de los alimentos hasta la compra de electrodom\u00e9sticos, la manera en que organizamos nuestras compras impacta no solo en nuestra econom\u00eda dom\u00e9stica, sino tambi\u00e9n en nuestra salud y bienestar.\" \/>\n<meta property=\"og:url\" content=\"https:\/\/noticiasmercedinas.com\/site\/2025\/10\/01\/buenos-habitos-de-consumo-una-necesidad-creciente\/\" \/>\n<meta property=\"og:site_name\" content=\"NOTICIASMERCEDINAS.COM\" \/>\n<meta property=\"article:publisher\" content=\"https:\/\/www.facebook.com\/noticiasmercedinas\/\" \/>\n<meta property=\"article:published_time\" content=\"2025-10-01T11:17:25+00:00\" \/>\n<meta property=\"article:modified_time\" content=\"2025-10-03T10:49:01+00:00\" \/>\n<meta property=\"og:image\" content=\"https:\/\/noticiasmercedinas.com\/site\/wp-content\/uploads\/2025\/10\/REFRI.jpg\" \/>\n\t<meta property=\"og:image:width\" content=\"640\" \/>\n\t<meta property=\"og:image:height\" content=\"427\" \/>\n\t<meta property=\"og:image:type\" content=\"image\/jpeg\" \/>\n<meta name=\"author\" content=\"NOTICIASMERCEDINAS.COM\" \/>\n<meta name=\"twitter:card\" content=\"summary_large_image\" \/>\n<meta name=\"twitter:creator\" content=\"@notmercedinas\" \/>\n<meta name=\"twitter:site\" content=\"@notmercedinas\" \/>\n<meta name=\"twitter:label1\" content=\"Escrito por\" \/>\n\t<meta name=\"twitter:data1\" content=\"NOTICIASMERCEDINAS.COM\" \/>\n\t<meta name=\"twitter:label2\" content=\"Tiempo de lectura\" \/>\n\t<meta name=\"twitter:data2\" content=\"3 minutos\" \/>\n<script type=\"application\/ld+json\" class=\"yoast-schema-graph\">{\"@context\":\"https:\\\/\\\/schema.org\",\"@graph\":[{\"@type\":\"Article\",\"@id\":\"https:\\\/\\\/noticiasmercedinas.com\\\/site\\\/2025\\\/10\\\/01\\\/buenos-habitos-de-consumo-una-necesidad-creciente\\\/#article\",\"isPartOf\":{\"@id\":\"https:\\\/\\\/noticiasmercedinas.com\\\/site\\\/2025\\\/10\\\/01\\\/buenos-habitos-de-consumo-una-necesidad-creciente\\\/\"},\"author\":{\"name\":\"NOTICIASMERCEDINAS.COM\",\"@id\":\"https:\\\/\\\/noticiasmercedinas.com\\\/site\\\/#\\\/schema\\\/person\\\/84b59c099c28ff2e8b77d4ceec5d8063\"},\"headline\":\"Buenos h\u00e1bitos de consumo en el hogar: una necesidad global\",\"datePublished\":\"2025-10-01T11:17:25+00:00\",\"dateModified\":\"2025-10-03T10:49:01+00:00\",\"mainEntityOfPage\":{\"@id\":\"https:\\\/\\\/noticiasmercedinas.com\\\/site\\\/2025\\\/10\\\/01\\\/buenos-habitos-de-consumo-una-necesidad-creciente\\\/\"},\"wordCount\":636,\"publisher\":{\"@id\":\"https:\\\/\\\/noticiasmercedinas.com\\\/site\\\/#organization\"},\"image\":{\"@id\":\"https:\\\/\\\/noticiasmercedinas.com\\\/site\\\/2025\\\/10\\\/01\\\/buenos-habitos-de-consumo-una-necesidad-creciente\\\/#primaryimage\"},\"thumbnailUrl\":\"https:\\\/\\\/noticiasmercedinas.com\\\/site\\\/wp-content\\\/uploads\\\/2025\\\/10\\\/REFRI.jpg\",\"keywords\":[\"compra\",\"consumo\",\"electrodomesticos\"],\"articleSection\":[\"Bienestar\"],\"inLanguage\":\"es\"},{\"@type\":\"WebPage\",\"@id\":\"https:\\\/\\\/noticiasmercedinas.com\\\/site\\\/2025\\\/10\\\/01\\\/buenos-habitos-de-consumo-una-necesidad-creciente\\\/\",\"url\":\"https:\\\/\\\/noticiasmercedinas.com\\\/site\\\/2025\\\/10\\\/01\\\/buenos-habitos-de-consumo-una-necesidad-creciente\\\/\",\"name\":\"Buenos h\u00e1bitos de consumo en el hogar: una necesidad global\",\"isPartOf\":{\"@id\":\"https:\\\/\\\/noticiasmercedinas.com\\\/site\\\/#website\"},\"primaryImageOfPage\":{\"@id\":\"https:\\\/\\\/noticiasmercedinas.com\\\/site\\\/2025\\\/10\\\/01\\\/buenos-habitos-de-consumo-una-necesidad-creciente\\\/#primaryimage\"},\"image\":{\"@id\":\"https:\\\/\\\/noticiasmercedinas.com\\\/site\\\/2025\\\/10\\\/01\\\/buenos-habitos-de-consumo-una-necesidad-creciente\\\/#primaryimage\"},\"thumbnailUrl\":\"https:\\\/\\\/noticiasmercedinas.com\\\/site\\\/wp-content\\\/uploads\\\/2025\\\/10\\\/REFRI.jpg\",\"datePublished\":\"2025-10-01T11:17:25+00:00\",\"dateModified\":\"2025-10-03T10:49:01+00:00\",\"description\":\"Desde la elecci\u00f3n de los alimentos hasta la compra de electrodom\u00e9sticos, la manera en que organizamos nuestras compras impacta no solo en nuestra econom\u00eda dom\u00e9stica, sino tambi\u00e9n en nuestra salud y bienestar.\",\"breadcrumb\":{\"@id\":\"https:\\\/\\\/noticiasmercedinas.com\\\/site\\\/2025\\\/10\\\/01\\\/buenos-habitos-de-consumo-una-necesidad-creciente\\\/#breadcrumb\"},\"inLanguage\":\"es\",\"potentialAction\":[{\"@type\":\"ReadAction\",\"target\":[\"https:\\\/\\\/noticiasmercedinas.com\\\/site\\\/2025\\\/10\\\/01\\\/buenos-habitos-de-consumo-una-necesidad-creciente\\\/\"]}]},{\"@type\":\"ImageObject\",\"inLanguage\":\"es\",\"@id\":\"https:\\\/\\\/noticiasmercedinas.com\\\/site\\\/2025\\\/10\\\/01\\\/buenos-habitos-de-consumo-una-necesidad-creciente\\\/#primaryimage\",\"url\":\"https:\\\/\\\/noticiasmercedinas.com\\\/site\\\/wp-content\\\/uploads\\\/2025\\\/10\\\/REFRI.jpg\",\"contentUrl\":\"https:\\\/\\\/noticiasmercedinas.com\\\/site\\\/wp-content\\\/uploads\\\/2025\\\/10\\\/REFRI.jpg\",\"width\":640,\"height\":427},{\"@type\":\"BreadcrumbList\",\"@id\":\"https:\\\/\\\/noticiasmercedinas.com\\\/site\\\/2025\\\/10\\\/01\\\/buenos-habitos-de-consumo-una-necesidad-creciente\\\/#breadcrumb\",\"itemListElement\":[{\"@type\":\"ListItem\",\"position\":1,\"name\":\"Portada\",\"item\":\"https:\\\/\\\/noticiasmercedinas.com\\\/site\\\/\"},{\"@type\":\"ListItem\",\"position\":2,\"name\":\"Buenos h\u00e1bitos de consumo en el hogar: una necesidad global\"}]},{\"@type\":\"WebSite\",\"@id\":\"https:\\\/\\\/noticiasmercedinas.com\\\/site\\\/#website\",\"url\":\"https:\\\/\\\/noticiasmercedinas.com\\\/site\\\/\",\"name\":\"NOTICIASMERCEDINAS.COM\",\"description\":\"Mercedes, Buenos Aires, Argentina\",\"publisher\":{\"@id\":\"https:\\\/\\\/noticiasmercedinas.com\\\/site\\\/#organization\"},\"potentialAction\":[{\"@type\":\"SearchAction\",\"target\":{\"@type\":\"EntryPoint\",\"urlTemplate\":\"https:\\\/\\\/noticiasmercedinas.com\\\/site\\\/?s={search_term_string}\"},\"query-input\":{\"@type\":\"PropertyValueSpecification\",\"valueRequired\":true,\"valueName\":\"search_term_string\"}}],\"inLanguage\":\"es\"},{\"@type\":\"Organization\",\"@id\":\"https:\\\/\\\/noticiasmercedinas.com\\\/site\\\/#organization\",\"name\":\"NOTICIASMERCEDINAS.COM\",\"url\":\"https:\\\/\\\/noticiasmercedinas.com\\\/site\\\/\",\"logo\":{\"@type\":\"ImageObject\",\"inLanguage\":\"es\",\"@id\":\"https:\\\/\\\/noticiasmercedinas.com\\\/site\\\/#\\\/schema\\\/logo\\\/image\\\/\",\"url\":\"https:\\\/\\\/noticiasmercedinas.com\\\/site\\\/wp-content\\\/uploads\\\/2020\\\/06\\\/LOGO-512.jpg\",\"contentUrl\":\"https:\\\/\\\/noticiasmercedinas.com\\\/site\\\/wp-content\\\/uploads\\\/2020\\\/06\\\/LOGO-512.jpg\",\"width\":512,\"height\":512,\"caption\":\"NOTICIASMERCEDINAS.COM\"},\"image\":{\"@id\":\"https:\\\/\\\/noticiasmercedinas.com\\\/site\\\/#\\\/schema\\\/logo\\\/image\\\/\"},\"sameAs\":[\"https:\\\/\\\/www.facebook.com\\\/noticiasmercedinas\\\/\",\"https:\\\/\\\/x.com\\\/notmercedinas\",\"https:\\\/\\\/www.instagram.com\\\/noticiasmercedinas\\\/\"]},{\"@type\":\"Person\",\"@id\":\"https:\\\/\\\/noticiasmercedinas.com\\\/site\\\/#\\\/schema\\\/person\\\/84b59c099c28ff2e8b77d4ceec5d8063\",\"name\":\"NOTICIASMERCEDINAS.COM\",\"image\":{\"@type\":\"ImageObject\",\"inLanguage\":\"es\",\"@id\":\"https:\\\/\\\/secure.gravatar.com\\\/avatar\\\/4dfbf16b4d17945bfb6341b2d19043457132fcf478a5ee04f42e959fd8f5df0a?s=96&d=mm&r=g\",\"url\":\"https:\\\/\\\/secure.gravatar.com\\\/avatar\\\/4dfbf16b4d17945bfb6341b2d19043457132fcf478a5ee04f42e959fd8f5df0a?s=96&d=mm&r=g\",\"contentUrl\":\"https:\\\/\\\/secure.gravatar.com\\\/avatar\\\/4dfbf16b4d17945bfb6341b2d19043457132fcf478a5ee04f42e959fd8f5df0a?s=96&d=mm&r=g\",\"caption\":\"NOTICIASMERCEDINAS.COM\"},\"url\":\"https:\\\/\\\/noticiasmercedinas.com\\\/site\\\/author\\\/anonimo\\\/\"}]}<\/script>\n<!-- \/ Yoast SEO plugin. -->","yoast_head_json":{"title":"Buenos h\u00e1bitos de consumo en el hogar: una necesidad global","description":"Desde la elecci\u00f3n de los alimentos hasta la compra de electrodom\u00e9sticos, la manera en que organizamos nuestras compras impacta no solo en nuestra econom\u00eda dom\u00e9stica, sino tambi\u00e9n en nuestra salud y bienestar.","robots":{"index":"index","follow":"follow","max-snippet":"max-snippet:-1","max-image-preview":"max-image-preview:large","max-video-preview":"max-video-preview:-1"},"canonical":"https:\/\/noticiasmercedinas.com\/site\/2025\/10\/01\/buenos-habitos-de-consumo-una-necesidad-creciente\/","og_locale":"es_ES","og_type":"article","og_title":"Buenos h\u00e1bitos de consumo en el hogar: una necesidad global","og_description":"Desde la elecci\u00f3n de los alimentos hasta la compra de electrodom\u00e9sticos, la manera en que organizamos nuestras compras impacta no solo en nuestra econom\u00eda dom\u00e9stica, sino tambi\u00e9n en nuestra salud y bienestar.","og_url":"https:\/\/noticiasmercedinas.com\/site\/2025\/10\/01\/buenos-habitos-de-consumo-una-necesidad-creciente\/","og_site_name":"NOTICIASMERCEDINAS.COM","article_publisher":"https:\/\/www.facebook.com\/noticiasmercedinas\/","article_published_time":"2025-10-01T11:17:25+00:00","article_modified_time":"2025-10-03T10:49:01+00:00","og_image":[{"width":640,"height":427,"url":"https:\/\/noticiasmercedinas.com\/site\/wp-content\/uploads\/2025\/10\/REFRI.jpg","type":"image\/jpeg"}],"author":"NOTICIASMERCEDINAS.COM","twitter_card":"summary_large_image","twitter_creator":"@notmercedinas","twitter_site":"@notmercedinas","twitter_misc":{"Escrito por":"NOTICIASMERCEDINAS.COM","Tiempo de lectura":"3 minutos"},"schema":{"@context":"https:\/\/schema.org","@graph":[{"@type":"Article","@id":"https:\/\/noticiasmercedinas.com\/site\/2025\/10\/01\/buenos-habitos-de-consumo-una-necesidad-creciente\/#article","isPartOf":{"@id":"https:\/\/noticiasmercedinas.com\/site\/2025\/10\/01\/buenos-habitos-de-consumo-una-necesidad-creciente\/"},"author":{"name":"NOTICIASMERCEDINAS.COM","@id":"https:\/\/noticiasmercedinas.com\/site\/#\/schema\/person\/84b59c099c28ff2e8b77d4ceec5d8063"},"headline":"Buenos h\u00e1bitos de consumo en el hogar: una necesidad global","datePublished":"2025-10-01T11:17:25+00:00","dateModified":"2025-10-03T10:49:01+00:00","mainEntityOfPage":{"@id":"https:\/\/noticiasmercedinas.com\/site\/2025\/10\/01\/buenos-habitos-de-consumo-una-necesidad-creciente\/"},"wordCount":636,"publisher":{"@id":"https:\/\/noticiasmercedinas.com\/site\/#organization"},"image":{"@id":"https:\/\/noticiasmercedinas.com\/site\/2025\/10\/01\/buenos-habitos-de-consumo-una-necesidad-creciente\/#primaryimage"},"thumbnailUrl":"https:\/\/noticiasmercedinas.com\/site\/wp-content\/uploads\/2025\/10\/REFRI.jpg","keywords":["compra","consumo","electrodomesticos"],"articleSection":["Bienestar"],"inLanguage":"es"},{"@type":"WebPage","@id":"https:\/\/noticiasmercedinas.com\/site\/2025\/10\/01\/buenos-habitos-de-consumo-una-necesidad-creciente\/","url":"https:\/\/noticiasmercedinas.com\/site\/2025\/10\/01\/buenos-habitos-de-consumo-una-necesidad-creciente\/","name":"Buenos h\u00e1bitos de consumo en el hogar: una necesidad global","isPartOf":{"@id":"https:\/\/noticiasmercedinas.com\/site\/#website"},"primaryImageOfPage":{"@id":"https:\/\/noticiasmercedinas.com\/site\/2025\/10\/01\/buenos-habitos-de-consumo-una-necesidad-creciente\/#primaryimage"},"image":{"@id":"https:\/\/noticiasmercedinas.com\/site\/2025\/10\/01\/buenos-habitos-de-consumo-una-necesidad-creciente\/#primaryimage"},"thumbnailUrl":"https:\/\/noticiasmercedinas.com\/site\/wp-content\/uploads\/2025\/10\/REFRI.jpg","datePublished":"2025-10-01T11:17:25+00:00","dateModified":"2025-10-03T10:49:01+00:00","description":"Desde la elecci\u00f3n de los alimentos hasta la compra de electrodom\u00e9sticos, la manera en que organizamos nuestras compras impacta no solo en nuestra econom\u00eda dom\u00e9stica, sino tambi\u00e9n en nuestra salud y bienestar.","breadcrumb":{"@id":"https:\/\/noticiasmercedinas.com\/site\/2025\/10\/01\/buenos-habitos-de-consumo-una-necesidad-creciente\/#breadcrumb"},"inLanguage":"es","potentialAction":[{"@type":"ReadAction","target":["https:\/\/noticiasmercedinas.com\/site\/2025\/10\/01\/buenos-habitos-de-consumo-una-necesidad-creciente\/"]}]},{"@type":"ImageObject","inLanguage":"es","@id":"https:\/\/noticiasmercedinas.com\/site\/2025\/10\/01\/buenos-habitos-de-consumo-una-necesidad-creciente\/#primaryimage","url":"https:\/\/noticiasmercedinas.com\/site\/wp-content\/uploads\/2025\/10\/REFRI.jpg","contentUrl":"https:\/\/noticiasmercedinas.com\/site\/wp-content\/uploads\/2025\/10\/REFRI.jpg","width":640,"height":427},{"@type":"BreadcrumbList","@id":"https:\/\/noticiasmercedinas.com\/site\/2025\/10\/01\/buenos-habitos-de-consumo-una-necesidad-creciente\/#breadcrumb","itemListElement":[{"@type":"ListItem","position":1,"name":"Portada","item":"https:\/\/noticiasmercedinas.com\/site\/"},{"@type":"ListItem","position":2,"name":"Buenos h\u00e1bitos de consumo en el hogar: una necesidad global"}]},{"@type":"WebSite","@id":"https:\/\/noticiasmercedinas.com\/site\/#website","url":"https:\/\/noticiasmercedinas.com\/site\/","name":"NOTICIASMERCEDINAS.COM","description":"Mercedes, Buenos Aires, Argentina","publisher":{"@id":"https:\/\/noticiasmercedinas.com\/site\/#organization"},"potentialAction":[{"@type":"SearchAction","target":{"@type":"EntryPoint","urlTemplate":"https:\/\/noticiasmercedinas.com\/site\/?s={search_term_string}"},"query-input":{"@type":"PropertyValueSpecification","valueRequired":true,"valueName":"search_term_string"}}],"inLanguage":"es"},{"@type":"Organization","@id":"https:\/\/noticiasmercedinas.com\/site\/#organization","name":"NOTICIASMERCEDINAS.COM","url":"https:\/\/noticiasmercedinas.com\/site\/","logo":{"@type":"ImageObject","inLanguage":"es","@id":"https:\/\/noticiasmercedinas.com\/site\/#\/schema\/logo\/image\/","url":"https:\/\/noticiasmercedinas.com\/site\/wp-content\/uploads\/2020\/06\/LOGO-512.jpg","contentUrl":"https:\/\/noticiasmercedinas.com\/site\/wp-content\/uploads\/2020\/06\/LOGO-512.jpg","width":512,"height":512,"caption":"NOTICIASMERCEDINAS.COM"},"image":{"@id":"https:\/\/noticiasmercedinas.com\/site\/#\/schema\/logo\/image\/"},"sameAs":["https:\/\/www.facebook.com\/noticiasmercedinas\/","https:\/\/x.com\/notmercedinas","https:\/\/www.instagram.com\/noticiasmercedinas\/"]},{"@type":"Person","@id":"https:\/\/noticiasmercedinas.com\/site\/#\/schema\/person\/84b59c099c28ff2e8b77d4ceec5d8063","name":"NOTICIASMERCEDINAS.COM","image":{"@type":"ImageObject","inLanguage":"es","@id":"https:\/\/secure.gravatar.com\/avatar\/4dfbf16b4d17945bfb6341b2d19043457132fcf478a5ee04f42e959fd8f5df0a?s=96&d=mm&r=g","url":"https:\/\/secure.gravatar.com\/avatar\/4dfbf16b4d17945bfb6341b2d19043457132fcf478a5ee04f42e959fd8f5df0a?s=96&d=mm&r=g","contentUrl":"https:\/\/secure.gravatar.com\/avatar\/4dfbf16b4d17945bfb6341b2d19043457132fcf478a5ee04f42e959fd8f5df0a?s=96&d=mm&r=g","caption":"NOTICIASMERCEDINAS.COM"},"url":"https:\/\/noticiasmercedinas.com\/site\/author\/anonimo\/"}]}},"amp_enabled":true,"_links":{"self":[{"href":"https:\/\/noticiasmercedinas.com\/site\/wp-json\/wp\/v2\/posts\/170760","targetHints":{"allow":["GET"]}}],"collection":[{"href":"https:\/\/noticiasmercedinas.com\/site\/wp-json\/wp\/v2\/posts"}],"about":[{"href":"https:\/\/noticiasmercedinas.com\/site\/wp-json\/wp\/v2\/types\/post"}],"author":[{"embeddable":true,"href":"https:\/\/noticiasmercedinas.com\/site\/wp-json\/wp\/v2\/users\/16"}],"replies":[{"embeddable":true,"href":"https:\/\/noticiasmercedinas.com\/site\/wp-json\/wp\/v2\/comments?post=170760"}],"version-history":[{"count":3,"href":"https:\/\/noticiasmercedinas.com\/site\/wp-json\/wp\/v2\/posts\/170760\/revisions"}],"predecessor-version":[{"id":170904,"href":"https:\/\/noticiasmercedinas.com\/site\/wp-json\/wp\/v2\/posts\/170760\/revisions\/170904"}],"wp:featuredmedia":[{"embeddable":true,"href":"https:\/\/noticiasmercedinas.com\/site\/wp-json\/wp\/v2\/media\/170761"}],"wp:attachment":[{"href":"https:\/\/noticiasmercedinas.com\/site\/wp-json\/wp\/v2\/media?parent=170760"}],"wp:term":[{"taxonomy":"category","embeddable":true,"href":"https:\/\/noticiasmercedinas.com\/site\/wp-json\/wp\/v2\/categories?post=170760"},{"taxonomy":"post_tag","embeddable":true,"href":"https:\/\/noticiasmercedinas.com\/site\/wp-json\/wp\/v2\/tags?post=170760"}],"curies":[{"name":"wp","href":"https:\/\/api.w.org\/{rel}","templated":true}]}}