{"id":170806,"date":"2025-10-01T17:13:43","date_gmt":"2025-10-01T20:13:43","guid":{"rendered":"https:\/\/noticiasmercedinas.com\/site\/?p=170806"},"modified":"2025-10-01T17:13:43","modified_gmt":"2025-10-01T20:13:43","slug":"la-negracha-lleva-el-tango-mercedino-al-club-atletico-fernandez-fierro-caff","status":"publish","type":"post","link":"https:\/\/noticiasmercedinas.com\/site\/2025\/10\/01\/la-negracha-lleva-el-tango-mercedino-al-club-atletico-fernandez-fierro-caff\/","title":{"rendered":"La Negracha lleva el tango mercedino al Club Atl\u00e9tico Fern\u00e1ndez Fierro (CAFF)"},"content":{"rendered":"<p><img loading=\"lazy\" decoding=\"async\" class=\"alignnone size-full wp-image-116448\" src=\"https:\/\/noticiasmercedinas.com\/site\/wp-content\/uploads\/2023\/06\/negracha-e1686049939823.jpg\" alt=\"\" width=\"800\" height=\"614\" srcset=\"https:\/\/noticiasmercedinas.com\/site\/wp-content\/uploads\/2023\/06\/negracha-e1686049939823.jpg 800w, https:\/\/noticiasmercedinas.com\/site\/wp-content\/uploads\/2023\/06\/negracha-e1686049939823-300x230.jpg 300w, https:\/\/noticiasmercedinas.com\/site\/wp-content\/uploads\/2023\/06\/negracha-e1686049939823-768x589.jpg 768w, https:\/\/noticiasmercedinas.com\/site\/wp-content\/uploads\/2023\/06\/negracha-e1686049939823-80x60.jpg 80w, https:\/\/noticiasmercedinas.com\/site\/wp-content\/uploads\/2023\/06\/negracha-e1686049939823-640x491.jpg 640w, https:\/\/noticiasmercedinas.com\/site\/wp-content\/uploads\/2023\/06\/negracha-e1686049939823-681x523.jpg 681w\" sizes=\"auto, (max-width: 800px) 100vw, 800px\" \/><\/p>\n<p>El tango local tendr\u00e1 su gran noche en la Capital Federal. <b>La Negracha<\/b>, un grupo musical con fuertes ra\u00edces en Mercedes, llevar\u00e1 su propuesta al <b>Club Atl\u00e9tico Fern\u00e1ndez Fierro (CAFF)<\/b>, un espacio reconocido por ser un motor de la escena tanguera contempor\u00e1nea y alternativa.<\/p>\n<p>El conjunto, conocido por su repertorio que fusiona la tradici\u00f3n con composiciones propias, est\u00e1 integrado por m\u00fasicos mercedinos de trayectoria: <b>Nahuel Fusco<\/b> en voz, <b>Lito C\u00f3rdoba<\/b> en piano, <b>Pedro Martini<\/b> en bandone\u00f3n, <b>Walter \u201cChori\u201d Perruolo<\/b> en guitarra y\u00a0<b>Marcelo Giorgione<\/b> en bater\u00eda y percusi\u00f3n.<\/p>\n<p><b>La Negracha<\/b> ofrece un espect\u00e1culo donde el <b>tango<\/b>, la <b>milonga<\/b> y el <b>candombe<\/b> se entrelazan en <b>cl\u00e1sicos reversionados<\/b> y obras originales, garantizando una noche de gran intensidad musical.<\/p>\n<p>Las entradas para el concierto tienen un costo <b>desde $15.000,00<\/b> y pueden adquirirse a trav\u00e9s del sitio web de Ticket Hoy.<\/p>\n<p class=\"query-text-line ng-star-inserted\">Comprar entrada:\u00a0<a href=\"https:\/\/bue.tickethoy.com\/entradas-musica\/la-negracha\">https:\/\/bue.tickethoy.com\/entradas-musica\/la-negracha<\/a><\/p>\n<p><img loading=\"lazy\" decoding=\"async\" class=\"size-full wp-image-170807 aligncenter\" src=\"https:\/\/noticiasmercedinas.com\/site\/wp-content\/uploads\/2025\/10\/7ef04cf2-707e-45c3-9fd4-fb3b00815174.jpg\" alt=\"\" width=\"1032\" height=\"1280\" srcset=\"https:\/\/noticiasmercedinas.com\/site\/wp-content\/uploads\/2025\/10\/7ef04cf2-707e-45c3-9fd4-fb3b00815174.jpg 1032w, https:\/\/noticiasmercedinas.com\/site\/wp-content\/uploads\/2025\/10\/7ef04cf2-707e-45c3-9fd4-fb3b00815174-242x300.jpg 242w, https:\/\/noticiasmercedinas.com\/site\/wp-content\/uploads\/2025\/10\/7ef04cf2-707e-45c3-9fd4-fb3b00815174-826x1024.jpg 826w, https:\/\/noticiasmercedinas.com\/site\/wp-content\/uploads\/2025\/10\/7ef04cf2-707e-45c3-9fd4-fb3b00815174-768x953.jpg 768w, https:\/\/noticiasmercedinas.com\/site\/wp-content\/uploads\/2025\/10\/7ef04cf2-707e-45c3-9fd4-fb3b00815174-640x794.jpg 640w, https:\/\/noticiasmercedinas.com\/site\/wp-content\/uploads\/2025\/10\/7ef04cf2-707e-45c3-9fd4-fb3b00815174-681x845.jpg 681w\" sizes=\"auto, (max-width: 1032px) 100vw, 1032px\" \/><\/p>\n","protected":false},"excerpt":{"rendered":"<p>\u25a0 La banda de tango oriunda de Mercedes, se presentar\u00e1 en el emblem\u00e1tico escenario del CAFF, uno de los clubes m\u00e1s importantes y vanguardistas de la escena tanguera actual de la Ciudad Aut\u00f3noma de Buenos Aires (CABA).<\/p>\n","protected":false},"author":16,"featured_media":116448,"comment_status":"closed","ping_status":"closed","sticky":false,"template":"","format":"standard","meta":{"footnotes":""},"categories":[4],"tags":[11667,1582,2676,2443,6090,237],"class_list":["post-170806","post","type-post","status-publish","format-standard","has-post-thumbnail","hentry","category-cultura","tag-la-negracha","tag-lito-cordoba","tag-marcelo-giorgione","tag-nahuel-fusco","tag-pedro-martini","tag-walter-perruolo"],"yoast_head":"<!-- This site is optimized with the Yoast SEO plugin v27.4 - https:\/\/yoast.com\/product\/yoast-seo-wordpress\/ -->\n<title>La Negracha lleva el tango mercedino al Club Atl\u00e9tico Fern\u00e1ndez Fierro (CAFF)<\/title>\n<meta name=\"description\" content=\"La banda de tango oriunda de Mercedes, se presentar\u00e1 en el emblem\u00e1tico escenario del CAFF, uno de los clubes m\u00e1s importantes y vanguardistas de la escena tanguera actual de la Ciudad Aut\u00f3noma de Buenos Aires (CABA).\" \/>\n<meta name=\"robots\" content=\"index, follow, max-snippet:-1, max-image-preview:large, max-video-preview:-1\" \/>\n<link rel=\"canonical\" href=\"https:\/\/noticiasmercedinas.com\/site\/2025\/10\/01\/la-negracha-lleva-el-tango-mercedino-al-club-atletico-fernandez-fierro-caff\/\" \/>\n<meta property=\"og:locale\" content=\"es_ES\" \/>\n<meta property=\"og:type\" content=\"article\" \/>\n<meta property=\"og:title\" content=\"La Negracha lleva el tango mercedino al Club Atl\u00e9tico Fern\u00e1ndez Fierro (CAFF)\" \/>\n<meta property=\"og:description\" content=\"La banda de tango oriunda de Mercedes, se presentar\u00e1 en el emblem\u00e1tico escenario del CAFF, uno de los clubes m\u00e1s importantes y vanguardistas de la escena tanguera actual de la Ciudad Aut\u00f3noma de Buenos Aires (CABA).\" \/>\n<meta property=\"og:url\" content=\"https:\/\/noticiasmercedinas.com\/site\/2025\/10\/01\/la-negracha-lleva-el-tango-mercedino-al-club-atletico-fernandez-fierro-caff\/\" \/>\n<meta property=\"og:site_name\" content=\"NOTICIASMERCEDINAS.COM\" \/>\n<meta property=\"article:publisher\" content=\"https:\/\/www.facebook.com\/noticiasmercedinas\/\" \/>\n<meta property=\"article:published_time\" content=\"2025-10-01T20:13:43+00:00\" \/>\n<meta property=\"og:image\" content=\"https:\/\/noticiasmercedinas.com\/site\/wp-content\/uploads\/2023\/06\/negracha-e1686049939823.jpg\" \/>\n\t<meta property=\"og:image:width\" content=\"800\" \/>\n\t<meta property=\"og:image:height\" content=\"614\" \/>\n\t<meta property=\"og:image:type\" content=\"image\/jpeg\" \/>\n<meta name=\"author\" content=\"NOTICIASMERCEDINAS.COM\" \/>\n<meta name=\"twitter:card\" content=\"summary_large_image\" \/>\n<meta name=\"twitter:creator\" content=\"@notmercedinas\" \/>\n<meta name=\"twitter:site\" content=\"@notmercedinas\" \/>\n<meta name=\"twitter:label1\" content=\"Escrito por\" \/>\n\t<meta name=\"twitter:data1\" content=\"NOTICIASMERCEDINAS.COM\" \/>\n\t<meta name=\"twitter:label2\" content=\"Tiempo de lectura\" \/>\n\t<meta name=\"twitter:data2\" content=\"2 minutos\" \/>\n<script type=\"application\/ld+json\" class=\"yoast-schema-graph\">{\"@context\":\"https:\\\/\\\/schema.org\",\"@graph\":[{\"@type\":\"Article\",\"@id\":\"https:\\\/\\\/noticiasmercedinas.com\\\/site\\\/2025\\\/10\\\/01\\\/la-negracha-lleva-el-tango-mercedino-al-club-atletico-fernandez-fierro-caff\\\/#article\",\"isPartOf\":{\"@id\":\"https:\\\/\\\/noticiasmercedinas.com\\\/site\\\/2025\\\/10\\\/01\\\/la-negracha-lleva-el-tango-mercedino-al-club-atletico-fernandez-fierro-caff\\\/\"},\"author\":{\"name\":\"NOTICIASMERCEDINAS.COM\",\"@id\":\"https:\\\/\\\/noticiasmercedinas.com\\\/site\\\/#\\\/schema\\\/person\\\/84b59c099c28ff2e8b77d4ceec5d8063\"},\"headline\":\"La Negracha lleva el tango mercedino al Club Atl\u00e9tico Fern\u00e1ndez Fierro (CAFF)\",\"datePublished\":\"2025-10-01T20:13:43+00:00\",\"mainEntityOfPage\":{\"@id\":\"https:\\\/\\\/noticiasmercedinas.com\\\/site\\\/2025\\\/10\\\/01\\\/la-negracha-lleva-el-tango-mercedino-al-club-atletico-fernandez-fierro-caff\\\/\"},\"wordCount\":171,\"publisher\":{\"@id\":\"https:\\\/\\\/noticiasmercedinas.com\\\/site\\\/#organization\"},\"image\":{\"@id\":\"https:\\\/\\\/noticiasmercedinas.com\\\/site\\\/2025\\\/10\\\/01\\\/la-negracha-lleva-el-tango-mercedino-al-club-atletico-fernandez-fierro-caff\\\/#primaryimage\"},\"thumbnailUrl\":\"https:\\\/\\\/noticiasmercedinas.com\\\/site\\\/wp-content\\\/uploads\\\/2023\\\/06\\\/negracha-e1686049939823.jpg\",\"keywords\":[\"la negracha\",\"lito cordoba\",\"marcelo giorgione\",\"Nahuel Fusco\",\"Pedro Martini\",\"walter perruolo\"],\"articleSection\":[\"Cultura\"],\"inLanguage\":\"es\"},{\"@type\":\"WebPage\",\"@id\":\"https:\\\/\\\/noticiasmercedinas.com\\\/site\\\/2025\\\/10\\\/01\\\/la-negracha-lleva-el-tango-mercedino-al-club-atletico-fernandez-fierro-caff\\\/\",\"url\":\"https:\\\/\\\/noticiasmercedinas.com\\\/site\\\/2025\\\/10\\\/01\\\/la-negracha-lleva-el-tango-mercedino-al-club-atletico-fernandez-fierro-caff\\\/\",\"name\":\"La Negracha lleva el tango mercedino al Club Atl\u00e9tico Fern\u00e1ndez Fierro (CAFF)\",\"isPartOf\":{\"@id\":\"https:\\\/\\\/noticiasmercedinas.com\\\/site\\\/#website\"},\"primaryImageOfPage\":{\"@id\":\"https:\\\/\\\/noticiasmercedinas.com\\\/site\\\/2025\\\/10\\\/01\\\/la-negracha-lleva-el-tango-mercedino-al-club-atletico-fernandez-fierro-caff\\\/#primaryimage\"},\"image\":{\"@id\":\"https:\\\/\\\/noticiasmercedinas.com\\\/site\\\/2025\\\/10\\\/01\\\/la-negracha-lleva-el-tango-mercedino-al-club-atletico-fernandez-fierro-caff\\\/#primaryimage\"},\"thumbnailUrl\":\"https:\\\/\\\/noticiasmercedinas.com\\\/site\\\/wp-content\\\/uploads\\\/2023\\\/06\\\/negracha-e1686049939823.jpg\",\"datePublished\":\"2025-10-01T20:13:43+00:00\",\"description\":\"La banda de tango oriunda de Mercedes, se presentar\u00e1 en el emblem\u00e1tico escenario del CAFF, uno de los clubes m\u00e1s importantes y vanguardistas de la escena tanguera actual de la Ciudad Aut\u00f3noma de Buenos Aires (CABA).\",\"breadcrumb\":{\"@id\":\"https:\\\/\\\/noticiasmercedinas.com\\\/site\\\/2025\\\/10\\\/01\\\/la-negracha-lleva-el-tango-mercedino-al-club-atletico-fernandez-fierro-caff\\\/#breadcrumb\"},\"inLanguage\":\"es\",\"potentialAction\":[{\"@type\":\"ReadAction\",\"target\":[\"https:\\\/\\\/noticiasmercedinas.com\\\/site\\\/2025\\\/10\\\/01\\\/la-negracha-lleva-el-tango-mercedino-al-club-atletico-fernandez-fierro-caff\\\/\"]}]},{\"@type\":\"ImageObject\",\"inLanguage\":\"es\",\"@id\":\"https:\\\/\\\/noticiasmercedinas.com\\\/site\\\/2025\\\/10\\\/01\\\/la-negracha-lleva-el-tango-mercedino-al-club-atletico-fernandez-fierro-caff\\\/#primaryimage\",\"url\":\"https:\\\/\\\/noticiasmercedinas.com\\\/site\\\/wp-content\\\/uploads\\\/2023\\\/06\\\/negracha-e1686049939823.jpg\",\"contentUrl\":\"https:\\\/\\\/noticiasmercedinas.com\\\/site\\\/wp-content\\\/uploads\\\/2023\\\/06\\\/negracha-e1686049939823.jpg\",\"width\":800,\"height\":614},{\"@type\":\"BreadcrumbList\",\"@id\":\"https:\\\/\\\/noticiasmercedinas.com\\\/site\\\/2025\\\/10\\\/01\\\/la-negracha-lleva-el-tango-mercedino-al-club-atletico-fernandez-fierro-caff\\\/#breadcrumb\",\"itemListElement\":[{\"@type\":\"ListItem\",\"position\":1,\"name\":\"Portada\",\"item\":\"https:\\\/\\\/noticiasmercedinas.com\\\/site\\\/\"},{\"@type\":\"ListItem\",\"position\":2,\"name\":\"La Negracha lleva el tango mercedino al Club Atl\u00e9tico Fern\u00e1ndez Fierro (CAFF)\"}]},{\"@type\":\"WebSite\",\"@id\":\"https:\\\/\\\/noticiasmercedinas.com\\\/site\\\/#website\",\"url\":\"https:\\\/\\\/noticiasmercedinas.com\\\/site\\\/\",\"name\":\"NOTICIASMERCEDINAS.COM\",\"description\":\"Mercedes, Buenos Aires, Argentina\",\"publisher\":{\"@id\":\"https:\\\/\\\/noticiasmercedinas.com\\\/site\\\/#organization\"},\"potentialAction\":[{\"@type\":\"SearchAction\",\"target\":{\"@type\":\"EntryPoint\",\"urlTemplate\":\"https:\\\/\\\/noticiasmercedinas.com\\\/site\\\/?s={search_term_string}\"},\"query-input\":{\"@type\":\"PropertyValueSpecification\",\"valueRequired\":true,\"valueName\":\"search_term_string\"}}],\"inLanguage\":\"es\"},{\"@type\":\"Organization\",\"@id\":\"https:\\\/\\\/noticiasmercedinas.com\\\/site\\\/#organization\",\"name\":\"NOTICIASMERCEDINAS.COM\",\"url\":\"https:\\\/\\\/noticiasmercedinas.com\\\/site\\\/\",\"logo\":{\"@type\":\"ImageObject\",\"inLanguage\":\"es\",\"@id\":\"https:\\\/\\\/noticiasmercedinas.com\\\/site\\\/#\\\/schema\\\/logo\\\/image\\\/\",\"url\":\"https:\\\/\\\/noticiasmercedinas.com\\\/site\\\/wp-content\\\/uploads\\\/2020\\\/06\\\/LOGO-512.jpg\",\"contentUrl\":\"https:\\\/\\\/noticiasmercedinas.com\\\/site\\\/wp-content\\\/uploads\\\/2020\\\/06\\\/LOGO-512.jpg\",\"width\":512,\"height\":512,\"caption\":\"NOTICIASMERCEDINAS.COM\"},\"image\":{\"@id\":\"https:\\\/\\\/noticiasmercedinas.com\\\/site\\\/#\\\/schema\\\/logo\\\/image\\\/\"},\"sameAs\":[\"https:\\\/\\\/www.facebook.com\\\/noticiasmercedinas\\\/\",\"https:\\\/\\\/x.com\\\/notmercedinas\",\"https:\\\/\\\/www.instagram.com\\\/noticiasmercedinas\\\/\"]},{\"@type\":\"Person\",\"@id\":\"https:\\\/\\\/noticiasmercedinas.com\\\/site\\\/#\\\/schema\\\/person\\\/84b59c099c28ff2e8b77d4ceec5d8063\",\"name\":\"NOTICIASMERCEDINAS.COM\",\"image\":{\"@type\":\"ImageObject\",\"inLanguage\":\"es\",\"@id\":\"https:\\\/\\\/secure.gravatar.com\\\/avatar\\\/4dfbf16b4d17945bfb6341b2d19043457132fcf478a5ee04f42e959fd8f5df0a?s=96&d=mm&r=g\",\"url\":\"https:\\\/\\\/secure.gravatar.com\\\/avatar\\\/4dfbf16b4d17945bfb6341b2d19043457132fcf478a5ee04f42e959fd8f5df0a?s=96&d=mm&r=g\",\"contentUrl\":\"https:\\\/\\\/secure.gravatar.com\\\/avatar\\\/4dfbf16b4d17945bfb6341b2d19043457132fcf478a5ee04f42e959fd8f5df0a?s=96&d=mm&r=g\",\"caption\":\"NOTICIASMERCEDINAS.COM\"},\"url\":\"https:\\\/\\\/noticiasmercedinas.com\\\/site\\\/author\\\/anonimo\\\/\"}]}<\/script>\n<!-- \/ Yoast SEO plugin. -->","yoast_head_json":{"title":"La Negracha lleva el tango mercedino al Club Atl\u00e9tico Fern\u00e1ndez Fierro (CAFF)","description":"La banda de tango oriunda de Mercedes, se presentar\u00e1 en el emblem\u00e1tico escenario del CAFF, uno de los clubes m\u00e1s importantes y vanguardistas de la escena tanguera actual de la Ciudad Aut\u00f3noma de Buenos Aires (CABA).","robots":{"index":"index","follow":"follow","max-snippet":"max-snippet:-1","max-image-preview":"max-image-preview:large","max-video-preview":"max-video-preview:-1"},"canonical":"https:\/\/noticiasmercedinas.com\/site\/2025\/10\/01\/la-negracha-lleva-el-tango-mercedino-al-club-atletico-fernandez-fierro-caff\/","og_locale":"es_ES","og_type":"article","og_title":"La Negracha lleva el tango mercedino al Club Atl\u00e9tico Fern\u00e1ndez Fierro (CAFF)","og_description":"La banda de tango oriunda de Mercedes, se presentar\u00e1 en el emblem\u00e1tico escenario del CAFF, uno de los clubes m\u00e1s importantes y vanguardistas de la escena tanguera actual de la Ciudad Aut\u00f3noma de Buenos Aires (CABA).","og_url":"https:\/\/noticiasmercedinas.com\/site\/2025\/10\/01\/la-negracha-lleva-el-tango-mercedino-al-club-atletico-fernandez-fierro-caff\/","og_site_name":"NOTICIASMERCEDINAS.COM","article_publisher":"https:\/\/www.facebook.com\/noticiasmercedinas\/","article_published_time":"2025-10-01T20:13:43+00:00","og_image":[{"width":800,"height":614,"url":"https:\/\/noticiasmercedinas.com\/site\/wp-content\/uploads\/2023\/06\/negracha-e1686049939823.jpg","type":"image\/jpeg"}],"author":"NOTICIASMERCEDINAS.COM","twitter_card":"summary_large_image","twitter_creator":"@notmercedinas","twitter_site":"@notmercedinas","twitter_misc":{"Escrito por":"NOTICIASMERCEDINAS.COM","Tiempo de lectura":"2 minutos"},"schema":{"@context":"https:\/\/schema.org","@graph":[{"@type":"Article","@id":"https:\/\/noticiasmercedinas.com\/site\/2025\/10\/01\/la-negracha-lleva-el-tango-mercedino-al-club-atletico-fernandez-fierro-caff\/#article","isPartOf":{"@id":"https:\/\/noticiasmercedinas.com\/site\/2025\/10\/01\/la-negracha-lleva-el-tango-mercedino-al-club-atletico-fernandez-fierro-caff\/"},"author":{"name":"NOTICIASMERCEDINAS.COM","@id":"https:\/\/noticiasmercedinas.com\/site\/#\/schema\/person\/84b59c099c28ff2e8b77d4ceec5d8063"},"headline":"La Negracha lleva el tango mercedino al Club Atl\u00e9tico Fern\u00e1ndez Fierro (CAFF)","datePublished":"2025-10-01T20:13:43+00:00","mainEntityOfPage":{"@id":"https:\/\/noticiasmercedinas.com\/site\/2025\/10\/01\/la-negracha-lleva-el-tango-mercedino-al-club-atletico-fernandez-fierro-caff\/"},"wordCount":171,"publisher":{"@id":"https:\/\/noticiasmercedinas.com\/site\/#organization"},"image":{"@id":"https:\/\/noticiasmercedinas.com\/site\/2025\/10\/01\/la-negracha-lleva-el-tango-mercedino-al-club-atletico-fernandez-fierro-caff\/#primaryimage"},"thumbnailUrl":"https:\/\/noticiasmercedinas.com\/site\/wp-content\/uploads\/2023\/06\/negracha-e1686049939823.jpg","keywords":["la negracha","lito cordoba","marcelo giorgione","Nahuel Fusco","Pedro Martini","walter perruolo"],"articleSection":["Cultura"],"inLanguage":"es"},{"@type":"WebPage","@id":"https:\/\/noticiasmercedinas.com\/site\/2025\/10\/01\/la-negracha-lleva-el-tango-mercedino-al-club-atletico-fernandez-fierro-caff\/","url":"https:\/\/noticiasmercedinas.com\/site\/2025\/10\/01\/la-negracha-lleva-el-tango-mercedino-al-club-atletico-fernandez-fierro-caff\/","name":"La Negracha lleva el tango mercedino al Club Atl\u00e9tico Fern\u00e1ndez Fierro (CAFF)","isPartOf":{"@id":"https:\/\/noticiasmercedinas.com\/site\/#website"},"primaryImageOfPage":{"@id":"https:\/\/noticiasmercedinas.com\/site\/2025\/10\/01\/la-negracha-lleva-el-tango-mercedino-al-club-atletico-fernandez-fierro-caff\/#primaryimage"},"image":{"@id":"https:\/\/noticiasmercedinas.com\/site\/2025\/10\/01\/la-negracha-lleva-el-tango-mercedino-al-club-atletico-fernandez-fierro-caff\/#primaryimage"},"thumbnailUrl":"https:\/\/noticiasmercedinas.com\/site\/wp-content\/uploads\/2023\/06\/negracha-e1686049939823.jpg","datePublished":"2025-10-01T20:13:43+00:00","description":"La banda de tango oriunda de Mercedes, se presentar\u00e1 en el emblem\u00e1tico escenario del CAFF, uno de los clubes m\u00e1s importantes y vanguardistas de la escena tanguera actual de la Ciudad Aut\u00f3noma de Buenos Aires (CABA).","breadcrumb":{"@id":"https:\/\/noticiasmercedinas.com\/site\/2025\/10\/01\/la-negracha-lleva-el-tango-mercedino-al-club-atletico-fernandez-fierro-caff\/#breadcrumb"},"inLanguage":"es","potentialAction":[{"@type":"ReadAction","target":["https:\/\/noticiasmercedinas.com\/site\/2025\/10\/01\/la-negracha-lleva-el-tango-mercedino-al-club-atletico-fernandez-fierro-caff\/"]}]},{"@type":"ImageObject","inLanguage":"es","@id":"https:\/\/noticiasmercedinas.com\/site\/2025\/10\/01\/la-negracha-lleva-el-tango-mercedino-al-club-atletico-fernandez-fierro-caff\/#primaryimage","url":"https:\/\/noticiasmercedinas.com\/site\/wp-content\/uploads\/2023\/06\/negracha-e1686049939823.jpg","contentUrl":"https:\/\/noticiasmercedinas.com\/site\/wp-content\/uploads\/2023\/06\/negracha-e1686049939823.jpg","width":800,"height":614},{"@type":"BreadcrumbList","@id":"https:\/\/noticiasmercedinas.com\/site\/2025\/10\/01\/la-negracha-lleva-el-tango-mercedino-al-club-atletico-fernandez-fierro-caff\/#breadcrumb","itemListElement":[{"@type":"ListItem","position":1,"name":"Portada","item":"https:\/\/noticiasmercedinas.com\/site\/"},{"@type":"ListItem","position":2,"name":"La Negracha lleva el tango mercedino al Club Atl\u00e9tico Fern\u00e1ndez Fierro (CAFF)"}]},{"@type":"WebSite","@id":"https:\/\/noticiasmercedinas.com\/site\/#website","url":"https:\/\/noticiasmercedinas.com\/site\/","name":"NOTICIASMERCEDINAS.COM","description":"Mercedes, Buenos Aires, Argentina","publisher":{"@id":"https:\/\/noticiasmercedinas.com\/site\/#organization"},"potentialAction":[{"@type":"SearchAction","target":{"@type":"EntryPoint","urlTemplate":"https:\/\/noticiasmercedinas.com\/site\/?s={search_term_string}"},"query-input":{"@type":"PropertyValueSpecification","valueRequired":true,"valueName":"search_term_string"}}],"inLanguage":"es"},{"@type":"Organization","@id":"https:\/\/noticiasmercedinas.com\/site\/#organization","name":"NOTICIASMERCEDINAS.COM","url":"https:\/\/noticiasmercedinas.com\/site\/","logo":{"@type":"ImageObject","inLanguage":"es","@id":"https:\/\/noticiasmercedinas.com\/site\/#\/schema\/logo\/image\/","url":"https:\/\/noticiasmercedinas.com\/site\/wp-content\/uploads\/2020\/06\/LOGO-512.jpg","contentUrl":"https:\/\/noticiasmercedinas.com\/site\/wp-content\/uploads\/2020\/06\/LOGO-512.jpg","width":512,"height":512,"caption":"NOTICIASMERCEDINAS.COM"},"image":{"@id":"https:\/\/noticiasmercedinas.com\/site\/#\/schema\/logo\/image\/"},"sameAs":["https:\/\/www.facebook.com\/noticiasmercedinas\/","https:\/\/x.com\/notmercedinas","https:\/\/www.instagram.com\/noticiasmercedinas\/"]},{"@type":"Person","@id":"https:\/\/noticiasmercedinas.com\/site\/#\/schema\/person\/84b59c099c28ff2e8b77d4ceec5d8063","name":"NOTICIASMERCEDINAS.COM","image":{"@type":"ImageObject","inLanguage":"es","@id":"https:\/\/secure.gravatar.com\/avatar\/4dfbf16b4d17945bfb6341b2d19043457132fcf478a5ee04f42e959fd8f5df0a?s=96&d=mm&r=g","url":"https:\/\/secure.gravatar.com\/avatar\/4dfbf16b4d17945bfb6341b2d19043457132fcf478a5ee04f42e959fd8f5df0a?s=96&d=mm&r=g","contentUrl":"https:\/\/secure.gravatar.com\/avatar\/4dfbf16b4d17945bfb6341b2d19043457132fcf478a5ee04f42e959fd8f5df0a?s=96&d=mm&r=g","caption":"NOTICIASMERCEDINAS.COM"},"url":"https:\/\/noticiasmercedinas.com\/site\/author\/anonimo\/"}]}},"amp_enabled":true,"_links":{"self":[{"href":"https:\/\/noticiasmercedinas.com\/site\/wp-json\/wp\/v2\/posts\/170806","targetHints":{"allow":["GET"]}}],"collection":[{"href":"https:\/\/noticiasmercedinas.com\/site\/wp-json\/wp\/v2\/posts"}],"about":[{"href":"https:\/\/noticiasmercedinas.com\/site\/wp-json\/wp\/v2\/types\/post"}],"author":[{"embeddable":true,"href":"https:\/\/noticiasmercedinas.com\/site\/wp-json\/wp\/v2\/users\/16"}],"replies":[{"embeddable":true,"href":"https:\/\/noticiasmercedinas.com\/site\/wp-json\/wp\/v2\/comments?post=170806"}],"version-history":[{"count":1,"href":"https:\/\/noticiasmercedinas.com\/site\/wp-json\/wp\/v2\/posts\/170806\/revisions"}],"predecessor-version":[{"id":170808,"href":"https:\/\/noticiasmercedinas.com\/site\/wp-json\/wp\/v2\/posts\/170806\/revisions\/170808"}],"wp:featuredmedia":[{"embeddable":true,"href":"https:\/\/noticiasmercedinas.com\/site\/wp-json\/wp\/v2\/media\/116448"}],"wp:attachment":[{"href":"https:\/\/noticiasmercedinas.com\/site\/wp-json\/wp\/v2\/media?parent=170806"}],"wp:term":[{"taxonomy":"category","embeddable":true,"href":"https:\/\/noticiasmercedinas.com\/site\/wp-json\/wp\/v2\/categories?post=170806"},{"taxonomy":"post_tag","embeddable":true,"href":"https:\/\/noticiasmercedinas.com\/site\/wp-json\/wp\/v2\/tags?post=170806"}],"curies":[{"name":"wp","href":"https:\/\/api.w.org\/{rel}","templated":true}]}}