{"id":170907,"date":"2025-10-03T08:49:16","date_gmt":"2025-10-03T11:49:16","guid":{"rendered":"https:\/\/noticiasmercedinas.com\/site\/?p=170907"},"modified":"2025-10-03T10:41:38","modified_gmt":"2025-10-03T13:41:38","slug":"octubre-de-bienestar-y-terapias-alternativas-casa-domo-anuncia-agenda","status":"publish","type":"post","link":"https:\/\/noticiasmercedinas.com\/site\/2025\/10\/03\/octubre-de-bienestar-y-terapias-alternativas-casa-domo-anuncia-agenda\/","title":{"rendered":"Octubre de bienestar y terapias alternativas: Casa Domo anuncia agenda"},"content":{"rendered":"<p><img loading=\"lazy\" decoding=\"async\" class=\"alignnone size-full wp-image-145822\" src=\"https:\/\/noticiasmercedinas.com\/site\/wp-content\/uploads\/2024\/10\/CASADOMO.jpg\" alt=\"\" width=\"765\" height=\"598\" srcset=\"https:\/\/noticiasmercedinas.com\/site\/wp-content\/uploads\/2024\/10\/CASADOMO.jpg 765w, https:\/\/noticiasmercedinas.com\/site\/wp-content\/uploads\/2024\/10\/CASADOMO-300x235.jpg 300w, https:\/\/noticiasmercedinas.com\/site\/wp-content\/uploads\/2024\/10\/CASADOMO-640x500.jpg 640w, https:\/\/noticiasmercedinas.com\/site\/wp-content\/uploads\/2024\/10\/CASADOMO-681x532.jpg 681w\" sizes=\"auto, (max-width: 765px) 100vw, 765px\" \/><\/p>\n<p><b>Casa Domo, un espacio dedicado a terapias hol\u00edsticas y pr\u00e1cticas de autoconocimiento, presenta su calendario de actividades para el mes de octubre, destacando jornadas intensivas de Constelaciones y Talleres de Movimiento Som\u00e1tico<\/b><\/p>\n<p><b>El espacio<\/b> ha hecho p\u00fablica su agenda de actividades para el mes de octubre, ofreciendo una variedad de encuentros y sesiones orientadas al desarrollo personal, el bienestar y la exploraci\u00f3n energ\u00e9tica.<\/p>\n<p>El mes est\u00e1 marcado por varias fechas clave con profesionales especializados en diversas t\u00e9cnicas.<\/p>\n<p>El foco del mes estar\u00e1 puesto en varias pr\u00e1cticas de sanaci\u00f3n sist\u00e9mica y corporal:<\/p>\n<ul>\n<li><b>Constelaciones Familiares:<\/b> Se llevar\u00e1n a cabo el <b>s\u00e1bado 4 de octubre a las 17:00 hs<\/b>, facilitadas por <b>Jos\u00e9 Sidders<\/b>. Se ofrece una atractiva <b>promoci\u00f3n 2&#215;1<\/b> en el valor total, que es de $26.000.<\/li>\n<li><b>Taller de Movimiento Som\u00e1tico:<\/b> El <b>domingo 5 de octubre a las 16:00 hs<\/b>, la facilitadora <b>Daniela Troianovski<\/b> estar\u00e1 a cargo de esta pr\u00e1ctica, con un valor de $22.000.<\/li>\n<li><b>Balanceamiento Energ\u00e9tico Celular:<\/b> <b>Daniela Troianovski<\/b> tambi\u00e9n ofrecer\u00e1 <b>sesiones individuales<\/b> de Balanceamiento Energ\u00e9tico Celular el <b>lunes 6 de octubre<\/b>. Los interesados deben <b>solicitar turno<\/b> previamente.<\/li>\n<li><b>Constelaciones Cu\u00e1nticas:<\/b> Para cerrar el mes, el <b>s\u00e1bado 25 de octubre a las 16:00 hs<\/b>, la <b>Lic. Lorena Majluf<\/b> brindar\u00e1 una jornada de Constelaciones Cu\u00e1nticas, con un valor de $25.000.<\/li>\n<\/ul>\n<p>Contacto: 2324-646718<\/p>\n","protected":false},"excerpt":{"rendered":"<p>Casa Domo, un espacio dedicado a terapias hol\u00edsticas y pr\u00e1cticas de autoconocimiento, presenta su calendario de actividades para el mes de octubre, destacando jornadas intensivas de Constelaciones y Talleres de Movimiento Som\u00e1tico<\/p>\n","protected":false},"author":16,"featured_media":145822,"comment_status":"closed","ping_status":"closed","sticky":false,"template":"","format":"standard","meta":{"footnotes":""},"categories":[8992],"tags":[18505,11216,20821,18561,20986,9159],"class_list":["post-170907","post","type-post","status-publish","format-standard","has-post-thumbnail","hentry","category-bienestar","tag-balanceamiento-energetico-celular","tag-casa-domo","tag-constelaciones-cuanticas","tag-constelaciones-familiares","tag-movimient-somatico","tag-terapias"],"yoast_head":"<!-- This site is optimized with the Yoast SEO plugin v27.5 - https:\/\/yoast.com\/product\/yoast-seo-wordpress\/ -->\n<title>Octubre de bienestar y terapias alternativas: Casa Domo anuncia agenda<\/title>\n<meta name=\"description\" content=\"Casa Domo, un espacio dedicado a terapias hol\u00edsticas y pr\u00e1cticas de autoconocimiento, presenta su calendario de actividades para el mes de octubre, destacando jornadas intensivas de Constelaciones, Talleres de Movimiento Som\u00e1tico\" \/>\n<meta name=\"robots\" content=\"index, follow, max-snippet:-1, max-image-preview:large, max-video-preview:-1\" \/>\n<link rel=\"canonical\" href=\"https:\/\/noticiasmercedinas.com\/site\/2025\/10\/03\/octubre-de-bienestar-y-terapias-alternativas-casa-domo-anuncia-agenda\/\" \/>\n<meta property=\"og:locale\" content=\"es_ES\" \/>\n<meta property=\"og:type\" content=\"article\" \/>\n<meta property=\"og:title\" content=\"Octubre de bienestar y terapias alternativas: Casa Domo anuncia agenda\" \/>\n<meta property=\"og:description\" content=\"Casa Domo, un espacio dedicado a terapias hol\u00edsticas y pr\u00e1cticas de autoconocimiento, presenta su calendario de actividades para el mes de octubre, destacando jornadas intensivas de Constelaciones, Talleres de Movimiento Som\u00e1tico\" \/>\n<meta property=\"og:url\" content=\"https:\/\/noticiasmercedinas.com\/site\/2025\/10\/03\/octubre-de-bienestar-y-terapias-alternativas-casa-domo-anuncia-agenda\/\" \/>\n<meta property=\"og:site_name\" content=\"NOTICIASMERCEDINAS.COM\" \/>\n<meta property=\"article:publisher\" content=\"https:\/\/www.facebook.com\/noticiasmercedinas\/\" \/>\n<meta property=\"article:published_time\" content=\"2025-10-03T11:49:16+00:00\" \/>\n<meta property=\"article:modified_time\" content=\"2025-10-03T13:41:38+00:00\" \/>\n<meta property=\"og:image\" content=\"https:\/\/noticiasmercedinas.com\/site\/wp-content\/uploads\/2024\/10\/CASADOMO.jpg\" \/>\n\t<meta property=\"og:image:width\" content=\"765\" \/>\n\t<meta property=\"og:image:height\" content=\"598\" \/>\n\t<meta property=\"og:image:type\" content=\"image\/jpeg\" \/>\n<meta name=\"author\" content=\"NOTICIASMERCEDINAS.COM\" \/>\n<meta name=\"twitter:card\" content=\"summary_large_image\" \/>\n<meta name=\"twitter:creator\" content=\"@notmercedinas\" \/>\n<meta name=\"twitter:site\" content=\"@notmercedinas\" \/>\n<meta name=\"twitter:label1\" content=\"Escrito por\" \/>\n\t<meta name=\"twitter:data1\" content=\"NOTICIASMERCEDINAS.COM\" \/>\n\t<meta name=\"twitter:label2\" content=\"Tiempo de lectura\" \/>\n\t<meta name=\"twitter:data2\" content=\"2 minutos\" \/>\n<script type=\"application\/ld+json\" class=\"yoast-schema-graph\">{\"@context\":\"https:\\\/\\\/schema.org\",\"@graph\":[{\"@type\":\"Article\",\"@id\":\"https:\\\/\\\/noticiasmercedinas.com\\\/site\\\/2025\\\/10\\\/03\\\/octubre-de-bienestar-y-terapias-alternativas-casa-domo-anuncia-agenda\\\/#article\",\"isPartOf\":{\"@id\":\"https:\\\/\\\/noticiasmercedinas.com\\\/site\\\/2025\\\/10\\\/03\\\/octubre-de-bienestar-y-terapias-alternativas-casa-domo-anuncia-agenda\\\/\"},\"author\":{\"name\":\"NOTICIASMERCEDINAS.COM\",\"@id\":\"https:\\\/\\\/noticiasmercedinas.com\\\/site\\\/#\\\/schema\\\/person\\\/84b59c099c28ff2e8b77d4ceec5d8063\"},\"headline\":\"Octubre de bienestar y terapias alternativas: Casa Domo anuncia agenda\",\"datePublished\":\"2025-10-03T11:49:16+00:00\",\"dateModified\":\"2025-10-03T13:41:38+00:00\",\"mainEntityOfPage\":{\"@id\":\"https:\\\/\\\/noticiasmercedinas.com\\\/site\\\/2025\\\/10\\\/03\\\/octubre-de-bienestar-y-terapias-alternativas-casa-domo-anuncia-agenda\\\/\"},\"wordCount\":229,\"publisher\":{\"@id\":\"https:\\\/\\\/noticiasmercedinas.com\\\/site\\\/#organization\"},\"image\":{\"@id\":\"https:\\\/\\\/noticiasmercedinas.com\\\/site\\\/2025\\\/10\\\/03\\\/octubre-de-bienestar-y-terapias-alternativas-casa-domo-anuncia-agenda\\\/#primaryimage\"},\"thumbnailUrl\":\"https:\\\/\\\/noticiasmercedinas.com\\\/site\\\/wp-content\\\/uploads\\\/2024\\\/10\\\/CASADOMO.jpg\",\"keywords\":[\"Balanceamiento Energ\u00e9tico Celular\",\"casa domo\",\"constelaciones cuanticas\",\"Constelaciones Familiares\",\"movimient somatico\",\"terapias\"],\"articleSection\":[\"Bienestar\"],\"inLanguage\":\"es\"},{\"@type\":\"WebPage\",\"@id\":\"https:\\\/\\\/noticiasmercedinas.com\\\/site\\\/2025\\\/10\\\/03\\\/octubre-de-bienestar-y-terapias-alternativas-casa-domo-anuncia-agenda\\\/\",\"url\":\"https:\\\/\\\/noticiasmercedinas.com\\\/site\\\/2025\\\/10\\\/03\\\/octubre-de-bienestar-y-terapias-alternativas-casa-domo-anuncia-agenda\\\/\",\"name\":\"Octubre de bienestar y terapias alternativas: Casa Domo anuncia agenda\",\"isPartOf\":{\"@id\":\"https:\\\/\\\/noticiasmercedinas.com\\\/site\\\/#website\"},\"primaryImageOfPage\":{\"@id\":\"https:\\\/\\\/noticiasmercedinas.com\\\/site\\\/2025\\\/10\\\/03\\\/octubre-de-bienestar-y-terapias-alternativas-casa-domo-anuncia-agenda\\\/#primaryimage\"},\"image\":{\"@id\":\"https:\\\/\\\/noticiasmercedinas.com\\\/site\\\/2025\\\/10\\\/03\\\/octubre-de-bienestar-y-terapias-alternativas-casa-domo-anuncia-agenda\\\/#primaryimage\"},\"thumbnailUrl\":\"https:\\\/\\\/noticiasmercedinas.com\\\/site\\\/wp-content\\\/uploads\\\/2024\\\/10\\\/CASADOMO.jpg\",\"datePublished\":\"2025-10-03T11:49:16+00:00\",\"dateModified\":\"2025-10-03T13:41:38+00:00\",\"description\":\"Casa Domo, un espacio dedicado a terapias hol\u00edsticas y pr\u00e1cticas de autoconocimiento, presenta su calendario de actividades para el mes de octubre, destacando jornadas intensivas de Constelaciones, Talleres de Movimiento Som\u00e1tico\",\"breadcrumb\":{\"@id\":\"https:\\\/\\\/noticiasmercedinas.com\\\/site\\\/2025\\\/10\\\/03\\\/octubre-de-bienestar-y-terapias-alternativas-casa-domo-anuncia-agenda\\\/#breadcrumb\"},\"inLanguage\":\"es\",\"potentialAction\":[{\"@type\":\"ReadAction\",\"target\":[\"https:\\\/\\\/noticiasmercedinas.com\\\/site\\\/2025\\\/10\\\/03\\\/octubre-de-bienestar-y-terapias-alternativas-casa-domo-anuncia-agenda\\\/\"]}]},{\"@type\":\"ImageObject\",\"inLanguage\":\"es\",\"@id\":\"https:\\\/\\\/noticiasmercedinas.com\\\/site\\\/2025\\\/10\\\/03\\\/octubre-de-bienestar-y-terapias-alternativas-casa-domo-anuncia-agenda\\\/#primaryimage\",\"url\":\"https:\\\/\\\/noticiasmercedinas.com\\\/site\\\/wp-content\\\/uploads\\\/2024\\\/10\\\/CASADOMO.jpg\",\"contentUrl\":\"https:\\\/\\\/noticiasmercedinas.com\\\/site\\\/wp-content\\\/uploads\\\/2024\\\/10\\\/CASADOMO.jpg\",\"width\":765,\"height\":598},{\"@type\":\"BreadcrumbList\",\"@id\":\"https:\\\/\\\/noticiasmercedinas.com\\\/site\\\/2025\\\/10\\\/03\\\/octubre-de-bienestar-y-terapias-alternativas-casa-domo-anuncia-agenda\\\/#breadcrumb\",\"itemListElement\":[{\"@type\":\"ListItem\",\"position\":1,\"name\":\"Portada\",\"item\":\"https:\\\/\\\/noticiasmercedinas.com\\\/site\\\/\"},{\"@type\":\"ListItem\",\"position\":2,\"name\":\"Octubre de bienestar y terapias alternativas: Casa Domo anuncia agenda\"}]},{\"@type\":\"WebSite\",\"@id\":\"https:\\\/\\\/noticiasmercedinas.com\\\/site\\\/#website\",\"url\":\"https:\\\/\\\/noticiasmercedinas.com\\\/site\\\/\",\"name\":\"NOTICIASMERCEDINAS.COM\",\"description\":\"Mercedes, Buenos Aires, Argentina\",\"publisher\":{\"@id\":\"https:\\\/\\\/noticiasmercedinas.com\\\/site\\\/#organization\"},\"potentialAction\":[{\"@type\":\"SearchAction\",\"target\":{\"@type\":\"EntryPoint\",\"urlTemplate\":\"https:\\\/\\\/noticiasmercedinas.com\\\/site\\\/?s={search_term_string}\"},\"query-input\":{\"@type\":\"PropertyValueSpecification\",\"valueRequired\":true,\"valueName\":\"search_term_string\"}}],\"inLanguage\":\"es\"},{\"@type\":\"Organization\",\"@id\":\"https:\\\/\\\/noticiasmercedinas.com\\\/site\\\/#organization\",\"name\":\"NOTICIASMERCEDINAS.COM\",\"url\":\"https:\\\/\\\/noticiasmercedinas.com\\\/site\\\/\",\"logo\":{\"@type\":\"ImageObject\",\"inLanguage\":\"es\",\"@id\":\"https:\\\/\\\/noticiasmercedinas.com\\\/site\\\/#\\\/schema\\\/logo\\\/image\\\/\",\"url\":\"https:\\\/\\\/noticiasmercedinas.com\\\/site\\\/wp-content\\\/uploads\\\/2020\\\/06\\\/LOGO-512.jpg\",\"contentUrl\":\"https:\\\/\\\/noticiasmercedinas.com\\\/site\\\/wp-content\\\/uploads\\\/2020\\\/06\\\/LOGO-512.jpg\",\"width\":512,\"height\":512,\"caption\":\"NOTICIASMERCEDINAS.COM\"},\"image\":{\"@id\":\"https:\\\/\\\/noticiasmercedinas.com\\\/site\\\/#\\\/schema\\\/logo\\\/image\\\/\"},\"sameAs\":[\"https:\\\/\\\/www.facebook.com\\\/noticiasmercedinas\\\/\",\"https:\\\/\\\/x.com\\\/notmercedinas\",\"https:\\\/\\\/www.instagram.com\\\/noticiasmercedinas\\\/\"]},{\"@type\":\"Person\",\"@id\":\"https:\\\/\\\/noticiasmercedinas.com\\\/site\\\/#\\\/schema\\\/person\\\/84b59c099c28ff2e8b77d4ceec5d8063\",\"name\":\"NOTICIASMERCEDINAS.COM\",\"image\":{\"@type\":\"ImageObject\",\"inLanguage\":\"es\",\"@id\":\"https:\\\/\\\/secure.gravatar.com\\\/avatar\\\/4dfbf16b4d17945bfb6341b2d19043457132fcf478a5ee04f42e959fd8f5df0a?s=96&d=mm&r=g\",\"url\":\"https:\\\/\\\/secure.gravatar.com\\\/avatar\\\/4dfbf16b4d17945bfb6341b2d19043457132fcf478a5ee04f42e959fd8f5df0a?s=96&d=mm&r=g\",\"contentUrl\":\"https:\\\/\\\/secure.gravatar.com\\\/avatar\\\/4dfbf16b4d17945bfb6341b2d19043457132fcf478a5ee04f42e959fd8f5df0a?s=96&d=mm&r=g\",\"caption\":\"NOTICIASMERCEDINAS.COM\"},\"url\":\"https:\\\/\\\/noticiasmercedinas.com\\\/site\\\/author\\\/anonimo\\\/\"}]}<\/script>\n<!-- \/ Yoast SEO plugin. -->","yoast_head_json":{"title":"Octubre de bienestar y terapias alternativas: Casa Domo anuncia agenda","description":"Casa Domo, un espacio dedicado a terapias hol\u00edsticas y pr\u00e1cticas de autoconocimiento, presenta su calendario de actividades para el mes de octubre, destacando jornadas intensivas de Constelaciones, Talleres de Movimiento Som\u00e1tico","robots":{"index":"index","follow":"follow","max-snippet":"max-snippet:-1","max-image-preview":"max-image-preview:large","max-video-preview":"max-video-preview:-1"},"canonical":"https:\/\/noticiasmercedinas.com\/site\/2025\/10\/03\/octubre-de-bienestar-y-terapias-alternativas-casa-domo-anuncia-agenda\/","og_locale":"es_ES","og_type":"article","og_title":"Octubre de bienestar y terapias alternativas: Casa Domo anuncia agenda","og_description":"Casa Domo, un espacio dedicado a terapias hol\u00edsticas y pr\u00e1cticas de autoconocimiento, presenta su calendario de actividades para el mes de octubre, destacando jornadas intensivas de Constelaciones, Talleres de Movimiento Som\u00e1tico","og_url":"https:\/\/noticiasmercedinas.com\/site\/2025\/10\/03\/octubre-de-bienestar-y-terapias-alternativas-casa-domo-anuncia-agenda\/","og_site_name":"NOTICIASMERCEDINAS.COM","article_publisher":"https:\/\/www.facebook.com\/noticiasmercedinas\/","article_published_time":"2025-10-03T11:49:16+00:00","article_modified_time":"2025-10-03T13:41:38+00:00","og_image":[{"width":765,"height":598,"url":"https:\/\/noticiasmercedinas.com\/site\/wp-content\/uploads\/2024\/10\/CASADOMO.jpg","type":"image\/jpeg"}],"author":"NOTICIASMERCEDINAS.COM","twitter_card":"summary_large_image","twitter_creator":"@notmercedinas","twitter_site":"@notmercedinas","twitter_misc":{"Escrito por":"NOTICIASMERCEDINAS.COM","Tiempo de lectura":"2 minutos"},"schema":{"@context":"https:\/\/schema.org","@graph":[{"@type":"Article","@id":"https:\/\/noticiasmercedinas.com\/site\/2025\/10\/03\/octubre-de-bienestar-y-terapias-alternativas-casa-domo-anuncia-agenda\/#article","isPartOf":{"@id":"https:\/\/noticiasmercedinas.com\/site\/2025\/10\/03\/octubre-de-bienestar-y-terapias-alternativas-casa-domo-anuncia-agenda\/"},"author":{"name":"NOTICIASMERCEDINAS.COM","@id":"https:\/\/noticiasmercedinas.com\/site\/#\/schema\/person\/84b59c099c28ff2e8b77d4ceec5d8063"},"headline":"Octubre de bienestar y terapias alternativas: Casa Domo anuncia agenda","datePublished":"2025-10-03T11:49:16+00:00","dateModified":"2025-10-03T13:41:38+00:00","mainEntityOfPage":{"@id":"https:\/\/noticiasmercedinas.com\/site\/2025\/10\/03\/octubre-de-bienestar-y-terapias-alternativas-casa-domo-anuncia-agenda\/"},"wordCount":229,"publisher":{"@id":"https:\/\/noticiasmercedinas.com\/site\/#organization"},"image":{"@id":"https:\/\/noticiasmercedinas.com\/site\/2025\/10\/03\/octubre-de-bienestar-y-terapias-alternativas-casa-domo-anuncia-agenda\/#primaryimage"},"thumbnailUrl":"https:\/\/noticiasmercedinas.com\/site\/wp-content\/uploads\/2024\/10\/CASADOMO.jpg","keywords":["Balanceamiento Energ\u00e9tico Celular","casa domo","constelaciones cuanticas","Constelaciones Familiares","movimient somatico","terapias"],"articleSection":["Bienestar"],"inLanguage":"es"},{"@type":"WebPage","@id":"https:\/\/noticiasmercedinas.com\/site\/2025\/10\/03\/octubre-de-bienestar-y-terapias-alternativas-casa-domo-anuncia-agenda\/","url":"https:\/\/noticiasmercedinas.com\/site\/2025\/10\/03\/octubre-de-bienestar-y-terapias-alternativas-casa-domo-anuncia-agenda\/","name":"Octubre de bienestar y terapias alternativas: Casa Domo anuncia agenda","isPartOf":{"@id":"https:\/\/noticiasmercedinas.com\/site\/#website"},"primaryImageOfPage":{"@id":"https:\/\/noticiasmercedinas.com\/site\/2025\/10\/03\/octubre-de-bienestar-y-terapias-alternativas-casa-domo-anuncia-agenda\/#primaryimage"},"image":{"@id":"https:\/\/noticiasmercedinas.com\/site\/2025\/10\/03\/octubre-de-bienestar-y-terapias-alternativas-casa-domo-anuncia-agenda\/#primaryimage"},"thumbnailUrl":"https:\/\/noticiasmercedinas.com\/site\/wp-content\/uploads\/2024\/10\/CASADOMO.jpg","datePublished":"2025-10-03T11:49:16+00:00","dateModified":"2025-10-03T13:41:38+00:00","description":"Casa Domo, un espacio dedicado a terapias hol\u00edsticas y pr\u00e1cticas de autoconocimiento, presenta su calendario de actividades para el mes de octubre, destacando jornadas intensivas de Constelaciones, Talleres de Movimiento Som\u00e1tico","breadcrumb":{"@id":"https:\/\/noticiasmercedinas.com\/site\/2025\/10\/03\/octubre-de-bienestar-y-terapias-alternativas-casa-domo-anuncia-agenda\/#breadcrumb"},"inLanguage":"es","potentialAction":[{"@type":"ReadAction","target":["https:\/\/noticiasmercedinas.com\/site\/2025\/10\/03\/octubre-de-bienestar-y-terapias-alternativas-casa-domo-anuncia-agenda\/"]}]},{"@type":"ImageObject","inLanguage":"es","@id":"https:\/\/noticiasmercedinas.com\/site\/2025\/10\/03\/octubre-de-bienestar-y-terapias-alternativas-casa-domo-anuncia-agenda\/#primaryimage","url":"https:\/\/noticiasmercedinas.com\/site\/wp-content\/uploads\/2024\/10\/CASADOMO.jpg","contentUrl":"https:\/\/noticiasmercedinas.com\/site\/wp-content\/uploads\/2024\/10\/CASADOMO.jpg","width":765,"height":598},{"@type":"BreadcrumbList","@id":"https:\/\/noticiasmercedinas.com\/site\/2025\/10\/03\/octubre-de-bienestar-y-terapias-alternativas-casa-domo-anuncia-agenda\/#breadcrumb","itemListElement":[{"@type":"ListItem","position":1,"name":"Portada","item":"https:\/\/noticiasmercedinas.com\/site\/"},{"@type":"ListItem","position":2,"name":"Octubre de bienestar y terapias alternativas: Casa Domo anuncia agenda"}]},{"@type":"WebSite","@id":"https:\/\/noticiasmercedinas.com\/site\/#website","url":"https:\/\/noticiasmercedinas.com\/site\/","name":"NOTICIASMERCEDINAS.COM","description":"Mercedes, Buenos Aires, Argentina","publisher":{"@id":"https:\/\/noticiasmercedinas.com\/site\/#organization"},"potentialAction":[{"@type":"SearchAction","target":{"@type":"EntryPoint","urlTemplate":"https:\/\/noticiasmercedinas.com\/site\/?s={search_term_string}"},"query-input":{"@type":"PropertyValueSpecification","valueRequired":true,"valueName":"search_term_string"}}],"inLanguage":"es"},{"@type":"Organization","@id":"https:\/\/noticiasmercedinas.com\/site\/#organization","name":"NOTICIASMERCEDINAS.COM","url":"https:\/\/noticiasmercedinas.com\/site\/","logo":{"@type":"ImageObject","inLanguage":"es","@id":"https:\/\/noticiasmercedinas.com\/site\/#\/schema\/logo\/image\/","url":"https:\/\/noticiasmercedinas.com\/site\/wp-content\/uploads\/2020\/06\/LOGO-512.jpg","contentUrl":"https:\/\/noticiasmercedinas.com\/site\/wp-content\/uploads\/2020\/06\/LOGO-512.jpg","width":512,"height":512,"caption":"NOTICIASMERCEDINAS.COM"},"image":{"@id":"https:\/\/noticiasmercedinas.com\/site\/#\/schema\/logo\/image\/"},"sameAs":["https:\/\/www.facebook.com\/noticiasmercedinas\/","https:\/\/x.com\/notmercedinas","https:\/\/www.instagram.com\/noticiasmercedinas\/"]},{"@type":"Person","@id":"https:\/\/noticiasmercedinas.com\/site\/#\/schema\/person\/84b59c099c28ff2e8b77d4ceec5d8063","name":"NOTICIASMERCEDINAS.COM","image":{"@type":"ImageObject","inLanguage":"es","@id":"https:\/\/secure.gravatar.com\/avatar\/4dfbf16b4d17945bfb6341b2d19043457132fcf478a5ee04f42e959fd8f5df0a?s=96&d=mm&r=g","url":"https:\/\/secure.gravatar.com\/avatar\/4dfbf16b4d17945bfb6341b2d19043457132fcf478a5ee04f42e959fd8f5df0a?s=96&d=mm&r=g","contentUrl":"https:\/\/secure.gravatar.com\/avatar\/4dfbf16b4d17945bfb6341b2d19043457132fcf478a5ee04f42e959fd8f5df0a?s=96&d=mm&r=g","caption":"NOTICIASMERCEDINAS.COM"},"url":"https:\/\/noticiasmercedinas.com\/site\/author\/anonimo\/"}]}},"amp_enabled":true,"_links":{"self":[{"href":"https:\/\/noticiasmercedinas.com\/site\/wp-json\/wp\/v2\/posts\/170907","targetHints":{"allow":["GET"]}}],"collection":[{"href":"https:\/\/noticiasmercedinas.com\/site\/wp-json\/wp\/v2\/posts"}],"about":[{"href":"https:\/\/noticiasmercedinas.com\/site\/wp-json\/wp\/v2\/types\/post"}],"author":[{"embeddable":true,"href":"https:\/\/noticiasmercedinas.com\/site\/wp-json\/wp\/v2\/users\/16"}],"replies":[{"embeddable":true,"href":"https:\/\/noticiasmercedinas.com\/site\/wp-json\/wp\/v2\/comments?post=170907"}],"version-history":[{"count":4,"href":"https:\/\/noticiasmercedinas.com\/site\/wp-json\/wp\/v2\/posts\/170907\/revisions"}],"predecessor-version":[{"id":170933,"href":"https:\/\/noticiasmercedinas.com\/site\/wp-json\/wp\/v2\/posts\/170907\/revisions\/170933"}],"wp:featuredmedia":[{"embeddable":true,"href":"https:\/\/noticiasmercedinas.com\/site\/wp-json\/wp\/v2\/media\/145822"}],"wp:attachment":[{"href":"https:\/\/noticiasmercedinas.com\/site\/wp-json\/wp\/v2\/media?parent=170907"}],"wp:term":[{"taxonomy":"category","embeddable":true,"href":"https:\/\/noticiasmercedinas.com\/site\/wp-json\/wp\/v2\/categories?post=170907"},{"taxonomy":"post_tag","embeddable":true,"href":"https:\/\/noticiasmercedinas.com\/site\/wp-json\/wp\/v2\/tags?post=170907"}],"curies":[{"name":"wp","href":"https:\/\/api.w.org\/{rel}","templated":true}]}}