{"id":170947,"date":"2025-10-03T14:52:12","date_gmt":"2025-10-03T17:52:12","guid":{"rendered":"https:\/\/noticiasmercedinas.com\/site\/?p=170947"},"modified":"2025-10-03T14:52:12","modified_gmt":"2025-10-03T17:52:12","slug":"mercedes-de-fiesta-desfile-civico-institucional-por-los-200-anos-de-la-catedral-se-mantiene-este-sabado","status":"publish","type":"post","link":"https:\/\/noticiasmercedinas.com\/site\/2025\/10\/03\/mercedes-de-fiesta-desfile-civico-institucional-por-los-200-anos-de-la-catedral-se-mantiene-este-sabado\/","title":{"rendered":"Mercedes de fiesta: desfile c\u00edvico-institucional por los 200 A\u00f1os de la Catedral se mantiene, este s\u00e1bado"},"content":{"rendered":"<p><img loading=\"lazy\" decoding=\"async\" class=\"alignnone size-full wp-image-170948\" src=\"https:\/\/noticiasmercedinas.com\/site\/wp-content\/uploads\/2025\/10\/31f4ba9e-1317-4e24-ac62-d4b0a201a428.jpg\" alt=\"\" width=\"1316\" height=\"879\" srcset=\"https:\/\/noticiasmercedinas.com\/site\/wp-content\/uploads\/2025\/10\/31f4ba9e-1317-4e24-ac62-d4b0a201a428.jpg 1316w, https:\/\/noticiasmercedinas.com\/site\/wp-content\/uploads\/2025\/10\/31f4ba9e-1317-4e24-ac62-d4b0a201a428-300x200.jpg 300w, https:\/\/noticiasmercedinas.com\/site\/wp-content\/uploads\/2025\/10\/31f4ba9e-1317-4e24-ac62-d4b0a201a428-1024x684.jpg 1024w, https:\/\/noticiasmercedinas.com\/site\/wp-content\/uploads\/2025\/10\/31f4ba9e-1317-4e24-ac62-d4b0a201a428-768x513.jpg 768w, https:\/\/noticiasmercedinas.com\/site\/wp-content\/uploads\/2025\/10\/31f4ba9e-1317-4e24-ac62-d4b0a201a428-537x360.jpg 537w, https:\/\/noticiasmercedinas.com\/site\/wp-content\/uploads\/2025\/10\/31f4ba9e-1317-4e24-ac62-d4b0a201a428-640x427.jpg 640w, https:\/\/noticiasmercedinas.com\/site\/wp-content\/uploads\/2025\/10\/31f4ba9e-1317-4e24-ac62-d4b0a201a428-1280x855.jpg 1280w, https:\/\/noticiasmercedinas.com\/site\/wp-content\/uploads\/2025\/10\/31f4ba9e-1317-4e24-ac62-d4b0a201a428-681x455.jpg 681w\" sizes=\"auto, (max-width: 1316px) 100vw, 1316px\" \/><\/p>\n<p>La ciudad de Mercedes vivir\u00e1 este s\u00e1bado una jornada de profunda tradici\u00f3n e identidad local con la realizaci\u00f3n del desfile c\u00edvico-institucional, un evento que conmemora los 200 a\u00f1os de la comunidad representativa de su Catedral Bas\u00edlica y honra a la Virgen de la Merced, patrona de la ciudad.<\/p>\n<p>Desde la Municipalidad de Mercedes se confirm\u00f3 la realizaci\u00f3n del acto, que comenzar\u00e1 puntualmente a las 10:00 horas. La cita es en la Avenida 29, entre calles 30 y 22, teniendo como epicentro la ic\u00f3nica Plaza San Mart\u00edn.<\/p>\n<p>La noticia llega en un contexto en el que la agenda de festejos local sufri\u00f3 una modificaci\u00f3n: el popular Festival de Cerveceros, previsto inicialmente para el domingo, fue suspendido y reprogramado para la pr\u00f3xima semana debido al pron\u00f3stico de mal clima. Sin embargo, las autoridades enfatizaron que el evento central de este s\u00e1bado no sufrir\u00e1 cambios.<\/p>\n<p><strong>Tradici\u00f3n y comunidad en marcha<\/strong><br \/>\nEl desfile de este a\u00f1o promete ser una potente muestra de la fibra social de Mercedes. Contar\u00e1 con la participaci\u00f3n de m\u00e1s de 70 instituciones de diversos \u00e1mbitos: educativas, deportivas, sociales, de bienestar y de seguridad.<\/p>\n<p>El objetivo es compartir una \u00abma\u00f1ana de s\u00e1bado diferente, repleta de tradici\u00f3n, cultura e identidad mercedina\u00bb, seg\u00fan indicaron fuentes municipales.<\/p>\n<p>Se espera una gran concurrencia de vecinos para acompa\u00f1ar a las organizaciones que pasar\u00e1n frente al palco principal en una celebraci\u00f3n que une la fe, la historia y la vida comunitaria de la ciudad.<\/p>\n","protected":false},"excerpt":{"rendered":"<p>\u25a0 El acto por el bicentenario de la comunidad de la Bas\u00edlica y en honor a la Virgen de la Merced se realizar\u00e1 a partir de las 10, en Avenida 29. La Municipalidad confirma el evento a pesar de la suspensi\u00f3n del Festival Cervecero por mal clima.<\/p>\n","protected":false},"author":16,"featured_media":170948,"comment_status":"closed","ping_status":"closed","sticky":false,"template":"","format":"standard","meta":{"footnotes":""},"categories":[3],"tags":[6109,2017],"class_list":["post-170947","post","type-post","status-publish","format-standard","has-post-thumbnail","hentry","category-sociedad","tag-basilica-catedral","tag-desfile"],"yoast_head":"<!-- This site is optimized with the Yoast SEO plugin v27.5 - https:\/\/yoast.com\/product\/yoast-seo-wordpress\/ -->\n<title>Mercedes de fiesta: desfile c\u00edvico-institucional por los 200 A\u00f1os de la Catedral se mantiene, este s\u00e1bado<\/title>\n<meta name=\"description\" content=\"El acto conmemorativo por el bicentenario de la comunidad de la Bas\u00edlica y en honor a la Virgen de la Merced se realizar\u00e1 a partir de las 10, en Avenida 29. La Municipalidad confirma el evento a pesar de la suspensi\u00f3n del Festival Cervecero por mal clima.\" \/>\n<meta name=\"robots\" content=\"index, follow, max-snippet:-1, max-image-preview:large, max-video-preview:-1\" \/>\n<link rel=\"canonical\" href=\"https:\/\/noticiasmercedinas.com\/site\/2025\/10\/03\/mercedes-de-fiesta-desfile-civico-institucional-por-los-200-anos-de-la-catedral-se-mantiene-este-sabado\/\" \/>\n<meta property=\"og:locale\" content=\"es_ES\" \/>\n<meta property=\"og:type\" content=\"article\" \/>\n<meta property=\"og:title\" content=\"Mercedes de fiesta: desfile c\u00edvico-institucional por los 200 A\u00f1os de la Catedral se mantiene, este s\u00e1bado\" \/>\n<meta property=\"og:description\" content=\"El acto conmemorativo por el bicentenario de la comunidad de la Bas\u00edlica y en honor a la Virgen de la Merced se realizar\u00e1 a partir de las 10, en Avenida 29. La Municipalidad confirma el evento a pesar de la suspensi\u00f3n del Festival Cervecero por mal clima.\" \/>\n<meta property=\"og:url\" content=\"https:\/\/noticiasmercedinas.com\/site\/2025\/10\/03\/mercedes-de-fiesta-desfile-civico-institucional-por-los-200-anos-de-la-catedral-se-mantiene-este-sabado\/\" \/>\n<meta property=\"og:site_name\" content=\"NOTICIASMERCEDINAS.COM\" \/>\n<meta property=\"article:publisher\" content=\"https:\/\/www.facebook.com\/noticiasmercedinas\/\" \/>\n<meta property=\"article:published_time\" content=\"2025-10-03T17:52:12+00:00\" \/>\n<meta property=\"og:image\" content=\"https:\/\/noticiasmercedinas.com\/site\/wp-content\/uploads\/2025\/10\/31f4ba9e-1317-4e24-ac62-d4b0a201a428.jpg\" \/>\n\t<meta property=\"og:image:width\" content=\"1316\" \/>\n\t<meta property=\"og:image:height\" content=\"879\" \/>\n\t<meta property=\"og:image:type\" content=\"image\/jpeg\" \/>\n<meta name=\"author\" content=\"NOTICIASMERCEDINAS.COM\" \/>\n<meta name=\"twitter:card\" content=\"summary_large_image\" \/>\n<meta name=\"twitter:creator\" content=\"@notmercedinas\" \/>\n<meta name=\"twitter:site\" content=\"@notmercedinas\" \/>\n<meta name=\"twitter:label1\" content=\"Escrito por\" \/>\n\t<meta name=\"twitter:data1\" content=\"NOTICIASMERCEDINAS.COM\" \/>\n\t<meta name=\"twitter:label2\" content=\"Tiempo de lectura\" \/>\n\t<meta name=\"twitter:data2\" content=\"2 minutos\" \/>\n<script type=\"application\/ld+json\" class=\"yoast-schema-graph\">{\"@context\":\"https:\\\/\\\/schema.org\",\"@graph\":[{\"@type\":\"Article\",\"@id\":\"https:\\\/\\\/noticiasmercedinas.com\\\/site\\\/2025\\\/10\\\/03\\\/mercedes-de-fiesta-desfile-civico-institucional-por-los-200-anos-de-la-catedral-se-mantiene-este-sabado\\\/#article\",\"isPartOf\":{\"@id\":\"https:\\\/\\\/noticiasmercedinas.com\\\/site\\\/2025\\\/10\\\/03\\\/mercedes-de-fiesta-desfile-civico-institucional-por-los-200-anos-de-la-catedral-se-mantiene-este-sabado\\\/\"},\"author\":{\"name\":\"NOTICIASMERCEDINAS.COM\",\"@id\":\"https:\\\/\\\/noticiasmercedinas.com\\\/site\\\/#\\\/schema\\\/person\\\/84b59c099c28ff2e8b77d4ceec5d8063\"},\"headline\":\"Mercedes de fiesta: desfile c\u00edvico-institucional por los 200 A\u00f1os de la Catedral se mantiene, este s\u00e1bado\",\"datePublished\":\"2025-10-03T17:52:12+00:00\",\"mainEntityOfPage\":{\"@id\":\"https:\\\/\\\/noticiasmercedinas.com\\\/site\\\/2025\\\/10\\\/03\\\/mercedes-de-fiesta-desfile-civico-institucional-por-los-200-anos-de-la-catedral-se-mantiene-este-sabado\\\/\"},\"wordCount\":273,\"publisher\":{\"@id\":\"https:\\\/\\\/noticiasmercedinas.com\\\/site\\\/#organization\"},\"image\":{\"@id\":\"https:\\\/\\\/noticiasmercedinas.com\\\/site\\\/2025\\\/10\\\/03\\\/mercedes-de-fiesta-desfile-civico-institucional-por-los-200-anos-de-la-catedral-se-mantiene-este-sabado\\\/#primaryimage\"},\"thumbnailUrl\":\"https:\\\/\\\/noticiasmercedinas.com\\\/site\\\/wp-content\\\/uploads\\\/2025\\\/10\\\/31f4ba9e-1317-4e24-ac62-d4b0a201a428.jpg\",\"keywords\":[\"basilica catedral\",\"desfile\"],\"articleSection\":[\"Sociedad\"],\"inLanguage\":\"es\"},{\"@type\":\"WebPage\",\"@id\":\"https:\\\/\\\/noticiasmercedinas.com\\\/site\\\/2025\\\/10\\\/03\\\/mercedes-de-fiesta-desfile-civico-institucional-por-los-200-anos-de-la-catedral-se-mantiene-este-sabado\\\/\",\"url\":\"https:\\\/\\\/noticiasmercedinas.com\\\/site\\\/2025\\\/10\\\/03\\\/mercedes-de-fiesta-desfile-civico-institucional-por-los-200-anos-de-la-catedral-se-mantiene-este-sabado\\\/\",\"name\":\"Mercedes de fiesta: desfile c\u00edvico-institucional por los 200 A\u00f1os de la Catedral se mantiene, este s\u00e1bado\",\"isPartOf\":{\"@id\":\"https:\\\/\\\/noticiasmercedinas.com\\\/site\\\/#website\"},\"primaryImageOfPage\":{\"@id\":\"https:\\\/\\\/noticiasmercedinas.com\\\/site\\\/2025\\\/10\\\/03\\\/mercedes-de-fiesta-desfile-civico-institucional-por-los-200-anos-de-la-catedral-se-mantiene-este-sabado\\\/#primaryimage\"},\"image\":{\"@id\":\"https:\\\/\\\/noticiasmercedinas.com\\\/site\\\/2025\\\/10\\\/03\\\/mercedes-de-fiesta-desfile-civico-institucional-por-los-200-anos-de-la-catedral-se-mantiene-este-sabado\\\/#primaryimage\"},\"thumbnailUrl\":\"https:\\\/\\\/noticiasmercedinas.com\\\/site\\\/wp-content\\\/uploads\\\/2025\\\/10\\\/31f4ba9e-1317-4e24-ac62-d4b0a201a428.jpg\",\"datePublished\":\"2025-10-03T17:52:12+00:00\",\"description\":\"El acto conmemorativo por el bicentenario de la comunidad de la Bas\u00edlica y en honor a la Virgen de la Merced se realizar\u00e1 a partir de las 10, en Avenida 29. La Municipalidad confirma el evento a pesar de la suspensi\u00f3n del Festival Cervecero por mal clima.\",\"breadcrumb\":{\"@id\":\"https:\\\/\\\/noticiasmercedinas.com\\\/site\\\/2025\\\/10\\\/03\\\/mercedes-de-fiesta-desfile-civico-institucional-por-los-200-anos-de-la-catedral-se-mantiene-este-sabado\\\/#breadcrumb\"},\"inLanguage\":\"es\",\"potentialAction\":[{\"@type\":\"ReadAction\",\"target\":[\"https:\\\/\\\/noticiasmercedinas.com\\\/site\\\/2025\\\/10\\\/03\\\/mercedes-de-fiesta-desfile-civico-institucional-por-los-200-anos-de-la-catedral-se-mantiene-este-sabado\\\/\"]}]},{\"@type\":\"ImageObject\",\"inLanguage\":\"es\",\"@id\":\"https:\\\/\\\/noticiasmercedinas.com\\\/site\\\/2025\\\/10\\\/03\\\/mercedes-de-fiesta-desfile-civico-institucional-por-los-200-anos-de-la-catedral-se-mantiene-este-sabado\\\/#primaryimage\",\"url\":\"https:\\\/\\\/noticiasmercedinas.com\\\/site\\\/wp-content\\\/uploads\\\/2025\\\/10\\\/31f4ba9e-1317-4e24-ac62-d4b0a201a428.jpg\",\"contentUrl\":\"https:\\\/\\\/noticiasmercedinas.com\\\/site\\\/wp-content\\\/uploads\\\/2025\\\/10\\\/31f4ba9e-1317-4e24-ac62-d4b0a201a428.jpg\",\"width\":1316,\"height\":879},{\"@type\":\"BreadcrumbList\",\"@id\":\"https:\\\/\\\/noticiasmercedinas.com\\\/site\\\/2025\\\/10\\\/03\\\/mercedes-de-fiesta-desfile-civico-institucional-por-los-200-anos-de-la-catedral-se-mantiene-este-sabado\\\/#breadcrumb\",\"itemListElement\":[{\"@type\":\"ListItem\",\"position\":1,\"name\":\"Portada\",\"item\":\"https:\\\/\\\/noticiasmercedinas.com\\\/site\\\/\"},{\"@type\":\"ListItem\",\"position\":2,\"name\":\"Mercedes de fiesta: desfile c\u00edvico-institucional por los 200 A\u00f1os de la Catedral se mantiene, este s\u00e1bado\"}]},{\"@type\":\"WebSite\",\"@id\":\"https:\\\/\\\/noticiasmercedinas.com\\\/site\\\/#website\",\"url\":\"https:\\\/\\\/noticiasmercedinas.com\\\/site\\\/\",\"name\":\"NOTICIASMERCEDINAS.COM\",\"description\":\"Mercedes, Buenos Aires, Argentina\",\"publisher\":{\"@id\":\"https:\\\/\\\/noticiasmercedinas.com\\\/site\\\/#organization\"},\"potentialAction\":[{\"@type\":\"SearchAction\",\"target\":{\"@type\":\"EntryPoint\",\"urlTemplate\":\"https:\\\/\\\/noticiasmercedinas.com\\\/site\\\/?s={search_term_string}\"},\"query-input\":{\"@type\":\"PropertyValueSpecification\",\"valueRequired\":true,\"valueName\":\"search_term_string\"}}],\"inLanguage\":\"es\"},{\"@type\":\"Organization\",\"@id\":\"https:\\\/\\\/noticiasmercedinas.com\\\/site\\\/#organization\",\"name\":\"NOTICIASMERCEDINAS.COM\",\"url\":\"https:\\\/\\\/noticiasmercedinas.com\\\/site\\\/\",\"logo\":{\"@type\":\"ImageObject\",\"inLanguage\":\"es\",\"@id\":\"https:\\\/\\\/noticiasmercedinas.com\\\/site\\\/#\\\/schema\\\/logo\\\/image\\\/\",\"url\":\"https:\\\/\\\/noticiasmercedinas.com\\\/site\\\/wp-content\\\/uploads\\\/2020\\\/06\\\/LOGO-512.jpg\",\"contentUrl\":\"https:\\\/\\\/noticiasmercedinas.com\\\/site\\\/wp-content\\\/uploads\\\/2020\\\/06\\\/LOGO-512.jpg\",\"width\":512,\"height\":512,\"caption\":\"NOTICIASMERCEDINAS.COM\"},\"image\":{\"@id\":\"https:\\\/\\\/noticiasmercedinas.com\\\/site\\\/#\\\/schema\\\/logo\\\/image\\\/\"},\"sameAs\":[\"https:\\\/\\\/www.facebook.com\\\/noticiasmercedinas\\\/\",\"https:\\\/\\\/x.com\\\/notmercedinas\",\"https:\\\/\\\/www.instagram.com\\\/noticiasmercedinas\\\/\"]},{\"@type\":\"Person\",\"@id\":\"https:\\\/\\\/noticiasmercedinas.com\\\/site\\\/#\\\/schema\\\/person\\\/84b59c099c28ff2e8b77d4ceec5d8063\",\"name\":\"NOTICIASMERCEDINAS.COM\",\"image\":{\"@type\":\"ImageObject\",\"inLanguage\":\"es\",\"@id\":\"https:\\\/\\\/secure.gravatar.com\\\/avatar\\\/4dfbf16b4d17945bfb6341b2d19043457132fcf478a5ee04f42e959fd8f5df0a?s=96&d=mm&r=g\",\"url\":\"https:\\\/\\\/secure.gravatar.com\\\/avatar\\\/4dfbf16b4d17945bfb6341b2d19043457132fcf478a5ee04f42e959fd8f5df0a?s=96&d=mm&r=g\",\"contentUrl\":\"https:\\\/\\\/secure.gravatar.com\\\/avatar\\\/4dfbf16b4d17945bfb6341b2d19043457132fcf478a5ee04f42e959fd8f5df0a?s=96&d=mm&r=g\",\"caption\":\"NOTICIASMERCEDINAS.COM\"},\"url\":\"https:\\\/\\\/noticiasmercedinas.com\\\/site\\\/author\\\/anonimo\\\/\"}]}<\/script>\n<!-- \/ Yoast SEO plugin. -->","yoast_head_json":{"title":"Mercedes de fiesta: desfile c\u00edvico-institucional por los 200 A\u00f1os de la Catedral se mantiene, este s\u00e1bado","description":"El acto conmemorativo por el bicentenario de la comunidad de la Bas\u00edlica y en honor a la Virgen de la Merced se realizar\u00e1 a partir de las 10, en Avenida 29. La Municipalidad confirma el evento a pesar de la suspensi\u00f3n del Festival Cervecero por mal clima.","robots":{"index":"index","follow":"follow","max-snippet":"max-snippet:-1","max-image-preview":"max-image-preview:large","max-video-preview":"max-video-preview:-1"},"canonical":"https:\/\/noticiasmercedinas.com\/site\/2025\/10\/03\/mercedes-de-fiesta-desfile-civico-institucional-por-los-200-anos-de-la-catedral-se-mantiene-este-sabado\/","og_locale":"es_ES","og_type":"article","og_title":"Mercedes de fiesta: desfile c\u00edvico-institucional por los 200 A\u00f1os de la Catedral se mantiene, este s\u00e1bado","og_description":"El acto conmemorativo por el bicentenario de la comunidad de la Bas\u00edlica y en honor a la Virgen de la Merced se realizar\u00e1 a partir de las 10, en Avenida 29. La Municipalidad confirma el evento a pesar de la suspensi\u00f3n del Festival Cervecero por mal clima.","og_url":"https:\/\/noticiasmercedinas.com\/site\/2025\/10\/03\/mercedes-de-fiesta-desfile-civico-institucional-por-los-200-anos-de-la-catedral-se-mantiene-este-sabado\/","og_site_name":"NOTICIASMERCEDINAS.COM","article_publisher":"https:\/\/www.facebook.com\/noticiasmercedinas\/","article_published_time":"2025-10-03T17:52:12+00:00","og_image":[{"width":1316,"height":879,"url":"https:\/\/noticiasmercedinas.com\/site\/wp-content\/uploads\/2025\/10\/31f4ba9e-1317-4e24-ac62-d4b0a201a428.jpg","type":"image\/jpeg"}],"author":"NOTICIASMERCEDINAS.COM","twitter_card":"summary_large_image","twitter_creator":"@notmercedinas","twitter_site":"@notmercedinas","twitter_misc":{"Escrito por":"NOTICIASMERCEDINAS.COM","Tiempo de lectura":"2 minutos"},"schema":{"@context":"https:\/\/schema.org","@graph":[{"@type":"Article","@id":"https:\/\/noticiasmercedinas.com\/site\/2025\/10\/03\/mercedes-de-fiesta-desfile-civico-institucional-por-los-200-anos-de-la-catedral-se-mantiene-este-sabado\/#article","isPartOf":{"@id":"https:\/\/noticiasmercedinas.com\/site\/2025\/10\/03\/mercedes-de-fiesta-desfile-civico-institucional-por-los-200-anos-de-la-catedral-se-mantiene-este-sabado\/"},"author":{"name":"NOTICIASMERCEDINAS.COM","@id":"https:\/\/noticiasmercedinas.com\/site\/#\/schema\/person\/84b59c099c28ff2e8b77d4ceec5d8063"},"headline":"Mercedes de fiesta: desfile c\u00edvico-institucional por los 200 A\u00f1os de la Catedral se mantiene, este s\u00e1bado","datePublished":"2025-10-03T17:52:12+00:00","mainEntityOfPage":{"@id":"https:\/\/noticiasmercedinas.com\/site\/2025\/10\/03\/mercedes-de-fiesta-desfile-civico-institucional-por-los-200-anos-de-la-catedral-se-mantiene-este-sabado\/"},"wordCount":273,"publisher":{"@id":"https:\/\/noticiasmercedinas.com\/site\/#organization"},"image":{"@id":"https:\/\/noticiasmercedinas.com\/site\/2025\/10\/03\/mercedes-de-fiesta-desfile-civico-institucional-por-los-200-anos-de-la-catedral-se-mantiene-este-sabado\/#primaryimage"},"thumbnailUrl":"https:\/\/noticiasmercedinas.com\/site\/wp-content\/uploads\/2025\/10\/31f4ba9e-1317-4e24-ac62-d4b0a201a428.jpg","keywords":["basilica catedral","desfile"],"articleSection":["Sociedad"],"inLanguage":"es"},{"@type":"WebPage","@id":"https:\/\/noticiasmercedinas.com\/site\/2025\/10\/03\/mercedes-de-fiesta-desfile-civico-institucional-por-los-200-anos-de-la-catedral-se-mantiene-este-sabado\/","url":"https:\/\/noticiasmercedinas.com\/site\/2025\/10\/03\/mercedes-de-fiesta-desfile-civico-institucional-por-los-200-anos-de-la-catedral-se-mantiene-este-sabado\/","name":"Mercedes de fiesta: desfile c\u00edvico-institucional por los 200 A\u00f1os de la Catedral se mantiene, este s\u00e1bado","isPartOf":{"@id":"https:\/\/noticiasmercedinas.com\/site\/#website"},"primaryImageOfPage":{"@id":"https:\/\/noticiasmercedinas.com\/site\/2025\/10\/03\/mercedes-de-fiesta-desfile-civico-institucional-por-los-200-anos-de-la-catedral-se-mantiene-este-sabado\/#primaryimage"},"image":{"@id":"https:\/\/noticiasmercedinas.com\/site\/2025\/10\/03\/mercedes-de-fiesta-desfile-civico-institucional-por-los-200-anos-de-la-catedral-se-mantiene-este-sabado\/#primaryimage"},"thumbnailUrl":"https:\/\/noticiasmercedinas.com\/site\/wp-content\/uploads\/2025\/10\/31f4ba9e-1317-4e24-ac62-d4b0a201a428.jpg","datePublished":"2025-10-03T17:52:12+00:00","description":"El acto conmemorativo por el bicentenario de la comunidad de la Bas\u00edlica y en honor a la Virgen de la Merced se realizar\u00e1 a partir de las 10, en Avenida 29. La Municipalidad confirma el evento a pesar de la suspensi\u00f3n del Festival Cervecero por mal clima.","breadcrumb":{"@id":"https:\/\/noticiasmercedinas.com\/site\/2025\/10\/03\/mercedes-de-fiesta-desfile-civico-institucional-por-los-200-anos-de-la-catedral-se-mantiene-este-sabado\/#breadcrumb"},"inLanguage":"es","potentialAction":[{"@type":"ReadAction","target":["https:\/\/noticiasmercedinas.com\/site\/2025\/10\/03\/mercedes-de-fiesta-desfile-civico-institucional-por-los-200-anos-de-la-catedral-se-mantiene-este-sabado\/"]}]},{"@type":"ImageObject","inLanguage":"es","@id":"https:\/\/noticiasmercedinas.com\/site\/2025\/10\/03\/mercedes-de-fiesta-desfile-civico-institucional-por-los-200-anos-de-la-catedral-se-mantiene-este-sabado\/#primaryimage","url":"https:\/\/noticiasmercedinas.com\/site\/wp-content\/uploads\/2025\/10\/31f4ba9e-1317-4e24-ac62-d4b0a201a428.jpg","contentUrl":"https:\/\/noticiasmercedinas.com\/site\/wp-content\/uploads\/2025\/10\/31f4ba9e-1317-4e24-ac62-d4b0a201a428.jpg","width":1316,"height":879},{"@type":"BreadcrumbList","@id":"https:\/\/noticiasmercedinas.com\/site\/2025\/10\/03\/mercedes-de-fiesta-desfile-civico-institucional-por-los-200-anos-de-la-catedral-se-mantiene-este-sabado\/#breadcrumb","itemListElement":[{"@type":"ListItem","position":1,"name":"Portada","item":"https:\/\/noticiasmercedinas.com\/site\/"},{"@type":"ListItem","position":2,"name":"Mercedes de fiesta: desfile c\u00edvico-institucional por los 200 A\u00f1os de la Catedral se mantiene, este s\u00e1bado"}]},{"@type":"WebSite","@id":"https:\/\/noticiasmercedinas.com\/site\/#website","url":"https:\/\/noticiasmercedinas.com\/site\/","name":"NOTICIASMERCEDINAS.COM","description":"Mercedes, Buenos Aires, Argentina","publisher":{"@id":"https:\/\/noticiasmercedinas.com\/site\/#organization"},"potentialAction":[{"@type":"SearchAction","target":{"@type":"EntryPoint","urlTemplate":"https:\/\/noticiasmercedinas.com\/site\/?s={search_term_string}"},"query-input":{"@type":"PropertyValueSpecification","valueRequired":true,"valueName":"search_term_string"}}],"inLanguage":"es"},{"@type":"Organization","@id":"https:\/\/noticiasmercedinas.com\/site\/#organization","name":"NOTICIASMERCEDINAS.COM","url":"https:\/\/noticiasmercedinas.com\/site\/","logo":{"@type":"ImageObject","inLanguage":"es","@id":"https:\/\/noticiasmercedinas.com\/site\/#\/schema\/logo\/image\/","url":"https:\/\/noticiasmercedinas.com\/site\/wp-content\/uploads\/2020\/06\/LOGO-512.jpg","contentUrl":"https:\/\/noticiasmercedinas.com\/site\/wp-content\/uploads\/2020\/06\/LOGO-512.jpg","width":512,"height":512,"caption":"NOTICIASMERCEDINAS.COM"},"image":{"@id":"https:\/\/noticiasmercedinas.com\/site\/#\/schema\/logo\/image\/"},"sameAs":["https:\/\/www.facebook.com\/noticiasmercedinas\/","https:\/\/x.com\/notmercedinas","https:\/\/www.instagram.com\/noticiasmercedinas\/"]},{"@type":"Person","@id":"https:\/\/noticiasmercedinas.com\/site\/#\/schema\/person\/84b59c099c28ff2e8b77d4ceec5d8063","name":"NOTICIASMERCEDINAS.COM","image":{"@type":"ImageObject","inLanguage":"es","@id":"https:\/\/secure.gravatar.com\/avatar\/4dfbf16b4d17945bfb6341b2d19043457132fcf478a5ee04f42e959fd8f5df0a?s=96&d=mm&r=g","url":"https:\/\/secure.gravatar.com\/avatar\/4dfbf16b4d17945bfb6341b2d19043457132fcf478a5ee04f42e959fd8f5df0a?s=96&d=mm&r=g","contentUrl":"https:\/\/secure.gravatar.com\/avatar\/4dfbf16b4d17945bfb6341b2d19043457132fcf478a5ee04f42e959fd8f5df0a?s=96&d=mm&r=g","caption":"NOTICIASMERCEDINAS.COM"},"url":"https:\/\/noticiasmercedinas.com\/site\/author\/anonimo\/"}]}},"amp_enabled":true,"_links":{"self":[{"href":"https:\/\/noticiasmercedinas.com\/site\/wp-json\/wp\/v2\/posts\/170947","targetHints":{"allow":["GET"]}}],"collection":[{"href":"https:\/\/noticiasmercedinas.com\/site\/wp-json\/wp\/v2\/posts"}],"about":[{"href":"https:\/\/noticiasmercedinas.com\/site\/wp-json\/wp\/v2\/types\/post"}],"author":[{"embeddable":true,"href":"https:\/\/noticiasmercedinas.com\/site\/wp-json\/wp\/v2\/users\/16"}],"replies":[{"embeddable":true,"href":"https:\/\/noticiasmercedinas.com\/site\/wp-json\/wp\/v2\/comments?post=170947"}],"version-history":[{"count":1,"href":"https:\/\/noticiasmercedinas.com\/site\/wp-json\/wp\/v2\/posts\/170947\/revisions"}],"predecessor-version":[{"id":170949,"href":"https:\/\/noticiasmercedinas.com\/site\/wp-json\/wp\/v2\/posts\/170947\/revisions\/170949"}],"wp:featuredmedia":[{"embeddable":true,"href":"https:\/\/noticiasmercedinas.com\/site\/wp-json\/wp\/v2\/media\/170948"}],"wp:attachment":[{"href":"https:\/\/noticiasmercedinas.com\/site\/wp-json\/wp\/v2\/media?parent=170947"}],"wp:term":[{"taxonomy":"category","embeddable":true,"href":"https:\/\/noticiasmercedinas.com\/site\/wp-json\/wp\/v2\/categories?post=170947"},{"taxonomy":"post_tag","embeddable":true,"href":"https:\/\/noticiasmercedinas.com\/site\/wp-json\/wp\/v2\/tags?post=170947"}],"curies":[{"name":"wp","href":"https:\/\/api.w.org\/{rel}","templated":true}]}}