{"id":171094,"date":"2025-10-05T14:36:08","date_gmt":"2025-10-05T17:36:08","guid":{"rendered":"https:\/\/noticiasmercedinas.com\/site\/?p=171094"},"modified":"2025-10-05T20:28:26","modified_gmt":"2025-10-05T23:28:26","slug":"desfile-historico-en-mercedes-por-el-bicentenario-de-la-iglesia-catedral","status":"publish","type":"post","link":"https:\/\/noticiasmercedinas.com\/site\/2025\/10\/05\/desfile-historico-en-mercedes-por-el-bicentenario-de-la-iglesia-catedral\/","title":{"rendered":"Desfile hist\u00f3rico en Mercedes por el bicentenario de la Iglesia Catedral"},"content":{"rendered":"<p><img loading=\"lazy\" decoding=\"async\" class=\"alignnone size-full wp-image-171102\" src=\"https:\/\/noticiasmercedinas.com\/site\/wp-content\/uploads\/2025\/10\/FB_IMG_1759684507365.jpg\" alt=\"\" width=\"1440\" height=\"1440\" srcset=\"https:\/\/noticiasmercedinas.com\/site\/wp-content\/uploads\/2025\/10\/FB_IMG_1759684507365.jpg 1440w, https:\/\/noticiasmercedinas.com\/site\/wp-content\/uploads\/2025\/10\/FB_IMG_1759684507365-300x300.jpg 300w, https:\/\/noticiasmercedinas.com\/site\/wp-content\/uploads\/2025\/10\/FB_IMG_1759684507365-1024x1024.jpg 1024w, https:\/\/noticiasmercedinas.com\/site\/wp-content\/uploads\/2025\/10\/FB_IMG_1759684507365-150x150.jpg 150w, https:\/\/noticiasmercedinas.com\/site\/wp-content\/uploads\/2025\/10\/FB_IMG_1759684507365-768x768.jpg 768w, https:\/\/noticiasmercedinas.com\/site\/wp-content\/uploads\/2025\/10\/FB_IMG_1759684507365-640x640.jpg 640w, https:\/\/noticiasmercedinas.com\/site\/wp-content\/uploads\/2025\/10\/FB_IMG_1759684507365-1280x1280.jpg 1280w, https:\/\/noticiasmercedinas.com\/site\/wp-content\/uploads\/2025\/10\/FB_IMG_1759684507365-681x681.jpg 681w, https:\/\/noticiasmercedinas.com\/site\/wp-content\/uploads\/2025\/10\/FB_IMG_1759684507365-1362x1362.jpg 1362w\" sizes=\"auto, (max-width: 1440px) 100vw, 1440px\" \/><\/p>\n<p>La ciudad de Mercedes celebr\u00f3 un tradicional y multitudinario desfile c\u00edvico institucional en conmemoraci\u00f3n de los 200 a\u00f1os de la constituci\u00f3n de la comunidad religiosa de la Iglesia Catedral Metropolitana Bas\u00edlica Nuestra Se\u00f1ora de las Mercedes, un \u00abs\u00edmbolo de fe, encuentro y tradici\u00f3n\u00bb de la ciudad.<\/p>\n<p>El evento, que se realiz\u00f3 sobre la Avenida 29, cont\u00f3 con una amplia participaci\u00f3n de m\u00e1s de 90 instituciones y un \u00abenorme marco de p\u00fablico\u00bb.<\/p>\n<p><img loading=\"lazy\" decoding=\"async\" class=\"alignnone wp-image-171103 size-full\" src=\"https:\/\/noticiasmercedinas.com\/site\/wp-content\/uploads\/2025\/10\/FB_IMG_1759684504363-e1759706876320.jpg\" alt=\"\" width=\"1440\" height=\"1280\" srcset=\"https:\/\/noticiasmercedinas.com\/site\/wp-content\/uploads\/2025\/10\/FB_IMG_1759684504363-e1759706876320.jpg 1440w, https:\/\/noticiasmercedinas.com\/site\/wp-content\/uploads\/2025\/10\/FB_IMG_1759684504363-e1759706876320-300x267.jpg 300w, https:\/\/noticiasmercedinas.com\/site\/wp-content\/uploads\/2025\/10\/FB_IMG_1759684504363-e1759706876320-1024x910.jpg 1024w, https:\/\/noticiasmercedinas.com\/site\/wp-content\/uploads\/2025\/10\/FB_IMG_1759684504363-e1759706876320-768x683.jpg 768w, https:\/\/noticiasmercedinas.com\/site\/wp-content\/uploads\/2025\/10\/FB_IMG_1759684504363-e1759706876320-640x569.jpg 640w, https:\/\/noticiasmercedinas.com\/site\/wp-content\/uploads\/2025\/10\/FB_IMG_1759684504363-e1759706876320-1280x1138.jpg 1280w, https:\/\/noticiasmercedinas.com\/site\/wp-content\/uploads\/2025\/10\/FB_IMG_1759684504363-e1759706876320-681x605.jpg 681w, https:\/\/noticiasmercedinas.com\/site\/wp-content\/uploads\/2025\/10\/FB_IMG_1759684504363-e1759706876320-1362x1211.jpg 1362w\" sizes=\"auto, (max-width: 1440px) 100vw, 1440px\" \/><\/p>\n<p>El desfile se realiz\u00f3 en homenaje a los 200 a\u00f1os de la Iglesia Catedral. El inicio fue marcado por la entronizaci\u00f3n de la Virgen de la Merced, que acompa\u00f1\u00f3 el paso de todas las delegaciones.<\/p>\n<p>M\u00e1s de 90 instituciones de diversos \u00e1mbitos (educativo, social, deportivo, seguridad) desfilaron.<\/p>\n<p>Estuvieron en el palco oficial el arzobispo Mercedes \u2013 Luj\u00e1n, Jorge Eduardo Scheinig, el intendente Juani Ustarroz, el senador Eduardo de Pedro, y autoridades de la comunidad religiosa.<\/p>\n<p>El intendente Juan Ustarroz destac\u00f3 y agradeci\u00f3 la presencia y el esfuerzo de cada participante por \u00abengalanar este desfile y especialmente acompa\u00f1ando a la comunidad de Catedral\u00bb.<\/p>\n<p><img loading=\"lazy\" decoding=\"async\" class=\"alignnone size-full wp-image-171101\" src=\"https:\/\/noticiasmercedinas.com\/site\/wp-content\/uploads\/2025\/10\/FB_IMG_1759684517204.jpg\" alt=\"\" width=\"1440\" height=\"1440\" srcset=\"https:\/\/noticiasmercedinas.com\/site\/wp-content\/uploads\/2025\/10\/FB_IMG_1759684517204.jpg 1440w, https:\/\/noticiasmercedinas.com\/site\/wp-content\/uploads\/2025\/10\/FB_IMG_1759684517204-300x300.jpg 300w, https:\/\/noticiasmercedinas.com\/site\/wp-content\/uploads\/2025\/10\/FB_IMG_1759684517204-1024x1024.jpg 1024w, https:\/\/noticiasmercedinas.com\/site\/wp-content\/uploads\/2025\/10\/FB_IMG_1759684517204-150x150.jpg 150w, https:\/\/noticiasmercedinas.com\/site\/wp-content\/uploads\/2025\/10\/FB_IMG_1759684517204-768x768.jpg 768w, https:\/\/noticiasmercedinas.com\/site\/wp-content\/uploads\/2025\/10\/FB_IMG_1759684517204-640x640.jpg 640w, https:\/\/noticiasmercedinas.com\/site\/wp-content\/uploads\/2025\/10\/FB_IMG_1759684517204-1280x1280.jpg 1280w, https:\/\/noticiasmercedinas.com\/site\/wp-content\/uploads\/2025\/10\/FB_IMG_1759684517204-681x681.jpg 681w, https:\/\/noticiasmercedinas.com\/site\/wp-content\/uploads\/2025\/10\/FB_IMG_1759684517204-1362x1362.jpg 1362w\" sizes=\"auto, (max-width: 1440px) 100vw, 1440px\" \/><\/p>\n<p>El desfile se desarroll\u00f3 al comp\u00e1s de la Banda de Gendarmer\u00eda Nacional.<\/p>\n<p>El desfile fue una gran oportunidad para que diversas instituciones conmemoren sus propios aniversarios:<\/p>\n<ul>\n<li>Iglesia Catedral: 200 a\u00f1os de la comunidad religiosa<\/li>\n<li>Club Mercedes: 150 a\u00f1os<\/li>\n<li>Colegio Nuestra Se\u00f1ora de la Misericordia: 150 a\u00f1os de la llegada de las Hijas de Nuestra Se\u00f1ora de la Misericordia (la instituci\u00f3n cumpli\u00f3 145)<\/li>\n<li>Club Trocha: Centenario<\/li>\n<li>E.P. N\u00b0 28: 75 a\u00f1os<\/li>\n<li>Escuela Secundaria N\u00b0 1: 40 a\u00f1os<\/li>\n<li>Jard\u00edn Maternal Girasoles: 25 a\u00f1os<\/li>\n<li>Jard\u00edn Espacios de Amor: 25 a\u00f1os (junto al Colegio San Luis Gonzaga)<\/li>\n<li>Instituto San Benito: 25 a\u00f1os de nivel primario<\/li>\n<li>C.E.F. N\u00b0 193 Gowland: Primera d\u00e9cada<\/li>\n<\/ul>\n<p>El desfile incluy\u00f3 tambi\u00e9n a Jardines de Infantes, Escuelas Primarias y Secundarias, numerosos Clubes (Palometas, R. Uni\u00f3n, Defensores, Los Carteros, Rugby Club, Quilmes), Instituciones de la sociedad (Hospital Blas L. Dubarry, Direcci\u00f3n de Adultos Mayores, Mechas Solidaria, etc.), Escuelas de Danzas y Ballet (Municipal Estrella del Sur, Alas del Alma, Ayekan, etc.), Fuerzas de Seguridad (Polic\u00eda, UP N\u00b0 5, Bomberos, Gendarmer\u00eda), y cerr\u00f3 con un colorido Desfile Gaucho junto a Amigos Pe\u00f1eros.<\/p>\n<p>Mariana San Mart\u00edn, presidenta del Concejo Deliberante, resumi\u00f3 el sentir de la jornada al expresar que fue un d\u00eda donde Mercedes se visti\u00f3 de \u00abfiesta y emoci\u00f3n\u00bb y hubo un verdadero \u00abtestimonio de comunidad, identidad y amor por Mercedes.\u00bb<\/p>\n<p><img loading=\"lazy\" decoding=\"async\" class=\"alignnone size-full wp-image-171104\" src=\"https:\/\/noticiasmercedinas.com\/site\/wp-content\/uploads\/2025\/10\/FB_IMG_1759684500902.jpg\" alt=\"\" width=\"1440\" height=\"1440\" srcset=\"https:\/\/noticiasmercedinas.com\/site\/wp-content\/uploads\/2025\/10\/FB_IMG_1759684500902.jpg 1440w, https:\/\/noticiasmercedinas.com\/site\/wp-content\/uploads\/2025\/10\/FB_IMG_1759684500902-300x300.jpg 300w, https:\/\/noticiasmercedinas.com\/site\/wp-content\/uploads\/2025\/10\/FB_IMG_1759684500902-1024x1024.jpg 1024w, https:\/\/noticiasmercedinas.com\/site\/wp-content\/uploads\/2025\/10\/FB_IMG_1759684500902-150x150.jpg 150w, https:\/\/noticiasmercedinas.com\/site\/wp-content\/uploads\/2025\/10\/FB_IMG_1759684500902-768x768.jpg 768w, https:\/\/noticiasmercedinas.com\/site\/wp-content\/uploads\/2025\/10\/FB_IMG_1759684500902-640x640.jpg 640w, https:\/\/noticiasmercedinas.com\/site\/wp-content\/uploads\/2025\/10\/FB_IMG_1759684500902-1280x1280.jpg 1280w, https:\/\/noticiasmercedinas.com\/site\/wp-content\/uploads\/2025\/10\/FB_IMG_1759684500902-681x681.jpg 681w, https:\/\/noticiasmercedinas.com\/site\/wp-content\/uploads\/2025\/10\/FB_IMG_1759684500902-1362x1362.jpg 1362w\" sizes=\"auto, (max-width: 1440px) 100vw, 1440px\" \/><\/p>\n","protected":false},"excerpt":{"rendered":"<p>\u25a0 El intendente Juan Ustarroz destac\u00f3 y agradeci\u00f3 la presencia y el esfuerzo de cada participante por \u00abengalanar este desfile y especialmente acompa\u00f1ando a la comunidad de Catedral\u00bb.<\/p>\n","protected":false},"author":16,"featured_media":171102,"comment_status":"closed","ping_status":"closed","sticky":false,"template":"","format":"standard","meta":{"footnotes":""},"categories":[3],"tags":[2017,788],"class_list":["post-171094","post","type-post","status-publish","format-standard","has-post-thumbnail","hentry","category-sociedad","tag-desfile","tag-iglesia-catedral"],"yoast_head":"<!-- This site is optimized with the Yoast SEO plugin v27.5 - https:\/\/yoast.com\/product\/yoast-seo-wordpress\/ -->\n<title>Desfile hist\u00f3rico en Mercedes por el bicentenario de la Iglesia Catedral<\/title>\n<meta name=\"description\" content=\"El intendente Juan Ustarroz destac\u00f3 y agradeci\u00f3 la presencia y el esfuerzo de cada participante por &quot;engalanar este desfile y especialmente acompa\u00f1ando a la comunidad de Catedral&quot;.\" \/>\n<meta name=\"robots\" content=\"index, follow, max-snippet:-1, max-image-preview:large, max-video-preview:-1\" \/>\n<link rel=\"canonical\" href=\"https:\/\/noticiasmercedinas.com\/site\/2025\/10\/05\/desfile-historico-en-mercedes-por-el-bicentenario-de-la-iglesia-catedral\/\" \/>\n<meta property=\"og:locale\" content=\"es_ES\" \/>\n<meta property=\"og:type\" content=\"article\" \/>\n<meta property=\"og:title\" content=\"Desfile hist\u00f3rico en Mercedes por el bicentenario de la Iglesia Catedral\" \/>\n<meta property=\"og:description\" content=\"El intendente Juan Ustarroz destac\u00f3 y agradeci\u00f3 la presencia y el esfuerzo de cada participante por &quot;engalanar este desfile y especialmente acompa\u00f1ando a la comunidad de Catedral&quot;.\" \/>\n<meta property=\"og:url\" content=\"https:\/\/noticiasmercedinas.com\/site\/2025\/10\/05\/desfile-historico-en-mercedes-por-el-bicentenario-de-la-iglesia-catedral\/\" \/>\n<meta property=\"og:site_name\" content=\"NOTICIASMERCEDINAS.COM\" \/>\n<meta property=\"article:publisher\" content=\"https:\/\/www.facebook.com\/noticiasmercedinas\/\" \/>\n<meta property=\"article:published_time\" content=\"2025-10-05T17:36:08+00:00\" \/>\n<meta property=\"article:modified_time\" content=\"2025-10-05T23:28:26+00:00\" \/>\n<meta property=\"og:image\" content=\"https:\/\/noticiasmercedinas.com\/site\/wp-content\/uploads\/2025\/10\/FB_IMG_1759684507365.jpg\" \/>\n\t<meta property=\"og:image:width\" content=\"1440\" \/>\n\t<meta property=\"og:image:height\" content=\"1440\" \/>\n\t<meta property=\"og:image:type\" content=\"image\/jpeg\" \/>\n<meta name=\"author\" content=\"NOTICIASMERCEDINAS.COM\" \/>\n<meta name=\"twitter:card\" content=\"summary_large_image\" \/>\n<meta name=\"twitter:creator\" content=\"@notmercedinas\" \/>\n<meta name=\"twitter:site\" content=\"@notmercedinas\" \/>\n<meta name=\"twitter:label1\" content=\"Escrito por\" \/>\n\t<meta name=\"twitter:data1\" content=\"NOTICIASMERCEDINAS.COM\" \/>\n\t<meta name=\"twitter:label2\" content=\"Tiempo de lectura\" \/>\n\t<meta name=\"twitter:data2\" content=\"3 minutos\" \/>\n<script type=\"application\/ld+json\" class=\"yoast-schema-graph\">{\"@context\":\"https:\\\/\\\/schema.org\",\"@graph\":[{\"@type\":\"Article\",\"@id\":\"https:\\\/\\\/noticiasmercedinas.com\\\/site\\\/2025\\\/10\\\/05\\\/desfile-historico-en-mercedes-por-el-bicentenario-de-la-iglesia-catedral\\\/#article\",\"isPartOf\":{\"@id\":\"https:\\\/\\\/noticiasmercedinas.com\\\/site\\\/2025\\\/10\\\/05\\\/desfile-historico-en-mercedes-por-el-bicentenario-de-la-iglesia-catedral\\\/\"},\"author\":{\"name\":\"NOTICIASMERCEDINAS.COM\",\"@id\":\"https:\\\/\\\/noticiasmercedinas.com\\\/site\\\/#\\\/schema\\\/person\\\/84b59c099c28ff2e8b77d4ceec5d8063\"},\"headline\":\"Desfile hist\u00f3rico en Mercedes por el bicentenario de la Iglesia Catedral\",\"datePublished\":\"2025-10-05T17:36:08+00:00\",\"dateModified\":\"2025-10-05T23:28:26+00:00\",\"mainEntityOfPage\":{\"@id\":\"https:\\\/\\\/noticiasmercedinas.com\\\/site\\\/2025\\\/10\\\/05\\\/desfile-historico-en-mercedes-por-el-bicentenario-de-la-iglesia-catedral\\\/\"},\"wordCount\":428,\"publisher\":{\"@id\":\"https:\\\/\\\/noticiasmercedinas.com\\\/site\\\/#organization\"},\"image\":{\"@id\":\"https:\\\/\\\/noticiasmercedinas.com\\\/site\\\/2025\\\/10\\\/05\\\/desfile-historico-en-mercedes-por-el-bicentenario-de-la-iglesia-catedral\\\/#primaryimage\"},\"thumbnailUrl\":\"https:\\\/\\\/noticiasmercedinas.com\\\/site\\\/wp-content\\\/uploads\\\/2025\\\/10\\\/FB_IMG_1759684507365.jpg\",\"keywords\":[\"desfile\",\"iglesia catedral\"],\"articleSection\":[\"Sociedad\"],\"inLanguage\":\"es\"},{\"@type\":\"WebPage\",\"@id\":\"https:\\\/\\\/noticiasmercedinas.com\\\/site\\\/2025\\\/10\\\/05\\\/desfile-historico-en-mercedes-por-el-bicentenario-de-la-iglesia-catedral\\\/\",\"url\":\"https:\\\/\\\/noticiasmercedinas.com\\\/site\\\/2025\\\/10\\\/05\\\/desfile-historico-en-mercedes-por-el-bicentenario-de-la-iglesia-catedral\\\/\",\"name\":\"Desfile hist\u00f3rico en Mercedes por el bicentenario de la Iglesia Catedral\",\"isPartOf\":{\"@id\":\"https:\\\/\\\/noticiasmercedinas.com\\\/site\\\/#website\"},\"primaryImageOfPage\":{\"@id\":\"https:\\\/\\\/noticiasmercedinas.com\\\/site\\\/2025\\\/10\\\/05\\\/desfile-historico-en-mercedes-por-el-bicentenario-de-la-iglesia-catedral\\\/#primaryimage\"},\"image\":{\"@id\":\"https:\\\/\\\/noticiasmercedinas.com\\\/site\\\/2025\\\/10\\\/05\\\/desfile-historico-en-mercedes-por-el-bicentenario-de-la-iglesia-catedral\\\/#primaryimage\"},\"thumbnailUrl\":\"https:\\\/\\\/noticiasmercedinas.com\\\/site\\\/wp-content\\\/uploads\\\/2025\\\/10\\\/FB_IMG_1759684507365.jpg\",\"datePublished\":\"2025-10-05T17:36:08+00:00\",\"dateModified\":\"2025-10-05T23:28:26+00:00\",\"description\":\"El intendente Juan Ustarroz destac\u00f3 y agradeci\u00f3 la presencia y el esfuerzo de cada participante por \\\"engalanar este desfile y especialmente acompa\u00f1ando a la comunidad de Catedral\\\".\",\"breadcrumb\":{\"@id\":\"https:\\\/\\\/noticiasmercedinas.com\\\/site\\\/2025\\\/10\\\/05\\\/desfile-historico-en-mercedes-por-el-bicentenario-de-la-iglesia-catedral\\\/#breadcrumb\"},\"inLanguage\":\"es\",\"potentialAction\":[{\"@type\":\"ReadAction\",\"target\":[\"https:\\\/\\\/noticiasmercedinas.com\\\/site\\\/2025\\\/10\\\/05\\\/desfile-historico-en-mercedes-por-el-bicentenario-de-la-iglesia-catedral\\\/\"]}]},{\"@type\":\"ImageObject\",\"inLanguage\":\"es\",\"@id\":\"https:\\\/\\\/noticiasmercedinas.com\\\/site\\\/2025\\\/10\\\/05\\\/desfile-historico-en-mercedes-por-el-bicentenario-de-la-iglesia-catedral\\\/#primaryimage\",\"url\":\"https:\\\/\\\/noticiasmercedinas.com\\\/site\\\/wp-content\\\/uploads\\\/2025\\\/10\\\/FB_IMG_1759684507365.jpg\",\"contentUrl\":\"https:\\\/\\\/noticiasmercedinas.com\\\/site\\\/wp-content\\\/uploads\\\/2025\\\/10\\\/FB_IMG_1759684507365.jpg\",\"width\":1440,\"height\":1440},{\"@type\":\"BreadcrumbList\",\"@id\":\"https:\\\/\\\/noticiasmercedinas.com\\\/site\\\/2025\\\/10\\\/05\\\/desfile-historico-en-mercedes-por-el-bicentenario-de-la-iglesia-catedral\\\/#breadcrumb\",\"itemListElement\":[{\"@type\":\"ListItem\",\"position\":1,\"name\":\"Portada\",\"item\":\"https:\\\/\\\/noticiasmercedinas.com\\\/site\\\/\"},{\"@type\":\"ListItem\",\"position\":2,\"name\":\"Desfile hist\u00f3rico en Mercedes por el bicentenario de la Iglesia Catedral\"}]},{\"@type\":\"WebSite\",\"@id\":\"https:\\\/\\\/noticiasmercedinas.com\\\/site\\\/#website\",\"url\":\"https:\\\/\\\/noticiasmercedinas.com\\\/site\\\/\",\"name\":\"NOTICIASMERCEDINAS.COM\",\"description\":\"Mercedes, Buenos Aires, Argentina\",\"publisher\":{\"@id\":\"https:\\\/\\\/noticiasmercedinas.com\\\/site\\\/#organization\"},\"potentialAction\":[{\"@type\":\"SearchAction\",\"target\":{\"@type\":\"EntryPoint\",\"urlTemplate\":\"https:\\\/\\\/noticiasmercedinas.com\\\/site\\\/?s={search_term_string}\"},\"query-input\":{\"@type\":\"PropertyValueSpecification\",\"valueRequired\":true,\"valueName\":\"search_term_string\"}}],\"inLanguage\":\"es\"},{\"@type\":\"Organization\",\"@id\":\"https:\\\/\\\/noticiasmercedinas.com\\\/site\\\/#organization\",\"name\":\"NOTICIASMERCEDINAS.COM\",\"url\":\"https:\\\/\\\/noticiasmercedinas.com\\\/site\\\/\",\"logo\":{\"@type\":\"ImageObject\",\"inLanguage\":\"es\",\"@id\":\"https:\\\/\\\/noticiasmercedinas.com\\\/site\\\/#\\\/schema\\\/logo\\\/image\\\/\",\"url\":\"https:\\\/\\\/noticiasmercedinas.com\\\/site\\\/wp-content\\\/uploads\\\/2020\\\/06\\\/LOGO-512.jpg\",\"contentUrl\":\"https:\\\/\\\/noticiasmercedinas.com\\\/site\\\/wp-content\\\/uploads\\\/2020\\\/06\\\/LOGO-512.jpg\",\"width\":512,\"height\":512,\"caption\":\"NOTICIASMERCEDINAS.COM\"},\"image\":{\"@id\":\"https:\\\/\\\/noticiasmercedinas.com\\\/site\\\/#\\\/schema\\\/logo\\\/image\\\/\"},\"sameAs\":[\"https:\\\/\\\/www.facebook.com\\\/noticiasmercedinas\\\/\",\"https:\\\/\\\/x.com\\\/notmercedinas\",\"https:\\\/\\\/www.instagram.com\\\/noticiasmercedinas\\\/\"]},{\"@type\":\"Person\",\"@id\":\"https:\\\/\\\/noticiasmercedinas.com\\\/site\\\/#\\\/schema\\\/person\\\/84b59c099c28ff2e8b77d4ceec5d8063\",\"name\":\"NOTICIASMERCEDINAS.COM\",\"image\":{\"@type\":\"ImageObject\",\"inLanguage\":\"es\",\"@id\":\"https:\\\/\\\/secure.gravatar.com\\\/avatar\\\/4dfbf16b4d17945bfb6341b2d19043457132fcf478a5ee04f42e959fd8f5df0a?s=96&d=mm&r=g\",\"url\":\"https:\\\/\\\/secure.gravatar.com\\\/avatar\\\/4dfbf16b4d17945bfb6341b2d19043457132fcf478a5ee04f42e959fd8f5df0a?s=96&d=mm&r=g\",\"contentUrl\":\"https:\\\/\\\/secure.gravatar.com\\\/avatar\\\/4dfbf16b4d17945bfb6341b2d19043457132fcf478a5ee04f42e959fd8f5df0a?s=96&d=mm&r=g\",\"caption\":\"NOTICIASMERCEDINAS.COM\"},\"url\":\"https:\\\/\\\/noticiasmercedinas.com\\\/site\\\/author\\\/anonimo\\\/\"}]}<\/script>\n<!-- \/ Yoast SEO plugin. -->","yoast_head_json":{"title":"Desfile hist\u00f3rico en Mercedes por el bicentenario de la Iglesia Catedral","description":"El intendente Juan Ustarroz destac\u00f3 y agradeci\u00f3 la presencia y el esfuerzo de cada participante por \"engalanar este desfile y especialmente acompa\u00f1ando a la comunidad de Catedral\".","robots":{"index":"index","follow":"follow","max-snippet":"max-snippet:-1","max-image-preview":"max-image-preview:large","max-video-preview":"max-video-preview:-1"},"canonical":"https:\/\/noticiasmercedinas.com\/site\/2025\/10\/05\/desfile-historico-en-mercedes-por-el-bicentenario-de-la-iglesia-catedral\/","og_locale":"es_ES","og_type":"article","og_title":"Desfile hist\u00f3rico en Mercedes por el bicentenario de la Iglesia Catedral","og_description":"El intendente Juan Ustarroz destac\u00f3 y agradeci\u00f3 la presencia y el esfuerzo de cada participante por \"engalanar este desfile y especialmente acompa\u00f1ando a la comunidad de Catedral\".","og_url":"https:\/\/noticiasmercedinas.com\/site\/2025\/10\/05\/desfile-historico-en-mercedes-por-el-bicentenario-de-la-iglesia-catedral\/","og_site_name":"NOTICIASMERCEDINAS.COM","article_publisher":"https:\/\/www.facebook.com\/noticiasmercedinas\/","article_published_time":"2025-10-05T17:36:08+00:00","article_modified_time":"2025-10-05T23:28:26+00:00","og_image":[{"width":1440,"height":1440,"url":"https:\/\/noticiasmercedinas.com\/site\/wp-content\/uploads\/2025\/10\/FB_IMG_1759684507365.jpg","type":"image\/jpeg"}],"author":"NOTICIASMERCEDINAS.COM","twitter_card":"summary_large_image","twitter_creator":"@notmercedinas","twitter_site":"@notmercedinas","twitter_misc":{"Escrito por":"NOTICIASMERCEDINAS.COM","Tiempo de lectura":"3 minutos"},"schema":{"@context":"https:\/\/schema.org","@graph":[{"@type":"Article","@id":"https:\/\/noticiasmercedinas.com\/site\/2025\/10\/05\/desfile-historico-en-mercedes-por-el-bicentenario-de-la-iglesia-catedral\/#article","isPartOf":{"@id":"https:\/\/noticiasmercedinas.com\/site\/2025\/10\/05\/desfile-historico-en-mercedes-por-el-bicentenario-de-la-iglesia-catedral\/"},"author":{"name":"NOTICIASMERCEDINAS.COM","@id":"https:\/\/noticiasmercedinas.com\/site\/#\/schema\/person\/84b59c099c28ff2e8b77d4ceec5d8063"},"headline":"Desfile hist\u00f3rico en Mercedes por el bicentenario de la Iglesia Catedral","datePublished":"2025-10-05T17:36:08+00:00","dateModified":"2025-10-05T23:28:26+00:00","mainEntityOfPage":{"@id":"https:\/\/noticiasmercedinas.com\/site\/2025\/10\/05\/desfile-historico-en-mercedes-por-el-bicentenario-de-la-iglesia-catedral\/"},"wordCount":428,"publisher":{"@id":"https:\/\/noticiasmercedinas.com\/site\/#organization"},"image":{"@id":"https:\/\/noticiasmercedinas.com\/site\/2025\/10\/05\/desfile-historico-en-mercedes-por-el-bicentenario-de-la-iglesia-catedral\/#primaryimage"},"thumbnailUrl":"https:\/\/noticiasmercedinas.com\/site\/wp-content\/uploads\/2025\/10\/FB_IMG_1759684507365.jpg","keywords":["desfile","iglesia catedral"],"articleSection":["Sociedad"],"inLanguage":"es"},{"@type":"WebPage","@id":"https:\/\/noticiasmercedinas.com\/site\/2025\/10\/05\/desfile-historico-en-mercedes-por-el-bicentenario-de-la-iglesia-catedral\/","url":"https:\/\/noticiasmercedinas.com\/site\/2025\/10\/05\/desfile-historico-en-mercedes-por-el-bicentenario-de-la-iglesia-catedral\/","name":"Desfile hist\u00f3rico en Mercedes por el bicentenario de la Iglesia Catedral","isPartOf":{"@id":"https:\/\/noticiasmercedinas.com\/site\/#website"},"primaryImageOfPage":{"@id":"https:\/\/noticiasmercedinas.com\/site\/2025\/10\/05\/desfile-historico-en-mercedes-por-el-bicentenario-de-la-iglesia-catedral\/#primaryimage"},"image":{"@id":"https:\/\/noticiasmercedinas.com\/site\/2025\/10\/05\/desfile-historico-en-mercedes-por-el-bicentenario-de-la-iglesia-catedral\/#primaryimage"},"thumbnailUrl":"https:\/\/noticiasmercedinas.com\/site\/wp-content\/uploads\/2025\/10\/FB_IMG_1759684507365.jpg","datePublished":"2025-10-05T17:36:08+00:00","dateModified":"2025-10-05T23:28:26+00:00","description":"El intendente Juan Ustarroz destac\u00f3 y agradeci\u00f3 la presencia y el esfuerzo de cada participante por \"engalanar este desfile y especialmente acompa\u00f1ando a la comunidad de Catedral\".","breadcrumb":{"@id":"https:\/\/noticiasmercedinas.com\/site\/2025\/10\/05\/desfile-historico-en-mercedes-por-el-bicentenario-de-la-iglesia-catedral\/#breadcrumb"},"inLanguage":"es","potentialAction":[{"@type":"ReadAction","target":["https:\/\/noticiasmercedinas.com\/site\/2025\/10\/05\/desfile-historico-en-mercedes-por-el-bicentenario-de-la-iglesia-catedral\/"]}]},{"@type":"ImageObject","inLanguage":"es","@id":"https:\/\/noticiasmercedinas.com\/site\/2025\/10\/05\/desfile-historico-en-mercedes-por-el-bicentenario-de-la-iglesia-catedral\/#primaryimage","url":"https:\/\/noticiasmercedinas.com\/site\/wp-content\/uploads\/2025\/10\/FB_IMG_1759684507365.jpg","contentUrl":"https:\/\/noticiasmercedinas.com\/site\/wp-content\/uploads\/2025\/10\/FB_IMG_1759684507365.jpg","width":1440,"height":1440},{"@type":"BreadcrumbList","@id":"https:\/\/noticiasmercedinas.com\/site\/2025\/10\/05\/desfile-historico-en-mercedes-por-el-bicentenario-de-la-iglesia-catedral\/#breadcrumb","itemListElement":[{"@type":"ListItem","position":1,"name":"Portada","item":"https:\/\/noticiasmercedinas.com\/site\/"},{"@type":"ListItem","position":2,"name":"Desfile hist\u00f3rico en Mercedes por el bicentenario de la Iglesia Catedral"}]},{"@type":"WebSite","@id":"https:\/\/noticiasmercedinas.com\/site\/#website","url":"https:\/\/noticiasmercedinas.com\/site\/","name":"NOTICIASMERCEDINAS.COM","description":"Mercedes, Buenos Aires, Argentina","publisher":{"@id":"https:\/\/noticiasmercedinas.com\/site\/#organization"},"potentialAction":[{"@type":"SearchAction","target":{"@type":"EntryPoint","urlTemplate":"https:\/\/noticiasmercedinas.com\/site\/?s={search_term_string}"},"query-input":{"@type":"PropertyValueSpecification","valueRequired":true,"valueName":"search_term_string"}}],"inLanguage":"es"},{"@type":"Organization","@id":"https:\/\/noticiasmercedinas.com\/site\/#organization","name":"NOTICIASMERCEDINAS.COM","url":"https:\/\/noticiasmercedinas.com\/site\/","logo":{"@type":"ImageObject","inLanguage":"es","@id":"https:\/\/noticiasmercedinas.com\/site\/#\/schema\/logo\/image\/","url":"https:\/\/noticiasmercedinas.com\/site\/wp-content\/uploads\/2020\/06\/LOGO-512.jpg","contentUrl":"https:\/\/noticiasmercedinas.com\/site\/wp-content\/uploads\/2020\/06\/LOGO-512.jpg","width":512,"height":512,"caption":"NOTICIASMERCEDINAS.COM"},"image":{"@id":"https:\/\/noticiasmercedinas.com\/site\/#\/schema\/logo\/image\/"},"sameAs":["https:\/\/www.facebook.com\/noticiasmercedinas\/","https:\/\/x.com\/notmercedinas","https:\/\/www.instagram.com\/noticiasmercedinas\/"]},{"@type":"Person","@id":"https:\/\/noticiasmercedinas.com\/site\/#\/schema\/person\/84b59c099c28ff2e8b77d4ceec5d8063","name":"NOTICIASMERCEDINAS.COM","image":{"@type":"ImageObject","inLanguage":"es","@id":"https:\/\/secure.gravatar.com\/avatar\/4dfbf16b4d17945bfb6341b2d19043457132fcf478a5ee04f42e959fd8f5df0a?s=96&d=mm&r=g","url":"https:\/\/secure.gravatar.com\/avatar\/4dfbf16b4d17945bfb6341b2d19043457132fcf478a5ee04f42e959fd8f5df0a?s=96&d=mm&r=g","contentUrl":"https:\/\/secure.gravatar.com\/avatar\/4dfbf16b4d17945bfb6341b2d19043457132fcf478a5ee04f42e959fd8f5df0a?s=96&d=mm&r=g","caption":"NOTICIASMERCEDINAS.COM"},"url":"https:\/\/noticiasmercedinas.com\/site\/author\/anonimo\/"}]}},"amp_enabled":true,"_links":{"self":[{"href":"https:\/\/noticiasmercedinas.com\/site\/wp-json\/wp\/v2\/posts\/171094","targetHints":{"allow":["GET"]}}],"collection":[{"href":"https:\/\/noticiasmercedinas.com\/site\/wp-json\/wp\/v2\/posts"}],"about":[{"href":"https:\/\/noticiasmercedinas.com\/site\/wp-json\/wp\/v2\/types\/post"}],"author":[{"embeddable":true,"href":"https:\/\/noticiasmercedinas.com\/site\/wp-json\/wp\/v2\/users\/16"}],"replies":[{"embeddable":true,"href":"https:\/\/noticiasmercedinas.com\/site\/wp-json\/wp\/v2\/comments?post=171094"}],"version-history":[{"count":4,"href":"https:\/\/noticiasmercedinas.com\/site\/wp-json\/wp\/v2\/posts\/171094\/revisions"}],"predecessor-version":[{"id":171122,"href":"https:\/\/noticiasmercedinas.com\/site\/wp-json\/wp\/v2\/posts\/171094\/revisions\/171122"}],"wp:featuredmedia":[{"embeddable":true,"href":"https:\/\/noticiasmercedinas.com\/site\/wp-json\/wp\/v2\/media\/171102"}],"wp:attachment":[{"href":"https:\/\/noticiasmercedinas.com\/site\/wp-json\/wp\/v2\/media?parent=171094"}],"wp:term":[{"taxonomy":"category","embeddable":true,"href":"https:\/\/noticiasmercedinas.com\/site\/wp-json\/wp\/v2\/categories?post=171094"},{"taxonomy":"post_tag","embeddable":true,"href":"https:\/\/noticiasmercedinas.com\/site\/wp-json\/wp\/v2\/tags?post=171094"}],"curies":[{"name":"wp","href":"https:\/\/api.w.org\/{rel}","templated":true}]}}