{"id":171137,"date":"2025-10-05T22:28:46","date_gmt":"2025-10-06T01:28:46","guid":{"rendered":"https:\/\/noticiasmercedinas.com\/site\/?p=171137"},"modified":"2025-10-05T22:32:58","modified_gmt":"2025-10-06T01:32:58","slug":"beto-bondanza-realizo-un-desfile-a-todo-glamour-y-con-solidaridad","status":"publish","type":"post","link":"https:\/\/noticiasmercedinas.com\/site\/2025\/10\/05\/beto-bondanza-realizo-un-desfile-a-todo-glamour-y-con-solidaridad\/","title":{"rendered":"Beto Bondanza realiz\u00f3 un desfile a todo glamour y con solidaridad"},"content":{"rendered":"<p><img loading=\"lazy\" decoding=\"async\" class=\"alignnone size-full wp-image-171139\" src=\"https:\/\/noticiasmercedinas.com\/site\/wp-content\/uploads\/2025\/10\/0f09e52e-31f4-4e93-8d07-6f2598e8ccbb-e1759713637683.jpg\" alt=\"\" width=\"1200\" height=\"947\" srcset=\"https:\/\/noticiasmercedinas.com\/site\/wp-content\/uploads\/2025\/10\/0f09e52e-31f4-4e93-8d07-6f2598e8ccbb-e1759713637683.jpg 1200w, https:\/\/noticiasmercedinas.com\/site\/wp-content\/uploads\/2025\/10\/0f09e52e-31f4-4e93-8d07-6f2598e8ccbb-e1759713637683-300x237.jpg 300w, https:\/\/noticiasmercedinas.com\/site\/wp-content\/uploads\/2025\/10\/0f09e52e-31f4-4e93-8d07-6f2598e8ccbb-e1759713637683-1024x808.jpg 1024w, https:\/\/noticiasmercedinas.com\/site\/wp-content\/uploads\/2025\/10\/0f09e52e-31f4-4e93-8d07-6f2598e8ccbb-e1759713637683-768x606.jpg 768w, https:\/\/noticiasmercedinas.com\/site\/wp-content\/uploads\/2025\/10\/0f09e52e-31f4-4e93-8d07-6f2598e8ccbb-e1759713637683-640x505.jpg 640w, https:\/\/noticiasmercedinas.com\/site\/wp-content\/uploads\/2025\/10\/0f09e52e-31f4-4e93-8d07-6f2598e8ccbb-e1759713637683-681x537.jpg 681w\" sizes=\"auto, (max-width: 1200px) 100vw, 1200px\" \/><\/p>\n<p><span style=\"font-weight: 400;\">A pesar de la tarde gris y lluviosa, la convocatoria organizada por Beto Bondanza result\u00f3 un verdadero \u00e9xito este domingo. Y es que mencionar a Beto Bondanza es evocar glamour, elegancia, refinamiento y sobre todo solidaridad: un ser siempre dispuesto a tender una mano a quienes m\u00e1s lo necesiten<\/span><\/p>\n<p><span style=\"font-weight: 400;\">Ambientado por <\/span><b>M &amp; A Eventos, <\/b><span style=\"font-weight: 400;\">el sal\u00f3n luc\u00eda espl\u00e9ndido y <\/span><b>\u201cEl Desfile\u201d<\/b><span style=\"font-weight: 400;\"> comenz\u00f3 con la acertada conducci\u00f3n de Adriana Gonz\u00e1lez.<\/span><\/p>\n<p><img loading=\"lazy\" decoding=\"async\" class=\"alignnone size-full wp-image-171138\" src=\"https:\/\/noticiasmercedinas.com\/site\/wp-content\/uploads\/2025\/10\/181f1f7c-fe37-43f4-b17d-089eb0c84455-e1759713661200.jpg\" alt=\"\" width=\"960\" height=\"930\" srcset=\"https:\/\/noticiasmercedinas.com\/site\/wp-content\/uploads\/2025\/10\/181f1f7c-fe37-43f4-b17d-089eb0c84455-e1759713661200.jpg 960w, https:\/\/noticiasmercedinas.com\/site\/wp-content\/uploads\/2025\/10\/181f1f7c-fe37-43f4-b17d-089eb0c84455-e1759713661200-300x291.jpg 300w, https:\/\/noticiasmercedinas.com\/site\/wp-content\/uploads\/2025\/10\/181f1f7c-fe37-43f4-b17d-089eb0c84455-e1759713661200-768x744.jpg 768w, https:\/\/noticiasmercedinas.com\/site\/wp-content\/uploads\/2025\/10\/181f1f7c-fe37-43f4-b17d-089eb0c84455-e1759713661200-640x620.jpg 640w, https:\/\/noticiasmercedinas.com\/site\/wp-content\/uploads\/2025\/10\/181f1f7c-fe37-43f4-b17d-089eb0c84455-e1759713661200-681x660.jpg 681w\" sizes=\"auto, (max-width: 960px) 100vw, 960px\" \/><\/p>\n<p><span style=\"font-weight: 400;\">El grupo <\/span><b>\u201cEstudio Boulevard\u201d<\/b><span style=\"font-weight: 400;\">\u00a0realiz\u00f3 una excelente coreograf\u00eda, muy celebrada por el p\u00fablico asistente, demostrando la perfecta sincronizaci\u00f3n de su cuerpo de baile que brill\u00f3 en la primera parte del espect\u00e1culo.<\/span><\/p>\n<p><span style=\"font-weight: 400;\">A continuaci\u00f3n las distintas marcas de ropa se hicieron presentes en la pasarela:<\/span><\/p>\n<p><b>&#8211; Mail Good<\/b><span style=\"font-weight: 400;\">\u00a0present\u00f3 su colecci\u00f3n de ni\u00f1os destac\u00e1ndose la actitud de los m\u00e1s peque\u00f1os que con frescura y alegr\u00eda exhibieron las hermosas prendas de la colecci\u00f3n.<\/span><\/p>\n<p><b>&#8211; \u201cCueros Ra\u00edz\u201d, <\/b><span style=\"font-weight: 400;\">el emprendimiento de ropa de cuero de <\/span><b>Vanina Acosta<\/b><span style=\"font-weight: 400;\"> y su hija, <\/span><b>Ayel\u00e9n<\/b><span style=\"font-weight: 400;\">, caus\u00f3 sensaci\u00f3n entre los asistentes, por el dise\u00f1o y elegancia de cada prenda.<\/span><\/p>\n<p><span style=\"font-weight: 400;\">&#8211; <strong>\u201cRufina Indumentaria\u201d<\/strong> present\u00f3 estilos distintos, en ropa de crochet, pr\u00eat-\u00e0-porter y noche, mostrando el buen gusto t fineza que la caracteriza.<\/span><\/p>\n<p><b>&#8211; \u201cHela\u201d,<\/b><span style=\"font-weight: 400;\"> el emprendimiento de <\/span><b>\u00c9rika Denis,<\/b><span style=\"font-weight: 400;\"> exhibi\u00f3 sus hermosas ruanas con el sol de mayo en el centro. El momento m\u00e1s aplaudido fue el paso de una peque\u00f1a, que con un delicado sombrero luci\u00f3 con encanto una de las prendas.<\/span><\/p>\n<p><span style=\"font-weight: 400;\">&#8211; El broche de oro lo puso <\/span><b>The<\/b> <b>Blonde<\/b><span style=\"font-weight: 400;\">, de <\/span><b>Fernanda Rinaldi,<\/b><span style=\"font-weight: 400;\"> que deslumbr\u00f3 al p\u00fablico con su exquisita colecci\u00f3n de ropa de noche. Cada dise\u00f1o se destac\u00f3 por su elegancia y sofisticaci\u00f3n y fue muy bien recibido por el p\u00fablico asistente.<\/span><\/p>\n<p><img loading=\"lazy\" decoding=\"async\" class=\"alignnone size-full wp-image-171140\" src=\"https:\/\/noticiasmercedinas.com\/site\/wp-content\/uploads\/2025\/10\/5d542ef4-8902-42ad-8e9e-7de51aa2966f-e1759713685602.jpg\" alt=\"\" width=\"1204\" height=\"1093\" srcset=\"https:\/\/noticiasmercedinas.com\/site\/wp-content\/uploads\/2025\/10\/5d542ef4-8902-42ad-8e9e-7de51aa2966f-e1759713685602.jpg 1204w, https:\/\/noticiasmercedinas.com\/site\/wp-content\/uploads\/2025\/10\/5d542ef4-8902-42ad-8e9e-7de51aa2966f-e1759713685602-300x272.jpg 300w, https:\/\/noticiasmercedinas.com\/site\/wp-content\/uploads\/2025\/10\/5d542ef4-8902-42ad-8e9e-7de51aa2966f-e1759713685602-1024x930.jpg 1024w, https:\/\/noticiasmercedinas.com\/site\/wp-content\/uploads\/2025\/10\/5d542ef4-8902-42ad-8e9e-7de51aa2966f-e1759713685602-768x697.jpg 768w, https:\/\/noticiasmercedinas.com\/site\/wp-content\/uploads\/2025\/10\/5d542ef4-8902-42ad-8e9e-7de51aa2966f-e1759713685602-640x581.jpg 640w, https:\/\/noticiasmercedinas.com\/site\/wp-content\/uploads\/2025\/10\/5d542ef4-8902-42ad-8e9e-7de51aa2966f-e1759713685602-681x618.jpg 681w\" sizes=\"auto, (max-width: 1204px) 100vw, 1204px\" \/><\/p>\n<p><span style=\"font-weight: 400;\">A continuaci\u00f3n se realizaron importantes sorteos y se sirvi\u00f3 un catering especialmente preparado por la confiter\u00eda <\/span><b>PAND\u00da.<\/b><\/p>\n<p><span style=\"font-weight: 400;\">En el cierre, <\/span><b>Beto Bondanza<\/b><span style=\"font-weight: 400;\">\u00a0agradeci\u00f3 especialmente al due\u00f1o de <\/span><b>Producciones \u201cLa Rosa\u201d (ex<\/b> <b>Casa An\u00fas), sr. Guillermo Rinforzi,<\/b><span style=\"font-weight: 400;\"> a los presentes (que colmaban las instalaciones) y a sus asistentes, especialmente a <\/span><b>Mar\u00eda Fiorelli<\/b><span style=\"font-weight: 400;\">, su colaboradora m\u00e1s querida, cuya ausencia se sinti\u00f3 profundamente durante toda la velada.<\/span><\/p>\n<p><span style=\"font-weight: 400;\">Una noche a todo brillo y color, que adem\u00e1s mostr\u00f3 su costado solidario ya que Beto destin\u00f3 una colaboraci\u00f3n especial al <\/span><b>Instituto Lowe.<\/b><\/p>\n<p><span style=\"font-weight: 400;\">Una noche que una vez m\u00e1s puso de relieve la cuidada presentaci\u00f3n, el talento y la pasi\u00f3n en cada detalle, dejando en todos los presentes la sensaci\u00f3n de haber compartido un evento lleno de glamour, emoci\u00f3n y recuerdos, que permanecer\u00e1n en el coraz\u00f3n de quienes lo vivieron.<\/span><\/p>\n<p><b><\/b><span style=\"font-weight: 400;\">Beto Bondanza agradece especialmente la colaboraci\u00f3n de los siguientes medios: <\/span><b>noticiasmercedinas.com; Semanario Nuevo Cronista; Semanario Protagonistas y Radio F\u00e9nix.<\/b><\/p>\n<p><img loading=\"lazy\" decoding=\"async\" class=\"alignnone size-full wp-image-171141\" src=\"https:\/\/noticiasmercedinas.com\/site\/wp-content\/uploads\/2025\/10\/cc42d9a8-936c-44ed-a3c1-81b78d773dfb.jpg\" alt=\"\" width=\"1200\" height=\"1600\" srcset=\"https:\/\/noticiasmercedinas.com\/site\/wp-content\/uploads\/2025\/10\/cc42d9a8-936c-44ed-a3c1-81b78d773dfb.jpg 1200w, https:\/\/noticiasmercedinas.com\/site\/wp-content\/uploads\/2025\/10\/cc42d9a8-936c-44ed-a3c1-81b78d773dfb-225x300.jpg 225w, https:\/\/noticiasmercedinas.com\/site\/wp-content\/uploads\/2025\/10\/cc42d9a8-936c-44ed-a3c1-81b78d773dfb-768x1024.jpg 768w, https:\/\/noticiasmercedinas.com\/site\/wp-content\/uploads\/2025\/10\/cc42d9a8-936c-44ed-a3c1-81b78d773dfb-1152x1536.jpg 1152w, https:\/\/noticiasmercedinas.com\/site\/wp-content\/uploads\/2025\/10\/cc42d9a8-936c-44ed-a3c1-81b78d773dfb-640x853.jpg 640w, https:\/\/noticiasmercedinas.com\/site\/wp-content\/uploads\/2025\/10\/cc42d9a8-936c-44ed-a3c1-81b78d773dfb-681x908.jpg 681w\" sizes=\"auto, (max-width: 1200px) 100vw, 1200px\" \/><\/p>\n","protected":false},"excerpt":{"rendered":"<p>\u25a0 En Casa Anus hubo este domingo una tarde y noche a todo brillo y color, que adem\u00e1s mostr\u00f3 su costado solidario ya que Beto destin\u00f3 una colaboraci\u00f3n especial al Instituto Lowe.<\/p>\n","protected":false},"author":24,"featured_media":171139,"comment_status":"closed","ping_status":"closed","sticky":false,"template":"","format":"standard","meta":{"footnotes":""},"categories":[3,20734],"tags":[2240,2017,3057],"class_list":["post-171137","post","type-post","status-publish","format-standard","has-post-thumbnail","hentry","category-sociedad","category-ultimo-momento","tag-beto-bondanza","tag-desfile","tag-instituto-lowe"],"yoast_head":"<!-- This site is optimized with the Yoast SEO plugin v27.5 - https:\/\/yoast.com\/product\/yoast-seo-wordpress\/ -->\n<title>Beto Bondanza realiz\u00f3 un desfile a todo glamour y con solidaridad<\/title>\n<meta name=\"description\" content=\"En Casa Anus hubo este domingo una tarde y noche a todo brillo y color, que adem\u00e1s mostr\u00f3 su costado solidario ya que Beto destin\u00f3 una colaboraci\u00f3n especial al Instituto Lowe.\" \/>\n<meta name=\"robots\" content=\"index, follow, max-snippet:-1, max-image-preview:large, max-video-preview:-1\" \/>\n<link rel=\"canonical\" href=\"https:\/\/noticiasmercedinas.com\/site\/2025\/10\/05\/beto-bondanza-realizo-un-desfile-a-todo-glamour-y-con-solidaridad\/\" \/>\n<meta property=\"og:locale\" content=\"es_ES\" \/>\n<meta property=\"og:type\" content=\"article\" \/>\n<meta property=\"og:title\" content=\"Beto Bondanza realiz\u00f3 un desfile a todo glamour y con solidaridad\" \/>\n<meta property=\"og:description\" content=\"En Casa Anus hubo este domingo una tarde y noche a todo brillo y color, que adem\u00e1s mostr\u00f3 su costado solidario ya que Beto destin\u00f3 una colaboraci\u00f3n especial al Instituto Lowe.\" \/>\n<meta property=\"og:url\" content=\"https:\/\/noticiasmercedinas.com\/site\/2025\/10\/05\/beto-bondanza-realizo-un-desfile-a-todo-glamour-y-con-solidaridad\/\" \/>\n<meta property=\"og:site_name\" content=\"NOTICIASMERCEDINAS.COM\" \/>\n<meta property=\"article:publisher\" content=\"https:\/\/www.facebook.com\/noticiasmercedinas\/\" \/>\n<meta property=\"article:published_time\" content=\"2025-10-06T01:28:46+00:00\" \/>\n<meta property=\"article:modified_time\" content=\"2025-10-06T01:32:58+00:00\" \/>\n<meta property=\"og:image\" content=\"https:\/\/noticiasmercedinas.com\/site\/wp-content\/uploads\/2025\/10\/0f09e52e-31f4-4e93-8d07-6f2598e8ccbb-e1759713637683.jpg\" \/>\n\t<meta property=\"og:image:width\" content=\"1200\" \/>\n\t<meta property=\"og:image:height\" content=\"947\" \/>\n\t<meta property=\"og:image:type\" content=\"image\/jpeg\" \/>\n<meta name=\"author\" content=\"Susana Spano\" \/>\n<meta name=\"twitter:card\" content=\"summary_large_image\" \/>\n<meta name=\"twitter:creator\" content=\"@notmercedinas\" \/>\n<meta name=\"twitter:site\" content=\"@notmercedinas\" \/>\n<meta name=\"twitter:label1\" content=\"Escrito por\" \/>\n\t<meta name=\"twitter:data1\" content=\"Susana Spano\" \/>\n\t<meta name=\"twitter:label2\" content=\"Tiempo de lectura\" \/>\n\t<meta name=\"twitter:data2\" content=\"3 minutos\" \/>\n<script type=\"application\/ld+json\" class=\"yoast-schema-graph\">{\"@context\":\"https:\\\/\\\/schema.org\",\"@graph\":[{\"@type\":\"Article\",\"@id\":\"https:\\\/\\\/noticiasmercedinas.com\\\/site\\\/2025\\\/10\\\/05\\\/beto-bondanza-realizo-un-desfile-a-todo-glamour-y-con-solidaridad\\\/#article\",\"isPartOf\":{\"@id\":\"https:\\\/\\\/noticiasmercedinas.com\\\/site\\\/2025\\\/10\\\/05\\\/beto-bondanza-realizo-un-desfile-a-todo-glamour-y-con-solidaridad\\\/\"},\"author\":{\"name\":\"Susana Spano\",\"@id\":\"https:\\\/\\\/noticiasmercedinas.com\\\/site\\\/#\\\/schema\\\/person\\\/6c6decb6bf2ace51790c3ae1860466d7\"},\"headline\":\"Beto Bondanza realiz\u00f3 un desfile a todo glamour y con solidaridad\",\"datePublished\":\"2025-10-06T01:28:46+00:00\",\"dateModified\":\"2025-10-06T01:32:58+00:00\",\"mainEntityOfPage\":{\"@id\":\"https:\\\/\\\/noticiasmercedinas.com\\\/site\\\/2025\\\/10\\\/05\\\/beto-bondanza-realizo-un-desfile-a-todo-glamour-y-con-solidaridad\\\/\"},\"wordCount\":488,\"publisher\":{\"@id\":\"https:\\\/\\\/noticiasmercedinas.com\\\/site\\\/#organization\"},\"image\":{\"@id\":\"https:\\\/\\\/noticiasmercedinas.com\\\/site\\\/2025\\\/10\\\/05\\\/beto-bondanza-realizo-un-desfile-a-todo-glamour-y-con-solidaridad\\\/#primaryimage\"},\"thumbnailUrl\":\"https:\\\/\\\/noticiasmercedinas.com\\\/site\\\/wp-content\\\/uploads\\\/2025\\\/10\\\/0f09e52e-31f4-4e93-8d07-6f2598e8ccbb-e1759713637683.jpg\",\"keywords\":[\"beto bondanza\",\"desfile\",\"instituto lowe\"],\"articleSection\":[\"Sociedad\",\"Ultimo momento\"],\"inLanguage\":\"es\"},{\"@type\":\"WebPage\",\"@id\":\"https:\\\/\\\/noticiasmercedinas.com\\\/site\\\/2025\\\/10\\\/05\\\/beto-bondanza-realizo-un-desfile-a-todo-glamour-y-con-solidaridad\\\/\",\"url\":\"https:\\\/\\\/noticiasmercedinas.com\\\/site\\\/2025\\\/10\\\/05\\\/beto-bondanza-realizo-un-desfile-a-todo-glamour-y-con-solidaridad\\\/\",\"name\":\"Beto Bondanza realiz\u00f3 un desfile a todo glamour y con solidaridad\",\"isPartOf\":{\"@id\":\"https:\\\/\\\/noticiasmercedinas.com\\\/site\\\/#website\"},\"primaryImageOfPage\":{\"@id\":\"https:\\\/\\\/noticiasmercedinas.com\\\/site\\\/2025\\\/10\\\/05\\\/beto-bondanza-realizo-un-desfile-a-todo-glamour-y-con-solidaridad\\\/#primaryimage\"},\"image\":{\"@id\":\"https:\\\/\\\/noticiasmercedinas.com\\\/site\\\/2025\\\/10\\\/05\\\/beto-bondanza-realizo-un-desfile-a-todo-glamour-y-con-solidaridad\\\/#primaryimage\"},\"thumbnailUrl\":\"https:\\\/\\\/noticiasmercedinas.com\\\/site\\\/wp-content\\\/uploads\\\/2025\\\/10\\\/0f09e52e-31f4-4e93-8d07-6f2598e8ccbb-e1759713637683.jpg\",\"datePublished\":\"2025-10-06T01:28:46+00:00\",\"dateModified\":\"2025-10-06T01:32:58+00:00\",\"description\":\"En Casa Anus hubo este domingo una tarde y noche a todo brillo y color, que adem\u00e1s mostr\u00f3 su costado solidario ya que Beto destin\u00f3 una colaboraci\u00f3n especial al Instituto Lowe.\",\"breadcrumb\":{\"@id\":\"https:\\\/\\\/noticiasmercedinas.com\\\/site\\\/2025\\\/10\\\/05\\\/beto-bondanza-realizo-un-desfile-a-todo-glamour-y-con-solidaridad\\\/#breadcrumb\"},\"inLanguage\":\"es\",\"potentialAction\":[{\"@type\":\"ReadAction\",\"target\":[\"https:\\\/\\\/noticiasmercedinas.com\\\/site\\\/2025\\\/10\\\/05\\\/beto-bondanza-realizo-un-desfile-a-todo-glamour-y-con-solidaridad\\\/\"]}]},{\"@type\":\"ImageObject\",\"inLanguage\":\"es\",\"@id\":\"https:\\\/\\\/noticiasmercedinas.com\\\/site\\\/2025\\\/10\\\/05\\\/beto-bondanza-realizo-un-desfile-a-todo-glamour-y-con-solidaridad\\\/#primaryimage\",\"url\":\"https:\\\/\\\/noticiasmercedinas.com\\\/site\\\/wp-content\\\/uploads\\\/2025\\\/10\\\/0f09e52e-31f4-4e93-8d07-6f2598e8ccbb-e1759713637683.jpg\",\"contentUrl\":\"https:\\\/\\\/noticiasmercedinas.com\\\/site\\\/wp-content\\\/uploads\\\/2025\\\/10\\\/0f09e52e-31f4-4e93-8d07-6f2598e8ccbb-e1759713637683.jpg\",\"width\":1200,\"height\":947},{\"@type\":\"BreadcrumbList\",\"@id\":\"https:\\\/\\\/noticiasmercedinas.com\\\/site\\\/2025\\\/10\\\/05\\\/beto-bondanza-realizo-un-desfile-a-todo-glamour-y-con-solidaridad\\\/#breadcrumb\",\"itemListElement\":[{\"@type\":\"ListItem\",\"position\":1,\"name\":\"Portada\",\"item\":\"https:\\\/\\\/noticiasmercedinas.com\\\/site\\\/\"},{\"@type\":\"ListItem\",\"position\":2,\"name\":\"Beto Bondanza realiz\u00f3 un desfile a todo glamour y con solidaridad\"}]},{\"@type\":\"WebSite\",\"@id\":\"https:\\\/\\\/noticiasmercedinas.com\\\/site\\\/#website\",\"url\":\"https:\\\/\\\/noticiasmercedinas.com\\\/site\\\/\",\"name\":\"NOTICIASMERCEDINAS.COM\",\"description\":\"Mercedes, Buenos Aires, Argentina\",\"publisher\":{\"@id\":\"https:\\\/\\\/noticiasmercedinas.com\\\/site\\\/#organization\"},\"potentialAction\":[{\"@type\":\"SearchAction\",\"target\":{\"@type\":\"EntryPoint\",\"urlTemplate\":\"https:\\\/\\\/noticiasmercedinas.com\\\/site\\\/?s={search_term_string}\"},\"query-input\":{\"@type\":\"PropertyValueSpecification\",\"valueRequired\":true,\"valueName\":\"search_term_string\"}}],\"inLanguage\":\"es\"},{\"@type\":\"Organization\",\"@id\":\"https:\\\/\\\/noticiasmercedinas.com\\\/site\\\/#organization\",\"name\":\"NOTICIASMERCEDINAS.COM\",\"url\":\"https:\\\/\\\/noticiasmercedinas.com\\\/site\\\/\",\"logo\":{\"@type\":\"ImageObject\",\"inLanguage\":\"es\",\"@id\":\"https:\\\/\\\/noticiasmercedinas.com\\\/site\\\/#\\\/schema\\\/logo\\\/image\\\/\",\"url\":\"https:\\\/\\\/noticiasmercedinas.com\\\/site\\\/wp-content\\\/uploads\\\/2020\\\/06\\\/LOGO-512.jpg\",\"contentUrl\":\"https:\\\/\\\/noticiasmercedinas.com\\\/site\\\/wp-content\\\/uploads\\\/2020\\\/06\\\/LOGO-512.jpg\",\"width\":512,\"height\":512,\"caption\":\"NOTICIASMERCEDINAS.COM\"},\"image\":{\"@id\":\"https:\\\/\\\/noticiasmercedinas.com\\\/site\\\/#\\\/schema\\\/logo\\\/image\\\/\"},\"sameAs\":[\"https:\\\/\\\/www.facebook.com\\\/noticiasmercedinas\\\/\",\"https:\\\/\\\/x.com\\\/notmercedinas\",\"https:\\\/\\\/www.instagram.com\\\/noticiasmercedinas\\\/\"]},{\"@type\":\"Person\",\"@id\":\"https:\\\/\\\/noticiasmercedinas.com\\\/site\\\/#\\\/schema\\\/person\\\/6c6decb6bf2ace51790c3ae1860466d7\",\"name\":\"Susana Spano\",\"image\":{\"@type\":\"ImageObject\",\"inLanguage\":\"es\",\"@id\":\"https:\\\/\\\/secure.gravatar.com\\\/avatar\\\/8b943981637969c1ccbbca2f9b95cbe5dac8e434c0c759eef9552e95d86c38f4?s=96&d=mm&r=g\",\"url\":\"https:\\\/\\\/secure.gravatar.com\\\/avatar\\\/8b943981637969c1ccbbca2f9b95cbe5dac8e434c0c759eef9552e95d86c38f4?s=96&d=mm&r=g\",\"contentUrl\":\"https:\\\/\\\/secure.gravatar.com\\\/avatar\\\/8b943981637969c1ccbbca2f9b95cbe5dac8e434c0c759eef9552e95d86c38f4?s=96&d=mm&r=g\",\"caption\":\"Susana Spano\"},\"url\":\"https:\\\/\\\/noticiasmercedinas.com\\\/site\\\/author\\\/susana-spano\\\/\"}]}<\/script>\n<!-- \/ Yoast SEO plugin. -->","yoast_head_json":{"title":"Beto Bondanza realiz\u00f3 un desfile a todo glamour y con solidaridad","description":"En Casa Anus hubo este domingo una tarde y noche a todo brillo y color, que adem\u00e1s mostr\u00f3 su costado solidario ya que Beto destin\u00f3 una colaboraci\u00f3n especial al Instituto Lowe.","robots":{"index":"index","follow":"follow","max-snippet":"max-snippet:-1","max-image-preview":"max-image-preview:large","max-video-preview":"max-video-preview:-1"},"canonical":"https:\/\/noticiasmercedinas.com\/site\/2025\/10\/05\/beto-bondanza-realizo-un-desfile-a-todo-glamour-y-con-solidaridad\/","og_locale":"es_ES","og_type":"article","og_title":"Beto Bondanza realiz\u00f3 un desfile a todo glamour y con solidaridad","og_description":"En Casa Anus hubo este domingo una tarde y noche a todo brillo y color, que adem\u00e1s mostr\u00f3 su costado solidario ya que Beto destin\u00f3 una colaboraci\u00f3n especial al Instituto Lowe.","og_url":"https:\/\/noticiasmercedinas.com\/site\/2025\/10\/05\/beto-bondanza-realizo-un-desfile-a-todo-glamour-y-con-solidaridad\/","og_site_name":"NOTICIASMERCEDINAS.COM","article_publisher":"https:\/\/www.facebook.com\/noticiasmercedinas\/","article_published_time":"2025-10-06T01:28:46+00:00","article_modified_time":"2025-10-06T01:32:58+00:00","og_image":[{"width":1200,"height":947,"url":"https:\/\/noticiasmercedinas.com\/site\/wp-content\/uploads\/2025\/10\/0f09e52e-31f4-4e93-8d07-6f2598e8ccbb-e1759713637683.jpg","type":"image\/jpeg"}],"author":"Susana Spano","twitter_card":"summary_large_image","twitter_creator":"@notmercedinas","twitter_site":"@notmercedinas","twitter_misc":{"Escrito por":"Susana Spano","Tiempo de lectura":"3 minutos"},"schema":{"@context":"https:\/\/schema.org","@graph":[{"@type":"Article","@id":"https:\/\/noticiasmercedinas.com\/site\/2025\/10\/05\/beto-bondanza-realizo-un-desfile-a-todo-glamour-y-con-solidaridad\/#article","isPartOf":{"@id":"https:\/\/noticiasmercedinas.com\/site\/2025\/10\/05\/beto-bondanza-realizo-un-desfile-a-todo-glamour-y-con-solidaridad\/"},"author":{"name":"Susana Spano","@id":"https:\/\/noticiasmercedinas.com\/site\/#\/schema\/person\/6c6decb6bf2ace51790c3ae1860466d7"},"headline":"Beto Bondanza realiz\u00f3 un desfile a todo glamour y con solidaridad","datePublished":"2025-10-06T01:28:46+00:00","dateModified":"2025-10-06T01:32:58+00:00","mainEntityOfPage":{"@id":"https:\/\/noticiasmercedinas.com\/site\/2025\/10\/05\/beto-bondanza-realizo-un-desfile-a-todo-glamour-y-con-solidaridad\/"},"wordCount":488,"publisher":{"@id":"https:\/\/noticiasmercedinas.com\/site\/#organization"},"image":{"@id":"https:\/\/noticiasmercedinas.com\/site\/2025\/10\/05\/beto-bondanza-realizo-un-desfile-a-todo-glamour-y-con-solidaridad\/#primaryimage"},"thumbnailUrl":"https:\/\/noticiasmercedinas.com\/site\/wp-content\/uploads\/2025\/10\/0f09e52e-31f4-4e93-8d07-6f2598e8ccbb-e1759713637683.jpg","keywords":["beto bondanza","desfile","instituto lowe"],"articleSection":["Sociedad","Ultimo momento"],"inLanguage":"es"},{"@type":"WebPage","@id":"https:\/\/noticiasmercedinas.com\/site\/2025\/10\/05\/beto-bondanza-realizo-un-desfile-a-todo-glamour-y-con-solidaridad\/","url":"https:\/\/noticiasmercedinas.com\/site\/2025\/10\/05\/beto-bondanza-realizo-un-desfile-a-todo-glamour-y-con-solidaridad\/","name":"Beto Bondanza realiz\u00f3 un desfile a todo glamour y con solidaridad","isPartOf":{"@id":"https:\/\/noticiasmercedinas.com\/site\/#website"},"primaryImageOfPage":{"@id":"https:\/\/noticiasmercedinas.com\/site\/2025\/10\/05\/beto-bondanza-realizo-un-desfile-a-todo-glamour-y-con-solidaridad\/#primaryimage"},"image":{"@id":"https:\/\/noticiasmercedinas.com\/site\/2025\/10\/05\/beto-bondanza-realizo-un-desfile-a-todo-glamour-y-con-solidaridad\/#primaryimage"},"thumbnailUrl":"https:\/\/noticiasmercedinas.com\/site\/wp-content\/uploads\/2025\/10\/0f09e52e-31f4-4e93-8d07-6f2598e8ccbb-e1759713637683.jpg","datePublished":"2025-10-06T01:28:46+00:00","dateModified":"2025-10-06T01:32:58+00:00","description":"En Casa Anus hubo este domingo una tarde y noche a todo brillo y color, que adem\u00e1s mostr\u00f3 su costado solidario ya que Beto destin\u00f3 una colaboraci\u00f3n especial al Instituto Lowe.","breadcrumb":{"@id":"https:\/\/noticiasmercedinas.com\/site\/2025\/10\/05\/beto-bondanza-realizo-un-desfile-a-todo-glamour-y-con-solidaridad\/#breadcrumb"},"inLanguage":"es","potentialAction":[{"@type":"ReadAction","target":["https:\/\/noticiasmercedinas.com\/site\/2025\/10\/05\/beto-bondanza-realizo-un-desfile-a-todo-glamour-y-con-solidaridad\/"]}]},{"@type":"ImageObject","inLanguage":"es","@id":"https:\/\/noticiasmercedinas.com\/site\/2025\/10\/05\/beto-bondanza-realizo-un-desfile-a-todo-glamour-y-con-solidaridad\/#primaryimage","url":"https:\/\/noticiasmercedinas.com\/site\/wp-content\/uploads\/2025\/10\/0f09e52e-31f4-4e93-8d07-6f2598e8ccbb-e1759713637683.jpg","contentUrl":"https:\/\/noticiasmercedinas.com\/site\/wp-content\/uploads\/2025\/10\/0f09e52e-31f4-4e93-8d07-6f2598e8ccbb-e1759713637683.jpg","width":1200,"height":947},{"@type":"BreadcrumbList","@id":"https:\/\/noticiasmercedinas.com\/site\/2025\/10\/05\/beto-bondanza-realizo-un-desfile-a-todo-glamour-y-con-solidaridad\/#breadcrumb","itemListElement":[{"@type":"ListItem","position":1,"name":"Portada","item":"https:\/\/noticiasmercedinas.com\/site\/"},{"@type":"ListItem","position":2,"name":"Beto Bondanza realiz\u00f3 un desfile a todo glamour y con solidaridad"}]},{"@type":"WebSite","@id":"https:\/\/noticiasmercedinas.com\/site\/#website","url":"https:\/\/noticiasmercedinas.com\/site\/","name":"NOTICIASMERCEDINAS.COM","description":"Mercedes, Buenos Aires, Argentina","publisher":{"@id":"https:\/\/noticiasmercedinas.com\/site\/#organization"},"potentialAction":[{"@type":"SearchAction","target":{"@type":"EntryPoint","urlTemplate":"https:\/\/noticiasmercedinas.com\/site\/?s={search_term_string}"},"query-input":{"@type":"PropertyValueSpecification","valueRequired":true,"valueName":"search_term_string"}}],"inLanguage":"es"},{"@type":"Organization","@id":"https:\/\/noticiasmercedinas.com\/site\/#organization","name":"NOTICIASMERCEDINAS.COM","url":"https:\/\/noticiasmercedinas.com\/site\/","logo":{"@type":"ImageObject","inLanguage":"es","@id":"https:\/\/noticiasmercedinas.com\/site\/#\/schema\/logo\/image\/","url":"https:\/\/noticiasmercedinas.com\/site\/wp-content\/uploads\/2020\/06\/LOGO-512.jpg","contentUrl":"https:\/\/noticiasmercedinas.com\/site\/wp-content\/uploads\/2020\/06\/LOGO-512.jpg","width":512,"height":512,"caption":"NOTICIASMERCEDINAS.COM"},"image":{"@id":"https:\/\/noticiasmercedinas.com\/site\/#\/schema\/logo\/image\/"},"sameAs":["https:\/\/www.facebook.com\/noticiasmercedinas\/","https:\/\/x.com\/notmercedinas","https:\/\/www.instagram.com\/noticiasmercedinas\/"]},{"@type":"Person","@id":"https:\/\/noticiasmercedinas.com\/site\/#\/schema\/person\/6c6decb6bf2ace51790c3ae1860466d7","name":"Susana Spano","image":{"@type":"ImageObject","inLanguage":"es","@id":"https:\/\/secure.gravatar.com\/avatar\/8b943981637969c1ccbbca2f9b95cbe5dac8e434c0c759eef9552e95d86c38f4?s=96&d=mm&r=g","url":"https:\/\/secure.gravatar.com\/avatar\/8b943981637969c1ccbbca2f9b95cbe5dac8e434c0c759eef9552e95d86c38f4?s=96&d=mm&r=g","contentUrl":"https:\/\/secure.gravatar.com\/avatar\/8b943981637969c1ccbbca2f9b95cbe5dac8e434c0c759eef9552e95d86c38f4?s=96&d=mm&r=g","caption":"Susana Spano"},"url":"https:\/\/noticiasmercedinas.com\/site\/author\/susana-spano\/"}]}},"amp_enabled":true,"_links":{"self":[{"href":"https:\/\/noticiasmercedinas.com\/site\/wp-json\/wp\/v2\/posts\/171137","targetHints":{"allow":["GET"]}}],"collection":[{"href":"https:\/\/noticiasmercedinas.com\/site\/wp-json\/wp\/v2\/posts"}],"about":[{"href":"https:\/\/noticiasmercedinas.com\/site\/wp-json\/wp\/v2\/types\/post"}],"author":[{"embeddable":true,"href":"https:\/\/noticiasmercedinas.com\/site\/wp-json\/wp\/v2\/users\/24"}],"replies":[{"embeddable":true,"href":"https:\/\/noticiasmercedinas.com\/site\/wp-json\/wp\/v2\/comments?post=171137"}],"version-history":[{"count":1,"href":"https:\/\/noticiasmercedinas.com\/site\/wp-json\/wp\/v2\/posts\/171137\/revisions"}],"predecessor-version":[{"id":171142,"href":"https:\/\/noticiasmercedinas.com\/site\/wp-json\/wp\/v2\/posts\/171137\/revisions\/171142"}],"wp:featuredmedia":[{"embeddable":true,"href":"https:\/\/noticiasmercedinas.com\/site\/wp-json\/wp\/v2\/media\/171139"}],"wp:attachment":[{"href":"https:\/\/noticiasmercedinas.com\/site\/wp-json\/wp\/v2\/media?parent=171137"}],"wp:term":[{"taxonomy":"category","embeddable":true,"href":"https:\/\/noticiasmercedinas.com\/site\/wp-json\/wp\/v2\/categories?post=171137"},{"taxonomy":"post_tag","embeddable":true,"href":"https:\/\/noticiasmercedinas.com\/site\/wp-json\/wp\/v2\/tags?post=171137"}],"curies":[{"name":"wp","href":"https:\/\/api.w.org\/{rel}","templated":true}]}}