{"id":171264,"date":"2025-10-06T19:47:07","date_gmt":"2025-10-06T22:47:07","guid":{"rendered":"https:\/\/noticiasmercedinas.com\/site\/?p=171264"},"modified":"2025-10-06T19:49:54","modified_gmt":"2025-10-06T22:49:54","slug":"osvaldo-burucua-brindara-una-clase-abierta-en-el-conservatorio-este-jueves","status":"publish","type":"post","link":"https:\/\/noticiasmercedinas.com\/site\/2025\/10\/06\/osvaldo-burucua-brindara-una-clase-abierta-en-el-conservatorio-este-jueves\/","title":{"rendered":"Osvaldo Burucu\u00e1 brindar\u00e1 una clase\u00a0abierta en el Conservatorio, este jueves"},"content":{"rendered":"<p><img loading=\"lazy\" decoding=\"async\" class=\"alignnone size-full wp-image-171266\" src=\"https:\/\/noticiasmercedinas.com\/site\/wp-content\/uploads\/2025\/10\/IMG-20251006-WA0096.jpg\" alt=\"\" width=\"1080\" height=\"1080\" srcset=\"https:\/\/noticiasmercedinas.com\/site\/wp-content\/uploads\/2025\/10\/IMG-20251006-WA0096.jpg 1080w, https:\/\/noticiasmercedinas.com\/site\/wp-content\/uploads\/2025\/10\/IMG-20251006-WA0096-300x300.jpg 300w, https:\/\/noticiasmercedinas.com\/site\/wp-content\/uploads\/2025\/10\/IMG-20251006-WA0096-1024x1024.jpg 1024w, https:\/\/noticiasmercedinas.com\/site\/wp-content\/uploads\/2025\/10\/IMG-20251006-WA0096-150x150.jpg 150w, https:\/\/noticiasmercedinas.com\/site\/wp-content\/uploads\/2025\/10\/IMG-20251006-WA0096-768x768.jpg 768w, https:\/\/noticiasmercedinas.com\/site\/wp-content\/uploads\/2025\/10\/IMG-20251006-WA0096-640x640.jpg 640w, https:\/\/noticiasmercedinas.com\/site\/wp-content\/uploads\/2025\/10\/IMG-20251006-WA0096-681x681.jpg 681w\" sizes=\"auto, (max-width: 1080px) 100vw, 1080px\" \/><\/p>\n<p>El pr\u00f3ximo jueves 9 de octubre, el Conservatorio de M\u00fasica de Mercedes ser\u00e1 sede de una clase abierta a cargo del destacado m\u00fasico Osvaldo Burucu\u00e1, referente de la guitarra folkl\u00f3rica argentina con una extensa trayectoria como int\u00e9rprete, compositor y docente.<\/p>\n<p>La actividad, organizada por el Centro de Estudiantes Artaud, comenzar\u00e1 a las 15:30 hs en la sede de calle 12 N\u00b0 520. Est\u00e1 dirigida al p\u00fablico en general, sin requisitos previos, y propone un recorrido por el mapa musical argentino, abordando aspectos r\u00edtmicos, compases, acentos, acompa\u00f1amiento para el canto, criterios de rearmonizaci\u00f3n y herramientas para la improvisaci\u00f3n y la composici\u00f3n.<\/p>\n<p>Burucu\u00e1, nacido en Buenos Aires en 1960, ha acompa\u00f1ado a figuras como Adriana Varela, Juan Fal\u00fa, Teresa Parodi y Chavela Vargas, y ha representado a la Argentina en festivales internacionales en Per\u00fa, Colombia, Bolivia, Chile, Ecuador y Brasil. Su obra incluye discos como Paisaje, El Cielo, Violero, Esencia y Vigiia, adem\u00e1s de publicaciones pedag\u00f3gicas sobre ritmos folkl\u00f3ricos y estudios sobre la m\u00fasica del \u201cCuchi\u201d Leguizam\u00f3n.<\/p>\n<p>La clase ser\u00e1 no arancelada, aunque se ofrecer\u00e1 un bono contribuci\u00f3n voluntario destinado al docente, como forma de apoyar esta iniciativa formativa y cultural.<\/p>\n<p>Desde el Conservatorio y el Centro de Estudiantes se invita a toda la comunidad a participar de este encuentro.<\/p>\n<p><img loading=\"lazy\" decoding=\"async\" class=\"alignnone size-full wp-image-171269\" src=\"https:\/\/noticiasmercedinas.com\/site\/wp-content\/uploads\/2025\/10\/IMG-20251006-WA0098.jpg\" alt=\"\" width=\"1138\" height=\"853\" srcset=\"https:\/\/noticiasmercedinas.com\/site\/wp-content\/uploads\/2025\/10\/IMG-20251006-WA0098.jpg 1138w, https:\/\/noticiasmercedinas.com\/site\/wp-content\/uploads\/2025\/10\/IMG-20251006-WA0098-300x225.jpg 300w, https:\/\/noticiasmercedinas.com\/site\/wp-content\/uploads\/2025\/10\/IMG-20251006-WA0098-1024x768.jpg 1024w, https:\/\/noticiasmercedinas.com\/site\/wp-content\/uploads\/2025\/10\/IMG-20251006-WA0098-768x576.jpg 768w, https:\/\/noticiasmercedinas.com\/site\/wp-content\/uploads\/2025\/10\/IMG-20251006-WA0098-80x60.jpg 80w, https:\/\/noticiasmercedinas.com\/site\/wp-content\/uploads\/2025\/10\/IMG-20251006-WA0098-160x120.jpg 160w, https:\/\/noticiasmercedinas.com\/site\/wp-content\/uploads\/2025\/10\/IMG-20251006-WA0098-100x75.jpg 100w, https:\/\/noticiasmercedinas.com\/site\/wp-content\/uploads\/2025\/10\/IMG-20251006-WA0098-200x150.jpg 200w, https:\/\/noticiasmercedinas.com\/site\/wp-content\/uploads\/2025\/10\/IMG-20251006-WA0098-180x135.jpg 180w, https:\/\/noticiasmercedinas.com\/site\/wp-content\/uploads\/2025\/10\/IMG-20251006-WA0098-360x270.jpg 360w, https:\/\/noticiasmercedinas.com\/site\/wp-content\/uploads\/2025\/10\/IMG-20251006-WA0098-238x178.jpg 238w, https:\/\/noticiasmercedinas.com\/site\/wp-content\/uploads\/2025\/10\/IMG-20251006-WA0098-476x356.jpg 476w, https:\/\/noticiasmercedinas.com\/site\/wp-content\/uploads\/2025\/10\/IMG-20251006-WA0098-640x480.jpg 640w, https:\/\/noticiasmercedinas.com\/site\/wp-content\/uploads\/2025\/10\/IMG-20251006-WA0098-681x510.jpg 681w\" sizes=\"auto, (max-width: 1138px) 100vw, 1138px\" \/><\/p>\n","protected":false},"excerpt":{"rendered":"<p>El reconocido guitarrista y folklorista argentino compartir\u00e1 saberes sobre ritmos populares en una jornada libre y gratuita organizada por el Centro de Estudiantes Artaud.<\/p>\n","protected":false},"author":16,"featured_media":171269,"comment_status":"closed","ping_status":"closed","sticky":false,"template":"","format":"standard","meta":{"footnotes":""},"categories":[4],"tags":[21009,88],"class_list":["post-171264","post","type-post","status-publish","format-standard","has-post-thumbnail","hentry","category-cultura","tag-conservatorio","tag-musica"],"yoast_head":"<!-- This site is optimized with the Yoast SEO plugin v27.5 - https:\/\/yoast.com\/product\/yoast-seo-wordpress\/ -->\n<title>Osvaldo Burucu\u00e1 brindar\u00e1 una clase\u00a0abierta en el Conservatorio, este jueves<\/title>\n<meta name=\"description\" content=\"El reconocido guitarrista y folklorista argentino compartir\u00e1 saberes sobre ritmos populares en una jornada libre y gratuita organizada por el Centro de Estudiantes Artaud.\" \/>\n<meta name=\"robots\" content=\"index, follow, max-snippet:-1, max-image-preview:large, max-video-preview:-1\" \/>\n<link rel=\"canonical\" href=\"https:\/\/noticiasmercedinas.com\/site\/2025\/10\/06\/osvaldo-burucua-brindara-una-clase-abierta-en-el-conservatorio-este-jueves\/\" \/>\n<meta property=\"og:locale\" content=\"es_ES\" \/>\n<meta property=\"og:type\" content=\"article\" \/>\n<meta property=\"og:title\" content=\"Osvaldo Burucu\u00e1 brindar\u00e1 una clase\u00a0abierta en el Conservatorio, este jueves\" \/>\n<meta property=\"og:description\" content=\"El reconocido guitarrista y folklorista argentino compartir\u00e1 saberes sobre ritmos populares en una jornada libre y gratuita organizada por el Centro de Estudiantes Artaud.\" \/>\n<meta property=\"og:url\" content=\"https:\/\/noticiasmercedinas.com\/site\/2025\/10\/06\/osvaldo-burucua-brindara-una-clase-abierta-en-el-conservatorio-este-jueves\/\" \/>\n<meta property=\"og:site_name\" content=\"NOTICIASMERCEDINAS.COM\" \/>\n<meta property=\"article:publisher\" content=\"https:\/\/www.facebook.com\/noticiasmercedinas\/\" \/>\n<meta property=\"article:published_time\" content=\"2025-10-06T22:47:07+00:00\" \/>\n<meta property=\"article:modified_time\" content=\"2025-10-06T22:49:54+00:00\" \/>\n<meta property=\"og:image\" content=\"https:\/\/noticiasmercedinas.com\/site\/wp-content\/uploads\/2025\/10\/IMG-20251006-WA0098.jpg\" \/>\n\t<meta property=\"og:image:width\" content=\"1138\" \/>\n\t<meta property=\"og:image:height\" content=\"853\" \/>\n\t<meta property=\"og:image:type\" content=\"image\/jpeg\" \/>\n<meta name=\"author\" content=\"NOTICIASMERCEDINAS.COM\" \/>\n<meta name=\"twitter:card\" content=\"summary_large_image\" \/>\n<meta name=\"twitter:creator\" content=\"@notmercedinas\" \/>\n<meta name=\"twitter:site\" content=\"@notmercedinas\" \/>\n<meta name=\"twitter:label1\" content=\"Escrito por\" \/>\n\t<meta name=\"twitter:data1\" content=\"NOTICIASMERCEDINAS.COM\" \/>\n\t<meta name=\"twitter:label2\" content=\"Tiempo de lectura\" \/>\n\t<meta name=\"twitter:data2\" content=\"2 minutos\" \/>\n<script type=\"application\/ld+json\" class=\"yoast-schema-graph\">{\"@context\":\"https:\\\/\\\/schema.org\",\"@graph\":[{\"@type\":\"Article\",\"@id\":\"https:\\\/\\\/noticiasmercedinas.com\\\/site\\\/2025\\\/10\\\/06\\\/osvaldo-burucua-brindara-una-clase-abierta-en-el-conservatorio-este-jueves\\\/#article\",\"isPartOf\":{\"@id\":\"https:\\\/\\\/noticiasmercedinas.com\\\/site\\\/2025\\\/10\\\/06\\\/osvaldo-burucua-brindara-una-clase-abierta-en-el-conservatorio-este-jueves\\\/\"},\"author\":{\"name\":\"NOTICIASMERCEDINAS.COM\",\"@id\":\"https:\\\/\\\/noticiasmercedinas.com\\\/site\\\/#\\\/schema\\\/person\\\/84b59c099c28ff2e8b77d4ceec5d8063\"},\"headline\":\"Osvaldo Burucu\u00e1 brindar\u00e1 una clase\u00a0abierta en el Conservatorio, este jueves\",\"datePublished\":\"2025-10-06T22:47:07+00:00\",\"dateModified\":\"2025-10-06T22:49:54+00:00\",\"mainEntityOfPage\":{\"@id\":\"https:\\\/\\\/noticiasmercedinas.com\\\/site\\\/2025\\\/10\\\/06\\\/osvaldo-burucua-brindara-una-clase-abierta-en-el-conservatorio-este-jueves\\\/\"},\"wordCount\":232,\"publisher\":{\"@id\":\"https:\\\/\\\/noticiasmercedinas.com\\\/site\\\/#organization\"},\"image\":{\"@id\":\"https:\\\/\\\/noticiasmercedinas.com\\\/site\\\/2025\\\/10\\\/06\\\/osvaldo-burucua-brindara-una-clase-abierta-en-el-conservatorio-este-jueves\\\/#primaryimage\"},\"thumbnailUrl\":\"https:\\\/\\\/noticiasmercedinas.com\\\/site\\\/wp-content\\\/uploads\\\/2025\\\/10\\\/IMG-20251006-WA0098.jpg\",\"keywords\":[\"Conservatorio\",\"musica\"],\"articleSection\":[\"Cultura\"],\"inLanguage\":\"es\"},{\"@type\":\"WebPage\",\"@id\":\"https:\\\/\\\/noticiasmercedinas.com\\\/site\\\/2025\\\/10\\\/06\\\/osvaldo-burucua-brindara-una-clase-abierta-en-el-conservatorio-este-jueves\\\/\",\"url\":\"https:\\\/\\\/noticiasmercedinas.com\\\/site\\\/2025\\\/10\\\/06\\\/osvaldo-burucua-brindara-una-clase-abierta-en-el-conservatorio-este-jueves\\\/\",\"name\":\"Osvaldo Burucu\u00e1 brindar\u00e1 una clase\u00a0abierta en el Conservatorio, este jueves\",\"isPartOf\":{\"@id\":\"https:\\\/\\\/noticiasmercedinas.com\\\/site\\\/#website\"},\"primaryImageOfPage\":{\"@id\":\"https:\\\/\\\/noticiasmercedinas.com\\\/site\\\/2025\\\/10\\\/06\\\/osvaldo-burucua-brindara-una-clase-abierta-en-el-conservatorio-este-jueves\\\/#primaryimage\"},\"image\":{\"@id\":\"https:\\\/\\\/noticiasmercedinas.com\\\/site\\\/2025\\\/10\\\/06\\\/osvaldo-burucua-brindara-una-clase-abierta-en-el-conservatorio-este-jueves\\\/#primaryimage\"},\"thumbnailUrl\":\"https:\\\/\\\/noticiasmercedinas.com\\\/site\\\/wp-content\\\/uploads\\\/2025\\\/10\\\/IMG-20251006-WA0098.jpg\",\"datePublished\":\"2025-10-06T22:47:07+00:00\",\"dateModified\":\"2025-10-06T22:49:54+00:00\",\"description\":\"El reconocido guitarrista y folklorista argentino compartir\u00e1 saberes sobre ritmos populares en una jornada libre y gratuita organizada por el Centro de Estudiantes Artaud.\",\"breadcrumb\":{\"@id\":\"https:\\\/\\\/noticiasmercedinas.com\\\/site\\\/2025\\\/10\\\/06\\\/osvaldo-burucua-brindara-una-clase-abierta-en-el-conservatorio-este-jueves\\\/#breadcrumb\"},\"inLanguage\":\"es\",\"potentialAction\":[{\"@type\":\"ReadAction\",\"target\":[\"https:\\\/\\\/noticiasmercedinas.com\\\/site\\\/2025\\\/10\\\/06\\\/osvaldo-burucua-brindara-una-clase-abierta-en-el-conservatorio-este-jueves\\\/\"]}]},{\"@type\":\"ImageObject\",\"inLanguage\":\"es\",\"@id\":\"https:\\\/\\\/noticiasmercedinas.com\\\/site\\\/2025\\\/10\\\/06\\\/osvaldo-burucua-brindara-una-clase-abierta-en-el-conservatorio-este-jueves\\\/#primaryimage\",\"url\":\"https:\\\/\\\/noticiasmercedinas.com\\\/site\\\/wp-content\\\/uploads\\\/2025\\\/10\\\/IMG-20251006-WA0098.jpg\",\"contentUrl\":\"https:\\\/\\\/noticiasmercedinas.com\\\/site\\\/wp-content\\\/uploads\\\/2025\\\/10\\\/IMG-20251006-WA0098.jpg\",\"width\":1138,\"height\":853},{\"@type\":\"BreadcrumbList\",\"@id\":\"https:\\\/\\\/noticiasmercedinas.com\\\/site\\\/2025\\\/10\\\/06\\\/osvaldo-burucua-brindara-una-clase-abierta-en-el-conservatorio-este-jueves\\\/#breadcrumb\",\"itemListElement\":[{\"@type\":\"ListItem\",\"position\":1,\"name\":\"Portada\",\"item\":\"https:\\\/\\\/noticiasmercedinas.com\\\/site\\\/\"},{\"@type\":\"ListItem\",\"position\":2,\"name\":\"Osvaldo Burucu\u00e1 brindar\u00e1 una clase\u00a0abierta en el Conservatorio, este jueves\"}]},{\"@type\":\"WebSite\",\"@id\":\"https:\\\/\\\/noticiasmercedinas.com\\\/site\\\/#website\",\"url\":\"https:\\\/\\\/noticiasmercedinas.com\\\/site\\\/\",\"name\":\"NOTICIASMERCEDINAS.COM\",\"description\":\"Mercedes, Buenos Aires, Argentina\",\"publisher\":{\"@id\":\"https:\\\/\\\/noticiasmercedinas.com\\\/site\\\/#organization\"},\"potentialAction\":[{\"@type\":\"SearchAction\",\"target\":{\"@type\":\"EntryPoint\",\"urlTemplate\":\"https:\\\/\\\/noticiasmercedinas.com\\\/site\\\/?s={search_term_string}\"},\"query-input\":{\"@type\":\"PropertyValueSpecification\",\"valueRequired\":true,\"valueName\":\"search_term_string\"}}],\"inLanguage\":\"es\"},{\"@type\":\"Organization\",\"@id\":\"https:\\\/\\\/noticiasmercedinas.com\\\/site\\\/#organization\",\"name\":\"NOTICIASMERCEDINAS.COM\",\"url\":\"https:\\\/\\\/noticiasmercedinas.com\\\/site\\\/\",\"logo\":{\"@type\":\"ImageObject\",\"inLanguage\":\"es\",\"@id\":\"https:\\\/\\\/noticiasmercedinas.com\\\/site\\\/#\\\/schema\\\/logo\\\/image\\\/\",\"url\":\"https:\\\/\\\/noticiasmercedinas.com\\\/site\\\/wp-content\\\/uploads\\\/2020\\\/06\\\/LOGO-512.jpg\",\"contentUrl\":\"https:\\\/\\\/noticiasmercedinas.com\\\/site\\\/wp-content\\\/uploads\\\/2020\\\/06\\\/LOGO-512.jpg\",\"width\":512,\"height\":512,\"caption\":\"NOTICIASMERCEDINAS.COM\"},\"image\":{\"@id\":\"https:\\\/\\\/noticiasmercedinas.com\\\/site\\\/#\\\/schema\\\/logo\\\/image\\\/\"},\"sameAs\":[\"https:\\\/\\\/www.facebook.com\\\/noticiasmercedinas\\\/\",\"https:\\\/\\\/x.com\\\/notmercedinas\",\"https:\\\/\\\/www.instagram.com\\\/noticiasmercedinas\\\/\"]},{\"@type\":\"Person\",\"@id\":\"https:\\\/\\\/noticiasmercedinas.com\\\/site\\\/#\\\/schema\\\/person\\\/84b59c099c28ff2e8b77d4ceec5d8063\",\"name\":\"NOTICIASMERCEDINAS.COM\",\"image\":{\"@type\":\"ImageObject\",\"inLanguage\":\"es\",\"@id\":\"https:\\\/\\\/secure.gravatar.com\\\/avatar\\\/4dfbf16b4d17945bfb6341b2d19043457132fcf478a5ee04f42e959fd8f5df0a?s=96&d=mm&r=g\",\"url\":\"https:\\\/\\\/secure.gravatar.com\\\/avatar\\\/4dfbf16b4d17945bfb6341b2d19043457132fcf478a5ee04f42e959fd8f5df0a?s=96&d=mm&r=g\",\"contentUrl\":\"https:\\\/\\\/secure.gravatar.com\\\/avatar\\\/4dfbf16b4d17945bfb6341b2d19043457132fcf478a5ee04f42e959fd8f5df0a?s=96&d=mm&r=g\",\"caption\":\"NOTICIASMERCEDINAS.COM\"},\"url\":\"https:\\\/\\\/noticiasmercedinas.com\\\/site\\\/author\\\/anonimo\\\/\"}]}<\/script>\n<!-- \/ Yoast SEO plugin. -->","yoast_head_json":{"title":"Osvaldo Burucu\u00e1 brindar\u00e1 una clase\u00a0abierta en el Conservatorio, este jueves","description":"El reconocido guitarrista y folklorista argentino compartir\u00e1 saberes sobre ritmos populares en una jornada libre y gratuita organizada por el Centro de Estudiantes Artaud.","robots":{"index":"index","follow":"follow","max-snippet":"max-snippet:-1","max-image-preview":"max-image-preview:large","max-video-preview":"max-video-preview:-1"},"canonical":"https:\/\/noticiasmercedinas.com\/site\/2025\/10\/06\/osvaldo-burucua-brindara-una-clase-abierta-en-el-conservatorio-este-jueves\/","og_locale":"es_ES","og_type":"article","og_title":"Osvaldo Burucu\u00e1 brindar\u00e1 una clase\u00a0abierta en el Conservatorio, este jueves","og_description":"El reconocido guitarrista y folklorista argentino compartir\u00e1 saberes sobre ritmos populares en una jornada libre y gratuita organizada por el Centro de Estudiantes Artaud.","og_url":"https:\/\/noticiasmercedinas.com\/site\/2025\/10\/06\/osvaldo-burucua-brindara-una-clase-abierta-en-el-conservatorio-este-jueves\/","og_site_name":"NOTICIASMERCEDINAS.COM","article_publisher":"https:\/\/www.facebook.com\/noticiasmercedinas\/","article_published_time":"2025-10-06T22:47:07+00:00","article_modified_time":"2025-10-06T22:49:54+00:00","og_image":[{"width":1138,"height":853,"url":"https:\/\/noticiasmercedinas.com\/site\/wp-content\/uploads\/2025\/10\/IMG-20251006-WA0098.jpg","type":"image\/jpeg"}],"author":"NOTICIASMERCEDINAS.COM","twitter_card":"summary_large_image","twitter_creator":"@notmercedinas","twitter_site":"@notmercedinas","twitter_misc":{"Escrito por":"NOTICIASMERCEDINAS.COM","Tiempo de lectura":"2 minutos"},"schema":{"@context":"https:\/\/schema.org","@graph":[{"@type":"Article","@id":"https:\/\/noticiasmercedinas.com\/site\/2025\/10\/06\/osvaldo-burucua-brindara-una-clase-abierta-en-el-conservatorio-este-jueves\/#article","isPartOf":{"@id":"https:\/\/noticiasmercedinas.com\/site\/2025\/10\/06\/osvaldo-burucua-brindara-una-clase-abierta-en-el-conservatorio-este-jueves\/"},"author":{"name":"NOTICIASMERCEDINAS.COM","@id":"https:\/\/noticiasmercedinas.com\/site\/#\/schema\/person\/84b59c099c28ff2e8b77d4ceec5d8063"},"headline":"Osvaldo Burucu\u00e1 brindar\u00e1 una clase\u00a0abierta en el Conservatorio, este jueves","datePublished":"2025-10-06T22:47:07+00:00","dateModified":"2025-10-06T22:49:54+00:00","mainEntityOfPage":{"@id":"https:\/\/noticiasmercedinas.com\/site\/2025\/10\/06\/osvaldo-burucua-brindara-una-clase-abierta-en-el-conservatorio-este-jueves\/"},"wordCount":232,"publisher":{"@id":"https:\/\/noticiasmercedinas.com\/site\/#organization"},"image":{"@id":"https:\/\/noticiasmercedinas.com\/site\/2025\/10\/06\/osvaldo-burucua-brindara-una-clase-abierta-en-el-conservatorio-este-jueves\/#primaryimage"},"thumbnailUrl":"https:\/\/noticiasmercedinas.com\/site\/wp-content\/uploads\/2025\/10\/IMG-20251006-WA0098.jpg","keywords":["Conservatorio","musica"],"articleSection":["Cultura"],"inLanguage":"es"},{"@type":"WebPage","@id":"https:\/\/noticiasmercedinas.com\/site\/2025\/10\/06\/osvaldo-burucua-brindara-una-clase-abierta-en-el-conservatorio-este-jueves\/","url":"https:\/\/noticiasmercedinas.com\/site\/2025\/10\/06\/osvaldo-burucua-brindara-una-clase-abierta-en-el-conservatorio-este-jueves\/","name":"Osvaldo Burucu\u00e1 brindar\u00e1 una clase\u00a0abierta en el Conservatorio, este jueves","isPartOf":{"@id":"https:\/\/noticiasmercedinas.com\/site\/#website"},"primaryImageOfPage":{"@id":"https:\/\/noticiasmercedinas.com\/site\/2025\/10\/06\/osvaldo-burucua-brindara-una-clase-abierta-en-el-conservatorio-este-jueves\/#primaryimage"},"image":{"@id":"https:\/\/noticiasmercedinas.com\/site\/2025\/10\/06\/osvaldo-burucua-brindara-una-clase-abierta-en-el-conservatorio-este-jueves\/#primaryimage"},"thumbnailUrl":"https:\/\/noticiasmercedinas.com\/site\/wp-content\/uploads\/2025\/10\/IMG-20251006-WA0098.jpg","datePublished":"2025-10-06T22:47:07+00:00","dateModified":"2025-10-06T22:49:54+00:00","description":"El reconocido guitarrista y folklorista argentino compartir\u00e1 saberes sobre ritmos populares en una jornada libre y gratuita organizada por el Centro de Estudiantes Artaud.","breadcrumb":{"@id":"https:\/\/noticiasmercedinas.com\/site\/2025\/10\/06\/osvaldo-burucua-brindara-una-clase-abierta-en-el-conservatorio-este-jueves\/#breadcrumb"},"inLanguage":"es","potentialAction":[{"@type":"ReadAction","target":["https:\/\/noticiasmercedinas.com\/site\/2025\/10\/06\/osvaldo-burucua-brindara-una-clase-abierta-en-el-conservatorio-este-jueves\/"]}]},{"@type":"ImageObject","inLanguage":"es","@id":"https:\/\/noticiasmercedinas.com\/site\/2025\/10\/06\/osvaldo-burucua-brindara-una-clase-abierta-en-el-conservatorio-este-jueves\/#primaryimage","url":"https:\/\/noticiasmercedinas.com\/site\/wp-content\/uploads\/2025\/10\/IMG-20251006-WA0098.jpg","contentUrl":"https:\/\/noticiasmercedinas.com\/site\/wp-content\/uploads\/2025\/10\/IMG-20251006-WA0098.jpg","width":1138,"height":853},{"@type":"BreadcrumbList","@id":"https:\/\/noticiasmercedinas.com\/site\/2025\/10\/06\/osvaldo-burucua-brindara-una-clase-abierta-en-el-conservatorio-este-jueves\/#breadcrumb","itemListElement":[{"@type":"ListItem","position":1,"name":"Portada","item":"https:\/\/noticiasmercedinas.com\/site\/"},{"@type":"ListItem","position":2,"name":"Osvaldo Burucu\u00e1 brindar\u00e1 una clase\u00a0abierta en el Conservatorio, este jueves"}]},{"@type":"WebSite","@id":"https:\/\/noticiasmercedinas.com\/site\/#website","url":"https:\/\/noticiasmercedinas.com\/site\/","name":"NOTICIASMERCEDINAS.COM","description":"Mercedes, Buenos Aires, Argentina","publisher":{"@id":"https:\/\/noticiasmercedinas.com\/site\/#organization"},"potentialAction":[{"@type":"SearchAction","target":{"@type":"EntryPoint","urlTemplate":"https:\/\/noticiasmercedinas.com\/site\/?s={search_term_string}"},"query-input":{"@type":"PropertyValueSpecification","valueRequired":true,"valueName":"search_term_string"}}],"inLanguage":"es"},{"@type":"Organization","@id":"https:\/\/noticiasmercedinas.com\/site\/#organization","name":"NOTICIASMERCEDINAS.COM","url":"https:\/\/noticiasmercedinas.com\/site\/","logo":{"@type":"ImageObject","inLanguage":"es","@id":"https:\/\/noticiasmercedinas.com\/site\/#\/schema\/logo\/image\/","url":"https:\/\/noticiasmercedinas.com\/site\/wp-content\/uploads\/2020\/06\/LOGO-512.jpg","contentUrl":"https:\/\/noticiasmercedinas.com\/site\/wp-content\/uploads\/2020\/06\/LOGO-512.jpg","width":512,"height":512,"caption":"NOTICIASMERCEDINAS.COM"},"image":{"@id":"https:\/\/noticiasmercedinas.com\/site\/#\/schema\/logo\/image\/"},"sameAs":["https:\/\/www.facebook.com\/noticiasmercedinas\/","https:\/\/x.com\/notmercedinas","https:\/\/www.instagram.com\/noticiasmercedinas\/"]},{"@type":"Person","@id":"https:\/\/noticiasmercedinas.com\/site\/#\/schema\/person\/84b59c099c28ff2e8b77d4ceec5d8063","name":"NOTICIASMERCEDINAS.COM","image":{"@type":"ImageObject","inLanguage":"es","@id":"https:\/\/secure.gravatar.com\/avatar\/4dfbf16b4d17945bfb6341b2d19043457132fcf478a5ee04f42e959fd8f5df0a?s=96&d=mm&r=g","url":"https:\/\/secure.gravatar.com\/avatar\/4dfbf16b4d17945bfb6341b2d19043457132fcf478a5ee04f42e959fd8f5df0a?s=96&d=mm&r=g","contentUrl":"https:\/\/secure.gravatar.com\/avatar\/4dfbf16b4d17945bfb6341b2d19043457132fcf478a5ee04f42e959fd8f5df0a?s=96&d=mm&r=g","caption":"NOTICIASMERCEDINAS.COM"},"url":"https:\/\/noticiasmercedinas.com\/site\/author\/anonimo\/"}]}},"amp_enabled":true,"_links":{"self":[{"href":"https:\/\/noticiasmercedinas.com\/site\/wp-json\/wp\/v2\/posts\/171264","targetHints":{"allow":["GET"]}}],"collection":[{"href":"https:\/\/noticiasmercedinas.com\/site\/wp-json\/wp\/v2\/posts"}],"about":[{"href":"https:\/\/noticiasmercedinas.com\/site\/wp-json\/wp\/v2\/types\/post"}],"author":[{"embeddable":true,"href":"https:\/\/noticiasmercedinas.com\/site\/wp-json\/wp\/v2\/users\/16"}],"replies":[{"embeddable":true,"href":"https:\/\/noticiasmercedinas.com\/site\/wp-json\/wp\/v2\/comments?post=171264"}],"version-history":[{"count":4,"href":"https:\/\/noticiasmercedinas.com\/site\/wp-json\/wp\/v2\/posts\/171264\/revisions"}],"predecessor-version":[{"id":171270,"href":"https:\/\/noticiasmercedinas.com\/site\/wp-json\/wp\/v2\/posts\/171264\/revisions\/171270"}],"wp:featuredmedia":[{"embeddable":true,"href":"https:\/\/noticiasmercedinas.com\/site\/wp-json\/wp\/v2\/media\/171269"}],"wp:attachment":[{"href":"https:\/\/noticiasmercedinas.com\/site\/wp-json\/wp\/v2\/media?parent=171264"}],"wp:term":[{"taxonomy":"category","embeddable":true,"href":"https:\/\/noticiasmercedinas.com\/site\/wp-json\/wp\/v2\/categories?post=171264"},{"taxonomy":"post_tag","embeddable":true,"href":"https:\/\/noticiasmercedinas.com\/site\/wp-json\/wp\/v2\/tags?post=171264"}],"curies":[{"name":"wp","href":"https:\/\/api.w.org\/{rel}","templated":true}]}}