{"id":171355,"date":"2025-10-08T09:05:35","date_gmt":"2025-10-08T12:05:35","guid":{"rendered":"https:\/\/noticiasmercedinas.com\/site\/?p=171355"},"modified":"2025-10-08T09:05:35","modified_gmt":"2025-10-08T12:05:35","slug":"gremios-docentes-se-unen-en-jornada-de-lucha-con-actividades-en-plaza-san-martin","status":"publish","type":"post","link":"https:\/\/noticiasmercedinas.com\/site\/2025\/10\/08\/gremios-docentes-se-unen-en-jornada-de-lucha-con-actividades-en-plaza-san-martin\/","title":{"rendered":"Gremios docentes se unen en Jornada de Lucha con actividades en Plaza San Mart\u00edn"},"content":{"rendered":"<p><img loading=\"lazy\" decoding=\"async\" class=\"alignnone size-full wp-image-128292\" src=\"https:\/\/noticiasmercedinas.com\/site\/wp-content\/uploads\/2023\/12\/PLAZA.jpg\" alt=\"\" width=\"640\" height=\"409\" srcset=\"https:\/\/noticiasmercedinas.com\/site\/wp-content\/uploads\/2023\/12\/PLAZA.jpg 640w, https:\/\/noticiasmercedinas.com\/site\/wp-content\/uploads\/2023\/12\/PLAZA-300x192.jpg 300w\" sizes=\"auto, (max-width: 640px) 100vw, 640px\" \/><\/p>\n<p>Los gremios docentes de la <b>Federaci\u00f3n Unida de Docentes de Buenos Aires (FUD-B) Mercedes<\/b>, que nuclea a <b>CTERA<\/b>, <b>FEB<\/b>, <b>UDOCBA<\/b> y <b>SUTEBA<\/b>, realizar\u00e1n una <b>Jornada de Lucha<\/b> conjunta este mi\u00e9rcoles con una agenda de actividades que se centrar\u00e1 en la <b>Plaza San Mart\u00edn<\/b>.<\/p>\n<p>La jornada comenzar\u00e1 a las <b>10:00 hs<\/b> con una <b>Conferencia de Prensa Seccional<\/b> en la sede de SUTEBA, donde los representantes de FEB, UDOCBA y SUTEBA brindar\u00e1n detalles sobre los motivos de la protesta y la articulaci\u00f3n gremial.<\/p>\n<p>El punto central de la movilizaci\u00f3n ser\u00e1 la <b>Plaza San Mart\u00edn<\/b>, a partir de las <b>17:30 hs<\/b>, con un cronograma que combina la lectura de las demandas gremiales con espacios de reflexi\u00f3n y actividades art\u00edsticas:<\/p>\n<p><b>Lectura del reclamo de CTERA<\/b> al Gobierno Nacional.<\/p>\n<p><b>Conversatorio<\/b> con docentes invitados.<\/p>\n<p><b>Reflexi\u00f3n<\/b> a cargo del <b>Prof. Monferrand<\/b> sobre la Escuela P\u00fablica.<\/p>\n<p><b>Volanteada<\/b> informativa en defensa de la Escuela P\u00fablica.<\/p>\n<p><b>Grabado de remeras\/banderas<\/b> a cargo de la Docente <b>Angie Lafuente<\/b>, un espacio para personalizar los s\u00edmbolos de la protesta.<\/p>\n<p><b>Actividad Art\u00edstica<\/b> con la participaci\u00f3n de m\u00fasicos locales.<\/p>\n<p>La convocatoria busca visibilizar el malestar del sector docente y unificar la voz de los gremios de la seccional Mercedes en el marco de las demandas nacionales y provinciales.<\/p>\n","protected":false},"excerpt":{"rendered":"<p>\u25a0\u00a0El Frente de Unidad Docente Mercedes (CTERA-FEB-UDOCBA-SUTEBA) convoca a una Conferencia de Prensa matutina y a una concentraci\u00f3n vespertina en el centro de la ciudad para reclamar al Gobierno Nacional. Se esperan actividades art\u00edsticas y reflexiones sobre la Escuela P\u00fablica.<\/p>\n","protected":false},"author":16,"featured_media":128292,"comment_status":"closed","ping_status":"closed","sticky":false,"template":"","format":"standard","meta":{"footnotes":""},"categories":[3,20734],"tags":[281,7920,21015,755,260],"class_list":["post-171355","post","type-post","status-publish","format-standard","has-post-thumbnail","hentry","category-sociedad","category-ultimo-momento","tag-feb","tag-frente-docente","tag-fud","tag-gremios","tag-suteba"],"yoast_head":"<!-- This site is optimized with the Yoast SEO plugin v27.5 - https:\/\/yoast.com\/product\/yoast-seo-wordpress\/ -->\n<title>Gremios docentes se unen en Jornada de Lucha con actividades en Plaza San Mart\u00edn<\/title>\n<meta name=\"description\" content=\"\u25a0\u00a0El Frente de Unidad Docente Mercedes (CTERA-FEB-UDOCBA-SUTEBA) convoca a una Conferencia de Prensa matutina y a una concentraci\u00f3n vespertina en el centro de la ciudad para reclamar al Gobierno Nacional. Se esperan actividades art\u00edsticas y reflexiones sobre la Escuela P\u00fablica.\" \/>\n<meta name=\"robots\" content=\"index, follow, max-snippet:-1, max-image-preview:large, max-video-preview:-1\" \/>\n<link rel=\"canonical\" href=\"https:\/\/noticiasmercedinas.com\/site\/2025\/10\/08\/gremios-docentes-se-unen-en-jornada-de-lucha-con-actividades-en-plaza-san-martin\/\" \/>\n<meta property=\"og:locale\" content=\"es_ES\" \/>\n<meta property=\"og:type\" content=\"article\" \/>\n<meta property=\"og:title\" content=\"Gremios docentes se unen en Jornada de Lucha con actividades en Plaza San Mart\u00edn\" \/>\n<meta property=\"og:description\" content=\"\u25a0\u00a0El Frente de Unidad Docente Mercedes (CTERA-FEB-UDOCBA-SUTEBA) convoca a una Conferencia de Prensa matutina y a una concentraci\u00f3n vespertina en el centro de la ciudad para reclamar al Gobierno Nacional. Se esperan actividades art\u00edsticas y reflexiones sobre la Escuela P\u00fablica.\" \/>\n<meta property=\"og:url\" content=\"https:\/\/noticiasmercedinas.com\/site\/2025\/10\/08\/gremios-docentes-se-unen-en-jornada-de-lucha-con-actividades-en-plaza-san-martin\/\" \/>\n<meta property=\"og:site_name\" content=\"NOTICIASMERCEDINAS.COM\" \/>\n<meta property=\"article:publisher\" content=\"https:\/\/www.facebook.com\/noticiasmercedinas\/\" \/>\n<meta property=\"article:published_time\" content=\"2025-10-08T12:05:35+00:00\" \/>\n<meta property=\"og:image\" content=\"https:\/\/noticiasmercedinas.com\/site\/wp-content\/uploads\/2023\/12\/PLAZA.jpg\" \/>\n\t<meta property=\"og:image:width\" content=\"640\" \/>\n\t<meta property=\"og:image:height\" content=\"409\" \/>\n\t<meta property=\"og:image:type\" content=\"image\/jpeg\" \/>\n<meta name=\"author\" content=\"NOTICIASMERCEDINAS.COM\" \/>\n<meta name=\"twitter:card\" content=\"summary_large_image\" \/>\n<meta name=\"twitter:creator\" content=\"@notmercedinas\" \/>\n<meta name=\"twitter:site\" content=\"@notmercedinas\" \/>\n<meta name=\"twitter:label1\" content=\"Escrito por\" \/>\n\t<meta name=\"twitter:data1\" content=\"NOTICIASMERCEDINAS.COM\" \/>\n\t<meta name=\"twitter:label2\" content=\"Tiempo de lectura\" \/>\n\t<meta name=\"twitter:data2\" content=\"2 minutos\" \/>\n<script type=\"application\/ld+json\" class=\"yoast-schema-graph\">{\"@context\":\"https:\\\/\\\/schema.org\",\"@graph\":[{\"@type\":\"Article\",\"@id\":\"https:\\\/\\\/noticiasmercedinas.com\\\/site\\\/2025\\\/10\\\/08\\\/gremios-docentes-se-unen-en-jornada-de-lucha-con-actividades-en-plaza-san-martin\\\/#article\",\"isPartOf\":{\"@id\":\"https:\\\/\\\/noticiasmercedinas.com\\\/site\\\/2025\\\/10\\\/08\\\/gremios-docentes-se-unen-en-jornada-de-lucha-con-actividades-en-plaza-san-martin\\\/\"},\"author\":{\"name\":\"NOTICIASMERCEDINAS.COM\",\"@id\":\"https:\\\/\\\/noticiasmercedinas.com\\\/site\\\/#\\\/schema\\\/person\\\/84b59c099c28ff2e8b77d4ceec5d8063\"},\"headline\":\"Gremios docentes se unen en Jornada de Lucha con actividades en Plaza San Mart\u00edn\",\"datePublished\":\"2025-10-08T12:05:35+00:00\",\"mainEntityOfPage\":{\"@id\":\"https:\\\/\\\/noticiasmercedinas.com\\\/site\\\/2025\\\/10\\\/08\\\/gremios-docentes-se-unen-en-jornada-de-lucha-con-actividades-en-plaza-san-martin\\\/\"},\"wordCount\":233,\"publisher\":{\"@id\":\"https:\\\/\\\/noticiasmercedinas.com\\\/site\\\/#organization\"},\"image\":{\"@id\":\"https:\\\/\\\/noticiasmercedinas.com\\\/site\\\/2025\\\/10\\\/08\\\/gremios-docentes-se-unen-en-jornada-de-lucha-con-actividades-en-plaza-san-martin\\\/#primaryimage\"},\"thumbnailUrl\":\"https:\\\/\\\/noticiasmercedinas.com\\\/site\\\/wp-content\\\/uploads\\\/2023\\\/12\\\/PLAZA.jpg\",\"keywords\":[\"feb\",\"frente docente\",\"fud\",\"gremios\",\"suteba\"],\"articleSection\":[\"Sociedad\",\"Ultimo momento\"],\"inLanguage\":\"es\"},{\"@type\":\"WebPage\",\"@id\":\"https:\\\/\\\/noticiasmercedinas.com\\\/site\\\/2025\\\/10\\\/08\\\/gremios-docentes-se-unen-en-jornada-de-lucha-con-actividades-en-plaza-san-martin\\\/\",\"url\":\"https:\\\/\\\/noticiasmercedinas.com\\\/site\\\/2025\\\/10\\\/08\\\/gremios-docentes-se-unen-en-jornada-de-lucha-con-actividades-en-plaza-san-martin\\\/\",\"name\":\"Gremios docentes se unen en Jornada de Lucha con actividades en Plaza San Mart\u00edn\",\"isPartOf\":{\"@id\":\"https:\\\/\\\/noticiasmercedinas.com\\\/site\\\/#website\"},\"primaryImageOfPage\":{\"@id\":\"https:\\\/\\\/noticiasmercedinas.com\\\/site\\\/2025\\\/10\\\/08\\\/gremios-docentes-se-unen-en-jornada-de-lucha-con-actividades-en-plaza-san-martin\\\/#primaryimage\"},\"image\":{\"@id\":\"https:\\\/\\\/noticiasmercedinas.com\\\/site\\\/2025\\\/10\\\/08\\\/gremios-docentes-se-unen-en-jornada-de-lucha-con-actividades-en-plaza-san-martin\\\/#primaryimage\"},\"thumbnailUrl\":\"https:\\\/\\\/noticiasmercedinas.com\\\/site\\\/wp-content\\\/uploads\\\/2023\\\/12\\\/PLAZA.jpg\",\"datePublished\":\"2025-10-08T12:05:35+00:00\",\"description\":\"\u25a0\u00a0El Frente de Unidad Docente Mercedes (CTERA-FEB-UDOCBA-SUTEBA) convoca a una Conferencia de Prensa matutina y a una concentraci\u00f3n vespertina en el centro de la ciudad para reclamar al Gobierno Nacional. Se esperan actividades art\u00edsticas y reflexiones sobre la Escuela P\u00fablica.\",\"breadcrumb\":{\"@id\":\"https:\\\/\\\/noticiasmercedinas.com\\\/site\\\/2025\\\/10\\\/08\\\/gremios-docentes-se-unen-en-jornada-de-lucha-con-actividades-en-plaza-san-martin\\\/#breadcrumb\"},\"inLanguage\":\"es\",\"potentialAction\":[{\"@type\":\"ReadAction\",\"target\":[\"https:\\\/\\\/noticiasmercedinas.com\\\/site\\\/2025\\\/10\\\/08\\\/gremios-docentes-se-unen-en-jornada-de-lucha-con-actividades-en-plaza-san-martin\\\/\"]}]},{\"@type\":\"ImageObject\",\"inLanguage\":\"es\",\"@id\":\"https:\\\/\\\/noticiasmercedinas.com\\\/site\\\/2025\\\/10\\\/08\\\/gremios-docentes-se-unen-en-jornada-de-lucha-con-actividades-en-plaza-san-martin\\\/#primaryimage\",\"url\":\"https:\\\/\\\/noticiasmercedinas.com\\\/site\\\/wp-content\\\/uploads\\\/2023\\\/12\\\/PLAZA.jpg\",\"contentUrl\":\"https:\\\/\\\/noticiasmercedinas.com\\\/site\\\/wp-content\\\/uploads\\\/2023\\\/12\\\/PLAZA.jpg\",\"width\":640,\"height\":409},{\"@type\":\"BreadcrumbList\",\"@id\":\"https:\\\/\\\/noticiasmercedinas.com\\\/site\\\/2025\\\/10\\\/08\\\/gremios-docentes-se-unen-en-jornada-de-lucha-con-actividades-en-plaza-san-martin\\\/#breadcrumb\",\"itemListElement\":[{\"@type\":\"ListItem\",\"position\":1,\"name\":\"Portada\",\"item\":\"https:\\\/\\\/noticiasmercedinas.com\\\/site\\\/\"},{\"@type\":\"ListItem\",\"position\":2,\"name\":\"Gremios docentes se unen en Jornada de Lucha con actividades en Plaza San Mart\u00edn\"}]},{\"@type\":\"WebSite\",\"@id\":\"https:\\\/\\\/noticiasmercedinas.com\\\/site\\\/#website\",\"url\":\"https:\\\/\\\/noticiasmercedinas.com\\\/site\\\/\",\"name\":\"NOTICIASMERCEDINAS.COM\",\"description\":\"Mercedes, Buenos Aires, Argentina\",\"publisher\":{\"@id\":\"https:\\\/\\\/noticiasmercedinas.com\\\/site\\\/#organization\"},\"potentialAction\":[{\"@type\":\"SearchAction\",\"target\":{\"@type\":\"EntryPoint\",\"urlTemplate\":\"https:\\\/\\\/noticiasmercedinas.com\\\/site\\\/?s={search_term_string}\"},\"query-input\":{\"@type\":\"PropertyValueSpecification\",\"valueRequired\":true,\"valueName\":\"search_term_string\"}}],\"inLanguage\":\"es\"},{\"@type\":\"Organization\",\"@id\":\"https:\\\/\\\/noticiasmercedinas.com\\\/site\\\/#organization\",\"name\":\"NOTICIASMERCEDINAS.COM\",\"url\":\"https:\\\/\\\/noticiasmercedinas.com\\\/site\\\/\",\"logo\":{\"@type\":\"ImageObject\",\"inLanguage\":\"es\",\"@id\":\"https:\\\/\\\/noticiasmercedinas.com\\\/site\\\/#\\\/schema\\\/logo\\\/image\\\/\",\"url\":\"https:\\\/\\\/noticiasmercedinas.com\\\/site\\\/wp-content\\\/uploads\\\/2020\\\/06\\\/LOGO-512.jpg\",\"contentUrl\":\"https:\\\/\\\/noticiasmercedinas.com\\\/site\\\/wp-content\\\/uploads\\\/2020\\\/06\\\/LOGO-512.jpg\",\"width\":512,\"height\":512,\"caption\":\"NOTICIASMERCEDINAS.COM\"},\"image\":{\"@id\":\"https:\\\/\\\/noticiasmercedinas.com\\\/site\\\/#\\\/schema\\\/logo\\\/image\\\/\"},\"sameAs\":[\"https:\\\/\\\/www.facebook.com\\\/noticiasmercedinas\\\/\",\"https:\\\/\\\/x.com\\\/notmercedinas\",\"https:\\\/\\\/www.instagram.com\\\/noticiasmercedinas\\\/\"]},{\"@type\":\"Person\",\"@id\":\"https:\\\/\\\/noticiasmercedinas.com\\\/site\\\/#\\\/schema\\\/person\\\/84b59c099c28ff2e8b77d4ceec5d8063\",\"name\":\"NOTICIASMERCEDINAS.COM\",\"image\":{\"@type\":\"ImageObject\",\"inLanguage\":\"es\",\"@id\":\"https:\\\/\\\/secure.gravatar.com\\\/avatar\\\/4dfbf16b4d17945bfb6341b2d19043457132fcf478a5ee04f42e959fd8f5df0a?s=96&d=mm&r=g\",\"url\":\"https:\\\/\\\/secure.gravatar.com\\\/avatar\\\/4dfbf16b4d17945bfb6341b2d19043457132fcf478a5ee04f42e959fd8f5df0a?s=96&d=mm&r=g\",\"contentUrl\":\"https:\\\/\\\/secure.gravatar.com\\\/avatar\\\/4dfbf16b4d17945bfb6341b2d19043457132fcf478a5ee04f42e959fd8f5df0a?s=96&d=mm&r=g\",\"caption\":\"NOTICIASMERCEDINAS.COM\"},\"url\":\"https:\\\/\\\/noticiasmercedinas.com\\\/site\\\/author\\\/anonimo\\\/\"}]}<\/script>\n<!-- \/ Yoast SEO plugin. -->","yoast_head_json":{"title":"Gremios docentes se unen en Jornada de Lucha con actividades en Plaza San Mart\u00edn","description":"\u25a0\u00a0El Frente de Unidad Docente Mercedes (CTERA-FEB-UDOCBA-SUTEBA) convoca a una Conferencia de Prensa matutina y a una concentraci\u00f3n vespertina en el centro de la ciudad para reclamar al Gobierno Nacional. Se esperan actividades art\u00edsticas y reflexiones sobre la Escuela P\u00fablica.","robots":{"index":"index","follow":"follow","max-snippet":"max-snippet:-1","max-image-preview":"max-image-preview:large","max-video-preview":"max-video-preview:-1"},"canonical":"https:\/\/noticiasmercedinas.com\/site\/2025\/10\/08\/gremios-docentes-se-unen-en-jornada-de-lucha-con-actividades-en-plaza-san-martin\/","og_locale":"es_ES","og_type":"article","og_title":"Gremios docentes se unen en Jornada de Lucha con actividades en Plaza San Mart\u00edn","og_description":"\u25a0\u00a0El Frente de Unidad Docente Mercedes (CTERA-FEB-UDOCBA-SUTEBA) convoca a una Conferencia de Prensa matutina y a una concentraci\u00f3n vespertina en el centro de la ciudad para reclamar al Gobierno Nacional. Se esperan actividades art\u00edsticas y reflexiones sobre la Escuela P\u00fablica.","og_url":"https:\/\/noticiasmercedinas.com\/site\/2025\/10\/08\/gremios-docentes-se-unen-en-jornada-de-lucha-con-actividades-en-plaza-san-martin\/","og_site_name":"NOTICIASMERCEDINAS.COM","article_publisher":"https:\/\/www.facebook.com\/noticiasmercedinas\/","article_published_time":"2025-10-08T12:05:35+00:00","og_image":[{"width":640,"height":409,"url":"https:\/\/noticiasmercedinas.com\/site\/wp-content\/uploads\/2023\/12\/PLAZA.jpg","type":"image\/jpeg"}],"author":"NOTICIASMERCEDINAS.COM","twitter_card":"summary_large_image","twitter_creator":"@notmercedinas","twitter_site":"@notmercedinas","twitter_misc":{"Escrito por":"NOTICIASMERCEDINAS.COM","Tiempo de lectura":"2 minutos"},"schema":{"@context":"https:\/\/schema.org","@graph":[{"@type":"Article","@id":"https:\/\/noticiasmercedinas.com\/site\/2025\/10\/08\/gremios-docentes-se-unen-en-jornada-de-lucha-con-actividades-en-plaza-san-martin\/#article","isPartOf":{"@id":"https:\/\/noticiasmercedinas.com\/site\/2025\/10\/08\/gremios-docentes-se-unen-en-jornada-de-lucha-con-actividades-en-plaza-san-martin\/"},"author":{"name":"NOTICIASMERCEDINAS.COM","@id":"https:\/\/noticiasmercedinas.com\/site\/#\/schema\/person\/84b59c099c28ff2e8b77d4ceec5d8063"},"headline":"Gremios docentes se unen en Jornada de Lucha con actividades en Plaza San Mart\u00edn","datePublished":"2025-10-08T12:05:35+00:00","mainEntityOfPage":{"@id":"https:\/\/noticiasmercedinas.com\/site\/2025\/10\/08\/gremios-docentes-se-unen-en-jornada-de-lucha-con-actividades-en-plaza-san-martin\/"},"wordCount":233,"publisher":{"@id":"https:\/\/noticiasmercedinas.com\/site\/#organization"},"image":{"@id":"https:\/\/noticiasmercedinas.com\/site\/2025\/10\/08\/gremios-docentes-se-unen-en-jornada-de-lucha-con-actividades-en-plaza-san-martin\/#primaryimage"},"thumbnailUrl":"https:\/\/noticiasmercedinas.com\/site\/wp-content\/uploads\/2023\/12\/PLAZA.jpg","keywords":["feb","frente docente","fud","gremios","suteba"],"articleSection":["Sociedad","Ultimo momento"],"inLanguage":"es"},{"@type":"WebPage","@id":"https:\/\/noticiasmercedinas.com\/site\/2025\/10\/08\/gremios-docentes-se-unen-en-jornada-de-lucha-con-actividades-en-plaza-san-martin\/","url":"https:\/\/noticiasmercedinas.com\/site\/2025\/10\/08\/gremios-docentes-se-unen-en-jornada-de-lucha-con-actividades-en-plaza-san-martin\/","name":"Gremios docentes se unen en Jornada de Lucha con actividades en Plaza San Mart\u00edn","isPartOf":{"@id":"https:\/\/noticiasmercedinas.com\/site\/#website"},"primaryImageOfPage":{"@id":"https:\/\/noticiasmercedinas.com\/site\/2025\/10\/08\/gremios-docentes-se-unen-en-jornada-de-lucha-con-actividades-en-plaza-san-martin\/#primaryimage"},"image":{"@id":"https:\/\/noticiasmercedinas.com\/site\/2025\/10\/08\/gremios-docentes-se-unen-en-jornada-de-lucha-con-actividades-en-plaza-san-martin\/#primaryimage"},"thumbnailUrl":"https:\/\/noticiasmercedinas.com\/site\/wp-content\/uploads\/2023\/12\/PLAZA.jpg","datePublished":"2025-10-08T12:05:35+00:00","description":"\u25a0\u00a0El Frente de Unidad Docente Mercedes (CTERA-FEB-UDOCBA-SUTEBA) convoca a una Conferencia de Prensa matutina y a una concentraci\u00f3n vespertina en el centro de la ciudad para reclamar al Gobierno Nacional. Se esperan actividades art\u00edsticas y reflexiones sobre la Escuela P\u00fablica.","breadcrumb":{"@id":"https:\/\/noticiasmercedinas.com\/site\/2025\/10\/08\/gremios-docentes-se-unen-en-jornada-de-lucha-con-actividades-en-plaza-san-martin\/#breadcrumb"},"inLanguage":"es","potentialAction":[{"@type":"ReadAction","target":["https:\/\/noticiasmercedinas.com\/site\/2025\/10\/08\/gremios-docentes-se-unen-en-jornada-de-lucha-con-actividades-en-plaza-san-martin\/"]}]},{"@type":"ImageObject","inLanguage":"es","@id":"https:\/\/noticiasmercedinas.com\/site\/2025\/10\/08\/gremios-docentes-se-unen-en-jornada-de-lucha-con-actividades-en-plaza-san-martin\/#primaryimage","url":"https:\/\/noticiasmercedinas.com\/site\/wp-content\/uploads\/2023\/12\/PLAZA.jpg","contentUrl":"https:\/\/noticiasmercedinas.com\/site\/wp-content\/uploads\/2023\/12\/PLAZA.jpg","width":640,"height":409},{"@type":"BreadcrumbList","@id":"https:\/\/noticiasmercedinas.com\/site\/2025\/10\/08\/gremios-docentes-se-unen-en-jornada-de-lucha-con-actividades-en-plaza-san-martin\/#breadcrumb","itemListElement":[{"@type":"ListItem","position":1,"name":"Portada","item":"https:\/\/noticiasmercedinas.com\/site\/"},{"@type":"ListItem","position":2,"name":"Gremios docentes se unen en Jornada de Lucha con actividades en Plaza San Mart\u00edn"}]},{"@type":"WebSite","@id":"https:\/\/noticiasmercedinas.com\/site\/#website","url":"https:\/\/noticiasmercedinas.com\/site\/","name":"NOTICIASMERCEDINAS.COM","description":"Mercedes, Buenos Aires, Argentina","publisher":{"@id":"https:\/\/noticiasmercedinas.com\/site\/#organization"},"potentialAction":[{"@type":"SearchAction","target":{"@type":"EntryPoint","urlTemplate":"https:\/\/noticiasmercedinas.com\/site\/?s={search_term_string}"},"query-input":{"@type":"PropertyValueSpecification","valueRequired":true,"valueName":"search_term_string"}}],"inLanguage":"es"},{"@type":"Organization","@id":"https:\/\/noticiasmercedinas.com\/site\/#organization","name":"NOTICIASMERCEDINAS.COM","url":"https:\/\/noticiasmercedinas.com\/site\/","logo":{"@type":"ImageObject","inLanguage":"es","@id":"https:\/\/noticiasmercedinas.com\/site\/#\/schema\/logo\/image\/","url":"https:\/\/noticiasmercedinas.com\/site\/wp-content\/uploads\/2020\/06\/LOGO-512.jpg","contentUrl":"https:\/\/noticiasmercedinas.com\/site\/wp-content\/uploads\/2020\/06\/LOGO-512.jpg","width":512,"height":512,"caption":"NOTICIASMERCEDINAS.COM"},"image":{"@id":"https:\/\/noticiasmercedinas.com\/site\/#\/schema\/logo\/image\/"},"sameAs":["https:\/\/www.facebook.com\/noticiasmercedinas\/","https:\/\/x.com\/notmercedinas","https:\/\/www.instagram.com\/noticiasmercedinas\/"]},{"@type":"Person","@id":"https:\/\/noticiasmercedinas.com\/site\/#\/schema\/person\/84b59c099c28ff2e8b77d4ceec5d8063","name":"NOTICIASMERCEDINAS.COM","image":{"@type":"ImageObject","inLanguage":"es","@id":"https:\/\/secure.gravatar.com\/avatar\/4dfbf16b4d17945bfb6341b2d19043457132fcf478a5ee04f42e959fd8f5df0a?s=96&d=mm&r=g","url":"https:\/\/secure.gravatar.com\/avatar\/4dfbf16b4d17945bfb6341b2d19043457132fcf478a5ee04f42e959fd8f5df0a?s=96&d=mm&r=g","contentUrl":"https:\/\/secure.gravatar.com\/avatar\/4dfbf16b4d17945bfb6341b2d19043457132fcf478a5ee04f42e959fd8f5df0a?s=96&d=mm&r=g","caption":"NOTICIASMERCEDINAS.COM"},"url":"https:\/\/noticiasmercedinas.com\/site\/author\/anonimo\/"}]}},"amp_enabled":true,"_links":{"self":[{"href":"https:\/\/noticiasmercedinas.com\/site\/wp-json\/wp\/v2\/posts\/171355","targetHints":{"allow":["GET"]}}],"collection":[{"href":"https:\/\/noticiasmercedinas.com\/site\/wp-json\/wp\/v2\/posts"}],"about":[{"href":"https:\/\/noticiasmercedinas.com\/site\/wp-json\/wp\/v2\/types\/post"}],"author":[{"embeddable":true,"href":"https:\/\/noticiasmercedinas.com\/site\/wp-json\/wp\/v2\/users\/16"}],"replies":[{"embeddable":true,"href":"https:\/\/noticiasmercedinas.com\/site\/wp-json\/wp\/v2\/comments?post=171355"}],"version-history":[{"count":1,"href":"https:\/\/noticiasmercedinas.com\/site\/wp-json\/wp\/v2\/posts\/171355\/revisions"}],"predecessor-version":[{"id":171356,"href":"https:\/\/noticiasmercedinas.com\/site\/wp-json\/wp\/v2\/posts\/171355\/revisions\/171356"}],"wp:featuredmedia":[{"embeddable":true,"href":"https:\/\/noticiasmercedinas.com\/site\/wp-json\/wp\/v2\/media\/128292"}],"wp:attachment":[{"href":"https:\/\/noticiasmercedinas.com\/site\/wp-json\/wp\/v2\/media?parent=171355"}],"wp:term":[{"taxonomy":"category","embeddable":true,"href":"https:\/\/noticiasmercedinas.com\/site\/wp-json\/wp\/v2\/categories?post=171355"},{"taxonomy":"post_tag","embeddable":true,"href":"https:\/\/noticiasmercedinas.com\/site\/wp-json\/wp\/v2\/tags?post=171355"}],"curies":[{"name":"wp","href":"https:\/\/api.w.org\/{rel}","templated":true}]}}