{"id":171389,"date":"2025-10-08T11:11:22","date_gmt":"2025-10-08T14:11:22","guid":{"rendered":"https:\/\/noticiasmercedinas.com\/site\/?p=171389"},"modified":"2025-10-08T11:12:23","modified_gmt":"2025-10-08T14:12:23","slug":"erica-denis-creadora-de-hela-tambien-presento-sus-disenos-en-el-desfile-de-beto-bondanza","status":"publish","type":"post","link":"https:\/\/noticiasmercedinas.com\/site\/2025\/10\/08\/erica-denis-creadora-de-hela-tambien-presento-sus-disenos-en-el-desfile-de-beto-bondanza\/","title":{"rendered":"\u00c9rica Denis, creadora de Hela, tambi\u00e9n present\u00f3 sus dise\u00f1os en el desfile de Beto Bondanza"},"content":{"rendered":"<p><img loading=\"lazy\" decoding=\"async\" class=\"alignnone size-full wp-image-171390\" src=\"https:\/\/noticiasmercedinas.com\/site\/wp-content\/uploads\/2025\/10\/Portada-.jpg\" alt=\"\" width=\"2160\" height=\"1131\" srcset=\"https:\/\/noticiasmercedinas.com\/site\/wp-content\/uploads\/2025\/10\/Portada-.jpg 2160w, https:\/\/noticiasmercedinas.com\/site\/wp-content\/uploads\/2025\/10\/Portada--300x157.jpg 300w, https:\/\/noticiasmercedinas.com\/site\/wp-content\/uploads\/2025\/10\/Portada--1024x536.jpg 1024w, https:\/\/noticiasmercedinas.com\/site\/wp-content\/uploads\/2025\/10\/Portada--768x402.jpg 768w, https:\/\/noticiasmercedinas.com\/site\/wp-content\/uploads\/2025\/10\/Portada--1536x804.jpg 1536w, https:\/\/noticiasmercedinas.com\/site\/wp-content\/uploads\/2025\/10\/Portada--2048x1072.jpg 2048w, https:\/\/noticiasmercedinas.com\/site\/wp-content\/uploads\/2025\/10\/Portada--640x335.jpg 640w, https:\/\/noticiasmercedinas.com\/site\/wp-content\/uploads\/2025\/10\/Portada--1280x670.jpg 1280w, https:\/\/noticiasmercedinas.com\/site\/wp-content\/uploads\/2025\/10\/Portada--681x357.jpg 681w, https:\/\/noticiasmercedinas.com\/site\/wp-content\/uploads\/2025\/10\/Portada--1362x713.jpg 1362w\" sizes=\"auto, (max-width: 2160px) 100vw, 2160px\" \/><\/p>\n<p>El pasado domingo se realiz\u00f3 <a href=\"https:\/\/noticiasmercedinas.com\/site\/2025\/10\/05\/beto-bondanza-realizo-un-desfile-a-todo-glamour-y-con-solidaridad\/\">un nuevo desfile organizado por Beto Bondanza<\/a>, donde distintas marcas locales participaron mostrando sus propuestas. Entre ellas, <strong>\u00c9rica Denis<\/strong>, creadora de <strong>Hela<\/strong>, present\u00f3 <strong>dise\u00f1os \u00fanicos, hechos a mano<\/strong>.<\/p>\n<p>En la pasarela se pudieron ver las ruanas con el Sol de Mayo bordado, \u00faltima c\u00e1psula de la marca, realizadas de forma completamente artesanal. Cada una puede encargarse en diferentes medidas y colores. Telas frescas, ideales para esta temporada primavera-verano.<\/p>\n<p><img loading=\"lazy\" decoding=\"async\" class=\"size-full wp-image-171391\" src=\"https:\/\/noticiasmercedinas.com\/site\/wp-content\/uploads\/2025\/10\/Segunda-foto-ruanas-.jpg\" alt=\"\" width=\"1989\" height=\"935\" srcset=\"https:\/\/noticiasmercedinas.com\/site\/wp-content\/uploads\/2025\/10\/Segunda-foto-ruanas-.jpg 1989w, https:\/\/noticiasmercedinas.com\/site\/wp-content\/uploads\/2025\/10\/Segunda-foto-ruanas--300x141.jpg 300w, https:\/\/noticiasmercedinas.com\/site\/wp-content\/uploads\/2025\/10\/Segunda-foto-ruanas--1024x481.jpg 1024w, https:\/\/noticiasmercedinas.com\/site\/wp-content\/uploads\/2025\/10\/Segunda-foto-ruanas--768x361.jpg 768w, https:\/\/noticiasmercedinas.com\/site\/wp-content\/uploads\/2025\/10\/Segunda-foto-ruanas--1536x722.jpg 1536w, https:\/\/noticiasmercedinas.com\/site\/wp-content\/uploads\/2025\/10\/Segunda-foto-ruanas--640x301.jpg 640w, https:\/\/noticiasmercedinas.com\/site\/wp-content\/uploads\/2025\/10\/Segunda-foto-ruanas--1280x602.jpg 1280w, https:\/\/noticiasmercedinas.com\/site\/wp-content\/uploads\/2025\/10\/Segunda-foto-ruanas--681x320.jpg 681w, https:\/\/noticiasmercedinas.com\/site\/wp-content\/uploads\/2025\/10\/Segunda-foto-ruanas--1362x640.jpg 1362w\" sizes=\"auto, (max-width: 1989px) 100vw, 1989px\" \/><\/p>\n<blockquote><p>D\u00eda de la Madre, la marca ofrecer\u00e1 un descuento especial durante todo el mes<\/p><\/blockquote>\n<p>Adem\u00e1s, se pudo adelantar un vistazo de la pr\u00f3xima c\u00e1psula: outfits de estilo boho-chic con tejidos, flecos, colores y estampados que se vienen con fuerza esta temporada, con un gui\u00f1o al estilo del lejano oeste.<\/p>\n<p><img loading=\"lazy\" decoding=\"async\" class=\"alignnone size-full wp-image-171392\" src=\"https:\/\/noticiasmercedinas.com\/site\/wp-content\/uploads\/2025\/10\/Tercera-foto-boho-chic.jpg\" alt=\"\" width=\"1988\" height=\"1131\" srcset=\"https:\/\/noticiasmercedinas.com\/site\/wp-content\/uploads\/2025\/10\/Tercera-foto-boho-chic.jpg 1988w, https:\/\/noticiasmercedinas.com\/site\/wp-content\/uploads\/2025\/10\/Tercera-foto-boho-chic-300x171.jpg 300w, https:\/\/noticiasmercedinas.com\/site\/wp-content\/uploads\/2025\/10\/Tercera-foto-boho-chic-1024x583.jpg 1024w, https:\/\/noticiasmercedinas.com\/site\/wp-content\/uploads\/2025\/10\/Tercera-foto-boho-chic-768x437.jpg 768w, https:\/\/noticiasmercedinas.com\/site\/wp-content\/uploads\/2025\/10\/Tercera-foto-boho-chic-1536x874.jpg 1536w, https:\/\/noticiasmercedinas.com\/site\/wp-content\/uploads\/2025\/10\/Tercera-foto-boho-chic-640x364.jpg 640w, https:\/\/noticiasmercedinas.com\/site\/wp-content\/uploads\/2025\/10\/Tercera-foto-boho-chic-1280x728.jpg 1280w, https:\/\/noticiasmercedinas.com\/site\/wp-content\/uploads\/2025\/10\/Tercera-foto-boho-chic-681x387.jpg 681w, https:\/\/noticiasmercedinas.com\/site\/wp-content\/uploads\/2025\/10\/Tercera-foto-boho-chic-1362x775.jpg 1362w\" sizes=\"auto, (max-width: 1988px) 100vw, 1988px\" \/><\/p>\n<p>En el marco del D\u00eda de la Madre, la marca ofrecer\u00e1 un descuento especial durante todo el mes, invitando a celebrar esta fecha con sus dise\u00f1os.<\/p>\n<p>Instagram:\u00a0<span class=\"x1lliihq x1plvlek xryxfnj x1n2onr6 xyejjpt x15dsfln x193iq5w xeuugli x1fj9vlw x13faqbe x1vvkbs x1s928wv xhkezso x1gmr53x x1cpjm7i x1fgarty x1943h6x x1i0vuye xvs91rp x1s688f x5n08af x10wh9bi xpm28yp x8viiok x1o7cslx\" dir=\"auto\">hela.arg<\/span><\/p>\n<div class=\"html-div xdj266r x14z9mp xat24cr x1lziwak xexx8yu xyri2b x18d9i69 x1c1uobl x9f619 xjbqb8w x17zd0t2 x3pnbk8 x78zum5 x15mokao x1ga7v0g x16uus16 xbiv7yw x1uhb9sk x1plvlek xryxfnj x1c4vz4f x2lah0s x1q0g3np xqjyukv x6s0dn4 x1oa3qoh x1nhvcw1\"><a href=\"https:\/\/www.instagram.com\/hela.arg\">https:\/\/www.instagram.com\/hela.arg<\/a><\/div>\n<div tabindex=\"0\" role=\"button\" aria-disabled=\"false\"><span class=\"_ap3a _aaco _aacu _aacx _aad7 _aade\" dir=\"auto\">New Drop: Sol de Mayo<br \/>\nRecoleta CABA\/ Mercedes bs.as<br \/>\nEnv\u00edos a todo el pa\u00eds<\/span><\/div>\n<p><img loading=\"lazy\" decoding=\"async\" class=\"alignnone size-full wp-image-171393\" src=\"https:\/\/noticiasmercedinas.com\/site\/wp-content\/uploads\/2025\/10\/Cierre-nota--scaled.jpg\" alt=\"\" width=\"1440\" height=\"2560\" srcset=\"https:\/\/noticiasmercedinas.com\/site\/wp-content\/uploads\/2025\/10\/Cierre-nota--scaled.jpg 1440w, https:\/\/noticiasmercedinas.com\/site\/wp-content\/uploads\/2025\/10\/Cierre-nota--169x300.jpg 169w, https:\/\/noticiasmercedinas.com\/site\/wp-content\/uploads\/2025\/10\/Cierre-nota--576x1024.jpg 576w, https:\/\/noticiasmercedinas.com\/site\/wp-content\/uploads\/2025\/10\/Cierre-nota--768x1365.jpg 768w, https:\/\/noticiasmercedinas.com\/site\/wp-content\/uploads\/2025\/10\/Cierre-nota--864x1536.jpg 864w, https:\/\/noticiasmercedinas.com\/site\/wp-content\/uploads\/2025\/10\/Cierre-nota--1152x2048.jpg 1152w, https:\/\/noticiasmercedinas.com\/site\/wp-content\/uploads\/2025\/10\/Cierre-nota--640x1138.jpg 640w, https:\/\/noticiasmercedinas.com\/site\/wp-content\/uploads\/2025\/10\/Cierre-nota--1280x2276.jpg 1280w, https:\/\/noticiasmercedinas.com\/site\/wp-content\/uploads\/2025\/10\/Cierre-nota--681x1211.jpg 681w, https:\/\/noticiasmercedinas.com\/site\/wp-content\/uploads\/2025\/10\/Cierre-nota--1362x2421.jpg 1362w\" sizes=\"auto, (max-width: 1440px) 100vw, 1440px\" \/><\/p>\n","protected":false},"excerpt":{"rendered":"<p>El pasado domingo se realiz\u00f3 un nuevo desfile organizado por Beto Bondanza, donde distintas marcas locales participaron mostrando sus propuestas. Entre ellas, \u00c9rica Denis, creadora de Hela, present\u00f3 dise\u00f1os \u00fanicos, hechos a mano. En la pasarela se pudieron ver las ruanas con el Sol de Mayo bordado, \u00faltima c\u00e1psula de la marca, realizadas de forma [&hellip;]<\/p>\n","protected":false},"author":16,"featured_media":171390,"comment_status":"closed","ping_status":"closed","sticky":false,"template":"","format":"standard","meta":{"footnotes":""},"categories":[74],"tags":[2240,2017,1354,4103,21031,21030,1365,1183],"class_list":["post-171389","post","type-post","status-publish","format-standard","has-post-thumbnail","hentry","category-emprendimientos","tag-beto-bondanza","tag-desfile","tag-dia-de-la-madre","tag-diseno","tag-erica-denis","tag-hela","tag-moda","tag-ropa"],"yoast_head":"<!-- This site is optimized with the Yoast SEO plugin v27.5 - https:\/\/yoast.com\/product\/yoast-seo-wordpress\/ -->\n<title>\u00c9rica Denis, creadora de Hela, tambi\u00e9n present\u00f3 sus dise\u00f1os en el desfile de Beto Bondanza<\/title>\n<meta name=\"robots\" content=\"index, follow, max-snippet:-1, max-image-preview:large, max-video-preview:-1\" \/>\n<link rel=\"canonical\" href=\"https:\/\/noticiasmercedinas.com\/site\/2025\/10\/08\/erica-denis-creadora-de-hela-tambien-presento-sus-disenos-en-el-desfile-de-beto-bondanza\/\" \/>\n<meta property=\"og:locale\" content=\"es_ES\" \/>\n<meta property=\"og:type\" content=\"article\" \/>\n<meta property=\"og:title\" content=\"\u00c9rica Denis, creadora de Hela, tambi\u00e9n present\u00f3 sus dise\u00f1os en el desfile de Beto Bondanza\" \/>\n<meta property=\"og:description\" content=\"El pasado domingo se realiz\u00f3 un nuevo desfile organizado por Beto Bondanza, donde distintas marcas locales participaron mostrando sus propuestas. Entre ellas, \u00c9rica Denis, creadora de Hela, present\u00f3 dise\u00f1os \u00fanicos, hechos a mano. En la pasarela se pudieron ver las ruanas con el Sol de Mayo bordado, \u00faltima c\u00e1psula de la marca, realizadas de forma [&hellip;]\" \/>\n<meta property=\"og:url\" content=\"https:\/\/noticiasmercedinas.com\/site\/2025\/10\/08\/erica-denis-creadora-de-hela-tambien-presento-sus-disenos-en-el-desfile-de-beto-bondanza\/\" \/>\n<meta property=\"og:site_name\" content=\"NOTICIASMERCEDINAS.COM\" \/>\n<meta property=\"article:publisher\" content=\"https:\/\/www.facebook.com\/noticiasmercedinas\/\" \/>\n<meta property=\"article:published_time\" content=\"2025-10-08T14:11:22+00:00\" \/>\n<meta property=\"article:modified_time\" content=\"2025-10-08T14:12:23+00:00\" \/>\n<meta property=\"og:image\" content=\"https:\/\/noticiasmercedinas.com\/site\/wp-content\/uploads\/2025\/10\/Portada-.jpg\" \/>\n\t<meta property=\"og:image:width\" content=\"2160\" \/>\n\t<meta property=\"og:image:height\" content=\"1131\" \/>\n\t<meta property=\"og:image:type\" content=\"image\/jpeg\" \/>\n<meta name=\"author\" content=\"NOTICIASMERCEDINAS.COM\" \/>\n<meta name=\"twitter:card\" content=\"summary_large_image\" \/>\n<meta name=\"twitter:creator\" content=\"@notmercedinas\" \/>\n<meta name=\"twitter:site\" content=\"@notmercedinas\" \/>\n<meta name=\"twitter:label1\" content=\"Escrito por\" \/>\n\t<meta name=\"twitter:data1\" content=\"NOTICIASMERCEDINAS.COM\" \/>\n\t<meta name=\"twitter:label2\" content=\"Tiempo de lectura\" \/>\n\t<meta name=\"twitter:data2\" content=\"2 minutos\" \/>\n<script type=\"application\/ld+json\" class=\"yoast-schema-graph\">{\"@context\":\"https:\\\/\\\/schema.org\",\"@graph\":[{\"@type\":\"Article\",\"@id\":\"https:\\\/\\\/noticiasmercedinas.com\\\/site\\\/2025\\\/10\\\/08\\\/erica-denis-creadora-de-hela-tambien-presento-sus-disenos-en-el-desfile-de-beto-bondanza\\\/#article\",\"isPartOf\":{\"@id\":\"https:\\\/\\\/noticiasmercedinas.com\\\/site\\\/2025\\\/10\\\/08\\\/erica-denis-creadora-de-hela-tambien-presento-sus-disenos-en-el-desfile-de-beto-bondanza\\\/\"},\"author\":{\"name\":\"NOTICIASMERCEDINAS.COM\",\"@id\":\"https:\\\/\\\/noticiasmercedinas.com\\\/site\\\/#\\\/schema\\\/person\\\/84b59c099c28ff2e8b77d4ceec5d8063\"},\"headline\":\"\u00c9rica Denis, creadora de Hela, tambi\u00e9n present\u00f3 sus dise\u00f1os en el desfile de Beto Bondanza\",\"datePublished\":\"2025-10-08T14:11:22+00:00\",\"dateModified\":\"2025-10-08T14:12:23+00:00\",\"mainEntityOfPage\":{\"@id\":\"https:\\\/\\\/noticiasmercedinas.com\\\/site\\\/2025\\\/10\\\/08\\\/erica-denis-creadora-de-hela-tambien-presento-sus-disenos-en-el-desfile-de-beto-bondanza\\\/\"},\"wordCount\":200,\"publisher\":{\"@id\":\"https:\\\/\\\/noticiasmercedinas.com\\\/site\\\/#organization\"},\"image\":{\"@id\":\"https:\\\/\\\/noticiasmercedinas.com\\\/site\\\/2025\\\/10\\\/08\\\/erica-denis-creadora-de-hela-tambien-presento-sus-disenos-en-el-desfile-de-beto-bondanza\\\/#primaryimage\"},\"thumbnailUrl\":\"https:\\\/\\\/noticiasmercedinas.com\\\/site\\\/wp-content\\\/uploads\\\/2025\\\/10\\\/Portada-.jpg\",\"keywords\":[\"beto bondanza\",\"desfile\",\"d\u00eda de la madre\",\"dise\u00f1o\",\"\u00c9rica Denis\",\"hela\",\"moda\",\"ropa\"],\"articleSection\":[\"Emprendimientos\"],\"inLanguage\":\"es\"},{\"@type\":\"WebPage\",\"@id\":\"https:\\\/\\\/noticiasmercedinas.com\\\/site\\\/2025\\\/10\\\/08\\\/erica-denis-creadora-de-hela-tambien-presento-sus-disenos-en-el-desfile-de-beto-bondanza\\\/\",\"url\":\"https:\\\/\\\/noticiasmercedinas.com\\\/site\\\/2025\\\/10\\\/08\\\/erica-denis-creadora-de-hela-tambien-presento-sus-disenos-en-el-desfile-de-beto-bondanza\\\/\",\"name\":\"\u00c9rica Denis, creadora de Hela, tambi\u00e9n present\u00f3 sus dise\u00f1os en el desfile de Beto Bondanza\",\"isPartOf\":{\"@id\":\"https:\\\/\\\/noticiasmercedinas.com\\\/site\\\/#website\"},\"primaryImageOfPage\":{\"@id\":\"https:\\\/\\\/noticiasmercedinas.com\\\/site\\\/2025\\\/10\\\/08\\\/erica-denis-creadora-de-hela-tambien-presento-sus-disenos-en-el-desfile-de-beto-bondanza\\\/#primaryimage\"},\"image\":{\"@id\":\"https:\\\/\\\/noticiasmercedinas.com\\\/site\\\/2025\\\/10\\\/08\\\/erica-denis-creadora-de-hela-tambien-presento-sus-disenos-en-el-desfile-de-beto-bondanza\\\/#primaryimage\"},\"thumbnailUrl\":\"https:\\\/\\\/noticiasmercedinas.com\\\/site\\\/wp-content\\\/uploads\\\/2025\\\/10\\\/Portada-.jpg\",\"datePublished\":\"2025-10-08T14:11:22+00:00\",\"dateModified\":\"2025-10-08T14:12:23+00:00\",\"breadcrumb\":{\"@id\":\"https:\\\/\\\/noticiasmercedinas.com\\\/site\\\/2025\\\/10\\\/08\\\/erica-denis-creadora-de-hela-tambien-presento-sus-disenos-en-el-desfile-de-beto-bondanza\\\/#breadcrumb\"},\"inLanguage\":\"es\",\"potentialAction\":[{\"@type\":\"ReadAction\",\"target\":[\"https:\\\/\\\/noticiasmercedinas.com\\\/site\\\/2025\\\/10\\\/08\\\/erica-denis-creadora-de-hela-tambien-presento-sus-disenos-en-el-desfile-de-beto-bondanza\\\/\"]}]},{\"@type\":\"ImageObject\",\"inLanguage\":\"es\",\"@id\":\"https:\\\/\\\/noticiasmercedinas.com\\\/site\\\/2025\\\/10\\\/08\\\/erica-denis-creadora-de-hela-tambien-presento-sus-disenos-en-el-desfile-de-beto-bondanza\\\/#primaryimage\",\"url\":\"https:\\\/\\\/noticiasmercedinas.com\\\/site\\\/wp-content\\\/uploads\\\/2025\\\/10\\\/Portada-.jpg\",\"contentUrl\":\"https:\\\/\\\/noticiasmercedinas.com\\\/site\\\/wp-content\\\/uploads\\\/2025\\\/10\\\/Portada-.jpg\",\"width\":2160,\"height\":1131},{\"@type\":\"BreadcrumbList\",\"@id\":\"https:\\\/\\\/noticiasmercedinas.com\\\/site\\\/2025\\\/10\\\/08\\\/erica-denis-creadora-de-hela-tambien-presento-sus-disenos-en-el-desfile-de-beto-bondanza\\\/#breadcrumb\",\"itemListElement\":[{\"@type\":\"ListItem\",\"position\":1,\"name\":\"Portada\",\"item\":\"https:\\\/\\\/noticiasmercedinas.com\\\/site\\\/\"},{\"@type\":\"ListItem\",\"position\":2,\"name\":\"\u00c9rica Denis, creadora de Hela, tambi\u00e9n present\u00f3 sus dise\u00f1os en el desfile de Beto Bondanza\"}]},{\"@type\":\"WebSite\",\"@id\":\"https:\\\/\\\/noticiasmercedinas.com\\\/site\\\/#website\",\"url\":\"https:\\\/\\\/noticiasmercedinas.com\\\/site\\\/\",\"name\":\"NOTICIASMERCEDINAS.COM\",\"description\":\"Mercedes, Buenos Aires, Argentina\",\"publisher\":{\"@id\":\"https:\\\/\\\/noticiasmercedinas.com\\\/site\\\/#organization\"},\"potentialAction\":[{\"@type\":\"SearchAction\",\"target\":{\"@type\":\"EntryPoint\",\"urlTemplate\":\"https:\\\/\\\/noticiasmercedinas.com\\\/site\\\/?s={search_term_string}\"},\"query-input\":{\"@type\":\"PropertyValueSpecification\",\"valueRequired\":true,\"valueName\":\"search_term_string\"}}],\"inLanguage\":\"es\"},{\"@type\":\"Organization\",\"@id\":\"https:\\\/\\\/noticiasmercedinas.com\\\/site\\\/#organization\",\"name\":\"NOTICIASMERCEDINAS.COM\",\"url\":\"https:\\\/\\\/noticiasmercedinas.com\\\/site\\\/\",\"logo\":{\"@type\":\"ImageObject\",\"inLanguage\":\"es\",\"@id\":\"https:\\\/\\\/noticiasmercedinas.com\\\/site\\\/#\\\/schema\\\/logo\\\/image\\\/\",\"url\":\"https:\\\/\\\/noticiasmercedinas.com\\\/site\\\/wp-content\\\/uploads\\\/2020\\\/06\\\/LOGO-512.jpg\",\"contentUrl\":\"https:\\\/\\\/noticiasmercedinas.com\\\/site\\\/wp-content\\\/uploads\\\/2020\\\/06\\\/LOGO-512.jpg\",\"width\":512,\"height\":512,\"caption\":\"NOTICIASMERCEDINAS.COM\"},\"image\":{\"@id\":\"https:\\\/\\\/noticiasmercedinas.com\\\/site\\\/#\\\/schema\\\/logo\\\/image\\\/\"},\"sameAs\":[\"https:\\\/\\\/www.facebook.com\\\/noticiasmercedinas\\\/\",\"https:\\\/\\\/x.com\\\/notmercedinas\",\"https:\\\/\\\/www.instagram.com\\\/noticiasmercedinas\\\/\"]},{\"@type\":\"Person\",\"@id\":\"https:\\\/\\\/noticiasmercedinas.com\\\/site\\\/#\\\/schema\\\/person\\\/84b59c099c28ff2e8b77d4ceec5d8063\",\"name\":\"NOTICIASMERCEDINAS.COM\",\"image\":{\"@type\":\"ImageObject\",\"inLanguage\":\"es\",\"@id\":\"https:\\\/\\\/secure.gravatar.com\\\/avatar\\\/4dfbf16b4d17945bfb6341b2d19043457132fcf478a5ee04f42e959fd8f5df0a?s=96&d=mm&r=g\",\"url\":\"https:\\\/\\\/secure.gravatar.com\\\/avatar\\\/4dfbf16b4d17945bfb6341b2d19043457132fcf478a5ee04f42e959fd8f5df0a?s=96&d=mm&r=g\",\"contentUrl\":\"https:\\\/\\\/secure.gravatar.com\\\/avatar\\\/4dfbf16b4d17945bfb6341b2d19043457132fcf478a5ee04f42e959fd8f5df0a?s=96&d=mm&r=g\",\"caption\":\"NOTICIASMERCEDINAS.COM\"},\"url\":\"https:\\\/\\\/noticiasmercedinas.com\\\/site\\\/author\\\/anonimo\\\/\"}]}<\/script>\n<!-- \/ Yoast SEO plugin. -->","yoast_head_json":{"title":"\u00c9rica Denis, creadora de Hela, tambi\u00e9n present\u00f3 sus dise\u00f1os en el desfile de Beto Bondanza","robots":{"index":"index","follow":"follow","max-snippet":"max-snippet:-1","max-image-preview":"max-image-preview:large","max-video-preview":"max-video-preview:-1"},"canonical":"https:\/\/noticiasmercedinas.com\/site\/2025\/10\/08\/erica-denis-creadora-de-hela-tambien-presento-sus-disenos-en-el-desfile-de-beto-bondanza\/","og_locale":"es_ES","og_type":"article","og_title":"\u00c9rica Denis, creadora de Hela, tambi\u00e9n present\u00f3 sus dise\u00f1os en el desfile de Beto Bondanza","og_description":"El pasado domingo se realiz\u00f3 un nuevo desfile organizado por Beto Bondanza, donde distintas marcas locales participaron mostrando sus propuestas. Entre ellas, \u00c9rica Denis, creadora de Hela, present\u00f3 dise\u00f1os \u00fanicos, hechos a mano. En la pasarela se pudieron ver las ruanas con el Sol de Mayo bordado, \u00faltima c\u00e1psula de la marca, realizadas de forma [&hellip;]","og_url":"https:\/\/noticiasmercedinas.com\/site\/2025\/10\/08\/erica-denis-creadora-de-hela-tambien-presento-sus-disenos-en-el-desfile-de-beto-bondanza\/","og_site_name":"NOTICIASMERCEDINAS.COM","article_publisher":"https:\/\/www.facebook.com\/noticiasmercedinas\/","article_published_time":"2025-10-08T14:11:22+00:00","article_modified_time":"2025-10-08T14:12:23+00:00","og_image":[{"width":2160,"height":1131,"url":"https:\/\/noticiasmercedinas.com\/site\/wp-content\/uploads\/2025\/10\/Portada-.jpg","type":"image\/jpeg"}],"author":"NOTICIASMERCEDINAS.COM","twitter_card":"summary_large_image","twitter_creator":"@notmercedinas","twitter_site":"@notmercedinas","twitter_misc":{"Escrito por":"NOTICIASMERCEDINAS.COM","Tiempo de lectura":"2 minutos"},"schema":{"@context":"https:\/\/schema.org","@graph":[{"@type":"Article","@id":"https:\/\/noticiasmercedinas.com\/site\/2025\/10\/08\/erica-denis-creadora-de-hela-tambien-presento-sus-disenos-en-el-desfile-de-beto-bondanza\/#article","isPartOf":{"@id":"https:\/\/noticiasmercedinas.com\/site\/2025\/10\/08\/erica-denis-creadora-de-hela-tambien-presento-sus-disenos-en-el-desfile-de-beto-bondanza\/"},"author":{"name":"NOTICIASMERCEDINAS.COM","@id":"https:\/\/noticiasmercedinas.com\/site\/#\/schema\/person\/84b59c099c28ff2e8b77d4ceec5d8063"},"headline":"\u00c9rica Denis, creadora de Hela, tambi\u00e9n present\u00f3 sus dise\u00f1os en el desfile de Beto Bondanza","datePublished":"2025-10-08T14:11:22+00:00","dateModified":"2025-10-08T14:12:23+00:00","mainEntityOfPage":{"@id":"https:\/\/noticiasmercedinas.com\/site\/2025\/10\/08\/erica-denis-creadora-de-hela-tambien-presento-sus-disenos-en-el-desfile-de-beto-bondanza\/"},"wordCount":200,"publisher":{"@id":"https:\/\/noticiasmercedinas.com\/site\/#organization"},"image":{"@id":"https:\/\/noticiasmercedinas.com\/site\/2025\/10\/08\/erica-denis-creadora-de-hela-tambien-presento-sus-disenos-en-el-desfile-de-beto-bondanza\/#primaryimage"},"thumbnailUrl":"https:\/\/noticiasmercedinas.com\/site\/wp-content\/uploads\/2025\/10\/Portada-.jpg","keywords":["beto bondanza","desfile","d\u00eda de la madre","dise\u00f1o","\u00c9rica Denis","hela","moda","ropa"],"articleSection":["Emprendimientos"],"inLanguage":"es"},{"@type":"WebPage","@id":"https:\/\/noticiasmercedinas.com\/site\/2025\/10\/08\/erica-denis-creadora-de-hela-tambien-presento-sus-disenos-en-el-desfile-de-beto-bondanza\/","url":"https:\/\/noticiasmercedinas.com\/site\/2025\/10\/08\/erica-denis-creadora-de-hela-tambien-presento-sus-disenos-en-el-desfile-de-beto-bondanza\/","name":"\u00c9rica Denis, creadora de Hela, tambi\u00e9n present\u00f3 sus dise\u00f1os en el desfile de Beto Bondanza","isPartOf":{"@id":"https:\/\/noticiasmercedinas.com\/site\/#website"},"primaryImageOfPage":{"@id":"https:\/\/noticiasmercedinas.com\/site\/2025\/10\/08\/erica-denis-creadora-de-hela-tambien-presento-sus-disenos-en-el-desfile-de-beto-bondanza\/#primaryimage"},"image":{"@id":"https:\/\/noticiasmercedinas.com\/site\/2025\/10\/08\/erica-denis-creadora-de-hela-tambien-presento-sus-disenos-en-el-desfile-de-beto-bondanza\/#primaryimage"},"thumbnailUrl":"https:\/\/noticiasmercedinas.com\/site\/wp-content\/uploads\/2025\/10\/Portada-.jpg","datePublished":"2025-10-08T14:11:22+00:00","dateModified":"2025-10-08T14:12:23+00:00","breadcrumb":{"@id":"https:\/\/noticiasmercedinas.com\/site\/2025\/10\/08\/erica-denis-creadora-de-hela-tambien-presento-sus-disenos-en-el-desfile-de-beto-bondanza\/#breadcrumb"},"inLanguage":"es","potentialAction":[{"@type":"ReadAction","target":["https:\/\/noticiasmercedinas.com\/site\/2025\/10\/08\/erica-denis-creadora-de-hela-tambien-presento-sus-disenos-en-el-desfile-de-beto-bondanza\/"]}]},{"@type":"ImageObject","inLanguage":"es","@id":"https:\/\/noticiasmercedinas.com\/site\/2025\/10\/08\/erica-denis-creadora-de-hela-tambien-presento-sus-disenos-en-el-desfile-de-beto-bondanza\/#primaryimage","url":"https:\/\/noticiasmercedinas.com\/site\/wp-content\/uploads\/2025\/10\/Portada-.jpg","contentUrl":"https:\/\/noticiasmercedinas.com\/site\/wp-content\/uploads\/2025\/10\/Portada-.jpg","width":2160,"height":1131},{"@type":"BreadcrumbList","@id":"https:\/\/noticiasmercedinas.com\/site\/2025\/10\/08\/erica-denis-creadora-de-hela-tambien-presento-sus-disenos-en-el-desfile-de-beto-bondanza\/#breadcrumb","itemListElement":[{"@type":"ListItem","position":1,"name":"Portada","item":"https:\/\/noticiasmercedinas.com\/site\/"},{"@type":"ListItem","position":2,"name":"\u00c9rica Denis, creadora de Hela, tambi\u00e9n present\u00f3 sus dise\u00f1os en el desfile de Beto Bondanza"}]},{"@type":"WebSite","@id":"https:\/\/noticiasmercedinas.com\/site\/#website","url":"https:\/\/noticiasmercedinas.com\/site\/","name":"NOTICIASMERCEDINAS.COM","description":"Mercedes, Buenos Aires, Argentina","publisher":{"@id":"https:\/\/noticiasmercedinas.com\/site\/#organization"},"potentialAction":[{"@type":"SearchAction","target":{"@type":"EntryPoint","urlTemplate":"https:\/\/noticiasmercedinas.com\/site\/?s={search_term_string}"},"query-input":{"@type":"PropertyValueSpecification","valueRequired":true,"valueName":"search_term_string"}}],"inLanguage":"es"},{"@type":"Organization","@id":"https:\/\/noticiasmercedinas.com\/site\/#organization","name":"NOTICIASMERCEDINAS.COM","url":"https:\/\/noticiasmercedinas.com\/site\/","logo":{"@type":"ImageObject","inLanguage":"es","@id":"https:\/\/noticiasmercedinas.com\/site\/#\/schema\/logo\/image\/","url":"https:\/\/noticiasmercedinas.com\/site\/wp-content\/uploads\/2020\/06\/LOGO-512.jpg","contentUrl":"https:\/\/noticiasmercedinas.com\/site\/wp-content\/uploads\/2020\/06\/LOGO-512.jpg","width":512,"height":512,"caption":"NOTICIASMERCEDINAS.COM"},"image":{"@id":"https:\/\/noticiasmercedinas.com\/site\/#\/schema\/logo\/image\/"},"sameAs":["https:\/\/www.facebook.com\/noticiasmercedinas\/","https:\/\/x.com\/notmercedinas","https:\/\/www.instagram.com\/noticiasmercedinas\/"]},{"@type":"Person","@id":"https:\/\/noticiasmercedinas.com\/site\/#\/schema\/person\/84b59c099c28ff2e8b77d4ceec5d8063","name":"NOTICIASMERCEDINAS.COM","image":{"@type":"ImageObject","inLanguage":"es","@id":"https:\/\/secure.gravatar.com\/avatar\/4dfbf16b4d17945bfb6341b2d19043457132fcf478a5ee04f42e959fd8f5df0a?s=96&d=mm&r=g","url":"https:\/\/secure.gravatar.com\/avatar\/4dfbf16b4d17945bfb6341b2d19043457132fcf478a5ee04f42e959fd8f5df0a?s=96&d=mm&r=g","contentUrl":"https:\/\/secure.gravatar.com\/avatar\/4dfbf16b4d17945bfb6341b2d19043457132fcf478a5ee04f42e959fd8f5df0a?s=96&d=mm&r=g","caption":"NOTICIASMERCEDINAS.COM"},"url":"https:\/\/noticiasmercedinas.com\/site\/author\/anonimo\/"}]}},"amp_enabled":true,"_links":{"self":[{"href":"https:\/\/noticiasmercedinas.com\/site\/wp-json\/wp\/v2\/posts\/171389","targetHints":{"allow":["GET"]}}],"collection":[{"href":"https:\/\/noticiasmercedinas.com\/site\/wp-json\/wp\/v2\/posts"}],"about":[{"href":"https:\/\/noticiasmercedinas.com\/site\/wp-json\/wp\/v2\/types\/post"}],"author":[{"embeddable":true,"href":"https:\/\/noticiasmercedinas.com\/site\/wp-json\/wp\/v2\/users\/16"}],"replies":[{"embeddable":true,"href":"https:\/\/noticiasmercedinas.com\/site\/wp-json\/wp\/v2\/comments?post=171389"}],"version-history":[{"count":2,"href":"https:\/\/noticiasmercedinas.com\/site\/wp-json\/wp\/v2\/posts\/171389\/revisions"}],"predecessor-version":[{"id":171395,"href":"https:\/\/noticiasmercedinas.com\/site\/wp-json\/wp\/v2\/posts\/171389\/revisions\/171395"}],"wp:featuredmedia":[{"embeddable":true,"href":"https:\/\/noticiasmercedinas.com\/site\/wp-json\/wp\/v2\/media\/171390"}],"wp:attachment":[{"href":"https:\/\/noticiasmercedinas.com\/site\/wp-json\/wp\/v2\/media?parent=171389"}],"wp:term":[{"taxonomy":"category","embeddable":true,"href":"https:\/\/noticiasmercedinas.com\/site\/wp-json\/wp\/v2\/categories?post=171389"},{"taxonomy":"post_tag","embeddable":true,"href":"https:\/\/noticiasmercedinas.com\/site\/wp-json\/wp\/v2\/tags?post=171389"}],"curies":[{"name":"wp","href":"https:\/\/api.w.org\/{rel}","templated":true}]}}