{"id":171569,"date":"2025-10-11T10:39:06","date_gmt":"2025-10-11T13:39:06","guid":{"rendered":"https:\/\/noticiasmercedinas.com\/site\/?p=171569"},"modified":"2025-10-11T10:39:06","modified_gmt":"2025-10-11T13:39:06","slug":"el-femenino-de-inferiores-comenzo-el-clausura","status":"publish","type":"post","link":"https:\/\/noticiasmercedinas.com\/site\/2025\/10\/11\/el-femenino-de-inferiores-comenzo-el-clausura\/","title":{"rendered":"El Femenino de Inferiores comenz\u00f3 el Clausura"},"content":{"rendered":"<figure id=\"attachment_171570\" aria-describedby=\"caption-attachment-171570\" style=\"width: 640px\" class=\"wp-caption alignnone\"><img loading=\"lazy\" decoding=\"async\" class=\"wp-image-171570 size-full\" src=\"https:\/\/noticiasmercedinas.com\/site\/wp-content\/uploads\/2025\/10\/IMG_1602.jpg\" alt=\"\" width=\"640\" height=\"411\" srcset=\"https:\/\/noticiasmercedinas.com\/site\/wp-content\/uploads\/2025\/10\/IMG_1602.jpg 640w, https:\/\/noticiasmercedinas.com\/site\/wp-content\/uploads\/2025\/10\/IMG_1602-300x194.jpg 300w\" sizes=\"auto, (max-width: 640px) 100vw, 640px\" \/><figcaption id=\"caption-attachment-171570\" class=\"wp-caption-text\">Palometas y Gowland Sub 12.<\/figcaption><\/figure>\n<p>Durante el \u00faltimo viernes 10 de octubre comenz\u00f3 el Clausura del F\u00fatbol Femenino de Inferiores, gener\u00e1ndose un certamen por zonas donde los primeros equipos de cada una afrontar\u00e1 una \u00fanica final en cancha de la Liga. De la jornada inaugural s\u00f3lo se dio un postergado y este s\u00e1bado habr\u00e1 m\u00e1s encuentros ya por la segunda fecha.<strong><\/p>\n<p>Sub 12<\/strong><br \/>\nCarteros 2 \u2013 Cer\u00e1mica 1.<br \/>\nPalometas Bord\u00f3 1 \u2013 Gowland 0.<br \/>\nTrocha 1 \u2013 Palometas Blanco 1.<br \/>\nHolanda 0 \u2013 Defensores 0.<br \/>\nTrocha Azul 0 \u2013 Villa \u00a0Manchi 4.<br \/>\nClub Mercedes 1 \u2013 Social y Deportivo Nicol\u00e1s 2.<\/p>\n<p><strong>Sub 14<\/strong><br \/>\nCarteros 0 \u2013 Cer\u00e1mica 5.<br \/>\nTrocha 2 \u2013 Palometas 1.<br \/>\nEstudiantes 0 \u2013 Defensores 5.<br \/>\n<strong>Libre:<\/strong> Deportivo Gowland, Villa Manchi y\u00a0 Club Mercedes.<\/p>\n<p><strong>Sub 16<\/strong><br \/>\nEstudiantes vs. Defensores (postergado)<br \/>\nClub Mercedes 5 \u2013 Social y Deportivo Nicol\u00e1s 0.<br \/>\nCarteros 0 \u2013 Cer\u00e1mica 5.<br \/>\nTrocha 0 \u2013 Palometas 2.<br \/>\n<strong>Libre:<\/strong> Villa Manchi.<\/p>\n<p><strong>Pr\u00f3xima fecha<\/strong><br \/>\n<strong>S\u00e1bado 11<br \/>\nCancha:<\/strong> Mercedes.<br \/>\nA las 11 Sub 12 Mercedes vs. Holanda.<br \/>\nA las 12 Sub 14 Mercedes vs. Estudiantes.<br \/>\nA las 17.45 Sub 16 Mercedes vs. Estudiantes.<\/p>\n<p><strong>Cancha:<\/strong> Villa Manchi.<br \/>\nA las 11 Sub 12 Villa Manchi vs. Defensores.<br \/>\nA las 12 Sub 14 Villa Manchi vs. Defensores.<br \/>\nA las 10 Sub 16 Villa Manchi vs. Defensores.<\/p>\n<p><strong>Cancha:<\/strong> Trocha.<br \/>\nA las 13 Sub 12 Social Deportivo Nicol\u00e1s vs. Trocha Azul.<br \/>\nA las 14 Sub 12 Trocha vs. Carteros.<br \/>\nA las 15 Sub 14 Trocha vs. Carteros.<br \/>\nA las 16 Sub 16 Trocha vs. Carteros.<\/p>\n<p><strong>Martes 14<br \/>\nCancha:<\/strong> Palometas.<br \/>\nA las 18 Sub 12 Palometas Blanco vs. Palometas Bord\u00f3.<\/p>\n<p><strong>Postergados<\/strong><br \/>\nSub 12 Deportivo Gowland vs. Cer\u00e1mica.<br \/>\nSub 14 Deportivo Gowland vs. Cer\u00e1mica.<br \/>\nSub 16 Talleres vs. Cer\u00e1mica.<\/p>\n","protected":false},"excerpt":{"rendered":"<p>\u25a0 Con un formato distinto al Apertura con la salida e ingreso de equipos el viernes se disput\u00f3 la primera fecha. Este s\u00e1bado se concretar\u00e1 la segunda jornada. <\/p>\n","protected":false},"author":6,"featured_media":171570,"comment_status":"closed","ping_status":"closed","sticky":false,"template":"","format":"standard","meta":{"footnotes":""},"categories":[5],"tags":[751,17044,3346,6591,15283,6592],"class_list":["post-171569","post","type-post","status-publish","format-standard","has-post-thumbnail","hentry","category-deportes","tag-futbol-femenino","tag-inferiores","tag-liga-mercedina-de-futbol","tag-sub-12","tag-sub-14","tag-sub-16"],"yoast_head":"<!-- This site is optimized with the Yoast SEO plugin v27.5 - https:\/\/yoast.com\/product\/yoast-seo-wordpress\/ -->\n<title>El Femenino de Inferiores comenz\u00f3 el Clausura<\/title>\n<meta name=\"robots\" content=\"index, follow, max-snippet:-1, max-image-preview:large, max-video-preview:-1\" \/>\n<link rel=\"canonical\" href=\"https:\/\/noticiasmercedinas.com\/site\/2025\/10\/11\/el-femenino-de-inferiores-comenzo-el-clausura\/\" \/>\n<meta property=\"og:locale\" content=\"es_ES\" \/>\n<meta property=\"og:type\" content=\"article\" \/>\n<meta property=\"og:title\" content=\"El Femenino de Inferiores comenz\u00f3 el Clausura\" \/>\n<meta property=\"og:description\" content=\"\u25a0 Con un formato distinto al Apertura con la salida e ingreso de equipos el viernes se disput\u00f3 la primera fecha. Este s\u00e1bado se concretar\u00e1 la segunda jornada.\" \/>\n<meta property=\"og:url\" content=\"https:\/\/noticiasmercedinas.com\/site\/2025\/10\/11\/el-femenino-de-inferiores-comenzo-el-clausura\/\" \/>\n<meta property=\"og:site_name\" content=\"NOTICIASMERCEDINAS.COM\" \/>\n<meta property=\"article:publisher\" content=\"https:\/\/www.facebook.com\/noticiasmercedinas\/\" \/>\n<meta property=\"article:published_time\" content=\"2025-10-11T13:39:06+00:00\" \/>\n<meta property=\"og:image\" content=\"https:\/\/noticiasmercedinas.com\/site\/wp-content\/uploads\/2025\/10\/IMG_1602.jpg\" \/>\n\t<meta property=\"og:image:width\" content=\"640\" \/>\n\t<meta property=\"og:image:height\" content=\"411\" \/>\n\t<meta property=\"og:image:type\" content=\"image\/jpeg\" \/>\n<meta name=\"author\" content=\"Juan Dagnino NOTICIASMERCEDINAS.COM\" \/>\n<meta name=\"twitter:card\" content=\"summary_large_image\" \/>\n<meta name=\"twitter:creator\" content=\"@notmercedinas\" \/>\n<meta name=\"twitter:site\" content=\"@notmercedinas\" \/>\n<meta name=\"twitter:label1\" content=\"Escrito por\" \/>\n\t<meta name=\"twitter:data1\" content=\"Juan Dagnino NOTICIASMERCEDINAS.COM\" \/>\n\t<meta name=\"twitter:label2\" content=\"Tiempo de lectura\" \/>\n\t<meta name=\"twitter:data2\" content=\"2 minutos\" \/>\n<script type=\"application\/ld+json\" class=\"yoast-schema-graph\">{\"@context\":\"https:\\\/\\\/schema.org\",\"@graph\":[{\"@type\":\"Article\",\"@id\":\"https:\\\/\\\/noticiasmercedinas.com\\\/site\\\/2025\\\/10\\\/11\\\/el-femenino-de-inferiores-comenzo-el-clausura\\\/#article\",\"isPartOf\":{\"@id\":\"https:\\\/\\\/noticiasmercedinas.com\\\/site\\\/2025\\\/10\\\/11\\\/el-femenino-de-inferiores-comenzo-el-clausura\\\/\"},\"author\":{\"name\":\"Juan Dagnino NOTICIASMERCEDINAS.COM\",\"@id\":\"https:\\\/\\\/noticiasmercedinas.com\\\/site\\\/#\\\/schema\\\/person\\\/8f2f09d666ef40986eba4a5e6f2a06f9\"},\"headline\":\"El Femenino de Inferiores comenz\u00f3 el Clausura\",\"datePublished\":\"2025-10-11T13:39:06+00:00\",\"mainEntityOfPage\":{\"@id\":\"https:\\\/\\\/noticiasmercedinas.com\\\/site\\\/2025\\\/10\\\/11\\\/el-femenino-de-inferiores-comenzo-el-clausura\\\/\"},\"wordCount\":245,\"publisher\":{\"@id\":\"https:\\\/\\\/noticiasmercedinas.com\\\/site\\\/#organization\"},\"image\":{\"@id\":\"https:\\\/\\\/noticiasmercedinas.com\\\/site\\\/2025\\\/10\\\/11\\\/el-femenino-de-inferiores-comenzo-el-clausura\\\/#primaryimage\"},\"thumbnailUrl\":\"https:\\\/\\\/noticiasmercedinas.com\\\/site\\\/wp-content\\\/uploads\\\/2025\\\/10\\\/IMG_1602.jpg\",\"keywords\":[\"f\u00fatbol femenino\",\"inferiores\",\"Liga Mercedina de F\u00fatbol\",\"Sub 12\",\"Sub 14\",\"Sub 16\"],\"articleSection\":[\"Deportes\"],\"inLanguage\":\"es\"},{\"@type\":\"WebPage\",\"@id\":\"https:\\\/\\\/noticiasmercedinas.com\\\/site\\\/2025\\\/10\\\/11\\\/el-femenino-de-inferiores-comenzo-el-clausura\\\/\",\"url\":\"https:\\\/\\\/noticiasmercedinas.com\\\/site\\\/2025\\\/10\\\/11\\\/el-femenino-de-inferiores-comenzo-el-clausura\\\/\",\"name\":\"El Femenino de Inferiores comenz\u00f3 el Clausura\",\"isPartOf\":{\"@id\":\"https:\\\/\\\/noticiasmercedinas.com\\\/site\\\/#website\"},\"primaryImageOfPage\":{\"@id\":\"https:\\\/\\\/noticiasmercedinas.com\\\/site\\\/2025\\\/10\\\/11\\\/el-femenino-de-inferiores-comenzo-el-clausura\\\/#primaryimage\"},\"image\":{\"@id\":\"https:\\\/\\\/noticiasmercedinas.com\\\/site\\\/2025\\\/10\\\/11\\\/el-femenino-de-inferiores-comenzo-el-clausura\\\/#primaryimage\"},\"thumbnailUrl\":\"https:\\\/\\\/noticiasmercedinas.com\\\/site\\\/wp-content\\\/uploads\\\/2025\\\/10\\\/IMG_1602.jpg\",\"datePublished\":\"2025-10-11T13:39:06+00:00\",\"breadcrumb\":{\"@id\":\"https:\\\/\\\/noticiasmercedinas.com\\\/site\\\/2025\\\/10\\\/11\\\/el-femenino-de-inferiores-comenzo-el-clausura\\\/#breadcrumb\"},\"inLanguage\":\"es\",\"potentialAction\":[{\"@type\":\"ReadAction\",\"target\":[\"https:\\\/\\\/noticiasmercedinas.com\\\/site\\\/2025\\\/10\\\/11\\\/el-femenino-de-inferiores-comenzo-el-clausura\\\/\"]}]},{\"@type\":\"ImageObject\",\"inLanguage\":\"es\",\"@id\":\"https:\\\/\\\/noticiasmercedinas.com\\\/site\\\/2025\\\/10\\\/11\\\/el-femenino-de-inferiores-comenzo-el-clausura\\\/#primaryimage\",\"url\":\"https:\\\/\\\/noticiasmercedinas.com\\\/site\\\/wp-content\\\/uploads\\\/2025\\\/10\\\/IMG_1602.jpg\",\"contentUrl\":\"https:\\\/\\\/noticiasmercedinas.com\\\/site\\\/wp-content\\\/uploads\\\/2025\\\/10\\\/IMG_1602.jpg\",\"width\":640,\"height\":411},{\"@type\":\"BreadcrumbList\",\"@id\":\"https:\\\/\\\/noticiasmercedinas.com\\\/site\\\/2025\\\/10\\\/11\\\/el-femenino-de-inferiores-comenzo-el-clausura\\\/#breadcrumb\",\"itemListElement\":[{\"@type\":\"ListItem\",\"position\":1,\"name\":\"Portada\",\"item\":\"https:\\\/\\\/noticiasmercedinas.com\\\/site\\\/\"},{\"@type\":\"ListItem\",\"position\":2,\"name\":\"El Femenino de Inferiores comenz\u00f3 el Clausura\"}]},{\"@type\":\"WebSite\",\"@id\":\"https:\\\/\\\/noticiasmercedinas.com\\\/site\\\/#website\",\"url\":\"https:\\\/\\\/noticiasmercedinas.com\\\/site\\\/\",\"name\":\"NOTICIASMERCEDINAS.COM\",\"description\":\"Mercedes, Buenos Aires, Argentina\",\"publisher\":{\"@id\":\"https:\\\/\\\/noticiasmercedinas.com\\\/site\\\/#organization\"},\"potentialAction\":[{\"@type\":\"SearchAction\",\"target\":{\"@type\":\"EntryPoint\",\"urlTemplate\":\"https:\\\/\\\/noticiasmercedinas.com\\\/site\\\/?s={search_term_string}\"},\"query-input\":{\"@type\":\"PropertyValueSpecification\",\"valueRequired\":true,\"valueName\":\"search_term_string\"}}],\"inLanguage\":\"es\"},{\"@type\":\"Organization\",\"@id\":\"https:\\\/\\\/noticiasmercedinas.com\\\/site\\\/#organization\",\"name\":\"NOTICIASMERCEDINAS.COM\",\"url\":\"https:\\\/\\\/noticiasmercedinas.com\\\/site\\\/\",\"logo\":{\"@type\":\"ImageObject\",\"inLanguage\":\"es\",\"@id\":\"https:\\\/\\\/noticiasmercedinas.com\\\/site\\\/#\\\/schema\\\/logo\\\/image\\\/\",\"url\":\"https:\\\/\\\/noticiasmercedinas.com\\\/site\\\/wp-content\\\/uploads\\\/2020\\\/06\\\/LOGO-512.jpg\",\"contentUrl\":\"https:\\\/\\\/noticiasmercedinas.com\\\/site\\\/wp-content\\\/uploads\\\/2020\\\/06\\\/LOGO-512.jpg\",\"width\":512,\"height\":512,\"caption\":\"NOTICIASMERCEDINAS.COM\"},\"image\":{\"@id\":\"https:\\\/\\\/noticiasmercedinas.com\\\/site\\\/#\\\/schema\\\/logo\\\/image\\\/\"},\"sameAs\":[\"https:\\\/\\\/www.facebook.com\\\/noticiasmercedinas\\\/\",\"https:\\\/\\\/x.com\\\/notmercedinas\",\"https:\\\/\\\/www.instagram.com\\\/noticiasmercedinas\\\/\"]},{\"@type\":\"Person\",\"@id\":\"https:\\\/\\\/noticiasmercedinas.com\\\/site\\\/#\\\/schema\\\/person\\\/8f2f09d666ef40986eba4a5e6f2a06f9\",\"name\":\"Juan Dagnino NOTICIASMERCEDINAS.COM\",\"image\":{\"@type\":\"ImageObject\",\"inLanguage\":\"es\",\"@id\":\"https:\\\/\\\/secure.gravatar.com\\\/avatar\\\/fc7059a769f5a3cae65fadb228a3e4accf3a64b4b2305020d0a27e6d5333c91b?s=96&d=mm&r=g\",\"url\":\"https:\\\/\\\/secure.gravatar.com\\\/avatar\\\/fc7059a769f5a3cae65fadb228a3e4accf3a64b4b2305020d0a27e6d5333c91b?s=96&d=mm&r=g\",\"contentUrl\":\"https:\\\/\\\/secure.gravatar.com\\\/avatar\\\/fc7059a769f5a3cae65fadb228a3e4accf3a64b4b2305020d0a27e6d5333c91b?s=96&d=mm&r=g\",\"caption\":\"Juan Dagnino NOTICIASMERCEDINAS.COM\"},\"url\":\"https:\\\/\\\/noticiasmercedinas.com\\\/site\\\/author\\\/juandagnino\\\/\"}]}<\/script>\n<!-- \/ Yoast SEO plugin. -->","yoast_head_json":{"title":"El Femenino de Inferiores comenz\u00f3 el Clausura","robots":{"index":"index","follow":"follow","max-snippet":"max-snippet:-1","max-image-preview":"max-image-preview:large","max-video-preview":"max-video-preview:-1"},"canonical":"https:\/\/noticiasmercedinas.com\/site\/2025\/10\/11\/el-femenino-de-inferiores-comenzo-el-clausura\/","og_locale":"es_ES","og_type":"article","og_title":"El Femenino de Inferiores comenz\u00f3 el Clausura","og_description":"\u25a0 Con un formato distinto al Apertura con la salida e ingreso de equipos el viernes se disput\u00f3 la primera fecha. Este s\u00e1bado se concretar\u00e1 la segunda jornada.","og_url":"https:\/\/noticiasmercedinas.com\/site\/2025\/10\/11\/el-femenino-de-inferiores-comenzo-el-clausura\/","og_site_name":"NOTICIASMERCEDINAS.COM","article_publisher":"https:\/\/www.facebook.com\/noticiasmercedinas\/","article_published_time":"2025-10-11T13:39:06+00:00","og_image":[{"width":640,"height":411,"url":"https:\/\/noticiasmercedinas.com\/site\/wp-content\/uploads\/2025\/10\/IMG_1602.jpg","type":"image\/jpeg"}],"author":"Juan Dagnino NOTICIASMERCEDINAS.COM","twitter_card":"summary_large_image","twitter_creator":"@notmercedinas","twitter_site":"@notmercedinas","twitter_misc":{"Escrito por":"Juan Dagnino NOTICIASMERCEDINAS.COM","Tiempo de lectura":"2 minutos"},"schema":{"@context":"https:\/\/schema.org","@graph":[{"@type":"Article","@id":"https:\/\/noticiasmercedinas.com\/site\/2025\/10\/11\/el-femenino-de-inferiores-comenzo-el-clausura\/#article","isPartOf":{"@id":"https:\/\/noticiasmercedinas.com\/site\/2025\/10\/11\/el-femenino-de-inferiores-comenzo-el-clausura\/"},"author":{"name":"Juan Dagnino NOTICIASMERCEDINAS.COM","@id":"https:\/\/noticiasmercedinas.com\/site\/#\/schema\/person\/8f2f09d666ef40986eba4a5e6f2a06f9"},"headline":"El Femenino de Inferiores comenz\u00f3 el Clausura","datePublished":"2025-10-11T13:39:06+00:00","mainEntityOfPage":{"@id":"https:\/\/noticiasmercedinas.com\/site\/2025\/10\/11\/el-femenino-de-inferiores-comenzo-el-clausura\/"},"wordCount":245,"publisher":{"@id":"https:\/\/noticiasmercedinas.com\/site\/#organization"},"image":{"@id":"https:\/\/noticiasmercedinas.com\/site\/2025\/10\/11\/el-femenino-de-inferiores-comenzo-el-clausura\/#primaryimage"},"thumbnailUrl":"https:\/\/noticiasmercedinas.com\/site\/wp-content\/uploads\/2025\/10\/IMG_1602.jpg","keywords":["f\u00fatbol femenino","inferiores","Liga Mercedina de F\u00fatbol","Sub 12","Sub 14","Sub 16"],"articleSection":["Deportes"],"inLanguage":"es"},{"@type":"WebPage","@id":"https:\/\/noticiasmercedinas.com\/site\/2025\/10\/11\/el-femenino-de-inferiores-comenzo-el-clausura\/","url":"https:\/\/noticiasmercedinas.com\/site\/2025\/10\/11\/el-femenino-de-inferiores-comenzo-el-clausura\/","name":"El Femenino de Inferiores comenz\u00f3 el Clausura","isPartOf":{"@id":"https:\/\/noticiasmercedinas.com\/site\/#website"},"primaryImageOfPage":{"@id":"https:\/\/noticiasmercedinas.com\/site\/2025\/10\/11\/el-femenino-de-inferiores-comenzo-el-clausura\/#primaryimage"},"image":{"@id":"https:\/\/noticiasmercedinas.com\/site\/2025\/10\/11\/el-femenino-de-inferiores-comenzo-el-clausura\/#primaryimage"},"thumbnailUrl":"https:\/\/noticiasmercedinas.com\/site\/wp-content\/uploads\/2025\/10\/IMG_1602.jpg","datePublished":"2025-10-11T13:39:06+00:00","breadcrumb":{"@id":"https:\/\/noticiasmercedinas.com\/site\/2025\/10\/11\/el-femenino-de-inferiores-comenzo-el-clausura\/#breadcrumb"},"inLanguage":"es","potentialAction":[{"@type":"ReadAction","target":["https:\/\/noticiasmercedinas.com\/site\/2025\/10\/11\/el-femenino-de-inferiores-comenzo-el-clausura\/"]}]},{"@type":"ImageObject","inLanguage":"es","@id":"https:\/\/noticiasmercedinas.com\/site\/2025\/10\/11\/el-femenino-de-inferiores-comenzo-el-clausura\/#primaryimage","url":"https:\/\/noticiasmercedinas.com\/site\/wp-content\/uploads\/2025\/10\/IMG_1602.jpg","contentUrl":"https:\/\/noticiasmercedinas.com\/site\/wp-content\/uploads\/2025\/10\/IMG_1602.jpg","width":640,"height":411},{"@type":"BreadcrumbList","@id":"https:\/\/noticiasmercedinas.com\/site\/2025\/10\/11\/el-femenino-de-inferiores-comenzo-el-clausura\/#breadcrumb","itemListElement":[{"@type":"ListItem","position":1,"name":"Portada","item":"https:\/\/noticiasmercedinas.com\/site\/"},{"@type":"ListItem","position":2,"name":"El Femenino de Inferiores comenz\u00f3 el Clausura"}]},{"@type":"WebSite","@id":"https:\/\/noticiasmercedinas.com\/site\/#website","url":"https:\/\/noticiasmercedinas.com\/site\/","name":"NOTICIASMERCEDINAS.COM","description":"Mercedes, Buenos Aires, Argentina","publisher":{"@id":"https:\/\/noticiasmercedinas.com\/site\/#organization"},"potentialAction":[{"@type":"SearchAction","target":{"@type":"EntryPoint","urlTemplate":"https:\/\/noticiasmercedinas.com\/site\/?s={search_term_string}"},"query-input":{"@type":"PropertyValueSpecification","valueRequired":true,"valueName":"search_term_string"}}],"inLanguage":"es"},{"@type":"Organization","@id":"https:\/\/noticiasmercedinas.com\/site\/#organization","name":"NOTICIASMERCEDINAS.COM","url":"https:\/\/noticiasmercedinas.com\/site\/","logo":{"@type":"ImageObject","inLanguage":"es","@id":"https:\/\/noticiasmercedinas.com\/site\/#\/schema\/logo\/image\/","url":"https:\/\/noticiasmercedinas.com\/site\/wp-content\/uploads\/2020\/06\/LOGO-512.jpg","contentUrl":"https:\/\/noticiasmercedinas.com\/site\/wp-content\/uploads\/2020\/06\/LOGO-512.jpg","width":512,"height":512,"caption":"NOTICIASMERCEDINAS.COM"},"image":{"@id":"https:\/\/noticiasmercedinas.com\/site\/#\/schema\/logo\/image\/"},"sameAs":["https:\/\/www.facebook.com\/noticiasmercedinas\/","https:\/\/x.com\/notmercedinas","https:\/\/www.instagram.com\/noticiasmercedinas\/"]},{"@type":"Person","@id":"https:\/\/noticiasmercedinas.com\/site\/#\/schema\/person\/8f2f09d666ef40986eba4a5e6f2a06f9","name":"Juan Dagnino NOTICIASMERCEDINAS.COM","image":{"@type":"ImageObject","inLanguage":"es","@id":"https:\/\/secure.gravatar.com\/avatar\/fc7059a769f5a3cae65fadb228a3e4accf3a64b4b2305020d0a27e6d5333c91b?s=96&d=mm&r=g","url":"https:\/\/secure.gravatar.com\/avatar\/fc7059a769f5a3cae65fadb228a3e4accf3a64b4b2305020d0a27e6d5333c91b?s=96&d=mm&r=g","contentUrl":"https:\/\/secure.gravatar.com\/avatar\/fc7059a769f5a3cae65fadb228a3e4accf3a64b4b2305020d0a27e6d5333c91b?s=96&d=mm&r=g","caption":"Juan Dagnino NOTICIASMERCEDINAS.COM"},"url":"https:\/\/noticiasmercedinas.com\/site\/author\/juandagnino\/"}]}},"amp_enabled":true,"_links":{"self":[{"href":"https:\/\/noticiasmercedinas.com\/site\/wp-json\/wp\/v2\/posts\/171569","targetHints":{"allow":["GET"]}}],"collection":[{"href":"https:\/\/noticiasmercedinas.com\/site\/wp-json\/wp\/v2\/posts"}],"about":[{"href":"https:\/\/noticiasmercedinas.com\/site\/wp-json\/wp\/v2\/types\/post"}],"author":[{"embeddable":true,"href":"https:\/\/noticiasmercedinas.com\/site\/wp-json\/wp\/v2\/users\/6"}],"replies":[{"embeddable":true,"href":"https:\/\/noticiasmercedinas.com\/site\/wp-json\/wp\/v2\/comments?post=171569"}],"version-history":[{"count":1,"href":"https:\/\/noticiasmercedinas.com\/site\/wp-json\/wp\/v2\/posts\/171569\/revisions"}],"predecessor-version":[{"id":171571,"href":"https:\/\/noticiasmercedinas.com\/site\/wp-json\/wp\/v2\/posts\/171569\/revisions\/171571"}],"wp:featuredmedia":[{"embeddable":true,"href":"https:\/\/noticiasmercedinas.com\/site\/wp-json\/wp\/v2\/media\/171570"}],"wp:attachment":[{"href":"https:\/\/noticiasmercedinas.com\/site\/wp-json\/wp\/v2\/media?parent=171569"}],"wp:term":[{"taxonomy":"category","embeddable":true,"href":"https:\/\/noticiasmercedinas.com\/site\/wp-json\/wp\/v2\/categories?post=171569"},{"taxonomy":"post_tag","embeddable":true,"href":"https:\/\/noticiasmercedinas.com\/site\/wp-json\/wp\/v2\/tags?post=171569"}],"curies":[{"name":"wp","href":"https:\/\/api.w.org\/{rel}","templated":true}]}}