{"id":171797,"date":"2025-10-13T16:59:50","date_gmt":"2025-10-13T19:59:50","guid":{"rendered":"https:\/\/noticiasmercedinas.com\/site\/?p=171797"},"modified":"2025-10-13T17:00:04","modified_gmt":"2025-10-13T20:00:04","slug":"distincion-internacional-estudiante-mercedino-juan-caricatto-seleccionado-como-joven-embajador-de-ee-uu","status":"publish","type":"post","link":"https:\/\/noticiasmercedinas.com\/site\/2025\/10\/13\/distincion-internacional-estudiante-mercedino-juan-caricatto-seleccionado-como-joven-embajador-de-ee-uu\/","title":{"rendered":"Distinci\u00f3n internacional: estudiante mercedino Juan Caricatto seleccionado como \u00abJoven Embajador\u00bb de EE. UU."},"content":{"rendered":"<div id=\"model-response-message-contentr_8fd8f6094708e9e1\" class=\"markdown markdown-main-panel enable-updated-hr-color\" dir=\"ltr\">\n<p><b><img loading=\"lazy\" decoding=\"async\" class=\"alignnone size-full wp-image-171799\" src=\"https:\/\/noticiasmercedinas.com\/site\/wp-content\/uploads\/2025\/10\/CARICATTO.jpg\" alt=\"\" width=\"733\" height=\"445\" srcset=\"https:\/\/noticiasmercedinas.com\/site\/wp-content\/uploads\/2025\/10\/CARICATTO.jpg 733w, https:\/\/noticiasmercedinas.com\/site\/wp-content\/uploads\/2025\/10\/CARICATTO-300x182.jpg 300w, https:\/\/noticiasmercedinas.com\/site\/wp-content\/uploads\/2025\/10\/CARICATTO-640x389.jpg 640w, https:\/\/noticiasmercedinas.com\/site\/wp-content\/uploads\/2025\/10\/CARICATTO-681x413.jpg 681w\" sizes=\"auto, (max-width: 733px) 100vw, 733px\" \/><\/b><\/p>\n<p><b>Juan Ignacio Caricatto, alumno del Colegio Secundario San Patricio de Mercedes, ha sido seleccionado para participar en el prestigioso programa \u00abJ\u00f3venes Embajadores\u00bb (<i>Youth Ambassadors<\/i>), una iniciativa financiada por el Departamento de Estado y la Embajada de los Estados Unidos.<\/b><\/p>\n<p>Caricatto, quien fue elegido entre m\u00e1s de 1.300 postulantes de toda la Argentina, forma parte de una cohorte de 12 j\u00f3venes que viajar\u00e1n a Estados Unidos para un intercambio cultural, comunitario y de liderazgo.<\/p>\n<p>El estudiante partir\u00e1 hacia Buenos Aires este <b>mi\u00e9rcoles 15 de octubre<\/b> y volar\u00e1 a Estados Unidos el <b>viernes 17<\/b>, en un viaje que durar\u00e1 tres semanas.<\/p>\n<p>El joven mercedino relat\u00f3 el estricto proceso de selecci\u00f3n al que fue sometido: \u00abPara conseguir y lograr entrar a este programa tuve que hacer un proceso de admisi\u00f3n totalmente en ingl\u00e9s y qued\u00e9 seleccionado de m\u00e1s de 1.300 j\u00f3venes de toda Argentina, con una cohorte de 12 chicos argentinos\u00bb. El programa, coorganizado con las embajadas de Chile, Bolivia y Per\u00fa, busca fomentar la cooperaci\u00f3n y el intercambio cultural entre los pa\u00edses.<\/p>\n<blockquote><p>Tras el regreso a Mercedes, comienza una segunda fase de seis meses: \u00abCon todo lo aprendido tenemos que implementar un <b>proyecto de impacto social en nuestra comunidad<\/b> cada uno\u00bb<\/p><\/blockquote>\n<p>El viaje, que se extender\u00e1 hasta el <b>2 de noviembre<\/b>, se divide en dos etapas principales:<\/p>\n<p><b>&#8211; Orientaci\u00f3n en Argentina:<\/b> Los primeros d\u00edas incluyen una jornada de orientaci\u00f3n en la Embajada de Estados Unidos en Buenos Aires, donde el grupo conocer\u00e1 a la encargada de negocios y al personal diplom\u00e1tico.<\/p>\n<p><b>&#8211; Estad\u00eda en EE. UU.:<\/b><\/p>\n<ul>\n<li><b>Washington D.C. (Introducci\u00f3n y Cierre):<\/b> Tras volar el 17 de octubre, los j\u00f3venes pasar\u00e1n un d\u00eda en la capital para recibir instrucciones sobre el funcionamiento del programa, y regresar\u00e1n all\u00ed a fin de mes para el cierre formal.<\/li>\n<li><b>Vida Comunitaria:<\/b> Caricatto ser\u00e1 destinado a <b>Charleston, Virginia<\/b>. Sus compa\u00f1eros viajar\u00e1n a Tulsa (Oklahoma) y Huntsville (Alabama). En estas comunidades, los estudiantes realizar\u00e1n <b>trabajo comunitario y voluntariados en ONGs<\/b>, asistir\u00e1n a colegios y ser\u00e1n acogidos por <b>familias anfitrionas<\/b> (<i>host families<\/i>) con las que convivir\u00e1n.<\/li>\n<\/ul>\n<h3>Compromiso social posterior<\/h3>\n<p>El programa no finaliza con la vuelta a casa. Juan Caricatto subray\u00f3 que, tras el regreso a Mercedes, comienza una segunda fase de seis meses: \u00abCon todo lo aprendido tenemos que implementar un <b>proyecto de impacto social en nuestra comunidad<\/b> cada uno\u00bb.<\/p>\n<p>Para esta etapa, los j\u00f3venes contar\u00e1n con <b>apoyo log\u00edstico y financiero<\/b> por parte de la organizaci\u00f3n. El mercedino y sus compa\u00f1eros tienen previsto regresar a Argentina el <b>2 de noviembre<\/b>.<\/p>\n<\/div>\n","protected":false},"excerpt":{"rendered":"<p>\u25a0 Fue elegido entre m\u00e1s de 1.300 postulantes de toda la Argentina, forma parte de una cohorte de 12 j\u00f3venes que viajar\u00e1n a Estados Unidos para un intercambio cultural, comunitario y de liderazgo. Partir\u00e1 hacia Buenos Aires este mi\u00e9rcoles 15 de octubre y volar\u00e1 a Estados Unidos el viernes 17, en un viaje que durar\u00e1 tres semanas.<\/p>\n","protected":false},"author":16,"featured_media":171799,"comment_status":"closed","ping_status":"closed","sticky":false,"template":"","format":"standard","meta":{"footnotes":""},"categories":[3,20734],"tags":[4262,1751,11407],"class_list":["post-171797","post","type-post","status-publish","format-standard","has-post-thumbnail","hentry","category-sociedad","category-ultimo-momento","tag-estados-unidos","tag-san-patricio","tag-viaje"],"yoast_head":"<!-- This site is optimized with the Yoast SEO plugin v27.4 - https:\/\/yoast.com\/product\/yoast-seo-wordpress\/ -->\n<title>Distinci\u00f3n internacional: estudiante mercedino Juan Caricatto seleccionado como &quot;Joven Embajador&quot; de EE. UU.<\/title>\n<meta name=\"description\" content=\"Fue elegido entre m\u00e1s de 1.300 postulantes de toda la Argentina, forma parte de una cohorte de 12 j\u00f3venes que viajar\u00e1n a Estados Unidos para un intercambio cultural, comunitario y de liderazgo. Partir\u00e1 hacia Buenos Aires este mi\u00e9rcoles 15 de octubre y volar\u00e1 a Estados Unidos el viernes 17, en un viaje que durar\u00e1 tres semanas.\" \/>\n<meta name=\"robots\" content=\"index, follow, max-snippet:-1, max-image-preview:large, max-video-preview:-1\" \/>\n<link rel=\"canonical\" href=\"https:\/\/noticiasmercedinas.com\/site\/2025\/10\/13\/distincion-internacional-estudiante-mercedino-juan-caricatto-seleccionado-como-joven-embajador-de-ee-uu\/\" \/>\n<meta property=\"og:locale\" content=\"es_ES\" \/>\n<meta property=\"og:type\" content=\"article\" \/>\n<meta property=\"og:title\" content=\"Distinci\u00f3n internacional: estudiante mercedino Juan Caricatto seleccionado como &quot;Joven Embajador&quot; de EE. UU.\" \/>\n<meta property=\"og:description\" content=\"Fue elegido entre m\u00e1s de 1.300 postulantes de toda la Argentina, forma parte de una cohorte de 12 j\u00f3venes que viajar\u00e1n a Estados Unidos para un intercambio cultural, comunitario y de liderazgo. Partir\u00e1 hacia Buenos Aires este mi\u00e9rcoles 15 de octubre y volar\u00e1 a Estados Unidos el viernes 17, en un viaje que durar\u00e1 tres semanas.\" \/>\n<meta property=\"og:url\" content=\"https:\/\/noticiasmercedinas.com\/site\/2025\/10\/13\/distincion-internacional-estudiante-mercedino-juan-caricatto-seleccionado-como-joven-embajador-de-ee-uu\/\" \/>\n<meta property=\"og:site_name\" content=\"NOTICIASMERCEDINAS.COM\" \/>\n<meta property=\"article:publisher\" content=\"https:\/\/www.facebook.com\/noticiasmercedinas\/\" \/>\n<meta property=\"article:published_time\" content=\"2025-10-13T19:59:50+00:00\" \/>\n<meta property=\"article:modified_time\" content=\"2025-10-13T20:00:04+00:00\" \/>\n<meta property=\"og:image\" content=\"https:\/\/noticiasmercedinas.com\/site\/wp-content\/uploads\/2025\/10\/CARICATTO.jpg\" \/>\n\t<meta property=\"og:image:width\" content=\"733\" \/>\n\t<meta property=\"og:image:height\" content=\"445\" \/>\n\t<meta property=\"og:image:type\" content=\"image\/jpeg\" \/>\n<meta name=\"author\" content=\"NOTICIASMERCEDINAS.COM\" \/>\n<meta name=\"twitter:card\" content=\"summary_large_image\" \/>\n<meta name=\"twitter:creator\" content=\"@notmercedinas\" \/>\n<meta name=\"twitter:site\" content=\"@notmercedinas\" \/>\n<meta name=\"twitter:label1\" content=\"Escrito por\" \/>\n\t<meta name=\"twitter:data1\" content=\"NOTICIASMERCEDINAS.COM\" \/>\n\t<meta name=\"twitter:label2\" content=\"Tiempo de lectura\" \/>\n\t<meta name=\"twitter:data2\" content=\"3 minutos\" \/>\n<script type=\"application\/ld+json\" class=\"yoast-schema-graph\">{\"@context\":\"https:\\\/\\\/schema.org\",\"@graph\":[{\"@type\":\"Article\",\"@id\":\"https:\\\/\\\/noticiasmercedinas.com\\\/site\\\/2025\\\/10\\\/13\\\/distincion-internacional-estudiante-mercedino-juan-caricatto-seleccionado-como-joven-embajador-de-ee-uu\\\/#article\",\"isPartOf\":{\"@id\":\"https:\\\/\\\/noticiasmercedinas.com\\\/site\\\/2025\\\/10\\\/13\\\/distincion-internacional-estudiante-mercedino-juan-caricatto-seleccionado-como-joven-embajador-de-ee-uu\\\/\"},\"author\":{\"name\":\"NOTICIASMERCEDINAS.COM\",\"@id\":\"https:\\\/\\\/noticiasmercedinas.com\\\/site\\\/#\\\/schema\\\/person\\\/84b59c099c28ff2e8b77d4ceec5d8063\"},\"headline\":\"Distinci\u00f3n internacional: estudiante mercedino Juan Caricatto seleccionado como \u00abJoven Embajador\u00bb de EE. UU.\",\"datePublished\":\"2025-10-13T19:59:50+00:00\",\"dateModified\":\"2025-10-13T20:00:04+00:00\",\"mainEntityOfPage\":{\"@id\":\"https:\\\/\\\/noticiasmercedinas.com\\\/site\\\/2025\\\/10\\\/13\\\/distincion-internacional-estudiante-mercedino-juan-caricatto-seleccionado-como-joven-embajador-de-ee-uu\\\/\"},\"wordCount\":450,\"publisher\":{\"@id\":\"https:\\\/\\\/noticiasmercedinas.com\\\/site\\\/#organization\"},\"image\":{\"@id\":\"https:\\\/\\\/noticiasmercedinas.com\\\/site\\\/2025\\\/10\\\/13\\\/distincion-internacional-estudiante-mercedino-juan-caricatto-seleccionado-como-joven-embajador-de-ee-uu\\\/#primaryimage\"},\"thumbnailUrl\":\"https:\\\/\\\/noticiasmercedinas.com\\\/site\\\/wp-content\\\/uploads\\\/2025\\\/10\\\/CARICATTO.jpg\",\"keywords\":[\"estados unidos\",\"san patricio\",\"viaje\"],\"articleSection\":[\"Sociedad\",\"Ultimo momento\"],\"inLanguage\":\"es\"},{\"@type\":\"WebPage\",\"@id\":\"https:\\\/\\\/noticiasmercedinas.com\\\/site\\\/2025\\\/10\\\/13\\\/distincion-internacional-estudiante-mercedino-juan-caricatto-seleccionado-como-joven-embajador-de-ee-uu\\\/\",\"url\":\"https:\\\/\\\/noticiasmercedinas.com\\\/site\\\/2025\\\/10\\\/13\\\/distincion-internacional-estudiante-mercedino-juan-caricatto-seleccionado-como-joven-embajador-de-ee-uu\\\/\",\"name\":\"Distinci\u00f3n internacional: estudiante mercedino Juan Caricatto seleccionado como \\\"Joven Embajador\\\" de EE. UU.\",\"isPartOf\":{\"@id\":\"https:\\\/\\\/noticiasmercedinas.com\\\/site\\\/#website\"},\"primaryImageOfPage\":{\"@id\":\"https:\\\/\\\/noticiasmercedinas.com\\\/site\\\/2025\\\/10\\\/13\\\/distincion-internacional-estudiante-mercedino-juan-caricatto-seleccionado-como-joven-embajador-de-ee-uu\\\/#primaryimage\"},\"image\":{\"@id\":\"https:\\\/\\\/noticiasmercedinas.com\\\/site\\\/2025\\\/10\\\/13\\\/distincion-internacional-estudiante-mercedino-juan-caricatto-seleccionado-como-joven-embajador-de-ee-uu\\\/#primaryimage\"},\"thumbnailUrl\":\"https:\\\/\\\/noticiasmercedinas.com\\\/site\\\/wp-content\\\/uploads\\\/2025\\\/10\\\/CARICATTO.jpg\",\"datePublished\":\"2025-10-13T19:59:50+00:00\",\"dateModified\":\"2025-10-13T20:00:04+00:00\",\"description\":\"Fue elegido entre m\u00e1s de 1.300 postulantes de toda la Argentina, forma parte de una cohorte de 12 j\u00f3venes que viajar\u00e1n a Estados Unidos para un intercambio cultural, comunitario y de liderazgo. Partir\u00e1 hacia Buenos Aires este mi\u00e9rcoles 15 de octubre y volar\u00e1 a Estados Unidos el viernes 17, en un viaje que durar\u00e1 tres semanas.\",\"breadcrumb\":{\"@id\":\"https:\\\/\\\/noticiasmercedinas.com\\\/site\\\/2025\\\/10\\\/13\\\/distincion-internacional-estudiante-mercedino-juan-caricatto-seleccionado-como-joven-embajador-de-ee-uu\\\/#breadcrumb\"},\"inLanguage\":\"es\",\"potentialAction\":[{\"@type\":\"ReadAction\",\"target\":[\"https:\\\/\\\/noticiasmercedinas.com\\\/site\\\/2025\\\/10\\\/13\\\/distincion-internacional-estudiante-mercedino-juan-caricatto-seleccionado-como-joven-embajador-de-ee-uu\\\/\"]}]},{\"@type\":\"ImageObject\",\"inLanguage\":\"es\",\"@id\":\"https:\\\/\\\/noticiasmercedinas.com\\\/site\\\/2025\\\/10\\\/13\\\/distincion-internacional-estudiante-mercedino-juan-caricatto-seleccionado-como-joven-embajador-de-ee-uu\\\/#primaryimage\",\"url\":\"https:\\\/\\\/noticiasmercedinas.com\\\/site\\\/wp-content\\\/uploads\\\/2025\\\/10\\\/CARICATTO.jpg\",\"contentUrl\":\"https:\\\/\\\/noticiasmercedinas.com\\\/site\\\/wp-content\\\/uploads\\\/2025\\\/10\\\/CARICATTO.jpg\",\"width\":733,\"height\":445},{\"@type\":\"BreadcrumbList\",\"@id\":\"https:\\\/\\\/noticiasmercedinas.com\\\/site\\\/2025\\\/10\\\/13\\\/distincion-internacional-estudiante-mercedino-juan-caricatto-seleccionado-como-joven-embajador-de-ee-uu\\\/#breadcrumb\",\"itemListElement\":[{\"@type\":\"ListItem\",\"position\":1,\"name\":\"Portada\",\"item\":\"https:\\\/\\\/noticiasmercedinas.com\\\/site\\\/\"},{\"@type\":\"ListItem\",\"position\":2,\"name\":\"Distinci\u00f3n internacional: estudiante mercedino Juan Caricatto seleccionado como \u00abJoven Embajador\u00bb de EE. UU.\"}]},{\"@type\":\"WebSite\",\"@id\":\"https:\\\/\\\/noticiasmercedinas.com\\\/site\\\/#website\",\"url\":\"https:\\\/\\\/noticiasmercedinas.com\\\/site\\\/\",\"name\":\"NOTICIASMERCEDINAS.COM\",\"description\":\"Mercedes, Buenos Aires, Argentina\",\"publisher\":{\"@id\":\"https:\\\/\\\/noticiasmercedinas.com\\\/site\\\/#organization\"},\"potentialAction\":[{\"@type\":\"SearchAction\",\"target\":{\"@type\":\"EntryPoint\",\"urlTemplate\":\"https:\\\/\\\/noticiasmercedinas.com\\\/site\\\/?s={search_term_string}\"},\"query-input\":{\"@type\":\"PropertyValueSpecification\",\"valueRequired\":true,\"valueName\":\"search_term_string\"}}],\"inLanguage\":\"es\"},{\"@type\":\"Organization\",\"@id\":\"https:\\\/\\\/noticiasmercedinas.com\\\/site\\\/#organization\",\"name\":\"NOTICIASMERCEDINAS.COM\",\"url\":\"https:\\\/\\\/noticiasmercedinas.com\\\/site\\\/\",\"logo\":{\"@type\":\"ImageObject\",\"inLanguage\":\"es\",\"@id\":\"https:\\\/\\\/noticiasmercedinas.com\\\/site\\\/#\\\/schema\\\/logo\\\/image\\\/\",\"url\":\"https:\\\/\\\/noticiasmercedinas.com\\\/site\\\/wp-content\\\/uploads\\\/2020\\\/06\\\/LOGO-512.jpg\",\"contentUrl\":\"https:\\\/\\\/noticiasmercedinas.com\\\/site\\\/wp-content\\\/uploads\\\/2020\\\/06\\\/LOGO-512.jpg\",\"width\":512,\"height\":512,\"caption\":\"NOTICIASMERCEDINAS.COM\"},\"image\":{\"@id\":\"https:\\\/\\\/noticiasmercedinas.com\\\/site\\\/#\\\/schema\\\/logo\\\/image\\\/\"},\"sameAs\":[\"https:\\\/\\\/www.facebook.com\\\/noticiasmercedinas\\\/\",\"https:\\\/\\\/x.com\\\/notmercedinas\",\"https:\\\/\\\/www.instagram.com\\\/noticiasmercedinas\\\/\"]},{\"@type\":\"Person\",\"@id\":\"https:\\\/\\\/noticiasmercedinas.com\\\/site\\\/#\\\/schema\\\/person\\\/84b59c099c28ff2e8b77d4ceec5d8063\",\"name\":\"NOTICIASMERCEDINAS.COM\",\"image\":{\"@type\":\"ImageObject\",\"inLanguage\":\"es\",\"@id\":\"https:\\\/\\\/secure.gravatar.com\\\/avatar\\\/4dfbf16b4d17945bfb6341b2d19043457132fcf478a5ee04f42e959fd8f5df0a?s=96&d=mm&r=g\",\"url\":\"https:\\\/\\\/secure.gravatar.com\\\/avatar\\\/4dfbf16b4d17945bfb6341b2d19043457132fcf478a5ee04f42e959fd8f5df0a?s=96&d=mm&r=g\",\"contentUrl\":\"https:\\\/\\\/secure.gravatar.com\\\/avatar\\\/4dfbf16b4d17945bfb6341b2d19043457132fcf478a5ee04f42e959fd8f5df0a?s=96&d=mm&r=g\",\"caption\":\"NOTICIASMERCEDINAS.COM\"},\"url\":\"https:\\\/\\\/noticiasmercedinas.com\\\/site\\\/author\\\/anonimo\\\/\"}]}<\/script>\n<!-- \/ Yoast SEO plugin. -->","yoast_head_json":{"title":"Distinci\u00f3n internacional: estudiante mercedino Juan Caricatto seleccionado como \"Joven Embajador\" de EE. UU.","description":"Fue elegido entre m\u00e1s de 1.300 postulantes de toda la Argentina, forma parte de una cohorte de 12 j\u00f3venes que viajar\u00e1n a Estados Unidos para un intercambio cultural, comunitario y de liderazgo. Partir\u00e1 hacia Buenos Aires este mi\u00e9rcoles 15 de octubre y volar\u00e1 a Estados Unidos el viernes 17, en un viaje que durar\u00e1 tres semanas.","robots":{"index":"index","follow":"follow","max-snippet":"max-snippet:-1","max-image-preview":"max-image-preview:large","max-video-preview":"max-video-preview:-1"},"canonical":"https:\/\/noticiasmercedinas.com\/site\/2025\/10\/13\/distincion-internacional-estudiante-mercedino-juan-caricatto-seleccionado-como-joven-embajador-de-ee-uu\/","og_locale":"es_ES","og_type":"article","og_title":"Distinci\u00f3n internacional: estudiante mercedino Juan Caricatto seleccionado como \"Joven Embajador\" de EE. UU.","og_description":"Fue elegido entre m\u00e1s de 1.300 postulantes de toda la Argentina, forma parte de una cohorte de 12 j\u00f3venes que viajar\u00e1n a Estados Unidos para un intercambio cultural, comunitario y de liderazgo. Partir\u00e1 hacia Buenos Aires este mi\u00e9rcoles 15 de octubre y volar\u00e1 a Estados Unidos el viernes 17, en un viaje que durar\u00e1 tres semanas.","og_url":"https:\/\/noticiasmercedinas.com\/site\/2025\/10\/13\/distincion-internacional-estudiante-mercedino-juan-caricatto-seleccionado-como-joven-embajador-de-ee-uu\/","og_site_name":"NOTICIASMERCEDINAS.COM","article_publisher":"https:\/\/www.facebook.com\/noticiasmercedinas\/","article_published_time":"2025-10-13T19:59:50+00:00","article_modified_time":"2025-10-13T20:00:04+00:00","og_image":[{"width":733,"height":445,"url":"https:\/\/noticiasmercedinas.com\/site\/wp-content\/uploads\/2025\/10\/CARICATTO.jpg","type":"image\/jpeg"}],"author":"NOTICIASMERCEDINAS.COM","twitter_card":"summary_large_image","twitter_creator":"@notmercedinas","twitter_site":"@notmercedinas","twitter_misc":{"Escrito por":"NOTICIASMERCEDINAS.COM","Tiempo de lectura":"3 minutos"},"schema":{"@context":"https:\/\/schema.org","@graph":[{"@type":"Article","@id":"https:\/\/noticiasmercedinas.com\/site\/2025\/10\/13\/distincion-internacional-estudiante-mercedino-juan-caricatto-seleccionado-como-joven-embajador-de-ee-uu\/#article","isPartOf":{"@id":"https:\/\/noticiasmercedinas.com\/site\/2025\/10\/13\/distincion-internacional-estudiante-mercedino-juan-caricatto-seleccionado-como-joven-embajador-de-ee-uu\/"},"author":{"name":"NOTICIASMERCEDINAS.COM","@id":"https:\/\/noticiasmercedinas.com\/site\/#\/schema\/person\/84b59c099c28ff2e8b77d4ceec5d8063"},"headline":"Distinci\u00f3n internacional: estudiante mercedino Juan Caricatto seleccionado como \u00abJoven Embajador\u00bb de EE. UU.","datePublished":"2025-10-13T19:59:50+00:00","dateModified":"2025-10-13T20:00:04+00:00","mainEntityOfPage":{"@id":"https:\/\/noticiasmercedinas.com\/site\/2025\/10\/13\/distincion-internacional-estudiante-mercedino-juan-caricatto-seleccionado-como-joven-embajador-de-ee-uu\/"},"wordCount":450,"publisher":{"@id":"https:\/\/noticiasmercedinas.com\/site\/#organization"},"image":{"@id":"https:\/\/noticiasmercedinas.com\/site\/2025\/10\/13\/distincion-internacional-estudiante-mercedino-juan-caricatto-seleccionado-como-joven-embajador-de-ee-uu\/#primaryimage"},"thumbnailUrl":"https:\/\/noticiasmercedinas.com\/site\/wp-content\/uploads\/2025\/10\/CARICATTO.jpg","keywords":["estados unidos","san patricio","viaje"],"articleSection":["Sociedad","Ultimo momento"],"inLanguage":"es"},{"@type":"WebPage","@id":"https:\/\/noticiasmercedinas.com\/site\/2025\/10\/13\/distincion-internacional-estudiante-mercedino-juan-caricatto-seleccionado-como-joven-embajador-de-ee-uu\/","url":"https:\/\/noticiasmercedinas.com\/site\/2025\/10\/13\/distincion-internacional-estudiante-mercedino-juan-caricatto-seleccionado-como-joven-embajador-de-ee-uu\/","name":"Distinci\u00f3n internacional: estudiante mercedino Juan Caricatto seleccionado como \"Joven Embajador\" de EE. UU.","isPartOf":{"@id":"https:\/\/noticiasmercedinas.com\/site\/#website"},"primaryImageOfPage":{"@id":"https:\/\/noticiasmercedinas.com\/site\/2025\/10\/13\/distincion-internacional-estudiante-mercedino-juan-caricatto-seleccionado-como-joven-embajador-de-ee-uu\/#primaryimage"},"image":{"@id":"https:\/\/noticiasmercedinas.com\/site\/2025\/10\/13\/distincion-internacional-estudiante-mercedino-juan-caricatto-seleccionado-como-joven-embajador-de-ee-uu\/#primaryimage"},"thumbnailUrl":"https:\/\/noticiasmercedinas.com\/site\/wp-content\/uploads\/2025\/10\/CARICATTO.jpg","datePublished":"2025-10-13T19:59:50+00:00","dateModified":"2025-10-13T20:00:04+00:00","description":"Fue elegido entre m\u00e1s de 1.300 postulantes de toda la Argentina, forma parte de una cohorte de 12 j\u00f3venes que viajar\u00e1n a Estados Unidos para un intercambio cultural, comunitario y de liderazgo. Partir\u00e1 hacia Buenos Aires este mi\u00e9rcoles 15 de octubre y volar\u00e1 a Estados Unidos el viernes 17, en un viaje que durar\u00e1 tres semanas.","breadcrumb":{"@id":"https:\/\/noticiasmercedinas.com\/site\/2025\/10\/13\/distincion-internacional-estudiante-mercedino-juan-caricatto-seleccionado-como-joven-embajador-de-ee-uu\/#breadcrumb"},"inLanguage":"es","potentialAction":[{"@type":"ReadAction","target":["https:\/\/noticiasmercedinas.com\/site\/2025\/10\/13\/distincion-internacional-estudiante-mercedino-juan-caricatto-seleccionado-como-joven-embajador-de-ee-uu\/"]}]},{"@type":"ImageObject","inLanguage":"es","@id":"https:\/\/noticiasmercedinas.com\/site\/2025\/10\/13\/distincion-internacional-estudiante-mercedino-juan-caricatto-seleccionado-como-joven-embajador-de-ee-uu\/#primaryimage","url":"https:\/\/noticiasmercedinas.com\/site\/wp-content\/uploads\/2025\/10\/CARICATTO.jpg","contentUrl":"https:\/\/noticiasmercedinas.com\/site\/wp-content\/uploads\/2025\/10\/CARICATTO.jpg","width":733,"height":445},{"@type":"BreadcrumbList","@id":"https:\/\/noticiasmercedinas.com\/site\/2025\/10\/13\/distincion-internacional-estudiante-mercedino-juan-caricatto-seleccionado-como-joven-embajador-de-ee-uu\/#breadcrumb","itemListElement":[{"@type":"ListItem","position":1,"name":"Portada","item":"https:\/\/noticiasmercedinas.com\/site\/"},{"@type":"ListItem","position":2,"name":"Distinci\u00f3n internacional: estudiante mercedino Juan Caricatto seleccionado como \u00abJoven Embajador\u00bb de EE. UU."}]},{"@type":"WebSite","@id":"https:\/\/noticiasmercedinas.com\/site\/#website","url":"https:\/\/noticiasmercedinas.com\/site\/","name":"NOTICIASMERCEDINAS.COM","description":"Mercedes, Buenos Aires, Argentina","publisher":{"@id":"https:\/\/noticiasmercedinas.com\/site\/#organization"},"potentialAction":[{"@type":"SearchAction","target":{"@type":"EntryPoint","urlTemplate":"https:\/\/noticiasmercedinas.com\/site\/?s={search_term_string}"},"query-input":{"@type":"PropertyValueSpecification","valueRequired":true,"valueName":"search_term_string"}}],"inLanguage":"es"},{"@type":"Organization","@id":"https:\/\/noticiasmercedinas.com\/site\/#organization","name":"NOTICIASMERCEDINAS.COM","url":"https:\/\/noticiasmercedinas.com\/site\/","logo":{"@type":"ImageObject","inLanguage":"es","@id":"https:\/\/noticiasmercedinas.com\/site\/#\/schema\/logo\/image\/","url":"https:\/\/noticiasmercedinas.com\/site\/wp-content\/uploads\/2020\/06\/LOGO-512.jpg","contentUrl":"https:\/\/noticiasmercedinas.com\/site\/wp-content\/uploads\/2020\/06\/LOGO-512.jpg","width":512,"height":512,"caption":"NOTICIASMERCEDINAS.COM"},"image":{"@id":"https:\/\/noticiasmercedinas.com\/site\/#\/schema\/logo\/image\/"},"sameAs":["https:\/\/www.facebook.com\/noticiasmercedinas\/","https:\/\/x.com\/notmercedinas","https:\/\/www.instagram.com\/noticiasmercedinas\/"]},{"@type":"Person","@id":"https:\/\/noticiasmercedinas.com\/site\/#\/schema\/person\/84b59c099c28ff2e8b77d4ceec5d8063","name":"NOTICIASMERCEDINAS.COM","image":{"@type":"ImageObject","inLanguage":"es","@id":"https:\/\/secure.gravatar.com\/avatar\/4dfbf16b4d17945bfb6341b2d19043457132fcf478a5ee04f42e959fd8f5df0a?s=96&d=mm&r=g","url":"https:\/\/secure.gravatar.com\/avatar\/4dfbf16b4d17945bfb6341b2d19043457132fcf478a5ee04f42e959fd8f5df0a?s=96&d=mm&r=g","contentUrl":"https:\/\/secure.gravatar.com\/avatar\/4dfbf16b4d17945bfb6341b2d19043457132fcf478a5ee04f42e959fd8f5df0a?s=96&d=mm&r=g","caption":"NOTICIASMERCEDINAS.COM"},"url":"https:\/\/noticiasmercedinas.com\/site\/author\/anonimo\/"}]}},"amp_enabled":true,"_links":{"self":[{"href":"https:\/\/noticiasmercedinas.com\/site\/wp-json\/wp\/v2\/posts\/171797","targetHints":{"allow":["GET"]}}],"collection":[{"href":"https:\/\/noticiasmercedinas.com\/site\/wp-json\/wp\/v2\/posts"}],"about":[{"href":"https:\/\/noticiasmercedinas.com\/site\/wp-json\/wp\/v2\/types\/post"}],"author":[{"embeddable":true,"href":"https:\/\/noticiasmercedinas.com\/site\/wp-json\/wp\/v2\/users\/16"}],"replies":[{"embeddable":true,"href":"https:\/\/noticiasmercedinas.com\/site\/wp-json\/wp\/v2\/comments?post=171797"}],"version-history":[{"count":3,"href":"https:\/\/noticiasmercedinas.com\/site\/wp-json\/wp\/v2\/posts\/171797\/revisions"}],"predecessor-version":[{"id":171801,"href":"https:\/\/noticiasmercedinas.com\/site\/wp-json\/wp\/v2\/posts\/171797\/revisions\/171801"}],"wp:featuredmedia":[{"embeddable":true,"href":"https:\/\/noticiasmercedinas.com\/site\/wp-json\/wp\/v2\/media\/171799"}],"wp:attachment":[{"href":"https:\/\/noticiasmercedinas.com\/site\/wp-json\/wp\/v2\/media?parent=171797"}],"wp:term":[{"taxonomy":"category","embeddable":true,"href":"https:\/\/noticiasmercedinas.com\/site\/wp-json\/wp\/v2\/categories?post=171797"},{"taxonomy":"post_tag","embeddable":true,"href":"https:\/\/noticiasmercedinas.com\/site\/wp-json\/wp\/v2\/tags?post=171797"}],"curies":[{"name":"wp","href":"https:\/\/api.w.org\/{rel}","templated":true}]}}