{"id":171811,"date":"2025-10-13T19:24:24","date_gmt":"2025-10-13T22:24:24","guid":{"rendered":"https:\/\/noticiasmercedinas.com\/site\/?p=171811"},"modified":"2025-10-13T19:26:11","modified_gmt":"2025-10-13T22:26:11","slug":"pj-de-mercedes-conmemora-80-anos-del-dia-de-la-lealtad-con-vigilia-acto-central-y-un-paseo-de-la-lealtad","status":"publish","type":"post","link":"https:\/\/noticiasmercedinas.com\/site\/2025\/10\/13\/pj-de-mercedes-conmemora-80-anos-del-dia-de-la-lealtad-con-vigilia-acto-central-y-un-paseo-de-la-lealtad\/","title":{"rendered":"PJ de Mercedes conmemora 80 a\u00f1os del D\u00eda de la Lealtad con Vigilia, Acto Central y un \u00abPaseo de la Lealtad\u00bb"},"content":{"rendered":"<p><img loading=\"lazy\" decoding=\"async\" class=\"alignnone size-full wp-image-47904\" src=\"https:\/\/noticiasmercedinas.com\/site\/wp-content\/uploads\/2020\/07\/Peron-1974-678x381-1.jpg\" alt=\"\" width=\"678\" height=\"381\" srcset=\"https:\/\/noticiasmercedinas.com\/site\/wp-content\/uploads\/2020\/07\/Peron-1974-678x381-1.jpg 678w, https:\/\/noticiasmercedinas.com\/site\/wp-content\/uploads\/2020\/07\/Peron-1974-678x381-1-300x169.jpg 300w, https:\/\/noticiasmercedinas.com\/site\/wp-content\/uploads\/2020\/07\/Peron-1974-678x381-1-640x360.jpg 640w\" sizes=\"auto, (max-width: 678px) 100vw, 678px\" \/><\/p>\n<p>El justicialismo mercedino se prepara para una celebraci\u00f3n de alto significado hist\u00f3rico y pol\u00edtico: los 80 a\u00f1os del D\u00eda de la Lealtad Peronista. La jornada conmemorativa, que recuerda la masiva movilizaci\u00f3n de trabajadores y sectores populares que logr\u00f3 la liberaci\u00f3n del General Per\u00f3n de su encarcelamiento, tendr\u00e1 su epicentro en la ciudad.<\/p>\n<p>Juan Pablo L\u00f3pez Baggio, presidente del Partido Justicialista local, resalt\u00f3 la trascendencia de la fecha, destacando que el 17 de octubre de 1945 fue \u00abel grito atronador de los trabajadores por una vida con dignidad\u00bb.<\/p>\n<p>En sus declaraciones, el dirigente afirm\u00f3 que desde aquel d\u00eda, \u00abel peronismo incorpor\u00f3 en la conciencia colectiva el concepto de justicia social y el respeto por el trabajo y los trabajadores\u00bb.<\/p>\n<p>L\u00f3pez Baggio sostuvo que las conquistas logradas ese d\u00eda se mantienen vigentes: \u00abEn nuestros d\u00edas, y a\u00fan con todos los embates que perjudican a los trabajadores, ese 17 de octubre se vuelve presente en cada aguinaldo, en las vacaciones pagas, en cada convenio colectivo de trabajo, en los hospitales p\u00fablicos, en la educaci\u00f3n p\u00fablica, en much\u00edsimos otros ejemplos\u201d.<\/p>\n<p>Las actividades comenzar\u00e1n este jueves 16 de octubre en la Unidad B\u00e1sica N\u00e9stor Kirchner (calle 29 entre 40 y 38):<\/p>\n<p>* 20:00 hs: Charla con hist\u00f3ricos militantes peronistas locales, moderada por Santiago Altube, subsecretario de Participaci\u00f3n Ciudadana y Relaciones con la Comunidad.<\/p>\n<p>* 21:30 hs: Pe\u00f1a y Vigilia, con la participaci\u00f3n de artistas locales y peronistas, para esperar la llegada del d\u00eda central.<\/p>\n<p>El viernes 17 de octubre, el cronograma se concentrar\u00e1 en el Boulevard 30:<\/p>\n<p>* 16:00 a 21:00 hs: Se instalar\u00e1 el \u00abPaseo de la Lealtad\u00bb en la avenida 30, entre 23 y 25. Ser\u00e1 una muestra hist\u00f3rica y cultural sobre la identidad peronista, para la cual el Consejo del PJ convoc\u00f3 a la militancia a acercar objetos, fotos o s\u00edmbolos que reflejen los 80 a\u00f1os de historia del movimiento.<\/p>\n<p>* 18:30 hs: Acto Central junto al Busto del Gral. Juan Per\u00f3n y Eva Duarte, en la tradicional esquina de 30 y 23. Se espera la presencia de los principales dirigentes del PJ local, incluyendo al intendente Juani Ustarroz y el exjefe comunal Carlos Selva.<\/p>\n<p>La conmemoraci\u00f3n busca honrar la movilizaci\u00f3n que ciment\u00f3 las bases del Justicialismo y marc\u00f3 un antes y un despu\u00e9s en la historia social y pol\u00edtica argentina.<\/p>\n<p><img loading=\"lazy\" decoding=\"async\" class=\"alignnone size-full wp-image-171814\" src=\"https:\/\/noticiasmercedinas.com\/site\/wp-content\/uploads\/2025\/10\/IMG-20251013-WA00251.jpg\" alt=\"\" width=\"1080\" height=\"1350\" srcset=\"https:\/\/noticiasmercedinas.com\/site\/wp-content\/uploads\/2025\/10\/IMG-20251013-WA00251.jpg 1080w, https:\/\/noticiasmercedinas.com\/site\/wp-content\/uploads\/2025\/10\/IMG-20251013-WA00251-240x300.jpg 240w, https:\/\/noticiasmercedinas.com\/site\/wp-content\/uploads\/2025\/10\/IMG-20251013-WA00251-819x1024.jpg 819w, https:\/\/noticiasmercedinas.com\/site\/wp-content\/uploads\/2025\/10\/IMG-20251013-WA00251-768x960.jpg 768w, https:\/\/noticiasmercedinas.com\/site\/wp-content\/uploads\/2025\/10\/IMG-20251013-WA00251-640x800.jpg 640w, https:\/\/noticiasmercedinas.com\/site\/wp-content\/uploads\/2025\/10\/IMG-20251013-WA00251-681x851.jpg 681w\" sizes=\"auto, (max-width: 1080px) 100vw, 1080px\" \/><\/p>\n","protected":false},"excerpt":{"rendered":"<p>\u25a0 Intensa agenda de actividades entre el jueves y viernes pr\u00f3ximos para celebrar el 80 aniversario del 17 de octubre de 1945, fecha emblem\u00e1tica que marc\u00f3 la liberaci\u00f3n de Juan Domingo Per\u00f3n. La programaci\u00f3n incluye charlas con militantes hist\u00f3ricos, una pe\u00f1a de vigilia y culminar\u00e1 con un acto central frente a los bustos de Per\u00f3n y Evita, en la tradicional esquina de 30 y 23.<\/p>\n","protected":false},"author":16,"featured_media":47904,"comment_status":"closed","ping_status":"closed","sticky":false,"template":"","format":"standard","meta":{"footnotes":""},"categories":[16],"tags":[1490,4462,1489],"class_list":["post-171811","post","type-post","status-publish","format-standard","has-post-thumbnail","hentry","category-politica","tag-dia-de-la-lealtad","tag-peron","tag-pj"],"yoast_head":"<!-- This site is optimized with the Yoast SEO plugin v27.5 - https:\/\/yoast.com\/product\/yoast-seo-wordpress\/ -->\n<title>PJ de Mercedes conmemora 80 a\u00f1os del D\u00eda de la Lealtad con Vigilia, Acto Central y un &quot;Paseo de la Lealtad&quot;<\/title>\n<meta name=\"description\" content=\"Intensa agenda de actividades entre el jueves y viernes pr\u00f3ximos para celebrar el 80 aniversario del 17 de octubre de 1945, fecha emblem\u00e1tica que marc\u00f3 la liberaci\u00f3n de Juan Domingo Per\u00f3n. La programaci\u00f3n incluye charlas con militantes hist\u00f3ricos, una pe\u00f1a de vigilia y culminar\u00e1 con un acto central frente a los bustos de Per\u00f3n y Evita, en la tradicional esquina de 30 y 23.\" \/>\n<meta name=\"robots\" content=\"index, follow, max-snippet:-1, max-image-preview:large, max-video-preview:-1\" \/>\n<link rel=\"canonical\" href=\"https:\/\/noticiasmercedinas.com\/site\/2025\/10\/13\/pj-de-mercedes-conmemora-80-anos-del-dia-de-la-lealtad-con-vigilia-acto-central-y-un-paseo-de-la-lealtad\/\" \/>\n<meta property=\"og:locale\" content=\"es_ES\" \/>\n<meta property=\"og:type\" content=\"article\" \/>\n<meta property=\"og:title\" content=\"PJ de Mercedes conmemora 80 a\u00f1os del D\u00eda de la Lealtad con Vigilia, Acto Central y un &quot;Paseo de la Lealtad&quot;\" \/>\n<meta property=\"og:description\" content=\"Intensa agenda de actividades entre el jueves y viernes pr\u00f3ximos para celebrar el 80 aniversario del 17 de octubre de 1945, fecha emblem\u00e1tica que marc\u00f3 la liberaci\u00f3n de Juan Domingo Per\u00f3n. La programaci\u00f3n incluye charlas con militantes hist\u00f3ricos, una pe\u00f1a de vigilia y culminar\u00e1 con un acto central frente a los bustos de Per\u00f3n y Evita, en la tradicional esquina de 30 y 23.\" \/>\n<meta property=\"og:url\" content=\"https:\/\/noticiasmercedinas.com\/site\/2025\/10\/13\/pj-de-mercedes-conmemora-80-anos-del-dia-de-la-lealtad-con-vigilia-acto-central-y-un-paseo-de-la-lealtad\/\" \/>\n<meta property=\"og:site_name\" content=\"NOTICIASMERCEDINAS.COM\" \/>\n<meta property=\"article:publisher\" content=\"https:\/\/www.facebook.com\/noticiasmercedinas\/\" \/>\n<meta property=\"article:published_time\" content=\"2025-10-13T22:24:24+00:00\" \/>\n<meta property=\"article:modified_time\" content=\"2025-10-13T22:26:11+00:00\" \/>\n<meta property=\"og:image\" content=\"https:\/\/noticiasmercedinas.com\/site\/wp-content\/uploads\/2020\/07\/Peron-1974-678x381-1.jpg\" \/>\n\t<meta property=\"og:image:width\" content=\"678\" \/>\n\t<meta property=\"og:image:height\" content=\"381\" \/>\n\t<meta property=\"og:image:type\" content=\"image\/jpeg\" \/>\n<meta name=\"author\" content=\"NOTICIASMERCEDINAS.COM\" \/>\n<meta name=\"twitter:card\" content=\"summary_large_image\" \/>\n<meta name=\"twitter:creator\" content=\"@notmercedinas\" \/>\n<meta name=\"twitter:site\" content=\"@notmercedinas\" \/>\n<meta name=\"twitter:label1\" content=\"Escrito por\" \/>\n\t<meta name=\"twitter:data1\" content=\"NOTICIASMERCEDINAS.COM\" \/>\n\t<meta name=\"twitter:label2\" content=\"Tiempo de lectura\" \/>\n\t<meta name=\"twitter:data2\" content=\"3 minutos\" \/>\n<script type=\"application\/ld+json\" class=\"yoast-schema-graph\">{\"@context\":\"https:\\\/\\\/schema.org\",\"@graph\":[{\"@type\":\"Article\",\"@id\":\"https:\\\/\\\/noticiasmercedinas.com\\\/site\\\/2025\\\/10\\\/13\\\/pj-de-mercedes-conmemora-80-anos-del-dia-de-la-lealtad-con-vigilia-acto-central-y-un-paseo-de-la-lealtad\\\/#article\",\"isPartOf\":{\"@id\":\"https:\\\/\\\/noticiasmercedinas.com\\\/site\\\/2025\\\/10\\\/13\\\/pj-de-mercedes-conmemora-80-anos-del-dia-de-la-lealtad-con-vigilia-acto-central-y-un-paseo-de-la-lealtad\\\/\"},\"author\":{\"name\":\"NOTICIASMERCEDINAS.COM\",\"@id\":\"https:\\\/\\\/noticiasmercedinas.com\\\/site\\\/#\\\/schema\\\/person\\\/84b59c099c28ff2e8b77d4ceec5d8063\"},\"headline\":\"PJ de Mercedes conmemora 80 a\u00f1os del D\u00eda de la Lealtad con Vigilia, Acto Central y un \u00abPaseo de la Lealtad\u00bb\",\"datePublished\":\"2025-10-13T22:24:24+00:00\",\"dateModified\":\"2025-10-13T22:26:11+00:00\",\"mainEntityOfPage\":{\"@id\":\"https:\\\/\\\/noticiasmercedinas.com\\\/site\\\/2025\\\/10\\\/13\\\/pj-de-mercedes-conmemora-80-anos-del-dia-de-la-lealtad-con-vigilia-acto-central-y-un-paseo-de-la-lealtad\\\/\"},\"wordCount\":410,\"publisher\":{\"@id\":\"https:\\\/\\\/noticiasmercedinas.com\\\/site\\\/#organization\"},\"image\":{\"@id\":\"https:\\\/\\\/noticiasmercedinas.com\\\/site\\\/2025\\\/10\\\/13\\\/pj-de-mercedes-conmemora-80-anos-del-dia-de-la-lealtad-con-vigilia-acto-central-y-un-paseo-de-la-lealtad\\\/#primaryimage\"},\"thumbnailUrl\":\"https:\\\/\\\/noticiasmercedinas.com\\\/site\\\/wp-content\\\/uploads\\\/2020\\\/07\\\/Peron-1974-678x381-1.jpg\",\"keywords\":[\"dia de la lealtad\",\"peron\",\"pj\"],\"articleSection\":[\"Politica\"],\"inLanguage\":\"es\"},{\"@type\":\"WebPage\",\"@id\":\"https:\\\/\\\/noticiasmercedinas.com\\\/site\\\/2025\\\/10\\\/13\\\/pj-de-mercedes-conmemora-80-anos-del-dia-de-la-lealtad-con-vigilia-acto-central-y-un-paseo-de-la-lealtad\\\/\",\"url\":\"https:\\\/\\\/noticiasmercedinas.com\\\/site\\\/2025\\\/10\\\/13\\\/pj-de-mercedes-conmemora-80-anos-del-dia-de-la-lealtad-con-vigilia-acto-central-y-un-paseo-de-la-lealtad\\\/\",\"name\":\"PJ de Mercedes conmemora 80 a\u00f1os del D\u00eda de la Lealtad con Vigilia, Acto Central y un \\\"Paseo de la Lealtad\\\"\",\"isPartOf\":{\"@id\":\"https:\\\/\\\/noticiasmercedinas.com\\\/site\\\/#website\"},\"primaryImageOfPage\":{\"@id\":\"https:\\\/\\\/noticiasmercedinas.com\\\/site\\\/2025\\\/10\\\/13\\\/pj-de-mercedes-conmemora-80-anos-del-dia-de-la-lealtad-con-vigilia-acto-central-y-un-paseo-de-la-lealtad\\\/#primaryimage\"},\"image\":{\"@id\":\"https:\\\/\\\/noticiasmercedinas.com\\\/site\\\/2025\\\/10\\\/13\\\/pj-de-mercedes-conmemora-80-anos-del-dia-de-la-lealtad-con-vigilia-acto-central-y-un-paseo-de-la-lealtad\\\/#primaryimage\"},\"thumbnailUrl\":\"https:\\\/\\\/noticiasmercedinas.com\\\/site\\\/wp-content\\\/uploads\\\/2020\\\/07\\\/Peron-1974-678x381-1.jpg\",\"datePublished\":\"2025-10-13T22:24:24+00:00\",\"dateModified\":\"2025-10-13T22:26:11+00:00\",\"description\":\"Intensa agenda de actividades entre el jueves y viernes pr\u00f3ximos para celebrar el 80 aniversario del 17 de octubre de 1945, fecha emblem\u00e1tica que marc\u00f3 la liberaci\u00f3n de Juan Domingo Per\u00f3n. La programaci\u00f3n incluye charlas con militantes hist\u00f3ricos, una pe\u00f1a de vigilia y culminar\u00e1 con un acto central frente a los bustos de Per\u00f3n y Evita, en la tradicional esquina de 30 y 23.\",\"breadcrumb\":{\"@id\":\"https:\\\/\\\/noticiasmercedinas.com\\\/site\\\/2025\\\/10\\\/13\\\/pj-de-mercedes-conmemora-80-anos-del-dia-de-la-lealtad-con-vigilia-acto-central-y-un-paseo-de-la-lealtad\\\/#breadcrumb\"},\"inLanguage\":\"es\",\"potentialAction\":[{\"@type\":\"ReadAction\",\"target\":[\"https:\\\/\\\/noticiasmercedinas.com\\\/site\\\/2025\\\/10\\\/13\\\/pj-de-mercedes-conmemora-80-anos-del-dia-de-la-lealtad-con-vigilia-acto-central-y-un-paseo-de-la-lealtad\\\/\"]}]},{\"@type\":\"ImageObject\",\"inLanguage\":\"es\",\"@id\":\"https:\\\/\\\/noticiasmercedinas.com\\\/site\\\/2025\\\/10\\\/13\\\/pj-de-mercedes-conmemora-80-anos-del-dia-de-la-lealtad-con-vigilia-acto-central-y-un-paseo-de-la-lealtad\\\/#primaryimage\",\"url\":\"https:\\\/\\\/noticiasmercedinas.com\\\/site\\\/wp-content\\\/uploads\\\/2020\\\/07\\\/Peron-1974-678x381-1.jpg\",\"contentUrl\":\"https:\\\/\\\/noticiasmercedinas.com\\\/site\\\/wp-content\\\/uploads\\\/2020\\\/07\\\/Peron-1974-678x381-1.jpg\",\"width\":678,\"height\":381},{\"@type\":\"BreadcrumbList\",\"@id\":\"https:\\\/\\\/noticiasmercedinas.com\\\/site\\\/2025\\\/10\\\/13\\\/pj-de-mercedes-conmemora-80-anos-del-dia-de-la-lealtad-con-vigilia-acto-central-y-un-paseo-de-la-lealtad\\\/#breadcrumb\",\"itemListElement\":[{\"@type\":\"ListItem\",\"position\":1,\"name\":\"Portada\",\"item\":\"https:\\\/\\\/noticiasmercedinas.com\\\/site\\\/\"},{\"@type\":\"ListItem\",\"position\":2,\"name\":\"PJ de Mercedes conmemora 80 a\u00f1os del D\u00eda de la Lealtad con Vigilia, Acto Central y un \u00abPaseo de la Lealtad\u00bb\"}]},{\"@type\":\"WebSite\",\"@id\":\"https:\\\/\\\/noticiasmercedinas.com\\\/site\\\/#website\",\"url\":\"https:\\\/\\\/noticiasmercedinas.com\\\/site\\\/\",\"name\":\"NOTICIASMERCEDINAS.COM\",\"description\":\"Mercedes, Buenos Aires, Argentina\",\"publisher\":{\"@id\":\"https:\\\/\\\/noticiasmercedinas.com\\\/site\\\/#organization\"},\"potentialAction\":[{\"@type\":\"SearchAction\",\"target\":{\"@type\":\"EntryPoint\",\"urlTemplate\":\"https:\\\/\\\/noticiasmercedinas.com\\\/site\\\/?s={search_term_string}\"},\"query-input\":{\"@type\":\"PropertyValueSpecification\",\"valueRequired\":true,\"valueName\":\"search_term_string\"}}],\"inLanguage\":\"es\"},{\"@type\":\"Organization\",\"@id\":\"https:\\\/\\\/noticiasmercedinas.com\\\/site\\\/#organization\",\"name\":\"NOTICIASMERCEDINAS.COM\",\"url\":\"https:\\\/\\\/noticiasmercedinas.com\\\/site\\\/\",\"logo\":{\"@type\":\"ImageObject\",\"inLanguage\":\"es\",\"@id\":\"https:\\\/\\\/noticiasmercedinas.com\\\/site\\\/#\\\/schema\\\/logo\\\/image\\\/\",\"url\":\"https:\\\/\\\/noticiasmercedinas.com\\\/site\\\/wp-content\\\/uploads\\\/2020\\\/06\\\/LOGO-512.jpg\",\"contentUrl\":\"https:\\\/\\\/noticiasmercedinas.com\\\/site\\\/wp-content\\\/uploads\\\/2020\\\/06\\\/LOGO-512.jpg\",\"width\":512,\"height\":512,\"caption\":\"NOTICIASMERCEDINAS.COM\"},\"image\":{\"@id\":\"https:\\\/\\\/noticiasmercedinas.com\\\/site\\\/#\\\/schema\\\/logo\\\/image\\\/\"},\"sameAs\":[\"https:\\\/\\\/www.facebook.com\\\/noticiasmercedinas\\\/\",\"https:\\\/\\\/x.com\\\/notmercedinas\",\"https:\\\/\\\/www.instagram.com\\\/noticiasmercedinas\\\/\"]},{\"@type\":\"Person\",\"@id\":\"https:\\\/\\\/noticiasmercedinas.com\\\/site\\\/#\\\/schema\\\/person\\\/84b59c099c28ff2e8b77d4ceec5d8063\",\"name\":\"NOTICIASMERCEDINAS.COM\",\"image\":{\"@type\":\"ImageObject\",\"inLanguage\":\"es\",\"@id\":\"https:\\\/\\\/secure.gravatar.com\\\/avatar\\\/4dfbf16b4d17945bfb6341b2d19043457132fcf478a5ee04f42e959fd8f5df0a?s=96&d=mm&r=g\",\"url\":\"https:\\\/\\\/secure.gravatar.com\\\/avatar\\\/4dfbf16b4d17945bfb6341b2d19043457132fcf478a5ee04f42e959fd8f5df0a?s=96&d=mm&r=g\",\"contentUrl\":\"https:\\\/\\\/secure.gravatar.com\\\/avatar\\\/4dfbf16b4d17945bfb6341b2d19043457132fcf478a5ee04f42e959fd8f5df0a?s=96&d=mm&r=g\",\"caption\":\"NOTICIASMERCEDINAS.COM\"},\"url\":\"https:\\\/\\\/noticiasmercedinas.com\\\/site\\\/author\\\/anonimo\\\/\"}]}<\/script>\n<!-- \/ Yoast SEO plugin. -->","yoast_head_json":{"title":"PJ de Mercedes conmemora 80 a\u00f1os del D\u00eda de la Lealtad con Vigilia, Acto Central y un \"Paseo de la Lealtad\"","description":"Intensa agenda de actividades entre el jueves y viernes pr\u00f3ximos para celebrar el 80 aniversario del 17 de octubre de 1945, fecha emblem\u00e1tica que marc\u00f3 la liberaci\u00f3n de Juan Domingo Per\u00f3n. La programaci\u00f3n incluye charlas con militantes hist\u00f3ricos, una pe\u00f1a de vigilia y culminar\u00e1 con un acto central frente a los bustos de Per\u00f3n y Evita, en la tradicional esquina de 30 y 23.","robots":{"index":"index","follow":"follow","max-snippet":"max-snippet:-1","max-image-preview":"max-image-preview:large","max-video-preview":"max-video-preview:-1"},"canonical":"https:\/\/noticiasmercedinas.com\/site\/2025\/10\/13\/pj-de-mercedes-conmemora-80-anos-del-dia-de-la-lealtad-con-vigilia-acto-central-y-un-paseo-de-la-lealtad\/","og_locale":"es_ES","og_type":"article","og_title":"PJ de Mercedes conmemora 80 a\u00f1os del D\u00eda de la Lealtad con Vigilia, Acto Central y un \"Paseo de la Lealtad\"","og_description":"Intensa agenda de actividades entre el jueves y viernes pr\u00f3ximos para celebrar el 80 aniversario del 17 de octubre de 1945, fecha emblem\u00e1tica que marc\u00f3 la liberaci\u00f3n de Juan Domingo Per\u00f3n. La programaci\u00f3n incluye charlas con militantes hist\u00f3ricos, una pe\u00f1a de vigilia y culminar\u00e1 con un acto central frente a los bustos de Per\u00f3n y Evita, en la tradicional esquina de 30 y 23.","og_url":"https:\/\/noticiasmercedinas.com\/site\/2025\/10\/13\/pj-de-mercedes-conmemora-80-anos-del-dia-de-la-lealtad-con-vigilia-acto-central-y-un-paseo-de-la-lealtad\/","og_site_name":"NOTICIASMERCEDINAS.COM","article_publisher":"https:\/\/www.facebook.com\/noticiasmercedinas\/","article_published_time":"2025-10-13T22:24:24+00:00","article_modified_time":"2025-10-13T22:26:11+00:00","og_image":[{"width":678,"height":381,"url":"https:\/\/noticiasmercedinas.com\/site\/wp-content\/uploads\/2020\/07\/Peron-1974-678x381-1.jpg","type":"image\/jpeg"}],"author":"NOTICIASMERCEDINAS.COM","twitter_card":"summary_large_image","twitter_creator":"@notmercedinas","twitter_site":"@notmercedinas","twitter_misc":{"Escrito por":"NOTICIASMERCEDINAS.COM","Tiempo de lectura":"3 minutos"},"schema":{"@context":"https:\/\/schema.org","@graph":[{"@type":"Article","@id":"https:\/\/noticiasmercedinas.com\/site\/2025\/10\/13\/pj-de-mercedes-conmemora-80-anos-del-dia-de-la-lealtad-con-vigilia-acto-central-y-un-paseo-de-la-lealtad\/#article","isPartOf":{"@id":"https:\/\/noticiasmercedinas.com\/site\/2025\/10\/13\/pj-de-mercedes-conmemora-80-anos-del-dia-de-la-lealtad-con-vigilia-acto-central-y-un-paseo-de-la-lealtad\/"},"author":{"name":"NOTICIASMERCEDINAS.COM","@id":"https:\/\/noticiasmercedinas.com\/site\/#\/schema\/person\/84b59c099c28ff2e8b77d4ceec5d8063"},"headline":"PJ de Mercedes conmemora 80 a\u00f1os del D\u00eda de la Lealtad con Vigilia, Acto Central y un \u00abPaseo de la Lealtad\u00bb","datePublished":"2025-10-13T22:24:24+00:00","dateModified":"2025-10-13T22:26:11+00:00","mainEntityOfPage":{"@id":"https:\/\/noticiasmercedinas.com\/site\/2025\/10\/13\/pj-de-mercedes-conmemora-80-anos-del-dia-de-la-lealtad-con-vigilia-acto-central-y-un-paseo-de-la-lealtad\/"},"wordCount":410,"publisher":{"@id":"https:\/\/noticiasmercedinas.com\/site\/#organization"},"image":{"@id":"https:\/\/noticiasmercedinas.com\/site\/2025\/10\/13\/pj-de-mercedes-conmemora-80-anos-del-dia-de-la-lealtad-con-vigilia-acto-central-y-un-paseo-de-la-lealtad\/#primaryimage"},"thumbnailUrl":"https:\/\/noticiasmercedinas.com\/site\/wp-content\/uploads\/2020\/07\/Peron-1974-678x381-1.jpg","keywords":["dia de la lealtad","peron","pj"],"articleSection":["Politica"],"inLanguage":"es"},{"@type":"WebPage","@id":"https:\/\/noticiasmercedinas.com\/site\/2025\/10\/13\/pj-de-mercedes-conmemora-80-anos-del-dia-de-la-lealtad-con-vigilia-acto-central-y-un-paseo-de-la-lealtad\/","url":"https:\/\/noticiasmercedinas.com\/site\/2025\/10\/13\/pj-de-mercedes-conmemora-80-anos-del-dia-de-la-lealtad-con-vigilia-acto-central-y-un-paseo-de-la-lealtad\/","name":"PJ de Mercedes conmemora 80 a\u00f1os del D\u00eda de la Lealtad con Vigilia, Acto Central y un \"Paseo de la Lealtad\"","isPartOf":{"@id":"https:\/\/noticiasmercedinas.com\/site\/#website"},"primaryImageOfPage":{"@id":"https:\/\/noticiasmercedinas.com\/site\/2025\/10\/13\/pj-de-mercedes-conmemora-80-anos-del-dia-de-la-lealtad-con-vigilia-acto-central-y-un-paseo-de-la-lealtad\/#primaryimage"},"image":{"@id":"https:\/\/noticiasmercedinas.com\/site\/2025\/10\/13\/pj-de-mercedes-conmemora-80-anos-del-dia-de-la-lealtad-con-vigilia-acto-central-y-un-paseo-de-la-lealtad\/#primaryimage"},"thumbnailUrl":"https:\/\/noticiasmercedinas.com\/site\/wp-content\/uploads\/2020\/07\/Peron-1974-678x381-1.jpg","datePublished":"2025-10-13T22:24:24+00:00","dateModified":"2025-10-13T22:26:11+00:00","description":"Intensa agenda de actividades entre el jueves y viernes pr\u00f3ximos para celebrar el 80 aniversario del 17 de octubre de 1945, fecha emblem\u00e1tica que marc\u00f3 la liberaci\u00f3n de Juan Domingo Per\u00f3n. La programaci\u00f3n incluye charlas con militantes hist\u00f3ricos, una pe\u00f1a de vigilia y culminar\u00e1 con un acto central frente a los bustos de Per\u00f3n y Evita, en la tradicional esquina de 30 y 23.","breadcrumb":{"@id":"https:\/\/noticiasmercedinas.com\/site\/2025\/10\/13\/pj-de-mercedes-conmemora-80-anos-del-dia-de-la-lealtad-con-vigilia-acto-central-y-un-paseo-de-la-lealtad\/#breadcrumb"},"inLanguage":"es","potentialAction":[{"@type":"ReadAction","target":["https:\/\/noticiasmercedinas.com\/site\/2025\/10\/13\/pj-de-mercedes-conmemora-80-anos-del-dia-de-la-lealtad-con-vigilia-acto-central-y-un-paseo-de-la-lealtad\/"]}]},{"@type":"ImageObject","inLanguage":"es","@id":"https:\/\/noticiasmercedinas.com\/site\/2025\/10\/13\/pj-de-mercedes-conmemora-80-anos-del-dia-de-la-lealtad-con-vigilia-acto-central-y-un-paseo-de-la-lealtad\/#primaryimage","url":"https:\/\/noticiasmercedinas.com\/site\/wp-content\/uploads\/2020\/07\/Peron-1974-678x381-1.jpg","contentUrl":"https:\/\/noticiasmercedinas.com\/site\/wp-content\/uploads\/2020\/07\/Peron-1974-678x381-1.jpg","width":678,"height":381},{"@type":"BreadcrumbList","@id":"https:\/\/noticiasmercedinas.com\/site\/2025\/10\/13\/pj-de-mercedes-conmemora-80-anos-del-dia-de-la-lealtad-con-vigilia-acto-central-y-un-paseo-de-la-lealtad\/#breadcrumb","itemListElement":[{"@type":"ListItem","position":1,"name":"Portada","item":"https:\/\/noticiasmercedinas.com\/site\/"},{"@type":"ListItem","position":2,"name":"PJ de Mercedes conmemora 80 a\u00f1os del D\u00eda de la Lealtad con Vigilia, Acto Central y un \u00abPaseo de la Lealtad\u00bb"}]},{"@type":"WebSite","@id":"https:\/\/noticiasmercedinas.com\/site\/#website","url":"https:\/\/noticiasmercedinas.com\/site\/","name":"NOTICIASMERCEDINAS.COM","description":"Mercedes, Buenos Aires, Argentina","publisher":{"@id":"https:\/\/noticiasmercedinas.com\/site\/#organization"},"potentialAction":[{"@type":"SearchAction","target":{"@type":"EntryPoint","urlTemplate":"https:\/\/noticiasmercedinas.com\/site\/?s={search_term_string}"},"query-input":{"@type":"PropertyValueSpecification","valueRequired":true,"valueName":"search_term_string"}}],"inLanguage":"es"},{"@type":"Organization","@id":"https:\/\/noticiasmercedinas.com\/site\/#organization","name":"NOTICIASMERCEDINAS.COM","url":"https:\/\/noticiasmercedinas.com\/site\/","logo":{"@type":"ImageObject","inLanguage":"es","@id":"https:\/\/noticiasmercedinas.com\/site\/#\/schema\/logo\/image\/","url":"https:\/\/noticiasmercedinas.com\/site\/wp-content\/uploads\/2020\/06\/LOGO-512.jpg","contentUrl":"https:\/\/noticiasmercedinas.com\/site\/wp-content\/uploads\/2020\/06\/LOGO-512.jpg","width":512,"height":512,"caption":"NOTICIASMERCEDINAS.COM"},"image":{"@id":"https:\/\/noticiasmercedinas.com\/site\/#\/schema\/logo\/image\/"},"sameAs":["https:\/\/www.facebook.com\/noticiasmercedinas\/","https:\/\/x.com\/notmercedinas","https:\/\/www.instagram.com\/noticiasmercedinas\/"]},{"@type":"Person","@id":"https:\/\/noticiasmercedinas.com\/site\/#\/schema\/person\/84b59c099c28ff2e8b77d4ceec5d8063","name":"NOTICIASMERCEDINAS.COM","image":{"@type":"ImageObject","inLanguage":"es","@id":"https:\/\/secure.gravatar.com\/avatar\/4dfbf16b4d17945bfb6341b2d19043457132fcf478a5ee04f42e959fd8f5df0a?s=96&d=mm&r=g","url":"https:\/\/secure.gravatar.com\/avatar\/4dfbf16b4d17945bfb6341b2d19043457132fcf478a5ee04f42e959fd8f5df0a?s=96&d=mm&r=g","contentUrl":"https:\/\/secure.gravatar.com\/avatar\/4dfbf16b4d17945bfb6341b2d19043457132fcf478a5ee04f42e959fd8f5df0a?s=96&d=mm&r=g","caption":"NOTICIASMERCEDINAS.COM"},"url":"https:\/\/noticiasmercedinas.com\/site\/author\/anonimo\/"}]}},"amp_enabled":true,"_links":{"self":[{"href":"https:\/\/noticiasmercedinas.com\/site\/wp-json\/wp\/v2\/posts\/171811","targetHints":{"allow":["GET"]}}],"collection":[{"href":"https:\/\/noticiasmercedinas.com\/site\/wp-json\/wp\/v2\/posts"}],"about":[{"href":"https:\/\/noticiasmercedinas.com\/site\/wp-json\/wp\/v2\/types\/post"}],"author":[{"embeddable":true,"href":"https:\/\/noticiasmercedinas.com\/site\/wp-json\/wp\/v2\/users\/16"}],"replies":[{"embeddable":true,"href":"https:\/\/noticiasmercedinas.com\/site\/wp-json\/wp\/v2\/comments?post=171811"}],"version-history":[{"count":5,"href":"https:\/\/noticiasmercedinas.com\/site\/wp-json\/wp\/v2\/posts\/171811\/revisions"}],"predecessor-version":[{"id":171817,"href":"https:\/\/noticiasmercedinas.com\/site\/wp-json\/wp\/v2\/posts\/171811\/revisions\/171817"}],"wp:featuredmedia":[{"embeddable":true,"href":"https:\/\/noticiasmercedinas.com\/site\/wp-json\/wp\/v2\/media\/47904"}],"wp:attachment":[{"href":"https:\/\/noticiasmercedinas.com\/site\/wp-json\/wp\/v2\/media?parent=171811"}],"wp:term":[{"taxonomy":"category","embeddable":true,"href":"https:\/\/noticiasmercedinas.com\/site\/wp-json\/wp\/v2\/categories?post=171811"},{"taxonomy":"post_tag","embeddable":true,"href":"https:\/\/noticiasmercedinas.com\/site\/wp-json\/wp\/v2\/tags?post=171811"}],"curies":[{"name":"wp","href":"https:\/\/api.w.org\/{rel}","templated":true}]}}