{"id":171832,"date":"2025-10-14T10:00:43","date_gmt":"2025-10-14T13:00:43","guid":{"rendered":"https:\/\/noticiasmercedinas.com\/site\/?p=171832"},"modified":"2025-10-14T10:02:54","modified_gmt":"2025-10-14T13:02:54","slug":"renovacion-en-giro-creativo-grafica-cambia-de-duenos-extiende-horarios-y-cambia-de-local","status":"publish","type":"post","link":"https:\/\/noticiasmercedinas.com\/site\/2025\/10\/14\/renovacion-en-giro-creativo-grafica-cambia-de-duenos-extiende-horarios-y-cambia-de-local\/","title":{"rendered":"Renovaci\u00f3n en Giro Creativo: gr\u00e1fica cambia de due\u00f1os y de local, y extiende horarios"},"content":{"rendered":"<div id=\"model-response-message-contentr_0c88837a917c148f\" class=\"markdown markdown-main-panel enable-updated-hr-color\" dir=\"ltr\">\n<p><img loading=\"lazy\" decoding=\"async\" class=\"alignnone size-full wp-image-171850\" src=\"https:\/\/noticiasmercedinas.com\/site\/wp-content\/uploads\/2025\/10\/4grafica-e1760446690149.jpg\" alt=\"\" width=\"900\" height=\"940\" srcset=\"https:\/\/noticiasmercedinas.com\/site\/wp-content\/uploads\/2025\/10\/4grafica-e1760446690149.jpg 900w, https:\/\/noticiasmercedinas.com\/site\/wp-content\/uploads\/2025\/10\/4grafica-e1760446690149-287x300.jpg 287w, https:\/\/noticiasmercedinas.com\/site\/wp-content\/uploads\/2025\/10\/4grafica-e1760446690149-768x802.jpg 768w, https:\/\/noticiasmercedinas.com\/site\/wp-content\/uploads\/2025\/10\/4grafica-e1760446690149-640x668.jpg 640w, https:\/\/noticiasmercedinas.com\/site\/wp-content\/uploads\/2025\/10\/4grafica-e1760446690149-681x711.jpg 681w\" sizes=\"auto, (max-width: 900px) 100vw, 900px\" \/><\/p>\n<p><b>La gr\u00e1fica Giro Creativo de Mercedes experiment\u00f3 una renovaci\u00f3n completa al cambiar de due\u00f1os y trasladar su operaci\u00f3n a una nueva ubicaci\u00f3n, ofreciendo ahora un servicio profesional con horarios extendidos que busca garantizar la entrega de pedidos en tiempo r\u00e9cord.<\/b><\/p>\n<p>El emprendimiento, ahora a cargo de <b>Florencia Grassi y Mart\u00edn Oilhaborda<\/b>, comenz\u00f3 a operar en su nueva sede el pasado <b>lunes 6 de octubre<\/b> en calle <b>29 entre 4 y 6<\/b>, con el objetivo de optimizar la atenci\u00f3n y reducir los tiempos de producci\u00f3n.<\/p>\n<p>La principal ventaja competitiva de la nueva gesti\u00f3n radica en su franja horaria ampliada y el compromiso con la celeridad: el local atiende de <b>8:30 a 16:30 horas<\/b> de corrido, con la meta de concretar la mayor\u00eda de los pedidos para el mismo d\u00eda o, a m\u00e1s tardar, al d\u00eda siguiente.<\/p>\n<p>Los nuevos due\u00f1os incorporaron maquinaria espec\u00edfica para ofrecer servicios de alto impacto y calidad, con la promesa de \u00abreducir el tiempo de los que hoy se est\u00e1n trabajando\u00bb.<\/p>\n<div id='gallery-1' class='gallery galleryid-171832 gallery-columns-3 gallery-size-thumbnail'><figure class='gallery-item'>\n\t\t\t<div class='gallery-icon portrait'>\n\t\t\t\t<a href='https:\/\/noticiasmercedinas.com\/site\/2025\/10\/14\/renovacion-en-giro-creativo-grafica-cambia-de-duenos-extiende-horarios-y-cambia-de-local\/2grafica\/'><img loading=\"lazy\" decoding=\"async\" width=\"150\" height=\"150\" src=\"https:\/\/noticiasmercedinas.com\/site\/wp-content\/uploads\/2025\/10\/2grafica-150x150.jpg\" class=\"attachment-thumbnail size-thumbnail\" alt=\"\" \/><\/a>\n\t\t\t<\/div><\/figure><figure class='gallery-item'>\n\t\t\t<div class='gallery-icon portrait'>\n\t\t\t\t<a href='https:\/\/noticiasmercedinas.com\/site\/2025\/10\/14\/renovacion-en-giro-creativo-grafica-cambia-de-duenos-extiende-horarios-y-cambia-de-local\/1grafica\/'><img loading=\"lazy\" decoding=\"async\" width=\"150\" height=\"150\" src=\"https:\/\/noticiasmercedinas.com\/site\/wp-content\/uploads\/2025\/10\/1grafica-150x150.jpg\" class=\"attachment-thumbnail size-thumbnail\" alt=\"\" \/><\/a>\n\t\t\t<\/div><\/figure><figure class='gallery-item'>\n\t\t\t<div class='gallery-icon landscape'>\n\t\t\t\t<a href='https:\/\/noticiasmercedinas.com\/site\/2025\/10\/14\/renovacion-en-giro-creativo-grafica-cambia-de-duenos-extiende-horarios-y-cambia-de-local\/6grafica\/'><img loading=\"lazy\" decoding=\"async\" width=\"150\" height=\"150\" src=\"https:\/\/noticiasmercedinas.com\/site\/wp-content\/uploads\/2025\/10\/6grafica-150x150.jpg\" class=\"attachment-thumbnail size-thumbnail\" alt=\"\" srcset=\"https:\/\/noticiasmercedinas.com\/site\/wp-content\/uploads\/2025\/10\/6grafica-150x150.jpg 150w, https:\/\/noticiasmercedinas.com\/site\/wp-content\/uploads\/2025\/10\/6grafica-300x300.jpg 300w, https:\/\/noticiasmercedinas.com\/site\/wp-content\/uploads\/2025\/10\/6grafica-1024x1020.jpg 1024w, https:\/\/noticiasmercedinas.com\/site\/wp-content\/uploads\/2025\/10\/6grafica-768x765.jpg 768w, https:\/\/noticiasmercedinas.com\/site\/wp-content\/uploads\/2025\/10\/6grafica-1536x1530.jpg 1536w, https:\/\/noticiasmercedinas.com\/site\/wp-content\/uploads\/2025\/10\/6grafica-640x638.jpg 640w, https:\/\/noticiasmercedinas.com\/site\/wp-content\/uploads\/2025\/10\/6grafica-1280x1275.jpg 1280w, https:\/\/noticiasmercedinas.com\/site\/wp-content\/uploads\/2025\/10\/6grafica-681x678.jpg 681w, https:\/\/noticiasmercedinas.com\/site\/wp-content\/uploads\/2025\/10\/6grafica-1362x1357.jpg 1362w, https:\/\/noticiasmercedinas.com\/site\/wp-content\/uploads\/2025\/10\/6grafica.jpg 1600w\" sizes=\"auto, (max-width: 150px) 100vw, 150px\" \/><\/a>\n\t\t\t<\/div><\/figure><figure class='gallery-item'>\n\t\t\t<div class='gallery-icon portrait'>\n\t\t\t\t<a href='https:\/\/noticiasmercedinas.com\/site\/2025\/10\/14\/renovacion-en-giro-creativo-grafica-cambia-de-duenos-extiende-horarios-y-cambia-de-local\/5grafica\/'><img loading=\"lazy\" decoding=\"async\" width=\"150\" height=\"150\" src=\"https:\/\/noticiasmercedinas.com\/site\/wp-content\/uploads\/2025\/10\/5grafica-150x150.jpg\" class=\"attachment-thumbnail size-thumbnail\" alt=\"\" \/><\/a>\n\t\t\t<\/div><\/figure><figure class='gallery-item'>\n\t\t\t<div class='gallery-icon portrait'>\n\t\t\t\t<a href='https:\/\/noticiasmercedinas.com\/site\/2025\/10\/14\/renovacion-en-giro-creativo-grafica-cambia-de-duenos-extiende-horarios-y-cambia-de-local\/7grafica\/'><img loading=\"lazy\" decoding=\"async\" width=\"150\" height=\"150\" src=\"https:\/\/noticiasmercedinas.com\/site\/wp-content\/uploads\/2025\/10\/7grafica-150x150.jpg\" class=\"attachment-thumbnail size-thumbnail\" alt=\"\" srcset=\"https:\/\/noticiasmercedinas.com\/site\/wp-content\/uploads\/2025\/10\/7grafica-150x150.jpg 150w, https:\/\/noticiasmercedinas.com\/site\/wp-content\/uploads\/2025\/10\/7grafica-720x720.jpg 720w\" sizes=\"auto, (max-width: 150px) 100vw, 150px\" \/><\/a>\n\t\t\t<\/div><\/figure><figure class='gallery-item'>\n\t\t\t<div class='gallery-icon portrait'>\n\t\t\t\t<a href='https:\/\/noticiasmercedinas.com\/site\/2025\/10\/14\/renovacion-en-giro-creativo-grafica-cambia-de-duenos-extiende-horarios-y-cambia-de-local\/10grafica\/'><img loading=\"lazy\" decoding=\"async\" width=\"150\" height=\"150\" src=\"https:\/\/noticiasmercedinas.com\/site\/wp-content\/uploads\/2025\/10\/10grafica-150x150.jpg\" class=\"attachment-thumbnail size-thumbnail\" alt=\"\" \/><\/a>\n\t\t\t<\/div><\/figure><figure class='gallery-item'>\n\t\t\t<div class='gallery-icon landscape'>\n\t\t\t\t<a href='https:\/\/noticiasmercedinas.com\/site\/2025\/10\/14\/renovacion-en-giro-creativo-grafica-cambia-de-duenos-extiende-horarios-y-cambia-de-local\/11grafica\/'><img loading=\"lazy\" decoding=\"async\" width=\"150\" height=\"150\" src=\"https:\/\/noticiasmercedinas.com\/site\/wp-content\/uploads\/2025\/10\/11grafica-150x150.jpg\" class=\"attachment-thumbnail size-thumbnail\" alt=\"\" \/><\/a>\n\t\t\t<\/div><\/figure>\n\t\t<\/div>\n\n<p><b>Servicios Destacados:<\/b><\/p>\n<ul>\n<li><b>Tecnolog\u00eda DTF (Direct to Film):<\/b> Novedoso sistema de impresi\u00f3n para prendas de vestir y remeras.<\/li>\n<li><b>Sublimaci\u00f3n y Personalizaci\u00f3n:<\/b> Remeras, tazas, gorras y bolsas para comercios.<\/li>\n<li><b>Gran Formato:<\/b> Banners, carteler\u00eda, vinilos de corte y microperforados para propaganda en las dimensiones requeridas.<\/li>\n<li><b>Servicios Especializados:<\/b> Copias de planos para arquitectos y proyectos de ingenier\u00eda en diferentes dimensiones.<\/li>\n<li><b>Dise\u00f1o Visual:<\/b> Vinilos de diferentes colores, letras corp\u00f3reas y bloqueadores solares.<\/li>\n<\/ul>\n<p>Mart\u00edn Oilhaborda se\u00f1al\u00f3 que, tras el horario de atenci\u00f3n al p\u00fablico, el equipo permanece en el taller preparando pedidos, lo que les permite cumplir con los plazos. Adem\u00e1s, la nueva ubicaci\u00f3n fue elegida estrat\u00e9gicamente por su visibilidad y comodidad para estacionar.<\/p>\n<p>Otro de los diferenciales es la filosof\u00eda de <b>\u00abelaboraci\u00f3n a la vista\u00bb<\/b>, permitiendo a los clientes observar el proceso de impresi\u00f3n y el funcionamiento de la maquinaria de gran porte.<\/p>\n<p>Florencia Grassi adelant\u00f3 que, a mediano plazo, planean incorporar servicios de <b>impresi\u00f3n en 3D<\/b> para la creaci\u00f3n de piezas y objetos personalizados.<\/p>\n<p>Para consultas y presupuestos, los clientes pueden acercarse al local en la nueva direcci\u00f3n, contactarse v\u00eda <b>WhatsApp<\/b> o enviar sus archivos directamente por correo electr\u00f3nico a <a href=\"mailto:info@girocreativo.net\"><b>info@girocreativo.net<\/b><\/a>. Tambi\u00e9n reciben pedidos a trav\u00e9s de su cuenta de <b>Instagram <a href=\"https:\/\/www.instagram.com\/giro.creativo\">@GiroCreativo<\/a><\/b>.<\/p>\n<p><img loading=\"lazy\" decoding=\"async\" class=\"alignnone size-full wp-image-171851\" src=\"https:\/\/noticiasmercedinas.com\/site\/wp-content\/uploads\/2025\/10\/3grafica-e1760446747812.jpg\" alt=\"\" width=\"1576\" height=\"968\" srcset=\"https:\/\/noticiasmercedinas.com\/site\/wp-content\/uploads\/2025\/10\/3grafica-e1760446747812.jpg 1576w, https:\/\/noticiasmercedinas.com\/site\/wp-content\/uploads\/2025\/10\/3grafica-e1760446747812-300x184.jpg 300w, https:\/\/noticiasmercedinas.com\/site\/wp-content\/uploads\/2025\/10\/3grafica-e1760446747812-1024x629.jpg 1024w, https:\/\/noticiasmercedinas.com\/site\/wp-content\/uploads\/2025\/10\/3grafica-e1760446747812-768x472.jpg 768w, https:\/\/noticiasmercedinas.com\/site\/wp-content\/uploads\/2025\/10\/3grafica-e1760446747812-1536x943.jpg 1536w, https:\/\/noticiasmercedinas.com\/site\/wp-content\/uploads\/2025\/10\/3grafica-e1760446747812-640x393.jpg 640w, https:\/\/noticiasmercedinas.com\/site\/wp-content\/uploads\/2025\/10\/3grafica-e1760446747812-1280x786.jpg 1280w, https:\/\/noticiasmercedinas.com\/site\/wp-content\/uploads\/2025\/10\/3grafica-e1760446747812-681x418.jpg 681w, https:\/\/noticiasmercedinas.com\/site\/wp-content\/uploads\/2025\/10\/3grafica-e1760446747812-1362x837.jpg 1362w\" sizes=\"auto, (max-width: 1576px) 100vw, 1576px\" \/><\/p>\n<div style=\"width: 464px;\" class=\"wp-video\"><video class=\"wp-video-shortcode\" id=\"video-171832-1\" width=\"464\" height=\"832\" preload=\"metadata\" controls=\"controls\"><source type=\"video\/mp4\" src=\"https:\/\/noticiasmercedinas.com\/site\/wp-content\/uploads\/2025\/10\/13grafica.mp4?_=1\" \/><a href=\"https:\/\/noticiasmercedinas.com\/site\/wp-content\/uploads\/2025\/10\/13grafica.mp4\">https:\/\/noticiasmercedinas.com\/site\/wp-content\/uploads\/2025\/10\/13grafica.mp4<\/a><\/video><\/div>\n<p><img loading=\"lazy\" decoding=\"async\" class=\"alignnone size-full wp-image-171843\" src=\"https:\/\/noticiasmercedinas.com\/site\/wp-content\/uploads\/2025\/10\/14grafica.jpg\" alt=\"\" width=\"1200\" height=\"1600\" srcset=\"https:\/\/noticiasmercedinas.com\/site\/wp-content\/uploads\/2025\/10\/14grafica.jpg 1200w, https:\/\/noticiasmercedinas.com\/site\/wp-content\/uploads\/2025\/10\/14grafica-225x300.jpg 225w, https:\/\/noticiasmercedinas.com\/site\/wp-content\/uploads\/2025\/10\/14grafica-768x1024.jpg 768w, https:\/\/noticiasmercedinas.com\/site\/wp-content\/uploads\/2025\/10\/14grafica-1152x1536.jpg 1152w, https:\/\/noticiasmercedinas.com\/site\/wp-content\/uploads\/2025\/10\/14grafica-640x853.jpg 640w, https:\/\/noticiasmercedinas.com\/site\/wp-content\/uploads\/2025\/10\/14grafica-681x908.jpg 681w\" sizes=\"auto, (max-width: 1200px) 100vw, 1200px\" \/><\/p>\n<\/div>\n","protected":false},"excerpt":{"rendered":"<p>La gr\u00e1fica Giro Creativo de Mercedes experiment\u00f3 una renovaci\u00f3n completa al cambiar de due\u00f1os y trasladar su operaci\u00f3n a una nueva ubicaci\u00f3n, ofreciendo ahora un servicio profesional con horarios extendidos que busca garantizar la entrega de pedidos en tiempo r\u00e9cord. El emprendimiento, ahora a cargo de Florencia Grassi y Mart\u00edn Oilhaborda, comenz\u00f3 a operar en [&hellip;]<\/p>\n","protected":false},"author":16,"featured_media":171850,"comment_status":"closed","ping_status":"closed","sticky":false,"template":"","format":"standard","meta":{"footnotes":""},"categories":[74],"tags":[21069,972,21068,21067,21071,21070],"class_list":["post-171832","post","type-post","status-publish","format-standard","has-post-thumbnail","hentry","category-emprendimientos","tag-banners","tag-carteleria","tag-giro-creativo","tag-grafica","tag-microperforados","tag-vinilos-de-corte"],"yoast_head":"<!-- This site is optimized with the Yoast SEO plugin v27.5 - https:\/\/yoast.com\/product\/yoast-seo-wordpress\/ -->\n<title>Renovaci\u00f3n en Giro Creativo: gr\u00e1fica cambia de due\u00f1os y de local, y extiende horarios<\/title>\n<meta name=\"robots\" content=\"index, follow, max-snippet:-1, max-image-preview:large, max-video-preview:-1\" \/>\n<link rel=\"canonical\" href=\"https:\/\/noticiasmercedinas.com\/site\/2025\/10\/14\/renovacion-en-giro-creativo-grafica-cambia-de-duenos-extiende-horarios-y-cambia-de-local\/\" \/>\n<meta property=\"og:locale\" content=\"es_ES\" \/>\n<meta property=\"og:type\" content=\"article\" \/>\n<meta property=\"og:title\" content=\"Renovaci\u00f3n en Giro Creativo: gr\u00e1fica cambia de due\u00f1os y de local, y extiende horarios\" \/>\n<meta property=\"og:description\" content=\"La gr\u00e1fica Giro Creativo de Mercedes experiment\u00f3 una renovaci\u00f3n completa al cambiar de due\u00f1os y trasladar su operaci\u00f3n a una nueva ubicaci\u00f3n, ofreciendo ahora un servicio profesional con horarios extendidos que busca garantizar la entrega de pedidos en tiempo r\u00e9cord. El emprendimiento, ahora a cargo de Florencia Grassi y Mart\u00edn Oilhaborda, comenz\u00f3 a operar en [&hellip;]\" \/>\n<meta property=\"og:url\" content=\"https:\/\/noticiasmercedinas.com\/site\/2025\/10\/14\/renovacion-en-giro-creativo-grafica-cambia-de-duenos-extiende-horarios-y-cambia-de-local\/\" \/>\n<meta property=\"og:site_name\" content=\"NOTICIASMERCEDINAS.COM\" \/>\n<meta property=\"article:publisher\" content=\"https:\/\/www.facebook.com\/noticiasmercedinas\/\" \/>\n<meta property=\"article:published_time\" content=\"2025-10-14T13:00:43+00:00\" \/>\n<meta property=\"article:modified_time\" content=\"2025-10-14T13:02:54+00:00\" \/>\n<meta property=\"og:image\" content=\"https:\/\/noticiasmercedinas.com\/site\/wp-content\/uploads\/2025\/10\/4grafica-e1760446690149.jpg\" \/>\n\t<meta property=\"og:image:width\" content=\"900\" \/>\n\t<meta property=\"og:image:height\" content=\"940\" \/>\n\t<meta property=\"og:image:type\" content=\"image\/jpeg\" \/>\n<meta name=\"author\" content=\"NOTICIASMERCEDINAS.COM\" \/>\n<meta name=\"twitter:card\" content=\"summary_large_image\" \/>\n<meta name=\"twitter:creator\" content=\"@notmercedinas\" \/>\n<meta name=\"twitter:site\" content=\"@notmercedinas\" \/>\n<meta name=\"twitter:label1\" content=\"Escrito por\" \/>\n\t<meta name=\"twitter:data1\" content=\"NOTICIASMERCEDINAS.COM\" \/>\n\t<meta name=\"twitter:label2\" content=\"Tiempo de lectura\" \/>\n\t<meta name=\"twitter:data2\" content=\"3 minutos\" \/>\n<script type=\"application\/ld+json\" class=\"yoast-schema-graph\">{\"@context\":\"https:\\\/\\\/schema.org\",\"@graph\":[{\"@type\":\"Article\",\"@id\":\"https:\\\/\\\/noticiasmercedinas.com\\\/site\\\/2025\\\/10\\\/14\\\/renovacion-en-giro-creativo-grafica-cambia-de-duenos-extiende-horarios-y-cambia-de-local\\\/#article\",\"isPartOf\":{\"@id\":\"https:\\\/\\\/noticiasmercedinas.com\\\/site\\\/2025\\\/10\\\/14\\\/renovacion-en-giro-creativo-grafica-cambia-de-duenos-extiende-horarios-y-cambia-de-local\\\/\"},\"author\":{\"name\":\"NOTICIASMERCEDINAS.COM\",\"@id\":\"https:\\\/\\\/noticiasmercedinas.com\\\/site\\\/#\\\/schema\\\/person\\\/84b59c099c28ff2e8b77d4ceec5d8063\"},\"headline\":\"Renovaci\u00f3n en Giro Creativo: gr\u00e1fica cambia de due\u00f1os y de local, y extiende horarios\",\"datePublished\":\"2025-10-14T13:00:43+00:00\",\"dateModified\":\"2025-10-14T13:02:54+00:00\",\"mainEntityOfPage\":{\"@id\":\"https:\\\/\\\/noticiasmercedinas.com\\\/site\\\/2025\\\/10\\\/14\\\/renovacion-en-giro-creativo-grafica-cambia-de-duenos-extiende-horarios-y-cambia-de-local\\\/\"},\"wordCount\":431,\"publisher\":{\"@id\":\"https:\\\/\\\/noticiasmercedinas.com\\\/site\\\/#organization\"},\"image\":{\"@id\":\"https:\\\/\\\/noticiasmercedinas.com\\\/site\\\/2025\\\/10\\\/14\\\/renovacion-en-giro-creativo-grafica-cambia-de-duenos-extiende-horarios-y-cambia-de-local\\\/#primaryimage\"},\"thumbnailUrl\":\"https:\\\/\\\/noticiasmercedinas.com\\\/site\\\/wp-content\\\/uploads\\\/2025\\\/10\\\/4grafica-e1760446690149.jpg\",\"keywords\":[\"Banners\",\"carteleria\",\"giro creativo\",\"grafica\",\"microperforados\",\"vinilos de corte\"],\"articleSection\":[\"Emprendimientos\"],\"inLanguage\":\"es\"},{\"@type\":\"WebPage\",\"@id\":\"https:\\\/\\\/noticiasmercedinas.com\\\/site\\\/2025\\\/10\\\/14\\\/renovacion-en-giro-creativo-grafica-cambia-de-duenos-extiende-horarios-y-cambia-de-local\\\/\",\"url\":\"https:\\\/\\\/noticiasmercedinas.com\\\/site\\\/2025\\\/10\\\/14\\\/renovacion-en-giro-creativo-grafica-cambia-de-duenos-extiende-horarios-y-cambia-de-local\\\/\",\"name\":\"Renovaci\u00f3n en Giro Creativo: gr\u00e1fica cambia de due\u00f1os y de local, y extiende horarios\",\"isPartOf\":{\"@id\":\"https:\\\/\\\/noticiasmercedinas.com\\\/site\\\/#website\"},\"primaryImageOfPage\":{\"@id\":\"https:\\\/\\\/noticiasmercedinas.com\\\/site\\\/2025\\\/10\\\/14\\\/renovacion-en-giro-creativo-grafica-cambia-de-duenos-extiende-horarios-y-cambia-de-local\\\/#primaryimage\"},\"image\":{\"@id\":\"https:\\\/\\\/noticiasmercedinas.com\\\/site\\\/2025\\\/10\\\/14\\\/renovacion-en-giro-creativo-grafica-cambia-de-duenos-extiende-horarios-y-cambia-de-local\\\/#primaryimage\"},\"thumbnailUrl\":\"https:\\\/\\\/noticiasmercedinas.com\\\/site\\\/wp-content\\\/uploads\\\/2025\\\/10\\\/4grafica-e1760446690149.jpg\",\"datePublished\":\"2025-10-14T13:00:43+00:00\",\"dateModified\":\"2025-10-14T13:02:54+00:00\",\"breadcrumb\":{\"@id\":\"https:\\\/\\\/noticiasmercedinas.com\\\/site\\\/2025\\\/10\\\/14\\\/renovacion-en-giro-creativo-grafica-cambia-de-duenos-extiende-horarios-y-cambia-de-local\\\/#breadcrumb\"},\"inLanguage\":\"es\",\"potentialAction\":[{\"@type\":\"ReadAction\",\"target\":[\"https:\\\/\\\/noticiasmercedinas.com\\\/site\\\/2025\\\/10\\\/14\\\/renovacion-en-giro-creativo-grafica-cambia-de-duenos-extiende-horarios-y-cambia-de-local\\\/\"]}]},{\"@type\":\"ImageObject\",\"inLanguage\":\"es\",\"@id\":\"https:\\\/\\\/noticiasmercedinas.com\\\/site\\\/2025\\\/10\\\/14\\\/renovacion-en-giro-creativo-grafica-cambia-de-duenos-extiende-horarios-y-cambia-de-local\\\/#primaryimage\",\"url\":\"https:\\\/\\\/noticiasmercedinas.com\\\/site\\\/wp-content\\\/uploads\\\/2025\\\/10\\\/4grafica-e1760446690149.jpg\",\"contentUrl\":\"https:\\\/\\\/noticiasmercedinas.com\\\/site\\\/wp-content\\\/uploads\\\/2025\\\/10\\\/4grafica-e1760446690149.jpg\",\"width\":900,\"height\":940},{\"@type\":\"BreadcrumbList\",\"@id\":\"https:\\\/\\\/noticiasmercedinas.com\\\/site\\\/2025\\\/10\\\/14\\\/renovacion-en-giro-creativo-grafica-cambia-de-duenos-extiende-horarios-y-cambia-de-local\\\/#breadcrumb\",\"itemListElement\":[{\"@type\":\"ListItem\",\"position\":1,\"name\":\"Portada\",\"item\":\"https:\\\/\\\/noticiasmercedinas.com\\\/site\\\/\"},{\"@type\":\"ListItem\",\"position\":2,\"name\":\"Renovaci\u00f3n en Giro Creativo: gr\u00e1fica cambia de due\u00f1os y de local, y extiende horarios\"}]},{\"@type\":\"WebSite\",\"@id\":\"https:\\\/\\\/noticiasmercedinas.com\\\/site\\\/#website\",\"url\":\"https:\\\/\\\/noticiasmercedinas.com\\\/site\\\/\",\"name\":\"NOTICIASMERCEDINAS.COM\",\"description\":\"Mercedes, Buenos Aires, Argentina\",\"publisher\":{\"@id\":\"https:\\\/\\\/noticiasmercedinas.com\\\/site\\\/#organization\"},\"potentialAction\":[{\"@type\":\"SearchAction\",\"target\":{\"@type\":\"EntryPoint\",\"urlTemplate\":\"https:\\\/\\\/noticiasmercedinas.com\\\/site\\\/?s={search_term_string}\"},\"query-input\":{\"@type\":\"PropertyValueSpecification\",\"valueRequired\":true,\"valueName\":\"search_term_string\"}}],\"inLanguage\":\"es\"},{\"@type\":\"Organization\",\"@id\":\"https:\\\/\\\/noticiasmercedinas.com\\\/site\\\/#organization\",\"name\":\"NOTICIASMERCEDINAS.COM\",\"url\":\"https:\\\/\\\/noticiasmercedinas.com\\\/site\\\/\",\"logo\":{\"@type\":\"ImageObject\",\"inLanguage\":\"es\",\"@id\":\"https:\\\/\\\/noticiasmercedinas.com\\\/site\\\/#\\\/schema\\\/logo\\\/image\\\/\",\"url\":\"https:\\\/\\\/noticiasmercedinas.com\\\/site\\\/wp-content\\\/uploads\\\/2020\\\/06\\\/LOGO-512.jpg\",\"contentUrl\":\"https:\\\/\\\/noticiasmercedinas.com\\\/site\\\/wp-content\\\/uploads\\\/2020\\\/06\\\/LOGO-512.jpg\",\"width\":512,\"height\":512,\"caption\":\"NOTICIASMERCEDINAS.COM\"},\"image\":{\"@id\":\"https:\\\/\\\/noticiasmercedinas.com\\\/site\\\/#\\\/schema\\\/logo\\\/image\\\/\"},\"sameAs\":[\"https:\\\/\\\/www.facebook.com\\\/noticiasmercedinas\\\/\",\"https:\\\/\\\/x.com\\\/notmercedinas\",\"https:\\\/\\\/www.instagram.com\\\/noticiasmercedinas\\\/\"]},{\"@type\":\"Person\",\"@id\":\"https:\\\/\\\/noticiasmercedinas.com\\\/site\\\/#\\\/schema\\\/person\\\/84b59c099c28ff2e8b77d4ceec5d8063\",\"name\":\"NOTICIASMERCEDINAS.COM\",\"image\":{\"@type\":\"ImageObject\",\"inLanguage\":\"es\",\"@id\":\"https:\\\/\\\/secure.gravatar.com\\\/avatar\\\/4dfbf16b4d17945bfb6341b2d19043457132fcf478a5ee04f42e959fd8f5df0a?s=96&d=mm&r=g\",\"url\":\"https:\\\/\\\/secure.gravatar.com\\\/avatar\\\/4dfbf16b4d17945bfb6341b2d19043457132fcf478a5ee04f42e959fd8f5df0a?s=96&d=mm&r=g\",\"contentUrl\":\"https:\\\/\\\/secure.gravatar.com\\\/avatar\\\/4dfbf16b4d17945bfb6341b2d19043457132fcf478a5ee04f42e959fd8f5df0a?s=96&d=mm&r=g\",\"caption\":\"NOTICIASMERCEDINAS.COM\"},\"url\":\"https:\\\/\\\/noticiasmercedinas.com\\\/site\\\/author\\\/anonimo\\\/\"}]}<\/script>\n<!-- \/ Yoast SEO plugin. -->","yoast_head_json":{"title":"Renovaci\u00f3n en Giro Creativo: gr\u00e1fica cambia de due\u00f1os y de local, y extiende horarios","robots":{"index":"index","follow":"follow","max-snippet":"max-snippet:-1","max-image-preview":"max-image-preview:large","max-video-preview":"max-video-preview:-1"},"canonical":"https:\/\/noticiasmercedinas.com\/site\/2025\/10\/14\/renovacion-en-giro-creativo-grafica-cambia-de-duenos-extiende-horarios-y-cambia-de-local\/","og_locale":"es_ES","og_type":"article","og_title":"Renovaci\u00f3n en Giro Creativo: gr\u00e1fica cambia de due\u00f1os y de local, y extiende horarios","og_description":"La gr\u00e1fica Giro Creativo de Mercedes experiment\u00f3 una renovaci\u00f3n completa al cambiar de due\u00f1os y trasladar su operaci\u00f3n a una nueva ubicaci\u00f3n, ofreciendo ahora un servicio profesional con horarios extendidos que busca garantizar la entrega de pedidos en tiempo r\u00e9cord. El emprendimiento, ahora a cargo de Florencia Grassi y Mart\u00edn Oilhaborda, comenz\u00f3 a operar en [&hellip;]","og_url":"https:\/\/noticiasmercedinas.com\/site\/2025\/10\/14\/renovacion-en-giro-creativo-grafica-cambia-de-duenos-extiende-horarios-y-cambia-de-local\/","og_site_name":"NOTICIASMERCEDINAS.COM","article_publisher":"https:\/\/www.facebook.com\/noticiasmercedinas\/","article_published_time":"2025-10-14T13:00:43+00:00","article_modified_time":"2025-10-14T13:02:54+00:00","og_image":[{"width":900,"height":940,"url":"https:\/\/noticiasmercedinas.com\/site\/wp-content\/uploads\/2025\/10\/4grafica-e1760446690149.jpg","type":"image\/jpeg"}],"author":"NOTICIASMERCEDINAS.COM","twitter_card":"summary_large_image","twitter_creator":"@notmercedinas","twitter_site":"@notmercedinas","twitter_misc":{"Escrito por":"NOTICIASMERCEDINAS.COM","Tiempo de lectura":"3 minutos"},"schema":{"@context":"https:\/\/schema.org","@graph":[{"@type":"Article","@id":"https:\/\/noticiasmercedinas.com\/site\/2025\/10\/14\/renovacion-en-giro-creativo-grafica-cambia-de-duenos-extiende-horarios-y-cambia-de-local\/#article","isPartOf":{"@id":"https:\/\/noticiasmercedinas.com\/site\/2025\/10\/14\/renovacion-en-giro-creativo-grafica-cambia-de-duenos-extiende-horarios-y-cambia-de-local\/"},"author":{"name":"NOTICIASMERCEDINAS.COM","@id":"https:\/\/noticiasmercedinas.com\/site\/#\/schema\/person\/84b59c099c28ff2e8b77d4ceec5d8063"},"headline":"Renovaci\u00f3n en Giro Creativo: gr\u00e1fica cambia de due\u00f1os y de local, y extiende horarios","datePublished":"2025-10-14T13:00:43+00:00","dateModified":"2025-10-14T13:02:54+00:00","mainEntityOfPage":{"@id":"https:\/\/noticiasmercedinas.com\/site\/2025\/10\/14\/renovacion-en-giro-creativo-grafica-cambia-de-duenos-extiende-horarios-y-cambia-de-local\/"},"wordCount":431,"publisher":{"@id":"https:\/\/noticiasmercedinas.com\/site\/#organization"},"image":{"@id":"https:\/\/noticiasmercedinas.com\/site\/2025\/10\/14\/renovacion-en-giro-creativo-grafica-cambia-de-duenos-extiende-horarios-y-cambia-de-local\/#primaryimage"},"thumbnailUrl":"https:\/\/noticiasmercedinas.com\/site\/wp-content\/uploads\/2025\/10\/4grafica-e1760446690149.jpg","keywords":["Banners","carteleria","giro creativo","grafica","microperforados","vinilos de corte"],"articleSection":["Emprendimientos"],"inLanguage":"es"},{"@type":"WebPage","@id":"https:\/\/noticiasmercedinas.com\/site\/2025\/10\/14\/renovacion-en-giro-creativo-grafica-cambia-de-duenos-extiende-horarios-y-cambia-de-local\/","url":"https:\/\/noticiasmercedinas.com\/site\/2025\/10\/14\/renovacion-en-giro-creativo-grafica-cambia-de-duenos-extiende-horarios-y-cambia-de-local\/","name":"Renovaci\u00f3n en Giro Creativo: gr\u00e1fica cambia de due\u00f1os y de local, y extiende horarios","isPartOf":{"@id":"https:\/\/noticiasmercedinas.com\/site\/#website"},"primaryImageOfPage":{"@id":"https:\/\/noticiasmercedinas.com\/site\/2025\/10\/14\/renovacion-en-giro-creativo-grafica-cambia-de-duenos-extiende-horarios-y-cambia-de-local\/#primaryimage"},"image":{"@id":"https:\/\/noticiasmercedinas.com\/site\/2025\/10\/14\/renovacion-en-giro-creativo-grafica-cambia-de-duenos-extiende-horarios-y-cambia-de-local\/#primaryimage"},"thumbnailUrl":"https:\/\/noticiasmercedinas.com\/site\/wp-content\/uploads\/2025\/10\/4grafica-e1760446690149.jpg","datePublished":"2025-10-14T13:00:43+00:00","dateModified":"2025-10-14T13:02:54+00:00","breadcrumb":{"@id":"https:\/\/noticiasmercedinas.com\/site\/2025\/10\/14\/renovacion-en-giro-creativo-grafica-cambia-de-duenos-extiende-horarios-y-cambia-de-local\/#breadcrumb"},"inLanguage":"es","potentialAction":[{"@type":"ReadAction","target":["https:\/\/noticiasmercedinas.com\/site\/2025\/10\/14\/renovacion-en-giro-creativo-grafica-cambia-de-duenos-extiende-horarios-y-cambia-de-local\/"]}]},{"@type":"ImageObject","inLanguage":"es","@id":"https:\/\/noticiasmercedinas.com\/site\/2025\/10\/14\/renovacion-en-giro-creativo-grafica-cambia-de-duenos-extiende-horarios-y-cambia-de-local\/#primaryimage","url":"https:\/\/noticiasmercedinas.com\/site\/wp-content\/uploads\/2025\/10\/4grafica-e1760446690149.jpg","contentUrl":"https:\/\/noticiasmercedinas.com\/site\/wp-content\/uploads\/2025\/10\/4grafica-e1760446690149.jpg","width":900,"height":940},{"@type":"BreadcrumbList","@id":"https:\/\/noticiasmercedinas.com\/site\/2025\/10\/14\/renovacion-en-giro-creativo-grafica-cambia-de-duenos-extiende-horarios-y-cambia-de-local\/#breadcrumb","itemListElement":[{"@type":"ListItem","position":1,"name":"Portada","item":"https:\/\/noticiasmercedinas.com\/site\/"},{"@type":"ListItem","position":2,"name":"Renovaci\u00f3n en Giro Creativo: gr\u00e1fica cambia de due\u00f1os y de local, y extiende horarios"}]},{"@type":"WebSite","@id":"https:\/\/noticiasmercedinas.com\/site\/#website","url":"https:\/\/noticiasmercedinas.com\/site\/","name":"NOTICIASMERCEDINAS.COM","description":"Mercedes, Buenos Aires, Argentina","publisher":{"@id":"https:\/\/noticiasmercedinas.com\/site\/#organization"},"potentialAction":[{"@type":"SearchAction","target":{"@type":"EntryPoint","urlTemplate":"https:\/\/noticiasmercedinas.com\/site\/?s={search_term_string}"},"query-input":{"@type":"PropertyValueSpecification","valueRequired":true,"valueName":"search_term_string"}}],"inLanguage":"es"},{"@type":"Organization","@id":"https:\/\/noticiasmercedinas.com\/site\/#organization","name":"NOTICIASMERCEDINAS.COM","url":"https:\/\/noticiasmercedinas.com\/site\/","logo":{"@type":"ImageObject","inLanguage":"es","@id":"https:\/\/noticiasmercedinas.com\/site\/#\/schema\/logo\/image\/","url":"https:\/\/noticiasmercedinas.com\/site\/wp-content\/uploads\/2020\/06\/LOGO-512.jpg","contentUrl":"https:\/\/noticiasmercedinas.com\/site\/wp-content\/uploads\/2020\/06\/LOGO-512.jpg","width":512,"height":512,"caption":"NOTICIASMERCEDINAS.COM"},"image":{"@id":"https:\/\/noticiasmercedinas.com\/site\/#\/schema\/logo\/image\/"},"sameAs":["https:\/\/www.facebook.com\/noticiasmercedinas\/","https:\/\/x.com\/notmercedinas","https:\/\/www.instagram.com\/noticiasmercedinas\/"]},{"@type":"Person","@id":"https:\/\/noticiasmercedinas.com\/site\/#\/schema\/person\/84b59c099c28ff2e8b77d4ceec5d8063","name":"NOTICIASMERCEDINAS.COM","image":{"@type":"ImageObject","inLanguage":"es","@id":"https:\/\/secure.gravatar.com\/avatar\/4dfbf16b4d17945bfb6341b2d19043457132fcf478a5ee04f42e959fd8f5df0a?s=96&d=mm&r=g","url":"https:\/\/secure.gravatar.com\/avatar\/4dfbf16b4d17945bfb6341b2d19043457132fcf478a5ee04f42e959fd8f5df0a?s=96&d=mm&r=g","contentUrl":"https:\/\/secure.gravatar.com\/avatar\/4dfbf16b4d17945bfb6341b2d19043457132fcf478a5ee04f42e959fd8f5df0a?s=96&d=mm&r=g","caption":"NOTICIASMERCEDINAS.COM"},"url":"https:\/\/noticiasmercedinas.com\/site\/author\/anonimo\/"}]}},"amp_enabled":true,"_links":{"self":[{"href":"https:\/\/noticiasmercedinas.com\/site\/wp-json\/wp\/v2\/posts\/171832","targetHints":{"allow":["GET"]}}],"collection":[{"href":"https:\/\/noticiasmercedinas.com\/site\/wp-json\/wp\/v2\/posts"}],"about":[{"href":"https:\/\/noticiasmercedinas.com\/site\/wp-json\/wp\/v2\/types\/post"}],"author":[{"embeddable":true,"href":"https:\/\/noticiasmercedinas.com\/site\/wp-json\/wp\/v2\/users\/16"}],"replies":[{"embeddable":true,"href":"https:\/\/noticiasmercedinas.com\/site\/wp-json\/wp\/v2\/comments?post=171832"}],"version-history":[{"count":3,"href":"https:\/\/noticiasmercedinas.com\/site\/wp-json\/wp\/v2\/posts\/171832\/revisions"}],"predecessor-version":[{"id":171858,"href":"https:\/\/noticiasmercedinas.com\/site\/wp-json\/wp\/v2\/posts\/171832\/revisions\/171858"}],"wp:featuredmedia":[{"embeddable":true,"href":"https:\/\/noticiasmercedinas.com\/site\/wp-json\/wp\/v2\/media\/171850"}],"wp:attachment":[{"href":"https:\/\/noticiasmercedinas.com\/site\/wp-json\/wp\/v2\/media?parent=171832"}],"wp:term":[{"taxonomy":"category","embeddable":true,"href":"https:\/\/noticiasmercedinas.com\/site\/wp-json\/wp\/v2\/categories?post=171832"},{"taxonomy":"post_tag","embeddable":true,"href":"https:\/\/noticiasmercedinas.com\/site\/wp-json\/wp\/v2\/tags?post=171832"}],"curies":[{"name":"wp","href":"https:\/\/api.w.org\/{rel}","templated":true}]}}