{"id":171890,"date":"2025-10-14T17:17:54","date_gmt":"2025-10-14T20:17:54","guid":{"rendered":"https:\/\/noticiasmercedinas.com\/site\/?p=171890"},"modified":"2025-10-14T17:17:54","modified_gmt":"2025-10-14T20:17:54","slug":"este-sabado-en-el-roxy-las-pistolas-de-warhol-en-homenaje-mundial-a-heroes-del-silencio","status":"publish","type":"post","link":"https:\/\/noticiasmercedinas.com\/site\/2025\/10\/14\/este-sabado-en-el-roxy-las-pistolas-de-warhol-en-homenaje-mundial-a-heroes-del-silencio\/","title":{"rendered":"Este s\u00e1bado en el Roxy, \u00abLas Pistolas de Warhol\u00bb en Homenaje Mundial a H\u00e9roes del Silencio"},"content":{"rendered":"<div id=\"model-response-message-contentr_948cf1d2ee74c21e\" class=\"markdown markdown-main-panel enable-updated-hr-color\" dir=\"ltr\">\n<p><img loading=\"lazy\" decoding=\"async\" class=\"alignnone size-full wp-image-171891\" src=\"https:\/\/noticiasmercedinas.com\/site\/wp-content\/uploads\/2025\/10\/LPD.jpg\" alt=\"\" width=\"733\" height=\"445\" srcset=\"https:\/\/noticiasmercedinas.com\/site\/wp-content\/uploads\/2025\/10\/LPD.jpg 733w, https:\/\/noticiasmercedinas.com\/site\/wp-content\/uploads\/2025\/10\/LPD-300x182.jpg 300w, https:\/\/noticiasmercedinas.com\/site\/wp-content\/uploads\/2025\/10\/LPD-640x389.jpg 640w, https:\/\/noticiasmercedinas.com\/site\/wp-content\/uploads\/2025\/10\/LPD-681x413.jpg 681w\" sizes=\"auto, (max-width: 733px) 100vw, 733px\" \/><\/p>\n<p><b>La banda tributo \u00abLas Pistolas de Warhol\u00bb ser\u00e1 parte central del \u00abHomenaje Mundial a H\u00e9roes del Silencio\u00bb que se celebra en Buenos Aires este s\u00e1bado 18 de octubre en The Roxy Live (Palermo).<\/b><\/p>\n<p>El evento forma parte de un tributo simult\u00e1neo a la m\u00edtica banda espa\u00f1ola que se realiza en distintos pa\u00edses del mundo. Las puertas del reconocido local se abrir\u00e1n a las <b>16:00 horas<\/b> con una agenda previa al inicio de la m\u00fasica en vivo, que busca sumergir a los fan\u00e1ticos en la historia del grupo.<\/p>\n<p>El homenaje comenzar\u00e1 con actividades de inmersi\u00f3n para los asistentes antes de que las bandas suban al escenario:<\/p>\n<ul>\n<li><b>16:00 a 18:00 hs.:<\/b> Exposici\u00f3n de H\u00e9roes del Silencio, trivias y sorteos.<\/li>\n<li><b>A partir de las 18:00 hs.:<\/b> Comienzan las presentaciones en vivo de las bandas tributo.<\/li>\n<\/ul>\n<p>\u00abLas Pistolas de Warhol\u00bb est\u00e1 integrada por <b>Santiago Riolfo<\/b> (bajo), <b>Gast\u00f3n Sorof<\/b> (voz y guitarras), <b>Tom\u00e1s Costa Paz<\/b> (guitarra), <b>Iv\u00e1n Sorof<\/b> (guitarra) y <b>Octavio M\u00f3naco<\/b> (bater\u00eda).<\/p>\n<p>La banda ha sido reconocida individualmente en el evento \u00abEl Cover de Oro\u00bb por su calidad musical:<\/p>\n<ul>\n<li><b>Mejor Baterista (2023):<\/b> Octavio M\u00f3naco.<\/li>\n<li><b>Mejor Voz (2024):<\/b> Gast\u00f3n Sorof.<\/li>\n<li><b>Mejores Guitarristas (2025):<\/b> Tom\u00e1s Costa Paz e Iv\u00e1n Sorof.<\/li>\n<\/ul>\n<p>El show del s\u00e1bado contar\u00e1 tambi\u00e9n con la participaci\u00f3n de otras bandas tributo: <b>\u00abMagia cham\u00e1n\u00bb<\/b>, <b>\u00abCharly Quiroga\u00bb<\/b> y <b>\u00abEntre dos tierras\u00bb<\/b>.<\/p>\n<p>Cada agrupaci\u00f3n interpretar\u00e1 un disco completo de la discograf\u00eda de H\u00e9roes del Silencio, garantizando a los fan\u00e1ticos un recorrido exhaustivo por la obra del grupo.<\/p>\n<p>THE ROXY LIVE <a class=\"x1i10hfl xjbqb8w x1ejq31n x18oe1m7 x1sy0etr xstzfhl x972fbf x10w94by x1qhh985 x14e42zd x9f619 x1ypdohk xt0psk2 x3ct3a4 xdj266r x14z9mp xat24cr x1lziwak xexx8yu xyri2b x18d9i69 x1c1uobl x16tdsg8 x1hl2dhg xggy1nq x1a2a7pz notranslate _a6hd\" tabindex=\"0\" role=\"link\" href=\"https:\/\/www.instagram.com\/theroxylive\/\">@theroxylive<\/a>\u00a0, Niceto Vega 5524<\/p>\n<p><img loading=\"lazy\" decoding=\"async\" class=\"alignnone size-full wp-image-171892\" src=\"https:\/\/noticiasmercedinas.com\/site\/wp-content\/uploads\/2025\/10\/LPD1.jpg\" alt=\"\" width=\"733\" height=\"445\" srcset=\"https:\/\/noticiasmercedinas.com\/site\/wp-content\/uploads\/2025\/10\/LPD1.jpg 733w, https:\/\/noticiasmercedinas.com\/site\/wp-content\/uploads\/2025\/10\/LPD1-300x182.jpg 300w, https:\/\/noticiasmercedinas.com\/site\/wp-content\/uploads\/2025\/10\/LPD1-640x389.jpg 640w, https:\/\/noticiasmercedinas.com\/site\/wp-content\/uploads\/2025\/10\/LPD1-681x413.jpg 681w\" sizes=\"auto, (max-width: 733px) 100vw, 733px\" \/><\/p>\n<\/div>\n","protected":false},"excerpt":{"rendered":"<p>\u25a0 \u00abLas Pistolas de Warhol\u00bb est\u00e1 integrada por Santiago Riolfo (bajo), Gast\u00f3n Sorof (voz y guitarras), Tom\u00e1s Costa Paz (guitarra), Iv\u00e1n Sorof (guitarra) y Octavio M\u00f3naco (bater\u00eda).<\/p>\n","protected":false},"author":2,"featured_media":171891,"comment_status":"closed","ping_status":"closed","sticky":false,"template":"","format":"standard","meta":{"footnotes":""},"categories":[4],"tags":[20904,672,18579,21073],"class_list":["post-171890","post","type-post","status-publish","format-standard","has-post-thumbnail","hentry","category-cultura","tag-heroes-del-silencio","tag-homenaje","tag-las-pistolas-de-warhol","tag-roxy"],"yoast_head":"<!-- This site is optimized with the Yoast SEO plugin v27.4 - https:\/\/yoast.com\/product\/yoast-seo-wordpress\/ -->\n<title>Este s\u00e1bado en el Roxy, &quot;Las Pistolas de Warhol&quot; en Homenaje Mundial a H\u00e9roes del Silencio<\/title>\n<meta name=\"description\" content=\"&quot;Las Pistolas de Warhol&quot; est\u00e1 integrada por Santiago Riolfo (bajo), Gast\u00f3n Sorof (voz y guitarras), Tom\u00e1s Costa Paz (guitarra), Iv\u00e1n Sorof (guitarra) y Octavio M\u00f3naco (bater\u00eda).\" \/>\n<meta name=\"robots\" content=\"index, follow, max-snippet:-1, max-image-preview:large, max-video-preview:-1\" \/>\n<link rel=\"canonical\" href=\"https:\/\/noticiasmercedinas.com\/site\/2025\/10\/14\/este-sabado-en-el-roxy-las-pistolas-de-warhol-en-homenaje-mundial-a-heroes-del-silencio\/\" \/>\n<meta property=\"og:locale\" content=\"es_ES\" \/>\n<meta property=\"og:type\" content=\"article\" \/>\n<meta property=\"og:title\" content=\"Este s\u00e1bado en el Roxy, &quot;Las Pistolas de Warhol&quot; en Homenaje Mundial a H\u00e9roes del Silencio\" \/>\n<meta property=\"og:description\" content=\"&quot;Las Pistolas de Warhol&quot; est\u00e1 integrada por Santiago Riolfo (bajo), Gast\u00f3n Sorof (voz y guitarras), Tom\u00e1s Costa Paz (guitarra), Iv\u00e1n Sorof (guitarra) y Octavio M\u00f3naco (bater\u00eda).\" \/>\n<meta property=\"og:url\" content=\"https:\/\/noticiasmercedinas.com\/site\/2025\/10\/14\/este-sabado-en-el-roxy-las-pistolas-de-warhol-en-homenaje-mundial-a-heroes-del-silencio\/\" \/>\n<meta property=\"og:site_name\" content=\"NOTICIASMERCEDINAS.COM\" \/>\n<meta property=\"article:publisher\" content=\"https:\/\/www.facebook.com\/noticiasmercedinas\/\" \/>\n<meta property=\"article:author\" content=\"https:\/\/www.facebook.com\/cristian.falabella\" \/>\n<meta property=\"article:published_time\" content=\"2025-10-14T20:17:54+00:00\" \/>\n<meta property=\"og:image\" content=\"https:\/\/noticiasmercedinas.com\/site\/wp-content\/uploads\/2025\/10\/LPD.jpg\" \/>\n\t<meta property=\"og:image:width\" content=\"733\" \/>\n\t<meta property=\"og:image:height\" content=\"445\" \/>\n\t<meta property=\"og:image:type\" content=\"image\/jpeg\" \/>\n<meta name=\"author\" content=\"Cristian Falabella NOTICIASMERCEDINAS.COM\" \/>\n<meta name=\"twitter:card\" content=\"summary_large_image\" \/>\n<meta name=\"twitter:creator\" content=\"@https:\/\/twitter.com\/NOTMERCEDINAS\" \/>\n<meta name=\"twitter:site\" content=\"@notmercedinas\" \/>\n<meta name=\"twitter:label1\" content=\"Escrito por\" \/>\n\t<meta name=\"twitter:data1\" content=\"Cristian Falabella NOTICIASMERCEDINAS.COM\" \/>\n\t<meta name=\"twitter:label2\" content=\"Tiempo de lectura\" \/>\n\t<meta name=\"twitter:data2\" content=\"2 minutos\" \/>\n<script type=\"application\/ld+json\" class=\"yoast-schema-graph\">{\"@context\":\"https:\\\/\\\/schema.org\",\"@graph\":[{\"@type\":\"Article\",\"@id\":\"https:\\\/\\\/noticiasmercedinas.com\\\/site\\\/2025\\\/10\\\/14\\\/este-sabado-en-el-roxy-las-pistolas-de-warhol-en-homenaje-mundial-a-heroes-del-silencio\\\/#article\",\"isPartOf\":{\"@id\":\"https:\\\/\\\/noticiasmercedinas.com\\\/site\\\/2025\\\/10\\\/14\\\/este-sabado-en-el-roxy-las-pistolas-de-warhol-en-homenaje-mundial-a-heroes-del-silencio\\\/\"},\"author\":{\"name\":\"Cristian Falabella NOTICIASMERCEDINAS.COM\",\"@id\":\"https:\\\/\\\/noticiasmercedinas.com\\\/site\\\/#\\\/schema\\\/person\\\/d481a9696a5feaec13a60e2bbd991a6a\"},\"headline\":\"Este s\u00e1bado en el Roxy, \u00abLas Pistolas de Warhol\u00bb en Homenaje Mundial a H\u00e9roes del Silencio\",\"datePublished\":\"2025-10-14T20:17:54+00:00\",\"mainEntityOfPage\":{\"@id\":\"https:\\\/\\\/noticiasmercedinas.com\\\/site\\\/2025\\\/10\\\/14\\\/este-sabado-en-el-roxy-las-pistolas-de-warhol-en-homenaje-mundial-a-heroes-del-silencio\\\/\"},\"wordCount\":285,\"publisher\":{\"@id\":\"https:\\\/\\\/noticiasmercedinas.com\\\/site\\\/#organization\"},\"image\":{\"@id\":\"https:\\\/\\\/noticiasmercedinas.com\\\/site\\\/2025\\\/10\\\/14\\\/este-sabado-en-el-roxy-las-pistolas-de-warhol-en-homenaje-mundial-a-heroes-del-silencio\\\/#primaryimage\"},\"thumbnailUrl\":\"https:\\\/\\\/noticiasmercedinas.com\\\/site\\\/wp-content\\\/uploads\\\/2025\\\/10\\\/LPD.jpg\",\"keywords\":[\"heroes del silencio\",\"homenaje\",\"las pistolas de warhol\",\"roxy\"],\"articleSection\":[\"Cultura\"],\"inLanguage\":\"es\"},{\"@type\":\"WebPage\",\"@id\":\"https:\\\/\\\/noticiasmercedinas.com\\\/site\\\/2025\\\/10\\\/14\\\/este-sabado-en-el-roxy-las-pistolas-de-warhol-en-homenaje-mundial-a-heroes-del-silencio\\\/\",\"url\":\"https:\\\/\\\/noticiasmercedinas.com\\\/site\\\/2025\\\/10\\\/14\\\/este-sabado-en-el-roxy-las-pistolas-de-warhol-en-homenaje-mundial-a-heroes-del-silencio\\\/\",\"name\":\"Este s\u00e1bado en el Roxy, \\\"Las Pistolas de Warhol\\\" en Homenaje Mundial a H\u00e9roes del Silencio\",\"isPartOf\":{\"@id\":\"https:\\\/\\\/noticiasmercedinas.com\\\/site\\\/#website\"},\"primaryImageOfPage\":{\"@id\":\"https:\\\/\\\/noticiasmercedinas.com\\\/site\\\/2025\\\/10\\\/14\\\/este-sabado-en-el-roxy-las-pistolas-de-warhol-en-homenaje-mundial-a-heroes-del-silencio\\\/#primaryimage\"},\"image\":{\"@id\":\"https:\\\/\\\/noticiasmercedinas.com\\\/site\\\/2025\\\/10\\\/14\\\/este-sabado-en-el-roxy-las-pistolas-de-warhol-en-homenaje-mundial-a-heroes-del-silencio\\\/#primaryimage\"},\"thumbnailUrl\":\"https:\\\/\\\/noticiasmercedinas.com\\\/site\\\/wp-content\\\/uploads\\\/2025\\\/10\\\/LPD.jpg\",\"datePublished\":\"2025-10-14T20:17:54+00:00\",\"description\":\"\\\"Las Pistolas de Warhol\\\" est\u00e1 integrada por Santiago Riolfo (bajo), Gast\u00f3n Sorof (voz y guitarras), Tom\u00e1s Costa Paz (guitarra), Iv\u00e1n Sorof (guitarra) y Octavio M\u00f3naco (bater\u00eda).\",\"breadcrumb\":{\"@id\":\"https:\\\/\\\/noticiasmercedinas.com\\\/site\\\/2025\\\/10\\\/14\\\/este-sabado-en-el-roxy-las-pistolas-de-warhol-en-homenaje-mundial-a-heroes-del-silencio\\\/#breadcrumb\"},\"inLanguage\":\"es\",\"potentialAction\":[{\"@type\":\"ReadAction\",\"target\":[\"https:\\\/\\\/noticiasmercedinas.com\\\/site\\\/2025\\\/10\\\/14\\\/este-sabado-en-el-roxy-las-pistolas-de-warhol-en-homenaje-mundial-a-heroes-del-silencio\\\/\"]}]},{\"@type\":\"ImageObject\",\"inLanguage\":\"es\",\"@id\":\"https:\\\/\\\/noticiasmercedinas.com\\\/site\\\/2025\\\/10\\\/14\\\/este-sabado-en-el-roxy-las-pistolas-de-warhol-en-homenaje-mundial-a-heroes-del-silencio\\\/#primaryimage\",\"url\":\"https:\\\/\\\/noticiasmercedinas.com\\\/site\\\/wp-content\\\/uploads\\\/2025\\\/10\\\/LPD.jpg\",\"contentUrl\":\"https:\\\/\\\/noticiasmercedinas.com\\\/site\\\/wp-content\\\/uploads\\\/2025\\\/10\\\/LPD.jpg\",\"width\":733,\"height\":445},{\"@type\":\"BreadcrumbList\",\"@id\":\"https:\\\/\\\/noticiasmercedinas.com\\\/site\\\/2025\\\/10\\\/14\\\/este-sabado-en-el-roxy-las-pistolas-de-warhol-en-homenaje-mundial-a-heroes-del-silencio\\\/#breadcrumb\",\"itemListElement\":[{\"@type\":\"ListItem\",\"position\":1,\"name\":\"Portada\",\"item\":\"https:\\\/\\\/noticiasmercedinas.com\\\/site\\\/\"},{\"@type\":\"ListItem\",\"position\":2,\"name\":\"Este s\u00e1bado en el Roxy, \u00abLas Pistolas de Warhol\u00bb en Homenaje Mundial a H\u00e9roes del Silencio\"}]},{\"@type\":\"WebSite\",\"@id\":\"https:\\\/\\\/noticiasmercedinas.com\\\/site\\\/#website\",\"url\":\"https:\\\/\\\/noticiasmercedinas.com\\\/site\\\/\",\"name\":\"NOTICIASMERCEDINAS.COM\",\"description\":\"Mercedes, Buenos Aires, Argentina\",\"publisher\":{\"@id\":\"https:\\\/\\\/noticiasmercedinas.com\\\/site\\\/#organization\"},\"potentialAction\":[{\"@type\":\"SearchAction\",\"target\":{\"@type\":\"EntryPoint\",\"urlTemplate\":\"https:\\\/\\\/noticiasmercedinas.com\\\/site\\\/?s={search_term_string}\"},\"query-input\":{\"@type\":\"PropertyValueSpecification\",\"valueRequired\":true,\"valueName\":\"search_term_string\"}}],\"inLanguage\":\"es\"},{\"@type\":\"Organization\",\"@id\":\"https:\\\/\\\/noticiasmercedinas.com\\\/site\\\/#organization\",\"name\":\"NOTICIASMERCEDINAS.COM\",\"url\":\"https:\\\/\\\/noticiasmercedinas.com\\\/site\\\/\",\"logo\":{\"@type\":\"ImageObject\",\"inLanguage\":\"es\",\"@id\":\"https:\\\/\\\/noticiasmercedinas.com\\\/site\\\/#\\\/schema\\\/logo\\\/image\\\/\",\"url\":\"https:\\\/\\\/noticiasmercedinas.com\\\/site\\\/wp-content\\\/uploads\\\/2020\\\/06\\\/LOGO-512.jpg\",\"contentUrl\":\"https:\\\/\\\/noticiasmercedinas.com\\\/site\\\/wp-content\\\/uploads\\\/2020\\\/06\\\/LOGO-512.jpg\",\"width\":512,\"height\":512,\"caption\":\"NOTICIASMERCEDINAS.COM\"},\"image\":{\"@id\":\"https:\\\/\\\/noticiasmercedinas.com\\\/site\\\/#\\\/schema\\\/logo\\\/image\\\/\"},\"sameAs\":[\"https:\\\/\\\/www.facebook.com\\\/noticiasmercedinas\\\/\",\"https:\\\/\\\/x.com\\\/notmercedinas\",\"https:\\\/\\\/www.instagram.com\\\/noticiasmercedinas\\\/\"]},{\"@type\":\"Person\",\"@id\":\"https:\\\/\\\/noticiasmercedinas.com\\\/site\\\/#\\\/schema\\\/person\\\/d481a9696a5feaec13a60e2bbd991a6a\",\"name\":\"Cristian Falabella NOTICIASMERCEDINAS.COM\",\"image\":{\"@type\":\"ImageObject\",\"inLanguage\":\"es\",\"@id\":\"https:\\\/\\\/secure.gravatar.com\\\/avatar\\\/0dbbfc45970cc46bcd0e57766228574ff3511d6eed045b182f536f0f478c1f06?s=96&d=mm&r=g\",\"url\":\"https:\\\/\\\/secure.gravatar.com\\\/avatar\\\/0dbbfc45970cc46bcd0e57766228574ff3511d6eed045b182f536f0f478c1f06?s=96&d=mm&r=g\",\"contentUrl\":\"https:\\\/\\\/secure.gravatar.com\\\/avatar\\\/0dbbfc45970cc46bcd0e57766228574ff3511d6eed045b182f536f0f478c1f06?s=96&d=mm&r=g\",\"caption\":\"Cristian Falabella NOTICIASMERCEDINAS.COM\"},\"description\":\"Periodista, editor de Noticias Mercedinas. Pas\u00f3 por varias redacciones y emprendimientos de prensa, en distintos formatos y \u00e9pocas. Se especializ\u00f3 --y sigue haci\u00e9ndolo-- en comunicaci\u00f3n en la web y en junio de 2006 fund\u00f3 este diario digital.\",\"sameAs\":[\"https:\\\/\\\/noticiasmercedinas.com\",\"https:\\\/\\\/www.facebook.com\\\/cristian.falabella\",\"https:\\\/\\\/www.instagram.com\\\/noticiasmercedinas\\\/\",\"https:\\\/\\\/x.com\\\/https:\\\/\\\/twitter.com\\\/NOTMERCEDINAS\"],\"url\":\"https:\\\/\\\/noticiasmercedinas.com\\\/site\\\/author\\\/as000384\\\/\"}]}<\/script>\n<!-- \/ Yoast SEO plugin. -->","yoast_head_json":{"title":"Este s\u00e1bado en el Roxy, \"Las Pistolas de Warhol\" en Homenaje Mundial a H\u00e9roes del Silencio","description":"\"Las Pistolas de Warhol\" est\u00e1 integrada por Santiago Riolfo (bajo), Gast\u00f3n Sorof (voz y guitarras), Tom\u00e1s Costa Paz (guitarra), Iv\u00e1n Sorof (guitarra) y Octavio M\u00f3naco (bater\u00eda).","robots":{"index":"index","follow":"follow","max-snippet":"max-snippet:-1","max-image-preview":"max-image-preview:large","max-video-preview":"max-video-preview:-1"},"canonical":"https:\/\/noticiasmercedinas.com\/site\/2025\/10\/14\/este-sabado-en-el-roxy-las-pistolas-de-warhol-en-homenaje-mundial-a-heroes-del-silencio\/","og_locale":"es_ES","og_type":"article","og_title":"Este s\u00e1bado en el Roxy, \"Las Pistolas de Warhol\" en Homenaje Mundial a H\u00e9roes del Silencio","og_description":"\"Las Pistolas de Warhol\" est\u00e1 integrada por Santiago Riolfo (bajo), Gast\u00f3n Sorof (voz y guitarras), Tom\u00e1s Costa Paz (guitarra), Iv\u00e1n Sorof (guitarra) y Octavio M\u00f3naco (bater\u00eda).","og_url":"https:\/\/noticiasmercedinas.com\/site\/2025\/10\/14\/este-sabado-en-el-roxy-las-pistolas-de-warhol-en-homenaje-mundial-a-heroes-del-silencio\/","og_site_name":"NOTICIASMERCEDINAS.COM","article_publisher":"https:\/\/www.facebook.com\/noticiasmercedinas\/","article_author":"https:\/\/www.facebook.com\/cristian.falabella","article_published_time":"2025-10-14T20:17:54+00:00","og_image":[{"width":733,"height":445,"url":"https:\/\/noticiasmercedinas.com\/site\/wp-content\/uploads\/2025\/10\/LPD.jpg","type":"image\/jpeg"}],"author":"Cristian Falabella NOTICIASMERCEDINAS.COM","twitter_card":"summary_large_image","twitter_creator":"@https:\/\/twitter.com\/NOTMERCEDINAS","twitter_site":"@notmercedinas","twitter_misc":{"Escrito por":"Cristian Falabella NOTICIASMERCEDINAS.COM","Tiempo de lectura":"2 minutos"},"schema":{"@context":"https:\/\/schema.org","@graph":[{"@type":"Article","@id":"https:\/\/noticiasmercedinas.com\/site\/2025\/10\/14\/este-sabado-en-el-roxy-las-pistolas-de-warhol-en-homenaje-mundial-a-heroes-del-silencio\/#article","isPartOf":{"@id":"https:\/\/noticiasmercedinas.com\/site\/2025\/10\/14\/este-sabado-en-el-roxy-las-pistolas-de-warhol-en-homenaje-mundial-a-heroes-del-silencio\/"},"author":{"name":"Cristian Falabella NOTICIASMERCEDINAS.COM","@id":"https:\/\/noticiasmercedinas.com\/site\/#\/schema\/person\/d481a9696a5feaec13a60e2bbd991a6a"},"headline":"Este s\u00e1bado en el Roxy, \u00abLas Pistolas de Warhol\u00bb en Homenaje Mundial a H\u00e9roes del Silencio","datePublished":"2025-10-14T20:17:54+00:00","mainEntityOfPage":{"@id":"https:\/\/noticiasmercedinas.com\/site\/2025\/10\/14\/este-sabado-en-el-roxy-las-pistolas-de-warhol-en-homenaje-mundial-a-heroes-del-silencio\/"},"wordCount":285,"publisher":{"@id":"https:\/\/noticiasmercedinas.com\/site\/#organization"},"image":{"@id":"https:\/\/noticiasmercedinas.com\/site\/2025\/10\/14\/este-sabado-en-el-roxy-las-pistolas-de-warhol-en-homenaje-mundial-a-heroes-del-silencio\/#primaryimage"},"thumbnailUrl":"https:\/\/noticiasmercedinas.com\/site\/wp-content\/uploads\/2025\/10\/LPD.jpg","keywords":["heroes del silencio","homenaje","las pistolas de warhol","roxy"],"articleSection":["Cultura"],"inLanguage":"es"},{"@type":"WebPage","@id":"https:\/\/noticiasmercedinas.com\/site\/2025\/10\/14\/este-sabado-en-el-roxy-las-pistolas-de-warhol-en-homenaje-mundial-a-heroes-del-silencio\/","url":"https:\/\/noticiasmercedinas.com\/site\/2025\/10\/14\/este-sabado-en-el-roxy-las-pistolas-de-warhol-en-homenaje-mundial-a-heroes-del-silencio\/","name":"Este s\u00e1bado en el Roxy, \"Las Pistolas de Warhol\" en Homenaje Mundial a H\u00e9roes del Silencio","isPartOf":{"@id":"https:\/\/noticiasmercedinas.com\/site\/#website"},"primaryImageOfPage":{"@id":"https:\/\/noticiasmercedinas.com\/site\/2025\/10\/14\/este-sabado-en-el-roxy-las-pistolas-de-warhol-en-homenaje-mundial-a-heroes-del-silencio\/#primaryimage"},"image":{"@id":"https:\/\/noticiasmercedinas.com\/site\/2025\/10\/14\/este-sabado-en-el-roxy-las-pistolas-de-warhol-en-homenaje-mundial-a-heroes-del-silencio\/#primaryimage"},"thumbnailUrl":"https:\/\/noticiasmercedinas.com\/site\/wp-content\/uploads\/2025\/10\/LPD.jpg","datePublished":"2025-10-14T20:17:54+00:00","description":"\"Las Pistolas de Warhol\" est\u00e1 integrada por Santiago Riolfo (bajo), Gast\u00f3n Sorof (voz y guitarras), Tom\u00e1s Costa Paz (guitarra), Iv\u00e1n Sorof (guitarra) y Octavio M\u00f3naco (bater\u00eda).","breadcrumb":{"@id":"https:\/\/noticiasmercedinas.com\/site\/2025\/10\/14\/este-sabado-en-el-roxy-las-pistolas-de-warhol-en-homenaje-mundial-a-heroes-del-silencio\/#breadcrumb"},"inLanguage":"es","potentialAction":[{"@type":"ReadAction","target":["https:\/\/noticiasmercedinas.com\/site\/2025\/10\/14\/este-sabado-en-el-roxy-las-pistolas-de-warhol-en-homenaje-mundial-a-heroes-del-silencio\/"]}]},{"@type":"ImageObject","inLanguage":"es","@id":"https:\/\/noticiasmercedinas.com\/site\/2025\/10\/14\/este-sabado-en-el-roxy-las-pistolas-de-warhol-en-homenaje-mundial-a-heroes-del-silencio\/#primaryimage","url":"https:\/\/noticiasmercedinas.com\/site\/wp-content\/uploads\/2025\/10\/LPD.jpg","contentUrl":"https:\/\/noticiasmercedinas.com\/site\/wp-content\/uploads\/2025\/10\/LPD.jpg","width":733,"height":445},{"@type":"BreadcrumbList","@id":"https:\/\/noticiasmercedinas.com\/site\/2025\/10\/14\/este-sabado-en-el-roxy-las-pistolas-de-warhol-en-homenaje-mundial-a-heroes-del-silencio\/#breadcrumb","itemListElement":[{"@type":"ListItem","position":1,"name":"Portada","item":"https:\/\/noticiasmercedinas.com\/site\/"},{"@type":"ListItem","position":2,"name":"Este s\u00e1bado en el Roxy, \u00abLas Pistolas de Warhol\u00bb en Homenaje Mundial a H\u00e9roes del Silencio"}]},{"@type":"WebSite","@id":"https:\/\/noticiasmercedinas.com\/site\/#website","url":"https:\/\/noticiasmercedinas.com\/site\/","name":"NOTICIASMERCEDINAS.COM","description":"Mercedes, Buenos Aires, Argentina","publisher":{"@id":"https:\/\/noticiasmercedinas.com\/site\/#organization"},"potentialAction":[{"@type":"SearchAction","target":{"@type":"EntryPoint","urlTemplate":"https:\/\/noticiasmercedinas.com\/site\/?s={search_term_string}"},"query-input":{"@type":"PropertyValueSpecification","valueRequired":true,"valueName":"search_term_string"}}],"inLanguage":"es"},{"@type":"Organization","@id":"https:\/\/noticiasmercedinas.com\/site\/#organization","name":"NOTICIASMERCEDINAS.COM","url":"https:\/\/noticiasmercedinas.com\/site\/","logo":{"@type":"ImageObject","inLanguage":"es","@id":"https:\/\/noticiasmercedinas.com\/site\/#\/schema\/logo\/image\/","url":"https:\/\/noticiasmercedinas.com\/site\/wp-content\/uploads\/2020\/06\/LOGO-512.jpg","contentUrl":"https:\/\/noticiasmercedinas.com\/site\/wp-content\/uploads\/2020\/06\/LOGO-512.jpg","width":512,"height":512,"caption":"NOTICIASMERCEDINAS.COM"},"image":{"@id":"https:\/\/noticiasmercedinas.com\/site\/#\/schema\/logo\/image\/"},"sameAs":["https:\/\/www.facebook.com\/noticiasmercedinas\/","https:\/\/x.com\/notmercedinas","https:\/\/www.instagram.com\/noticiasmercedinas\/"]},{"@type":"Person","@id":"https:\/\/noticiasmercedinas.com\/site\/#\/schema\/person\/d481a9696a5feaec13a60e2bbd991a6a","name":"Cristian Falabella NOTICIASMERCEDINAS.COM","image":{"@type":"ImageObject","inLanguage":"es","@id":"https:\/\/secure.gravatar.com\/avatar\/0dbbfc45970cc46bcd0e57766228574ff3511d6eed045b182f536f0f478c1f06?s=96&d=mm&r=g","url":"https:\/\/secure.gravatar.com\/avatar\/0dbbfc45970cc46bcd0e57766228574ff3511d6eed045b182f536f0f478c1f06?s=96&d=mm&r=g","contentUrl":"https:\/\/secure.gravatar.com\/avatar\/0dbbfc45970cc46bcd0e57766228574ff3511d6eed045b182f536f0f478c1f06?s=96&d=mm&r=g","caption":"Cristian Falabella NOTICIASMERCEDINAS.COM"},"description":"Periodista, editor de Noticias Mercedinas. Pas\u00f3 por varias redacciones y emprendimientos de prensa, en distintos formatos y \u00e9pocas. Se especializ\u00f3 --y sigue haci\u00e9ndolo-- en comunicaci\u00f3n en la web y en junio de 2006 fund\u00f3 este diario digital.","sameAs":["https:\/\/noticiasmercedinas.com","https:\/\/www.facebook.com\/cristian.falabella","https:\/\/www.instagram.com\/noticiasmercedinas\/","https:\/\/x.com\/https:\/\/twitter.com\/NOTMERCEDINAS"],"url":"https:\/\/noticiasmercedinas.com\/site\/author\/as000384\/"}]}},"amp_enabled":true,"_links":{"self":[{"href":"https:\/\/noticiasmercedinas.com\/site\/wp-json\/wp\/v2\/posts\/171890","targetHints":{"allow":["GET"]}}],"collection":[{"href":"https:\/\/noticiasmercedinas.com\/site\/wp-json\/wp\/v2\/posts"}],"about":[{"href":"https:\/\/noticiasmercedinas.com\/site\/wp-json\/wp\/v2\/types\/post"}],"author":[{"embeddable":true,"href":"https:\/\/noticiasmercedinas.com\/site\/wp-json\/wp\/v2\/users\/2"}],"replies":[{"embeddable":true,"href":"https:\/\/noticiasmercedinas.com\/site\/wp-json\/wp\/v2\/comments?post=171890"}],"version-history":[{"count":2,"href":"https:\/\/noticiasmercedinas.com\/site\/wp-json\/wp\/v2\/posts\/171890\/revisions"}],"predecessor-version":[{"id":171894,"href":"https:\/\/noticiasmercedinas.com\/site\/wp-json\/wp\/v2\/posts\/171890\/revisions\/171894"}],"wp:featuredmedia":[{"embeddable":true,"href":"https:\/\/noticiasmercedinas.com\/site\/wp-json\/wp\/v2\/media\/171891"}],"wp:attachment":[{"href":"https:\/\/noticiasmercedinas.com\/site\/wp-json\/wp\/v2\/media?parent=171890"}],"wp:term":[{"taxonomy":"category","embeddable":true,"href":"https:\/\/noticiasmercedinas.com\/site\/wp-json\/wp\/v2\/categories?post=171890"},{"taxonomy":"post_tag","embeddable":true,"href":"https:\/\/noticiasmercedinas.com\/site\/wp-json\/wp\/v2\/tags?post=171890"}],"curies":[{"name":"wp","href":"https:\/\/api.w.org\/{rel}","templated":true}]}}