{"id":172274,"date":"2025-10-19T12:23:10","date_gmt":"2025-10-19T15:23:10","guid":{"rendered":"https:\/\/noticiasmercedinas.com\/site\/?p=172274"},"modified":"2025-10-19T12:24:04","modified_gmt":"2025-10-19T15:24:04","slug":"como-local-club-mercedes-apunta-a-meterse-en-la-semifinal","status":"publish","type":"post","link":"https:\/\/noticiasmercedinas.com\/site\/2025\/10\/19\/como-local-club-mercedes-apunta-a-meterse-en-la-semifinal\/","title":{"rendered":"Como local Club Mercedes apunta a meterse en la semifinal"},"content":{"rendered":"<figure id=\"attachment_172275\" aria-describedby=\"caption-attachment-172275\" style=\"width: 640px\" class=\"wp-caption alignnone\"><img loading=\"lazy\" decoding=\"async\" class=\"wp-image-172275 size-full\" src=\"https:\/\/noticiasmercedinas.com\/site\/wp-content\/uploads\/2025\/10\/IMG_1979.jpg\" alt=\"\" width=\"640\" height=\"421\" srcset=\"https:\/\/noticiasmercedinas.com\/site\/wp-content\/uploads\/2025\/10\/IMG_1979.jpg 640w, https:\/\/noticiasmercedinas.com\/site\/wp-content\/uploads\/2025\/10\/IMG_1979-300x197.jpg 300w\" sizes=\"auto, (max-width: 640px) 100vw, 640px\" \/><figcaption id=\"caption-attachment-172275\" class=\"wp-caption-text\">La ida lo tuvo a Club Mercedes como ganador ante Atlas.<\/figcaption><\/figure>\n<p>Se viene un cierre de domingo imperdible, por la Primera C de la AFA Club Mercedes en cancha de la Liga Mercedina recibir\u00e1 a Atlas luego del 1-2 de la ida en General Rodr\u00edguez. Desde las 18 el \u201cBlanquinegro\u201d buscar\u00e1 seguir adelante y con ello el incentivo es estar en la Copa Argentina 2026, para meterse en semifinales lo favorecer\u00e1 el empate y mucho m\u00e1s la victoria. Enfrente\u00a0 estar\u00e1 un rival con el que Mercedes ha salido favorecido las tres veces que se enfrentaron en el \u00e1mbito de la AFA.<\/p>\n<p>En el 2024 empataba 1-1 en Rodr\u00edguez mientras que en la Liga se impon\u00eda el equipo de Oscar Mena por 1-0, a esto habr\u00e1 que sumarle el positivo resultado de d\u00edas atr\u00e1s. Por otra parte, definir\u00e1n su pase Claypole y Ca\u00f1uelas ganando la ida el \u201cTambero\u201d por 2 a 1, en Ituzaing\u00f3 tras ganar la ida 1-0 Centro Espa\u00f1ol recibe a Yupanqui, en los tres partidos de darse un empate en el global se ejecutar\u00e1n penales tras los dos tiempos de 45\u2019.<\/p>\n<p>En que hace a la continuidad del certamen se espera por el cuarto semifinalista, surgir\u00e1 de los cruces por el segundo ascenso que est\u00e1 en plena disputa, con ello todo indica que el certamen entrar\u00e1 en pausa al tener que celebrarse ese ida y vuelta y estar de por medio las elecciones nacionales. Fuera de lo que es el ascenso y la Copa tambi\u00e9n se jugar\u00e1 la revancha de la Promoci\u00f3n entre Puerto Nuevo y Metal\u00fargico, fue 2-1 para el \u201cMetalero\u201d la ida.<\/p>\n<p><strong>Domingo 19<\/strong><br \/>\n<strong>Cancha: <\/strong>Liga Mercedina.<br \/>\nA las 18 Club Mercedes vs. Atlas.<br \/>\n<strong>\u00c1rbitro:<\/strong> Iv\u00e1n Castelu Coca.<br \/>\n<strong>Asistente 1:<\/strong> Mat\u00edas Vargas.<br \/>\n<strong>Asistente 2:<\/strong> Federico Machuca.<br \/>\n<strong>Cuarto \u00e1rbitro:<\/strong> Leandro Fedele.<\/p>\n<p>A las 15.30 Claypole vs. Ca\u00f1uelas.<\/p>\n<p><strong>Resultado<\/strong><br \/>\nEn el Carlos Sacaan se jug\u00f3 la revancha este s\u00e1bado entre Centro Espa\u00f1ol y Yupanqui, volvi\u00f3 a imponerse el \u201cGallego\u201d y con ello se mete en semifinal de Copa Argentina esperando rival. Para el \u201cTrapero\u201d fue el \u00faltimo partido del a\u00f1o.<\/p>\n<p><strong>Centro Espa\u00f1ol 4:<\/strong> Lautaro M\u00e9ndez, Francisco Cristaldo, Santiago G\u00f3mez t David Bulacio.<br \/>\n<strong>Yupanqui 2:<\/strong> Juan Cruz Scaleia y Juan Varela.<\/p>\n<p><strong>Segunda Ascenso<\/strong><br \/>\nEste s\u00e1bado 18 se disputaron los partidos de vuelta, Alem volvi\u00f3 a ganarle a Berazategui para meterse en semifinales y quedarse afuera de todo el \u201cNaranja\u201d. Deportivo Espa\u00f1ol que hab\u00eda perdido la ida 2-1 lo gan\u00f3 en Rosario por 3-0 y es otro semifinalista. Luj\u00e1n ten\u00eda todo para clasificar hasta que empat\u00f3 Barracas y en los penales gan\u00f3 el \u201cArrabalero\u201d 5 a 4, desvi\u00f3 su remate Oviedo. El \u201cLujanero\u201d se qued\u00f3 sin chance de ascenso, sigue Sportivo Barracas.<\/p>\n<p><strong>Berazategui 1:<\/strong> Ignacio Cavoret.<br \/>\n<strong>Leandro Alem 2:<\/strong> Lucas U\u00f1ate y Agust\u00edn Dilandro.<\/p>\n<p><strong>Central C\u00f3rdoba 0.<br \/>\nDeportivo Espa\u00f1ol 3:<\/strong> Mario Senra ec, Mauricio Fern\u00e1ndez y Daian Vocos.<\/p>\n<p><strong>Luj\u00e1n 1 (4):<\/strong> Eladio Ramos de penal.<br \/>\n<strong>Sportivo Barracas 1 (5):<\/strong> Rom\u00e1n \u00a0Elsegood.<\/p>\n<p><strong>Semifinales &#8211; ida<\/strong><br \/>\nLeandro Alem vs. Sportivo Barracas.<br \/>\nDeportivo Espa\u00f1ol vs. Ituzaing\u00f3.<\/p>\n<p><strong>Promoci\u00f3n<br \/>\nDomingo 19<br \/>\nCancha:<\/strong> Puerto Nuevo.<br \/>\nA las 11 Puerto Nuevo vs. Deportivo Metal\u00fargico.<\/p>\n","protected":false},"excerpt":{"rendered":"<p>\u25a0 Este domingo 19 recibe a Atlas desde las 18 en cancha de la Liga. La ida dej\u00f3 la victoria del \u201cBlanquinegro\u201d que en una cancha donde se hace fuerte buscar\u00e1 hacer realidad la clasificaci\u00f3n. Se definen otros encuentros. <\/p>\n","protected":false},"author":6,"featured_media":172275,"comment_status":"closed","ping_status":"closed","sticky":false,"template":"","format":"standard","meta":{"footnotes":""},"categories":[5],"tags":[6424,135,6434],"class_list":["post-172274","post","type-post","status-publish","format-standard","has-post-thumbnail","hentry","category-deportes","tag-afa","tag-club-mercedes","tag-primera-c"],"yoast_head":"<!-- This site is optimized with the Yoast SEO plugin v27.4 - https:\/\/yoast.com\/product\/yoast-seo-wordpress\/ -->\n<title>Como local Club Mercedes apunta a meterse en la semifinal<\/title>\n<meta name=\"robots\" content=\"index, follow, max-snippet:-1, max-image-preview:large, max-video-preview:-1\" \/>\n<link rel=\"canonical\" href=\"https:\/\/noticiasmercedinas.com\/site\/2025\/10\/19\/como-local-club-mercedes-apunta-a-meterse-en-la-semifinal\/\" \/>\n<meta property=\"og:locale\" content=\"es_ES\" \/>\n<meta property=\"og:type\" content=\"article\" \/>\n<meta property=\"og:title\" content=\"Como local Club Mercedes apunta a meterse en la semifinal\" \/>\n<meta property=\"og:description\" content=\"\u25a0 Este domingo 19 recibe a Atlas desde las 18 en cancha de la Liga. La ida dej\u00f3 la victoria del \u201cBlanquinegro\u201d que en una cancha donde se hace fuerte buscar\u00e1 hacer realidad la clasificaci\u00f3n. Se definen otros encuentros.\" \/>\n<meta property=\"og:url\" content=\"https:\/\/noticiasmercedinas.com\/site\/2025\/10\/19\/como-local-club-mercedes-apunta-a-meterse-en-la-semifinal\/\" \/>\n<meta property=\"og:site_name\" content=\"NOTICIASMERCEDINAS.COM\" \/>\n<meta property=\"article:publisher\" content=\"https:\/\/www.facebook.com\/noticiasmercedinas\/\" \/>\n<meta property=\"article:published_time\" content=\"2025-10-19T15:23:10+00:00\" \/>\n<meta property=\"article:modified_time\" content=\"2025-10-19T15:24:04+00:00\" \/>\n<meta property=\"og:image\" content=\"https:\/\/noticiasmercedinas.com\/site\/wp-content\/uploads\/2025\/10\/IMG_1979.jpg\" \/>\n\t<meta property=\"og:image:width\" content=\"640\" \/>\n\t<meta property=\"og:image:height\" content=\"421\" \/>\n\t<meta property=\"og:image:type\" content=\"image\/jpeg\" \/>\n<meta name=\"author\" content=\"Juan Dagnino NOTICIASMERCEDINAS.COM\" \/>\n<meta name=\"twitter:card\" content=\"summary_large_image\" \/>\n<meta name=\"twitter:creator\" content=\"@notmercedinas\" \/>\n<meta name=\"twitter:site\" content=\"@notmercedinas\" \/>\n<meta name=\"twitter:label1\" content=\"Escrito por\" \/>\n\t<meta name=\"twitter:data1\" content=\"Juan Dagnino NOTICIASMERCEDINAS.COM\" \/>\n\t<meta name=\"twitter:label2\" content=\"Tiempo de lectura\" \/>\n\t<meta name=\"twitter:data2\" content=\"3 minutos\" \/>\n<script type=\"application\/ld+json\" class=\"yoast-schema-graph\">{\"@context\":\"https:\\\/\\\/schema.org\",\"@graph\":[{\"@type\":\"Article\",\"@id\":\"https:\\\/\\\/noticiasmercedinas.com\\\/site\\\/2025\\\/10\\\/19\\\/como-local-club-mercedes-apunta-a-meterse-en-la-semifinal\\\/#article\",\"isPartOf\":{\"@id\":\"https:\\\/\\\/noticiasmercedinas.com\\\/site\\\/2025\\\/10\\\/19\\\/como-local-club-mercedes-apunta-a-meterse-en-la-semifinal\\\/\"},\"author\":{\"name\":\"Juan Dagnino NOTICIASMERCEDINAS.COM\",\"@id\":\"https:\\\/\\\/noticiasmercedinas.com\\\/site\\\/#\\\/schema\\\/person\\\/8f2f09d666ef40986eba4a5e6f2a06f9\"},\"headline\":\"Como local Club Mercedes apunta a meterse en la semifinal\",\"datePublished\":\"2025-10-19T15:23:10+00:00\",\"dateModified\":\"2025-10-19T15:24:04+00:00\",\"mainEntityOfPage\":{\"@id\":\"https:\\\/\\\/noticiasmercedinas.com\\\/site\\\/2025\\\/10\\\/19\\\/como-local-club-mercedes-apunta-a-meterse-en-la-semifinal\\\/\"},\"wordCount\":535,\"publisher\":{\"@id\":\"https:\\\/\\\/noticiasmercedinas.com\\\/site\\\/#organization\"},\"image\":{\"@id\":\"https:\\\/\\\/noticiasmercedinas.com\\\/site\\\/2025\\\/10\\\/19\\\/como-local-club-mercedes-apunta-a-meterse-en-la-semifinal\\\/#primaryimage\"},\"thumbnailUrl\":\"https:\\\/\\\/noticiasmercedinas.com\\\/site\\\/wp-content\\\/uploads\\\/2025\\\/10\\\/IMG_1979.jpg\",\"keywords\":[\"AFA\",\"club mercedes\",\"Primera C\"],\"articleSection\":[\"Deportes\"],\"inLanguage\":\"es\"},{\"@type\":\"WebPage\",\"@id\":\"https:\\\/\\\/noticiasmercedinas.com\\\/site\\\/2025\\\/10\\\/19\\\/como-local-club-mercedes-apunta-a-meterse-en-la-semifinal\\\/\",\"url\":\"https:\\\/\\\/noticiasmercedinas.com\\\/site\\\/2025\\\/10\\\/19\\\/como-local-club-mercedes-apunta-a-meterse-en-la-semifinal\\\/\",\"name\":\"Como local Club Mercedes apunta a meterse en la semifinal\",\"isPartOf\":{\"@id\":\"https:\\\/\\\/noticiasmercedinas.com\\\/site\\\/#website\"},\"primaryImageOfPage\":{\"@id\":\"https:\\\/\\\/noticiasmercedinas.com\\\/site\\\/2025\\\/10\\\/19\\\/como-local-club-mercedes-apunta-a-meterse-en-la-semifinal\\\/#primaryimage\"},\"image\":{\"@id\":\"https:\\\/\\\/noticiasmercedinas.com\\\/site\\\/2025\\\/10\\\/19\\\/como-local-club-mercedes-apunta-a-meterse-en-la-semifinal\\\/#primaryimage\"},\"thumbnailUrl\":\"https:\\\/\\\/noticiasmercedinas.com\\\/site\\\/wp-content\\\/uploads\\\/2025\\\/10\\\/IMG_1979.jpg\",\"datePublished\":\"2025-10-19T15:23:10+00:00\",\"dateModified\":\"2025-10-19T15:24:04+00:00\",\"breadcrumb\":{\"@id\":\"https:\\\/\\\/noticiasmercedinas.com\\\/site\\\/2025\\\/10\\\/19\\\/como-local-club-mercedes-apunta-a-meterse-en-la-semifinal\\\/#breadcrumb\"},\"inLanguage\":\"es\",\"potentialAction\":[{\"@type\":\"ReadAction\",\"target\":[\"https:\\\/\\\/noticiasmercedinas.com\\\/site\\\/2025\\\/10\\\/19\\\/como-local-club-mercedes-apunta-a-meterse-en-la-semifinal\\\/\"]}]},{\"@type\":\"ImageObject\",\"inLanguage\":\"es\",\"@id\":\"https:\\\/\\\/noticiasmercedinas.com\\\/site\\\/2025\\\/10\\\/19\\\/como-local-club-mercedes-apunta-a-meterse-en-la-semifinal\\\/#primaryimage\",\"url\":\"https:\\\/\\\/noticiasmercedinas.com\\\/site\\\/wp-content\\\/uploads\\\/2025\\\/10\\\/IMG_1979.jpg\",\"contentUrl\":\"https:\\\/\\\/noticiasmercedinas.com\\\/site\\\/wp-content\\\/uploads\\\/2025\\\/10\\\/IMG_1979.jpg\",\"width\":640,\"height\":421},{\"@type\":\"BreadcrumbList\",\"@id\":\"https:\\\/\\\/noticiasmercedinas.com\\\/site\\\/2025\\\/10\\\/19\\\/como-local-club-mercedes-apunta-a-meterse-en-la-semifinal\\\/#breadcrumb\",\"itemListElement\":[{\"@type\":\"ListItem\",\"position\":1,\"name\":\"Portada\",\"item\":\"https:\\\/\\\/noticiasmercedinas.com\\\/site\\\/\"},{\"@type\":\"ListItem\",\"position\":2,\"name\":\"Como local Club Mercedes apunta a meterse en la semifinal\"}]},{\"@type\":\"WebSite\",\"@id\":\"https:\\\/\\\/noticiasmercedinas.com\\\/site\\\/#website\",\"url\":\"https:\\\/\\\/noticiasmercedinas.com\\\/site\\\/\",\"name\":\"NOTICIASMERCEDINAS.COM\",\"description\":\"Mercedes, Buenos Aires, Argentina\",\"publisher\":{\"@id\":\"https:\\\/\\\/noticiasmercedinas.com\\\/site\\\/#organization\"},\"potentialAction\":[{\"@type\":\"SearchAction\",\"target\":{\"@type\":\"EntryPoint\",\"urlTemplate\":\"https:\\\/\\\/noticiasmercedinas.com\\\/site\\\/?s={search_term_string}\"},\"query-input\":{\"@type\":\"PropertyValueSpecification\",\"valueRequired\":true,\"valueName\":\"search_term_string\"}}],\"inLanguage\":\"es\"},{\"@type\":\"Organization\",\"@id\":\"https:\\\/\\\/noticiasmercedinas.com\\\/site\\\/#organization\",\"name\":\"NOTICIASMERCEDINAS.COM\",\"url\":\"https:\\\/\\\/noticiasmercedinas.com\\\/site\\\/\",\"logo\":{\"@type\":\"ImageObject\",\"inLanguage\":\"es\",\"@id\":\"https:\\\/\\\/noticiasmercedinas.com\\\/site\\\/#\\\/schema\\\/logo\\\/image\\\/\",\"url\":\"https:\\\/\\\/noticiasmercedinas.com\\\/site\\\/wp-content\\\/uploads\\\/2020\\\/06\\\/LOGO-512.jpg\",\"contentUrl\":\"https:\\\/\\\/noticiasmercedinas.com\\\/site\\\/wp-content\\\/uploads\\\/2020\\\/06\\\/LOGO-512.jpg\",\"width\":512,\"height\":512,\"caption\":\"NOTICIASMERCEDINAS.COM\"},\"image\":{\"@id\":\"https:\\\/\\\/noticiasmercedinas.com\\\/site\\\/#\\\/schema\\\/logo\\\/image\\\/\"},\"sameAs\":[\"https:\\\/\\\/www.facebook.com\\\/noticiasmercedinas\\\/\",\"https:\\\/\\\/x.com\\\/notmercedinas\",\"https:\\\/\\\/www.instagram.com\\\/noticiasmercedinas\\\/\"]},{\"@type\":\"Person\",\"@id\":\"https:\\\/\\\/noticiasmercedinas.com\\\/site\\\/#\\\/schema\\\/person\\\/8f2f09d666ef40986eba4a5e6f2a06f9\",\"name\":\"Juan Dagnino NOTICIASMERCEDINAS.COM\",\"image\":{\"@type\":\"ImageObject\",\"inLanguage\":\"es\",\"@id\":\"https:\\\/\\\/secure.gravatar.com\\\/avatar\\\/fc7059a769f5a3cae65fadb228a3e4accf3a64b4b2305020d0a27e6d5333c91b?s=96&d=mm&r=g\",\"url\":\"https:\\\/\\\/secure.gravatar.com\\\/avatar\\\/fc7059a769f5a3cae65fadb228a3e4accf3a64b4b2305020d0a27e6d5333c91b?s=96&d=mm&r=g\",\"contentUrl\":\"https:\\\/\\\/secure.gravatar.com\\\/avatar\\\/fc7059a769f5a3cae65fadb228a3e4accf3a64b4b2305020d0a27e6d5333c91b?s=96&d=mm&r=g\",\"caption\":\"Juan Dagnino NOTICIASMERCEDINAS.COM\"},\"url\":\"https:\\\/\\\/noticiasmercedinas.com\\\/site\\\/author\\\/juandagnino\\\/\"}]}<\/script>\n<!-- \/ Yoast SEO plugin. -->","yoast_head_json":{"title":"Como local Club Mercedes apunta a meterse en la semifinal","robots":{"index":"index","follow":"follow","max-snippet":"max-snippet:-1","max-image-preview":"max-image-preview:large","max-video-preview":"max-video-preview:-1"},"canonical":"https:\/\/noticiasmercedinas.com\/site\/2025\/10\/19\/como-local-club-mercedes-apunta-a-meterse-en-la-semifinal\/","og_locale":"es_ES","og_type":"article","og_title":"Como local Club Mercedes apunta a meterse en la semifinal","og_description":"\u25a0 Este domingo 19 recibe a Atlas desde las 18 en cancha de la Liga. La ida dej\u00f3 la victoria del \u201cBlanquinegro\u201d que en una cancha donde se hace fuerte buscar\u00e1 hacer realidad la clasificaci\u00f3n. Se definen otros encuentros.","og_url":"https:\/\/noticiasmercedinas.com\/site\/2025\/10\/19\/como-local-club-mercedes-apunta-a-meterse-en-la-semifinal\/","og_site_name":"NOTICIASMERCEDINAS.COM","article_publisher":"https:\/\/www.facebook.com\/noticiasmercedinas\/","article_published_time":"2025-10-19T15:23:10+00:00","article_modified_time":"2025-10-19T15:24:04+00:00","og_image":[{"width":640,"height":421,"url":"https:\/\/noticiasmercedinas.com\/site\/wp-content\/uploads\/2025\/10\/IMG_1979.jpg","type":"image\/jpeg"}],"author":"Juan Dagnino NOTICIASMERCEDINAS.COM","twitter_card":"summary_large_image","twitter_creator":"@notmercedinas","twitter_site":"@notmercedinas","twitter_misc":{"Escrito por":"Juan Dagnino NOTICIASMERCEDINAS.COM","Tiempo de lectura":"3 minutos"},"schema":{"@context":"https:\/\/schema.org","@graph":[{"@type":"Article","@id":"https:\/\/noticiasmercedinas.com\/site\/2025\/10\/19\/como-local-club-mercedes-apunta-a-meterse-en-la-semifinal\/#article","isPartOf":{"@id":"https:\/\/noticiasmercedinas.com\/site\/2025\/10\/19\/como-local-club-mercedes-apunta-a-meterse-en-la-semifinal\/"},"author":{"name":"Juan Dagnino NOTICIASMERCEDINAS.COM","@id":"https:\/\/noticiasmercedinas.com\/site\/#\/schema\/person\/8f2f09d666ef40986eba4a5e6f2a06f9"},"headline":"Como local Club Mercedes apunta a meterse en la semifinal","datePublished":"2025-10-19T15:23:10+00:00","dateModified":"2025-10-19T15:24:04+00:00","mainEntityOfPage":{"@id":"https:\/\/noticiasmercedinas.com\/site\/2025\/10\/19\/como-local-club-mercedes-apunta-a-meterse-en-la-semifinal\/"},"wordCount":535,"publisher":{"@id":"https:\/\/noticiasmercedinas.com\/site\/#organization"},"image":{"@id":"https:\/\/noticiasmercedinas.com\/site\/2025\/10\/19\/como-local-club-mercedes-apunta-a-meterse-en-la-semifinal\/#primaryimage"},"thumbnailUrl":"https:\/\/noticiasmercedinas.com\/site\/wp-content\/uploads\/2025\/10\/IMG_1979.jpg","keywords":["AFA","club mercedes","Primera C"],"articleSection":["Deportes"],"inLanguage":"es"},{"@type":"WebPage","@id":"https:\/\/noticiasmercedinas.com\/site\/2025\/10\/19\/como-local-club-mercedes-apunta-a-meterse-en-la-semifinal\/","url":"https:\/\/noticiasmercedinas.com\/site\/2025\/10\/19\/como-local-club-mercedes-apunta-a-meterse-en-la-semifinal\/","name":"Como local Club Mercedes apunta a meterse en la semifinal","isPartOf":{"@id":"https:\/\/noticiasmercedinas.com\/site\/#website"},"primaryImageOfPage":{"@id":"https:\/\/noticiasmercedinas.com\/site\/2025\/10\/19\/como-local-club-mercedes-apunta-a-meterse-en-la-semifinal\/#primaryimage"},"image":{"@id":"https:\/\/noticiasmercedinas.com\/site\/2025\/10\/19\/como-local-club-mercedes-apunta-a-meterse-en-la-semifinal\/#primaryimage"},"thumbnailUrl":"https:\/\/noticiasmercedinas.com\/site\/wp-content\/uploads\/2025\/10\/IMG_1979.jpg","datePublished":"2025-10-19T15:23:10+00:00","dateModified":"2025-10-19T15:24:04+00:00","breadcrumb":{"@id":"https:\/\/noticiasmercedinas.com\/site\/2025\/10\/19\/como-local-club-mercedes-apunta-a-meterse-en-la-semifinal\/#breadcrumb"},"inLanguage":"es","potentialAction":[{"@type":"ReadAction","target":["https:\/\/noticiasmercedinas.com\/site\/2025\/10\/19\/como-local-club-mercedes-apunta-a-meterse-en-la-semifinal\/"]}]},{"@type":"ImageObject","inLanguage":"es","@id":"https:\/\/noticiasmercedinas.com\/site\/2025\/10\/19\/como-local-club-mercedes-apunta-a-meterse-en-la-semifinal\/#primaryimage","url":"https:\/\/noticiasmercedinas.com\/site\/wp-content\/uploads\/2025\/10\/IMG_1979.jpg","contentUrl":"https:\/\/noticiasmercedinas.com\/site\/wp-content\/uploads\/2025\/10\/IMG_1979.jpg","width":640,"height":421},{"@type":"BreadcrumbList","@id":"https:\/\/noticiasmercedinas.com\/site\/2025\/10\/19\/como-local-club-mercedes-apunta-a-meterse-en-la-semifinal\/#breadcrumb","itemListElement":[{"@type":"ListItem","position":1,"name":"Portada","item":"https:\/\/noticiasmercedinas.com\/site\/"},{"@type":"ListItem","position":2,"name":"Como local Club Mercedes apunta a meterse en la semifinal"}]},{"@type":"WebSite","@id":"https:\/\/noticiasmercedinas.com\/site\/#website","url":"https:\/\/noticiasmercedinas.com\/site\/","name":"NOTICIASMERCEDINAS.COM","description":"Mercedes, Buenos Aires, Argentina","publisher":{"@id":"https:\/\/noticiasmercedinas.com\/site\/#organization"},"potentialAction":[{"@type":"SearchAction","target":{"@type":"EntryPoint","urlTemplate":"https:\/\/noticiasmercedinas.com\/site\/?s={search_term_string}"},"query-input":{"@type":"PropertyValueSpecification","valueRequired":true,"valueName":"search_term_string"}}],"inLanguage":"es"},{"@type":"Organization","@id":"https:\/\/noticiasmercedinas.com\/site\/#organization","name":"NOTICIASMERCEDINAS.COM","url":"https:\/\/noticiasmercedinas.com\/site\/","logo":{"@type":"ImageObject","inLanguage":"es","@id":"https:\/\/noticiasmercedinas.com\/site\/#\/schema\/logo\/image\/","url":"https:\/\/noticiasmercedinas.com\/site\/wp-content\/uploads\/2020\/06\/LOGO-512.jpg","contentUrl":"https:\/\/noticiasmercedinas.com\/site\/wp-content\/uploads\/2020\/06\/LOGO-512.jpg","width":512,"height":512,"caption":"NOTICIASMERCEDINAS.COM"},"image":{"@id":"https:\/\/noticiasmercedinas.com\/site\/#\/schema\/logo\/image\/"},"sameAs":["https:\/\/www.facebook.com\/noticiasmercedinas\/","https:\/\/x.com\/notmercedinas","https:\/\/www.instagram.com\/noticiasmercedinas\/"]},{"@type":"Person","@id":"https:\/\/noticiasmercedinas.com\/site\/#\/schema\/person\/8f2f09d666ef40986eba4a5e6f2a06f9","name":"Juan Dagnino NOTICIASMERCEDINAS.COM","image":{"@type":"ImageObject","inLanguage":"es","@id":"https:\/\/secure.gravatar.com\/avatar\/fc7059a769f5a3cae65fadb228a3e4accf3a64b4b2305020d0a27e6d5333c91b?s=96&d=mm&r=g","url":"https:\/\/secure.gravatar.com\/avatar\/fc7059a769f5a3cae65fadb228a3e4accf3a64b4b2305020d0a27e6d5333c91b?s=96&d=mm&r=g","contentUrl":"https:\/\/secure.gravatar.com\/avatar\/fc7059a769f5a3cae65fadb228a3e4accf3a64b4b2305020d0a27e6d5333c91b?s=96&d=mm&r=g","caption":"Juan Dagnino NOTICIASMERCEDINAS.COM"},"url":"https:\/\/noticiasmercedinas.com\/site\/author\/juandagnino\/"}]}},"amp_enabled":true,"_links":{"self":[{"href":"https:\/\/noticiasmercedinas.com\/site\/wp-json\/wp\/v2\/posts\/172274","targetHints":{"allow":["GET"]}}],"collection":[{"href":"https:\/\/noticiasmercedinas.com\/site\/wp-json\/wp\/v2\/posts"}],"about":[{"href":"https:\/\/noticiasmercedinas.com\/site\/wp-json\/wp\/v2\/types\/post"}],"author":[{"embeddable":true,"href":"https:\/\/noticiasmercedinas.com\/site\/wp-json\/wp\/v2\/users\/6"}],"replies":[{"embeddable":true,"href":"https:\/\/noticiasmercedinas.com\/site\/wp-json\/wp\/v2\/comments?post=172274"}],"version-history":[{"count":1,"href":"https:\/\/noticiasmercedinas.com\/site\/wp-json\/wp\/v2\/posts\/172274\/revisions"}],"predecessor-version":[{"id":172276,"href":"https:\/\/noticiasmercedinas.com\/site\/wp-json\/wp\/v2\/posts\/172274\/revisions\/172276"}],"wp:featuredmedia":[{"embeddable":true,"href":"https:\/\/noticiasmercedinas.com\/site\/wp-json\/wp\/v2\/media\/172275"}],"wp:attachment":[{"href":"https:\/\/noticiasmercedinas.com\/site\/wp-json\/wp\/v2\/media?parent=172274"}],"wp:term":[{"taxonomy":"category","embeddable":true,"href":"https:\/\/noticiasmercedinas.com\/site\/wp-json\/wp\/v2\/categories?post=172274"},{"taxonomy":"post_tag","embeddable":true,"href":"https:\/\/noticiasmercedinas.com\/site\/wp-json\/wp\/v2\/tags?post=172274"}],"curies":[{"name":"wp","href":"https:\/\/api.w.org\/{rel}","templated":true}]}}